{"id":43,"count":33,"description":"<img class=\"alignright wp-image-987\" src=\"http:\/\/www.semen-l.org\/wp-content\/uploads\/2012\/10\/colloque-bordeaux-rhet-gd-212x300.jpg\" alt=\"\" width=\"109\" height=\"152\" \/>Notez que la Soci\u00e9t\u00e9 a consacr\u00e9 <a href=\"https:\/\/www.semen-l.org\/?p=118\">son troisi\u00e8me Congr\u00e8s<\/a> (en 2012) \u00e0 la notion de rh\u00e9torique en m\u00e9dio-latin et n\u00e9olatin et qu'elle en a tir\u00e9 un ouvrage intitul\u00e9 <a href=\"https:\/\/www.semen-l.org\/?page_id=1504#congres3\"><em>Rh\u00e9torique, po\u00e9tique et stylistique<\/em><\/a>, sous la direction d'Anne Bouscharain et Dani\u00e8le James-Raoul, publi\u00e9 aux Presses Universitaires de Bordeaux en 2014.\r\n<p style=\"text-align: center\"><strong>*<\/strong><\/p>","link":"https:\/\/www.semen-l.org\/?tag=rhetorique","name":"rh\u00e9torique","slug":"rhetorique","taxonomy":"post_tag","meta":[],"yoast_head":"<!-- This site is optimized with the Yoast SEO plugin v27.5 - https:\/\/yoast.com\/product\/yoast-seo-wordpress\/ -->\n<title>Archives des articles traitant de la rh\u00e9torique - Soci\u00e9t\u00e9 d&#039;\u00c9tudes M\u00e9dio Et N\u00e9o-Latines<\/title>\n<meta name=\"description\" content=\"Page listant les articles du site de la Soci\u00e9t\u00e9 d&#039;\u00c9tudes M\u00e9dio et N\u00e9o-Latines concernant la rh\u00e9torique en m\u00e9dio-latin et n\u00e9olatin.\" \/>\n<meta name=\"robots\" content=\"index, follow, max-snippet:-1, max-image-preview:large, max-video-preview:-1\" \/>\n<link rel=\"canonical\" href=\"http:\/\/www.semen-l.org\/?tag=rhetorique\" \/>\n<meta property=\"og:locale\" content=\"fr_FR\" \/>\n<meta property=\"og:type\" content=\"article\" \/>\n<meta property=\"og:title\" content=\"Archives des articles traitant de la rh\u00e9torique - Soci\u00e9t\u00e9 d&#039;\u00c9tudes M\u00e9dio Et N\u00e9o-Latines\" \/>\n<meta property=\"og:description\" content=\"Page listant les articles du site de la Soci\u00e9t\u00e9 d&#039;\u00c9tudes M\u00e9dio et N\u00e9o-Latines concernant la rh\u00e9torique en m\u00e9dio-latin et n\u00e9olatin.\" \/>\n<meta property=\"og:url\" content=\"http:\/\/www.semen-l.org\/?tag=rhetorique\" \/>\n<meta property=\"og:site_name\" content=\"Soci\u00e9t\u00e9 d&#039;\u00c9tudes M\u00e9dio Et N\u00e9o-Latines\" \/>\n<meta property=\"og:image\" content=\"http:\/\/www.semen-l.org\/wp-content\/uploads\/2012\/10\/colloque-bordeaux-rhet-gd-212x300.jpg\" \/>\n<meta name=\"twitter:card\" content=\"summary_large_image\" \/>\n<script type=\"application\/ld+json\" class=\"yoast-schema-graph\">{\"@context\":\"https:\\\/\\\/schema.org\",\"@graph\":[{\"@type\":\"CollectionPage\",\"@id\":\"http:\\\/\\\/www.semen-l.org\\\/?tag=rhetorique\",\"url\":\"http:\\\/\\\/www.semen-l.org\\\/?tag=rhetorique\",\"name\":\"Archives des articles traitant de la rh\u00e9torique - Soci\u00e9t\u00e9 d&#039;\u00c9tudes M\u00e9dio Et N\u00e9o-Latines\",\"isPartOf\":{\"@id\":\"http:\\\/\\\/www.semen-l.org\\\/#website\"},\"description\":\"Page listant les articles du site de la Soci\u00e9t\u00e9 d'\u00c9tudes M\u00e9dio et N\u00e9o-Latines concernant la rh\u00e9torique en m\u00e9dio-latin et n\u00e9olatin.\",\"breadcrumb\":{\"@id\":\"http:\\\/\\\/www.semen-l.org\\\/?tag=rhetorique#breadcrumb\"},\"inLanguage\":\"fr-FR\"},{\"@type\":\"BreadcrumbList\",\"@id\":\"http:\\\/\\\/www.semen-l.org\\\/?tag=rhetorique#breadcrumb\",\"itemListElement\":[{\"@type\":\"ListItem\",\"position\":1,\"name\":\"Accueil\",\"item\":\"http:\\\/\\\/www.semen-l.org\\\/\"},{\"@type\":\"ListItem\",\"position\":2,\"name\":\"rh\u00e9torique\"}]},{\"@type\":\"WebSite\",\"@id\":\"http:\\\/\\\/www.semen-l.org\\\/#website\",\"url\":\"http:\\\/\\\/www.semen-l.org\\\/\",\"name\":\"Soci\u00e9t\u00e9 d'\u00c9tudes M\u00e9dio Et N\u00e9o-Latines\",\"description\":\"\",\"publisher\":{\"@id\":\"http:\\\/\\\/www.semen-l.org\\\/#organization\"},\"potentialAction\":[{\"@type\":\"SearchAction\",\"target\":{\"@type\":\"EntryPoint\",\"urlTemplate\":\"http:\\\/\\\/www.semen-l.org\\\/?s={search_term_string}\"},\"query-input\":{\"@type\":\"PropertyValueSpecification\",\"valueRequired\":true,\"valueName\":\"search_term_string\"}}],\"inLanguage\":\"fr-FR\"},{\"@type\":\"Organization\",\"@id\":\"http:\\\/\\\/www.semen-l.org\\\/#organization\",\"name\":\"Soci\u00e9t\u00e9 d'\u00e9tudes m\u00e9dio et n\u00e9o-latines\",\"url\":\"http:\\\/\\\/www.semen-l.org\\\/\",\"logo\":{\"@type\":\"ImageObject\",\"inLanguage\":\"fr-FR\",\"@id\":\"http:\\\/\\\/www.semen-l.org\\\/#\\\/schema\\\/logo\\\/image\\\/\",\"url\":\"http:\\\/\\\/www.semen-l.org\\\/wp-content\\\/uploads\\\/2020\\\/11\\\/logo-semenl.jpg\",\"contentUrl\":\"http:\\\/\\\/www.semen-l.org\\\/wp-content\\\/uploads\\\/2020\\\/11\\\/logo-semenl.jpg\",\"width\":408,\"height\":403,\"caption\":\"Soci\u00e9t\u00e9 d'\u00e9tudes m\u00e9dio et n\u00e9o-latines\"},\"image\":{\"@id\":\"http:\\\/\\\/www.semen-l.org\\\/#\\\/schema\\\/logo\\\/image\\\/\"},\"sameAs\":[\"https:\\\/\\\/www.facebook.com\\\/SEMENL2018\",\"https:\\\/\\\/independent.academia.edu\\\/SocitsdtudesmdioetnolatinesSEMENL\"]}]}<\/script>\n<!-- \/ Yoast SEO plugin. -->","yoast_head_json":{"title":"Archives des articles traitant de la rh\u00e9torique - Soci\u00e9t\u00e9 d&#039;\u00c9tudes M\u00e9dio Et N\u00e9o-Latines","description":"Page listant les articles du site de la Soci\u00e9t\u00e9 d'\u00c9tudes M\u00e9dio et N\u00e9o-Latines concernant la rh\u00e9torique en m\u00e9dio-latin et n\u00e9olatin.","robots":{"index":"index","follow":"follow","max-snippet":"max-snippet:-1","max-image-preview":"max-image-preview:large","max-video-preview":"max-video-preview:-1"},"canonical":"http:\/\/www.semen-l.org\/?tag=rhetorique","og_locale":"fr_FR","og_type":"article","og_title":"Archives des articles traitant de la rh\u00e9torique - Soci\u00e9t\u00e9 d&#039;\u00c9tudes M\u00e9dio Et N\u00e9o-Latines","og_description":"Page listant les articles du site de la Soci\u00e9t\u00e9 d'\u00c9tudes M\u00e9dio et N\u00e9o-Latines concernant la rh\u00e9torique en m\u00e9dio-latin et n\u00e9olatin.","og_url":"http:\/\/www.semen-l.org\/?tag=rhetorique","og_site_name":"Soci\u00e9t\u00e9 d&#039;\u00c9tudes M\u00e9dio Et N\u00e9o-Latines","og_image":[{"url":"http:\/\/www.semen-l.org\/wp-content\/uploads\/2012\/10\/colloque-bordeaux-rhet-gd-212x300.jpg","type":"","width":"","height":""}],"twitter_card":"summary_large_image","schema":{"@context":"https:\/\/schema.org","@graph":[{"@type":"CollectionPage","@id":"http:\/\/www.semen-l.org\/?tag=rhetorique","url":"http:\/\/www.semen-l.org\/?tag=rhetorique","name":"Archives des articles traitant de la rh\u00e9torique - Soci\u00e9t\u00e9 d&#039;\u00c9tudes M\u00e9dio Et N\u00e9o-Latines","isPartOf":{"@id":"http:\/\/www.semen-l.org\/#website"},"description":"Page listant les articles du site de la Soci\u00e9t\u00e9 d'\u00c9tudes M\u00e9dio et N\u00e9o-Latines concernant la rh\u00e9torique en m\u00e9dio-latin et n\u00e9olatin.","breadcrumb":{"@id":"http:\/\/www.semen-l.org\/?tag=rhetorique#breadcrumb"},"inLanguage":"fr-FR"},{"@type":"BreadcrumbList","@id":"http:\/\/www.semen-l.org\/?tag=rhetorique#breadcrumb","itemListElement":[{"@type":"ListItem","position":1,"name":"Accueil","item":"http:\/\/www.semen-l.org\/"},{"@type":"ListItem","position":2,"name":"rh\u00e9torique"}]},{"@type":"WebSite","@id":"http:\/\/www.semen-l.org\/#website","url":"http:\/\/www.semen-l.org\/","name":"Soci\u00e9t\u00e9 d'\u00c9tudes M\u00e9dio Et N\u00e9o-Latines","description":"","publisher":{"@id":"http:\/\/www.semen-l.org\/#organization"},"potentialAction":[{"@type":"SearchAction","target":{"@type":"EntryPoint","urlTemplate":"http:\/\/www.semen-l.org\/?s={search_term_string}"},"query-input":{"@type":"PropertyValueSpecification","valueRequired":true,"valueName":"search_term_string"}}],"inLanguage":"fr-FR"},{"@type":"Organization","@id":"http:\/\/www.semen-l.org\/#organization","name":"Soci\u00e9t\u00e9 d'\u00e9tudes m\u00e9dio et n\u00e9o-latines","url":"http:\/\/www.semen-l.org\/","logo":{"@type":"ImageObject","inLanguage":"fr-FR","@id":"http:\/\/www.semen-l.org\/#\/schema\/logo\/image\/","url":"http:\/\/www.semen-l.org\/wp-content\/uploads\/2020\/11\/logo-semenl.jpg","contentUrl":"http:\/\/www.semen-l.org\/wp-content\/uploads\/2020\/11\/logo-semenl.jpg","width":408,"height":403,"caption":"Soci\u00e9t\u00e9 d'\u00e9tudes m\u00e9dio et n\u00e9o-latines"},"image":{"@id":"http:\/\/www.semen-l.org\/#\/schema\/logo\/image\/"},"sameAs":["https:\/\/www.facebook.com\/SEMENL2018","https:\/\/independent.academia.edu\/SocitsdtudesmdioetnolatinesSEMENL"]}]}},"_links":{"self":[{"href":"https:\/\/www.semen-l.org\/index.php?rest_route=\/wp\/v2\/tags\/43","targetHints":{"allow":["GET"]}}],"collection":[{"href":"https:\/\/www.semen-l.org\/index.php?rest_route=\/wp\/v2\/tags"}],"about":[{"href":"https:\/\/www.semen-l.org\/index.php?rest_route=\/wp\/v2\/taxonomies\/post_tag"}],"wp:post_type":[{"href":"https:\/\/www.semen-l.org\/index.php?rest_route=%2Fwp%2Fv2%2Fposts&tags=43"},{"href":"https:\/\/www.semen-l.org\/index.php?rest_route=%2Fwp%2Fv2%2Ftribe_events&tags=43"},{"href":"https:\/\/www.semen-l.org\/index.php?rest_route=%2Fwp%2Fv2%2Ftec_calendar_embed&tags=43"}],"curies":[{"name":"wp","href":"https:\/\/api.w.org\/{rel}","templated":true}]}}