{"id":2233,"count":2,"description":"Les <em>Ad Senecae Medeam commentarii<\/em> sont des commentaires et notes du philologue j\u00e9suite allemand Matth\u00e4us Rader (1561-1634) \u00e0 propos de la trag\u00e9die <em>M\u00e9d\u00e9e<\/em> de S\u00e9n\u00e8que.\r\nLes paratextes de cette \u0153uvre sont l'objet depuis 2022 d'un projet de th\u00e8se d'Ys\u00e9 Avocat dirig\u00e9 par Pascale Par\u00e9-Rey : <a href=\"https:\/\/theses.fr\/s359570\"><em>\u00c9tude des paratextes de Ad Senecae Medeam Commentarii de M. Raderus<\/em><\/a>\u00a0(https:\/\/theses.fr\/s359570).\r\n<p style=\"text-align: center\"><strong>*<\/strong><\/p>","link":"https:\/\/www.semen-l.org\/?tag=ad-senecae-medeam-commentarii-raderus","name":"Ad Senecae Medeam commentarii (Raderus)","slug":"ad-senecae-medeam-commentarii-raderus","taxonomy":"post_tag","meta":[],"yoast_head":"<!-- This site is optimized with the Yoast SEO plugin v27.5 - https:\/\/yoast.com\/product\/yoast-seo-wordpress\/ -->\n<title>Archives des Ad Senecae Medeam commentarii (Raderus) - Soci\u00e9t\u00e9 d&#039;\u00c9tudes M\u00e9dio Et N\u00e9o-Latines<\/title>\n<meta name=\"description\" content=\"Cet ouvrage comprend des commentaires et notes du philologue j\u00e9suite allemand Matth\u00e4us Rader (1561-1634) \u00e0 propos de la trag\u00e9die M\u00e9d\u00e9e de S\u00e9n\u00e8que.\" \/>\n<meta name=\"robots\" content=\"noindex, follow\" \/>\n<meta property=\"og:locale\" content=\"fr_FR\" \/>\n<meta property=\"og:type\" content=\"article\" \/>\n<meta property=\"og:title\" content=\"Archives des Ad Senecae Medeam commentarii (Raderus) - Soci\u00e9t\u00e9 d&#039;\u00c9tudes M\u00e9dio Et N\u00e9o-Latines\" \/>\n<meta property=\"og:description\" content=\"Cet ouvrage comprend des commentaires et notes du philologue j\u00e9suite allemand Matth\u00e4us Rader (1561-1634) \u00e0 propos de la trag\u00e9die M\u00e9d\u00e9e de S\u00e9n\u00e8que.\" \/>\n<meta property=\"og:url\" content=\"http:\/\/www.semen-l.org\/?tag=ad-senecae-medeam-commentarii-raderus\" \/>\n<meta property=\"og:site_name\" content=\"Soci\u00e9t\u00e9 d&#039;\u00c9tudes M\u00e9dio Et N\u00e9o-Latines\" \/>\n<meta name=\"twitter:card\" content=\"summary_large_image\" \/>\n<script type=\"application\/ld+json\" class=\"yoast-schema-graph\">{\"@context\":\"https:\\\/\\\/schema.org\",\"@graph\":[{\"@type\":\"CollectionPage\",\"@id\":\"http:\\\/\\\/www.semen-l.org\\\/?tag=ad-senecae-medeam-commentarii-raderus\",\"url\":\"http:\\\/\\\/www.semen-l.org\\\/?tag=ad-senecae-medeam-commentarii-raderus\",\"name\":\"Archives des Ad Senecae Medeam commentarii (Raderus) - Soci\u00e9t\u00e9 d&#039;\u00c9tudes M\u00e9dio Et N\u00e9o-Latines\",\"isPartOf\":{\"@id\":\"http:\\\/\\\/www.semen-l.org\\\/#website\"},\"description\":\"Cet ouvrage comprend des commentaires et notes du philologue j\u00e9suite allemand Matth\u00e4us Rader (1561-1634) \u00e0 propos de la trag\u00e9die M\u00e9d\u00e9e de S\u00e9n\u00e8que.\",\"breadcrumb\":{\"@id\":\"http:\\\/\\\/www.semen-l.org\\\/?tag=ad-senecae-medeam-commentarii-raderus#breadcrumb\"},\"inLanguage\":\"fr-FR\"},{\"@type\":\"BreadcrumbList\",\"@id\":\"http:\\\/\\\/www.semen-l.org\\\/?tag=ad-senecae-medeam-commentarii-raderus#breadcrumb\",\"itemListElement\":[{\"@type\":\"ListItem\",\"position\":1,\"name\":\"Accueil\",\"item\":\"http:\\\/\\\/www.semen-l.org\\\/\"},{\"@type\":\"ListItem\",\"position\":2,\"name\":\"Ad Senecae Medeam commentarii (Raderus)\"}]},{\"@type\":\"WebSite\",\"@id\":\"http:\\\/\\\/www.semen-l.org\\\/#website\",\"url\":\"http:\\\/\\\/www.semen-l.org\\\/\",\"name\":\"Soci\u00e9t\u00e9 d'\u00c9tudes M\u00e9dio Et N\u00e9o-Latines\",\"description\":\"\",\"publisher\":{\"@id\":\"http:\\\/\\\/www.semen-l.org\\\/#organization\"},\"potentialAction\":[{\"@type\":\"SearchAction\",\"target\":{\"@type\":\"EntryPoint\",\"urlTemplate\":\"http:\\\/\\\/www.semen-l.org\\\/?s={search_term_string}\"},\"query-input\":{\"@type\":\"PropertyValueSpecification\",\"valueRequired\":true,\"valueName\":\"search_term_string\"}}],\"inLanguage\":\"fr-FR\"},{\"@type\":\"Organization\",\"@id\":\"http:\\\/\\\/www.semen-l.org\\\/#organization\",\"name\":\"Soci\u00e9t\u00e9 d'\u00e9tudes m\u00e9dio et n\u00e9o-latines\",\"url\":\"http:\\\/\\\/www.semen-l.org\\\/\",\"logo\":{\"@type\":\"ImageObject\",\"inLanguage\":\"fr-FR\",\"@id\":\"http:\\\/\\\/www.semen-l.org\\\/#\\\/schema\\\/logo\\\/image\\\/\",\"url\":\"http:\\\/\\\/www.semen-l.org\\\/wp-content\\\/uploads\\\/2020\\\/11\\\/logo-semenl.jpg\",\"contentUrl\":\"http:\\\/\\\/www.semen-l.org\\\/wp-content\\\/uploads\\\/2020\\\/11\\\/logo-semenl.jpg\",\"width\":408,\"height\":403,\"caption\":\"Soci\u00e9t\u00e9 d'\u00e9tudes m\u00e9dio et n\u00e9o-latines\"},\"image\":{\"@id\":\"http:\\\/\\\/www.semen-l.org\\\/#\\\/schema\\\/logo\\\/image\\\/\"},\"sameAs\":[\"https:\\\/\\\/www.facebook.com\\\/SEMENL2018\",\"https:\\\/\\\/independent.academia.edu\\\/SocitsdtudesmdioetnolatinesSEMENL\"]}]}<\/script>\n<!-- \/ Yoast SEO plugin. -->","yoast_head_json":{"title":"Archives des Ad Senecae Medeam commentarii (Raderus) - Soci\u00e9t\u00e9 d&#039;\u00c9tudes M\u00e9dio Et N\u00e9o-Latines","description":"Cet ouvrage comprend des commentaires et notes du philologue j\u00e9suite allemand Matth\u00e4us Rader (1561-1634) \u00e0 propos de la trag\u00e9die M\u00e9d\u00e9e de S\u00e9n\u00e8que.","robots":{"index":"noindex","follow":"follow"},"og_locale":"fr_FR","og_type":"article","og_title":"Archives des Ad Senecae Medeam commentarii (Raderus) - Soci\u00e9t\u00e9 d&#039;\u00c9tudes M\u00e9dio Et N\u00e9o-Latines","og_description":"Cet ouvrage comprend des commentaires et notes du philologue j\u00e9suite allemand Matth\u00e4us Rader (1561-1634) \u00e0 propos de la trag\u00e9die M\u00e9d\u00e9e de S\u00e9n\u00e8que.","og_url":"http:\/\/www.semen-l.org\/?tag=ad-senecae-medeam-commentarii-raderus","og_site_name":"Soci\u00e9t\u00e9 d&#039;\u00c9tudes M\u00e9dio Et N\u00e9o-Latines","twitter_card":"summary_large_image","schema":{"@context":"https:\/\/schema.org","@graph":[{"@type":"CollectionPage","@id":"http:\/\/www.semen-l.org\/?tag=ad-senecae-medeam-commentarii-raderus","url":"http:\/\/www.semen-l.org\/?tag=ad-senecae-medeam-commentarii-raderus","name":"Archives des Ad Senecae Medeam commentarii (Raderus) - Soci\u00e9t\u00e9 d&#039;\u00c9tudes M\u00e9dio Et N\u00e9o-Latines","isPartOf":{"@id":"http:\/\/www.semen-l.org\/#website"},"description":"Cet ouvrage comprend des commentaires et notes du philologue j\u00e9suite allemand Matth\u00e4us Rader (1561-1634) \u00e0 propos de la trag\u00e9die M\u00e9d\u00e9e de S\u00e9n\u00e8que.","breadcrumb":{"@id":"http:\/\/www.semen-l.org\/?tag=ad-senecae-medeam-commentarii-raderus#breadcrumb"},"inLanguage":"fr-FR"},{"@type":"BreadcrumbList","@id":"http:\/\/www.semen-l.org\/?tag=ad-senecae-medeam-commentarii-raderus#breadcrumb","itemListElement":[{"@type":"ListItem","position":1,"name":"Accueil","item":"http:\/\/www.semen-l.org\/"},{"@type":"ListItem","position":2,"name":"Ad Senecae Medeam commentarii (Raderus)"}]},{"@type":"WebSite","@id":"http:\/\/www.semen-l.org\/#website","url":"http:\/\/www.semen-l.org\/","name":"Soci\u00e9t\u00e9 d'\u00c9tudes M\u00e9dio Et N\u00e9o-Latines","description":"","publisher":{"@id":"http:\/\/www.semen-l.org\/#organization"},"potentialAction":[{"@type":"SearchAction","target":{"@type":"EntryPoint","urlTemplate":"http:\/\/www.semen-l.org\/?s={search_term_string}"},"query-input":{"@type":"PropertyValueSpecification","valueRequired":true,"valueName":"search_term_string"}}],"inLanguage":"fr-FR"},{"@type":"Organization","@id":"http:\/\/www.semen-l.org\/#organization","name":"Soci\u00e9t\u00e9 d'\u00e9tudes m\u00e9dio et n\u00e9o-latines","url":"http:\/\/www.semen-l.org\/","logo":{"@type":"ImageObject","inLanguage":"fr-FR","@id":"http:\/\/www.semen-l.org\/#\/schema\/logo\/image\/","url":"http:\/\/www.semen-l.org\/wp-content\/uploads\/2020\/11\/logo-semenl.jpg","contentUrl":"http:\/\/www.semen-l.org\/wp-content\/uploads\/2020\/11\/logo-semenl.jpg","width":408,"height":403,"caption":"Soci\u00e9t\u00e9 d'\u00e9tudes m\u00e9dio et n\u00e9o-latines"},"image":{"@id":"http:\/\/www.semen-l.org\/#\/schema\/logo\/image\/"},"sameAs":["https:\/\/www.facebook.com\/SEMENL2018","https:\/\/independent.academia.edu\/SocitsdtudesmdioetnolatinesSEMENL"]}]}},"_links":{"self":[{"href":"https:\/\/www.semen-l.org\/index.php?rest_route=\/wp\/v2\/tags\/2233","targetHints":{"allow":["GET"]}}],"collection":[{"href":"https:\/\/www.semen-l.org\/index.php?rest_route=\/wp\/v2\/tags"}],"about":[{"href":"https:\/\/www.semen-l.org\/index.php?rest_route=\/wp\/v2\/taxonomies\/post_tag"}],"wp:post_type":[{"href":"https:\/\/www.semen-l.org\/index.php?rest_route=%2Fwp%2Fv2%2Fposts&tags=2233"},{"href":"https:\/\/www.semen-l.org\/index.php?rest_route=%2Fwp%2Fv2%2Ftribe_events&tags=2233"},{"href":"https:\/\/www.semen-l.org\/index.php?rest_route=%2Fwp%2Fv2%2Ftec_calendar_embed&tags=2233"}],"curies":[{"name":"wp","href":"https:\/\/api.w.org\/{rel}","templated":true}]}}