{"id":569,"date":"2020-11-05T08:57:03","date_gmt":"2020-11-05T08:57:03","guid":{"rendered":"http:\/\/www.semen-l.org\/?p=569"},"modified":"2020-11-23T21:17:07","modified_gmt":"2020-11-23T21:17:07","slug":"publications-recentes-octobre-2020","status":"publish","type":"post","link":"https:\/\/www.semen-l.org\/?p=569","title":{"rendered":"Publications r\u00e9centes (octobre 2020)"},"content":{"rendered":"<p>Pour acc\u00e9der \u00e0 une bibliographie indicative des ouvrages parus au cours de l&rsquo;ann\u00e9e universitaire 2019-2020 dans les domaines m\u00e9dio- et n\u00e9o-latins, veuillez cliquer sur le lien suivant : <a href=\"http:\/\/www.semen-l.org\/wp-content\/uploads\/2020\/11\/Publications-r\u00e9centes-octobre-2020.pdf\">Publications r\u00e9centes (octobre 2020)<\/a>.<\/p>\n<a href=\"https:\/\/www.semen-l.org\/wp-content\/uploads\/2020\/11\/Publications-r\u00e9centes-octobre-2020.pdf\" class=\"pdfemb-viewer\" style=\"\" data-width=\"max\" data-height=\"max\" data-toolbar=\"both\" data-toolbar-fixed=\"off\">Publications r\u00e9centes (octobre 2020)<\/a>\n","protected":false},"excerpt":{"rendered":"<p>Bibliographie t\u00e9l\u00e9chargeable des parutions r\u00e9centes (2020) dans le domaine du m\u00e9dio- et du n\u00e9o-latin, par la SEMEN-L (textes, \u00e9tudes, revues, instrumenta). <a href=\"https:\/\/www.semen-l.org\/?p=569\">Continuer la lecture <span class=\"meta-nav\">&rarr;<\/span><\/a><\/p>\n","protected":false},"author":24,"featured_media":837,"comment_status":"open","ping_status":"open","sticky":false,"template":"","format":"standard","meta":{"footnotes":""},"categories":[7],"tags":[1052,913,910,911,928,1059,38,318,935,1047,1038,991,399,990,907,909,956,1035,939,918,920,962,1044,970,1058,967,930,931,995,933,934,936,968,901,1018,944,1009,908,83,999,1023,958,1026,940,937,941,1046,942,989,1015,983,904,996,1029,945,919,1025,972,932,946,1057,993,457,947,925,951,986,1010,949,964,973,1001,965,924,31,1008,1017,921,1027,1060,1051,953,1041,1021,955,1045,1024,1050,957,959,961,979,564,923,969,1036,966,1037,916,912,971,325,952,1053,974,1030,950,1056,926,984,960,1011,915,860,976,977,905,954,978,988,1048,938,975,1032,1049,997,981,1034,146,985,599,1061,762,839,987,906,30,36,1054,1031,1020,903,929,992,1006,994,1039,1055,998,1000,1002,1019,943,948,922,1005,1016,1007,1040,1013,404,1014,1033,1042,927,917,114,1003,1022,1028,980,1012,963,902,1043],"class_list":["post-569","post","type-post","status-publish","format-standard","has-post-thumbnail","hentry","category-publications","tag-achard-de-saint-victor","tag-ad-antonium-vonicam-tarvisinum","tag-ad-marsilium-ficinum-florentinum-in-livorem","tag-ad-vincentium-quirinum-p-v-vellus-aureum","tag-additio-islamica-ad-epistolam-samuelis","tag-ademar-de-chabannes","tag-leon-battista-alberti","tag-alcuin","tag-annotationes-in-pauli-epistulam-ad-romanos-ex-cap-ix","tag-anthropologie","tag-anulus-seu-dialogus-de-sacramentis-fidei","tag-apulee-pseudo","tag-arena-antonius","tag-asclepius-pseudo-apulee","tag-atton-de-verceil","tag-augurelli-giovanni-aurelio","tag-auriacus-siue-libertas-saucia-orange-ou-la-liberte-blessee","tag-bartholomeus-de-ebraco","tag-baudoin-jean","tag-bernon-de-reichenau","tag-bodin-jean","tag-bonae-ualetudinis-conservandae-rationes-aliquot","tag-boniface","tag-la-bouquechardiere","tag-boutet-dominique","tag-bucolicorum-idyllia-xvii","tag-buenhombre-alfonso","tag-cardan-jerome","tag-carmina-jean-scot-origene","tag-cartulaire-de-labbaye-de-saint-pierremont-1095-1297-bnf-nal-1608","tag-cartulaires-du-prieure-fontevriste-de-montazais-xiie-et-xvie-siecles","tag-castellion-sebastien","tag-centheologicon","tag-charles-v","tag-chiromancie","tag-chromace-daquilee","tag-chronicon-dithmar","tag-chrysopoeia-giovanni-aurelio-augurelli","tag-ciceron","tag-collectaneum-miscellaneum-supplementum-auctum","tag-commentaire-aux-sentences","tag-commentarii-in-prophetas-minores-e-schola-autissiodorensi","tag-compendiosa-expositio","tag-conti-natale","tag-contra-libellum-calvini-sebastien-castellion","tag-coryciana","tag-coulson-frank-t","tag-couronnement-de-louis-le","tag-de-bello-neapolitano","tag-de-commodis-litterarum-atque-incommodis","tag-de-corpore-et-sanguine-domini-sur-le-corps-et-le-sang-du-seigneur","tag-de-familia-leon-battista-alberti","tag-de-imagine-jean-scot-origene","tag-de-quelques-hommes-illustres-chez-les-arabes-et-les-hebreux","tag-de-re-publica-libri-iv-uberto-decembrio","tag-de-republica-libri-sex-jean-bodin","tag-de-sancto-et-immortali-deo-ugo-eteriano","tag-de-triumphis-ecclesie-jean-de-garlande","tag-de-vita-propria-le-livre-de-ma-vie","tag-decembrio-uberto","tag-demosthene","tag-descendentia-regum-sicilie","tag-dialogues-pontano","tag-dictionnaire-aalma","tag-disputatio-abutalib","tag-dissertation-sur-la-latinite-de-plaute","tag-distinctiones-abel","tag-dithmar","tag-durastante-giano-matteo","tag-elegiae-tres-eoban-hesse","tag-elegiarum-libri-quattuor-jan-kochanowski","tag-elucidatio-tragoediarum-senecae","tag-eoban-hesse","tag-epistola-samuelis","tag-erasme","tag-ethique-a-nicomaque","tag-excerptiones-super-priscianum","tag-explicatio-triginta-sigillorum","tag-fragmenta-graeca-ugo-eteriano","tag-galien","tag-geoffroy-de-monmouth","tag-gerson-jean","tag-giovanni-di-wurzburg","tag-glose-sur-lapocalypse-de-cambridge-ddx16","tag-godefroy-de-saint-victor","tag-guillaume-de-moerbeke","tag-guillaume-durand-de-saint-pourcain","tag-hagiographie","tag-heinsius-daniel","tag-heiric-dauxerre","tag-heriman-de-tournai","tag-hesiodi-ascraei-opera-et-dies","tag-heymeric-de-campo","tag-historia-ioseph","tag-homiliaria-beneventana","tag-iacobus-de-clavaro","tag-in-hypocrisim-vestitus-monastici-","tag-insolubilia-pierre-dailly","tag-introductiones-prosaici-dictaminis","tag-ioannis-aurelii-augurelli-chrysopoeia-ad-leonem-x-pontificem-maximum","tag-jean-de-courcy","tag-jean-de-garlande","tag-josephina-lepopee-de-saint-joseph","tag-jouvenel-des-ursins-jean","tag-kochanowski-jan","tag-leon-lafricain","tag-la-latinite-injustement-soupconnee","tag-latomus-barthelemy","tag-legenda-sancti-antonii-alfonso-buenhombre","tag-libellus-de-descriptione-hibernie","tag-liber-de-restauratione-monasterii-sancti-martini-tornacensis-la-restauration-du-monastere-saint-martin-de-tournai","tag-leternite-du-monde-thomas-daquin","tag-maitre-bernard","tag-maitre-eckhart","tag-malvezzi-troilo","tag-medicina-plinii","tag-meygra-entrepriza","tag-microcosmus-le-microcosme","tag-miracula-sancti-benedicti-les-miracles-de-saint-benoit","tag-miscellanea-ange-politien","tag-muret-marc-antoine","tag-mythologie-de-natale-conti-editee-par-jean-baudoin-la","tag-opusculum-comicum-troilo-malvezzi","tag-oresme-nicole","tag-origene","tag-origene-jean-scot","tag-paschase-radbert","tag-petrus-de-pulka","tag-philelphe-francois","tag-philippe-de-slane","tag-pierre-abelard","tag-pierre-ceffons","tag-olivi-pierre-de-jean","tag-pierre-dailly","tag-pierre-le-chantre","tag-polipticum-quod-appellatur-perpendiculum","tag-ange-politien","tag-giovanni-pontano","tag-progymnasmata","tag-questions-sur-la-foi-olivi","tag-raoul-ardent","tag-rategno-bernard","tag-respuesta-catalana-de-isaac","tag-romulus-de-nilant-le","tag-rose-jean","tag-rossell-pau","tag-rupert-de-deutz","tag-sandaeus-maximilianus","tag-scriptores-muzarabici-saeculi-viii-x","tag-sedulius","tag-segarelli-giovanni","tag-sermones-raoul-ardent","tag-sermoni-chromace-daquilee","tag-si-les-demons-existent-et-sils-sont-la-cause-des-maladies","tag-sigillus-sigillorum-sceau-des-sceaux","tag-abel-souris","tag-speculum-universale-pierre-abelard","tag-summa-alexandrinorum","tag-saewulf","tag-thomae-eboracensis-sapientiale","tag-thomas-daquin","tag-thomas-de-york","tag-tractatus-contra-articulos-hussitarum","tag-tractatus-contra-graecos","tag-tractatus-contra-malos-medicos-alfonso-buenhombre","tag-tractatus-liturgici","tag-tragedie","tag-tragedies-latines-composees-au-college-de-navarre-paris","tag-traite-des-songes-jerome-cardan","tag-ugo-eteriano","tag-nicolaus-de-valle","tag-vaticanus-latinus-1479","tag-venus-triumphans-eoban-hesse","tag-visconti-girolamo","tag-vita-et-miracula-rosae-de-viterbio"],"yoast_head":"<!-- This site is optimized with the Yoast SEO plugin v27.5 - https:\/\/yoast.com\/product\/yoast-seo-wordpress\/ -->\n<title>Publications r\u00e9centes (octobre 2020) latin m\u00e9d\u00e9vial et n\u00e9o-latin - SEMEN-L<\/title>\n<meta name=\"description\" content=\"Bibliographie t\u00e9l\u00e9chargeable des parutions r\u00e9centes (2020) dans le domaine du m\u00e9dio- et du n\u00e9o-latin, par la SEMEN-L (textes, revues, \u00e9tudes).\" \/>\n<meta name=\"robots\" content=\"index, follow, max-snippet:-1, max-image-preview:large, max-video-preview:-1\" \/>\n<link rel=\"canonical\" href=\"https:\/\/www.semen-l.org\/?p=569\" \/>\n<meta property=\"og:locale\" content=\"fr_FR\" \/>\n<meta property=\"og:type\" content=\"article\" \/>\n<meta property=\"og:title\" content=\"Publications r\u00e9centes (octobre 2020) latin m\u00e9d\u00e9vial et n\u00e9o-latin - SEMEN-L\" \/>\n<meta property=\"og:description\" content=\"Bibliographie t\u00e9l\u00e9chargeable des parutions r\u00e9centes (2020) dans le domaine du m\u00e9dio- et du n\u00e9o-latin, par la SEMEN-L (textes, revues, \u00e9tudes).\" \/>\n<meta property=\"og:url\" content=\"https:\/\/www.semen-l.org\/?p=569\" \/>\n<meta property=\"og:site_name\" content=\"Soci\u00e9t\u00e9 d&#039;\u00c9tudes M\u00e9dio Et N\u00e9o-Latines\" \/>\n<meta property=\"article:publisher\" content=\"https:\/\/www.facebook.com\/SEMENL2018\" \/>\n<meta property=\"article:published_time\" content=\"2020-11-05T08:57:03+00:00\" \/>\n<meta property=\"article:modified_time\" content=\"2020-11-23T21:17:07+00:00\" \/>\n<meta property=\"og:image\" content=\"https:\/\/www.semen-l.org\/wp-content\/uploads\/2020\/11\/ciceron-livre.jpg\" \/>\n\t<meta property=\"og:image:width\" content=\"200\" \/>\n\t<meta property=\"og:image:height\" content=\"200\" \/>\n\t<meta property=\"og:image:type\" content=\"image\/jpeg\" \/>\n<meta name=\"author\" content=\"Thomas Penguilly\" \/>\n<meta name=\"twitter:card\" content=\"summary_large_image\" \/>\n<meta name=\"twitter:label1\" content=\"\u00c9crit par\" \/>\n\t<meta name=\"twitter:data1\" content=\"Thomas Penguilly\" \/>\n<script type=\"application\/ld+json\" class=\"yoast-schema-graph\">{\"@context\":\"https:\\\/\\\/schema.org\",\"@graph\":[{\"@type\":\"Article\",\"@id\":\"https:\\\/\\\/www.semen-l.org\\\/?p=569#article\",\"isPartOf\":{\"@id\":\"https:\\\/\\\/www.semen-l.org\\\/?p=569\"},\"author\":{\"name\":\"Thomas Penguilly\",\"@id\":\"http:\\\/\\\/www.semen-l.org\\\/#\\\/schema\\\/person\\\/3d0af82116ae10be9dae79c17e01be5a\"},\"headline\":\"Publications r\u00e9centes (octobre 2020)\",\"datePublished\":\"2020-11-05T08:57:03+00:00\",\"dateModified\":\"2020-11-23T21:17:07+00:00\",\"mainEntityOfPage\":{\"@id\":\"https:\\\/\\\/www.semen-l.org\\\/?p=569\"},\"wordCount\":55,\"commentCount\":0,\"publisher\":{\"@id\":\"http:\\\/\\\/www.semen-l.org\\\/#organization\"},\"image\":{\"@id\":\"https:\\\/\\\/www.semen-l.org\\\/?p=569#primaryimage\"},\"thumbnailUrl\":\"https:\\\/\\\/www.semen-l.org\\\/wp-content\\\/uploads\\\/2020\\\/11\\\/ciceron-livre.jpg\",\"keywords\":[\"Achard de Saint-Victor\",\"Ad Antonium Vonicam Tarvisinum\",\"Ad Marsilium Ficinum Florentinum in Livorem\",\"Ad Vincentium Quirinum P.V. Vellus Aureum\",\"Additio islamica ad Epistolam Samuelis\",\"Ad\u00e9mar de Chabannes\",\"Alberti (Leon Battista)\",\"Alcuin\",\"Annotationes in Pauli Epistulam ad Romanos ex cap. IX\",\"anthropologie\",\"Anulus seu dialogus de sacramentis fidei\",\"Apul\u00e9e (Pseudo)\",\"Arena (Antonius)\",\"Asclepius (Pseudo-Apul\u00e9e)\",\"Atton de Verceil\",\"Augurelli (Giovanni Aurelio)\",\"Auriacus siue Libertas saucia (Orange ou la Libert\u00e9 bless\u00e9e)\",\"Bartholomeus de Ebraco\",\"Baudoin (Jean)\",\"Bernon de Reichenau\",\"Bodin (Jean)\",\"Bonae ualetudinis conservandae rationes aliquot\",\"Boniface\",\"Bouquechardi\u00e8re (La)\",\"Boutet (Dominique)\",\"Bucolicorum idyllia XVII\",\"Buenhombre (Alfonso)\",\"Cardan (J\u00e9r\u00f4me)\",\"Carmina (Jean Scot Orig\u00e8ne)\",\"Cartulaire de l\u2019abbaye de Saint-Pierremont (1095-1297) BNF NAL 1608\",\"Cartulaires du prieur\u00e9 fontevriste de Montazais (XIIe et XVIe si\u00e8cles)\",\"Castellion (S\u00e9bastien)\",\"Centheologicon\",\"Charles V\",\"chiromancie\",\"Chromace d'Aquil\u00e9e\",\"Chronicon (Dithmar)\",\"Chrysopoeia (Giovanni Aurelio Augurelli)\",\"Cic\u00e9ron\",\"Collectaneum Miscellaneum. Supplementum auctum\",\"Commentaire aux Sentences\",\"Commentarii in prophetas minores e schola Autissiodorensi\",\"Compendiosa Expositio\",\"Conti (Natale)\",\"Contra libellum Calvini (S\u00e9bastien Castellion)\",\"Coryciana\",\"Coulson (Frank T.)\",\"Couronnement de Louis (Le)\",\"De bello Neapolitano (Giovanni Pontano)\",\"De commodis litterarum atque incommodis (Leon Battista Alberti)\",\"De corpore et sanguine Domini (Sur le corps et le sang du Seigneur)\",\"De familia (Leon Battista Alberti)\",\"De imagine (Jean Scot Orig\u00e8ne)\",\"De quelques hommes illustres chez les Arabes et les H\u00e9breux\",\"De re publica libri IV (Uberto Decembrio)\",\"De Republica libri sex (Jean Bodin)\",\"De sancto et immortali Deo (Ugo Eteriano)\",\"De triumphis Ecclesie (Jean de Garlande)\",\"De Vita propria (Le livre de ma vie)\",\"Decembrio (Uberto)\",\"D\u00e9mosth\u00e8ne\",\"Descendentia regum Sicilie\",\"Dialogues (Pontano)\",\"Dictionnaire Aalma\",\"Disputatio Abutalib\",\"Dissertation sur la latinit\u00e9 de Plaute\",\"Distinctiones Abel\",\"Dithmar\",\"Durastante (Giano Matteo)\",\"Elegiae tres (Eoban Hesse)\",\"Elegiarum Libri Quattuor (Jan Kochanowski)\",\"Elucidatio tragoediarum Senecae\",\"Eoban (Hesse)\",\"Epistola Samuelis\",\"\u00c9rasme\",\"\u00c9thique \u00e0 Nicomaque\",\"Excerptiones super Priscianum\",\"Explicatio triginta sigillorum\",\"Fragmenta Graeca (Ugo Eteriano)\",\"Galien\",\"Geoffroy de Monmouth\",\"Gerson (Jean)\",\"Giovanni di W\u00fcrzburg\",\"Glose sur l'Apocalypse de Cambridge (DdX16)\",\"Godefroy de Saint-Victor\",\"Guillaume de Moerbeke\",\"Guillaume Durand de Saint-Pour\u00e7ain\",\"hagiographie\",\"Heinsius (Daniel)\",\"Heiric d'Auxerre\",\"H\u00e9riman de Tournai\",\"Hesiodi Ascr\u00e6i Opera et dies\",\"Heymeric de Campo\",\"Historia Ioseph\",\"Homiliaria Beneventana\",\"Iacobus de Clavaro\",\"In hypocrisim vestitus monastici \u1f10\u03ba\u03c6\u1f7d\u03bd\u03b7\u03c3\u03b9\u03c2\",\"Insolubilia (Pierre d'Ailly)\",\"Introductiones prosaici dictaminis\",\"Ioannis Aurelii Augurelli Chrysopoeia Ad Leonem X Pontificem Maximum\",\"Jean de Courcy\",\"Jean de Garlande\",\"Josephina (L\u2019\u00e9pop\u00e9e de saint Joseph)\",\"Jouvenel des Ursins (Jean)\",\"Kochanowski (Jan)\",\"L'Africain (L\u00e9on)\",\"Latinit\u00e9 injustement soup\u00e7onn\u00e9e (La)\",\"Latomus (Barth\u00e9l\u00e9my)\",\"Legenda Sancti Antonii (Alfonso Buenhombre)\",\"Libellus de descriptione Hibernie\",\"Liber de Restauratione monasterii Sancti Martini Tornacensis (La Restauration du monast\u00e8re Saint-Martin de Tournai)\",\"L\u2019\u00c9ternit\u00e9 du monde (Thomas d'Aquin)\",\"Ma\u00eetre Bernard\",\"Ma\u00eetre Eckhart\",\"Malvezzi (Troilo)\",\"Medicina Plinii\",\"Meygra Entrepriza\",\"Microcosmus (Le Microcosme)\",\"Miracula sancti Benedicti (Les Miracles de Saint Beno\u00eet)\",\"Miscellanea (Ange Politien)\",\"Muret (Marc Antoine)\",\"Mythologie de Natale Conti \u00e9dit\u00e9e par Jean Baudoin (La)\",\"Opusculum comicum (Troilo Malvezzi)\",\"Oresme (Nicole)\",\"Orig\u00e8ne\",\"Orig\u00e8ne (Jean Scot)\",\"Paschase (Radbert)\",\"Petrus de Pulka\",\"Philelphe (Fran\u00e7ois)\",\"Philippe de Slane\",\"Pierre Ab\u00e9lard\",\"Pierre Ceffons\",\"Pierre de Jean Olivi\",\"Pierre d\u2019Ailly\",\"Pierre le chantre\",\"Polipticum quod appellatur Perpendiculum\",\"Politien (Ange)\",\"Pontano (Giovanni)\",\"progymnasmata\",\"Questions sur la foi (Olivi)\",\"Raoul Ardent\",\"Rategno (Bernard)\",\"Respuesta catalana de Isaac\",\"Romulus de Nilant (Le)\",\"Rose (Jean)\",\"Rossell (Pau)\",\"Rupert de Deutz\",\"Sandaeus (Maximilianus)\",\"Scriptores Muzarabici saeculi VIII-X\",\"Sedulius\",\"Segarelli (Giovanni)\",\"Sermones (Raoul Ardent)\",\"Sermoni (Chromace d'Aquil\u00e9e)\",\"Si les d\u00e9mons existent et s\u2019ils sont la cause des maladies\",\"Sigillus sigillorum (Sceau des sceaux)\",\"Souris (Abel)\",\"Speculum universale (Pierre Ab\u00e9lard)\",\"Summa Alexandrinorum\",\"S\u00e6wulf\",\"Thomae Eboracensis Sapientiale\",\"Thomas d'Aquin\",\"Thomas de York\",\"Tractatus contra articulos Hussitarum\",\"Tractatus contra Graecos\",\"Tractatus contra malos medicos (Alfonso Buenhombre)\",\"Tractatus liturgici\",\"trag\u00e9die\",\"Trag\u00e9dies latines compos\u00e9es au coll\u00e8ge de Navarre\",\"Trait\u00e9 des songes (J\u00e9r\u00f4me Cardan)\",\"Ugo Eteriano\",\"Valle (Nicolaus de)\",\"Vaticanus Latinus 1479\",\"Venus triumphans (Eoban Hesse)\",\"Visconti (Girolamo)\",\"Vita et miracula Rosae de Viterbio\"],\"articleSection\":[\"Publications\"],\"inLanguage\":\"fr-FR\",\"potentialAction\":[{\"@type\":\"CommentAction\",\"name\":\"Comment\",\"target\":[\"https:\\\/\\\/www.semen-l.org\\\/?p=569#respond\"]}]},{\"@type\":\"WebPage\",\"@id\":\"https:\\\/\\\/www.semen-l.org\\\/?p=569\",\"url\":\"https:\\\/\\\/www.semen-l.org\\\/?p=569\",\"name\":\"Publications r\u00e9centes (octobre 2020) latin m\u00e9d\u00e9vial et n\u00e9o-latin - SEMEN-L\",\"isPartOf\":{\"@id\":\"http:\\\/\\\/www.semen-l.org\\\/#website\"},\"primaryImageOfPage\":{\"@id\":\"https:\\\/\\\/www.semen-l.org\\\/?p=569#primaryimage\"},\"image\":{\"@id\":\"https:\\\/\\\/www.semen-l.org\\\/?p=569#primaryimage\"},\"thumbnailUrl\":\"https:\\\/\\\/www.semen-l.org\\\/wp-content\\\/uploads\\\/2020\\\/11\\\/ciceron-livre.jpg\",\"datePublished\":\"2020-11-05T08:57:03+00:00\",\"dateModified\":\"2020-11-23T21:17:07+00:00\",\"description\":\"Bibliographie t\u00e9l\u00e9chargeable des parutions r\u00e9centes (2020) dans le domaine du m\u00e9dio- et du n\u00e9o-latin, par la SEMEN-L (textes, revues, \u00e9tudes).\",\"breadcrumb\":{\"@id\":\"https:\\\/\\\/www.semen-l.org\\\/?p=569#breadcrumb\"},\"inLanguage\":\"fr-FR\",\"potentialAction\":[{\"@type\":\"ReadAction\",\"target\":[\"https:\\\/\\\/www.semen-l.org\\\/?p=569\"]}]},{\"@type\":\"ImageObject\",\"inLanguage\":\"fr-FR\",\"@id\":\"https:\\\/\\\/www.semen-l.org\\\/?p=569#primaryimage\",\"url\":\"https:\\\/\\\/www.semen-l.org\\\/wp-content\\\/uploads\\\/2020\\\/11\\\/ciceron-livre.jpg\",\"contentUrl\":\"https:\\\/\\\/www.semen-l.org\\\/wp-content\\\/uploads\\\/2020\\\/11\\\/ciceron-livre.jpg\",\"width\":200,\"height\":200,\"caption\":\"Le jeune Cic\u00e9ron lit un livre\"},{\"@type\":\"BreadcrumbList\",\"@id\":\"https:\\\/\\\/www.semen-l.org\\\/?p=569#breadcrumb\",\"itemListElement\":[{\"@type\":\"ListItem\",\"position\":1,\"name\":\"Accueil\",\"item\":\"http:\\\/\\\/www.semen-l.org\\\/\"},{\"@type\":\"ListItem\",\"position\":2,\"name\":\"Publications r\u00e9centes (octobre 2020)\"}]},{\"@type\":\"WebSite\",\"@id\":\"http:\\\/\\\/www.semen-l.org\\\/#website\",\"url\":\"http:\\\/\\\/www.semen-l.org\\\/\",\"name\":\"Soci\u00e9t\u00e9 d'\u00c9tudes M\u00e9dio Et N\u00e9o-Latines\",\"description\":\"\",\"publisher\":{\"@id\":\"http:\\\/\\\/www.semen-l.org\\\/#organization\"},\"potentialAction\":[{\"@type\":\"SearchAction\",\"target\":{\"@type\":\"EntryPoint\",\"urlTemplate\":\"http:\\\/\\\/www.semen-l.org\\\/?s={search_term_string}\"},\"query-input\":{\"@type\":\"PropertyValueSpecification\",\"valueRequired\":true,\"valueName\":\"search_term_string\"}}],\"inLanguage\":\"fr-FR\"},{\"@type\":\"Organization\",\"@id\":\"http:\\\/\\\/www.semen-l.org\\\/#organization\",\"name\":\"Soci\u00e9t\u00e9 d'\u00e9tudes m\u00e9dio et n\u00e9o-latines\",\"url\":\"http:\\\/\\\/www.semen-l.org\\\/\",\"logo\":{\"@type\":\"ImageObject\",\"inLanguage\":\"fr-FR\",\"@id\":\"http:\\\/\\\/www.semen-l.org\\\/#\\\/schema\\\/logo\\\/image\\\/\",\"url\":\"http:\\\/\\\/www.semen-l.org\\\/wp-content\\\/uploads\\\/2020\\\/11\\\/logo-semenl.jpg\",\"contentUrl\":\"http:\\\/\\\/www.semen-l.org\\\/wp-content\\\/uploads\\\/2020\\\/11\\\/logo-semenl.jpg\",\"width\":408,\"height\":403,\"caption\":\"Soci\u00e9t\u00e9 d'\u00e9tudes m\u00e9dio et n\u00e9o-latines\"},\"image\":{\"@id\":\"http:\\\/\\\/www.semen-l.org\\\/#\\\/schema\\\/logo\\\/image\\\/\"},\"sameAs\":[\"https:\\\/\\\/www.facebook.com\\\/SEMENL2018\",\"https:\\\/\\\/independent.academia.edu\\\/SocitsdtudesmdioetnolatinesSEMENL\"]},{\"@type\":\"Person\",\"@id\":\"http:\\\/\\\/www.semen-l.org\\\/#\\\/schema\\\/person\\\/3d0af82116ae10be9dae79c17e01be5a\",\"name\":\"Thomas Penguilly\",\"image\":{\"@type\":\"ImageObject\",\"inLanguage\":\"fr-FR\",\"@id\":\"https:\\\/\\\/secure.gravatar.com\\\/avatar\\\/00dbfed997d1aaf8cbc93434abdcf5d630a180c99cd9fdd9293220ff847e3796?s=96&d=mm&r=g\",\"url\":\"https:\\\/\\\/secure.gravatar.com\\\/avatar\\\/00dbfed997d1aaf8cbc93434abdcf5d630a180c99cd9fdd9293220ff847e3796?s=96&d=mm&r=g\",\"contentUrl\":\"https:\\\/\\\/secure.gravatar.com\\\/avatar\\\/00dbfed997d1aaf8cbc93434abdcf5d630a180c99cd9fdd9293220ff847e3796?s=96&d=mm&r=g\",\"caption\":\"Thomas Penguilly\"},\"url\":\"https:\\\/\\\/www.semen-l.org\\\/?author=24\"}]}<\/script>\n<!-- \/ Yoast SEO plugin. -->","yoast_head_json":{"title":"Publications r\u00e9centes (octobre 2020) latin m\u00e9d\u00e9vial et n\u00e9o-latin - SEMEN-L","description":"Bibliographie t\u00e9l\u00e9chargeable des parutions r\u00e9centes (2020) dans le domaine du m\u00e9dio- et du n\u00e9o-latin, par la SEMEN-L (textes, revues, \u00e9tudes).","robots":{"index":"index","follow":"follow","max-snippet":"max-snippet:-1","max-image-preview":"max-image-preview:large","max-video-preview":"max-video-preview:-1"},"canonical":"https:\/\/www.semen-l.org\/?p=569","og_locale":"fr_FR","og_type":"article","og_title":"Publications r\u00e9centes (octobre 2020) latin m\u00e9d\u00e9vial et n\u00e9o-latin - SEMEN-L","og_description":"Bibliographie t\u00e9l\u00e9chargeable des parutions r\u00e9centes (2020) dans le domaine du m\u00e9dio- et du n\u00e9o-latin, par la SEMEN-L (textes, revues, \u00e9tudes).","og_url":"https:\/\/www.semen-l.org\/?p=569","og_site_name":"Soci\u00e9t\u00e9 d&#039;\u00c9tudes M\u00e9dio Et N\u00e9o-Latines","article_publisher":"https:\/\/www.facebook.com\/SEMENL2018","article_published_time":"2020-11-05T08:57:03+00:00","article_modified_time":"2020-11-23T21:17:07+00:00","og_image":[{"width":200,"height":200,"url":"https:\/\/www.semen-l.org\/wp-content\/uploads\/2020\/11\/ciceron-livre.jpg","type":"image\/jpeg"}],"author":"Thomas Penguilly","twitter_card":"summary_large_image","twitter_misc":{"\u00c9crit par":"Thomas Penguilly"},"schema":{"@context":"https:\/\/schema.org","@graph":[{"@type":"Article","@id":"https:\/\/www.semen-l.org\/?p=569#article","isPartOf":{"@id":"https:\/\/www.semen-l.org\/?p=569"},"author":{"name":"Thomas Penguilly","@id":"http:\/\/www.semen-l.org\/#\/schema\/person\/3d0af82116ae10be9dae79c17e01be5a"},"headline":"Publications r\u00e9centes (octobre 2020)","datePublished":"2020-11-05T08:57:03+00:00","dateModified":"2020-11-23T21:17:07+00:00","mainEntityOfPage":{"@id":"https:\/\/www.semen-l.org\/?p=569"},"wordCount":55,"commentCount":0,"publisher":{"@id":"http:\/\/www.semen-l.org\/#organization"},"image":{"@id":"https:\/\/www.semen-l.org\/?p=569#primaryimage"},"thumbnailUrl":"https:\/\/www.semen-l.org\/wp-content\/uploads\/2020\/11\/ciceron-livre.jpg","keywords":["Achard de Saint-Victor","Ad Antonium Vonicam Tarvisinum","Ad Marsilium Ficinum Florentinum in Livorem","Ad Vincentium Quirinum P.V. Vellus Aureum","Additio islamica ad Epistolam Samuelis","Ad\u00e9mar de Chabannes","Alberti (Leon Battista)","Alcuin","Annotationes in Pauli Epistulam ad Romanos ex cap. IX","anthropologie","Anulus seu dialogus de sacramentis fidei","Apul\u00e9e (Pseudo)","Arena (Antonius)","Asclepius (Pseudo-Apul\u00e9e)","Atton de Verceil","Augurelli (Giovanni Aurelio)","Auriacus siue Libertas saucia (Orange ou la Libert\u00e9 bless\u00e9e)","Bartholomeus de Ebraco","Baudoin (Jean)","Bernon de Reichenau","Bodin (Jean)","Bonae ualetudinis conservandae rationes aliquot","Boniface","Bouquechardi\u00e8re (La)","Boutet (Dominique)","Bucolicorum idyllia XVII","Buenhombre (Alfonso)","Cardan (J\u00e9r\u00f4me)","Carmina (Jean Scot Orig\u00e8ne)","Cartulaire de l\u2019abbaye de Saint-Pierremont (1095-1297) BNF NAL 1608","Cartulaires du prieur\u00e9 fontevriste de Montazais (XIIe et XVIe si\u00e8cles)","Castellion (S\u00e9bastien)","Centheologicon","Charles V","chiromancie","Chromace d'Aquil\u00e9e","Chronicon (Dithmar)","Chrysopoeia (Giovanni Aurelio Augurelli)","Cic\u00e9ron","Collectaneum Miscellaneum. Supplementum auctum","Commentaire aux Sentences","Commentarii in prophetas minores e schola Autissiodorensi","Compendiosa Expositio","Conti (Natale)","Contra libellum Calvini (S\u00e9bastien Castellion)","Coryciana","Coulson (Frank T.)","Couronnement de Louis (Le)","De bello Neapolitano (Giovanni Pontano)","De commodis litterarum atque incommodis (Leon Battista Alberti)","De corpore et sanguine Domini (Sur le corps et le sang du Seigneur)","De familia (Leon Battista Alberti)","De imagine (Jean Scot Orig\u00e8ne)","De quelques hommes illustres chez les Arabes et les H\u00e9breux","De re publica libri IV (Uberto Decembrio)","De Republica libri sex (Jean Bodin)","De sancto et immortali Deo (Ugo Eteriano)","De triumphis Ecclesie (Jean de Garlande)","De Vita propria (Le livre de ma vie)","Decembrio (Uberto)","D\u00e9mosth\u00e8ne","Descendentia regum Sicilie","Dialogues (Pontano)","Dictionnaire Aalma","Disputatio Abutalib","Dissertation sur la latinit\u00e9 de Plaute","Distinctiones Abel","Dithmar","Durastante (Giano Matteo)","Elegiae tres (Eoban Hesse)","Elegiarum Libri Quattuor (Jan Kochanowski)","Elucidatio tragoediarum Senecae","Eoban (Hesse)","Epistola Samuelis","\u00c9rasme","\u00c9thique \u00e0 Nicomaque","Excerptiones super Priscianum","Explicatio triginta sigillorum","Fragmenta Graeca (Ugo Eteriano)","Galien","Geoffroy de Monmouth","Gerson (Jean)","Giovanni di W\u00fcrzburg","Glose sur l'Apocalypse de Cambridge (DdX16)","Godefroy de Saint-Victor","Guillaume de Moerbeke","Guillaume Durand de Saint-Pour\u00e7ain","hagiographie","Heinsius (Daniel)","Heiric d'Auxerre","H\u00e9riman de Tournai","Hesiodi Ascr\u00e6i Opera et dies","Heymeric de Campo","Historia Ioseph","Homiliaria Beneventana","Iacobus de Clavaro","In hypocrisim vestitus monastici \u1f10\u03ba\u03c6\u1f7d\u03bd\u03b7\u03c3\u03b9\u03c2","Insolubilia (Pierre d'Ailly)","Introductiones prosaici dictaminis","Ioannis Aurelii Augurelli Chrysopoeia Ad Leonem X Pontificem Maximum","Jean de Courcy","Jean de Garlande","Josephina (L\u2019\u00e9pop\u00e9e de saint Joseph)","Jouvenel des Ursins (Jean)","Kochanowski (Jan)","L'Africain (L\u00e9on)","Latinit\u00e9 injustement soup\u00e7onn\u00e9e (La)","Latomus (Barth\u00e9l\u00e9my)","Legenda Sancti Antonii (Alfonso Buenhombre)","Libellus de descriptione Hibernie","Liber de Restauratione monasterii Sancti Martini Tornacensis (La Restauration du monast\u00e8re Saint-Martin de Tournai)","L\u2019\u00c9ternit\u00e9 du monde (Thomas d'Aquin)","Ma\u00eetre Bernard","Ma\u00eetre Eckhart","Malvezzi (Troilo)","Medicina Plinii","Meygra Entrepriza","Microcosmus (Le Microcosme)","Miracula sancti Benedicti (Les Miracles de Saint Beno\u00eet)","Miscellanea (Ange Politien)","Muret (Marc Antoine)","Mythologie de Natale Conti \u00e9dit\u00e9e par Jean Baudoin (La)","Opusculum comicum (Troilo Malvezzi)","Oresme (Nicole)","Orig\u00e8ne","Orig\u00e8ne (Jean Scot)","Paschase (Radbert)","Petrus de Pulka","Philelphe (Fran\u00e7ois)","Philippe de Slane","Pierre Ab\u00e9lard","Pierre Ceffons","Pierre de Jean Olivi","Pierre d\u2019Ailly","Pierre le chantre","Polipticum quod appellatur Perpendiculum","Politien (Ange)","Pontano (Giovanni)","progymnasmata","Questions sur la foi (Olivi)","Raoul Ardent","Rategno (Bernard)","Respuesta catalana de Isaac","Romulus de Nilant (Le)","Rose (Jean)","Rossell (Pau)","Rupert de Deutz","Sandaeus (Maximilianus)","Scriptores Muzarabici saeculi VIII-X","Sedulius","Segarelli (Giovanni)","Sermones (Raoul Ardent)","Sermoni (Chromace d'Aquil\u00e9e)","Si les d\u00e9mons existent et s\u2019ils sont la cause des maladies","Sigillus sigillorum (Sceau des sceaux)","Souris (Abel)","Speculum universale (Pierre Ab\u00e9lard)","Summa Alexandrinorum","S\u00e6wulf","Thomae Eboracensis Sapientiale","Thomas d'Aquin","Thomas de York","Tractatus contra articulos Hussitarum","Tractatus contra Graecos","Tractatus contra malos medicos (Alfonso Buenhombre)","Tractatus liturgici","trag\u00e9die","Trag\u00e9dies latines compos\u00e9es au coll\u00e8ge de Navarre","Trait\u00e9 des songes (J\u00e9r\u00f4me Cardan)","Ugo Eteriano","Valle (Nicolaus de)","Vaticanus Latinus 1479","Venus triumphans (Eoban Hesse)","Visconti (Girolamo)","Vita et miracula Rosae de Viterbio"],"articleSection":["Publications"],"inLanguage":"fr-FR","potentialAction":[{"@type":"CommentAction","name":"Comment","target":["https:\/\/www.semen-l.org\/?p=569#respond"]}]},{"@type":"WebPage","@id":"https:\/\/www.semen-l.org\/?p=569","url":"https:\/\/www.semen-l.org\/?p=569","name":"Publications r\u00e9centes (octobre 2020) latin m\u00e9d\u00e9vial et n\u00e9o-latin - SEMEN-L","isPartOf":{"@id":"http:\/\/www.semen-l.org\/#website"},"primaryImageOfPage":{"@id":"https:\/\/www.semen-l.org\/?p=569#primaryimage"},"image":{"@id":"https:\/\/www.semen-l.org\/?p=569#primaryimage"},"thumbnailUrl":"https:\/\/www.semen-l.org\/wp-content\/uploads\/2020\/11\/ciceron-livre.jpg","datePublished":"2020-11-05T08:57:03+00:00","dateModified":"2020-11-23T21:17:07+00:00","description":"Bibliographie t\u00e9l\u00e9chargeable des parutions r\u00e9centes (2020) dans le domaine du m\u00e9dio- et du n\u00e9o-latin, par la SEMEN-L (textes, revues, \u00e9tudes).","breadcrumb":{"@id":"https:\/\/www.semen-l.org\/?p=569#breadcrumb"},"inLanguage":"fr-FR","potentialAction":[{"@type":"ReadAction","target":["https:\/\/www.semen-l.org\/?p=569"]}]},{"@type":"ImageObject","inLanguage":"fr-FR","@id":"https:\/\/www.semen-l.org\/?p=569#primaryimage","url":"https:\/\/www.semen-l.org\/wp-content\/uploads\/2020\/11\/ciceron-livre.jpg","contentUrl":"https:\/\/www.semen-l.org\/wp-content\/uploads\/2020\/11\/ciceron-livre.jpg","width":200,"height":200,"caption":"Le jeune Cic\u00e9ron lit un livre"},{"@type":"BreadcrumbList","@id":"https:\/\/www.semen-l.org\/?p=569#breadcrumb","itemListElement":[{"@type":"ListItem","position":1,"name":"Accueil","item":"http:\/\/www.semen-l.org\/"},{"@type":"ListItem","position":2,"name":"Publications r\u00e9centes (octobre 2020)"}]},{"@type":"WebSite","@id":"http:\/\/www.semen-l.org\/#website","url":"http:\/\/www.semen-l.org\/","name":"Soci\u00e9t\u00e9 d'\u00c9tudes M\u00e9dio Et N\u00e9o-Latines","description":"","publisher":{"@id":"http:\/\/www.semen-l.org\/#organization"},"potentialAction":[{"@type":"SearchAction","target":{"@type":"EntryPoint","urlTemplate":"http:\/\/www.semen-l.org\/?s={search_term_string}"},"query-input":{"@type":"PropertyValueSpecification","valueRequired":true,"valueName":"search_term_string"}}],"inLanguage":"fr-FR"},{"@type":"Organization","@id":"http:\/\/www.semen-l.org\/#organization","name":"Soci\u00e9t\u00e9 d'\u00e9tudes m\u00e9dio et n\u00e9o-latines","url":"http:\/\/www.semen-l.org\/","logo":{"@type":"ImageObject","inLanguage":"fr-FR","@id":"http:\/\/www.semen-l.org\/#\/schema\/logo\/image\/","url":"http:\/\/www.semen-l.org\/wp-content\/uploads\/2020\/11\/logo-semenl.jpg","contentUrl":"http:\/\/www.semen-l.org\/wp-content\/uploads\/2020\/11\/logo-semenl.jpg","width":408,"height":403,"caption":"Soci\u00e9t\u00e9 d'\u00e9tudes m\u00e9dio et n\u00e9o-latines"},"image":{"@id":"http:\/\/www.semen-l.org\/#\/schema\/logo\/image\/"},"sameAs":["https:\/\/www.facebook.com\/SEMENL2018","https:\/\/independent.academia.edu\/SocitsdtudesmdioetnolatinesSEMENL"]},{"@type":"Person","@id":"http:\/\/www.semen-l.org\/#\/schema\/person\/3d0af82116ae10be9dae79c17e01be5a","name":"Thomas Penguilly","image":{"@type":"ImageObject","inLanguage":"fr-FR","@id":"https:\/\/secure.gravatar.com\/avatar\/00dbfed997d1aaf8cbc93434abdcf5d630a180c99cd9fdd9293220ff847e3796?s=96&d=mm&r=g","url":"https:\/\/secure.gravatar.com\/avatar\/00dbfed997d1aaf8cbc93434abdcf5d630a180c99cd9fdd9293220ff847e3796?s=96&d=mm&r=g","contentUrl":"https:\/\/secure.gravatar.com\/avatar\/00dbfed997d1aaf8cbc93434abdcf5d630a180c99cd9fdd9293220ff847e3796?s=96&d=mm&r=g","caption":"Thomas Penguilly"},"url":"https:\/\/www.semen-l.org\/?author=24"}]}},"jetpack_featured_media_url":"https:\/\/www.semen-l.org\/wp-content\/uploads\/2020\/11\/ciceron-livre.jpg","_links":{"self":[{"href":"https:\/\/www.semen-l.org\/index.php?rest_route=\/wp\/v2\/posts\/569","targetHints":{"allow":["GET"]}}],"collection":[{"href":"https:\/\/www.semen-l.org\/index.php?rest_route=\/wp\/v2\/posts"}],"about":[{"href":"https:\/\/www.semen-l.org\/index.php?rest_route=\/wp\/v2\/types\/post"}],"author":[{"embeddable":true,"href":"https:\/\/www.semen-l.org\/index.php?rest_route=\/wp\/v2\/users\/24"}],"replies":[{"embeddable":true,"href":"https:\/\/www.semen-l.org\/index.php?rest_route=%2Fwp%2Fv2%2Fcomments&post=569"}],"version-history":[{"count":0,"href":"https:\/\/www.semen-l.org\/index.php?rest_route=\/wp\/v2\/posts\/569\/revisions"}],"wp:featuredmedia":[{"embeddable":true,"href":"https:\/\/www.semen-l.org\/index.php?rest_route=\/wp\/v2\/media\/837"}],"wp:attachment":[{"href":"https:\/\/www.semen-l.org\/index.php?rest_route=%2Fwp%2Fv2%2Fmedia&parent=569"}],"wp:term":[{"taxonomy":"category","embeddable":true,"href":"https:\/\/www.semen-l.org\/index.php?rest_route=%2Fwp%2Fv2%2Fcategories&post=569"},{"taxonomy":"post_tag","embeddable":true,"href":"https:\/\/www.semen-l.org\/index.php?rest_route=%2Fwp%2Fv2%2Ftags&post=569"}],"curies":[{"name":"wp","href":"https:\/\/api.w.org\/{rel}","templated":true}]}}