{"id":547,"date":"2019-10-22T17:07:53","date_gmt":"2019-10-22T17:07:53","guid":{"rendered":"http:\/\/www.semen-l.org\/?p=547"},"modified":"2020-11-18T18:07:32","modified_gmt":"2020-11-18T18:07:32","slug":"colloque-litterature-et-medecine-paris-23-novembre","status":"publish","type":"post","link":"https:\/\/www.semen-l.org\/?p=547","title":{"rendered":"Colloque \u00ab\u00a0Litt\u00e9rature et m\u00e9decine\u00a0\u00bb, Paris, 23 novembre"},"content":{"rendered":"\t\t<div data-elementor-type=\"wp-post\" data-elementor-id=\"547\" class=\"elementor elementor-547\">\n\t\t\t\t\t\t<section class=\"elementor-section elementor-top-section elementor-element elementor-element-765e5c52 elementor-section-boxed elementor-section-height-default elementor-section-height-default\" data-id=\"765e5c52\" data-element_type=\"section\" data-e-type=\"section\">\n\t\t\t\t\t\t<div class=\"elementor-container elementor-column-gap-default\">\n\t\t\t\t\t<div class=\"elementor-column elementor-col-100 elementor-top-column elementor-element elementor-element-32ec63bf\" data-id=\"32ec63bf\" data-element_type=\"column\" data-e-type=\"column\">\n\t\t\t<div class=\"elementor-widget-wrap elementor-element-populated\">\n\t\t\t\t\t\t<div class=\"elementor-element elementor-element-5c46e30d elementor-widget elementor-widget-text-editor\" data-id=\"5c46e30d\" data-element_type=\"widget\" data-e-type=\"widget\" data-widget_type=\"text-editor.default\">\n\t\t\t\t<div class=\"elementor-widget-container\">\n\t\t\t\t\t\t\t\t\t<a href=\"http:\/\/www.semen-l.org\/wp-content\/uploads\/2019\/10\/Flyer-SFHM-A5.pdf\">Flyer SFHM A5<\/a>\t\t\t\t\t\t\t\t<\/div>\n\t\t\t\t<\/div>\n\t\t\t\t\t<\/div>\n\t\t<\/div>\n\t\t\t\t\t<\/div>\n\t\t<\/section>\n\t\t\t\t<section class=\"elementor-section elementor-top-section elementor-element elementor-element-9b8656f elementor-section-boxed elementor-section-height-default elementor-section-height-default\" data-id=\"9b8656f\" data-element_type=\"section\" data-e-type=\"section\">\n\t\t\t\t\t\t<div class=\"elementor-container elementor-column-gap-default\">\n\t\t\t\t\t<div class=\"elementor-column elementor-col-100 elementor-top-column elementor-element elementor-element-be20faf\" data-id=\"be20faf\" data-element_type=\"column\" data-e-type=\"column\">\n\t\t\t<div class=\"elementor-widget-wrap elementor-element-populated\">\n\t\t\t\t\t\t<div class=\"elementor-element elementor-element-18fa567 elementor-widget elementor-widget-image\" data-id=\"18fa567\" data-element_type=\"widget\" data-e-type=\"widget\" data-widget_type=\"image.default\">\n\t\t\t\t<div class=\"elementor-widget-container\">\n\t\t\t\t\t\t\t\t\t\t\t\t\t\t\t<img decoding=\"async\" width=\"200\" height=\"200\" src=\"https:\/\/www.semen-l.org\/wp-content\/uploads\/2019\/10\/colloque-litt-med.jpg\" class=\"attachment-large size-large wp-image-841\" alt=\"\" srcset=\"https:\/\/www.semen-l.org\/wp-content\/uploads\/2019\/10\/colloque-litt-med.jpg 200w, https:\/\/www.semen-l.org\/wp-content\/uploads\/2019\/10\/colloque-litt-med-150x150.jpg 150w, https:\/\/www.semen-l.org\/wp-content\/uploads\/2019\/10\/colloque-litt-med-140x140.jpg 140w\" sizes=\"(max-width: 200px) 100vw, 200px\" \/>\t\t\t\t\t\t\t\t\t\t\t\t\t\t\t<\/div>\n\t\t\t\t<\/div>\n\t\t\t\t\t<\/div>\n\t\t<\/div>\n\t\t\t\t\t<\/div>\n\t\t<\/section>\n\t\t\t\t<section class=\"elementor-section elementor-top-section elementor-element elementor-element-5676b50 elementor-section-boxed elementor-section-height-default elementor-section-height-default\" data-id=\"5676b50\" data-element_type=\"section\" data-e-type=\"section\">\n\t\t\t\t\t\t<div class=\"elementor-container elementor-column-gap-default\">\n\t\t\t\t\t<div class=\"elementor-column elementor-col-100 elementor-top-column elementor-element elementor-element-beee60f\" data-id=\"beee60f\" data-element_type=\"column\" data-e-type=\"column\">\n\t\t\t<div class=\"elementor-widget-wrap elementor-element-populated\">\n\t\t\t\t\t\t<div class=\"elementor-element elementor-element-5ea9696 elementor-widget elementor-widget-text-editor\" data-id=\"5ea9696\" data-element_type=\"widget\" data-e-type=\"widget\" data-widget_type=\"text-editor.default\">\n\t\t\t\t<div class=\"elementor-widget-container\">\n\t\t\t\t\t\t\t\t\t<p>Litt\u00e9rature et M\u00e9decine XVIe -XXIe si\u00e8cles<\/p><p>COLLOQUE 23 novembre 2019<\/p><p>9h15~17h30 Salle du Conseil ~ 12, rue de l\u2019\u00c9cole de m\u00e9decine, Paris VI<\/p><p>Organis\u00e9 par Jacqueline Vons &amp; Claude La Charit\u00e9<\/p><p>Soci\u00e9t\u00e9 fran\u00e7aise d\u2019histoire de la m\u00e9decine<\/p><p>Soci\u00e9t\u00e9 d\u2019histoire litt\u00e9raire de la France<\/p><p>9h15 Accueil<\/p><p>9h30 Ouverture du colloque par Jacques Battin pr\u00e9sident de la SFHM Sylvain Menant pr\u00e9sident de la SHLF<\/p><p>Pr\u00e9sidente de s\u00e9ance : Jacqueline Vons SFHM-Universit\u00e9 de Tours<\/p><p>10h00 \u00c9velyne Berriot-Salvadore SFHM-Universit\u00e9 Paul-Val\u00e9ry, Montpellier.\u00a0<span style=\"font-size: 15px; color: var( --e-global-color-text );\">Pour rire et pour enseigner : le conte m\u00e9dical \u00e0 la Renaissance<\/span><\/p><p><span style=\"font-size: 15px; color: var( --e-global-color-text );\">10h30 Jean C\u00e9ard SHLF-Universit\u00e9 Paris Nanterre La m\u00e9decine, \u201cvraye Theologie naturelle\u201d (Pierre Viret)<\/span><\/p><p><span style=\"font-size: 15px; color: var( --e-global-color-text );\">Discussion<\/span><\/p><p><span style=\"font-size: 15px; color: var( --e-global-color-text );\">Pr\u00e9sident de s\u00e9ance : Claude La Charit\u00e9 SHLF-Universit\u00e9 du Qu\u00e9bec \u00e0 Rimouski 11h15 Dominique Brancher SHLF-Universit\u00e9 de B\u00e2le \u2013 Yale \u2019Pierre qui roule amasse mousse\u2026.\u2019 Conversation entre deux lapidaires (Montaigne et Beverwyck) ou les beaut\u00e9s de la colique<\/span><\/p><p><span style=\"font-size: 15px; color: var( --e-global-color-text );\">11h45 Micheline Ruel-Kellermann SFHM-Acad\u00e9mie nationale de chirurgie dentaire Jacqueline Vons SFHM-Universit\u00e9 de Tours Faux diagnostic, pol\u00e9mique et technique : l\u2019histoire de la dent d\u2019or (1683)<\/span><\/p><p><span style=\"font-size: 15px; color: var( --e-global-color-text );\">Discussion<\/span><\/p><p><span style=\"font-size: 15px; color: var( --e-global-color-text );\">Reprise des activit\u00e9s \u00e0 14h00<\/span><\/p><p><span style=\"font-size: 15px; color: var( --e-global-color-text );\">Pr\u00e9sident de s\u00e9ance : Guy Cobolet SFHM-BIU Sant\u00e9<\/span><\/p><p><span style=\"font-size: 15px; color: var( --e-global-color-text );\">14h00 Michel Delon SHLF-Sorbonne Universit\u00e9 Le traitement moral des troubles psychiques dans les trait\u00e9s ali\u00e9nistes et dans la fiction, au tournant des Lumi\u00e8res<\/span><\/p><p><span style=\"font-size: 15px; color: var( --e-global-color-text );\">14h30 Philippe Albou SFHM-g\u00e9riatre Les h\u00f4pitaux parisiens vers 1780 \u00e0 partir du t\u00e9moignage de LouisS\u00e9bastien Mercier<\/span><\/p><p><span style=\"font-size: 15px; color: var( --e-global-color-text );\">15h00 Alexandre Wenger SHLF-Universit\u00e9 de Gen\u00e8ve La Visite \u00e0 l\u2019h\u00f4pital des v\u00e9rol\u00e9s, ou la litt\u00e9rature face au p\u00e9ril v\u00e9n\u00e9rien (fin xixe -d\u00e9but xxe si\u00e8cle)<\/span><\/p><p><span style=\"font-size: 15px; color: var( --e-global-color-text );\">Pause et discussion<\/span><\/p><p><span style=\"font-size: 15px; color: var( --e-global-color-text );\">Pr\u00e9sident de s\u00e9ance : Patrick Dandrey SHLF-Sorbonne-Universit\u00e9<\/span><\/p><p><span style=\"font-size: 15px; color: var( --e-global-color-text );\">16h00 Jacques Chevallier SFHM-Acad\u00e9mie des sciences, arts et lettres de Lyon Les docteurs Arthur Conan Doyle et Edmond Locard ou comment la litt\u00e9rature a influenc\u00e9 la science !<\/span><\/p><p><span style=\"font-size: 15px; color: var( --e-global-color-text );\">16h30 Jean-Fran\u00e7ois Hutin SFHM-radiologue La pratique m\u00e9dicale et les malades d\u2019Antoine Thibault<\/span><\/p><p><span style=\"font-size: 15px; color: var( --e-global-color-text );\">17h00 Jo\u00ebl Des Rosiers SHLF-Acad\u00e9mie des arts et lettres du Qu\u00e9bec Po\u00e8tes-m\u00e9decins des mondes francophones xxe -xxie si\u00e8cles\u00a0<\/span><\/p><p><span style=\"font-size: 15px; color: var( --e-global-color-text );\">iscussion finale<\/span><\/p><p><span style=\"font-size: 15px; color: var( --e-global-color-text );\">Litt\u00e9rature et M\u00e9decine XVIe -XXIe si\u00e8cles Les mots et les maux CONTACTS \u203a jacqueline.vons@univ-tours.fr claude_lacharite@uqar.ca<\/span><\/p>\t\t\t\t\t\t\t\t<\/div>\n\t\t\t\t<\/div>\n\t\t\t\t\t<\/div>\n\t\t<\/div>\n\t\t\t\t\t<\/div>\n\t\t<\/section>\n\t\t\t\t<\/div>\n\t\t","protected":false},"excerpt":{"rendered":"<p>Colloque le 23 novembre 2019 9h15~17h30 Salle du Conseil ~ 12, rue de l\u2019\u00c9cole de m\u00e9decine, Paris VI Organis\u00e9 par Jacqueline Vons &#038; Claude La Charit\u00e9, la Soci\u00e9t\u00e9 fran\u00e7aise d\u2019histoire de la m\u00e9decine et la Soci\u00e9t\u00e9 d\u2019histoire litt\u00e9raire de la France. <a href=\"https:\/\/www.semen-l.org\/?p=547\">Continuer la lecture <span class=\"meta-nav\">&rarr;<\/span><\/a><\/p>\n","protected":false},"author":5,"featured_media":841,"comment_status":"open","ping_status":"open","sticky":false,"template":"","format":"standard","meta":{"footnotes":""},"categories":[4],"tags":[25,23,26,19,27],"class_list":["post-547","post","type-post","status-publish","format-standard","has-post-thumbnail","hentry","category-colloques","tag-conte","tag-medecine","tag-poesie","tag-rire","tag-science"],"yoast_head":"<!-- This site is optimized with the Yoast SEO plugin v27.5 - https:\/\/yoast.com\/product\/yoast-seo-wordpress\/ -->\n<title>Colloque &quot;Litt\u00e9rature et m\u00e9decine&quot;, Paris, 23 novembre - Soci\u00e9t\u00e9 d&#039;\u00c9tudes M\u00e9dio Et N\u00e9o-Latines<\/title>\n<meta name=\"robots\" content=\"index, follow, max-snippet:-1, max-image-preview:large, max-video-preview:-1\" \/>\n<link rel=\"canonical\" href=\"https:\/\/www.semen-l.org\/?p=547\" \/>\n<meta property=\"og:locale\" content=\"fr_FR\" \/>\n<meta property=\"og:type\" content=\"article\" \/>\n<meta property=\"og:title\" content=\"Colloque &quot;Litt\u00e9rature et m\u00e9decine&quot;, Paris, 23 novembre - Soci\u00e9t\u00e9 d&#039;\u00c9tudes M\u00e9dio Et N\u00e9o-Latines\" \/>\n<meta property=\"og:description\" content=\"Colloque le 23 novembre 2019 9h15~17h30 Salle du Conseil ~ 12, rue de l\u2019\u00c9cole de m\u00e9decine, Paris VI Organis\u00e9 par Jacqueline Vons &amp; Claude La Charit\u00e9, la Soci\u00e9t\u00e9 fran\u00e7aise d\u2019histoire de la m\u00e9decine et la Soci\u00e9t\u00e9 d\u2019histoire litt\u00e9raire de la France. Continuer la lecture &rarr;\" \/>\n<meta property=\"og:url\" content=\"https:\/\/www.semen-l.org\/?p=547\" \/>\n<meta property=\"og:site_name\" content=\"Soci\u00e9t\u00e9 d&#039;\u00c9tudes M\u00e9dio Et N\u00e9o-Latines\" \/>\n<meta property=\"article:publisher\" content=\"https:\/\/www.facebook.com\/SEMENL2018\" \/>\n<meta property=\"article:published_time\" content=\"2019-10-22T17:07:53+00:00\" \/>\n<meta property=\"article:modified_time\" content=\"2020-11-18T18:07:32+00:00\" \/>\n<meta property=\"og:image\" content=\"https:\/\/www.semen-l.org\/wp-content\/uploads\/2019\/10\/colloque-litt-med.jpg\" \/>\n\t<meta property=\"og:image:width\" content=\"200\" \/>\n\t<meta property=\"og:image:height\" content=\"200\" \/>\n\t<meta property=\"og:image:type\" content=\"image\/jpeg\" \/>\n<meta name=\"author\" content=\"Seris\" \/>\n<meta name=\"twitter:card\" content=\"summary_large_image\" \/>\n<meta name=\"twitter:label1\" content=\"\u00c9crit par\" \/>\n\t<meta name=\"twitter:data1\" content=\"Seris\" \/>\n\t<meta name=\"twitter:label2\" content=\"Dur\u00e9e de lecture estim\u00e9e\" \/>\n\t<meta name=\"twitter:data2\" content=\"2 minutes\" \/>\n<script type=\"application\/ld+json\" class=\"yoast-schema-graph\">{\"@context\":\"https:\\\/\\\/schema.org\",\"@graph\":[{\"@type\":\"Article\",\"@id\":\"https:\\\/\\\/www.semen-l.org\\\/?p=547#article\",\"isPartOf\":{\"@id\":\"https:\\\/\\\/www.semen-l.org\\\/?p=547\"},\"author\":{\"name\":\"Seris\",\"@id\":\"http:\\\/\\\/www.semen-l.org\\\/#\\\/schema\\\/person\\\/6e8c8c75b499690cc37dd369354a7c47\"},\"headline\":\"Colloque \u00ab\u00a0Litt\u00e9rature et m\u00e9decine\u00a0\u00bb, Paris, 23 novembre\",\"datePublished\":\"2019-10-22T17:07:53+00:00\",\"dateModified\":\"2020-11-18T18:07:32+00:00\",\"mainEntityOfPage\":{\"@id\":\"https:\\\/\\\/www.semen-l.org\\\/?p=547\"},\"wordCount\":392,\"commentCount\":0,\"publisher\":{\"@id\":\"http:\\\/\\\/www.semen-l.org\\\/#organization\"},\"image\":{\"@id\":\"https:\\\/\\\/www.semen-l.org\\\/?p=547#primaryimage\"},\"thumbnailUrl\":\"https:\\\/\\\/www.semen-l.org\\\/wp-content\\\/uploads\\\/2019\\\/10\\\/colloque-litt-med.jpg\",\"keywords\":[\"conte\",\"m\u00e9decine\",\"po\u00e9sie\",\"rire\",\"science\"],\"articleSection\":[\"Colloques\"],\"inLanguage\":\"fr-FR\",\"potentialAction\":[{\"@type\":\"CommentAction\",\"name\":\"Comment\",\"target\":[\"https:\\\/\\\/www.semen-l.org\\\/?p=547#respond\"]}]},{\"@type\":\"WebPage\",\"@id\":\"https:\\\/\\\/www.semen-l.org\\\/?p=547\",\"url\":\"https:\\\/\\\/www.semen-l.org\\\/?p=547\",\"name\":\"Colloque \\\"Litt\u00e9rature et m\u00e9decine\\\", Paris, 23 novembre - Soci\u00e9t\u00e9 d&#039;\u00c9tudes M\u00e9dio Et N\u00e9o-Latines\",\"isPartOf\":{\"@id\":\"http:\\\/\\\/www.semen-l.org\\\/#website\"},\"primaryImageOfPage\":{\"@id\":\"https:\\\/\\\/www.semen-l.org\\\/?p=547#primaryimage\"},\"image\":{\"@id\":\"https:\\\/\\\/www.semen-l.org\\\/?p=547#primaryimage\"},\"thumbnailUrl\":\"https:\\\/\\\/www.semen-l.org\\\/wp-content\\\/uploads\\\/2019\\\/10\\\/colloque-litt-med.jpg\",\"datePublished\":\"2019-10-22T17:07:53+00:00\",\"dateModified\":\"2020-11-18T18:07:32+00:00\",\"breadcrumb\":{\"@id\":\"https:\\\/\\\/www.semen-l.org\\\/?p=547#breadcrumb\"},\"inLanguage\":\"fr-FR\",\"potentialAction\":[{\"@type\":\"ReadAction\",\"target\":[\"https:\\\/\\\/www.semen-l.org\\\/?p=547\"]}]},{\"@type\":\"ImageObject\",\"inLanguage\":\"fr-FR\",\"@id\":\"https:\\\/\\\/www.semen-l.org\\\/?p=547#primaryimage\",\"url\":\"https:\\\/\\\/www.semen-l.org\\\/wp-content\\\/uploads\\\/2019\\\/10\\\/colloque-litt-med.jpg\",\"contentUrl\":\"https:\\\/\\\/www.semen-l.org\\\/wp-content\\\/uploads\\\/2019\\\/10\\\/colloque-litt-med.jpg\",\"width\":200,\"height\":200},{\"@type\":\"BreadcrumbList\",\"@id\":\"https:\\\/\\\/www.semen-l.org\\\/?p=547#breadcrumb\",\"itemListElement\":[{\"@type\":\"ListItem\",\"position\":1,\"name\":\"Accueil\",\"item\":\"http:\\\/\\\/www.semen-l.org\\\/\"},{\"@type\":\"ListItem\",\"position\":2,\"name\":\"Colloque \u00ab\u00a0Litt\u00e9rature et m\u00e9decine\u00a0\u00bb, Paris, 23 novembre\"}]},{\"@type\":\"WebSite\",\"@id\":\"http:\\\/\\\/www.semen-l.org\\\/#website\",\"url\":\"http:\\\/\\\/www.semen-l.org\\\/\",\"name\":\"Soci\u00e9t\u00e9 d'\u00c9tudes M\u00e9dio Et N\u00e9o-Latines\",\"description\":\"\",\"publisher\":{\"@id\":\"http:\\\/\\\/www.semen-l.org\\\/#organization\"},\"potentialAction\":[{\"@type\":\"SearchAction\",\"target\":{\"@type\":\"EntryPoint\",\"urlTemplate\":\"http:\\\/\\\/www.semen-l.org\\\/?s={search_term_string}\"},\"query-input\":{\"@type\":\"PropertyValueSpecification\",\"valueRequired\":true,\"valueName\":\"search_term_string\"}}],\"inLanguage\":\"fr-FR\"},{\"@type\":\"Organization\",\"@id\":\"http:\\\/\\\/www.semen-l.org\\\/#organization\",\"name\":\"Soci\u00e9t\u00e9 d'\u00e9tudes m\u00e9dio et n\u00e9o-latines\",\"url\":\"http:\\\/\\\/www.semen-l.org\\\/\",\"logo\":{\"@type\":\"ImageObject\",\"inLanguage\":\"fr-FR\",\"@id\":\"http:\\\/\\\/www.semen-l.org\\\/#\\\/schema\\\/logo\\\/image\\\/\",\"url\":\"http:\\\/\\\/www.semen-l.org\\\/wp-content\\\/uploads\\\/2020\\\/11\\\/logo-semenl.jpg\",\"contentUrl\":\"http:\\\/\\\/www.semen-l.org\\\/wp-content\\\/uploads\\\/2020\\\/11\\\/logo-semenl.jpg\",\"width\":408,\"height\":403,\"caption\":\"Soci\u00e9t\u00e9 d'\u00e9tudes m\u00e9dio et n\u00e9o-latines\"},\"image\":{\"@id\":\"http:\\\/\\\/www.semen-l.org\\\/#\\\/schema\\\/logo\\\/image\\\/\"},\"sameAs\":[\"https:\\\/\\\/www.facebook.com\\\/SEMENL2018\",\"https:\\\/\\\/independent.academia.edu\\\/SocitsdtudesmdioetnolatinesSEMENL\"]},{\"@type\":\"Person\",\"@id\":\"http:\\\/\\\/www.semen-l.org\\\/#\\\/schema\\\/person\\\/6e8c8c75b499690cc37dd369354a7c47\",\"name\":\"Seris\",\"image\":{\"@type\":\"ImageObject\",\"inLanguage\":\"fr-FR\",\"@id\":\"https:\\\/\\\/secure.gravatar.com\\\/avatar\\\/8aec6178114279c28f7f0f4ccbb54eefdf0db708e95973d3513a9c5387b223b9?s=96&d=mm&r=g\",\"url\":\"https:\\\/\\\/secure.gravatar.com\\\/avatar\\\/8aec6178114279c28f7f0f4ccbb54eefdf0db708e95973d3513a9c5387b223b9?s=96&d=mm&r=g\",\"contentUrl\":\"https:\\\/\\\/secure.gravatar.com\\\/avatar\\\/8aec6178114279c28f7f0f4ccbb54eefdf0db708e95973d3513a9c5387b223b9?s=96&d=mm&r=g\",\"caption\":\"Seris\"},\"url\":\"https:\\\/\\\/www.semen-l.org\\\/?author=5\"}]}<\/script>\n<!-- \/ Yoast SEO plugin. -->","yoast_head_json":{"title":"Colloque \"Litt\u00e9rature et m\u00e9decine\", Paris, 23 novembre - Soci\u00e9t\u00e9 d&#039;\u00c9tudes M\u00e9dio Et N\u00e9o-Latines","robots":{"index":"index","follow":"follow","max-snippet":"max-snippet:-1","max-image-preview":"max-image-preview:large","max-video-preview":"max-video-preview:-1"},"canonical":"https:\/\/www.semen-l.org\/?p=547","og_locale":"fr_FR","og_type":"article","og_title":"Colloque \"Litt\u00e9rature et m\u00e9decine\", Paris, 23 novembre - Soci\u00e9t\u00e9 d&#039;\u00c9tudes M\u00e9dio Et N\u00e9o-Latines","og_description":"Colloque le 23 novembre 2019 9h15~17h30 Salle du Conseil ~ 12, rue de l\u2019\u00c9cole de m\u00e9decine, Paris VI Organis\u00e9 par Jacqueline Vons & Claude La Charit\u00e9, la Soci\u00e9t\u00e9 fran\u00e7aise d\u2019histoire de la m\u00e9decine et la Soci\u00e9t\u00e9 d\u2019histoire litt\u00e9raire de la France. Continuer la lecture &rarr;","og_url":"https:\/\/www.semen-l.org\/?p=547","og_site_name":"Soci\u00e9t\u00e9 d&#039;\u00c9tudes M\u00e9dio Et N\u00e9o-Latines","article_publisher":"https:\/\/www.facebook.com\/SEMENL2018","article_published_time":"2019-10-22T17:07:53+00:00","article_modified_time":"2020-11-18T18:07:32+00:00","og_image":[{"width":200,"height":200,"url":"https:\/\/www.semen-l.org\/wp-content\/uploads\/2019\/10\/colloque-litt-med.jpg","type":"image\/jpeg"}],"author":"Seris","twitter_card":"summary_large_image","twitter_misc":{"\u00c9crit par":"Seris","Dur\u00e9e de lecture estim\u00e9e":"2 minutes"},"schema":{"@context":"https:\/\/schema.org","@graph":[{"@type":"Article","@id":"https:\/\/www.semen-l.org\/?p=547#article","isPartOf":{"@id":"https:\/\/www.semen-l.org\/?p=547"},"author":{"name":"Seris","@id":"http:\/\/www.semen-l.org\/#\/schema\/person\/6e8c8c75b499690cc37dd369354a7c47"},"headline":"Colloque \u00ab\u00a0Litt\u00e9rature et m\u00e9decine\u00a0\u00bb, Paris, 23 novembre","datePublished":"2019-10-22T17:07:53+00:00","dateModified":"2020-11-18T18:07:32+00:00","mainEntityOfPage":{"@id":"https:\/\/www.semen-l.org\/?p=547"},"wordCount":392,"commentCount":0,"publisher":{"@id":"http:\/\/www.semen-l.org\/#organization"},"image":{"@id":"https:\/\/www.semen-l.org\/?p=547#primaryimage"},"thumbnailUrl":"https:\/\/www.semen-l.org\/wp-content\/uploads\/2019\/10\/colloque-litt-med.jpg","keywords":["conte","m\u00e9decine","po\u00e9sie","rire","science"],"articleSection":["Colloques"],"inLanguage":"fr-FR","potentialAction":[{"@type":"CommentAction","name":"Comment","target":["https:\/\/www.semen-l.org\/?p=547#respond"]}]},{"@type":"WebPage","@id":"https:\/\/www.semen-l.org\/?p=547","url":"https:\/\/www.semen-l.org\/?p=547","name":"Colloque \"Litt\u00e9rature et m\u00e9decine\", Paris, 23 novembre - Soci\u00e9t\u00e9 d&#039;\u00c9tudes M\u00e9dio Et N\u00e9o-Latines","isPartOf":{"@id":"http:\/\/www.semen-l.org\/#website"},"primaryImageOfPage":{"@id":"https:\/\/www.semen-l.org\/?p=547#primaryimage"},"image":{"@id":"https:\/\/www.semen-l.org\/?p=547#primaryimage"},"thumbnailUrl":"https:\/\/www.semen-l.org\/wp-content\/uploads\/2019\/10\/colloque-litt-med.jpg","datePublished":"2019-10-22T17:07:53+00:00","dateModified":"2020-11-18T18:07:32+00:00","breadcrumb":{"@id":"https:\/\/www.semen-l.org\/?p=547#breadcrumb"},"inLanguage":"fr-FR","potentialAction":[{"@type":"ReadAction","target":["https:\/\/www.semen-l.org\/?p=547"]}]},{"@type":"ImageObject","inLanguage":"fr-FR","@id":"https:\/\/www.semen-l.org\/?p=547#primaryimage","url":"https:\/\/www.semen-l.org\/wp-content\/uploads\/2019\/10\/colloque-litt-med.jpg","contentUrl":"https:\/\/www.semen-l.org\/wp-content\/uploads\/2019\/10\/colloque-litt-med.jpg","width":200,"height":200},{"@type":"BreadcrumbList","@id":"https:\/\/www.semen-l.org\/?p=547#breadcrumb","itemListElement":[{"@type":"ListItem","position":1,"name":"Accueil","item":"http:\/\/www.semen-l.org\/"},{"@type":"ListItem","position":2,"name":"Colloque \u00ab\u00a0Litt\u00e9rature et m\u00e9decine\u00a0\u00bb, Paris, 23 novembre"}]},{"@type":"WebSite","@id":"http:\/\/www.semen-l.org\/#website","url":"http:\/\/www.semen-l.org\/","name":"Soci\u00e9t\u00e9 d'\u00c9tudes M\u00e9dio Et N\u00e9o-Latines","description":"","publisher":{"@id":"http:\/\/www.semen-l.org\/#organization"},"potentialAction":[{"@type":"SearchAction","target":{"@type":"EntryPoint","urlTemplate":"http:\/\/www.semen-l.org\/?s={search_term_string}"},"query-input":{"@type":"PropertyValueSpecification","valueRequired":true,"valueName":"search_term_string"}}],"inLanguage":"fr-FR"},{"@type":"Organization","@id":"http:\/\/www.semen-l.org\/#organization","name":"Soci\u00e9t\u00e9 d'\u00e9tudes m\u00e9dio et n\u00e9o-latines","url":"http:\/\/www.semen-l.org\/","logo":{"@type":"ImageObject","inLanguage":"fr-FR","@id":"http:\/\/www.semen-l.org\/#\/schema\/logo\/image\/","url":"http:\/\/www.semen-l.org\/wp-content\/uploads\/2020\/11\/logo-semenl.jpg","contentUrl":"http:\/\/www.semen-l.org\/wp-content\/uploads\/2020\/11\/logo-semenl.jpg","width":408,"height":403,"caption":"Soci\u00e9t\u00e9 d'\u00e9tudes m\u00e9dio et n\u00e9o-latines"},"image":{"@id":"http:\/\/www.semen-l.org\/#\/schema\/logo\/image\/"},"sameAs":["https:\/\/www.facebook.com\/SEMENL2018","https:\/\/independent.academia.edu\/SocitsdtudesmdioetnolatinesSEMENL"]},{"@type":"Person","@id":"http:\/\/www.semen-l.org\/#\/schema\/person\/6e8c8c75b499690cc37dd369354a7c47","name":"Seris","image":{"@type":"ImageObject","inLanguage":"fr-FR","@id":"https:\/\/secure.gravatar.com\/avatar\/8aec6178114279c28f7f0f4ccbb54eefdf0db708e95973d3513a9c5387b223b9?s=96&d=mm&r=g","url":"https:\/\/secure.gravatar.com\/avatar\/8aec6178114279c28f7f0f4ccbb54eefdf0db708e95973d3513a9c5387b223b9?s=96&d=mm&r=g","contentUrl":"https:\/\/secure.gravatar.com\/avatar\/8aec6178114279c28f7f0f4ccbb54eefdf0db708e95973d3513a9c5387b223b9?s=96&d=mm&r=g","caption":"Seris"},"url":"https:\/\/www.semen-l.org\/?author=5"}]}},"jetpack_featured_media_url":"https:\/\/www.semen-l.org\/wp-content\/uploads\/2019\/10\/colloque-litt-med.jpg","_links":{"self":[{"href":"https:\/\/www.semen-l.org\/index.php?rest_route=\/wp\/v2\/posts\/547","targetHints":{"allow":["GET"]}}],"collection":[{"href":"https:\/\/www.semen-l.org\/index.php?rest_route=\/wp\/v2\/posts"}],"about":[{"href":"https:\/\/www.semen-l.org\/index.php?rest_route=\/wp\/v2\/types\/post"}],"author":[{"embeddable":true,"href":"https:\/\/www.semen-l.org\/index.php?rest_route=\/wp\/v2\/users\/5"}],"replies":[{"embeddable":true,"href":"https:\/\/www.semen-l.org\/index.php?rest_route=%2Fwp%2Fv2%2Fcomments&post=547"}],"version-history":[{"count":0,"href":"https:\/\/www.semen-l.org\/index.php?rest_route=\/wp\/v2\/posts\/547\/revisions"}],"wp:featuredmedia":[{"embeddable":true,"href":"https:\/\/www.semen-l.org\/index.php?rest_route=\/wp\/v2\/media\/841"}],"wp:attachment":[{"href":"https:\/\/www.semen-l.org\/index.php?rest_route=%2Fwp%2Fv2%2Fmedia&parent=547"}],"wp:term":[{"taxonomy":"category","embeddable":true,"href":"https:\/\/www.semen-l.org\/index.php?rest_route=%2Fwp%2Fv2%2Fcategories&post=547"},{"taxonomy":"post_tag","embeddable":true,"href":"https:\/\/www.semen-l.org\/index.php?rest_route=%2Fwp%2Fv2%2Ftags&post=547"}],"curies":[{"name":"wp","href":"https:\/\/api.w.org\/{rel}","templated":true}]}}