{"id":543,"date":"2019-09-24T12:12:12","date_gmt":"2019-09-24T12:12:12","guid":{"rendered":"http:\/\/www.semen-l.org\/?p=543"},"modified":"2021-03-03T17:42:05","modified_gmt":"2021-03-03T17:42:05","slug":"2e-journee-dignite-des-artes-paris-12-octobre-2019","status":"publish","type":"post","link":"https:\/\/www.semen-l.org\/?p=543","title":{"rendered":"2e journ\u00e9e Dignit\u00e9 des Artes, Paris, 12 octobre 2019"},"content":{"rendered":"\t\t<div data-elementor-type=\"wp-post\" data-elementor-id=\"543\" class=\"elementor elementor-543\">\n\t\t\t\t\t\t<section class=\"elementor-section elementor-top-section elementor-element elementor-element-cba7111 elementor-section-boxed elementor-section-height-default elementor-section-height-default\" data-id=\"cba7111\" data-element_type=\"section\" data-e-type=\"section\">\n\t\t\t\t\t\t<div class=\"elementor-container elementor-column-gap-default\">\n\t\t\t\t\t<div class=\"elementor-column elementor-col-100 elementor-top-column elementor-element elementor-element-96b4989\" data-id=\"96b4989\" data-element_type=\"column\" data-e-type=\"column\">\n\t\t\t<div class=\"elementor-widget-wrap elementor-element-populated\">\n\t\t\t\t\t\t<div class=\"elementor-element elementor-element-c3ffc73 elementor-widget elementor-widget-heading\" data-id=\"c3ffc73\" data-element_type=\"widget\" data-e-type=\"widget\" data-widget_type=\"heading.default\">\n\t\t\t\t<div class=\"elementor-widget-container\">\n\t\t\t\t\t<h2 class=\"elementor-heading-title elementor-size-default\">Programme en .pdf<\/h2>\t\t\t\t<\/div>\n\t\t\t\t<\/div>\n\t\t\t\t\t<\/div>\n\t\t<\/div>\n\t\t\t\t\t<\/div>\n\t\t<\/section>\n\t\t\t\t<section class=\"elementor-section elementor-top-section elementor-element elementor-element-93e5005 elementor-section-boxed elementor-section-height-default elementor-section-height-default\" data-id=\"93e5005\" data-element_type=\"section\" data-e-type=\"section\">\n\t\t\t\t\t\t<div class=\"elementor-container elementor-column-gap-default\">\n\t\t\t\t\t<div class=\"elementor-column elementor-col-100 elementor-top-column elementor-element elementor-element-77115ba\" data-id=\"77115ba\" data-element_type=\"column\" data-e-type=\"column\">\n\t\t\t<div class=\"elementor-widget-wrap elementor-element-populated\">\n\t\t\t\t\t\t<div class=\"elementor-element elementor-element-9d4d8af elementor-widget elementor-widget-shortcode\" data-id=\"9d4d8af\" data-element_type=\"widget\" data-e-type=\"widget\" data-widget_type=\"shortcode.default\">\n\t\t\t\t<div class=\"elementor-widget-container\">\n\t\t\t\t\t\t\t<div class=\"elementor-shortcode\"><a href=\"https:\/\/www.semen-l.org\/wp-content\/uploads\/2019\/09\/ProgrammeDigniteArtes-200919.pdf\" class=\"pdfemb-viewer\" style=\"\" data-width=\"max\" data-height=\"max\" data-toolbar=\"both\" data-toolbar-fixed=\"off\">AficheDigniteArtes-100919<\/a><\/div>\n\t\t\t\t\t\t<\/div>\n\t\t\t\t<\/div>\n\t\t\t\t\t<\/div>\n\t\t<\/div>\n\t\t\t\t\t<\/div>\n\t\t<\/section>\n\t\t\t\t<section class=\"elementor-section elementor-top-section elementor-element elementor-element-be87d08 elementor-section-boxed elementor-section-height-default elementor-section-height-default\" data-id=\"be87d08\" data-element_type=\"section\" data-e-type=\"section\">\n\t\t\t\t\t\t<div class=\"elementor-container elementor-column-gap-default\">\n\t\t\t\t\t<div class=\"elementor-column elementor-col-100 elementor-top-column elementor-element elementor-element-023e61c\" data-id=\"023e61c\" data-element_type=\"column\" data-e-type=\"column\">\n\t\t\t<div class=\"elementor-widget-wrap elementor-element-populated\">\n\t\t\t\t\t\t<div class=\"elementor-element elementor-element-21ca308 elementor-widget elementor-widget-heading\" data-id=\"21ca308\" data-element_type=\"widget\" data-e-type=\"widget\" data-widget_type=\"heading.default\">\n\t\t\t\t<div class=\"elementor-widget-container\">\n\t\t\t\t\t<h2 class=\"elementor-heading-title elementor-size-default\">Programme et affiche :<\/h2>\t\t\t\t<\/div>\n\t\t\t\t<\/div>\n\t\t\t\t\t<\/div>\n\t\t<\/div>\n\t\t\t\t\t<\/div>\n\t\t<\/section>\n\t\t\t\t<section class=\"elementor-section elementor-top-section elementor-element elementor-element-147d0d3 elementor-section-boxed elementor-section-height-default elementor-section-height-default\" data-id=\"147d0d3\" data-element_type=\"section\" data-e-type=\"section\">\n\t\t\t\t\t\t<div class=\"elementor-container elementor-column-gap-default\">\n\t\t\t\t\t<div class=\"elementor-column elementor-col-50 elementor-top-column elementor-element elementor-element-f448140\" data-id=\"f448140\" data-element_type=\"column\" data-e-type=\"column\">\n\t\t\t<div class=\"elementor-widget-wrap elementor-element-populated\">\n\t\t\t\t\t\t<div class=\"elementor-element elementor-element-3657e952 elementor-widget elementor-widget-text-editor\" data-id=\"3657e952\" data-element_type=\"widget\" data-e-type=\"widget\" data-widget_type=\"text-editor.default\">\n\t\t\t\t<div class=\"elementor-widget-container\">\n\t\t\t\t\t\t\t\t\t<h2><span style=\"font-size: inherit; letter-spacing: inherit; color: var( --e-global-color-text );\">Dignit\u00e9 des Artes : Topiques et arguments de la d\u00e9fense des arts<\/span><\/h2><p>Journ\u00e9e d\u2019\u00e9tude organis\u00e9e par Alice Lamy, Anne Rafarin et Emilie S\u00e9ris<br \/>Avec le soutien de l\u2019Institut Universitaire de France.<br \/>\u00c9cole Doctorale 1 \u00ab Mondes anciens et m\u00e9di\u00e9vaux \u00bb &#8211; E.A. 4081 \u00ab Rome et ses renaissances \u00bb<br \/>12 OCTOBRE 2019 | Amphith\u00e9\u00e2tre Descartes<br \/>EN SORBONNE &#8211; 54 RUE SAINT-JACQUES 75005 PARIS<\/p><p><span style=\"font-size: inherit; letter-spacing: inherit; color: var( --e-global-color-text );\">12 OCTOBRE 2019<\/span><\/p><p><strong>MATIN\u00c9E<\/strong><\/p><p><b>9h00 ACCUEIL DES PARTICIPANTS<\/b><\/p><p><b>* 9h30<\/b> Pierre Gros (AIBL) :\u00a0\u00ab De Vitruve \u00e0 Alberti : ruptures et continuit\u00e9s d\u2019une restitution des origines de l\u2019art de b\u00e2tir \u00bb<\/p><p>* <b>10h00<\/b> Fabio Zanin (Universit\u00e9 de Padoue) :\u00a0\u00ab La querelle pour l\u2019autonomie des Artes : une comparaison entre les<br \/>positions de Bo\u00e8ce de Dacie et Buridan \u00bb<\/p><p><strong>DISCUSSION ET PAUSE<\/strong><\/p><p><b>* 11h00<\/b> Dani\u00e8le Jacquart (EPHE, PSL) :\u00a0\u00ab La m\u00e9decine entre scientia et ars \u00e0 la fin du Moyen \u00c2ge \u00bb.<\/p><p><b>*\u00a0<\/b><span style=\"font-size: inherit; letter-spacing: inherit; color: var( --e-global-color-text );\"><b>11h30 <\/b>Laure Hermand-Schebat (Universit\u00e9 de Lyon 3) :\u00a0<\/span><span style=\"font-size: inherit; letter-spacing: inherit; color: var( --e-global-color-text );\">\u00ab Dignit\u00e9 de la po\u00e9sie et des autres arts dans les lettres en prose et en vers\u00a0<\/span><span style=\"font-size: inherit; letter-spacing: inherit; color: var( --e-global-color-text );\">de P\u00e9trarque \u00bb<\/span><\/p><p><strong>APR\u00c8S-MIDI<\/strong><\/p><p><b>* 14h30<\/b> Luigi Alberto Sanchi (CNRS): \u00ab D\u00e9fense et illustration des Artes dans le De Asse de Guillaume Bud\u00e9 \u00bb<\/p><p><b>* 15h00<\/b> J\u00f6rg Robert (Universit\u00e9 de T\u00fcbingen) :\u00a0\u00ab Images anim\u00e9es &#8211; Les \u00e9loges de D\u00fcrer comme th\u00e9orie des arts \u00bb<\/p><p><b>DISCUSSION ET PAUSE<\/b><\/p><p><b>16h00<\/b> Jean-Marc Mandosio (EPHE, PSL) :\u00a0\u00ab Les arguments pour la d\u00e9fense des arts controvers\u00e9s (magie, alchimie, astrologie) au Moyen Age et \u00e0 la Renaissance \u00bb<\/p><p><b>16h30 CONCLUSIONS<\/b><\/p><p>Facult\u00e9 des Lettres<br \/>Sorbonne Universit\u00e9<br \/>1, rue Victor Cousin<br \/>75230 Paris cedex 05<br \/>T\u00e9l. 33 (0) 1 40 46 22 11<br \/>www.lettres.sorbonne-universite.fr<\/p>\t\t\t\t\t\t\t\t<\/div>\n\t\t\t\t<\/div>\n\t\t\t\t\t<\/div>\n\t\t<\/div>\n\t\t\t\t<div class=\"elementor-column elementor-col-50 elementor-top-column elementor-element elementor-element-4f14835\" data-id=\"4f14835\" data-element_type=\"column\" data-e-type=\"column\">\n\t\t\t<div class=\"elementor-widget-wrap elementor-element-populated\">\n\t\t\t\t\t\t<div class=\"elementor-element elementor-element-fca8f11 elementor-widget elementor-widget-image\" data-id=\"fca8f11\" data-element_type=\"widget\" data-e-type=\"widget\" data-widget_type=\"image.default\">\n\t\t\t\t<div class=\"elementor-widget-container\">\n\t\t\t\t\t\t\t\t\t\t\t\t\t\t\t<img fetchpriority=\"high\" decoding=\"async\" width=\"570\" height=\"791\" src=\"https:\/\/www.semen-l.org\/wp-content\/uploads\/2019\/09\/dignite-des-artes-affiche19.jpg\" class=\"attachment-large size-large wp-image-1822\" alt=\"\" srcset=\"https:\/\/www.semen-l.org\/wp-content\/uploads\/2019\/09\/dignite-des-artes-affiche19.jpg 570w, https:\/\/www.semen-l.org\/wp-content\/uploads\/2019\/09\/dignite-des-artes-affiche19-216x300.jpg 216w, https:\/\/www.semen-l.org\/wp-content\/uploads\/2019\/09\/dignite-des-artes-affiche19-144x200.jpg 144w\" sizes=\"(max-width: 570px) 100vw, 570px\" \/>\t\t\t\t\t\t\t\t\t\t\t\t\t\t\t<\/div>\n\t\t\t\t<\/div>\n\t\t\t\t\t<\/div>\n\t\t<\/div>\n\t\t\t\t\t<\/div>\n\t\t<\/section>\n\t\t\t\t<\/div>\n\t\t","protected":false},"excerpt":{"rendered":"<p>Dignit\u00e9 des Artes : Topiques et arguments de la d\u00e9fense des arts : Journ\u00e9e d\u2019\u00e9tude organis\u00e9e le 12 octobre 2019 \u00e0 la Sorbonne par Alice Lamy, Anne Rafarin et Emilie S\u00e9ris, avec le soutien de l\u2019Institut Universitaire de France. <a href=\"https:\/\/www.semen-l.org\/?p=543\">Continuer la lecture <span class=\"meta-nav\">&rarr;<\/span><\/a><\/p>\n","protected":false},"author":5,"featured_media":849,"comment_status":"open","ping_status":"open","sticky":false,"template":"","format":"standard","meta":{"footnotes":""},"categories":[4],"tags":[38,92,88,91,90,89,93,16,87],"class_list":["post-543","post","type-post","status-publish","format-standard","has-post-thumbnail","hentry","category-colloques","tag-leon-battista-alberti","tag-art","tag-boece-de-dacie","tag-guillaume-bude","tag-de-asse","tag-jean-buridan","tag-magie","tag-petrarque","tag-vitruve"],"yoast_head":"<!-- This site is optimized with the Yoast SEO plugin v27.5 - https:\/\/yoast.com\/product\/yoast-seo-wordpress\/ -->\n<title>2e journ\u00e9e Dignit\u00e9 des Artes, Paris, 12 octobre 2019 - Soci\u00e9t\u00e9 d&#039;\u00c9tudes M\u00e9dio Et N\u00e9o-Latines<\/title>\n<meta name=\"robots\" content=\"index, follow, max-snippet:-1, max-image-preview:large, max-video-preview:-1\" \/>\n<link rel=\"canonical\" href=\"https:\/\/www.semen-l.org\/?p=543\" \/>\n<meta property=\"og:locale\" content=\"fr_FR\" \/>\n<meta property=\"og:type\" content=\"article\" \/>\n<meta property=\"og:title\" content=\"2e journ\u00e9e Dignit\u00e9 des Artes, Paris, 12 octobre 2019 - Soci\u00e9t\u00e9 d&#039;\u00c9tudes M\u00e9dio Et N\u00e9o-Latines\" \/>\n<meta property=\"og:description\" content=\"Dignit\u00e9 des Artes : Topiques et arguments de la d\u00e9fense des arts : Journ\u00e9e d\u2019\u00e9tude organis\u00e9e le 12 octobre 2019 \u00e0 la Sorbonne par Alice Lamy, Anne Rafarin et Emilie S\u00e9ris, avec le soutien de l\u2019Institut Universitaire de France. Continuer la lecture &rarr;\" \/>\n<meta property=\"og:url\" content=\"https:\/\/www.semen-l.org\/?p=543\" \/>\n<meta property=\"og:site_name\" content=\"Soci\u00e9t\u00e9 d&#039;\u00c9tudes M\u00e9dio Et N\u00e9o-Latines\" \/>\n<meta property=\"article:publisher\" content=\"https:\/\/www.facebook.com\/SEMENL2018\" \/>\n<meta property=\"article:published_time\" content=\"2019-09-24T12:12:12+00:00\" \/>\n<meta property=\"article:modified_time\" content=\"2021-03-03T17:42:05+00:00\" \/>\n<meta property=\"og:image\" content=\"https:\/\/www.semen-l.org\/wp-content\/uploads\/2019\/09\/lejeunehommeetlesarts-min.jpg\" \/>\n\t<meta property=\"og:image:width\" content=\"200\" \/>\n\t<meta property=\"og:image:height\" content=\"200\" \/>\n\t<meta property=\"og:image:type\" content=\"image\/jpeg\" \/>\n<meta name=\"author\" content=\"Seris\" \/>\n<meta name=\"twitter:card\" content=\"summary_large_image\" \/>\n<meta name=\"twitter:label1\" content=\"\u00c9crit par\" \/>\n\t<meta name=\"twitter:data1\" content=\"Seris\" \/>\n\t<meta name=\"twitter:label2\" content=\"Dur\u00e9e de lecture estim\u00e9e\" \/>\n\t<meta name=\"twitter:data2\" content=\"2 minutes\" \/>\n<script type=\"application\/ld+json\" class=\"yoast-schema-graph\">{\"@context\":\"https:\\\/\\\/schema.org\",\"@graph\":[{\"@type\":\"Article\",\"@id\":\"https:\\\/\\\/www.semen-l.org\\\/?p=543#article\",\"isPartOf\":{\"@id\":\"https:\\\/\\\/www.semen-l.org\\\/?p=543\"},\"author\":{\"name\":\"Seris\",\"@id\":\"http:\\\/\\\/www.semen-l.org\\\/#\\\/schema\\\/person\\\/6e8c8c75b499690cc37dd369354a7c47\"},\"headline\":\"2e journ\u00e9e Dignit\u00e9 des Artes, Paris, 12 octobre 2019\",\"datePublished\":\"2019-09-24T12:12:12+00:00\",\"dateModified\":\"2021-03-03T17:42:05+00:00\",\"mainEntityOfPage\":{\"@id\":\"https:\\\/\\\/www.semen-l.org\\\/?p=543\"},\"wordCount\":271,\"commentCount\":0,\"publisher\":{\"@id\":\"http:\\\/\\\/www.semen-l.org\\\/#organization\"},\"image\":{\"@id\":\"https:\\\/\\\/www.semen-l.org\\\/?p=543#primaryimage\"},\"thumbnailUrl\":\"https:\\\/\\\/www.semen-l.org\\\/wp-content\\\/uploads\\\/2019\\\/09\\\/lejeunehommeetlesarts-min.jpg\",\"keywords\":[\"Alberti (Leon Battista)\",\"art\",\"Bo\u00e8ce de Dacie\",\"Bud\u00e9 (Guillaume)\",\"De Asse (Guillaume Bud\u00e9)\",\"Jean Buridan\",\"magie\",\"P\u00e9trarque\",\"Vitruve\"],\"articleSection\":[\"Colloques\"],\"inLanguage\":\"fr-FR\",\"potentialAction\":[{\"@type\":\"CommentAction\",\"name\":\"Comment\",\"target\":[\"https:\\\/\\\/www.semen-l.org\\\/?p=543#respond\"]}]},{\"@type\":\"WebPage\",\"@id\":\"https:\\\/\\\/www.semen-l.org\\\/?p=543\",\"url\":\"https:\\\/\\\/www.semen-l.org\\\/?p=543\",\"name\":\"2e journ\u00e9e Dignit\u00e9 des Artes, Paris, 12 octobre 2019 - Soci\u00e9t\u00e9 d&#039;\u00c9tudes M\u00e9dio Et N\u00e9o-Latines\",\"isPartOf\":{\"@id\":\"http:\\\/\\\/www.semen-l.org\\\/#website\"},\"primaryImageOfPage\":{\"@id\":\"https:\\\/\\\/www.semen-l.org\\\/?p=543#primaryimage\"},\"image\":{\"@id\":\"https:\\\/\\\/www.semen-l.org\\\/?p=543#primaryimage\"},\"thumbnailUrl\":\"https:\\\/\\\/www.semen-l.org\\\/wp-content\\\/uploads\\\/2019\\\/09\\\/lejeunehommeetlesarts-min.jpg\",\"datePublished\":\"2019-09-24T12:12:12+00:00\",\"dateModified\":\"2021-03-03T17:42:05+00:00\",\"breadcrumb\":{\"@id\":\"https:\\\/\\\/www.semen-l.org\\\/?p=543#breadcrumb\"},\"inLanguage\":\"fr-FR\",\"potentialAction\":[{\"@type\":\"ReadAction\",\"target\":[\"https:\\\/\\\/www.semen-l.org\\\/?p=543\"]}]},{\"@type\":\"ImageObject\",\"inLanguage\":\"fr-FR\",\"@id\":\"https:\\\/\\\/www.semen-l.org\\\/?p=543#primaryimage\",\"url\":\"https:\\\/\\\/www.semen-l.org\\\/wp-content\\\/uploads\\\/2019\\\/09\\\/lejeunehommeetlesarts-min.jpg\",\"contentUrl\":\"https:\\\/\\\/www.semen-l.org\\\/wp-content\\\/uploads\\\/2019\\\/09\\\/lejeunehommeetlesarts-min.jpg\",\"width\":200,\"height\":200,\"caption\":\"Le jeune homme et les arts (d\u00e9tail)\"},{\"@type\":\"BreadcrumbList\",\"@id\":\"https:\\\/\\\/www.semen-l.org\\\/?p=543#breadcrumb\",\"itemListElement\":[{\"@type\":\"ListItem\",\"position\":1,\"name\":\"Accueil\",\"item\":\"http:\\\/\\\/www.semen-l.org\\\/\"},{\"@type\":\"ListItem\",\"position\":2,\"name\":\"2e journ\u00e9e Dignit\u00e9 des Artes, Paris, 12 octobre 2019\"}]},{\"@type\":\"WebSite\",\"@id\":\"http:\\\/\\\/www.semen-l.org\\\/#website\",\"url\":\"http:\\\/\\\/www.semen-l.org\\\/\",\"name\":\"Soci\u00e9t\u00e9 d'\u00c9tudes M\u00e9dio Et N\u00e9o-Latines\",\"description\":\"\",\"publisher\":{\"@id\":\"http:\\\/\\\/www.semen-l.org\\\/#organization\"},\"potentialAction\":[{\"@type\":\"SearchAction\",\"target\":{\"@type\":\"EntryPoint\",\"urlTemplate\":\"http:\\\/\\\/www.semen-l.org\\\/?s={search_term_string}\"},\"query-input\":{\"@type\":\"PropertyValueSpecification\",\"valueRequired\":true,\"valueName\":\"search_term_string\"}}],\"inLanguage\":\"fr-FR\"},{\"@type\":\"Organization\",\"@id\":\"http:\\\/\\\/www.semen-l.org\\\/#organization\",\"name\":\"Soci\u00e9t\u00e9 d'\u00e9tudes m\u00e9dio et n\u00e9o-latines\",\"url\":\"http:\\\/\\\/www.semen-l.org\\\/\",\"logo\":{\"@type\":\"ImageObject\",\"inLanguage\":\"fr-FR\",\"@id\":\"http:\\\/\\\/www.semen-l.org\\\/#\\\/schema\\\/logo\\\/image\\\/\",\"url\":\"http:\\\/\\\/www.semen-l.org\\\/wp-content\\\/uploads\\\/2020\\\/11\\\/logo-semenl.jpg\",\"contentUrl\":\"http:\\\/\\\/www.semen-l.org\\\/wp-content\\\/uploads\\\/2020\\\/11\\\/logo-semenl.jpg\",\"width\":408,\"height\":403,\"caption\":\"Soci\u00e9t\u00e9 d'\u00e9tudes m\u00e9dio et n\u00e9o-latines\"},\"image\":{\"@id\":\"http:\\\/\\\/www.semen-l.org\\\/#\\\/schema\\\/logo\\\/image\\\/\"},\"sameAs\":[\"https:\\\/\\\/www.facebook.com\\\/SEMENL2018\",\"https:\\\/\\\/independent.academia.edu\\\/SocitsdtudesmdioetnolatinesSEMENL\"]},{\"@type\":\"Person\",\"@id\":\"http:\\\/\\\/www.semen-l.org\\\/#\\\/schema\\\/person\\\/6e8c8c75b499690cc37dd369354a7c47\",\"name\":\"Seris\",\"image\":{\"@type\":\"ImageObject\",\"inLanguage\":\"fr-FR\",\"@id\":\"https:\\\/\\\/secure.gravatar.com\\\/avatar\\\/8aec6178114279c28f7f0f4ccbb54eefdf0db708e95973d3513a9c5387b223b9?s=96&d=mm&r=g\",\"url\":\"https:\\\/\\\/secure.gravatar.com\\\/avatar\\\/8aec6178114279c28f7f0f4ccbb54eefdf0db708e95973d3513a9c5387b223b9?s=96&d=mm&r=g\",\"contentUrl\":\"https:\\\/\\\/secure.gravatar.com\\\/avatar\\\/8aec6178114279c28f7f0f4ccbb54eefdf0db708e95973d3513a9c5387b223b9?s=96&d=mm&r=g\",\"caption\":\"Seris\"},\"url\":\"https:\\\/\\\/www.semen-l.org\\\/?author=5\"}]}<\/script>\n<!-- \/ Yoast SEO plugin. -->","yoast_head_json":{"title":"2e journ\u00e9e Dignit\u00e9 des Artes, Paris, 12 octobre 2019 - Soci\u00e9t\u00e9 d&#039;\u00c9tudes M\u00e9dio Et N\u00e9o-Latines","robots":{"index":"index","follow":"follow","max-snippet":"max-snippet:-1","max-image-preview":"max-image-preview:large","max-video-preview":"max-video-preview:-1"},"canonical":"https:\/\/www.semen-l.org\/?p=543","og_locale":"fr_FR","og_type":"article","og_title":"2e journ\u00e9e Dignit\u00e9 des Artes, Paris, 12 octobre 2019 - Soci\u00e9t\u00e9 d&#039;\u00c9tudes M\u00e9dio Et N\u00e9o-Latines","og_description":"Dignit\u00e9 des Artes : Topiques et arguments de la d\u00e9fense des arts : Journ\u00e9e d\u2019\u00e9tude organis\u00e9e le 12 octobre 2019 \u00e0 la Sorbonne par Alice Lamy, Anne Rafarin et Emilie S\u00e9ris, avec le soutien de l\u2019Institut Universitaire de France. Continuer la lecture &rarr;","og_url":"https:\/\/www.semen-l.org\/?p=543","og_site_name":"Soci\u00e9t\u00e9 d&#039;\u00c9tudes M\u00e9dio Et N\u00e9o-Latines","article_publisher":"https:\/\/www.facebook.com\/SEMENL2018","article_published_time":"2019-09-24T12:12:12+00:00","article_modified_time":"2021-03-03T17:42:05+00:00","og_image":[{"width":200,"height":200,"url":"https:\/\/www.semen-l.org\/wp-content\/uploads\/2019\/09\/lejeunehommeetlesarts-min.jpg","type":"image\/jpeg"}],"author":"Seris","twitter_card":"summary_large_image","twitter_misc":{"\u00c9crit par":"Seris","Dur\u00e9e de lecture estim\u00e9e":"2 minutes"},"schema":{"@context":"https:\/\/schema.org","@graph":[{"@type":"Article","@id":"https:\/\/www.semen-l.org\/?p=543#article","isPartOf":{"@id":"https:\/\/www.semen-l.org\/?p=543"},"author":{"name":"Seris","@id":"http:\/\/www.semen-l.org\/#\/schema\/person\/6e8c8c75b499690cc37dd369354a7c47"},"headline":"2e journ\u00e9e Dignit\u00e9 des Artes, Paris, 12 octobre 2019","datePublished":"2019-09-24T12:12:12+00:00","dateModified":"2021-03-03T17:42:05+00:00","mainEntityOfPage":{"@id":"https:\/\/www.semen-l.org\/?p=543"},"wordCount":271,"commentCount":0,"publisher":{"@id":"http:\/\/www.semen-l.org\/#organization"},"image":{"@id":"https:\/\/www.semen-l.org\/?p=543#primaryimage"},"thumbnailUrl":"https:\/\/www.semen-l.org\/wp-content\/uploads\/2019\/09\/lejeunehommeetlesarts-min.jpg","keywords":["Alberti (Leon Battista)","art","Bo\u00e8ce de Dacie","Bud\u00e9 (Guillaume)","De Asse (Guillaume Bud\u00e9)","Jean Buridan","magie","P\u00e9trarque","Vitruve"],"articleSection":["Colloques"],"inLanguage":"fr-FR","potentialAction":[{"@type":"CommentAction","name":"Comment","target":["https:\/\/www.semen-l.org\/?p=543#respond"]}]},{"@type":"WebPage","@id":"https:\/\/www.semen-l.org\/?p=543","url":"https:\/\/www.semen-l.org\/?p=543","name":"2e journ\u00e9e Dignit\u00e9 des Artes, Paris, 12 octobre 2019 - Soci\u00e9t\u00e9 d&#039;\u00c9tudes M\u00e9dio Et N\u00e9o-Latines","isPartOf":{"@id":"http:\/\/www.semen-l.org\/#website"},"primaryImageOfPage":{"@id":"https:\/\/www.semen-l.org\/?p=543#primaryimage"},"image":{"@id":"https:\/\/www.semen-l.org\/?p=543#primaryimage"},"thumbnailUrl":"https:\/\/www.semen-l.org\/wp-content\/uploads\/2019\/09\/lejeunehommeetlesarts-min.jpg","datePublished":"2019-09-24T12:12:12+00:00","dateModified":"2021-03-03T17:42:05+00:00","breadcrumb":{"@id":"https:\/\/www.semen-l.org\/?p=543#breadcrumb"},"inLanguage":"fr-FR","potentialAction":[{"@type":"ReadAction","target":["https:\/\/www.semen-l.org\/?p=543"]}]},{"@type":"ImageObject","inLanguage":"fr-FR","@id":"https:\/\/www.semen-l.org\/?p=543#primaryimage","url":"https:\/\/www.semen-l.org\/wp-content\/uploads\/2019\/09\/lejeunehommeetlesarts-min.jpg","contentUrl":"https:\/\/www.semen-l.org\/wp-content\/uploads\/2019\/09\/lejeunehommeetlesarts-min.jpg","width":200,"height":200,"caption":"Le jeune homme et les arts (d\u00e9tail)"},{"@type":"BreadcrumbList","@id":"https:\/\/www.semen-l.org\/?p=543#breadcrumb","itemListElement":[{"@type":"ListItem","position":1,"name":"Accueil","item":"http:\/\/www.semen-l.org\/"},{"@type":"ListItem","position":2,"name":"2e journ\u00e9e Dignit\u00e9 des Artes, Paris, 12 octobre 2019"}]},{"@type":"WebSite","@id":"http:\/\/www.semen-l.org\/#website","url":"http:\/\/www.semen-l.org\/","name":"Soci\u00e9t\u00e9 d'\u00c9tudes M\u00e9dio Et N\u00e9o-Latines","description":"","publisher":{"@id":"http:\/\/www.semen-l.org\/#organization"},"potentialAction":[{"@type":"SearchAction","target":{"@type":"EntryPoint","urlTemplate":"http:\/\/www.semen-l.org\/?s={search_term_string}"},"query-input":{"@type":"PropertyValueSpecification","valueRequired":true,"valueName":"search_term_string"}}],"inLanguage":"fr-FR"},{"@type":"Organization","@id":"http:\/\/www.semen-l.org\/#organization","name":"Soci\u00e9t\u00e9 d'\u00e9tudes m\u00e9dio et n\u00e9o-latines","url":"http:\/\/www.semen-l.org\/","logo":{"@type":"ImageObject","inLanguage":"fr-FR","@id":"http:\/\/www.semen-l.org\/#\/schema\/logo\/image\/","url":"http:\/\/www.semen-l.org\/wp-content\/uploads\/2020\/11\/logo-semenl.jpg","contentUrl":"http:\/\/www.semen-l.org\/wp-content\/uploads\/2020\/11\/logo-semenl.jpg","width":408,"height":403,"caption":"Soci\u00e9t\u00e9 d'\u00e9tudes m\u00e9dio et n\u00e9o-latines"},"image":{"@id":"http:\/\/www.semen-l.org\/#\/schema\/logo\/image\/"},"sameAs":["https:\/\/www.facebook.com\/SEMENL2018","https:\/\/independent.academia.edu\/SocitsdtudesmdioetnolatinesSEMENL"]},{"@type":"Person","@id":"http:\/\/www.semen-l.org\/#\/schema\/person\/6e8c8c75b499690cc37dd369354a7c47","name":"Seris","image":{"@type":"ImageObject","inLanguage":"fr-FR","@id":"https:\/\/secure.gravatar.com\/avatar\/8aec6178114279c28f7f0f4ccbb54eefdf0db708e95973d3513a9c5387b223b9?s=96&d=mm&r=g","url":"https:\/\/secure.gravatar.com\/avatar\/8aec6178114279c28f7f0f4ccbb54eefdf0db708e95973d3513a9c5387b223b9?s=96&d=mm&r=g","contentUrl":"https:\/\/secure.gravatar.com\/avatar\/8aec6178114279c28f7f0f4ccbb54eefdf0db708e95973d3513a9c5387b223b9?s=96&d=mm&r=g","caption":"Seris"},"url":"https:\/\/www.semen-l.org\/?author=5"}]}},"jetpack_featured_media_url":"https:\/\/www.semen-l.org\/wp-content\/uploads\/2019\/09\/lejeunehommeetlesarts-min.jpg","_links":{"self":[{"href":"https:\/\/www.semen-l.org\/index.php?rest_route=\/wp\/v2\/posts\/543","targetHints":{"allow":["GET"]}}],"collection":[{"href":"https:\/\/www.semen-l.org\/index.php?rest_route=\/wp\/v2\/posts"}],"about":[{"href":"https:\/\/www.semen-l.org\/index.php?rest_route=\/wp\/v2\/types\/post"}],"author":[{"embeddable":true,"href":"https:\/\/www.semen-l.org\/index.php?rest_route=\/wp\/v2\/users\/5"}],"replies":[{"embeddable":true,"href":"https:\/\/www.semen-l.org\/index.php?rest_route=%2Fwp%2Fv2%2Fcomments&post=543"}],"version-history":[{"count":0,"href":"https:\/\/www.semen-l.org\/index.php?rest_route=\/wp\/v2\/posts\/543\/revisions"}],"wp:featuredmedia":[{"embeddable":true,"href":"https:\/\/www.semen-l.org\/index.php?rest_route=\/wp\/v2\/media\/849"}],"wp:attachment":[{"href":"https:\/\/www.semen-l.org\/index.php?rest_route=%2Fwp%2Fv2%2Fmedia&parent=543"}],"wp:term":[{"taxonomy":"category","embeddable":true,"href":"https:\/\/www.semen-l.org\/index.php?rest_route=%2Fwp%2Fv2%2Fcategories&post=543"},{"taxonomy":"post_tag","embeddable":true,"href":"https:\/\/www.semen-l.org\/index.php?rest_route=%2Fwp%2Fv2%2Ftags&post=543"}],"curies":[{"name":"wp","href":"https:\/\/api.w.org\/{rel}","templated":true}]}}