{"id":534,"date":"2019-04-26T19:17:47","date_gmt":"2019-04-26T19:17:47","guid":{"rendered":"http:\/\/www.semen-l.org\/?p=534"},"modified":"2023-02-15T10:54:56","modified_gmt":"2023-02-15T10:54:56","slug":"3e-journee-jeunes-chercheurs-de-la-semen-l-paris-11-mai","status":"publish","type":"post","link":"https:\/\/www.semen-l.org\/?p=534","title":{"rendered":"3e Journ\u00e9e \u00ab\u00a0Jeunes chercheurs\u00a0\u00bb de la Semen-l (Paris, 11 mai)"},"content":{"rendered":"\t\t<div data-elementor-type=\"wp-post\" data-elementor-id=\"534\" class=\"elementor elementor-534\">\n\t\t\t\t\t\t<section class=\"elementor-section elementor-top-section elementor-element elementor-element-a089513 elementor-section-boxed elementor-section-height-default elementor-section-height-default\" data-id=\"a089513\" data-element_type=\"section\" data-e-type=\"section\">\n\t\t\t\t\t\t<div class=\"elementor-container elementor-column-gap-default\">\n\t\t\t\t\t<div class=\"elementor-column elementor-col-50 elementor-top-column elementor-element elementor-element-6f7f436\" data-id=\"6f7f436\" data-element_type=\"column\" data-e-type=\"column\">\n\t\t\t<div class=\"elementor-widget-wrap elementor-element-populated\">\n\t\t\t\t\t\t<div class=\"elementor-element elementor-element-e0096ba elementor-widget elementor-widget-text-editor\" data-id=\"e0096ba\" data-element_type=\"widget\" data-e-type=\"widget\" data-widget_type=\"text-editor.default\">\n\t\t\t\t<div class=\"elementor-widget-container\">\n\t\t\t\t\t\t\t\t\t<p><span style=\"font-size: 15px; color: var( --e-global-color-text );\">Programme de la journ\u00e9e pr\u00e9vue le Samedi 11 mai 2019 (9h30-16h) \u00e0 la Maison de la Recherche de Sorbonne Universit\u00e9, organis\u00e9e par D\u00e9borah Boijoux, Nicolas Casellato et Clara Renedo.<\/span><\/p><p>9h30 : Accueil des participant.e.s<br \/>9h45 : Ouverture de la journ\u00e9e d\u2019\u00e9tudes<br \/>Red\u00e9finition des genres classiques dans la litt\u00e9rature n\u00e9olatine<br \/>10h00 : \u00c9lise G\u00c9RARDY : \u00ab Scolastique et rh\u00e9torique : les Novae et veteris<br \/>eloquentiae placita (1663) du P\u00e8re Claude-Fran\u00e7ois M\u00e9nestrier \u00bb<br \/>10h30 : Julien PORTAL : \u00ab Le Theurgicon siue de Miraculis Christi (1644) de<br \/>Fran\u00e7ois Vavasseur, j\u00e9suite \u00bb<\/p><p>\u2013 Pause \u2013<\/p><p>R\u00e9\u00e9laboration des formes litt\u00e9raires m\u00e9di\u00e9vales<br \/>11h15 : Priscilla MOURGUES : \u00ab Enjeux et jeux de traduction des r\u00e9cits de voyage<br \/>par Jean Lelong d\u2019Ypres \u00bb<br \/>11h45 : Luce CARTERON et Clara RENEDO : \u00ab Po\u00e9tiser un texte technique :<br \/>le Martyrologe m\u00e9trique de Wandalbert de Pr\u00fcm \u00bb<\/p><p>\u2013 D\u00e9jeuner \u2013<\/p><p>R\u00e9ception de la po\u00e9sie classique \u00e0 l\u2019\u00e9poque humaniste et moderne<br \/>14h00 : \u00c9lisabeth AYDIN : \u00ab Poesis philosophica. Po\u00e9sie et philosophie grecques<br \/>antiques dans l\u2019humanisme fran\u00e7ais et n\u00e9erlandais entre 1560 et 1640 \u00bb<br \/>14h30 : Astrid QUILLIEN : \u00ab L\u2019Horace de Denis Lambin, d\u2019une \u00e9dition \u00e0 l\u2019autre<br \/>(1561 et 1567) : la fabrique d\u2019une \u00e9dition et d\u2019un commentaire \u00bb<br \/>15h00 : Margaux DUSAUSOIT : \u00ab Scaliger, lecteur de Virgile : liens possibles entre<br \/>la cr\u00e9ation litt\u00e9raire et la scolastique ? \u00bb<br \/>\u2013 Cl\u00f4ture de la journ\u00e9e et collation \u2013<\/p>\t\t\t\t\t\t\t\t<\/div>\n\t\t\t\t<\/div>\n\t\t\t\t\t<\/div>\n\t\t<\/div>\n\t\t\t\t<div class=\"elementor-column elementor-col-50 elementor-top-column elementor-element elementor-element-5f6e432\" data-id=\"5f6e432\" data-element_type=\"column\" data-e-type=\"column\">\n\t\t\t<div class=\"elementor-widget-wrap elementor-element-populated\">\n\t\t\t\t\t\t<div class=\"elementor-element elementor-element-624a5db elementor-widget elementor-widget-image\" data-id=\"624a5db\" data-element_type=\"widget\" data-e-type=\"widget\" data-widget_type=\"image.default\">\n\t\t\t\t<div class=\"elementor-widget-container\">\n\t\t\t\t\t\t\t\t\t\t\t\t<figure class=\"wp-caption\">\n\t\t\t\t\t\t\t\t\t\t\t<a href=\"http:\/\/www.semen-l.org\/wp-content\/uploads\/2019\/04\/Programme_Semen_L_2019.pdf\">\n\t\t\t\t\t\t\t<img fetchpriority=\"high\" decoding=\"async\" width=\"549\" height=\"784\" src=\"https:\/\/www.semen-l.org\/wp-content\/uploads\/2019\/04\/jdjc3gd.jpg\" class=\"attachment-large size-large wp-image-861\" alt=\"Affiche de la 3e journ\u00e9e des jeunes chercheurs de la SEMEN-L\" srcset=\"https:\/\/www.semen-l.org\/wp-content\/uploads\/2019\/04\/jdjc3gd.jpg 549w, https:\/\/www.semen-l.org\/wp-content\/uploads\/2019\/04\/jdjc3gd-210x300.jpg 210w, https:\/\/www.semen-l.org\/wp-content\/uploads\/2019\/04\/jdjc3gd-140x200.jpg 140w\" sizes=\"(max-width: 549px) 100vw, 549px\" \/>\t\t\t\t\t\t\t\t<\/a>\n\t\t\t\t\t\t\t\t\t\t\t<figcaption class=\"widget-image-caption wp-caption-text\">Cliquez sur l'image pour t\u00e9l\u00e9charger le programme.<\/figcaption>\n\t\t\t\t\t\t\t\t\t\t<\/figure>\n\t\t\t\t\t\t\t\t\t<\/div>\n\t\t\t\t<\/div>\n\t\t\t\t\t<\/div>\n\t\t<\/div>\n\t\t\t\t\t<\/div>\n\t\t<\/section>\n\t\t\t\t<\/div>\n\t\t","protected":false},"excerpt":{"rendered":"<p>Programme de la journ\u00e9e pr\u00e9vue le Samedi 11 mai 2019 (9h30-16h) \u00e0 la Maison de la Recherche de Sorbonne Universit\u00e9, organis\u00e9e par D\u00e9borah Boijoux, Nicolas Casellato et Clara Renedo. <a href=\"https:\/\/www.semen-l.org\/?p=534\">Continuer la lecture <span class=\"meta-nav\">&rarr;<\/span><\/a><\/p>\n","protected":false},"author":5,"featured_media":857,"comment_status":"open","ping_status":"open","sticky":false,"template":"","format":"standard","meta":{"footnotes":""},"categories":[1712],"tags":[52,48,51,49,44,47,43,53,42,46,45,54,50],"class_list":["post-534","post","type-post","status-publish","format-standard","has-post-thumbnail","hentry","category-journees-jeunes-chercheurs","tag-horace","tag-jean-lelong-dypres","tag-denis-lambin","tag-martyrologe-metrique","tag-claude-francois-menestrier","tag-novae-et-veteris-eloquentiae-placita","tag-rhetorique","tag-jules-cesar-scaliger","tag-scolastique","tag-theurgicon-siue-de-miraculis-christi","tag-francois-vavasseur","tag-virgile","tag-wandalbert-de-prum"],"yoast_head":"<!-- This site is optimized with the Yoast SEO plugin v27.5 - https:\/\/yoast.com\/product\/yoast-seo-wordpress\/ -->\n<title>3e Journ\u00e9e &quot;Jeunes chercheurs&quot; de la Semen-l (Paris, 11 mai) - Soci\u00e9t\u00e9 d&#039;\u00c9tudes M\u00e9dio Et N\u00e9o-Latines<\/title>\n<meta name=\"robots\" content=\"index, follow, max-snippet:-1, max-image-preview:large, max-video-preview:-1\" \/>\n<link rel=\"canonical\" href=\"http:\/\/www.semen-l.org\/?p=534\" \/>\n<meta property=\"og:locale\" content=\"fr_FR\" \/>\n<meta property=\"og:type\" content=\"article\" \/>\n<meta property=\"og:title\" content=\"3e Journ\u00e9e &quot;Jeunes chercheurs&quot; de la Semen-l (Paris, 11 mai) - Soci\u00e9t\u00e9 d&#039;\u00c9tudes M\u00e9dio Et N\u00e9o-Latines\" \/>\n<meta property=\"og:description\" content=\"Programme de la journ\u00e9e pr\u00e9vue le Samedi 11 mai 2019 (9h30-16h) \u00e0 la Maison de la Recherche de Sorbonne Universit\u00e9, organis\u00e9e par D\u00e9borah Boijoux, Nicolas Casellato et Clara Renedo. Continuer la lecture &rarr;\" \/>\n<meta property=\"og:url\" content=\"http:\/\/www.semen-l.org\/?p=534\" \/>\n<meta property=\"og:site_name\" content=\"Soci\u00e9t\u00e9 d&#039;\u00c9tudes M\u00e9dio Et N\u00e9o-Latines\" \/>\n<meta property=\"article:publisher\" content=\"https:\/\/www.facebook.com\/SEMENL2018\" \/>\n<meta property=\"article:published_time\" content=\"2019-04-26T19:17:47+00:00\" \/>\n<meta property=\"article:modified_time\" content=\"2023-02-15T10:54:56+00:00\" \/>\n<meta property=\"og:image\" content=\"http:\/\/www.semen-l.org\/wp-content\/uploads\/2019\/04\/jdjc3.jpg\" \/>\n\t<meta property=\"og:image:width\" content=\"200\" \/>\n\t<meta property=\"og:image:height\" content=\"200\" \/>\n\t<meta property=\"og:image:type\" content=\"image\/jpeg\" \/>\n<meta name=\"author\" content=\"Seris\" \/>\n<meta name=\"twitter:card\" content=\"summary_large_image\" \/>\n<meta name=\"twitter:label1\" content=\"\u00c9crit par\" \/>\n\t<meta name=\"twitter:data1\" content=\"Seris\" \/>\n\t<meta name=\"twitter:label2\" content=\"Dur\u00e9e de lecture estim\u00e9e\" \/>\n\t<meta name=\"twitter:data2\" content=\"1 minute\" \/>\n<script type=\"application\/ld+json\" class=\"yoast-schema-graph\">{\"@context\":\"https:\\\/\\\/schema.org\",\"@graph\":[{\"@type\":\"Article\",\"@id\":\"http:\\\/\\\/www.semen-l.org\\\/?p=534#article\",\"isPartOf\":{\"@id\":\"http:\\\/\\\/www.semen-l.org\\\/?p=534\"},\"author\":{\"name\":\"Seris\",\"@id\":\"http:\\\/\\\/www.semen-l.org\\\/#\\\/schema\\\/person\\\/6e8c8c75b499690cc37dd369354a7c47\"},\"headline\":\"3e Journ\u00e9e \u00ab\u00a0Jeunes chercheurs\u00a0\u00bb de la Semen-l (Paris, 11 mai)\",\"datePublished\":\"2019-04-26T19:17:47+00:00\",\"dateModified\":\"2023-02-15T10:54:56+00:00\",\"mainEntityOfPage\":{\"@id\":\"http:\\\/\\\/www.semen-l.org\\\/?p=534\"},\"wordCount\":245,\"commentCount\":0,\"publisher\":{\"@id\":\"http:\\\/\\\/www.semen-l.org\\\/#organization\"},\"image\":{\"@id\":\"http:\\\/\\\/www.semen-l.org\\\/?p=534#primaryimage\"},\"thumbnailUrl\":\"https:\\\/\\\/www.semen-l.org\\\/wp-content\\\/uploads\\\/2019\\\/04\\\/jdjc3.jpg\",\"keywords\":[\"Horace\",\"Jean Lelong d\u2019Ypres\",\"Lambin (Denis)\",\"Martyrologe m\u00e9trique\",\"M\u00e9nestrier (Claude-Fran\u00e7ois)\",\"Novae et veteris eloquentiae placita\",\"rh\u00e9torique\",\"Scaliger (Jules-C\u00e9sar)\",\"scolastique\",\"Theurgicon siue de Miraculis Christi\",\"Vavasseur (Fran\u00e7ois)\",\"Virgile\",\"Wandalbert de Pr\u00fcm\"],\"articleSection\":[\"Journ\u00e9es des jeunes chercheurs\"],\"inLanguage\":\"fr-FR\",\"potentialAction\":[{\"@type\":\"CommentAction\",\"name\":\"Comment\",\"target\":[\"http:\\\/\\\/www.semen-l.org\\\/?p=534#respond\"]}]},{\"@type\":\"WebPage\",\"@id\":\"http:\\\/\\\/www.semen-l.org\\\/?p=534\",\"url\":\"http:\\\/\\\/www.semen-l.org\\\/?p=534\",\"name\":\"3e Journ\u00e9e \\\"Jeunes chercheurs\\\" de la Semen-l (Paris, 11 mai) - Soci\u00e9t\u00e9 d&#039;\u00c9tudes M\u00e9dio Et N\u00e9o-Latines\",\"isPartOf\":{\"@id\":\"http:\\\/\\\/www.semen-l.org\\\/#website\"},\"primaryImageOfPage\":{\"@id\":\"http:\\\/\\\/www.semen-l.org\\\/?p=534#primaryimage\"},\"image\":{\"@id\":\"http:\\\/\\\/www.semen-l.org\\\/?p=534#primaryimage\"},\"thumbnailUrl\":\"https:\\\/\\\/www.semen-l.org\\\/wp-content\\\/uploads\\\/2019\\\/04\\\/jdjc3.jpg\",\"datePublished\":\"2019-04-26T19:17:47+00:00\",\"dateModified\":\"2023-02-15T10:54:56+00:00\",\"breadcrumb\":{\"@id\":\"http:\\\/\\\/www.semen-l.org\\\/?p=534#breadcrumb\"},\"inLanguage\":\"fr-FR\",\"potentialAction\":[{\"@type\":\"ReadAction\",\"target\":[\"http:\\\/\\\/www.semen-l.org\\\/?p=534\"]}]},{\"@type\":\"ImageObject\",\"inLanguage\":\"fr-FR\",\"@id\":\"http:\\\/\\\/www.semen-l.org\\\/?p=534#primaryimage\",\"url\":\"https:\\\/\\\/www.semen-l.org\\\/wp-content\\\/uploads\\\/2019\\\/04\\\/jdjc3.jpg\",\"contentUrl\":\"https:\\\/\\\/www.semen-l.org\\\/wp-content\\\/uploads\\\/2019\\\/04\\\/jdjc3.jpg\",\"width\":200,\"height\":200},{\"@type\":\"BreadcrumbList\",\"@id\":\"http:\\\/\\\/www.semen-l.org\\\/?p=534#breadcrumb\",\"itemListElement\":[{\"@type\":\"ListItem\",\"position\":1,\"name\":\"Accueil\",\"item\":\"http:\\\/\\\/www.semen-l.org\\\/\"},{\"@type\":\"ListItem\",\"position\":2,\"name\":\"3e Journ\u00e9e \u00ab\u00a0Jeunes chercheurs\u00a0\u00bb de la Semen-l (Paris, 11 mai)\"}]},{\"@type\":\"WebSite\",\"@id\":\"http:\\\/\\\/www.semen-l.org\\\/#website\",\"url\":\"http:\\\/\\\/www.semen-l.org\\\/\",\"name\":\"Soci\u00e9t\u00e9 d'\u00c9tudes M\u00e9dio Et N\u00e9o-Latines\",\"description\":\"\",\"publisher\":{\"@id\":\"http:\\\/\\\/www.semen-l.org\\\/#organization\"},\"potentialAction\":[{\"@type\":\"SearchAction\",\"target\":{\"@type\":\"EntryPoint\",\"urlTemplate\":\"http:\\\/\\\/www.semen-l.org\\\/?s={search_term_string}\"},\"query-input\":{\"@type\":\"PropertyValueSpecification\",\"valueRequired\":true,\"valueName\":\"search_term_string\"}}],\"inLanguage\":\"fr-FR\"},{\"@type\":\"Organization\",\"@id\":\"http:\\\/\\\/www.semen-l.org\\\/#organization\",\"name\":\"Soci\u00e9t\u00e9 d'\u00e9tudes m\u00e9dio et n\u00e9o-latines\",\"url\":\"http:\\\/\\\/www.semen-l.org\\\/\",\"logo\":{\"@type\":\"ImageObject\",\"inLanguage\":\"fr-FR\",\"@id\":\"http:\\\/\\\/www.semen-l.org\\\/#\\\/schema\\\/logo\\\/image\\\/\",\"url\":\"http:\\\/\\\/www.semen-l.org\\\/wp-content\\\/uploads\\\/2020\\\/11\\\/logo-semenl.jpg\",\"contentUrl\":\"http:\\\/\\\/www.semen-l.org\\\/wp-content\\\/uploads\\\/2020\\\/11\\\/logo-semenl.jpg\",\"width\":408,\"height\":403,\"caption\":\"Soci\u00e9t\u00e9 d'\u00e9tudes m\u00e9dio et n\u00e9o-latines\"},\"image\":{\"@id\":\"http:\\\/\\\/www.semen-l.org\\\/#\\\/schema\\\/logo\\\/image\\\/\"},\"sameAs\":[\"https:\\\/\\\/www.facebook.com\\\/SEMENL2018\",\"https:\\\/\\\/independent.academia.edu\\\/SocitsdtudesmdioetnolatinesSEMENL\"]},{\"@type\":\"Person\",\"@id\":\"http:\\\/\\\/www.semen-l.org\\\/#\\\/schema\\\/person\\\/6e8c8c75b499690cc37dd369354a7c47\",\"name\":\"Seris\",\"image\":{\"@type\":\"ImageObject\",\"inLanguage\":\"fr-FR\",\"@id\":\"https:\\\/\\\/secure.gravatar.com\\\/avatar\\\/8aec6178114279c28f7f0f4ccbb54eefdf0db708e95973d3513a9c5387b223b9?s=96&d=mm&r=g\",\"url\":\"https:\\\/\\\/secure.gravatar.com\\\/avatar\\\/8aec6178114279c28f7f0f4ccbb54eefdf0db708e95973d3513a9c5387b223b9?s=96&d=mm&r=g\",\"contentUrl\":\"https:\\\/\\\/secure.gravatar.com\\\/avatar\\\/8aec6178114279c28f7f0f4ccbb54eefdf0db708e95973d3513a9c5387b223b9?s=96&d=mm&r=g\",\"caption\":\"Seris\"},\"url\":\"https:\\\/\\\/www.semen-l.org\\\/?author=5\"}]}<\/script>\n<!-- \/ Yoast SEO plugin. -->","yoast_head_json":{"title":"3e Journ\u00e9e \"Jeunes chercheurs\" de la Semen-l (Paris, 11 mai) - Soci\u00e9t\u00e9 d&#039;\u00c9tudes M\u00e9dio Et N\u00e9o-Latines","robots":{"index":"index","follow":"follow","max-snippet":"max-snippet:-1","max-image-preview":"max-image-preview:large","max-video-preview":"max-video-preview:-1"},"canonical":"http:\/\/www.semen-l.org\/?p=534","og_locale":"fr_FR","og_type":"article","og_title":"3e Journ\u00e9e \"Jeunes chercheurs\" de la Semen-l (Paris, 11 mai) - Soci\u00e9t\u00e9 d&#039;\u00c9tudes M\u00e9dio Et N\u00e9o-Latines","og_description":"Programme de la journ\u00e9e pr\u00e9vue le Samedi 11 mai 2019 (9h30-16h) \u00e0 la Maison de la Recherche de Sorbonne Universit\u00e9, organis\u00e9e par D\u00e9borah Boijoux, Nicolas Casellato et Clara Renedo. Continuer la lecture &rarr;","og_url":"http:\/\/www.semen-l.org\/?p=534","og_site_name":"Soci\u00e9t\u00e9 d&#039;\u00c9tudes M\u00e9dio Et N\u00e9o-Latines","article_publisher":"https:\/\/www.facebook.com\/SEMENL2018","article_published_time":"2019-04-26T19:17:47+00:00","article_modified_time":"2023-02-15T10:54:56+00:00","og_image":[{"width":200,"height":200,"url":"http:\/\/www.semen-l.org\/wp-content\/uploads\/2019\/04\/jdjc3.jpg","type":"image\/jpeg"}],"author":"Seris","twitter_card":"summary_large_image","twitter_misc":{"\u00c9crit par":"Seris","Dur\u00e9e de lecture estim\u00e9e":"1 minute"},"schema":{"@context":"https:\/\/schema.org","@graph":[{"@type":"Article","@id":"http:\/\/www.semen-l.org\/?p=534#article","isPartOf":{"@id":"http:\/\/www.semen-l.org\/?p=534"},"author":{"name":"Seris","@id":"http:\/\/www.semen-l.org\/#\/schema\/person\/6e8c8c75b499690cc37dd369354a7c47"},"headline":"3e Journ\u00e9e \u00ab\u00a0Jeunes chercheurs\u00a0\u00bb de la Semen-l (Paris, 11 mai)","datePublished":"2019-04-26T19:17:47+00:00","dateModified":"2023-02-15T10:54:56+00:00","mainEntityOfPage":{"@id":"http:\/\/www.semen-l.org\/?p=534"},"wordCount":245,"commentCount":0,"publisher":{"@id":"http:\/\/www.semen-l.org\/#organization"},"image":{"@id":"http:\/\/www.semen-l.org\/?p=534#primaryimage"},"thumbnailUrl":"https:\/\/www.semen-l.org\/wp-content\/uploads\/2019\/04\/jdjc3.jpg","keywords":["Horace","Jean Lelong d\u2019Ypres","Lambin (Denis)","Martyrologe m\u00e9trique","M\u00e9nestrier (Claude-Fran\u00e7ois)","Novae et veteris eloquentiae placita","rh\u00e9torique","Scaliger (Jules-C\u00e9sar)","scolastique","Theurgicon siue de Miraculis Christi","Vavasseur (Fran\u00e7ois)","Virgile","Wandalbert de Pr\u00fcm"],"articleSection":["Journ\u00e9es des jeunes chercheurs"],"inLanguage":"fr-FR","potentialAction":[{"@type":"CommentAction","name":"Comment","target":["http:\/\/www.semen-l.org\/?p=534#respond"]}]},{"@type":"WebPage","@id":"http:\/\/www.semen-l.org\/?p=534","url":"http:\/\/www.semen-l.org\/?p=534","name":"3e Journ\u00e9e \"Jeunes chercheurs\" de la Semen-l (Paris, 11 mai) - Soci\u00e9t\u00e9 d&#039;\u00c9tudes M\u00e9dio Et N\u00e9o-Latines","isPartOf":{"@id":"http:\/\/www.semen-l.org\/#website"},"primaryImageOfPage":{"@id":"http:\/\/www.semen-l.org\/?p=534#primaryimage"},"image":{"@id":"http:\/\/www.semen-l.org\/?p=534#primaryimage"},"thumbnailUrl":"https:\/\/www.semen-l.org\/wp-content\/uploads\/2019\/04\/jdjc3.jpg","datePublished":"2019-04-26T19:17:47+00:00","dateModified":"2023-02-15T10:54:56+00:00","breadcrumb":{"@id":"http:\/\/www.semen-l.org\/?p=534#breadcrumb"},"inLanguage":"fr-FR","potentialAction":[{"@type":"ReadAction","target":["http:\/\/www.semen-l.org\/?p=534"]}]},{"@type":"ImageObject","inLanguage":"fr-FR","@id":"http:\/\/www.semen-l.org\/?p=534#primaryimage","url":"https:\/\/www.semen-l.org\/wp-content\/uploads\/2019\/04\/jdjc3.jpg","contentUrl":"https:\/\/www.semen-l.org\/wp-content\/uploads\/2019\/04\/jdjc3.jpg","width":200,"height":200},{"@type":"BreadcrumbList","@id":"http:\/\/www.semen-l.org\/?p=534#breadcrumb","itemListElement":[{"@type":"ListItem","position":1,"name":"Accueil","item":"http:\/\/www.semen-l.org\/"},{"@type":"ListItem","position":2,"name":"3e Journ\u00e9e \u00ab\u00a0Jeunes chercheurs\u00a0\u00bb de la Semen-l (Paris, 11 mai)"}]},{"@type":"WebSite","@id":"http:\/\/www.semen-l.org\/#website","url":"http:\/\/www.semen-l.org\/","name":"Soci\u00e9t\u00e9 d'\u00c9tudes M\u00e9dio Et N\u00e9o-Latines","description":"","publisher":{"@id":"http:\/\/www.semen-l.org\/#organization"},"potentialAction":[{"@type":"SearchAction","target":{"@type":"EntryPoint","urlTemplate":"http:\/\/www.semen-l.org\/?s={search_term_string}"},"query-input":{"@type":"PropertyValueSpecification","valueRequired":true,"valueName":"search_term_string"}}],"inLanguage":"fr-FR"},{"@type":"Organization","@id":"http:\/\/www.semen-l.org\/#organization","name":"Soci\u00e9t\u00e9 d'\u00e9tudes m\u00e9dio et n\u00e9o-latines","url":"http:\/\/www.semen-l.org\/","logo":{"@type":"ImageObject","inLanguage":"fr-FR","@id":"http:\/\/www.semen-l.org\/#\/schema\/logo\/image\/","url":"http:\/\/www.semen-l.org\/wp-content\/uploads\/2020\/11\/logo-semenl.jpg","contentUrl":"http:\/\/www.semen-l.org\/wp-content\/uploads\/2020\/11\/logo-semenl.jpg","width":408,"height":403,"caption":"Soci\u00e9t\u00e9 d'\u00e9tudes m\u00e9dio et n\u00e9o-latines"},"image":{"@id":"http:\/\/www.semen-l.org\/#\/schema\/logo\/image\/"},"sameAs":["https:\/\/www.facebook.com\/SEMENL2018","https:\/\/independent.academia.edu\/SocitsdtudesmdioetnolatinesSEMENL"]},{"@type":"Person","@id":"http:\/\/www.semen-l.org\/#\/schema\/person\/6e8c8c75b499690cc37dd369354a7c47","name":"Seris","image":{"@type":"ImageObject","inLanguage":"fr-FR","@id":"https:\/\/secure.gravatar.com\/avatar\/8aec6178114279c28f7f0f4ccbb54eefdf0db708e95973d3513a9c5387b223b9?s=96&d=mm&r=g","url":"https:\/\/secure.gravatar.com\/avatar\/8aec6178114279c28f7f0f4ccbb54eefdf0db708e95973d3513a9c5387b223b9?s=96&d=mm&r=g","contentUrl":"https:\/\/secure.gravatar.com\/avatar\/8aec6178114279c28f7f0f4ccbb54eefdf0db708e95973d3513a9c5387b223b9?s=96&d=mm&r=g","caption":"Seris"},"url":"https:\/\/www.semen-l.org\/?author=5"}]}},"jetpack_featured_media_url":"https:\/\/www.semen-l.org\/wp-content\/uploads\/2019\/04\/jdjc3.jpg","_links":{"self":[{"href":"https:\/\/www.semen-l.org\/index.php?rest_route=\/wp\/v2\/posts\/534","targetHints":{"allow":["GET"]}}],"collection":[{"href":"https:\/\/www.semen-l.org\/index.php?rest_route=\/wp\/v2\/posts"}],"about":[{"href":"https:\/\/www.semen-l.org\/index.php?rest_route=\/wp\/v2\/types\/post"}],"author":[{"embeddable":true,"href":"https:\/\/www.semen-l.org\/index.php?rest_route=\/wp\/v2\/users\/5"}],"replies":[{"embeddable":true,"href":"https:\/\/www.semen-l.org\/index.php?rest_route=%2Fwp%2Fv2%2Fcomments&post=534"}],"version-history":[{"count":0,"href":"https:\/\/www.semen-l.org\/index.php?rest_route=\/wp\/v2\/posts\/534\/revisions"}],"wp:featuredmedia":[{"embeddable":true,"href":"https:\/\/www.semen-l.org\/index.php?rest_route=\/wp\/v2\/media\/857"}],"wp:attachment":[{"href":"https:\/\/www.semen-l.org\/index.php?rest_route=%2Fwp%2Fv2%2Fmedia&parent=534"}],"wp:term":[{"taxonomy":"category","embeddable":true,"href":"https:\/\/www.semen-l.org\/index.php?rest_route=%2Fwp%2Fv2%2Fcategories&post=534"},{"taxonomy":"post_tag","embeddable":true,"href":"https:\/\/www.semen-l.org\/index.php?rest_route=%2Fwp%2Fv2%2Ftags&post=534"}],"curies":[{"name":"wp","href":"https:\/\/api.w.org\/{rel}","templated":true}]}}