{"id":530,"date":"2019-03-31T12:29:01","date_gmt":"2019-03-31T12:29:01","guid":{"rendered":"http:\/\/www.semen-l.org\/?p=530"},"modified":"2024-02-15T22:14:48","modified_gmt":"2024-02-15T22:14:48","slug":"colloque-serio-ludere-paris-12-13-avril","status":"publish","type":"post","link":"https:\/\/www.semen-l.org\/?p=530","title":{"rendered":"Colloque \u00ab\u00a0Serio ludere\u00a0\u00bb, Paris, 12-13 avril"},"content":{"rendered":"\t\t<div data-elementor-type=\"wp-post\" data-elementor-id=\"530\" class=\"elementor elementor-530\">\n\t\t\t\t\t\t<section class=\"elementor-section elementor-top-section elementor-element elementor-element-7fe12a1a elementor-section-boxed elementor-section-height-default elementor-section-height-default\" data-id=\"7fe12a1a\" data-element_type=\"section\" data-e-type=\"section\">\n\t\t\t\t\t\t<div class=\"elementor-container elementor-column-gap-default\">\n\t\t\t\t\t<div class=\"elementor-column elementor-col-100 elementor-top-column elementor-element elementor-element-62b622aa\" data-id=\"62b622aa\" data-element_type=\"column\" data-e-type=\"column\">\n\t\t\t<div class=\"elementor-widget-wrap elementor-element-populated\">\n\t\t\t\t\t\t<div class=\"elementor-element elementor-element-520c7a60 elementor-widget elementor-widget-text-editor\" data-id=\"520c7a60\" data-element_type=\"widget\" data-e-type=\"widget\" data-widget_type=\"text-editor.default\">\n\t\t\t\t<div class=\"elementor-widget-container\">\n\t\t\t\t\t\t\t\t\t<a href=\"http:\/\/www.semen-l.org\/wp-content\/uploads\/2019\/03\/SerioLudere-Programme.pdf\">SerioLudere-Programme<\/a>\t\t\t\t\t\t\t\t<\/div>\n\t\t\t\t<\/div>\n\t\t\t\t\t<\/div>\n\t\t<\/div>\n\t\t\t\t\t<\/div>\n\t\t<\/section>\n\t\t\t\t<section class=\"elementor-section elementor-top-section elementor-element elementor-element-0ebcc98 elementor-section-boxed elementor-section-height-default elementor-section-height-default\" data-id=\"0ebcc98\" data-element_type=\"section\" data-e-type=\"section\">\n\t\t\t\t\t\t<div class=\"elementor-container elementor-column-gap-default\">\n\t\t\t\t\t<div class=\"elementor-column elementor-col-50 elementor-top-column elementor-element elementor-element-26a4f40\" data-id=\"26a4f40\" data-element_type=\"column\" data-e-type=\"column\">\n\t\t\t<div class=\"elementor-widget-wrap elementor-element-populated\">\n\t\t\t\t\t\t<div class=\"elementor-element elementor-element-54fbb8d elementor-widget elementor-widget-text-editor\" data-id=\"54fbb8d\" data-element_type=\"widget\" data-e-type=\"widget\" data-widget_type=\"text-editor.default\">\n\t\t\t\t<div class=\"elementor-widget-container\">\n\t\t\t\t\t\t\t\t\t<p>12 &gt; 13 AVRIL 2019<br>SORBONNE UNIVERSIT\u00c9\/ INSTITUT DE FRANCE<br>COLLOQUE INTERNATIONAL<br>Serio ludere<br>D\u2019Alberti \u00e0 Pontano et d\u2019\u00c9rasme \u00e0 Thomas More<\/p>\n<p><br>Organis\u00e9 par H\u00e9l\u00e8ne CASANOVA-ROBIN (Sorbonne Universit\u00e9, EA 4081 Rome et ses renaissances), Francesco FURLAN (UMR 8230, Centre Jean P\u00e9pin &#8211; CNRS, ENS), Pierre LAURENS (Institut<br>de France), Hartmut WULFRAM (Universit\u00e4t Wien). Avec la collaboration de Laurence BOULEGUE (Univ. de Picardie-Jules Verne, EA 4284 TRAME) et Jean-Baptiste GUILLAUMIN (IUF- Sorbonne<br>Universit\u00e9, EA 4081 Rome et ses renaissances).<\/p>\n<p>12 avril<\/p>\n<p>MATIN\u00c9E &#8211; MAISON DE LA RECHERCHE<br>9h00 Accueil des participants<br>9h30 I &#8211; LA R\u00c9CEPTION DES SOURCES ANTIQUES DU SERIO LVDERE<br>Sous la pr\u00e9sidence d\u2019 Alain Billault<br>Giovanni Lombardo (Universit\u00e0 degli stud\u00ee, Messina) :<br>Le \u03c3\u03c0\u03bf\u03c5\u03b4\u03b1\u03b9\u03bf\u03b3\u03ad\u03bb\u03bf\u03b9\u03bf\u03bd et les ant\u00e9c\u00e9dents antiques du serio ludere<br>David Marsh (Rutgers &#8211; The State University of New Jersey, New Brunswick, N.J.) :<br>Lucian and the curia: Lapo, Eugenius IV, Alberti, and Manetti<br>Hartmut Wulfram (Universit\u00e4t Wien) :<br>The aesthetics of the false. \u00ab Paradoxical \u00bb encomium and Virgilian allegoresis in<br>Poggio Bracciolini\u2019s De avaritia<br>11h45 II &#8211; DES COMMENTAIRES A LA R\u00c9\u00c9LABORATION DES FORMES SATIRIQUES<br>Sous la pr\u00e9sidence de Francesco Tateo<br>Paolo Gattavari (University College, London)<br>Satira, filologia e verit\u00e0: Codro Urceo e Leon Battista Alberti<br>Stefano Grazzini (Universit\u00e0 degli stud\u00ee, Salerno)<br>L\u2019umorismo giovenaliano nella riflessione dei commentatori del secondo<br>Quattrocento<br>13h15 Pause d\u00e9jeuner<\/p>\n<p><br>APR\u00c8S-MIDI &#8211; ACAD\u00c9MIE DES INSCRIPTIONS ET BELLES-LETTRES (INSTITUT DE FRANCE)<\/p>\n<p><br>15h30 S\u00e9ance publique de l\u2019Acad\u00e9mie des Inscriptions et Belles-Lettres sous la pr\u00e9sidence<br>de M. Jean-No\u00ebl Robert, Pr\u00e9sident de l\u2019Acad\u00e9mie<br>III &#8211; LA LE\u00c7ON DU PARADOXE<br>Pierre Laurens (Acad\u00e9mie des Inscriptions et Belles Lettres, Paris)<br>D\u2019Alberti \u00e0 \u00c9rasme : La figure du mendiant roi<br>H\u00e9l\u00e8ne Casanova-Robin (Sorbonne Universit\u00e9, Paris), sous le patronage de Pierre<br>Laurens<br>La d\u00e9raison du sage, dans l\u2019Asinus de Pontano<\/p>\n<p><br>SAMEDI 13 AVRIL 2019<br>Matin\u00e9e : Maison de la Recherche | 28, rue Serpente 75006 Paris | Salle D 323<br>Apr\u00e8s-midi : Acad\u00e9mie des Inscriptions et Belles-Lettres (Institut de France) :<br>&gt;<br>23, quai Conti 75006 | Grande salle des s\u00e9ances<br>10h00 IV &#8211; L\u2019ART DU RIRE ET LA PHILOSOPHIE<br>Sous la pr\u00e9sidence de Laurence Boulegue<br>Francesco Tateo (Universit\u00e0 degli stud\u00ee, Bari) :<br>Arte della dissimulazione e dissimulazione dell\u2019arte<br>Florence Vuilleumier (Universit\u00e9 de Brest) :<br>Fabulari paulisper lubet, sed ex re: Le jeu de Politien dans la Lamia ou la philosophie<br>pour les nuls<br>11h45 V &#8211; OXYMORES ET POL\u00c9MIQUES<br>Monica Centanni (Istituto Universitario d\u2019Architettura di Venezia) :<br>Con il corpo e con l\u2019anima: La sintassi ossimorica dell\u2019impresa rinascimentale<br>Francesco Furlan (Centre \u00ab Jean P\u00e9pin \u00bb, CNRS. &amp; ENS, Paris) :<br>Ruses et troubles de l\u2019ex\u00e9g\u00e8se, ou Des errances de l\u2019histoire.<br>Le Momus, ses \u00e9ditions (1520) et sa circulation, entre m\u00e9sintelligences et paradoxes<br>13h00 Pause d\u00e9jeuner<br>14h30 VI &#8211; RIRE ET SAGESSE, D\u2019\u00c9RASME A THOMAS MORE<br>Sous la pr\u00e9sidence d\u2019Yves Hersant<br>Gilbert Tournoy (K.U., Leuven) :<br>Entre \u00c9rasme et Thomas More : Juan Luis Vives dans le sillage de Lucien<br>Lorenzo Geri (Universit\u00e0 degli stud\u00ee \u00abLa Sapienza\u00bb, Roma) :<br>La lezione di Luciano contro gli scolastici<br>Serio ludere e polemica religiosa negli umanisti germanici (1511-1520)<br>15h45 Pause<br>16h15 VI &#8211; RIRE ET SAGESSE, D\u2019\u00c9RASME A THOMAS MORE<br>Sous la pr\u00e9sidence de David Marsh<br>Katharina Sch\u00f6n (Wien Universit\u00e4t) :<br>Prosecuturus eram longius hoc dulcissimum somnium<br>Lucianic esprit and Menippean satire in Thomas More\u2019s utopian dreams<br>Yves Hersant (EHESS. &amp; CNRS, Paris) :<br>L\u2019Utopia de Thomas More : Un jeu s\u00e9rieux ?<br>17h45 Cl\u00f4ture du colloque<br><span style=\"font-size: 15px; color: var( --e-global-color-text );\"><br><\/span><\/p><p><span style=\"font-size: 15px; color: var( --e-global-color-text );\">Facult\u00e9 des Lettres<\/span><br><\/p><p>Sorbonne Universit\u00e9<br>1, rue Victor Cousin<br>75230 Paris cedex 05<br>T\u00e9l. 33 (0) 1 40 46 22 11<br>www.lettres.sorbonne-universite.fr<\/p>\t\t\t\t\t\t\t\t<\/div>\n\t\t\t\t<\/div>\n\t\t\t\t\t<\/div>\n\t\t<\/div>\n\t\t\t\t<div class=\"elementor-column elementor-col-50 elementor-top-column elementor-element elementor-element-1f55bc6\" data-id=\"1f55bc6\" data-element_type=\"column\" data-e-type=\"column\">\n\t\t\t<div class=\"elementor-widget-wrap elementor-element-populated\">\n\t\t\t\t\t\t<div class=\"elementor-element elementor-element-7b03f26 elementor-widget elementor-widget-image\" data-id=\"7b03f26\" data-element_type=\"widget\" data-e-type=\"widget\" data-widget_type=\"image.default\">\n\t\t\t\t<div class=\"elementor-widget-container\">\n\t\t\t\t\t\t\t\t\t\t\t\t<figure class=\"wp-caption\">\n\t\t\t\t\t\t\t\t\t\t\t<a href=\"http:\/\/www.semen-l.org\/wp-content\/uploads\/2019\/03\/SerioLudere-Programme.pdf\">\n\t\t\t\t\t\t\t<img fetchpriority=\"high\" decoding=\"async\" width=\"523\" height=\"743\" src=\"https:\/\/www.semen-l.org\/wp-content\/uploads\/2019\/03\/serioluderegd.jpg\" class=\"attachment-large size-large wp-image-877\" alt=\"\" srcset=\"https:\/\/www.semen-l.org\/wp-content\/uploads\/2019\/03\/serioluderegd.jpg 523w, https:\/\/www.semen-l.org\/wp-content\/uploads\/2019\/03\/serioluderegd-211x300.jpg 211w, https:\/\/www.semen-l.org\/wp-content\/uploads\/2019\/03\/serioluderegd-141x200.jpg 141w\" sizes=\"(max-width: 523px) 100vw, 523px\" \/>\t\t\t\t\t\t\t\t<\/a>\n\t\t\t\t\t\t\t\t\t\t\t<figcaption class=\"widget-image-caption wp-caption-text\">Cliquez sur l'image pour t\u00e9l\u00e9charger le programme<\/figcaption>\n\t\t\t\t\t\t\t\t\t\t<\/figure>\n\t\t\t\t\t\t\t\t\t<\/div>\n\t\t\t\t<\/div>\n\t\t\t\t\t<\/div>\n\t\t<\/div>\n\t\t\t\t\t<\/div>\n\t\t<\/section>\n\t\t\t\t<\/div>\n\t\t","protected":false},"excerpt":{"rendered":"<p>Colloque international 12 > 13 AVRIL 2019 &#8211; SORBONNE UNIVERSIT\u00c9\/ INSTITUT DE FRANCE &#8211; Organis\u00e9 par H\u00e9l\u00e8ne CASANOVA-ROBIN (Sorbonne Universit\u00e9, EA 4081 Rome et ses renaissances), Francesco FURLAN (UMR 8230, Centre Jean P\u00e9pin &#8211; CNRS, ENS), Pierre LAURENS (Institut de France), Hartmut WULFRAM (Universit\u00e4t Wien). Avec la collaboration de Laurence BOULEGUE (Univ. de Picardie-Jules Verne, EA 4284 TRAME) et Jean-Baptiste GUILLAUMIN (IUF- Sorbonne Universit\u00e9, EA 4081 Rome et ses renaissances). <a href=\"https:\/\/www.semen-l.org\/?p=530\">Continuer la lecture <span class=\"meta-nav\">&rarr;<\/span><\/a><\/p>\n","protected":false},"author":5,"featured_media":874,"comment_status":"open","ping_status":"open","sticky":false,"template":"","format":"standard","meta":{"footnotes":""},"categories":[4],"tags":[38,37,31,29,39,34,41,28,40,30,36,2056,32,35,33],"class_list":["post-530","post","type-post","status-publish","format-standard","has-post-thumbnail","hentry","category-colloques","tag-leon-battista-alberti","tag-asinus","tag-erasme","tag-exegese","tag-juvenal","tag-lucien-de-samosate","tag-antonio-manetti","tag-momus","tag-poggio-bracciolini","tag-ange-politien","tag-giovanni-pontano","tag-serio-ludere","tag-thomas-more","tag-utopia","tag-juan-luis-vives"],"yoast_head":"<!-- This site is optimized with the Yoast SEO plugin v27.5 - https:\/\/yoast.com\/product\/yoast-seo-wordpress\/ -->\n<title>Colloque &quot;Serio ludere&quot;, Paris, 12-13 avril - Soci\u00e9t\u00e9 d&#039;\u00c9tudes M\u00e9dio Et N\u00e9o-Latines<\/title>\n<meta name=\"description\" content=\"Programme d&#039;un colloque intitul\u00e9 &quot;Serio ludere \u00e0 Paris D\u2019Alberti \u00e0 Pontano et d\u2019\u00c9rasme \u00e0 Thomas More&quot; \u00e0 Parisen 2019 - Semen-L\" \/>\n<meta name=\"robots\" content=\"index, follow, max-snippet:-1, max-image-preview:large, max-video-preview:-1\" \/>\n<link rel=\"canonical\" href=\"http:\/\/www.semen-l.org\/?p=530\" \/>\n<meta property=\"og:locale\" content=\"fr_FR\" \/>\n<meta property=\"og:type\" content=\"article\" \/>\n<meta property=\"og:title\" content=\"Colloque &quot;Serio ludere&quot;, Paris, 12-13 avril - Soci\u00e9t\u00e9 d&#039;\u00c9tudes M\u00e9dio Et N\u00e9o-Latines\" \/>\n<meta property=\"og:description\" content=\"Programme d&#039;un colloque intitul\u00e9 &quot;Serio ludere \u00e0 Paris D\u2019Alberti \u00e0 Pontano et d\u2019\u00c9rasme \u00e0 Thomas More&quot; \u00e0 Parisen 2019 - Semen-L\" \/>\n<meta property=\"og:url\" content=\"http:\/\/www.semen-l.org\/?p=530\" \/>\n<meta property=\"og:site_name\" content=\"Soci\u00e9t\u00e9 d&#039;\u00c9tudes M\u00e9dio Et N\u00e9o-Latines\" \/>\n<meta property=\"article:publisher\" content=\"https:\/\/www.facebook.com\/SEMENL2018\" \/>\n<meta property=\"article:published_time\" content=\"2019-03-31T12:29:01+00:00\" \/>\n<meta property=\"article:modified_time\" content=\"2024-02-15T22:14:48+00:00\" \/>\n<meta property=\"og:image\" content=\"http:\/\/www.semen-l.org\/wp-content\/uploads\/2019\/03\/serioludere.jpg\" \/>\n\t<meta property=\"og:image:width\" content=\"200\" \/>\n\t<meta property=\"og:image:height\" content=\"200\" \/>\n\t<meta property=\"og:image:type\" content=\"image\/jpeg\" \/>\n<meta name=\"author\" content=\"Seris\" \/>\n<meta name=\"twitter:card\" content=\"summary_large_image\" \/>\n<meta name=\"twitter:label1\" content=\"\u00c9crit par\" \/>\n\t<meta name=\"twitter:data1\" content=\"Seris\" \/>\n\t<meta name=\"twitter:label2\" content=\"Dur\u00e9e de lecture estim\u00e9e\" \/>\n\t<meta name=\"twitter:data2\" content=\"4 minutes\" \/>\n<script type=\"application\/ld+json\" class=\"yoast-schema-graph\">{\"@context\":\"https:\\\/\\\/schema.org\",\"@graph\":[{\"@type\":\"Article\",\"@id\":\"http:\\\/\\\/www.semen-l.org\\\/?p=530#article\",\"isPartOf\":{\"@id\":\"http:\\\/\\\/www.semen-l.org\\\/?p=530\"},\"author\":{\"name\":\"Seris\",\"@id\":\"http:\\\/\\\/www.semen-l.org\\\/#\\\/schema\\\/person\\\/6e8c8c75b499690cc37dd369354a7c47\"},\"headline\":\"Colloque \u00ab\u00a0Serio ludere\u00a0\u00bb, Paris, 12-13 avril\",\"datePublished\":\"2019-03-31T12:29:01+00:00\",\"dateModified\":\"2024-02-15T22:14:48+00:00\",\"mainEntityOfPage\":{\"@id\":\"http:\\\/\\\/www.semen-l.org\\\/?p=530\"},\"wordCount\":618,\"commentCount\":0,\"publisher\":{\"@id\":\"http:\\\/\\\/www.semen-l.org\\\/#organization\"},\"image\":{\"@id\":\"http:\\\/\\\/www.semen-l.org\\\/?p=530#primaryimage\"},\"thumbnailUrl\":\"https:\\\/\\\/www.semen-l.org\\\/wp-content\\\/uploads\\\/2019\\\/03\\\/serioludere.jpg\",\"keywords\":[\"Alberti (Leon Battista)\",\"Asinus (Pontano)\",\"\u00c9rasme\",\"exeg\u00e8se\",\"Juv\u00e9nal\",\"Lucien de Samosate\",\"Manetti (Antonio)\",\"Momus\",\"Poggio Bracciolini\",\"Politien (Ange)\",\"Pontano (Giovanni)\",\"serio ludere\",\"Thomas More\",\"Utopia\",\"Vives (Juan Luis)\"],\"articleSection\":[\"Colloques\"],\"inLanguage\":\"fr-FR\",\"potentialAction\":[{\"@type\":\"CommentAction\",\"name\":\"Comment\",\"target\":[\"http:\\\/\\\/www.semen-l.org\\\/?p=530#respond\"]}]},{\"@type\":\"WebPage\",\"@id\":\"http:\\\/\\\/www.semen-l.org\\\/?p=530\",\"url\":\"http:\\\/\\\/www.semen-l.org\\\/?p=530\",\"name\":\"Colloque \\\"Serio ludere\\\", Paris, 12-13 avril - Soci\u00e9t\u00e9 d&#039;\u00c9tudes M\u00e9dio Et N\u00e9o-Latines\",\"isPartOf\":{\"@id\":\"http:\\\/\\\/www.semen-l.org\\\/#website\"},\"primaryImageOfPage\":{\"@id\":\"http:\\\/\\\/www.semen-l.org\\\/?p=530#primaryimage\"},\"image\":{\"@id\":\"http:\\\/\\\/www.semen-l.org\\\/?p=530#primaryimage\"},\"thumbnailUrl\":\"https:\\\/\\\/www.semen-l.org\\\/wp-content\\\/uploads\\\/2019\\\/03\\\/serioludere.jpg\",\"datePublished\":\"2019-03-31T12:29:01+00:00\",\"dateModified\":\"2024-02-15T22:14:48+00:00\",\"description\":\"Programme d'un colloque intitul\u00e9 \\\"Serio ludere \u00e0 Paris D\u2019Alberti \u00e0 Pontano et d\u2019\u00c9rasme \u00e0 Thomas More\\\" \u00e0 Parisen 2019 - Semen-L\",\"breadcrumb\":{\"@id\":\"http:\\\/\\\/www.semen-l.org\\\/?p=530#breadcrumb\"},\"inLanguage\":\"fr-FR\",\"potentialAction\":[{\"@type\":\"ReadAction\",\"target\":[\"http:\\\/\\\/www.semen-l.org\\\/?p=530\"]}]},{\"@type\":\"ImageObject\",\"inLanguage\":\"fr-FR\",\"@id\":\"http:\\\/\\\/www.semen-l.org\\\/?p=530#primaryimage\",\"url\":\"https:\\\/\\\/www.semen-l.org\\\/wp-content\\\/uploads\\\/2019\\\/03\\\/serioludere.jpg\",\"contentUrl\":\"https:\\\/\\\/www.semen-l.org\\\/wp-content\\\/uploads\\\/2019\\\/03\\\/serioludere.jpg\",\"width\":200,\"height\":200},{\"@type\":\"BreadcrumbList\",\"@id\":\"http:\\\/\\\/www.semen-l.org\\\/?p=530#breadcrumb\",\"itemListElement\":[{\"@type\":\"ListItem\",\"position\":1,\"name\":\"Accueil\",\"item\":\"http:\\\/\\\/www.semen-l.org\\\/\"},{\"@type\":\"ListItem\",\"position\":2,\"name\":\"Colloque \u00ab\u00a0Serio ludere\u00a0\u00bb, Paris, 12-13 avril\"}]},{\"@type\":\"WebSite\",\"@id\":\"http:\\\/\\\/www.semen-l.org\\\/#website\",\"url\":\"http:\\\/\\\/www.semen-l.org\\\/\",\"name\":\"Soci\u00e9t\u00e9 d'\u00c9tudes M\u00e9dio Et N\u00e9o-Latines\",\"description\":\"\",\"publisher\":{\"@id\":\"http:\\\/\\\/www.semen-l.org\\\/#organization\"},\"potentialAction\":[{\"@type\":\"SearchAction\",\"target\":{\"@type\":\"EntryPoint\",\"urlTemplate\":\"http:\\\/\\\/www.semen-l.org\\\/?s={search_term_string}\"},\"query-input\":{\"@type\":\"PropertyValueSpecification\",\"valueRequired\":true,\"valueName\":\"search_term_string\"}}],\"inLanguage\":\"fr-FR\"},{\"@type\":\"Organization\",\"@id\":\"http:\\\/\\\/www.semen-l.org\\\/#organization\",\"name\":\"Soci\u00e9t\u00e9 d'\u00e9tudes m\u00e9dio et n\u00e9o-latines\",\"url\":\"http:\\\/\\\/www.semen-l.org\\\/\",\"logo\":{\"@type\":\"ImageObject\",\"inLanguage\":\"fr-FR\",\"@id\":\"http:\\\/\\\/www.semen-l.org\\\/#\\\/schema\\\/logo\\\/image\\\/\",\"url\":\"http:\\\/\\\/www.semen-l.org\\\/wp-content\\\/uploads\\\/2020\\\/11\\\/logo-semenl.jpg\",\"contentUrl\":\"http:\\\/\\\/www.semen-l.org\\\/wp-content\\\/uploads\\\/2020\\\/11\\\/logo-semenl.jpg\",\"width\":408,\"height\":403,\"caption\":\"Soci\u00e9t\u00e9 d'\u00e9tudes m\u00e9dio et n\u00e9o-latines\"},\"image\":{\"@id\":\"http:\\\/\\\/www.semen-l.org\\\/#\\\/schema\\\/logo\\\/image\\\/\"},\"sameAs\":[\"https:\\\/\\\/www.facebook.com\\\/SEMENL2018\",\"https:\\\/\\\/independent.academia.edu\\\/SocitsdtudesmdioetnolatinesSEMENL\"]},{\"@type\":\"Person\",\"@id\":\"http:\\\/\\\/www.semen-l.org\\\/#\\\/schema\\\/person\\\/6e8c8c75b499690cc37dd369354a7c47\",\"name\":\"Seris\",\"image\":{\"@type\":\"ImageObject\",\"inLanguage\":\"fr-FR\",\"@id\":\"https:\\\/\\\/secure.gravatar.com\\\/avatar\\\/8aec6178114279c28f7f0f4ccbb54eefdf0db708e95973d3513a9c5387b223b9?s=96&d=mm&r=g\",\"url\":\"https:\\\/\\\/secure.gravatar.com\\\/avatar\\\/8aec6178114279c28f7f0f4ccbb54eefdf0db708e95973d3513a9c5387b223b9?s=96&d=mm&r=g\",\"contentUrl\":\"https:\\\/\\\/secure.gravatar.com\\\/avatar\\\/8aec6178114279c28f7f0f4ccbb54eefdf0db708e95973d3513a9c5387b223b9?s=96&d=mm&r=g\",\"caption\":\"Seris\"},\"url\":\"https:\\\/\\\/www.semen-l.org\\\/?author=5\"}]}<\/script>\n<!-- \/ Yoast SEO plugin. -->","yoast_head_json":{"title":"Colloque \"Serio ludere\", Paris, 12-13 avril - Soci\u00e9t\u00e9 d&#039;\u00c9tudes M\u00e9dio Et N\u00e9o-Latines","description":"Programme d'un colloque intitul\u00e9 \"Serio ludere \u00e0 Paris D\u2019Alberti \u00e0 Pontano et d\u2019\u00c9rasme \u00e0 Thomas More\" \u00e0 Parisen 2019 - Semen-L","robots":{"index":"index","follow":"follow","max-snippet":"max-snippet:-1","max-image-preview":"max-image-preview:large","max-video-preview":"max-video-preview:-1"},"canonical":"http:\/\/www.semen-l.org\/?p=530","og_locale":"fr_FR","og_type":"article","og_title":"Colloque \"Serio ludere\", Paris, 12-13 avril - Soci\u00e9t\u00e9 d&#039;\u00c9tudes M\u00e9dio Et N\u00e9o-Latines","og_description":"Programme d'un colloque intitul\u00e9 \"Serio ludere \u00e0 Paris D\u2019Alberti \u00e0 Pontano et d\u2019\u00c9rasme \u00e0 Thomas More\" \u00e0 Parisen 2019 - Semen-L","og_url":"http:\/\/www.semen-l.org\/?p=530","og_site_name":"Soci\u00e9t\u00e9 d&#039;\u00c9tudes M\u00e9dio Et N\u00e9o-Latines","article_publisher":"https:\/\/www.facebook.com\/SEMENL2018","article_published_time":"2019-03-31T12:29:01+00:00","article_modified_time":"2024-02-15T22:14:48+00:00","og_image":[{"width":200,"height":200,"url":"http:\/\/www.semen-l.org\/wp-content\/uploads\/2019\/03\/serioludere.jpg","type":"image\/jpeg"}],"author":"Seris","twitter_card":"summary_large_image","twitter_misc":{"\u00c9crit par":"Seris","Dur\u00e9e de lecture estim\u00e9e":"4 minutes"},"schema":{"@context":"https:\/\/schema.org","@graph":[{"@type":"Article","@id":"http:\/\/www.semen-l.org\/?p=530#article","isPartOf":{"@id":"http:\/\/www.semen-l.org\/?p=530"},"author":{"name":"Seris","@id":"http:\/\/www.semen-l.org\/#\/schema\/person\/6e8c8c75b499690cc37dd369354a7c47"},"headline":"Colloque \u00ab\u00a0Serio ludere\u00a0\u00bb, Paris, 12-13 avril","datePublished":"2019-03-31T12:29:01+00:00","dateModified":"2024-02-15T22:14:48+00:00","mainEntityOfPage":{"@id":"http:\/\/www.semen-l.org\/?p=530"},"wordCount":618,"commentCount":0,"publisher":{"@id":"http:\/\/www.semen-l.org\/#organization"},"image":{"@id":"http:\/\/www.semen-l.org\/?p=530#primaryimage"},"thumbnailUrl":"https:\/\/www.semen-l.org\/wp-content\/uploads\/2019\/03\/serioludere.jpg","keywords":["Alberti (Leon Battista)","Asinus (Pontano)","\u00c9rasme","exeg\u00e8se","Juv\u00e9nal","Lucien de Samosate","Manetti (Antonio)","Momus","Poggio Bracciolini","Politien (Ange)","Pontano (Giovanni)","serio ludere","Thomas More","Utopia","Vives (Juan Luis)"],"articleSection":["Colloques"],"inLanguage":"fr-FR","potentialAction":[{"@type":"CommentAction","name":"Comment","target":["http:\/\/www.semen-l.org\/?p=530#respond"]}]},{"@type":"WebPage","@id":"http:\/\/www.semen-l.org\/?p=530","url":"http:\/\/www.semen-l.org\/?p=530","name":"Colloque \"Serio ludere\", Paris, 12-13 avril - Soci\u00e9t\u00e9 d&#039;\u00c9tudes M\u00e9dio Et N\u00e9o-Latines","isPartOf":{"@id":"http:\/\/www.semen-l.org\/#website"},"primaryImageOfPage":{"@id":"http:\/\/www.semen-l.org\/?p=530#primaryimage"},"image":{"@id":"http:\/\/www.semen-l.org\/?p=530#primaryimage"},"thumbnailUrl":"https:\/\/www.semen-l.org\/wp-content\/uploads\/2019\/03\/serioludere.jpg","datePublished":"2019-03-31T12:29:01+00:00","dateModified":"2024-02-15T22:14:48+00:00","description":"Programme d'un colloque intitul\u00e9 \"Serio ludere \u00e0 Paris D\u2019Alberti \u00e0 Pontano et d\u2019\u00c9rasme \u00e0 Thomas More\" \u00e0 Parisen 2019 - Semen-L","breadcrumb":{"@id":"http:\/\/www.semen-l.org\/?p=530#breadcrumb"},"inLanguage":"fr-FR","potentialAction":[{"@type":"ReadAction","target":["http:\/\/www.semen-l.org\/?p=530"]}]},{"@type":"ImageObject","inLanguage":"fr-FR","@id":"http:\/\/www.semen-l.org\/?p=530#primaryimage","url":"https:\/\/www.semen-l.org\/wp-content\/uploads\/2019\/03\/serioludere.jpg","contentUrl":"https:\/\/www.semen-l.org\/wp-content\/uploads\/2019\/03\/serioludere.jpg","width":200,"height":200},{"@type":"BreadcrumbList","@id":"http:\/\/www.semen-l.org\/?p=530#breadcrumb","itemListElement":[{"@type":"ListItem","position":1,"name":"Accueil","item":"http:\/\/www.semen-l.org\/"},{"@type":"ListItem","position":2,"name":"Colloque \u00ab\u00a0Serio ludere\u00a0\u00bb, Paris, 12-13 avril"}]},{"@type":"WebSite","@id":"http:\/\/www.semen-l.org\/#website","url":"http:\/\/www.semen-l.org\/","name":"Soci\u00e9t\u00e9 d'\u00c9tudes M\u00e9dio Et N\u00e9o-Latines","description":"","publisher":{"@id":"http:\/\/www.semen-l.org\/#organization"},"potentialAction":[{"@type":"SearchAction","target":{"@type":"EntryPoint","urlTemplate":"http:\/\/www.semen-l.org\/?s={search_term_string}"},"query-input":{"@type":"PropertyValueSpecification","valueRequired":true,"valueName":"search_term_string"}}],"inLanguage":"fr-FR"},{"@type":"Organization","@id":"http:\/\/www.semen-l.org\/#organization","name":"Soci\u00e9t\u00e9 d'\u00e9tudes m\u00e9dio et n\u00e9o-latines","url":"http:\/\/www.semen-l.org\/","logo":{"@type":"ImageObject","inLanguage":"fr-FR","@id":"http:\/\/www.semen-l.org\/#\/schema\/logo\/image\/","url":"http:\/\/www.semen-l.org\/wp-content\/uploads\/2020\/11\/logo-semenl.jpg","contentUrl":"http:\/\/www.semen-l.org\/wp-content\/uploads\/2020\/11\/logo-semenl.jpg","width":408,"height":403,"caption":"Soci\u00e9t\u00e9 d'\u00e9tudes m\u00e9dio et n\u00e9o-latines"},"image":{"@id":"http:\/\/www.semen-l.org\/#\/schema\/logo\/image\/"},"sameAs":["https:\/\/www.facebook.com\/SEMENL2018","https:\/\/independent.academia.edu\/SocitsdtudesmdioetnolatinesSEMENL"]},{"@type":"Person","@id":"http:\/\/www.semen-l.org\/#\/schema\/person\/6e8c8c75b499690cc37dd369354a7c47","name":"Seris","image":{"@type":"ImageObject","inLanguage":"fr-FR","@id":"https:\/\/secure.gravatar.com\/avatar\/8aec6178114279c28f7f0f4ccbb54eefdf0db708e95973d3513a9c5387b223b9?s=96&d=mm&r=g","url":"https:\/\/secure.gravatar.com\/avatar\/8aec6178114279c28f7f0f4ccbb54eefdf0db708e95973d3513a9c5387b223b9?s=96&d=mm&r=g","contentUrl":"https:\/\/secure.gravatar.com\/avatar\/8aec6178114279c28f7f0f4ccbb54eefdf0db708e95973d3513a9c5387b223b9?s=96&d=mm&r=g","caption":"Seris"},"url":"https:\/\/www.semen-l.org\/?author=5"}]}},"jetpack_featured_media_url":"https:\/\/www.semen-l.org\/wp-content\/uploads\/2019\/03\/serioludere.jpg","_links":{"self":[{"href":"https:\/\/www.semen-l.org\/index.php?rest_route=\/wp\/v2\/posts\/530","targetHints":{"allow":["GET"]}}],"collection":[{"href":"https:\/\/www.semen-l.org\/index.php?rest_route=\/wp\/v2\/posts"}],"about":[{"href":"https:\/\/www.semen-l.org\/index.php?rest_route=\/wp\/v2\/types\/post"}],"author":[{"embeddable":true,"href":"https:\/\/www.semen-l.org\/index.php?rest_route=\/wp\/v2\/users\/5"}],"replies":[{"embeddable":true,"href":"https:\/\/www.semen-l.org\/index.php?rest_route=%2Fwp%2Fv2%2Fcomments&post=530"}],"version-history":[{"count":0,"href":"https:\/\/www.semen-l.org\/index.php?rest_route=\/wp\/v2\/posts\/530\/revisions"}],"wp:featuredmedia":[{"embeddable":true,"href":"https:\/\/www.semen-l.org\/index.php?rest_route=\/wp\/v2\/media\/874"}],"wp:attachment":[{"href":"https:\/\/www.semen-l.org\/index.php?rest_route=%2Fwp%2Fv2%2Fmedia&parent=530"}],"wp:term":[{"taxonomy":"category","embeddable":true,"href":"https:\/\/www.semen-l.org\/index.php?rest_route=%2Fwp%2Fv2%2Fcategories&post=530"},{"taxonomy":"post_tag","embeddable":true,"href":"https:\/\/www.semen-l.org\/index.php?rest_route=%2Fwp%2Fv2%2Ftags&post=530"}],"curies":[{"name":"wp","href":"https:\/\/api.w.org\/{rel}","templated":true}]}}