{"id":527,"date":"2019-03-31T12:26:58","date_gmt":"2019-03-31T12:26:58","guid":{"rendered":"http:\/\/www.semen-l.org\/?p=527"},"modified":"2020-11-18T19:06:28","modified_gmt":"2020-11-18T19:06:28","slug":"journees-detude-leonard-de-vinci-paris-4-5-avril","status":"publish","type":"post","link":"https:\/\/www.semen-l.org\/?p=527","title":{"rendered":"Journ\u00e9es d&rsquo;\u00e9tude \u00ab\u00a0L\u00e9onard de Vinci\u00a0\u00bb, Paris, 4-5 avril"},"content":{"rendered":"\t\t<div data-elementor-type=\"wp-post\" data-elementor-id=\"527\" class=\"elementor elementor-527\">\n\t\t\t\t\t\t<section class=\"elementor-section elementor-top-section elementor-element elementor-element-7d1eb4a elementor-section-boxed elementor-section-height-default elementor-section-height-default\" data-id=\"7d1eb4a\" data-element_type=\"section\" data-e-type=\"section\">\n\t\t\t\t\t\t<div class=\"elementor-container elementor-column-gap-default\">\n\t\t\t\t\t<div class=\"elementor-column elementor-col-50 elementor-top-column elementor-element elementor-element-ba53da4\" data-id=\"ba53da4\" data-element_type=\"column\" data-e-type=\"column\">\n\t\t\t<div class=\"elementor-widget-wrap elementor-element-populated\">\n\t\t\t\t\t\t<div class=\"elementor-element elementor-element-ddfc7a6 elementor-widget elementor-widget-text-editor\" data-id=\"ddfc7a6\" data-element_type=\"widget\" data-e-type=\"widget\" data-widget_type=\"text-editor.default\">\n\t\t\t\t<div class=\"elementor-widget-container\">\n\t\t\t\t\t\t\t\t\t<p class=\"MsoNoSpacing\">La recherche actuelle sur les sources de l\u2019\u0153uvre de L\u00e9onard de Vinci, l\u2019analyse de son style litt\u00e9raire et la fortune de ses \u00e9crits conf\u00e8re un int\u00e9r\u00eat grandissant \u00e0 son vocabulaire technique (m\u00e9canique, optique et anatomique). Dans cette perspective, l\u2019\u00e9tude fine du lexique de la peinture ouvre des pistes innovantes sur les outils de travail de L\u00e9onard dans son atelier o\u00f9 se rencontrent et fusionnent \u00e9criture, technique, exp\u00e9riences et cr\u00e9ation figurative. Le glossaire pictural constitue ainsi le fil rouge reliant les sources \u00e9crites de L\u00e9onard (la \u00ab biblioth\u00e8que \u00bb perdue de l\u2019\u00e9crivain), \u00e0 ses propres r\u00e9flexions et \u00e0 leur mise en \u0153uvre ; il est aussi un fil conducteur permettant d\u2019\u00e9clairer la r\u00e9ception et la fortune des \u00e9crits de l\u2019artiste dans les trait\u00e9s d\u2019art successifs. La p\u00e9riode consid\u00e9r\u00e9e s\u2019\u00e9tendra du XIVe si\u00e8cle au d\u00e9but du XVIIe si\u00e8cle selon une approche interdisciplinaire associant historiens (de la litt\u00e9rature, de la langue et des arts) et sp\u00e9cialistes de la conservation de l\u2019\u0153uvre figurative de l\u2019artiste ; les documents seront abord\u00e9s dans leurs contextes culturel, social et artistique de production. Ces Journ\u00e9es d\u2019\u00e9tude parisiennes seront suivies d\u2019un Colloque international consacr\u00e9 aux textes sur la peinture, intitul\u00e9 : Leonardo da Vinci e gli scritti di pittura in Europa : fonti e ricezione qui aura lieu \u00e0 l\u2019Universit\u00e9 de Turin du 27 au 29 novembre 2019.<\/p>\t\t\t\t\t\t\t\t<\/div>\n\t\t\t\t<\/div>\n\t\t\t\t\t<\/div>\n\t\t<\/div>\n\t\t\t\t<div class=\"elementor-column elementor-col-50 elementor-top-column elementor-element elementor-element-47e9390\" data-id=\"47e9390\" data-element_type=\"column\" data-e-type=\"column\">\n\t\t\t<div class=\"elementor-widget-wrap elementor-element-populated\">\n\t\t\t\t\t\t<div class=\"elementor-element elementor-element-432c917 elementor-widget elementor-widget-image\" data-id=\"432c917\" data-element_type=\"widget\" data-e-type=\"widget\" data-widget_type=\"image.default\">\n\t\t\t\t<div class=\"elementor-widget-container\">\n\t\t\t\t\t\t\t\t\t\t\t\t<figure class=\"wp-caption\">\n\t\t\t\t\t\t\t\t\t\t\t<a href=\"http:\/\/www.semen-l.org\/wp-content\/uploads\/2019\/03\/Programme-LeonardDeVinci.pdf\">\n\t\t\t\t\t\t\t<img fetchpriority=\"high\" decoding=\"async\" width=\"547\" height=\"768\" src=\"https:\/\/www.semen-l.org\/wp-content\/uploads\/2019\/03\/leonardmotspeinture.jpg\" class=\"attachment-large size-large wp-image-892\" alt=\"\" srcset=\"https:\/\/www.semen-l.org\/wp-content\/uploads\/2019\/03\/leonardmotspeinture.jpg 547w, https:\/\/www.semen-l.org\/wp-content\/uploads\/2019\/03\/leonardmotspeinture-214x300.jpg 214w, https:\/\/www.semen-l.org\/wp-content\/uploads\/2019\/03\/leonardmotspeinture-142x200.jpg 142w\" sizes=\"(max-width: 547px) 100vw, 547px\" \/>\t\t\t\t\t\t\t\t<\/a>\n\t\t\t\t\t\t\t\t\t\t\t<figcaption class=\"widget-image-caption wp-caption-text\">Cliquez sur l'image pour t\u00e9l\u00e9charger le programme.<\/figcaption>\n\t\t\t\t\t\t\t\t\t\t<\/figure>\n\t\t\t\t\t\t\t\t\t<\/div>\n\t\t\t\t<\/div>\n\t\t\t\t\t<\/div>\n\t\t<\/div>\n\t\t\t\t\t<\/div>\n\t\t<\/section>\n\t\t\t\t<section class=\"elementor-section elementor-top-section elementor-element elementor-element-cdc0e52 elementor-section-boxed elementor-section-height-default elementor-section-height-default\" data-id=\"cdc0e52\" data-element_type=\"section\" data-e-type=\"section\">\n\t\t\t\t\t\t<div class=\"elementor-container elementor-column-gap-default\">\n\t\t\t\t\t<div class=\"elementor-column elementor-col-100 elementor-top-column elementor-element elementor-element-17a8c40\" data-id=\"17a8c40\" data-element_type=\"column\" data-e-type=\"column\">\n\t\t\t<div class=\"elementor-widget-wrap elementor-element-populated\">\n\t\t\t\t\t\t<div class=\"elementor-element elementor-element-efa5906 elementor-widget elementor-widget-text-editor\" data-id=\"efa5906\" data-element_type=\"widget\" data-e-type=\"widget\" data-widget_type=\"text-editor.default\">\n\t\t\t\t<div class=\"elementor-widget-container\">\n\t\t\t\t\t\t\t\t\t<p>JEUDI 4 AVRIL 2019<\/p><p>MAISON DE L&rsquo;ITALIE<\/p><p>\u00a0<\/p><p>Session 1 : \u00ab L\u00e9onard et la peinture : mots, mat\u00e9riaux et techniques \u00bb<\/p><p>Pr\u00e9sidence de M. Carlo Vecce, professeur \u00e0 l\u2019Universit\u00e0 di Napoli l\u2019Orientale, membre de la Commissione Vinciana<\/p><p>\u00a0<\/p><p>9h30\u00a0 : Introduction par M. Carlo Vecce, professeur \u00e0 l\u2019Universit\u00e0 di Napoli l\u2019Orientale,<\/p><p>membre de la Commissione Vinciana<\/p><p>10h-10h30 : Mme Angela Cerasuolo, restauratrice-conservatrice au Museo e Real Bosco di<\/p><p>Capodimonte (Naples) : Su alcuni termini di Leonardo per materiali e procedimenti della pittura : per una storia del lessico tecnico<\/p><p>10h30-11h : Mme \u00c9lisabeth Ravaud, responsable peintures de chevalet au d\u00e9partement<\/p><p>Recherche du C2RMF du mus\u00e9e du Louvre : Du texte \u00e0 la peinture : les techniques picturales<\/p><p>et leur vocabulaire \u00e0 la lumi\u00e8re des \u00e9tudes scientifiques<\/p><p>11h-11h30 : M. Claudio Gulli, historien de l\u2019art au Palazzo Butera (Palerme) : Leonardo e la<\/p><p>parola \u00ab cartone \u00bb<\/p><p>11h30 : D\u00e9bat<\/p><p>11h45-12h : Pause-caf\u00e9<\/p><p>\u00a0<\/p><p>***<\/p><p>\u00a0<\/p><p>Session 2 : \u00ab L\u00e9onard en perspective : visible et invisible \u00bb<\/p><p>Pr\u00e9sidence de s\u00e9ance de M. Michel Hochmann, historien de l\u2019art et directeur d\u2019\u00e9tudes \u00e0<\/p><p>l\u2019\u00c9cole pratique des Hautes \u00c9tudes<\/p><p>\u00a0<\/p><p>JEUDI 4 AVRIL 2019 Maison de l\u2019Italie<\/p><p>Session 1 : \u00ab L\u00e9onard et la peinture : mots, mat\u00e9riaux et techniques \u00bb<\/p><p>Pr\u00e9sidence de M. Carlo Vecce, professeur \u00e0 l\u2019Universit\u00e0 di Napoli l\u2019Orientale, membre de la Commissione Vinciana<\/p><p>Session 3 : \u00ab Le Parall\u00e8le des arts et sa r\u00e9ception \u00bb<\/p><p>Pr\u00e9sidence de s\u00e9ance de Mme Corinne Lucas Fiorato, professeur \u00e9m\u00e9rite \u00e0 l\u2019Universit\u00e9 Sorbonne<\/p><p>Nouvelle Paris 3<\/p><p>12h-12h30 : Mme Margherita Quaglino, chercheuse \u00e0 l\u2019Universit\u00e0 di Torino : \u00ab Superfitie ridotte<\/p><p>in linie \u00bb. Invisibile e sensibile tra ottica e pittura<\/p><p>12h30-13h00 : Mme Typhenn Le Guyader, doctorante et ATER \u00e0 l\u2019Universit\u00e9 Sorbonne<\/p><p>Nouvelle Paris 3 : Des limites de la langue aux limites du visible : la nuit chez L\u00e9onard de Vinci<\/p><p>13h : D\u00e9bat<\/p><p>***<\/p><p>\u00a0<\/p><p>Session 3 : \u00ab Le Parall\u00e8le des arts et sa r\u00e9ception \u00bb<\/p><p>Pr\u00e9sidence de s\u00e9ance de Mme Corinne Lucas Fiorato, professeur \u00e9m\u00e9rite \u00e0 l\u2019Universit\u00e9 Sorbonne<\/p><p>Nouvelle Paris 3<\/p><p>\u00a0<\/p><p>15h-15h30 : Mme Eliana Carrara, chercheuse \u00e0 l\u2019Universit\u00e0 degli Studi del Molise : Il tema del<\/p><p>Paragone da Leonardo a Varchi tra analisi lessicale e storia della tradizione manoscritta del<\/p><p>Libro di pittura<\/p><p>15h30-16h : Fr\u00e9d\u00e9rique Dubard de Gaillarbois, professeur \u00e0 l\u2019Universit\u00e9 de Paris IV-Sorbonne :<\/p><p>\u00ab Versificatore e Poeta&#8230; Filosofo e Metafisico \u00bb, le L\u00e9onard varchien dans l\u2019Oraison fun\u00e8bre de<\/p><p>Michel-Ange<\/p><p>16h : D\u00e9bat<\/p><p>\u00a0<\/p><p>***<\/p><p>\u00a0<\/p><p>VENDREDI 5 AVRIL 2019<\/p><p>Acad\u00e9mie des Inscriptions et Belles-Lettres<\/p><p>Grande Salle des s\u00e9ances de l\u2019Institut de France<\/p><p>\u00a0<\/p><p>9h30 : Allocution d\u2019accueil de M. Pierre Laurens, membre de l\u2019Acad\u00e9mie des Inscriptions et BellesLettres<\/p><p>\u00a0<\/p><p>Session 4 : \u00ab La langue de la peinture et sa r\u00e9ception en Italie \u00bb<\/p><p>Pr\u00e9sidence de s\u00e9ance : M. Pierre Laurens, membre de l\u2019Acad\u00e9mie des Inscriptions et Belles Lettres<\/p><p>\u00a0<\/p><p>9h45-10h15 : Mme Barbara Fanini, chercheuse postdoctorante \u00e0 l\u2019Universit\u00e0 degli Studi di<\/p><p>Firenze, attach\u00e9e \u00e0 l\u2019Accademia della Crusca : \u00ab Revolutioni \u00bb d\u2019arte, \u00ab revolutioni \u00bb di lingua<\/p><p>10h15-10h45 : Mme Stefania Tullio Cataldo, charg\u00e9e de recherche au mus\u00e9e du Louvre : Entre \u00ab ritratti \u00bb et \u00ab medaglie \u00bb, validit\u00e9 d\u2019une approche philologique dans l\u2019histoire de la pratique d\u2019atelier<\/p><p>10h45 : D\u00e9bat<\/p><p>11h : Pause-caf\u00e9<\/p><p>\u00a0<\/p><p>***<\/p><p>Session 5 : \u00ab Lectures de L\u00e9onard en France \u00bb<\/p><p>Pr\u00e9sidence de s\u00e9ance : M. Pierre Laurens, membre de l\u2019Acad\u00e9mie des Inscriptions et Belles Lettres<\/p><p>\u00a0<\/p><p>11h15-11h45 : Mme Anna Sconza, ma\u00eetre de conf\u00e9rences \u00e0 l\u2019Universit\u00e9 Sorbonne Nouvelle<\/p><p>Paris 3 : D\u2019apr\u00e8s L\u00e9onard : termes critiques en filigrane dans les Conf\u00e9rences de l\u2019Acad\u00e9mie royale<\/p><p>de Peinture et de Sculpture<\/p><p>11h45-12h15 : Mme Laure Fagnart, chercheuse qualifi\u00e9e du F.R.S.-FNRS (Universit\u00e9 de Li\u00e8ge) :<\/p><p>L\u00e9onard de Vinci dans les textes de th\u00e9orie de l\u2019art publi\u00e9s en France au XVIIe<\/p><p>\u00a0si\u00e8cle. Propos choisis<\/p><p>12h15 : D\u00e9bat<\/p><p>12h30-15h : pr\u00e9sentation de l\u2019exposition des Carnets de L\u00e9onard par Mme Fran\u00e7oise B\u00e9rard,<\/p><p>directeur de la Biblioth\u00e8que de l\u2019Institut de France (sur inscription)<\/p><p>***<\/p><p>\u00a0<\/p><p>Session 5 : \u00ab Lectures de L\u00e9onard en France \u00bb<\/p><p>Pr\u00e9sidence de s\u00e9ance : M. Pierre Laurens, membre de l\u2019Acad\u00e9mie des Inscriptions et Belles Lettres<\/p><p>\u00a0<\/p><p>11h15-11h45 : Mme Anna Sconza, ma\u00eetre de conf\u00e9rences \u00e0 l\u2019Universit\u00e9 Sorbonne Nouvelle<\/p><p>Paris 3 : D\u2019apr\u00e8s L\u00e9onard : termes critiques en filigrane dans les Conf\u00e9rences de l\u2019Acad\u00e9mie royale<\/p><p>de Peinture et de Sculpture<\/p><p>11h45-12h15 : Mme Laure Fagnart, chercheuse qualifi\u00e9e du F.R.S.-FNRS (Universit\u00e9 de Li\u00e8ge) :<\/p><p>L\u00e9onard de Vinci dans les textes de th\u00e9orie de l\u2019art publi\u00e9s en France au XVIIe<\/p><p>\u00a0si\u00e8cle. Propos choisis<\/p><p>12h15 : D\u00e9bat<\/p><p>12h30-15h : pr\u00e9sentation de l\u2019exposition des Carnets de L\u00e9onard par Mme Fran\u00e7oise B\u00e9rard,<\/p><p>directeur de la Biblioth\u00e8que de l\u2019Institut de France (sur inscription)<\/p><p>\u00a0<\/p><p>15h30 : s\u00e9ance publique de l\u2019Acad\u00e9mie des Inscriptions et Belles-Lettres sous la pr\u00e9sidence<\/p><p>de M. Jean-No\u00ebl Robert, Pr\u00e9sident de l\u2019Acad\u00e9mie<\/p><p>Communication de M. Carlo Vecce, professeur \u00e0 l\u2019Universit\u00e0 di Napoli l\u2019Orientale, sous le<\/p><p>patronage de MM. Jean-No\u00ebl Robert, Pr\u00e9sident de de l\u2019Acad\u00e9mie, et Pierre Laurens, membre<\/p><p>de l\u2019Acad\u00e9mie : Les livres et le temps : la biblioth\u00e8que de L\u00e9onard de Vinci<\/p><p>Communication de M. Robert Halleux, associ\u00e9 \u00e9tranger de l\u2019Acad\u00e9mie : L\u00e9onard ing\u00e9nieur :<\/p><p>la transgression technologique<\/p>\t\t\t\t\t\t\t\t<\/div>\n\t\t\t\t<\/div>\n\t\t\t\t\t<\/div>\n\t\t<\/div>\n\t\t\t\t\t<\/div>\n\t\t<\/section>\n\t\t\t\t<section class=\"elementor-section elementor-top-section elementor-element elementor-element-6686c33 elementor-section-boxed elementor-section-height-default elementor-section-height-default\" data-id=\"6686c33\" data-element_type=\"section\" data-e-type=\"section\">\n\t\t\t\t\t\t<div class=\"elementor-container elementor-column-gap-default\">\n\t\t\t\t\t<div class=\"elementor-column elementor-col-100 elementor-top-column elementor-element elementor-element-09ed0f0\" data-id=\"09ed0f0\" data-element_type=\"column\" data-e-type=\"column\">\n\t\t\t<div class=\"elementor-widget-wrap elementor-element-populated\">\n\t\t\t\t\t\t<div class=\"elementor-element elementor-element-e6a94b1 elementor-widget elementor-widget-text-editor\" data-id=\"e6a94b1\" data-element_type=\"widget\" data-e-type=\"widget\" data-widget_type=\"text-editor.default\">\n\t\t\t\t<div class=\"elementor-widget-container\">\n\t\t\t\t\t\t\t\t\t<p>Comit\u00e9 scientifique : Lucia Bertolini, Eliana Carrara, Francesco P. Di Teodoro, Laure Fagnart,\nCorinne Lucas Fiorato, Giovanna Frosini, Michel Hochmann, Paola Manni, Enrico Mattioda,\nMargherita Quaglino, Matteo Residori, Piera Giovanna Tordella, Anna Sconza, Carlo Vecce\nComit\u00e9 d\u2019organisation : Michela Del Savio, Typhenn Le Guyader, Margherita Quaglino, Anna Sconza\n Contacts : paristurin2019@gmail.com; margherita.quaglino@unito.it ; anna.sconza@sorbonne-nouvelle.fr\nPartenaires scientifiques : Accademia della Crusca, Biblioteca Leonardiana \u2013 Centro di ricerca e\ndocumentazione per gli studi Leonardiani, \u00c9cole Nationale Sup\u00e9rieure des Beaux-Arts, Politecnico di Torino, Universit\u00e9 de Li\u00e8ge\nJourn\u00e9es organis\u00e9es avec le soutien de la Commission de la recherche et du D\u00e9partement\nd\u2019\u00e9tudes italiennes et roumaines de la Sorbonne Nouvelle Paris 3, de l\u2019Institut Fran\u00e7ais d\u2019Italie\net du Comitato nazionale per le Celebrazioni dei 500 anni dalla morte di Leonardo da Vinci<\/p>\t\t\t\t\t\t\t\t<\/div>\n\t\t\t\t<\/div>\n\t\t\t\t\t<\/div>\n\t\t<\/div>\n\t\t\t\t\t<\/div>\n\t\t<\/section>\n\t\t\t\t<\/div>\n\t\t","protected":false},"excerpt":{"rendered":"<p>La recherche actuelle sur les sources de l\u2019\u0153uvre de L\u00e9onard de Vinci, l\u2019analyse de son style litt\u00e9raire et la fortune de ses \u00e9crits conf\u00e8re un int\u00e9r\u00eat grandissant \u00e0 son vocabulaire technique (m\u00e9canique, optique et anatomique). Dans cette perspective, l\u2019\u00e9tude fine &hellip; <a href=\"https:\/\/www.semen-l.org\/?p=527\">Continuer la lecture <span class=\"meta-nav\">&rarr;<\/span><\/a><\/p>\n","protected":false},"author":5,"featured_media":890,"comment_status":"open","ping_status":"open","sticky":false,"template":"","format":"standard","meta":{"footnotes":""},"categories":[4],"tags":[92,100,102,101],"class_list":["post-527","post","type-post","status-publish","format-standard","has-post-thumbnail","hentry","category-colloques","tag-art","tag-peinture","tag-theorie-de-lart","tag-leonard-de-vinci"],"yoast_head":"<!-- This site is optimized with the Yoast SEO plugin v27.5 - https:\/\/yoast.com\/product\/yoast-seo-wordpress\/ -->\n<title>Journ\u00e9es d&#039;\u00e9tude &quot;L\u00e9onard de Vinci&quot;, Paris, 4-5 avril - Soci\u00e9t\u00e9 d&#039;\u00c9tudes M\u00e9dio Et N\u00e9o-Latines<\/title>\n<meta name=\"robots\" content=\"index, follow, max-snippet:-1, max-image-preview:large, max-video-preview:-1\" \/>\n<link rel=\"canonical\" href=\"https:\/\/www.semen-l.org\/?p=527\" \/>\n<meta property=\"og:locale\" content=\"fr_FR\" \/>\n<meta property=\"og:type\" content=\"article\" \/>\n<meta property=\"og:title\" content=\"Journ\u00e9es d&#039;\u00e9tude &quot;L\u00e9onard de Vinci&quot;, Paris, 4-5 avril - Soci\u00e9t\u00e9 d&#039;\u00c9tudes M\u00e9dio Et N\u00e9o-Latines\" \/>\n<meta property=\"og:description\" content=\"La recherche actuelle sur les sources de l\u2019\u0153uvre de L\u00e9onard de Vinci, l\u2019analyse de son style litt\u00e9raire et la fortune de ses \u00e9crits conf\u00e8re un int\u00e9r\u00eat grandissant \u00e0 son vocabulaire technique (m\u00e9canique, optique et anatomique). Dans cette perspective, l\u2019\u00e9tude fine &hellip; Continuer la lecture &rarr;\" \/>\n<meta property=\"og:url\" content=\"https:\/\/www.semen-l.org\/?p=527\" \/>\n<meta property=\"og:site_name\" content=\"Soci\u00e9t\u00e9 d&#039;\u00c9tudes M\u00e9dio Et N\u00e9o-Latines\" \/>\n<meta property=\"article:publisher\" content=\"https:\/\/www.facebook.com\/SEMENL2018\" \/>\n<meta property=\"article:published_time\" content=\"2019-03-31T12:26:58+00:00\" \/>\n<meta property=\"article:modified_time\" content=\"2020-11-18T19:06:28+00:00\" \/>\n<meta property=\"og:image\" content=\"https:\/\/www.semen-l.org\/wp-content\/uploads\/2019\/03\/leonardmotspeintureb.jpg\" \/>\n\t<meta property=\"og:image:width\" content=\"200\" \/>\n\t<meta property=\"og:image:height\" content=\"200\" \/>\n\t<meta property=\"og:image:type\" content=\"image\/jpeg\" \/>\n<meta name=\"author\" content=\"Seris\" \/>\n<meta name=\"twitter:card\" content=\"summary_large_image\" \/>\n<meta name=\"twitter:label1\" content=\"\u00c9crit par\" \/>\n\t<meta name=\"twitter:data1\" content=\"Seris\" \/>\n\t<meta name=\"twitter:label2\" content=\"Dur\u00e9e de lecture estim\u00e9e\" \/>\n\t<meta name=\"twitter:data2\" content=\"6 minutes\" \/>\n<script type=\"application\/ld+json\" class=\"yoast-schema-graph\">{\"@context\":\"https:\\\/\\\/schema.org\",\"@graph\":[{\"@type\":\"Article\",\"@id\":\"https:\\\/\\\/www.semen-l.org\\\/?p=527#article\",\"isPartOf\":{\"@id\":\"https:\\\/\\\/www.semen-l.org\\\/?p=527\"},\"author\":{\"name\":\"Seris\",\"@id\":\"http:\\\/\\\/www.semen-l.org\\\/#\\\/schema\\\/person\\\/6e8c8c75b499690cc37dd369354a7c47\"},\"headline\":\"Journ\u00e9es d&rsquo;\u00e9tude \u00ab\u00a0L\u00e9onard de Vinci\u00a0\u00bb, Paris, 4-5 avril\",\"datePublished\":\"2019-03-31T12:26:58+00:00\",\"dateModified\":\"2020-11-18T19:06:28+00:00\",\"mainEntityOfPage\":{\"@id\":\"https:\\\/\\\/www.semen-l.org\\\/?p=527\"},\"wordCount\":1292,\"commentCount\":0,\"publisher\":{\"@id\":\"http:\\\/\\\/www.semen-l.org\\\/#organization\"},\"image\":{\"@id\":\"https:\\\/\\\/www.semen-l.org\\\/?p=527#primaryimage\"},\"thumbnailUrl\":\"https:\\\/\\\/www.semen-l.org\\\/wp-content\\\/uploads\\\/2019\\\/03\\\/leonardmotspeintureb.jpg\",\"keywords\":[\"art\",\"peinture\",\"th\u00e9orie de l'art\",\"Vinci (L\u00e9onard de)\"],\"articleSection\":[\"Colloques\"],\"inLanguage\":\"fr-FR\",\"potentialAction\":[{\"@type\":\"CommentAction\",\"name\":\"Comment\",\"target\":[\"https:\\\/\\\/www.semen-l.org\\\/?p=527#respond\"]}]},{\"@type\":\"WebPage\",\"@id\":\"https:\\\/\\\/www.semen-l.org\\\/?p=527\",\"url\":\"https:\\\/\\\/www.semen-l.org\\\/?p=527\",\"name\":\"Journ\u00e9es d'\u00e9tude \\\"L\u00e9onard de Vinci\\\", Paris, 4-5 avril - Soci\u00e9t\u00e9 d&#039;\u00c9tudes M\u00e9dio Et N\u00e9o-Latines\",\"isPartOf\":{\"@id\":\"http:\\\/\\\/www.semen-l.org\\\/#website\"},\"primaryImageOfPage\":{\"@id\":\"https:\\\/\\\/www.semen-l.org\\\/?p=527#primaryimage\"},\"image\":{\"@id\":\"https:\\\/\\\/www.semen-l.org\\\/?p=527#primaryimage\"},\"thumbnailUrl\":\"https:\\\/\\\/www.semen-l.org\\\/wp-content\\\/uploads\\\/2019\\\/03\\\/leonardmotspeintureb.jpg\",\"datePublished\":\"2019-03-31T12:26:58+00:00\",\"dateModified\":\"2020-11-18T19:06:28+00:00\",\"breadcrumb\":{\"@id\":\"https:\\\/\\\/www.semen-l.org\\\/?p=527#breadcrumb\"},\"inLanguage\":\"fr-FR\",\"potentialAction\":[{\"@type\":\"ReadAction\",\"target\":[\"https:\\\/\\\/www.semen-l.org\\\/?p=527\"]}]},{\"@type\":\"ImageObject\",\"inLanguage\":\"fr-FR\",\"@id\":\"https:\\\/\\\/www.semen-l.org\\\/?p=527#primaryimage\",\"url\":\"https:\\\/\\\/www.semen-l.org\\\/wp-content\\\/uploads\\\/2019\\\/03\\\/leonardmotspeintureb.jpg\",\"contentUrl\":\"https:\\\/\\\/www.semen-l.org\\\/wp-content\\\/uploads\\\/2019\\\/03\\\/leonardmotspeintureb.jpg\",\"width\":200,\"height\":200},{\"@type\":\"BreadcrumbList\",\"@id\":\"https:\\\/\\\/www.semen-l.org\\\/?p=527#breadcrumb\",\"itemListElement\":[{\"@type\":\"ListItem\",\"position\":1,\"name\":\"Accueil\",\"item\":\"http:\\\/\\\/www.semen-l.org\\\/\"},{\"@type\":\"ListItem\",\"position\":2,\"name\":\"Journ\u00e9es d&rsquo;\u00e9tude \u00ab\u00a0L\u00e9onard de Vinci\u00a0\u00bb, Paris, 4-5 avril\"}]},{\"@type\":\"WebSite\",\"@id\":\"http:\\\/\\\/www.semen-l.org\\\/#website\",\"url\":\"http:\\\/\\\/www.semen-l.org\\\/\",\"name\":\"Soci\u00e9t\u00e9 d'\u00c9tudes M\u00e9dio Et N\u00e9o-Latines\",\"description\":\"\",\"publisher\":{\"@id\":\"http:\\\/\\\/www.semen-l.org\\\/#organization\"},\"potentialAction\":[{\"@type\":\"SearchAction\",\"target\":{\"@type\":\"EntryPoint\",\"urlTemplate\":\"http:\\\/\\\/www.semen-l.org\\\/?s={search_term_string}\"},\"query-input\":{\"@type\":\"PropertyValueSpecification\",\"valueRequired\":true,\"valueName\":\"search_term_string\"}}],\"inLanguage\":\"fr-FR\"},{\"@type\":\"Organization\",\"@id\":\"http:\\\/\\\/www.semen-l.org\\\/#organization\",\"name\":\"Soci\u00e9t\u00e9 d'\u00e9tudes m\u00e9dio et n\u00e9o-latines\",\"url\":\"http:\\\/\\\/www.semen-l.org\\\/\",\"logo\":{\"@type\":\"ImageObject\",\"inLanguage\":\"fr-FR\",\"@id\":\"http:\\\/\\\/www.semen-l.org\\\/#\\\/schema\\\/logo\\\/image\\\/\",\"url\":\"http:\\\/\\\/www.semen-l.org\\\/wp-content\\\/uploads\\\/2020\\\/11\\\/logo-semenl.jpg\",\"contentUrl\":\"http:\\\/\\\/www.semen-l.org\\\/wp-content\\\/uploads\\\/2020\\\/11\\\/logo-semenl.jpg\",\"width\":408,\"height\":403,\"caption\":\"Soci\u00e9t\u00e9 d'\u00e9tudes m\u00e9dio et n\u00e9o-latines\"},\"image\":{\"@id\":\"http:\\\/\\\/www.semen-l.org\\\/#\\\/schema\\\/logo\\\/image\\\/\"},\"sameAs\":[\"https:\\\/\\\/www.facebook.com\\\/SEMENL2018\",\"https:\\\/\\\/independent.academia.edu\\\/SocitsdtudesmdioetnolatinesSEMENL\"]},{\"@type\":\"Person\",\"@id\":\"http:\\\/\\\/www.semen-l.org\\\/#\\\/schema\\\/person\\\/6e8c8c75b499690cc37dd369354a7c47\",\"name\":\"Seris\",\"image\":{\"@type\":\"ImageObject\",\"inLanguage\":\"fr-FR\",\"@id\":\"https:\\\/\\\/secure.gravatar.com\\\/avatar\\\/8aec6178114279c28f7f0f4ccbb54eefdf0db708e95973d3513a9c5387b223b9?s=96&d=mm&r=g\",\"url\":\"https:\\\/\\\/secure.gravatar.com\\\/avatar\\\/8aec6178114279c28f7f0f4ccbb54eefdf0db708e95973d3513a9c5387b223b9?s=96&d=mm&r=g\",\"contentUrl\":\"https:\\\/\\\/secure.gravatar.com\\\/avatar\\\/8aec6178114279c28f7f0f4ccbb54eefdf0db708e95973d3513a9c5387b223b9?s=96&d=mm&r=g\",\"caption\":\"Seris\"},\"url\":\"https:\\\/\\\/www.semen-l.org\\\/?author=5\"}]}<\/script>\n<!-- \/ Yoast SEO plugin. -->","yoast_head_json":{"title":"Journ\u00e9es d'\u00e9tude \"L\u00e9onard de Vinci\", Paris, 4-5 avril - Soci\u00e9t\u00e9 d&#039;\u00c9tudes M\u00e9dio Et N\u00e9o-Latines","robots":{"index":"index","follow":"follow","max-snippet":"max-snippet:-1","max-image-preview":"max-image-preview:large","max-video-preview":"max-video-preview:-1"},"canonical":"https:\/\/www.semen-l.org\/?p=527","og_locale":"fr_FR","og_type":"article","og_title":"Journ\u00e9es d'\u00e9tude \"L\u00e9onard de Vinci\", Paris, 4-5 avril - Soci\u00e9t\u00e9 d&#039;\u00c9tudes M\u00e9dio Et N\u00e9o-Latines","og_description":"La recherche actuelle sur les sources de l\u2019\u0153uvre de L\u00e9onard de Vinci, l\u2019analyse de son style litt\u00e9raire et la fortune de ses \u00e9crits conf\u00e8re un int\u00e9r\u00eat grandissant \u00e0 son vocabulaire technique (m\u00e9canique, optique et anatomique). Dans cette perspective, l\u2019\u00e9tude fine &hellip; Continuer la lecture &rarr;","og_url":"https:\/\/www.semen-l.org\/?p=527","og_site_name":"Soci\u00e9t\u00e9 d&#039;\u00c9tudes M\u00e9dio Et N\u00e9o-Latines","article_publisher":"https:\/\/www.facebook.com\/SEMENL2018","article_published_time":"2019-03-31T12:26:58+00:00","article_modified_time":"2020-11-18T19:06:28+00:00","og_image":[{"width":200,"height":200,"url":"https:\/\/www.semen-l.org\/wp-content\/uploads\/2019\/03\/leonardmotspeintureb.jpg","type":"image\/jpeg"}],"author":"Seris","twitter_card":"summary_large_image","twitter_misc":{"\u00c9crit par":"Seris","Dur\u00e9e de lecture estim\u00e9e":"6 minutes"},"schema":{"@context":"https:\/\/schema.org","@graph":[{"@type":"Article","@id":"https:\/\/www.semen-l.org\/?p=527#article","isPartOf":{"@id":"https:\/\/www.semen-l.org\/?p=527"},"author":{"name":"Seris","@id":"http:\/\/www.semen-l.org\/#\/schema\/person\/6e8c8c75b499690cc37dd369354a7c47"},"headline":"Journ\u00e9es d&rsquo;\u00e9tude \u00ab\u00a0L\u00e9onard de Vinci\u00a0\u00bb, Paris, 4-5 avril","datePublished":"2019-03-31T12:26:58+00:00","dateModified":"2020-11-18T19:06:28+00:00","mainEntityOfPage":{"@id":"https:\/\/www.semen-l.org\/?p=527"},"wordCount":1292,"commentCount":0,"publisher":{"@id":"http:\/\/www.semen-l.org\/#organization"},"image":{"@id":"https:\/\/www.semen-l.org\/?p=527#primaryimage"},"thumbnailUrl":"https:\/\/www.semen-l.org\/wp-content\/uploads\/2019\/03\/leonardmotspeintureb.jpg","keywords":["art","peinture","th\u00e9orie de l'art","Vinci (L\u00e9onard de)"],"articleSection":["Colloques"],"inLanguage":"fr-FR","potentialAction":[{"@type":"CommentAction","name":"Comment","target":["https:\/\/www.semen-l.org\/?p=527#respond"]}]},{"@type":"WebPage","@id":"https:\/\/www.semen-l.org\/?p=527","url":"https:\/\/www.semen-l.org\/?p=527","name":"Journ\u00e9es d'\u00e9tude \"L\u00e9onard de Vinci\", Paris, 4-5 avril - Soci\u00e9t\u00e9 d&#039;\u00c9tudes M\u00e9dio Et N\u00e9o-Latines","isPartOf":{"@id":"http:\/\/www.semen-l.org\/#website"},"primaryImageOfPage":{"@id":"https:\/\/www.semen-l.org\/?p=527#primaryimage"},"image":{"@id":"https:\/\/www.semen-l.org\/?p=527#primaryimage"},"thumbnailUrl":"https:\/\/www.semen-l.org\/wp-content\/uploads\/2019\/03\/leonardmotspeintureb.jpg","datePublished":"2019-03-31T12:26:58+00:00","dateModified":"2020-11-18T19:06:28+00:00","breadcrumb":{"@id":"https:\/\/www.semen-l.org\/?p=527#breadcrumb"},"inLanguage":"fr-FR","potentialAction":[{"@type":"ReadAction","target":["https:\/\/www.semen-l.org\/?p=527"]}]},{"@type":"ImageObject","inLanguage":"fr-FR","@id":"https:\/\/www.semen-l.org\/?p=527#primaryimage","url":"https:\/\/www.semen-l.org\/wp-content\/uploads\/2019\/03\/leonardmotspeintureb.jpg","contentUrl":"https:\/\/www.semen-l.org\/wp-content\/uploads\/2019\/03\/leonardmotspeintureb.jpg","width":200,"height":200},{"@type":"BreadcrumbList","@id":"https:\/\/www.semen-l.org\/?p=527#breadcrumb","itemListElement":[{"@type":"ListItem","position":1,"name":"Accueil","item":"http:\/\/www.semen-l.org\/"},{"@type":"ListItem","position":2,"name":"Journ\u00e9es d&rsquo;\u00e9tude \u00ab\u00a0L\u00e9onard de Vinci\u00a0\u00bb, Paris, 4-5 avril"}]},{"@type":"WebSite","@id":"http:\/\/www.semen-l.org\/#website","url":"http:\/\/www.semen-l.org\/","name":"Soci\u00e9t\u00e9 d'\u00c9tudes M\u00e9dio Et N\u00e9o-Latines","description":"","publisher":{"@id":"http:\/\/www.semen-l.org\/#organization"},"potentialAction":[{"@type":"SearchAction","target":{"@type":"EntryPoint","urlTemplate":"http:\/\/www.semen-l.org\/?s={search_term_string}"},"query-input":{"@type":"PropertyValueSpecification","valueRequired":true,"valueName":"search_term_string"}}],"inLanguage":"fr-FR"},{"@type":"Organization","@id":"http:\/\/www.semen-l.org\/#organization","name":"Soci\u00e9t\u00e9 d'\u00e9tudes m\u00e9dio et n\u00e9o-latines","url":"http:\/\/www.semen-l.org\/","logo":{"@type":"ImageObject","inLanguage":"fr-FR","@id":"http:\/\/www.semen-l.org\/#\/schema\/logo\/image\/","url":"http:\/\/www.semen-l.org\/wp-content\/uploads\/2020\/11\/logo-semenl.jpg","contentUrl":"http:\/\/www.semen-l.org\/wp-content\/uploads\/2020\/11\/logo-semenl.jpg","width":408,"height":403,"caption":"Soci\u00e9t\u00e9 d'\u00e9tudes m\u00e9dio et n\u00e9o-latines"},"image":{"@id":"http:\/\/www.semen-l.org\/#\/schema\/logo\/image\/"},"sameAs":["https:\/\/www.facebook.com\/SEMENL2018","https:\/\/independent.academia.edu\/SocitsdtudesmdioetnolatinesSEMENL"]},{"@type":"Person","@id":"http:\/\/www.semen-l.org\/#\/schema\/person\/6e8c8c75b499690cc37dd369354a7c47","name":"Seris","image":{"@type":"ImageObject","inLanguage":"fr-FR","@id":"https:\/\/secure.gravatar.com\/avatar\/8aec6178114279c28f7f0f4ccbb54eefdf0db708e95973d3513a9c5387b223b9?s=96&d=mm&r=g","url":"https:\/\/secure.gravatar.com\/avatar\/8aec6178114279c28f7f0f4ccbb54eefdf0db708e95973d3513a9c5387b223b9?s=96&d=mm&r=g","contentUrl":"https:\/\/secure.gravatar.com\/avatar\/8aec6178114279c28f7f0f4ccbb54eefdf0db708e95973d3513a9c5387b223b9?s=96&d=mm&r=g","caption":"Seris"},"url":"https:\/\/www.semen-l.org\/?author=5"}]}},"jetpack_featured_media_url":"https:\/\/www.semen-l.org\/wp-content\/uploads\/2019\/03\/leonardmotspeintureb.jpg","_links":{"self":[{"href":"https:\/\/www.semen-l.org\/index.php?rest_route=\/wp\/v2\/posts\/527","targetHints":{"allow":["GET"]}}],"collection":[{"href":"https:\/\/www.semen-l.org\/index.php?rest_route=\/wp\/v2\/posts"}],"about":[{"href":"https:\/\/www.semen-l.org\/index.php?rest_route=\/wp\/v2\/types\/post"}],"author":[{"embeddable":true,"href":"https:\/\/www.semen-l.org\/index.php?rest_route=\/wp\/v2\/users\/5"}],"replies":[{"embeddable":true,"href":"https:\/\/www.semen-l.org\/index.php?rest_route=%2Fwp%2Fv2%2Fcomments&post=527"}],"version-history":[{"count":0,"href":"https:\/\/www.semen-l.org\/index.php?rest_route=\/wp\/v2\/posts\/527\/revisions"}],"wp:featuredmedia":[{"embeddable":true,"href":"https:\/\/www.semen-l.org\/index.php?rest_route=\/wp\/v2\/media\/890"}],"wp:attachment":[{"href":"https:\/\/www.semen-l.org\/index.php?rest_route=%2Fwp%2Fv2%2Fmedia&parent=527"}],"wp:term":[{"taxonomy":"category","embeddable":true,"href":"https:\/\/www.semen-l.org\/index.php?rest_route=%2Fwp%2Fv2%2Fcategories&post=527"},{"taxonomy":"post_tag","embeddable":true,"href":"https:\/\/www.semen-l.org\/index.php?rest_route=%2Fwp%2Fv2%2Ftags&post=527"}],"curies":[{"name":"wp","href":"https:\/\/api.w.org\/{rel}","templated":true}]}}