{"id":521,"date":"2019-03-19T17:03:45","date_gmt":"2019-03-19T17:03:45","guid":{"rendered":"http:\/\/www.semen-l.org\/?p=521"},"modified":"2020-11-18T20:21:33","modified_gmt":"2020-11-18T20:21:33","slug":"colloque-la-virilite-dans-le-theatre-de-seneque-et-chez-ses-emules-27-29-mars-2019","status":"publish","type":"post","link":"https:\/\/www.semen-l.org\/?p=521","title":{"rendered":"Colloque \u00ab\u00a0La virilit\u00e9 dans le th\u00e9\u00e2tre de S\u00e9n\u00e8que et chez ses \u00e9mules\u00a0\u00bb (Marseille, 27-29 mars 2019)"},"content":{"rendered":"\t\t<div data-elementor-type=\"wp-post\" data-elementor-id=\"521\" class=\"elementor elementor-521\">\n\t\t\t\t\t\t<section class=\"elementor-section elementor-top-section elementor-element elementor-element-340ea30 elementor-section-boxed elementor-section-height-default elementor-section-height-default\" data-id=\"340ea30\" data-element_type=\"section\" data-e-type=\"section\">\n\t\t\t\t\t\t<div class=\"elementor-container elementor-column-gap-default\">\n\t\t\t\t\t<div class=\"elementor-column elementor-col-100 elementor-top-column elementor-element elementor-element-7e8dd92b\" data-id=\"7e8dd92b\" data-element_type=\"column\" data-e-type=\"column\">\n\t\t\t<div class=\"elementor-widget-wrap elementor-element-populated\">\n\t\t\t\t\t\t<div class=\"elementor-element elementor-element-219c1901 elementor-widget elementor-widget-text-editor\" data-id=\"219c1901\" data-element_type=\"widget\" data-e-type=\"widget\" data-widget_type=\"text-editor.default\">\n\t\t\t\t<div class=\"elementor-widget-container\">\n\t\t\t\t\t\t\t\t\t<a href=\"http:\/\/www.semen-l.org\/wp-content\/uploads\/2019\/03\/Programme-Se\u0301ne\u0300que-tragique.pdf\">Programme Se\u0301ne\u0300que tragique<\/a>\t\t\t\t\t\t\t\t<\/div>\n\t\t\t\t<\/div>\n\t\t\t\t\t<\/div>\n\t\t<\/div>\n\t\t\t\t\t<\/div>\n\t\t<\/section>\n\t\t\t\t<section class=\"elementor-section elementor-top-section elementor-element elementor-element-236f3fa elementor-section-boxed elementor-section-height-default elementor-section-height-default\" data-id=\"236f3fa\" data-element_type=\"section\" data-e-type=\"section\">\n\t\t\t\t\t\t<div class=\"elementor-container elementor-column-gap-default\">\n\t\t\t\t\t\t<\/div>\n\t\t<\/section>\n\t\t\t\t<section class=\"elementor-section elementor-top-section elementor-element elementor-element-26fa89a elementor-section-boxed elementor-section-height-default elementor-section-height-default\" data-id=\"26fa89a\" data-element_type=\"section\" data-e-type=\"section\">\n\t\t\t\t\t\t<div class=\"elementor-container elementor-column-gap-default\">\n\t\t\t\t\t<div class=\"elementor-column elementor-col-100 elementor-top-column elementor-element elementor-element-b4a9355\" data-id=\"b4a9355\" data-element_type=\"column\" data-e-type=\"column\">\n\t\t\t<div class=\"elementor-widget-wrap elementor-element-populated\">\n\t\t\t\t\t\t<div class=\"elementor-element elementor-element-171b370 elementor-widget elementor-widget-image\" data-id=\"171b370\" data-element_type=\"widget\" data-e-type=\"widget\" data-widget_type=\"image.default\">\n\t\t\t\t<div class=\"elementor-widget-container\">\n\t\t\t\t\t\t\t\t\t\t\t\t<figure class=\"wp-caption\">\n\t\t\t\t\t\t\t\t\t\t\t<a href=\"http:\/\/www.semen-l.org\/wp-content\/uploads\/2019\/03\/Programme-Se%CC%81ne%CC%80que-tragique.pdf\">\n\t\t\t\t\t\t\t<img fetchpriority=\"high\" decoding=\"async\" width=\"584\" height=\"635\" src=\"http:\/\/www.semen-l.org\/wp-content\/uploads\/2019\/03\/senecatragicus.jpg\" class=\"attachment-large size-large wp-image-912\" alt=\"\" srcset=\"http:\/\/www.semen-l.org\/wp-content\/uploads\/2019\/03\/senecatragicus.jpg 716w, http:\/\/www.semen-l.org\/wp-content\/uploads\/2019\/03\/senecatragicus-276x300.jpg 276w, http:\/\/www.semen-l.org\/wp-content\/uploads\/2019\/03\/senecatragicus-184x200.jpg 184w\" sizes=\"(max-width: 584px) 100vw, 584px\" \/>\t\t\t\t\t\t\t\t<\/a>\n\t\t\t\t\t\t\t\t\t\t\t<figcaption class=\"widget-image-caption wp-caption-text\">Cliquez sur l'image pour acc\u00e9der au lien.<\/figcaption>\n\t\t\t\t\t\t\t\t\t\t<\/figure>\n\t\t\t\t\t\t\t\t\t<\/div>\n\t\t\t\t<\/div>\n\t\t\t\t\t<\/div>\n\t\t<\/div>\n\t\t\t\t\t<\/div>\n\t\t<\/section>\n\t\t\t\t<section class=\"elementor-section elementor-top-section elementor-element elementor-element-3d06773 elementor-section-boxed elementor-section-height-default elementor-section-height-default\" data-id=\"3d06773\" data-element_type=\"section\" data-e-type=\"section\">\n\t\t\t\t\t\t<div class=\"elementor-container elementor-column-gap-default\">\n\t\t\t\t\t<div class=\"elementor-column elementor-col-100 elementor-top-column elementor-element elementor-element-98b4e07\" data-id=\"98b4e07\" data-element_type=\"column\" data-e-type=\"column\">\n\t\t\t<div class=\"elementor-widget-wrap elementor-element-populated\">\n\t\t\t\t\t\t<div class=\"elementor-element elementor-element-f43d0ea elementor-widget elementor-widget-text-editor\" data-id=\"f43d0ea\" data-element_type=\"widget\" data-e-type=\"widget\" data-widget_type=\"text-editor.default\">\n\t\t\t\t<div class=\"elementor-widget-container\">\n\t\t\t\t\t\t\t\t\t<p style=\"margin-bottom: 0px; padding-bottom: 1em; font-size: 14px; text-size-adjust: 100%; background-image: initial; background-position: initial; background-size: initial; background-repeat: initial; background-attachment: initial; background-origin: initial; background-clip: initial; color: #666666; font-family: 'Open Sans', Arial, sans-serif; font-style: normal; font-weight: 400;\">\u00ab Seneca tragicus : Vir, vis, violentia, virtus, virago, la virilit\u00e9 et ses d\u00e9clinaisons dans le th\u00e9\u00e2tre de S\u00e9n\u00e8que et chez ses \u00e9mules de Mussato \u00e0 nos jours \u00bb. <a href=\"https:\/\/caer.univ-amu.fr\/wp-content\/uploads\/MDTh-SIT-2019-Appel-Seneca-DEF-a%cc%80-comm-27-29.pdf\">Appel \u00e0 communication<\/a>.<\/p><div>\u00a0<\/div>\t\t\t\t\t\t\t\t<\/div>\n\t\t\t\t<\/div>\n\t\t\t\t\t<\/div>\n\t\t<\/div>\n\t\t\t\t\t<\/div>\n\t\t<\/section>\n\t\t\t\t<\/div>\n\t\t","protected":false},"excerpt":{"rendered":"<p>Programme Se\u0301ne\u0300que tragique Cliquez sur l&rsquo;image pour acc\u00e9der au lien. \u00ab Seneca tragicus : Vir, vis, violentia, virtus, virago, la virilit\u00e9 et ses d\u00e9clinaisons dans le th\u00e9\u00e2tre de S\u00e9n\u00e8que et chez ses \u00e9mules de Mussato \u00e0 nos jours \u00bb. Appel &hellip; <a href=\"https:\/\/www.semen-l.org\/?p=521\">Continuer la lecture <span class=\"meta-nav\">&rarr;<\/span><\/a><\/p>\n","protected":false},"author":5,"featured_media":916,"comment_status":"open","ping_status":"open","sticky":false,"template":"","format":"standard","meta":{"footnotes":""},"categories":[4],"tags":[135,107,117,112,110,103,133,126,105,120,119,132,130,122,115,129,118,123,111,125,108,104,106,109,114,113,116,127,124,121,131,134],"class_list":["post-521","post","type-post","status-publish","format-standard","has-post-thumbnail","hentry","category-colloques","tag-agamemnon","tag-agentivite","tag-albertino-mussato","tag-andromaque","tag-atree","tag-jakob-balde","tag-george-buchanan","tag-choeur","tag-paul-claudel","tag-gregorio-correr","tag-darete-frigio","tag-de-iure-regni-apud-scotos","tag-lodovico-dolce","tag-feminite","tag-genre","tag-giovanni-battista-giraldi","tag-antonio-loschi","tag-mater-dolorosa","tag-medee","tag-orbecche","tag-polarisation-generique","tag-seneque","tag-alexandre-soumet","tag-thyeste","tag-tragedie","tag-les-troyennes","tag-tyrannie","tag-vices","tag-virago","tag-virilite","tag-vis","tag-marguerite-yourcenar"],"yoast_head":"<!-- This site is optimized with the Yoast SEO plugin v27.5 - https:\/\/yoast.com\/product\/yoast-seo-wordpress\/ -->\n<title>Colloque &quot;La virilit\u00e9 dans le th\u00e9\u00e2tre de S\u00e9n\u00e8que et chez ses \u00e9mules&quot; (Marseille, 27-29 mars 2019) - Soci\u00e9t\u00e9 d&#039;\u00c9tudes M\u00e9dio Et N\u00e9o-Latines<\/title>\n<meta name=\"robots\" content=\"index, follow, max-snippet:-1, max-image-preview:large, max-video-preview:-1\" \/>\n<link rel=\"canonical\" href=\"https:\/\/www.semen-l.org\/?p=521\" \/>\n<meta property=\"og:locale\" content=\"fr_FR\" \/>\n<meta property=\"og:type\" content=\"article\" \/>\n<meta property=\"og:title\" content=\"Colloque &quot;La virilit\u00e9 dans le th\u00e9\u00e2tre de S\u00e9n\u00e8que et chez ses \u00e9mules&quot; (Marseille, 27-29 mars 2019) - Soci\u00e9t\u00e9 d&#039;\u00c9tudes M\u00e9dio Et N\u00e9o-Latines\" \/>\n<meta property=\"og:description\" content=\"Programme Se\u0301ne\u0300que tragique Cliquez sur l&rsquo;image pour acc\u00e9der au lien. \u00ab Seneca tragicus : Vir, vis, violentia, virtus, virago, la virilit\u00e9 et ses d\u00e9clinaisons dans le th\u00e9\u00e2tre de S\u00e9n\u00e8que et chez ses \u00e9mules de Mussato \u00e0 nos jours \u00bb. Appel &hellip; Continuer la lecture &rarr;\" \/>\n<meta property=\"og:url\" content=\"https:\/\/www.semen-l.org\/?p=521\" \/>\n<meta property=\"og:site_name\" content=\"Soci\u00e9t\u00e9 d&#039;\u00c9tudes M\u00e9dio Et N\u00e9o-Latines\" \/>\n<meta property=\"article:publisher\" content=\"https:\/\/www.facebook.com\/SEMENL2018\" \/>\n<meta property=\"article:published_time\" content=\"2019-03-19T17:03:45+00:00\" \/>\n<meta property=\"article:modified_time\" content=\"2020-11-18T20:21:33+00:00\" \/>\n<meta property=\"og:image\" content=\"https:\/\/www.semen-l.org\/wp-content\/uploads\/2019\/03\/senecatragicusmini.jpg\" \/>\n\t<meta property=\"og:image:width\" content=\"200\" \/>\n\t<meta property=\"og:image:height\" content=\"200\" \/>\n\t<meta property=\"og:image:type\" content=\"image\/jpeg\" \/>\n<meta name=\"author\" content=\"Seris\" \/>\n<meta name=\"twitter:card\" content=\"summary_large_image\" \/>\n<meta name=\"twitter:label1\" content=\"\u00c9crit par\" \/>\n\t<meta name=\"twitter:data1\" content=\"Seris\" \/>\n<script type=\"application\/ld+json\" class=\"yoast-schema-graph\">{\"@context\":\"https:\\\/\\\/schema.org\",\"@graph\":[{\"@type\":\"Article\",\"@id\":\"https:\\\/\\\/www.semen-l.org\\\/?p=521#article\",\"isPartOf\":{\"@id\":\"https:\\\/\\\/www.semen-l.org\\\/?p=521\"},\"author\":{\"name\":\"Seris\",\"@id\":\"http:\\\/\\\/www.semen-l.org\\\/#\\\/schema\\\/person\\\/6e8c8c75b499690cc37dd369354a7c47\"},\"headline\":\"Colloque \u00ab\u00a0La virilit\u00e9 dans le th\u00e9\u00e2tre de S\u00e9n\u00e8que et chez ses \u00e9mules\u00a0\u00bb (Marseille, 27-29 mars 2019)\",\"datePublished\":\"2019-03-19T17:03:45+00:00\",\"dateModified\":\"2020-11-18T20:21:33+00:00\",\"mainEntityOfPage\":{\"@id\":\"https:\\\/\\\/www.semen-l.org\\\/?p=521\"},\"wordCount\":63,\"commentCount\":0,\"publisher\":{\"@id\":\"http:\\\/\\\/www.semen-l.org\\\/#organization\"},\"image\":{\"@id\":\"https:\\\/\\\/www.semen-l.org\\\/?p=521#primaryimage\"},\"thumbnailUrl\":\"https:\\\/\\\/www.semen-l.org\\\/wp-content\\\/uploads\\\/2019\\\/03\\\/senecatragicusmini.jpg\",\"keywords\":[\"Agamemnon\",\"agentivit\u00e9\",\"Albertino Mussato\",\"Andromaque\",\"Atr\u00e9e\",\"Balde (Jakob)\",\"Buchanan (George)\",\"ch\u0153ur\",\"Claudel (Paul)\",\"Correr (Gregorio)\",\"Dar\u00e8s le Phrygien\",\"De Iure regni apud Scotos (George Buchanan)\",\"Dolce (Lodovico)\",\"f\u00e9minit\u00e9\",\"genre (gender)\",\"Giraldi (Giovanni Battista)\",\"Loschi (Antonio)\",\"mater dolorosa\",\"M\u00e9d\u00e9e\",\"Orbecche\",\"polarisation g\u00e9n\u00e9rique\",\"S\u00e9n\u00e8que\",\"Soumet (Alexandre)\",\"Thyeste\",\"trag\u00e9die\",\"Troyennes (Les)\",\"tyrannie\",\"vices\",\"virago\",\"virilit\u00e9\",\"vis\",\"Yourcenar (Marguerite)\"],\"articleSection\":[\"Colloques\"],\"inLanguage\":\"fr-FR\",\"potentialAction\":[{\"@type\":\"CommentAction\",\"name\":\"Comment\",\"target\":[\"https:\\\/\\\/www.semen-l.org\\\/?p=521#respond\"]}]},{\"@type\":\"WebPage\",\"@id\":\"https:\\\/\\\/www.semen-l.org\\\/?p=521\",\"url\":\"https:\\\/\\\/www.semen-l.org\\\/?p=521\",\"name\":\"Colloque \\\"La virilit\u00e9 dans le th\u00e9\u00e2tre de S\u00e9n\u00e8que et chez ses \u00e9mules\\\" (Marseille, 27-29 mars 2019) - Soci\u00e9t\u00e9 d&#039;\u00c9tudes M\u00e9dio Et N\u00e9o-Latines\",\"isPartOf\":{\"@id\":\"http:\\\/\\\/www.semen-l.org\\\/#website\"},\"primaryImageOfPage\":{\"@id\":\"https:\\\/\\\/www.semen-l.org\\\/?p=521#primaryimage\"},\"image\":{\"@id\":\"https:\\\/\\\/www.semen-l.org\\\/?p=521#primaryimage\"},\"thumbnailUrl\":\"https:\\\/\\\/www.semen-l.org\\\/wp-content\\\/uploads\\\/2019\\\/03\\\/senecatragicusmini.jpg\",\"datePublished\":\"2019-03-19T17:03:45+00:00\",\"dateModified\":\"2020-11-18T20:21:33+00:00\",\"breadcrumb\":{\"@id\":\"https:\\\/\\\/www.semen-l.org\\\/?p=521#breadcrumb\"},\"inLanguage\":\"fr-FR\",\"potentialAction\":[{\"@type\":\"ReadAction\",\"target\":[\"https:\\\/\\\/www.semen-l.org\\\/?p=521\"]}]},{\"@type\":\"ImageObject\",\"inLanguage\":\"fr-FR\",\"@id\":\"https:\\\/\\\/www.semen-l.org\\\/?p=521#primaryimage\",\"url\":\"https:\\\/\\\/www.semen-l.org\\\/wp-content\\\/uploads\\\/2019\\\/03\\\/senecatragicusmini.jpg\",\"contentUrl\":\"https:\\\/\\\/www.semen-l.org\\\/wp-content\\\/uploads\\\/2019\\\/03\\\/senecatragicusmini.jpg\",\"width\":200,\"height\":200},{\"@type\":\"BreadcrumbList\",\"@id\":\"https:\\\/\\\/www.semen-l.org\\\/?p=521#breadcrumb\",\"itemListElement\":[{\"@type\":\"ListItem\",\"position\":1,\"name\":\"Accueil\",\"item\":\"http:\\\/\\\/www.semen-l.org\\\/\"},{\"@type\":\"ListItem\",\"position\":2,\"name\":\"Colloque \u00ab\u00a0La virilit\u00e9 dans le th\u00e9\u00e2tre de S\u00e9n\u00e8que et chez ses \u00e9mules\u00a0\u00bb (Marseille, 27-29 mars 2019)\"}]},{\"@type\":\"WebSite\",\"@id\":\"http:\\\/\\\/www.semen-l.org\\\/#website\",\"url\":\"http:\\\/\\\/www.semen-l.org\\\/\",\"name\":\"Soci\u00e9t\u00e9 d'\u00c9tudes M\u00e9dio Et N\u00e9o-Latines\",\"description\":\"\",\"publisher\":{\"@id\":\"http:\\\/\\\/www.semen-l.org\\\/#organization\"},\"potentialAction\":[{\"@type\":\"SearchAction\",\"target\":{\"@type\":\"EntryPoint\",\"urlTemplate\":\"http:\\\/\\\/www.semen-l.org\\\/?s={search_term_string}\"},\"query-input\":{\"@type\":\"PropertyValueSpecification\",\"valueRequired\":true,\"valueName\":\"search_term_string\"}}],\"inLanguage\":\"fr-FR\"},{\"@type\":\"Organization\",\"@id\":\"http:\\\/\\\/www.semen-l.org\\\/#organization\",\"name\":\"Soci\u00e9t\u00e9 d'\u00e9tudes m\u00e9dio et n\u00e9o-latines\",\"url\":\"http:\\\/\\\/www.semen-l.org\\\/\",\"logo\":{\"@type\":\"ImageObject\",\"inLanguage\":\"fr-FR\",\"@id\":\"http:\\\/\\\/www.semen-l.org\\\/#\\\/schema\\\/logo\\\/image\\\/\",\"url\":\"http:\\\/\\\/www.semen-l.org\\\/wp-content\\\/uploads\\\/2020\\\/11\\\/logo-semenl.jpg\",\"contentUrl\":\"http:\\\/\\\/www.semen-l.org\\\/wp-content\\\/uploads\\\/2020\\\/11\\\/logo-semenl.jpg\",\"width\":408,\"height\":403,\"caption\":\"Soci\u00e9t\u00e9 d'\u00e9tudes m\u00e9dio et n\u00e9o-latines\"},\"image\":{\"@id\":\"http:\\\/\\\/www.semen-l.org\\\/#\\\/schema\\\/logo\\\/image\\\/\"},\"sameAs\":[\"https:\\\/\\\/www.facebook.com\\\/SEMENL2018\",\"https:\\\/\\\/independent.academia.edu\\\/SocitsdtudesmdioetnolatinesSEMENL\"]},{\"@type\":\"Person\",\"@id\":\"http:\\\/\\\/www.semen-l.org\\\/#\\\/schema\\\/person\\\/6e8c8c75b499690cc37dd369354a7c47\",\"name\":\"Seris\",\"image\":{\"@type\":\"ImageObject\",\"inLanguage\":\"fr-FR\",\"@id\":\"https:\\\/\\\/secure.gravatar.com\\\/avatar\\\/8aec6178114279c28f7f0f4ccbb54eefdf0db708e95973d3513a9c5387b223b9?s=96&d=mm&r=g\",\"url\":\"https:\\\/\\\/secure.gravatar.com\\\/avatar\\\/8aec6178114279c28f7f0f4ccbb54eefdf0db708e95973d3513a9c5387b223b9?s=96&d=mm&r=g\",\"contentUrl\":\"https:\\\/\\\/secure.gravatar.com\\\/avatar\\\/8aec6178114279c28f7f0f4ccbb54eefdf0db708e95973d3513a9c5387b223b9?s=96&d=mm&r=g\",\"caption\":\"Seris\"},\"url\":\"https:\\\/\\\/www.semen-l.org\\\/?author=5\"}]}<\/script>\n<!-- \/ Yoast SEO plugin. -->","yoast_head_json":{"title":"Colloque \"La virilit\u00e9 dans le th\u00e9\u00e2tre de S\u00e9n\u00e8que et chez ses \u00e9mules\" (Marseille, 27-29 mars 2019) - Soci\u00e9t\u00e9 d&#039;\u00c9tudes M\u00e9dio Et N\u00e9o-Latines","robots":{"index":"index","follow":"follow","max-snippet":"max-snippet:-1","max-image-preview":"max-image-preview:large","max-video-preview":"max-video-preview:-1"},"canonical":"https:\/\/www.semen-l.org\/?p=521","og_locale":"fr_FR","og_type":"article","og_title":"Colloque \"La virilit\u00e9 dans le th\u00e9\u00e2tre de S\u00e9n\u00e8que et chez ses \u00e9mules\" (Marseille, 27-29 mars 2019) - Soci\u00e9t\u00e9 d&#039;\u00c9tudes M\u00e9dio Et N\u00e9o-Latines","og_description":"Programme Se\u0301ne\u0300que tragique Cliquez sur l&rsquo;image pour acc\u00e9der au lien. \u00ab Seneca tragicus : Vir, vis, violentia, virtus, virago, la virilit\u00e9 et ses d\u00e9clinaisons dans le th\u00e9\u00e2tre de S\u00e9n\u00e8que et chez ses \u00e9mules de Mussato \u00e0 nos jours \u00bb. Appel &hellip; Continuer la lecture &rarr;","og_url":"https:\/\/www.semen-l.org\/?p=521","og_site_name":"Soci\u00e9t\u00e9 d&#039;\u00c9tudes M\u00e9dio Et N\u00e9o-Latines","article_publisher":"https:\/\/www.facebook.com\/SEMENL2018","article_published_time":"2019-03-19T17:03:45+00:00","article_modified_time":"2020-11-18T20:21:33+00:00","og_image":[{"width":200,"height":200,"url":"https:\/\/www.semen-l.org\/wp-content\/uploads\/2019\/03\/senecatragicusmini.jpg","type":"image\/jpeg"}],"author":"Seris","twitter_card":"summary_large_image","twitter_misc":{"\u00c9crit par":"Seris"},"schema":{"@context":"https:\/\/schema.org","@graph":[{"@type":"Article","@id":"https:\/\/www.semen-l.org\/?p=521#article","isPartOf":{"@id":"https:\/\/www.semen-l.org\/?p=521"},"author":{"name":"Seris","@id":"http:\/\/www.semen-l.org\/#\/schema\/person\/6e8c8c75b499690cc37dd369354a7c47"},"headline":"Colloque \u00ab\u00a0La virilit\u00e9 dans le th\u00e9\u00e2tre de S\u00e9n\u00e8que et chez ses \u00e9mules\u00a0\u00bb (Marseille, 27-29 mars 2019)","datePublished":"2019-03-19T17:03:45+00:00","dateModified":"2020-11-18T20:21:33+00:00","mainEntityOfPage":{"@id":"https:\/\/www.semen-l.org\/?p=521"},"wordCount":63,"commentCount":0,"publisher":{"@id":"http:\/\/www.semen-l.org\/#organization"},"image":{"@id":"https:\/\/www.semen-l.org\/?p=521#primaryimage"},"thumbnailUrl":"https:\/\/www.semen-l.org\/wp-content\/uploads\/2019\/03\/senecatragicusmini.jpg","keywords":["Agamemnon","agentivit\u00e9","Albertino Mussato","Andromaque","Atr\u00e9e","Balde (Jakob)","Buchanan (George)","ch\u0153ur","Claudel (Paul)","Correr (Gregorio)","Dar\u00e8s le Phrygien","De Iure regni apud Scotos (George Buchanan)","Dolce (Lodovico)","f\u00e9minit\u00e9","genre (gender)","Giraldi (Giovanni Battista)","Loschi (Antonio)","mater dolorosa","M\u00e9d\u00e9e","Orbecche","polarisation g\u00e9n\u00e9rique","S\u00e9n\u00e8que","Soumet (Alexandre)","Thyeste","trag\u00e9die","Troyennes (Les)","tyrannie","vices","virago","virilit\u00e9","vis","Yourcenar (Marguerite)"],"articleSection":["Colloques"],"inLanguage":"fr-FR","potentialAction":[{"@type":"CommentAction","name":"Comment","target":["https:\/\/www.semen-l.org\/?p=521#respond"]}]},{"@type":"WebPage","@id":"https:\/\/www.semen-l.org\/?p=521","url":"https:\/\/www.semen-l.org\/?p=521","name":"Colloque \"La virilit\u00e9 dans le th\u00e9\u00e2tre de S\u00e9n\u00e8que et chez ses \u00e9mules\" (Marseille, 27-29 mars 2019) - Soci\u00e9t\u00e9 d&#039;\u00c9tudes M\u00e9dio Et N\u00e9o-Latines","isPartOf":{"@id":"http:\/\/www.semen-l.org\/#website"},"primaryImageOfPage":{"@id":"https:\/\/www.semen-l.org\/?p=521#primaryimage"},"image":{"@id":"https:\/\/www.semen-l.org\/?p=521#primaryimage"},"thumbnailUrl":"https:\/\/www.semen-l.org\/wp-content\/uploads\/2019\/03\/senecatragicusmini.jpg","datePublished":"2019-03-19T17:03:45+00:00","dateModified":"2020-11-18T20:21:33+00:00","breadcrumb":{"@id":"https:\/\/www.semen-l.org\/?p=521#breadcrumb"},"inLanguage":"fr-FR","potentialAction":[{"@type":"ReadAction","target":["https:\/\/www.semen-l.org\/?p=521"]}]},{"@type":"ImageObject","inLanguage":"fr-FR","@id":"https:\/\/www.semen-l.org\/?p=521#primaryimage","url":"https:\/\/www.semen-l.org\/wp-content\/uploads\/2019\/03\/senecatragicusmini.jpg","contentUrl":"https:\/\/www.semen-l.org\/wp-content\/uploads\/2019\/03\/senecatragicusmini.jpg","width":200,"height":200},{"@type":"BreadcrumbList","@id":"https:\/\/www.semen-l.org\/?p=521#breadcrumb","itemListElement":[{"@type":"ListItem","position":1,"name":"Accueil","item":"http:\/\/www.semen-l.org\/"},{"@type":"ListItem","position":2,"name":"Colloque \u00ab\u00a0La virilit\u00e9 dans le th\u00e9\u00e2tre de S\u00e9n\u00e8que et chez ses \u00e9mules\u00a0\u00bb (Marseille, 27-29 mars 2019)"}]},{"@type":"WebSite","@id":"http:\/\/www.semen-l.org\/#website","url":"http:\/\/www.semen-l.org\/","name":"Soci\u00e9t\u00e9 d'\u00c9tudes M\u00e9dio Et N\u00e9o-Latines","description":"","publisher":{"@id":"http:\/\/www.semen-l.org\/#organization"},"potentialAction":[{"@type":"SearchAction","target":{"@type":"EntryPoint","urlTemplate":"http:\/\/www.semen-l.org\/?s={search_term_string}"},"query-input":{"@type":"PropertyValueSpecification","valueRequired":true,"valueName":"search_term_string"}}],"inLanguage":"fr-FR"},{"@type":"Organization","@id":"http:\/\/www.semen-l.org\/#organization","name":"Soci\u00e9t\u00e9 d'\u00e9tudes m\u00e9dio et n\u00e9o-latines","url":"http:\/\/www.semen-l.org\/","logo":{"@type":"ImageObject","inLanguage":"fr-FR","@id":"http:\/\/www.semen-l.org\/#\/schema\/logo\/image\/","url":"http:\/\/www.semen-l.org\/wp-content\/uploads\/2020\/11\/logo-semenl.jpg","contentUrl":"http:\/\/www.semen-l.org\/wp-content\/uploads\/2020\/11\/logo-semenl.jpg","width":408,"height":403,"caption":"Soci\u00e9t\u00e9 d'\u00e9tudes m\u00e9dio et n\u00e9o-latines"},"image":{"@id":"http:\/\/www.semen-l.org\/#\/schema\/logo\/image\/"},"sameAs":["https:\/\/www.facebook.com\/SEMENL2018","https:\/\/independent.academia.edu\/SocitsdtudesmdioetnolatinesSEMENL"]},{"@type":"Person","@id":"http:\/\/www.semen-l.org\/#\/schema\/person\/6e8c8c75b499690cc37dd369354a7c47","name":"Seris","image":{"@type":"ImageObject","inLanguage":"fr-FR","@id":"https:\/\/secure.gravatar.com\/avatar\/8aec6178114279c28f7f0f4ccbb54eefdf0db708e95973d3513a9c5387b223b9?s=96&d=mm&r=g","url":"https:\/\/secure.gravatar.com\/avatar\/8aec6178114279c28f7f0f4ccbb54eefdf0db708e95973d3513a9c5387b223b9?s=96&d=mm&r=g","contentUrl":"https:\/\/secure.gravatar.com\/avatar\/8aec6178114279c28f7f0f4ccbb54eefdf0db708e95973d3513a9c5387b223b9?s=96&d=mm&r=g","caption":"Seris"},"url":"https:\/\/www.semen-l.org\/?author=5"}]}},"jetpack_featured_media_url":"https:\/\/www.semen-l.org\/wp-content\/uploads\/2019\/03\/senecatragicusmini.jpg","_links":{"self":[{"href":"https:\/\/www.semen-l.org\/index.php?rest_route=\/wp\/v2\/posts\/521","targetHints":{"allow":["GET"]}}],"collection":[{"href":"https:\/\/www.semen-l.org\/index.php?rest_route=\/wp\/v2\/posts"}],"about":[{"href":"https:\/\/www.semen-l.org\/index.php?rest_route=\/wp\/v2\/types\/post"}],"author":[{"embeddable":true,"href":"https:\/\/www.semen-l.org\/index.php?rest_route=\/wp\/v2\/users\/5"}],"replies":[{"embeddable":true,"href":"https:\/\/www.semen-l.org\/index.php?rest_route=%2Fwp%2Fv2%2Fcomments&post=521"}],"version-history":[{"count":0,"href":"https:\/\/www.semen-l.org\/index.php?rest_route=\/wp\/v2\/posts\/521\/revisions"}],"wp:featuredmedia":[{"embeddable":true,"href":"https:\/\/www.semen-l.org\/index.php?rest_route=\/wp\/v2\/media\/916"}],"wp:attachment":[{"href":"https:\/\/www.semen-l.org\/index.php?rest_route=%2Fwp%2Fv2%2Fmedia&parent=521"}],"wp:term":[{"taxonomy":"category","embeddable":true,"href":"https:\/\/www.semen-l.org\/index.php?rest_route=%2Fwp%2Fv2%2Fcategories&post=521"},{"taxonomy":"post_tag","embeddable":true,"href":"https:\/\/www.semen-l.org\/index.php?rest_route=%2Fwp%2Fv2%2Ftags&post=521"}],"curies":[{"name":"wp","href":"https:\/\/api.w.org\/{rel}","templated":true}]}}