{"id":497,"date":"2018-11-29T09:31:16","date_gmt":"2018-11-29T09:31:16","guid":{"rendered":"http:\/\/www.semen-l.org\/?p=497"},"modified":"2020-11-18T23:04:27","modified_gmt":"2020-11-18T23:04:27","slug":"congres-du-gis-humanites-lyon-17-19-dec-2018","status":"publish","type":"post","link":"https:\/\/www.semen-l.org\/?p=497","title":{"rendered":"Congr\u00e8s du GIS Humanit\u00e9s (Lyon, 17-19 d\u00e9c. 2018)"},"content":{"rendered":"<p><a href=\"http:\/\/www.semen-l.org\/wp-content\/uploads\/2018\/11\/GIS-programme-congre\u0300s-Lyon-2018.pdf\">GIS-programme congre\u0300s Lyon 2018<\/a><\/p>\n<p><a href=\"http:\/\/www.semen-l.org\/wp-content\/uploads\/2018\/11\/colloque-gis-humanites-gd.jpg\"><img fetchpriority=\"high\" decoding=\"async\" class=\"alignright size-medium wp-image-964\" src=\"http:\/\/www.semen-l.org\/wp-content\/uploads\/2018\/11\/colloque-gis-humanites-gd-214x300.jpg\" alt=\"\" width=\"214\" height=\"300\" srcset=\"https:\/\/www.semen-l.org\/wp-content\/uploads\/2018\/11\/colloque-gis-humanites-gd-214x300.jpg 214w, https:\/\/www.semen-l.org\/wp-content\/uploads\/2018\/11\/colloque-gis-humanites-gd-143x200.jpg 143w, https:\/\/www.semen-l.org\/wp-content\/uploads\/2018\/11\/colloque-gis-humanites-gd.jpg 566w\" sizes=\"(max-width: 214px) 100vw, 214px\" \/><\/a><\/p>\n<p>&nbsp;<\/p>\n","protected":false},"excerpt":{"rendered":"<p>GIS-programme congre\u0300s Lyon 2018 &nbsp;<\/p>\n","protected":false},"author":5,"featured_media":962,"comment_status":"open","ping_status":"open","sticky":false,"template":"","format":"standard","meta":{"footnotes":""},"categories":[11],"tags":[199,215,213,204,218,217,207,214,205,203,220,206,210,147,225,137,224,226,221,115,219,140,222,201,216,211,223,70,178,198,183,212,209,208,202,227,114,200,197],"class_list":["post-497","post","type-post","status-publish","format-standard","has-post-thumbnail","hentry","category-congres","tag-agronomie","tag-alexandre-le-grand","tag-allegorie","tag-anthropomorphisme","tag-archive","tag-archivistique","tag-bibliotheque","tag-bossuet-jacques-benigne","tag-caelius-aurelien","tag-cognition","tag-de-bello-arriano","tag-de-mundo-ps-aristote","tag-digital-classics","tag-egypte","tag-ekphrasis","tag-encyclopedie","tag-enseignement-secondaire","tag-europe","tag-fagnani-giovanni-marco","tag-genre","tag-heracles","tag-humanites","tag-iconographie","tag-jeux","tag-liber-glossarum","tag-lucilius","tag-nu","tag-ovide","tag-polemique","tag-pontiques","tag-satire","tag-satires-luilius","tag-scepticisme","tag-sorbonne","tag-spectacle","tag-spitzer-leo","tag-tragedie","tag-traite","tag-tristes"],"yoast_head":"<!-- This site is optimized with the Yoast SEO plugin v27.5 - https:\/\/yoast.com\/product\/yoast-seo-wordpress\/ -->\n<title>Congr\u00e8s du GIS Humanit\u00e9s (Lyon, 17-19 d\u00e9c. 2018) - Soci\u00e9t\u00e9 d&#039;\u00c9tudes M\u00e9dio Et N\u00e9o-Latines<\/title>\n<meta name=\"robots\" content=\"index, follow, max-snippet:-1, max-image-preview:large, max-video-preview:-1\" \/>\n<link rel=\"canonical\" href=\"http:\/\/www.semen-l.org\/?p=497\" \/>\n<meta property=\"og:locale\" content=\"fr_FR\" \/>\n<meta property=\"og:type\" content=\"article\" \/>\n<meta property=\"og:title\" content=\"Congr\u00e8s du GIS Humanit\u00e9s (Lyon, 17-19 d\u00e9c. 2018) - Soci\u00e9t\u00e9 d&#039;\u00c9tudes M\u00e9dio Et N\u00e9o-Latines\" \/>\n<meta property=\"og:description\" content=\"GIS-programme congre\u0300s Lyon 2018 &nbsp;\" \/>\n<meta property=\"og:url\" content=\"http:\/\/www.semen-l.org\/?p=497\" \/>\n<meta property=\"og:site_name\" content=\"Soci\u00e9t\u00e9 d&#039;\u00c9tudes M\u00e9dio Et N\u00e9o-Latines\" \/>\n<meta property=\"article:publisher\" content=\"https:\/\/www.facebook.com\/SEMENL2018\" \/>\n<meta property=\"article:published_time\" content=\"2018-11-29T09:31:16+00:00\" \/>\n<meta property=\"article:modified_time\" content=\"2020-11-18T23:04:27+00:00\" \/>\n<meta property=\"og:image\" content=\"http:\/\/www.semen-l.org\/wp-content\/uploads\/2018\/11\/colloque-gis-humanites-pt.jpg\" \/>\n\t<meta property=\"og:image:width\" content=\"200\" \/>\n\t<meta property=\"og:image:height\" content=\"197\" \/>\n\t<meta property=\"og:image:type\" content=\"image\/jpeg\" \/>\n<meta name=\"author\" content=\"Seris\" \/>\n<meta name=\"twitter:card\" content=\"summary_large_image\" \/>\n<meta name=\"twitter:label1\" content=\"\u00c9crit par\" \/>\n\t<meta name=\"twitter:data1\" content=\"Seris\" \/>\n<script type=\"application\/ld+json\" class=\"yoast-schema-graph\">{\"@context\":\"https:\\\/\\\/schema.org\",\"@graph\":[{\"@type\":\"Article\",\"@id\":\"http:\\\/\\\/www.semen-l.org\\\/?p=497#article\",\"isPartOf\":{\"@id\":\"http:\\\/\\\/www.semen-l.org\\\/?p=497\"},\"author\":{\"name\":\"Seris\",\"@id\":\"http:\\\/\\\/www.semen-l.org\\\/#\\\/schema\\\/person\\\/6e8c8c75b499690cc37dd369354a7c47\"},\"headline\":\"Congr\u00e8s du GIS Humanit\u00e9s (Lyon, 17-19 d\u00e9c. 2018)\",\"datePublished\":\"2018-11-29T09:31:16+00:00\",\"dateModified\":\"2020-11-18T23:04:27+00:00\",\"mainEntityOfPage\":{\"@id\":\"http:\\\/\\\/www.semen-l.org\\\/?p=497\"},\"wordCount\":15,\"commentCount\":0,\"publisher\":{\"@id\":\"http:\\\/\\\/www.semen-l.org\\\/#organization\"},\"image\":{\"@id\":\"http:\\\/\\\/www.semen-l.org\\\/?p=497#primaryimage\"},\"thumbnailUrl\":\"https:\\\/\\\/www.semen-l.org\\\/wp-content\\\/uploads\\\/2018\\\/11\\\/colloque-gis-humanites-pt.jpg\",\"keywords\":[\"agronomie\",\"Alexandre le Grand\",\"all\u00e9gorie\",\"anthropomorphisme\",\"archive\",\"archivistique\",\"biblioth\u00e8que\",\"Bossuet (Jacques-B\u00e9nigne)\",\"Caelius Aur\u00e9lien\",\"cognition\",\"De Bello Arriano\",\"De Mundo (Ps.-Aristote)\",\"digital classics\",\"\u00c9gypte\",\"ekphrasis\",\"encyclop\u00e9die\",\"enseignement secondaire\",\"Europe\",\"Fagnani (Giovanni Marco)\",\"genre (gender)\",\"H\u00e9racl\u00e8s\",\"humanit\u00e9s\",\"iconographie\",\"jeux\",\"Liber Glossarum\",\"Lucilius\",\"nu\",\"Ovide\",\"pol\u00e9mique\",\"Pontiques (Les)\",\"satire\",\"Satires (Lucilius)\",\"scepticisme\",\"Sorbonne\",\"spectacle\",\"Spitzer (Leo)\",\"trag\u00e9die\",\"trait\u00e9\",\"Tristes\"],\"articleSection\":[\"Congr\u00e8s\"],\"inLanguage\":\"fr-FR\",\"potentialAction\":[{\"@type\":\"CommentAction\",\"name\":\"Comment\",\"target\":[\"http:\\\/\\\/www.semen-l.org\\\/?p=497#respond\"]}]},{\"@type\":\"WebPage\",\"@id\":\"http:\\\/\\\/www.semen-l.org\\\/?p=497\",\"url\":\"http:\\\/\\\/www.semen-l.org\\\/?p=497\",\"name\":\"Congr\u00e8s du GIS Humanit\u00e9s (Lyon, 17-19 d\u00e9c. 2018) - Soci\u00e9t\u00e9 d&#039;\u00c9tudes M\u00e9dio Et N\u00e9o-Latines\",\"isPartOf\":{\"@id\":\"http:\\\/\\\/www.semen-l.org\\\/#website\"},\"primaryImageOfPage\":{\"@id\":\"http:\\\/\\\/www.semen-l.org\\\/?p=497#primaryimage\"},\"image\":{\"@id\":\"http:\\\/\\\/www.semen-l.org\\\/?p=497#primaryimage\"},\"thumbnailUrl\":\"https:\\\/\\\/www.semen-l.org\\\/wp-content\\\/uploads\\\/2018\\\/11\\\/colloque-gis-humanites-pt.jpg\",\"datePublished\":\"2018-11-29T09:31:16+00:00\",\"dateModified\":\"2020-11-18T23:04:27+00:00\",\"breadcrumb\":{\"@id\":\"http:\\\/\\\/www.semen-l.org\\\/?p=497#breadcrumb\"},\"inLanguage\":\"fr-FR\",\"potentialAction\":[{\"@type\":\"ReadAction\",\"target\":[\"http:\\\/\\\/www.semen-l.org\\\/?p=497\"]}]},{\"@type\":\"ImageObject\",\"inLanguage\":\"fr-FR\",\"@id\":\"http:\\\/\\\/www.semen-l.org\\\/?p=497#primaryimage\",\"url\":\"https:\\\/\\\/www.semen-l.org\\\/wp-content\\\/uploads\\\/2018\\\/11\\\/colloque-gis-humanites-pt.jpg\",\"contentUrl\":\"https:\\\/\\\/www.semen-l.org\\\/wp-content\\\/uploads\\\/2018\\\/11\\\/colloque-gis-humanites-pt.jpg\",\"width\":200,\"height\":197},{\"@type\":\"BreadcrumbList\",\"@id\":\"http:\\\/\\\/www.semen-l.org\\\/?p=497#breadcrumb\",\"itemListElement\":[{\"@type\":\"ListItem\",\"position\":1,\"name\":\"Accueil\",\"item\":\"http:\\\/\\\/www.semen-l.org\\\/\"},{\"@type\":\"ListItem\",\"position\":2,\"name\":\"Congr\u00e8s du GIS Humanit\u00e9s (Lyon, 17-19 d\u00e9c. 2018)\"}]},{\"@type\":\"WebSite\",\"@id\":\"http:\\\/\\\/www.semen-l.org\\\/#website\",\"url\":\"http:\\\/\\\/www.semen-l.org\\\/\",\"name\":\"Soci\u00e9t\u00e9 d'\u00c9tudes M\u00e9dio Et N\u00e9o-Latines\",\"description\":\"\",\"publisher\":{\"@id\":\"http:\\\/\\\/www.semen-l.org\\\/#organization\"},\"potentialAction\":[{\"@type\":\"SearchAction\",\"target\":{\"@type\":\"EntryPoint\",\"urlTemplate\":\"http:\\\/\\\/www.semen-l.org\\\/?s={search_term_string}\"},\"query-input\":{\"@type\":\"PropertyValueSpecification\",\"valueRequired\":true,\"valueName\":\"search_term_string\"}}],\"inLanguage\":\"fr-FR\"},{\"@type\":\"Organization\",\"@id\":\"http:\\\/\\\/www.semen-l.org\\\/#organization\",\"name\":\"Soci\u00e9t\u00e9 d'\u00e9tudes m\u00e9dio et n\u00e9o-latines\",\"url\":\"http:\\\/\\\/www.semen-l.org\\\/\",\"logo\":{\"@type\":\"ImageObject\",\"inLanguage\":\"fr-FR\",\"@id\":\"http:\\\/\\\/www.semen-l.org\\\/#\\\/schema\\\/logo\\\/image\\\/\",\"url\":\"http:\\\/\\\/www.semen-l.org\\\/wp-content\\\/uploads\\\/2020\\\/11\\\/logo-semenl.jpg\",\"contentUrl\":\"http:\\\/\\\/www.semen-l.org\\\/wp-content\\\/uploads\\\/2020\\\/11\\\/logo-semenl.jpg\",\"width\":408,\"height\":403,\"caption\":\"Soci\u00e9t\u00e9 d'\u00e9tudes m\u00e9dio et n\u00e9o-latines\"},\"image\":{\"@id\":\"http:\\\/\\\/www.semen-l.org\\\/#\\\/schema\\\/logo\\\/image\\\/\"},\"sameAs\":[\"https:\\\/\\\/www.facebook.com\\\/SEMENL2018\",\"https:\\\/\\\/independent.academia.edu\\\/SocitsdtudesmdioetnolatinesSEMENL\"]},{\"@type\":\"Person\",\"@id\":\"http:\\\/\\\/www.semen-l.org\\\/#\\\/schema\\\/person\\\/6e8c8c75b499690cc37dd369354a7c47\",\"name\":\"Seris\",\"image\":{\"@type\":\"ImageObject\",\"inLanguage\":\"fr-FR\",\"@id\":\"https:\\\/\\\/secure.gravatar.com\\\/avatar\\\/8aec6178114279c28f7f0f4ccbb54eefdf0db708e95973d3513a9c5387b223b9?s=96&d=mm&r=g\",\"url\":\"https:\\\/\\\/secure.gravatar.com\\\/avatar\\\/8aec6178114279c28f7f0f4ccbb54eefdf0db708e95973d3513a9c5387b223b9?s=96&d=mm&r=g\",\"contentUrl\":\"https:\\\/\\\/secure.gravatar.com\\\/avatar\\\/8aec6178114279c28f7f0f4ccbb54eefdf0db708e95973d3513a9c5387b223b9?s=96&d=mm&r=g\",\"caption\":\"Seris\"},\"url\":\"https:\\\/\\\/www.semen-l.org\\\/?author=5\"}]}<\/script>\n<!-- \/ Yoast SEO plugin. -->","yoast_head_json":{"title":"Congr\u00e8s du GIS Humanit\u00e9s (Lyon, 17-19 d\u00e9c. 2018) - Soci\u00e9t\u00e9 d&#039;\u00c9tudes M\u00e9dio Et N\u00e9o-Latines","robots":{"index":"index","follow":"follow","max-snippet":"max-snippet:-1","max-image-preview":"max-image-preview:large","max-video-preview":"max-video-preview:-1"},"canonical":"http:\/\/www.semen-l.org\/?p=497","og_locale":"fr_FR","og_type":"article","og_title":"Congr\u00e8s du GIS Humanit\u00e9s (Lyon, 17-19 d\u00e9c. 2018) - Soci\u00e9t\u00e9 d&#039;\u00c9tudes M\u00e9dio Et N\u00e9o-Latines","og_description":"GIS-programme congre\u0300s Lyon 2018 &nbsp;","og_url":"http:\/\/www.semen-l.org\/?p=497","og_site_name":"Soci\u00e9t\u00e9 d&#039;\u00c9tudes M\u00e9dio Et N\u00e9o-Latines","article_publisher":"https:\/\/www.facebook.com\/SEMENL2018","article_published_time":"2018-11-29T09:31:16+00:00","article_modified_time":"2020-11-18T23:04:27+00:00","og_image":[{"width":200,"height":197,"url":"http:\/\/www.semen-l.org\/wp-content\/uploads\/2018\/11\/colloque-gis-humanites-pt.jpg","type":"image\/jpeg"}],"author":"Seris","twitter_card":"summary_large_image","twitter_misc":{"\u00c9crit par":"Seris"},"schema":{"@context":"https:\/\/schema.org","@graph":[{"@type":"Article","@id":"http:\/\/www.semen-l.org\/?p=497#article","isPartOf":{"@id":"http:\/\/www.semen-l.org\/?p=497"},"author":{"name":"Seris","@id":"http:\/\/www.semen-l.org\/#\/schema\/person\/6e8c8c75b499690cc37dd369354a7c47"},"headline":"Congr\u00e8s du GIS Humanit\u00e9s (Lyon, 17-19 d\u00e9c. 2018)","datePublished":"2018-11-29T09:31:16+00:00","dateModified":"2020-11-18T23:04:27+00:00","mainEntityOfPage":{"@id":"http:\/\/www.semen-l.org\/?p=497"},"wordCount":15,"commentCount":0,"publisher":{"@id":"http:\/\/www.semen-l.org\/#organization"},"image":{"@id":"http:\/\/www.semen-l.org\/?p=497#primaryimage"},"thumbnailUrl":"https:\/\/www.semen-l.org\/wp-content\/uploads\/2018\/11\/colloque-gis-humanites-pt.jpg","keywords":["agronomie","Alexandre le Grand","all\u00e9gorie","anthropomorphisme","archive","archivistique","biblioth\u00e8que","Bossuet (Jacques-B\u00e9nigne)","Caelius Aur\u00e9lien","cognition","De Bello Arriano","De Mundo (Ps.-Aristote)","digital classics","\u00c9gypte","ekphrasis","encyclop\u00e9die","enseignement secondaire","Europe","Fagnani (Giovanni Marco)","genre (gender)","H\u00e9racl\u00e8s","humanit\u00e9s","iconographie","jeux","Liber Glossarum","Lucilius","nu","Ovide","pol\u00e9mique","Pontiques (Les)","satire","Satires (Lucilius)","scepticisme","Sorbonne","spectacle","Spitzer (Leo)","trag\u00e9die","trait\u00e9","Tristes"],"articleSection":["Congr\u00e8s"],"inLanguage":"fr-FR","potentialAction":[{"@type":"CommentAction","name":"Comment","target":["http:\/\/www.semen-l.org\/?p=497#respond"]}]},{"@type":"WebPage","@id":"http:\/\/www.semen-l.org\/?p=497","url":"http:\/\/www.semen-l.org\/?p=497","name":"Congr\u00e8s du GIS Humanit\u00e9s (Lyon, 17-19 d\u00e9c. 2018) - Soci\u00e9t\u00e9 d&#039;\u00c9tudes M\u00e9dio Et N\u00e9o-Latines","isPartOf":{"@id":"http:\/\/www.semen-l.org\/#website"},"primaryImageOfPage":{"@id":"http:\/\/www.semen-l.org\/?p=497#primaryimage"},"image":{"@id":"http:\/\/www.semen-l.org\/?p=497#primaryimage"},"thumbnailUrl":"https:\/\/www.semen-l.org\/wp-content\/uploads\/2018\/11\/colloque-gis-humanites-pt.jpg","datePublished":"2018-11-29T09:31:16+00:00","dateModified":"2020-11-18T23:04:27+00:00","breadcrumb":{"@id":"http:\/\/www.semen-l.org\/?p=497#breadcrumb"},"inLanguage":"fr-FR","potentialAction":[{"@type":"ReadAction","target":["http:\/\/www.semen-l.org\/?p=497"]}]},{"@type":"ImageObject","inLanguage":"fr-FR","@id":"http:\/\/www.semen-l.org\/?p=497#primaryimage","url":"https:\/\/www.semen-l.org\/wp-content\/uploads\/2018\/11\/colloque-gis-humanites-pt.jpg","contentUrl":"https:\/\/www.semen-l.org\/wp-content\/uploads\/2018\/11\/colloque-gis-humanites-pt.jpg","width":200,"height":197},{"@type":"BreadcrumbList","@id":"http:\/\/www.semen-l.org\/?p=497#breadcrumb","itemListElement":[{"@type":"ListItem","position":1,"name":"Accueil","item":"http:\/\/www.semen-l.org\/"},{"@type":"ListItem","position":2,"name":"Congr\u00e8s du GIS Humanit\u00e9s (Lyon, 17-19 d\u00e9c. 2018)"}]},{"@type":"WebSite","@id":"http:\/\/www.semen-l.org\/#website","url":"http:\/\/www.semen-l.org\/","name":"Soci\u00e9t\u00e9 d'\u00c9tudes M\u00e9dio Et N\u00e9o-Latines","description":"","publisher":{"@id":"http:\/\/www.semen-l.org\/#organization"},"potentialAction":[{"@type":"SearchAction","target":{"@type":"EntryPoint","urlTemplate":"http:\/\/www.semen-l.org\/?s={search_term_string}"},"query-input":{"@type":"PropertyValueSpecification","valueRequired":true,"valueName":"search_term_string"}}],"inLanguage":"fr-FR"},{"@type":"Organization","@id":"http:\/\/www.semen-l.org\/#organization","name":"Soci\u00e9t\u00e9 d'\u00e9tudes m\u00e9dio et n\u00e9o-latines","url":"http:\/\/www.semen-l.org\/","logo":{"@type":"ImageObject","inLanguage":"fr-FR","@id":"http:\/\/www.semen-l.org\/#\/schema\/logo\/image\/","url":"http:\/\/www.semen-l.org\/wp-content\/uploads\/2020\/11\/logo-semenl.jpg","contentUrl":"http:\/\/www.semen-l.org\/wp-content\/uploads\/2020\/11\/logo-semenl.jpg","width":408,"height":403,"caption":"Soci\u00e9t\u00e9 d'\u00e9tudes m\u00e9dio et n\u00e9o-latines"},"image":{"@id":"http:\/\/www.semen-l.org\/#\/schema\/logo\/image\/"},"sameAs":["https:\/\/www.facebook.com\/SEMENL2018","https:\/\/independent.academia.edu\/SocitsdtudesmdioetnolatinesSEMENL"]},{"@type":"Person","@id":"http:\/\/www.semen-l.org\/#\/schema\/person\/6e8c8c75b499690cc37dd369354a7c47","name":"Seris","image":{"@type":"ImageObject","inLanguage":"fr-FR","@id":"https:\/\/secure.gravatar.com\/avatar\/8aec6178114279c28f7f0f4ccbb54eefdf0db708e95973d3513a9c5387b223b9?s=96&d=mm&r=g","url":"https:\/\/secure.gravatar.com\/avatar\/8aec6178114279c28f7f0f4ccbb54eefdf0db708e95973d3513a9c5387b223b9?s=96&d=mm&r=g","contentUrl":"https:\/\/secure.gravatar.com\/avatar\/8aec6178114279c28f7f0f4ccbb54eefdf0db708e95973d3513a9c5387b223b9?s=96&d=mm&r=g","caption":"Seris"},"url":"https:\/\/www.semen-l.org\/?author=5"}]}},"jetpack_featured_media_url":"https:\/\/www.semen-l.org\/wp-content\/uploads\/2018\/11\/colloque-gis-humanites-pt.jpg","_links":{"self":[{"href":"https:\/\/www.semen-l.org\/index.php?rest_route=\/wp\/v2\/posts\/497","targetHints":{"allow":["GET"]}}],"collection":[{"href":"https:\/\/www.semen-l.org\/index.php?rest_route=\/wp\/v2\/posts"}],"about":[{"href":"https:\/\/www.semen-l.org\/index.php?rest_route=\/wp\/v2\/types\/post"}],"author":[{"embeddable":true,"href":"https:\/\/www.semen-l.org\/index.php?rest_route=\/wp\/v2\/users\/5"}],"replies":[{"embeddable":true,"href":"https:\/\/www.semen-l.org\/index.php?rest_route=%2Fwp%2Fv2%2Fcomments&post=497"}],"version-history":[{"count":0,"href":"https:\/\/www.semen-l.org\/index.php?rest_route=\/wp\/v2\/posts\/497\/revisions"}],"wp:featuredmedia":[{"embeddable":true,"href":"https:\/\/www.semen-l.org\/index.php?rest_route=\/wp\/v2\/media\/962"}],"wp:attachment":[{"href":"https:\/\/www.semen-l.org\/index.php?rest_route=%2Fwp%2Fv2%2Fmedia&parent=497"}],"wp:term":[{"taxonomy":"category","embeddable":true,"href":"https:\/\/www.semen-l.org\/index.php?rest_route=%2Fwp%2Fv2%2Fcategories&post=497"},{"taxonomy":"post_tag","embeddable":true,"href":"https:\/\/www.semen-l.org\/index.php?rest_route=%2Fwp%2Fv2%2Ftags&post=497"}],"curies":[{"name":"wp","href":"https:\/\/api.w.org\/{rel}","templated":true}]}}