{"id":48,"date":"2011-11-05T17:59:08","date_gmt":"2011-11-05T17:59:08","guid":{"rendered":"http:\/\/www.hermand.org\/semenl\/?p=48"},"modified":"2020-11-22T13:52:17","modified_gmt":"2020-11-22T13:52:17","slug":"48","status":"publish","type":"post","link":"https:\/\/www.semen-l.org\/?p=48","title":{"rendered":"Colloques 2011-2012"},"content":{"rendered":"<p>&#8211; 27-28 octobre 2011, Universit\u00e9 catholique de Louvain-la-Neuve, \u00ab Les Arts po\u00e9tiques aux XVIe et XVIIe si\u00e8cles \u00bb. Colloque organis\u00e9 par Gr\u00e9gory Ems et Mathieu Minet.  <\/p>\n<p>&#8211; 3-4 novembre 2011, Universit\u00e9 de Paris 3, \u00ab George Buchanan : textes et traductions \u00bb. Journ\u00e9e d\u2019\u00e9tudes organis\u00e9e par Armel Dubois-Nayt et Karine Ferradou. <\/p>\n<p>&#8211; 12 novembre 2011, \u00e0 14h30, Maison de la Recherche de Paris 3 (4, rue des Irlandais, Paris, 5e), Conf\u00e9rence de Max Engammare : \u00catre \u00e0 l\u2019heure \u00e0 Gen\u00e8ve et \u00e0 Rome au XVIe si\u00e8cle. <\/p>\n<p>&#8211; 24-25 novembre 2011, Universit\u00e9 de Caen Basse-Normandie, Autour de l\u2019hortus sanitatis : m\u00e9decine et sciences naturelles au d\u00e9but du livre imprim\u00e9, org. Brigitte Gauvin et Catherine Jacquemard. Renseignements et contacts : brigitte.gauvin@unicaen.fr et catherine.jacquemart@unicaen.fr <\/p>\n<p>&#8211; 1-2 d\u00e9cembre 2011, Tours, CESR, Salle du Conseil Municipal &#8211; H\u00f4tel de Ville, 41200 Romorantin-Lanthenay, Colloque Louise de Savoie (1476 &#8211; 1531). Renseignements : pascal.brioist@free.fr ; laure.fagnart@ulg.ac.be ; cedric.michon@wanadoo.fr <\/p>\n<p>&#8211; 8-10 d\u00e9cembre 2011, Universit\u00e9 Paris-Sorbonne (Paris IV), \u00ab La Douceur dans la pens\u00e9e moderne \u00bb, XXXIIIe colloque de la S.I.R.I.R. Contact : florence.malhomme@paris-sorbonne.fr<\/p>\n<p>&#8211; 12-14 d\u00e9cembre 2011, Universit\u00e9 Paris-Sorbonne (Paris IV), \u00ab Pratiques latines de la d\u00e9dicace : permanences et mutations, de l\u2019Antiquit\u00e9 \u00e0 la Renaissance \u00bb. Contact : jeanclaude.julhe@wanadoo.fr<\/p>\n<p>&#8211; 15-17 mars 2012, Dijon, Colloque international \u00abL\u2019image de la \u2018petite patrie \u00bb provinciale chez les \u00e9crivains de la Renaissance \u00bb, organis\u00e9e par Sylvie Laigneau-Fontaine. Contact :  sylvie.laigneau-fontaine@sfr.fr<\/p>\n<p>&#8211; 22-24 mars 2012, Washington D.C., Meeting annuel de la Renaissance society of America. <\/p>\n<p>&#8211; 10-12 mai 2012, Colloque international : Tours 1500. Art et soci\u00e9t\u00e9 \u00e0 Tours au d\u00e9but de la Renaissance. Comit\u00e9 d\u2019organisation : Florence Alazard, Pascal Brioist, Marion Boudon-MAchuel, Pascale Charron, David Fiala, David Rivaud, Alain Salamagne. Contact : marion.boudon-machuel@inha.fr et\/ou pascale.charron@univ-tours.fr <\/p>\n<p>&#8211; 12-13 mai 2012 \u2013 Craiova, Roumanie. La r\u00e9ception de l\u2019Antiquit\u00e9 gr\u00e9co-latine dans les cultures europ\u00e9ennes. Sous le signe d\u2019Herm\u00e8s. Renseignements : studiiclasice.craiova@yahoo.com<\/p>\n<p>&#8211; 5-10 ao\u00fbt 2012, M\u00fcnster, 15e Congr\u00e8s de l\u2019IANLS. Contact : pade@hum.ku.dk<\/p>\n<p>&#8211; 5-6 octobre 2012, Universit\u00e9 de Montpellier 3, \u00ab L\u2019\u00e9criture \u00e9pique et ses mod\u00e8les \u00bb [de l\u2019\u00e9pop\u00e9e classique \u00e0 la Renaissance]. Colloque organis\u00e9 par Jean Meyers et Aline Est\u00e8ves. <\/p>\n","protected":false},"excerpt":{"rendered":"<p>&#8211; 27-28 octobre 2011, Universit\u00e9 catholique de Louvain-la-Neuve, \u00ab Les Arts po\u00e9tiques aux XVIe et XVIIe si\u00e8cles \u00bb. Colloque organis\u00e9 par Gr\u00e9gory Ems et Mathieu Minet. &#8211; 3-4 novembre 2011, Universit\u00e9 de Paris 3, \u00ab George Buchanan : textes et &hellip; <a href=\"https:\/\/www.semen-l.org\/?p=48\">Continuer la lecture <span class=\"meta-nav\">&rarr;<\/span><\/a><\/p>\n","protected":false},"author":5,"featured_media":0,"comment_status":"open","ping_status":"open","sticky":false,"template":"","format":"standard","meta":{"footnotes":""},"categories":[4],"tags":[331,133,1270,1268,463,1265,1264,1269,23,1266,1267,1271,27,371],"class_list":["post-48","post","type-post","status-publish","format-standard","hentry","category-colloques","tag-art-poetique","tag-george-buchanan","tag-de-cuba-johannes","tag-dedicace","tag-douceur","tag-epopee","tag-hermes","tag-hortus-sanitatis-le-jardin-de-sante","tag-medecine","tag-patrie","tag-province","tag-savoie-louise-de","tag-science","tag-traduction"],"yoast_head":"<!-- This site is optimized with the Yoast SEO plugin v27.5 - https:\/\/yoast.com\/product\/yoast-seo-wordpress\/ -->\n<title>Colloques 2011-2012 - Soci\u00e9t\u00e9 d&#039;\u00c9tudes M\u00e9dio Et N\u00e9o-Latines<\/title>\n<meta name=\"robots\" content=\"index, follow, max-snippet:-1, max-image-preview:large, max-video-preview:-1\" \/>\n<link rel=\"canonical\" href=\"https:\/\/www.semen-l.org\/?p=48\" \/>\n<meta property=\"og:locale\" content=\"fr_FR\" \/>\n<meta property=\"og:type\" content=\"article\" \/>\n<meta property=\"og:title\" content=\"Colloques 2011-2012 - Soci\u00e9t\u00e9 d&#039;\u00c9tudes M\u00e9dio Et N\u00e9o-Latines\" \/>\n<meta property=\"og:description\" content=\"&#8211; 27-28 octobre 2011, Universit\u00e9 catholique de Louvain-la-Neuve, \u00ab Les Arts po\u00e9tiques aux XVIe et XVIIe si\u00e8cles \u00bb. Colloque organis\u00e9 par Gr\u00e9gory Ems et Mathieu Minet. &#8211; 3-4 novembre 2011, Universit\u00e9 de Paris 3, \u00ab George Buchanan : textes et &hellip; Continuer la lecture &rarr;\" \/>\n<meta property=\"og:url\" content=\"https:\/\/www.semen-l.org\/?p=48\" \/>\n<meta property=\"og:site_name\" content=\"Soci\u00e9t\u00e9 d&#039;\u00c9tudes M\u00e9dio Et N\u00e9o-Latines\" \/>\n<meta property=\"article:publisher\" content=\"https:\/\/www.facebook.com\/SEMENL2018\" \/>\n<meta property=\"article:published_time\" content=\"2011-11-05T17:59:08+00:00\" \/>\n<meta property=\"article:modified_time\" content=\"2020-11-22T13:52:17+00:00\" \/>\n<meta name=\"author\" content=\"Seris\" \/>\n<meta name=\"twitter:card\" content=\"summary_large_image\" \/>\n<meta name=\"twitter:label1\" content=\"\u00c9crit par\" \/>\n\t<meta name=\"twitter:data1\" content=\"Seris\" \/>\n\t<meta name=\"twitter:label2\" content=\"Dur\u00e9e de lecture estim\u00e9e\" \/>\n\t<meta name=\"twitter:data2\" content=\"2 minutes\" \/>\n<script type=\"application\/ld+json\" class=\"yoast-schema-graph\">{\"@context\":\"https:\\\/\\\/schema.org\",\"@graph\":[{\"@type\":\"Article\",\"@id\":\"https:\\\/\\\/www.semen-l.org\\\/?p=48#article\",\"isPartOf\":{\"@id\":\"https:\\\/\\\/www.semen-l.org\\\/?p=48\"},\"author\":{\"name\":\"Seris\",\"@id\":\"http:\\\/\\\/www.semen-l.org\\\/#\\\/schema\\\/person\\\/6e8c8c75b499690cc37dd369354a7c47\"},\"headline\":\"Colloques 2011-2012\",\"datePublished\":\"2011-11-05T17:59:08+00:00\",\"dateModified\":\"2020-11-22T13:52:17+00:00\",\"mainEntityOfPage\":{\"@id\":\"https:\\\/\\\/www.semen-l.org\\\/?p=48\"},\"wordCount\":376,\"commentCount\":0,\"publisher\":{\"@id\":\"http:\\\/\\\/www.semen-l.org\\\/#organization\"},\"keywords\":[\"art po\u00e9tique\",\"Buchanan (George)\",\"Cuba (Johannes de)\",\"d\u00e9dicace\",\"douceur\",\"\u00e9pop\u00e9e\",\"Herm\u00e8s\",\"Hortus sanitatis (Le Jardin de sant\u00e9)\",\"m\u00e9decine\",\"patrie\",\"province\",\"Savoie (Louise de)\",\"science\",\"traduction\"],\"articleSection\":[\"Colloques\"],\"inLanguage\":\"fr-FR\",\"potentialAction\":[{\"@type\":\"CommentAction\",\"name\":\"Comment\",\"target\":[\"https:\\\/\\\/www.semen-l.org\\\/?p=48#respond\"]}]},{\"@type\":\"WebPage\",\"@id\":\"https:\\\/\\\/www.semen-l.org\\\/?p=48\",\"url\":\"https:\\\/\\\/www.semen-l.org\\\/?p=48\",\"name\":\"Colloques 2011-2012 - Soci\u00e9t\u00e9 d&#039;\u00c9tudes M\u00e9dio Et N\u00e9o-Latines\",\"isPartOf\":{\"@id\":\"http:\\\/\\\/www.semen-l.org\\\/#website\"},\"datePublished\":\"2011-11-05T17:59:08+00:00\",\"dateModified\":\"2020-11-22T13:52:17+00:00\",\"breadcrumb\":{\"@id\":\"https:\\\/\\\/www.semen-l.org\\\/?p=48#breadcrumb\"},\"inLanguage\":\"fr-FR\",\"potentialAction\":[{\"@type\":\"ReadAction\",\"target\":[\"https:\\\/\\\/www.semen-l.org\\\/?p=48\"]}]},{\"@type\":\"BreadcrumbList\",\"@id\":\"https:\\\/\\\/www.semen-l.org\\\/?p=48#breadcrumb\",\"itemListElement\":[{\"@type\":\"ListItem\",\"position\":1,\"name\":\"Accueil\",\"item\":\"http:\\\/\\\/www.semen-l.org\\\/\"},{\"@type\":\"ListItem\",\"position\":2,\"name\":\"Colloques 2011-2012\"}]},{\"@type\":\"WebSite\",\"@id\":\"http:\\\/\\\/www.semen-l.org\\\/#website\",\"url\":\"http:\\\/\\\/www.semen-l.org\\\/\",\"name\":\"Soci\u00e9t\u00e9 d'\u00c9tudes M\u00e9dio Et N\u00e9o-Latines\",\"description\":\"\",\"publisher\":{\"@id\":\"http:\\\/\\\/www.semen-l.org\\\/#organization\"},\"potentialAction\":[{\"@type\":\"SearchAction\",\"target\":{\"@type\":\"EntryPoint\",\"urlTemplate\":\"http:\\\/\\\/www.semen-l.org\\\/?s={search_term_string}\"},\"query-input\":{\"@type\":\"PropertyValueSpecification\",\"valueRequired\":true,\"valueName\":\"search_term_string\"}}],\"inLanguage\":\"fr-FR\"},{\"@type\":\"Organization\",\"@id\":\"http:\\\/\\\/www.semen-l.org\\\/#organization\",\"name\":\"Soci\u00e9t\u00e9 d'\u00e9tudes m\u00e9dio et n\u00e9o-latines\",\"url\":\"http:\\\/\\\/www.semen-l.org\\\/\",\"logo\":{\"@type\":\"ImageObject\",\"inLanguage\":\"fr-FR\",\"@id\":\"http:\\\/\\\/www.semen-l.org\\\/#\\\/schema\\\/logo\\\/image\\\/\",\"url\":\"http:\\\/\\\/www.semen-l.org\\\/wp-content\\\/uploads\\\/2020\\\/11\\\/logo-semenl.jpg\",\"contentUrl\":\"http:\\\/\\\/www.semen-l.org\\\/wp-content\\\/uploads\\\/2020\\\/11\\\/logo-semenl.jpg\",\"width\":408,\"height\":403,\"caption\":\"Soci\u00e9t\u00e9 d'\u00e9tudes m\u00e9dio et n\u00e9o-latines\"},\"image\":{\"@id\":\"http:\\\/\\\/www.semen-l.org\\\/#\\\/schema\\\/logo\\\/image\\\/\"},\"sameAs\":[\"https:\\\/\\\/www.facebook.com\\\/SEMENL2018\",\"https:\\\/\\\/independent.academia.edu\\\/SocitsdtudesmdioetnolatinesSEMENL\"]},{\"@type\":\"Person\",\"@id\":\"http:\\\/\\\/www.semen-l.org\\\/#\\\/schema\\\/person\\\/6e8c8c75b499690cc37dd369354a7c47\",\"name\":\"Seris\",\"image\":{\"@type\":\"ImageObject\",\"inLanguage\":\"fr-FR\",\"@id\":\"https:\\\/\\\/secure.gravatar.com\\\/avatar\\\/8aec6178114279c28f7f0f4ccbb54eefdf0db708e95973d3513a9c5387b223b9?s=96&d=mm&r=g\",\"url\":\"https:\\\/\\\/secure.gravatar.com\\\/avatar\\\/8aec6178114279c28f7f0f4ccbb54eefdf0db708e95973d3513a9c5387b223b9?s=96&d=mm&r=g\",\"contentUrl\":\"https:\\\/\\\/secure.gravatar.com\\\/avatar\\\/8aec6178114279c28f7f0f4ccbb54eefdf0db708e95973d3513a9c5387b223b9?s=96&d=mm&r=g\",\"caption\":\"Seris\"},\"url\":\"https:\\\/\\\/www.semen-l.org\\\/?author=5\"}]}<\/script>\n<!-- \/ Yoast SEO plugin. -->","yoast_head_json":{"title":"Colloques 2011-2012 - Soci\u00e9t\u00e9 d&#039;\u00c9tudes M\u00e9dio Et N\u00e9o-Latines","robots":{"index":"index","follow":"follow","max-snippet":"max-snippet:-1","max-image-preview":"max-image-preview:large","max-video-preview":"max-video-preview:-1"},"canonical":"https:\/\/www.semen-l.org\/?p=48","og_locale":"fr_FR","og_type":"article","og_title":"Colloques 2011-2012 - Soci\u00e9t\u00e9 d&#039;\u00c9tudes M\u00e9dio Et N\u00e9o-Latines","og_description":"&#8211; 27-28 octobre 2011, Universit\u00e9 catholique de Louvain-la-Neuve, \u00ab Les Arts po\u00e9tiques aux XVIe et XVIIe si\u00e8cles \u00bb. Colloque organis\u00e9 par Gr\u00e9gory Ems et Mathieu Minet. &#8211; 3-4 novembre 2011, Universit\u00e9 de Paris 3, \u00ab George Buchanan : textes et &hellip; Continuer la lecture &rarr;","og_url":"https:\/\/www.semen-l.org\/?p=48","og_site_name":"Soci\u00e9t\u00e9 d&#039;\u00c9tudes M\u00e9dio Et N\u00e9o-Latines","article_publisher":"https:\/\/www.facebook.com\/SEMENL2018","article_published_time":"2011-11-05T17:59:08+00:00","article_modified_time":"2020-11-22T13:52:17+00:00","author":"Seris","twitter_card":"summary_large_image","twitter_misc":{"\u00c9crit par":"Seris","Dur\u00e9e de lecture estim\u00e9e":"2 minutes"},"schema":{"@context":"https:\/\/schema.org","@graph":[{"@type":"Article","@id":"https:\/\/www.semen-l.org\/?p=48#article","isPartOf":{"@id":"https:\/\/www.semen-l.org\/?p=48"},"author":{"name":"Seris","@id":"http:\/\/www.semen-l.org\/#\/schema\/person\/6e8c8c75b499690cc37dd369354a7c47"},"headline":"Colloques 2011-2012","datePublished":"2011-11-05T17:59:08+00:00","dateModified":"2020-11-22T13:52:17+00:00","mainEntityOfPage":{"@id":"https:\/\/www.semen-l.org\/?p=48"},"wordCount":376,"commentCount":0,"publisher":{"@id":"http:\/\/www.semen-l.org\/#organization"},"keywords":["art po\u00e9tique","Buchanan (George)","Cuba (Johannes de)","d\u00e9dicace","douceur","\u00e9pop\u00e9e","Herm\u00e8s","Hortus sanitatis (Le Jardin de sant\u00e9)","m\u00e9decine","patrie","province","Savoie (Louise de)","science","traduction"],"articleSection":["Colloques"],"inLanguage":"fr-FR","potentialAction":[{"@type":"CommentAction","name":"Comment","target":["https:\/\/www.semen-l.org\/?p=48#respond"]}]},{"@type":"WebPage","@id":"https:\/\/www.semen-l.org\/?p=48","url":"https:\/\/www.semen-l.org\/?p=48","name":"Colloques 2011-2012 - Soci\u00e9t\u00e9 d&#039;\u00c9tudes M\u00e9dio Et N\u00e9o-Latines","isPartOf":{"@id":"http:\/\/www.semen-l.org\/#website"},"datePublished":"2011-11-05T17:59:08+00:00","dateModified":"2020-11-22T13:52:17+00:00","breadcrumb":{"@id":"https:\/\/www.semen-l.org\/?p=48#breadcrumb"},"inLanguage":"fr-FR","potentialAction":[{"@type":"ReadAction","target":["https:\/\/www.semen-l.org\/?p=48"]}]},{"@type":"BreadcrumbList","@id":"https:\/\/www.semen-l.org\/?p=48#breadcrumb","itemListElement":[{"@type":"ListItem","position":1,"name":"Accueil","item":"http:\/\/www.semen-l.org\/"},{"@type":"ListItem","position":2,"name":"Colloques 2011-2012"}]},{"@type":"WebSite","@id":"http:\/\/www.semen-l.org\/#website","url":"http:\/\/www.semen-l.org\/","name":"Soci\u00e9t\u00e9 d'\u00c9tudes M\u00e9dio Et N\u00e9o-Latines","description":"","publisher":{"@id":"http:\/\/www.semen-l.org\/#organization"},"potentialAction":[{"@type":"SearchAction","target":{"@type":"EntryPoint","urlTemplate":"http:\/\/www.semen-l.org\/?s={search_term_string}"},"query-input":{"@type":"PropertyValueSpecification","valueRequired":true,"valueName":"search_term_string"}}],"inLanguage":"fr-FR"},{"@type":"Organization","@id":"http:\/\/www.semen-l.org\/#organization","name":"Soci\u00e9t\u00e9 d'\u00e9tudes m\u00e9dio et n\u00e9o-latines","url":"http:\/\/www.semen-l.org\/","logo":{"@type":"ImageObject","inLanguage":"fr-FR","@id":"http:\/\/www.semen-l.org\/#\/schema\/logo\/image\/","url":"http:\/\/www.semen-l.org\/wp-content\/uploads\/2020\/11\/logo-semenl.jpg","contentUrl":"http:\/\/www.semen-l.org\/wp-content\/uploads\/2020\/11\/logo-semenl.jpg","width":408,"height":403,"caption":"Soci\u00e9t\u00e9 d'\u00e9tudes m\u00e9dio et n\u00e9o-latines"},"image":{"@id":"http:\/\/www.semen-l.org\/#\/schema\/logo\/image\/"},"sameAs":["https:\/\/www.facebook.com\/SEMENL2018","https:\/\/independent.academia.edu\/SocitsdtudesmdioetnolatinesSEMENL"]},{"@type":"Person","@id":"http:\/\/www.semen-l.org\/#\/schema\/person\/6e8c8c75b499690cc37dd369354a7c47","name":"Seris","image":{"@type":"ImageObject","inLanguage":"fr-FR","@id":"https:\/\/secure.gravatar.com\/avatar\/8aec6178114279c28f7f0f4ccbb54eefdf0db708e95973d3513a9c5387b223b9?s=96&d=mm&r=g","url":"https:\/\/secure.gravatar.com\/avatar\/8aec6178114279c28f7f0f4ccbb54eefdf0db708e95973d3513a9c5387b223b9?s=96&d=mm&r=g","contentUrl":"https:\/\/secure.gravatar.com\/avatar\/8aec6178114279c28f7f0f4ccbb54eefdf0db708e95973d3513a9c5387b223b9?s=96&d=mm&r=g","caption":"Seris"},"url":"https:\/\/www.semen-l.org\/?author=5"}]}},"jetpack_featured_media_url":"","_links":{"self":[{"href":"https:\/\/www.semen-l.org\/index.php?rest_route=\/wp\/v2\/posts\/48","targetHints":{"allow":["GET"]}}],"collection":[{"href":"https:\/\/www.semen-l.org\/index.php?rest_route=\/wp\/v2\/posts"}],"about":[{"href":"https:\/\/www.semen-l.org\/index.php?rest_route=\/wp\/v2\/types\/post"}],"author":[{"embeddable":true,"href":"https:\/\/www.semen-l.org\/index.php?rest_route=\/wp\/v2\/users\/5"}],"replies":[{"embeddable":true,"href":"https:\/\/www.semen-l.org\/index.php?rest_route=%2Fwp%2Fv2%2Fcomments&post=48"}],"version-history":[{"count":0,"href":"https:\/\/www.semen-l.org\/index.php?rest_route=\/wp\/v2\/posts\/48\/revisions"}],"wp:attachment":[{"href":"https:\/\/www.semen-l.org\/index.php?rest_route=%2Fwp%2Fv2%2Fmedia&parent=48"}],"wp:term":[{"taxonomy":"category","embeddable":true,"href":"https:\/\/www.semen-l.org\/index.php?rest_route=%2Fwp%2Fv2%2Fcategories&post=48"},{"taxonomy":"post_tag","embeddable":true,"href":"https:\/\/www.semen-l.org\/index.php?rest_route=%2Fwp%2Fv2%2Ftags&post=48"}],"curies":[{"name":"wp","href":"https:\/\/api.w.org\/{rel}","templated":true}]}}