{"id":476,"date":"2018-10-19T08:33:19","date_gmt":"2018-10-19T08:33:19","guid":{"rendered":"http:\/\/www.semen-l.org\/?p=476"},"modified":"2020-11-22T18:22:34","modified_gmt":"2020-11-22T18:22:34","slug":"colloques-2018-2019","status":"publish","type":"post","link":"https:\/\/www.semen-l.org\/?p=476","title":{"rendered":"Colloques 2018-2019"},"content":{"rendered":"<p>Retrouvez ci-dessous la liste des colloques pour les ann\u00e9es 2018-2019 concernant le latin m\u00e9di\u00e9val et le n\u00e9o-latin, recens\u00e9s par la SEMEN-L.<\/p>\n<p>&#8211; 27-29 sept. 2018, Bruxelles, Palais des Acad\u00e9mies : \u00ab Zeuxis redivivus. Art et \u00e9mulation dans l\u2019Europe du XIVe au XVIIe si\u00e8cle \u00bb, org. M. Bert (UCLouvain\u2013American University of Paris) et L. Fagnart (FNRS \u2013 Universit\u00e9 de Li\u00e8ge).<br \/>\n&#8211; 2 oct. 2018, 9 h 30-17 h, Paris, IRHT, La Catena aurea de Thomas d\u2019Aquin sur les \u00c9vangiles. Une cha\u00eene de cha\u00eenes au d\u00e9fi de l\u2019\u00e9dition \u00e9lectronique, org. M. Morard.<br \/>\n&#8211; 26-27 oct. 2018, B\u00e2le, Journ\u00e9es d\u2019\u00e9tudes, \u00ab \u2018Ce n\u2019est pas un mensonge, ains un divin presage\u2019. Interroger la v\u00e9rit\u00e9 du songe dans la litt\u00e9rature fran\u00e7aise de la Renaissance \u00bb, org. D. Brancher, N. Hugot et A. Lesage.<br \/>\n&#8211; 8-10 nov. 2018, Clermont, Universit\u00e9 Clermont Auvergne, colloque international \u00ab Pr\u00e9sences ovidiennes \u00bb, org. R. Poignault et H. Vial (CELIS, EA4280).<br \/>\n&#8211; 22-23 nov. 2018, Paris, Sorbonne, colloque de la Soci\u00e9t\u00e9 d\u2019Histoire litt\u00e9raire de la France, \u00ab Po\u00e9sie et \u00e9thique (XVIe \u2013 XXIe si\u00e8cles) \u00bb, org. A. G\u00e9netiot (U. Lorraine)<br \/>\n&#8211; 22-24 nov. 2018, Paris, Sorbonne Universit\u00e9 Lettres, colloque international \u00ab Peintures et figures de nus dans la litt\u00e9rature de l\u2019Antiquit\u00e9 \u00e0 la Renaissance \u00bb, org. \u00c9. S\u00e9ris (\u00ab Rome et ses renaissances \u00bb EA4081).<br \/>\n&#8211; 29, 30 nov.-1er d\u00e9c. 2018, Universit\u00e9 de Rouen, Colloque \u00ab Dialogue et Enseignement \u00bb, org. M. Lucciano et J.-P. De Giorgio.<br \/>\n&#8211; 17-19 d\u00e9c. 2018, Lyon, U. Lumi\u00e8re Lyon 2-ENS de Lyon \u2013U. Jean Moulin Lyon 3, Congr\u00e8s du GIS \u00ab Humanit\u00e9s, Sources et langues de l\u2019Europe et de la M\u00e9diterran\u00e9e \u00bb : \u00ab \u00c9tudier les Humanit\u00e9s aujourd\u2019hui : nouveaux enjeux et nouvelles m\u00e9thodes \u00bb.<br \/>\n&#8211; 17-18 janv. 2019, UPJV-Amiens, Logis du Roi, \u00ab Le th\u00e9\u00e2tre et les genres dialogu\u00e9s de l\u2019Antiquit\u00e9 \u00e0 la Renaissance. Volet 2 : du genre dramatique aux genres dialogiques \u00bb, dir. L. Boul\u00e8gue et G. Ierano ((UPJV\/EA 4284 TrAme- U. Trento).<br \/>\n&#8211; 18-19 janv. 2019, U. Paris Sorbonne, Colloque \u00ab Les Anthologies po\u00e9tiques au XVIe si\u00e8cle \u00bb, org. A. Lionetto et J.-C. Monferran.<br \/>\n&#8211; 24-26 janv. 2019, Paris, H\u00f4tel de Lauzun, \u00ab La Page monumentalis\u00e9e \u00bb, org. R. B\u00e9har (ENS, PSL), C. B\u00e9n\u00e9vent (ENC, PSL) et V. Leroux (EPHE, PSL) et Paris, ENS, \u00ab Projet Page \u00bb, org. I. Pantin (ENS, PSL).<br \/>\n&#8211; 7-8 mars 2019, Paris, IRHT, Centre F\u00e9lix-Grat, Les m\u00e9di\u00e9vistes face \u00e0 la documentation des \u00e9rudits modernes. M\u00e9thodes et enjeux, Organisation J. Delmulle (IRHT) et H. Morvan (U. Bordeaux-Montaigne).<br \/>\n&#8211; 17-19 mars 2019 : Congr\u00e8s annuel de la Renaissance Society of America, Toronto.<br \/>\n&#8211; 27-29 mars 2019, Aix en Provence, U. d\u2019Aix-Marseille, colloque international \u00ab Seneca tragicus : Vir, vis, violentia, virtus, virago, la virilit\u00e9 et ses d\u00e9clinaisons dans le th\u00e9\u00e2tre de S\u00e9n\u00e8que et chez ses \u00e9mules de Mussato \u00e0 nos jours\u00bb, org. B. Charlet-Mesdjian, C. Ferradou et C. Flicker (CAER-CIELAM, AMU).<br \/>\n&#8211; 30 mars 2019, \u00c9couen, Mus\u00e9e du ch\u00e2teau, 1\u00e8re journ\u00e9e d\u2019\u00e9tude sur la \u00ab Dignit\u00e9 des Artes \u00bb, org. A. Lamy, A. Raffarin et \u00c9. S\u00e9ris (Sorbonne Universit\u00e9 Lettres, EA4081-IUF).<br \/>\n&#8211; 12-13 avril 2019, Paris, Sorbonne Universit\u00e9 Lettres\u2013Acad\u00e9mie des Inscriptions et Belles Lettres, colloque international \u00ab Serio ludere. D\u2019Alberti \u00e0 \u00c9rasme \u00bb, org. H. Casanova-Robin, F. Furlan, P. Laurens, H. Wulfram.<br \/>\n&#8211; Mai 2019, Paris, IRHT, \u00ab L\u2019\u00e9dition critique et ses m\u00e9thodes \u00bb, org. F. Barone et D. Poirel.<br \/>\n&#8211; 23-24 mai 2019, U. Grenoble-Alpes, Colloque \u00ab Pens\u00e9e et pratique de l\u2019intrigue comique (Italie, France, XVIe-XVIIIe si\u00e8cles) \u00bb, org. C. Louette et J.-Y. Vialleton<br \/>\n&#8211; 30 mai -1er juin 2019, Toulouse, \u201cThe Gestures of Diplomacy: Gifts, Ceremony, Body Language(1400-1750),http:\/\/saesfrance.org\/30th-may-1st-june-2019-the gestures-of-diplomacy-gifts-ceremony-body-language-1400-1750-toulouse-france.<br \/>\n&#8211; 27-29 juin 2019, Fribourg, Universit\u00e4t Freiburg, 21e congr\u00e8s NeoLatina : \u00ab Carolus Quintus : l\u2019empereur Charles Quint dans la litt\u00e9rature n\u00e9o-latine \u00bb, org. V. Leroux (EPHE, PSL), M. Laureys (Universit\u00e4t Bonn), F. Schaffenrath (Ludwig Boltzmann Institut f\u00fcr Neulateinische Studien, Innsbruck) et S. Tilg (Universit\u00e4t Freiburg).<\/p>\n","protected":false},"excerpt":{"rendered":"<p>Retrouvez ci-dessous la liste des colloques pour les ann\u00e9es 2018-2019 concernant le latin m\u00e9di\u00e9val et le n\u00e9o-latin, recens\u00e9s par la SEMEN-L. &#8211; 27-29 sept. 2018, Bruxelles, Palais des Acad\u00e9mies : \u00ab Zeuxis redivivus. Art et \u00e9mulation dans l\u2019Europe du XIVe &hellip; <a href=\"https:\/\/www.semen-l.org\/?p=476\">Continuer la lecture <span class=\"meta-nav\">&rarr;<\/span><\/a><\/p>\n","protected":false},"author":5,"featured_media":0,"comment_status":"open","ping_status":"open","sticky":false,"template":"","format":"standard","meta":{"footnotes":""},"categories":[4],"tags":[92,1166,1176,1177,72,248,174,1175,270,1172,1167,1168,237,1171,140,1174,1169,1173,157,223,70,152,100,26,249,104,404,114,1170,124,121,131,1165],"class_list":["post-476","post","type-post","status-publish","format-standard","hentry","category-colloques","tag-art","tag-catena-aurea-la-chaine-dor-thomas-daquin","tag-ceremonie","tag-charles-quint","tag-comedie","tag-corps","tag-dialogue","tag-diplomatie","tag-edition","tag-edition-critique","tag-enseignement","tag-erudition","tag-ethique","tag-hommes","tag-humanites","tag-intrigue","tag-medievistes","tag-methode","tag-monument","tag-nu","tag-ovide","tag-page","tag-peinture","tag-poesie","tag-reve","tag-seneque","tag-thomas-daquin","tag-tragedie","tag-violence","tag-virago","tag-virilite","tag-vis","tag-zeuxis"],"yoast_head":"<!-- This site is optimized with the Yoast SEO plugin v27.5 - https:\/\/yoast.com\/product\/yoast-seo-wordpress\/ -->\n<title>Colloques 2018-2019 - SEMEN-L - latin m\u00e9di\u00e9val et n\u00e9o-latin<\/title>\n<meta name=\"description\" content=\"Liste des colloques li\u00e9s aux \u00e9tudes sur le latin m\u00e9di\u00e9val et le n\u00e9o-latin en 2018 et en 2019, recens\u00e9s par la SEMEN-L.\" \/>\n<meta name=\"robots\" content=\"index, follow, max-snippet:-1, max-image-preview:large, max-video-preview:-1\" \/>\n<link rel=\"canonical\" href=\"http:\/\/www.semen-l.org\/?p=476\" \/>\n<meta property=\"og:locale\" content=\"fr_FR\" \/>\n<meta property=\"og:type\" content=\"article\" \/>\n<meta property=\"og:title\" content=\"Colloques 2018-2019 - SEMEN-L - latin m\u00e9di\u00e9val et n\u00e9o-latin\" \/>\n<meta property=\"og:description\" content=\"Liste des colloques li\u00e9s aux \u00e9tudes sur le latin m\u00e9di\u00e9val et le n\u00e9o-latin en 2018 et en 2019, recens\u00e9s par la SEMEN-L.\" \/>\n<meta property=\"og:url\" content=\"http:\/\/www.semen-l.org\/?p=476\" \/>\n<meta property=\"og:site_name\" content=\"Soci\u00e9t\u00e9 d&#039;\u00c9tudes M\u00e9dio Et N\u00e9o-Latines\" \/>\n<meta property=\"article:publisher\" content=\"https:\/\/www.facebook.com\/SEMENL2018\" \/>\n<meta property=\"article:published_time\" content=\"2018-10-19T08:33:19+00:00\" \/>\n<meta property=\"article:modified_time\" content=\"2020-11-22T18:22:34+00:00\" \/>\n<meta name=\"author\" content=\"Seris\" \/>\n<meta name=\"twitter:card\" content=\"summary_large_image\" \/>\n<meta name=\"twitter:label1\" content=\"\u00c9crit par\" \/>\n\t<meta name=\"twitter:data1\" content=\"Seris\" \/>\n\t<meta name=\"twitter:label2\" content=\"Dur\u00e9e de lecture estim\u00e9e\" \/>\n\t<meta name=\"twitter:data2\" content=\"3 minutes\" \/>\n<script type=\"application\/ld+json\" class=\"yoast-schema-graph\">{\"@context\":\"https:\\\/\\\/schema.org\",\"@graph\":[{\"@type\":\"Article\",\"@id\":\"http:\\\/\\\/www.semen-l.org\\\/?p=476#article\",\"isPartOf\":{\"@id\":\"http:\\\/\\\/www.semen-l.org\\\/?p=476\"},\"author\":{\"name\":\"Seris\",\"@id\":\"http:\\\/\\\/www.semen-l.org\\\/#\\\/schema\\\/person\\\/6e8c8c75b499690cc37dd369354a7c47\"},\"headline\":\"Colloques 2018-2019\",\"datePublished\":\"2018-10-19T08:33:19+00:00\",\"dateModified\":\"2020-11-22T18:22:34+00:00\",\"mainEntityOfPage\":{\"@id\":\"http:\\\/\\\/www.semen-l.org\\\/?p=476\"},\"wordCount\":661,\"commentCount\":0,\"publisher\":{\"@id\":\"http:\\\/\\\/www.semen-l.org\\\/#organization\"},\"keywords\":[\"art\",\"Catena Aurea (La Cha\u00eene d'or - Thomas d'Aquin)\",\"c\u00e9r\u00e9monie\",\"Charles Quint\",\"com\u00e9die\",\"corps\",\"dialogue\",\"diplomatie\",\"\u00e9dition\",\"\u00e9dition critique\",\"enseignement\",\"\u00e9rudition\",\"\u00e9thique\",\"hommes\",\"humanit\u00e9s\",\"intrigue\",\"m\u00e9di\u00e9vistes\",\"m\u00e9thode\",\"monument\",\"nu\",\"Ovide\",\"page\",\"peinture\",\"po\u00e9sie\",\"r\u00eave\",\"S\u00e9n\u00e8que\",\"Thomas d'Aquin\",\"trag\u00e9die\",\"violence\",\"virago\",\"virilit\u00e9\",\"vis\",\"Zeuxis\"],\"articleSection\":[\"Colloques\"],\"inLanguage\":\"fr-FR\",\"potentialAction\":[{\"@type\":\"CommentAction\",\"name\":\"Comment\",\"target\":[\"http:\\\/\\\/www.semen-l.org\\\/?p=476#respond\"]}]},{\"@type\":\"WebPage\",\"@id\":\"http:\\\/\\\/www.semen-l.org\\\/?p=476\",\"url\":\"http:\\\/\\\/www.semen-l.org\\\/?p=476\",\"name\":\"Colloques 2018-2019 - SEMEN-L - latin m\u00e9di\u00e9val et n\u00e9o-latin\",\"isPartOf\":{\"@id\":\"http:\\\/\\\/www.semen-l.org\\\/#website\"},\"datePublished\":\"2018-10-19T08:33:19+00:00\",\"dateModified\":\"2020-11-22T18:22:34+00:00\",\"description\":\"Liste des colloques li\u00e9s aux \u00e9tudes sur le latin m\u00e9di\u00e9val et le n\u00e9o-latin en 2018 et en 2019, recens\u00e9s par la SEMEN-L.\",\"breadcrumb\":{\"@id\":\"http:\\\/\\\/www.semen-l.org\\\/?p=476#breadcrumb\"},\"inLanguage\":\"fr-FR\",\"potentialAction\":[{\"@type\":\"ReadAction\",\"target\":[\"http:\\\/\\\/www.semen-l.org\\\/?p=476\"]}]},{\"@type\":\"BreadcrumbList\",\"@id\":\"http:\\\/\\\/www.semen-l.org\\\/?p=476#breadcrumb\",\"itemListElement\":[{\"@type\":\"ListItem\",\"position\":1,\"name\":\"Accueil\",\"item\":\"http:\\\/\\\/www.semen-l.org\\\/\"},{\"@type\":\"ListItem\",\"position\":2,\"name\":\"Colloques 2018-2019\"}]},{\"@type\":\"WebSite\",\"@id\":\"http:\\\/\\\/www.semen-l.org\\\/#website\",\"url\":\"http:\\\/\\\/www.semen-l.org\\\/\",\"name\":\"Soci\u00e9t\u00e9 d'\u00c9tudes M\u00e9dio Et N\u00e9o-Latines\",\"description\":\"\",\"publisher\":{\"@id\":\"http:\\\/\\\/www.semen-l.org\\\/#organization\"},\"potentialAction\":[{\"@type\":\"SearchAction\",\"target\":{\"@type\":\"EntryPoint\",\"urlTemplate\":\"http:\\\/\\\/www.semen-l.org\\\/?s={search_term_string}\"},\"query-input\":{\"@type\":\"PropertyValueSpecification\",\"valueRequired\":true,\"valueName\":\"search_term_string\"}}],\"inLanguage\":\"fr-FR\"},{\"@type\":\"Organization\",\"@id\":\"http:\\\/\\\/www.semen-l.org\\\/#organization\",\"name\":\"Soci\u00e9t\u00e9 d'\u00e9tudes m\u00e9dio et n\u00e9o-latines\",\"url\":\"http:\\\/\\\/www.semen-l.org\\\/\",\"logo\":{\"@type\":\"ImageObject\",\"inLanguage\":\"fr-FR\",\"@id\":\"http:\\\/\\\/www.semen-l.org\\\/#\\\/schema\\\/logo\\\/image\\\/\",\"url\":\"http:\\\/\\\/www.semen-l.org\\\/wp-content\\\/uploads\\\/2020\\\/11\\\/logo-semenl.jpg\",\"contentUrl\":\"http:\\\/\\\/www.semen-l.org\\\/wp-content\\\/uploads\\\/2020\\\/11\\\/logo-semenl.jpg\",\"width\":408,\"height\":403,\"caption\":\"Soci\u00e9t\u00e9 d'\u00e9tudes m\u00e9dio et n\u00e9o-latines\"},\"image\":{\"@id\":\"http:\\\/\\\/www.semen-l.org\\\/#\\\/schema\\\/logo\\\/image\\\/\"},\"sameAs\":[\"https:\\\/\\\/www.facebook.com\\\/SEMENL2018\",\"https:\\\/\\\/independent.academia.edu\\\/SocitsdtudesmdioetnolatinesSEMENL\"]},{\"@type\":\"Person\",\"@id\":\"http:\\\/\\\/www.semen-l.org\\\/#\\\/schema\\\/person\\\/6e8c8c75b499690cc37dd369354a7c47\",\"name\":\"Seris\",\"image\":{\"@type\":\"ImageObject\",\"inLanguage\":\"fr-FR\",\"@id\":\"https:\\\/\\\/secure.gravatar.com\\\/avatar\\\/8aec6178114279c28f7f0f4ccbb54eefdf0db708e95973d3513a9c5387b223b9?s=96&d=mm&r=g\",\"url\":\"https:\\\/\\\/secure.gravatar.com\\\/avatar\\\/8aec6178114279c28f7f0f4ccbb54eefdf0db708e95973d3513a9c5387b223b9?s=96&d=mm&r=g\",\"contentUrl\":\"https:\\\/\\\/secure.gravatar.com\\\/avatar\\\/8aec6178114279c28f7f0f4ccbb54eefdf0db708e95973d3513a9c5387b223b9?s=96&d=mm&r=g\",\"caption\":\"Seris\"},\"url\":\"https:\\\/\\\/www.semen-l.org\\\/?author=5\"}]}<\/script>\n<!-- \/ Yoast SEO plugin. -->","yoast_head_json":{"title":"Colloques 2018-2019 - SEMEN-L - latin m\u00e9di\u00e9val et n\u00e9o-latin","description":"Liste des colloques li\u00e9s aux \u00e9tudes sur le latin m\u00e9di\u00e9val et le n\u00e9o-latin en 2018 et en 2019, recens\u00e9s par la SEMEN-L.","robots":{"index":"index","follow":"follow","max-snippet":"max-snippet:-1","max-image-preview":"max-image-preview:large","max-video-preview":"max-video-preview:-1"},"canonical":"http:\/\/www.semen-l.org\/?p=476","og_locale":"fr_FR","og_type":"article","og_title":"Colloques 2018-2019 - SEMEN-L - latin m\u00e9di\u00e9val et n\u00e9o-latin","og_description":"Liste des colloques li\u00e9s aux \u00e9tudes sur le latin m\u00e9di\u00e9val et le n\u00e9o-latin en 2018 et en 2019, recens\u00e9s par la SEMEN-L.","og_url":"http:\/\/www.semen-l.org\/?p=476","og_site_name":"Soci\u00e9t\u00e9 d&#039;\u00c9tudes M\u00e9dio Et N\u00e9o-Latines","article_publisher":"https:\/\/www.facebook.com\/SEMENL2018","article_published_time":"2018-10-19T08:33:19+00:00","article_modified_time":"2020-11-22T18:22:34+00:00","author":"Seris","twitter_card":"summary_large_image","twitter_misc":{"\u00c9crit par":"Seris","Dur\u00e9e de lecture estim\u00e9e":"3 minutes"},"schema":{"@context":"https:\/\/schema.org","@graph":[{"@type":"Article","@id":"http:\/\/www.semen-l.org\/?p=476#article","isPartOf":{"@id":"http:\/\/www.semen-l.org\/?p=476"},"author":{"name":"Seris","@id":"http:\/\/www.semen-l.org\/#\/schema\/person\/6e8c8c75b499690cc37dd369354a7c47"},"headline":"Colloques 2018-2019","datePublished":"2018-10-19T08:33:19+00:00","dateModified":"2020-11-22T18:22:34+00:00","mainEntityOfPage":{"@id":"http:\/\/www.semen-l.org\/?p=476"},"wordCount":661,"commentCount":0,"publisher":{"@id":"http:\/\/www.semen-l.org\/#organization"},"keywords":["art","Catena Aurea (La Cha\u00eene d'or - Thomas d'Aquin)","c\u00e9r\u00e9monie","Charles Quint","com\u00e9die","corps","dialogue","diplomatie","\u00e9dition","\u00e9dition critique","enseignement","\u00e9rudition","\u00e9thique","hommes","humanit\u00e9s","intrigue","m\u00e9di\u00e9vistes","m\u00e9thode","monument","nu","Ovide","page","peinture","po\u00e9sie","r\u00eave","S\u00e9n\u00e8que","Thomas d'Aquin","trag\u00e9die","violence","virago","virilit\u00e9","vis","Zeuxis"],"articleSection":["Colloques"],"inLanguage":"fr-FR","potentialAction":[{"@type":"CommentAction","name":"Comment","target":["http:\/\/www.semen-l.org\/?p=476#respond"]}]},{"@type":"WebPage","@id":"http:\/\/www.semen-l.org\/?p=476","url":"http:\/\/www.semen-l.org\/?p=476","name":"Colloques 2018-2019 - SEMEN-L - latin m\u00e9di\u00e9val et n\u00e9o-latin","isPartOf":{"@id":"http:\/\/www.semen-l.org\/#website"},"datePublished":"2018-10-19T08:33:19+00:00","dateModified":"2020-11-22T18:22:34+00:00","description":"Liste des colloques li\u00e9s aux \u00e9tudes sur le latin m\u00e9di\u00e9val et le n\u00e9o-latin en 2018 et en 2019, recens\u00e9s par la SEMEN-L.","breadcrumb":{"@id":"http:\/\/www.semen-l.org\/?p=476#breadcrumb"},"inLanguage":"fr-FR","potentialAction":[{"@type":"ReadAction","target":["http:\/\/www.semen-l.org\/?p=476"]}]},{"@type":"BreadcrumbList","@id":"http:\/\/www.semen-l.org\/?p=476#breadcrumb","itemListElement":[{"@type":"ListItem","position":1,"name":"Accueil","item":"http:\/\/www.semen-l.org\/"},{"@type":"ListItem","position":2,"name":"Colloques 2018-2019"}]},{"@type":"WebSite","@id":"http:\/\/www.semen-l.org\/#website","url":"http:\/\/www.semen-l.org\/","name":"Soci\u00e9t\u00e9 d'\u00c9tudes M\u00e9dio Et N\u00e9o-Latines","description":"","publisher":{"@id":"http:\/\/www.semen-l.org\/#organization"},"potentialAction":[{"@type":"SearchAction","target":{"@type":"EntryPoint","urlTemplate":"http:\/\/www.semen-l.org\/?s={search_term_string}"},"query-input":{"@type":"PropertyValueSpecification","valueRequired":true,"valueName":"search_term_string"}}],"inLanguage":"fr-FR"},{"@type":"Organization","@id":"http:\/\/www.semen-l.org\/#organization","name":"Soci\u00e9t\u00e9 d'\u00e9tudes m\u00e9dio et n\u00e9o-latines","url":"http:\/\/www.semen-l.org\/","logo":{"@type":"ImageObject","inLanguage":"fr-FR","@id":"http:\/\/www.semen-l.org\/#\/schema\/logo\/image\/","url":"http:\/\/www.semen-l.org\/wp-content\/uploads\/2020\/11\/logo-semenl.jpg","contentUrl":"http:\/\/www.semen-l.org\/wp-content\/uploads\/2020\/11\/logo-semenl.jpg","width":408,"height":403,"caption":"Soci\u00e9t\u00e9 d'\u00e9tudes m\u00e9dio et n\u00e9o-latines"},"image":{"@id":"http:\/\/www.semen-l.org\/#\/schema\/logo\/image\/"},"sameAs":["https:\/\/www.facebook.com\/SEMENL2018","https:\/\/independent.academia.edu\/SocitsdtudesmdioetnolatinesSEMENL"]},{"@type":"Person","@id":"http:\/\/www.semen-l.org\/#\/schema\/person\/6e8c8c75b499690cc37dd369354a7c47","name":"Seris","image":{"@type":"ImageObject","inLanguage":"fr-FR","@id":"https:\/\/secure.gravatar.com\/avatar\/8aec6178114279c28f7f0f4ccbb54eefdf0db708e95973d3513a9c5387b223b9?s=96&d=mm&r=g","url":"https:\/\/secure.gravatar.com\/avatar\/8aec6178114279c28f7f0f4ccbb54eefdf0db708e95973d3513a9c5387b223b9?s=96&d=mm&r=g","contentUrl":"https:\/\/secure.gravatar.com\/avatar\/8aec6178114279c28f7f0f4ccbb54eefdf0db708e95973d3513a9c5387b223b9?s=96&d=mm&r=g","caption":"Seris"},"url":"https:\/\/www.semen-l.org\/?author=5"}]}},"jetpack_featured_media_url":"","_links":{"self":[{"href":"https:\/\/www.semen-l.org\/index.php?rest_route=\/wp\/v2\/posts\/476","targetHints":{"allow":["GET"]}}],"collection":[{"href":"https:\/\/www.semen-l.org\/index.php?rest_route=\/wp\/v2\/posts"}],"about":[{"href":"https:\/\/www.semen-l.org\/index.php?rest_route=\/wp\/v2\/types\/post"}],"author":[{"embeddable":true,"href":"https:\/\/www.semen-l.org\/index.php?rest_route=\/wp\/v2\/users\/5"}],"replies":[{"embeddable":true,"href":"https:\/\/www.semen-l.org\/index.php?rest_route=%2Fwp%2Fv2%2Fcomments&post=476"}],"version-history":[{"count":0,"href":"https:\/\/www.semen-l.org\/index.php?rest_route=\/wp\/v2\/posts\/476\/revisions"}],"wp:attachment":[{"href":"https:\/\/www.semen-l.org\/index.php?rest_route=%2Fwp%2Fv2%2Fmedia&parent=476"}],"wp:term":[{"taxonomy":"category","embeddable":true,"href":"https:\/\/www.semen-l.org\/index.php?rest_route=%2Fwp%2Fv2%2Fcategories&post=476"},{"taxonomy":"post_tag","embeddable":true,"href":"https:\/\/www.semen-l.org\/index.php?rest_route=%2Fwp%2Fv2%2Ftags&post=476"}],"curies":[{"name":"wp","href":"https:\/\/api.w.org\/{rel}","templated":true}]}}