{"id":465,"date":"2018-10-15T16:39:48","date_gmt":"2018-10-15T16:39:48","guid":{"rendered":"http:\/\/www.semen-l.org\/?p=465"},"modified":"2020-11-23T21:15:42","modified_gmt":"2020-11-23T21:15:42","slug":"theses-en-cours-2018-2019","status":"publish","type":"post","link":"https:\/\/www.semen-l.org\/?p=465","title":{"rendered":"Th\u00e8ses en cours 2018-2019"},"content":{"rendered":"<p>Pour acc\u00e9der \u00e0 la liste des th\u00e8ses en cours dans les domaines m\u00e9dio- et n\u00e9o-latins, veuillez cliquer sur le lien suivant\u00a0: <a href=\"http:\/\/www.semen-l.org\/wp-content\/uploads\/2018\/10\/Th\u00e8ses-en-cours-2018-19.pdf\">Th\u00e8ses en cours 2018-19<\/a><br \/>\n<a href=\"https:\/\/www.semen-l.org\/wp-content\/uploads\/2018\/10\/Th\u00e8ses-en-cours-2018-19.pdf\" class=\"pdfemb-viewer\" style=\"\" data-width=\"max\" data-height=\"max\" data-toolbar=\"both\" data-toolbar-fixed=\"off\">Th\u00e8ses en cours 2018-19<\/a><\/p>\n","protected":false},"excerpt":{"rendered":"<p>Pour acc\u00e9der \u00e0 la liste des th\u00e8ses en cours dans les domaines m\u00e9dio- et n\u00e9o-latins, veuillez cliquer sur le lien suivant\u00a0: Th\u00e8ses en cours 2018-19<\/p>\n","protected":false},"author":7,"featured_media":0,"comment_status":"open","ping_status":"open","sticky":false,"template":"","format":"standard","meta":{"footnotes":""},"categories":[9],"tags":[432,73,1211,238,1235,390,1218,283,86,1253,1258,1228,1242,697,248,280,1230,1220,1252,1240,1260,1257,1234,1215,31,691,1255,1254,281,1263,333,1247,1227,1226,1229,560,1222,1259,1248,1109,52,1261,1262,1237,824,1233,51,1231,1250,1251,1221,1217,1238,1249,1223,70,372,1219,26,264,82,1236,36,78,1212,1256,1239,239,1224,104,1213,275,1232,1241,1095,46,1216,1225,114,1214,45,276],"class_list":["post-465","post","type-post","status-publish","format-standard","hentry","category-theses-en-cours","tag-adages","tag-andre-alciat","tag-ammien-marcellin","tag-amores-conrad-celtis","tag-anti-lucretius-melchior-de-polignac","tag-art-poetique-horace","tag-aurora-petrus-riga","tag-de-beze-theodore","tag-boccace","tag-buccolicum-carmen-boccace","tag-chronicon-helinand-de-froidmont","tag-chroniques-des-abbes-de-fontenelle","tag-commentaire-de-denys-lambin-a-lart-poetique-dhorace","tag-cornarius-janus","tag-corps","tag-de-iuuentute-sebastian-fox-morcillo","tag-de-partibus-aedium-traite-sur-les-parties-de-la-maison-antique","tag-de-poeta-antonio-sebastiano-minturno","tag-de-tumulis-giovanni-pontano","tag-deuil","tag-ecclesiastes-erasme","tag-eclogae-piscatoriae","tag-emotion","tag-encomiastique","tag-erasme","tag-femmes","tag-florilege","tag-florilege-prosodique","tag-fox-morcillo-sebastian","tag-francisci-robortelli-vtinensis-in-librum-aristotelis-de-arte-poetica-explicationes","tag-genese-bible","tag-gesta-apollonii","tag-gestes-des-abbes-de-saint-germain-dauxerre","tag-gestes-des-eveques-dauxerre","tag-grapaldo-francesco-maria","tag-gregoire-de-tours","tag-grunnius-sophista","tag-helinand-de-froidmont","tag-hesperides-giovanni-pontano","tag-historia-apollonii-regis-tyri","tag-horace","tag-in-artem-poeticam-moratii-tommaso-inghirami","tag-inghirami-tommaso","tag-inscriptions-milanaises-andre-alciat","tag-jesuitisme","tag-juvenilia-theodore-de-beze","tag-denis-lambin","tag-livre-des-merveilles-du-monde","tag-lyrica-poesis-praeceptionibus-et-exemplis-illustrata","tag-masen-jacob","tag-minturno-antonio-sebastiano","tag-narration","tag-nenies-jean-salmon-macrin","tag-odes-horace","tag-luscinius-ottmar","tag-ovide","tag-paraphrase","tag-petrus-riga","tag-poesie","tag-poesie-lyrique","tag-poetique","tag-de-polignac-melchior","tag-giovanni-pontano","tag-quintilien","tag-res-gestae-ammien-marcellin","tag-robortello-francesco","tag-salmon-macrin-jean","tag-sannazaro-jacopo","tag-selecta-epigrammata-graeca-cornarius","tag-seneque","tag-sorciere","tag-speculum-doctrinale","tag-stace","tag-tchequie","tag-theodulf-dorleans","tag-theurgicon-siue-de-miraculis-christi","tag-thierry-martin","tag-thisbe","tag-tragedie","tag-varietas","tag-francois-vavasseur","tag-vincent-de-beauvais"],"yoast_head":"<!-- This site is optimized with the Yoast SEO plugin v27.5 - https:\/\/yoast.com\/product\/yoast-seo-wordpress\/ -->\n<title>Th\u00e8ses en cours 2018-2019 - Soci\u00e9t\u00e9 d&#039;\u00c9tudes M\u00e9dio Et N\u00e9o-Latines<\/title>\n<meta name=\"robots\" content=\"index, follow, max-snippet:-1, max-image-preview:large, max-video-preview:-1\" \/>\n<link rel=\"canonical\" href=\"http:\/\/www.semen-l.org\/?p=465\" \/>\n<meta property=\"og:locale\" content=\"fr_FR\" \/>\n<meta property=\"og:type\" content=\"article\" \/>\n<meta property=\"og:title\" content=\"Th\u00e8ses en cours 2018-2019 - Soci\u00e9t\u00e9 d&#039;\u00c9tudes M\u00e9dio Et N\u00e9o-Latines\" \/>\n<meta property=\"og:description\" content=\"Pour acc\u00e9der \u00e0 la liste des th\u00e8ses en cours dans les domaines m\u00e9dio- et n\u00e9o-latins, veuillez cliquer sur le lien suivant\u00a0: Th\u00e8ses en cours 2018-19\" \/>\n<meta property=\"og:url\" content=\"http:\/\/www.semen-l.org\/?p=465\" \/>\n<meta property=\"og:site_name\" content=\"Soci\u00e9t\u00e9 d&#039;\u00c9tudes M\u00e9dio Et N\u00e9o-Latines\" \/>\n<meta property=\"article:publisher\" content=\"https:\/\/www.facebook.com\/SEMENL2018\" \/>\n<meta property=\"article:published_time\" content=\"2018-10-15T16:39:48+00:00\" \/>\n<meta property=\"article:modified_time\" content=\"2020-11-23T21:15:42+00:00\" \/>\n<meta name=\"author\" content=\"Claire\" \/>\n<meta name=\"twitter:card\" content=\"summary_large_image\" \/>\n<meta name=\"twitter:label1\" content=\"\u00c9crit par\" \/>\n\t<meta name=\"twitter:data1\" content=\"Claire\" \/>\n<script type=\"application\/ld+json\" class=\"yoast-schema-graph\">{\"@context\":\"https:\\\/\\\/schema.org\",\"@graph\":[{\"@type\":\"Article\",\"@id\":\"http:\\\/\\\/www.semen-l.org\\\/?p=465#article\",\"isPartOf\":{\"@id\":\"http:\\\/\\\/www.semen-l.org\\\/?p=465\"},\"author\":{\"name\":\"Claire\",\"@id\":\"http:\\\/\\\/www.semen-l.org\\\/#\\\/schema\\\/person\\\/c1da10720736e30a9294dcce77355003\"},\"headline\":\"Th\u00e8ses en cours 2018-2019\",\"datePublished\":\"2018-10-15T16:39:48+00:00\",\"dateModified\":\"2020-11-23T21:15:42+00:00\",\"mainEntityOfPage\":{\"@id\":\"http:\\\/\\\/www.semen-l.org\\\/?p=465\"},\"wordCount\":52,\"commentCount\":0,\"publisher\":{\"@id\":\"http:\\\/\\\/www.semen-l.org\\\/#organization\"},\"keywords\":[\"Adages\",\"Alciat (Andr\u00e9)\",\"Ammien Marcellin\",\"Amores (Conrad Celtis)\",\"Anti-Lucretius (Melchior de Polignac)\",\"Art po\u00e9tique (Horace)\",\"Aurora (Petrus Riga)\",\"B\u00e8ze (Th\u00e9odore de)\",\"Boccace\",\"Buccolicum carmen (Boccace)\",\"Chronicon (H\u00e9linand de Froidmont)\",\"Chroniques des abb\u00e9s de Fontenelle\",\"Commentaire de Denys Lambin \u00e0 l\u2019Art po\u00e9tique d\u2019Horace\",\"Cornarius (Janus)\",\"corps\",\"De iuuentute (Sebasti\u00e1n Fox Morcillo)\",\"De Partibus aedium (Trait\u00e9 sur les parties de la maison antique)\",\"De poeta (Antonio Sebastiano Minturno)\",\"De tumulis (Giovanni Pontano)\",\"deuil\",\"Ecclesiastes (\u00c9rasme)\",\"Eclogae Piscatoriae\",\"\u00e9motion\",\"encomiastique\",\"\u00c9rasme\",\"femmes\",\"floril\u00e8ge\",\"floril\u00e8ge prosodique\",\"Fox Morcillo (Sebasti\u00e1n)\",\"Francisci Robortelli Vtinensis in librum Aristotelis De arte poetica explicationes\",\"Gen\u00e8se (Bible)\",\"Gesta Apollonii\",\"Gestes des abb\u00e9s de Saint-Germain d\u2019Auxerre\",\"Gestes des \u00e9v\u00eaques d\u2019Auxerre\",\"Grapaldo (Francesco Maria)\",\"Gr\u00e9goire de Tours\",\"Grunnius Sophista\",\"H\u00e9linand de Froidmont\",\"Hesp\u00e9rides (Giovanni Pontano)\",\"Historia Apollonii regis Tyri\",\"Horace\",\"In artem poeticam moratii (Tommaso Inghirami)\",\"Inghirami (Tommaso)\",\"Inscriptions milanaises (Andr\u00e9 Alciat)\",\"j\u00e9suitisme\",\"Juvenilia (Th\u00e9odore de B\u00e8ze)\",\"Lambin (Denis)\",\"Livre des Merveilles du monde\",\"Lyrica poesis praeceptionibus et exemplis illustrata (Jacob Masen)\",\"Masen (Jacob)\",\"Minturno (Antonio Sebastiano)\",\"narration\",\"N\u00e9nies (Jean Salmon Macrin)\",\"Odes (Horace)\",\"Ottmar Luscinius\",\"Ovide\",\"paraphrase\",\"Petrus Riga\",\"po\u00e9sie\",\"po\u00e9sie lyrique\",\"po\u00e9tique\",\"Polignac (Melchior de)\",\"Pontano (Giovanni)\",\"Quintilien\",\"Res gestae (Ammien Marcellin)\",\"Robortello (Francesco)\",\"Salmon Macrin (Jean)\",\"Sannazaro (Jacopo)\",\"Selecta Epigrammata Graeca (Cornarius)\",\"S\u00e9n\u00e8que\",\"sorci\u00e8re\",\"Speculum Doctrinale\",\"Stace\",\"Tch\u00e9quie\",\"Th\u00e9odulf d'Orl\u00e9ans\",\"Theurgicon siue de Miraculis Christi\",\"Thierry Martin\",\"Thisb\u00e9\",\"trag\u00e9die\",\"varietas\",\"Vavasseur (Fran\u00e7ois)\",\"Vincent de Beauvais\"],\"articleSection\":[\"Th\u00e8ses en cours\"],\"inLanguage\":\"fr-FR\",\"potentialAction\":[{\"@type\":\"CommentAction\",\"name\":\"Comment\",\"target\":[\"http:\\\/\\\/www.semen-l.org\\\/?p=465#respond\"]}]},{\"@type\":\"WebPage\",\"@id\":\"http:\\\/\\\/www.semen-l.org\\\/?p=465\",\"url\":\"http:\\\/\\\/www.semen-l.org\\\/?p=465\",\"name\":\"Th\u00e8ses en cours 2018-2019 - Soci\u00e9t\u00e9 d&#039;\u00c9tudes M\u00e9dio Et N\u00e9o-Latines\",\"isPartOf\":{\"@id\":\"http:\\\/\\\/www.semen-l.org\\\/#website\"},\"datePublished\":\"2018-10-15T16:39:48+00:00\",\"dateModified\":\"2020-11-23T21:15:42+00:00\",\"breadcrumb\":{\"@id\":\"http:\\\/\\\/www.semen-l.org\\\/?p=465#breadcrumb\"},\"inLanguage\":\"fr-FR\",\"potentialAction\":[{\"@type\":\"ReadAction\",\"target\":[\"http:\\\/\\\/www.semen-l.org\\\/?p=465\"]}]},{\"@type\":\"BreadcrumbList\",\"@id\":\"http:\\\/\\\/www.semen-l.org\\\/?p=465#breadcrumb\",\"itemListElement\":[{\"@type\":\"ListItem\",\"position\":1,\"name\":\"Accueil\",\"item\":\"http:\\\/\\\/www.semen-l.org\\\/\"},{\"@type\":\"ListItem\",\"position\":2,\"name\":\"Th\u00e8ses en cours 2018-2019\"}]},{\"@type\":\"WebSite\",\"@id\":\"http:\\\/\\\/www.semen-l.org\\\/#website\",\"url\":\"http:\\\/\\\/www.semen-l.org\\\/\",\"name\":\"Soci\u00e9t\u00e9 d'\u00c9tudes M\u00e9dio Et N\u00e9o-Latines\",\"description\":\"\",\"publisher\":{\"@id\":\"http:\\\/\\\/www.semen-l.org\\\/#organization\"},\"potentialAction\":[{\"@type\":\"SearchAction\",\"target\":{\"@type\":\"EntryPoint\",\"urlTemplate\":\"http:\\\/\\\/www.semen-l.org\\\/?s={search_term_string}\"},\"query-input\":{\"@type\":\"PropertyValueSpecification\",\"valueRequired\":true,\"valueName\":\"search_term_string\"}}],\"inLanguage\":\"fr-FR\"},{\"@type\":\"Organization\",\"@id\":\"http:\\\/\\\/www.semen-l.org\\\/#organization\",\"name\":\"Soci\u00e9t\u00e9 d'\u00e9tudes m\u00e9dio et n\u00e9o-latines\",\"url\":\"http:\\\/\\\/www.semen-l.org\\\/\",\"logo\":{\"@type\":\"ImageObject\",\"inLanguage\":\"fr-FR\",\"@id\":\"http:\\\/\\\/www.semen-l.org\\\/#\\\/schema\\\/logo\\\/image\\\/\",\"url\":\"http:\\\/\\\/www.semen-l.org\\\/wp-content\\\/uploads\\\/2020\\\/11\\\/logo-semenl.jpg\",\"contentUrl\":\"http:\\\/\\\/www.semen-l.org\\\/wp-content\\\/uploads\\\/2020\\\/11\\\/logo-semenl.jpg\",\"width\":408,\"height\":403,\"caption\":\"Soci\u00e9t\u00e9 d'\u00e9tudes m\u00e9dio et n\u00e9o-latines\"},\"image\":{\"@id\":\"http:\\\/\\\/www.semen-l.org\\\/#\\\/schema\\\/logo\\\/image\\\/\"},\"sameAs\":[\"https:\\\/\\\/www.facebook.com\\\/SEMENL2018\",\"https:\\\/\\\/independent.academia.edu\\\/SocitsdtudesmdioetnolatinesSEMENL\"]},{\"@type\":\"Person\",\"@id\":\"http:\\\/\\\/www.semen-l.org\\\/#\\\/schema\\\/person\\\/c1da10720736e30a9294dcce77355003\",\"name\":\"Claire\",\"image\":{\"@type\":\"ImageObject\",\"inLanguage\":\"fr-FR\",\"@id\":\"https:\\\/\\\/secure.gravatar.com\\\/avatar\\\/fb942a7c25d70507e1cb150869aba56fe90ac8bf729ffb876b9b80161bf79d4f?s=96&d=mm&r=g\",\"url\":\"https:\\\/\\\/secure.gravatar.com\\\/avatar\\\/fb942a7c25d70507e1cb150869aba56fe90ac8bf729ffb876b9b80161bf79d4f?s=96&d=mm&r=g\",\"contentUrl\":\"https:\\\/\\\/secure.gravatar.com\\\/avatar\\\/fb942a7c25d70507e1cb150869aba56fe90ac8bf729ffb876b9b80161bf79d4f?s=96&d=mm&r=g\",\"caption\":\"Claire\"},\"url\":\"https:\\\/\\\/www.semen-l.org\\\/?author=7\"}]}<\/script>\n<!-- \/ Yoast SEO plugin. -->","yoast_head_json":{"title":"Th\u00e8ses en cours 2018-2019 - Soci\u00e9t\u00e9 d&#039;\u00c9tudes M\u00e9dio Et N\u00e9o-Latines","robots":{"index":"index","follow":"follow","max-snippet":"max-snippet:-1","max-image-preview":"max-image-preview:large","max-video-preview":"max-video-preview:-1"},"canonical":"http:\/\/www.semen-l.org\/?p=465","og_locale":"fr_FR","og_type":"article","og_title":"Th\u00e8ses en cours 2018-2019 - Soci\u00e9t\u00e9 d&#039;\u00c9tudes M\u00e9dio Et N\u00e9o-Latines","og_description":"Pour acc\u00e9der \u00e0 la liste des th\u00e8ses en cours dans les domaines m\u00e9dio- et n\u00e9o-latins, veuillez cliquer sur le lien suivant\u00a0: Th\u00e8ses en cours 2018-19","og_url":"http:\/\/www.semen-l.org\/?p=465","og_site_name":"Soci\u00e9t\u00e9 d&#039;\u00c9tudes M\u00e9dio Et N\u00e9o-Latines","article_publisher":"https:\/\/www.facebook.com\/SEMENL2018","article_published_time":"2018-10-15T16:39:48+00:00","article_modified_time":"2020-11-23T21:15:42+00:00","author":"Claire","twitter_card":"summary_large_image","twitter_misc":{"\u00c9crit par":"Claire"},"schema":{"@context":"https:\/\/schema.org","@graph":[{"@type":"Article","@id":"http:\/\/www.semen-l.org\/?p=465#article","isPartOf":{"@id":"http:\/\/www.semen-l.org\/?p=465"},"author":{"name":"Claire","@id":"http:\/\/www.semen-l.org\/#\/schema\/person\/c1da10720736e30a9294dcce77355003"},"headline":"Th\u00e8ses en cours 2018-2019","datePublished":"2018-10-15T16:39:48+00:00","dateModified":"2020-11-23T21:15:42+00:00","mainEntityOfPage":{"@id":"http:\/\/www.semen-l.org\/?p=465"},"wordCount":52,"commentCount":0,"publisher":{"@id":"http:\/\/www.semen-l.org\/#organization"},"keywords":["Adages","Alciat (Andr\u00e9)","Ammien Marcellin","Amores (Conrad Celtis)","Anti-Lucretius (Melchior de Polignac)","Art po\u00e9tique (Horace)","Aurora (Petrus Riga)","B\u00e8ze (Th\u00e9odore de)","Boccace","Buccolicum carmen (Boccace)","Chronicon (H\u00e9linand de Froidmont)","Chroniques des abb\u00e9s de Fontenelle","Commentaire de Denys Lambin \u00e0 l\u2019Art po\u00e9tique d\u2019Horace","Cornarius (Janus)","corps","De iuuentute (Sebasti\u00e1n Fox Morcillo)","De Partibus aedium (Trait\u00e9 sur les parties de la maison antique)","De poeta (Antonio Sebastiano Minturno)","De tumulis (Giovanni Pontano)","deuil","Ecclesiastes (\u00c9rasme)","Eclogae Piscatoriae","\u00e9motion","encomiastique","\u00c9rasme","femmes","floril\u00e8ge","floril\u00e8ge prosodique","Fox Morcillo (Sebasti\u00e1n)","Francisci Robortelli Vtinensis in librum Aristotelis De arte poetica explicationes","Gen\u00e8se (Bible)","Gesta Apollonii","Gestes des abb\u00e9s de Saint-Germain d\u2019Auxerre","Gestes des \u00e9v\u00eaques d\u2019Auxerre","Grapaldo (Francesco Maria)","Gr\u00e9goire de Tours","Grunnius Sophista","H\u00e9linand de Froidmont","Hesp\u00e9rides (Giovanni Pontano)","Historia Apollonii regis Tyri","Horace","In artem poeticam moratii (Tommaso Inghirami)","Inghirami (Tommaso)","Inscriptions milanaises (Andr\u00e9 Alciat)","j\u00e9suitisme","Juvenilia (Th\u00e9odore de B\u00e8ze)","Lambin (Denis)","Livre des Merveilles du monde","Lyrica poesis praeceptionibus et exemplis illustrata (Jacob Masen)","Masen (Jacob)","Minturno (Antonio Sebastiano)","narration","N\u00e9nies (Jean Salmon Macrin)","Odes (Horace)","Ottmar Luscinius","Ovide","paraphrase","Petrus Riga","po\u00e9sie","po\u00e9sie lyrique","po\u00e9tique","Polignac (Melchior de)","Pontano (Giovanni)","Quintilien","Res gestae (Ammien Marcellin)","Robortello (Francesco)","Salmon Macrin (Jean)","Sannazaro (Jacopo)","Selecta Epigrammata Graeca (Cornarius)","S\u00e9n\u00e8que","sorci\u00e8re","Speculum Doctrinale","Stace","Tch\u00e9quie","Th\u00e9odulf d'Orl\u00e9ans","Theurgicon siue de Miraculis Christi","Thierry Martin","Thisb\u00e9","trag\u00e9die","varietas","Vavasseur (Fran\u00e7ois)","Vincent de Beauvais"],"articleSection":["Th\u00e8ses en cours"],"inLanguage":"fr-FR","potentialAction":[{"@type":"CommentAction","name":"Comment","target":["http:\/\/www.semen-l.org\/?p=465#respond"]}]},{"@type":"WebPage","@id":"http:\/\/www.semen-l.org\/?p=465","url":"http:\/\/www.semen-l.org\/?p=465","name":"Th\u00e8ses en cours 2018-2019 - Soci\u00e9t\u00e9 d&#039;\u00c9tudes M\u00e9dio Et N\u00e9o-Latines","isPartOf":{"@id":"http:\/\/www.semen-l.org\/#website"},"datePublished":"2018-10-15T16:39:48+00:00","dateModified":"2020-11-23T21:15:42+00:00","breadcrumb":{"@id":"http:\/\/www.semen-l.org\/?p=465#breadcrumb"},"inLanguage":"fr-FR","potentialAction":[{"@type":"ReadAction","target":["http:\/\/www.semen-l.org\/?p=465"]}]},{"@type":"BreadcrumbList","@id":"http:\/\/www.semen-l.org\/?p=465#breadcrumb","itemListElement":[{"@type":"ListItem","position":1,"name":"Accueil","item":"http:\/\/www.semen-l.org\/"},{"@type":"ListItem","position":2,"name":"Th\u00e8ses en cours 2018-2019"}]},{"@type":"WebSite","@id":"http:\/\/www.semen-l.org\/#website","url":"http:\/\/www.semen-l.org\/","name":"Soci\u00e9t\u00e9 d'\u00c9tudes M\u00e9dio Et N\u00e9o-Latines","description":"","publisher":{"@id":"http:\/\/www.semen-l.org\/#organization"},"potentialAction":[{"@type":"SearchAction","target":{"@type":"EntryPoint","urlTemplate":"http:\/\/www.semen-l.org\/?s={search_term_string}"},"query-input":{"@type":"PropertyValueSpecification","valueRequired":true,"valueName":"search_term_string"}}],"inLanguage":"fr-FR"},{"@type":"Organization","@id":"http:\/\/www.semen-l.org\/#organization","name":"Soci\u00e9t\u00e9 d'\u00e9tudes m\u00e9dio et n\u00e9o-latines","url":"http:\/\/www.semen-l.org\/","logo":{"@type":"ImageObject","inLanguage":"fr-FR","@id":"http:\/\/www.semen-l.org\/#\/schema\/logo\/image\/","url":"http:\/\/www.semen-l.org\/wp-content\/uploads\/2020\/11\/logo-semenl.jpg","contentUrl":"http:\/\/www.semen-l.org\/wp-content\/uploads\/2020\/11\/logo-semenl.jpg","width":408,"height":403,"caption":"Soci\u00e9t\u00e9 d'\u00e9tudes m\u00e9dio et n\u00e9o-latines"},"image":{"@id":"http:\/\/www.semen-l.org\/#\/schema\/logo\/image\/"},"sameAs":["https:\/\/www.facebook.com\/SEMENL2018","https:\/\/independent.academia.edu\/SocitsdtudesmdioetnolatinesSEMENL"]},{"@type":"Person","@id":"http:\/\/www.semen-l.org\/#\/schema\/person\/c1da10720736e30a9294dcce77355003","name":"Claire","image":{"@type":"ImageObject","inLanguage":"fr-FR","@id":"https:\/\/secure.gravatar.com\/avatar\/fb942a7c25d70507e1cb150869aba56fe90ac8bf729ffb876b9b80161bf79d4f?s=96&d=mm&r=g","url":"https:\/\/secure.gravatar.com\/avatar\/fb942a7c25d70507e1cb150869aba56fe90ac8bf729ffb876b9b80161bf79d4f?s=96&d=mm&r=g","contentUrl":"https:\/\/secure.gravatar.com\/avatar\/fb942a7c25d70507e1cb150869aba56fe90ac8bf729ffb876b9b80161bf79d4f?s=96&d=mm&r=g","caption":"Claire"},"url":"https:\/\/www.semen-l.org\/?author=7"}]}},"jetpack_featured_media_url":"","_links":{"self":[{"href":"https:\/\/www.semen-l.org\/index.php?rest_route=\/wp\/v2\/posts\/465","targetHints":{"allow":["GET"]}}],"collection":[{"href":"https:\/\/www.semen-l.org\/index.php?rest_route=\/wp\/v2\/posts"}],"about":[{"href":"https:\/\/www.semen-l.org\/index.php?rest_route=\/wp\/v2\/types\/post"}],"author":[{"embeddable":true,"href":"https:\/\/www.semen-l.org\/index.php?rest_route=\/wp\/v2\/users\/7"}],"replies":[{"embeddable":true,"href":"https:\/\/www.semen-l.org\/index.php?rest_route=%2Fwp%2Fv2%2Fcomments&post=465"}],"version-history":[{"count":0,"href":"https:\/\/www.semen-l.org\/index.php?rest_route=\/wp\/v2\/posts\/465\/revisions"}],"wp:attachment":[{"href":"https:\/\/www.semen-l.org\/index.php?rest_route=%2Fwp%2Fv2%2Fmedia&parent=465"}],"wp:term":[{"taxonomy":"category","embeddable":true,"href":"https:\/\/www.semen-l.org\/index.php?rest_route=%2Fwp%2Fv2%2Fcategories&post=465"},{"taxonomy":"post_tag","embeddable":true,"href":"https:\/\/www.semen-l.org\/index.php?rest_route=%2Fwp%2Fv2%2Ftags&post=465"}],"curies":[{"name":"wp","href":"https:\/\/api.w.org\/{rel}","templated":true}]}}