{"id":458,"date":"2018-07-16T15:09:22","date_gmt":"2018-07-16T15:09:22","guid":{"rendered":"http:\/\/www.semen-l.org\/?p=458"},"modified":"2020-11-22T18:16:54","modified_gmt":"2020-11-22T18:16:54","slug":"appel-a-communication-seneca-tragicus-vis-vir-violentia-virtus-virago-la-virilite-et-ses-declinaisons-dans-le-theatre-de-seneque-et-de-ses-emules-de-mussato-a-nos-jours","status":"publish","type":"post","link":"https:\/\/www.semen-l.org\/?p=458","title":{"rendered":"Appel \u00e0 communication : \u00ab\u00a0Seneca tragicus : Vis, vir, violentia, virtus, virago, la virilit\u00e9 et ses d\u00e9clinaisons dans le th\u00e9\u00e2tre de S\u00e9n\u00e8que et de ses \u00e9mules de Mussato \u00e0 nos jours\u00a0\u00bb"},"content":{"rendered":"<p>Le colloque aura lieu en mars 2019 dans le cadre de la Maison du Th\u00e9\u00e2tre d&rsquo;Aix-Marseille Universit\u00e9 et \u00e0 l&rsquo;occasion de la Semaine du th\u00e9\u00e2tre d&rsquo;AMU.<\/p>\n<p>Lire l\u2019appel\u00a0: <a href=\"http:\/\/www.semen-l.org\/wp-content\/uploads\/2018\/07\/Appel-Seneca-tragicus.pdf\">Appel Seneca tragicus<\/a><br \/>\n<a href=\"https:\/\/www.semen-l.org\/wp-content\/uploads\/2018\/07\/Appel-Seneca-tragicus.pdf\" class=\"pdfemb-viewer\" style=\"\" data-width=\"max\" data-height=\"max\" data-toolbar=\"both\" data-toolbar-fixed=\"off\">Appel Seneca tragicus<\/a><\/p>\n<p>&nbsp;<\/p>\n","protected":false},"excerpt":{"rendered":"<p>Le colloque aura lieu en mars 2019 dans le cadre de la Maison du Th\u00e9\u00e2tre d&rsquo;Aix-Marseille Universit\u00e9 et \u00e0 l&rsquo;occasion de la Semaine du th\u00e9\u00e2tre d&rsquo;AMU. Lire l\u2019appel\u00a0: Appel Seneca tragicus &nbsp;<\/p>\n","protected":false},"author":7,"featured_media":912,"comment_status":"open","ping_status":"open","sticky":false,"template":"","format":"standard","meta":{"footnotes":""},"categories":[4],"tags":[],"class_list":["post-458","post","type-post","status-publish","format-standard","has-post-thumbnail","hentry","category-colloques"],"yoast_head":"<!-- This site is optimized with the Yoast SEO plugin v27.5 - https:\/\/yoast.com\/product\/yoast-seo-wordpress\/ -->\n<title>Appel \u00e0 communication : &quot;Seneca tragicus : Vis, vir, violentia, virtus, virago, la virilit\u00e9 et ses d\u00e9clinaisons dans le th\u00e9\u00e2tre de S\u00e9n\u00e8que et de ses \u00e9mules de Mussato \u00e0 nos jours&quot; - Soci\u00e9t\u00e9 d&#039;\u00c9tudes M\u00e9dio Et N\u00e9o-Latines<\/title>\n<meta name=\"robots\" content=\"index, follow, max-snippet:-1, max-image-preview:large, max-video-preview:-1\" \/>\n<link rel=\"canonical\" href=\"http:\/\/www.semen-l.org\/?p=458\" \/>\n<meta property=\"og:locale\" content=\"fr_FR\" \/>\n<meta property=\"og:type\" content=\"article\" \/>\n<meta property=\"og:title\" content=\"Appel \u00e0 communication : &quot;Seneca tragicus : Vis, vir, violentia, virtus, virago, la virilit\u00e9 et ses d\u00e9clinaisons dans le th\u00e9\u00e2tre de S\u00e9n\u00e8que et de ses \u00e9mules de Mussato \u00e0 nos jours&quot; - Soci\u00e9t\u00e9 d&#039;\u00c9tudes M\u00e9dio Et N\u00e9o-Latines\" \/>\n<meta property=\"og:description\" content=\"Le colloque aura lieu en mars 2019 dans le cadre de la Maison du Th\u00e9\u00e2tre d&rsquo;Aix-Marseille Universit\u00e9 et \u00e0 l&rsquo;occasion de la Semaine du th\u00e9\u00e2tre d&rsquo;AMU. Lire l\u2019appel\u00a0: Appel Seneca tragicus &nbsp;\" \/>\n<meta property=\"og:url\" content=\"http:\/\/www.semen-l.org\/?p=458\" \/>\n<meta property=\"og:site_name\" content=\"Soci\u00e9t\u00e9 d&#039;\u00c9tudes M\u00e9dio Et N\u00e9o-Latines\" \/>\n<meta property=\"article:publisher\" content=\"https:\/\/www.facebook.com\/SEMENL2018\" \/>\n<meta property=\"article:published_time\" content=\"2018-07-16T15:09:22+00:00\" \/>\n<meta property=\"article:modified_time\" content=\"2020-11-22T18:16:54+00:00\" \/>\n<meta property=\"og:image\" content=\"http:\/\/www.semen-l.org\/wp-content\/uploads\/2019\/03\/senecatragicus.jpg\" \/>\n\t<meta property=\"og:image:width\" content=\"716\" \/>\n\t<meta property=\"og:image:height\" content=\"779\" \/>\n\t<meta property=\"og:image:type\" content=\"image\/jpeg\" \/>\n<meta name=\"author\" content=\"Claire\" \/>\n<meta name=\"twitter:card\" content=\"summary_large_image\" \/>\n<meta name=\"twitter:label1\" content=\"\u00c9crit par\" \/>\n\t<meta name=\"twitter:data1\" content=\"Claire\" \/>\n<script type=\"application\/ld+json\" class=\"yoast-schema-graph\">{\"@context\":\"https:\\\/\\\/schema.org\",\"@graph\":[{\"@type\":\"Article\",\"@id\":\"http:\\\/\\\/www.semen-l.org\\\/?p=458#article\",\"isPartOf\":{\"@id\":\"http:\\\/\\\/www.semen-l.org\\\/?p=458\"},\"author\":{\"name\":\"Claire\",\"@id\":\"http:\\\/\\\/www.semen-l.org\\\/#\\\/schema\\\/person\\\/c1da10720736e30a9294dcce77355003\"},\"headline\":\"Appel \u00e0 communication : \u00ab\u00a0Seneca tragicus : Vis, vir, violentia, virtus, virago, la virilit\u00e9 et ses d\u00e9clinaisons dans le th\u00e9\u00e2tre de S\u00e9n\u00e8que et de ses \u00e9mules de Mussato \u00e0 nos jours\u00a0\u00bb\",\"datePublished\":\"2018-07-16T15:09:22+00:00\",\"dateModified\":\"2020-11-22T18:16:54+00:00\",\"mainEntityOfPage\":{\"@id\":\"http:\\\/\\\/www.semen-l.org\\\/?p=458\"},\"wordCount\":81,\"commentCount\":0,\"publisher\":{\"@id\":\"http:\\\/\\\/www.semen-l.org\\\/#organization\"},\"image\":{\"@id\":\"http:\\\/\\\/www.semen-l.org\\\/?p=458#primaryimage\"},\"thumbnailUrl\":\"https:\\\/\\\/www.semen-l.org\\\/wp-content\\\/uploads\\\/2019\\\/03\\\/senecatragicus.jpg\",\"articleSection\":[\"Colloques\"],\"inLanguage\":\"fr-FR\",\"potentialAction\":[{\"@type\":\"CommentAction\",\"name\":\"Comment\",\"target\":[\"http:\\\/\\\/www.semen-l.org\\\/?p=458#respond\"]}]},{\"@type\":\"WebPage\",\"@id\":\"http:\\\/\\\/www.semen-l.org\\\/?p=458\",\"url\":\"http:\\\/\\\/www.semen-l.org\\\/?p=458\",\"name\":\"Appel \u00e0 communication : \\\"Seneca tragicus : Vis, vir, violentia, virtus, virago, la virilit\u00e9 et ses d\u00e9clinaisons dans le th\u00e9\u00e2tre de S\u00e9n\u00e8que et de ses \u00e9mules de Mussato \u00e0 nos jours\\\" - Soci\u00e9t\u00e9 d&#039;\u00c9tudes M\u00e9dio Et N\u00e9o-Latines\",\"isPartOf\":{\"@id\":\"http:\\\/\\\/www.semen-l.org\\\/#website\"},\"primaryImageOfPage\":{\"@id\":\"http:\\\/\\\/www.semen-l.org\\\/?p=458#primaryimage\"},\"image\":{\"@id\":\"http:\\\/\\\/www.semen-l.org\\\/?p=458#primaryimage\"},\"thumbnailUrl\":\"https:\\\/\\\/www.semen-l.org\\\/wp-content\\\/uploads\\\/2019\\\/03\\\/senecatragicus.jpg\",\"datePublished\":\"2018-07-16T15:09:22+00:00\",\"dateModified\":\"2020-11-22T18:16:54+00:00\",\"breadcrumb\":{\"@id\":\"http:\\\/\\\/www.semen-l.org\\\/?p=458#breadcrumb\"},\"inLanguage\":\"fr-FR\",\"potentialAction\":[{\"@type\":\"ReadAction\",\"target\":[\"http:\\\/\\\/www.semen-l.org\\\/?p=458\"]}]},{\"@type\":\"ImageObject\",\"inLanguage\":\"fr-FR\",\"@id\":\"http:\\\/\\\/www.semen-l.org\\\/?p=458#primaryimage\",\"url\":\"https:\\\/\\\/www.semen-l.org\\\/wp-content\\\/uploads\\\/2019\\\/03\\\/senecatragicus.jpg\",\"contentUrl\":\"https:\\\/\\\/www.semen-l.org\\\/wp-content\\\/uploads\\\/2019\\\/03\\\/senecatragicus.jpg\",\"width\":716,\"height\":779},{\"@type\":\"BreadcrumbList\",\"@id\":\"http:\\\/\\\/www.semen-l.org\\\/?p=458#breadcrumb\",\"itemListElement\":[{\"@type\":\"ListItem\",\"position\":1,\"name\":\"Accueil\",\"item\":\"http:\\\/\\\/www.semen-l.org\\\/\"},{\"@type\":\"ListItem\",\"position\":2,\"name\":\"Appel \u00e0 communication : \u00ab\u00a0Seneca tragicus : Vis, vir, violentia, virtus, virago, la virilit\u00e9 et ses d\u00e9clinaisons dans le th\u00e9\u00e2tre de S\u00e9n\u00e8que et de ses \u00e9mules de Mussato \u00e0 nos jours\u00a0\u00bb\"}]},{\"@type\":\"WebSite\",\"@id\":\"http:\\\/\\\/www.semen-l.org\\\/#website\",\"url\":\"http:\\\/\\\/www.semen-l.org\\\/\",\"name\":\"Soci\u00e9t\u00e9 d'\u00c9tudes M\u00e9dio Et N\u00e9o-Latines\",\"description\":\"\",\"publisher\":{\"@id\":\"http:\\\/\\\/www.semen-l.org\\\/#organization\"},\"potentialAction\":[{\"@type\":\"SearchAction\",\"target\":{\"@type\":\"EntryPoint\",\"urlTemplate\":\"http:\\\/\\\/www.semen-l.org\\\/?s={search_term_string}\"},\"query-input\":{\"@type\":\"PropertyValueSpecification\",\"valueRequired\":true,\"valueName\":\"search_term_string\"}}],\"inLanguage\":\"fr-FR\"},{\"@type\":\"Organization\",\"@id\":\"http:\\\/\\\/www.semen-l.org\\\/#organization\",\"name\":\"Soci\u00e9t\u00e9 d'\u00e9tudes m\u00e9dio et n\u00e9o-latines\",\"url\":\"http:\\\/\\\/www.semen-l.org\\\/\",\"logo\":{\"@type\":\"ImageObject\",\"inLanguage\":\"fr-FR\",\"@id\":\"http:\\\/\\\/www.semen-l.org\\\/#\\\/schema\\\/logo\\\/image\\\/\",\"url\":\"http:\\\/\\\/www.semen-l.org\\\/wp-content\\\/uploads\\\/2020\\\/11\\\/logo-semenl.jpg\",\"contentUrl\":\"http:\\\/\\\/www.semen-l.org\\\/wp-content\\\/uploads\\\/2020\\\/11\\\/logo-semenl.jpg\",\"width\":408,\"height\":403,\"caption\":\"Soci\u00e9t\u00e9 d'\u00e9tudes m\u00e9dio et n\u00e9o-latines\"},\"image\":{\"@id\":\"http:\\\/\\\/www.semen-l.org\\\/#\\\/schema\\\/logo\\\/image\\\/\"},\"sameAs\":[\"https:\\\/\\\/www.facebook.com\\\/SEMENL2018\",\"https:\\\/\\\/independent.academia.edu\\\/SocitsdtudesmdioetnolatinesSEMENL\"]},{\"@type\":\"Person\",\"@id\":\"http:\\\/\\\/www.semen-l.org\\\/#\\\/schema\\\/person\\\/c1da10720736e30a9294dcce77355003\",\"name\":\"Claire\",\"image\":{\"@type\":\"ImageObject\",\"inLanguage\":\"fr-FR\",\"@id\":\"https:\\\/\\\/secure.gravatar.com\\\/avatar\\\/fb942a7c25d70507e1cb150869aba56fe90ac8bf729ffb876b9b80161bf79d4f?s=96&d=mm&r=g\",\"url\":\"https:\\\/\\\/secure.gravatar.com\\\/avatar\\\/fb942a7c25d70507e1cb150869aba56fe90ac8bf729ffb876b9b80161bf79d4f?s=96&d=mm&r=g\",\"contentUrl\":\"https:\\\/\\\/secure.gravatar.com\\\/avatar\\\/fb942a7c25d70507e1cb150869aba56fe90ac8bf729ffb876b9b80161bf79d4f?s=96&d=mm&r=g\",\"caption\":\"Claire\"},\"url\":\"https:\\\/\\\/www.semen-l.org\\\/?author=7\"}]}<\/script>\n<!-- \/ Yoast SEO plugin. -->","yoast_head_json":{"title":"Appel \u00e0 communication : \"Seneca tragicus : Vis, vir, violentia, virtus, virago, la virilit\u00e9 et ses d\u00e9clinaisons dans le th\u00e9\u00e2tre de S\u00e9n\u00e8que et de ses \u00e9mules de Mussato \u00e0 nos jours\" - Soci\u00e9t\u00e9 d&#039;\u00c9tudes M\u00e9dio Et N\u00e9o-Latines","robots":{"index":"index","follow":"follow","max-snippet":"max-snippet:-1","max-image-preview":"max-image-preview:large","max-video-preview":"max-video-preview:-1"},"canonical":"http:\/\/www.semen-l.org\/?p=458","og_locale":"fr_FR","og_type":"article","og_title":"Appel \u00e0 communication : \"Seneca tragicus : Vis, vir, violentia, virtus, virago, la virilit\u00e9 et ses d\u00e9clinaisons dans le th\u00e9\u00e2tre de S\u00e9n\u00e8que et de ses \u00e9mules de Mussato \u00e0 nos jours\" - Soci\u00e9t\u00e9 d&#039;\u00c9tudes M\u00e9dio Et N\u00e9o-Latines","og_description":"Le colloque aura lieu en mars 2019 dans le cadre de la Maison du Th\u00e9\u00e2tre d&rsquo;Aix-Marseille Universit\u00e9 et \u00e0 l&rsquo;occasion de la Semaine du th\u00e9\u00e2tre d&rsquo;AMU. Lire l\u2019appel\u00a0: Appel Seneca tragicus &nbsp;","og_url":"http:\/\/www.semen-l.org\/?p=458","og_site_name":"Soci\u00e9t\u00e9 d&#039;\u00c9tudes M\u00e9dio Et N\u00e9o-Latines","article_publisher":"https:\/\/www.facebook.com\/SEMENL2018","article_published_time":"2018-07-16T15:09:22+00:00","article_modified_time":"2020-11-22T18:16:54+00:00","og_image":[{"width":716,"height":779,"url":"http:\/\/www.semen-l.org\/wp-content\/uploads\/2019\/03\/senecatragicus.jpg","type":"image\/jpeg"}],"author":"Claire","twitter_card":"summary_large_image","twitter_misc":{"\u00c9crit par":"Claire"},"schema":{"@context":"https:\/\/schema.org","@graph":[{"@type":"Article","@id":"http:\/\/www.semen-l.org\/?p=458#article","isPartOf":{"@id":"http:\/\/www.semen-l.org\/?p=458"},"author":{"name":"Claire","@id":"http:\/\/www.semen-l.org\/#\/schema\/person\/c1da10720736e30a9294dcce77355003"},"headline":"Appel \u00e0 communication : \u00ab\u00a0Seneca tragicus : Vis, vir, violentia, virtus, virago, la virilit\u00e9 et ses d\u00e9clinaisons dans le th\u00e9\u00e2tre de S\u00e9n\u00e8que et de ses \u00e9mules de Mussato \u00e0 nos jours\u00a0\u00bb","datePublished":"2018-07-16T15:09:22+00:00","dateModified":"2020-11-22T18:16:54+00:00","mainEntityOfPage":{"@id":"http:\/\/www.semen-l.org\/?p=458"},"wordCount":81,"commentCount":0,"publisher":{"@id":"http:\/\/www.semen-l.org\/#organization"},"image":{"@id":"http:\/\/www.semen-l.org\/?p=458#primaryimage"},"thumbnailUrl":"https:\/\/www.semen-l.org\/wp-content\/uploads\/2019\/03\/senecatragicus.jpg","articleSection":["Colloques"],"inLanguage":"fr-FR","potentialAction":[{"@type":"CommentAction","name":"Comment","target":["http:\/\/www.semen-l.org\/?p=458#respond"]}]},{"@type":"WebPage","@id":"http:\/\/www.semen-l.org\/?p=458","url":"http:\/\/www.semen-l.org\/?p=458","name":"Appel \u00e0 communication : \"Seneca tragicus : Vis, vir, violentia, virtus, virago, la virilit\u00e9 et ses d\u00e9clinaisons dans le th\u00e9\u00e2tre de S\u00e9n\u00e8que et de ses \u00e9mules de Mussato \u00e0 nos jours\" - Soci\u00e9t\u00e9 d&#039;\u00c9tudes M\u00e9dio Et N\u00e9o-Latines","isPartOf":{"@id":"http:\/\/www.semen-l.org\/#website"},"primaryImageOfPage":{"@id":"http:\/\/www.semen-l.org\/?p=458#primaryimage"},"image":{"@id":"http:\/\/www.semen-l.org\/?p=458#primaryimage"},"thumbnailUrl":"https:\/\/www.semen-l.org\/wp-content\/uploads\/2019\/03\/senecatragicus.jpg","datePublished":"2018-07-16T15:09:22+00:00","dateModified":"2020-11-22T18:16:54+00:00","breadcrumb":{"@id":"http:\/\/www.semen-l.org\/?p=458#breadcrumb"},"inLanguage":"fr-FR","potentialAction":[{"@type":"ReadAction","target":["http:\/\/www.semen-l.org\/?p=458"]}]},{"@type":"ImageObject","inLanguage":"fr-FR","@id":"http:\/\/www.semen-l.org\/?p=458#primaryimage","url":"https:\/\/www.semen-l.org\/wp-content\/uploads\/2019\/03\/senecatragicus.jpg","contentUrl":"https:\/\/www.semen-l.org\/wp-content\/uploads\/2019\/03\/senecatragicus.jpg","width":716,"height":779},{"@type":"BreadcrumbList","@id":"http:\/\/www.semen-l.org\/?p=458#breadcrumb","itemListElement":[{"@type":"ListItem","position":1,"name":"Accueil","item":"http:\/\/www.semen-l.org\/"},{"@type":"ListItem","position":2,"name":"Appel \u00e0 communication : \u00ab\u00a0Seneca tragicus : Vis, vir, violentia, virtus, virago, la virilit\u00e9 et ses d\u00e9clinaisons dans le th\u00e9\u00e2tre de S\u00e9n\u00e8que et de ses \u00e9mules de Mussato \u00e0 nos jours\u00a0\u00bb"}]},{"@type":"WebSite","@id":"http:\/\/www.semen-l.org\/#website","url":"http:\/\/www.semen-l.org\/","name":"Soci\u00e9t\u00e9 d'\u00c9tudes M\u00e9dio Et N\u00e9o-Latines","description":"","publisher":{"@id":"http:\/\/www.semen-l.org\/#organization"},"potentialAction":[{"@type":"SearchAction","target":{"@type":"EntryPoint","urlTemplate":"http:\/\/www.semen-l.org\/?s={search_term_string}"},"query-input":{"@type":"PropertyValueSpecification","valueRequired":true,"valueName":"search_term_string"}}],"inLanguage":"fr-FR"},{"@type":"Organization","@id":"http:\/\/www.semen-l.org\/#organization","name":"Soci\u00e9t\u00e9 d'\u00e9tudes m\u00e9dio et n\u00e9o-latines","url":"http:\/\/www.semen-l.org\/","logo":{"@type":"ImageObject","inLanguage":"fr-FR","@id":"http:\/\/www.semen-l.org\/#\/schema\/logo\/image\/","url":"http:\/\/www.semen-l.org\/wp-content\/uploads\/2020\/11\/logo-semenl.jpg","contentUrl":"http:\/\/www.semen-l.org\/wp-content\/uploads\/2020\/11\/logo-semenl.jpg","width":408,"height":403,"caption":"Soci\u00e9t\u00e9 d'\u00e9tudes m\u00e9dio et n\u00e9o-latines"},"image":{"@id":"http:\/\/www.semen-l.org\/#\/schema\/logo\/image\/"},"sameAs":["https:\/\/www.facebook.com\/SEMENL2018","https:\/\/independent.academia.edu\/SocitsdtudesmdioetnolatinesSEMENL"]},{"@type":"Person","@id":"http:\/\/www.semen-l.org\/#\/schema\/person\/c1da10720736e30a9294dcce77355003","name":"Claire","image":{"@type":"ImageObject","inLanguage":"fr-FR","@id":"https:\/\/secure.gravatar.com\/avatar\/fb942a7c25d70507e1cb150869aba56fe90ac8bf729ffb876b9b80161bf79d4f?s=96&d=mm&r=g","url":"https:\/\/secure.gravatar.com\/avatar\/fb942a7c25d70507e1cb150869aba56fe90ac8bf729ffb876b9b80161bf79d4f?s=96&d=mm&r=g","contentUrl":"https:\/\/secure.gravatar.com\/avatar\/fb942a7c25d70507e1cb150869aba56fe90ac8bf729ffb876b9b80161bf79d4f?s=96&d=mm&r=g","caption":"Claire"},"url":"https:\/\/www.semen-l.org\/?author=7"}]}},"jetpack_featured_media_url":"https:\/\/www.semen-l.org\/wp-content\/uploads\/2019\/03\/senecatragicus.jpg","_links":{"self":[{"href":"https:\/\/www.semen-l.org\/index.php?rest_route=\/wp\/v2\/posts\/458","targetHints":{"allow":["GET"]}}],"collection":[{"href":"https:\/\/www.semen-l.org\/index.php?rest_route=\/wp\/v2\/posts"}],"about":[{"href":"https:\/\/www.semen-l.org\/index.php?rest_route=\/wp\/v2\/types\/post"}],"author":[{"embeddable":true,"href":"https:\/\/www.semen-l.org\/index.php?rest_route=\/wp\/v2\/users\/7"}],"replies":[{"embeddable":true,"href":"https:\/\/www.semen-l.org\/index.php?rest_route=%2Fwp%2Fv2%2Fcomments&post=458"}],"version-history":[{"count":0,"href":"https:\/\/www.semen-l.org\/index.php?rest_route=\/wp\/v2\/posts\/458\/revisions"}],"wp:featuredmedia":[{"embeddable":true,"href":"https:\/\/www.semen-l.org\/index.php?rest_route=\/wp\/v2\/media\/912"}],"wp:attachment":[{"href":"https:\/\/www.semen-l.org\/index.php?rest_route=%2Fwp%2Fv2%2Fmedia&parent=458"}],"wp:term":[{"taxonomy":"category","embeddable":true,"href":"https:\/\/www.semen-l.org\/index.php?rest_route=%2Fwp%2Fv2%2Fcategories&post=458"},{"taxonomy":"post_tag","embeddable":true,"href":"https:\/\/www.semen-l.org\/index.php?rest_route=%2Fwp%2Fv2%2Ftags&post=458"}],"curies":[{"name":"wp","href":"https:\/\/api.w.org\/{rel}","templated":true}]}}