{"id":430,"date":"2018-02-08T07:53:16","date_gmt":"2018-02-08T07:53:16","guid":{"rendered":"http:\/\/www.semen-l.org\/?p=430"},"modified":"2020-11-18T21:47:10","modified_gmt":"2020-11-18T21:47:10","slug":"journee-detudes-editer-le-theatre-medieval-et-humaniste","status":"publish","type":"post","link":"https:\/\/www.semen-l.org\/?p=430","title":{"rendered":"Journ\u00e9e d&rsquo;\u00e9tudes \u00ab\u00a0\u00c9diter le th\u00e9\u00e2tre m\u00e9di\u00e9val et humaniste\u00a0\u00bb"},"content":{"rendered":"<p><em>\u00c9diter le th\u00e9\u00e2tre m\u00e9di\u00e9val et humaniste dans l&rsquo;espace roman<\/em><\/p>\n<p>Journ\u00e9e d&rsquo;\u00e9tudes organis\u00e9e par B\u00e9atrice Charlet le lundi 12 mars \u00e0 l&rsquo;Universit\u00e9 d&rsquo;Aix-Marseille<\/p>\n<p>Affiche : <a href=\"http:\/\/www.semen-l.org\/wp-content\/uploads\/2018\/02\/Affiche-3-Editer-le-th\u00e9\u00e2tre-m\u00e9di\u00e9val.pdf\">Affiche 3-Editer le th\u00e9\u00e2tre m\u00e9di\u00e9val<\/a><\/p>\n<p>Programme d\u00e9taill\u00e9 :\u00a0<a href=\"http:\/\/www.semen-l.org\/wp-content\/uploads\/2018\/02\/Programme-journ\u00e9ed\u00e9tudes120318.docx\">&lsquo;\u00e9tudes120318<\/a><\/p>\n<p>&nbsp;<\/p>\n<p><strong>\u00c9diter le th\u00e9\u00e2tre m\u00e9di\u00e9val et humaniste de l\u2019Espace roman<\/strong><\/p>\n<p><strong>lundi 12 mars 2018, MDR ALLSH, T 1, Salle 1<\/strong><\/p>\n<p><strong>\u00a0<\/strong><\/p>\n<p><strong>9 h \u2013 Accueil <\/strong><\/p>\n<p><strong>9 h 30 \u2013 9 h 45 ouverture de la journ\u00e9e par les autorit\u00e9s<\/strong><\/p>\n<p><strong>\u00a0<\/strong><\/p>\n<p><strong>9 h 45 \u2013 10 h<\/strong><\/p>\n<p><strong>Corinne Flicker, <\/strong>Charg\u00e9e de Mission \u00ab\u00a0Maison du Th\u00e9\u00e2tre d\u2019AMU\u00a0\u00bb, AMU, CIELAM<\/p>\n<ul>\n<li><strong>Pr\u00e9sentation de la Maison du Th\u00e9\u00e2tre d\u2019AMU et des projets associ\u00e9s<\/strong><\/li>\n<\/ul>\n<p><strong>\u00a0<\/strong><\/p>\n<p><strong>10 h \u2013 10 h 30<\/strong><\/p>\n<p><strong>Stefano Pittaluga<\/strong><\/p>\n<ul>\n<li><strong><u>Les deux redactions de la <em>Philodoxeos Fabula<\/em> de Leon Battista Alberti<\/u><\/strong><\/li>\n<\/ul>\n<p>La Philodoxeos fabula est une com\u00e9die all\u00e9gorique latine compos\u00e9e par Leon Battista Alberti en 1424 et reprise par lui-m\u00eame une dizaine d\u2019ann\u00e9es plus tard. Cette seconde r\u00e9daction pr\u00e9sente de profondes modifications, innovations, corrections et variantes d\u2019auteur. La premi\u00e8re r\u00e9daction est transmise par 19 manuscrits qui remontent \u00e0 un arch\u00e9type \u00ab\u00a0\u00e9volutif\u00a0\u00bb que l\u2019auteur a remani\u00e9 sans cesse; en revanche, la seconde r\u00e9daction est transmise par deux manuscrits seulement. La double r\u00e9daction pose d\u2019importants probl\u00e8mes ecdotiques, auxquels s\u2019ajoute la difficult\u00e9 d\u2019op\u00e9rer la distinction entre variantes d\u2019auteur et innovations dues \u00e0 la tradition textuelle.<\/p>\n<p>10 h 30 \u2013 10 h 45 discussion<\/p>\n<p>&nbsp;<\/p>\n<p><strong>10 h 45 \u2013 11 h 15<\/strong><\/p>\n<p><strong>Clara Fossati<\/strong>, Univ. G\u00eanes<\/p>\n<ul>\n<li><strong><u>Les com\u00e9dies de Tito Livio Frulovisi\u00a0: probl\u00e8mes ecdoticques<\/u><\/strong><\/li>\n<\/ul>\n<p>La communication vise \u00e0 pr\u00e9senter bri\u00e8vement le profil biographique de l\u2019humaniste ferrarais Tito Livio Frulovisi et la gen\u00e8se de son <em>corpus<\/em> de com\u00e9dies\u00a0; elle met en particulier l\u2019accent sur les probl\u00e8mes ecdotiques qui d\u00e9coulent surtout de ce que l\u2019\u00e9diteur n\u2019a \u00e0 sa disposition qu\u2019un <em>codex unicus<\/em> comportant un nombre de fautes non n\u00e9gligeable.<\/p>\n<p>11 h 15 \u2013 11h 30 discussion<\/p>\n<p>&nbsp;<\/p>\n<p><strong>11h 30 \u2013 12 h <\/strong><\/p>\n<p><strong>Bernard Darbord<\/strong>, Univ. Paris X Nanterre<\/p>\n<ul>\n<li><strong><u>Gil Vicente, <em>O pranto de Maria Parda<\/em> (Lisbonne, 1522)\u00a0: r\u00e9flexion sur le texte<\/u><\/strong><\/li>\n<\/ul>\n<p>Cette courte pi\u00e8ce de Gil Vicente a \u00e9t\u00e9 \u00e9dit\u00e9e, traduite et pr\u00e9sent\u00e9e par Paul Teyssier (Paris, Chandeigne, 1995). Ce remarquable travail d\u2019\u00e9dition nous a permis de r\u00e9fl\u00e9chir sur certains caract\u00e8res du th\u00e9\u00e2tre de Gil Vicente\u00a0: langue (bilinguisme), lexique, m\u00e9trique, esth\u00e9tique th\u00e9\u00e2trale. Le nom du personnage principal et l\u2019<em>incipit<\/em> de la pi\u00e8ce sont l\u2019objet d\u2019une analyse particuli\u00e8re.<\/p>\n<p>12h \u2013 12 h 15 discussion<\/p>\n<p>&nbsp;<\/p>\n<p>12 h 15 \u2013 14 h 30 Pause repas<\/p>\n<p>&nbsp;<\/p>\n<p><strong>14 h 30 \u2013 15 h <\/strong><\/p>\n<p><strong>Th\u00e9a Picquet<\/strong>, AMU, CAER-EA 854 \/ UMR TELEMME<\/p>\n<ul>\n<li><strong><u>L\u2019<em>Erofilomachia<\/em> de Sforza d\u2019Oddi (1572) et sa traduction fran\u00e7aise <\/u><\/strong><\/li>\n<\/ul>\n<p>Dans les pages \u00ab\u00a0Au lecteur\u00a0\u00bb qui ouvrent sa com\u00e9die, <em>Clarice ou l\u2019Amour constant<\/em>, Jean Rotrou (1609-1650) se pr\u00e9sente comme le traducteur de Sforza Oddi\u00a0en ces termes : \u00ab\u00a0Je ferois tort \u00e0 l\u2019Autheur Italien Sforza d\u2019Oddi, si je d\u00e9robois \u00e0 sa reputation la gloire de cet ouvrage\u00a0; je n\u2019en suis que le Traducteur\u2026\u00a0\u00bb, \u00e9crit-il.<\/p>\n<p>Notre propos se donne pour objectif d\u2019analyser cette \u00e9dition fran\u00e7aise pour d\u00e9terminer la part de fid\u00e9lit\u00e9 \u00e0 l\u2019\u0153uvre originelle, <em>L\u2019Erofilomachia, <\/em>et celle de son originalit\u00e9.<\/p>\n<p>16 h 45 &#8211; 17 h Discussion<\/p>\n<p>15 h \u2013 15 h 15 discussion<\/p>\n<p><strong>15 h 15 \u2013 15h 45<\/strong><\/p>\n<p><strong>Carine Ferradou<\/strong>, AMU, CAER-EA 854<\/p>\n<ul>\n<li><strong><u>\u00c9diter le th\u00e9\u00e2tre humaniste\u00a0: le cas des trag\u00e9dies sacr\u00e9es de Buchanan<\/u><\/strong><\/li>\n<\/ul>\n<p>Les deux trag\u00e9dies sacr\u00e9es latines de l\u2019humaniste \u00e9cossais, George Buchanan, Jephthes sive Votum (Paris, 1554) et Baptistes sive Calumnia (Londres, 1577) ont fait l\u2019objet de nombreuses publications entre le XVIe si\u00e8cle et le XVIIe si\u00e8cle, dans toute l\u2019Europe\u00a0; leurs traductions en langues vernaculaires \u00e9galement. Le projet actuel contract\u00e9 avec les Classiques Garnier a comme originalit\u00e9 de remettre en perspective les \u0153uvres de Buchanan avec leurs traductions fran\u00e7aises humanistes en se composant de deux volumes, le premier consacr\u00e9 \u00e0 Jephthes et Baptistes (\u00e9dition critique et traduction fran\u00e7aise contemporaine), le second aux traductions fran\u00e7aises du XVIe si\u00e8cle et du d\u00e9but du XVIIe si\u00e8cle. Le but est de mettre en lumi\u00e8re le r\u00f4le de relai jou\u00e9 par le th\u00e9\u00e2tre latin de Buchanan entre le mod\u00e8le de la trag\u00e9die antique et la dramaturgie fran\u00e7aise de la Renaissance.<\/p>\n<p>15 h 45 \u2013 16 h discussion<\/p>\n<p>&nbsp;<\/p>\n<p>16 h \u2013 16 h 15 Pause\u00a0: th\u00e9 ou caf\u00e9<\/p>\n<p><strong>16 h 15 \u2013 16 h 45<\/strong><\/p>\n<p><strong>Raffaele Ruggiero<\/strong>, AMU, \u00a0CAER- EA 854<\/p>\n<ul>\n<li><strong><u>la <em>Clizia<\/em> de Machiavel (1525) entre lecture et mise en sc\u00e8ne<\/u><\/strong><\/li>\n<\/ul>\n<p>Les deux manuscrits principaux de la tradition textuelle de la <em>Clizia<\/em>, le ms. Colchester et le Boncompagni- Vatican, semblent avoir deux origines diff\u00e9rentes\u00a0: le premier, manifestement con\u00e7u pour servir de base \u00e0 l\u2019\u00e9dition imprim\u00e9e, pr\u00e9sente tous les caract\u00e8res d\u2019une r\u00e9vision linguistique men\u00e9e dans le but de la publication (et donc de la \u00ab\u00a0lecture\u00a0\u00bb du texte), l\u2019autre \u2013 le Boncompagni- appara\u00eet plut\u00f4t comme un <em>canovaccio<\/em> (canevas) r\u00e9alis\u00e9 par une compagnie d\u2019acteurs en vue d\u2019une repr\u00e9sentation de la com\u00e9die en dehors du milieu florentin.<\/p>\n<p><strong>17 h \u2013 17 h 30 cl\u00f4ture<\/strong><\/p>\n<p>Quelques r\u00e9f\u00e9rences bibliographiques\u00a0:<\/p>\n<p>Alciato Andrea, <em>Filargiro<\/em>, texte latin et traduction italienne de R. Ruggiero, introduction de G. Rossi, Torino, Nino Aragno 2016.<\/p>\n<p>Frulovisi Tito Livio, <em>Peregrinatio<\/em>, Edizione critica, traduzione e commento a c. di Clara Fossati, Firenze, Sismel &#8211; Edizioni del Galluzzo, 2012.<\/p>\n<p>Frulovisi Tito Livio, <em>Emporia<\/em>, Edizione critica, traduzione e commento a c. di Clara Fossati, Firenze,\u00a0 Edizioni del Galluzzo, 2014.<\/p>\n<p>Machiavel Nicolas, <em>La Clizia<\/em> (1525), \u00e9dition bilingue de Fan\u00e9lie Viallon, Chemins de Tr@verse, coll. \u00ab\u00a0Chemins it@liques\u00a0\u00bb, 2013 (EAN13\u00a0:9782313004142).<\/p>\n<p>Vicente Gil, <em>Auto de la Sibille Cassandre<\/em> (1513), Paul Teyssier ed. &amp; trad., in Robert Marrast dir., <em>Le Th\u00e9\u00e2tre espagnol au XVIe si\u00e8cle<\/em>, Paris, Gallimard, \u00ab\u00a0La Pleiade\u00a0\u00bb, 1983.<\/p>\n<p>Vicente Gil, <em>Auto de la Barque du Paradis<\/em> (1519), Paul Teyssier ed. &amp; trad., in Robert Marrast dir., <em>Le Th\u00e9\u00e2tre espagnol au XVIe si\u00e8cle<\/em>, Paris, Gallimard, \u00ab\u00a0La Pleiade\u00a0\u00bb, 1983<\/p>\n<p>Vicente Gil, <em>Tragi-com\u00e9die de D Duardos<\/em> (1525), Paul Teyssier ed. &amp; trad., in Robert Marrast dir., <em>Le Th\u00e9\u00e2tre espagnol au XVIe si\u00e8cle<\/em>, Paris, Gallimard, \u00ab\u00a0La Pleiade\u00a0\u00bb, 1983.<\/p>\n<p>Vicente Gil, <em>La Plainte de Maria La Noiraude<\/em> (1522), \u00e9dition critique et traduction de Paul Teyssier, Paris, Chandeigne, 1995.<\/p>\n<p>Vicente Gil, <em>La Barque de l\u2019Enfer<\/em> (1517), \u00e9dition critique et traduction de Paul Teyssier, Paris, Chandeigne, 2000.<\/p>\n<p>&nbsp;<\/p>\n<p>&nbsp;<\/p>\n","protected":false},"excerpt":{"rendered":"<p>\u00c9diter le th\u00e9\u00e2tre m\u00e9di\u00e9val et humaniste dans l&rsquo;espace roman Journ\u00e9e d&rsquo;\u00e9tudes organis\u00e9e par B\u00e9atrice Charlet le lundi 12 mars \u00e0 l&rsquo;Universit\u00e9 d&rsquo;Aix-Marseille Affiche : Affiche 3-Editer le th\u00e9\u00e2tre m\u00e9di\u00e9val Programme d\u00e9taill\u00e9 :\u00a0&lsquo;\u00e9tudes120318 &nbsp; \u00c9diter le th\u00e9\u00e2tre m\u00e9di\u00e9val et humaniste de &hellip; <a href=\"https:\/\/www.semen-l.org\/?p=430\">Continuer la lecture <span class=\"meta-nav\">&rarr;<\/span><\/a><\/p>\n","protected":false},"author":7,"featured_media":941,"comment_status":"open","ping_status":"open","sticky":false,"template":"","format":"standard","meta":{"footnotes":""},"categories":[4],"tags":[38,213,259,133,260,72,254,257,253,258,97,256,252,255],"class_list":["post-430","post","type-post","status-publish","format-standard","has-post-thumbnail","hentry","category-colloques","tag-leon-battista-alberti","tag-allegorie","tag-baptistes-sive-calumnia","tag-george-buchanan","tag-clizia","tag-comedie","tag-ecdotique","tag-erofilomachia","tag-frulovisi-tito-livio","tag-jephthes-sive-votum","tag-machiavel","tag-doddi-sforza","tag-philodoxeos-fabula","tag-vicente-gil"],"yoast_head":"<!-- This site is optimized with the Yoast SEO plugin v27.5 - https:\/\/yoast.com\/product\/yoast-seo-wordpress\/ -->\n<title>Journ\u00e9e d&#039;\u00e9tudes &quot;\u00c9diter le th\u00e9\u00e2tre m\u00e9di\u00e9val et humaniste&quot; - Soci\u00e9t\u00e9 d&#039;\u00c9tudes M\u00e9dio Et N\u00e9o-Latines<\/title>\n<meta name=\"robots\" content=\"index, follow, max-snippet:-1, max-image-preview:large, max-video-preview:-1\" \/>\n<link rel=\"canonical\" href=\"https:\/\/www.semen-l.org\/?p=430\" \/>\n<meta property=\"og:locale\" content=\"fr_FR\" \/>\n<meta property=\"og:type\" content=\"article\" \/>\n<meta property=\"og:title\" content=\"Journ\u00e9e d&#039;\u00e9tudes &quot;\u00c9diter le th\u00e9\u00e2tre m\u00e9di\u00e9val et humaniste&quot; - Soci\u00e9t\u00e9 d&#039;\u00c9tudes M\u00e9dio Et N\u00e9o-Latines\" \/>\n<meta property=\"og:description\" content=\"\u00c9diter le th\u00e9\u00e2tre m\u00e9di\u00e9val et humaniste dans l&rsquo;espace roman Journ\u00e9e d&rsquo;\u00e9tudes organis\u00e9e par B\u00e9atrice Charlet le lundi 12 mars \u00e0 l&rsquo;Universit\u00e9 d&rsquo;Aix-Marseille Affiche : Affiche 3-Editer le th\u00e9\u00e2tre m\u00e9di\u00e9val Programme d\u00e9taill\u00e9 :\u00a0&lsquo;\u00e9tudes120318 &nbsp; \u00c9diter le th\u00e9\u00e2tre m\u00e9di\u00e9val et humaniste de &hellip; Continuer la lecture &rarr;\" \/>\n<meta property=\"og:url\" content=\"https:\/\/www.semen-l.org\/?p=430\" \/>\n<meta property=\"og:site_name\" content=\"Soci\u00e9t\u00e9 d&#039;\u00c9tudes M\u00e9dio Et N\u00e9o-Latines\" \/>\n<meta property=\"article:publisher\" content=\"https:\/\/www.facebook.com\/SEMENL2018\" \/>\n<meta property=\"article:published_time\" content=\"2018-02-08T07:53:16+00:00\" \/>\n<meta property=\"article:modified_time\" content=\"2020-11-18T21:47:10+00:00\" \/>\n<meta property=\"og:image\" content=\"https:\/\/www.semen-l.org\/wp-content\/uploads\/2018\/02\/theatre-rom.jpg\" \/>\n\t<meta property=\"og:image:width\" content=\"200\" \/>\n\t<meta property=\"og:image:height\" content=\"200\" \/>\n\t<meta property=\"og:image:type\" content=\"image\/jpeg\" \/>\n<meta name=\"author\" content=\"Claire\" \/>\n<meta name=\"twitter:card\" content=\"summary_large_image\" \/>\n<meta name=\"twitter:label1\" content=\"\u00c9crit par\" \/>\n\t<meta name=\"twitter:data1\" content=\"Claire\" \/>\n\t<meta name=\"twitter:label2\" content=\"Dur\u00e9e de lecture estim\u00e9e\" \/>\n\t<meta name=\"twitter:data2\" content=\"5 minutes\" \/>\n<script type=\"application\/ld+json\" class=\"yoast-schema-graph\">{\"@context\":\"https:\\\/\\\/schema.org\",\"@graph\":[{\"@type\":\"Article\",\"@id\":\"https:\\\/\\\/www.semen-l.org\\\/?p=430#article\",\"isPartOf\":{\"@id\":\"https:\\\/\\\/www.semen-l.org\\\/?p=430\"},\"author\":{\"name\":\"Claire\",\"@id\":\"http:\\\/\\\/www.semen-l.org\\\/#\\\/schema\\\/person\\\/c1da10720736e30a9294dcce77355003\"},\"headline\":\"Journ\u00e9e d&rsquo;\u00e9tudes \u00ab\u00a0\u00c9diter le th\u00e9\u00e2tre m\u00e9di\u00e9val et humaniste\u00a0\u00bb\",\"datePublished\":\"2018-02-08T07:53:16+00:00\",\"dateModified\":\"2020-11-18T21:47:10+00:00\",\"mainEntityOfPage\":{\"@id\":\"https:\\\/\\\/www.semen-l.org\\\/?p=430\"},\"wordCount\":1046,\"commentCount\":0,\"publisher\":{\"@id\":\"http:\\\/\\\/www.semen-l.org\\\/#organization\"},\"image\":{\"@id\":\"https:\\\/\\\/www.semen-l.org\\\/?p=430#primaryimage\"},\"thumbnailUrl\":\"https:\\\/\\\/www.semen-l.org\\\/wp-content\\\/uploads\\\/2018\\\/02\\\/theatre-rom.jpg\",\"keywords\":[\"Alberti (Leon Battista)\",\"all\u00e9gorie\",\"Baptistes sive Calumnia\",\"Buchanan (George)\",\"Clizia\",\"com\u00e9die\",\"ecdotique\",\"Erofilomachia\",\"Frulovisi (Tito Livio)\",\"Jephthes sive Votum\",\"Machiavel (Nicolas)\",\"Oddi (Sforza d')\",\"Philodoxeos Fabula\",\"Vicente (Gil)\"],\"articleSection\":[\"Colloques\"],\"inLanguage\":\"fr-FR\",\"potentialAction\":[{\"@type\":\"CommentAction\",\"name\":\"Comment\",\"target\":[\"https:\\\/\\\/www.semen-l.org\\\/?p=430#respond\"]}]},{\"@type\":\"WebPage\",\"@id\":\"https:\\\/\\\/www.semen-l.org\\\/?p=430\",\"url\":\"https:\\\/\\\/www.semen-l.org\\\/?p=430\",\"name\":\"Journ\u00e9e d'\u00e9tudes \\\"\u00c9diter le th\u00e9\u00e2tre m\u00e9di\u00e9val et humaniste\\\" - Soci\u00e9t\u00e9 d&#039;\u00c9tudes M\u00e9dio Et N\u00e9o-Latines\",\"isPartOf\":{\"@id\":\"http:\\\/\\\/www.semen-l.org\\\/#website\"},\"primaryImageOfPage\":{\"@id\":\"https:\\\/\\\/www.semen-l.org\\\/?p=430#primaryimage\"},\"image\":{\"@id\":\"https:\\\/\\\/www.semen-l.org\\\/?p=430#primaryimage\"},\"thumbnailUrl\":\"https:\\\/\\\/www.semen-l.org\\\/wp-content\\\/uploads\\\/2018\\\/02\\\/theatre-rom.jpg\",\"datePublished\":\"2018-02-08T07:53:16+00:00\",\"dateModified\":\"2020-11-18T21:47:10+00:00\",\"breadcrumb\":{\"@id\":\"https:\\\/\\\/www.semen-l.org\\\/?p=430#breadcrumb\"},\"inLanguage\":\"fr-FR\",\"potentialAction\":[{\"@type\":\"ReadAction\",\"target\":[\"https:\\\/\\\/www.semen-l.org\\\/?p=430\"]}]},{\"@type\":\"ImageObject\",\"inLanguage\":\"fr-FR\",\"@id\":\"https:\\\/\\\/www.semen-l.org\\\/?p=430#primaryimage\",\"url\":\"https:\\\/\\\/www.semen-l.org\\\/wp-content\\\/uploads\\\/2018\\\/02\\\/theatre-rom.jpg\",\"contentUrl\":\"https:\\\/\\\/www.semen-l.org\\\/wp-content\\\/uploads\\\/2018\\\/02\\\/theatre-rom.jpg\",\"width\":200,\"height\":200},{\"@type\":\"BreadcrumbList\",\"@id\":\"https:\\\/\\\/www.semen-l.org\\\/?p=430#breadcrumb\",\"itemListElement\":[{\"@type\":\"ListItem\",\"position\":1,\"name\":\"Accueil\",\"item\":\"http:\\\/\\\/www.semen-l.org\\\/\"},{\"@type\":\"ListItem\",\"position\":2,\"name\":\"Journ\u00e9e d&rsquo;\u00e9tudes \u00ab\u00a0\u00c9diter le th\u00e9\u00e2tre m\u00e9di\u00e9val et humaniste\u00a0\u00bb\"}]},{\"@type\":\"WebSite\",\"@id\":\"http:\\\/\\\/www.semen-l.org\\\/#website\",\"url\":\"http:\\\/\\\/www.semen-l.org\\\/\",\"name\":\"Soci\u00e9t\u00e9 d'\u00c9tudes M\u00e9dio Et N\u00e9o-Latines\",\"description\":\"\",\"publisher\":{\"@id\":\"http:\\\/\\\/www.semen-l.org\\\/#organization\"},\"potentialAction\":[{\"@type\":\"SearchAction\",\"target\":{\"@type\":\"EntryPoint\",\"urlTemplate\":\"http:\\\/\\\/www.semen-l.org\\\/?s={search_term_string}\"},\"query-input\":{\"@type\":\"PropertyValueSpecification\",\"valueRequired\":true,\"valueName\":\"search_term_string\"}}],\"inLanguage\":\"fr-FR\"},{\"@type\":\"Organization\",\"@id\":\"http:\\\/\\\/www.semen-l.org\\\/#organization\",\"name\":\"Soci\u00e9t\u00e9 d'\u00e9tudes m\u00e9dio et n\u00e9o-latines\",\"url\":\"http:\\\/\\\/www.semen-l.org\\\/\",\"logo\":{\"@type\":\"ImageObject\",\"inLanguage\":\"fr-FR\",\"@id\":\"http:\\\/\\\/www.semen-l.org\\\/#\\\/schema\\\/logo\\\/image\\\/\",\"url\":\"http:\\\/\\\/www.semen-l.org\\\/wp-content\\\/uploads\\\/2020\\\/11\\\/logo-semenl.jpg\",\"contentUrl\":\"http:\\\/\\\/www.semen-l.org\\\/wp-content\\\/uploads\\\/2020\\\/11\\\/logo-semenl.jpg\",\"width\":408,\"height\":403,\"caption\":\"Soci\u00e9t\u00e9 d'\u00e9tudes m\u00e9dio et n\u00e9o-latines\"},\"image\":{\"@id\":\"http:\\\/\\\/www.semen-l.org\\\/#\\\/schema\\\/logo\\\/image\\\/\"},\"sameAs\":[\"https:\\\/\\\/www.facebook.com\\\/SEMENL2018\",\"https:\\\/\\\/independent.academia.edu\\\/SocitsdtudesmdioetnolatinesSEMENL\"]},{\"@type\":\"Person\",\"@id\":\"http:\\\/\\\/www.semen-l.org\\\/#\\\/schema\\\/person\\\/c1da10720736e30a9294dcce77355003\",\"name\":\"Claire\",\"image\":{\"@type\":\"ImageObject\",\"inLanguage\":\"fr-FR\",\"@id\":\"https:\\\/\\\/secure.gravatar.com\\\/avatar\\\/fb942a7c25d70507e1cb150869aba56fe90ac8bf729ffb876b9b80161bf79d4f?s=96&d=mm&r=g\",\"url\":\"https:\\\/\\\/secure.gravatar.com\\\/avatar\\\/fb942a7c25d70507e1cb150869aba56fe90ac8bf729ffb876b9b80161bf79d4f?s=96&d=mm&r=g\",\"contentUrl\":\"https:\\\/\\\/secure.gravatar.com\\\/avatar\\\/fb942a7c25d70507e1cb150869aba56fe90ac8bf729ffb876b9b80161bf79d4f?s=96&d=mm&r=g\",\"caption\":\"Claire\"},\"url\":\"https:\\\/\\\/www.semen-l.org\\\/?author=7\"}]}<\/script>\n<!-- \/ Yoast SEO plugin. -->","yoast_head_json":{"title":"Journ\u00e9e d'\u00e9tudes \"\u00c9diter le th\u00e9\u00e2tre m\u00e9di\u00e9val et humaniste\" - Soci\u00e9t\u00e9 d&#039;\u00c9tudes M\u00e9dio Et N\u00e9o-Latines","robots":{"index":"index","follow":"follow","max-snippet":"max-snippet:-1","max-image-preview":"max-image-preview:large","max-video-preview":"max-video-preview:-1"},"canonical":"https:\/\/www.semen-l.org\/?p=430","og_locale":"fr_FR","og_type":"article","og_title":"Journ\u00e9e d'\u00e9tudes \"\u00c9diter le th\u00e9\u00e2tre m\u00e9di\u00e9val et humaniste\" - Soci\u00e9t\u00e9 d&#039;\u00c9tudes M\u00e9dio Et N\u00e9o-Latines","og_description":"\u00c9diter le th\u00e9\u00e2tre m\u00e9di\u00e9val et humaniste dans l&rsquo;espace roman Journ\u00e9e d&rsquo;\u00e9tudes organis\u00e9e par B\u00e9atrice Charlet le lundi 12 mars \u00e0 l&rsquo;Universit\u00e9 d&rsquo;Aix-Marseille Affiche : Affiche 3-Editer le th\u00e9\u00e2tre m\u00e9di\u00e9val Programme d\u00e9taill\u00e9 :\u00a0&lsquo;\u00e9tudes120318 &nbsp; \u00c9diter le th\u00e9\u00e2tre m\u00e9di\u00e9val et humaniste de &hellip; Continuer la lecture &rarr;","og_url":"https:\/\/www.semen-l.org\/?p=430","og_site_name":"Soci\u00e9t\u00e9 d&#039;\u00c9tudes M\u00e9dio Et N\u00e9o-Latines","article_publisher":"https:\/\/www.facebook.com\/SEMENL2018","article_published_time":"2018-02-08T07:53:16+00:00","article_modified_time":"2020-11-18T21:47:10+00:00","og_image":[{"width":200,"height":200,"url":"https:\/\/www.semen-l.org\/wp-content\/uploads\/2018\/02\/theatre-rom.jpg","type":"image\/jpeg"}],"author":"Claire","twitter_card":"summary_large_image","twitter_misc":{"\u00c9crit par":"Claire","Dur\u00e9e de lecture estim\u00e9e":"5 minutes"},"schema":{"@context":"https:\/\/schema.org","@graph":[{"@type":"Article","@id":"https:\/\/www.semen-l.org\/?p=430#article","isPartOf":{"@id":"https:\/\/www.semen-l.org\/?p=430"},"author":{"name":"Claire","@id":"http:\/\/www.semen-l.org\/#\/schema\/person\/c1da10720736e30a9294dcce77355003"},"headline":"Journ\u00e9e d&rsquo;\u00e9tudes \u00ab\u00a0\u00c9diter le th\u00e9\u00e2tre m\u00e9di\u00e9val et humaniste\u00a0\u00bb","datePublished":"2018-02-08T07:53:16+00:00","dateModified":"2020-11-18T21:47:10+00:00","mainEntityOfPage":{"@id":"https:\/\/www.semen-l.org\/?p=430"},"wordCount":1046,"commentCount":0,"publisher":{"@id":"http:\/\/www.semen-l.org\/#organization"},"image":{"@id":"https:\/\/www.semen-l.org\/?p=430#primaryimage"},"thumbnailUrl":"https:\/\/www.semen-l.org\/wp-content\/uploads\/2018\/02\/theatre-rom.jpg","keywords":["Alberti (Leon Battista)","all\u00e9gorie","Baptistes sive Calumnia","Buchanan (George)","Clizia","com\u00e9die","ecdotique","Erofilomachia","Frulovisi (Tito Livio)","Jephthes sive Votum","Machiavel (Nicolas)","Oddi (Sforza d')","Philodoxeos Fabula","Vicente (Gil)"],"articleSection":["Colloques"],"inLanguage":"fr-FR","potentialAction":[{"@type":"CommentAction","name":"Comment","target":["https:\/\/www.semen-l.org\/?p=430#respond"]}]},{"@type":"WebPage","@id":"https:\/\/www.semen-l.org\/?p=430","url":"https:\/\/www.semen-l.org\/?p=430","name":"Journ\u00e9e d'\u00e9tudes \"\u00c9diter le th\u00e9\u00e2tre m\u00e9di\u00e9val et humaniste\" - Soci\u00e9t\u00e9 d&#039;\u00c9tudes M\u00e9dio Et N\u00e9o-Latines","isPartOf":{"@id":"http:\/\/www.semen-l.org\/#website"},"primaryImageOfPage":{"@id":"https:\/\/www.semen-l.org\/?p=430#primaryimage"},"image":{"@id":"https:\/\/www.semen-l.org\/?p=430#primaryimage"},"thumbnailUrl":"https:\/\/www.semen-l.org\/wp-content\/uploads\/2018\/02\/theatre-rom.jpg","datePublished":"2018-02-08T07:53:16+00:00","dateModified":"2020-11-18T21:47:10+00:00","breadcrumb":{"@id":"https:\/\/www.semen-l.org\/?p=430#breadcrumb"},"inLanguage":"fr-FR","potentialAction":[{"@type":"ReadAction","target":["https:\/\/www.semen-l.org\/?p=430"]}]},{"@type":"ImageObject","inLanguage":"fr-FR","@id":"https:\/\/www.semen-l.org\/?p=430#primaryimage","url":"https:\/\/www.semen-l.org\/wp-content\/uploads\/2018\/02\/theatre-rom.jpg","contentUrl":"https:\/\/www.semen-l.org\/wp-content\/uploads\/2018\/02\/theatre-rom.jpg","width":200,"height":200},{"@type":"BreadcrumbList","@id":"https:\/\/www.semen-l.org\/?p=430#breadcrumb","itemListElement":[{"@type":"ListItem","position":1,"name":"Accueil","item":"http:\/\/www.semen-l.org\/"},{"@type":"ListItem","position":2,"name":"Journ\u00e9e d&rsquo;\u00e9tudes \u00ab\u00a0\u00c9diter le th\u00e9\u00e2tre m\u00e9di\u00e9val et humaniste\u00a0\u00bb"}]},{"@type":"WebSite","@id":"http:\/\/www.semen-l.org\/#website","url":"http:\/\/www.semen-l.org\/","name":"Soci\u00e9t\u00e9 d'\u00c9tudes M\u00e9dio Et N\u00e9o-Latines","description":"","publisher":{"@id":"http:\/\/www.semen-l.org\/#organization"},"potentialAction":[{"@type":"SearchAction","target":{"@type":"EntryPoint","urlTemplate":"http:\/\/www.semen-l.org\/?s={search_term_string}"},"query-input":{"@type":"PropertyValueSpecification","valueRequired":true,"valueName":"search_term_string"}}],"inLanguage":"fr-FR"},{"@type":"Organization","@id":"http:\/\/www.semen-l.org\/#organization","name":"Soci\u00e9t\u00e9 d'\u00e9tudes m\u00e9dio et n\u00e9o-latines","url":"http:\/\/www.semen-l.org\/","logo":{"@type":"ImageObject","inLanguage":"fr-FR","@id":"http:\/\/www.semen-l.org\/#\/schema\/logo\/image\/","url":"http:\/\/www.semen-l.org\/wp-content\/uploads\/2020\/11\/logo-semenl.jpg","contentUrl":"http:\/\/www.semen-l.org\/wp-content\/uploads\/2020\/11\/logo-semenl.jpg","width":408,"height":403,"caption":"Soci\u00e9t\u00e9 d'\u00e9tudes m\u00e9dio et n\u00e9o-latines"},"image":{"@id":"http:\/\/www.semen-l.org\/#\/schema\/logo\/image\/"},"sameAs":["https:\/\/www.facebook.com\/SEMENL2018","https:\/\/independent.academia.edu\/SocitsdtudesmdioetnolatinesSEMENL"]},{"@type":"Person","@id":"http:\/\/www.semen-l.org\/#\/schema\/person\/c1da10720736e30a9294dcce77355003","name":"Claire","image":{"@type":"ImageObject","inLanguage":"fr-FR","@id":"https:\/\/secure.gravatar.com\/avatar\/fb942a7c25d70507e1cb150869aba56fe90ac8bf729ffb876b9b80161bf79d4f?s=96&d=mm&r=g","url":"https:\/\/secure.gravatar.com\/avatar\/fb942a7c25d70507e1cb150869aba56fe90ac8bf729ffb876b9b80161bf79d4f?s=96&d=mm&r=g","contentUrl":"https:\/\/secure.gravatar.com\/avatar\/fb942a7c25d70507e1cb150869aba56fe90ac8bf729ffb876b9b80161bf79d4f?s=96&d=mm&r=g","caption":"Claire"},"url":"https:\/\/www.semen-l.org\/?author=7"}]}},"jetpack_featured_media_url":"https:\/\/www.semen-l.org\/wp-content\/uploads\/2018\/02\/theatre-rom.jpg","_links":{"self":[{"href":"https:\/\/www.semen-l.org\/index.php?rest_route=\/wp\/v2\/posts\/430","targetHints":{"allow":["GET"]}}],"collection":[{"href":"https:\/\/www.semen-l.org\/index.php?rest_route=\/wp\/v2\/posts"}],"about":[{"href":"https:\/\/www.semen-l.org\/index.php?rest_route=\/wp\/v2\/types\/post"}],"author":[{"embeddable":true,"href":"https:\/\/www.semen-l.org\/index.php?rest_route=\/wp\/v2\/users\/7"}],"replies":[{"embeddable":true,"href":"https:\/\/www.semen-l.org\/index.php?rest_route=%2Fwp%2Fv2%2Fcomments&post=430"}],"version-history":[{"count":0,"href":"https:\/\/www.semen-l.org\/index.php?rest_route=\/wp\/v2\/posts\/430\/revisions"}],"wp:featuredmedia":[{"embeddable":true,"href":"https:\/\/www.semen-l.org\/index.php?rest_route=\/wp\/v2\/media\/941"}],"wp:attachment":[{"href":"https:\/\/www.semen-l.org\/index.php?rest_route=%2Fwp%2Fv2%2Fmedia&parent=430"}],"wp:term":[{"taxonomy":"category","embeddable":true,"href":"https:\/\/www.semen-l.org\/index.php?rest_route=%2Fwp%2Fv2%2Fcategories&post=430"},{"taxonomy":"post_tag","embeddable":true,"href":"https:\/\/www.semen-l.org\/index.php?rest_route=%2Fwp%2Fv2%2Ftags&post=430"}],"curies":[{"name":"wp","href":"https:\/\/api.w.org\/{rel}","templated":true}]}}