{"id":4249,"date":"2026-01-07T21:51:22","date_gmt":"2026-01-07T21:51:22","guid":{"rendered":"https:\/\/www.semen-l.org\/?p=4249"},"modified":"2026-03-03T21:55:38","modified_gmt":"2026-03-03T21:55:38","slug":"seminaire-de-jean-francois-cottier-raconter-le-nouveau-monde-recits-missionnaires-et-voix-autochtones-xvie-xviiie-siecle","status":"publish","type":"post","link":"https:\/\/www.semen-l.org\/?p=4249","title":{"rendered":"S\u00e9minaire de Jean-Fran\u00e7ois Cottier : Raconter le Nouveau Monde\u202f: r\u00e9cits missionnaires et voix autochtones (XVIe-XVIIIe si\u00e8cle)"},"content":{"rendered":"<p><strong>Universit\u00e9 Paris-Cit\u00e9<br \/>\n<\/strong><strong>UFR Lettres, arts, cin\u00e9ma<br \/>\n<\/strong><strong>Grands Moulins<\/strong><\/p>\n<p><strong>Raconter le Nouveau Monde<\/strong><strong>\u202f<\/strong><strong>: r\u00e9cits missionnaires et voix autochtones (XVI<sup>e<\/sup>-XVIII<sup>e<\/sup> si\u00e8cle)<\/strong><br \/>\n<em>Jean-Fran\u00e7ois Cottier \u2013 S2, jeudi 10h-12h. <\/em><\/p>\n<p>Ce s\u00e9minaire se propose d\u2019examiner la mani\u00e8re dont les missionnaires ont racont\u00e9 et conceptualis\u00e9 le Nouveau Monde en s\u2019appuyant sur une langue et un imaginaire issus de l\u2019Antiquit\u00e9 gr\u00e9co-latine. Les <em>Relations<\/em> des J\u00e9suites constituent, \u00e0 ce titre, un corpus coh\u00e9rent et structur\u00e9, dans lequel l\u2019exp\u00e9rience missionnaire en Am\u00e9rique se trouve reformul\u00e9e \u00e0 travers les figures et les formes de la tradition classique. Ces \u00e9crits ont durablement nourri l\u2019imaginaire europ\u00e9en, en offrant une relecture du pr\u00e9sent colonial inspir\u00e9 des \u00e9pop\u00e9es antiques. Ainsi, dans les lettres du P\u00e8re Ragueneau ou dans l\u2019<em>Histoire du Canada<\/em> du P\u00e8re Du Creux, la destruction du pays huron par les Iroquois est d\u00e9peinte comme une nouvelle chute de Troie, l\u2019exil des missionnaires j\u00e9suites et de leurs alli\u00e9s Hurons-Wendats faisant \u00e9cho \u00e0 l\u2019errance d\u2019\u00c9n\u00e9e. Ce r\u00e9cit ne se limite donc pas \u00e0 une entreprise d\u2019\u00e9dification ou de consolation\u202f: il fournit un cadre intelligible \u00e0 l\u2019\u00e9preuve de l\u2019\u00e9chec et du traumatisme de l\u2019exp\u00e9rience missionnaire. L\u2019Antiquit\u00e9 y devient \u00e0 la fois une grille de lecture, une r\u00e9f\u00e9rence de l\u00e9gitimation et une ressource po\u00e9tique permettant d\u2019inscrire le d\u00e9sordre de l\u2019histoire coloniale dans un r\u00e9cit fondateur rassurant.<\/p>\n<p>Apr\u00e8s une introduction g\u00e9n\u00e9rale \u00e0 ce corpus particulier, les s\u00e9ances s\u2019articuleront autour de lectures choisies, centr\u00e9es principalement sur la Nouvelle-France et ses acteurs : lettres de Ragueneau et de Lejeune, extraits de l\u2019<em>Histoire du Canada <\/em>de Du Creux, po\u00e8mes in\u00e9dits, dictionnaires et ouvrages linguistiques. On s\u2019int\u00e9ressera particuli\u00e8rement \u00e0 la mani\u00e8re dont ces diff\u00e9rents documents \u00e9tablissent une continuit\u00e9 entre la culture classique et le Nouveau Monde, dans un mouvement dialectique entre effondrement et refondation. On aimerait en particulier interroger l\u2019\u00e9criture coloniale comme instrument d\u2019interpr\u00e9tation historique, mais aussi comme vecteur d\u2019une m\u00e9moire orient\u00e9e qui mobilise les outils intellectuels d\u2019une domination culturelle.<\/p>\n<p><em>Un syllabus rassemblant textes et documents sera distribu\u00e9 lors de la premi\u00e8re s\u00e9ance.<\/em><\/p>\n<p><strong>Modalit\u00e9s d\u2019\u00e9valuation<\/strong> : expos\u00e9 oral ou dossier \u00e9crit.<\/p>\n<p><strong>Bibliographie indicative<\/strong> :<\/p>\n<ul>\n<li>Serge Gruzinski, <em>Quand les Indiens parlaient latin. Colonisation alphab\u00e9tique et m\u00e9tissage dans l\u2019Am\u00e9rique du XVI<sup>e<\/sup> si\u00e8cle<\/em>, Paris, Fayard, 2023.<\/li>\n<li>Marie-Christine Pioffet, <em>La tentation de l\u2019\u00e9pop\u00e9e dans les Relations des J\u00e9suites<\/em>, Qu\u00e9bec, Septentrion, 1997.<\/li>\n<li>Ann Laura Stoler, <em>Along the Archival Grain: Epistemic Anxieties and Colonial Common Sense<\/em>, Princeton University Press, 2009.<\/li>\n<li><em>Voix autochtones dans les \u00e9crits de la Nouvelle-France<\/em>, L. Vaillancourt (\u00e9d.), Paris, Hermann, 2019.<\/li>\n<\/ul>\n<p>&nbsp;<\/p>\n","protected":false},"excerpt":{"rendered":"<p>Universit\u00e9 Paris-Cit\u00e9 UFR Lettres, arts, cin\u00e9ma Grands Moulins Raconter le Nouveau Monde\u202f: r\u00e9cits missionnaires et voix autochtones (XVIe-XVIIIe si\u00e8cle) Jean-Fran\u00e7ois Cottier \u2013 S2, jeudi 10h-12h. Ce s\u00e9minaire se propose d\u2019examiner la mani\u00e8re dont les missionnaires ont racont\u00e9 et conceptualis\u00e9 le &hellip; <a href=\"https:\/\/www.semen-l.org\/?p=4249\">Continuer la lecture <span class=\"meta-nav\">&rarr;<\/span><\/a><\/p>\n","protected":false},"author":26,"featured_media":0,"comment_status":"open","ping_status":"open","sticky":false,"template":"","format":"standard","meta":{"footnotes":""},"categories":[5],"tags":[1814,2680,2679,18,1265,1187,1842,824,2024,1508],"class_list":["post-4249","post","type-post","status-publish","format-standard","hentry","category-cours-et-seminaires","tag-amerique","tag-canada","tag-colonisation","tag-epistolaire","tag-epopee","tag-histoire","tag-historiographie","tag-jesuitisme","tag-nouvelle-france","tag-tradition"],"yoast_head":"<!-- This site is optimized with the Yoast SEO plugin v27.5 - https:\/\/yoast.com\/product\/yoast-seo-wordpress\/ -->\n<title>Raconter le Nouveau Monde : missionnaires et voix autochtones<\/title>\n<meta name=\"description\" content=\"Pr\u00e9sentation du s\u00e9minaire de Jean-Fran\u00e7ois Cottier, Raconter le Nouveau Monde : r\u00e9cits missionnaires et voix autochtones\" \/>\n<meta name=\"robots\" content=\"index, follow, max-snippet:-1, max-image-preview:large, max-video-preview:-1\" \/>\n<link rel=\"canonical\" href=\"https:\/\/www.semen-l.org\/?p=4249\" \/>\n<meta property=\"og:locale\" content=\"fr_FR\" \/>\n<meta property=\"og:type\" content=\"article\" \/>\n<meta property=\"og:title\" content=\"Raconter le Nouveau Monde : missionnaires et voix autochtones\" \/>\n<meta property=\"og:description\" content=\"Pr\u00e9sentation du s\u00e9minaire de Jean-Fran\u00e7ois Cottier, Raconter le Nouveau Monde : r\u00e9cits missionnaires et voix autochtones\" \/>\n<meta property=\"og:url\" content=\"https:\/\/www.semen-l.org\/?p=4249\" \/>\n<meta property=\"og:site_name\" content=\"Soci\u00e9t\u00e9 d&#039;\u00c9tudes M\u00e9dio Et N\u00e9o-Latines\" \/>\n<meta property=\"article:publisher\" content=\"https:\/\/www.facebook.com\/SEMENL2018\" \/>\n<meta property=\"article:published_time\" content=\"2026-01-07T21:51:22+00:00\" \/>\n<meta property=\"article:modified_time\" content=\"2026-03-03T21:55:38+00:00\" \/>\n<meta name=\"author\" content=\"Julien Maudoux\" \/>\n<meta name=\"twitter:card\" content=\"summary_large_image\" \/>\n<meta name=\"twitter:label1\" content=\"\u00c9crit par\" \/>\n\t<meta name=\"twitter:data1\" content=\"Julien Maudoux\" \/>\n\t<meta name=\"twitter:label2\" content=\"Dur\u00e9e de lecture estim\u00e9e\" \/>\n\t<meta name=\"twitter:data2\" content=\"3 minutes\" \/>\n<script type=\"application\/ld+json\" class=\"yoast-schema-graph\">{\"@context\":\"https:\\\/\\\/schema.org\",\"@graph\":[{\"@type\":\"Article\",\"@id\":\"https:\\\/\\\/www.semen-l.org\\\/?p=4249#article\",\"isPartOf\":{\"@id\":\"https:\\\/\\\/www.semen-l.org\\\/?p=4249\"},\"author\":{\"name\":\"Julien Maudoux\",\"@id\":\"http:\\\/\\\/www.semen-l.org\\\/#\\\/schema\\\/person\\\/ef5208815f17666727763c5363a51344\"},\"headline\":\"S\u00e9minaire de Jean-Fran\u00e7ois Cottier : Raconter le Nouveau Monde\u202f: r\u00e9cits missionnaires et voix autochtones (XVIe-XVIIIe si\u00e8cle)\",\"datePublished\":\"2026-01-07T21:51:22+00:00\",\"dateModified\":\"2026-03-03T21:55:38+00:00\",\"mainEntityOfPage\":{\"@id\":\"https:\\\/\\\/www.semen-l.org\\\/?p=4249\"},\"wordCount\":481,\"commentCount\":0,\"publisher\":{\"@id\":\"http:\\\/\\\/www.semen-l.org\\\/#organization\"},\"keywords\":[\"Am\u00e9rique\",\"Canada\",\"colonisation\",\"\u00e9pistolaire\",\"\u00e9pop\u00e9e\",\"histoire\",\"historiographie\",\"j\u00e9suitisme\",\"Nouvelle-France\",\"tradition\"],\"articleSection\":[\"Cours et s\u00e9minaires\"],\"inLanguage\":\"fr-FR\",\"potentialAction\":[{\"@type\":\"CommentAction\",\"name\":\"Comment\",\"target\":[\"https:\\\/\\\/www.semen-l.org\\\/?p=4249#respond\"]}]},{\"@type\":\"WebPage\",\"@id\":\"https:\\\/\\\/www.semen-l.org\\\/?p=4249\",\"url\":\"https:\\\/\\\/www.semen-l.org\\\/?p=4249\",\"name\":\"Raconter le Nouveau Monde : missionnaires et voix autochtones\",\"isPartOf\":{\"@id\":\"http:\\\/\\\/www.semen-l.org\\\/#website\"},\"datePublished\":\"2026-01-07T21:51:22+00:00\",\"dateModified\":\"2026-03-03T21:55:38+00:00\",\"description\":\"Pr\u00e9sentation du s\u00e9minaire de Jean-Fran\u00e7ois Cottier, Raconter le Nouveau Monde : r\u00e9cits missionnaires et voix autochtones\",\"breadcrumb\":{\"@id\":\"https:\\\/\\\/www.semen-l.org\\\/?p=4249#breadcrumb\"},\"inLanguage\":\"fr-FR\",\"potentialAction\":[{\"@type\":\"ReadAction\",\"target\":[\"https:\\\/\\\/www.semen-l.org\\\/?p=4249\"]}]},{\"@type\":\"BreadcrumbList\",\"@id\":\"https:\\\/\\\/www.semen-l.org\\\/?p=4249#breadcrumb\",\"itemListElement\":[{\"@type\":\"ListItem\",\"position\":1,\"name\":\"Accueil\",\"item\":\"http:\\\/\\\/www.semen-l.org\\\/\"},{\"@type\":\"ListItem\",\"position\":2,\"name\":\"S\u00e9minaire de Jean-Fran\u00e7ois Cottier : Raconter le Nouveau Monde\u202f: r\u00e9cits missionnaires et voix autochtones (XVIe-XVIIIe si\u00e8cle)\"}]},{\"@type\":\"WebSite\",\"@id\":\"http:\\\/\\\/www.semen-l.org\\\/#website\",\"url\":\"http:\\\/\\\/www.semen-l.org\\\/\",\"name\":\"Soci\u00e9t\u00e9 d'\u00c9tudes M\u00e9dio Et N\u00e9o-Latines\",\"description\":\"\",\"publisher\":{\"@id\":\"http:\\\/\\\/www.semen-l.org\\\/#organization\"},\"potentialAction\":[{\"@type\":\"SearchAction\",\"target\":{\"@type\":\"EntryPoint\",\"urlTemplate\":\"http:\\\/\\\/www.semen-l.org\\\/?s={search_term_string}\"},\"query-input\":{\"@type\":\"PropertyValueSpecification\",\"valueRequired\":true,\"valueName\":\"search_term_string\"}}],\"inLanguage\":\"fr-FR\"},{\"@type\":\"Organization\",\"@id\":\"http:\\\/\\\/www.semen-l.org\\\/#organization\",\"name\":\"Soci\u00e9t\u00e9 d'\u00e9tudes m\u00e9dio et n\u00e9o-latines\",\"url\":\"http:\\\/\\\/www.semen-l.org\\\/\",\"logo\":{\"@type\":\"ImageObject\",\"inLanguage\":\"fr-FR\",\"@id\":\"http:\\\/\\\/www.semen-l.org\\\/#\\\/schema\\\/logo\\\/image\\\/\",\"url\":\"http:\\\/\\\/www.semen-l.org\\\/wp-content\\\/uploads\\\/2020\\\/11\\\/logo-semenl.jpg\",\"contentUrl\":\"http:\\\/\\\/www.semen-l.org\\\/wp-content\\\/uploads\\\/2020\\\/11\\\/logo-semenl.jpg\",\"width\":408,\"height\":403,\"caption\":\"Soci\u00e9t\u00e9 d'\u00e9tudes m\u00e9dio et n\u00e9o-latines\"},\"image\":{\"@id\":\"http:\\\/\\\/www.semen-l.org\\\/#\\\/schema\\\/logo\\\/image\\\/\"},\"sameAs\":[\"https:\\\/\\\/www.facebook.com\\\/SEMENL2018\",\"https:\\\/\\\/independent.academia.edu\\\/SocitsdtudesmdioetnolatinesSEMENL\"]},{\"@type\":\"Person\",\"@id\":\"http:\\\/\\\/www.semen-l.org\\\/#\\\/schema\\\/person\\\/ef5208815f17666727763c5363a51344\",\"name\":\"Julien Maudoux\",\"image\":{\"@type\":\"ImageObject\",\"inLanguage\":\"fr-FR\",\"@id\":\"https:\\\/\\\/secure.gravatar.com\\\/avatar\\\/caabf4fb6242e2277733cd35a5c2aa083761ea25dae1d1ff3298b54292225292?s=96&d=mm&r=g\",\"url\":\"https:\\\/\\\/secure.gravatar.com\\\/avatar\\\/caabf4fb6242e2277733cd35a5c2aa083761ea25dae1d1ff3298b54292225292?s=96&d=mm&r=g\",\"contentUrl\":\"https:\\\/\\\/secure.gravatar.com\\\/avatar\\\/caabf4fb6242e2277733cd35a5c2aa083761ea25dae1d1ff3298b54292225292?s=96&d=mm&r=g\",\"caption\":\"Julien Maudoux\"},\"description\":\"Webmestre du site de la SEMEN-L\",\"url\":\"https:\\\/\\\/www.semen-l.org\\\/?author=26\"}]}<\/script>\n<!-- \/ Yoast SEO plugin. -->","yoast_head_json":{"title":"Raconter le Nouveau Monde : missionnaires et voix autochtones","description":"Pr\u00e9sentation du s\u00e9minaire de Jean-Fran\u00e7ois Cottier, Raconter le Nouveau Monde : r\u00e9cits missionnaires et voix autochtones","robots":{"index":"index","follow":"follow","max-snippet":"max-snippet:-1","max-image-preview":"max-image-preview:large","max-video-preview":"max-video-preview:-1"},"canonical":"https:\/\/www.semen-l.org\/?p=4249","og_locale":"fr_FR","og_type":"article","og_title":"Raconter le Nouveau Monde : missionnaires et voix autochtones","og_description":"Pr\u00e9sentation du s\u00e9minaire de Jean-Fran\u00e7ois Cottier, Raconter le Nouveau Monde : r\u00e9cits missionnaires et voix autochtones","og_url":"https:\/\/www.semen-l.org\/?p=4249","og_site_name":"Soci\u00e9t\u00e9 d&#039;\u00c9tudes M\u00e9dio Et N\u00e9o-Latines","article_publisher":"https:\/\/www.facebook.com\/SEMENL2018","article_published_time":"2026-01-07T21:51:22+00:00","article_modified_time":"2026-03-03T21:55:38+00:00","author":"Julien Maudoux","twitter_card":"summary_large_image","twitter_misc":{"\u00c9crit par":"Julien Maudoux","Dur\u00e9e de lecture estim\u00e9e":"3 minutes"},"schema":{"@context":"https:\/\/schema.org","@graph":[{"@type":"Article","@id":"https:\/\/www.semen-l.org\/?p=4249#article","isPartOf":{"@id":"https:\/\/www.semen-l.org\/?p=4249"},"author":{"name":"Julien Maudoux","@id":"http:\/\/www.semen-l.org\/#\/schema\/person\/ef5208815f17666727763c5363a51344"},"headline":"S\u00e9minaire de Jean-Fran\u00e7ois Cottier : Raconter le Nouveau Monde\u202f: r\u00e9cits missionnaires et voix autochtones (XVIe-XVIIIe si\u00e8cle)","datePublished":"2026-01-07T21:51:22+00:00","dateModified":"2026-03-03T21:55:38+00:00","mainEntityOfPage":{"@id":"https:\/\/www.semen-l.org\/?p=4249"},"wordCount":481,"commentCount":0,"publisher":{"@id":"http:\/\/www.semen-l.org\/#organization"},"keywords":["Am\u00e9rique","Canada","colonisation","\u00e9pistolaire","\u00e9pop\u00e9e","histoire","historiographie","j\u00e9suitisme","Nouvelle-France","tradition"],"articleSection":["Cours et s\u00e9minaires"],"inLanguage":"fr-FR","potentialAction":[{"@type":"CommentAction","name":"Comment","target":["https:\/\/www.semen-l.org\/?p=4249#respond"]}]},{"@type":"WebPage","@id":"https:\/\/www.semen-l.org\/?p=4249","url":"https:\/\/www.semen-l.org\/?p=4249","name":"Raconter le Nouveau Monde : missionnaires et voix autochtones","isPartOf":{"@id":"http:\/\/www.semen-l.org\/#website"},"datePublished":"2026-01-07T21:51:22+00:00","dateModified":"2026-03-03T21:55:38+00:00","description":"Pr\u00e9sentation du s\u00e9minaire de Jean-Fran\u00e7ois Cottier, Raconter le Nouveau Monde : r\u00e9cits missionnaires et voix autochtones","breadcrumb":{"@id":"https:\/\/www.semen-l.org\/?p=4249#breadcrumb"},"inLanguage":"fr-FR","potentialAction":[{"@type":"ReadAction","target":["https:\/\/www.semen-l.org\/?p=4249"]}]},{"@type":"BreadcrumbList","@id":"https:\/\/www.semen-l.org\/?p=4249#breadcrumb","itemListElement":[{"@type":"ListItem","position":1,"name":"Accueil","item":"http:\/\/www.semen-l.org\/"},{"@type":"ListItem","position":2,"name":"S\u00e9minaire de Jean-Fran\u00e7ois Cottier : Raconter le Nouveau Monde\u202f: r\u00e9cits missionnaires et voix autochtones (XVIe-XVIIIe si\u00e8cle)"}]},{"@type":"WebSite","@id":"http:\/\/www.semen-l.org\/#website","url":"http:\/\/www.semen-l.org\/","name":"Soci\u00e9t\u00e9 d'\u00c9tudes M\u00e9dio Et N\u00e9o-Latines","description":"","publisher":{"@id":"http:\/\/www.semen-l.org\/#organization"},"potentialAction":[{"@type":"SearchAction","target":{"@type":"EntryPoint","urlTemplate":"http:\/\/www.semen-l.org\/?s={search_term_string}"},"query-input":{"@type":"PropertyValueSpecification","valueRequired":true,"valueName":"search_term_string"}}],"inLanguage":"fr-FR"},{"@type":"Organization","@id":"http:\/\/www.semen-l.org\/#organization","name":"Soci\u00e9t\u00e9 d'\u00e9tudes m\u00e9dio et n\u00e9o-latines","url":"http:\/\/www.semen-l.org\/","logo":{"@type":"ImageObject","inLanguage":"fr-FR","@id":"http:\/\/www.semen-l.org\/#\/schema\/logo\/image\/","url":"http:\/\/www.semen-l.org\/wp-content\/uploads\/2020\/11\/logo-semenl.jpg","contentUrl":"http:\/\/www.semen-l.org\/wp-content\/uploads\/2020\/11\/logo-semenl.jpg","width":408,"height":403,"caption":"Soci\u00e9t\u00e9 d'\u00e9tudes m\u00e9dio et n\u00e9o-latines"},"image":{"@id":"http:\/\/www.semen-l.org\/#\/schema\/logo\/image\/"},"sameAs":["https:\/\/www.facebook.com\/SEMENL2018","https:\/\/independent.academia.edu\/SocitsdtudesmdioetnolatinesSEMENL"]},{"@type":"Person","@id":"http:\/\/www.semen-l.org\/#\/schema\/person\/ef5208815f17666727763c5363a51344","name":"Julien Maudoux","image":{"@type":"ImageObject","inLanguage":"fr-FR","@id":"https:\/\/secure.gravatar.com\/avatar\/caabf4fb6242e2277733cd35a5c2aa083761ea25dae1d1ff3298b54292225292?s=96&d=mm&r=g","url":"https:\/\/secure.gravatar.com\/avatar\/caabf4fb6242e2277733cd35a5c2aa083761ea25dae1d1ff3298b54292225292?s=96&d=mm&r=g","contentUrl":"https:\/\/secure.gravatar.com\/avatar\/caabf4fb6242e2277733cd35a5c2aa083761ea25dae1d1ff3298b54292225292?s=96&d=mm&r=g","caption":"Julien Maudoux"},"description":"Webmestre du site de la SEMEN-L","url":"https:\/\/www.semen-l.org\/?author=26"}]}},"jetpack_featured_media_url":"","_links":{"self":[{"href":"https:\/\/www.semen-l.org\/index.php?rest_route=\/wp\/v2\/posts\/4249","targetHints":{"allow":["GET"]}}],"collection":[{"href":"https:\/\/www.semen-l.org\/index.php?rest_route=\/wp\/v2\/posts"}],"about":[{"href":"https:\/\/www.semen-l.org\/index.php?rest_route=\/wp\/v2\/types\/post"}],"author":[{"embeddable":true,"href":"https:\/\/www.semen-l.org\/index.php?rest_route=\/wp\/v2\/users\/26"}],"replies":[{"embeddable":true,"href":"https:\/\/www.semen-l.org\/index.php?rest_route=%2Fwp%2Fv2%2Fcomments&post=4249"}],"version-history":[{"count":0,"href":"https:\/\/www.semen-l.org\/index.php?rest_route=\/wp\/v2\/posts\/4249\/revisions"}],"wp:attachment":[{"href":"https:\/\/www.semen-l.org\/index.php?rest_route=%2Fwp%2Fv2%2Fmedia&parent=4249"}],"wp:term":[{"taxonomy":"category","embeddable":true,"href":"https:\/\/www.semen-l.org\/index.php?rest_route=%2Fwp%2Fv2%2Fcategories&post=4249"},{"taxonomy":"post_tag","embeddable":true,"href":"https:\/\/www.semen-l.org\/index.php?rest_route=%2Fwp%2Fv2%2Ftags&post=4249"}],"curies":[{"name":"wp","href":"https:\/\/api.w.org\/{rel}","templated":true}]}}