{"id":423,"date":"2018-01-07T15:27:19","date_gmt":"2018-01-07T15:27:19","guid":{"rendered":"http:\/\/www.semen-l.org\/?p=423"},"modified":"2020-11-22T18:08:32","modified_gmt":"2020-11-22T18:08:32","slug":"colloques-2017-2018","status":"publish","type":"post","link":"https:\/\/www.semen-l.org\/?p=423","title":{"rendered":"Colloques 2017-2018"},"content":{"rendered":"<p>&#8211; 20-22 septembre 2017, IRHT (Centre F\u00e9lix-Grat) et \u00c9cole nationale des chartes, colloque \u00ab Le manuscrit franciscain retrouv\u00e9 \u00bb, Organisation : BnF et IRHT, avec le soutien du LabEx Hastec, du Centre de recherches historiques (EHESS-CNRS), d\u2019APICES, de la Fondation Andr\u00e9 Vauchez (Balzan) et de la galerie Les Enluminures<\/p>\n<p>&#8211; 26-28 septembre 2017, Paris, Universit\u00e9 Paris 7, La fureur dans tous ses \u00e9tats, org. laure_westphal@hotmail.fr (Laboratoire CRPMS, UFR d&rsquo;Etudes Psychanalytiques), annegrondeux@gmail.com (Laboratoire HTL, UMR 7597) dubreuil.marthe@orange.fr (Laboratoire CRPMS, UFR d&rsquo;Etudes Psychanalytiques)<br \/>\n&#8211; 12-13 octobre 2017, IRHT (Centre F\u00e9lix-Grat), BnF (site Fran\u00e7ois-Mitterrand), colloque \u00ab Census. Recenser et identifier les manuscrits par langue et par pays \u00bb, Organisation : F. Bougard, M. Cassin (IRHT), A. Postec (BnF)<\/p>\n<p>-13 octobre, Florence, journ\u00e9e d\u2019\u00e9tudes Attualizzare il passato. Percorsi della cultura europea moderna fra storiografia e saperi degli antichi, org. Ida Gilda Mastrorosa, Universit\u00e0 degli Studi di Firenze.<\/p>\n<p>&#8211; 19 octobre 2017, Paris, 17h00 \u2013 19h00, Biblioth\u00e8que de la Sorbonne &#8211; Salle de formation de la BIS, Luigi-Alberto Sanchi, \u00ab La Renaissance du grec et ses cons\u00e9quences \u00bb.<\/p>\n<p>&#8211; 26-27 octobre 2017, Nanterre, La r\u00e9ception d\u2019Ausone dans les litt\u00e9ratures europ\u00e9ennes, Universit\u00e9 Paris Nanterre, B\u00e2timent Max Weber, org. E. Wolff, \u00c9quipe THEMAM, UMR 7041 ArScAn, contact : ewolff@parisnanterre.fr<\/p>\n<p>&#8211; 16 novembre 2017, Paris, 17h00 \u2013 19h00, Biblioth\u00e8que de la Sorbonne &#8211; Salle de formation de la BIS, Gilles Couffignal, La Renaissance des langues.<\/p>\n<p>&#8211; 17 novembre 2017, 10 h-18 h. Chartres, M\u00e9diath\u00e8que l\u2019Apostrophe. Journ\u00e9e d\u2019\u00e9tude \u00ab Les rescap\u00e9s du feu : l\u2019imagerie scientifique au service des manuscrits de Chartres \u00bb. Organisation M\u00e9diath\u00e8que l\u2019Apostrophe de Chartres, CRCC, IRHT<\/p>\n<p>&#8211; 23-24 novembre, \u00c9cole fran\u00e7aise de Rome, colloque : \u00ab \u2018Tocco di\u2019. Chansonniers aux mains des humanistes italiens et fran\u00e7ais \u00bb. Organisation : Maria Careri (IRHT, Univ. Chieti Pescara), \u00c9cole fran\u00e7aise de Rome (LAMOP)<\/p>\n<p>&#8211; 1er d\u00e9cembre 2017, Louvain, Universit\u00e9 de Louvain-la-Neuve, Journ\u00e9e d\u2019\u00e9tudes du projet Schol\u2019Art, 1er d\u00e9cembre 2017, org. A. Smeesters, A. Guiderdoni et R. Dekoninck.<\/p>\n<p>&#8211; 4-5 d\u00e9cembre 2017, Paris, La Bible et sa r\u00e9ception dans les arts, Moyen-Age, Renaissance, Epoque moderne, 2e colloque MEODE, org. C. Cosme, E. Ingrand, F. Ploton, OT Venard et V. Zarini.<\/p>\n<p>&#8211; 13 d\u00e9cembre 2017, Amiens, journ\u00e9e d\u2019\u00e9tudes mast\u00e9riale \u00c9critures et pratiques du commentaire de l\u2019Antiquit\u00e9 \u00e0 la Renaissance, org. L. Boul\u00e8gue et L. Claire, Universit\u00e9 de Picardie Jules Verne, Logis du Roy.<br \/>\n&#8211; 14 d\u00e9cembre 2017, Paris, 17h00 \u2013 19h00, Biblioth\u00e8que de la Sorbonne &#8211; Salle de formation de la BIS, Michela Malpangotto, Peut-on parler d\u2019un \u00ab Humanisme arabo-latin \u00bb ? Le cas de l\u2019astronomie.<\/p>\n<p>&#8211; 18 janvier 2018, 17h00 \u2013 19h00, Biblioth\u00e8que de la Sorbonne &#8211; Salle de formation de la BIS, Cl\u00e9mence Revest, Les lieux de m\u00e9moire de l\u2019Humanisme.<\/p>\n<p>&#8211; 25-27 janvier 2018, Universit\u00e9 de Strasbourg, Po\u00e9sie, Bible et th\u00e9ologie de l\u2019Antiquit\u00e9 tardive au Moyen \u00c2ge (IVe-XVe si\u00e8cle), org. Gianfranco Agosti, Fr\u00e9d\u00e9ric Chapot, Michele Cutino, Patricio de Navascu\u00e9s, Fran\u00e7ois Ploton-Nicollet, Vincent Zarini.<\/p>\n<p>&#8211; 1-3 f\u00e9vrier 2018, Aix-en-Provence, MMSH, salle Duby, Colloque international sur les Pratiques artistiques et litt\u00e9raires des architectures et d\u00e9cors fictifs de l\u2019Antiquit\u00e9 au XVIIIe si\u00e8cle : entre fiction, illusion et r\u00e9alit\u00e9, org. Pedro Duarte (pedro.duarte@univ-amu.fr), C\u00e9cile Durvye (durvye@mmsh.univ-aix.fr), G. Herbert de la Portbarr\u00e9-Viard (gaelle.viard@dbmail.com), Renaud Robert (renaud.robert@u-bordeaux3.fr)<\/p>\n<p>&#8211; 8 f\u00e9vrier 2018, 17h00 \u2013 19h00, Biblioth\u00e8que de la Sorbonne &#8211; Salle de formation de la BIS, Adeline Lionetto et Nah\u00e9ma Khattabi, Les f\u00eates de Fontainebleau (1564) : musique et po\u00e9sie au temps des Valois.<\/p>\n<p>&#8211; 14-17 mars 2018, W\u00fcrzburg, Formen der Selbstthematisierung in der vormodernen Lyrik (bis 1650), org. T. Baier (thomas.baier@uni-wuerzburg.de), B. Burrichte (brigitte.burrichte@uni-wurzburg.de), M. Erler (michael.erler@wuerzburg.de), I. Karreman (isabelle.karremann@uni-wuerzburg.de) et D. Klein (dorothea.klein@germanistik.uni-wuerburg.de).<\/p>\n<p>&#8211; 22 mars 2018, 17h00 \u2013 19h00, Biblioth\u00e8que de la Sorbonne &#8211; Salle de formation de la BIS, Ga\u00eblle Demelemestre : Philosophie et droit chez les humanistes.<\/p>\n<p>&#8211; 22-24 mars 2018, Hilton New Orleans Riverside, RSA 2018, Conference hashtag: #RenSA18<\/p>\n<p>&#8211; 23-25 mars 2018, Universit\u00e9 de Dijon, L\u2019imperfection de l\u2019Antiquit\u00e9 \u00e0 la Renaissance, org. S. Laigneau-Fontaine et X. Bonnier.<\/p>\n<p>&#8211; 26-28 mars 2018, 10h-17h, IRHT (Centre Augustin-Thierry, Orl\u00e9ans), M\u00e9diath\u00e8que d\u2019Orl\u00e9ans, Journ\u00e9e d\u2019\u00e9tude \u00ab M\u00e9moires musicales et notations mill\u00e9naires dans les sources antiques et m\u00e9di\u00e9vales \u00bb, Organisation : D. Delattre, J.-F. Goudesenne (IRHT) et M. P\u00e9r\u00e8s (Cerimm, Moissac)<\/p>\n<p>&#8211; 19 avril 2018, 17h00 \u2013 19h00, Biblioth\u00e8que de la Sorbonne &#8211; Salle de formation de la BIS, Luisa Brunori, Banques et finances \u00e0 la Renaissance.<\/p>\n<p>&#8211; 3-5 mai 2018, Les Noces de Philologie et de Guillaume Bud\u00e9, Paris, 3-5 mai 2017, org. C. Benevent, R. Memini et L.-A. Sanchi.<\/p>\n<p>&#8211; 4 mai, 10 h-17 h, Acad\u00e9mie des Inscriptions et Belles-Lettres, Journ\u00e9e th\u00e9matique \u00ab 80 ans de recherche \u00e0 l\u2019IRHT \u00bb, Organisation : IRHT<\/p>\n<p>&#8211; 15-16 mai 2018, Trento, Le dialogue dramatique de l\u2019Antiquit\u00e9 \u00e0 la Renaissance : th\u00e9ories et pratiques, org. Giorgio Ierano, U. Trento et Laurence Boul\u00e8gue, UPJV\/ EA 4284 TrAme.<\/p>\n<p>&#8211; 17 mai 2018, 17h00 \u2013 19h00, Biblioth\u00e8que de la Sorbonne &#8211; Salle de formation de la BIS, Pascale Dubus, Le retour \u00e0 l\u2019antique dans la peinture italienne de la Renaissance<\/p>\n<p>&#8211; 25 mai 2018, Journ\u00e9e d\u2019\u00e9tude en hommage \u00e0 Pierre Courcelle, org. Olga Vassilieva-Codognet et Vincent Zarini.<\/p>\n<p>&#8211; 30 mai \u2013 1er juin 2018, Universit\u00e9 de Caen, Congr\u00e8s de la SEMEN-L \u2013 \u00ab Rire et sourire dans la litt\u00e9rature latine, au Moyen \u00c2ge et \u00e0 la Renaissance \u00bb, org. B. Gauvin.<\/p>\n<p>&#8211; 14, 15 et 16 juin 2018, Universit\u00e9 de G\u00f6ttingen, Colloque international et interdisciplinaire Mollesses de la Renaissance : D\u00e9faillances et assouplissement du masculin, org. Daniele Maira, contact : daniele.maira@phil.uni-goettingen.de<\/p>\n<p>&#8211; 2-5 juillet 2018, CESR- Universit\u00e9 de Tours, Les femmes illustres de l\u2019Antiquit\u00e9 grecque au miroir des Modernes (XVe-XVIe si\u00e8cles), org. D. Cuny, S. Ferrara et B. Pouderon.<\/p>\n<p>&#8211; 29 juillet- 7 ao\u00fbt 2018, Albacete, XVIIe Congr\u00e8s de l\u2019Association Internationale d\u2019Etudes N\u00e9o-Latines. Site web : http:\/\/eventos.uclm.es\/6255.html<\/p>\n","protected":false},"excerpt":{"rendered":"<p>&#8211; 20-22 septembre 2017, IRHT (Centre F\u00e9lix-Grat) et \u00c9cole nationale des chartes, colloque \u00ab Le manuscrit franciscain retrouv\u00e9 \u00bb, Organisation : BnF et IRHT, avec le soutien du LabEx Hastec, du Centre de recherches historiques (EHESS-CNRS), d\u2019APICES, de la Fondation &hellip; <a href=\"https:\/\/www.semen-l.org\/?p=423\">Continuer la lecture <span class=\"meta-nav\">&rarr;<\/span><\/a><\/p>\n","protected":false},"author":5,"featured_media":0,"comment_status":"open","ping_status":"open","sticky":false,"template":"","format":"standard","meta":{"footnotes":""},"categories":[4],"tags":[165,92,343,1346,91,81,1428,1427,823,691,1303,1426,1424,1425,1187,1171,144,159,1393,889,290,100,692,139,26,19,20,286],"class_list":["post-423","post","type-post","status-publish","format-standard","hentry","category-colloques","tag-architecture","tag-art","tag-ausone","tag-bible","tag-guillaume-bude","tag-commentaire","tag-courcelle-pierre","tag-dialogue-dramatique","tag-droit","tag-femmes","tag-fiction","tag-finance","tag-fureur","tag-grec-ancien","tag-histoire","tag-hommes","tag-humanisme","tag-manuscrit","tag-memoire","tag-musique","tag-passion","tag-peinture","tag-philologie","tag-philosophie","tag-poesie","tag-rire","tag-sourire","tag-theologie"],"yoast_head":"<!-- This site is optimized with the Yoast SEO plugin v27.5 - https:\/\/yoast.com\/product\/yoast-seo-wordpress\/ -->\n<title>Colloques 2017-2018 - Soci\u00e9t\u00e9 d&#039;\u00c9tudes M\u00e9dio Et N\u00e9o-Latines<\/title>\n<meta name=\"robots\" content=\"index, follow, max-snippet:-1, max-image-preview:large, max-video-preview:-1\" \/>\n<link rel=\"canonical\" href=\"https:\/\/www.semen-l.org\/?p=423\" \/>\n<meta property=\"og:locale\" content=\"fr_FR\" \/>\n<meta property=\"og:type\" content=\"article\" \/>\n<meta property=\"og:title\" content=\"Colloques 2017-2018 - Soci\u00e9t\u00e9 d&#039;\u00c9tudes M\u00e9dio Et N\u00e9o-Latines\" \/>\n<meta property=\"og:description\" content=\"&#8211; 20-22 septembre 2017, IRHT (Centre F\u00e9lix-Grat) et \u00c9cole nationale des chartes, colloque \u00ab Le manuscrit franciscain retrouv\u00e9 \u00bb, Organisation : BnF et IRHT, avec le soutien du LabEx Hastec, du Centre de recherches historiques (EHESS-CNRS), d\u2019APICES, de la Fondation &hellip; Continuer la lecture &rarr;\" \/>\n<meta property=\"og:url\" content=\"https:\/\/www.semen-l.org\/?p=423\" \/>\n<meta property=\"og:site_name\" content=\"Soci\u00e9t\u00e9 d&#039;\u00c9tudes M\u00e9dio Et N\u00e9o-Latines\" \/>\n<meta property=\"article:publisher\" content=\"https:\/\/www.facebook.com\/SEMENL2018\" \/>\n<meta property=\"article:published_time\" content=\"2018-01-07T15:27:19+00:00\" \/>\n<meta property=\"article:modified_time\" content=\"2020-11-22T18:08:32+00:00\" \/>\n<meta name=\"author\" content=\"Seris\" \/>\n<meta name=\"twitter:card\" content=\"summary_large_image\" \/>\n<meta name=\"twitter:label1\" content=\"\u00c9crit par\" \/>\n\t<meta name=\"twitter:data1\" content=\"Seris\" \/>\n\t<meta name=\"twitter:label2\" content=\"Dur\u00e9e de lecture estim\u00e9e\" \/>\n\t<meta name=\"twitter:data2\" content=\"5 minutes\" \/>\n<script type=\"application\/ld+json\" class=\"yoast-schema-graph\">{\"@context\":\"https:\\\/\\\/schema.org\",\"@graph\":[{\"@type\":\"Article\",\"@id\":\"https:\\\/\\\/www.semen-l.org\\\/?p=423#article\",\"isPartOf\":{\"@id\":\"https:\\\/\\\/www.semen-l.org\\\/?p=423\"},\"author\":{\"name\":\"Seris\",\"@id\":\"http:\\\/\\\/www.semen-l.org\\\/#\\\/schema\\\/person\\\/6e8c8c75b499690cc37dd369354a7c47\"},\"headline\":\"Colloques 2017-2018\",\"datePublished\":\"2018-01-07T15:27:19+00:00\",\"dateModified\":\"2020-11-22T18:08:32+00:00\",\"mainEntityOfPage\":{\"@id\":\"https:\\\/\\\/www.semen-l.org\\\/?p=423\"},\"wordCount\":1000,\"commentCount\":0,\"publisher\":{\"@id\":\"http:\\\/\\\/www.semen-l.org\\\/#organization\"},\"keywords\":[\"architecture\",\"art\",\"Ausone\",\"Bible\",\"Bud\u00e9 (Guillaume)\",\"commentaire\",\"Courcelle (Pierre)\",\"dialogue dramatique\",\"droit\",\"femmes\",\"fiction\",\"finance\",\"fureur\",\"grec ancien\",\"histoire\",\"hommes\",\"humanisme\",\"manuscrit\",\"m\u00e9moire\",\"musique\",\"passion\",\"peinture\",\"philologie\",\"philosophie\",\"po\u00e9sie\",\"rire\",\"sourire\",\"th\u00e9ologie\"],\"articleSection\":[\"Colloques\"],\"inLanguage\":\"fr-FR\",\"potentialAction\":[{\"@type\":\"CommentAction\",\"name\":\"Comment\",\"target\":[\"https:\\\/\\\/www.semen-l.org\\\/?p=423#respond\"]}]},{\"@type\":\"WebPage\",\"@id\":\"https:\\\/\\\/www.semen-l.org\\\/?p=423\",\"url\":\"https:\\\/\\\/www.semen-l.org\\\/?p=423\",\"name\":\"Colloques 2017-2018 - Soci\u00e9t\u00e9 d&#039;\u00c9tudes M\u00e9dio Et N\u00e9o-Latines\",\"isPartOf\":{\"@id\":\"http:\\\/\\\/www.semen-l.org\\\/#website\"},\"datePublished\":\"2018-01-07T15:27:19+00:00\",\"dateModified\":\"2020-11-22T18:08:32+00:00\",\"breadcrumb\":{\"@id\":\"https:\\\/\\\/www.semen-l.org\\\/?p=423#breadcrumb\"},\"inLanguage\":\"fr-FR\",\"potentialAction\":[{\"@type\":\"ReadAction\",\"target\":[\"https:\\\/\\\/www.semen-l.org\\\/?p=423\"]}]},{\"@type\":\"BreadcrumbList\",\"@id\":\"https:\\\/\\\/www.semen-l.org\\\/?p=423#breadcrumb\",\"itemListElement\":[{\"@type\":\"ListItem\",\"position\":1,\"name\":\"Accueil\",\"item\":\"http:\\\/\\\/www.semen-l.org\\\/\"},{\"@type\":\"ListItem\",\"position\":2,\"name\":\"Colloques 2017-2018\"}]},{\"@type\":\"WebSite\",\"@id\":\"http:\\\/\\\/www.semen-l.org\\\/#website\",\"url\":\"http:\\\/\\\/www.semen-l.org\\\/\",\"name\":\"Soci\u00e9t\u00e9 d'\u00c9tudes M\u00e9dio Et N\u00e9o-Latines\",\"description\":\"\",\"publisher\":{\"@id\":\"http:\\\/\\\/www.semen-l.org\\\/#organization\"},\"potentialAction\":[{\"@type\":\"SearchAction\",\"target\":{\"@type\":\"EntryPoint\",\"urlTemplate\":\"http:\\\/\\\/www.semen-l.org\\\/?s={search_term_string}\"},\"query-input\":{\"@type\":\"PropertyValueSpecification\",\"valueRequired\":true,\"valueName\":\"search_term_string\"}}],\"inLanguage\":\"fr-FR\"},{\"@type\":\"Organization\",\"@id\":\"http:\\\/\\\/www.semen-l.org\\\/#organization\",\"name\":\"Soci\u00e9t\u00e9 d'\u00e9tudes m\u00e9dio et n\u00e9o-latines\",\"url\":\"http:\\\/\\\/www.semen-l.org\\\/\",\"logo\":{\"@type\":\"ImageObject\",\"inLanguage\":\"fr-FR\",\"@id\":\"http:\\\/\\\/www.semen-l.org\\\/#\\\/schema\\\/logo\\\/image\\\/\",\"url\":\"http:\\\/\\\/www.semen-l.org\\\/wp-content\\\/uploads\\\/2020\\\/11\\\/logo-semenl.jpg\",\"contentUrl\":\"http:\\\/\\\/www.semen-l.org\\\/wp-content\\\/uploads\\\/2020\\\/11\\\/logo-semenl.jpg\",\"width\":408,\"height\":403,\"caption\":\"Soci\u00e9t\u00e9 d'\u00e9tudes m\u00e9dio et n\u00e9o-latines\"},\"image\":{\"@id\":\"http:\\\/\\\/www.semen-l.org\\\/#\\\/schema\\\/logo\\\/image\\\/\"},\"sameAs\":[\"https:\\\/\\\/www.facebook.com\\\/SEMENL2018\",\"https:\\\/\\\/independent.academia.edu\\\/SocitsdtudesmdioetnolatinesSEMENL\"]},{\"@type\":\"Person\",\"@id\":\"http:\\\/\\\/www.semen-l.org\\\/#\\\/schema\\\/person\\\/6e8c8c75b499690cc37dd369354a7c47\",\"name\":\"Seris\",\"image\":{\"@type\":\"ImageObject\",\"inLanguage\":\"fr-FR\",\"@id\":\"https:\\\/\\\/secure.gravatar.com\\\/avatar\\\/8aec6178114279c28f7f0f4ccbb54eefdf0db708e95973d3513a9c5387b223b9?s=96&d=mm&r=g\",\"url\":\"https:\\\/\\\/secure.gravatar.com\\\/avatar\\\/8aec6178114279c28f7f0f4ccbb54eefdf0db708e95973d3513a9c5387b223b9?s=96&d=mm&r=g\",\"contentUrl\":\"https:\\\/\\\/secure.gravatar.com\\\/avatar\\\/8aec6178114279c28f7f0f4ccbb54eefdf0db708e95973d3513a9c5387b223b9?s=96&d=mm&r=g\",\"caption\":\"Seris\"},\"url\":\"https:\\\/\\\/www.semen-l.org\\\/?author=5\"}]}<\/script>\n<!-- \/ Yoast SEO plugin. -->","yoast_head_json":{"title":"Colloques 2017-2018 - Soci\u00e9t\u00e9 d&#039;\u00c9tudes M\u00e9dio Et N\u00e9o-Latines","robots":{"index":"index","follow":"follow","max-snippet":"max-snippet:-1","max-image-preview":"max-image-preview:large","max-video-preview":"max-video-preview:-1"},"canonical":"https:\/\/www.semen-l.org\/?p=423","og_locale":"fr_FR","og_type":"article","og_title":"Colloques 2017-2018 - Soci\u00e9t\u00e9 d&#039;\u00c9tudes M\u00e9dio Et N\u00e9o-Latines","og_description":"&#8211; 20-22 septembre 2017, IRHT (Centre F\u00e9lix-Grat) et \u00c9cole nationale des chartes, colloque \u00ab Le manuscrit franciscain retrouv\u00e9 \u00bb, Organisation : BnF et IRHT, avec le soutien du LabEx Hastec, du Centre de recherches historiques (EHESS-CNRS), d\u2019APICES, de la Fondation &hellip; Continuer la lecture &rarr;","og_url":"https:\/\/www.semen-l.org\/?p=423","og_site_name":"Soci\u00e9t\u00e9 d&#039;\u00c9tudes M\u00e9dio Et N\u00e9o-Latines","article_publisher":"https:\/\/www.facebook.com\/SEMENL2018","article_published_time":"2018-01-07T15:27:19+00:00","article_modified_time":"2020-11-22T18:08:32+00:00","author":"Seris","twitter_card":"summary_large_image","twitter_misc":{"\u00c9crit par":"Seris","Dur\u00e9e de lecture estim\u00e9e":"5 minutes"},"schema":{"@context":"https:\/\/schema.org","@graph":[{"@type":"Article","@id":"https:\/\/www.semen-l.org\/?p=423#article","isPartOf":{"@id":"https:\/\/www.semen-l.org\/?p=423"},"author":{"name":"Seris","@id":"http:\/\/www.semen-l.org\/#\/schema\/person\/6e8c8c75b499690cc37dd369354a7c47"},"headline":"Colloques 2017-2018","datePublished":"2018-01-07T15:27:19+00:00","dateModified":"2020-11-22T18:08:32+00:00","mainEntityOfPage":{"@id":"https:\/\/www.semen-l.org\/?p=423"},"wordCount":1000,"commentCount":0,"publisher":{"@id":"http:\/\/www.semen-l.org\/#organization"},"keywords":["architecture","art","Ausone","Bible","Bud\u00e9 (Guillaume)","commentaire","Courcelle (Pierre)","dialogue dramatique","droit","femmes","fiction","finance","fureur","grec ancien","histoire","hommes","humanisme","manuscrit","m\u00e9moire","musique","passion","peinture","philologie","philosophie","po\u00e9sie","rire","sourire","th\u00e9ologie"],"articleSection":["Colloques"],"inLanguage":"fr-FR","potentialAction":[{"@type":"CommentAction","name":"Comment","target":["https:\/\/www.semen-l.org\/?p=423#respond"]}]},{"@type":"WebPage","@id":"https:\/\/www.semen-l.org\/?p=423","url":"https:\/\/www.semen-l.org\/?p=423","name":"Colloques 2017-2018 - Soci\u00e9t\u00e9 d&#039;\u00c9tudes M\u00e9dio Et N\u00e9o-Latines","isPartOf":{"@id":"http:\/\/www.semen-l.org\/#website"},"datePublished":"2018-01-07T15:27:19+00:00","dateModified":"2020-11-22T18:08:32+00:00","breadcrumb":{"@id":"https:\/\/www.semen-l.org\/?p=423#breadcrumb"},"inLanguage":"fr-FR","potentialAction":[{"@type":"ReadAction","target":["https:\/\/www.semen-l.org\/?p=423"]}]},{"@type":"BreadcrumbList","@id":"https:\/\/www.semen-l.org\/?p=423#breadcrumb","itemListElement":[{"@type":"ListItem","position":1,"name":"Accueil","item":"http:\/\/www.semen-l.org\/"},{"@type":"ListItem","position":2,"name":"Colloques 2017-2018"}]},{"@type":"WebSite","@id":"http:\/\/www.semen-l.org\/#website","url":"http:\/\/www.semen-l.org\/","name":"Soci\u00e9t\u00e9 d'\u00c9tudes M\u00e9dio Et N\u00e9o-Latines","description":"","publisher":{"@id":"http:\/\/www.semen-l.org\/#organization"},"potentialAction":[{"@type":"SearchAction","target":{"@type":"EntryPoint","urlTemplate":"http:\/\/www.semen-l.org\/?s={search_term_string}"},"query-input":{"@type":"PropertyValueSpecification","valueRequired":true,"valueName":"search_term_string"}}],"inLanguage":"fr-FR"},{"@type":"Organization","@id":"http:\/\/www.semen-l.org\/#organization","name":"Soci\u00e9t\u00e9 d'\u00e9tudes m\u00e9dio et n\u00e9o-latines","url":"http:\/\/www.semen-l.org\/","logo":{"@type":"ImageObject","inLanguage":"fr-FR","@id":"http:\/\/www.semen-l.org\/#\/schema\/logo\/image\/","url":"http:\/\/www.semen-l.org\/wp-content\/uploads\/2020\/11\/logo-semenl.jpg","contentUrl":"http:\/\/www.semen-l.org\/wp-content\/uploads\/2020\/11\/logo-semenl.jpg","width":408,"height":403,"caption":"Soci\u00e9t\u00e9 d'\u00e9tudes m\u00e9dio et n\u00e9o-latines"},"image":{"@id":"http:\/\/www.semen-l.org\/#\/schema\/logo\/image\/"},"sameAs":["https:\/\/www.facebook.com\/SEMENL2018","https:\/\/independent.academia.edu\/SocitsdtudesmdioetnolatinesSEMENL"]},{"@type":"Person","@id":"http:\/\/www.semen-l.org\/#\/schema\/person\/6e8c8c75b499690cc37dd369354a7c47","name":"Seris","image":{"@type":"ImageObject","inLanguage":"fr-FR","@id":"https:\/\/secure.gravatar.com\/avatar\/8aec6178114279c28f7f0f4ccbb54eefdf0db708e95973d3513a9c5387b223b9?s=96&d=mm&r=g","url":"https:\/\/secure.gravatar.com\/avatar\/8aec6178114279c28f7f0f4ccbb54eefdf0db708e95973d3513a9c5387b223b9?s=96&d=mm&r=g","contentUrl":"https:\/\/secure.gravatar.com\/avatar\/8aec6178114279c28f7f0f4ccbb54eefdf0db708e95973d3513a9c5387b223b9?s=96&d=mm&r=g","caption":"Seris"},"url":"https:\/\/www.semen-l.org\/?author=5"}]}},"jetpack_featured_media_url":"","_links":{"self":[{"href":"https:\/\/www.semen-l.org\/index.php?rest_route=\/wp\/v2\/posts\/423","targetHints":{"allow":["GET"]}}],"collection":[{"href":"https:\/\/www.semen-l.org\/index.php?rest_route=\/wp\/v2\/posts"}],"about":[{"href":"https:\/\/www.semen-l.org\/index.php?rest_route=\/wp\/v2\/types\/post"}],"author":[{"embeddable":true,"href":"https:\/\/www.semen-l.org\/index.php?rest_route=\/wp\/v2\/users\/5"}],"replies":[{"embeddable":true,"href":"https:\/\/www.semen-l.org\/index.php?rest_route=%2Fwp%2Fv2%2Fcomments&post=423"}],"version-history":[{"count":0,"href":"https:\/\/www.semen-l.org\/index.php?rest_route=\/wp\/v2\/posts\/423\/revisions"}],"wp:attachment":[{"href":"https:\/\/www.semen-l.org\/index.php?rest_route=%2Fwp%2Fv2%2Fmedia&parent=423"}],"wp:term":[{"taxonomy":"category","embeddable":true,"href":"https:\/\/www.semen-l.org\/index.php?rest_route=%2Fwp%2Fv2%2Fcategories&post=423"},{"taxonomy":"post_tag","embeddable":true,"href":"https:\/\/www.semen-l.org\/index.php?rest_route=%2Fwp%2Fv2%2Ftags&post=423"}],"curies":[{"name":"wp","href":"https:\/\/api.w.org\/{rel}","templated":true}]}}