{"id":4204,"date":"2026-01-24T19:20:35","date_gmt":"2026-01-24T19:20:35","guid":{"rendered":"https:\/\/www.semen-l.org\/?p=4204"},"modified":"2026-01-24T20:05:48","modified_gmt":"2026-01-24T20:05:48","slug":"theses-en-cours-2025-2026","status":"publish","type":"post","link":"https:\/\/www.semen-l.org\/?p=4204","title":{"rendered":"Th\u00e8ses en cours \u2013 2025-2026"},"content":{"rendered":"<section class=\"elementor-section elementor-top-section elementor-element elementor-element-f519d70 elementor-section-boxed elementor-section-height-default elementor-section-height-default\" data-id=\"f519d70\" data-element_type=\"section\">\n<div class=\"elementor-container elementor-column-gap-default\">\n<div class=\"elementor-column elementor-col-100 elementor-top-column elementor-element elementor-element-2a53840\" data-id=\"2a53840\" data-element_type=\"column\">\n<div class=\"elementor-widget-wrap elementor-element-populated\">\n<div class=\"elementor-element elementor-element-cc8583b elementor-widget elementor-widget-text-editor\" data-id=\"cc8583b\" data-element_type=\"widget\" data-widget_type=\"text-editor.default\">\n<div class=\"elementor-widget-container\">\n<p><em>Cette liste des th\u00e8ses en cours en m\u00e9dio-latin et n\u00e9o-latin est extraite du\u00a0<a href=\"https:\/\/www.semen-l.org\/?p=4109\">Bulletin de liaison n\u00b023 paru en novembre 2025<\/a>\u00a0; elle est compl\u00e9t\u00e9e, lorsque c\u2019est possible, par le r\u00e9sum\u00e9 de la th\u00e8se tel qu\u2019indiqu\u00e9 sur theses.fr.<\/em><\/p>\n<\/div>\n<\/div>\n<\/div>\n<\/div>\n<\/div>\n<\/section>\n<section class=\"elementor-section elementor-top-section elementor-element elementor-element-95c2cf1 elementor-section-boxed elementor-section-height-default elementor-section-height-default\" data-id=\"95c2cf1\" data-element_type=\"section\">\n<div class=\"elementor-container elementor-column-gap-default\">\n<p>Claire Absil, <em>La repr\u00e9sentation de la montagne chez les humanistes europ\u00e9ens : Sources et renouveaux d\u2019une symbolique au tournant du XVIe si\u00e8cle<\/em> (dir. Virginie Leroux et D. Amherdt) ; 2023-.<\/p>\n<p>Chlo\u00e9 Audouy, <em>\u00c9diter, traduire et commenter les<\/em> Joca monachorum (dir. Christiane Veyrard-Cosme et Fran\u00e7ois Ploton-Nicollet).<\/p>\n<p>Ys\u00e9 Avocat, <em>\u00c9tude des paratextes de l\u2019\u00e9dition s\u00e9par\u00e9e des<\/em> Ad Senec\u00e6 Medeam commentarii de M. Raderus, Munich, 1631\u00a0(dir. Pascale Par\u00e9-Rey)\u00a0; 2022-.<\/p>\n<p>Cassandre Azi, \u00ab Joyeux dans le ciel \u00bb. <em>Les \u00e9crits consacr\u00e9s \u00e0 la mort d\u2019Anne de Joyeuse. \u00c9dition et commentaire<\/em> (dir. Virginie Leroux et Julien Goeury) ; 2024-.<\/p>\n<p>Pierre-Olivier Beaulnes, <em>\u00c9dition critique de la traduction latine de l\u2019<\/em>Oneirocriticon du <em>pseudo-Achmet effectu\u00e9e par Leo Tuscus. \u00c9tude de la traduction et de la r\u00e9ception d\u2019un trait\u00e9 d\u2019oniromancie byzantin du Xe s.<\/em> (dir. Fr\u00e9d\u00e9ric Giraud) ; 2024-.<\/p>\n<p>Caroline Benoit, <em>Pour une nouvelle \u00e9criture de l\u2019histoire de l\u2019humanit\u00e9 \u00e0 la Renaissance : les historiens grecs et leurs traductions latines dans le<\/em> De inuentoribus rerum <em>de Polydore Virgile, 1499<\/em> (dir. Anne Raffarin).<\/p>\n<p>Nicolas Brisbois,<em> Les traductions latines des dialogues apocryphes de Platon par l\u2019humaniste allemand Willibald Pirckheimer<\/em> (dir. Anne Raffarin et James Hirstein).<\/p>\n<p>Vincent Bruni,\u00a0<em>Le<\/em>\u00a0De imitatione\u00a0(1541) <em>de Bartolomeo Ricci : \u00e9dition, traduction et commentaire du livre I. P\u00e9dagogie et humanisme au seizi\u00e8me si\u00e8cle italien<\/em> (dir. Laurence Boul\u00e8gue)\u00a0; sept. 2019-.<\/p>\n<p>Davide Bruno,<em>\u00a0La question f\u00e9minine au tournant des XVe\u00a0et XVIe\u00a0si\u00e8cles.<\/em> <em>L\u2019<\/em>Apologia mulierum\u00a0(1529) <em>de Pompeo Colonna<\/em> (dir. L. Boul\u00e8gue et I.-G. Mastrorosa)\u00a0; nov. 2023-.<\/p>\n<p>H\u00e9l\u00e8ne Bufort, <em>\u00c9dition, traduction et commentaire des<\/em> Neapolitani poematum Libri <em>de Pietro Gravina<\/em> (dir.\u00a0H\u00e9l\u00e8ne Casanova-Robin) ; 2023-.<\/p>\n<p>Lorenzo Caprari,\u00a0I\u00a0Carmina\u00a0<em>di Lovato Lovati\u00a0: edizione critica, traduzione e commento<\/em>\u00a0(dir. Silvia Fiaschi).<\/p>\n<p>Francesca Carnazzi, L&rsquo;Interpretatio super Suetonium <em>di Domizio Calderini : edizione critica (titolo provvisorio) \/ Interpretatio<\/em> super Suetonium <em>de Domizio Calderini : \u00e9dition critique (titre provisoire)<\/em> (dir. Paolo Pellegrini et Laurent Baggioni).<\/p>\n<p>Gabriele Cascini, <em>Formes du comique dans les Dialogues latins de Giovanni Pontano : entre sources antiques et arts du spectacle<\/em> (dir. H\u00e9l\u00e8ne Casanova-Robin et Giuseppe Germano) ; 2023-<\/p>\n<p>Giovanna Cascone,<em> Penser le luxe et les arts entre Italie et Espagne au XVe si\u00e8cle : le laboratoire napolitain. Anthologie de textes, \u00e9dition critique et traduction<\/em> (dir. Florence Bistagne et Antonietta Iacono) ; 2024-<\/p>\n<p>Cl\u00e9ment Ch\u00e2teau, <em>Mythologie et po\u00e9tique du mythe dans l\u2019\u0153uvre po\u00e9tique et musicale de Guillaume de Machaut, 1300-1377<\/em>\u00a0; (dir. Val\u00e9rie Fasseur).<\/p>\n<p>Violaine Chaudoreille, <em>La r\u00e9ception des \u00e9l\u00e9gies \u00e9rotiques d&rsquo;Ovide au XVIe si\u00e8cle<\/em> (dir. Sandra Provini).<\/p>\n<p>Sara Cusset, <em>Le Charme et la Proph\u00e9tie. \u00c9dition critique et commentaire du livre XIV de l\u2019Ovide moralis\u00e9 jusqu\u2019au vers 3550<\/em> (dir. Maryl\u00e8ne Possama\u00ef-P\u00e9rez et Mattia Cavagna).<\/p>\n<p>Fabrice Delplanque,<em> \u00c9dition, traduction et commentaire du Livre V du<\/em> De poeta <em>d\u2019Antonio Sebastiano Minturno<\/em>, 1559 (dir. Virginie Leroux) ; 2018-.<\/p>\n<p>Francesc De Luca,\u00a0<em>Uomini, processi e tradizioni culturali intorno a Girolamo Soncino\u00a0: un\u2019esperienza imprenditoriale tra Pesaro e Fano agli inizi del Rinascimento<\/em>\u00a0(dir. Silvia Fiaschi).<\/p>\n<p>Gianluca Del Noce, <em>Une politique de la \u00ab grandeur \u00bb : th\u00e9orisation, construction et r\u00e9ception de mod\u00e8les culturels \u00e0 Naples entre le XVe et le d\u00e9but du XVIe si\u00e8cle (1442\/1532)<\/em> (dir. Florence Bistagne et Guido Cappelli) ; 2024-<\/p>\n<p>Rita Di Pasquale, <em>\u00c9dition compl\u00e8te et comment\u00e9e des po\u00e8mes latins de Pietro Bembo<\/em> (dir. Luca. Marcozzi et Giuseppe Crimi).<\/p>\n<p>St\u00e9phanie Dubarry, <em>Les figures de l\u2019inspiration dans le<\/em> De Deis gentium\u2026 historia <em>de Lilio Gregorio Giraldi<\/em>, 1548 (dir. Virginie Leroux)\u00a0; 2021-.<\/p>\n<p>Petros Fokianos, <em>Les savants grecs et les enjeux de l\u2019hell\u00e9nit\u00e9 dans l\u2019Italie humaniste, du concile de Ferrare-Florence \u00e0 l\u2019expulsion des M\u00e9dicis, 1434-1498<\/em> (dir Beno\u00eet Gr\u00e9vin).<\/p>\n<p>Lucas Fonseca, <em>\u00c9dition, traduction et commentaire du recueil <\/em>Parthenopeus siue Amores<em> de Giovanni Pontano<\/em> (dir. H\u00e9l\u00e8ne Casanova-Robin et A. Iacono) ; 2020-.<\/p>\n<p>In\u00e8s Gabillet, <em>Les textes latins des pi\u00e8ces sacr\u00e9es de Marc-Antoine Charpentier : \u00e9dition, analyse, mise en contexte<\/em> (dir. Fran\u00e7ois Ploton-Nicollet).<\/p>\n<p>Marie Gall, \u00c2me, <em>Imagination et nouveaux syst\u00e8mes cosmobiologiques dans les fictions scientifiques du XVIIe\u00a0si\u00e8cle<\/em> (dir. Violaine Giacomotto-Charra).<\/p>\n<p>L\u00e9a Gariglietti,<em> Le livre sonore des amantes sonoritatis : r\u00e9ception de la Seconde sophistique dans le<\/em> Theatrum veterum rhetorum <em>de Louis de Cressolles<\/em> (1620) (dir. Sophie Comte, CD URCA) ; 2023-<\/p>\n<p>Blandine de Germay, <em>Former l\u2019int\u00e9riorit\u00e9 au XIVe si\u00e8cle : l\u2019<\/em>Orationarium <em>du c\u00e9lestin Pierre Poquet. \u00c9dition critique et commentaire<\/em> (dir. Fr\u00e9d\u00e9ric Giraud) ; 2020-.<\/p>\n<p>Th\u00e9o Gibert, <em>Le th\u00e9\u00e2tre de Pierre Corneille et la culture j\u00e9suite<\/em> (dir. Virginie Leroux et O. Lepl\u00e2tre)\u00a0; 2021-.<\/p>\n<p>Constance Griffejoen, <em>Circulation des savoirs de l&rsquo;Antiquit\u00e9 dans les \u00e9ditions n\u00e9o-latines de Catulle au XVII\u00e8 si\u00e8cle<\/em> (dir. Virginie Leroux)\u00a0; 2025-.<\/p>\n<p>Alessia Grillone, <em>La traduction latine de l&rsquo;\u00c9thique \u00e0 Nicomaque IV d&rsquo;Aristote, par Giovanni Argyropoulos<\/em> (H\u00e9l\u00e8ne Casanova-Robin et Ermanno Malaspina). Th\u00e8se soutenue \u00e0 Turin le 14 novembre 2025.<\/p>\n<p>Mia Guilot, <em>Lectrices, traductrices, autrices, m\u00e9c\u00e8nes : les femmes et la litt\u00e9rature antique au XVIe si\u00e8cle<\/em> (1475-1615) (dir. Sandra Provini).<\/p>\n<p>Helena Hunzue Gros, \u00ab Alienum aliquid \u00bb. <em>L&rsquo;autre au miroir d&rsquo;un triumvirat humaniste : \u00c9rasme, Bud\u00e9, Vives<\/em>, Universit\u00e9 Aix-Marseille (dir. Tristan Vigliano et Virginie Leroux)<\/p>\n<p>Juliette Joliot,\u00a0<em>Les \u0153uvres po\u00e9tiques n\u00e9olatines de Girolamo Angeriano : \u00e9dition, traduction, annotation et commentaire<\/em>\u00a0(dir. Emilie S\u00e9ris et Antonietta Iacono).<\/p>\n<p>Gabriel de Labretoigne, <em>Edition critique du trait\u00e9 de spiritualit\u00e9 de Richard de Saint-Victor,<\/em> De exterminatione mali et promotione boni (dir. Dominique Poirel).<\/p>\n<p>Louisa Laj, <em>Penser la trag\u00e9die grecque au XVIe si\u00e8cle\u00a0: l\u2019exemple de la r\u00e9ception d\u2019Eschyle<\/em> (dir. Malika Bastin).<\/p>\n<p>Val\u00e9rie Letercq\u00a0: <em>La traduction latine de l\u2019Iphig\u00e9nie \u00e0 Aulis d\u2019Erasme<\/em> (dir. Sylvie Laigneau-Fontaine et Estelle Oudot), 2019-.<\/p>\n<p>Anne Lemerre-Louerat, <em>La po\u00e9sie des M\u00e9t\u00e9ores, de l&rsquo;humanisme latin du XVe aux po\u00e8tes fran\u00e7ais de la Renaissance<\/em> (dir. H\u00e9l\u00e8ne Casanova-Robin et Anne-Pascale Pouey-Mounou),\u00a0; th\u00e8se soutenue le 8\/11\/2025 \u00e0 la Sorbonne.<\/p>\n<p>Florentin Maroye,\u00a0<em>Les traductions latines des trois com\u00e9dies d\u2019Aristophane (<\/em>Les Gu\u00eapes, La paix, Lysistrata<em>) par Florent Chrestien (1541-1596)<\/em> (dir. Laurence Boul\u00e8gue et Nathalie Catellani)\u00a0; sept. 2021-.<\/p>\n<p>Pam\u00e9la Mauffrais, <em>\u00c9dition, traduction et commentaire de l\u2019<\/em>Isottaeus Liber <em>(1449), recueil \u00e9l\u00e9giaque en trois livres compos\u00e9 par Basinio de Parme<\/em> (dir. H\u00e9l\u00e8ne Casanova-Robin) ; 2022-<\/p>\n<p>Nicolas Mazel,<em> Fortune des<\/em> H\u00e9ro\u00efdes<em> d\u2019Ovide au Moyen \u00c2ge (XIe-XVe si\u00e8cles) : domaine fran\u00e7ais, latin et italien<\/em> (dir. Fr\u00e9d\u00e9ric Giraud et M. Possama\u00ef) ; 2021-.<\/p>\n<p>Farah Mercier, <em>Autour de Denis Petau<\/em> <em>(<\/em>Dionysius Petavius <em>S.J., 1583-1652) : \u00e9tude du r\u00e9seau relationnel d\u2019un j\u00e9suite fran\u00e7ais<\/em> (dir. Aline Smeesters et Hannes Cools).<\/p>\n<p>Anne-Claude M\u00e9rieux, <em>Penser l\u2019\u00e9ducation du roi dans les romans des XIIe et XIIIe si\u00e8cles : Alexandre, Arthur et Josaphat<\/em> (dir. Fr\u00e9d\u00e9ric Giraud et Val\u00e9rie Fasseur) ; 2021-.<\/p>\n<p>Genevi\u00e8ve de Montalembert, <em>Art musical sous la vo\u00fbte c\u00e9leste : une \u00e9tude de la pens\u00e9e musicale de Ficin au regard des textes antiques<\/em>\u00a0(dir. A. Raffarin et Jean-Baptiste Guillaumin)\u00a0;\u00a02025-.<\/p>\n<p>Fran\u00e7ois Mottais, <em>L\u2019h\u00e9ritage de Stace dans la po\u00e9sie latine tardive : permanences et innovations (IVe-VIe\u00a0si\u00e8cles apr\u00e8s J.-C.)<\/em> (contrat doctoral de l\u2019Univ. Paris-Ouest-Nanterre ; dir. \u00c9. Wolff et Fran\u00e7ois Ploton-Nicollet).<\/p>\n<p>Sacha Orval, <em>\u00c9dition, traduction et commentaire des deux premiers livres de l\u2019<\/em>Arg\u00e9nis <em>de Jean Barclay<\/em> (dir. Virginie Leroux) ; 2023-.<\/p>\n<p>Lisa Pichon, <em>Entre po\u00e9sie et philosophie : la satire dans la pens\u00e9e d\u2019Isaac Casaubon (1559-1614)<\/em> (dir. Laurence Boul\u00e8gue et S. Aubert Baillot), sept. 2024-.<\/p>\n<p>Hannelore Pierre, <em>D\u2019Ausone \u00e0 \u00c9lie Vinet. La Comm\u00e9moration des professeurs bordelais d\u2019Ausone et sa r\u00e9ception dans les milieux humanistes bordelais de la Renaissance<\/em> (dir. Violaine Giacomotto-Charra et Renaud\u00a0Robert)\u00a0; soutenance pr\u00e9vue printemps 2026.<\/p>\n<p>J\u00e9r\u00e9mie Pinguet, <em>\u00c9dition, traduction et commentaire des<\/em> N\u00e9nies <em>de Salmon Macrin<\/em> (dir. Virginie Leroux et S. Laigneau-Fontaine) ; 2021-.<\/p>\n<p>Giorgia Paparelli,\u00a0<em>Tra.Ma.Bo\u00a0: tradizione e ricezione di Boccaccio nelle Marche fra i secc. XIV-XVI<\/em>\u00a0(dir. Silvia Fiaschi).<\/p>\n<p>Corentin Poirier, <em>\u00c9crire la cuisine en latin du XIIe au XVe si\u00e8cle<\/em> (dir. Bruno Laurioux).<\/p>\n<p>Mathilde Pommier, Admirabilia, miracula, mira exempla<em> : r\u00eaves, pr\u00e9sages, fantasmes dans la litt\u00e9rature humaniste : les<\/em> Geniales Dies <em>d\u2019Alessandro d\u2019Alessandri, 1522<\/em> (dir. Anne Raffarin).<\/p>\n<p>Giorgia Puleio, <em>Edizione critica del<\/em> Directorium ad passagium faciendum <em>(prima met\u00e0 Trecento)<\/em> (dir. Anne-Marie Turcan-Verkerk et Paolo Chiesa).<\/p>\n<p>Ga\u00ebtan Ravoniarison, <em>La pens\u00e9e juridique de Claude de Seyssel (v. 1450-1520) : la tradition \u00e0 l\u2019\u00e9preuve de l\u2019humanisme<\/em> (dir. Xavier Pr\u00e9vost et B. d\u2019Alteroche).<\/p>\n<p>Julien de Ridder, <em>Humanisme et r\u00e9volution po\u00e9tique au onzi\u00e8me si\u00e8cle : recherches sur les <\/em>carmina varia<em> de Marbode de Rennes<\/em> (dir. Baudouin van den Abeele et C\u00e9dric Giraud).<\/p>\n<p>Thibault Robert, Huic Latia atque recens Slavica Musa canit. <em>\u00c9dition, traduction et commentaire des Odes et des \u00c9pigrammes latines de Jan Kochanowski (1530-1584)<\/em> (dir. Virginie Leroux et Grazyna Urban-Godziek).<\/p>\n<p>Baptiste Robaglia, <em>La pens\u00e9e juridique d\u2019\u00c9tienne Pasquier (1529-1615)<\/em> (dir. Xavier Pr\u00e9vost et P. Cocatre-Zilgien) ; soutenance pr\u00e9vue le 10 avril 2026.<\/p>\n<p>C\u00e9line Robert, <em>Les \u00c9p\u00eetres de Raoul Tortaire (XIe-XIIe si\u00e8cles) : \u00e9dition multimodale, traduction et commentaire<\/em> (dir. Marie-Agn\u00e8s Lucas-Avenel et Beno\u00eet Gauvin).<\/p>\n<p>Sofia Santosuosso,<em> Langages du pouvoir : forme et r\u00e9ception de la rh\u00e9torique papale dans la<\/em> summa dictaminis <em>de Thomas de Capoue (1213-1268)<\/em> \/ <em>Linguaggi del potere : forme e ricezione della retorica papale nella<\/em> Summa dictaminis <em>di Tommaso di Capua (1213-1268)<\/em> (dir. Beno\u00eet Gr\u00e9vin en cotutelle EHESS-Ca\u2019 Foscari ) ; 2023-<\/p>\n<p>Ben Schoentgen, Rome triomphante (1559)\u00a0: <em>les enjeux d\u2019une restauration<\/em> (dir. Anne Raffarin).<\/p>\n<p>Felix Schultze, <em>Recherches sur les manuscrits m\u00e9dicaux de la biblioth\u00e8que cistercienne d\u2019Altzelle<\/em> (dir. Fr\u00e9d\u00e9ric Giraud et C. Cardelle de Hartmann) ; 2021-.<\/p>\n<p>Caroline Supply, <em>La veine po\u00e9tique n\u00e9o-latine du deuil familial au tournant du XVe et du XVIe si\u00e8cle en Italie. \u00c9tude de la construction du discours po\u00e9tique et des repr\u00e9sentations<\/em>\u00a0(dir. Aline Smeesters).<\/p>\n<p>Iulia Sz\u00e9kely-Calma, <em>Le succ\u00e8s m\u00e9di\u00e9val d\u2019un pseudo-Aristote. \u00c9dition et \u00e9tude de la diffusion du<\/em> Liber de causis <em>(XIIIe-XVIe si\u00e8cles)<\/em> (dir. D. Poirel et Fran\u00e7ois Ploton-Nicollet).<\/p>\n<p>Am\u00e9lie Tissier\u00a0: <em>\u00c9dition, traduction commentaire du<\/em> Paeddagogion <em>de Nicolas Bourbon<\/em> (dir. Sylvie Laigneau-Fontaine et Lucie Claire), 2025-.<\/p>\n<p>Claire Varin d\u2019Ainvelle, <em>Greffe, transplantation, acclimatation\u00a0: transformations du v\u00e9g\u00e9tal dans la litt\u00e9rature fran\u00e7aise de la Renaissance<\/em> (dir. Violaine Giacomotto-Charra).<\/p>\n<p>St\u00e9phane Vincent, <em>Figurer l\u2019invisible : repr\u00e9sentations et symboliques du vent dans l\u2019art italien de la Renaissance (textes et images)<\/em> (co-direction Florence Bistagne, Avignon Universit\u00e9) avec Raphaele Mouren, British School at Rome), 2025-<\/p>\n<p>Cl\u00e9ment Zajac,<em> Edition, traduction et commentaire de la<\/em> Lyrica poesis praeceptionibus et exemplis illustrata <em>de Jacob Masen, 1654<\/em> (dir. Fran\u00e7ois Ploton-Nicollet).<\/p>\n<\/div>\n<\/section>\n","protected":false},"excerpt":{"rendered":"<p>Cette liste des th\u00e8ses en cours en m\u00e9dio-latin et n\u00e9o-latin est extraite du\u00a0Bulletin de liaison n\u00b023 paru en novembre 2025\u00a0; elle est compl\u00e9t\u00e9e, lorsque c\u2019est possible, par le r\u00e9sum\u00e9 de la th\u00e8se tel qu\u2019indiqu\u00e9 sur theses.fr. <a href=\"https:\/\/www.semen-l.org\/?p=4204\">Continuer la lecture <span class=\"meta-nav\">&rarr;<\/span><\/a><\/p>\n","protected":false},"author":26,"featured_media":0,"comment_status":"open","ping_status":"open","sticky":false,"template":"","format":"standard","meta":{"footnotes":""},"categories":[9],"tags":[2233,1766,1835,2667,340,2230,2217,2666,75,302,813,92,343,2216,2161,1794,207,2228,86,1729,1406,91,431,2658,1756,2231,2393,2662,2664,362,1888,81,1744,1601,2668,2215,2211,1399,2657,1220,1240,173,2212,823,1172,1207,284,2655,18,31,827,2450,1381,1008,2142,691,309,1767,1740,1313,2238,2661,1759,1187,144,2221,2660,2224,1773,1349,824,2656,2213,974,2470,2225,1737,2659,1523,1250,159,334,1772,1221,2214,889,1596,417,1295,2239,1238,2226,1758,70,2480,2654,1496,1763,1208,1762,139,1765,1388,26,82,418,36,1757,1491,2227,2234,1754,1306,249,1400,1414,2236,1239,183,27,2665,1764,2663,202,1232,2207,466,1296,2237,2206,1508,371,114,2222,1750,2235,33],"class_list":["post-4204","post","type-post","status-publish","format-standard","hentry","category-theses-en-cours","tag-ad-senecae-medeam-commentarii-raderus","tag-alessandri-alessandro","tag-allemagne","tag-angeriano-girolamo","tag-anthologie","tag-apologia-mulierum-colonna","tag-argenis-jean-barclay","tag-argyropoulos-jean","tag-aristophane","tag-aristote","tag-aristote-pseudo","tag-art","tag-ausone","tag-barclay-jean","tag-basini-basinio","tag-bembo-pietro","tag-bibliotheque","tag-bibliotheque-cistercienne-daltzelle","tag-boccace","tag-bordeaux","tag-bourbon-nicolas","tag-guillaume-bude","tag-calderini-domizio","tag-carmina-lovato-lovati","tag-carmina-varia-marbode-de-rennes","tag-casaubon-isaac","tag-catulle","tag-charme","tag-charpentier-marc-antoine","tag-chrestien-florent","tag-comique","tag-commentaire","tag-corneille-pierre","tag-cressoles-louis-de","tag-cuisine","tag-de-deis-gentium-giraldi","tag-de-exterminatione-mali-et-promotione-boni","tag-de-imitatione-bartolomeo-ricci","tag-de-inventoris-rerum-polydore-virgile","tag-de-poeta-antonio-sebastiano-minturno","tag-deuil","tag-dialogue-philosophique","tag-directorium-ad-passagium-faciendum","tag-droit","tag-edition-critique","tag-education","tag-elegie","tag-epigrammata-jan-kochanowski","tag-epistolaire","tag-erasme","tag-erotique","tag-eschyle","tag-espagne","tag-ethique-a-nicomaque","tag-famille","tag-femmes","tag-ficin-marsile","tag-geniales-dies-alessandri","tag-giraldi-lilio-gregorio","tag-grandeur","tag-gravina-pietro","tag-guillaume-de-machaut","tag-heroides-ovide","tag-histoire","tag-humanisme","tag-imagination","tag-interpretatio-super-suetonium-domizio-calderini","tag-iphigenie-a-aulis-erasme","tag-isottaeus-liber","tag-italie","tag-jesuitisme","tag-joca-monachorum","tag-joyeuse-anne-de","tag-kochanowski-jan","tag-lecture","tag-leo-tuscus","tag-liber-de-causis","tag-lovato-lovati","tag-luxe","tag-lyrica-poesis-praeceptionibus-et-exemplis-illustrata","tag-manuscrit","tag-marbode-de-rennes","tag-meteore","tag-minturno-antonio-sebastiano","tag-montagne","tag-musique","tag-mythe","tag-mythologie","tag-naples","tag-neapolitani-poematum-libri-gravina","tag-nenies-jean-salmon-macrin","tag-oneirocriticon","tag-orationarium-in-vita-jesu-christi-et-de-suffragiis-sanctorum","tag-ovide","tag-ovide-moralise","tag-paeddagogion-nicolas-bourbon","tag-paratexte","tag-pasquier-etienne","tag-pedagogie","tag-petau-denis","tag-philosophie","tag-pirckheimer-willibald","tag-platon-pseudo","tag-poesie","tag-poetique","tag-politique","tag-giovanni-pontano","tag-poquet-pierre","tag-prophetie","tag-pseudo-achmet","tag-rader-matthaus","tag-raoul-tortaire","tag-representation","tag-reve","tag-ricci-bartolomeo","tag-richard-de-saint-victor","tag-rome-triumphans","tag-salmon-macrin-jean","tag-satire","tag-science","tag-seconde-sophistique","tag-seyssel-claude-de","tag-soncino-girolamo","tag-spectacle","tag-stace","tag-summa-dictaminis-thomas-de-capoue","tag-symbole","tag-theatre","tag-theatrum-veterum-rhetorum-cressoles","tag-thomas-de-capoue","tag-tradition","tag-traduction","tag-tragedie","tag-vegetal","tag-vinet-elie","tag-virgile-polydore","tag-juan-luis-vives"],"yoast_head":"<!-- This site is optimized with the Yoast SEO plugin v27.5 - https:\/\/yoast.com\/product\/yoast-seo-wordpress\/ -->\n<title>Th\u00e8ses en cours \u2013 2025-2026 - Soci\u00e9t\u00e9 d&#039;\u00c9tudes M\u00e9dio Et N\u00e9o-Latines<\/title>\n<meta name=\"description\" content=\"Th\u00e8ses en cours concernant le m\u00e9diolatin et le n\u00e9o-latin dans les universit\u00e9s fran\u00e7aises, belges, italiennes et suisses\" \/>\n<meta name=\"robots\" content=\"index, follow, max-snippet:-1, max-image-preview:large, max-video-preview:-1\" \/>\n<link rel=\"canonical\" href=\"https:\/\/www.semen-l.org\/?p=4204\" \/>\n<meta property=\"og:locale\" content=\"fr_FR\" \/>\n<meta property=\"og:type\" content=\"article\" \/>\n<meta property=\"og:title\" content=\"Th\u00e8ses en cours \u2013 2025-2026 - Soci\u00e9t\u00e9 d&#039;\u00c9tudes M\u00e9dio Et N\u00e9o-Latines\" \/>\n<meta property=\"og:description\" content=\"Th\u00e8ses en cours concernant le m\u00e9diolatin et le n\u00e9o-latin dans les universit\u00e9s fran\u00e7aises, belges, italiennes et suisses\" \/>\n<meta property=\"og:url\" content=\"https:\/\/www.semen-l.org\/?p=4204\" \/>\n<meta property=\"og:site_name\" content=\"Soci\u00e9t\u00e9 d&#039;\u00c9tudes M\u00e9dio Et N\u00e9o-Latines\" \/>\n<meta property=\"article:publisher\" content=\"https:\/\/www.facebook.com\/SEMENL2018\" \/>\n<meta property=\"article:published_time\" content=\"2026-01-24T19:20:35+00:00\" \/>\n<meta property=\"article:modified_time\" content=\"2026-01-24T20:05:48+00:00\" \/>\n<meta name=\"author\" content=\"Julien Maudoux\" \/>\n<meta name=\"twitter:card\" content=\"summary_large_image\" \/>\n<meta name=\"twitter:label1\" content=\"\u00c9crit par\" \/>\n\t<meta name=\"twitter:data1\" content=\"Julien Maudoux\" \/>\n\t<meta name=\"twitter:label2\" content=\"Dur\u00e9e de lecture estim\u00e9e\" \/>\n\t<meta name=\"twitter:data2\" content=\"9 minutes\" \/>\n<script type=\"application\/ld+json\" class=\"yoast-schema-graph\">{\"@context\":\"https:\\\/\\\/schema.org\",\"@graph\":[{\"@type\":\"Article\",\"@id\":\"https:\\\/\\\/www.semen-l.org\\\/?p=4204#article\",\"isPartOf\":{\"@id\":\"https:\\\/\\\/www.semen-l.org\\\/?p=4204\"},\"author\":{\"name\":\"Julien Maudoux\",\"@id\":\"http:\\\/\\\/www.semen-l.org\\\/#\\\/schema\\\/person\\\/ef5208815f17666727763c5363a51344\"},\"headline\":\"Th\u00e8ses en cours \u2013 2025-2026\",\"datePublished\":\"2026-01-24T19:20:35+00:00\",\"dateModified\":\"2026-01-24T20:05:48+00:00\",\"mainEntityOfPage\":{\"@id\":\"https:\\\/\\\/www.semen-l.org\\\/?p=4204\"},\"wordCount\":1826,\"commentCount\":0,\"publisher\":{\"@id\":\"http:\\\/\\\/www.semen-l.org\\\/#organization\"},\"keywords\":[\"Ad Senecae Medeam commentarii (Raderus)\",\"Alessandri (Alessandro)\",\"Allemagne\",\"Angeriano (Girolamo)\",\"anthologie\",\"Apologia mulierum (Colonna)\",\"Arg\u00e9nis (Jean Barclay)\",\"Argyropoulos (Jean)\",\"Aristophane\",\"Aristote\",\"Aristote (Pseudo)\",\"art\",\"Ausone\",\"Barclay (Jean)\",\"Basini (Basinio)\",\"Bembo (Pietro)\",\"biblioth\u00e8que\",\"Biblioth\u00e8que cistercienne d\u2019Altzelle\",\"Boccace\",\"Bordeaux\",\"Bourbon (Nicolas)\",\"Bud\u00e9 (Guillaume)\",\"Calderini (Domizio)\",\"Carmina (Lovato Lovati)\",\"Carmina varia (Marbode de Rennes)\",\"Casaubon (Isaac)\",\"Catulle\",\"charme\",\"Charpentier (Marc-Antoine)\",\"Chrestien (Florent)\",\"comique\",\"commentaire\",\"Corneille (Pierre)\",\"Cressoles (Louis de)\",\"cuisine\",\"De Deis gentium (Lilio Gregorio Giraldi)\",\"De exterminatione mali et promotione boni (Richard de Saint-Victor)\",\"De imitatione (Bartolomeo Ricci)\",\"De inventoris rerum (Polydore Virgile)\",\"De poeta (Antonio Sebastiano Minturno)\",\"deuil\",\"dialogue philosophique\",\"Directorium ad passagium faciendum\",\"droit\",\"\u00e9dition critique\",\"\u00e9ducation\",\"\u00e9l\u00e9gie\",\"Epigrammata (Jan Kochanowski)\",\"\u00e9pistolaire\",\"\u00c9rasme\",\"\u00e9rotique\",\"Eschyle\",\"Espagne\",\"\u00c9thique \u00e0 Nicomaque\",\"famille\",\"femmes\",\"Ficin (Marsile)\",\"Geniales Dies (Alessandri)\",\"Giraldi (Lilio Gregorio)\",\"grandeur\",\"Gravina (Pietro)\",\"Guillaume de Machaut\",\"H\u00e9ro\u00efdes (Ovide)\",\"histoire\",\"humanisme\",\"imagination\",\"Interpretatio super Suetonium (Domizio Calderini)\",\"Iphig\u00e9nie \u00e0 Aulis (\u00c9rasme)\",\"Isottaeus Liber\",\"Italie\",\"j\u00e9suitisme\",\"Joca monachorum\",\"Joyeuse (Anne de)\",\"Kochanowski (Jan)\",\"lecture\",\"Leo Tuscus\",\"Liber de causis\",\"Lovato Lovati\",\"luxe\",\"Lyrica poesis praeceptionibus et exemplis illustrata (Jacob Masen)\",\"manuscrit\",\"Marbode de Rennes\",\"m\u00e9t\u00e9ore\",\"Minturno (Antonio Sebastiano)\",\"montagne\",\"musique\",\"mythe\",\"mythologie\",\"Naples\",\"Neapolitani Poematum Libri (Gravina)\",\"N\u00e9nies (Jean Salmon Macrin)\",\"Oneirocriticon\",\"Orationarium in vita Jesu Christi et de suffragiis sanctorum\",\"Ovide\",\"Ovide moralis\u00e9\",\"Paeddagogion (Nicolas Bourbon)\",\"paratexte\",\"Pasquier (\u00c9tienne)\",\"p\u00e9dagogie\",\"Petau (Denis)\",\"philosophie\",\"Pirckheimer (Willibald)\",\"Platon (Pseudo)\",\"po\u00e9sie\",\"po\u00e9tique\",\"politique\",\"Pontano (Giovanni)\",\"Poquet (Pierre)\",\"proph\u00e9tie\",\"Pseudo-Achmet\",\"Rader (Matth\u00e4us)\",\"Raoul Tortaire\",\"repr\u00e9sentation\",\"r\u00eave\",\"Ricci (Bartolomeo)\",\"Richard de Saint-Victor\",\"Rome triumphans\",\"Salmon Macrin (Jean)\",\"satire\",\"science\",\"seconde sophistique\",\"Seyssel (Claude de)\",\"Soncino (Girolamo)\",\"spectacle\",\"Stace\",\"Summa dictaminis (Thomas de Capoue)\",\"symbole\",\"th\u00e9\u00e2tre\",\"Theatrum veterum rhetorum (Cressoles)\",\"Thomas de Capoue\",\"tradition\",\"traduction\",\"trag\u00e9die\",\"v\u00e9g\u00e9tal\",\"Vinet (\u00c9lie)\",\"Virgile (Polydore)\",\"Vives (Juan Luis)\"],\"articleSection\":[\"Th\u00e8ses en cours\"],\"inLanguage\":\"fr-FR\",\"potentialAction\":[{\"@type\":\"CommentAction\",\"name\":\"Comment\",\"target\":[\"https:\\\/\\\/www.semen-l.org\\\/?p=4204#respond\"]}]},{\"@type\":\"WebPage\",\"@id\":\"https:\\\/\\\/www.semen-l.org\\\/?p=4204\",\"url\":\"https:\\\/\\\/www.semen-l.org\\\/?p=4204\",\"name\":\"Th\u00e8ses en cours \u2013 2025-2026 - Soci\u00e9t\u00e9 d&#039;\u00c9tudes M\u00e9dio Et N\u00e9o-Latines\",\"isPartOf\":{\"@id\":\"http:\\\/\\\/www.semen-l.org\\\/#website\"},\"datePublished\":\"2026-01-24T19:20:35+00:00\",\"dateModified\":\"2026-01-24T20:05:48+00:00\",\"description\":\"Th\u00e8ses en cours concernant le m\u00e9diolatin et le n\u00e9o-latin dans les universit\u00e9s fran\u00e7aises, belges, italiennes et suisses\",\"breadcrumb\":{\"@id\":\"https:\\\/\\\/www.semen-l.org\\\/?p=4204#breadcrumb\"},\"inLanguage\":\"fr-FR\",\"potentialAction\":[{\"@type\":\"ReadAction\",\"target\":[\"https:\\\/\\\/www.semen-l.org\\\/?p=4204\"]}]},{\"@type\":\"BreadcrumbList\",\"@id\":\"https:\\\/\\\/www.semen-l.org\\\/?p=4204#breadcrumb\",\"itemListElement\":[{\"@type\":\"ListItem\",\"position\":1,\"name\":\"Accueil\",\"item\":\"http:\\\/\\\/www.semen-l.org\\\/\"},{\"@type\":\"ListItem\",\"position\":2,\"name\":\"Th\u00e8ses en cours \u2013 2025-2026\"}]},{\"@type\":\"WebSite\",\"@id\":\"http:\\\/\\\/www.semen-l.org\\\/#website\",\"url\":\"http:\\\/\\\/www.semen-l.org\\\/\",\"name\":\"Soci\u00e9t\u00e9 d'\u00c9tudes M\u00e9dio Et N\u00e9o-Latines\",\"description\":\"\",\"publisher\":{\"@id\":\"http:\\\/\\\/www.semen-l.org\\\/#organization\"},\"potentialAction\":[{\"@type\":\"SearchAction\",\"target\":{\"@type\":\"EntryPoint\",\"urlTemplate\":\"http:\\\/\\\/www.semen-l.org\\\/?s={search_term_string}\"},\"query-input\":{\"@type\":\"PropertyValueSpecification\",\"valueRequired\":true,\"valueName\":\"search_term_string\"}}],\"inLanguage\":\"fr-FR\"},{\"@type\":\"Organization\",\"@id\":\"http:\\\/\\\/www.semen-l.org\\\/#organization\",\"name\":\"Soci\u00e9t\u00e9 d'\u00e9tudes m\u00e9dio et n\u00e9o-latines\",\"url\":\"http:\\\/\\\/www.semen-l.org\\\/\",\"logo\":{\"@type\":\"ImageObject\",\"inLanguage\":\"fr-FR\",\"@id\":\"http:\\\/\\\/www.semen-l.org\\\/#\\\/schema\\\/logo\\\/image\\\/\",\"url\":\"http:\\\/\\\/www.semen-l.org\\\/wp-content\\\/uploads\\\/2020\\\/11\\\/logo-semenl.jpg\",\"contentUrl\":\"http:\\\/\\\/www.semen-l.org\\\/wp-content\\\/uploads\\\/2020\\\/11\\\/logo-semenl.jpg\",\"width\":408,\"height\":403,\"caption\":\"Soci\u00e9t\u00e9 d'\u00e9tudes m\u00e9dio et n\u00e9o-latines\"},\"image\":{\"@id\":\"http:\\\/\\\/www.semen-l.org\\\/#\\\/schema\\\/logo\\\/image\\\/\"},\"sameAs\":[\"https:\\\/\\\/www.facebook.com\\\/SEMENL2018\",\"https:\\\/\\\/independent.academia.edu\\\/SocitsdtudesmdioetnolatinesSEMENL\"]},{\"@type\":\"Person\",\"@id\":\"http:\\\/\\\/www.semen-l.org\\\/#\\\/schema\\\/person\\\/ef5208815f17666727763c5363a51344\",\"name\":\"Julien Maudoux\",\"image\":{\"@type\":\"ImageObject\",\"inLanguage\":\"fr-FR\",\"@id\":\"https:\\\/\\\/secure.gravatar.com\\\/avatar\\\/caabf4fb6242e2277733cd35a5c2aa083761ea25dae1d1ff3298b54292225292?s=96&d=mm&r=g\",\"url\":\"https:\\\/\\\/secure.gravatar.com\\\/avatar\\\/caabf4fb6242e2277733cd35a5c2aa083761ea25dae1d1ff3298b54292225292?s=96&d=mm&r=g\",\"contentUrl\":\"https:\\\/\\\/secure.gravatar.com\\\/avatar\\\/caabf4fb6242e2277733cd35a5c2aa083761ea25dae1d1ff3298b54292225292?s=96&d=mm&r=g\",\"caption\":\"Julien Maudoux\"},\"description\":\"Webmestre du site de la SEMEN-L\",\"url\":\"https:\\\/\\\/www.semen-l.org\\\/?author=26\"}]}<\/script>\n<!-- \/ Yoast SEO plugin. -->","yoast_head_json":{"title":"Th\u00e8ses en cours \u2013 2025-2026 - Soci\u00e9t\u00e9 d&#039;\u00c9tudes M\u00e9dio Et N\u00e9o-Latines","description":"Th\u00e8ses en cours concernant le m\u00e9diolatin et le n\u00e9o-latin dans les universit\u00e9s fran\u00e7aises, belges, italiennes et suisses","robots":{"index":"index","follow":"follow","max-snippet":"max-snippet:-1","max-image-preview":"max-image-preview:large","max-video-preview":"max-video-preview:-1"},"canonical":"https:\/\/www.semen-l.org\/?p=4204","og_locale":"fr_FR","og_type":"article","og_title":"Th\u00e8ses en cours \u2013 2025-2026 - Soci\u00e9t\u00e9 d&#039;\u00c9tudes M\u00e9dio Et N\u00e9o-Latines","og_description":"Th\u00e8ses en cours concernant le m\u00e9diolatin et le n\u00e9o-latin dans les universit\u00e9s fran\u00e7aises, belges, italiennes et suisses","og_url":"https:\/\/www.semen-l.org\/?p=4204","og_site_name":"Soci\u00e9t\u00e9 d&#039;\u00c9tudes M\u00e9dio Et N\u00e9o-Latines","article_publisher":"https:\/\/www.facebook.com\/SEMENL2018","article_published_time":"2026-01-24T19:20:35+00:00","article_modified_time":"2026-01-24T20:05:48+00:00","author":"Julien Maudoux","twitter_card":"summary_large_image","twitter_misc":{"\u00c9crit par":"Julien Maudoux","Dur\u00e9e de lecture estim\u00e9e":"9 minutes"},"schema":{"@context":"https:\/\/schema.org","@graph":[{"@type":"Article","@id":"https:\/\/www.semen-l.org\/?p=4204#article","isPartOf":{"@id":"https:\/\/www.semen-l.org\/?p=4204"},"author":{"name":"Julien Maudoux","@id":"http:\/\/www.semen-l.org\/#\/schema\/person\/ef5208815f17666727763c5363a51344"},"headline":"Th\u00e8ses en cours \u2013 2025-2026","datePublished":"2026-01-24T19:20:35+00:00","dateModified":"2026-01-24T20:05:48+00:00","mainEntityOfPage":{"@id":"https:\/\/www.semen-l.org\/?p=4204"},"wordCount":1826,"commentCount":0,"publisher":{"@id":"http:\/\/www.semen-l.org\/#organization"},"keywords":["Ad Senecae Medeam commentarii (Raderus)","Alessandri (Alessandro)","Allemagne","Angeriano (Girolamo)","anthologie","Apologia mulierum (Colonna)","Arg\u00e9nis (Jean Barclay)","Argyropoulos (Jean)","Aristophane","Aristote","Aristote (Pseudo)","art","Ausone","Barclay (Jean)","Basini (Basinio)","Bembo (Pietro)","biblioth\u00e8que","Biblioth\u00e8que cistercienne d\u2019Altzelle","Boccace","Bordeaux","Bourbon (Nicolas)","Bud\u00e9 (Guillaume)","Calderini (Domizio)","Carmina (Lovato Lovati)","Carmina varia (Marbode de Rennes)","Casaubon (Isaac)","Catulle","charme","Charpentier (Marc-Antoine)","Chrestien (Florent)","comique","commentaire","Corneille (Pierre)","Cressoles (Louis de)","cuisine","De Deis gentium (Lilio Gregorio Giraldi)","De exterminatione mali et promotione boni (Richard de Saint-Victor)","De imitatione (Bartolomeo Ricci)","De inventoris rerum (Polydore Virgile)","De poeta (Antonio Sebastiano Minturno)","deuil","dialogue philosophique","Directorium ad passagium faciendum","droit","\u00e9dition critique","\u00e9ducation","\u00e9l\u00e9gie","Epigrammata (Jan Kochanowski)","\u00e9pistolaire","\u00c9rasme","\u00e9rotique","Eschyle","Espagne","\u00c9thique \u00e0 Nicomaque","famille","femmes","Ficin (Marsile)","Geniales Dies (Alessandri)","Giraldi (Lilio Gregorio)","grandeur","Gravina (Pietro)","Guillaume de Machaut","H\u00e9ro\u00efdes (Ovide)","histoire","humanisme","imagination","Interpretatio super Suetonium (Domizio Calderini)","Iphig\u00e9nie \u00e0 Aulis (\u00c9rasme)","Isottaeus Liber","Italie","j\u00e9suitisme","Joca monachorum","Joyeuse (Anne de)","Kochanowski (Jan)","lecture","Leo Tuscus","Liber de causis","Lovato Lovati","luxe","Lyrica poesis praeceptionibus et exemplis illustrata (Jacob Masen)","manuscrit","Marbode de Rennes","m\u00e9t\u00e9ore","Minturno (Antonio Sebastiano)","montagne","musique","mythe","mythologie","Naples","Neapolitani Poematum Libri (Gravina)","N\u00e9nies (Jean Salmon Macrin)","Oneirocriticon","Orationarium in vita Jesu Christi et de suffragiis sanctorum","Ovide","Ovide moralis\u00e9","Paeddagogion (Nicolas Bourbon)","paratexte","Pasquier (\u00c9tienne)","p\u00e9dagogie","Petau (Denis)","philosophie","Pirckheimer (Willibald)","Platon (Pseudo)","po\u00e9sie","po\u00e9tique","politique","Pontano (Giovanni)","Poquet (Pierre)","proph\u00e9tie","Pseudo-Achmet","Rader (Matth\u00e4us)","Raoul Tortaire","repr\u00e9sentation","r\u00eave","Ricci (Bartolomeo)","Richard de Saint-Victor","Rome triumphans","Salmon Macrin (Jean)","satire","science","seconde sophistique","Seyssel (Claude de)","Soncino (Girolamo)","spectacle","Stace","Summa dictaminis (Thomas de Capoue)","symbole","th\u00e9\u00e2tre","Theatrum veterum rhetorum (Cressoles)","Thomas de Capoue","tradition","traduction","trag\u00e9die","v\u00e9g\u00e9tal","Vinet (\u00c9lie)","Virgile (Polydore)","Vives (Juan Luis)"],"articleSection":["Th\u00e8ses en cours"],"inLanguage":"fr-FR","potentialAction":[{"@type":"CommentAction","name":"Comment","target":["https:\/\/www.semen-l.org\/?p=4204#respond"]}]},{"@type":"WebPage","@id":"https:\/\/www.semen-l.org\/?p=4204","url":"https:\/\/www.semen-l.org\/?p=4204","name":"Th\u00e8ses en cours \u2013 2025-2026 - Soci\u00e9t\u00e9 d&#039;\u00c9tudes M\u00e9dio Et N\u00e9o-Latines","isPartOf":{"@id":"http:\/\/www.semen-l.org\/#website"},"datePublished":"2026-01-24T19:20:35+00:00","dateModified":"2026-01-24T20:05:48+00:00","description":"Th\u00e8ses en cours concernant le m\u00e9diolatin et le n\u00e9o-latin dans les universit\u00e9s fran\u00e7aises, belges, italiennes et suisses","breadcrumb":{"@id":"https:\/\/www.semen-l.org\/?p=4204#breadcrumb"},"inLanguage":"fr-FR","potentialAction":[{"@type":"ReadAction","target":["https:\/\/www.semen-l.org\/?p=4204"]}]},{"@type":"BreadcrumbList","@id":"https:\/\/www.semen-l.org\/?p=4204#breadcrumb","itemListElement":[{"@type":"ListItem","position":1,"name":"Accueil","item":"http:\/\/www.semen-l.org\/"},{"@type":"ListItem","position":2,"name":"Th\u00e8ses en cours \u2013 2025-2026"}]},{"@type":"WebSite","@id":"http:\/\/www.semen-l.org\/#website","url":"http:\/\/www.semen-l.org\/","name":"Soci\u00e9t\u00e9 d'\u00c9tudes M\u00e9dio Et N\u00e9o-Latines","description":"","publisher":{"@id":"http:\/\/www.semen-l.org\/#organization"},"potentialAction":[{"@type":"SearchAction","target":{"@type":"EntryPoint","urlTemplate":"http:\/\/www.semen-l.org\/?s={search_term_string}"},"query-input":{"@type":"PropertyValueSpecification","valueRequired":true,"valueName":"search_term_string"}}],"inLanguage":"fr-FR"},{"@type":"Organization","@id":"http:\/\/www.semen-l.org\/#organization","name":"Soci\u00e9t\u00e9 d'\u00e9tudes m\u00e9dio et n\u00e9o-latines","url":"http:\/\/www.semen-l.org\/","logo":{"@type":"ImageObject","inLanguage":"fr-FR","@id":"http:\/\/www.semen-l.org\/#\/schema\/logo\/image\/","url":"http:\/\/www.semen-l.org\/wp-content\/uploads\/2020\/11\/logo-semenl.jpg","contentUrl":"http:\/\/www.semen-l.org\/wp-content\/uploads\/2020\/11\/logo-semenl.jpg","width":408,"height":403,"caption":"Soci\u00e9t\u00e9 d'\u00e9tudes m\u00e9dio et n\u00e9o-latines"},"image":{"@id":"http:\/\/www.semen-l.org\/#\/schema\/logo\/image\/"},"sameAs":["https:\/\/www.facebook.com\/SEMENL2018","https:\/\/independent.academia.edu\/SocitsdtudesmdioetnolatinesSEMENL"]},{"@type":"Person","@id":"http:\/\/www.semen-l.org\/#\/schema\/person\/ef5208815f17666727763c5363a51344","name":"Julien Maudoux","image":{"@type":"ImageObject","inLanguage":"fr-FR","@id":"https:\/\/secure.gravatar.com\/avatar\/caabf4fb6242e2277733cd35a5c2aa083761ea25dae1d1ff3298b54292225292?s=96&d=mm&r=g","url":"https:\/\/secure.gravatar.com\/avatar\/caabf4fb6242e2277733cd35a5c2aa083761ea25dae1d1ff3298b54292225292?s=96&d=mm&r=g","contentUrl":"https:\/\/secure.gravatar.com\/avatar\/caabf4fb6242e2277733cd35a5c2aa083761ea25dae1d1ff3298b54292225292?s=96&d=mm&r=g","caption":"Julien Maudoux"},"description":"Webmestre du site de la SEMEN-L","url":"https:\/\/www.semen-l.org\/?author=26"}]}},"jetpack_featured_media_url":"","_links":{"self":[{"href":"https:\/\/www.semen-l.org\/index.php?rest_route=\/wp\/v2\/posts\/4204","targetHints":{"allow":["GET"]}}],"collection":[{"href":"https:\/\/www.semen-l.org\/index.php?rest_route=\/wp\/v2\/posts"}],"about":[{"href":"https:\/\/www.semen-l.org\/index.php?rest_route=\/wp\/v2\/types\/post"}],"author":[{"embeddable":true,"href":"https:\/\/www.semen-l.org\/index.php?rest_route=\/wp\/v2\/users\/26"}],"replies":[{"embeddable":true,"href":"https:\/\/www.semen-l.org\/index.php?rest_route=%2Fwp%2Fv2%2Fcomments&post=4204"}],"version-history":[{"count":0,"href":"https:\/\/www.semen-l.org\/index.php?rest_route=\/wp\/v2\/posts\/4204\/revisions"}],"wp:attachment":[{"href":"https:\/\/www.semen-l.org\/index.php?rest_route=%2Fwp%2Fv2%2Fmedia&parent=4204"}],"wp:term":[{"taxonomy":"category","embeddable":true,"href":"https:\/\/www.semen-l.org\/index.php?rest_route=%2Fwp%2Fv2%2Fcategories&post=4204"},{"taxonomy":"post_tag","embeddable":true,"href":"https:\/\/www.semen-l.org\/index.php?rest_route=%2Fwp%2Fv2%2Ftags&post=4204"}],"curies":[{"name":"wp","href":"https:\/\/api.w.org\/{rel}","templated":true}]}}