{"id":417,"date":"2017-10-26T08:53:31","date_gmt":"2017-10-26T08:53:31","guid":{"rendered":"http:\/\/www.semen-l.org\/?p=417"},"modified":"2020-11-22T17:00:01","modified_gmt":"2020-11-22T17:00:01","slug":"cours-et-seminaires-2017-2018","status":"publish","type":"post","link":"https:\/\/www.semen-l.org\/?p=417","title":{"rendered":"Cours et s\u00e9minaires 2017-2018"},"content":{"rendered":"<p>Pour acc\u00e9der \u00e0 la liste des cours et s\u00e9minaires de l\u2019ann\u00e9e universitaire 2017-2018 dans les domaines m\u00e9dio- et n\u00e9o-latins, veuillez cliquer sur le lien suivant\u00a0: <a href=\"http:\/\/www.semen-l.org\/wp-content\/uploads\/2017\/10\/Cours-et-s\u00e9minaires-2017-2018.pdf\">Cours et s\u00e9minaires 2017-2018<\/a><br \/>\n<a href=\"https:\/\/www.semen-l.org\/wp-content\/uploads\/2017\/10\/Cours-et-s\u00e9minaires-2017-2018.pdf\" class=\"pdfemb-viewer\" style=\"\" data-width=\"max\" data-height=\"max\" data-toolbar=\"both\" data-toolbar-fixed=\"off\">Cours et s\u00e9minaires 2017-2018<\/a><\/p>\n","protected":false},"excerpt":{"rendered":"<p>Pour acc\u00e9der \u00e0 la liste des cours et s\u00e9minaires de l\u2019ann\u00e9e universitaire 2017-2018 dans les domaines m\u00e9dio- et n\u00e9o-latins, veuillez cliquer sur le lien suivant\u00a0: Cours et s\u00e9minaires 2017-2018<\/p>\n","protected":false},"author":7,"featured_media":1201,"comment_status":"open","ping_status":"open","sticky":false,"template":"","format":"standard","meta":{"footnotes":""},"categories":[5],"tags":[213,161,92,136,1346,207,1406,1177,83,81,1407,1408,254,270,1172,1207,284,1215,1168,1409,384,1402,691,309,1415,1410,1187,1420,738,144,222,160,1413,1417,1183,1416,1418,417,223,1405,1182,1403,1199,1404,1208,139,1411,26,264,1419,78,1384,1412,43,1414,1138,53,27,267,371,200,1209],"class_list":["post-417","post","type-post","status-publish","format-standard","has-post-thumbnail","hentry","category-cours-et-seminaires","tag-allegorie","tag-annotation","tag-art","tag-arts-liberaux","tag-bible","tag-bibliotheque","tag-bourbon-nicolas","tag-charles-quint","tag-ciceron","tag-commentaire","tag-conte-religieux","tag-contes-de-la-vie-des-peres","tag-ecdotique","tag-edition","tag-edition-critique","tag-education","tag-elegie","tag-encomiastique","tag-erudition","tag-evangelisme","tag-exemplum","tag-fable","tag-femmes","tag-ficin-marsile","tag-genevieve-sainte","tag-harangue","tag-histoire","tag-histoire-des-textes","tag-hugues-de-saint-victor","tag-humanisme","tag-iconographie","tag-illustration","tag-injure","tag-lapidaire","tag-latin-technique","tag-lutece","tag-miscellanees","tag-mythologie","tag-nu","tag-nugarum-libri-octo","tag-numerique","tag-otium","tag-paleographie","tag-pape","tag-pedagogie","tag-philosophie","tag-plaidoyer","tag-poesie","tag-poesie-lyrique","tag-poetices-libri-septem-scaliger","tag-quintilien","tag-remi-dauxerre","tag-requisitoire","tag-rhetorique","tag-richard-de-saint-victor","tag-sabinus-georg","tag-jules-cesar-scaliger","tag-science","tag-stylistique","tag-traduction","tag-traite","tag-traite-deducation"],"yoast_head":"<!-- This site is optimized with the Yoast SEO plugin v27.5 - https:\/\/yoast.com\/product\/yoast-seo-wordpress\/ -->\n<title>Cours et s\u00e9minaires 2017-2018 - Soci\u00e9t\u00e9 d&#039;\u00c9tudes M\u00e9dio Et N\u00e9o-Latines<\/title>\n<meta name=\"description\" content=\"Liste des cours et s\u00e9minaires de l\u2019ann\u00e9e universitaire 2017-2018 dans les domaines du latin m\u00e9di\u00e9val et du n\u00e9o-latin.\" \/>\n<meta name=\"robots\" content=\"index, follow, max-snippet:-1, max-image-preview:large, max-video-preview:-1\" \/>\n<link rel=\"canonical\" href=\"https:\/\/www.semen-l.org\/?p=417\" \/>\n<meta property=\"og:locale\" content=\"fr_FR\" \/>\n<meta property=\"og:type\" content=\"article\" \/>\n<meta property=\"og:title\" content=\"Cours et s\u00e9minaires 2017-2018 - Soci\u00e9t\u00e9 d&#039;\u00c9tudes M\u00e9dio Et N\u00e9o-Latines\" \/>\n<meta property=\"og:description\" content=\"Liste des cours et s\u00e9minaires de l\u2019ann\u00e9e universitaire 2017-2018 dans les domaines du latin m\u00e9di\u00e9val et du n\u00e9o-latin.\" \/>\n<meta property=\"og:url\" content=\"https:\/\/www.semen-l.org\/?p=417\" \/>\n<meta property=\"og:site_name\" content=\"Soci\u00e9t\u00e9 d&#039;\u00c9tudes M\u00e9dio Et N\u00e9o-Latines\" \/>\n<meta property=\"article:publisher\" content=\"https:\/\/www.facebook.com\/SEMENL2018\" \/>\n<meta property=\"article:published_time\" content=\"2017-10-26T08:53:31+00:00\" \/>\n<meta property=\"article:modified_time\" content=\"2020-11-22T17:00:01+00:00\" \/>\n<meta property=\"og:image\" content=\"https:\/\/www.semen-l.org\/wp-content\/uploads\/2020\/11\/ecole-athenes-categorie.jpg\" \/>\n\t<meta property=\"og:image:width\" content=\"1000\" \/>\n\t<meta property=\"og:image:height\" content=\"300\" \/>\n\t<meta property=\"og:image:type\" content=\"image\/jpeg\" \/>\n<meta name=\"author\" content=\"Claire\" \/>\n<meta name=\"twitter:card\" content=\"summary_large_image\" \/>\n<meta name=\"twitter:label1\" content=\"\u00c9crit par\" \/>\n\t<meta name=\"twitter:data1\" content=\"Claire\" \/>\n<script type=\"application\/ld+json\" class=\"yoast-schema-graph\">{\"@context\":\"https:\\\/\\\/schema.org\",\"@graph\":[{\"@type\":\"Article\",\"@id\":\"https:\\\/\\\/www.semen-l.org\\\/?p=417#article\",\"isPartOf\":{\"@id\":\"https:\\\/\\\/www.semen-l.org\\\/?p=417\"},\"author\":{\"name\":\"Claire\",\"@id\":\"http:\\\/\\\/www.semen-l.org\\\/#\\\/schema\\\/person\\\/c1da10720736e30a9294dcce77355003\"},\"headline\":\"Cours et s\u00e9minaires 2017-2018\",\"datePublished\":\"2017-10-26T08:53:31+00:00\",\"dateModified\":\"2020-11-22T17:00:01+00:00\",\"mainEntityOfPage\":{\"@id\":\"https:\\\/\\\/www.semen-l.org\\\/?p=417\"},\"wordCount\":58,\"commentCount\":0,\"publisher\":{\"@id\":\"http:\\\/\\\/www.semen-l.org\\\/#organization\"},\"image\":{\"@id\":\"https:\\\/\\\/www.semen-l.org\\\/?p=417#primaryimage\"},\"thumbnailUrl\":\"https:\\\/\\\/www.semen-l.org\\\/wp-content\\\/uploads\\\/2020\\\/11\\\/ecole-athenes-categorie.jpg\",\"keywords\":[\"all\u00e9gorie\",\"annotation\",\"art\",\"arts lib\u00e9raux\",\"Bible\",\"biblioth\u00e8que\",\"Bourbon (Nicolas)\",\"Charles Quint\",\"Cic\u00e9ron\",\"commentaire\",\"conte religieux\",\"Contes de la Vie des P\u00e8res\",\"ecdotique\",\"\u00e9dition\",\"\u00e9dition critique\",\"\u00e9ducation\",\"\u00e9l\u00e9gie\",\"encomiastique\",\"\u00e9rudition\",\"\u00e9vang\u00e9lisme\",\"exemplum\",\"fable\",\"femmes\",\"Ficin (Marsile)\",\"Genevi\u00e8ve (sainte)\",\"harangue\",\"histoire\",\"histoire des textes\",\"Hugues de Saint-Victor\",\"humanisme\",\"iconographie\",\"illustration\",\"injure\",\"lapidaire\",\"latin technique\",\"Lut\u00e8ce\",\"miscellan\u00e9es\",\"mythologie\",\"nu\",\"Nugarum libri octo\",\"num\u00e9rique\",\"otium\",\"pal\u00e9ographie\",\"pape\",\"p\u00e9dagogie\",\"philosophie\",\"plaidoyer\",\"po\u00e9sie\",\"po\u00e9sie lyrique\",\"Poetices libri septem (Scaliger)\",\"Quintilien\",\"Remi d\u2019Auxerre\",\"r\u00e9quisitoire\",\"rh\u00e9torique\",\"Richard de Saint-Victor\",\"Sabinus (Georg)\",\"Scaliger (Jules-C\u00e9sar)\",\"science\",\"stylistique\",\"traduction\",\"trait\u00e9\",\"trait\u00e9 d'\u00e9ducation\"],\"articleSection\":[\"Cours et s\u00e9minaires\"],\"inLanguage\":\"fr-FR\",\"potentialAction\":[{\"@type\":\"CommentAction\",\"name\":\"Comment\",\"target\":[\"https:\\\/\\\/www.semen-l.org\\\/?p=417#respond\"]}]},{\"@type\":\"WebPage\",\"@id\":\"https:\\\/\\\/www.semen-l.org\\\/?p=417\",\"url\":\"https:\\\/\\\/www.semen-l.org\\\/?p=417\",\"name\":\"Cours et s\u00e9minaires 2017-2018 - Soci\u00e9t\u00e9 d&#039;\u00c9tudes M\u00e9dio Et N\u00e9o-Latines\",\"isPartOf\":{\"@id\":\"http:\\\/\\\/www.semen-l.org\\\/#website\"},\"primaryImageOfPage\":{\"@id\":\"https:\\\/\\\/www.semen-l.org\\\/?p=417#primaryimage\"},\"image\":{\"@id\":\"https:\\\/\\\/www.semen-l.org\\\/?p=417#primaryimage\"},\"thumbnailUrl\":\"https:\\\/\\\/www.semen-l.org\\\/wp-content\\\/uploads\\\/2020\\\/11\\\/ecole-athenes-categorie.jpg\",\"datePublished\":\"2017-10-26T08:53:31+00:00\",\"dateModified\":\"2020-11-22T17:00:01+00:00\",\"description\":\"Liste des cours et s\u00e9minaires de l\u2019ann\u00e9e universitaire 2017-2018 dans les domaines du latin m\u00e9di\u00e9val et du n\u00e9o-latin.\",\"breadcrumb\":{\"@id\":\"https:\\\/\\\/www.semen-l.org\\\/?p=417#breadcrumb\"},\"inLanguage\":\"fr-FR\",\"potentialAction\":[{\"@type\":\"ReadAction\",\"target\":[\"https:\\\/\\\/www.semen-l.org\\\/?p=417\"]}]},{\"@type\":\"ImageObject\",\"inLanguage\":\"fr-FR\",\"@id\":\"https:\\\/\\\/www.semen-l.org\\\/?p=417#primaryimage\",\"url\":\"https:\\\/\\\/www.semen-l.org\\\/wp-content\\\/uploads\\\/2020\\\/11\\\/ecole-athenes-categorie.jpg\",\"contentUrl\":\"https:\\\/\\\/www.semen-l.org\\\/wp-content\\\/uploads\\\/2020\\\/11\\\/ecole-athenes-categorie.jpg\",\"width\":1000,\"height\":300},{\"@type\":\"BreadcrumbList\",\"@id\":\"https:\\\/\\\/www.semen-l.org\\\/?p=417#breadcrumb\",\"itemListElement\":[{\"@type\":\"ListItem\",\"position\":1,\"name\":\"Accueil\",\"item\":\"http:\\\/\\\/www.semen-l.org\\\/\"},{\"@type\":\"ListItem\",\"position\":2,\"name\":\"Cours et s\u00e9minaires 2017-2018\"}]},{\"@type\":\"WebSite\",\"@id\":\"http:\\\/\\\/www.semen-l.org\\\/#website\",\"url\":\"http:\\\/\\\/www.semen-l.org\\\/\",\"name\":\"Soci\u00e9t\u00e9 d'\u00c9tudes M\u00e9dio Et N\u00e9o-Latines\",\"description\":\"\",\"publisher\":{\"@id\":\"http:\\\/\\\/www.semen-l.org\\\/#organization\"},\"potentialAction\":[{\"@type\":\"SearchAction\",\"target\":{\"@type\":\"EntryPoint\",\"urlTemplate\":\"http:\\\/\\\/www.semen-l.org\\\/?s={search_term_string}\"},\"query-input\":{\"@type\":\"PropertyValueSpecification\",\"valueRequired\":true,\"valueName\":\"search_term_string\"}}],\"inLanguage\":\"fr-FR\"},{\"@type\":\"Organization\",\"@id\":\"http:\\\/\\\/www.semen-l.org\\\/#organization\",\"name\":\"Soci\u00e9t\u00e9 d'\u00e9tudes m\u00e9dio et n\u00e9o-latines\",\"url\":\"http:\\\/\\\/www.semen-l.org\\\/\",\"logo\":{\"@type\":\"ImageObject\",\"inLanguage\":\"fr-FR\",\"@id\":\"http:\\\/\\\/www.semen-l.org\\\/#\\\/schema\\\/logo\\\/image\\\/\",\"url\":\"http:\\\/\\\/www.semen-l.org\\\/wp-content\\\/uploads\\\/2020\\\/11\\\/logo-semenl.jpg\",\"contentUrl\":\"http:\\\/\\\/www.semen-l.org\\\/wp-content\\\/uploads\\\/2020\\\/11\\\/logo-semenl.jpg\",\"width\":408,\"height\":403,\"caption\":\"Soci\u00e9t\u00e9 d'\u00e9tudes m\u00e9dio et n\u00e9o-latines\"},\"image\":{\"@id\":\"http:\\\/\\\/www.semen-l.org\\\/#\\\/schema\\\/logo\\\/image\\\/\"},\"sameAs\":[\"https:\\\/\\\/www.facebook.com\\\/SEMENL2018\",\"https:\\\/\\\/independent.academia.edu\\\/SocitsdtudesmdioetnolatinesSEMENL\"]},{\"@type\":\"Person\",\"@id\":\"http:\\\/\\\/www.semen-l.org\\\/#\\\/schema\\\/person\\\/c1da10720736e30a9294dcce77355003\",\"name\":\"Claire\",\"image\":{\"@type\":\"ImageObject\",\"inLanguage\":\"fr-FR\",\"@id\":\"https:\\\/\\\/secure.gravatar.com\\\/avatar\\\/fb942a7c25d70507e1cb150869aba56fe90ac8bf729ffb876b9b80161bf79d4f?s=96&d=mm&r=g\",\"url\":\"https:\\\/\\\/secure.gravatar.com\\\/avatar\\\/fb942a7c25d70507e1cb150869aba56fe90ac8bf729ffb876b9b80161bf79d4f?s=96&d=mm&r=g\",\"contentUrl\":\"https:\\\/\\\/secure.gravatar.com\\\/avatar\\\/fb942a7c25d70507e1cb150869aba56fe90ac8bf729ffb876b9b80161bf79d4f?s=96&d=mm&r=g\",\"caption\":\"Claire\"},\"url\":\"https:\\\/\\\/www.semen-l.org\\\/?author=7\"}]}<\/script>\n<!-- \/ Yoast SEO plugin. -->","yoast_head_json":{"title":"Cours et s\u00e9minaires 2017-2018 - Soci\u00e9t\u00e9 d&#039;\u00c9tudes M\u00e9dio Et N\u00e9o-Latines","description":"Liste des cours et s\u00e9minaires de l\u2019ann\u00e9e universitaire 2017-2018 dans les domaines du latin m\u00e9di\u00e9val et du n\u00e9o-latin.","robots":{"index":"index","follow":"follow","max-snippet":"max-snippet:-1","max-image-preview":"max-image-preview:large","max-video-preview":"max-video-preview:-1"},"canonical":"https:\/\/www.semen-l.org\/?p=417","og_locale":"fr_FR","og_type":"article","og_title":"Cours et s\u00e9minaires 2017-2018 - Soci\u00e9t\u00e9 d&#039;\u00c9tudes M\u00e9dio Et N\u00e9o-Latines","og_description":"Liste des cours et s\u00e9minaires de l\u2019ann\u00e9e universitaire 2017-2018 dans les domaines du latin m\u00e9di\u00e9val et du n\u00e9o-latin.","og_url":"https:\/\/www.semen-l.org\/?p=417","og_site_name":"Soci\u00e9t\u00e9 d&#039;\u00c9tudes M\u00e9dio Et N\u00e9o-Latines","article_publisher":"https:\/\/www.facebook.com\/SEMENL2018","article_published_time":"2017-10-26T08:53:31+00:00","article_modified_time":"2020-11-22T17:00:01+00:00","og_image":[{"width":1000,"height":300,"url":"https:\/\/www.semen-l.org\/wp-content\/uploads\/2020\/11\/ecole-athenes-categorie.jpg","type":"image\/jpeg"}],"author":"Claire","twitter_card":"summary_large_image","twitter_misc":{"\u00c9crit par":"Claire"},"schema":{"@context":"https:\/\/schema.org","@graph":[{"@type":"Article","@id":"https:\/\/www.semen-l.org\/?p=417#article","isPartOf":{"@id":"https:\/\/www.semen-l.org\/?p=417"},"author":{"name":"Claire","@id":"http:\/\/www.semen-l.org\/#\/schema\/person\/c1da10720736e30a9294dcce77355003"},"headline":"Cours et s\u00e9minaires 2017-2018","datePublished":"2017-10-26T08:53:31+00:00","dateModified":"2020-11-22T17:00:01+00:00","mainEntityOfPage":{"@id":"https:\/\/www.semen-l.org\/?p=417"},"wordCount":58,"commentCount":0,"publisher":{"@id":"http:\/\/www.semen-l.org\/#organization"},"image":{"@id":"https:\/\/www.semen-l.org\/?p=417#primaryimage"},"thumbnailUrl":"https:\/\/www.semen-l.org\/wp-content\/uploads\/2020\/11\/ecole-athenes-categorie.jpg","keywords":["all\u00e9gorie","annotation","art","arts lib\u00e9raux","Bible","biblioth\u00e8que","Bourbon (Nicolas)","Charles Quint","Cic\u00e9ron","commentaire","conte religieux","Contes de la Vie des P\u00e8res","ecdotique","\u00e9dition","\u00e9dition critique","\u00e9ducation","\u00e9l\u00e9gie","encomiastique","\u00e9rudition","\u00e9vang\u00e9lisme","exemplum","fable","femmes","Ficin (Marsile)","Genevi\u00e8ve (sainte)","harangue","histoire","histoire des textes","Hugues de Saint-Victor","humanisme","iconographie","illustration","injure","lapidaire","latin technique","Lut\u00e8ce","miscellan\u00e9es","mythologie","nu","Nugarum libri octo","num\u00e9rique","otium","pal\u00e9ographie","pape","p\u00e9dagogie","philosophie","plaidoyer","po\u00e9sie","po\u00e9sie lyrique","Poetices libri septem (Scaliger)","Quintilien","Remi d\u2019Auxerre","r\u00e9quisitoire","rh\u00e9torique","Richard de Saint-Victor","Sabinus (Georg)","Scaliger (Jules-C\u00e9sar)","science","stylistique","traduction","trait\u00e9","trait\u00e9 d'\u00e9ducation"],"articleSection":["Cours et s\u00e9minaires"],"inLanguage":"fr-FR","potentialAction":[{"@type":"CommentAction","name":"Comment","target":["https:\/\/www.semen-l.org\/?p=417#respond"]}]},{"@type":"WebPage","@id":"https:\/\/www.semen-l.org\/?p=417","url":"https:\/\/www.semen-l.org\/?p=417","name":"Cours et s\u00e9minaires 2017-2018 - Soci\u00e9t\u00e9 d&#039;\u00c9tudes M\u00e9dio Et N\u00e9o-Latines","isPartOf":{"@id":"http:\/\/www.semen-l.org\/#website"},"primaryImageOfPage":{"@id":"https:\/\/www.semen-l.org\/?p=417#primaryimage"},"image":{"@id":"https:\/\/www.semen-l.org\/?p=417#primaryimage"},"thumbnailUrl":"https:\/\/www.semen-l.org\/wp-content\/uploads\/2020\/11\/ecole-athenes-categorie.jpg","datePublished":"2017-10-26T08:53:31+00:00","dateModified":"2020-11-22T17:00:01+00:00","description":"Liste des cours et s\u00e9minaires de l\u2019ann\u00e9e universitaire 2017-2018 dans les domaines du latin m\u00e9di\u00e9val et du n\u00e9o-latin.","breadcrumb":{"@id":"https:\/\/www.semen-l.org\/?p=417#breadcrumb"},"inLanguage":"fr-FR","potentialAction":[{"@type":"ReadAction","target":["https:\/\/www.semen-l.org\/?p=417"]}]},{"@type":"ImageObject","inLanguage":"fr-FR","@id":"https:\/\/www.semen-l.org\/?p=417#primaryimage","url":"https:\/\/www.semen-l.org\/wp-content\/uploads\/2020\/11\/ecole-athenes-categorie.jpg","contentUrl":"https:\/\/www.semen-l.org\/wp-content\/uploads\/2020\/11\/ecole-athenes-categorie.jpg","width":1000,"height":300},{"@type":"BreadcrumbList","@id":"https:\/\/www.semen-l.org\/?p=417#breadcrumb","itemListElement":[{"@type":"ListItem","position":1,"name":"Accueil","item":"http:\/\/www.semen-l.org\/"},{"@type":"ListItem","position":2,"name":"Cours et s\u00e9minaires 2017-2018"}]},{"@type":"WebSite","@id":"http:\/\/www.semen-l.org\/#website","url":"http:\/\/www.semen-l.org\/","name":"Soci\u00e9t\u00e9 d'\u00c9tudes M\u00e9dio Et N\u00e9o-Latines","description":"","publisher":{"@id":"http:\/\/www.semen-l.org\/#organization"},"potentialAction":[{"@type":"SearchAction","target":{"@type":"EntryPoint","urlTemplate":"http:\/\/www.semen-l.org\/?s={search_term_string}"},"query-input":{"@type":"PropertyValueSpecification","valueRequired":true,"valueName":"search_term_string"}}],"inLanguage":"fr-FR"},{"@type":"Organization","@id":"http:\/\/www.semen-l.org\/#organization","name":"Soci\u00e9t\u00e9 d'\u00e9tudes m\u00e9dio et n\u00e9o-latines","url":"http:\/\/www.semen-l.org\/","logo":{"@type":"ImageObject","inLanguage":"fr-FR","@id":"http:\/\/www.semen-l.org\/#\/schema\/logo\/image\/","url":"http:\/\/www.semen-l.org\/wp-content\/uploads\/2020\/11\/logo-semenl.jpg","contentUrl":"http:\/\/www.semen-l.org\/wp-content\/uploads\/2020\/11\/logo-semenl.jpg","width":408,"height":403,"caption":"Soci\u00e9t\u00e9 d'\u00e9tudes m\u00e9dio et n\u00e9o-latines"},"image":{"@id":"http:\/\/www.semen-l.org\/#\/schema\/logo\/image\/"},"sameAs":["https:\/\/www.facebook.com\/SEMENL2018","https:\/\/independent.academia.edu\/SocitsdtudesmdioetnolatinesSEMENL"]},{"@type":"Person","@id":"http:\/\/www.semen-l.org\/#\/schema\/person\/c1da10720736e30a9294dcce77355003","name":"Claire","image":{"@type":"ImageObject","inLanguage":"fr-FR","@id":"https:\/\/secure.gravatar.com\/avatar\/fb942a7c25d70507e1cb150869aba56fe90ac8bf729ffb876b9b80161bf79d4f?s=96&d=mm&r=g","url":"https:\/\/secure.gravatar.com\/avatar\/fb942a7c25d70507e1cb150869aba56fe90ac8bf729ffb876b9b80161bf79d4f?s=96&d=mm&r=g","contentUrl":"https:\/\/secure.gravatar.com\/avatar\/fb942a7c25d70507e1cb150869aba56fe90ac8bf729ffb876b9b80161bf79d4f?s=96&d=mm&r=g","caption":"Claire"},"url":"https:\/\/www.semen-l.org\/?author=7"}]}},"jetpack_featured_media_url":"https:\/\/www.semen-l.org\/wp-content\/uploads\/2020\/11\/ecole-athenes-categorie.jpg","_links":{"self":[{"href":"https:\/\/www.semen-l.org\/index.php?rest_route=\/wp\/v2\/posts\/417","targetHints":{"allow":["GET"]}}],"collection":[{"href":"https:\/\/www.semen-l.org\/index.php?rest_route=\/wp\/v2\/posts"}],"about":[{"href":"https:\/\/www.semen-l.org\/index.php?rest_route=\/wp\/v2\/types\/post"}],"author":[{"embeddable":true,"href":"https:\/\/www.semen-l.org\/index.php?rest_route=\/wp\/v2\/users\/7"}],"replies":[{"embeddable":true,"href":"https:\/\/www.semen-l.org\/index.php?rest_route=%2Fwp%2Fv2%2Fcomments&post=417"}],"version-history":[{"count":0,"href":"https:\/\/www.semen-l.org\/index.php?rest_route=\/wp\/v2\/posts\/417\/revisions"}],"wp:featuredmedia":[{"embeddable":true,"href":"https:\/\/www.semen-l.org\/index.php?rest_route=\/wp\/v2\/media\/1201"}],"wp:attachment":[{"href":"https:\/\/www.semen-l.org\/index.php?rest_route=%2Fwp%2Fv2%2Fmedia&parent=417"}],"wp:term":[{"taxonomy":"category","embeddable":true,"href":"https:\/\/www.semen-l.org\/index.php?rest_route=%2Fwp%2Fv2%2Fcategories&post=417"},{"taxonomy":"post_tag","embeddable":true,"href":"https:\/\/www.semen-l.org\/index.php?rest_route=%2Fwp%2Fv2%2Ftags&post=417"}],"curies":[{"name":"wp","href":"https:\/\/api.w.org\/{rel}","templated":true}]}}