{"id":411,"date":"2017-10-16T10:53:16","date_gmt":"2017-10-16T10:53:16","guid":{"rendered":"http:\/\/www.semen-l.org\/?p=411"},"modified":"2025-01-15T15:23:47","modified_gmt":"2025-01-15T15:23:47","slug":"publications-recentes-septembre-2017","status":"publish","type":"post","link":"https:\/\/www.semen-l.org\/?p=411","title":{"rendered":"Publications r\u00e9centes (septembre 2017)"},"content":{"rendered":"<p>Pour acc\u00e9der \u00e0 une bibliographie indicative des ouvrages parus au cours de l&rsquo;ann\u00e9e universitaire 2016-2017 dans les domaines m\u00e9dio- et n\u00e9o-latins, veuillez cliquer sur le lien suivant :\u00a0<a href=\"http:\/\/www.semen-l.org\/wp-content\/uploads\/2017\/10\/Publications-r\u00e9centes-septembre-2017.pdf\">Publications r\u00e9centes (septembre 2017)<\/a>.<\/p>\n<a href=\"https:\/\/www.semen-l.org\/wp-content\/uploads\/2017\/10\/Publications-r\u00e9centes-septembre-2017.pdf\" class=\"pdfemb-viewer\" style=\"\" data-width=\"max\" data-height=\"max\" data-toolbar=\"both\" data-toolbar-fixed=\"off\">Publications r\u00e9centes (septembre 2017)<\/a>\n<p>*<\/p>\n<p>Version en texte clair (le document ayant \u00e9t\u00e9 trait\u00e9 automatiquement, il est possible que des erreurs de reconnaissance soient pr\u00e9sentes).<\/p>\n<h1>I.\u00a0 Textes<\/h1>\n<p>VV., <em>Le<\/em> <em>dossier<\/em> <em>saint<\/em> <em>L\u00e9ger<\/em>, trad., intro. et notes sous la dir. de B. Dum\u00e9zil, Paris, Les Belles Lettres, coll. \u00ab La Roue \u00e0 livres \u00bb, 2017.<\/p>\n<p>VV., <em>Scripta<\/em> <em>medii<\/em> <em>aeui<\/em> <em>de<\/em> <em>uita<\/em> <em>Isidori<\/em> <em>episcopi<\/em> <em>Hispalensis<\/em>, \u00e9d. J. C. Mart\u00edn-Iglesias, Turnhout, Brepols, coll. \u00ab Corpus Christianorum \u2013 Continuatio Mediaevalis \u00bb, 2016 [\u00e9tude et \u00e9dition critique de plusieurs compositions hagiographiques en l\u2019honneur d\u2019Isidore de S\u00e9ville r\u00e9dig\u00e9es en Espagne entre le XI<sup>e<\/sup> et le XIII<sup>e<\/sup> s.].<\/p>\n<p>VV., <em>V\u00e9nus<\/em> <em>et<\/em> <em>Priape.<\/em> <em>Anthologie<\/em> <em>de<\/em> <em>po\u00e9sie<\/em> <em>\u00e9rotique<\/em> <em>n\u00e9o-latine<\/em> <em>du<\/em> <em>Quattrocento<\/em>, choix, intro. et trad. par S\u00e9nard, Gen\u00e8ve, Droz, coll. \u00ab Texte courant \u00bb, 2017.<\/p>\n<p>AB\u00c9LARD Pierre, <em>Glossae<\/em> <em>super<\/em> <em>Peri<\/em> <em>Hermeneias<\/em> <em>II<\/em> <em>:<\/em> <em>Glossae<\/em> <em>\u00ab<\/em> <em>Doctrinae<\/em> <em>Sermonum<\/em> <em>\u00bb<\/em> <em>;<\/em> <em>De<\/em> <em>propositionibus<\/em> <em>modalibus<\/em>, \u00e9d. P. King, K. Jacobi et C. Strub, Turnhout, Brepols, coll. \u00ab Corpus Christianorum \u2013 Continuatio Mediaevalis \u00bb, 2016.<\/p>\n<p>AELRED DE RIEVAULX, <em>Opera<\/em> <em>omnia<\/em> <em>VI<\/em> <em>:<\/em> <em>Opera<\/em> <em>historica<\/em> <em>et<\/em> <em>hagiographica<\/em>, \u00e9d. D. Pezzini, Turnhout, Brepols, coll. \u00ab Corpus Christianorum \u2013 Continuatio Mediaevalis \u00bb, 2017.<\/p>\n<p>AELRED DE RIEVAULX, <em>Opera<\/em> <em>omnia<\/em> <em>VII<\/em> <em>:<\/em> <em>Vita<\/em> <em>sancti<\/em> <em>Aedwardi<\/em> <em>Regis<\/em> <em>et<\/em> <em>Confessoris<\/em>, \u00e9d. F. Marzella, Turnhout, Brepols, coll. \u00ab Corpus Christianorum \u2013 Continuatio Mediaevalis \u00bb, 2017.<\/p>\n<p>ALBERTI Leon Battista, <em>Momus<\/em> <em>ou<\/em> <em>le<\/em> <em>Prince.<\/em> <em>Fable<\/em> <em>politique<\/em>, trad. de C. Laurens, pr\u00e9f. de P. Laurens, Paris, Les Belles Lettres, 2017.<\/p>\n<p>ALCIATO Andrea, <em>Filargiro<\/em> <em>\u2013<\/em> <em>Commedia<\/em>, a cura di R. Ruggiero, intro. di Giovanni Rossi, Torino, Nino Aragno, coll. \u00ab Biblioteca Aragno \u00bb, 2017.<\/p>\n<p><em>Ars<\/em> <em>Ambianensis.<\/em> <em>Le<\/em> <em>tre<\/em> <em>redazioni<\/em> <em>delle<\/em> <em>\u00ab<\/em> <em>Declinationes<\/em> <em>nominum<\/em> <em>\u00bb<\/em>, ed. princeps con commento e indici a cura di C. Giammona, Hildesheim, Olms-Weidmann, coll. \u00ab Bibliotheca Weidmanniana \u2013 Collectanea grammatica Latina \u00bb, 2016.<\/p>\n<p>AVICENNE (?), <em>\u00c9p\u00eetre<\/em> <em>sur<\/em> <em>les<\/em> <em>Proph\u00e9ties<\/em>, texte et intro. par O. Lizzini, trad. et notes par J.-B. Brenet, Paris, Vrin, coll. \u00ab Translatio \u00bb, 2017.<\/p>\n<p>[BALDE Jakob] LEF\u00c8VRE E., <em>Jakob<\/em> <em>Baldes<\/em> <em>\u2018Expeditio<\/em> <em>Polemico-Poetica\u2019<\/em> <em>(1664).<\/em> <em>Eine<\/em> <em>satirische<\/em> <em>Verteidigung<\/em> <em>der<\/em> <em>lateinischen<\/em> <em>und<\/em> <em>neulateinischen<\/em> <em>Literatur<\/em>. Einf\u00fchrung, Text, \u00dcbersetzung, Kommentar, Berlin, De Gruyter, coll. \u00ab Beitr\u00e4ge zur Altertumskunde \u00bb, 2017.<\/p>\n<p><em>Breve<\/em> <em>chronicon<\/em> <em>de<\/em> <em>rebus<\/em> <em>Siculis<\/em>, ed., trad. e comm. a cura di Fulvio Delle Donne, Firenze, Sismel \u2013 Edizioni del Galluzzo, coll. \u00ab Edizione Nazionale dei Testi Mediolatini d\u2019Italia \u00bb, 2017.<\/p>\n<p>CARPANI Giuseppe Enrico, <em>Ionathas<\/em>, intro., ed., trad. e comm. a cura di V. Sanzotta, Hildesheim- Z\u00fcrich-New York, Olms, coll. \u00ab Noctes Neo-Latinae \u2013 Neo-Latin Texts and Studies \u00bb, 2016.<\/p>\n<p>CUES Nicolas de, <em>La<\/em> <em>Chasse<\/em> <em>de<\/em> <em>la<\/em> <em>sagesse<\/em> <em>et<\/em> <em>autres<\/em> <em>\u0153uvres<\/em> <em>de<\/em> <em>philosophie<\/em> <em>tardive<\/em>, trad. et comm. par J. Sfez, Paris, Les Belles Lettres, coll. \u00ab Sagesses m\u00e9di\u00e9vales \u00bb, 2017.<\/p>\n<p><em>The<\/em> <em>Disputatio<\/em> <em>puerorum.<\/em> <em>A<\/em> <em>Ninth-Century<\/em> <em>Monastic<\/em> <em>Instructional<\/em> <em>Text<\/em>, ed. from Vienna, \u00d6sterreichische Nationalbibliothek, 458 by A. Rabin and L. Felsen, Toronto, Pontifical Institute of Mediaeval Studies, coll. \u00ab Toronto Medieval Latin Texts \u00bb, 2017.<\/p>\n<p><em>L\u2019\u00c9pop\u00e9e<\/em> <em>pour<\/em> <em>rire.<\/em> <em>\u00ab<\/em> <em>Le<\/em> <em>Voyage<\/em> <em>de<\/em> <em>Charlemagne<\/em> <em>\u00e0<\/em> <em>J\u00e9rusalem<\/em> <em>et<\/em> <em>\u00e0<\/em> <em>Constantinople<\/em> \u00bb <em>et<\/em> <em>\u00ab<\/em> <em>Audigier<\/em> <em>\u00bb<\/em>, \u00e9d., trad. et comm. par A. Corbellari, Paris, Honor\u00e9 Champion, coll. \u00ab Champion Classiques \u2013 Moyen \u00c2ge \u00bb, 2017.<\/p>\n<p>FOULQUES DE CAMBRAI, <em>La<\/em> <em>Fondation<\/em> <em>de<\/em> <em>l\u2019Abbaye<\/em> <em>de<\/em> <em>Vaucelles<\/em>, \u00e9d. et trad. par B.-M. Tock, Paris, Les Belles Lettres, coll. \u00ab Classiques de l\u2019Histoire au Moyen \u00c2ge \u00bb, 2016.<\/p>\n<p>GILLES DE CORBEIL, <em>Liber<\/em> <em>de<\/em> <em>uirtutibus<\/em> <em>et<\/em> <em>laudibus<\/em> <em>compositorum<\/em> <em>medicaminum<\/em>, \u00e9d. et comm. de M. Aus\u00e9cache, Firenze, Sismel \u2013 Edizioni del Galluzzo, coll. \u00ab Edizione Nazionale \u2018La Scuola Medica Salernitana\u2019 \u00bb, 2017.<\/p>\n<p><em>Glosae<\/em> <em>in<\/em> <em>regula<\/em> <em>Sancti<\/em> <em>Benedicti<\/em> <em>abbatis<\/em> <em>ad<\/em> <em>usum<\/em> <em>Smaragdi<\/em> <em>Sancti<\/em> <em>Michaelis<\/em> <em>abbatis<\/em>, \u00e9d. M. van der Meer, Turnhout, Brepols, coll. \u00ab Corpus Christianorum \u2013 Continuatio Mediaevalis \u00bb, 2017.<\/p>\n<p>GOSSELIN Guillaume, <em>De<\/em> <em>arte<\/em> <em>magna<\/em> <em>libri<\/em> <em>IV<\/em> <em>\/<\/em> <em>Trait\u00e9<\/em> <em>d\u2019alg\u00e8bre<\/em>, suivi de <em>Praelectio<\/em> <em>\/<\/em> <em>Le\u00e7on<\/em> <em>sur<\/em> <em>la<\/em> <em>math\u00e9matique<\/em>, \u00e9tude introductive, trad. et notes par O. Le Guillou-Kouteynikoff, Paris, Les Belles Lettres, coll. \u00ab Sciences et savoirs \u00bb, 2016.<\/p>\n<p><em>The<\/em> <em>Gothic<\/em> <em>Missal<\/em>, intro., trans. and notes by E. Rose, Turnhout, Brepols, coll. \u00ab Corpus Christianorum in Translation \u00bb, 2017.<\/p>\n<p>GROOTE G\u00e9rard, <em>Opera<\/em> <em>omnia<\/em> <em>II,<\/em> <em>2<\/em> <em>:<\/em> <em>Scripta<\/em> <em>contra<\/em> <em>simoniam<\/em> <em>et<\/em> <em>proprietarios<\/em>, \u00e9d. R. H. F. Hofman et M. van den Berg, Turnhout, Brepols, coll. \u00ab Corpus Christianorum \u2013 Continuatio Mediaevalis \u00bb, 2016.<\/p>\n<p>HERBERT DE TORRES, <em>Liber<\/em> <em>uisionum<\/em> <em>et<\/em> <em>miraculorum<\/em> <em>Clareuallensium<\/em>, \u00e9d. G. Zichi, G. Fois et S. Mula, Turnhout, Brepols, coll. \u00ab Corpus Christianorum \u2013 Continuatio Mediaevalis \u00bb, 2017.<\/p>\n<p>HILDUIN OF SAINT-DENIS, <em>The<\/em> Passio S. Dionysii <em>in<\/em> <em>Prose<\/em> <em>and<\/em> <em>Verse<\/em>, \u00e9d. M. Lapidge, Leiden, Brill, coll. \u00ab Mittellateinische Studien und Texte \u00bb, 2017.<\/p>\n<p>HUS Jean, <em>Constantiensia<\/em>, \u00e9d. Helena Krm\u00ed\u010dkov\u00e1, Turnhout, Brepols, coll. \u00ab Corpus Christianorum \u2013 Continuatio Mediaevalis \u00bb, 2016.<\/p>\n<p>ISIDORE DE S\u00c9VILLE, <em>Etymologiae<\/em> <em>XV<\/em> \/ <em>\u00c9tymologies<\/em> <em>\u2013<\/em> <em>Livre<\/em> <em>XV<\/em> <em>:<\/em> <em>De<\/em> <em>aedificiis<\/em> <em>et<\/em> <em>agris<\/em> <em>\/<\/em> <em>Constructions<\/em> <em>et<\/em> <em>terres<\/em>, \u00e9d. et trad. par J.-Y. Guillaumin, Paris, Les Belles Lettres, coll. \u00ab Auteurs latins du Moyen \u00c2ge \u00bb, 2016.<\/p>\n<p>[JEAN DE TOURNAI] <em>Le<\/em> <em>r\u00e9cit<\/em> <em>des<\/em> <em>voyages<\/em> <em>et<\/em> <em>p\u00e8lerinages<\/em> <em>de<\/em> <em>Jean<\/em> <em>de<\/em> <em>Tournai,<\/em> <em>1488-1489<\/em>, \u00e9d. B. Dansette et M.-A. Nielen, Paris, CNRS \u00c9ditions, coll. \u00ab Sources d\u2019Histoire M\u00e9di\u00e9vale \u00bb, 2017.<\/p>\n<p>LIPSE Juste, <em>La<\/em> <em>Constance<\/em>, trad. par J. Lagr\u00e9e, Paris, Classiques Garnier, coll. \u00ab Textes de philosophie \u00bb, 2016.<\/p>\n<p>[LIPSE Juste] HENDRICKSON T. G., <em>Ancient<\/em> <em>Libraries<\/em> <em>and<\/em> <em>Renaissance<\/em> <em>Humanism.<\/em> <em>The<\/em> De bibliothecis <em>of<\/em> <em>Justus<\/em> <em>Lipsius<\/em>, Leiden-Boston, Brill, coll. \u00ab Brill\u2019s Studies in Intellectual History \u00bb, 2017.<\/p>\n<p>MANUTIUS Aldus, <em>Humanism<\/em> <em>and<\/em> <em>the<\/em> <em>Latin<\/em> <em>Classics<\/em>, ed. and trans. by J. N. Grant, Cambridge MA, Harvard University Press, coll. \u00ab The I Tatti Renaissance Library \u00bb, 2017.<\/p>\n<p>[MASCAR\u00d3 Guillem] MART\u00cdN-IGLESIAS J. C., <em>El<\/em> <em>denominado<\/em> <em>Cronic\u00f3n<\/em> <em>de<\/em> <em>Guillem<\/em> <em>Mascar\u00f3<\/em> <em>(\u2020<\/em> <em>1405)<\/em> <em>y<\/em> <em>sus<\/em> <em>continuaciones.<\/em> <em>Introducci\u00f3n,<\/em> <em>edici\u00f3n<\/em> <em>y<\/em> <em>traducci\u00f3n<\/em>, Paris, SEMH-Sorbonne, coll. \u00ab Les livres d\u2019e- Spania \u00bb, 2017, en ligne : https:\/\/e-spanialivres.revues.org\/1084.<\/p>\n<p>[PAPEUS Petrus] NODES N., <em>Parables<\/em> <em>on<\/em> <em>a<\/em> <em>Roman<\/em> <em>Comic<\/em> <em>Stage<\/em> <em>:<\/em> Samarites \u2013 Comoedia de Samaritano Evangelico <em>(1539)<\/em> <em>by<\/em> <em>Petrus<\/em> <em>Papeus,<\/em> <em>Together<\/em> <em>with<\/em> <em>the<\/em> <em>Commentary<\/em> <em>of<\/em> <em>Alexius<\/em> <em>Vanegas<\/em> <em>of<\/em> <em>Toledo<\/em> <em>(1542)<\/em>, Leiden-Boston, Brill, coll. \u00ab Drama and Theatre in Early Modern Europe \u00bb, 2017.<\/p>\n<p>PETRARCA Francesco, <em>Selected<\/em> <em>Letters,<\/em> trans. by E. Fantham, Cambridge MA, Harvard University Press, coll. \u00ab The I Tatti Renaissance Library \u00bb, 2017, 2 volumes.<\/p>\n<p>PIC DE LA MIRANDOLE, <em>Les<\/em> <em>900<\/em> <em>conclusions<\/em>, pr\u00e9c\u00e9d\u00e9 de <em>La<\/em> <em>condamnation<\/em> <em>de<\/em> <em>Pic<\/em> <em>de<\/em> <em>la<\/em> <em>Mirandole<\/em> par L. Valcke, \u00e9d., trad. et notes par D. Viellard, avec la coll. de N. Roudet, Paris, Les Belles Lettres, coll. \u00ab Le Miroir des Humanistes \u00bb, 2017.<\/p>\n<p>PSEUDO-B\u00c8DE, <em>De<\/em> <em>mundi<\/em> <em>caelestis<\/em> <em>terrestrisque<\/em> <em>constitutione<\/em> <em>liber<\/em> <em>\u2013<\/em> <em>La<\/em> <em>cr\u00e9ation<\/em> <em>du<\/em> <em>monde<\/em> <em>c\u00e9leste<\/em> <em>et<\/em> <em>terrestre<\/em>, \u00e9d. et trad. par M. Pradel-Baquerre, C. Biasi et A. G\u00e9vaudan, sous la dir. de B. Bakhouche, Paris, Classiques Garnier, coll. \u00ab Textes litt\u00e9raires du Moyen \u00c2ge \u00bb, 2017.<\/p>\n<p><em>La<\/em> <em>R\u00e9forme<\/em> <em>du<\/em> <em>calendrier<\/em> <em>aux<\/em> <em>conciles<\/em> <em>de<\/em> <em>Constance<\/em> <em>et<\/em> <em>de<\/em> <em>B\u00e2le<\/em>, pr\u00e9s., trad. et comm. par O. de Solan, Paris, CNRS \u00c9ditions, coll. \u00ab Sources d\u2019Histoire M\u00e9di\u00e9vale \u00bb, 2016.<\/p>\n<p><em>The<\/em> Relatio metrica de duobus ducibus<em>.<\/em> <em>A<\/em> <em>Twelfth-Century<\/em> <em>Cluniac<\/em> <em>Poem<\/em> <em>on<\/em> <em>Prayer<\/em> <em>for<\/em> <em>the<\/em> <em>Dead<\/em>, ed., trans. and comm. by C. A. Jones and S. G. Bruce, Turnhout, Brepols, coll. \u00ab Publications of the Journal of Medieval Latin \u00bb, 2016.<\/p>\n<p><em>Rescriptum<\/em> <em>Beati<\/em> <em>Gregorii<\/em> <em>Papae<\/em> <em>ad<\/em> <em>Augustinum<\/em> <em>Episcopum<\/em> <em>quem<\/em> <em>Saxoniam<\/em> <em>in<\/em> <em>praedicatione<\/em> <em>direxerat<\/em> <em>(seu<\/em> <em>Libellus<\/em> <em>responsionum)<\/em>, \u00e9d. V. Mattaloni, Firenze, Sismel \u2013 Edizioni del Galluzzo, coll. \u00ab Edizione Nazionale dei Testi Mediolatini d\u2019Italia \u00bb, 2017.<\/p>\n<p>RICHARD DE MEDIAVILLA, <em>Troisi\u00e8me<\/em> <em>Quodlibet<\/em>, \u00e9d., trad. et notes par A. Boureau, Paris, Les Belles Lettres, coll. \u00ab Biblioth\u00e8que scolastique \u00bb, 2017.<\/p>\n<p>[RINUCCIO D\u2019AREZZO et LIPPI Lorenzo] <em>Rinuccio<\/em> <em>Aretino<\/em> <em>e<\/em> <em>Lorenzo<\/em> <em>Lippi<\/em> <em>traduttori<\/em> <em>di<\/em> <em>Platone<\/em> <em>:<\/em> <em>Eutifrone,<\/em> <em>Ione<\/em>, \u00e9d. F. Manfrin e L. Ferroni, Firenze, Sismel \u2013 Edizioni del Galluzzo, coll. \u00ab Il Ritorno dei Classici nell\u2019Umanesimo \u00bb, 2016.<\/p>\n<p>SAINTE-MARTHE Sc\u00e9vole de, <em>\u0152uvres<\/em> <em>compl\u00e8tes,<\/em> <em>t.<\/em> <em>V<\/em> <em>:<\/em> <em>Derniers<\/em> <em>recueils<\/em> <em>po\u00e9tiques<\/em> <em>(1596-1629)<\/em>, \u00e9d. J. Brunel, Gen\u00e8ve, Droz, coll. \u00ab Textes litt\u00e9raires fran\u00e7ais \u00bb, 2016.<\/p>\n<p>SAMUEL PRESBITER, <em>Notes<\/em> <em>from<\/em> <em>the<\/em> <em>School<\/em> <em>of<\/em> <em>William<\/em> <em>de<\/em> <em>Montibus<\/em>, ed. from Oxford, Bodleian Library, MS Bodley 860 by A. N. J. Dunning, Toronto, Pontifical Institute of Mediaeval Studies, coll. \u00ab Toronto Medieval Latin Texts \u00bb, 2016.<\/p>\n<p>SORETH Jean, <em>Expositio<\/em> <em>paraenetica<\/em> <em>in<\/em> <em>Regulam<\/em> <em>Carmelitarum<\/em>, \u00e9d. B. D. Deschamp, Turnhout, Brepols, coll. \u00ab Corpus Christianorum \u2013 Continuatio Mediaevalis \u00bb, 2016.<\/p>\n<p>THOMAS D\u2019AQUIN, <em>La<\/em> <em>Royaut\u00e9,<\/em> <em>Au<\/em> <em>Roi<\/em> <em>de<\/em> <em>Chypre<\/em>, intro., trad. et notes par D. Carron, avec la coll. de Decaix, Paris, Vrin, coll. \u00ab Translatio \u00bb, 2017.<\/p>\n<p>THOMAS D\u2019AQUIN, <em>Les<\/em> <em>substances<\/em> <em>s\u00e9par\u00e9es<\/em>, trad. et notes par N. Blanc, Paris, Les Belles Lettres, coll. \u00ab Sagesses m\u00e9di\u00e9vales \u00bb, 2017.<\/p>\n<p>WALCHER OF MALVERN, <em>\u2018De<\/em> <em>lunationibus\u2019<\/em> <em>and<\/em> <em>\u2018De<\/em> <em>Dracone\u2019<\/em>, ed., trans. and comm. by P. Nothaft, Turnhout, Brepols, coll. \u00ab De Diversis Artibus \u00bb, 2017.<\/p>\n<p><em>\u00c0<\/em> <em>para\u00eetre<\/em><\/p>\n<p>VV., <em>Florilegium<\/em> <em>recentioris<\/em> <em>Latinitatis<\/em>, \u00e9d. M. Minkova, Leuven, Leuven University Press, coll. \u00ab Supplementa Humanistica Lovaniensia \u00bb, d\u00e9cembre 2017 [anthologie d\u2019une cinquantaine de textes n\u00e9o-latins du XIV<sup>e<\/sup> au XX<sup>e<\/sup> si\u00e8cle \u00e0 destination des \u00e9tudiants].<\/p>\n<p>ALBERTI Leon Battista, <em>Intercenales<\/em> <em>\/<\/em> <em>Petites<\/em> <em>pi\u00e8ces<\/em> <em>\u00e0<\/em> <em>lire<\/em> <em>entre<\/em> <em>convives<\/em>, \u00e9d. et comm. par R. Cardini, trad. par C. Laurens, Paris, Les Belles Lettres, coll. \u00ab Les Classiques de l\u2019Humanisme \u00bb, novembre 2017, 2 volumes.<\/p>\n<p>[ALCIAT Andr\u00e9] ANDENMATTEN A.-A., <em>Les<\/em> Embl\u00e8mes <em>d\u2019Andr\u00e9<\/em> <em>Alciat.<\/em> <em>Introduction,<\/em> <em>texte<\/em> <em>latin,<\/em> <em>traduction<\/em> <em>et<\/em> <em>commentaire<\/em> <em>d\u2019un<\/em> <em>choix<\/em> <em>d\u2019embl\u00e8mes<\/em> <em>sur<\/em> <em>les<\/em> <em>animaux<\/em>, Bern-Bruxelles-Frankfurt am Main- New York-Oxford-Warszawa-Wien, Peter Lang, coll. \u00ab Sapheneia \u00bb, 2017.<\/p>\n<p>ARIOSTO Ludovico, <em>Latin<\/em> <em>Poetry<\/em>, ed. and trans. by D. Looney and D. M. Possanza, Cambridge MA, Harvard University Press, coll. \u00ab The I Tatti Renaissance Library \u00bb, f\u00e9vrier 2018.<\/p>\n<p>BOCCACCIO Giovanni, <em>Genealogy<\/em> <em>of<\/em> <em>the<\/em> <em>Pagan<\/em> <em>Gods,<\/em> <em>vol.<\/em> <em>2<\/em> <em>:<\/em> <em>Books<\/em> <em>VI-X<\/em>, ed. and trans. by J. Solomon, Cambridge MA, Harvard University Press, coll. \u00ab The I Tatti Renaissance Library \u00bb, octobre 2017.<\/p>\n<p>CHIARO DE FLORENCE, <em>Le<\/em> <em>livre<\/em> <em>des<\/em> <em>cas<\/em>, Paris, Les Belles Lettres, coll. \u00ab Biblioth\u00e8que scolastique \u00bb, novembre 2017.<\/p>\n<p>DUNS SCOT Jean, <em>Notabilia<\/em> <em>super<\/em> <em>Metaphysicam<\/em>, \u00e9d. G Pini, Turnhout, Brepols, coll. \u00ab Corpus Christianorum \u2013 Continuatio Mediaevalis \u00bb, d\u00e9cembre 2017.<\/p>\n<p>ESTIENNE Henri, <em>Nundinarum<\/em> <em>Francofordiensium<\/em> <em>encomium<\/em> <em>\/<\/em> <em>\u00c9loge<\/em> <em>de<\/em> <em>la<\/em> <em>foire<\/em> <em>de<\/em> <em>Francfort<\/em> <em>\u2013<\/em> <em>Ein<\/em> <em>Lob<\/em> <em>auf<\/em> <em>die<\/em> <em>Frankfurter<\/em> <em>Messe<\/em> <em>\u2013<\/em> <em>Encomium<\/em> <em>of<\/em> <em>the<\/em> <em>Frankfurt<\/em> <em>Fair<\/em>, \u00e9d. dir. E. Kammerer, Gen\u00e8ve, Droz, coll. \u00ab Texte courant \u00bb, octobre 2017.<\/p>\n<p>FICINO Marsilio, <em>Commentary<\/em> <em>on<\/em> <em>Plotinus,<\/em> <em>vol.<\/em> <em>4<\/em> <em>:<\/em> <em>Ennead<\/em> <em>III<\/em> <em>\u2013<\/em> <em>Part<\/em> <em>1<\/em>, ed. and trans. by S. Gersh, Cambridge MA, Harvard University Press, coll. \u00ab The I Tatti Renaissance Library \u00bb, octobre 2017.<\/p>\n<p>FICINO Marsilio, <em>Commentary<\/em> <em>on<\/em> <em>Plotinus,<\/em> <em>vol.<\/em> <em>5<\/em> <em>:<\/em> <em>Ennead<\/em> <em>III<\/em> <em>\u2013<\/em> <em>Part<\/em> <em>2<\/em> <em>and<\/em> <em>Ennead<\/em> <em>IV<\/em>, ed. and trans. by Gersh, Cambridge MA, Harvard University Press, coll. \u00ab The I Tatti Renaissance Library \u00bb, f\u00e9vrier 2018.<\/p>\n<p>GR\u00c9GOIRE DE TOURS, <em>La<\/em> <em>gloire<\/em> <em>des<\/em> <em>martyrs<\/em>, Paris, Les Belles Lettres, coll. \u00ab Classiques de l\u2019Histoire au Moyen \u00c2ge \u00bb, novembre 2017.<\/p>\n<p>HEVELIUS Johannes, <em>Correspondence<\/em> <em>with<\/em> <em>Peter<\/em> <em>Cr\u00fcger<\/em>, \u00e9d. M. Choptiany, Turnhout, Brepols, coll. \u00ab De Diversis Artibus \u00bb, d\u00e9cembre 2017.<\/p>\n<p>HUGUES DE SAINT-VICTOR, <em>In<\/em> <em>orationem<\/em> <em>dominicam<\/em>, \u00e9d. F. Siri, Turnhout, Brepols, coll. \u00ab Corpus Christianorum \u2013 Continuatio Mediaevalis \u00bb, d\u00e9cembre 2017.<\/p>\n<p>JEAN DE READING, <em>Scriptum<\/em> <em>in<\/em> <em>Primum<\/em> <em>librum<\/em> <em>Sententiarum.<\/em> <em>Distinctio<\/em> <em>1,<\/em> <em>Questiones<\/em> <em>1-6<\/em>, \u00e9d. F. Fiorentino, Paris, Vrin, coll. \u00ab Textes philosophiques du Moyen \u00c2ge \u00bb, novembre 2017.<\/p>\n<p>L\u2019HOSPITAL Michel de, <em>Carmina<\/em> <em>\u2013<\/em> <em>Livre<\/em> <em>II<\/em>, \u00e9d. L. Petris et P. Galand-Willemen, Gen\u00e8ve, Droz, coll. \u00ab Travaux d\u2019Humanisme et Renaissance \u00bb, novembre 2017.<\/p>\n<p>LLULL Ramon, <em>Opera<\/em> <em>latina<\/em> <em>XXXVIII<\/em> <em>(142-153)<\/em> <em>:<\/em> <em>In<\/em> <em>Montepessulano<\/em> <em>anno<\/em> <em>MCCCIX<\/em> <em>conscripta,<\/em> <em>quibus<\/em> <em>epistolae<\/em> <em>tres<\/em> <em>loco<\/em> <em>et<\/em> <em>tempore<\/em> <em>incerto<\/em> <em>adnectuntur<\/em>, \u00e9d. F. Dom\u00ednguez Reboiras, Turnhout, Brepols, coll. \u00ab Corpus Christianorum \u2013 Continuatio Mediaevalis \u00bb, mars 2018.<\/p>\n<p>MANETTI Gianozzo, <em>Against<\/em> <em>the<\/em> <em>Jews<\/em> <em>and<\/em> <em>the<\/em> <em>Gentiles<\/em> <em>\u2013<\/em> <em>Books<\/em> <em>I-IV<\/em>, ed. by S. U. Baldassarri and D. Pagliara, trans. by D. Marsh, Cambridge MA, Harvard University Press, coll. \u00ab The I Tatti Renaissance Library \u00bb, octobre 2017.<\/p>\n<p>MANETTI Gianozzo, <em>On<\/em> <em>Human<\/em> <em>Worth<\/em> <em>and<\/em> <em>Excellence<\/em>, ed. and trans. by B. P. Copenhaver, Cambridge MA, Harvard University Press, coll. \u00ab The I Tatti Renaissance Library \u00bb, juillet 2018.<\/p>\n<p>PIUS II, <em>Commentaries,<\/em> <em>vol.<\/em> <em>3<\/em> <em>:<\/em> <em>Books<\/em> <em>V-VII<\/em>, ed. and trans. by M. Meserve, Cambridge MA, Harvard University Press, coll. \u00ab The I Tatti Renaissance Library \u00bb, f\u00e9vrier 2018.<\/p>\n<p>POLIZIANO Angelo, <em>Greek<\/em> <em>and<\/em> <em>Latin<\/em> <em>Poetry<\/em>, ed. and trans. by P. E. Knox, Cambridge MA, Harvard University Press, coll. \u00ab The I Tatti Renaissance Library \u00bb, juillet 2018.<\/p>\n<p>SERVET Michel, <em>Apologie<\/em> <em>contre<\/em> <em>Leonhart<\/em> <em>Fuchs<\/em>, \u00e9d. et trad. par J. Dup\u00e8be, Gen\u00e8ve, Droz, coll. \u00ab Cahiers d\u2019Humanisme et Renaissance \u00bb, septembre 2017.<\/p>\n<p>VAENIUS Otto, <em>Physic\u00e6<\/em> <em>et<\/em> <em>Theologic\u00e6<\/em> <em>Conclusiones<\/em>, \u00e9d. A. Guiderdoni-Brusl\u00e9, R. Dekoninck et A. Smeesters, Turnhout, Brepols, coll. \u00ab Imago Figurata \u2013 Studies \u00bb, octobre 2017.<\/p>\n<h1>II.\u00a0 \u00c9tudes<\/h1>\n<p>ALAZARD F., GEONGET S., GERBIER L. et MELLET P.-A. (dir.), <em>Dissensus.<\/em> <em>Pratiques<\/em> <em>et<\/em> <em>repr\u00e9sentations<\/em> <em>de<\/em> <em>la<\/em> <em>diversit\u00e9<\/em> <em>des<\/em> <em>opinions<\/em> <em>(1500-1650)<\/em>, Paris, H. Champion, coll. \u00ab Le savoir de Mantice \u00bb, 2017.<\/p>\n<p>AVALLE D. S., <em>Le<\/em> <em>forme<\/em> <em>del<\/em> <em>canto.<\/em> <em>La<\/em> <em>poesia<\/em> <em>nella<\/em> <em>scuola<\/em> <em>tardoantica<\/em> <em>e<\/em> <em>altomedievale<\/em>, a cura di M. S. Lannutti, Firenze, Sismel \u2013 Edizioni del Galluzzo, coll. \u00ab Quaderni di Stilistica e metrica italiana \u00bb, 2017.<\/p>\n<p>BABCOCK R. G., <em>The<\/em> Psychomachia <em>Codex<\/em> <em>from<\/em> <em>St.<\/em> <em>Lawrence<\/em> <em>(Bruxellensis<\/em> <em>10066-77)<\/em> <em>and<\/em> <em>the<\/em> <em>Schools<\/em> <em>of<\/em> <em>Li\u00e8ge<\/em> <em>in<\/em> <em>the<\/em> <em>Tenth<\/em> <em>and<\/em> <em>Eleventh<\/em> <em>Centuries<\/em>, Turnhout, Brepols, coll. \u00ab Bibliologia \u00bb, 2017.<\/p>\n<p>BAKER P., <em>Italian<\/em> <em>Renaissance<\/em> <em>Humanism<\/em> <em>in<\/em> <em>the<\/em> <em>Mirror<\/em>, Cambridge, Cambridge University Press, coll. \u00ab Ideas in Context \u00bb, 2015.<\/p>\n<p>BARONE F. P., MAC\u00c9 C. et UBIERNA P. A. (dir.), <em>Philologie,<\/em> <em>herm\u00e9neutique<\/em> <em>et<\/em> <em>histoire<\/em> <em>des<\/em> <em>textes<\/em> <em>entre<\/em> <em>Orient<\/em> <em>et<\/em> <em>Occident.<\/em> <em>M\u00e9langes<\/em> <em>en<\/em> <em>hommage<\/em> <em>\u00e0<\/em> <em>Sever<\/em> <em>J.<\/em> <em>Voicu<\/em>, Turnhout, Brepols, coll. \u00ab Instrumenta Patristica et Mediaevalia \u00bb, 2017.<\/p>\n<p>BELLONI A., <em>L\u2019Alciato<\/em> <em>e<\/em> <em>il<\/em> <em>diritto<\/em> <em>pubblico<\/em> <em>romano<\/em>, Citt\u00e0 del Vaticano, Biblioteca Apostolica Vaticana, 2016, 2 volumes [Vol. 1 : <em>I<\/em> <em>Vat.<\/em> <em>lat.<\/em> <em>6216,<\/em> <em>6271,<\/em> <em>7071<\/em> : <em>I<\/em> <em>\u00ab<\/em> <em>Rerum<\/em> <em>patriae<\/em> <em>libri<\/em> <em>\u00bb<\/em> <em>\u2013<\/em> Vol. 2 : <em>L\u2019insegnamento,<\/em> <em>gli<\/em> <em>studi,<\/em> <em>le<\/em> <em>opere<\/em>].<\/p>\n<p>BENKHEIRA M. H., <em>La<\/em> <em>ma\u00eetrise<\/em> <em>de<\/em> <em>la<\/em> <em>concupiscence.<\/em> <em>Mariage,<\/em> <em>c\u00e9libat<\/em> <em>et<\/em> <em>continence<\/em> <em>sexuelle<\/em> <em>en<\/em> <em>Islam,<\/em> <em>des<\/em> <em>origines<\/em> <em>aux<\/em> <em>X<sup>e<\/sup><\/em><em>&#8211;<\/em><em>XVI<sup>e<\/sup><\/em> <em>si\u00e8cles<\/em>, Paris, Vrin, coll. \u00ab \u00c9tudes musulmanes \u00bb, 2017.<\/p>\n<p>BERTOLACCI A. et PARAVICINI BAGLIANI A. (dir.), avec la coll. de M. BERTAGNA, <em>La<\/em> <em>filosofia<\/em> <em>medievale<\/em> <em>tra<\/em> <em>Antichit\u00e0<\/em> <em>ed<\/em> <em>Et\u00e0<\/em> <em>moderna.<\/em> <em>Saggi<\/em> <em>in<\/em> <em>memoria<\/em> <em>di<\/em> <em>Francesco<\/em> <em>Del<\/em> <em>Punta<\/em> <em>(1941-2013)<\/em>, Firenze, Sismel \u2013 Edizioni del Galluzzo, 2017.<\/p>\n<p>BOILLET E. et RICCI M. T. (dir.), <em>Les<\/em> <em>femmes<\/em> <em>et<\/em> <em>la<\/em> <em>Bible<\/em> <em>de<\/em> <em>la<\/em> <em>fin<\/em> <em>du<\/em> <em>Moyen<\/em> <em>\u00c2ge<\/em> <em>\u00e0<\/em> <em>l\u2019\u00e9poque<\/em> <em>moderne.<\/em> <em>Pratiques<\/em> <em>de<\/em> <em>lecture<\/em> <em>et<\/em> <em>d\u2019\u00e9criture<\/em> <em>(Italie,<\/em> <em>France,<\/em> <em>Angleterre)<\/em>, Paris, H. Champion, coll. \u00ab Le savoir de Mantice \u00bb, 2017.<\/p>\n<p>BOTTURI G., <em>I<\/em> Synonyma <em>di<\/em> <em>Isidoro<\/em> <em>di<\/em> <em>Siviglia<\/em> <em>e<\/em> <em>lo<\/em> stilus isidorianus<em>.<\/em> <em>Interpretazione<\/em> <em>letteraria<\/em> <em>e<\/em> <em>studio<\/em> <em>dello<\/em> <em>stile<\/em> <em>con<\/em> <em>riferimento<\/em> <em>alle<\/em> <em>meditazioni<\/em> <em>di<\/em> <em>Pier<\/em> <em>Damiani,<\/em> <em>Giovanni<\/em> <em>di<\/em> <em>F\u00e9camp<\/em> <em>e<\/em> <em>Anselmo<\/em> <em>d\u2019Aosta<\/em>, Bern- Bruxelles-Frankfurt am Main-New York-Oxford-Warszawa-Wien,\u00a0\u00a0 Peter\u00a0\u00a0 Lang,\u00a0\u00a0 coll. \u00ab Lateinische Sprache und Literatur des Mittelalters \u00bb, 2017.<\/p>\n<p>BOUL\u00c8GUE L., JONES-DAVIES M. et MALHOMME F. (dir.), <em>La<\/em> <em>Douceur<\/em> <em>dans<\/em> <em>la<\/em> <em>pens\u00e9e<\/em> <em>moderne.<\/em> <em>Esth\u00e9tique<\/em> <em>et<\/em> <em>philosophie<\/em> <em>d\u2019une<\/em> <em>notion<\/em>, Paris, Classiques Garnier, coll. \u00ab Rencontres \u2013 Lectures de la Renaissance latine \u00bb, 2017.<\/p>\n<p>BOULOUX N., DAN A. et TOLIAS G. (dir.), <em>Orbis<\/em> <em>disciplinae.<\/em> <em>Hommages<\/em> <em>en<\/em> <em>l\u2019honneur<\/em> <em>de<\/em> <em>Patrick<\/em> <em>Gautier<\/em> <em>Dalch\u00e9<\/em>, Turnhout, Brepols, coll. \u00ab Geography and Cartography \u00bb, 2017.<\/p>\n<p>BOURGAIN P. et TILLIETTE J.-Y. (dir.), <em>Le<\/em> <em>Sens<\/em> <em>du<\/em> <em>Temps<\/em> <em>\u2013<\/em> <em>The<\/em> <em>Sense<\/em> <em>of<\/em> <em>Time.<\/em> <em>Actes<\/em> <em>du<\/em> <em>VII<sup>e<\/sup><\/em> <em>Congr\u00e8s<\/em> <em>du<\/em> <em>Comit\u00e9<\/em> <em>International<\/em> <em>de<\/em> <em>Latin<\/em> <em>M\u00e9di\u00e9val<\/em> <em>\u2013<\/em> <em>Proceedings<\/em> <em>of<\/em> <em>the<\/em> <em>7th<\/em> <em>Congress<\/em> <em>of<\/em> <em>the<\/em> <em>International<\/em> <em>Medieval<\/em> <em>Latin<\/em> <em>Commitee<\/em> <em>(Lyon,<\/em> <em>10-13.09.2014)<\/em>, Gen\u00e8ve, Droz, coll. \u00ab Rayon Histoire de la Librairie Droz \u00bb, 2017.<\/p>\n<p>BOUTET D. et NICOLAS C. (dir.), <em>La<\/em> <em>Question<\/em> <em>du<\/em> <em>sens<\/em> <em>au<\/em> <em>Moyen<\/em> <em>\u00c2ge.<\/em> <em>Hommage<\/em> <em>au<\/em> <em>professeur<\/em> <em>Armand<\/em> <em>Strubel<\/em>, Paris, H. Champion, coll. \u00ab Nouvelle Biblioth\u00e8que du Moyen \u00c2ge \u00bb, 2017.<\/p>\n<p>BOUTET D., <em>Po\u00e9tiques<\/em> <em>m\u00e9di\u00e9vales<\/em> <em>de<\/em> <em>l\u2019entre-deux,<\/em> <em>ou<\/em> <em>le<\/em> <em>d\u00e9sir<\/em> <em>d\u2019ambigu\u00eft\u00e9<\/em>, Paris, H. Champion, coll. \u00ab Essais sur le Moyen \u00c2ge \u00bb, 2017.<\/p>\n<p>BOUTON-TOUBOULIC A.-I. et L\u00c9VY C. (dir.), <em>Scepticisme<\/em> <em>et<\/em> <em>religion.<\/em> <em>Constantes<\/em> <em>et<\/em> <em>\u00e9volutions,<\/em> <em>de<\/em> <em>la<\/em> <em>philosophie<\/em> <em>hell\u00e9nistique<\/em> <em>\u00e0<\/em> <em>la<\/em> <em>philosophie<\/em> <em>m\u00e9di\u00e9vale<\/em>, Turnhout, Brepols, coll. \u00ab Monoth\u00e9ismes et Philosophie \u00bb, 2016.<\/p>\n<p>BOUTON-TOUBOULIC A.-I. (dir.), <em>L\u2019amour<\/em> <em>de<\/em> <em>la<\/em> <em>justice,<\/em> <em>de<\/em> <em>la<\/em> <em>Septante<\/em> <em>\u00e0<\/em> <em>Thomas<\/em> <em>d\u2019Aquin<\/em>, Bordeaux, Ausonius, coll. \u00ab Scripta Antiqua \u00bb, 2017.<\/p>\n<p>BRIGGS C. F. et EARDLEY P. S. (dir.), <em>A<\/em> <em>Companion<\/em> <em>to<\/em> <em>Giles<\/em> <em>of<\/em> <em>Rome<\/em>, Leiden-Boston, Brill, coll. \u00ab Brill\u2019s Companions to the Christian Tradition \u00bb, 2017.<\/p>\n<p>BYD\u00c9N B. et THOMSEN TH\u00d6RNQVIST C. (dir.), <em>The<\/em> <em>Aristotelian<\/em> <em>Tradition.<\/em> <em>Aristotle\u2019s<\/em> <em>Works<\/em> <em>on<\/em> <em>Logic<\/em> <em>and<\/em> <em>Metaphysics<\/em> <em>and<\/em> <em>Their<\/em> <em>Reception<\/em> <em>in<\/em> <em>the<\/em> <em>Middle<\/em> <em>Ages<\/em>, Toronto, Pontifical Institute of Mediaeval Studies, coll. \u00ab Papers in Mediaeval Studies \u00bb, 2017.<\/p>\n<p>CASANOVA-ROBIN H., GAMBINO LONGO S. et LA BRASCA F. (dir.), <em>Boccace<\/em> <em>humaniste<\/em> <em>latin<\/em>, Paris, Classiques Garnier, coll. \u00ab Rencontres \u2013 Lectures de la Renaissance latine \u00bb, 2017.<\/p>\n<p>CAVAGNA M., <em>La<\/em> Vision de Tondale <em>et<\/em> <em>ses<\/em> <em>versions<\/em> <em>fran\u00e7aises<\/em> <em>(<\/em><em>XIII<sup>e<\/sup><\/em><em>&#8211;<\/em><em>XV<sup>e<\/sup><\/em> <em>si\u00e8cles).<\/em> <em>Contribution<\/em> <em>\u00e0<\/em> <em>l\u2019\u00e9tude<\/em> <em>de<\/em> <em>la<\/em> <em>litt\u00e9rature<\/em> <em>visionnaire<\/em> <em>latine<\/em> <em>et<\/em> <em>fran\u00e7aise<\/em>, Paris, H. Champion, \u00ab Nouvelle Biblioth\u00e8que du Moyen \u00c2ge \u00bb, 2017.<\/p>\n<p>CAVALLINI C. et DESAN P. (dir.), <em>Le<\/em> <em>texte<\/em> <em>en<\/em> <em>sc\u00e8ne.<\/em> <em>Litt\u00e9rature,<\/em> <em>th\u00e9\u00e2tre<\/em> <em>et<\/em> <em>th\u00e9\u00e2tralit\u00e9<\/em> <em>\u00e0<\/em> <em>la<\/em> <em>Renaissance<\/em>, Paris, Classiques Garnier, coll. \u00ab Rencontres \u2013 Colloques, congr\u00e8s et conf\u00e9rences sur la Renaissance europ\u00e9enne \u00bb, 2017.<\/p>\n<p>CESALLI L., GOUBIER F. et LIBERA A. de (dir.), <em>Formal<\/em> <em>Approaches<\/em> <em>and<\/em> <em>Natural<\/em> <em>Language<\/em> <em>in<\/em> <em>Medieval<\/em> <em>Logic<\/em>, Barcelona-Roma, F\u00e9d\u00e9ration Internationale des Instituts d\u2019\u00c9tudes M\u00e9di\u00e9vales, coll. \u00ab Textes et \u00c9tudes du Moyen \u00c2ge \u00bb, 2017.<\/p>\n<p>CHANDELIER J., <em>Avicenne<\/em> <em>et<\/em> <em>la<\/em> <em>m\u00e9decine<\/em> <em>en<\/em> <em>Italie.<\/em> <em>Le<\/em> Canon <em>dans<\/em> <em>les<\/em> <em>universit\u00e9s<\/em> <em>(1200-1350)<\/em>, Paris, H. Champion, coll. \u00ab Sciences, techniques et civilisations du Moyen \u00c2ge \u00e0 l\u2019aube des Lumi\u00e8res \u00bb, 2017.<\/p>\n<p>CICCOLELLA F. et SILVANO L. (dir.), <em>Teachers,<\/em> <em>Students,<\/em> <em>and<\/em> <em>Schools<\/em> <em>of<\/em> <em>Greek<\/em> <em>in<\/em> <em>the<\/em> <em>Renaissance<\/em>, Leiden- Boston, Brill, coll. \u00ab Brill\u2019s Studies in Intellectual History \u00bb, 2017.<\/p>\n<p>COSS P., DENNIS C., JULIAN-JONES M. et SILVESTRI A. (dir.), <em>Episcopal<\/em> <em>Power<\/em> <em>and<\/em> <em>Local<\/em> <em>Society<\/em> <em>in<\/em> <em>Medieval<\/em> <em>Europe,<\/em> <em>900-1400<\/em>, Turnhout, Brepols, coll. \u00ab Medieval Church Studies \u00bb, 2017.<\/p>\n<p>DE LEEMANS P. et GOYENS M.(dir.), <em>Translation<\/em> <em>and<\/em> <em>Authority<\/em> <em>\u2013<\/em> <em>Authorities<\/em> <em>in<\/em> <em>Translation<\/em>, Turnhout, Brepols, coll. \u00ab The Medieval Translator \u00bb, 2016.<\/p>\n<p>DELAURENTI B., DUFAL B. et NAGY P. (dir.), <em>L\u2019Historien<\/em> <em>et<\/em> <em>les<\/em> <em>fant\u00f4mes.<\/em> <em>Lectures<\/em> <em>(autour)<\/em> <em>de<\/em> <em>l\u2019\u0153uvre<\/em> <em>d\u2019Alain<\/em> <em>Boureau<\/em>, Paris, Les Belles Lettres, 2017.<\/p>\n<p>DELIGNON B., DAUVOIS N. et COTTEGNIES L. (dir.), <em>L\u2019invention<\/em> <em>de<\/em> <em>la<\/em> <em>vie<\/em> <em>priv\u00e9e<\/em> <em>et<\/em> <em>le<\/em> <em>mod\u00e8le<\/em> <em>d\u2019Horace<\/em>, Paris, Classiques Garnier, coll. \u00ab Rencontres \u2013 Colloques, congr\u00e8s et conf\u00e9rences sur la Renaissance europ\u00e9enne \u00bb, 2017.<\/p>\n<p>DITTMANN R. et JUST J., <em>Biblical<\/em> <em>Humanism<\/em> <em>in<\/em> <em>Bohemia<\/em> <em>and<\/em> <em>Moravia<\/em> <em>in<\/em> <em>the<\/em> <em>16th<\/em> <em>Century<\/em>, Turnhout, Brepols, coll. \u00ab Europa Humanistica : R\u00e9pertoires et inventaires \u00bb, 2016.<\/p>\n<p>DREISCHMEIER M., <em>Sprache<\/em> <em>als<\/em> <em>humanisierende<\/em> <em>Macht.<\/em> <em>Die<\/em> <em>Singularit\u00e4t<\/em> <em>des<\/em> <em>Lateinischen<\/em> <em>in<\/em> <em>Lorenzo<\/em> <em>Vallas<\/em> <em>Quintilian-Rezeption<\/em>, Hildesheim-Z\u00fcrich-New York, Olms, coll. \u00ab Noctes Neo-Latinae \u2013 Neo- Latin Texts and Studies \u00bb, 2017.<\/p>\n<p>DUBA W. O., <em>The<\/em> <em>Forge<\/em> <em>of<\/em> <em>Doctrine.<\/em> <em>The<\/em> <em>Academic<\/em> <em>Year<\/em> <em>1330-31<\/em> <em>and<\/em> <em>the<\/em> <em>Rise<\/em> <em>of<\/em> <em>Scotism<\/em> <em>at<\/em> <em>the<\/em> <em>University<\/em> <em>of<\/em> <em>Paris<\/em>, Turnhout, Brepols, coll. \u00ab Studia Sententiarum \u00bb, 2017.<\/p>\n<p>DUTTON M. L. (dir.), <em>A<\/em> <em>Companion<\/em> <em>to<\/em> <em>Aelred<\/em> <em>of<\/em> <em>Rievaulx<\/em> <em>(1110-1167)<\/em>, Leiden-Boston, Brill, coll. \u00ab Brill\u2019s Companions to the Christian Tradition \u00bb, 2017.<\/p>\n<p>EMS G. et MINET M. (dir.), <em>Les<\/em> <em>arts<\/em> <em>po\u00e9tiques<\/em> <em>du<\/em> <em>XIII<sup>e<\/sup><\/em> <em>au<\/em> <em>XVII<sup>e<\/sup><\/em> <em>si\u00e8cle.<\/em> <em>Tensions<\/em> <em>et<\/em> <em>dialogue<\/em> <em>entre<\/em> <em>th\u00e9orie<\/em> <em>et<\/em> <em>pratique<\/em>, Turnhout, Brepols, coll. \u00ab Latinitates \u00bb, 2017.<\/p>\n<p>FANE-SAUNDERS P., <em>Pliny<\/em> <em>the<\/em> <em>Elder<\/em> <em>and<\/em> <em>the<\/em> <em>Emergence<\/em> <em>of<\/em> <em>Renaissance<\/em> <em>Architecture<\/em>, New York, Cambridge University Press, 2016.<\/p>\n<p>FASSEUR V. et ROCHELOIS C. (dir.), <em>Ponctuer<\/em> <em>l\u2019\u0153uvre<\/em> <em>m\u00e9di\u00e9vale.<\/em> <em>Des<\/em> <em>signes<\/em> <em>au<\/em> <em>sens<\/em>, Gen\u00e8ve, Droz, coll. \u00ab Publications romanes et fran\u00e7aises \u00bb, 2016.<\/p>\n<p>FASSEUR V. et VALETTE J.-R. (dir.), <em>Les<\/em> <em>\u00c9coles<\/em> <em>de<\/em> <em>pens\u00e9e<\/em> <em>du<\/em> <em>XII<sup>e<\/sup><\/em> <em>si\u00e8cle<\/em> <em>et<\/em> <em>la<\/em> <em>litt\u00e9rature<\/em> <em>romane<\/em> <em>(oc<\/em> <em>et<\/em> <em>o\u00efl)<\/em>, Turnhout, Brepols, coll. \u00ab Biblioth\u00e8que d\u2019histoire culturelle du Moyen \u00c2ge \u00bb, 2016.<\/p>\n<p>FIDORA A. et POLLONI N. (dir.), <em>Appropriation,<\/em> <em>Interpretation<\/em> <em>and<\/em> <em>Criticism.<\/em> <em>Philosophical<\/em> <em>and<\/em> <em>Theological<\/em> <em>Exchanges<\/em> <em>Between<\/em> <em>the<\/em> <em>Arabic,<\/em> <em>Hebrew<\/em> <em>and<\/em> <em>Latin<\/em> <em>Intellectual<\/em> <em>Traditions<\/em>, Barcelona-Roma, F\u00e9d\u00e9ration Internationale des Instituts d\u2019\u00c9tudes M\u00e9di\u00e9vales, coll. \u00ab Textes et \u00c9tudes du Moyen \u00c2ge \u00bb, 2017.<\/p>\n<p>GALAND P. et MALASPINA E. (dir.), <em>V\u00e9rit\u00e9<\/em> <em>et<\/em> <em>apparence.<\/em> <em>M\u00e9langes<\/em> <em>en<\/em> <em>l\u2019honneur<\/em> <em>de<\/em> <em>Carlos<\/em> <em>L\u00e9vy,<\/em> <em>offerts<\/em> <em>par<\/em> <em>ses<\/em> <em>amis<\/em> <em>et<\/em> <em>ses<\/em> <em>disciples<\/em>, Turnhout, Brepols, coll. \u00ab Latinitates \u00bb, 2016.<\/p>\n<p>GALONNIER A., <em>Le<\/em> De scientiis Alfarabii <em>de<\/em> <em>G\u00e9rard<\/em> <em>de<\/em> <em>Cr\u00e9mone.<\/em> <em>Contribution<\/em> <em>aux<\/em> <em>probl\u00e8mes<\/em> <em>de<\/em> <em>l\u2019acculturation<\/em> <em>au<\/em> <em>XII<sup>e<\/sup><\/em> <em>si\u00e8cle<\/em>, Turnhout, Brepols, coll. \u00ab Nutrix \u00bb, 2017.<\/p>\n<p>GAVOILLE E. et GUILLAUMONT F. (dir.), <em>Conseiller,<\/em> <em>diriger<\/em> <em>par<\/em> <em>lettre<\/em>, Tours, Presses universitaires Fran\u00e7ois-Rabelais, coll. \u00ab Perspectives litt\u00e9raires \u00bb, 2017.<\/p>\n<p>GIRAUD C. et POIREL D. (dir.), <em>La<\/em> <em>rigueur<\/em> <em>et<\/em> <em>la<\/em> <em>passion.<\/em> <em>M\u00e9langes<\/em> <em>en<\/em> <em>l\u2019honneur<\/em> <em>de<\/em> <em>Pascale<\/em> <em>Bourgain<\/em>, Turnhout, Brepols, coll. \u00ab Instrumenta Patristica et Mediaevalia \u00bb, 2016.<\/p>\n<p>G\u00d6RANSSON E., IVERSEN G., CROSTINI B., JENSEN B. M., KIHLMAN E., ODELMAN E. et SEARBY (dir.), <em>The<\/em> <em>Arts<\/em> <em>of<\/em> <em>Editing<\/em> <em>Medieval<\/em> <em>Greek<\/em> <em>and<\/em> <em>Latin.<\/em> <em>A<\/em> <em>Casebook<\/em>, Toronto, Pontifical Institute of Mediaeval Studies, coll. \u00ab Studies and Texts \u00bb, 2016.<\/p>\n<p>GUASTELLA G., <em>Word<\/em> <em>of<\/em> <em>Mouth.<\/em> Fama <em>and<\/em> <em>Its<\/em> <em>Personifications<\/em> <em>in<\/em> <em>Art<\/em> <em>and<\/em> <em>Literature<\/em> <em>from<\/em> <em>Ancient<\/em> <em>Rome<\/em> <em>to<\/em> <em>the<\/em> <em>Middle<\/em> <em>Ages<\/em>, Oxford, Oxford University Press, 2017.<\/p>\n<p>GULDENTOPS G., LAES C. et PARTOENS G. (dir.), Felici curiositate. <em>Studies<\/em> <em>in<\/em> <em>Latin<\/em> <em>Literature<\/em> <em>and<\/em> <em>Textual<\/em> <em>Criticism<\/em> <em>from<\/em> <em>Antiquity<\/em> <em>to<\/em> <em>the<\/em> <em>Twentieth<\/em> <em>Century<\/em> <em>in<\/em> <em>Honour<\/em> <em>of<\/em> <em>Rita<\/em> <em>Beyers<\/em>, Turnhout, Brepols, coll. \u00ab Instrumenta Patristica et Mediaevalia \u00bb, 2017.<\/p>\n<p>GUMBERT J. P., <em>Bat<\/em> <em>Books.<\/em> <em>A<\/em> <em>Catalogue<\/em> <em>of<\/em> <em>Folded<\/em> <em>Manuscripts<\/em> <em>Containing<\/em> <em>Almanacs<\/em> <em>or<\/em> <em>Other<\/em> <em>Texts<\/em>, Turnhout, Brepols, coll. \u00ab Bibliologia \u00bb, 2017.<\/p>\n<p>HAMESSE J. et MEIRINHOS J. (dir.), <em>Les<\/em> Auctoritates Aristotelis, <em>leur<\/em> <em>utilisation<\/em> <em>et<\/em> <em>leur<\/em> <em>influence<\/em> <em>chez<\/em> <em>les<\/em> <em>auteurs<\/em> <em>m\u00e9di\u00e9vaux.<\/em> <em>\u00c9tat<\/em> <em>de<\/em> <em>la<\/em> <em>question<\/em> <em>quarante<\/em> <em>ans<\/em> <em>apr\u00e8s<\/em> <em>la<\/em> <em>publication<\/em>, Barcelona-Roma, F\u00e9d\u00e9ration Internationale des Instituts d\u2019\u00c9tudes M\u00e9di\u00e9vales, coll. \u00ab Textes et \u00c9tudes du Moyen \u00c2ge \u00bb, 2017. HARKINS F. T. et CANTY A. (dir.), <em>A<\/em> <em>Companion<\/em> <em>to<\/em> <em>Job<\/em> <em>in<\/em> <em>the<\/em> <em>Middle<\/em> <em>Ages<\/em>, Leiden-Boston, Brill, coll. \u00ab Brill\u2019s Companions to the Christian Tradition \u00bb, 2016.<\/p>\n<p>HENRIET P., HERBERS K. et LEHNER H.-C. (dir.), <em>Hagiographie<\/em> <em>et<\/em> <em>proph\u00e9tie<\/em> <em>(<\/em><em>VI<sup>e<\/sup><\/em><em>&#8211;<\/em><em>XIII<sup>e<\/sup><\/em> <em>si\u00e8cles)<\/em>, Firenze, Sismel \u2013 Edizioni del Galluzzo, coll. \u00ab Micrologus Library \u00bb, 2017.<\/p>\n<p>HICKS A., <em>Composing<\/em> <em>the<\/em> <em>World.<\/em> <em>Harmony<\/em> <em>in<\/em> <em>the<\/em> <em>Medieval<\/em> <em>Platonic<\/em> <em>Cosmos<\/em>, New York, Oxford University Press, 2017.<\/p>\n<p>HIDRIO G., <em>L\u2019iconographie<\/em> <em>du<\/em> Speculum Virginum, Turnhout, Brepols, coll. \u00ab R\u00e9pertoire iconographique de la litt\u00e9rature du Moyen \u00c2ge \u00bb, 2017.<\/p>\n<p>IGLESIAS-ZOIDO J. C. et PINEDA V. (dir.), <em>Anthologies<\/em> <em>of<\/em> <em>historiographical<\/em> <em>Speeches<\/em> <em>from<\/em> <em>the<\/em> <em>Antiquity<\/em> <em>to<\/em> <em>the<\/em> <em>Early<\/em> <em>Modern<\/em> <em>Times.<\/em> <em>Rearranging<\/em> <em>the<\/em> <em>Tesserae<\/em>, Leiden-Boston, Brill, coll. \u00ab International Studies in the History of the Rhetoric \u00bb, 2017.<\/p>\n<p>IURILLI A<em>.,<\/em> <em>Quinto<\/em> <em>Orazio<\/em> <em>Flacco.<\/em> <em>Annali<\/em> <em>delle<\/em> <em>edizioni<\/em> <em>a<\/em> <em>stampa<\/em> <em>(secoli<\/em> <em>XV<\/em><em>&#8211;<\/em><em>XVIII<\/em><em>),<\/em> Gen\u00e8ve, Droz, coll. \u00ab Travaux d\u2019Humanisme et Renaissance \u00bb, 2017, 2 volumes.<\/p>\n<p>KARAGIANNIS-MAZEAUD E. (dir.), <em>Strasbourg,<\/em> <em>ville<\/em> <em>de<\/em> <em>l\u2019imprimerie.<\/em> <em>L\u2019\u00e9dition<\/em> <em>princeps<\/em> <em>aux<\/em> <em>XV<sup>e<\/sup><\/em> <em>et<\/em> <em>XVI<sup>e <\/sup><\/em><em>si\u00e8cles<\/em> <em>(textes<\/em> <em>et<\/em> <em>images)<\/em>, Turnhout, Brepols, coll. \u00ab Bibliologia \u00bb, 2017.<\/p>\n<p>KAYE J., <em>Histoire<\/em> <em>de<\/em> <em>l\u2019\u00e9quilibre<\/em> <em>(1250-1375).<\/em> <em>L\u2019apparition<\/em> <em>d\u2019un<\/em> <em>nouveau<\/em> <em>mod\u00e8le<\/em> <em>d\u2019\u00e9quilibre<\/em> <em>et<\/em> <em>son<\/em> <em>impact<\/em> <em>sur<\/em> <em>la<\/em> <em>pens\u00e9e<\/em>, trad. par C. Jaquet, pr\u00e9f. d\u2019A. Boureau, Paris, Les Belles Lettres, coll. \u00ab Histoire \u00bb, 2017.<\/p>\n<p>KELLER-RAHB\u00c9 E. (dir.), <em>Privil\u00e8ges<\/em> <em>de<\/em> <em>librairie<\/em> <em>en<\/em> <em>France<\/em> <em>et<\/em> <em>en<\/em> <em>Europe<\/em> <em>(<\/em><em>XVI<sup>e<\/sup><\/em><em>&#8211;<\/em> <em>XVII<\/em> <em><sup>e<\/sup><\/em> <em>si\u00e8cles)<\/em>, Paris, Classiques Garnier, coll. \u00ab \u00c9tudes et essais sur la Renaissance \u2013 Pratiques \u00e9ditoriales \u00bb, 2017.<\/p>\n<p>LEONARDI L. et CERULLO S. (dir.), <em>Tradurre<\/em> <em>dal<\/em> <em>latino<\/em> <em>nel<\/em> <em>Medioevo<\/em> <em>italiano.<\/em> <em>\u00ab<\/em> <em>Translatio<\/em> <em>studii<\/em> <em>\u00bb<\/em> <em>e<\/em> <em>procedure<\/em> <em>linguistiche<\/em>, Firenze, Sismel \u2013 Edizioni del Galluzzo, coll. \u00ab mediEVI \u00bb, 2017.<\/p>\n<p>LOVICONI L., <em>Physiologie<\/em> <em>et<\/em> <em>pathologie<\/em> <em>de<\/em> <em>la<\/em> <em>respiration<\/em> <em>dans<\/em> <em>les<\/em> <em>\u0153uvres<\/em> <em>m\u00e9dicales<\/em> <em>des<\/em> <em>XIV<sup>e<\/sup><\/em> <em>et<\/em> <em>XV<sup>e<\/sup><\/em> <em>si\u00e8cles<\/em>, Paris, Champion, coll. \u00ab Sciences, techniques et civilisations du Moyen \u00c2ge \u00e0 l\u2019aube des Lumi\u00e8res \u00bb, 2017.<\/p>\n<p>MANGRAVITI V., <em>L\u2019Odissea<\/em> <em>Marciana<\/em> <em>di<\/em> <em>Leonzio<\/em> <em>tra<\/em> <em>Boccaccio<\/em> <em>e<\/em> <em>Petrarca<\/em>, Barcelona-Roma, F\u00e9d\u00e9ration Internationale des Instituts d\u2019\u00c9tudes M\u00e9di\u00e9vales, coll. \u00ab Textes et \u00e9tudes du Moyen \u00c2ge \u00bb, 2016. MARTIN, J.-P., <em>Les<\/em> <em>motifs<\/em> <em>dans<\/em> <em>la<\/em> <em>chanson<\/em> <em>de<\/em> <em>geste.<\/em> <em>D\u00e9finition<\/em> <em>et<\/em> <em>utilisation<\/em> <em>(Discours<\/em> <em>de<\/em> <em>l\u2019\u00e9pop\u00e9e<\/em> <em>m\u00e9di\u00e9vale<\/em> <em>1)<\/em>, Paris, Honor\u00e9 Champion, coll. \u00ab Essais sur le Moyen \u00c2ge \u00bb, 2017.<\/p>\n<p>MERLE A. et O\u00cfFFER-BOMSEL A. (dir.), <em>Tacite<\/em> <em>et<\/em> <em>le<\/em> <em>tacitisme<\/em> <em>en<\/em> <em>Europe<\/em> <em>\u00e0<\/em> <em>l\u2019\u00e9poque<\/em> <em>moderne<\/em>, Paris, H. Champion, coll. \u00ab Colloques, congr\u00e8s et conf\u00e9rences \u2013 Le classisicme \u00bb, 2017.<\/p>\n<p>MESA SANZ J. F. (dir.), <em>Latinidad<\/em> <em>Medieval<\/em> <em>Hisp\u00e1nica<\/em>, Firenze, Sismel \u2013 Edizioni del Galluzzo, coll. \u00ab mediEVI \u00bb, 2017.<\/p>\n<p>MORANDI N., Officium Stellae<em>.<\/em> <em>Studio<\/em> <em>comparativo<\/em> <em>e<\/em> <em>trascrizione<\/em> <em>dei<\/em> <em>testimoni<\/em> <em>liturgico-musicali<\/em>, Firenze, Sismel \u2013 Edizioni del Galluzzo, coll. \u00ab La Tradizione Musicale. Studi e testi \u00bb, 2017.<\/p>\n<p>MORANTIN P., <em>Lire<\/em> <em>Hom\u00e8re<\/em> <em>\u00e0<\/em> <em>la<\/em> <em>Renaissance.<\/em> <em>Philologie<\/em> <em>humaniste<\/em> <em>et<\/em> <em>tradition<\/em> <em>grecque<\/em>, Gen\u00e8ve, Droz, coll. \u00ab Travaux d\u2019Humanisme et Renaissance \u00bb, 2017.<\/p>\n<p>MOUL V. (dir.), <em>A<\/em> <em>Guide<\/em> <em>to<\/em> <em>Neo-Latin<\/em> <em>Literature<\/em>, Cambridge-New York, Cambridge University Press, 2017.<\/p>\n<p>MOYON M., <em>La<\/em> <em>g\u00e9om\u00e9trie<\/em> <em>de<\/em> <em>la<\/em> <em>mesure<\/em> <em>dans<\/em> <em>les<\/em> <em>traductions<\/em> <em>arabo-latines<\/em> <em>m\u00e9di\u00e9vales<\/em>, Turnhout, Brepols, coll. \u00ab De diversis artibus \u00bb, 2017.<\/p>\n<p>MUECKE F. et CAMPANELLI M. (dir.), <em>The<\/em> <em>invention<\/em> <em>of<\/em> <em>Rome.<\/em> <em>Biondo<\/em> <em>Flavio\u2019s<\/em> Roma Triumphans <em>and<\/em> <em>its<\/em> <em>Worlds<\/em>, Gen\u00e8ve, Droz, coll. \u00ab Travaux d\u2019Humanisme et Renaissance \u00bb, 2017.<\/p>\n<p>\u00d3 CORR\u00c1IN D., <em>Clavis<\/em> <em>Litterarum<\/em> <em>Hibernensium.<\/em> <em>Medieval<\/em> <em>Irish<\/em> <em>Books<\/em> <em>and<\/em> <em>Texts<\/em> <em>(c.<\/em> <em>400<\/em> <em>\u2013<\/em> <em>c.<\/em> <em>1600)<\/em>, Turnhout, Brepols, 2017, 3 volumes.<\/p>\n<p>PANIAGUA D. et ANDR\u00c9S-SANZ M. A. (dir.), <em>Formas<\/em> <em>de<\/em> <em>acceso<\/em> <em>al<\/em> <em>saber<\/em> <em>en<\/em> <em>la<\/em> <em>Antig\u00fcedad<\/em> <em>Tard\u00eda<\/em> <em>y<\/em> <em>la<\/em> <em>Alta<\/em> <em>Edad<\/em> <em>Media.<\/em> <em>La<\/em> <em>transmisi\u00f3n<\/em> <em>del<\/em> <em>conocimiento<\/em> <em>dentro<\/em> <em>y<\/em> <em>fuera<\/em> <em>de<\/em> <em>la<\/em> <em>escuela<\/em>, Barcelona-Roma, F\u00e9d\u00e9ration Internationale des Instituts d\u2019\u00c9tudes M\u00e9di\u00e9vales, coll. \u00ab Textes et \u00c9tudes du Moyen \u00c2ge \u00bb, 2016. PEIKOLA M., M\u00c4KIL\u00c4HDE A., SALMI H., VARILA M.-L. et SKAFFARI J. (dir.), <em>Verbal<\/em> <em>and<\/em> <em>Visual<\/em><\/p>\n<p><em>Communication<\/em> <em>in<\/em> <em>Early<\/em> <em>English<\/em> <em>Texts<\/em>, Turnhout, Brepols, coll. \u00ab Utrecht Studies in Medieval Literacy \u00bb, 2017.<\/p>\n<p>PERONA B. et VIGLIANO T. (dir.), <em>\u00c9rasme<\/em> <em>et<\/em> <em>la<\/em> <em>France<\/em>, Paris, Classiques Garnier, coll. \u00ab \u00c9tudes et essais sur la Renaissance \u2013 Perspectives humanistes \u00bb, 2017.<\/p>\n<p>PETEY-GIRARD B., POLIZZI G. et TRAN T. (dir.), <em>Fran\u00e7ois<\/em> <em>I<sup>er<\/sup><\/em> <em>imagin\u00e9<\/em>, Gen\u00e8ve, Droz, coll. \u00ab Cahiers d\u2019Humanisme et Renaissance \u00bb, 2017.<\/p>\n<p>PRINZIVALLI E., VINEL F. et CUTINO M. (dir.), <em>Transmission<\/em> <em>et<\/em> <em>r\u00e9ception<\/em> <em>des<\/em> <em>P\u00e8res<\/em> <em>grecs<\/em> <em>dans<\/em> <em>l\u2019Occident,<\/em> <em>de<\/em> <em>l\u2019Antiquit\u00e9<\/em> <em>tardive<\/em> <em>\u00e0<\/em> <em>la<\/em> <em>Renaissance.<\/em> <em>Entre<\/em> <em>philologie,<\/em> <em>herm\u00e9neutique<\/em> <em>et<\/em> <em>th\u00e9ologie<\/em>, Turnhout, Brepols, coll. \u00ab Collection des \u00c9tudes Augustiniennes \u2013 S\u00e9rie Moyen \u00c2ge et Temps modernes \u00bb, 2016.<\/p>\n<p>REID S. J. et MCOMISH D. (dir.), <em>Neo-Latin<\/em> <em>Literature<\/em> <em>and<\/em> <em>Literary<\/em> <em>Culture<\/em> <em>in<\/em> <em>Early<\/em> <em>Modern<\/em> <em>Scotland<\/em>, Leiden-Boston, Brill, coll. \u00ab Brill\u2019s Studies in Intellectual History \u00bb, 2016.<\/p>\n<p>ROUGET F. (dir.), <em>Fran\u00e7ois<\/em> <em>I<sup>er<\/sup><\/em> <em>et<\/em> <em>la<\/em> <em>vie<\/em> <em>litt\u00e9raire<\/em> <em>de<\/em> <em>son<\/em> <em>temps<\/em> <em>(1515-1547)<\/em>, Paris, Classiques Garnier, coll. \u00ab Rencontres \u2013 Colloques, congr\u00e8s et conf\u00e9rences sur la Renaissance europ\u00e9enne \u00bb, 2017.<\/p>\n<p>SALVADOR MART\u00cdNEZ H., <em>Filosof\u00eda<\/em> <em>de<\/em> <em>Virgilio<\/em> <em>de<\/em> <em>C\u00f3rdoba,<\/em> <em>aristot\u00e9lico-averro\u00edsta<\/em> <em>del<\/em> <em>siglo<\/em> <em>XIII<\/em>, Le\u00f3n, Universidad de Le\u00f3n, 2016.<\/p>\n<p>SARTI G., <em>Un<\/em> <em>libro<\/em> <em>ravennate<\/em> <em>di<\/em> <em>spiritualit\u00e0<\/em> <em>monastica<\/em> <em>dell\u2019inizio<\/em> <em>del<\/em> <em>secolo<\/em> <em>VIII<\/em> <em>nell\u2019Archivio<\/em> <em>Storico<\/em> <em>Diocesano<\/em> <em>di<\/em> <em>Ravenna-Cervia<\/em>, Ravenna, Longo Editore, coll. \u00ab Le Tessere \u00bb, 2017.<\/p>\n<p>SCHNOOR F., <em>Das<\/em> <em>lateinische<\/em> <em>Tierlobgedicht<\/em> <em>in<\/em> <em>Sp\u00e4tantike,<\/em> <em>Mittelalter<\/em> <em>und<\/em> <em>Fr\u00fcher<\/em> <em>Neuzeit,<\/em> Bern-Bruxelles- Frankfurt am Main-New York-Oxford-Warszawa-Wien, Peter Lang, coll. \u00ab Lateinische Sprache und Literatur des Mittelalters \u00bb, 2017.<\/p>\n<p>SHARP T. (dir.), avec la coll. d\u2019I. COCHELIN, G. DINKOVA-BRUUN, A. FIREY et G. SILANO, <em>From <\/em><em>Learning<\/em> <em>to<\/em> <em>Love<\/em> <em>:<\/em> <em>Schools,<\/em> <em>Law,<\/em> <em>and<\/em> <em>Pastoral<\/em> <em>Care<\/em> <em>in<\/em> <em>the<\/em> <em>Middle<\/em> <em>Ages.<\/em> <em>Essays<\/em> <em>in<\/em> <em>Honour<\/em> <em>of<\/em> <em>Joseph<\/em> <em>W.<\/em> <em>Goering<\/em>, Toronto, Pontifical Institute of Mediaeval Studies, coll. \u00ab Papers in Mediaeval Studies \u00bb, 2017.<\/p>\n<p>STAATS S., avec la coll. de C. HEID, D. NEBBIAI et P. STIRNEMANN, <em>Le<\/em> <em>catalogue<\/em> <em>m\u00e9di\u00e9val<\/em> <em>de<\/em> <em>l\u2019abbaye<\/em> <em>cistercienne<\/em> <em>de<\/em> <em>Clairmarais<\/em> <em>et<\/em> <em>les<\/em> <em>manuscrits<\/em> <em>conserv\u00e9s<\/em>, Paris, CNRS \u00c9ditions, coll. \u00ab Documents, \u00e9tudes et r\u00e9pertoires \u2013 IRHT \u00bb, 2016.<\/p>\n<p>SUAREZ-NANI T., RIBORDY O. et PETAGINE A. (dir.), <em>Lieu,<\/em> <em>espace,<\/em> <em>mouvement.<\/em> <em>Physique,<\/em> <em>m\u00e9taphysique<\/em> <em>et<\/em> <em>cosmologie<\/em> <em>(<\/em><em>XII<sup>e<\/sup><\/em><em>&#8211;<\/em><em>XVI<sup>e<\/sup><\/em> <em>si\u00e8cles)<\/em>, Barcelona-Roma, F\u00e9d\u00e9ration Internationale des Instituts d\u2019\u00c9tudes M\u00e9di\u00e9vales, coll. \u00ab Textes et \u00c9tudes du Moyen \u00c2ge \u00bb, 2017.<\/p>\n<p>VEYRARD-COSME C., <em>La<\/em> Vita beati Alcuini <em>(<\/em><em>IX<sup>e<\/sup><\/em> <em>s.).<\/em> <em>Les<\/em> <em>inflexions<\/em> <em>d\u2019un<\/em> <em>discours<\/em> <em>de<\/em> <em>saintet\u00e9.<\/em> <em>Introduction,<\/em> <em>\u00e9dition<\/em> <em>et<\/em> <em>traduction<\/em> <em>annot\u00e9e<\/em> <em>du<\/em> <em>texte<\/em> <em>d\u2019apr\u00e8s<\/em> <em>Reims,<\/em> <em>BM<\/em> <em>1395<\/em> <em>(K<\/em> <em>784)<\/em>, Turnhout, Brepols, coll. \u00ab Collection des \u00c9tudes Augustiniennes \u2013 S\u00e9rie Moyen \u00c2ge et Temps modernes \u00bb, 2017.<\/p>\n<p>VIGLIANO T., <em>Parler<\/em> <em>aux<\/em> <em>Musulmans.<\/em> <em>Quatre<\/em> <em>intellectuels<\/em> <em>face<\/em> <em>\u00e0<\/em> <em>l\u2019Islam<\/em> <em>\u00e0<\/em> <em>l\u2019or\u00e9e<\/em> <em>de<\/em> <em>la<\/em> <em>Renaissance,<\/em> Gen\u00e8ve, Droz, coll. \u00ab Les Seuils de la Modernit\u00e9 \u00bb, 2017.<\/p>\n<p>VUILLEUMIER LAURENS F., <em>L\u2019Universit\u00e9,<\/em> <em>la<\/em> <em>Robe<\/em> <em>et<\/em> <em>la<\/em> <em>Librairie<\/em> <em>\u00e0<\/em> <em>Paris.<\/em> <em>Claude<\/em> <em>Mignault<\/em> <em>et<\/em> <em>le<\/em> Syntagma de Symbolis <em>(1571-1602)<\/em>, Gen\u00e8ve, Droz, coll. \u00ab Travaux d\u2019Humanisme et Renaissance \u00bb, 2017.<\/p>\n<p>WENZEL S., <em>The<\/em> <em>Sermons<\/em> <em>of<\/em> <em>William<\/em> <em>Peraldus.<\/em> <em>An<\/em> <em>Appraisal<\/em>, Turnhout, Brepols, coll. \u00ab Sermo \u00bb, 2017. ZAJKO V. et HOYLE H. (dir.), <em>A<\/em> <em>Handbook<\/em> <em>to<\/em> <em>the<\/em> <em>Reception<\/em> <em>of<\/em> <em>Classical<\/em> <em>Mythology<\/em>, Malden MA, Wiley-<\/p>\n<p>Blackwell, 2017.<\/p>\n<p><em>\u00c0<\/em> <em>para\u00eetre<\/em><\/p>\n<p>ANGOTTI C., <em>La<\/em> lectio <em>des<\/em> <em>Sentences<\/em> <em>au<\/em> <em>coll\u00e8ge<\/em> <em>de<\/em> <em>la<\/em> <em>Sorbonne.<\/em> Lectiones Sententiarum, Turnhout, Brepols, coll. \u00ab Studia Sententiarum \u00bb, d\u00e9cembre 2017.<\/p>\n<p>BOUTROUE M.-E. (dir.), <em>\u00ab<\/em> <em>In<\/em> <em>spinis,<\/em> <em>collige<\/em> <em>rosas.<\/em> <em>\u00bb<\/em> <em>M\u00e9langes<\/em> <em>offerts<\/em> <em>\u00e0<\/em> <em>Jean-Fran\u00e7ois<\/em> <em>Maillard<\/em> <em>par<\/em> <em>ses<\/em> <em>coll\u00e8gues<\/em> <em>et<\/em> <em>amis<\/em>, Turnhout, Brepols, coll. \u00ab Europa Humanistica : La France des Humanistes \u00bb, d\u00e9cembre 2017.<\/p>\n<p>CATALANI L. et DE FILIPPIS R. (dir.), <em>Anselmo<\/em> <em>d\u2019Aosta<\/em> <em>e<\/em> <em>il<\/em> <em>pensiero<\/em> <em>monastico<\/em> <em>medievale<\/em>, Turnhout, Brepols, coll. \u00ab Nutrix \u00bb, octobre 2017.<\/p>\n<p>DAHAN G. et RILLON-MARNE A.-Z. (dir.), <em>Philippe<\/em> <em>le<\/em> <em>Chancelier<\/em> <em>pr\u00e9dicateur,<\/em> <em>th\u00e9ologien<\/em> <em>et<\/em> <em>po\u00e8te<\/em> <em>parisien<\/em> <em>(du<\/em> <em>d\u00e9but<\/em> <em>du<\/em> <em>XIII<sup>e<\/sup><\/em> <em>si\u00e8cle)<\/em>, Turnhout, Brepols, coll. \u00ab Biblioth\u00e8que d\u2019histoire culturelle du Moyen \u00c2ge \u00bb, d\u00e9cembre 2017.<\/p>\n<p>ESCUD\u00c9 P., <em>L\u2019imprimerie<\/em> <em>et<\/em> <em>le<\/em> <em>pouvoir<\/em> <em>toulousain.<\/em> <em>Politique,<\/em> <em>livre<\/em> <em>et<\/em> <em>langue<\/em> <em>\u00e0<\/em> <em>Toulouse<\/em> <em>de<\/em> <em>1475<\/em> <em>\u00e0<\/em> <em>1617<\/em>, Gen\u00e8ve, Droz, coll. \u00ab Cahiers d\u2019Humanisme et Renaissance \u00bb, novembre 2017.<\/p>\n<p>FEISS H. et MOUSSEAU J. (dir.), <em>A<\/em> <em>Companion<\/em> <em>to<\/em> <em>the<\/em> <em>Abbey<\/em> <em>of<\/em> <em>Saint<\/em> <em>Victor<\/em> <em>in<\/em> <em>Paris<\/em>, Leiden-Boston, Brill, coll. \u00ab Brill\u2019s Companions to the Christian Tradition \u00bb, octobre 2017.<\/p>\n<p>FERRERI L., DELLE DONNE S., GASPARI A. et BIANCA C., <em>Le<\/em> <em>prime<\/em> <em>edizioni<\/em> <em>greche<\/em> <em>a<\/em> <em>Roma<\/em> <em>(1510-1526)<\/em>, Turnhout, Brepols, coll. \u00ab Europa Humanistica : R\u00e9pertoires et inventaires \u00bb, d\u00e9cembre 2017.<\/p>\n<p>GRONDEUX A. et ROSIER-CATACH I., <em>Priscien<\/em> <em>lu<\/em> <em>par<\/em> <em>Guillaume<\/em> <em>de<\/em> <em>Champeaux<\/em> <em>et<\/em> <em>son<\/em> <em>\u00e9cole.<\/em> <em>Les<\/em> Notae Dunelmenses <em>(Durham,<\/em> <em>D.C.L.,<\/em> <em>C.IV.29)<\/em>, Turnhout, Brepols, coll. \u00ab Studia Artistarum \u00bb, novembre 2017, 2 vol.<\/p>\n<p>MAAS C., <em>Medievalism<\/em> <em>and<\/em> <em>Political<\/em> <em>Rhetoric<\/em> <em>in<\/em> <em>Humanist<\/em> <em>Historiography<\/em> <em>from<\/em> <em>the<\/em> <em>Low<\/em> <em>Countries<\/em> <em>(1515-1609)<\/em>, Turnhout, Brepols, coll. \u00ab Proteus \u00bb, octobre 2017.<\/p>\n<p>MONFORT M.-L., <em>Janus<\/em> <em>Cornarius<\/em> <em>et<\/em> <em>la<\/em> <em>red\u00e9couverte<\/em> <em>d\u2019Hippocrate<\/em> <em>\u00e0<\/em> <em>la<\/em> <em>Renaissance<\/em>, Turnhout, Brepols, coll. \u00ab De diversis artibus \u00bb, d\u00e9cembre 2017.<\/p>\n<p>MORTON, J., <em>The<\/em> <em>\u00ab<\/em> <em>Roman<\/em> <em>de<\/em> <em>la<\/em> <em>Rose<\/em> <em>\u00bb<\/em> <em>in<\/em> <em>its<\/em> <em>Philosophical<\/em> <em>Context.<\/em> <em>Art,<\/em> <em>Nature<\/em> <em>and<\/em> <em>Ethics<\/em>, Oxford, Oxford University Press, f\u00e9vrier 2018.<\/p>\n<p>OSSA-RICHARDSON A. et MESERVE M. (dir.), <em>Et<\/em> <em>Amicorum.<\/em> <em>Essays<\/em> <em>on<\/em> <em>Renaissance<\/em> <em>Humanism<\/em> <em>and<\/em> <em>Philosophy<\/em> <em>in<\/em> <em>Honour<\/em> <em>of<\/em> <em>Jill<\/em> <em>Kraye<\/em>, Leiden-Boston, Brill, coll. \u00ab Brill\u2019s Studies in Intellectual History \u00bb, novembre 2017.<\/p>\n<p>RIEDL M. (dir.), <em>A<\/em> <em>Companion<\/em> <em>to<\/em> <em>Joachim<\/em> <em>of<\/em> <em>Fiore<\/em>, Leiden-Boston, Brill, coll. \u00ab Brill\u2019s Companions to the Christian Tradition \u00bb, novembre 2017.<\/p>\n<p>STEVENS W., <em>Rhetoric<\/em> <em>and<\/em> <em>Reckoning<\/em> <em>in<\/em> <em>the<\/em> <em>Ninth<\/em> <em>Century.<\/em> <em>The<\/em> Vademecum <em>of<\/em> <em>Walahfrid<\/em> <em>Strabo<\/em>, Turnhout, Brepols, coll. \u00ab Studia Traditionis Theologiae \u00bb, d\u00e9cembre 2017.<\/p>\n<p>TARLAZZI C., <em>Individui<\/em> <em>universali.<\/em> <em>Il<\/em> <em>realismo<\/em> <em>di<\/em> <em>Gualtiero<\/em> <em>di<\/em> <em>Mortagne<\/em> <em>nel<\/em> <em>XII<\/em> <em>secolo<\/em>, Barcelona-Roma, F\u00e9d\u00e9ration Internationale des Instituts d\u2019\u00c9tudes M\u00e9di\u00e9vales, coll. \u00ab Textes et \u00c9tudes du Moyen \u00c2ge \u00bb, octobre 2017.<\/p>\n<p>T\u00dcRK E., <em>Arnoul<\/em> <em>de<\/em> <em>Lisieux<\/em> <em>(1105\/1109-1184).<\/em> <em>Lettres<\/em> <em>d\u2019un<\/em> <em>\u00e9v\u00eaque<\/em> <em>de<\/em> <em>cour<\/em> <em>dans<\/em> <em>l\u2019embarras<\/em>, Turnhout, Brepols, coll. \u00ab T\u00e9moins de notre histoire \u00bb, novembre 2017.<\/p>\n<h1>III.\u00a0 Revues<\/h1>\n<p><em>Albertiana<\/em>, XX (n. s. II) \u2013 2017-1 [<em>Varia<\/em>] ; XX (n. s. II) \u2013 2017-2 [<em>Leonis<\/em> <em>Baptistae<\/em> <em>Alberti<\/em> <em>De<\/em> <em>equo<\/em> <em>animante<\/em> <em>(Le<\/em> <em>cheval<\/em> <em>vivant)<\/em>, \u00e9d. C. Grayson et F. Furlan, trad. J.-Y. Boriaud].<\/p>\n<p><em>Archivum<\/em> <em>Latinitatis<\/em> <em>Medii<\/em> <em>Aevi<\/em> <em>\u2013<\/em> <em>Bulletin<\/em> <em>Du<\/em> <em>Cange<\/em>, 74 (2016).<\/p>\n<p><em>Biblioth\u00e8que<\/em> <em>d\u2019Humanisme<\/em> <em>et<\/em> <em>Renaissance<\/em>, LXXVIII-3 (2016-3) ; LXXIX-1 (2017-1) ; LXXIX-2 (2017- 2).<\/p>\n<p><em>Cahiers<\/em> <em>de<\/em> <em>recherches<\/em> <em>m\u00e9di\u00e9vales<\/em> <em>et<\/em> <em>humanistes<\/em> <em>\/<\/em> <em>Journal<\/em> <em>of<\/em> <em>Medieval<\/em> <em>and<\/em> <em>Humanistic<\/em> <em>Studies<\/em>, 32 (2016-2) ; 33 (2017-1).<\/p>\n<p><em>Camenae<\/em>, 18 (juillet 2016) [I. <em>Fortune<\/em> <em>des<\/em> <em>\u00c9podes<\/em>, dir. T. Vigliano ; II. <em>Horace,<\/em> <em>un<\/em> <em>laboratoire<\/em> <em>po\u00e9tique<\/em> <em>:<\/em> <em>paraphrases,<\/em> <em>transpositions,<\/em> <em>d\u00e9tournements<\/em>, dir. N. Dauvois] ; 19 (d\u00e9cembre 2016) [<em>Savoir-vivre<\/em> <em>et<\/em> <em>grossi\u00e8ret\u00e9<\/em> <em>de<\/em> <em>l\u2019Antiquit\u00e9<\/em> <em>\u00e0<\/em> <em>la<\/em> <em>Renaissance<\/em>, dir. S. Laigneau-Fontaine] : <a href=\"http:\/\/saprat.ephe.sorbonne.fr\/revue-en-ligne-camenae-16.htm\">http:\/\/saprat.ephe.sorbonne.fr\/revue-en-ligne-camenae-16.htm<\/a><\/p>\n<p><em>Humanistica<\/em> <em>Lovaniensia.<\/em> <em>Journal<\/em> <em>of<\/em> <em>Neo-Latin<\/em> <em>Studies<\/em>, LXV (2016).<\/p>\n<p><em>Neulateinisches<\/em> <em>Jahrbuch.<\/em> <em>Journal<\/em> <em>of<\/em> <em>Neo-Latin<\/em> <em>Language<\/em> <em>and<\/em> <em>Literature<\/em>, 18 (2016).<\/p>\n<p><em>Renaissance<\/em> <em>Quarterly<\/em>, LXIX-3 (Fall 2016) ; LXIX-4 (Winter 2016) ; LXX-1 (Spring 2017) ; LXX-2 (Summer 2017).<\/p>\n<p><em>Revue<\/em> <em>d\u2019histoire<\/em> <em>des<\/em> <em>textes<\/em>, n. s., XII (2017).<\/p>\n<p><em>Revue<\/em> <em>Mabillon.<\/em> <em>Revue<\/em> <em>internationale<\/em> <em>d\u2019histoire<\/em> <em>et<\/em> <em>de<\/em> <em>litt\u00e9rature<\/em> <em>religieuses<\/em>, n. s., 27 (2016).<\/p>\n<p><em>Romania.<\/em> <em>Revue<\/em> <em>consacr\u00e9e<\/em> <em>\u00e0<\/em> <em>l\u2019\u00e9tude<\/em> <em>des<\/em> <em>langues<\/em> <em>et<\/em> <em>des<\/em> <em>litt\u00e9ratures<\/em> <em>romanes<\/em>, 135 (2017).<\/p>\n<p><em>Scriptorium.<\/em> <em>Revue<\/em> <em>internationale<\/em> <em>des<\/em> <em>\u00e9tudes<\/em> <em>relatives<\/em> <em>aux<\/em> <em>manuscrits<\/em>, LXX (2016).<\/p>\n<p><em>Seizi\u00e8me<\/em> <em>si\u00e8cle<\/em>, 13 (2017) [<em>\u00c9trennes,<\/em> <em>dons<\/em> <em>et<\/em> <em>cadeaux<\/em>, dir. C. Magnien-Simonin].<\/p>\n<ol>\n<li><strong><em>Instrumenta<\/em><\/strong><\/li>\n<\/ol>\n<p><em>Bibliographie<\/em> <em>annuelle<\/em> <em>du<\/em> <em>Moyen<\/em> <em>\u00c2ge<\/em> <em>tardif.<\/em> <em>Auteurs<\/em> <em>et<\/em> <em>textes<\/em> <em>latins<\/em>, t. 26 (2016), Turnhout, Brepols, 2016.<\/p>\n<p><em>Bibliographie<\/em> <em>internationale<\/em> <em>de<\/em> <em>l\u2019Humanisme<\/em> <em>et<\/em> <em>de<\/em> <em>la<\/em> <em>Renaissance<\/em>, t. XLVIII : Travaux parus jusqu\u2019\u00e0 2014, Turnhout, Brepols, 2017, 2 volumes.<\/p>\n<p>C.A.L.M.A. <em>Compendium<\/em> <em>Auctorum<\/em> <em>Latinorum<\/em> <em>Medii<\/em> <em>Aevi<\/em> <em>(500-1500)<\/em>, 5.5 (2017) : <em>Henricus<\/em> <em>Riettm\u00fcller<\/em> <em>de<\/em> <em>Liechtstal<\/em> <em>\u2013<\/em> <em>Hermannus<\/em> <em>Tornacensis<\/em> <em>abbas<\/em>, Firenze, Edizioni del Galluzzo, 2017.<\/p>\n<p>DINKOVA-BRUUN G. (dir.), <em>Catalogus<\/em> <em>Translationum<\/em> <em>et<\/em> <em>Commentariorum.<\/em> <em>Mediaeval<\/em> <em>and<\/em> <em>Renaissance<\/em> <em>Latin<\/em> <em>Translations<\/em> <em>and<\/em> <em>Commentaries<\/em> <em>:<\/em> <em>Annotated<\/em> <em>Lists<\/em> <em>and<\/em> <em>Guides<\/em>, vol. XI, Toronto, Pontifical Institute of Mediaeval Studies, 2016 [Comprend des notices sur : Polybe, Diodore de Sicile, Zosime, Procope de C\u00e9sar\u00e9e et Dar\u00e8s le Phrygien ; <em>addenda<\/em> et <em>corrigenda<\/em> sur : Val\u00e8re Maxime, P\u00e9trone, Martial et Martianus Capella].<\/p>\n<p>NIKITINSKI O., <em>Lateinische<\/em> <em>Musterprosa<\/em> <em>und<\/em> <em>Sprachpflege<\/em> <em>der<\/em> <em>Neuzeit<\/em> <em>(17.<\/em> <em>\u2013<\/em> <em>Anfang<\/em> <em>des<\/em> <em>19.<\/em> <em>Jhs.).<\/em> <em>Ein<\/em> <em>W\u00f6rterbuch<\/em>, Leiden-Boston, Brill, 2017.<\/p>\n","protected":false},"excerpt":{"rendered":"<p>Pour acc\u00e9der \u00e0 une bibliographie indicative des ouvrages parus au cours de l&rsquo;ann\u00e9e universitaire 2016-2017 dans les domaines m\u00e9dio- et n\u00e9o-latins, veuillez cliquer sur le lien suivant :\u00a0Publications r\u00e9centes (septembre 2017). * Version en texte clair (le document ayant \u00e9t\u00e9 &hellip; <a href=\"https:\/\/www.semen-l.org\/?p=411\">Continuer la lecture <span class=\"meta-nav\">&rarr;<\/span><\/a><\/p>\n","protected":false},"author":24,"featured_media":837,"comment_status":"open","ping_status":"open","sticky":false,"template":"","format":"standard","meta":{"footnotes":""},"categories":[7],"tags":[653,667,593,38,73,694,302,703,604,678,619,606,103,655,86,685,595,608,610,647,663,651,690,614,637,697,615,626,645,644,671,670,654,668,613,617,463,605,639,607,665,679,691,603,620,581,621,687,704,631,623,682,624,600,628,648,633,332,634,698,596,171,640,638,699,700,622,579,632,440,643,695,646,589,675,583,629,28,686,616,650,586,584,635,636,587,290,16,594,696,692,307,599,680,627,693,641,656,657,658,660,661,61,649,662,209,630,683,590,673,666,677,689,684,688,674,286,404,642,588,612,659,585,702,652,582,580,681,676,597,602,591,618,701,669,664,672,601],"class_list":["post-411","post","type-post","status-publish","format-standard","has-post-thumbnail","hentry","category-publications","tag-900-conclusions-les","tag-ad-regem-cypri-de-rege-et-regno-la-royaute-au-roi-de-chypre","tag-adbreviatio-braulii-cpl-2015","tag-leon-battista-alberti","tag-andre-alciat","tag-anselme-de-cantorbery","tag-aristote","tag-arnoul-de-lisieux","tag-ars-ambianensis","tag-auctoritates-aristotelis","tag-audigier","tag-avicenne","tag-jakob-balde","tag-bede-pseudo","tag-boccace","tag-boheme","tag-braulion-de-saragosse","tag-breve-chronicon-de-rebus-siculis","tag-carpani-giuseppe-enrico","tag-chronique-de-guillem-mascaro","tag-collecta-ex-diuersis-auditis-in-scola-willelmi-de-monte-notes-de-lecole-de-william-de-montibus","tag-commentaire-des-samarites-par-alexius-vanegas-de-tolede","tag-concupiscence","tag-conpendium-nicolas-de-cues","tag-constantiensia-jean-hus","tag-cornarius-janus","tag-de-apice-theoriae-la-cime-de-la-contemplation","tag-de-arte-magna-libri-iv-traite-dalbrege-gosselin","tag-de-bibliothecis-syntagma","tag-de-constantia-la-constance-juste-lipse","tag-de-dracone-walcher-de-malvern","tag-de-lunationibus-walcher-de-malvern","tag-de-mundi-caelestis-terrestrisque-constitutione-liber-la-creation-du-monde-celeste-et-terrestre","tag-de-substantiis-separatis-traite-sur-les-substances-separees","tag-de-venatione-sapientiae-la-chasse-de-la-sagesse","tag-disputatio-puerorum-ixe-siecle","tag-douceur","tag-epitre-sur-les-propheties","tag-etymologiae-etymologies","tag-expeditio-polemico-poetica","tag-expositio-paraenetica-in-regulam-carmelitarum","tag-fama","tag-femmes","tag-filargiro-commedia","tag-foulques-de-cambrai","tag-fruland-de-murbach","tag-fundatio-abbatiae-de-valcellis-la-fondation-de-labbaye-de-vaucelles","tag-gautier-patrick","tag-gautier-de-mortagne","tag-gerard-groote","tag-gilles-de-corbeil","tag-gilles-de-rome","tag-glosae-in-regula-sancti-benedicti-abbatis-ad-usum-smaragdi-sancti-michaelis-abbatis","tag-glossae-super-peri-hermeneias-abelard","tag-gosselin-guillaume","tag-guillem-mascaro","tag-herbert-de-torres","tag-hermeneutique","tag-hilduin-de-saint-denis","tag-hippocrate","tag-homilia-in-natale-sancti-isidori-petrus-munionis","tag-imprimerie","tag-isidore-de-seville","tag-jean-hus","tag-joachim-de-flore","tag-kraye-jill","tag-liber-de-uirtutibus-et-laudibus-compositorum-medicaminum","tag-liber-historiae-francorum-livre-de-lhistoire-des-francs","tag-liber-uisionum-et-miraculorum-clareuallensium","tag-lippi-lorenzo","tag-lipse-juste","tag-maillard-jean-francois","tag-manuce-alde","tag-martin-de-saint-isidore-de-leon","tag-mignault-claude","tag-miracle-miracula","tag-missale-gothicum-ccsl-159d","tag-momus","tag-moravie","tag-nicolas-de-cues","tag-papeus-petrus","tag-passio-leudegarii-bhl-4851-ursin-de-liguge","tag-passio-leudegarii-prima-bhl-4849b","tag-passio-sancti-dionysii-en-prose-hilduin","tag-passio-sancti-dionysii-en-vers-hilduin","tag-passio-sancti-leudegarii-tertia-fruland-de-murbach","tag-passion","tag-petrarque","tag-petrus-munionis","tag-philippe-le-chancelier","tag-philologie","tag-pic-de-la-mirandole-jean-francois","tag-pierre-abelard","tag-pline-lancien","tag-praelectio-lecon-sur-la-mathematique-gosselin","tag-psychomachia-bruxellensis-10066-77","tag-recit-des-voyages-et-pelerinages-de-jean-de-tournai-1488-1489","tag-la-reforme-du-calendrier-aux-conciles-de-constance-et-de-bale","tag-relatio-metrica-de-duobus-ducibus","tag-rescriptum-beati-gregorii-papae-ad-augustinum-episcopum-quem-saxoniam-in-praedicatione-direxerat-seu-libellus-responsionum","tag-richard-de-mediavilla","tag-rinuccio-darezzo","tag-roman-de-la-rose","tag-samarites-comoedia-de-samaritano-evangelico","tag-samuel-presbiter","tag-scepticisme","tag-scripta-contra-simoniam-et-proprietarios-groote","tag-septante","tag-sermo-in-transitu-sancti-isidori-bhl-4485-martin-de-leon","tag-sermones-william-perault","tag-soreth-jean","tag-speculum-virginum","tag-stilus-isidorianus-style-isidorien","tag-strubel-armand","tag-synonyma-isidore-de-seville","tag-syntagma-de-symbolis-1571-1602","tag-theologie","tag-thomas-daquin","tag-de-tournai-jean","tag-translatio-sancti-isidori-legionem-anno-1063","tag-trialogus-de-possest-dialogue-a-trois-sur-le-pouvoir-est","tag-troisieme-quodlibet-richard-de-mediavilla","tag-ursin-de-liguge","tag-vademecum-walafrid-strabon","tag-vanegas-alexius-de-tolede","tag-vie-de-saint-vita","tag-vie-metrique-de-saint-leger-bhl-4854","tag-vision-de-tondale","tag-vita-beati-alcuini-ixe-siecle-reims-bm-1395","tag-vita-beatorum-leandri-isidori-fulgentii-braulionis-bhl-4810","tag-vita-sancti-aedwardi-regis-et-confessoris-aelred-de-rievaulx","tag-vita-sancti-isidori-cpl-1214","tag-voyage-de-charlemagne-a-jerusalem","tag-walafrid-strabon","tag-walcher-de-malvern","tag-william-de-montibus","tag-william-perault","tag-aelred-de-rievaulx"],"yoast_head":"<!-- This site is optimized with the Yoast SEO plugin v27.5 - https:\/\/yoast.com\/product\/yoast-seo-wordpress\/ -->\n<title>Parutions 2016-2017 en latin m\u00e9di\u00e9val et n\u00e9o-latin - SEMEN-L<\/title>\n<meta name=\"description\" content=\"Bibliographie des ouvrages parus en 2016-2017 en latin m\u00e9di\u00e9val et n\u00e9o-latin, par la SEMEN-L (textes, \u00e9tudes, revues, instrumenta).\" \/>\n<meta name=\"robots\" content=\"index, follow, max-snippet:-1, max-image-preview:large, max-video-preview:-1\" \/>\n<link rel=\"canonical\" href=\"https:\/\/www.semen-l.org\/?p=411\" \/>\n<meta property=\"og:locale\" content=\"fr_FR\" \/>\n<meta property=\"og:type\" content=\"article\" \/>\n<meta property=\"og:title\" content=\"Parutions 2016-2017 en latin m\u00e9di\u00e9val et n\u00e9o-latin - SEMEN-L\" \/>\n<meta property=\"og:description\" content=\"Bibliographie des ouvrages parus en 2016-2017 en latin m\u00e9di\u00e9val et n\u00e9o-latin, par la SEMEN-L (textes, \u00e9tudes, revues, instrumenta).\" \/>\n<meta property=\"og:url\" content=\"https:\/\/www.semen-l.org\/?p=411\" \/>\n<meta property=\"og:site_name\" content=\"Soci\u00e9t\u00e9 d&#039;\u00c9tudes M\u00e9dio Et N\u00e9o-Latines\" \/>\n<meta property=\"article:publisher\" content=\"https:\/\/www.facebook.com\/SEMENL2018\" \/>\n<meta property=\"article:published_time\" content=\"2017-10-16T10:53:16+00:00\" \/>\n<meta property=\"article:modified_time\" content=\"2025-01-15T15:23:47+00:00\" \/>\n<meta property=\"og:image\" content=\"https:\/\/www.semen-l.org\/wp-content\/uploads\/2020\/11\/ciceron-livre.jpg\" \/>\n\t<meta property=\"og:image:width\" content=\"200\" \/>\n\t<meta property=\"og:image:height\" content=\"200\" \/>\n\t<meta property=\"og:image:type\" content=\"image\/jpeg\" \/>\n<meta name=\"author\" content=\"Thomas Penguilly\" \/>\n<meta name=\"twitter:card\" content=\"summary_large_image\" \/>\n<meta name=\"twitter:label1\" content=\"\u00c9crit par\" \/>\n\t<meta name=\"twitter:data1\" content=\"Thomas Penguilly\" \/>\n\t<meta name=\"twitter:label2\" content=\"Dur\u00e9e de lecture estim\u00e9e\" \/>\n\t<meta name=\"twitter:data2\" content=\"26 minutes\" \/>\n<script type=\"application\/ld+json\" class=\"yoast-schema-graph\">{\"@context\":\"https:\\\/\\\/schema.org\",\"@graph\":[{\"@type\":\"Article\",\"@id\":\"https:\\\/\\\/www.semen-l.org\\\/?p=411#article\",\"isPartOf\":{\"@id\":\"https:\\\/\\\/www.semen-l.org\\\/?p=411\"},\"author\":{\"name\":\"Thomas Penguilly\",\"@id\":\"http:\\\/\\\/www.semen-l.org\\\/#\\\/schema\\\/person\\\/3d0af82116ae10be9dae79c17e01be5a\"},\"headline\":\"Publications r\u00e9centes (septembre 2017)\",\"datePublished\":\"2017-10-16T10:53:16+00:00\",\"dateModified\":\"2025-01-15T15:23:47+00:00\",\"mainEntityOfPage\":{\"@id\":\"https:\\\/\\\/www.semen-l.org\\\/?p=411\"},\"wordCount\":5133,\"commentCount\":0,\"publisher\":{\"@id\":\"http:\\\/\\\/www.semen-l.org\\\/#organization\"},\"image\":{\"@id\":\"https:\\\/\\\/www.semen-l.org\\\/?p=411#primaryimage\"},\"thumbnailUrl\":\"https:\\\/\\\/www.semen-l.org\\\/wp-content\\\/uploads\\\/2020\\\/11\\\/ciceron-livre.jpg\",\"keywords\":[\"900 conclusions (Les)\",\"Ad regem Cypri de rege et regno (La Royaut\u00e9 au roi de Chypre)\",\"Adbreviatio Braulii (CPL 2015 BHL 4486)\",\"Alberti (Leon Battista)\",\"Alciat (Andr\u00e9)\",\"Anselme de Cantorb\u00e9ry\",\"Aristote\",\"Arnoul de Lisieux\",\"Ars Ambianensis\",\"Auctoritates Aristotelis\",\"Audigier\",\"Avicenne\",\"Balde (Jakob)\",\"B\u00e8de (Pseudo)\",\"Boccace\",\"Boh\u00eame\",\"Braulion de Saragosse\",\"Breve chronicon de rebus Siculis\",\"Carpani (Giuseppe Enrico)\",\"Chronique de Guillem Mascar\u00f3\",\"Collecta ex diuersis auditis in scola Willelmi de Monte (Notes de l'\u00e9cole de William de Montibus)\",\"Commentaire des Samarites par Alexius Vanegas de Tol\u00e8de\",\"concupiscence\",\"Conpendium (Nicolas de Cues)\",\"Constantiensia (Jean Hus)\",\"Cornarius (Janus)\",\"De apice theoriae (La Cime de la contemplation)\",\"De arte magna libri IV (Trait\u00e9 d'albr\u00e8ge - Gosselin)\",\"De bibliothecis syntagma (Juste Lipse)\",\"De constantia (La Constance - Juste Lipse)\",\"De Dracone (Walcher de Malvern)\",\"De lunationibus (Walcher de Malvern)\",\"De mundi caelestis terrestrisque constitutione liber (La cr\u00e9ation du monde c\u00e9leste et terrestre)\",\"De substantiis separatis (Trait\u00e9 sur les substances s\u00e9par\u00e9es)\",\"De venatione sapientiae (La chasse de la sagesse)\",\"Disputatio puerorum (IXe si\u00e8cle)\",\"douceur\",\"\u00c9p\u00eetre sur les Proph\u00e9ties (Avicenne)\",\"Etymologiae (\u00c9tymologies)\",\"Expeditio Polemico-Poetica\",\"Expositio paraenetica in Regulam Carmelitarum\",\"fama\",\"femmes\",\"Filargiro Commedia\",\"Foulques de Cambrai\",\"Fruland de Murbach\",\"Fundatio abbatiae de Valcellis (La Fondation de l\u2019Abbaye de Vaucelles)\",\"Gautier (Patrick)\",\"Gautier de Mortagne\",\"G\u00e9rard Groote\",\"Gilles de Corbeil\",\"Gilles de Rome\",\"Glosae in regula Sancti Benedicti abbatis ad usum Smaragdi Sancti Michaelis abbatis\",\"Glossae super Peri Hermeneias (Ab\u00e9lard)\",\"Gosselin (Guillaume)\",\"Guillem Mascar\u00f3\",\"Herbert de Torres\",\"herm\u00e9neutique\",\"Hilduin de Saint-Denis\",\"Hippocrate\",\"Homilia in natale Sancti Isidori (Petrus Munionis)\",\"imprimerie\",\"Isidore de S\u00e9ville\",\"Jean Hus\",\"Joachim de Flore\",\"Kraye (Jill)\",\"Liber de uirtutibus et laudibus compositorum medicaminum\",\"Liber historiae francorum (Livre de l'histoire des Francs)\",\"Liber uisionum et miraculorum Clareuallensium\",\"Lippi (Lorenzo)\",\"Lipse (Juste)\",\"Maillard (Jean-Fran\u00e7ois)\",\"Manuce (Alde)\",\"Martin de Saint-Isidore de L\u00e9on\",\"Mignault (Claude)\",\"miracle (miracula)\",\"Missale Gothicum (CCSL 159D)\",\"Momus\",\"Moravie\",\"Nicolas de Cues\",\"Papeus (Petrus)\",\"Passio Leudegarii (BHL 4851 Ursin de Ligug\u00e9)\",\"Passio Leudegarii prima (BHL 4849b)\",\"Passio Sancti Dionysii (en prose - Hilduin)\",\"Passio Sancti Dionysii (en vers - Hilduin)\",\"Passio Sancti Leudegarii tertia (Fruland de Murbach)\",\"passion\",\"P\u00e9trarque\",\"Petrus Munionis\",\"Philippe le Chancelier\",\"philologie\",\"Pic de la Mirandole (Jean-Fran\u00e7ois)\",\"Pierre Ab\u00e9lard\",\"Pline l'Ancien\",\"Praelectio (Le\u00e7on sur la math\u00e9matique - Gosselin)\",\"Psychomachia (Bruxellensis 10066-77)\",\"R\u00e9cit des voyages et p\u00e8lerinages de Jean de Tournai 1488-1489\",\"R\u00e9forme du calendrier aux conciles de Constance et de B\u00e2le (La)\",\"Relatio metrica de duobus ducibus\",\"Rescriptum Beati Gregorii Papae ad Augustinum Episcopum quem Saxoniam in praedicatione direxerat (seu Libellus responsionum)\",\"Richard de Mediavilla\",\"Rinuccio d'Arezzo\",\"Roman de la Rose\",\"Samarites - Comoedia de Samaritano Evangelico\",\"Samuel Presbiter\",\"scepticisme\",\"Scripta contra simoniam et proprietarios (Groote)\",\"Septante\",\"Sermo in transitu Sancti Isidori (BHL 4485 Martin de L\u00e9on)\",\"Sermones (William Perault)\",\"Soreth (Jean)\",\"Speculum Virginum\",\"stilus isidorianus (style isidorien)\",\"Strubel (Armand)\",\"Synonyma (Isidore de S\u00e9ville)\",\"Syntagma de Symbolis (1571-1602)\",\"th\u00e9ologie\",\"Thomas d'Aquin\",\"Tournai (Jean de)\",\"Translatio sancti Isidori Legionem anno 1063\",\"Trialogus de possest (Dialogue a trois sur le Pouvoir-est)\",\"Troisi\u00e8me Quodlibet (Richard de Mediavilla)\",\"Ursin de Ligug\u00e9\",\"Vademecum (Walafrid Strabon)\",\"Vanegas (Alexius de Tol\u00e8de)\",\"vie de saint (vita)\",\"Vie m\u00e9trique de saint L\u00e9ger (BHL 4854)\",\"Vision de Tondale\",\"Vita beati Alcuini (IXe si\u00e8cle Reims BM 1395)\",\"Vita beatorum Leandri Isidori Fulgentii Braulionis (BHL 4810)\",\"Vita sancti Aedwardi Regis et Confessoris (\u00c6lred de Rievaulx)\",\"Vita Sancti Isidori (CPL 1214)\",\"Voyage de Charlemagne \u00e0 J\u00e9rusalem\",\"Walafrid Strabon\",\"Walcher de Malvern\",\"William de Montibus\",\"William Perault\",\"\u00c6lred de Rievaulx\"],\"articleSection\":[\"Publications\"],\"inLanguage\":\"fr-FR\",\"potentialAction\":[{\"@type\":\"CommentAction\",\"name\":\"Comment\",\"target\":[\"https:\\\/\\\/www.semen-l.org\\\/?p=411#respond\"]}]},{\"@type\":\"WebPage\",\"@id\":\"https:\\\/\\\/www.semen-l.org\\\/?p=411\",\"url\":\"https:\\\/\\\/www.semen-l.org\\\/?p=411\",\"name\":\"Parutions 2016-2017 en latin m\u00e9di\u00e9val et n\u00e9o-latin - SEMEN-L\",\"isPartOf\":{\"@id\":\"http:\\\/\\\/www.semen-l.org\\\/#website\"},\"primaryImageOfPage\":{\"@id\":\"https:\\\/\\\/www.semen-l.org\\\/?p=411#primaryimage\"},\"image\":{\"@id\":\"https:\\\/\\\/www.semen-l.org\\\/?p=411#primaryimage\"},\"thumbnailUrl\":\"https:\\\/\\\/www.semen-l.org\\\/wp-content\\\/uploads\\\/2020\\\/11\\\/ciceron-livre.jpg\",\"datePublished\":\"2017-10-16T10:53:16+00:00\",\"dateModified\":\"2025-01-15T15:23:47+00:00\",\"description\":\"Bibliographie des ouvrages parus en 2016-2017 en latin m\u00e9di\u00e9val et n\u00e9o-latin, par la SEMEN-L (textes, \u00e9tudes, revues, instrumenta).\",\"breadcrumb\":{\"@id\":\"https:\\\/\\\/www.semen-l.org\\\/?p=411#breadcrumb\"},\"inLanguage\":\"fr-FR\",\"potentialAction\":[{\"@type\":\"ReadAction\",\"target\":[\"https:\\\/\\\/www.semen-l.org\\\/?p=411\"]}]},{\"@type\":\"ImageObject\",\"inLanguage\":\"fr-FR\",\"@id\":\"https:\\\/\\\/www.semen-l.org\\\/?p=411#primaryimage\",\"url\":\"https:\\\/\\\/www.semen-l.org\\\/wp-content\\\/uploads\\\/2020\\\/11\\\/ciceron-livre.jpg\",\"contentUrl\":\"https:\\\/\\\/www.semen-l.org\\\/wp-content\\\/uploads\\\/2020\\\/11\\\/ciceron-livre.jpg\",\"width\":200,\"height\":200,\"caption\":\"Le jeune Cic\u00e9ron lit un livre\"},{\"@type\":\"BreadcrumbList\",\"@id\":\"https:\\\/\\\/www.semen-l.org\\\/?p=411#breadcrumb\",\"itemListElement\":[{\"@type\":\"ListItem\",\"position\":1,\"name\":\"Accueil\",\"item\":\"http:\\\/\\\/www.semen-l.org\\\/\"},{\"@type\":\"ListItem\",\"position\":2,\"name\":\"Publications r\u00e9centes (septembre 2017)\"}]},{\"@type\":\"WebSite\",\"@id\":\"http:\\\/\\\/www.semen-l.org\\\/#website\",\"url\":\"http:\\\/\\\/www.semen-l.org\\\/\",\"name\":\"Soci\u00e9t\u00e9 d'\u00c9tudes M\u00e9dio Et N\u00e9o-Latines\",\"description\":\"\",\"publisher\":{\"@id\":\"http:\\\/\\\/www.semen-l.org\\\/#organization\"},\"potentialAction\":[{\"@type\":\"SearchAction\",\"target\":{\"@type\":\"EntryPoint\",\"urlTemplate\":\"http:\\\/\\\/www.semen-l.org\\\/?s={search_term_string}\"},\"query-input\":{\"@type\":\"PropertyValueSpecification\",\"valueRequired\":true,\"valueName\":\"search_term_string\"}}],\"inLanguage\":\"fr-FR\"},{\"@type\":\"Organization\",\"@id\":\"http:\\\/\\\/www.semen-l.org\\\/#organization\",\"name\":\"Soci\u00e9t\u00e9 d'\u00e9tudes m\u00e9dio et n\u00e9o-latines\",\"url\":\"http:\\\/\\\/www.semen-l.org\\\/\",\"logo\":{\"@type\":\"ImageObject\",\"inLanguage\":\"fr-FR\",\"@id\":\"http:\\\/\\\/www.semen-l.org\\\/#\\\/schema\\\/logo\\\/image\\\/\",\"url\":\"http:\\\/\\\/www.semen-l.org\\\/wp-content\\\/uploads\\\/2020\\\/11\\\/logo-semenl.jpg\",\"contentUrl\":\"http:\\\/\\\/www.semen-l.org\\\/wp-content\\\/uploads\\\/2020\\\/11\\\/logo-semenl.jpg\",\"width\":408,\"height\":403,\"caption\":\"Soci\u00e9t\u00e9 d'\u00e9tudes m\u00e9dio et n\u00e9o-latines\"},\"image\":{\"@id\":\"http:\\\/\\\/www.semen-l.org\\\/#\\\/schema\\\/logo\\\/image\\\/\"},\"sameAs\":[\"https:\\\/\\\/www.facebook.com\\\/SEMENL2018\",\"https:\\\/\\\/independent.academia.edu\\\/SocitsdtudesmdioetnolatinesSEMENL\"]},{\"@type\":\"Person\",\"@id\":\"http:\\\/\\\/www.semen-l.org\\\/#\\\/schema\\\/person\\\/3d0af82116ae10be9dae79c17e01be5a\",\"name\":\"Thomas Penguilly\",\"image\":{\"@type\":\"ImageObject\",\"inLanguage\":\"fr-FR\",\"@id\":\"https:\\\/\\\/secure.gravatar.com\\\/avatar\\\/00dbfed997d1aaf8cbc93434abdcf5d630a180c99cd9fdd9293220ff847e3796?s=96&d=mm&r=g\",\"url\":\"https:\\\/\\\/secure.gravatar.com\\\/avatar\\\/00dbfed997d1aaf8cbc93434abdcf5d630a180c99cd9fdd9293220ff847e3796?s=96&d=mm&r=g\",\"contentUrl\":\"https:\\\/\\\/secure.gravatar.com\\\/avatar\\\/00dbfed997d1aaf8cbc93434abdcf5d630a180c99cd9fdd9293220ff847e3796?s=96&d=mm&r=g\",\"caption\":\"Thomas Penguilly\"},\"url\":\"https:\\\/\\\/www.semen-l.org\\\/?author=24\"}]}<\/script>\n<!-- \/ Yoast SEO plugin. -->","yoast_head_json":{"title":"Parutions 2016-2017 en latin m\u00e9di\u00e9val et n\u00e9o-latin - SEMEN-L","description":"Bibliographie des ouvrages parus en 2016-2017 en latin m\u00e9di\u00e9val et n\u00e9o-latin, par la SEMEN-L (textes, \u00e9tudes, revues, instrumenta).","robots":{"index":"index","follow":"follow","max-snippet":"max-snippet:-1","max-image-preview":"max-image-preview:large","max-video-preview":"max-video-preview:-1"},"canonical":"https:\/\/www.semen-l.org\/?p=411","og_locale":"fr_FR","og_type":"article","og_title":"Parutions 2016-2017 en latin m\u00e9di\u00e9val et n\u00e9o-latin - SEMEN-L","og_description":"Bibliographie des ouvrages parus en 2016-2017 en latin m\u00e9di\u00e9val et n\u00e9o-latin, par la SEMEN-L (textes, \u00e9tudes, revues, instrumenta).","og_url":"https:\/\/www.semen-l.org\/?p=411","og_site_name":"Soci\u00e9t\u00e9 d&#039;\u00c9tudes M\u00e9dio Et N\u00e9o-Latines","article_publisher":"https:\/\/www.facebook.com\/SEMENL2018","article_published_time":"2017-10-16T10:53:16+00:00","article_modified_time":"2025-01-15T15:23:47+00:00","og_image":[{"width":200,"height":200,"url":"https:\/\/www.semen-l.org\/wp-content\/uploads\/2020\/11\/ciceron-livre.jpg","type":"image\/jpeg"}],"author":"Thomas Penguilly","twitter_card":"summary_large_image","twitter_misc":{"\u00c9crit par":"Thomas Penguilly","Dur\u00e9e de lecture estim\u00e9e":"26 minutes"},"schema":{"@context":"https:\/\/schema.org","@graph":[{"@type":"Article","@id":"https:\/\/www.semen-l.org\/?p=411#article","isPartOf":{"@id":"https:\/\/www.semen-l.org\/?p=411"},"author":{"name":"Thomas Penguilly","@id":"http:\/\/www.semen-l.org\/#\/schema\/person\/3d0af82116ae10be9dae79c17e01be5a"},"headline":"Publications r\u00e9centes (septembre 2017)","datePublished":"2017-10-16T10:53:16+00:00","dateModified":"2025-01-15T15:23:47+00:00","mainEntityOfPage":{"@id":"https:\/\/www.semen-l.org\/?p=411"},"wordCount":5133,"commentCount":0,"publisher":{"@id":"http:\/\/www.semen-l.org\/#organization"},"image":{"@id":"https:\/\/www.semen-l.org\/?p=411#primaryimage"},"thumbnailUrl":"https:\/\/www.semen-l.org\/wp-content\/uploads\/2020\/11\/ciceron-livre.jpg","keywords":["900 conclusions (Les)","Ad regem Cypri de rege et regno (La Royaut\u00e9 au roi de Chypre)","Adbreviatio Braulii (CPL 2015 BHL 4486)","Alberti (Leon Battista)","Alciat (Andr\u00e9)","Anselme de Cantorb\u00e9ry","Aristote","Arnoul de Lisieux","Ars Ambianensis","Auctoritates Aristotelis","Audigier","Avicenne","Balde (Jakob)","B\u00e8de (Pseudo)","Boccace","Boh\u00eame","Braulion de Saragosse","Breve chronicon de rebus Siculis","Carpani (Giuseppe Enrico)","Chronique de Guillem Mascar\u00f3","Collecta ex diuersis auditis in scola Willelmi de Monte (Notes de l'\u00e9cole de William de Montibus)","Commentaire des Samarites par Alexius Vanegas de Tol\u00e8de","concupiscence","Conpendium (Nicolas de Cues)","Constantiensia (Jean Hus)","Cornarius (Janus)","De apice theoriae (La Cime de la contemplation)","De arte magna libri IV (Trait\u00e9 d'albr\u00e8ge - Gosselin)","De bibliothecis syntagma (Juste Lipse)","De constantia (La Constance - Juste Lipse)","De Dracone (Walcher de Malvern)","De lunationibus (Walcher de Malvern)","De mundi caelestis terrestrisque constitutione liber (La cr\u00e9ation du monde c\u00e9leste et terrestre)","De substantiis separatis (Trait\u00e9 sur les substances s\u00e9par\u00e9es)","De venatione sapientiae (La chasse de la sagesse)","Disputatio puerorum (IXe si\u00e8cle)","douceur","\u00c9p\u00eetre sur les Proph\u00e9ties (Avicenne)","Etymologiae (\u00c9tymologies)","Expeditio Polemico-Poetica","Expositio paraenetica in Regulam Carmelitarum","fama","femmes","Filargiro Commedia","Foulques de Cambrai","Fruland de Murbach","Fundatio abbatiae de Valcellis (La Fondation de l\u2019Abbaye de Vaucelles)","Gautier (Patrick)","Gautier de Mortagne","G\u00e9rard Groote","Gilles de Corbeil","Gilles de Rome","Glosae in regula Sancti Benedicti abbatis ad usum Smaragdi Sancti Michaelis abbatis","Glossae super Peri Hermeneias (Ab\u00e9lard)","Gosselin (Guillaume)","Guillem Mascar\u00f3","Herbert de Torres","herm\u00e9neutique","Hilduin de Saint-Denis","Hippocrate","Homilia in natale Sancti Isidori (Petrus Munionis)","imprimerie","Isidore de S\u00e9ville","Jean Hus","Joachim de Flore","Kraye (Jill)","Liber de uirtutibus et laudibus compositorum medicaminum","Liber historiae francorum (Livre de l'histoire des Francs)","Liber uisionum et miraculorum Clareuallensium","Lippi (Lorenzo)","Lipse (Juste)","Maillard (Jean-Fran\u00e7ois)","Manuce (Alde)","Martin de Saint-Isidore de L\u00e9on","Mignault (Claude)","miracle (miracula)","Missale Gothicum (CCSL 159D)","Momus","Moravie","Nicolas de Cues","Papeus (Petrus)","Passio Leudegarii (BHL 4851 Ursin de Ligug\u00e9)","Passio Leudegarii prima (BHL 4849b)","Passio Sancti Dionysii (en prose - Hilduin)","Passio Sancti Dionysii (en vers - Hilduin)","Passio Sancti Leudegarii tertia (Fruland de Murbach)","passion","P\u00e9trarque","Petrus Munionis","Philippe le Chancelier","philologie","Pic de la Mirandole (Jean-Fran\u00e7ois)","Pierre Ab\u00e9lard","Pline l'Ancien","Praelectio (Le\u00e7on sur la math\u00e9matique - Gosselin)","Psychomachia (Bruxellensis 10066-77)","R\u00e9cit des voyages et p\u00e8lerinages de Jean de Tournai 1488-1489","R\u00e9forme du calendrier aux conciles de Constance et de B\u00e2le (La)","Relatio metrica de duobus ducibus","Rescriptum Beati Gregorii Papae ad Augustinum Episcopum quem Saxoniam in praedicatione direxerat (seu Libellus responsionum)","Richard de Mediavilla","Rinuccio d'Arezzo","Roman de la Rose","Samarites - Comoedia de Samaritano Evangelico","Samuel Presbiter","scepticisme","Scripta contra simoniam et proprietarios (Groote)","Septante","Sermo in transitu Sancti Isidori (BHL 4485 Martin de L\u00e9on)","Sermones (William Perault)","Soreth (Jean)","Speculum Virginum","stilus isidorianus (style isidorien)","Strubel (Armand)","Synonyma (Isidore de S\u00e9ville)","Syntagma de Symbolis (1571-1602)","th\u00e9ologie","Thomas d'Aquin","Tournai (Jean de)","Translatio sancti Isidori Legionem anno 1063","Trialogus de possest (Dialogue a trois sur le Pouvoir-est)","Troisi\u00e8me Quodlibet (Richard de Mediavilla)","Ursin de Ligug\u00e9","Vademecum (Walafrid Strabon)","Vanegas (Alexius de Tol\u00e8de)","vie de saint (vita)","Vie m\u00e9trique de saint L\u00e9ger (BHL 4854)","Vision de Tondale","Vita beati Alcuini (IXe si\u00e8cle Reims BM 1395)","Vita beatorum Leandri Isidori Fulgentii Braulionis (BHL 4810)","Vita sancti Aedwardi Regis et Confessoris (\u00c6lred de Rievaulx)","Vita Sancti Isidori (CPL 1214)","Voyage de Charlemagne \u00e0 J\u00e9rusalem","Walafrid Strabon","Walcher de Malvern","William de Montibus","William Perault","\u00c6lred de Rievaulx"],"articleSection":["Publications"],"inLanguage":"fr-FR","potentialAction":[{"@type":"CommentAction","name":"Comment","target":["https:\/\/www.semen-l.org\/?p=411#respond"]}]},{"@type":"WebPage","@id":"https:\/\/www.semen-l.org\/?p=411","url":"https:\/\/www.semen-l.org\/?p=411","name":"Parutions 2016-2017 en latin m\u00e9di\u00e9val et n\u00e9o-latin - SEMEN-L","isPartOf":{"@id":"http:\/\/www.semen-l.org\/#website"},"primaryImageOfPage":{"@id":"https:\/\/www.semen-l.org\/?p=411#primaryimage"},"image":{"@id":"https:\/\/www.semen-l.org\/?p=411#primaryimage"},"thumbnailUrl":"https:\/\/www.semen-l.org\/wp-content\/uploads\/2020\/11\/ciceron-livre.jpg","datePublished":"2017-10-16T10:53:16+00:00","dateModified":"2025-01-15T15:23:47+00:00","description":"Bibliographie des ouvrages parus en 2016-2017 en latin m\u00e9di\u00e9val et n\u00e9o-latin, par la SEMEN-L (textes, \u00e9tudes, revues, instrumenta).","breadcrumb":{"@id":"https:\/\/www.semen-l.org\/?p=411#breadcrumb"},"inLanguage":"fr-FR","potentialAction":[{"@type":"ReadAction","target":["https:\/\/www.semen-l.org\/?p=411"]}]},{"@type":"ImageObject","inLanguage":"fr-FR","@id":"https:\/\/www.semen-l.org\/?p=411#primaryimage","url":"https:\/\/www.semen-l.org\/wp-content\/uploads\/2020\/11\/ciceron-livre.jpg","contentUrl":"https:\/\/www.semen-l.org\/wp-content\/uploads\/2020\/11\/ciceron-livre.jpg","width":200,"height":200,"caption":"Le jeune Cic\u00e9ron lit un livre"},{"@type":"BreadcrumbList","@id":"https:\/\/www.semen-l.org\/?p=411#breadcrumb","itemListElement":[{"@type":"ListItem","position":1,"name":"Accueil","item":"http:\/\/www.semen-l.org\/"},{"@type":"ListItem","position":2,"name":"Publications r\u00e9centes (septembre 2017)"}]},{"@type":"WebSite","@id":"http:\/\/www.semen-l.org\/#website","url":"http:\/\/www.semen-l.org\/","name":"Soci\u00e9t\u00e9 d'\u00c9tudes M\u00e9dio Et N\u00e9o-Latines","description":"","publisher":{"@id":"http:\/\/www.semen-l.org\/#organization"},"potentialAction":[{"@type":"SearchAction","target":{"@type":"EntryPoint","urlTemplate":"http:\/\/www.semen-l.org\/?s={search_term_string}"},"query-input":{"@type":"PropertyValueSpecification","valueRequired":true,"valueName":"search_term_string"}}],"inLanguage":"fr-FR"},{"@type":"Organization","@id":"http:\/\/www.semen-l.org\/#organization","name":"Soci\u00e9t\u00e9 d'\u00e9tudes m\u00e9dio et n\u00e9o-latines","url":"http:\/\/www.semen-l.org\/","logo":{"@type":"ImageObject","inLanguage":"fr-FR","@id":"http:\/\/www.semen-l.org\/#\/schema\/logo\/image\/","url":"http:\/\/www.semen-l.org\/wp-content\/uploads\/2020\/11\/logo-semenl.jpg","contentUrl":"http:\/\/www.semen-l.org\/wp-content\/uploads\/2020\/11\/logo-semenl.jpg","width":408,"height":403,"caption":"Soci\u00e9t\u00e9 d'\u00e9tudes m\u00e9dio et n\u00e9o-latines"},"image":{"@id":"http:\/\/www.semen-l.org\/#\/schema\/logo\/image\/"},"sameAs":["https:\/\/www.facebook.com\/SEMENL2018","https:\/\/independent.academia.edu\/SocitsdtudesmdioetnolatinesSEMENL"]},{"@type":"Person","@id":"http:\/\/www.semen-l.org\/#\/schema\/person\/3d0af82116ae10be9dae79c17e01be5a","name":"Thomas Penguilly","image":{"@type":"ImageObject","inLanguage":"fr-FR","@id":"https:\/\/secure.gravatar.com\/avatar\/00dbfed997d1aaf8cbc93434abdcf5d630a180c99cd9fdd9293220ff847e3796?s=96&d=mm&r=g","url":"https:\/\/secure.gravatar.com\/avatar\/00dbfed997d1aaf8cbc93434abdcf5d630a180c99cd9fdd9293220ff847e3796?s=96&d=mm&r=g","contentUrl":"https:\/\/secure.gravatar.com\/avatar\/00dbfed997d1aaf8cbc93434abdcf5d630a180c99cd9fdd9293220ff847e3796?s=96&d=mm&r=g","caption":"Thomas Penguilly"},"url":"https:\/\/www.semen-l.org\/?author=24"}]}},"jetpack_featured_media_url":"https:\/\/www.semen-l.org\/wp-content\/uploads\/2020\/11\/ciceron-livre.jpg","_links":{"self":[{"href":"https:\/\/www.semen-l.org\/index.php?rest_route=\/wp\/v2\/posts\/411","targetHints":{"allow":["GET"]}}],"collection":[{"href":"https:\/\/www.semen-l.org\/index.php?rest_route=\/wp\/v2\/posts"}],"about":[{"href":"https:\/\/www.semen-l.org\/index.php?rest_route=\/wp\/v2\/types\/post"}],"author":[{"embeddable":true,"href":"https:\/\/www.semen-l.org\/index.php?rest_route=\/wp\/v2\/users\/24"}],"replies":[{"embeddable":true,"href":"https:\/\/www.semen-l.org\/index.php?rest_route=%2Fwp%2Fv2%2Fcomments&post=411"}],"version-history":[{"count":0,"href":"https:\/\/www.semen-l.org\/index.php?rest_route=\/wp\/v2\/posts\/411\/revisions"}],"wp:featuredmedia":[{"embeddable":true,"href":"https:\/\/www.semen-l.org\/index.php?rest_route=\/wp\/v2\/media\/837"}],"wp:attachment":[{"href":"https:\/\/www.semen-l.org\/index.php?rest_route=%2Fwp%2Fv2%2Fmedia&parent=411"}],"wp:term":[{"taxonomy":"category","embeddable":true,"href":"https:\/\/www.semen-l.org\/index.php?rest_route=%2Fwp%2Fv2%2Fcategories&post=411"},{"taxonomy":"post_tag","embeddable":true,"href":"https:\/\/www.semen-l.org\/index.php?rest_route=%2Fwp%2Fv2%2Ftags&post=411"}],"curies":[{"name":"wp","href":"https:\/\/api.w.org\/{rel}","templated":true}]}}