{"id":4094,"date":"2025-11-06T14:45:03","date_gmt":"2025-11-06T14:45:03","guid":{"rendered":"https:\/\/www.semen-l.org\/?p=4094"},"modified":"2025-11-06T14:45:03","modified_gmt":"2025-11-06T14:45:03","slug":"introduction-a-lhumanisme-juridique-auteurs-oeuvres-idees-formes-destinees","status":"publish","type":"post","link":"https:\/\/www.semen-l.org\/?p=4094","title":{"rendered":"Introduction \u00e0 l&rsquo;humanisme juridique. Auteurs, \u0153uvres, id\u00e9es, formes, destin\u00e9es"},"content":{"rendered":"<p>La Soci\u00e9t\u00e9 a le plaisir d&rsquo;annoncer la parution, chez Droz, du manuel du R\u00e9seau Humanisme Juridique intitul\u00e9\u00a0<i>Introduction \u00e0 l&rsquo;humanisme juridique. Auteurs, \u0153uvres, id\u00e9es, formes, destin\u00e9es<\/i>, publi\u00e9 par Droz au prix de 29\u20ac :\u00a0<span id=\"OBJ_PREFIX_DWT74_com_zimbra_url\" class=\"Object\"><a id=\"OWA8c3f0845-b7a1-ee23-9c06-9909dee96647\" class=\"OWAAutoLink\" href=\"https:\/\/www.droz.org\/9782600066495\" target=\"_blank\" rel=\"noopener\">https:\/\/www.droz.org\/9782600066495<\/a><\/span><\/p>\n<a href=\"https:\/\/www.semen-l.org\/wp-content\/uploads\/2025\/11\/Introduction-a-lhumanisme-juridique-Prospectus.pdf\" class=\"pdfemb-viewer\" style=\"\" data-width=\"max\" data-height=\"max\" data-toolbar=\"both\" data-toolbar-fixed=\"off\">Introduction a\u0300 l\u2019humanisme juridique \u2013 Prospectus<\/a>\n<p><a href=\"http:\/\/www.semen-l.org\/wp-content\/uploads\/2025\/11\/Introduction-a-lhumanisme-juridique-Prospectus.pdf\">Vous pouvez t\u00e9l\u00e9charger le bon de commande en cliquant sur ce lien<\/a>.<\/p>\n<p>Suit la pr\u00e9sentation en texte clair :<\/p>\n<p>Dans l\u2019Europe de la Renaissance, les humanistes ont investi le domaine du droit, notamment les textes romains compil\u00e9s sous Justinien, et les juristes ont int\u00e9gr\u00e9 \u00e0 leur savoir le renouveau encyclop\u00e9dique des lettres. Ce mouvement convergent a donn\u00e9 lieu \u00e0 un ph\u00e9nom\u00e8ne culturel multiforme, l\u2019humanisme juridique, qui a transform\u00e9 tant la science du droit moderne que la connaissance de l\u2019Antiquit\u00e9. Les noms de Lorenzo Valla, Guillaume Bud\u00e9, Andr\u00e9 Alciat, Jacques Cujas, Jean Bodin ou encore Johannes Althusius illustrent l\u2019apport de ce courant intellectuel ; d\u2019autres, comme P\u00e9trarque, \u00c9rasme, Thomas More, Luther, Calvin, Machiavel ou Montaigne, y sont pour partie associ\u00e9s. Les contributions ici pr\u00e9sentes entendent offrir \u00e0 un large public une synth\u00e8se m\u00e9thodique pour s\u2019initier aux rapports entre droit et humanisme \u00e0 travers les figures et les \u0153uvres de ce mouvement, en questionnant ses enjeux gr\u00e2ce \u00e0 l\u2019ensemble des savoirs et des formes d\u2019expression mobilis\u00e9s, ainsi que sa r\u00e9ception jusqu\u2019\u00e0 nos jours.<\/p>\n<p>This volume provides readers with a clear and systematic overview of the links between law and humanism, exploring the ideas, methods, and expressions of this movement, as well as its lasting influence up to the present day.<\/p>\n<h1>Table des mati\u00e8res<\/h1>\n<ol>\n<li>PR\u00c9VOST et L.-A. SANCHI \u00ab Au lecteur \u00bb<\/li>\n<\/ol>\n<h1>PREMI\u00c8RE PARTIE. Figures de l\u2019humanisme juridique<\/h1>\n<p>(coord. Ga\u00eblle DEMELEMESTRE) L.-A. SANCHI \u00ab Introduction \u00bb<\/p>\n<ol>\n<li>QUAGLIONI \u00ab Aire italienne \u00bb<\/li>\n<li>GODIN \u00ab Aire fran\u00e7aise \u00bb<\/li>\n<li>SCHMOECKEL et R. CUTTAT \u00ab Aire germanique et genevoise \u00bb<\/li>\n<li>WILLIAMS et A. SIMPSON \u00ab Aire britannique \u00bb<\/li>\n<li>DEMELEMESTRE et L. BRUNORI \u00ab Aire ib\u00e9rique \u00bb<\/li>\n<\/ol>\n<h1>DEUXI\u00c8ME PARTIE. Textes marquants de l\u2019humanisme juridique<\/h1>\n<p>(coord. Shingo AKIMOTO)<\/p>\n<ol>\n<li>AKIMOTO \u00ab Introduction \u00bb<\/li>\n<li>WAQUET \u00ab Fondements intellectuels : \u00e9loges de l\u2019humanisme et encyclop\u00e9disme humaniste \u00bb<\/li>\n<li>PR\u00c9VOST \u00ab P\u00e9dagogie et enseignement universitaire \u00bb<\/li>\n<li>BARBAGLI \u00ab \u00c9tablissement philologique des sources du droit \u00bb<\/li>\n<li>AKIMOTO \u00ab Syst\u00e9matisation du droit \u00bb<\/li>\n<li>ROBAGLIA \u00ab Institutions publiques \u00bb<\/li>\n<\/ol>\n<p><strong>TROISI\u00c8ME PARTIE. Savoirs de l\u2019<em>encyclopaedia <\/em>et humanisme juridique<\/strong><\/p>\n<p>(coord. Xavier PR\u00c9VOST)<\/p>\n<ol>\n<li>PR\u00c9VOST \u00ab Introduction \u00bb<\/li>\n<li>GEONGET et C. MARTENS \u00ab Histoire et sources litt\u00e9raires \u00bb<\/li>\n<li>DEMELEMESTRE \u00ab Philosophie \u00bb<\/li>\n<li>ASTORRI et L. C. N\u00d8RGAARD \u00ab Th\u00e9ologie \u00bb<\/li>\n<li>BRAGAGNOLO \u00ab M\u00e9decine \u00bb<\/li>\n<li>CIFOLETTI \u00ab Sciences math\u00e9matiques \u00bb<\/li>\n<\/ol>\n<h1>QUATRI\u00c8ME PARTIE. Genres de l\u2019humanisme juridique<\/h1>\n<p>(coord. : Val\u00e9rie HAYAERT)<\/p>\n<ol>\n<li>HAYAERT \u00ab Introduction \u00bb<\/li>\n<li>A. NOBILE MATTEI \u00ab Consultations et actes de la pratique \u00bb<\/li>\n<li>HAYAERT \u00ab Adages \u00bb<\/li>\n<li>HAYAERT \u00ab Embl\u00e8mes \u00bb<\/li>\n<li>HAYAERT \u00ab Lexiques juridiques \u00bb<\/li>\n<\/ol>\n<h1>CINQUI\u00c8ME PARTIE. R\u00e9ceptions de l\u2019humanisme juridique<\/h1>\n<p>(coord. : G\u00e9raldine CAZALS)<\/p>\n<ol>\n<li>CAZALS \u00ab Introduction \u00bb<\/li>\n<li>R. BARCEL\u00d3 \u00ab La r\u00e9ception au temps de l\u2019humanisme \u00bb<\/li>\n<li>CUTTAT \u00ab La r\u00e9ception au temps du rationalisme et des Lumi\u00e8res \u00bb<\/li>\n<li>CAZALS \u00ab La r\u00e9ception \u00e0 l\u2019\u00e9poque contemporaine \u00bb<\/li>\n<\/ol>\n<p>Bibliographie<\/p>\n<p>Index des noms<\/p>\n","protected":false},"excerpt":{"rendered":"<p>La Soci\u00e9t\u00e9 a le plaisir d&rsquo;annoncer la parution, chez Droz, du manuel du R\u00e9seau Humanisme Juridique intitul\u00e9\u00a0Introduction \u00e0 l&rsquo;humanisme juridique. Auteurs, \u0153uvres, id\u00e9es, formes, destin\u00e9es, publi\u00e9 par Droz au prix de 29\u20ac :\u00a0https:\/\/www.droz.org\/9782600066495 Vous pouvez t\u00e9l\u00e9charger le bon de commande &hellip; <a href=\"https:\/\/www.semen-l.org\/?p=4094\">Continuer la lecture <span class=\"meta-nav\">&rarr;<\/span><\/a><\/p>\n","protected":false},"author":26,"featured_media":4095,"comment_status":"open","ping_status":"open","sticky":false,"template":"","format":"standard","meta":{"footnotes":""},"categories":[7],"tags":[823,137,1187,450,144,1918,23,139,286],"class_list":["post-4094","post","type-post","status-publish","format-standard","has-post-thumbnail","hentry","category-publications","tag-droit","tag-encyclopedie","tag-histoire","tag-histoire-des-idees","tag-humanisme","tag-mathematiques","tag-medecine","tag-philosophie","tag-theologie"],"yoast_head":"<!-- This site is optimized with the Yoast SEO plugin v27.4 - https:\/\/yoast.com\/product\/yoast-seo-wordpress\/ -->\n<title>Parution chez Droz d&#039;un manuel sur l&#039;humanisme juridique<\/title>\n<meta name=\"description\" content=\"Le manuel &quot;Introduction \u00e0 l&#039;humanisme juridique. Auteurs, \u0153uvres, id\u00e9es, formes, destin\u00e9es&quot;, est d\u00e9sormais disponible chez Droz\" \/>\n<meta name=\"robots\" content=\"index, follow, max-snippet:-1, max-image-preview:large, max-video-preview:-1\" \/>\n<link rel=\"canonical\" href=\"https:\/\/www.semen-l.org\/?p=4094\" \/>\n<meta property=\"og:locale\" content=\"fr_FR\" \/>\n<meta property=\"og:type\" content=\"article\" \/>\n<meta property=\"og:title\" content=\"Parution chez Droz d&#039;un manuel sur l&#039;humanisme juridique\" \/>\n<meta property=\"og:description\" content=\"Le manuel &quot;Introduction \u00e0 l&#039;humanisme juridique. Auteurs, \u0153uvres, id\u00e9es, formes, destin\u00e9es&quot;, est d\u00e9sormais disponible chez Droz\" \/>\n<meta property=\"og:url\" content=\"https:\/\/www.semen-l.org\/?p=4094\" \/>\n<meta property=\"og:site_name\" content=\"Soci\u00e9t\u00e9 d&#039;\u00c9tudes M\u00e9dio Et N\u00e9o-Latines\" \/>\n<meta property=\"article:publisher\" content=\"https:\/\/www.facebook.com\/SEMENL2018\" \/>\n<meta property=\"article:published_time\" content=\"2025-11-06T14:45:03+00:00\" \/>\n<meta property=\"og:image\" content=\"https:\/\/www.semen-l.org\/wp-content\/uploads\/2025\/11\/intro-hum-jur-couv.jpg\" \/>\n\t<meta property=\"og:image:width\" content=\"558\" \/>\n\t<meta property=\"og:image:height\" content=\"794\" \/>\n\t<meta property=\"og:image:type\" content=\"image\/jpeg\" \/>\n<meta name=\"author\" content=\"Julien Maudoux\" \/>\n<meta name=\"twitter:card\" content=\"summary_large_image\" \/>\n<meta name=\"twitter:label1\" content=\"\u00c9crit par\" \/>\n\t<meta name=\"twitter:data1\" content=\"Julien Maudoux\" \/>\n\t<meta name=\"twitter:label2\" content=\"Dur\u00e9e de lecture estim\u00e9e\" \/>\n\t<meta name=\"twitter:data2\" content=\"3 minutes\" \/>\n<script type=\"application\/ld+json\" class=\"yoast-schema-graph\">{\"@context\":\"https:\\\/\\\/schema.org\",\"@graph\":[{\"@type\":\"Article\",\"@id\":\"https:\\\/\\\/www.semen-l.org\\\/?p=4094#article\",\"isPartOf\":{\"@id\":\"https:\\\/\\\/www.semen-l.org\\\/?p=4094\"},\"author\":{\"name\":\"Julien Maudoux\",\"@id\":\"http:\\\/\\\/www.semen-l.org\\\/#\\\/schema\\\/person\\\/ef5208815f17666727763c5363a51344\"},\"headline\":\"Introduction \u00e0 l&rsquo;humanisme juridique. Auteurs, \u0153uvres, id\u00e9es, formes, destin\u00e9es\",\"datePublished\":\"2025-11-06T14:45:03+00:00\",\"mainEntityOfPage\":{\"@id\":\"https:\\\/\\\/www.semen-l.org\\\/?p=4094\"},\"wordCount\":519,\"commentCount\":0,\"publisher\":{\"@id\":\"http:\\\/\\\/www.semen-l.org\\\/#organization\"},\"image\":{\"@id\":\"https:\\\/\\\/www.semen-l.org\\\/?p=4094#primaryimage\"},\"thumbnailUrl\":\"https:\\\/\\\/www.semen-l.org\\\/wp-content\\\/uploads\\\/2025\\\/11\\\/intro-hum-jur-couv.jpg\",\"keywords\":[\"droit\",\"encyclop\u00e9die\",\"histoire\",\"histoire des id\u00e9es\",\"humanisme\",\"math\u00e9matiques\",\"m\u00e9decine\",\"philosophie\",\"th\u00e9ologie\"],\"articleSection\":[\"Publications\"],\"inLanguage\":\"fr-FR\",\"potentialAction\":[{\"@type\":\"CommentAction\",\"name\":\"Comment\",\"target\":[\"https:\\\/\\\/www.semen-l.org\\\/?p=4094#respond\"]}]},{\"@type\":\"WebPage\",\"@id\":\"https:\\\/\\\/www.semen-l.org\\\/?p=4094\",\"url\":\"https:\\\/\\\/www.semen-l.org\\\/?p=4094\",\"name\":\"Parution chez Droz d'un manuel sur l'humanisme juridique\",\"isPartOf\":{\"@id\":\"http:\\\/\\\/www.semen-l.org\\\/#website\"},\"primaryImageOfPage\":{\"@id\":\"https:\\\/\\\/www.semen-l.org\\\/?p=4094#primaryimage\"},\"image\":{\"@id\":\"https:\\\/\\\/www.semen-l.org\\\/?p=4094#primaryimage\"},\"thumbnailUrl\":\"https:\\\/\\\/www.semen-l.org\\\/wp-content\\\/uploads\\\/2025\\\/11\\\/intro-hum-jur-couv.jpg\",\"datePublished\":\"2025-11-06T14:45:03+00:00\",\"description\":\"Le manuel \\\"Introduction \u00e0 l'humanisme juridique. Auteurs, \u0153uvres, id\u00e9es, formes, destin\u00e9es\\\", est d\u00e9sormais disponible chez Droz\",\"breadcrumb\":{\"@id\":\"https:\\\/\\\/www.semen-l.org\\\/?p=4094#breadcrumb\"},\"inLanguage\":\"fr-FR\",\"potentialAction\":[{\"@type\":\"ReadAction\",\"target\":[\"https:\\\/\\\/www.semen-l.org\\\/?p=4094\"]}]},{\"@type\":\"ImageObject\",\"inLanguage\":\"fr-FR\",\"@id\":\"https:\\\/\\\/www.semen-l.org\\\/?p=4094#primaryimage\",\"url\":\"https:\\\/\\\/www.semen-l.org\\\/wp-content\\\/uploads\\\/2025\\\/11\\\/intro-hum-jur-couv.jpg\",\"contentUrl\":\"https:\\\/\\\/www.semen-l.org\\\/wp-content\\\/uploads\\\/2025\\\/11\\\/intro-hum-jur-couv.jpg\",\"width\":558,\"height\":794},{\"@type\":\"BreadcrumbList\",\"@id\":\"https:\\\/\\\/www.semen-l.org\\\/?p=4094#breadcrumb\",\"itemListElement\":[{\"@type\":\"ListItem\",\"position\":1,\"name\":\"Accueil\",\"item\":\"http:\\\/\\\/www.semen-l.org\\\/\"},{\"@type\":\"ListItem\",\"position\":2,\"name\":\"Introduction \u00e0 l&rsquo;humanisme juridique. Auteurs, \u0153uvres, id\u00e9es, formes, destin\u00e9es\"}]},{\"@type\":\"WebSite\",\"@id\":\"http:\\\/\\\/www.semen-l.org\\\/#website\",\"url\":\"http:\\\/\\\/www.semen-l.org\\\/\",\"name\":\"Soci\u00e9t\u00e9 d'\u00c9tudes M\u00e9dio Et N\u00e9o-Latines\",\"description\":\"\",\"publisher\":{\"@id\":\"http:\\\/\\\/www.semen-l.org\\\/#organization\"},\"potentialAction\":[{\"@type\":\"SearchAction\",\"target\":{\"@type\":\"EntryPoint\",\"urlTemplate\":\"http:\\\/\\\/www.semen-l.org\\\/?s={search_term_string}\"},\"query-input\":{\"@type\":\"PropertyValueSpecification\",\"valueRequired\":true,\"valueName\":\"search_term_string\"}}],\"inLanguage\":\"fr-FR\"},{\"@type\":\"Organization\",\"@id\":\"http:\\\/\\\/www.semen-l.org\\\/#organization\",\"name\":\"Soci\u00e9t\u00e9 d'\u00e9tudes m\u00e9dio et n\u00e9o-latines\",\"url\":\"http:\\\/\\\/www.semen-l.org\\\/\",\"logo\":{\"@type\":\"ImageObject\",\"inLanguage\":\"fr-FR\",\"@id\":\"http:\\\/\\\/www.semen-l.org\\\/#\\\/schema\\\/logo\\\/image\\\/\",\"url\":\"http:\\\/\\\/www.semen-l.org\\\/wp-content\\\/uploads\\\/2020\\\/11\\\/logo-semenl.jpg\",\"contentUrl\":\"http:\\\/\\\/www.semen-l.org\\\/wp-content\\\/uploads\\\/2020\\\/11\\\/logo-semenl.jpg\",\"width\":408,\"height\":403,\"caption\":\"Soci\u00e9t\u00e9 d'\u00e9tudes m\u00e9dio et n\u00e9o-latines\"},\"image\":{\"@id\":\"http:\\\/\\\/www.semen-l.org\\\/#\\\/schema\\\/logo\\\/image\\\/\"},\"sameAs\":[\"https:\\\/\\\/www.facebook.com\\\/SEMENL2018\",\"https:\\\/\\\/independent.academia.edu\\\/SocitsdtudesmdioetnolatinesSEMENL\"]},{\"@type\":\"Person\",\"@id\":\"http:\\\/\\\/www.semen-l.org\\\/#\\\/schema\\\/person\\\/ef5208815f17666727763c5363a51344\",\"name\":\"Julien Maudoux\",\"image\":{\"@type\":\"ImageObject\",\"inLanguage\":\"fr-FR\",\"@id\":\"https:\\\/\\\/secure.gravatar.com\\\/avatar\\\/caabf4fb6242e2277733cd35a5c2aa083761ea25dae1d1ff3298b54292225292?s=96&d=mm&r=g\",\"url\":\"https:\\\/\\\/secure.gravatar.com\\\/avatar\\\/caabf4fb6242e2277733cd35a5c2aa083761ea25dae1d1ff3298b54292225292?s=96&d=mm&r=g\",\"contentUrl\":\"https:\\\/\\\/secure.gravatar.com\\\/avatar\\\/caabf4fb6242e2277733cd35a5c2aa083761ea25dae1d1ff3298b54292225292?s=96&d=mm&r=g\",\"caption\":\"Julien Maudoux\"},\"description\":\"Webmestre du site de la SEMEN-L\",\"url\":\"https:\\\/\\\/www.semen-l.org\\\/?author=26\"}]}<\/script>\n<!-- \/ Yoast SEO plugin. -->","yoast_head_json":{"title":"Parution chez Droz d'un manuel sur l'humanisme juridique","description":"Le manuel \"Introduction \u00e0 l'humanisme juridique. Auteurs, \u0153uvres, id\u00e9es, formes, destin\u00e9es\", est d\u00e9sormais disponible chez Droz","robots":{"index":"index","follow":"follow","max-snippet":"max-snippet:-1","max-image-preview":"max-image-preview:large","max-video-preview":"max-video-preview:-1"},"canonical":"https:\/\/www.semen-l.org\/?p=4094","og_locale":"fr_FR","og_type":"article","og_title":"Parution chez Droz d'un manuel sur l'humanisme juridique","og_description":"Le manuel \"Introduction \u00e0 l'humanisme juridique. Auteurs, \u0153uvres, id\u00e9es, formes, destin\u00e9es\", est d\u00e9sormais disponible chez Droz","og_url":"https:\/\/www.semen-l.org\/?p=4094","og_site_name":"Soci\u00e9t\u00e9 d&#039;\u00c9tudes M\u00e9dio Et N\u00e9o-Latines","article_publisher":"https:\/\/www.facebook.com\/SEMENL2018","article_published_time":"2025-11-06T14:45:03+00:00","og_image":[{"width":558,"height":794,"url":"https:\/\/www.semen-l.org\/wp-content\/uploads\/2025\/11\/intro-hum-jur-couv.jpg","type":"image\/jpeg"}],"author":"Julien Maudoux","twitter_card":"summary_large_image","twitter_misc":{"\u00c9crit par":"Julien Maudoux","Dur\u00e9e de lecture estim\u00e9e":"3 minutes"},"schema":{"@context":"https:\/\/schema.org","@graph":[{"@type":"Article","@id":"https:\/\/www.semen-l.org\/?p=4094#article","isPartOf":{"@id":"https:\/\/www.semen-l.org\/?p=4094"},"author":{"name":"Julien Maudoux","@id":"http:\/\/www.semen-l.org\/#\/schema\/person\/ef5208815f17666727763c5363a51344"},"headline":"Introduction \u00e0 l&rsquo;humanisme juridique. Auteurs, \u0153uvres, id\u00e9es, formes, destin\u00e9es","datePublished":"2025-11-06T14:45:03+00:00","mainEntityOfPage":{"@id":"https:\/\/www.semen-l.org\/?p=4094"},"wordCount":519,"commentCount":0,"publisher":{"@id":"http:\/\/www.semen-l.org\/#organization"},"image":{"@id":"https:\/\/www.semen-l.org\/?p=4094#primaryimage"},"thumbnailUrl":"https:\/\/www.semen-l.org\/wp-content\/uploads\/2025\/11\/intro-hum-jur-couv.jpg","keywords":["droit","encyclop\u00e9die","histoire","histoire des id\u00e9es","humanisme","math\u00e9matiques","m\u00e9decine","philosophie","th\u00e9ologie"],"articleSection":["Publications"],"inLanguage":"fr-FR","potentialAction":[{"@type":"CommentAction","name":"Comment","target":["https:\/\/www.semen-l.org\/?p=4094#respond"]}]},{"@type":"WebPage","@id":"https:\/\/www.semen-l.org\/?p=4094","url":"https:\/\/www.semen-l.org\/?p=4094","name":"Parution chez Droz d'un manuel sur l'humanisme juridique","isPartOf":{"@id":"http:\/\/www.semen-l.org\/#website"},"primaryImageOfPage":{"@id":"https:\/\/www.semen-l.org\/?p=4094#primaryimage"},"image":{"@id":"https:\/\/www.semen-l.org\/?p=4094#primaryimage"},"thumbnailUrl":"https:\/\/www.semen-l.org\/wp-content\/uploads\/2025\/11\/intro-hum-jur-couv.jpg","datePublished":"2025-11-06T14:45:03+00:00","description":"Le manuel \"Introduction \u00e0 l'humanisme juridique. Auteurs, \u0153uvres, id\u00e9es, formes, destin\u00e9es\", est d\u00e9sormais disponible chez Droz","breadcrumb":{"@id":"https:\/\/www.semen-l.org\/?p=4094#breadcrumb"},"inLanguage":"fr-FR","potentialAction":[{"@type":"ReadAction","target":["https:\/\/www.semen-l.org\/?p=4094"]}]},{"@type":"ImageObject","inLanguage":"fr-FR","@id":"https:\/\/www.semen-l.org\/?p=4094#primaryimage","url":"https:\/\/www.semen-l.org\/wp-content\/uploads\/2025\/11\/intro-hum-jur-couv.jpg","contentUrl":"https:\/\/www.semen-l.org\/wp-content\/uploads\/2025\/11\/intro-hum-jur-couv.jpg","width":558,"height":794},{"@type":"BreadcrumbList","@id":"https:\/\/www.semen-l.org\/?p=4094#breadcrumb","itemListElement":[{"@type":"ListItem","position":1,"name":"Accueil","item":"http:\/\/www.semen-l.org\/"},{"@type":"ListItem","position":2,"name":"Introduction \u00e0 l&rsquo;humanisme juridique. Auteurs, \u0153uvres, id\u00e9es, formes, destin\u00e9es"}]},{"@type":"WebSite","@id":"http:\/\/www.semen-l.org\/#website","url":"http:\/\/www.semen-l.org\/","name":"Soci\u00e9t\u00e9 d'\u00c9tudes M\u00e9dio Et N\u00e9o-Latines","description":"","publisher":{"@id":"http:\/\/www.semen-l.org\/#organization"},"potentialAction":[{"@type":"SearchAction","target":{"@type":"EntryPoint","urlTemplate":"http:\/\/www.semen-l.org\/?s={search_term_string}"},"query-input":{"@type":"PropertyValueSpecification","valueRequired":true,"valueName":"search_term_string"}}],"inLanguage":"fr-FR"},{"@type":"Organization","@id":"http:\/\/www.semen-l.org\/#organization","name":"Soci\u00e9t\u00e9 d'\u00e9tudes m\u00e9dio et n\u00e9o-latines","url":"http:\/\/www.semen-l.org\/","logo":{"@type":"ImageObject","inLanguage":"fr-FR","@id":"http:\/\/www.semen-l.org\/#\/schema\/logo\/image\/","url":"http:\/\/www.semen-l.org\/wp-content\/uploads\/2020\/11\/logo-semenl.jpg","contentUrl":"http:\/\/www.semen-l.org\/wp-content\/uploads\/2020\/11\/logo-semenl.jpg","width":408,"height":403,"caption":"Soci\u00e9t\u00e9 d'\u00e9tudes m\u00e9dio et n\u00e9o-latines"},"image":{"@id":"http:\/\/www.semen-l.org\/#\/schema\/logo\/image\/"},"sameAs":["https:\/\/www.facebook.com\/SEMENL2018","https:\/\/independent.academia.edu\/SocitsdtudesmdioetnolatinesSEMENL"]},{"@type":"Person","@id":"http:\/\/www.semen-l.org\/#\/schema\/person\/ef5208815f17666727763c5363a51344","name":"Julien Maudoux","image":{"@type":"ImageObject","inLanguage":"fr-FR","@id":"https:\/\/secure.gravatar.com\/avatar\/caabf4fb6242e2277733cd35a5c2aa083761ea25dae1d1ff3298b54292225292?s=96&d=mm&r=g","url":"https:\/\/secure.gravatar.com\/avatar\/caabf4fb6242e2277733cd35a5c2aa083761ea25dae1d1ff3298b54292225292?s=96&d=mm&r=g","contentUrl":"https:\/\/secure.gravatar.com\/avatar\/caabf4fb6242e2277733cd35a5c2aa083761ea25dae1d1ff3298b54292225292?s=96&d=mm&r=g","caption":"Julien Maudoux"},"description":"Webmestre du site de la SEMEN-L","url":"https:\/\/www.semen-l.org\/?author=26"}]}},"jetpack_featured_media_url":"https:\/\/www.semen-l.org\/wp-content\/uploads\/2025\/11\/intro-hum-jur-couv.jpg","_links":{"self":[{"href":"https:\/\/www.semen-l.org\/index.php?rest_route=\/wp\/v2\/posts\/4094","targetHints":{"allow":["GET"]}}],"collection":[{"href":"https:\/\/www.semen-l.org\/index.php?rest_route=\/wp\/v2\/posts"}],"about":[{"href":"https:\/\/www.semen-l.org\/index.php?rest_route=\/wp\/v2\/types\/post"}],"author":[{"embeddable":true,"href":"https:\/\/www.semen-l.org\/index.php?rest_route=\/wp\/v2\/users\/26"}],"replies":[{"embeddable":true,"href":"https:\/\/www.semen-l.org\/index.php?rest_route=%2Fwp%2Fv2%2Fcomments&post=4094"}],"version-history":[{"count":0,"href":"https:\/\/www.semen-l.org\/index.php?rest_route=\/wp\/v2\/posts\/4094\/revisions"}],"wp:featuredmedia":[{"embeddable":true,"href":"https:\/\/www.semen-l.org\/index.php?rest_route=\/wp\/v2\/media\/4095"}],"wp:attachment":[{"href":"https:\/\/www.semen-l.org\/index.php?rest_route=%2Fwp%2Fv2%2Fmedia&parent=4094"}],"wp:term":[{"taxonomy":"category","embeddable":true,"href":"https:\/\/www.semen-l.org\/index.php?rest_route=%2Fwp%2Fv2%2Fcategories&post=4094"},{"taxonomy":"post_tag","embeddable":true,"href":"https:\/\/www.semen-l.org\/index.php?rest_route=%2Fwp%2Fv2%2Ftags&post=4094"}],"curies":[{"name":"wp","href":"https:\/\/api.w.org\/{rel}","templated":true}]}}