{"id":4087,"date":"2025-11-05T15:35:21","date_gmt":"2025-11-05T15:35:21","guid":{"rendered":"https:\/\/www.semen-l.org\/?p=4087"},"modified":"2025-11-05T15:35:21","modified_gmt":"2025-11-05T15:35:21","slug":"presentation-du-volume-derasme-de-recta-latini-graecique-sermonis-pronuntiatione-dialogus-a-lens-le-27-novembre-2025","status":"publish","type":"post","link":"https:\/\/www.semen-l.org\/?p=4087","title":{"rendered":"Pr\u00e9sentation du volume d\u2019Erasme,\u00a0De recta latini graecique sermonis pronuntiatione dialogus \u00e0 l&rsquo;ENS le 27 novembre 2025"},"content":{"rendered":"<p>Une pr\u00e9sentation du volume d\u2019Erasme,\u00a0<i>De recta latini graecique sermonis pronuntiatione dialogus<\/i>, traduit par Jacques Chomarat (\u2020) et \u00e9dit\u00e9 par\u00a0\u00a0Christine B\u00e9n\u00e9vent,\u00a0Genevi\u00e8ve Cl\u00e9rico, \u00a0Bernard Colombat et Colette Nativel, aura lieu le\u00a0<span id=\"OBJ_PREFIX_DWT114_com_zimbra_date\" class=\"Object\">jeudi 27 novembre 2025<\/span>, 18-20h., \u00a0\u00e0 l\u2019ENS, 45 rue d\u2019Ulm, salle Celan,\u00a0\u00a0r\u00e9pondante Virginie Leroux, EPHE. (Pour t\u00e9l\u00e9charger l&rsquo;affiche,<a href=\"http:\/\/www.semen-l.org\/wp-content\/uploads\/2025\/11\/Novembre-27-2025-Affiche-De-Recta-Latini-2.pdf\"> cliquez ici<\/a>).<\/p>\n<a href=\"https:\/\/www.semen-l.org\/wp-content\/uploads\/2025\/11\/Novembre-27-2025-Affiche-De-Recta-Latini-2.pdf\" class=\"pdfemb-viewer\" style=\"\" data-width=\"max\" data-height=\"max\" data-toolbar=\"both\" data-toolbar-fixed=\"off\">Novembre 27 2025 Affiche De Recta Latini-2<\/a>\n","protected":false},"excerpt":{"rendered":"<p>Une pr\u00e9sentation du volume d\u2019Erasme,\u00a0De recta latini graecique sermonis pronuntiatione dialogus, traduit par Jacques Chomarat (\u2020) et \u00e9dit\u00e9 par\u00a0\u00a0Christine B\u00e9n\u00e9vent,\u00a0Genevi\u00e8ve Cl\u00e9rico, \u00a0Bernard Colombat et Colette Nativel, aura lieu le\u00a0jeudi 27 novembre 2025, 18-20h., \u00a0\u00e0 l\u2019ENS, 45 rue d\u2019Ulm, salle Celan,\u00a0\u00a0r\u00e9pondante &hellip; <a href=\"https:\/\/www.semen-l.org\/?p=4087\">Continuer la lecture <span class=\"meta-nav\">&rarr;<\/span><\/a><\/p>\n","protected":false},"author":26,"featured_media":4089,"comment_status":"open","ping_status":"open","sticky":false,"template":"","format":"standard","meta":{"footnotes":""},"categories":[4,7],"tags":[2553,31],"class_list":["post-4087","post","type-post","status-publish","format-standard","has-post-thumbnail","hentry","category-colloques","category-publications","tag-de-recta-latini-graecique-sermonis-pronuntiatione-dialogus-erasme","tag-erasme"],"yoast_head":"<!-- This site is optimized with the Yoast SEO plugin v27.4 - https:\/\/yoast.com\/product\/yoast-seo-wordpress\/ -->\n<title>De recta latini graecique sermonis pronuntiatione dialogus<\/title>\n<meta name=\"description\" content=\"Pr\u00e9sentation du c\u00e9l\u00e8bre volume d&#039;\u00c9rasme traitant de la prononciation du latin, par les \u00e9diteurs de la traduction de Jacques Chomarat\" \/>\n<meta name=\"robots\" content=\"index, follow, max-snippet:-1, max-image-preview:large, max-video-preview:-1\" \/>\n<link rel=\"canonical\" href=\"http:\/\/www.semen-l.org\/?p=4087\" \/>\n<meta property=\"og:locale\" content=\"fr_FR\" \/>\n<meta property=\"og:type\" content=\"article\" \/>\n<meta property=\"og:title\" content=\"De recta latini graecique sermonis pronuntiatione dialogus\" \/>\n<meta property=\"og:description\" content=\"Pr\u00e9sentation du c\u00e9l\u00e8bre volume d&#039;\u00c9rasme traitant de la prononciation du latin, par les \u00e9diteurs de la traduction de Jacques Chomarat\" \/>\n<meta property=\"og:url\" content=\"http:\/\/www.semen-l.org\/?p=4087\" \/>\n<meta property=\"og:site_name\" content=\"Soci\u00e9t\u00e9 d&#039;\u00c9tudes M\u00e9dio Et N\u00e9o-Latines\" \/>\n<meta property=\"article:publisher\" content=\"https:\/\/www.facebook.com\/SEMENL2018\" \/>\n<meta property=\"article:published_time\" content=\"2025-11-05T15:35:21+00:00\" \/>\n<meta property=\"og:image\" content=\"http:\/\/www.semen-l.org\/wp-content\/uploads\/2025\/11\/de-recta-latini-couv.jpg\" \/>\n\t<meta property=\"og:image:width\" content=\"818\" \/>\n\t<meta property=\"og:image:height\" content=\"772\" \/>\n\t<meta property=\"og:image:type\" content=\"image\/jpeg\" \/>\n<meta name=\"author\" content=\"Julien Maudoux\" \/>\n<meta name=\"twitter:card\" content=\"summary_large_image\" \/>\n<meta name=\"twitter:label1\" content=\"\u00c9crit par\" \/>\n\t<meta name=\"twitter:data1\" content=\"Julien Maudoux\" \/>\n\t<meta name=\"twitter:label2\" content=\"Dur\u00e9e de lecture estim\u00e9e\" \/>\n\t<meta name=\"twitter:data2\" content=\"1 minute\" \/>\n<script type=\"application\/ld+json\" class=\"yoast-schema-graph\">{\"@context\":\"https:\\\/\\\/schema.org\",\"@graph\":[{\"@type\":\"Article\",\"@id\":\"http:\\\/\\\/www.semen-l.org\\\/?p=4087#article\",\"isPartOf\":{\"@id\":\"http:\\\/\\\/www.semen-l.org\\\/?p=4087\"},\"author\":{\"name\":\"Julien Maudoux\",\"@id\":\"http:\\\/\\\/www.semen-l.org\\\/#\\\/schema\\\/person\\\/ef5208815f17666727763c5363a51344\"},\"headline\":\"Pr\u00e9sentation du volume d\u2019Erasme,\u00a0De recta latini graecique sermonis pronuntiatione dialogus \u00e0 l&rsquo;ENS le 27 novembre 2025\",\"datePublished\":\"2025-11-05T15:35:21+00:00\",\"mainEntityOfPage\":{\"@id\":\"http:\\\/\\\/www.semen-l.org\\\/?p=4087\"},\"wordCount\":96,\"commentCount\":0,\"publisher\":{\"@id\":\"http:\\\/\\\/www.semen-l.org\\\/#organization\"},\"image\":{\"@id\":\"http:\\\/\\\/www.semen-l.org\\\/?p=4087#primaryimage\"},\"thumbnailUrl\":\"https:\\\/\\\/www.semen-l.org\\\/wp-content\\\/uploads\\\/2025\\\/11\\\/de-recta-latini-couv.jpg\",\"keywords\":[\"De recta latini graecique sermonis pronuntiatione dialogus (\u00c9rasme)\",\"\u00c9rasme\"],\"articleSection\":[\"Colloques\",\"Publications\"],\"inLanguage\":\"fr-FR\",\"potentialAction\":[{\"@type\":\"CommentAction\",\"name\":\"Comment\",\"target\":[\"http:\\\/\\\/www.semen-l.org\\\/?p=4087#respond\"]}]},{\"@type\":\"WebPage\",\"@id\":\"http:\\\/\\\/www.semen-l.org\\\/?p=4087\",\"url\":\"http:\\\/\\\/www.semen-l.org\\\/?p=4087\",\"name\":\"De recta latini graecique sermonis pronuntiatione dialogus\",\"isPartOf\":{\"@id\":\"http:\\\/\\\/www.semen-l.org\\\/#website\"},\"primaryImageOfPage\":{\"@id\":\"http:\\\/\\\/www.semen-l.org\\\/?p=4087#primaryimage\"},\"image\":{\"@id\":\"http:\\\/\\\/www.semen-l.org\\\/?p=4087#primaryimage\"},\"thumbnailUrl\":\"https:\\\/\\\/www.semen-l.org\\\/wp-content\\\/uploads\\\/2025\\\/11\\\/de-recta-latini-couv.jpg\",\"datePublished\":\"2025-11-05T15:35:21+00:00\",\"description\":\"Pr\u00e9sentation du c\u00e9l\u00e8bre volume d'\u00c9rasme traitant de la prononciation du latin, par les \u00e9diteurs de la traduction de Jacques Chomarat\",\"breadcrumb\":{\"@id\":\"http:\\\/\\\/www.semen-l.org\\\/?p=4087#breadcrumb\"},\"inLanguage\":\"fr-FR\",\"potentialAction\":[{\"@type\":\"ReadAction\",\"target\":[\"http:\\\/\\\/www.semen-l.org\\\/?p=4087\"]}]},{\"@type\":\"ImageObject\",\"inLanguage\":\"fr-FR\",\"@id\":\"http:\\\/\\\/www.semen-l.org\\\/?p=4087#primaryimage\",\"url\":\"https:\\\/\\\/www.semen-l.org\\\/wp-content\\\/uploads\\\/2025\\\/11\\\/de-recta-latini-couv.jpg\",\"contentUrl\":\"https:\\\/\\\/www.semen-l.org\\\/wp-content\\\/uploads\\\/2025\\\/11\\\/de-recta-latini-couv.jpg\",\"width\":818,\"height\":772},{\"@type\":\"BreadcrumbList\",\"@id\":\"http:\\\/\\\/www.semen-l.org\\\/?p=4087#breadcrumb\",\"itemListElement\":[{\"@type\":\"ListItem\",\"position\":1,\"name\":\"Accueil\",\"item\":\"http:\\\/\\\/www.semen-l.org\\\/\"},{\"@type\":\"ListItem\",\"position\":2,\"name\":\"Pr\u00e9sentation du volume d\u2019Erasme,\u00a0De recta latini graecique sermonis pronuntiatione dialogus \u00e0 l&rsquo;ENS le 27 novembre 2025\"}]},{\"@type\":\"WebSite\",\"@id\":\"http:\\\/\\\/www.semen-l.org\\\/#website\",\"url\":\"http:\\\/\\\/www.semen-l.org\\\/\",\"name\":\"Soci\u00e9t\u00e9 d'\u00c9tudes M\u00e9dio Et N\u00e9o-Latines\",\"description\":\"\",\"publisher\":{\"@id\":\"http:\\\/\\\/www.semen-l.org\\\/#organization\"},\"potentialAction\":[{\"@type\":\"SearchAction\",\"target\":{\"@type\":\"EntryPoint\",\"urlTemplate\":\"http:\\\/\\\/www.semen-l.org\\\/?s={search_term_string}\"},\"query-input\":{\"@type\":\"PropertyValueSpecification\",\"valueRequired\":true,\"valueName\":\"search_term_string\"}}],\"inLanguage\":\"fr-FR\"},{\"@type\":\"Organization\",\"@id\":\"http:\\\/\\\/www.semen-l.org\\\/#organization\",\"name\":\"Soci\u00e9t\u00e9 d'\u00e9tudes m\u00e9dio et n\u00e9o-latines\",\"url\":\"http:\\\/\\\/www.semen-l.org\\\/\",\"logo\":{\"@type\":\"ImageObject\",\"inLanguage\":\"fr-FR\",\"@id\":\"http:\\\/\\\/www.semen-l.org\\\/#\\\/schema\\\/logo\\\/image\\\/\",\"url\":\"http:\\\/\\\/www.semen-l.org\\\/wp-content\\\/uploads\\\/2020\\\/11\\\/logo-semenl.jpg\",\"contentUrl\":\"http:\\\/\\\/www.semen-l.org\\\/wp-content\\\/uploads\\\/2020\\\/11\\\/logo-semenl.jpg\",\"width\":408,\"height\":403,\"caption\":\"Soci\u00e9t\u00e9 d'\u00e9tudes m\u00e9dio et n\u00e9o-latines\"},\"image\":{\"@id\":\"http:\\\/\\\/www.semen-l.org\\\/#\\\/schema\\\/logo\\\/image\\\/\"},\"sameAs\":[\"https:\\\/\\\/www.facebook.com\\\/SEMENL2018\",\"https:\\\/\\\/independent.academia.edu\\\/SocitsdtudesmdioetnolatinesSEMENL\"]},{\"@type\":\"Person\",\"@id\":\"http:\\\/\\\/www.semen-l.org\\\/#\\\/schema\\\/person\\\/ef5208815f17666727763c5363a51344\",\"name\":\"Julien Maudoux\",\"image\":{\"@type\":\"ImageObject\",\"inLanguage\":\"fr-FR\",\"@id\":\"https:\\\/\\\/secure.gravatar.com\\\/avatar\\\/caabf4fb6242e2277733cd35a5c2aa083761ea25dae1d1ff3298b54292225292?s=96&d=mm&r=g\",\"url\":\"https:\\\/\\\/secure.gravatar.com\\\/avatar\\\/caabf4fb6242e2277733cd35a5c2aa083761ea25dae1d1ff3298b54292225292?s=96&d=mm&r=g\",\"contentUrl\":\"https:\\\/\\\/secure.gravatar.com\\\/avatar\\\/caabf4fb6242e2277733cd35a5c2aa083761ea25dae1d1ff3298b54292225292?s=96&d=mm&r=g\",\"caption\":\"Julien Maudoux\"},\"description\":\"Webmestre du site de la SEMEN-L\",\"url\":\"https:\\\/\\\/www.semen-l.org\\\/?author=26\"}]}<\/script>\n<!-- \/ Yoast SEO plugin. -->","yoast_head_json":{"title":"De recta latini graecique sermonis pronuntiatione dialogus","description":"Pr\u00e9sentation du c\u00e9l\u00e8bre volume d'\u00c9rasme traitant de la prononciation du latin, par les \u00e9diteurs de la traduction de Jacques Chomarat","robots":{"index":"index","follow":"follow","max-snippet":"max-snippet:-1","max-image-preview":"max-image-preview:large","max-video-preview":"max-video-preview:-1"},"canonical":"http:\/\/www.semen-l.org\/?p=4087","og_locale":"fr_FR","og_type":"article","og_title":"De recta latini graecique sermonis pronuntiatione dialogus","og_description":"Pr\u00e9sentation du c\u00e9l\u00e8bre volume d'\u00c9rasme traitant de la prononciation du latin, par les \u00e9diteurs de la traduction de Jacques Chomarat","og_url":"http:\/\/www.semen-l.org\/?p=4087","og_site_name":"Soci\u00e9t\u00e9 d&#039;\u00c9tudes M\u00e9dio Et N\u00e9o-Latines","article_publisher":"https:\/\/www.facebook.com\/SEMENL2018","article_published_time":"2025-11-05T15:35:21+00:00","og_image":[{"width":818,"height":772,"url":"http:\/\/www.semen-l.org\/wp-content\/uploads\/2025\/11\/de-recta-latini-couv.jpg","type":"image\/jpeg"}],"author":"Julien Maudoux","twitter_card":"summary_large_image","twitter_misc":{"\u00c9crit par":"Julien Maudoux","Dur\u00e9e de lecture estim\u00e9e":"1 minute"},"schema":{"@context":"https:\/\/schema.org","@graph":[{"@type":"Article","@id":"http:\/\/www.semen-l.org\/?p=4087#article","isPartOf":{"@id":"http:\/\/www.semen-l.org\/?p=4087"},"author":{"name":"Julien Maudoux","@id":"http:\/\/www.semen-l.org\/#\/schema\/person\/ef5208815f17666727763c5363a51344"},"headline":"Pr\u00e9sentation du volume d\u2019Erasme,\u00a0De recta latini graecique sermonis pronuntiatione dialogus \u00e0 l&rsquo;ENS le 27 novembre 2025","datePublished":"2025-11-05T15:35:21+00:00","mainEntityOfPage":{"@id":"http:\/\/www.semen-l.org\/?p=4087"},"wordCount":96,"commentCount":0,"publisher":{"@id":"http:\/\/www.semen-l.org\/#organization"},"image":{"@id":"http:\/\/www.semen-l.org\/?p=4087#primaryimage"},"thumbnailUrl":"https:\/\/www.semen-l.org\/wp-content\/uploads\/2025\/11\/de-recta-latini-couv.jpg","keywords":["De recta latini graecique sermonis pronuntiatione dialogus (\u00c9rasme)","\u00c9rasme"],"articleSection":["Colloques","Publications"],"inLanguage":"fr-FR","potentialAction":[{"@type":"CommentAction","name":"Comment","target":["http:\/\/www.semen-l.org\/?p=4087#respond"]}]},{"@type":"WebPage","@id":"http:\/\/www.semen-l.org\/?p=4087","url":"http:\/\/www.semen-l.org\/?p=4087","name":"De recta latini graecique sermonis pronuntiatione dialogus","isPartOf":{"@id":"http:\/\/www.semen-l.org\/#website"},"primaryImageOfPage":{"@id":"http:\/\/www.semen-l.org\/?p=4087#primaryimage"},"image":{"@id":"http:\/\/www.semen-l.org\/?p=4087#primaryimage"},"thumbnailUrl":"https:\/\/www.semen-l.org\/wp-content\/uploads\/2025\/11\/de-recta-latini-couv.jpg","datePublished":"2025-11-05T15:35:21+00:00","description":"Pr\u00e9sentation du c\u00e9l\u00e8bre volume d'\u00c9rasme traitant de la prononciation du latin, par les \u00e9diteurs de la traduction de Jacques Chomarat","breadcrumb":{"@id":"http:\/\/www.semen-l.org\/?p=4087#breadcrumb"},"inLanguage":"fr-FR","potentialAction":[{"@type":"ReadAction","target":["http:\/\/www.semen-l.org\/?p=4087"]}]},{"@type":"ImageObject","inLanguage":"fr-FR","@id":"http:\/\/www.semen-l.org\/?p=4087#primaryimage","url":"https:\/\/www.semen-l.org\/wp-content\/uploads\/2025\/11\/de-recta-latini-couv.jpg","contentUrl":"https:\/\/www.semen-l.org\/wp-content\/uploads\/2025\/11\/de-recta-latini-couv.jpg","width":818,"height":772},{"@type":"BreadcrumbList","@id":"http:\/\/www.semen-l.org\/?p=4087#breadcrumb","itemListElement":[{"@type":"ListItem","position":1,"name":"Accueil","item":"http:\/\/www.semen-l.org\/"},{"@type":"ListItem","position":2,"name":"Pr\u00e9sentation du volume d\u2019Erasme,\u00a0De recta latini graecique sermonis pronuntiatione dialogus \u00e0 l&rsquo;ENS le 27 novembre 2025"}]},{"@type":"WebSite","@id":"http:\/\/www.semen-l.org\/#website","url":"http:\/\/www.semen-l.org\/","name":"Soci\u00e9t\u00e9 d'\u00c9tudes M\u00e9dio Et N\u00e9o-Latines","description":"","publisher":{"@id":"http:\/\/www.semen-l.org\/#organization"},"potentialAction":[{"@type":"SearchAction","target":{"@type":"EntryPoint","urlTemplate":"http:\/\/www.semen-l.org\/?s={search_term_string}"},"query-input":{"@type":"PropertyValueSpecification","valueRequired":true,"valueName":"search_term_string"}}],"inLanguage":"fr-FR"},{"@type":"Organization","@id":"http:\/\/www.semen-l.org\/#organization","name":"Soci\u00e9t\u00e9 d'\u00e9tudes m\u00e9dio et n\u00e9o-latines","url":"http:\/\/www.semen-l.org\/","logo":{"@type":"ImageObject","inLanguage":"fr-FR","@id":"http:\/\/www.semen-l.org\/#\/schema\/logo\/image\/","url":"http:\/\/www.semen-l.org\/wp-content\/uploads\/2020\/11\/logo-semenl.jpg","contentUrl":"http:\/\/www.semen-l.org\/wp-content\/uploads\/2020\/11\/logo-semenl.jpg","width":408,"height":403,"caption":"Soci\u00e9t\u00e9 d'\u00e9tudes m\u00e9dio et n\u00e9o-latines"},"image":{"@id":"http:\/\/www.semen-l.org\/#\/schema\/logo\/image\/"},"sameAs":["https:\/\/www.facebook.com\/SEMENL2018","https:\/\/independent.academia.edu\/SocitsdtudesmdioetnolatinesSEMENL"]},{"@type":"Person","@id":"http:\/\/www.semen-l.org\/#\/schema\/person\/ef5208815f17666727763c5363a51344","name":"Julien Maudoux","image":{"@type":"ImageObject","inLanguage":"fr-FR","@id":"https:\/\/secure.gravatar.com\/avatar\/caabf4fb6242e2277733cd35a5c2aa083761ea25dae1d1ff3298b54292225292?s=96&d=mm&r=g","url":"https:\/\/secure.gravatar.com\/avatar\/caabf4fb6242e2277733cd35a5c2aa083761ea25dae1d1ff3298b54292225292?s=96&d=mm&r=g","contentUrl":"https:\/\/secure.gravatar.com\/avatar\/caabf4fb6242e2277733cd35a5c2aa083761ea25dae1d1ff3298b54292225292?s=96&d=mm&r=g","caption":"Julien Maudoux"},"description":"Webmestre du site de la SEMEN-L","url":"https:\/\/www.semen-l.org\/?author=26"}]}},"jetpack_featured_media_url":"https:\/\/www.semen-l.org\/wp-content\/uploads\/2025\/11\/de-recta-latini-couv.jpg","_links":{"self":[{"href":"https:\/\/www.semen-l.org\/index.php?rest_route=\/wp\/v2\/posts\/4087","targetHints":{"allow":["GET"]}}],"collection":[{"href":"https:\/\/www.semen-l.org\/index.php?rest_route=\/wp\/v2\/posts"}],"about":[{"href":"https:\/\/www.semen-l.org\/index.php?rest_route=\/wp\/v2\/types\/post"}],"author":[{"embeddable":true,"href":"https:\/\/www.semen-l.org\/index.php?rest_route=\/wp\/v2\/users\/26"}],"replies":[{"embeddable":true,"href":"https:\/\/www.semen-l.org\/index.php?rest_route=%2Fwp%2Fv2%2Fcomments&post=4087"}],"version-history":[{"count":0,"href":"https:\/\/www.semen-l.org\/index.php?rest_route=\/wp\/v2\/posts\/4087\/revisions"}],"wp:featuredmedia":[{"embeddable":true,"href":"https:\/\/www.semen-l.org\/index.php?rest_route=\/wp\/v2\/media\/4089"}],"wp:attachment":[{"href":"https:\/\/www.semen-l.org\/index.php?rest_route=%2Fwp%2Fv2%2Fmedia&parent=4087"}],"wp:term":[{"taxonomy":"category","embeddable":true,"href":"https:\/\/www.semen-l.org\/index.php?rest_route=%2Fwp%2Fv2%2Fcategories&post=4087"},{"taxonomy":"post_tag","embeddable":true,"href":"https:\/\/www.semen-l.org\/index.php?rest_route=%2Fwp%2Fv2%2Ftags&post=4087"}],"curies":[{"name":"wp","href":"https:\/\/api.w.org\/{rel}","templated":true}]}}