{"id":4064,"date":"2025-09-30T13:56:55","date_gmt":"2025-09-30T13:56:55","guid":{"rendered":"https:\/\/www.semen-l.org\/?p=4064"},"modified":"2025-10-02T14:02:27","modified_gmt":"2025-10-02T14:02:27","slug":"un-nouveau-temoin-sur-le-camp-du-drap-dor-pietro-contarini-journee-detude","status":"publish","type":"post","link":"https:\/\/www.semen-l.org\/?p=4064","title":{"rendered":"Un nouveau t\u00e9moin sur le Camp du Drap d\u2019or : Pietro Contarini &#8211; journ\u00e9e d&rsquo;\u00e9tude"},"content":{"rendered":"<h3><a href=\"https:\/\/www.semen-l.org\/wp-content\/uploads\/2025\/10\/Camp-du-drap-dor_affiche.pdf\" class=\"pdfemb-viewer\" style=\"\" data-width=\"max\" data-height=\"max\" data-toolbar=\"both\" data-toolbar-fixed=\"off\">Camp du drap d\u2019or<\/a><\/h3>\n<h3><strong>Un nouveau t\u00e9moin sur le Camp du Drap d\u2019or :\u00a0<\/strong><strong>Pietro Contarini<\/strong><\/h3>\n<h4><em>Journ\u00e9e d\u2019\u00e9tude<\/em><\/h4>\n<p>Journ\u00e9e d\u2019\u00e9tude organis\u00e9e par\u00a0<a href=\"https:\/\/www.saprat.fr\/membres\/enseignants-chercheurs\/virginie-leroux\/\">Virginie Leroux<\/a>\u00a0(Saprat, EPHE \u2013 PSL), Anne Bouscharain (Plurielles, Universit\u00e9 Bordeaux Montaigne) et John Nassichuk (Department of French Studies, Universit\u00e9 Western Ontario).<\/p>\n<p><strong>Informations pratiques<\/strong><\/p>\n<p>Date:\u00a0Vendredi 3 octobre 2025, de 9h45 \u00e0 17h<\/p>\n<p>Lieu:\u00a0Salle Vasari<\/p>\n<p>Institut national d\u2019Histoire de l\u2019Art<\/p>\n<p>2 rue Vivienne, Paris 2<sup>e<\/sup><\/p>\n<hr \/>\n<h4>PROGRAMME<\/h4>\n<p>9h45 \u2013\u00a0<a href=\"https:\/\/www.saprat.fr\/membres\/enseignants-chercheurs\/virginie-leroux\/\"><strong>Virginie Leroux<\/strong><\/a>\u00a0(Saprat, EPHE \u2013 PSL),\u00a0<strong>John Nassichuk<\/strong>\u00a0(Department of French Studies, Universit\u00e9 Western Ontario<\/p>\n<p><em>Accueil et pr\u00e9sentation<\/em><\/p>\n<p>10h30 \u2013\u00a0<strong>Isabelle Paresys<\/strong>\u00a0(IRHiS, Universit\u00e9 de Lille)<\/p>\n<p><em>Du texte \u00e0 l\u2019image : restituer par le num\u00e9rique le Camp du drap d\u2019or<\/em><\/p>\n<p>11h15 \u2013\u00a0<strong>John Nassichuk<\/strong>\u00a0(Department of French Studies, Universit\u00e9 Western Ontario)<\/p>\n<p><em>L\u2019\u0153uvre de Pietro Contarini, po\u00e8te v\u00e9nitien<\/em><\/p>\n<p>11h45 \u2013\u00a0<strong>Charles Giry-Deloison<\/strong>\u00a0(CREHS, Universit\u00e9 d\u2019Artois)<\/p>\n<p><em>L\u2019amiti\u00e9 entre les princes dans le po\u00e8me de Pietro Contarini<\/em><\/p>\n<hr \/>\n<p>14h30 \u2013\u00a0<strong>Jean-Marie Le Gall<\/strong>\u00a0(IHMC, Universit\u00e9 Paris I Panth\u00e9on-Sorbonne)<\/p>\n<p><em>La rencontre et la s\u00e9duction<\/em><\/p>\n<p>15h \u2013\u00a0<a href=\"https:\/\/www.saprat.fr\/membres\/enseignants-chercheurs\/marc-smith\/\"><strong>Marc Smith<\/strong><\/a>\u00a0(Saprat, EPHE \u2013 PSL \/ \u00c9cole des Chartes \u2013 PSL)<\/p>\n<p><em>Le manuscrit (Marciana Lat. XII 168) du<\/em>\u00a0Ad Christianissimum ac Serenissimum Francorum Regem Franciscum Petri Contareni de Regum Amicitia Libellus<\/p>\n<p><em>\u00a0<\/em>16h \u2013\u00a0<strong>Florence d\u2019Artois<\/strong>\u00a0(Framespa, Universit\u00e9 Toulouse-Jean Jaur\u00e8s)<\/p>\n<p><em>R\u00e9flexion autour des danses mentionn\u00e9es dans le<\/em>\u00a0Libellus\u00a0<em>par P. Contarini et discussion<\/em><\/p>\n<p>16h30 \u2013\u00a0<a href=\"https:\/\/www.saprat.fr\/membres\/enseignants-chercheurs\/audrey-nassieu-maupas\/\"><strong>Audrey Nassieu Maupas<\/strong><\/a>\u00a0(Saprat, EPHE \u2013 PSL),\u00a0<a href=\"https:\/\/www.saprat.fr\/membres\/doctorants\/dauphine-de-haldat-du-lys\/\"><strong>Dauphine de Haldat<\/strong><\/a>\u00a0(Saprat, EPHE \u2013 PSL),\u00a0<strong>Anne Bouscharain<\/strong>\u00a0(Plurielles, Universit\u00e9 Bordeaux Montaigne)<\/p>\n<p><em>Entretien libre autour des tapisseries, v\u00eatements, tissus pr\u00e9cieux et passementeries dans le\u00a0<\/em>Libellus\u00a0<em>de Contarini<\/em><\/p>\n<p><a href=\"https:\/\/www.saprat.fr\/wp-content\/uploads\/2025\/09\/A4_Camp-du-drap-dor_Affiche-prog-def.pdf\"><strong>Pour t\u00e9l\u00e9charger le programme complet<\/strong><\/a><\/p>\n","protected":false},"excerpt":{"rendered":"<p>Un nouveau t\u00e9moin sur le Camp du Drap d\u2019or :\u00a0Pietro Contarini Journ\u00e9e d\u2019\u00e9tude Journ\u00e9e d\u2019\u00e9tude organis\u00e9e par\u00a0Virginie Leroux\u00a0(Saprat, EPHE \u2013 PSL), Anne Bouscharain (Plurielles, Universit\u00e9 Bordeaux Montaigne) et John Nassichuk (Department of French Studies, Universit\u00e9 Western Ontario). Informations pratiques Date:\u00a0Vendredi &hellip; <a href=\"https:\/\/www.semen-l.org\/?p=4064\">Continuer la lecture <span class=\"meta-nav\">&rarr;<\/span><\/a><\/p>\n","protected":false},"author":26,"featured_media":4065,"comment_status":"open","ping_status":"open","sticky":false,"template":"","format":"standard","meta":{"footnotes":""},"categories":[4],"tags":[2546,2547,2459,2552,2548,2550,26,2549,1457,2551],"class_list":["post-4064","post","type-post","status-publish","format-standard","has-post-thumbnail","hentry","category-colloques","tag-camp-du-drap-dor","tag-contarini-pietro","tag-danse","tag-de-regum-amicitia-libellus-pietro-contarini","tag-marciana-lat-xii-168","tag-passementerie","tag-poesie","tag-tapisserie","tag-venise","tag-vetement"],"yoast_head":"<!-- This site is optimized with the Yoast SEO plugin v27.5 - https:\/\/yoast.com\/product\/yoast-seo-wordpress\/ -->\n<title>Journ\u00e9e \u00e0 propos du Libellus de Contarini sur le camp du drap d&#039;or<\/title>\n<meta name=\"description\" content=\"Journ\u00e9e d&#039;\u00e9tude \u00e0 propos du De regum amicitia Libellus de Pietro Contarini concernant la rencontre au Camp du drap d&#039;or\" \/>\n<meta name=\"robots\" content=\"index, follow, max-snippet:-1, max-image-preview:large, max-video-preview:-1\" \/>\n<link rel=\"canonical\" href=\"http:\/\/www.semen-l.org\/?p=4064\" \/>\n<meta property=\"og:locale\" content=\"fr_FR\" \/>\n<meta property=\"og:type\" content=\"article\" \/>\n<meta property=\"og:title\" content=\"Journ\u00e9e \u00e0 propos du Libellus de Contarini sur le camp du drap d&#039;or\" \/>\n<meta property=\"og:description\" content=\"Journ\u00e9e d&#039;\u00e9tude \u00e0 propos du De regum amicitia Libellus de Pietro Contarini concernant la rencontre au Camp du drap d&#039;or\" \/>\n<meta property=\"og:url\" content=\"http:\/\/www.semen-l.org\/?p=4064\" \/>\n<meta property=\"og:site_name\" content=\"Soci\u00e9t\u00e9 d&#039;\u00c9tudes M\u00e9dio Et N\u00e9o-Latines\" \/>\n<meta property=\"article:publisher\" content=\"https:\/\/www.facebook.com\/SEMENL2018\" \/>\n<meta property=\"article:published_time\" content=\"2025-09-30T13:56:55+00:00\" \/>\n<meta property=\"article:modified_time\" content=\"2025-10-02T14:02:27+00:00\" \/>\n<meta property=\"og:image\" content=\"http:\/\/www.semen-l.org\/wp-content\/uploads\/2025\/10\/contarini-libellus.jpg\" \/>\n\t<meta property=\"og:image:width\" content=\"427\" \/>\n\t<meta property=\"og:image:height\" content=\"590\" \/>\n\t<meta property=\"og:image:type\" content=\"image\/jpeg\" \/>\n<meta name=\"author\" content=\"Julien Maudoux\" \/>\n<meta name=\"twitter:card\" content=\"summary_large_image\" \/>\n<meta name=\"twitter:label1\" content=\"\u00c9crit par\" \/>\n\t<meta name=\"twitter:data1\" content=\"Julien Maudoux\" \/>\n\t<meta name=\"twitter:label2\" content=\"Dur\u00e9e de lecture estim\u00e9e\" \/>\n\t<meta name=\"twitter:data2\" content=\"2 minutes\" \/>\n<script type=\"application\/ld+json\" class=\"yoast-schema-graph\">{\"@context\":\"https:\\\/\\\/schema.org\",\"@graph\":[{\"@type\":\"Article\",\"@id\":\"http:\\\/\\\/www.semen-l.org\\\/?p=4064#article\",\"isPartOf\":{\"@id\":\"http:\\\/\\\/www.semen-l.org\\\/?p=4064\"},\"author\":{\"name\":\"Julien Maudoux\",\"@id\":\"http:\\\/\\\/www.semen-l.org\\\/#\\\/schema\\\/person\\\/ef5208815f17666727763c5363a51344\"},\"headline\":\"Un nouveau t\u00e9moin sur le Camp du Drap d\u2019or : Pietro Contarini &#8211; journ\u00e9e d&rsquo;\u00e9tude\",\"datePublished\":\"2025-09-30T13:56:55+00:00\",\"dateModified\":\"2025-10-02T14:02:27+00:00\",\"mainEntityOfPage\":{\"@id\":\"http:\\\/\\\/www.semen-l.org\\\/?p=4064\"},\"wordCount\":294,\"commentCount\":0,\"publisher\":{\"@id\":\"http:\\\/\\\/www.semen-l.org\\\/#organization\"},\"image\":{\"@id\":\"http:\\\/\\\/www.semen-l.org\\\/?p=4064#primaryimage\"},\"thumbnailUrl\":\"https:\\\/\\\/www.semen-l.org\\\/wp-content\\\/uploads\\\/2025\\\/10\\\/contarini-libellus.jpg\",\"keywords\":[\"Camp du drap d'or\",\"Contarini (Pietro)\",\"danse\",\"De regum amicitia Libellus (Pietro Contarini)\",\"Marciana Lat. XII 168\",\"passementerie\",\"po\u00e9sie\",\"tapisserie\",\"Venise\",\"v\u00eatement\"],\"articleSection\":[\"Colloques\"],\"inLanguage\":\"fr-FR\",\"potentialAction\":[{\"@type\":\"CommentAction\",\"name\":\"Comment\",\"target\":[\"http:\\\/\\\/www.semen-l.org\\\/?p=4064#respond\"]}]},{\"@type\":\"WebPage\",\"@id\":\"http:\\\/\\\/www.semen-l.org\\\/?p=4064\",\"url\":\"http:\\\/\\\/www.semen-l.org\\\/?p=4064\",\"name\":\"Journ\u00e9e \u00e0 propos du Libellus de Contarini sur le camp du drap d'or\",\"isPartOf\":{\"@id\":\"http:\\\/\\\/www.semen-l.org\\\/#website\"},\"primaryImageOfPage\":{\"@id\":\"http:\\\/\\\/www.semen-l.org\\\/?p=4064#primaryimage\"},\"image\":{\"@id\":\"http:\\\/\\\/www.semen-l.org\\\/?p=4064#primaryimage\"},\"thumbnailUrl\":\"https:\\\/\\\/www.semen-l.org\\\/wp-content\\\/uploads\\\/2025\\\/10\\\/contarini-libellus.jpg\",\"datePublished\":\"2025-09-30T13:56:55+00:00\",\"dateModified\":\"2025-10-02T14:02:27+00:00\",\"description\":\"Journ\u00e9e d'\u00e9tude \u00e0 propos du De regum amicitia Libellus de Pietro Contarini concernant la rencontre au Camp du drap d'or\",\"breadcrumb\":{\"@id\":\"http:\\\/\\\/www.semen-l.org\\\/?p=4064#breadcrumb\"},\"inLanguage\":\"fr-FR\",\"potentialAction\":[{\"@type\":\"ReadAction\",\"target\":[\"http:\\\/\\\/www.semen-l.org\\\/?p=4064\"]}]},{\"@type\":\"ImageObject\",\"inLanguage\":\"fr-FR\",\"@id\":\"http:\\\/\\\/www.semen-l.org\\\/?p=4064#primaryimage\",\"url\":\"https:\\\/\\\/www.semen-l.org\\\/wp-content\\\/uploads\\\/2025\\\/10\\\/contarini-libellus.jpg\",\"contentUrl\":\"https:\\\/\\\/www.semen-l.org\\\/wp-content\\\/uploads\\\/2025\\\/10\\\/contarini-libellus.jpg\",\"width\":427,\"height\":590},{\"@type\":\"BreadcrumbList\",\"@id\":\"http:\\\/\\\/www.semen-l.org\\\/?p=4064#breadcrumb\",\"itemListElement\":[{\"@type\":\"ListItem\",\"position\":1,\"name\":\"Accueil\",\"item\":\"http:\\\/\\\/www.semen-l.org\\\/\"},{\"@type\":\"ListItem\",\"position\":2,\"name\":\"Un nouveau t\u00e9moin sur le Camp du Drap d\u2019or : Pietro Contarini &#8211; journ\u00e9e d&rsquo;\u00e9tude\"}]},{\"@type\":\"WebSite\",\"@id\":\"http:\\\/\\\/www.semen-l.org\\\/#website\",\"url\":\"http:\\\/\\\/www.semen-l.org\\\/\",\"name\":\"Soci\u00e9t\u00e9 d'\u00c9tudes M\u00e9dio Et N\u00e9o-Latines\",\"description\":\"\",\"publisher\":{\"@id\":\"http:\\\/\\\/www.semen-l.org\\\/#organization\"},\"potentialAction\":[{\"@type\":\"SearchAction\",\"target\":{\"@type\":\"EntryPoint\",\"urlTemplate\":\"http:\\\/\\\/www.semen-l.org\\\/?s={search_term_string}\"},\"query-input\":{\"@type\":\"PropertyValueSpecification\",\"valueRequired\":true,\"valueName\":\"search_term_string\"}}],\"inLanguage\":\"fr-FR\"},{\"@type\":\"Organization\",\"@id\":\"http:\\\/\\\/www.semen-l.org\\\/#organization\",\"name\":\"Soci\u00e9t\u00e9 d'\u00e9tudes m\u00e9dio et n\u00e9o-latines\",\"url\":\"http:\\\/\\\/www.semen-l.org\\\/\",\"logo\":{\"@type\":\"ImageObject\",\"inLanguage\":\"fr-FR\",\"@id\":\"http:\\\/\\\/www.semen-l.org\\\/#\\\/schema\\\/logo\\\/image\\\/\",\"url\":\"http:\\\/\\\/www.semen-l.org\\\/wp-content\\\/uploads\\\/2020\\\/11\\\/logo-semenl.jpg\",\"contentUrl\":\"http:\\\/\\\/www.semen-l.org\\\/wp-content\\\/uploads\\\/2020\\\/11\\\/logo-semenl.jpg\",\"width\":408,\"height\":403,\"caption\":\"Soci\u00e9t\u00e9 d'\u00e9tudes m\u00e9dio et n\u00e9o-latines\"},\"image\":{\"@id\":\"http:\\\/\\\/www.semen-l.org\\\/#\\\/schema\\\/logo\\\/image\\\/\"},\"sameAs\":[\"https:\\\/\\\/www.facebook.com\\\/SEMENL2018\",\"https:\\\/\\\/independent.academia.edu\\\/SocitsdtudesmdioetnolatinesSEMENL\"]},{\"@type\":\"Person\",\"@id\":\"http:\\\/\\\/www.semen-l.org\\\/#\\\/schema\\\/person\\\/ef5208815f17666727763c5363a51344\",\"name\":\"Julien Maudoux\",\"image\":{\"@type\":\"ImageObject\",\"inLanguage\":\"fr-FR\",\"@id\":\"https:\\\/\\\/secure.gravatar.com\\\/avatar\\\/caabf4fb6242e2277733cd35a5c2aa083761ea25dae1d1ff3298b54292225292?s=96&d=mm&r=g\",\"url\":\"https:\\\/\\\/secure.gravatar.com\\\/avatar\\\/caabf4fb6242e2277733cd35a5c2aa083761ea25dae1d1ff3298b54292225292?s=96&d=mm&r=g\",\"contentUrl\":\"https:\\\/\\\/secure.gravatar.com\\\/avatar\\\/caabf4fb6242e2277733cd35a5c2aa083761ea25dae1d1ff3298b54292225292?s=96&d=mm&r=g\",\"caption\":\"Julien Maudoux\"},\"description\":\"Webmestre du site de la SEMEN-L\",\"url\":\"https:\\\/\\\/www.semen-l.org\\\/?author=26\"}]}<\/script>\n<!-- \/ Yoast SEO plugin. -->","yoast_head_json":{"title":"Journ\u00e9e \u00e0 propos du Libellus de Contarini sur le camp du drap d'or","description":"Journ\u00e9e d'\u00e9tude \u00e0 propos du De regum amicitia Libellus de Pietro Contarini concernant la rencontre au Camp du drap d'or","robots":{"index":"index","follow":"follow","max-snippet":"max-snippet:-1","max-image-preview":"max-image-preview:large","max-video-preview":"max-video-preview:-1"},"canonical":"http:\/\/www.semen-l.org\/?p=4064","og_locale":"fr_FR","og_type":"article","og_title":"Journ\u00e9e \u00e0 propos du Libellus de Contarini sur le camp du drap d'or","og_description":"Journ\u00e9e d'\u00e9tude \u00e0 propos du De regum amicitia Libellus de Pietro Contarini concernant la rencontre au Camp du drap d'or","og_url":"http:\/\/www.semen-l.org\/?p=4064","og_site_name":"Soci\u00e9t\u00e9 d&#039;\u00c9tudes M\u00e9dio Et N\u00e9o-Latines","article_publisher":"https:\/\/www.facebook.com\/SEMENL2018","article_published_time":"2025-09-30T13:56:55+00:00","article_modified_time":"2025-10-02T14:02:27+00:00","og_image":[{"width":427,"height":590,"url":"http:\/\/www.semen-l.org\/wp-content\/uploads\/2025\/10\/contarini-libellus.jpg","type":"image\/jpeg"}],"author":"Julien Maudoux","twitter_card":"summary_large_image","twitter_misc":{"\u00c9crit par":"Julien Maudoux","Dur\u00e9e de lecture estim\u00e9e":"2 minutes"},"schema":{"@context":"https:\/\/schema.org","@graph":[{"@type":"Article","@id":"http:\/\/www.semen-l.org\/?p=4064#article","isPartOf":{"@id":"http:\/\/www.semen-l.org\/?p=4064"},"author":{"name":"Julien Maudoux","@id":"http:\/\/www.semen-l.org\/#\/schema\/person\/ef5208815f17666727763c5363a51344"},"headline":"Un nouveau t\u00e9moin sur le Camp du Drap d\u2019or : Pietro Contarini &#8211; journ\u00e9e d&rsquo;\u00e9tude","datePublished":"2025-09-30T13:56:55+00:00","dateModified":"2025-10-02T14:02:27+00:00","mainEntityOfPage":{"@id":"http:\/\/www.semen-l.org\/?p=4064"},"wordCount":294,"commentCount":0,"publisher":{"@id":"http:\/\/www.semen-l.org\/#organization"},"image":{"@id":"http:\/\/www.semen-l.org\/?p=4064#primaryimage"},"thumbnailUrl":"https:\/\/www.semen-l.org\/wp-content\/uploads\/2025\/10\/contarini-libellus.jpg","keywords":["Camp du drap d'or","Contarini (Pietro)","danse","De regum amicitia Libellus (Pietro Contarini)","Marciana Lat. XII 168","passementerie","po\u00e9sie","tapisserie","Venise","v\u00eatement"],"articleSection":["Colloques"],"inLanguage":"fr-FR","potentialAction":[{"@type":"CommentAction","name":"Comment","target":["http:\/\/www.semen-l.org\/?p=4064#respond"]}]},{"@type":"WebPage","@id":"http:\/\/www.semen-l.org\/?p=4064","url":"http:\/\/www.semen-l.org\/?p=4064","name":"Journ\u00e9e \u00e0 propos du Libellus de Contarini sur le camp du drap d'or","isPartOf":{"@id":"http:\/\/www.semen-l.org\/#website"},"primaryImageOfPage":{"@id":"http:\/\/www.semen-l.org\/?p=4064#primaryimage"},"image":{"@id":"http:\/\/www.semen-l.org\/?p=4064#primaryimage"},"thumbnailUrl":"https:\/\/www.semen-l.org\/wp-content\/uploads\/2025\/10\/contarini-libellus.jpg","datePublished":"2025-09-30T13:56:55+00:00","dateModified":"2025-10-02T14:02:27+00:00","description":"Journ\u00e9e d'\u00e9tude \u00e0 propos du De regum amicitia Libellus de Pietro Contarini concernant la rencontre au Camp du drap d'or","breadcrumb":{"@id":"http:\/\/www.semen-l.org\/?p=4064#breadcrumb"},"inLanguage":"fr-FR","potentialAction":[{"@type":"ReadAction","target":["http:\/\/www.semen-l.org\/?p=4064"]}]},{"@type":"ImageObject","inLanguage":"fr-FR","@id":"http:\/\/www.semen-l.org\/?p=4064#primaryimage","url":"https:\/\/www.semen-l.org\/wp-content\/uploads\/2025\/10\/contarini-libellus.jpg","contentUrl":"https:\/\/www.semen-l.org\/wp-content\/uploads\/2025\/10\/contarini-libellus.jpg","width":427,"height":590},{"@type":"BreadcrumbList","@id":"http:\/\/www.semen-l.org\/?p=4064#breadcrumb","itemListElement":[{"@type":"ListItem","position":1,"name":"Accueil","item":"http:\/\/www.semen-l.org\/"},{"@type":"ListItem","position":2,"name":"Un nouveau t\u00e9moin sur le Camp du Drap d\u2019or : Pietro Contarini &#8211; journ\u00e9e d&rsquo;\u00e9tude"}]},{"@type":"WebSite","@id":"http:\/\/www.semen-l.org\/#website","url":"http:\/\/www.semen-l.org\/","name":"Soci\u00e9t\u00e9 d'\u00c9tudes M\u00e9dio Et N\u00e9o-Latines","description":"","publisher":{"@id":"http:\/\/www.semen-l.org\/#organization"},"potentialAction":[{"@type":"SearchAction","target":{"@type":"EntryPoint","urlTemplate":"http:\/\/www.semen-l.org\/?s={search_term_string}"},"query-input":{"@type":"PropertyValueSpecification","valueRequired":true,"valueName":"search_term_string"}}],"inLanguage":"fr-FR"},{"@type":"Organization","@id":"http:\/\/www.semen-l.org\/#organization","name":"Soci\u00e9t\u00e9 d'\u00e9tudes m\u00e9dio et n\u00e9o-latines","url":"http:\/\/www.semen-l.org\/","logo":{"@type":"ImageObject","inLanguage":"fr-FR","@id":"http:\/\/www.semen-l.org\/#\/schema\/logo\/image\/","url":"http:\/\/www.semen-l.org\/wp-content\/uploads\/2020\/11\/logo-semenl.jpg","contentUrl":"http:\/\/www.semen-l.org\/wp-content\/uploads\/2020\/11\/logo-semenl.jpg","width":408,"height":403,"caption":"Soci\u00e9t\u00e9 d'\u00e9tudes m\u00e9dio et n\u00e9o-latines"},"image":{"@id":"http:\/\/www.semen-l.org\/#\/schema\/logo\/image\/"},"sameAs":["https:\/\/www.facebook.com\/SEMENL2018","https:\/\/independent.academia.edu\/SocitsdtudesmdioetnolatinesSEMENL"]},{"@type":"Person","@id":"http:\/\/www.semen-l.org\/#\/schema\/person\/ef5208815f17666727763c5363a51344","name":"Julien Maudoux","image":{"@type":"ImageObject","inLanguage":"fr-FR","@id":"https:\/\/secure.gravatar.com\/avatar\/caabf4fb6242e2277733cd35a5c2aa083761ea25dae1d1ff3298b54292225292?s=96&d=mm&r=g","url":"https:\/\/secure.gravatar.com\/avatar\/caabf4fb6242e2277733cd35a5c2aa083761ea25dae1d1ff3298b54292225292?s=96&d=mm&r=g","contentUrl":"https:\/\/secure.gravatar.com\/avatar\/caabf4fb6242e2277733cd35a5c2aa083761ea25dae1d1ff3298b54292225292?s=96&d=mm&r=g","caption":"Julien Maudoux"},"description":"Webmestre du site de la SEMEN-L","url":"https:\/\/www.semen-l.org\/?author=26"}]}},"jetpack_featured_media_url":"https:\/\/www.semen-l.org\/wp-content\/uploads\/2025\/10\/contarini-libellus.jpg","_links":{"self":[{"href":"https:\/\/www.semen-l.org\/index.php?rest_route=\/wp\/v2\/posts\/4064","targetHints":{"allow":["GET"]}}],"collection":[{"href":"https:\/\/www.semen-l.org\/index.php?rest_route=\/wp\/v2\/posts"}],"about":[{"href":"https:\/\/www.semen-l.org\/index.php?rest_route=\/wp\/v2\/types\/post"}],"author":[{"embeddable":true,"href":"https:\/\/www.semen-l.org\/index.php?rest_route=\/wp\/v2\/users\/26"}],"replies":[{"embeddable":true,"href":"https:\/\/www.semen-l.org\/index.php?rest_route=%2Fwp%2Fv2%2Fcomments&post=4064"}],"version-history":[{"count":0,"href":"https:\/\/www.semen-l.org\/index.php?rest_route=\/wp\/v2\/posts\/4064\/revisions"}],"wp:featuredmedia":[{"embeddable":true,"href":"https:\/\/www.semen-l.org\/index.php?rest_route=\/wp\/v2\/media\/4065"}],"wp:attachment":[{"href":"https:\/\/www.semen-l.org\/index.php?rest_route=%2Fwp%2Fv2%2Fmedia&parent=4064"}],"wp:term":[{"taxonomy":"category","embeddable":true,"href":"https:\/\/www.semen-l.org\/index.php?rest_route=%2Fwp%2Fv2%2Fcategories&post=4064"},{"taxonomy":"post_tag","embeddable":true,"href":"https:\/\/www.semen-l.org\/index.php?rest_route=%2Fwp%2Fv2%2Ftags&post=4064"}],"curies":[{"name":"wp","href":"https:\/\/api.w.org\/{rel}","templated":true}]}}