{"id":4060,"date":"2025-09-30T13:26:07","date_gmt":"2025-09-30T13:26:07","guid":{"rendered":"https:\/\/www.semen-l.org\/?p=4060"},"modified":"2025-10-02T13:55:39","modified_gmt":"2025-10-02T13:55:39","slug":"early-modern-representations-of-the-sovereigns-of-france-and-bohemia-genre-language-and-confessional-politics-journee-barrande","status":"publish","type":"post","link":"https:\/\/www.semen-l.org\/?p=4060","title":{"rendered":"\u00ab\u00a0Early Modern Representations of the Sovereigns of France and Bohemia: Genre, Language, and Confessional Politics\u00a0\u00bb &#8211; Journ\u00e9e Barrande"},"content":{"rendered":"<h1><a href=\"https:\/\/www.semen-l.org\/wp-content\/uploads\/2025\/10\/Journee-Barrande-affiche.pdf\" class=\"pdfemb-viewer\" style=\"\" data-width=\"max\" data-height=\"max\" data-toolbar=\"both\" data-toolbar-fixed=\"off\">Journ\u00e9e Barrande<\/a><\/h1>\n<h1>PHC BARRANDE &#8211; 50573SG<\/h1>\n<p>October 2<\/p>\n<p>17, rue de la Sorbonne, 75005 Paris Salle D054 Egyptologie<\/p>\n<h1>Early Modern Representations of the Sovereigns of France and Bohemia: Genre, Language, and Confessional Politics<\/h1>\n<p><strong>\u00a0<\/strong><\/p>\n<p><strong>Workshop organised by Virginie Leroux &#8211; SAPRAT (EA 4116) \u00c9cole Pratique des Hautes \u00c9tudes (EPHE, PSL) and Marcela Slav\u00edkov\u00e1 Institute of Philosophy &#8211; Czech Academy of Sciences<\/strong><\/p>\n<p>9:45 a.m : Welcome and introduction<\/p>\n<ul>\n<li>m.: St\u00e9phane P\u00e9quignot: Diplomatic relations between France and Bohemia: a State of the Art<\/li>\n<\/ul>\n<p>10:30 a.m.: Lucie Storchov\u00e1: Comparing gendered portrayals of queens and lower nobility in Bohemian Neo-latin poetry around 1550<\/p>\n<ul>\n<li>m.: Marta Vacul\u00ednov\u00e1: The image of Maximilian II in contemporary Bohemian literature<\/li>\n<\/ul>\n<p>11:30 a.m.: John Nassichuk: Portraits and Glimpses of Henri II in Latin Funerary Verse by Celestine Monks for the Royal Cardiotaph at the Celetines\u2019 Monastery in Paris (1559-1563).<\/p>\n<p><em>Lunch<\/em><\/p>\n<ul>\n<li>m.: Virginie Leroux: Jean Papire Masson and Charles IX: historiography, hagiography, and biography in the style of Suetonius<\/li>\n<\/ul>\n<p>2:30 p.m.: Claire Absil : Dorat and Ba\u00eff Confronting the Double Coronation of Henry III: Latin Poetry and the Polish Affair<\/p>\n<ul>\n<li>m .: Vojt\u011bch Pelc: Rudolf II in Latin Funeral Sermons and Laudatory Poetry of the Bohemian Lands<\/li>\n<\/ul>\n<p>3:30 p.m.: Marcela Slav\u00edkov\u00e1: Perspectives at the University of Prague on Ferdinand II of Styria and Frederick of the Palatinate : Parallel Rhetorical Strategies on the Two Kings of Bohemia<\/p>\n<ul>\n<li>m.: Discussion<\/li>\n<\/ul>\n","protected":false},"excerpt":{"rendered":"<p>PHC BARRANDE &#8211; 50573SG October 2 17, rue de la Sorbonne, 75005 Paris Salle D054 Egyptologie Early Modern Representations of the Sovereigns of France and Bohemia: Genre, Language, and Confessional Politics \u00a0 Workshop organised by Virginie Leroux &#8211; SAPRAT (EA &hellip; <a href=\"https:\/\/www.semen-l.org\/?p=4060\">Continuer la lecture <span class=\"meta-nav\">&rarr;<\/span><\/a><\/p>\n","protected":false},"author":26,"featured_media":4063,"comment_status":"open","ping_status":"open","sticky":false,"template":"","format":"standard","meta":{"footnotes":""},"categories":[4],"tags":[1636,1586,685,1722,1175,1715,2542,1294,2543,115,1050,2538,1842,2539,2544,1658,2545,26,279,418,230,2541,43,2540,1799],"class_list":["post-4060","post","type-post","status-publish","format-standard","has-post-thumbnail","hentry","category-colloques","tag-baif-jean-antoine-de","tag-biographie","tag-boheme","tag-charles-ix","tag-diplomatie","tag-dorat-jean","tag-ferdinand-ii-empereur","tag-france","tag-frederic-v-du-palatinat","tag-genre","tag-hagiographie","tag-henri-ii-france","tag-historiographie","tag-masson-jean-papire","tag-maximilien-ii-empereur","tag-noblesse","tag-ordre-des-celestins","tag-poesie","tag-poesie-funebre","tag-politique","tag-portrait","tag-prague","tag-rhetorique","tag-rodolphe-ii","tag-suetone"],"yoast_head":"<!-- This site is optimized with the Yoast SEO plugin v27.5 - https:\/\/yoast.com\/product\/yoast-seo-wordpress\/ -->\n<title>Workshop journ\u00e9e Barrande - souverains France et Boh\u00eame<\/title>\n<meta name=\"description\" content=\"Workshop journ\u00e9e Barrande sur les repr\u00e9sentations des souverains de France et de Boh\u00eame au d\u00e9but de l&#039;\u00e9poque moderne\" \/>\n<meta name=\"robots\" content=\"index, follow, max-snippet:-1, max-image-preview:large, max-video-preview:-1\" \/>\n<link rel=\"canonical\" href=\"http:\/\/www.semen-l.org\/?p=4060\" \/>\n<meta property=\"og:locale\" content=\"fr_FR\" \/>\n<meta property=\"og:type\" content=\"article\" \/>\n<meta property=\"og:title\" content=\"Workshop journ\u00e9e Barrande - souverains France et Boh\u00eame\" \/>\n<meta property=\"og:description\" content=\"Workshop journ\u00e9e Barrande sur les repr\u00e9sentations des souverains de France et de Boh\u00eame au d\u00e9but de l&#039;\u00e9poque moderne\" \/>\n<meta property=\"og:url\" content=\"http:\/\/www.semen-l.org\/?p=4060\" \/>\n<meta property=\"og:site_name\" content=\"Soci\u00e9t\u00e9 d&#039;\u00c9tudes M\u00e9dio Et N\u00e9o-Latines\" \/>\n<meta property=\"article:publisher\" content=\"https:\/\/www.facebook.com\/SEMENL2018\" \/>\n<meta property=\"article:published_time\" content=\"2025-09-30T13:26:07+00:00\" \/>\n<meta property=\"article:modified_time\" content=\"2025-10-02T13:55:39+00:00\" \/>\n<meta property=\"og:image\" content=\"http:\/\/www.semen-l.org\/wp-content\/uploads\/2025\/10\/barrande-souverains-cover.jpg\" \/>\n\t<meta property=\"og:image:width\" content=\"680\" \/>\n\t<meta property=\"og:image:height\" content=\"400\" \/>\n\t<meta property=\"og:image:type\" content=\"image\/jpeg\" \/>\n<meta name=\"author\" content=\"Julien Maudoux\" \/>\n<meta name=\"twitter:card\" content=\"summary_large_image\" \/>\n<meta name=\"twitter:label1\" content=\"\u00c9crit par\" \/>\n\t<meta name=\"twitter:data1\" content=\"Julien Maudoux\" \/>\n\t<meta name=\"twitter:label2\" content=\"Dur\u00e9e de lecture estim\u00e9e\" \/>\n\t<meta name=\"twitter:data2\" content=\"2 minutes\" \/>\n<script type=\"application\/ld+json\" class=\"yoast-schema-graph\">{\"@context\":\"https:\\\/\\\/schema.org\",\"@graph\":[{\"@type\":\"Article\",\"@id\":\"http:\\\/\\\/www.semen-l.org\\\/?p=4060#article\",\"isPartOf\":{\"@id\":\"http:\\\/\\\/www.semen-l.org\\\/?p=4060\"},\"author\":{\"name\":\"Julien Maudoux\",\"@id\":\"http:\\\/\\\/www.semen-l.org\\\/#\\\/schema\\\/person\\\/ef5208815f17666727763c5363a51344\"},\"headline\":\"\u00ab\u00a0Early Modern Representations of the Sovereigns of France and Bohemia: Genre, Language, and Confessional Politics\u00a0\u00bb &#8211; Journ\u00e9e Barrande\",\"datePublished\":\"2025-09-30T13:26:07+00:00\",\"dateModified\":\"2025-10-02T13:55:39+00:00\",\"mainEntityOfPage\":{\"@id\":\"http:\\\/\\\/www.semen-l.org\\\/?p=4060\"},\"wordCount\":256,\"commentCount\":0,\"publisher\":{\"@id\":\"http:\\\/\\\/www.semen-l.org\\\/#organization\"},\"image\":{\"@id\":\"http:\\\/\\\/www.semen-l.org\\\/?p=4060#primaryimage\"},\"thumbnailUrl\":\"https:\\\/\\\/www.semen-l.org\\\/wp-content\\\/uploads\\\/2025\\\/10\\\/barrande-souverains-cover.jpg\",\"keywords\":[\"Ba\u00eff (Jean-Antoine de)\",\"biographie\",\"Boh\u00eame\",\"Charles IX\",\"diplomatie\",\"Dorat (Jean)\",\"Ferdinand II (empereur)\",\"France\",\"Fr\u00e9d\u00e9ric V du Palatinat\",\"genre (gender)\",\"hagiographie\",\"Henri II (France)\",\"historiographie\",\"Masson (Jean Papire)\",\"Maximilien II (empereur)\",\"noblesse\",\"ordre des c\u00e9lestins\",\"po\u00e9sie\",\"po\u00e9sie fun\u00e8bre\",\"politique\",\"portrait\",\"Prague\",\"rh\u00e9torique\",\"Rodolphe II\",\"Su\u00e9tone\"],\"articleSection\":[\"Colloques\"],\"inLanguage\":\"fr-FR\",\"potentialAction\":[{\"@type\":\"CommentAction\",\"name\":\"Comment\",\"target\":[\"http:\\\/\\\/www.semen-l.org\\\/?p=4060#respond\"]}]},{\"@type\":\"WebPage\",\"@id\":\"http:\\\/\\\/www.semen-l.org\\\/?p=4060\",\"url\":\"http:\\\/\\\/www.semen-l.org\\\/?p=4060\",\"name\":\"Workshop journ\u00e9e Barrande - souverains France et Boh\u00eame\",\"isPartOf\":{\"@id\":\"http:\\\/\\\/www.semen-l.org\\\/#website\"},\"primaryImageOfPage\":{\"@id\":\"http:\\\/\\\/www.semen-l.org\\\/?p=4060#primaryimage\"},\"image\":{\"@id\":\"http:\\\/\\\/www.semen-l.org\\\/?p=4060#primaryimage\"},\"thumbnailUrl\":\"https:\\\/\\\/www.semen-l.org\\\/wp-content\\\/uploads\\\/2025\\\/10\\\/barrande-souverains-cover.jpg\",\"datePublished\":\"2025-09-30T13:26:07+00:00\",\"dateModified\":\"2025-10-02T13:55:39+00:00\",\"description\":\"Workshop journ\u00e9e Barrande sur les repr\u00e9sentations des souverains de France et de Boh\u00eame au d\u00e9but de l'\u00e9poque moderne\",\"breadcrumb\":{\"@id\":\"http:\\\/\\\/www.semen-l.org\\\/?p=4060#breadcrumb\"},\"inLanguage\":\"fr-FR\",\"potentialAction\":[{\"@type\":\"ReadAction\",\"target\":[\"http:\\\/\\\/www.semen-l.org\\\/?p=4060\"]}]},{\"@type\":\"ImageObject\",\"inLanguage\":\"fr-FR\",\"@id\":\"http:\\\/\\\/www.semen-l.org\\\/?p=4060#primaryimage\",\"url\":\"https:\\\/\\\/www.semen-l.org\\\/wp-content\\\/uploads\\\/2025\\\/10\\\/barrande-souverains-cover.jpg\",\"contentUrl\":\"https:\\\/\\\/www.semen-l.org\\\/wp-content\\\/uploads\\\/2025\\\/10\\\/barrande-souverains-cover.jpg\",\"width\":680,\"height\":400},{\"@type\":\"BreadcrumbList\",\"@id\":\"http:\\\/\\\/www.semen-l.org\\\/?p=4060#breadcrumb\",\"itemListElement\":[{\"@type\":\"ListItem\",\"position\":1,\"name\":\"Accueil\",\"item\":\"http:\\\/\\\/www.semen-l.org\\\/\"},{\"@type\":\"ListItem\",\"position\":2,\"name\":\"\u00ab\u00a0Early Modern Representations of the Sovereigns of France and Bohemia: Genre, Language, and Confessional Politics\u00a0\u00bb &#8211; Journ\u00e9e Barrande\"}]},{\"@type\":\"WebSite\",\"@id\":\"http:\\\/\\\/www.semen-l.org\\\/#website\",\"url\":\"http:\\\/\\\/www.semen-l.org\\\/\",\"name\":\"Soci\u00e9t\u00e9 d'\u00c9tudes M\u00e9dio Et N\u00e9o-Latines\",\"description\":\"\",\"publisher\":{\"@id\":\"http:\\\/\\\/www.semen-l.org\\\/#organization\"},\"potentialAction\":[{\"@type\":\"SearchAction\",\"target\":{\"@type\":\"EntryPoint\",\"urlTemplate\":\"http:\\\/\\\/www.semen-l.org\\\/?s={search_term_string}\"},\"query-input\":{\"@type\":\"PropertyValueSpecification\",\"valueRequired\":true,\"valueName\":\"search_term_string\"}}],\"inLanguage\":\"fr-FR\"},{\"@type\":\"Organization\",\"@id\":\"http:\\\/\\\/www.semen-l.org\\\/#organization\",\"name\":\"Soci\u00e9t\u00e9 d'\u00e9tudes m\u00e9dio et n\u00e9o-latines\",\"url\":\"http:\\\/\\\/www.semen-l.org\\\/\",\"logo\":{\"@type\":\"ImageObject\",\"inLanguage\":\"fr-FR\",\"@id\":\"http:\\\/\\\/www.semen-l.org\\\/#\\\/schema\\\/logo\\\/image\\\/\",\"url\":\"http:\\\/\\\/www.semen-l.org\\\/wp-content\\\/uploads\\\/2020\\\/11\\\/logo-semenl.jpg\",\"contentUrl\":\"http:\\\/\\\/www.semen-l.org\\\/wp-content\\\/uploads\\\/2020\\\/11\\\/logo-semenl.jpg\",\"width\":408,\"height\":403,\"caption\":\"Soci\u00e9t\u00e9 d'\u00e9tudes m\u00e9dio et n\u00e9o-latines\"},\"image\":{\"@id\":\"http:\\\/\\\/www.semen-l.org\\\/#\\\/schema\\\/logo\\\/image\\\/\"},\"sameAs\":[\"https:\\\/\\\/www.facebook.com\\\/SEMENL2018\",\"https:\\\/\\\/independent.academia.edu\\\/SocitsdtudesmdioetnolatinesSEMENL\"]},{\"@type\":\"Person\",\"@id\":\"http:\\\/\\\/www.semen-l.org\\\/#\\\/schema\\\/person\\\/ef5208815f17666727763c5363a51344\",\"name\":\"Julien Maudoux\",\"image\":{\"@type\":\"ImageObject\",\"inLanguage\":\"fr-FR\",\"@id\":\"https:\\\/\\\/secure.gravatar.com\\\/avatar\\\/caabf4fb6242e2277733cd35a5c2aa083761ea25dae1d1ff3298b54292225292?s=96&d=mm&r=g\",\"url\":\"https:\\\/\\\/secure.gravatar.com\\\/avatar\\\/caabf4fb6242e2277733cd35a5c2aa083761ea25dae1d1ff3298b54292225292?s=96&d=mm&r=g\",\"contentUrl\":\"https:\\\/\\\/secure.gravatar.com\\\/avatar\\\/caabf4fb6242e2277733cd35a5c2aa083761ea25dae1d1ff3298b54292225292?s=96&d=mm&r=g\",\"caption\":\"Julien Maudoux\"},\"description\":\"Webmestre du site de la SEMEN-L\",\"url\":\"https:\\\/\\\/www.semen-l.org\\\/?author=26\"}]}<\/script>\n<!-- \/ Yoast SEO plugin. -->","yoast_head_json":{"title":"Workshop journ\u00e9e Barrande - souverains France et Boh\u00eame","description":"Workshop journ\u00e9e Barrande sur les repr\u00e9sentations des souverains de France et de Boh\u00eame au d\u00e9but de l'\u00e9poque moderne","robots":{"index":"index","follow":"follow","max-snippet":"max-snippet:-1","max-image-preview":"max-image-preview:large","max-video-preview":"max-video-preview:-1"},"canonical":"http:\/\/www.semen-l.org\/?p=4060","og_locale":"fr_FR","og_type":"article","og_title":"Workshop journ\u00e9e Barrande - souverains France et Boh\u00eame","og_description":"Workshop journ\u00e9e Barrande sur les repr\u00e9sentations des souverains de France et de Boh\u00eame au d\u00e9but de l'\u00e9poque moderne","og_url":"http:\/\/www.semen-l.org\/?p=4060","og_site_name":"Soci\u00e9t\u00e9 d&#039;\u00c9tudes M\u00e9dio Et N\u00e9o-Latines","article_publisher":"https:\/\/www.facebook.com\/SEMENL2018","article_published_time":"2025-09-30T13:26:07+00:00","article_modified_time":"2025-10-02T13:55:39+00:00","og_image":[{"width":680,"height":400,"url":"http:\/\/www.semen-l.org\/wp-content\/uploads\/2025\/10\/barrande-souverains-cover.jpg","type":"image\/jpeg"}],"author":"Julien Maudoux","twitter_card":"summary_large_image","twitter_misc":{"\u00c9crit par":"Julien Maudoux","Dur\u00e9e de lecture estim\u00e9e":"2 minutes"},"schema":{"@context":"https:\/\/schema.org","@graph":[{"@type":"Article","@id":"http:\/\/www.semen-l.org\/?p=4060#article","isPartOf":{"@id":"http:\/\/www.semen-l.org\/?p=4060"},"author":{"name":"Julien Maudoux","@id":"http:\/\/www.semen-l.org\/#\/schema\/person\/ef5208815f17666727763c5363a51344"},"headline":"\u00ab\u00a0Early Modern Representations of the Sovereigns of France and Bohemia: Genre, Language, and Confessional Politics\u00a0\u00bb &#8211; Journ\u00e9e Barrande","datePublished":"2025-09-30T13:26:07+00:00","dateModified":"2025-10-02T13:55:39+00:00","mainEntityOfPage":{"@id":"http:\/\/www.semen-l.org\/?p=4060"},"wordCount":256,"commentCount":0,"publisher":{"@id":"http:\/\/www.semen-l.org\/#organization"},"image":{"@id":"http:\/\/www.semen-l.org\/?p=4060#primaryimage"},"thumbnailUrl":"https:\/\/www.semen-l.org\/wp-content\/uploads\/2025\/10\/barrande-souverains-cover.jpg","keywords":["Ba\u00eff (Jean-Antoine de)","biographie","Boh\u00eame","Charles IX","diplomatie","Dorat (Jean)","Ferdinand II (empereur)","France","Fr\u00e9d\u00e9ric V du Palatinat","genre (gender)","hagiographie","Henri II (France)","historiographie","Masson (Jean Papire)","Maximilien II (empereur)","noblesse","ordre des c\u00e9lestins","po\u00e9sie","po\u00e9sie fun\u00e8bre","politique","portrait","Prague","rh\u00e9torique","Rodolphe II","Su\u00e9tone"],"articleSection":["Colloques"],"inLanguage":"fr-FR","potentialAction":[{"@type":"CommentAction","name":"Comment","target":["http:\/\/www.semen-l.org\/?p=4060#respond"]}]},{"@type":"WebPage","@id":"http:\/\/www.semen-l.org\/?p=4060","url":"http:\/\/www.semen-l.org\/?p=4060","name":"Workshop journ\u00e9e Barrande - souverains France et Boh\u00eame","isPartOf":{"@id":"http:\/\/www.semen-l.org\/#website"},"primaryImageOfPage":{"@id":"http:\/\/www.semen-l.org\/?p=4060#primaryimage"},"image":{"@id":"http:\/\/www.semen-l.org\/?p=4060#primaryimage"},"thumbnailUrl":"https:\/\/www.semen-l.org\/wp-content\/uploads\/2025\/10\/barrande-souverains-cover.jpg","datePublished":"2025-09-30T13:26:07+00:00","dateModified":"2025-10-02T13:55:39+00:00","description":"Workshop journ\u00e9e Barrande sur les repr\u00e9sentations des souverains de France et de Boh\u00eame au d\u00e9but de l'\u00e9poque moderne","breadcrumb":{"@id":"http:\/\/www.semen-l.org\/?p=4060#breadcrumb"},"inLanguage":"fr-FR","potentialAction":[{"@type":"ReadAction","target":["http:\/\/www.semen-l.org\/?p=4060"]}]},{"@type":"ImageObject","inLanguage":"fr-FR","@id":"http:\/\/www.semen-l.org\/?p=4060#primaryimage","url":"https:\/\/www.semen-l.org\/wp-content\/uploads\/2025\/10\/barrande-souverains-cover.jpg","contentUrl":"https:\/\/www.semen-l.org\/wp-content\/uploads\/2025\/10\/barrande-souverains-cover.jpg","width":680,"height":400},{"@type":"BreadcrumbList","@id":"http:\/\/www.semen-l.org\/?p=4060#breadcrumb","itemListElement":[{"@type":"ListItem","position":1,"name":"Accueil","item":"http:\/\/www.semen-l.org\/"},{"@type":"ListItem","position":2,"name":"\u00ab\u00a0Early Modern Representations of the Sovereigns of France and Bohemia: Genre, Language, and Confessional Politics\u00a0\u00bb &#8211; Journ\u00e9e Barrande"}]},{"@type":"WebSite","@id":"http:\/\/www.semen-l.org\/#website","url":"http:\/\/www.semen-l.org\/","name":"Soci\u00e9t\u00e9 d'\u00c9tudes M\u00e9dio Et N\u00e9o-Latines","description":"","publisher":{"@id":"http:\/\/www.semen-l.org\/#organization"},"potentialAction":[{"@type":"SearchAction","target":{"@type":"EntryPoint","urlTemplate":"http:\/\/www.semen-l.org\/?s={search_term_string}"},"query-input":{"@type":"PropertyValueSpecification","valueRequired":true,"valueName":"search_term_string"}}],"inLanguage":"fr-FR"},{"@type":"Organization","@id":"http:\/\/www.semen-l.org\/#organization","name":"Soci\u00e9t\u00e9 d'\u00e9tudes m\u00e9dio et n\u00e9o-latines","url":"http:\/\/www.semen-l.org\/","logo":{"@type":"ImageObject","inLanguage":"fr-FR","@id":"http:\/\/www.semen-l.org\/#\/schema\/logo\/image\/","url":"http:\/\/www.semen-l.org\/wp-content\/uploads\/2020\/11\/logo-semenl.jpg","contentUrl":"http:\/\/www.semen-l.org\/wp-content\/uploads\/2020\/11\/logo-semenl.jpg","width":408,"height":403,"caption":"Soci\u00e9t\u00e9 d'\u00e9tudes m\u00e9dio et n\u00e9o-latines"},"image":{"@id":"http:\/\/www.semen-l.org\/#\/schema\/logo\/image\/"},"sameAs":["https:\/\/www.facebook.com\/SEMENL2018","https:\/\/independent.academia.edu\/SocitsdtudesmdioetnolatinesSEMENL"]},{"@type":"Person","@id":"http:\/\/www.semen-l.org\/#\/schema\/person\/ef5208815f17666727763c5363a51344","name":"Julien Maudoux","image":{"@type":"ImageObject","inLanguage":"fr-FR","@id":"https:\/\/secure.gravatar.com\/avatar\/caabf4fb6242e2277733cd35a5c2aa083761ea25dae1d1ff3298b54292225292?s=96&d=mm&r=g","url":"https:\/\/secure.gravatar.com\/avatar\/caabf4fb6242e2277733cd35a5c2aa083761ea25dae1d1ff3298b54292225292?s=96&d=mm&r=g","contentUrl":"https:\/\/secure.gravatar.com\/avatar\/caabf4fb6242e2277733cd35a5c2aa083761ea25dae1d1ff3298b54292225292?s=96&d=mm&r=g","caption":"Julien Maudoux"},"description":"Webmestre du site de la SEMEN-L","url":"https:\/\/www.semen-l.org\/?author=26"}]}},"jetpack_featured_media_url":"https:\/\/www.semen-l.org\/wp-content\/uploads\/2025\/10\/barrande-souverains-cover.jpg","_links":{"self":[{"href":"https:\/\/www.semen-l.org\/index.php?rest_route=\/wp\/v2\/posts\/4060","targetHints":{"allow":["GET"]}}],"collection":[{"href":"https:\/\/www.semen-l.org\/index.php?rest_route=\/wp\/v2\/posts"}],"about":[{"href":"https:\/\/www.semen-l.org\/index.php?rest_route=\/wp\/v2\/types\/post"}],"author":[{"embeddable":true,"href":"https:\/\/www.semen-l.org\/index.php?rest_route=\/wp\/v2\/users\/26"}],"replies":[{"embeddable":true,"href":"https:\/\/www.semen-l.org\/index.php?rest_route=%2Fwp%2Fv2%2Fcomments&post=4060"}],"version-history":[{"count":0,"href":"https:\/\/www.semen-l.org\/index.php?rest_route=\/wp\/v2\/posts\/4060\/revisions"}],"wp:featuredmedia":[{"embeddable":true,"href":"https:\/\/www.semen-l.org\/index.php?rest_route=\/wp\/v2\/media\/4063"}],"wp:attachment":[{"href":"https:\/\/www.semen-l.org\/index.php?rest_route=%2Fwp%2Fv2%2Fmedia&parent=4060"}],"wp:term":[{"taxonomy":"category","embeddable":true,"href":"https:\/\/www.semen-l.org\/index.php?rest_route=%2Fwp%2Fv2%2Fcategories&post=4060"},{"taxonomy":"post_tag","embeddable":true,"href":"https:\/\/www.semen-l.org\/index.php?rest_route=%2Fwp%2Fv2%2Ftags&post=4060"}],"curies":[{"name":"wp","href":"https:\/\/api.w.org\/{rel}","templated":true}]}}