{"id":4046,"date":"2025-08-01T13:14:48","date_gmt":"2025-08-01T13:14:48","guid":{"rendered":"https:\/\/www.semen-l.org\/?p=4046"},"modified":"2025-08-01T13:18:22","modified_gmt":"2025-08-01T13:18:22","slug":"poesis-et-ars-historica-au-moyen-age-et-a-la-renaissance-en-france-et-en-italie-colloque-cesr-tours-4-5-juin-2026","status":"publish","type":"post","link":"https:\/\/www.semen-l.org\/?p=4046","title":{"rendered":"Poesis et ars historica au Moyen-\u00c2ge et \u00e0 la Renaissance, en France et en Italie. Colloque CESR \u2013 Tours \u2013 4-5 juin 2026"},"content":{"rendered":"<p><a href=\"https:\/\/cesr.univ-tours.fr\/centre-detudes-superieures-de-la-renaissance\/\"><img decoding=\"async\" class=\"alignright size-medium wp-image-4050\" src=\"http:\/\/www.semen-l.org\/wp-content\/uploads\/2025\/08\/cesr-cov-300x119.jpg\" alt=\"\" width=\"300\" height=\"119\" srcset=\"https:\/\/www.semen-l.org\/wp-content\/uploads\/2025\/08\/cesr-cov-300x119.jpg 300w, https:\/\/www.semen-l.org\/wp-content\/uploads\/2025\/08\/cesr-cov-200x79.jpg 200w, https:\/\/www.semen-l.org\/wp-content\/uploads\/2025\/08\/cesr-cov.jpg 312w\" sizes=\"(max-width: 300px) 100vw, 300px\" \/><\/a>La SEMEN-L a le plaisir de transmettre cet appel \u00e0 communication du CESR de Tours.<\/p>\n<h2>Argument<\/h2>\n<p>Nous nous proposons de mettre en regard la mani\u00e8re dont la po\u00e9sie et l\u2019histoire affirment leur autonomie respective au Moyen-\u00c2ge et \u00e0 la Renaissance (jusqu\u2019au XVIe si\u00e8cle inclus), notamment quand elles dialoguent ou s\u2019opposent. Les deux aires concern\u00e9es sont la France et l\u2019Italie. Apr\u00e8s un premier colloque en France, \u00e0 Tours, les 4 et 5 juin 2026, nous comptons organiser un deuxi\u00e8me colloque \u00e0 Mod\u00e8ne en 2027.<\/p>\n<p>Les propositions de communication entreront pleinement dans le sujet lorsqu\u2019elles se pencheront sur le domaine italien et le domaine fran\u00e7ais \u00e0 la fois, ou quand elles articuleront la th\u00e9orie de la po\u00e9sie et la th\u00e9orie de l\u2019histoire. Mais elles peuvent aussi ne porter que sur une seule aire (France ou Italie), et ne concerner que la litt\u00e9rature, ou que l\u2019histoire. Dans ce dernier cas, cependant, il importe que l\u2019aspect th\u00e9orique soit central : l\u2019\u00e9tude d\u2019un corpus litt\u00e9raire doit s\u2019accompagner d\u2019une r\u00e9flexion sur l\u2019<em>ars poetica <\/em>(en s\u2019appuyant si possible sur les d\u00e9clarations explicites des auteurs), tout comme l\u2019analyse d\u2019un corpus historiographique devra s\u2019accompagner d\u2019une r\u00e9flexion sur l\u2019<em>ars historica<\/em>.<\/p>\n<p>Les textes en latin ou en grec pourront \u00eatre \u00e9tudi\u00e9s aussi bien que ceux en langue vernaculaire, mais les citations en latin ou en grec devront \u00eatre traduites. Les communications se feront en fran\u00e7ais, \u00e0 l\u2019exception de quelques-unes, qui pourraient se faire en italien. En effet, les communications en italien pourront \u00eatre r\u00e9serv\u00e9es au colloque de 2027.<\/p>\n<h2>Propositions (modalit\u00e9s)<\/h2>\n<p>Les propositions de communications (400 mots maximum), accompagn\u00e9es d\u2019une br\u00e8ve pr\u00e9sentation de l\u2019auteur (300 mots maximum) et d\u2019une liste de publications et de communications (20 r\u00e9f\u00e9rences maximum), doivent \u00eatre envoy\u00e9es au plus tard le <strong>samedi 11 octobre 2025<\/strong>.<\/p>\n<p>Elles seront adress\u00e9es \u00e0 :<\/p>\n<p>-Etienne Boillet, universit\u00e9 de Poitiers, FoReLLIS (en d\u00e9l\u00e9gation au CESR) \u2013 <a href=\"mailto:etienne.boillet@univ-poitiers.fr\">etienne.boillet at univ-poitiers.fr<\/a><\/p>\n<p>-Soizic Escurignan, universit\u00e9 de Poitiers, CESCM \u2013 <a href=\"mailto:soizic.escurignan@univ-poitiers.fr\">soizic.escurignan at univ-poitiers.fr<\/a><\/p>\n<p>-Sabrina Ferrara, universit\u00e9 de Tours, CESR \u2013 <a href=\"mailto:sabrina.ferrara@univ-tours.fr\">sabrina.ferrara at univ-tours.fr<\/a><\/p>\n<p>-Elisabetta Menetti, universit\u00e9 de Mod\u00e8ne \u2013 <a href=\"mailto:elisabetta.menetti@unimore.it\">elisabetta.menetti at unimore.it<\/a> On indiquera :<\/p>\n<p>Langue(s) possible(s) : Langue de pr\u00e9f\u00e9rence :<\/p>\n<h1>Comit\u00e9 scientifique<\/h1>\n<p>Etienne Boillet, universit\u00e9 de Poitiers Soizic Escurignan, universit\u00e9 de Poitiers Luca Gatti, universit\u00e9 de Pavie<\/p>\n<p>Sabrina Ferrara, universit\u00e9 de Tours<\/p>\n<p>Francis Gingras, universit\u00e9 de Montr\u00e9al Elisabetta Menetti, universit\u00e9 de Mod\u00e8ne<\/p>\n<p>Matteo Residori, universit\u00e9 de Paris Sorbonne-Nouvelle.<\/p>\n<h2>Pistes de r\u00e9flexion<\/h2>\n<p>Au Bas Moyen-\u00c2ge, la po\u00e9sie doit faire face aux accusations de mensonge que lui ont adress\u00e9es les P\u00e8res de l\u2019Eglise, puis qu\u2019ont relay\u00e9es les po\u00e8tes chr\u00e9tiens de la fin de l\u2019Antiquit\u00e9 ou du Haut Moyen-\u00c2ge (Deproost, 1998), et dont t\u00e9moigne encore l\u2019illustration embl\u00e9matique du <em>Jardin des D\u00e9lices <\/em>d\u2019Herrade de Landsberg (Stella, 2011). Cependant, dans le m\u00eame temps, les grands po\u00e8tes classiques \u2013 Hom\u00e8re, Virgile, Ovide\u2026 \u2013 n\u2019ont pas cess\u00e9 d\u2019\u00eatre admir\u00e9s et leur \u00e9tude, par le biais de la grammaire et de la rh\u00e9torique, est rest\u00e9e au c\u0153ur de la culture des lettr\u00e9s (Curtius [1948] ; Deproost, 1998). Se rattachant \u00e0 cette tradition valorisant la po\u00e9sie, Dante, P\u00e9trarque et Boccace exaltent les grands \u00e9crivains de l\u2019Antiquit\u00e9 tout en incarnant une gloire qui n\u2019est plus r\u00e9serv\u00e9e aux seuls auteurs antiques, tandis qu\u2019apparaissent des \u00e9loges de la po\u00e9sie (chez Dante, P\u00e9trarque, Albertino da Mussato ou Boccace) reposant, d\u2019une part, sur l\u2019id\u00e9e de figuration all\u00e9gorique, et, d\u2019autre part, sur l\u2019image du po\u00e8te saisi d\u2019une inspiration divine \u2013 ainsi, au XV<sup>e<\/sup> si\u00e8cle, le <em>furor <\/em>est-il exalt\u00e9 dans le n\u00e9oplatonisme ficiniste (Garin, 1970 ; Mariani Zini, 2014). Mais ne constate-t-on pas un d\u00e9calage entre cette po\u00e9tique et le r\u00e9alisme (ce qu\u2019Auerbach subsume sous le nom de <em>mimesis<\/em>) d\u2019\u0153uvres comme les nouvelles de Boccace ou comme les fabliaux (Gingras, 2018) ? En outre, est-ce seulement la litt\u00e9rature (la \u00ab po\u00e9sie \u00bb), ou bien aussi, plus sp\u00e9cifiquement, la fiction, qui se voit d\u00e9finie (Menetti, 2010) ?<\/p>\n<p>En parall\u00e8le de cette l\u00e9gitimation d\u2019une litt\u00e9rature en langue vernaculaire conqu\u00e9rant son autonomie \u00e0 partir du XIVe si\u00e8cle surtout, le champ de l\u2019historiographie se d\u00e9finit aussi au contact des autres disciplines, comme le montre Bernard Guen\u00e9e (1970), en nous invitant \u00e0 rejeter la vision d\u2019un Moyen-\u00c2ge d\u00e9pourvu de \u00ab culture historique \u00bb. Sans constituer l\u2019un des arts lib\u00e9raux, l\u2019histoire, comme la po\u00e9sie, se fait une place \u00e0 l\u2019universit\u00e9 par le biais de la transmission des auteurs antiques dans les cours de grammaire et de rh\u00e9torique. S\u2019adaptant aux exigences morales du christianisme, auquel elle offre un r\u00e9pertoire d\u2019exemples de vertus et de vices, la discipline historique dialogue avec la th\u00e9ologie d\u00e8s les premiers si\u00e8cles du Haut Moyen-\u00c2ge, par exemple chez Cassiodore au VI<sup>e<\/sup> si\u00e8cle, sous la forme d\u2019une histoire universelle trouvant ses origines dans la Bible et son prolongement dans la proph\u00e9tie. Evoluant ainsi au contact de la th\u00e9ologie, du droit, de la science politique, l\u2019histoire poursuit son chemin vers l\u2019autonomie. Dans le sillage de P\u00e9trarque, il s\u2019affirme une historiographie humaniste qui entend aussi s\u2019appuyer sur l\u2019exemple antique pour mettre \u00e0 l\u2019honneur les contemporains : aux XIV<sup>e<\/sup> et XV<sup>e<\/sup> si\u00e8cles, le r\u00e9cit de l\u2019histoire r\u00e9cente est port\u00e9 par la conscience de vivre un nouvel \u00e2ge digne d\u2019\u00eatre c\u00e9l\u00e9br\u00e9 (Gilli, 2016).<\/p>\n<p>Mais cette nouveaut\u00e9 consacre bien un mod\u00e8le h\u00e9rit\u00e9 des Anciens : l\u2019historiographie humaniste, loin d\u2019op\u00e9rer une r\u00e9volution \u00e9pist\u00e9mologique, est une histoire rh\u00e9torique qui se distingue des Annales et qui suit les pr\u00e9ceptes de Quintilien et surtout de Cic\u00e9ron (ou de la <em>Rh\u00e9torique \u00e0 Herennius <\/em>; Regoliosi, 1991). Outre sa fonction laudative r\u00e9pondant aux attentes des commanditaires, sa raison d\u2019\u00eatre est son utilit\u00e9 morale fond\u00e9e sur les exemples des actions et des discours m\u00e9morables, en accord avec les valeurs chr\u00e9tiennes. Ces \u00e9l\u00e9ments nouveaux (la conscience historique humaniste) et traditionnels (le mod\u00e8le rh\u00e9torique d\u2019une histoire <em>opus oratorium <\/em>et <em>magistra vitae<\/em>) sont d\u00e9j\u00e0 pr\u00e9sents dans les \u00e9crits historiques de P\u00e9trarque, notamment le <em>De viris illustribus<\/em>. Comme le remarque Patrick Gilli, dans le discours de son couronnement au Capitole, l\u2019auteur se d\u00e9finit d\u2019ailleurs comme <em>historicus <\/em>et <em>poeta<\/em>, ce qui illustre le rapprochement de deux disciplines partageant un rapport semblable \u00e0 la rh\u00e9torique.<\/p>\n<p>Jusqu\u2019\u00e0 quel point ce rapprochement entre histoire et po\u00e9sie permet-il une v\u00e9ritable distinction ? Certes, Cic\u00e9ron, comme plus tard Lucien de Samosate, fait de la v\u00e9rit\u00e9 le crit\u00e8re distinctif de l\u2019histoire. A l\u2019or\u00e9e de son dialogue <em>De legibus<\/em>, on lit ainsi que l\u2019histoire et la po\u00e9sie n\u2019ob\u00e9issent pas aux m\u00eames r\u00e8gles (Manzoni s\u2019en souvient, citant ces mots en exergue de son essai sur le roman historique). Mais dans ce bref \u00e9change o\u00f9 l\u2019histoire se d\u00e9finit par sa v\u00e9ridicit\u00e9, en opposition \u00e0 la po\u00e9sie, il est \u00e9galement dit qu\u2019H\u00e9rodote et Thucydide ont dit bien des fausset\u00e9s\u2026 On se rappelle aussi qu\u2019\u00e0 l\u2019inverse, bien des si\u00e8cles auparavant, au d\u00e9but de la <em>Th\u00e9ogonie<\/em>, les Muses d\u2019H\u00e9siode disent qu\u2019elles savent non seulement bien mentir mais aussi, parfois, dire la v\u00e9rit\u00e9.<\/p>\n<p>Au Bas Moyen \u00c2ge, dans la p\u00e9riode pr\u00e9c\u00e9dant l\u2019humanisme, cette double appartenance de certains textes au registre po\u00e9tique et historique est un ph\u00e9nom\u00e8ne que l\u2019on observe dans divers romans versifi\u00e9s, et notamment dans le groupe compos\u00e9 par le <em>Roman de Th\u00e8bes<\/em>, le <em>Roman de Troie<\/em>, le <em>Roman d\u2019\u00c9n\u00e9as <\/em>et le <em>Roman de Brut<\/em>, \u00e9crits entre 1150 et 1170, dans un milieu li\u00e9 \u00e0 la cour d\u2019Henri II Plantagen\u00eat et d\u2019Ali\u00e9nor d\u2019Aquitaine. Fond\u00e9s sur des sources antiques consid\u00e9r\u00e9es comme historiques, ces r\u00e9cits reconstruisent une g\u00e9n\u00e9alogie mythique de l\u2019Europe remontant \u00e0 \u0152dipe ou aux h\u00e9ros de Troie, notamment \u00e0 Brutus le Troyen, pr\u00e9sent\u00e9 comme anc\u00eatre des rois d\u2019Angleterre. Combinant tradition et invention, ils anticipent les futures \u00e9pop\u00e9es italiennes et fran\u00e7aises du XVI<sup>e<\/sup> s. (telle que l\u2019inachev\u00e9e <em>Franciade <\/em>de Ronsard), participant d\u2019une forme de roman historique avant la lettre, o\u00f9 fiction, m\u00e9moire politique et l\u00e9gitimation dynastique s\u2019entrelacent.<\/p>\n<p>Dans la p\u00e9riode o\u00f9 s\u2019affirme l\u2019humanisme, les lettr\u00e9s h\u00e9ritent de l\u2019id\u00e9e antique que l\u2019histoire ne dit pas simplement que le vrai, et la po\u00e9sie que le faux, tandis que perdure cette incertitude sur le statut de certains r\u00e9cits. Par ailleurs, l\u2019\u00e9tude de l\u2019<em>ars historica <\/em>humaniste se heurte \u00e0 une limite : aucun des principaux mod\u00e8les antiques n\u2019est constitu\u00e9 par un trait\u00e9 organique, et les humanistes non plus n\u2019en ont pas \u00e9crit (Regoliosi, 1991), aux XIV<sup>e<\/sup> et XV<sup>e<\/sup> si\u00e8cles. On trouve cependant divers textes sur le sujet, tels que la lettre de Guarino de V\u00e9rone \u00e0 son \u00e9l\u00e8ve Tobia Del Borgo, o\u00f9 Mariangela Regoliosi voit l\u2019influence du <em>De historia conscribenda<\/em>, traduction latine de l\u2019essai <em>Comment \u00e9crire l\u2019histoire <\/em>du Grec Lucien de Samosate, le seul livre antique enti\u00e8rement consacr\u00e9 \u00e0 la m\u00e9thode de l\u2019historien. La r\u00e9ception de ce texte constitue encore une piste d\u2019\u00e9tude \u00e0 explorer. Plus tard, l\u2019<em>Actius <\/em>de Giovanni Pontano (paru en 1507, quatre ans apr\u00e8s la mort de l\u2019auteur) contient des \u00e9l\u00e9ments de r\u00e9flexion sur l\u2019\u00e9criture de l\u2019histoire, ou plut\u00f4t une v\u00e9ritable po\u00e9tique du r\u00e9cit historiographique : s\u2019appuyant sur Quintilien (\u00ab [Historia e]st enim proxima poetis, et quodam modo carmen solutum \u00bb), Pontano compare l\u2019histoire \u00e0 de la po\u00e9sie en prose (Monti Saba, 1995 ; Deramaix, 2016). Ceux, parmi les lettr\u00e9s du Quattrocento, qui tiennent le plus l\u2019histoire en haute estime, soutiennent ainsi sa valeur litt\u00e9raire, mais aussi sa sup\u00e9riorit\u00e9 gnos\u00e9ologique, comme le fait Lorenzo Valla (Garin, 1970 ; Gilli, 2016).<\/p>\n<p>Enfin, le XVI<sup>e<\/sup> est un si\u00e8cle de rupture pour le sujet qui nous occupe. Du c\u00f4t\u00e9 de l\u2019histoire, dans le sillage des \u00e9crits historiques de Machiavel et de Guichardin (Fournel et Zancarini, 2012 ; Fournel, 2020), et peu apr\u00e8s le <em>Dialogo della historia <\/em>(1542) de Sperone Speroni, le trait\u00e9 de Francesco Robortello (par ailleurs traducteur de la <em>Po\u00e9tique<\/em>), <em>De historica facultate <\/em>(1548), inaugure une vogue des trait\u00e9s modernes en langue vernaculaire sur l\u2019histoire, en Italie comme en France, aux XVI<sup>e<\/sup> et XVII<sup>e<\/sup> si\u00e8cles (Claire, 2015). Comment se reconfigure alors la place du trait\u00e9 de Lucien par rapport \u00e0 Cic\u00e9ron et aux autres sources du discours m\u00e9tahistorique ? Comment la r\u00e9flexion sur l\u2019historiographie se nourrit des r\u00e9centes pratiques humanistes de l\u2019histoire ? Et quel dialogue se noue avec les \u0153uvres fictionnelles ?<\/p>\n<p>Mais c\u2019est en mati\u00e8re de po\u00e9tique que se met en place un v\u00e9ritable changement de paradigme. On sait l\u2019influence majeure qu\u2019a exerc\u00e9e la <em>Po\u00e9tique <\/em>d\u2019Aristote sur la mani\u00e8re dont on pense que la fiction, a priori d\u00e9pr\u00e9ci\u00e9e par la condamnation platonicienne de la <em>mimesis<\/em>, est capable d\u2019exprimer une certaine v\u00e9rit\u00e9 (Schaeffer, 1999 ; Guastini, 2003). Le c\u00e9l\u00e8bre <em>incipit <\/em>du chapitre IX dispose m\u00eame les \u00e9l\u00e9ments permettant de soutenir que la po\u00e9sie expose une forme sup\u00e9rieure de v\u00e9rit\u00e9 par rapport \u00e0 l\u2019histoire. Cependant, cette influence ne s\u2019exerce vraiment qu\u2019apr\u00e8s la nouvelle traduction latine de Giorgio Valla 1498, et surtout apr\u00e8s les nombreuses traductions et les commentaires qui, se succ\u00e9dant dans l\u2019Italie du XVI<sup>e<\/sup> si\u00e8cle (Duprat, 2007 ; Zanin, 2012), formeront le terreau propice aux r\u00e9flexions de Torquato Tasso dans ses <em>Discours <\/em>(Graziani, 1997 ; Girardi, 2023). Comment s\u2019articule la th\u00e9orie aristot\u00e9licienne du po\u00e8me \u00e9pique comme repr\u00e9sentation vraisemblable avec les \u00e9loges pr\u00e9c\u00e9dents de la po\u00e9sie ? Jusqu\u2019\u00e0 quel point la sup\u00e9riorit\u00e9 de la v\u00e9rit\u00e9 po\u00e9tique, par rapport \u00e0 la v\u00e9rit\u00e9 de l\u2019historien, est-elle revendiqu\u00e9e ? Et comment \u00e9volue le dialogue entre la th\u00e9orie de l\u2019histoire et cette nouvelle th\u00e9orie de la fiction ?<\/p>\n<h2>El\u00e9ments bibliographiques<\/h2>\n<p>BRUNI Raoul (2010), <em>Il divino entusiasmo dei poeti : storia di un topos<\/em>, Torino, Aragno.<\/p>\n<p>CLAIRE Lucie (2015) \u00ab <em>De ratione scribendae historiae <\/em>: mod\u00e8les et contre-mod\u00e8les antiques selon Famiano Strada \u00bb, in <em>Rh\u00e9torique, po\u00e9tique et stylistique<\/em>, in Dani\u00e8le James-Raoul et Anne Bouscharain (dir.), Presses Universitaires de Bordeaux, 2015, p. 119-129.<\/p>\n<p>CURTIUS Ernst Robert (2022 [1948]), <em>Letteratura europea e Medio Evo latino<\/em>, a cura di Roberto Antonelli, trad. di Anna Luttazzo e Mercurio Candela, Macerata, Quodlibet (\u00e9dition fran\u00e7aise : <em>La litt\u00e9rature europ\u00e9enne et le Moyen Age latin<\/em>, traduit par Jean Br\u00e9joux, pr\u00e9face de Alain Michel, Paris, Presses universitaires de France, 1991).<\/p>\n<p>DEPROOST Paul-Augustin (1998), Ficta et facta<em>. La condamnation du \u2018mensonge des po\u00e8tes\u2019 dans la po\u00e9sie latine chr\u00e9tienne<\/em>, in \u00ab Revue d\u2019Etudes Augustiniennes Et Patristiques \u00bb, vol. 44, n\u00b0 1, p. 101-122.<\/p>\n<p>DERAMAIX Marc, \u00ab L\u2019unit\u00e9 de la langue latine d\u2019art : la nature po\u00e9tique de la prose historique dans l\u2019<em>Actius <\/em>de Pontano \u00bb, conf\u00e9rence film\u00e9e au colloque Consulendae sunt aures. <em>Rh\u00e9torique et langue latine d\u2019art \u00e0 la Renaissance : Pontano, Sannazar et l\u2019acad\u00e9mie napolitaine<\/em>, universit\u00e9 de Rouen, 2016, URL : <a href=\"https:\/\/webtv.univ-rouen.fr\/videos\/07-04-16-084402consulendae-sunt-aures-rhetorique-et-langue-latine-dart-a-la-renaissance-pontano-sannazard-et-lacademie-napolitaine-partie-3\/\">https:\/\/webtv.univ-rouen.fr\/videos\/07-04-16-<\/a> <a href=\"https:\/\/webtv.univ-rouen.fr\/videos\/07-04-16-084402consulendae-sunt-aures-rhetorique-et-langue-latine-dart-a-la-renaissance-pontano-sannazard-et-lacademie-napolitaine-partie-3\/\">084402consulendae-sunt-aures-rhetorique-et-langue-latine-dart-a-la-renaissance-pontano-<\/a><a href=\"https:\/\/webtv.univ-rouen.fr\/videos\/07-04-16-084402consulendae-sunt-aures-rhetorique-et-langue-latine-dart-a-la-renaissance-pontano-sannazard-et-lacademie-napolitaine-partie-3\/\">sannazard-et-lacademie-napolitaine-partie-3\/.<\/a><\/p>\n<p>DUPRAT Anne (2009), <em>Vraisemblances : Po\u00e9tiques et th\u00e9orie de la fiction, du Cinquecento \u00e0 Jean Chapelain, 1500-1670<\/em>, Honor\u00e9 Champion.<\/p>\n<p>FOURNEL Jean-Louis (2020), <em>L\u2019\u00e9criture de la catastrophe dans l\u2019Italie en guerre (1494-1559)<\/em><\/p>\n<p><em>: une histoire europ\u00e9enne<\/em>, \u00ab Cahiers de recherches m\u00e9di\u00e9vales et humanistes \u00bb, 2020, n\u00b0 38 (2019-2), p. 23-45. URL: <a href=\"https:\/\/classiques-garnier.com\/cahiers-de-recherches-medievales-et-humanistes-journal-of-medieval-and-humanistic-studies-2019-2-n-38-varia-l-ecriture-de-la-catastrophe-dans-l-italie-en-guerre-1494-1559.html\">https:\/\/classiques-garnier.com\/cahiers-de-recherches-medievales-et-<\/a> <a href=\"https:\/\/classiques-garnier.com\/cahiers-de-recherches-medievales-et-humanistes-journal-of-medieval-and-humanistic-studies-2019-2-n-38-varia-l-ecriture-de-la-catastrophe-dans-l-italie-en-guerre-1494-1559.html\">humanistes-journal-of-medieval-and-humanistic-studies-2019-2-n-38-varia-l-ecriture-de-la-<\/a> <a href=\"https:\/\/classiques-garnier.com\/cahiers-de-recherches-medievales-et-humanistes-journal-of-medieval-and-humanistic-studies-2019-2-n-38-varia-l-ecriture-de-la-catastrophe-dans-l-italie-en-guerre-1494-1559.html\">catastrophe-dans-l-italie-en-guerre-1494-1559.html<\/a>.<\/p>\n<p>FOURNEL Jean-Louis et ZANCARINI Jean-Claude (2012), \u00ab Come scrivere la storia delle guerre d&rsquo;Italia ? \u00bb, in Claudia Berra, Anna Maria Cabrini (dir.), <em>La Storia d&rsquo;Italia di Guicciardini e la sua fortuna<\/em>, Milano, Cisalpino, p.181-219. URL: <a href=\"https:\/\/shs.hal.science\/halshs-00745788\">https:\/\/shs.hal.science\/halshs-00745788<\/a>.<\/p>\n<p>GUEN\u00c9E Bernard (1980), <em>Histoire et culture historique dans l\u2019Occident m\u00e9di\u00e9val<\/em>, Paris, Aubier- Montaigne.<\/p>\n<p>FUBINI Riccardo (2007) <em>L\u2019Umanesimo italiano. Problemi e studi di ieri e di oggi<\/em>, in \u00ab Studi Francesi \u00bb, n\u00b0 153, p. 504-525.<\/p>\n<p>GARIN, Eugenio, <em>L\u2019umanesimo italiano : filosofia e vita civile nel Rinascimento<\/em>, Roma, Laterza, 1970.<\/p>\n<p>GILLI Patrick (2016), <em>La m\u00e9thodologie historiographique des humanistes italiens du XV<sup>e<\/sup> si\u00e8cle<\/em>, in \u00ab Cahiers de recherches m\u00e9di\u00e9vales et humanistes \u00bb, n\u00b0 31, URL : <a href=\"http:\/\/journals.openedition.org\/crmh\/14039\">http:\/\/journals.openedition.org\/crmh\/14039<\/a>.<\/p>\n<p>GINGRAS Francis (2018), <em>Fabuler et dire vrai : les r\u00e9alismes et l\u2019histoire des genres narratifs au Moyen \u00c2ge<\/em>, in \u00ab Cahiers ReMix \u00bb, n\u00b0 7 : <em>Repenser le r\u00e9alisme<\/em>, Claudia Bouliane et Bernab\u00e9 Wesley (dir.), URL : <a href=\"https:\/\/oic.uqam.ca\/publications\/article\/fabuler-et-dire-vrai-les-realismes-et-lhistoire-des-genres-narratifs-au-moyen-age\">https:\/\/oic.uqam.ca\/publications\/article\/fabuler-et-dire-vrai-les-realismes-<\/a> <a href=\"https:\/\/oic.uqam.ca\/publications\/article\/fabuler-et-dire-vrai-les-realismes-et-lhistoire-des-genres-narratifs-au-moyen-age\">et-lhistoire-des-genres-narratifs-au-moyen-age.<\/a><\/p>\n<p>GIRARDI, Maria Teresa (2023). \u00ab Tasso teorico : i due tempi dei \u201cDiscorsi\u201d \u00bb, In <em>Tasso<\/em>, a cura di Emilio Russo e Franco Tomasi, Roma, Carocci, p. 99-121.<\/p>\n<p>GUASTINI Daniele (2003), <em>Prima dell\u2019estetica : poetica e filosofia nell\u2019antichit\u00e0<\/em>, Roma\/Bari, Laterza.<\/p>\n<p>GRAZIANI Fran\u00e7oise (1997), \u00ab Introduction \u00bb \u00e0 Le Tasse, <em>Discours de l&rsquo;art po\u00e9tique <\/em>; <em>Discours du po\u00e8me h\u00e9ro\u00efque<\/em>, traduit et comment\u00e9 par EAD., Paris, Aubier, p. 9-50.<\/p>\n<p>MARIANI ZINI Fosca, <em>La pens\u00e9e de Ficin : Itin\u00e9raires n\u00e9oplatoniciens<\/em>, Paris, Vrin, 2014.<\/p>\n<p>MONTI SABA Liliana, <em>Pontano e la storia. Dal <\/em>De bello Napoletano <em>all\u2019<\/em>Actius, Roma, Bulzoni, 1995.<\/p>\n<p>REGOLIOSI\u00a0\u00a0\u00a0\u00a0 Mariangela\u00a0\u00a0\u00a0\u00a0 (1991),\u00a0\u00a0\u00a0\u00a0 <em>Riflessioni\u00a0\u00a0\u00a0\u00a0 umanistiche\u00a0\u00a0\u00a0\u00a0 sullo\u00a0\u00a0\u00a0\u00a0 scrivere\u00a0\u00a0\u00a0 storia<\/em>,\u00a0\u00a0\u00a0\u00a0 in \u00ab Rinascimento \u00bb, n\u00b0 31, p. 3-37.<\/p>\n<p>STELLA Francesco (2010), \u00ab Th\u00e9ologie de la po\u00e9sie entre Scolastique et Humanisme \u00bb, in <em>Poetry, Bible and Theology from Late Antiquity to the Middle Ages<\/em>, p. 473-494 (et maintenant :<a href=\"https:\/\/www.researchgate.net\/publication\/355356795_Theologie_de_la_poesie_entre_Scolastique_et_Humanisme_Le_statut_de_la_poesie_biblique\"> https:\/\/www.researchgate.net\/publication\/355356795_Theologie_de_la_poesie_entre_Scolasti<\/a> <a href=\"https:\/\/www.researchgate.net\/publication\/355356795_Theologie_de_la_poesie_entre_Scolastique_et_Humanisme_Le_statut_de_la_poesie_biblique\">que_et_Humanisme_Le_statut_de_la_poesie_biblique<\/a>).<\/p>\n<p>SCHAEFFER Jean-Marie (1999), <em>Pourquoi la fiction ?<\/em>, Paris, Seuil.<\/p>\n<p>ZANIN Enrica (2012), <em>Les commentaires modernes de la <\/em>Po\u00e9tique <em>d\u2019Aristote<\/em>, in \u00ab \u00c9tudes litt\u00e9raires \u00bb, n\u00b0 43(2), p. 55\u201383, URL : <a href=\"https:\/\/doi.org\/10.7202\/1014725ar\">https:\/\/doi.org\/10.7202\/1014725ar.<\/a><\/p>\n<p>*<\/p>\n<p>Veuillez cliquer ici pour t\u00e9l\u00e9charger <a href=\"http:\/\/www.semen-l.org\/wp-content\/uploads\/2025\/08\/Colloque-CESR-2026-Poesis-.pdf\">l&rsquo;appel \u00e0 communication<\/a>.<\/p>\n<a href=\"https:\/\/www.semen-l.org\/wp-content\/uploads\/2025\/08\/Colloque-CESR-2026-Poesis-.pdf\" class=\"pdfemb-viewer\" style=\"\" data-width=\"max\" data-height=\"max\" data-toolbar=\"both\" data-toolbar-fixed=\"off\">Colloque CESR 2026 Poesis<\/a>\n","protected":false},"excerpt":{"rendered":"<p>La SEMEN-L a le plaisir de transmettre cet appel \u00e0 communication du CESR de Tours. Argument Nous nous proposons de mettre en regard la mani\u00e8re dont la po\u00e9sie et l\u2019histoire affirment leur autonomie respective au Moyen-\u00c2ge et \u00e0 la Renaissance &hellip; <a href=\"https:\/\/www.semen-l.org\/?p=4046\">Continuer la lecture <span class=\"meta-nav\">&rarr;<\/span><\/a><\/p>\n","protected":false},"author":26,"featured_media":4051,"comment_status":"open","ping_status":"open","sticky":false,"template":"","format":"standard","meta":{"footnotes":""},"categories":[4],"tags":[1609,1358,331,477,2535,2537,1805,309,1303,1294,1891,2536,1187,1842,144,1349,34,97,387,16,26,36,803,78,43,1256,2008,1275,80],"class_list":["post-4046","post","type-post","status-publish","format-standard","has-post-thumbnail","hentry","category-colloques","tag-actius-pontano","tag-annales-tacite","tag-art-poetique","tag-cassiodore","tag-de-historia-conscribenda","tag-de-historica-facultate-francesco-robortello","tag-de-viris-petrarque","tag-ficin-marsile","tag-fiction","tag-france","tag-guarino-de-verone","tag-guichardin-francois","tag-histoire","tag-historiographie","tag-humanisme","tag-italie","tag-lucien-de-samosate","tag-machiavel","tag-mimesis","tag-petrarque","tag-poesie","tag-giovanni-pontano","tag-prose","tag-quintilien","tag-rhetorique","tag-robortello-francesco","tag-roman-de-thebes","tag-tours","tag-lorenzo-valla"],"yoast_head":"<!-- This site is optimized with the Yoast SEO plugin v27.5 - https:\/\/yoast.com\/product\/yoast-seo-wordpress\/ -->\n<title>Appel \u00e0 communication pour un colloque sur poesis et ars historica<\/title>\n<meta name=\"description\" content=\"Appel \u00e0 communication pour un colloque sur poesis et ars historica au Moyen \u00c2ge et \u00e0 l&#039;\u00e9poque moderne en m\u00e9diolatin et n\u00e9olatin\" \/>\n<meta name=\"robots\" content=\"index, follow, max-snippet:-1, max-image-preview:large, max-video-preview:-1\" \/>\n<link rel=\"canonical\" href=\"https:\/\/www.semen-l.org\/?p=4046\" \/>\n<meta property=\"og:locale\" content=\"fr_FR\" \/>\n<meta property=\"og:type\" content=\"article\" \/>\n<meta property=\"og:title\" content=\"Appel \u00e0 communication pour un colloque sur poesis et ars historica\" \/>\n<meta property=\"og:description\" content=\"Appel \u00e0 communication pour un colloque sur poesis et ars historica au Moyen \u00c2ge et \u00e0 l&#039;\u00e9poque moderne en m\u00e9diolatin et n\u00e9olatin\" \/>\n<meta property=\"og:url\" content=\"https:\/\/www.semen-l.org\/?p=4046\" \/>\n<meta property=\"og:site_name\" content=\"Soci\u00e9t\u00e9 d&#039;\u00c9tudes M\u00e9dio Et N\u00e9o-Latines\" \/>\n<meta property=\"article:publisher\" content=\"https:\/\/www.facebook.com\/SEMENL2018\" \/>\n<meta property=\"article:published_time\" content=\"2025-08-01T13:14:48+00:00\" \/>\n<meta property=\"article:modified_time\" content=\"2025-08-01T13:18:22+00:00\" \/>\n<meta property=\"og:image\" content=\"https:\/\/www.semen-l.org\/wp-content\/uploads\/2025\/08\/cesr-cov2.jpg\" \/>\n\t<meta property=\"og:image:width\" content=\"312\" \/>\n\t<meta property=\"og:image:height\" content=\"223\" \/>\n\t<meta property=\"og:image:type\" content=\"image\/jpeg\" \/>\n<meta name=\"author\" content=\"Julien Maudoux\" \/>\n<meta name=\"twitter:card\" content=\"summary_large_image\" \/>\n<meta name=\"twitter:label1\" content=\"\u00c9crit par\" \/>\n\t<meta name=\"twitter:data1\" content=\"Julien Maudoux\" \/>\n\t<meta name=\"twitter:label2\" content=\"Dur\u00e9e de lecture estim\u00e9e\" \/>\n\t<meta name=\"twitter:data2\" content=\"13 minutes\" \/>\n<script type=\"application\/ld+json\" class=\"yoast-schema-graph\">{\"@context\":\"https:\\\/\\\/schema.org\",\"@graph\":[{\"@type\":\"Article\",\"@id\":\"https:\\\/\\\/www.semen-l.org\\\/?p=4046#article\",\"isPartOf\":{\"@id\":\"https:\\\/\\\/www.semen-l.org\\\/?p=4046\"},\"author\":{\"name\":\"Julien Maudoux\",\"@id\":\"http:\\\/\\\/www.semen-l.org\\\/#\\\/schema\\\/person\\\/ef5208815f17666727763c5363a51344\"},\"headline\":\"Poesis et ars historica au Moyen-\u00c2ge et \u00e0 la Renaissance, en France et en Italie. Colloque CESR \u2013 Tours \u2013 4-5 juin 2026\",\"datePublished\":\"2025-08-01T13:14:48+00:00\",\"dateModified\":\"2025-08-01T13:18:22+00:00\",\"mainEntityOfPage\":{\"@id\":\"https:\\\/\\\/www.semen-l.org\\\/?p=4046\"},\"wordCount\":2718,\"commentCount\":0,\"publisher\":{\"@id\":\"http:\\\/\\\/www.semen-l.org\\\/#organization\"},\"image\":{\"@id\":\"https:\\\/\\\/www.semen-l.org\\\/?p=4046#primaryimage\"},\"thumbnailUrl\":\"https:\\\/\\\/www.semen-l.org\\\/wp-content\\\/uploads\\\/2025\\\/08\\\/cesr-cov2.jpg\",\"keywords\":[\"Actius (Pontano)\",\"Annales (Tacite)\",\"art po\u00e9tique\",\"Cassiodore\",\"De historia conscribenda\",\"De historica facultate (Francesco Robortello)\",\"De viris (P\u00e9trarque)\",\"Ficin (Marsile)\",\"fiction\",\"France\",\"Guarino (de V\u00e9rone)\",\"Guichardin (Fran\u00e7ois)\",\"histoire\",\"historiographie\",\"humanisme\",\"Italie\",\"Lucien de Samosate\",\"Machiavel (Nicolas)\",\"mimesis\",\"P\u00e9trarque\",\"po\u00e9sie\",\"Pontano (Giovanni)\",\"prose\",\"Quintilien\",\"rh\u00e9torique\",\"Robortello (Francesco)\",\"Roman de Th\u00e8bes\",\"Tours\",\"Valla (Lorenzo)\"],\"articleSection\":[\"Colloques\"],\"inLanguage\":\"fr-FR\",\"potentialAction\":[{\"@type\":\"CommentAction\",\"name\":\"Comment\",\"target\":[\"https:\\\/\\\/www.semen-l.org\\\/?p=4046#respond\"]}]},{\"@type\":\"WebPage\",\"@id\":\"https:\\\/\\\/www.semen-l.org\\\/?p=4046\",\"url\":\"https:\\\/\\\/www.semen-l.org\\\/?p=4046\",\"name\":\"Appel \u00e0 communication pour un colloque sur poesis et ars historica\",\"isPartOf\":{\"@id\":\"http:\\\/\\\/www.semen-l.org\\\/#website\"},\"primaryImageOfPage\":{\"@id\":\"https:\\\/\\\/www.semen-l.org\\\/?p=4046#primaryimage\"},\"image\":{\"@id\":\"https:\\\/\\\/www.semen-l.org\\\/?p=4046#primaryimage\"},\"thumbnailUrl\":\"https:\\\/\\\/www.semen-l.org\\\/wp-content\\\/uploads\\\/2025\\\/08\\\/cesr-cov2.jpg\",\"datePublished\":\"2025-08-01T13:14:48+00:00\",\"dateModified\":\"2025-08-01T13:18:22+00:00\",\"description\":\"Appel \u00e0 communication pour un colloque sur poesis et ars historica au Moyen \u00c2ge et \u00e0 l'\u00e9poque moderne en m\u00e9diolatin et n\u00e9olatin\",\"breadcrumb\":{\"@id\":\"https:\\\/\\\/www.semen-l.org\\\/?p=4046#breadcrumb\"},\"inLanguage\":\"fr-FR\",\"potentialAction\":[{\"@type\":\"ReadAction\",\"target\":[\"https:\\\/\\\/www.semen-l.org\\\/?p=4046\"]}]},{\"@type\":\"ImageObject\",\"inLanguage\":\"fr-FR\",\"@id\":\"https:\\\/\\\/www.semen-l.org\\\/?p=4046#primaryimage\",\"url\":\"https:\\\/\\\/www.semen-l.org\\\/wp-content\\\/uploads\\\/2025\\\/08\\\/cesr-cov2.jpg\",\"contentUrl\":\"https:\\\/\\\/www.semen-l.org\\\/wp-content\\\/uploads\\\/2025\\\/08\\\/cesr-cov2.jpg\",\"width\":312,\"height\":223},{\"@type\":\"BreadcrumbList\",\"@id\":\"https:\\\/\\\/www.semen-l.org\\\/?p=4046#breadcrumb\",\"itemListElement\":[{\"@type\":\"ListItem\",\"position\":1,\"name\":\"Accueil\",\"item\":\"http:\\\/\\\/www.semen-l.org\\\/\"},{\"@type\":\"ListItem\",\"position\":2,\"name\":\"Poesis et ars historica au Moyen-\u00c2ge et \u00e0 la Renaissance, en France et en Italie. Colloque CESR \u2013 Tours \u2013 4-5 juin 2026\"}]},{\"@type\":\"WebSite\",\"@id\":\"http:\\\/\\\/www.semen-l.org\\\/#website\",\"url\":\"http:\\\/\\\/www.semen-l.org\\\/\",\"name\":\"Soci\u00e9t\u00e9 d'\u00c9tudes M\u00e9dio Et N\u00e9o-Latines\",\"description\":\"\",\"publisher\":{\"@id\":\"http:\\\/\\\/www.semen-l.org\\\/#organization\"},\"potentialAction\":[{\"@type\":\"SearchAction\",\"target\":{\"@type\":\"EntryPoint\",\"urlTemplate\":\"http:\\\/\\\/www.semen-l.org\\\/?s={search_term_string}\"},\"query-input\":{\"@type\":\"PropertyValueSpecification\",\"valueRequired\":true,\"valueName\":\"search_term_string\"}}],\"inLanguage\":\"fr-FR\"},{\"@type\":\"Organization\",\"@id\":\"http:\\\/\\\/www.semen-l.org\\\/#organization\",\"name\":\"Soci\u00e9t\u00e9 d'\u00e9tudes m\u00e9dio et n\u00e9o-latines\",\"url\":\"http:\\\/\\\/www.semen-l.org\\\/\",\"logo\":{\"@type\":\"ImageObject\",\"inLanguage\":\"fr-FR\",\"@id\":\"http:\\\/\\\/www.semen-l.org\\\/#\\\/schema\\\/logo\\\/image\\\/\",\"url\":\"http:\\\/\\\/www.semen-l.org\\\/wp-content\\\/uploads\\\/2020\\\/11\\\/logo-semenl.jpg\",\"contentUrl\":\"http:\\\/\\\/www.semen-l.org\\\/wp-content\\\/uploads\\\/2020\\\/11\\\/logo-semenl.jpg\",\"width\":408,\"height\":403,\"caption\":\"Soci\u00e9t\u00e9 d'\u00e9tudes m\u00e9dio et n\u00e9o-latines\"},\"image\":{\"@id\":\"http:\\\/\\\/www.semen-l.org\\\/#\\\/schema\\\/logo\\\/image\\\/\"},\"sameAs\":[\"https:\\\/\\\/www.facebook.com\\\/SEMENL2018\",\"https:\\\/\\\/independent.academia.edu\\\/SocitsdtudesmdioetnolatinesSEMENL\"]},{\"@type\":\"Person\",\"@id\":\"http:\\\/\\\/www.semen-l.org\\\/#\\\/schema\\\/person\\\/ef5208815f17666727763c5363a51344\",\"name\":\"Julien Maudoux\",\"image\":{\"@type\":\"ImageObject\",\"inLanguage\":\"fr-FR\",\"@id\":\"https:\\\/\\\/secure.gravatar.com\\\/avatar\\\/caabf4fb6242e2277733cd35a5c2aa083761ea25dae1d1ff3298b54292225292?s=96&d=mm&r=g\",\"url\":\"https:\\\/\\\/secure.gravatar.com\\\/avatar\\\/caabf4fb6242e2277733cd35a5c2aa083761ea25dae1d1ff3298b54292225292?s=96&d=mm&r=g\",\"contentUrl\":\"https:\\\/\\\/secure.gravatar.com\\\/avatar\\\/caabf4fb6242e2277733cd35a5c2aa083761ea25dae1d1ff3298b54292225292?s=96&d=mm&r=g\",\"caption\":\"Julien Maudoux\"},\"description\":\"Webmestre du site de la SEMEN-L\",\"url\":\"https:\\\/\\\/www.semen-l.org\\\/?author=26\"}]}<\/script>\n<!-- \/ Yoast SEO plugin. -->","yoast_head_json":{"title":"Appel \u00e0 communication pour un colloque sur poesis et ars historica","description":"Appel \u00e0 communication pour un colloque sur poesis et ars historica au Moyen \u00c2ge et \u00e0 l'\u00e9poque moderne en m\u00e9diolatin et n\u00e9olatin","robots":{"index":"index","follow":"follow","max-snippet":"max-snippet:-1","max-image-preview":"max-image-preview:large","max-video-preview":"max-video-preview:-1"},"canonical":"https:\/\/www.semen-l.org\/?p=4046","og_locale":"fr_FR","og_type":"article","og_title":"Appel \u00e0 communication pour un colloque sur poesis et ars historica","og_description":"Appel \u00e0 communication pour un colloque sur poesis et ars historica au Moyen \u00c2ge et \u00e0 l'\u00e9poque moderne en m\u00e9diolatin et n\u00e9olatin","og_url":"https:\/\/www.semen-l.org\/?p=4046","og_site_name":"Soci\u00e9t\u00e9 d&#039;\u00c9tudes M\u00e9dio Et N\u00e9o-Latines","article_publisher":"https:\/\/www.facebook.com\/SEMENL2018","article_published_time":"2025-08-01T13:14:48+00:00","article_modified_time":"2025-08-01T13:18:22+00:00","og_image":[{"width":312,"height":223,"url":"https:\/\/www.semen-l.org\/wp-content\/uploads\/2025\/08\/cesr-cov2.jpg","type":"image\/jpeg"}],"author":"Julien Maudoux","twitter_card":"summary_large_image","twitter_misc":{"\u00c9crit par":"Julien Maudoux","Dur\u00e9e de lecture estim\u00e9e":"13 minutes"},"schema":{"@context":"https:\/\/schema.org","@graph":[{"@type":"Article","@id":"https:\/\/www.semen-l.org\/?p=4046#article","isPartOf":{"@id":"https:\/\/www.semen-l.org\/?p=4046"},"author":{"name":"Julien Maudoux","@id":"http:\/\/www.semen-l.org\/#\/schema\/person\/ef5208815f17666727763c5363a51344"},"headline":"Poesis et ars historica au Moyen-\u00c2ge et \u00e0 la Renaissance, en France et en Italie. Colloque CESR \u2013 Tours \u2013 4-5 juin 2026","datePublished":"2025-08-01T13:14:48+00:00","dateModified":"2025-08-01T13:18:22+00:00","mainEntityOfPage":{"@id":"https:\/\/www.semen-l.org\/?p=4046"},"wordCount":2718,"commentCount":0,"publisher":{"@id":"http:\/\/www.semen-l.org\/#organization"},"image":{"@id":"https:\/\/www.semen-l.org\/?p=4046#primaryimage"},"thumbnailUrl":"https:\/\/www.semen-l.org\/wp-content\/uploads\/2025\/08\/cesr-cov2.jpg","keywords":["Actius (Pontano)","Annales (Tacite)","art po\u00e9tique","Cassiodore","De historia conscribenda","De historica facultate (Francesco Robortello)","De viris (P\u00e9trarque)","Ficin (Marsile)","fiction","France","Guarino (de V\u00e9rone)","Guichardin (Fran\u00e7ois)","histoire","historiographie","humanisme","Italie","Lucien de Samosate","Machiavel (Nicolas)","mimesis","P\u00e9trarque","po\u00e9sie","Pontano (Giovanni)","prose","Quintilien","rh\u00e9torique","Robortello (Francesco)","Roman de Th\u00e8bes","Tours","Valla (Lorenzo)"],"articleSection":["Colloques"],"inLanguage":"fr-FR","potentialAction":[{"@type":"CommentAction","name":"Comment","target":["https:\/\/www.semen-l.org\/?p=4046#respond"]}]},{"@type":"WebPage","@id":"https:\/\/www.semen-l.org\/?p=4046","url":"https:\/\/www.semen-l.org\/?p=4046","name":"Appel \u00e0 communication pour un colloque sur poesis et ars historica","isPartOf":{"@id":"http:\/\/www.semen-l.org\/#website"},"primaryImageOfPage":{"@id":"https:\/\/www.semen-l.org\/?p=4046#primaryimage"},"image":{"@id":"https:\/\/www.semen-l.org\/?p=4046#primaryimage"},"thumbnailUrl":"https:\/\/www.semen-l.org\/wp-content\/uploads\/2025\/08\/cesr-cov2.jpg","datePublished":"2025-08-01T13:14:48+00:00","dateModified":"2025-08-01T13:18:22+00:00","description":"Appel \u00e0 communication pour un colloque sur poesis et ars historica au Moyen \u00c2ge et \u00e0 l'\u00e9poque moderne en m\u00e9diolatin et n\u00e9olatin","breadcrumb":{"@id":"https:\/\/www.semen-l.org\/?p=4046#breadcrumb"},"inLanguage":"fr-FR","potentialAction":[{"@type":"ReadAction","target":["https:\/\/www.semen-l.org\/?p=4046"]}]},{"@type":"ImageObject","inLanguage":"fr-FR","@id":"https:\/\/www.semen-l.org\/?p=4046#primaryimage","url":"https:\/\/www.semen-l.org\/wp-content\/uploads\/2025\/08\/cesr-cov2.jpg","contentUrl":"https:\/\/www.semen-l.org\/wp-content\/uploads\/2025\/08\/cesr-cov2.jpg","width":312,"height":223},{"@type":"BreadcrumbList","@id":"https:\/\/www.semen-l.org\/?p=4046#breadcrumb","itemListElement":[{"@type":"ListItem","position":1,"name":"Accueil","item":"http:\/\/www.semen-l.org\/"},{"@type":"ListItem","position":2,"name":"Poesis et ars historica au Moyen-\u00c2ge et \u00e0 la Renaissance, en France et en Italie. Colloque CESR \u2013 Tours \u2013 4-5 juin 2026"}]},{"@type":"WebSite","@id":"http:\/\/www.semen-l.org\/#website","url":"http:\/\/www.semen-l.org\/","name":"Soci\u00e9t\u00e9 d'\u00c9tudes M\u00e9dio Et N\u00e9o-Latines","description":"","publisher":{"@id":"http:\/\/www.semen-l.org\/#organization"},"potentialAction":[{"@type":"SearchAction","target":{"@type":"EntryPoint","urlTemplate":"http:\/\/www.semen-l.org\/?s={search_term_string}"},"query-input":{"@type":"PropertyValueSpecification","valueRequired":true,"valueName":"search_term_string"}}],"inLanguage":"fr-FR"},{"@type":"Organization","@id":"http:\/\/www.semen-l.org\/#organization","name":"Soci\u00e9t\u00e9 d'\u00e9tudes m\u00e9dio et n\u00e9o-latines","url":"http:\/\/www.semen-l.org\/","logo":{"@type":"ImageObject","inLanguage":"fr-FR","@id":"http:\/\/www.semen-l.org\/#\/schema\/logo\/image\/","url":"http:\/\/www.semen-l.org\/wp-content\/uploads\/2020\/11\/logo-semenl.jpg","contentUrl":"http:\/\/www.semen-l.org\/wp-content\/uploads\/2020\/11\/logo-semenl.jpg","width":408,"height":403,"caption":"Soci\u00e9t\u00e9 d'\u00e9tudes m\u00e9dio et n\u00e9o-latines"},"image":{"@id":"http:\/\/www.semen-l.org\/#\/schema\/logo\/image\/"},"sameAs":["https:\/\/www.facebook.com\/SEMENL2018","https:\/\/independent.academia.edu\/SocitsdtudesmdioetnolatinesSEMENL"]},{"@type":"Person","@id":"http:\/\/www.semen-l.org\/#\/schema\/person\/ef5208815f17666727763c5363a51344","name":"Julien Maudoux","image":{"@type":"ImageObject","inLanguage":"fr-FR","@id":"https:\/\/secure.gravatar.com\/avatar\/caabf4fb6242e2277733cd35a5c2aa083761ea25dae1d1ff3298b54292225292?s=96&d=mm&r=g","url":"https:\/\/secure.gravatar.com\/avatar\/caabf4fb6242e2277733cd35a5c2aa083761ea25dae1d1ff3298b54292225292?s=96&d=mm&r=g","contentUrl":"https:\/\/secure.gravatar.com\/avatar\/caabf4fb6242e2277733cd35a5c2aa083761ea25dae1d1ff3298b54292225292?s=96&d=mm&r=g","caption":"Julien Maudoux"},"description":"Webmestre du site de la SEMEN-L","url":"https:\/\/www.semen-l.org\/?author=26"}]}},"jetpack_featured_media_url":"https:\/\/www.semen-l.org\/wp-content\/uploads\/2025\/08\/cesr-cov2.jpg","_links":{"self":[{"href":"https:\/\/www.semen-l.org\/index.php?rest_route=\/wp\/v2\/posts\/4046","targetHints":{"allow":["GET"]}}],"collection":[{"href":"https:\/\/www.semen-l.org\/index.php?rest_route=\/wp\/v2\/posts"}],"about":[{"href":"https:\/\/www.semen-l.org\/index.php?rest_route=\/wp\/v2\/types\/post"}],"author":[{"embeddable":true,"href":"https:\/\/www.semen-l.org\/index.php?rest_route=\/wp\/v2\/users\/26"}],"replies":[{"embeddable":true,"href":"https:\/\/www.semen-l.org\/index.php?rest_route=%2Fwp%2Fv2%2Fcomments&post=4046"}],"version-history":[{"count":0,"href":"https:\/\/www.semen-l.org\/index.php?rest_route=\/wp\/v2\/posts\/4046\/revisions"}],"wp:featuredmedia":[{"embeddable":true,"href":"https:\/\/www.semen-l.org\/index.php?rest_route=\/wp\/v2\/media\/4051"}],"wp:attachment":[{"href":"https:\/\/www.semen-l.org\/index.php?rest_route=%2Fwp%2Fv2%2Fmedia&parent=4046"}],"wp:term":[{"taxonomy":"category","embeddable":true,"href":"https:\/\/www.semen-l.org\/index.php?rest_route=%2Fwp%2Fv2%2Fcategories&post=4046"},{"taxonomy":"post_tag","embeddable":true,"href":"https:\/\/www.semen-l.org\/index.php?rest_route=%2Fwp%2Fv2%2Ftags&post=4046"}],"curies":[{"name":"wp","href":"https:\/\/api.w.org\/{rel}","templated":true}]}}