{"id":4039,"date":"2025-06-16T15:14:40","date_gmt":"2025-06-16T15:14:40","guid":{"rendered":"https:\/\/www.semen-l.org\/?p=4039"},"modified":"2025-06-16T15:14:40","modified_gmt":"2025-06-16T15:14:40","slug":"diplome-universitaire-neolatin-et-linguistique-comparee-des-langues-romanes-departement-de-linguistique-comparee-des-langues-romanes-et-roumain-daix-marseille-universite","status":"publish","type":"post","link":"https:\/\/www.semen-l.org\/?p=4039","title":{"rendered":"Dipl\u00f4me universitaire \u00ab\u00a0N\u00e9olatin et Linguistique compar\u00e9e des langues romanes\u00a0\u00bb (d\u00e9partement de Linguistique compar\u00e9e des Langues Romanes et Roumain d&rsquo;Aix-Marseille Universit\u00e9)"},"content":{"rendered":"<div>\n<div class=\"elementToProof\">Carine Ferradou, Directrice du LIRROU de l&rsquo;UFR ALLSH d&rsquo;amU, informe la SEMEN-L que le d\u00e9partement de Linguistique compar\u00e9e des Langues Romanes et Roumain d&rsquo;Aix-Marseille Universit\u00e9 propose \u00e0 la rentr\u00e9e 2025-2026 un dipl\u00f4me universitaire intitul\u00e9 \u00ab\u00a0N\u00e9olatin et Linguistique compar\u00e9e des langues romanes\u00a0\u00bb (cours en hybride) dont vous trouverez <a href=\"https:\/\/youtu.be\/PLSzsq6zNRE?si=gQ9BskLfcSeMJ8L8\">la vid\u00e9o de pr\u00e9sentation sur Youtube \u00e0 l&rsquo;adresse suivante<\/a> :<\/div>\n<\/div>\n<div>\n<p><iframe title=\"Pr\u00e9sentation du Dipl\u00f4me Universitaire Langues et Cultures de latin\" width=\"584\" height=\"329\" src=\"https:\/\/www.youtube.com\/embed\/PLSzsq6zNRE?feature=oembed\" frameborder=\"0\" allow=\"accelerometer; autoplay; clipboard-write; encrypted-media; gyroscope; picture-in-picture; web-share\" referrerpolicy=\"strict-origin-when-cross-origin\" allowfullscreen><\/iframe><\/p>\n<blockquote><p><span class=\"yt-core-attributed-string--link-inherit-color\" dir=\"auto\">D\u00e9couvrez Dipl\u00f4me Universitaire Langues et Cultures de latin \u00e0 travers cette pr\u00e9sentation de la formation en images, construite autour des t\u00e9moignages de professeurs et d&rsquo;\u00e9tudiants.<\/span><\/p><\/blockquote>\n<p><span class=\"yt-core-attributed-string--link-inherit-color\" dir=\"auto\">Plus d&rsquo;informations sur cette formation Aix Marseille Universit\u00e9 :<a href=\"https:\/\/allsh.univ-amu.fr\/fr\/formation\/diplomes-etablissement\/du-langues-cultures-latin#pacome-poursuites-detudes-8104\"> cliquez sur ce lien<\/a>.<\/span><\/p>\n<p>&nbsp;<\/p>\n<div>\n<div id=\"0DE9E47C-871A-4F90-8440-B190C216800A_3\" class=\"mcafee_green\" tabindex=\"0\"><\/div>\n<\/div>\n<\/div>\n","protected":false},"excerpt":{"rendered":"<p>Carine Ferradou, Directrice du LIRROU de l&rsquo;UFR ALLSH d&rsquo;amU, informe la SEMEN-L que le d\u00e9partement de Linguistique compar\u00e9e des Langues Romanes et Roumain d&rsquo;Aix-Marseille Universit\u00e9 propose \u00e0 la rentr\u00e9e 2025-2026 un dipl\u00f4me universitaire intitul\u00e9 \u00ab\u00a0N\u00e9olatin et Linguistique compar\u00e9e des langues &hellip; <a href=\"https:\/\/www.semen-l.org\/?p=4039\">Continuer la lecture <span class=\"meta-nav\">&rarr;<\/span><\/a><\/p>\n","protected":false},"author":26,"featured_media":4040,"comment_status":"open","ping_status":"open","sticky":false,"template":"","format":"standard","meta":{"footnotes":""},"categories":[5],"tags":[],"class_list":["post-4039","post","type-post","status-publish","format-standard","has-post-thumbnail","hentry","category-cours-et-seminaires"],"yoast_head":"<!-- This site is optimized with the Yoast SEO plugin v27.5 - https:\/\/yoast.com\/product\/yoast-seo-wordpress\/ -->\n<title>Dipl\u00f4me universitaire &quot;N\u00e9olatin et Linguistique compar\u00e9e des langues romanes&quot; (d\u00e9partement de Linguistique compar\u00e9e des Langues Romanes et Roumain d&#039;Aix-Marseille Universit\u00e9) - Soci\u00e9t\u00e9 d&#039;\u00c9tudes M\u00e9dio Et N\u00e9o-Latines<\/title>\n<meta name=\"robots\" content=\"index, follow, max-snippet:-1, max-image-preview:large, max-video-preview:-1\" \/>\n<link rel=\"canonical\" href=\"http:\/\/www.semen-l.org\/?p=4039\" \/>\n<meta property=\"og:locale\" content=\"fr_FR\" \/>\n<meta property=\"og:type\" content=\"article\" \/>\n<meta property=\"og:title\" content=\"Dipl\u00f4me universitaire &quot;N\u00e9olatin et Linguistique compar\u00e9e des langues romanes&quot; (d\u00e9partement de Linguistique compar\u00e9e des Langues Romanes et Roumain d&#039;Aix-Marseille Universit\u00e9) - Soci\u00e9t\u00e9 d&#039;\u00c9tudes M\u00e9dio Et N\u00e9o-Latines\" \/>\n<meta property=\"og:description\" content=\"Carine Ferradou, Directrice du LIRROU de l&rsquo;UFR ALLSH d&rsquo;amU, informe la SEMEN-L que le d\u00e9partement de Linguistique compar\u00e9e des Langues Romanes et Roumain d&rsquo;Aix-Marseille Universit\u00e9 propose \u00e0 la rentr\u00e9e 2025-2026 un dipl\u00f4me universitaire intitul\u00e9 \u00ab\u00a0N\u00e9olatin et Linguistique compar\u00e9e des langues &hellip; Continuer la lecture &rarr;\" \/>\n<meta property=\"og:url\" content=\"http:\/\/www.semen-l.org\/?p=4039\" \/>\n<meta property=\"og:site_name\" content=\"Soci\u00e9t\u00e9 d&#039;\u00c9tudes M\u00e9dio Et N\u00e9o-Latines\" \/>\n<meta property=\"article:publisher\" content=\"https:\/\/www.facebook.com\/SEMENL2018\" \/>\n<meta property=\"article:published_time\" content=\"2025-06-16T15:14:40+00:00\" \/>\n<meta property=\"og:image\" content=\"http:\/\/www.semen-l.org\/wp-content\/uploads\/2025\/06\/du-latin-aix-marseille-couv.jpg\" \/>\n\t<meta property=\"og:image:width\" content=\"314\" \/>\n\t<meta property=\"og:image:height\" content=\"233\" \/>\n\t<meta property=\"og:image:type\" content=\"image\/jpeg\" \/>\n<meta name=\"author\" content=\"Julien Maudoux\" \/>\n<meta name=\"twitter:card\" content=\"summary_large_image\" \/>\n<meta name=\"twitter:label1\" content=\"\u00c9crit par\" \/>\n\t<meta name=\"twitter:data1\" content=\"Julien Maudoux\" \/>\n\t<meta name=\"twitter:label2\" content=\"Dur\u00e9e de lecture estim\u00e9e\" \/>\n\t<meta name=\"twitter:data2\" content=\"1 minute\" \/>\n<script type=\"application\/ld+json\" class=\"yoast-schema-graph\">{\"@context\":\"https:\\\/\\\/schema.org\",\"@graph\":[{\"@type\":\"Article\",\"@id\":\"http:\\\/\\\/www.semen-l.org\\\/?p=4039#article\",\"isPartOf\":{\"@id\":\"http:\\\/\\\/www.semen-l.org\\\/?p=4039\"},\"author\":{\"name\":\"Julien Maudoux\",\"@id\":\"http:\\\/\\\/www.semen-l.org\\\/#\\\/schema\\\/person\\\/ef5208815f17666727763c5363a51344\"},\"headline\":\"Dipl\u00f4me universitaire \u00ab\u00a0N\u00e9olatin et Linguistique compar\u00e9e des langues romanes\u00a0\u00bb (d\u00e9partement de Linguistique compar\u00e9e des Langues Romanes et Roumain d&rsquo;Aix-Marseille Universit\u00e9)\",\"datePublished\":\"2025-06-16T15:14:40+00:00\",\"mainEntityOfPage\":{\"@id\":\"http:\\\/\\\/www.semen-l.org\\\/?p=4039\"},\"wordCount\":146,\"commentCount\":0,\"publisher\":{\"@id\":\"http:\\\/\\\/www.semen-l.org\\\/#organization\"},\"image\":{\"@id\":\"http:\\\/\\\/www.semen-l.org\\\/?p=4039#primaryimage\"},\"thumbnailUrl\":\"https:\\\/\\\/www.semen-l.org\\\/wp-content\\\/uploads\\\/2025\\\/06\\\/du-latin-aix-marseille-couv.jpg\",\"articleSection\":[\"Cours et s\u00e9minaires\"],\"inLanguage\":\"fr-FR\",\"potentialAction\":[{\"@type\":\"CommentAction\",\"name\":\"Comment\",\"target\":[\"http:\\\/\\\/www.semen-l.org\\\/?p=4039#respond\"]}]},{\"@type\":\"WebPage\",\"@id\":\"http:\\\/\\\/www.semen-l.org\\\/?p=4039\",\"url\":\"http:\\\/\\\/www.semen-l.org\\\/?p=4039\",\"name\":\"Dipl\u00f4me universitaire \\\"N\u00e9olatin et Linguistique compar\u00e9e des langues romanes\\\" (d\u00e9partement de Linguistique compar\u00e9e des Langues Romanes et Roumain d'Aix-Marseille Universit\u00e9) - Soci\u00e9t\u00e9 d&#039;\u00c9tudes M\u00e9dio Et N\u00e9o-Latines\",\"isPartOf\":{\"@id\":\"http:\\\/\\\/www.semen-l.org\\\/#website\"},\"primaryImageOfPage\":{\"@id\":\"http:\\\/\\\/www.semen-l.org\\\/?p=4039#primaryimage\"},\"image\":{\"@id\":\"http:\\\/\\\/www.semen-l.org\\\/?p=4039#primaryimage\"},\"thumbnailUrl\":\"https:\\\/\\\/www.semen-l.org\\\/wp-content\\\/uploads\\\/2025\\\/06\\\/du-latin-aix-marseille-couv.jpg\",\"datePublished\":\"2025-06-16T15:14:40+00:00\",\"breadcrumb\":{\"@id\":\"http:\\\/\\\/www.semen-l.org\\\/?p=4039#breadcrumb\"},\"inLanguage\":\"fr-FR\",\"potentialAction\":[{\"@type\":\"ReadAction\",\"target\":[\"http:\\\/\\\/www.semen-l.org\\\/?p=4039\"]}]},{\"@type\":\"ImageObject\",\"inLanguage\":\"fr-FR\",\"@id\":\"http:\\\/\\\/www.semen-l.org\\\/?p=4039#primaryimage\",\"url\":\"https:\\\/\\\/www.semen-l.org\\\/wp-content\\\/uploads\\\/2025\\\/06\\\/du-latin-aix-marseille-couv.jpg\",\"contentUrl\":\"https:\\\/\\\/www.semen-l.org\\\/wp-content\\\/uploads\\\/2025\\\/06\\\/du-latin-aix-marseille-couv.jpg\",\"width\":314,\"height\":233},{\"@type\":\"BreadcrumbList\",\"@id\":\"http:\\\/\\\/www.semen-l.org\\\/?p=4039#breadcrumb\",\"itemListElement\":[{\"@type\":\"ListItem\",\"position\":1,\"name\":\"Accueil\",\"item\":\"http:\\\/\\\/www.semen-l.org\\\/\"},{\"@type\":\"ListItem\",\"position\":2,\"name\":\"Dipl\u00f4me universitaire \u00ab\u00a0N\u00e9olatin et Linguistique compar\u00e9e des langues romanes\u00a0\u00bb (d\u00e9partement de Linguistique compar\u00e9e des Langues Romanes et Roumain d&rsquo;Aix-Marseille Universit\u00e9)\"}]},{\"@type\":\"WebSite\",\"@id\":\"http:\\\/\\\/www.semen-l.org\\\/#website\",\"url\":\"http:\\\/\\\/www.semen-l.org\\\/\",\"name\":\"Soci\u00e9t\u00e9 d'\u00c9tudes M\u00e9dio Et N\u00e9o-Latines\",\"description\":\"\",\"publisher\":{\"@id\":\"http:\\\/\\\/www.semen-l.org\\\/#organization\"},\"potentialAction\":[{\"@type\":\"SearchAction\",\"target\":{\"@type\":\"EntryPoint\",\"urlTemplate\":\"http:\\\/\\\/www.semen-l.org\\\/?s={search_term_string}\"},\"query-input\":{\"@type\":\"PropertyValueSpecification\",\"valueRequired\":true,\"valueName\":\"search_term_string\"}}],\"inLanguage\":\"fr-FR\"},{\"@type\":\"Organization\",\"@id\":\"http:\\\/\\\/www.semen-l.org\\\/#organization\",\"name\":\"Soci\u00e9t\u00e9 d'\u00e9tudes m\u00e9dio et n\u00e9o-latines\",\"url\":\"http:\\\/\\\/www.semen-l.org\\\/\",\"logo\":{\"@type\":\"ImageObject\",\"inLanguage\":\"fr-FR\",\"@id\":\"http:\\\/\\\/www.semen-l.org\\\/#\\\/schema\\\/logo\\\/image\\\/\",\"url\":\"http:\\\/\\\/www.semen-l.org\\\/wp-content\\\/uploads\\\/2020\\\/11\\\/logo-semenl.jpg\",\"contentUrl\":\"http:\\\/\\\/www.semen-l.org\\\/wp-content\\\/uploads\\\/2020\\\/11\\\/logo-semenl.jpg\",\"width\":408,\"height\":403,\"caption\":\"Soci\u00e9t\u00e9 d'\u00e9tudes m\u00e9dio et n\u00e9o-latines\"},\"image\":{\"@id\":\"http:\\\/\\\/www.semen-l.org\\\/#\\\/schema\\\/logo\\\/image\\\/\"},\"sameAs\":[\"https:\\\/\\\/www.facebook.com\\\/SEMENL2018\",\"https:\\\/\\\/independent.academia.edu\\\/SocitsdtudesmdioetnolatinesSEMENL\"]},{\"@type\":\"Person\",\"@id\":\"http:\\\/\\\/www.semen-l.org\\\/#\\\/schema\\\/person\\\/ef5208815f17666727763c5363a51344\",\"name\":\"Julien Maudoux\",\"image\":{\"@type\":\"ImageObject\",\"inLanguage\":\"fr-FR\",\"@id\":\"https:\\\/\\\/secure.gravatar.com\\\/avatar\\\/caabf4fb6242e2277733cd35a5c2aa083761ea25dae1d1ff3298b54292225292?s=96&d=mm&r=g\",\"url\":\"https:\\\/\\\/secure.gravatar.com\\\/avatar\\\/caabf4fb6242e2277733cd35a5c2aa083761ea25dae1d1ff3298b54292225292?s=96&d=mm&r=g\",\"contentUrl\":\"https:\\\/\\\/secure.gravatar.com\\\/avatar\\\/caabf4fb6242e2277733cd35a5c2aa083761ea25dae1d1ff3298b54292225292?s=96&d=mm&r=g\",\"caption\":\"Julien Maudoux\"},\"description\":\"Webmestre du site de la SEMEN-L\",\"url\":\"https:\\\/\\\/www.semen-l.org\\\/?author=26\"}]}<\/script>\n<!-- \/ Yoast SEO plugin. -->","yoast_head_json":{"title":"Dipl\u00f4me universitaire \"N\u00e9olatin et Linguistique compar\u00e9e des langues romanes\" (d\u00e9partement de Linguistique compar\u00e9e des Langues Romanes et Roumain d'Aix-Marseille Universit\u00e9) - Soci\u00e9t\u00e9 d&#039;\u00c9tudes M\u00e9dio Et N\u00e9o-Latines","robots":{"index":"index","follow":"follow","max-snippet":"max-snippet:-1","max-image-preview":"max-image-preview:large","max-video-preview":"max-video-preview:-1"},"canonical":"http:\/\/www.semen-l.org\/?p=4039","og_locale":"fr_FR","og_type":"article","og_title":"Dipl\u00f4me universitaire \"N\u00e9olatin et Linguistique compar\u00e9e des langues romanes\" (d\u00e9partement de Linguistique compar\u00e9e des Langues Romanes et Roumain d'Aix-Marseille Universit\u00e9) - Soci\u00e9t\u00e9 d&#039;\u00c9tudes M\u00e9dio Et N\u00e9o-Latines","og_description":"Carine Ferradou, Directrice du LIRROU de l&rsquo;UFR ALLSH d&rsquo;amU, informe la SEMEN-L que le d\u00e9partement de Linguistique compar\u00e9e des Langues Romanes et Roumain d&rsquo;Aix-Marseille Universit\u00e9 propose \u00e0 la rentr\u00e9e 2025-2026 un dipl\u00f4me universitaire intitul\u00e9 \u00ab\u00a0N\u00e9olatin et Linguistique compar\u00e9e des langues &hellip; Continuer la lecture &rarr;","og_url":"http:\/\/www.semen-l.org\/?p=4039","og_site_name":"Soci\u00e9t\u00e9 d&#039;\u00c9tudes M\u00e9dio Et N\u00e9o-Latines","article_publisher":"https:\/\/www.facebook.com\/SEMENL2018","article_published_time":"2025-06-16T15:14:40+00:00","og_image":[{"width":314,"height":233,"url":"http:\/\/www.semen-l.org\/wp-content\/uploads\/2025\/06\/du-latin-aix-marseille-couv.jpg","type":"image\/jpeg"}],"author":"Julien Maudoux","twitter_card":"summary_large_image","twitter_misc":{"\u00c9crit par":"Julien Maudoux","Dur\u00e9e de lecture estim\u00e9e":"1 minute"},"schema":{"@context":"https:\/\/schema.org","@graph":[{"@type":"Article","@id":"http:\/\/www.semen-l.org\/?p=4039#article","isPartOf":{"@id":"http:\/\/www.semen-l.org\/?p=4039"},"author":{"name":"Julien Maudoux","@id":"http:\/\/www.semen-l.org\/#\/schema\/person\/ef5208815f17666727763c5363a51344"},"headline":"Dipl\u00f4me universitaire \u00ab\u00a0N\u00e9olatin et Linguistique compar\u00e9e des langues romanes\u00a0\u00bb (d\u00e9partement de Linguistique compar\u00e9e des Langues Romanes et Roumain d&rsquo;Aix-Marseille Universit\u00e9)","datePublished":"2025-06-16T15:14:40+00:00","mainEntityOfPage":{"@id":"http:\/\/www.semen-l.org\/?p=4039"},"wordCount":146,"commentCount":0,"publisher":{"@id":"http:\/\/www.semen-l.org\/#organization"},"image":{"@id":"http:\/\/www.semen-l.org\/?p=4039#primaryimage"},"thumbnailUrl":"https:\/\/www.semen-l.org\/wp-content\/uploads\/2025\/06\/du-latin-aix-marseille-couv.jpg","articleSection":["Cours et s\u00e9minaires"],"inLanguage":"fr-FR","potentialAction":[{"@type":"CommentAction","name":"Comment","target":["http:\/\/www.semen-l.org\/?p=4039#respond"]}]},{"@type":"WebPage","@id":"http:\/\/www.semen-l.org\/?p=4039","url":"http:\/\/www.semen-l.org\/?p=4039","name":"Dipl\u00f4me universitaire \"N\u00e9olatin et Linguistique compar\u00e9e des langues romanes\" (d\u00e9partement de Linguistique compar\u00e9e des Langues Romanes et Roumain d'Aix-Marseille Universit\u00e9) - Soci\u00e9t\u00e9 d&#039;\u00c9tudes M\u00e9dio Et N\u00e9o-Latines","isPartOf":{"@id":"http:\/\/www.semen-l.org\/#website"},"primaryImageOfPage":{"@id":"http:\/\/www.semen-l.org\/?p=4039#primaryimage"},"image":{"@id":"http:\/\/www.semen-l.org\/?p=4039#primaryimage"},"thumbnailUrl":"https:\/\/www.semen-l.org\/wp-content\/uploads\/2025\/06\/du-latin-aix-marseille-couv.jpg","datePublished":"2025-06-16T15:14:40+00:00","breadcrumb":{"@id":"http:\/\/www.semen-l.org\/?p=4039#breadcrumb"},"inLanguage":"fr-FR","potentialAction":[{"@type":"ReadAction","target":["http:\/\/www.semen-l.org\/?p=4039"]}]},{"@type":"ImageObject","inLanguage":"fr-FR","@id":"http:\/\/www.semen-l.org\/?p=4039#primaryimage","url":"https:\/\/www.semen-l.org\/wp-content\/uploads\/2025\/06\/du-latin-aix-marseille-couv.jpg","contentUrl":"https:\/\/www.semen-l.org\/wp-content\/uploads\/2025\/06\/du-latin-aix-marseille-couv.jpg","width":314,"height":233},{"@type":"BreadcrumbList","@id":"http:\/\/www.semen-l.org\/?p=4039#breadcrumb","itemListElement":[{"@type":"ListItem","position":1,"name":"Accueil","item":"http:\/\/www.semen-l.org\/"},{"@type":"ListItem","position":2,"name":"Dipl\u00f4me universitaire \u00ab\u00a0N\u00e9olatin et Linguistique compar\u00e9e des langues romanes\u00a0\u00bb (d\u00e9partement de Linguistique compar\u00e9e des Langues Romanes et Roumain d&rsquo;Aix-Marseille Universit\u00e9)"}]},{"@type":"WebSite","@id":"http:\/\/www.semen-l.org\/#website","url":"http:\/\/www.semen-l.org\/","name":"Soci\u00e9t\u00e9 d'\u00c9tudes M\u00e9dio Et N\u00e9o-Latines","description":"","publisher":{"@id":"http:\/\/www.semen-l.org\/#organization"},"potentialAction":[{"@type":"SearchAction","target":{"@type":"EntryPoint","urlTemplate":"http:\/\/www.semen-l.org\/?s={search_term_string}"},"query-input":{"@type":"PropertyValueSpecification","valueRequired":true,"valueName":"search_term_string"}}],"inLanguage":"fr-FR"},{"@type":"Organization","@id":"http:\/\/www.semen-l.org\/#organization","name":"Soci\u00e9t\u00e9 d'\u00e9tudes m\u00e9dio et n\u00e9o-latines","url":"http:\/\/www.semen-l.org\/","logo":{"@type":"ImageObject","inLanguage":"fr-FR","@id":"http:\/\/www.semen-l.org\/#\/schema\/logo\/image\/","url":"http:\/\/www.semen-l.org\/wp-content\/uploads\/2020\/11\/logo-semenl.jpg","contentUrl":"http:\/\/www.semen-l.org\/wp-content\/uploads\/2020\/11\/logo-semenl.jpg","width":408,"height":403,"caption":"Soci\u00e9t\u00e9 d'\u00e9tudes m\u00e9dio et n\u00e9o-latines"},"image":{"@id":"http:\/\/www.semen-l.org\/#\/schema\/logo\/image\/"},"sameAs":["https:\/\/www.facebook.com\/SEMENL2018","https:\/\/independent.academia.edu\/SocitsdtudesmdioetnolatinesSEMENL"]},{"@type":"Person","@id":"http:\/\/www.semen-l.org\/#\/schema\/person\/ef5208815f17666727763c5363a51344","name":"Julien Maudoux","image":{"@type":"ImageObject","inLanguage":"fr-FR","@id":"https:\/\/secure.gravatar.com\/avatar\/caabf4fb6242e2277733cd35a5c2aa083761ea25dae1d1ff3298b54292225292?s=96&d=mm&r=g","url":"https:\/\/secure.gravatar.com\/avatar\/caabf4fb6242e2277733cd35a5c2aa083761ea25dae1d1ff3298b54292225292?s=96&d=mm&r=g","contentUrl":"https:\/\/secure.gravatar.com\/avatar\/caabf4fb6242e2277733cd35a5c2aa083761ea25dae1d1ff3298b54292225292?s=96&d=mm&r=g","caption":"Julien Maudoux"},"description":"Webmestre du site de la SEMEN-L","url":"https:\/\/www.semen-l.org\/?author=26"}]}},"jetpack_featured_media_url":"https:\/\/www.semen-l.org\/wp-content\/uploads\/2025\/06\/du-latin-aix-marseille-couv.jpg","_links":{"self":[{"href":"https:\/\/www.semen-l.org\/index.php?rest_route=\/wp\/v2\/posts\/4039","targetHints":{"allow":["GET"]}}],"collection":[{"href":"https:\/\/www.semen-l.org\/index.php?rest_route=\/wp\/v2\/posts"}],"about":[{"href":"https:\/\/www.semen-l.org\/index.php?rest_route=\/wp\/v2\/types\/post"}],"author":[{"embeddable":true,"href":"https:\/\/www.semen-l.org\/index.php?rest_route=\/wp\/v2\/users\/26"}],"replies":[{"embeddable":true,"href":"https:\/\/www.semen-l.org\/index.php?rest_route=%2Fwp%2Fv2%2Fcomments&post=4039"}],"version-history":[{"count":0,"href":"https:\/\/www.semen-l.org\/index.php?rest_route=\/wp\/v2\/posts\/4039\/revisions"}],"wp:featuredmedia":[{"embeddable":true,"href":"https:\/\/www.semen-l.org\/index.php?rest_route=\/wp\/v2\/media\/4040"}],"wp:attachment":[{"href":"https:\/\/www.semen-l.org\/index.php?rest_route=%2Fwp%2Fv2%2Fmedia&parent=4039"}],"wp:term":[{"taxonomy":"category","embeddable":true,"href":"https:\/\/www.semen-l.org\/index.php?rest_route=%2Fwp%2Fv2%2Fcategories&post=4039"},{"taxonomy":"post_tag","embeddable":true,"href":"https:\/\/www.semen-l.org\/index.php?rest_route=%2Fwp%2Fv2%2Ftags&post=4039"}],"curies":[{"name":"wp","href":"https:\/\/api.w.org\/{rel}","templated":true}]}}