{"id":4035,"date":"2025-06-03T13:45:30","date_gmt":"2025-06-03T13:45:30","guid":{"rendered":"https:\/\/www.semen-l.org\/?p=4035"},"modified":"2025-06-03T13:45:30","modified_gmt":"2025-06-03T13:45:30","slug":"xavier-prevost-jacques-cujas-1522-1590-jurisconsulte-humaniste","status":"publish","type":"post","link":"https:\/\/www.semen-l.org\/?p=4035","title":{"rendered":"Xavier Pr\u00e9vost, Jacques Cujas (1522-1590), jurisconsulte humaniste"},"content":{"rendered":"<p><a href=\"https:\/\/www.droz.org\/monde\/product\/9782600005791\"><img fetchpriority=\"high\" decoding=\"async\" class=\"alignright size-medium wp-image-4036\" src=\"http:\/\/www.semen-l.org\/wp-content\/uploads\/2025\/06\/cujas-couv-188x300.jpg\" alt=\"\" width=\"188\" height=\"300\" srcset=\"https:\/\/www.semen-l.org\/wp-content\/uploads\/2025\/06\/cujas-couv-188x300.jpg 188w, https:\/\/www.semen-l.org\/wp-content\/uploads\/2025\/06\/cujas-couv-643x1024.jpg 643w, https:\/\/www.semen-l.org\/wp-content\/uploads\/2025\/06\/cujas-couv-126x200.jpg 126w, https:\/\/www.semen-l.org\/wp-content\/uploads\/2025\/06\/cujas-couv.jpg 691w\" sizes=\"(max-width: 188px) 100vw, 188px\" \/><\/a>La SEMEN-L a le plaisir d&rsquo;annoncer la parution de l&rsquo;ouvrage de Xavier Pr\u00e9vost, <em>Jacques Cujas (1522-1590), jurisconsulte humaniste<\/em>, chez Droz dans la collection \u00ab\u00a0Titres courants\u00a0\u00bb.<\/p>\n<p>Jacques Cujas appara\u00eet comme l\u2019un des principaux repr\u00e9sentants de l\u2019humanisme juridique, courant qui introduit l\u2019id\u00e9e d\u2019\u00e9volution dans la construction du droit et des institutions. Au fil de ses professorats, Cujas poursuit la critique humaniste en portant \u00e0 son apog\u00e9e la m\u00e9thode historique. Il cherche \u00e0 r\u00e9tablir les textes dans leur version d\u2019origine par la recherche des interpolations, tout en int\u00e9grant les dispositions comment\u00e9es dans la longue dur\u00e9e. Il s\u2019appuie tant sur sa ma\u00eetrise de la doctrine juridique, que sur sa vaste culture litt\u00e9raire et philosophique. Ses travaux de philologue et d\u2019\u00e9diteur restent d\u2019utiles r\u00e9f\u00e9rences, sans m\u00eame \u00e9voquer ses reconstitutions comment\u00e9es des ouvrages des juristes romains ou son analyse critique du<em> corpus juris civilis<\/em>. L\u2019\u00e9rudition ne tient cependant pas Cujas trop \u00e9loign\u00e9 de la pratique, comme le prouvent ses consultations ou son \u00e9tude de la f\u00e9odalit\u00e9. Soumis \u00e0 l\u2019\u00e9preuve de l\u2019humanisme cujacien, le droit ressort transform\u00e9 de la confrontation.<\/p>\n<p>Table des mati\u00e8res<\/p>\n<p>PR\u00c9FACE<\/p>\n<p>REMERCIEMENTS<\/p>\n<p>INTRODUCTION<\/p>\n<p>PROL\u00c9GOM\u00c8NES. LA VIE ET LES OEUVRES DE JACQUES CUJAS<\/p>\n<p>VIE DE JACQUES CUJAS<\/p>\n<p>I. Jacques Cujas avant l\u2019enseignement \u00a71 : Les origines A. \u00c9l\u00e9ments sur la famille Cujeus<\/p>\n<ol>\n<li>La provenance g\u00e9ographique<\/li>\n<li>L\u2019appartenance sociale B. \u00c9l\u00e9ments sur l\u2019enfance de Jacques Cujeus \u00a72 : Les \u00e9tudes A. La formation scolaire<\/li>\n<li>Les humanit\u00e9s<\/li>\n<li>Les \u00e9tudes de droit B. La formation personnelle<\/li>\n<\/ol>\n<p>II. L\u2019enseignement de Jacques Cujas \u00a71 : Les professorats de l\u2019affirmation A. Le conflit de l\u2019ascension : de Toulouse au d\u00e9part pour Bourges<\/p>\n<ol>\n<li>Le cours libre d\u2019Institutes \u00e0 Toulouse (1547 \u2013 oct.1554)<\/li>\n<li>L\u2019affaire Cujas<\/li>\n<li>Le professorat de Cahors (oct. 1554 \u2013 \u00e9t\u00e9 1555) B. L\u2019ascension dans les conflits : de l\u2019arriv\u00e9e au retour \u00e0 Bourges<\/li>\n<li>Le premier professorat de Bourges (sept. 1555 \u2013 \u00e9t\u00e9 1557)<\/li>\n<li>Le premier professorat de Valence (janv. 1558 \u2013 nov. 1559) \u00a72 : Les professorats de la renomm\u00e9e A. De la reconnaissance \u00e0 la pr\u00e9\u00e9minence : Bourges et Turin<\/li>\n<li>Le deuxi\u00e8me professorat de Bourges (nov. 1559 \u2013 \u00e9t\u00e9 1566)<\/li>\n<li>Le professorat de Turin (oct. 1566 \u2013 ao\u00fbt 1567) B. La reconnaissance de la pr\u00e9\u00e9minence : les derniers professorats<\/li>\n<li>Le second professorat de Valence (sept. 1567 \u2013 juin 1575)<\/li>\n<li>Le troisi\u00e8me professorat de Bourges (juin 1575 \u2013 4 oct. 1590)<\/li>\n<\/ol>\n<p>III. Jacques Cujas en dehors de l\u2019enseignement \u00a71 : Les charges extra-universitaires A. Les charges judiciaires<\/p>\n<ol>\n<li>Conseiller au parlement de Grenoble<\/li>\n<li>Conseiller au pr\u00e9sidial de Bourges B. Les charges \u00ab politiques \u00bb<\/li>\n<li>Conseiller du duc de Savoie<\/li>\n<li>Conseiller du duc d\u2019Alen\u00e7on \u00a72 : La vie personnelle A. La famille de Jacques Cujas<\/li>\n<li>Le premier mariage<\/li>\n<li>Le second mariage B. La religion de Jacques Cujas<\/li>\n<li>L\u2019hypoth\u00e8se du protestantisme<\/li>\n<li>La th\u00e8se d\u2019une \u00ab sensibilit\u00e9 religieuse d\u2019entre-deux \u00bb<\/li>\n<\/ol>\n<p>OEUVRES DE JACQUES CUJAS<\/p>\n<p>I. Jacques Cujas \u00e9diteur \u00a71 : La qu\u00eate des sources \u00a72 : L\u2019\u00e9dition de sources A. Les \u00e9ditions simples<\/p>\n<ol>\n<li>Les compilations jurisprudentielles pr\u00e9-justiniennes<\/li>\n<li>Le Code Th\u00e9odosien<\/li>\n<li>Le droit byzantin post-justinien B. Les \u00e9ditions glos\u00e9es ou comment\u00e9es<\/li>\n<li>Les sources pr\u00e9-justiniennes<\/li>\n<li>Les sources justiniennes<\/li>\n<li>Les sources post-justiniennes<\/li>\n<\/ol>\n<p>II. Jacques Cujas \u00e9dit\u00e9 \u00a71 : La vigueur des \u00e9ditions parues du vivant de Jacques Cujas A. Les multiples r\u00e9\u00e9ditions B. Les premiers recueils d\u2019oeuvres int\u00e9grales \u00a72 : La vitalit\u00e9 des \u00e9ditions posthumes A. Les \u00e9ditions ant\u00e9rieures \u00e0 celle de Fabrot B. Les \u00e9ditions de r\u00e9f\u00e9rence<\/p>\n<ol>\n<li>L\u2019\u00e9dition de Fabrot (Paris, 1658)<\/li>\n<li>Les \u00e9ditions italiennes du XVIIIe si\u00e8cle (Naples, 1722-1727 ; Naples, 1758 ; Venise-Mod\u00e8ne, 1758-1783) C. Les \u00e9ditions du XIXe si\u00e8cle<\/li>\n<\/ol>\n<p>PREMI\u00c8RE PARTIE. L\u2019HUMANISME JURIDIQUE DE JACQUES CUJAS<\/p>\n<p>CHAPITRE PREMIER. LA POURSUITE DE LA CRITIQUE HUMANISTE<\/p>\n<p>Section I. Une position nuanc\u00e9e \u00e0 l\u2019\u00e9gard de la doctrine ant\u00e9rieure \u00a71 : L\u2019utilisation g\u00e9n\u00e9ralis\u00e9e mais critique des glossateurs A. La Grande glose comme base de travail<\/p>\n<ol>\n<li>Le recours constant \u00e0 la glose<\/li>\n<li>La d\u00e9fense du travail des glossateurs B. Le d\u00e9passement de la Grande glose<\/li>\n<li>Les diff\u00e9rences de m\u00e9thode<\/li>\n<li>Les critiques r\u00e9p\u00e9t\u00e9es \u00a72 : L\u2019utilisation limit\u00e9e et critique des commentateurs A. Une prise en consid\u00e9ration variable<\/li>\n<li>La relative importance de Bartole<\/li>\n<li>L\u2019effacement des autres commentateurs B. Une critique mesur\u00e9e<\/li>\n<li>Attaques et analyses divergentes<\/li>\n<li>Louanges et analyses partag\u00e9es<\/li>\n<\/ol>\n<p>Section II. Une position distinctive au sein de la doctrine humaniste \u00a71 : La place de Jacques Cujas parmi les m\u00e9thodes de l\u2019humanisme A. L\u2019humanisme juridique de Jacques Cujas face \u00e0 la diversit\u00e9 des courants m\u00e9thodologiques<\/p>\n<ol>\n<li>Le courant historiciste<\/li>\n<li>Le courant syst\u00e9matiste<\/li>\n<li>Le courant des praticiens B. L\u2019humanisme de Jacques Cujas \u00e0 travers ses r\u00e9f\u00e9rences litt\u00e9raires et philosophiques<\/li>\n<li>La culture classique de Jacques Cujas<\/li>\n<li>L\u2019\u00e9clectisme de Jacques Cujas \u00a72 : L\u2019opinion de Jacques Cujas sur les juristes humanistes A. Les prises de position \u00ab scientifiques \u00bb<\/li>\n<li>Des analyses partag\u00e9es<\/li>\n<li>Des analyses rejet\u00e9es B. Les prises de position pol\u00e9miques<\/li>\n<li>La critique de ses adversaires<\/li>\n<li>La louange des partisans de sa m\u00e9thode<\/li>\n<\/ol>\n<p>Conclusion du chapitre<\/p>\n<p>CHAPITRE 2.. L\u0080\u0099APOG\u00c9E DE L\u2019HUMANISME HISTORICISTE<\/p>\n<p>Section I. Le r\u00e9tablissement du texte \u00a71 : La critique externe A. Les sources latines<\/p>\n<ol>\n<li>Les diff\u00e9rentes versions du corpus juris civilis a. La place particuli\u00e8re de la Florentine b. Les variantes manuscrites imprim\u00e9es<\/li>\n<li>Les autres sources juridiques<\/li>\n<li>Les sources litt\u00e9raires B. Les sources grecques<\/li>\n<li>La correction des textes latins<\/li>\n<li>La reconstitution des textes grecs \u00a72 : La critique interne A. La forme du droit<\/li>\n<li>Le crit\u00e8re stylistique<\/li>\n<li>Le crit\u00e8re grammatical et orthographique B. Le fond du droit<\/li>\n<li>Le crit\u00e8re historique<\/li>\n<li>Le crit\u00e8re logique \u00a73 : La critique nuanc\u00e9e du travail de Tribonien A. Le rejet des interpolations<\/li>\n<li>L\u2019opinion de Jacques Cujas<\/li>\n<li>Les exc\u00e8s de certains humanistes B. Le rejet d\u2019une condamnation syst\u00e9matique<\/li>\n<li>La d\u00e9fense du travail du compilateur<\/li>\n<li>L\u2019existence de modifications non triboniennes<\/li>\n<\/ol>\n<p>Section II. Le r\u00e9tablissement du contexte \u00a71 : Une nouvelle m\u00e9thode fond\u00e9e sur l\u2019Histoire A. La reconstitution des oeuvres classiques<\/p>\n<ol>\n<li>Le plan historique de l\u2019ouvrage<\/li>\n<li>Le sens historique des fragments B. La d\u00e9termination de la logique du corpus juris civilis<\/li>\n<li>La justification du plan des compilations<\/li>\n<li>Les limites du plan des compilations \u00a72 : Une interpr\u00e9tation r\u00e9nov\u00e9e par l\u2019Histoire A. Un bouleversement : l\u2019interpr\u00e9tation historico-ex\u00e9g\u00e9tique du droit romain<\/li>\n<li>L\u2019analyse historique comme r\u00e9f\u00e9rentiel interpr\u00e9tatif<\/li>\n<li>L\u2019analyse ex\u00e9g\u00e9tique compl\u00e9mentaire B. Une technique novatrice de conciliation des contradictions : l\u2019analyse historique du corpus juris civilis<\/li>\n<li>La conciliation par l\u2019histoire du droit romain<\/li>\n<li>La conciliation par la critique historique des textes<\/li>\n<\/ol>\n<p>Conclusion du chapitre<\/p>\n<p>CONCLUSION DE LA PARTIE<\/p>\n<p>SECONDE PARTIE. LA PRATIQUE JURIDIQUE CHEZ JACQUES CUJAS<\/p>\n<p>CHAPITRE PREMIER. LE DROIT DES SUCCESSIONS EN PRATIQUE<\/p>\n<p>Section I. Le recours axiomatique au droit romain \u00a71 : L\u2019exemple de la succession testamentaire A. La validit\u00e9 du testament<\/p>\n<ol>\n<li>Les t\u00e9moins<\/li>\n<li>Le cas particulier des militaires B. La d\u00e9signation des h\u00e9ritiers<\/li>\n<li>L\u2019institution d\u2019h\u00e9ritier<\/li>\n<li>Les substitutions \u00a72 : L\u2019exemple des legs et fid\u00e9icommis A. La port\u00e9e des legs et fid\u00e9icommis conditionnels<\/li>\n<li>Cas d\u2019un legs conditionnel<\/li>\n<li>Cas d\u2019un fid\u00e9icommis conditionnel B. La transmission des legs et fid\u00e9icommis<\/li>\n<li>Cas de transmission d\u2019un legs<\/li>\n<li>Cas de transmission d\u2019un fid\u00e9icommis<\/li>\n<\/ol>\n<p>Section II. Le recours n\u00e9cessaire \u00e0 des sources compl\u00e9mentaires et concurrentes \u00a71 : Les dispositions successorales du \u00ab droit fran\u00e7ais \u00bb A. Les coutumes du royaume<\/p>\n<ol>\n<li>Force des coutumes successorales a. Face au droit romain b. Face \u00e0 une convention priv\u00e9e<\/li>\n<li>Exemples d\u2019application de coutumes successorales B. La l\u00e9gislation royale<\/li>\n<li>L\u2019insinuation d\u2019une donation \u00e0 cause de mort<\/li>\n<li>Les dispositions testamentaires au profit d\u2019un tuteur ou d\u2019un curateur<\/li>\n<li>L\u2019\u00e9tendue des substitutions fid\u00e9icommissaires \u00a72 : Les successions en droit f\u00e9odal A. Le r\u00e9gime expos\u00e9 par Jacques Cujas<\/li>\n<li>La d\u00e9termination de l\u2019h\u00e9ritier<\/li>\n<li>La concurrence entre h\u00e9ritiers B. Les cas pratiques r\u00e9solus par Jacques Cujas<\/li>\n<li>Le droit applicable \u00e0 une d\u00e9volution testamentaire de biens nobles<\/li>\n<li>L\u2019\u00e9tendue de la libert\u00e9 testamentaire \u00e0 l\u2019\u00e9gard d\u2019une succession f\u00e9odale \u00a73 : Le cas particulier d\u2019une succession de droit public A. Le risque de vacance du tr\u00f4ne de Portugal B. Les solutions propos\u00e9es par Jacques Cujas<\/li>\n<li>Les droits de proximit\u00e9 et de repr\u00e9sentation<\/li>\n<li>La loi salique et la cr\u00e9ation d\u2019un nouveau roi<\/li>\n<li>L\u2019adoption d\u2019un h\u00e9ritier au tr\u00f4ne<\/li>\n<\/ol>\n<p>Conclusion du chapitre<\/p>\n<p>CHAPITRE 2.. LE DROIT F\u00c9ODAL, ENTRE PRATIQUE ET CRITIQUE HISTORIQUE<\/p>\n<p>Section I. L\u2019analyse historique du fief \u00a71 : Les fondements romains A. Le rejet de la th\u00e9orie m\u00e9di\u00e9vale du domaine divis\u00e9<\/p>\n<ol>\n<li>La th\u00e9orie pratique des commentateurs<\/li>\n<li>La critique romaniste de Jacques Cujas B. L\u2019adoption d\u2019une d\u00e9finition romaine du fief<\/li>\n<li>Le d\u00e9bat sur l\u2019origine du fief<\/li>\n<li>Le fief comme usufruit \u00a72 : Les transformations pratiques ult\u00e9rieures A. Un usufruit avec charges<\/li>\n<li>Fief, noblesse et obligation militaire<\/li>\n<li>Fief, fid\u00e9lit\u00e9 et obligations p\u00e9cuniaires B. Un usufruit h\u00e9r\u00e9ditaire<\/li>\n<li>De la concession \u00e0 temps \u00e0 la concession \u00e0 vie<\/li>\n<li>La concession de l\u2019h\u00e9r\u00e9dit\u00e9<\/li>\n<\/ol>\n<p>Section II. Les pratiques de dessaisissement du fief \u00a71 : Le dessaisissement volontaire : la vente du fief A. Le droit de cession<\/p>\n<ol>\n<li>Un usufruit cessible<\/li>\n<li>La situation de l\u2019acqu\u00e9reur B. Les droits de retrait<\/li>\n<li>Le retrait lignager<\/li>\n<li>Le retrait f\u00e9odal \u00a72 : Le dessaisissement forc\u00e9 : la perte du fief A. Les causes de la saisie<\/li>\n<li>La n\u00e9gation de la foi<\/li>\n<li>La rupture de la foi B. La proc\u00e9dure de la saisie<\/li>\n<li>L\u2019action du seigneur<\/li>\n<li>La d\u00e9fense du vassal<\/li>\n<\/ol>\n<p>Conclusion du chapitre<\/p>\n<p>CONCLUSION DE LA PARTIE<\/p>\n<p>CONCLUSION<\/p>\n<p>ANNEXES<\/p>\n<ol>\n<li>Les \u0153uvres de Jacques Cujas 1.1. Dates de publication des ouvrages et Dates des cours publi\u00e9s 1.2. Table de concordance des tomes des \u00e9ditions de r\u00e9f\u00e9rence. 1.3. D\u00e9coupage de l\u2019\u00e9dition de Prato, 1836-1844 1.4. D\u00e9coupage de l\u2019\u00e9dition de Prato, 1859-1871 et Turin- Paris, 1874 1.5. Tableau de pr\u00e9sentation synth\u00e9tique des ouvrages de Jacques Cujas<\/li>\n<li>Les r\u00e9f\u00e9rences cit\u00e9es par Jacques Cujas 2.1. Tableaux g\u00e9n\u00e9raux 2.1.1. Auteurs cit\u00e9s par Jacques Cujas : Tableau g\u00e9n\u00e9ral par ordre alphab\u00e9tique 2.1.2. Auteurs cit\u00e9s par Jacques Cujas : Tableau g\u00e9n\u00e9ral par nombre de r\u00e9f\u00e9rences 2.2. Regroupement par p\u00e9riode 2.2.1. Auteurs de l\u2019Antiquit\u00e9 cit\u00e9s par Jacques Cujas 2.2.2. Auteurs du Moyen \u00c2ge cit\u00e9s par Jacques Cujas 2.2.3. Auteurs des Temps modernes cit\u00e9s par Jacques Cujas 2.3. Regroupement par activit\u00e9 2.3.1. Les juristes cit\u00e9s par Jacques Cujas 2.3.1.1. Tableau g\u00e9n\u00e9ral des juristes cit\u00e9s par Jacques Cujas 2.3.1.2. Les glossateurs cit\u00e9s par Jacques Cujas 2.3.1.3. Les commentateurs cit\u00e9s par Jacques Cujas 2.3.1.4. Les juristes humanistes cit\u00e9s par Jacques Cujas 2.3.1.5. Les juristes byzantins cit\u00e9s par Jacques Cujas 2.3.2. Les r\u00e9f\u00e9rences extra-juridiques de Jacques Cujas 2.3.2.1. Agronomes, Botanistes et Naturalistes cit\u00e9s par Jacques Cujas 2.3.2.2. Architectes cit\u00e9s par Jacques Cujas 2.3.2.3. Astronomes et G\u00e9ographes cit\u00e9s par Jacques Cujas 2.3.2.4. \u00c9crivains chr\u00e9tiens et Th\u00e9ologiens cit\u00e9s par Jacques Cujas 2.3.2.5. \u00c9crivains cit\u00e9s par Jacques Cujas 2.3.2.6. Grammairiens et Philologues cit\u00e9s par Jacques Cujas 2.3.2.7. Historiens cit\u00e9s par Jacques Cujas 2.3.2.8. Hommes politiques et Hauts fonctionnaires cit\u00e9s par Jacques Cujas 2.3.2.9. Humanistes cit\u00e9s par Jacques Cujas 2.3.2.10. Imprimeurs et \u00c9diteurs cit\u00e9s par Jacques Cujas 2.3.2.11. Math\u00e9maticiens cit\u00e9s par Jacques Cujas 2.3.2.12. M\u00e9decins cit\u00e9s par Jacques Cujas 2.3.2.13. Pan\u00e9gyristes cit\u00e9s par Jacques Cujas 2.3.2.14. Philosophes cit\u00e9s par Jacques Cujas 2.3.2.15. Po\u00e8tes et Fabulistes cit\u00e9s par Jacques Cujas 2.3.2.16. Rh\u00e9teurs et Orateurs cit\u00e9s par Jacques Cujas 2.3.2.17. Traducteurs cit\u00e9s par Jacques Cujas 2.4. Regroupement par langue \/ nationalit\u00e9 2.4.1. Auteurs de langue latine cit\u00e9s par Jacques Cujas 2.4.2. Auteurs de langue grecque cit\u00e9s par Jacques Cujas 2.4.3. Auteurs allemands cit\u00e9s par Jacques Cujas 2.4.4. Auteurs bataves cit\u00e9s par Jacques Cujas 2.4.5. Auteurs britanniques cit\u00e9s par Jacques Cujas 2.4.6. Auteurs espagnols cit\u00e9s par Jacques Cujas 2.4.7. Auteurs fran\u00e7ais cit\u00e9s par Jacques Cujas 2.4.8. Auteurs italiens cit\u00e9s par Jacques Cujas 2.4.9. Auteurs d\u2019une autre langue ou nationalit\u00e9 cit\u00e9s par Jacques Cujas<\/li>\n<li>G\u00e9n\u00e9alogie simplifi\u00e9e des pr\u00e9tendants \u00e0 la Couronne de Portugal en 1580<\/li>\n<\/ol>\n<p>BIBLIOGRAPHIE<\/p>\n<p>I &#8211; Sources Sources manuscrites Archives d\u00e9partementales de la Haute-Garonne S\u00e9rie B : Cours et juridictions S\u00e9rie E : F\u00e9odalit\u00e9, Communes, Bourgeoisie, Familles, Notaires S\u00e9rie H: Archives eccl\u00e9siastiques Archives municipales de Bourges S\u00e9rie AA : Actes constitutifs et politiques de la commune. S\u00e9rie BB : Administration communale S\u00e9rie GG: Cultes, Instruction, Assistance publique Archives municipales de Toulouse S\u00e9rie AA : Actes constitutifs et politiques de la commune. S\u00e9rie CC : Cadastre, Imp\u00f4t, Comptabilit\u00e9 S\u00e9rie HH: Agriculture, Industrie, Commerce Archives nationales Registre du parlement de Paris Biblioth\u00e8que nationale de France Fonds latin Fonds fran\u00e7ais Fonds Dupuy Fonds Baluze Nouvelles Acquisitions Fran\u00e7aises Sources imprim\u00e9es Jacques Cujas Droits romain et canonique Droit byzantin L\u00e9gislation Doctrine juridique Autres sources imprim\u00e9es<\/p>\n<p>II -\u00c9tudes INDEX DES MATI\u00c8RES INDEX DES NOMS DE LIEUX INDEX DES NOMS DE PERSONNES INDEX DES SOURCES JURIDIQUES Sources romaines et canoniques Sources \u00ab fran\u00e7aises \u00bb<\/p>\n","protected":false},"excerpt":{"rendered":"<p>La SEMEN-L a le plaisir d&rsquo;annoncer la parution de l&rsquo;ouvrage de Xavier Pr\u00e9vost, Jacques Cujas (1522-1590), jurisconsulte humaniste, chez Droz dans la collection \u00ab\u00a0Titres courants\u00a0\u00bb. Jacques Cujas appara\u00eet comme l\u2019un des principaux repr\u00e9sentants de l\u2019humanisme juridique, courant qui introduit l\u2019id\u00e9e &hellip; <a href=\"https:\/\/www.semen-l.org\/?p=4035\">Continuer la lecture <span class=\"meta-nav\">&rarr;<\/span><\/a><\/p>\n","protected":false},"author":26,"featured_media":4036,"comment_status":"open","ping_status":"open","sticky":false,"template":"","format":"standard","meta":{"footnotes":""},"categories":[7],"tags":[1586,1390,1282,900,823,270,1168,1855,1187,144,2284,692,139,1594,1995],"class_list":["post-4035","post","type-post","status-publish","format-standard","has-post-thumbnail","hentry","category-publications","tag-biographie","tag-corpus","tag-critique","tag-cujas-jacques","tag-droit","tag-edition","tag-erudition","tag-glose","tag-histoire","tag-humanisme","tag-jurisprudence","tag-philologie","tag-philosophie","tag-religion","tag-universite"],"yoast_head":"<!-- This site is optimized with the Yoast SEO plugin v27.4 - https:\/\/yoast.com\/product\/yoast-seo-wordpress\/ -->\n<title>Xavier Pr\u00e9vost, Jacques Cujas (1522-1590), jurisconsulte humaniste - Soci\u00e9t\u00e9 d&#039;\u00c9tudes M\u00e9dio Et N\u00e9o-Latines<\/title>\n<meta name=\"robots\" content=\"index, follow, max-snippet:-1, max-image-preview:large, max-video-preview:-1\" \/>\n<link rel=\"canonical\" href=\"http:\/\/www.semen-l.org\/?p=4035\" \/>\n<meta property=\"og:locale\" content=\"fr_FR\" \/>\n<meta property=\"og:type\" content=\"article\" \/>\n<meta property=\"og:title\" content=\"Xavier Pr\u00e9vost, Jacques Cujas (1522-1590), jurisconsulte humaniste - Soci\u00e9t\u00e9 d&#039;\u00c9tudes M\u00e9dio Et N\u00e9o-Latines\" \/>\n<meta property=\"og:description\" content=\"La SEMEN-L a le plaisir d&rsquo;annoncer la parution de l&rsquo;ouvrage de Xavier Pr\u00e9vost, Jacques Cujas (1522-1590), jurisconsulte humaniste, chez Droz dans la collection \u00ab\u00a0Titres courants\u00a0\u00bb. Jacques Cujas appara\u00eet comme l\u2019un des principaux repr\u00e9sentants de l\u2019humanisme juridique, courant qui introduit l\u2019id\u00e9e &hellip; Continuer la lecture &rarr;\" \/>\n<meta property=\"og:url\" content=\"http:\/\/www.semen-l.org\/?p=4035\" \/>\n<meta property=\"og:site_name\" content=\"Soci\u00e9t\u00e9 d&#039;\u00c9tudes M\u00e9dio Et N\u00e9o-Latines\" \/>\n<meta property=\"article:publisher\" content=\"https:\/\/www.facebook.com\/SEMENL2018\" \/>\n<meta property=\"article:published_time\" content=\"2025-06-03T13:45:30+00:00\" \/>\n<meta property=\"og:image\" content=\"http:\/\/www.semen-l.org\/wp-content\/uploads\/2025\/06\/cujas-couv.jpg\" \/>\n\t<meta property=\"og:image:width\" content=\"691\" \/>\n\t<meta property=\"og:image:height\" content=\"1100\" \/>\n\t<meta property=\"og:image:type\" content=\"image\/jpeg\" \/>\n<meta name=\"author\" content=\"Julien Maudoux\" \/>\n<meta name=\"twitter:card\" content=\"summary_large_image\" \/>\n<meta name=\"twitter:label1\" content=\"\u00c9crit par\" \/>\n\t<meta name=\"twitter:data1\" content=\"Julien Maudoux\" \/>\n\t<meta name=\"twitter:label2\" content=\"Dur\u00e9e de lecture estim\u00e9e\" \/>\n\t<meta name=\"twitter:data2\" content=\"11 minutes\" \/>\n<script type=\"application\/ld+json\" class=\"yoast-schema-graph\">{\"@context\":\"https:\\\/\\\/schema.org\",\"@graph\":[{\"@type\":\"Article\",\"@id\":\"http:\\\/\\\/www.semen-l.org\\\/?p=4035#article\",\"isPartOf\":{\"@id\":\"http:\\\/\\\/www.semen-l.org\\\/?p=4035\"},\"author\":{\"name\":\"Julien Maudoux\",\"@id\":\"http:\\\/\\\/www.semen-l.org\\\/#\\\/schema\\\/person\\\/ef5208815f17666727763c5363a51344\"},\"headline\":\"Xavier Pr\u00e9vost, Jacques Cujas (1522-1590), jurisconsulte humaniste\",\"datePublished\":\"2025-06-03T13:45:30+00:00\",\"mainEntityOfPage\":{\"@id\":\"http:\\\/\\\/www.semen-l.org\\\/?p=4035\"},\"wordCount\":2179,\"commentCount\":0,\"publisher\":{\"@id\":\"http:\\\/\\\/www.semen-l.org\\\/#organization\"},\"image\":{\"@id\":\"http:\\\/\\\/www.semen-l.org\\\/?p=4035#primaryimage\"},\"thumbnailUrl\":\"https:\\\/\\\/www.semen-l.org\\\/wp-content\\\/uploads\\\/2025\\\/06\\\/cujas-couv.jpg\",\"keywords\":[\"biographie\",\"corpus\",\"critique\",\"Cujas (Jacques)\",\"droit\",\"\u00e9dition\",\"\u00e9rudition\",\"glose\",\"histoire\",\"humanisme\",\"jurisprudence\",\"philologie\",\"philosophie\",\"religion\",\"universit\u00e9\"],\"articleSection\":[\"Publications\"],\"inLanguage\":\"fr-FR\",\"potentialAction\":[{\"@type\":\"CommentAction\",\"name\":\"Comment\",\"target\":[\"http:\\\/\\\/www.semen-l.org\\\/?p=4035#respond\"]}]},{\"@type\":\"WebPage\",\"@id\":\"http:\\\/\\\/www.semen-l.org\\\/?p=4035\",\"url\":\"http:\\\/\\\/www.semen-l.org\\\/?p=4035\",\"name\":\"Xavier Pr\u00e9vost, Jacques Cujas (1522-1590), jurisconsulte humaniste - Soci\u00e9t\u00e9 d&#039;\u00c9tudes M\u00e9dio Et N\u00e9o-Latines\",\"isPartOf\":{\"@id\":\"http:\\\/\\\/www.semen-l.org\\\/#website\"},\"primaryImageOfPage\":{\"@id\":\"http:\\\/\\\/www.semen-l.org\\\/?p=4035#primaryimage\"},\"image\":{\"@id\":\"http:\\\/\\\/www.semen-l.org\\\/?p=4035#primaryimage\"},\"thumbnailUrl\":\"https:\\\/\\\/www.semen-l.org\\\/wp-content\\\/uploads\\\/2025\\\/06\\\/cujas-couv.jpg\",\"datePublished\":\"2025-06-03T13:45:30+00:00\",\"breadcrumb\":{\"@id\":\"http:\\\/\\\/www.semen-l.org\\\/?p=4035#breadcrumb\"},\"inLanguage\":\"fr-FR\",\"potentialAction\":[{\"@type\":\"ReadAction\",\"target\":[\"http:\\\/\\\/www.semen-l.org\\\/?p=4035\"]}]},{\"@type\":\"ImageObject\",\"inLanguage\":\"fr-FR\",\"@id\":\"http:\\\/\\\/www.semen-l.org\\\/?p=4035#primaryimage\",\"url\":\"https:\\\/\\\/www.semen-l.org\\\/wp-content\\\/uploads\\\/2025\\\/06\\\/cujas-couv.jpg\",\"contentUrl\":\"https:\\\/\\\/www.semen-l.org\\\/wp-content\\\/uploads\\\/2025\\\/06\\\/cujas-couv.jpg\",\"width\":691,\"height\":1100},{\"@type\":\"BreadcrumbList\",\"@id\":\"http:\\\/\\\/www.semen-l.org\\\/?p=4035#breadcrumb\",\"itemListElement\":[{\"@type\":\"ListItem\",\"position\":1,\"name\":\"Accueil\",\"item\":\"http:\\\/\\\/www.semen-l.org\\\/\"},{\"@type\":\"ListItem\",\"position\":2,\"name\":\"Xavier Pr\u00e9vost, Jacques Cujas (1522-1590), jurisconsulte humaniste\"}]},{\"@type\":\"WebSite\",\"@id\":\"http:\\\/\\\/www.semen-l.org\\\/#website\",\"url\":\"http:\\\/\\\/www.semen-l.org\\\/\",\"name\":\"Soci\u00e9t\u00e9 d'\u00c9tudes M\u00e9dio Et N\u00e9o-Latines\",\"description\":\"\",\"publisher\":{\"@id\":\"http:\\\/\\\/www.semen-l.org\\\/#organization\"},\"potentialAction\":[{\"@type\":\"SearchAction\",\"target\":{\"@type\":\"EntryPoint\",\"urlTemplate\":\"http:\\\/\\\/www.semen-l.org\\\/?s={search_term_string}\"},\"query-input\":{\"@type\":\"PropertyValueSpecification\",\"valueRequired\":true,\"valueName\":\"search_term_string\"}}],\"inLanguage\":\"fr-FR\"},{\"@type\":\"Organization\",\"@id\":\"http:\\\/\\\/www.semen-l.org\\\/#organization\",\"name\":\"Soci\u00e9t\u00e9 d'\u00e9tudes m\u00e9dio et n\u00e9o-latines\",\"url\":\"http:\\\/\\\/www.semen-l.org\\\/\",\"logo\":{\"@type\":\"ImageObject\",\"inLanguage\":\"fr-FR\",\"@id\":\"http:\\\/\\\/www.semen-l.org\\\/#\\\/schema\\\/logo\\\/image\\\/\",\"url\":\"http:\\\/\\\/www.semen-l.org\\\/wp-content\\\/uploads\\\/2020\\\/11\\\/logo-semenl.jpg\",\"contentUrl\":\"http:\\\/\\\/www.semen-l.org\\\/wp-content\\\/uploads\\\/2020\\\/11\\\/logo-semenl.jpg\",\"width\":408,\"height\":403,\"caption\":\"Soci\u00e9t\u00e9 d'\u00e9tudes m\u00e9dio et n\u00e9o-latines\"},\"image\":{\"@id\":\"http:\\\/\\\/www.semen-l.org\\\/#\\\/schema\\\/logo\\\/image\\\/\"},\"sameAs\":[\"https:\\\/\\\/www.facebook.com\\\/SEMENL2018\",\"https:\\\/\\\/independent.academia.edu\\\/SocitsdtudesmdioetnolatinesSEMENL\"]},{\"@type\":\"Person\",\"@id\":\"http:\\\/\\\/www.semen-l.org\\\/#\\\/schema\\\/person\\\/ef5208815f17666727763c5363a51344\",\"name\":\"Julien Maudoux\",\"image\":{\"@type\":\"ImageObject\",\"inLanguage\":\"fr-FR\",\"@id\":\"https:\\\/\\\/secure.gravatar.com\\\/avatar\\\/caabf4fb6242e2277733cd35a5c2aa083761ea25dae1d1ff3298b54292225292?s=96&d=mm&r=g\",\"url\":\"https:\\\/\\\/secure.gravatar.com\\\/avatar\\\/caabf4fb6242e2277733cd35a5c2aa083761ea25dae1d1ff3298b54292225292?s=96&d=mm&r=g\",\"contentUrl\":\"https:\\\/\\\/secure.gravatar.com\\\/avatar\\\/caabf4fb6242e2277733cd35a5c2aa083761ea25dae1d1ff3298b54292225292?s=96&d=mm&r=g\",\"caption\":\"Julien Maudoux\"},\"description\":\"Webmestre du site de la SEMEN-L\",\"url\":\"https:\\\/\\\/www.semen-l.org\\\/?author=26\"}]}<\/script>\n<!-- \/ Yoast SEO plugin. -->","yoast_head_json":{"title":"Xavier Pr\u00e9vost, Jacques Cujas (1522-1590), jurisconsulte humaniste - Soci\u00e9t\u00e9 d&#039;\u00c9tudes M\u00e9dio Et N\u00e9o-Latines","robots":{"index":"index","follow":"follow","max-snippet":"max-snippet:-1","max-image-preview":"max-image-preview:large","max-video-preview":"max-video-preview:-1"},"canonical":"http:\/\/www.semen-l.org\/?p=4035","og_locale":"fr_FR","og_type":"article","og_title":"Xavier Pr\u00e9vost, Jacques Cujas (1522-1590), jurisconsulte humaniste - Soci\u00e9t\u00e9 d&#039;\u00c9tudes M\u00e9dio Et N\u00e9o-Latines","og_description":"La SEMEN-L a le plaisir d&rsquo;annoncer la parution de l&rsquo;ouvrage de Xavier Pr\u00e9vost, Jacques Cujas (1522-1590), jurisconsulte humaniste, chez Droz dans la collection \u00ab\u00a0Titres courants\u00a0\u00bb. Jacques Cujas appara\u00eet comme l\u2019un des principaux repr\u00e9sentants de l\u2019humanisme juridique, courant qui introduit l\u2019id\u00e9e &hellip; Continuer la lecture &rarr;","og_url":"http:\/\/www.semen-l.org\/?p=4035","og_site_name":"Soci\u00e9t\u00e9 d&#039;\u00c9tudes M\u00e9dio Et N\u00e9o-Latines","article_publisher":"https:\/\/www.facebook.com\/SEMENL2018","article_published_time":"2025-06-03T13:45:30+00:00","og_image":[{"width":691,"height":1100,"url":"http:\/\/www.semen-l.org\/wp-content\/uploads\/2025\/06\/cujas-couv.jpg","type":"image\/jpeg"}],"author":"Julien Maudoux","twitter_card":"summary_large_image","twitter_misc":{"\u00c9crit par":"Julien Maudoux","Dur\u00e9e de lecture estim\u00e9e":"11 minutes"},"schema":{"@context":"https:\/\/schema.org","@graph":[{"@type":"Article","@id":"http:\/\/www.semen-l.org\/?p=4035#article","isPartOf":{"@id":"http:\/\/www.semen-l.org\/?p=4035"},"author":{"name":"Julien Maudoux","@id":"http:\/\/www.semen-l.org\/#\/schema\/person\/ef5208815f17666727763c5363a51344"},"headline":"Xavier Pr\u00e9vost, Jacques Cujas (1522-1590), jurisconsulte humaniste","datePublished":"2025-06-03T13:45:30+00:00","mainEntityOfPage":{"@id":"http:\/\/www.semen-l.org\/?p=4035"},"wordCount":2179,"commentCount":0,"publisher":{"@id":"http:\/\/www.semen-l.org\/#organization"},"image":{"@id":"http:\/\/www.semen-l.org\/?p=4035#primaryimage"},"thumbnailUrl":"https:\/\/www.semen-l.org\/wp-content\/uploads\/2025\/06\/cujas-couv.jpg","keywords":["biographie","corpus","critique","Cujas (Jacques)","droit","\u00e9dition","\u00e9rudition","glose","histoire","humanisme","jurisprudence","philologie","philosophie","religion","universit\u00e9"],"articleSection":["Publications"],"inLanguage":"fr-FR","potentialAction":[{"@type":"CommentAction","name":"Comment","target":["http:\/\/www.semen-l.org\/?p=4035#respond"]}]},{"@type":"WebPage","@id":"http:\/\/www.semen-l.org\/?p=4035","url":"http:\/\/www.semen-l.org\/?p=4035","name":"Xavier Pr\u00e9vost, Jacques Cujas (1522-1590), jurisconsulte humaniste - Soci\u00e9t\u00e9 d&#039;\u00c9tudes M\u00e9dio Et N\u00e9o-Latines","isPartOf":{"@id":"http:\/\/www.semen-l.org\/#website"},"primaryImageOfPage":{"@id":"http:\/\/www.semen-l.org\/?p=4035#primaryimage"},"image":{"@id":"http:\/\/www.semen-l.org\/?p=4035#primaryimage"},"thumbnailUrl":"https:\/\/www.semen-l.org\/wp-content\/uploads\/2025\/06\/cujas-couv.jpg","datePublished":"2025-06-03T13:45:30+00:00","breadcrumb":{"@id":"http:\/\/www.semen-l.org\/?p=4035#breadcrumb"},"inLanguage":"fr-FR","potentialAction":[{"@type":"ReadAction","target":["http:\/\/www.semen-l.org\/?p=4035"]}]},{"@type":"ImageObject","inLanguage":"fr-FR","@id":"http:\/\/www.semen-l.org\/?p=4035#primaryimage","url":"https:\/\/www.semen-l.org\/wp-content\/uploads\/2025\/06\/cujas-couv.jpg","contentUrl":"https:\/\/www.semen-l.org\/wp-content\/uploads\/2025\/06\/cujas-couv.jpg","width":691,"height":1100},{"@type":"BreadcrumbList","@id":"http:\/\/www.semen-l.org\/?p=4035#breadcrumb","itemListElement":[{"@type":"ListItem","position":1,"name":"Accueil","item":"http:\/\/www.semen-l.org\/"},{"@type":"ListItem","position":2,"name":"Xavier Pr\u00e9vost, Jacques Cujas (1522-1590), jurisconsulte humaniste"}]},{"@type":"WebSite","@id":"http:\/\/www.semen-l.org\/#website","url":"http:\/\/www.semen-l.org\/","name":"Soci\u00e9t\u00e9 d'\u00c9tudes M\u00e9dio Et N\u00e9o-Latines","description":"","publisher":{"@id":"http:\/\/www.semen-l.org\/#organization"},"potentialAction":[{"@type":"SearchAction","target":{"@type":"EntryPoint","urlTemplate":"http:\/\/www.semen-l.org\/?s={search_term_string}"},"query-input":{"@type":"PropertyValueSpecification","valueRequired":true,"valueName":"search_term_string"}}],"inLanguage":"fr-FR"},{"@type":"Organization","@id":"http:\/\/www.semen-l.org\/#organization","name":"Soci\u00e9t\u00e9 d'\u00e9tudes m\u00e9dio et n\u00e9o-latines","url":"http:\/\/www.semen-l.org\/","logo":{"@type":"ImageObject","inLanguage":"fr-FR","@id":"http:\/\/www.semen-l.org\/#\/schema\/logo\/image\/","url":"http:\/\/www.semen-l.org\/wp-content\/uploads\/2020\/11\/logo-semenl.jpg","contentUrl":"http:\/\/www.semen-l.org\/wp-content\/uploads\/2020\/11\/logo-semenl.jpg","width":408,"height":403,"caption":"Soci\u00e9t\u00e9 d'\u00e9tudes m\u00e9dio et n\u00e9o-latines"},"image":{"@id":"http:\/\/www.semen-l.org\/#\/schema\/logo\/image\/"},"sameAs":["https:\/\/www.facebook.com\/SEMENL2018","https:\/\/independent.academia.edu\/SocitsdtudesmdioetnolatinesSEMENL"]},{"@type":"Person","@id":"http:\/\/www.semen-l.org\/#\/schema\/person\/ef5208815f17666727763c5363a51344","name":"Julien Maudoux","image":{"@type":"ImageObject","inLanguage":"fr-FR","@id":"https:\/\/secure.gravatar.com\/avatar\/caabf4fb6242e2277733cd35a5c2aa083761ea25dae1d1ff3298b54292225292?s=96&d=mm&r=g","url":"https:\/\/secure.gravatar.com\/avatar\/caabf4fb6242e2277733cd35a5c2aa083761ea25dae1d1ff3298b54292225292?s=96&d=mm&r=g","contentUrl":"https:\/\/secure.gravatar.com\/avatar\/caabf4fb6242e2277733cd35a5c2aa083761ea25dae1d1ff3298b54292225292?s=96&d=mm&r=g","caption":"Julien Maudoux"},"description":"Webmestre du site de la SEMEN-L","url":"https:\/\/www.semen-l.org\/?author=26"}]}},"jetpack_featured_media_url":"https:\/\/www.semen-l.org\/wp-content\/uploads\/2025\/06\/cujas-couv.jpg","_links":{"self":[{"href":"https:\/\/www.semen-l.org\/index.php?rest_route=\/wp\/v2\/posts\/4035","targetHints":{"allow":["GET"]}}],"collection":[{"href":"https:\/\/www.semen-l.org\/index.php?rest_route=\/wp\/v2\/posts"}],"about":[{"href":"https:\/\/www.semen-l.org\/index.php?rest_route=\/wp\/v2\/types\/post"}],"author":[{"embeddable":true,"href":"https:\/\/www.semen-l.org\/index.php?rest_route=\/wp\/v2\/users\/26"}],"replies":[{"embeddable":true,"href":"https:\/\/www.semen-l.org\/index.php?rest_route=%2Fwp%2Fv2%2Fcomments&post=4035"}],"version-history":[{"count":0,"href":"https:\/\/www.semen-l.org\/index.php?rest_route=\/wp\/v2\/posts\/4035\/revisions"}],"wp:featuredmedia":[{"embeddable":true,"href":"https:\/\/www.semen-l.org\/index.php?rest_route=\/wp\/v2\/media\/4036"}],"wp:attachment":[{"href":"https:\/\/www.semen-l.org\/index.php?rest_route=%2Fwp%2Fv2%2Fmedia&parent=4035"}],"wp:term":[{"taxonomy":"category","embeddable":true,"href":"https:\/\/www.semen-l.org\/index.php?rest_route=%2Fwp%2Fv2%2Fcategories&post=4035"},{"taxonomy":"post_tag","embeddable":true,"href":"https:\/\/www.semen-l.org\/index.php?rest_route=%2Fwp%2Fv2%2Ftags&post=4035"}],"curies":[{"name":"wp","href":"https:\/\/api.w.org\/{rel}","templated":true}]}}