{"id":4031,"date":"2025-06-02T14:23:20","date_gmt":"2025-06-02T14:23:20","guid":{"rendered":"https:\/\/www.semen-l.org\/?p=4031"},"modified":"2025-06-02T14:29:08","modified_gmt":"2025-06-02T14:29:08","slug":"aux-marges-de-lencyclopedie-circulation-des-savoirs-de-lantiquite-a-lage-de-lhumanisme-sous-la-direction-de-thibault-miguet-et-anne-raffarin","status":"publish","type":"post","link":"https:\/\/www.semen-l.org\/?p=4031","title":{"rendered":"Aux marges de l\u2019encyclop\u00e9die : circulation des savoirs de l\u2019Antiquit\u00e9 \u00e0 l\u2019\u00e2ge de l\u2019Humanisme, sous la direction de Thibault Miguet et Anne Raffarin"},"content":{"rendered":"<p><a href=\"https:\/\/www.honorechampion.com\/fr\/editions-honore-champion\/13366-book-08536380-9782745363800.html\"><img fetchpriority=\"high\" decoding=\"async\" class=\"alignright size-medium wp-image-4033\" src=\"http:\/\/www.semen-l.org\/wp-content\/uploads\/2025\/06\/aux-marges-encyclopedie-couv-211x300.jpg\" alt=\"\" width=\"211\" height=\"300\" srcset=\"https:\/\/www.semen-l.org\/wp-content\/uploads\/2025\/06\/aux-marges-encyclopedie-couv-211x300.jpg 211w, https:\/\/www.semen-l.org\/wp-content\/uploads\/2025\/06\/aux-marges-encyclopedie-couv-141x200.jpg 141w, https:\/\/www.semen-l.org\/wp-content\/uploads\/2025\/06\/aux-marges-encyclopedie-couv.jpg 246w\" sizes=\"(max-width: 211px) 100vw, 211px\" \/><\/a>La SEMEN-L a le plaisir d&rsquo;annoncer la parution d&rsquo;un ouvrage sous la direction de Thibault Miguet et Anne Raffarin, <em>Aux marges de l\u2019encyclop\u00e9die : circulation des savoirs de l\u2019Antiquit\u00e9 \u00e0 l\u2019\u00e2ge de l\u2019Humanisme<\/em>, chez Honor\u00e9 Champion dans la collection \u00ab\u00a0Colloques, Congr\u00e8s et Conf\u00e9rences\u00a0\u00bb \u2013 s\u00e9rie Le Moyen \u00c2ge (n\u00b0 33), auquel ont aussi contribu\u00e9 d&rsquo;autres membres de notre Soci\u00e9t\u00e9.<\/p>\n<p>Voici le faire-part de pr\u00e9sentation de l&rsquo;ouvrage par les \u00e9ditions Honor\u00e9 Champion (<a href=\"http:\/\/Aux marges de l\u2019encyclop\u00e9die - pr\u00e9sentation \u00e9diteur\">cliquez ici pour le t\u00e9l\u00e9charger<\/a>) :<\/p>\n<a href=\"https:\/\/www.semen-l.org\/wp-content\/uploads\/2025\/06\/Aux-marges-de-lencyclopedie-presentation-editeur.pdf\" class=\"pdfemb-viewer\" style=\"\" data-width=\"max\" data-height=\"max\" data-toolbar=\"both\" data-toolbar-fixed=\"off\">Aux marges de l\u2019encyclop\u00e9die \u2013 pr\u00e9sentation \u00e9diteur<\/a>\n<h1>Version en texte clair<\/h1>\n<blockquote><p>L\u2019encyclop\u00e9disme peut appara\u00eetre comme la r\u00e9alisation d\u2019un r\u00eave : celui d\u2019un savoir universel. Pourtant, autour de ce r\u00eave existent des zones de turbulence o\u00f9 le r\u00eave se heurte \u00e0 de multiples obstacles, entre autres, l\u2019existence de champs concurrents. Ce volume s\u2019int\u00e9resse aux troubles \u00e0 l\u2019ordre encyclop\u00e9dique, au d\u00e9veloppement de savoirs dans un cadre qui \u00e9chappe \u00e0 ce bel ordonnancement, de l\u2019Antiquit\u00e9 \u00e0 la Renaissance, \u00e9poque o\u00f9 Rabelais emploie pour la premi\u00e8re fois le substantif \u00ab encyclop\u00e9die \u00bb.<\/p>\n<p>Le parcours dans les marges, que ce volume prend le risque d\u2019emprunter, pr\u00e9sente, entre autres, l\u2019int\u00e9r\u00eat de consid\u00e9rer \u00e0 la fois ouvrages scientifiques et litt\u00e9raires, trop souvent disjoints voire oppos\u00e9s, dans une perspective de transmission des connaissances. Cette exploration met en lumi\u00e8re la f\u00e9condit\u00e9 d\u2019un espace dans lequel se construisent des savoirs qui sont tout sauf marginaux.<\/p>\n<p>Les \u00e9tudes qui composent ce volume ont \u00e9t\u00e9 r\u00e9unies \u00e0 l\u2019issue du colloque international qui s\u2019est tenu \u00e0 l\u2019Universit\u00e9 Paris-Est Cr\u00e9teil du 17 au 19 mars 2022.<\/p>\n<p><strong>Thibault Miguet <\/strong>est ma\u00eetre de conf\u00e9rences en langue et litt\u00e9rature grecques \u00e0 l\u2019Universit\u00e9 Paris-Est Cr\u00e9teil. Il est sp\u00e9cialiste de l\u2019histoire et de la transmission de la m\u00e9decine grecque, byzantine et arabe, ainsi que de l\u2019histoire des textes et des savoirs.<\/p>\n<p><strong>Anne Raffarin <\/strong>est professeur de langue et litt\u00e9rature latines \u00e0 l\u2019Universit\u00e9 Paris-Est Cr\u00e9teil. Elle est sp\u00e9cialiste de la litt\u00e9rature humaniste et plus particuli\u00e8rement de l\u2019organisation d\u2019un savoir sur l\u2019Antiquit\u00e9 \u00e0 la Renaissance.<\/p>\n<p>Ont \u00e9galement contribu\u00e9 \u00e0 ce volume : <strong>Scott W. Blanchard, Morgane Cariou, Eva Falaschi, Catherine Gaullier-Bougassas, Nathalie Gorochov, Baptiste La\u00efd, Alice Lamy, Val\u00e9rie Naas, Sylvie Rougier-Blanc, Luigi-Alberto Sanchi, Andrea Severi<\/strong>.<\/p>\n<p><strong>Colloques, Congr\u00e8s et Conf\u00e9rences \u2013 Le Moyen \u00c2ge<\/strong><\/p>\n<p><strong>Collection fond\u00e9e par Jean Dufournet, dirig\u00e9e par Jeanne-Marie Boivin et Mich\u00e8le Gu\u00e9ret-Lafert\u00e9<\/strong><\/p>\n<p>Cette collection accueille des ouvrages collectifs, des actes de congr\u00e8s ou de colloques, des conf\u00e9rences<strong>.<\/strong><\/p>\n<p>&nbsp;<\/p><\/blockquote>\n<h1>Table des mati\u00e8res<\/h1>\n<p>Thibault MIGUET, Anne RAFFARIN<br \/>\nINTRODUCTION 7<\/p>\n<h2>DIRE LE MONDE DANS L\u2019ANTIQUITE<\/h2>\n<p>Eva FALASCHI et Val\u00e9rie NAAS<br \/>\nLES \u0152UVRES MONUMENTALES DANS L\u2019ANTIQUITE :<br \/>\nL\u2019APPR\u00c9HENSION GLOBALE DU SAVOIR AVANT L\u2019ENCYCLOP\u00c9DIE 19<\/p>\n<p>Morgane CARIOU<br \/>\nL\u2019INVENTAIRE DU MONDE DANS LA POESIE GRECQUE D\u2019\u00c9POQUE IMP\u00c9RIALE 35<\/p>\n<p>Sylvie ROUGIER-BLANC<br \/>\nLES DEIPNOSOPHISTES D\u2019ATH\u00c9N\u00c9E ET LA COLLECTION DE SAVOIRS SOUS LES SEVERES : UN PROJET HORS NORME ? 65<\/p>\n<h2>COMPILER ET FAIRE CIRCULER LES SAVOIRS AU MOYEN \u00c2GE LE DEBAT ENTRE LA THEOLOGIE ET LA PHILOSOPHIE<\/h2>\n<p>Nathalie GOROCHOV<br \/>\nCOMPILER LES SAVOIRS DANS L\u2019UNIVERSITE MEDIEVALE :<br \/>\nAUTEURS ET FORMES DE LA PRODUCTION (XIIe-XIIIe SI\u00c8CLE) 83<\/p>\n<p>Alice LAMY<br \/>\nLA FELICITE DE L\u2019HOMME ACCOMPLI SELON ALBERT LE GRAND (1200-1280). \u00c9TUDE COMPAREE DU MODELE SCOLASTIQUE D\u2019INSTRUCTION UNIVERSEL ET DE L\u2019INTENTION ENCYCLOPEDIQUE AU XIIIe SI\u00c8CLE 97<\/p>\n<p>Baptiste LA\u00cfD<br \/>\nLA FORMATION DE L\u2019HOMME INSTRUIT : LE PROGRAMME ET LA M\u00c9THODE D\u2019ENSEIGNEMENT DE LA DISCIPLINA CLERICALIS ET DE SES CONTINUATIONS FRAN\u00c7AISES 115<\/p>\n<p>Catherine GAULLIER-BOUGASSAS<br \/>\nLA NAISSANCE DE LA PHILOSOPHIE GRECQUE SELON LA CHRONIQUE DITE DE BAUDOUIN D\u2019AVESNES ET LE MIROIR HISTORIAL : \u00c9CRITURE HISTORIQUE ET TENTATION DE L\u2019ENCYCLOP\u00c9DISME 133<\/p>\n<p>Thibault MIGUET<br \/>\nDEMEMBRER L\u2019ENCYCLOPEDIE. LES MANUSCRITS D\u2019EXTRAITS DU VIATIQUE DU VOYAGEUR D\u2019IBN AL-\u01e6AZZ\u0100R 153<\/p>\n<h2>L\u2019HUMANISME : DIALOGUE ENTRE LES SAVOIRS ET RECONSTRUCTION DU SENS<\/h2>\n<p>Anne RAFFARIN<br \/>\nLES JOURS DE F\u00caTE D\u2019ALESSANDRO ALESSANDRI : DES NUITS ATTIQUES HUMANISTES 173<\/p>\n<p>Luigi-Alberto SANCHI<br \/>\nLES SOURCES ENCYCLOPEDIQUES DES PROJETS ERUDITS DE GUILLAUME BUDE 197<\/p>\n<p>Laurence BOUL\u00c8GUE<br \/>\nREFONTE DES SAVOIRS ET RECONSTRUCTION DU SENS DANS LES INTRODUCTIONS DE CRISTOFORO LANDINO A L\u2019\u0152UVRE DE VIRGILE 209<\/p>\n<p>ANDREA SEVERI<br \/>\nI 565 \u00abPERCHE\u00bb DEL MEDICO BOLOGNESE GIROLAMO MANFREDI (1474) 221<\/p>\n<p>W. SCOTT BLANCHARD<br \/>\nGIANFRANCESCO PICO DELLA MIRANDOLA AND THE BONFIRE OF THE HUMANITIES 237<\/p>\n<p>TABLE DES MATIERES 285<\/p>\n<p>BIBLIOGRAPHIE SELECTIVE 255<\/p>\n<p>INDEX NOMINUM 279<\/p>\n<p>TABLE DES MATIERES 283<\/p>\n","protected":false},"excerpt":{"rendered":"<p>La SEMEN-L a le plaisir d&rsquo;annoncer la parution d&rsquo;un ouvrage sous la direction de Thibault Miguet et Anne Raffarin, Aux marges de l\u2019encyclop\u00e9die : circulation des savoirs de l\u2019Antiquit\u00e9 \u00e0 l\u2019\u00e2ge de l\u2019Humanisme, chez Honor\u00e9 Champion dans la collection \u00ab\u00a0Colloques, &hellip; <a href=\"https:\/\/www.semen-l.org\/?p=4031\">Continuer la lecture <span class=\"meta-nav\">&rarr;<\/span><\/a><\/p>\n","protected":false},"author":26,"featured_media":4033,"comment_status":"open","ping_status":"open","sticky":false,"template":"","format":"standard","meta":{"footnotes":""},"categories":[7],"tags":[1766,1069,2506,2533,91,1862,2532,2530,2531,1207,137,144,1689,244,2534,159,522,1370,1208,139,307,26,1341,27,1995,1683,54],"class_list":["post-4031","post","type-post","status-publish","format-standard","has-post-thumbnail","hentry","category-publications","tag-alessandri-alessandro","tag-alfonsi-petrus","tag-athenee-de-naucratis","tag-baudoin-davesnes","tag-guillaume-bude","tag-chronique","tag-chronique-dite-de-baudouin-davesnes","tag-deipnosophistes-les","tag-disciplina-clericalis","tag-education","tag-encyclopedie","tag-humanisme","tag-ibn-al-azzar","tag-landino-cristoforo","tag-manfredi-girolamo","tag-manuscrit","tag-miroir-historial-jean-de-vignay","tag-nuits-attiques-les","tag-pedagogie","tag-philosophie","tag-pic-de-la-mirandole-jean-francois","tag-poesie","tag-poesie-savante","tag-science","tag-universite","tag-viatique-du-voyageur","tag-virgile"],"yoast_head":"<!-- This site is optimized with the Yoast SEO plugin v27.4 - https:\/\/yoast.com\/product\/yoast-seo-wordpress\/ -->\n<title>Aux marges de l\u2019encyclop\u00e9die : circulation des savoirs de l\u2019Antiquit\u00e9 \u00e0 l\u2019\u00e2ge de l\u2019Humanisme, sous la direction de Thibault Miguet et Anne Raffarin - Soci\u00e9t\u00e9 d&#039;\u00c9tudes M\u00e9dio Et N\u00e9o-Latines<\/title>\n<meta name=\"robots\" content=\"index, follow, max-snippet:-1, max-image-preview:large, max-video-preview:-1\" \/>\n<link rel=\"canonical\" href=\"http:\/\/www.semen-l.org\/?p=4031\" \/>\n<meta property=\"og:locale\" content=\"fr_FR\" \/>\n<meta property=\"og:type\" content=\"article\" \/>\n<meta property=\"og:title\" content=\"Aux marges de l\u2019encyclop\u00e9die : circulation des savoirs de l\u2019Antiquit\u00e9 \u00e0 l\u2019\u00e2ge de l\u2019Humanisme, sous la direction de Thibault Miguet et Anne Raffarin - Soci\u00e9t\u00e9 d&#039;\u00c9tudes M\u00e9dio Et N\u00e9o-Latines\" \/>\n<meta property=\"og:description\" content=\"La SEMEN-L a le plaisir d&rsquo;annoncer la parution d&rsquo;un ouvrage sous la direction de Thibault Miguet et Anne Raffarin, Aux marges de l\u2019encyclop\u00e9die : circulation des savoirs de l\u2019Antiquit\u00e9 \u00e0 l\u2019\u00e2ge de l\u2019Humanisme, chez Honor\u00e9 Champion dans la collection \u00ab\u00a0Colloques, &hellip; Continuer la lecture &rarr;\" \/>\n<meta property=\"og:url\" content=\"http:\/\/www.semen-l.org\/?p=4031\" \/>\n<meta property=\"og:site_name\" content=\"Soci\u00e9t\u00e9 d&#039;\u00c9tudes M\u00e9dio Et N\u00e9o-Latines\" \/>\n<meta property=\"article:publisher\" content=\"https:\/\/www.facebook.com\/SEMENL2018\" \/>\n<meta property=\"article:published_time\" content=\"2025-06-02T14:23:20+00:00\" \/>\n<meta property=\"article:modified_time\" content=\"2025-06-02T14:29:08+00:00\" \/>\n<meta property=\"og:image\" content=\"http:\/\/www.semen-l.org\/wp-content\/uploads\/2025\/06\/aux-marges-encyclopedie-couv.jpg\" \/>\n\t<meta property=\"og:image:width\" content=\"246\" \/>\n\t<meta property=\"og:image:height\" content=\"350\" \/>\n\t<meta property=\"og:image:type\" content=\"image\/jpeg\" \/>\n<meta name=\"author\" content=\"Julien Maudoux\" \/>\n<meta name=\"twitter:card\" content=\"summary_large_image\" \/>\n<meta name=\"twitter:label1\" content=\"\u00c9crit par\" \/>\n\t<meta name=\"twitter:data1\" content=\"Julien Maudoux\" \/>\n\t<meta name=\"twitter:label2\" content=\"Dur\u00e9e de lecture estim\u00e9e\" \/>\n\t<meta name=\"twitter:data2\" content=\"3 minutes\" \/>\n<script type=\"application\/ld+json\" class=\"yoast-schema-graph\">{\"@context\":\"https:\\\/\\\/schema.org\",\"@graph\":[{\"@type\":\"Article\",\"@id\":\"http:\\\/\\\/www.semen-l.org\\\/?p=4031#article\",\"isPartOf\":{\"@id\":\"http:\\\/\\\/www.semen-l.org\\\/?p=4031\"},\"author\":{\"name\":\"Julien Maudoux\",\"@id\":\"http:\\\/\\\/www.semen-l.org\\\/#\\\/schema\\\/person\\\/ef5208815f17666727763c5363a51344\"},\"headline\":\"Aux marges de l\u2019encyclop\u00e9die : circulation des savoirs de l\u2019Antiquit\u00e9 \u00e0 l\u2019\u00e2ge de l\u2019Humanisme, sous la direction de Thibault Miguet et Anne Raffarin\",\"datePublished\":\"2025-06-02T14:23:20+00:00\",\"dateModified\":\"2025-06-02T14:29:08+00:00\",\"mainEntityOfPage\":{\"@id\":\"http:\\\/\\\/www.semen-l.org\\\/?p=4031\"},\"wordCount\":777,\"commentCount\":0,\"publisher\":{\"@id\":\"http:\\\/\\\/www.semen-l.org\\\/#organization\"},\"image\":{\"@id\":\"http:\\\/\\\/www.semen-l.org\\\/?p=4031#primaryimage\"},\"thumbnailUrl\":\"https:\\\/\\\/www.semen-l.org\\\/wp-content\\\/uploads\\\/2025\\\/06\\\/aux-marges-encyclopedie-couv.jpg\",\"keywords\":[\"Alessandri (Alessandro)\",\"Alfonsi (Petrus)\",\"Ath\u00e9n\u00e9e de Naucratis\",\"Baudoin d'Avesnes\",\"Bud\u00e9 (Guillaume)\",\"chronique\",\"Chronique dite de Baudouin d'Avesnes\",\"Deipnosophistes (Les)\",\"Disciplina clericalis\",\"\u00e9ducation\",\"encyclop\u00e9die\",\"humanisme\",\"Ibn al-\u01e6azz\u0101r\",\"Landino (Cristoforo)\",\"Manfredi (Girolamo)\",\"manuscrit\",\"Miroir historial (Jean de Vignay)\",\"Nuits Attiques (Les)\",\"p\u00e9dagogie\",\"philosophie\",\"Pic de la Mirandole (Jean-Fran\u00e7ois)\",\"po\u00e9sie\",\"po\u00e9sie savante\",\"science\",\"universit\u00e9\",\"Viatique du voyageur\",\"Virgile\"],\"articleSection\":[\"Publications\"],\"inLanguage\":\"fr-FR\",\"potentialAction\":[{\"@type\":\"CommentAction\",\"name\":\"Comment\",\"target\":[\"http:\\\/\\\/www.semen-l.org\\\/?p=4031#respond\"]}]},{\"@type\":\"WebPage\",\"@id\":\"http:\\\/\\\/www.semen-l.org\\\/?p=4031\",\"url\":\"http:\\\/\\\/www.semen-l.org\\\/?p=4031\",\"name\":\"Aux marges de l\u2019encyclop\u00e9die : circulation des savoirs de l\u2019Antiquit\u00e9 \u00e0 l\u2019\u00e2ge de l\u2019Humanisme, sous la direction de Thibault Miguet et Anne Raffarin - Soci\u00e9t\u00e9 d&#039;\u00c9tudes M\u00e9dio Et N\u00e9o-Latines\",\"isPartOf\":{\"@id\":\"http:\\\/\\\/www.semen-l.org\\\/#website\"},\"primaryImageOfPage\":{\"@id\":\"http:\\\/\\\/www.semen-l.org\\\/?p=4031#primaryimage\"},\"image\":{\"@id\":\"http:\\\/\\\/www.semen-l.org\\\/?p=4031#primaryimage\"},\"thumbnailUrl\":\"https:\\\/\\\/www.semen-l.org\\\/wp-content\\\/uploads\\\/2025\\\/06\\\/aux-marges-encyclopedie-couv.jpg\",\"datePublished\":\"2025-06-02T14:23:20+00:00\",\"dateModified\":\"2025-06-02T14:29:08+00:00\",\"breadcrumb\":{\"@id\":\"http:\\\/\\\/www.semen-l.org\\\/?p=4031#breadcrumb\"},\"inLanguage\":\"fr-FR\",\"potentialAction\":[{\"@type\":\"ReadAction\",\"target\":[\"http:\\\/\\\/www.semen-l.org\\\/?p=4031\"]}]},{\"@type\":\"ImageObject\",\"inLanguage\":\"fr-FR\",\"@id\":\"http:\\\/\\\/www.semen-l.org\\\/?p=4031#primaryimage\",\"url\":\"https:\\\/\\\/www.semen-l.org\\\/wp-content\\\/uploads\\\/2025\\\/06\\\/aux-marges-encyclopedie-couv.jpg\",\"contentUrl\":\"https:\\\/\\\/www.semen-l.org\\\/wp-content\\\/uploads\\\/2025\\\/06\\\/aux-marges-encyclopedie-couv.jpg\",\"width\":246,\"height\":350},{\"@type\":\"BreadcrumbList\",\"@id\":\"http:\\\/\\\/www.semen-l.org\\\/?p=4031#breadcrumb\",\"itemListElement\":[{\"@type\":\"ListItem\",\"position\":1,\"name\":\"Accueil\",\"item\":\"http:\\\/\\\/www.semen-l.org\\\/\"},{\"@type\":\"ListItem\",\"position\":2,\"name\":\"Aux marges de l\u2019encyclop\u00e9die : circulation des savoirs de l\u2019Antiquit\u00e9 \u00e0 l\u2019\u00e2ge de l\u2019Humanisme, sous la direction de Thibault Miguet et Anne Raffarin\"}]},{\"@type\":\"WebSite\",\"@id\":\"http:\\\/\\\/www.semen-l.org\\\/#website\",\"url\":\"http:\\\/\\\/www.semen-l.org\\\/\",\"name\":\"Soci\u00e9t\u00e9 d'\u00c9tudes M\u00e9dio Et N\u00e9o-Latines\",\"description\":\"\",\"publisher\":{\"@id\":\"http:\\\/\\\/www.semen-l.org\\\/#organization\"},\"potentialAction\":[{\"@type\":\"SearchAction\",\"target\":{\"@type\":\"EntryPoint\",\"urlTemplate\":\"http:\\\/\\\/www.semen-l.org\\\/?s={search_term_string}\"},\"query-input\":{\"@type\":\"PropertyValueSpecification\",\"valueRequired\":true,\"valueName\":\"search_term_string\"}}],\"inLanguage\":\"fr-FR\"},{\"@type\":\"Organization\",\"@id\":\"http:\\\/\\\/www.semen-l.org\\\/#organization\",\"name\":\"Soci\u00e9t\u00e9 d'\u00e9tudes m\u00e9dio et n\u00e9o-latines\",\"url\":\"http:\\\/\\\/www.semen-l.org\\\/\",\"logo\":{\"@type\":\"ImageObject\",\"inLanguage\":\"fr-FR\",\"@id\":\"http:\\\/\\\/www.semen-l.org\\\/#\\\/schema\\\/logo\\\/image\\\/\",\"url\":\"http:\\\/\\\/www.semen-l.org\\\/wp-content\\\/uploads\\\/2020\\\/11\\\/logo-semenl.jpg\",\"contentUrl\":\"http:\\\/\\\/www.semen-l.org\\\/wp-content\\\/uploads\\\/2020\\\/11\\\/logo-semenl.jpg\",\"width\":408,\"height\":403,\"caption\":\"Soci\u00e9t\u00e9 d'\u00e9tudes m\u00e9dio et n\u00e9o-latines\"},\"image\":{\"@id\":\"http:\\\/\\\/www.semen-l.org\\\/#\\\/schema\\\/logo\\\/image\\\/\"},\"sameAs\":[\"https:\\\/\\\/www.facebook.com\\\/SEMENL2018\",\"https:\\\/\\\/independent.academia.edu\\\/SocitsdtudesmdioetnolatinesSEMENL\"]},{\"@type\":\"Person\",\"@id\":\"http:\\\/\\\/www.semen-l.org\\\/#\\\/schema\\\/person\\\/ef5208815f17666727763c5363a51344\",\"name\":\"Julien Maudoux\",\"image\":{\"@type\":\"ImageObject\",\"inLanguage\":\"fr-FR\",\"@id\":\"https:\\\/\\\/secure.gravatar.com\\\/avatar\\\/caabf4fb6242e2277733cd35a5c2aa083761ea25dae1d1ff3298b54292225292?s=96&d=mm&r=g\",\"url\":\"https:\\\/\\\/secure.gravatar.com\\\/avatar\\\/caabf4fb6242e2277733cd35a5c2aa083761ea25dae1d1ff3298b54292225292?s=96&d=mm&r=g\",\"contentUrl\":\"https:\\\/\\\/secure.gravatar.com\\\/avatar\\\/caabf4fb6242e2277733cd35a5c2aa083761ea25dae1d1ff3298b54292225292?s=96&d=mm&r=g\",\"caption\":\"Julien Maudoux\"},\"description\":\"Webmestre du site de la SEMEN-L\",\"url\":\"https:\\\/\\\/www.semen-l.org\\\/?author=26\"}]}<\/script>\n<!-- \/ Yoast SEO plugin. -->","yoast_head_json":{"title":"Aux marges de l\u2019encyclop\u00e9die : circulation des savoirs de l\u2019Antiquit\u00e9 \u00e0 l\u2019\u00e2ge de l\u2019Humanisme, sous la direction de Thibault Miguet et Anne Raffarin - Soci\u00e9t\u00e9 d&#039;\u00c9tudes M\u00e9dio Et N\u00e9o-Latines","robots":{"index":"index","follow":"follow","max-snippet":"max-snippet:-1","max-image-preview":"max-image-preview:large","max-video-preview":"max-video-preview:-1"},"canonical":"http:\/\/www.semen-l.org\/?p=4031","og_locale":"fr_FR","og_type":"article","og_title":"Aux marges de l\u2019encyclop\u00e9die : circulation des savoirs de l\u2019Antiquit\u00e9 \u00e0 l\u2019\u00e2ge de l\u2019Humanisme, sous la direction de Thibault Miguet et Anne Raffarin - Soci\u00e9t\u00e9 d&#039;\u00c9tudes M\u00e9dio Et N\u00e9o-Latines","og_description":"La SEMEN-L a le plaisir d&rsquo;annoncer la parution d&rsquo;un ouvrage sous la direction de Thibault Miguet et Anne Raffarin, Aux marges de l\u2019encyclop\u00e9die : circulation des savoirs de l\u2019Antiquit\u00e9 \u00e0 l\u2019\u00e2ge de l\u2019Humanisme, chez Honor\u00e9 Champion dans la collection \u00ab\u00a0Colloques, &hellip; Continuer la lecture &rarr;","og_url":"http:\/\/www.semen-l.org\/?p=4031","og_site_name":"Soci\u00e9t\u00e9 d&#039;\u00c9tudes M\u00e9dio Et N\u00e9o-Latines","article_publisher":"https:\/\/www.facebook.com\/SEMENL2018","article_published_time":"2025-06-02T14:23:20+00:00","article_modified_time":"2025-06-02T14:29:08+00:00","og_image":[{"width":246,"height":350,"url":"http:\/\/www.semen-l.org\/wp-content\/uploads\/2025\/06\/aux-marges-encyclopedie-couv.jpg","type":"image\/jpeg"}],"author":"Julien Maudoux","twitter_card":"summary_large_image","twitter_misc":{"\u00c9crit par":"Julien Maudoux","Dur\u00e9e de lecture estim\u00e9e":"3 minutes"},"schema":{"@context":"https:\/\/schema.org","@graph":[{"@type":"Article","@id":"http:\/\/www.semen-l.org\/?p=4031#article","isPartOf":{"@id":"http:\/\/www.semen-l.org\/?p=4031"},"author":{"name":"Julien Maudoux","@id":"http:\/\/www.semen-l.org\/#\/schema\/person\/ef5208815f17666727763c5363a51344"},"headline":"Aux marges de l\u2019encyclop\u00e9die : circulation des savoirs de l\u2019Antiquit\u00e9 \u00e0 l\u2019\u00e2ge de l\u2019Humanisme, sous la direction de Thibault Miguet et Anne Raffarin","datePublished":"2025-06-02T14:23:20+00:00","dateModified":"2025-06-02T14:29:08+00:00","mainEntityOfPage":{"@id":"http:\/\/www.semen-l.org\/?p=4031"},"wordCount":777,"commentCount":0,"publisher":{"@id":"http:\/\/www.semen-l.org\/#organization"},"image":{"@id":"http:\/\/www.semen-l.org\/?p=4031#primaryimage"},"thumbnailUrl":"https:\/\/www.semen-l.org\/wp-content\/uploads\/2025\/06\/aux-marges-encyclopedie-couv.jpg","keywords":["Alessandri (Alessandro)","Alfonsi (Petrus)","Ath\u00e9n\u00e9e de Naucratis","Baudoin d'Avesnes","Bud\u00e9 (Guillaume)","chronique","Chronique dite de Baudouin d'Avesnes","Deipnosophistes (Les)","Disciplina clericalis","\u00e9ducation","encyclop\u00e9die","humanisme","Ibn al-\u01e6azz\u0101r","Landino (Cristoforo)","Manfredi (Girolamo)","manuscrit","Miroir historial (Jean de Vignay)","Nuits Attiques (Les)","p\u00e9dagogie","philosophie","Pic de la Mirandole (Jean-Fran\u00e7ois)","po\u00e9sie","po\u00e9sie savante","science","universit\u00e9","Viatique du voyageur","Virgile"],"articleSection":["Publications"],"inLanguage":"fr-FR","potentialAction":[{"@type":"CommentAction","name":"Comment","target":["http:\/\/www.semen-l.org\/?p=4031#respond"]}]},{"@type":"WebPage","@id":"http:\/\/www.semen-l.org\/?p=4031","url":"http:\/\/www.semen-l.org\/?p=4031","name":"Aux marges de l\u2019encyclop\u00e9die : circulation des savoirs de l\u2019Antiquit\u00e9 \u00e0 l\u2019\u00e2ge de l\u2019Humanisme, sous la direction de Thibault Miguet et Anne Raffarin - Soci\u00e9t\u00e9 d&#039;\u00c9tudes M\u00e9dio Et N\u00e9o-Latines","isPartOf":{"@id":"http:\/\/www.semen-l.org\/#website"},"primaryImageOfPage":{"@id":"http:\/\/www.semen-l.org\/?p=4031#primaryimage"},"image":{"@id":"http:\/\/www.semen-l.org\/?p=4031#primaryimage"},"thumbnailUrl":"https:\/\/www.semen-l.org\/wp-content\/uploads\/2025\/06\/aux-marges-encyclopedie-couv.jpg","datePublished":"2025-06-02T14:23:20+00:00","dateModified":"2025-06-02T14:29:08+00:00","breadcrumb":{"@id":"http:\/\/www.semen-l.org\/?p=4031#breadcrumb"},"inLanguage":"fr-FR","potentialAction":[{"@type":"ReadAction","target":["http:\/\/www.semen-l.org\/?p=4031"]}]},{"@type":"ImageObject","inLanguage":"fr-FR","@id":"http:\/\/www.semen-l.org\/?p=4031#primaryimage","url":"https:\/\/www.semen-l.org\/wp-content\/uploads\/2025\/06\/aux-marges-encyclopedie-couv.jpg","contentUrl":"https:\/\/www.semen-l.org\/wp-content\/uploads\/2025\/06\/aux-marges-encyclopedie-couv.jpg","width":246,"height":350},{"@type":"BreadcrumbList","@id":"http:\/\/www.semen-l.org\/?p=4031#breadcrumb","itemListElement":[{"@type":"ListItem","position":1,"name":"Accueil","item":"http:\/\/www.semen-l.org\/"},{"@type":"ListItem","position":2,"name":"Aux marges de l\u2019encyclop\u00e9die : circulation des savoirs de l\u2019Antiquit\u00e9 \u00e0 l\u2019\u00e2ge de l\u2019Humanisme, sous la direction de Thibault Miguet et Anne Raffarin"}]},{"@type":"WebSite","@id":"http:\/\/www.semen-l.org\/#website","url":"http:\/\/www.semen-l.org\/","name":"Soci\u00e9t\u00e9 d'\u00c9tudes M\u00e9dio Et N\u00e9o-Latines","description":"","publisher":{"@id":"http:\/\/www.semen-l.org\/#organization"},"potentialAction":[{"@type":"SearchAction","target":{"@type":"EntryPoint","urlTemplate":"http:\/\/www.semen-l.org\/?s={search_term_string}"},"query-input":{"@type":"PropertyValueSpecification","valueRequired":true,"valueName":"search_term_string"}}],"inLanguage":"fr-FR"},{"@type":"Organization","@id":"http:\/\/www.semen-l.org\/#organization","name":"Soci\u00e9t\u00e9 d'\u00e9tudes m\u00e9dio et n\u00e9o-latines","url":"http:\/\/www.semen-l.org\/","logo":{"@type":"ImageObject","inLanguage":"fr-FR","@id":"http:\/\/www.semen-l.org\/#\/schema\/logo\/image\/","url":"http:\/\/www.semen-l.org\/wp-content\/uploads\/2020\/11\/logo-semenl.jpg","contentUrl":"http:\/\/www.semen-l.org\/wp-content\/uploads\/2020\/11\/logo-semenl.jpg","width":408,"height":403,"caption":"Soci\u00e9t\u00e9 d'\u00e9tudes m\u00e9dio et n\u00e9o-latines"},"image":{"@id":"http:\/\/www.semen-l.org\/#\/schema\/logo\/image\/"},"sameAs":["https:\/\/www.facebook.com\/SEMENL2018","https:\/\/independent.academia.edu\/SocitsdtudesmdioetnolatinesSEMENL"]},{"@type":"Person","@id":"http:\/\/www.semen-l.org\/#\/schema\/person\/ef5208815f17666727763c5363a51344","name":"Julien Maudoux","image":{"@type":"ImageObject","inLanguage":"fr-FR","@id":"https:\/\/secure.gravatar.com\/avatar\/caabf4fb6242e2277733cd35a5c2aa083761ea25dae1d1ff3298b54292225292?s=96&d=mm&r=g","url":"https:\/\/secure.gravatar.com\/avatar\/caabf4fb6242e2277733cd35a5c2aa083761ea25dae1d1ff3298b54292225292?s=96&d=mm&r=g","contentUrl":"https:\/\/secure.gravatar.com\/avatar\/caabf4fb6242e2277733cd35a5c2aa083761ea25dae1d1ff3298b54292225292?s=96&d=mm&r=g","caption":"Julien Maudoux"},"description":"Webmestre du site de la SEMEN-L","url":"https:\/\/www.semen-l.org\/?author=26"}]}},"jetpack_featured_media_url":"https:\/\/www.semen-l.org\/wp-content\/uploads\/2025\/06\/aux-marges-encyclopedie-couv.jpg","_links":{"self":[{"href":"https:\/\/www.semen-l.org\/index.php?rest_route=\/wp\/v2\/posts\/4031","targetHints":{"allow":["GET"]}}],"collection":[{"href":"https:\/\/www.semen-l.org\/index.php?rest_route=\/wp\/v2\/posts"}],"about":[{"href":"https:\/\/www.semen-l.org\/index.php?rest_route=\/wp\/v2\/types\/post"}],"author":[{"embeddable":true,"href":"https:\/\/www.semen-l.org\/index.php?rest_route=\/wp\/v2\/users\/26"}],"replies":[{"embeddable":true,"href":"https:\/\/www.semen-l.org\/index.php?rest_route=%2Fwp%2Fv2%2Fcomments&post=4031"}],"version-history":[{"count":0,"href":"https:\/\/www.semen-l.org\/index.php?rest_route=\/wp\/v2\/posts\/4031\/revisions"}],"wp:featuredmedia":[{"embeddable":true,"href":"https:\/\/www.semen-l.org\/index.php?rest_route=\/wp\/v2\/media\/4033"}],"wp:attachment":[{"href":"https:\/\/www.semen-l.org\/index.php?rest_route=%2Fwp%2Fv2%2Fmedia&parent=4031"}],"wp:term":[{"taxonomy":"category","embeddable":true,"href":"https:\/\/www.semen-l.org\/index.php?rest_route=%2Fwp%2Fv2%2Fcategories&post=4031"},{"taxonomy":"post_tag","embeddable":true,"href":"https:\/\/www.semen-l.org\/index.php?rest_route=%2Fwp%2Fv2%2Ftags&post=4031"}],"curies":[{"name":"wp","href":"https:\/\/api.w.org\/{rel}","templated":true}]}}