{"id":4021,"date":"2025-05-25T14:00:39","date_gmt":"2025-05-25T14:00:39","guid":{"rendered":"https:\/\/www.semen-l.org\/?p=4021"},"modified":"2025-05-25T14:11:10","modified_gmt":"2025-05-25T14:11:10","slug":"journees-detude-usages-et-exploitations-des-memoires-de-lantiquite","status":"publish","type":"post","link":"https:\/\/www.semen-l.org\/?p=4021","title":{"rendered":"Journ\u00e9es d\u2019\u00e9tude \u201cUsages et exploitations des m\u00e9moires de l\u2019Antiquit\u00e9\u201d"},"content":{"rendered":"<h3><img fetchpriority=\"high\" decoding=\"async\" class=\"alignright size-medium wp-image-4027\" src=\"http:\/\/www.semen-l.org\/wp-content\/uploads\/2025\/05\/jetudescaenjuin25-259x300.jpg\" alt=\"\" width=\"259\" height=\"300\" srcset=\"https:\/\/www.semen-l.org\/wp-content\/uploads\/2025\/05\/jetudescaenjuin25-259x300.jpg 259w, https:\/\/www.semen-l.org\/wp-content\/uploads\/2025\/05\/jetudescaenjuin25-173x200.jpg 173w, https:\/\/www.semen-l.org\/wp-content\/uploads\/2025\/05\/jetudescaenjuin25.jpg 653w\" sizes=\"(max-width: 259px) 100vw, 259px\" \/><\/h3>\n<p><a href=\"http:\/\/www.semen-l.org\/wp-content\/uploads\/2025\/05\/Programme_Agrelita_JE_Usages.pdf\">Pour t\u00e9l\u00e9charger le programme, cliquez sur ce lien<\/a>.<\/p>\n<h3>12 &amp; 13 juin 2025<\/h3>\n<h3>Universit\u00e9 de Caen Normandie<\/h3>\n<h6>Organisation :<br \/>\nCatherine Gaullier-Bougassas, Ang\u00e8le Tence, Laure C\u00e9be<\/h6>\n<h3><a href=\"https:\/\/www.semen-l.org\/wp-content\/uploads\/2025\/05\/Programme_Agrelita_JE_Usages.pdf\" class=\"pdfemb-viewer\" style=\"\" data-width=\"max\" data-height=\"max\" data-toolbar=\"both\" data-toolbar-fixed=\"off\">Programme_Agrelita_JE_Usages<\/a><\/h3>\n<p>\u2666<\/p>\n<p><strong>Jeudi 12 juin \u22c5 8h45-17h15<\/strong><\/p>\n<p><em>8h45\u00a0: Accueil des participants<\/em><\/p>\n<p><em>9h00\u00a0: Mot d\u2019accueil et introduction par Catherine Gaullier-Bougassas<\/em><\/p>\n<ul>\n<li>9h15 :\u00a0<strong>Luciana Romeri<\/strong>\u00a0(UMR Craham \u22c5 Unicaen), R\u00e9ception et r\u00e9-\u00e9laboration de la culture grecque \u00e0 l\u2019\u00e9poque imp\u00e9riale. Le cas d\u2019Ath\u00e9n\u00e9e de Naucratis, entre volont\u00e9 m\u00e9morielle et volont\u00e9 critique<\/li>\n<li>9h45 :\u00a0<strong>Pierre Bauduin<\/strong>\u00a0(UMR Craham \u22c5 Unicaen), Entre r\u00e9miniscence et m\u00e9moire convoqu\u00e9e. Le souvenir des Danois dans la Normandie du d\u00e9but du XI<sup>e<\/sup>\u00a0si\u00e8cle<\/li>\n<\/ul>\n<p><em>10h15 : Discussion et pause<\/em><\/p>\n<ul>\n<li>10h45 :\u00a0<strong>Alexis Chen<\/strong>\u00a0(UMR IAO \u22c5 ENS Lyon),\u00a0Cr\u00e9er l\u2019Antiquit\u00e9, fonder la sagesse. L\u2019invention du pass\u00e9 pr\u00e9dynastique et des Rois-Sages fondateurs dans la Chine des Royaumes Combattants<\/li>\n<li>11h15 :\u00a0<strong>Laetitia Chhiv<\/strong>\u00a0(UMR CRCAO \u22c5 Fondation Chiang Ching-kuo), Du ma\u00eetre de sagesse \u00e0 la canonisation. \u00c9volution de la repr\u00e9sentation de Confucius entre le IV<sup>e\u00a0<\/sup>si\u00e8cle avant notre \u00e8re et le I<sup>er\u00a0<\/sup>si\u00e8cle de notre \u00e8re, \u00e0 la lumi\u00e8re des sources transmises et exhum\u00e9es<\/li>\n<\/ul>\n<p><em>11h45\u00a0: Discussion<\/em><\/p>\n<p><em>12h00\u00a0: D\u00e9jeuner pour les conf\u00e9renciers<\/em><\/p>\n<ul>\n<li>14h00 :\u00a0<strong>Laurent Glattli<\/strong>\u00a0(Universit\u00e9 Humboldt de Berlin), L\u2019Inde ancienne, entre historicisation des mythes et mythologisation de l\u2019histoire<\/li>\n<li>14h30 :\u00a0<strong>Charlotte Schmid<\/strong>\u00a0(\u00c9cole fran\u00e7aise d\u2019Extr\u00eame-Orient), Aux portes du pass\u00e9, le gardien de la Ville de Celui qui prit le Gange (Inde, X<sup>e<\/sup>-XXI<sup>e<\/sup>\u00a0si\u00e8cles)<\/li>\n<li>15h00 :\u00a0<strong>Claudine Le Blanc<\/strong>\u00a0(UR CERC \u22c5 Sorbonne Nouvelle), L\u2019Antiquit\u00e9 contre les femmes\u00a0? Reconstructions modernes de figures f\u00e9minines de l\u2019Inde ancienne<\/li>\n<\/ul>\n<p><em>15h30 : Discussion et pause<\/em><\/p>\n<ul>\n<li>16h00 :\u00a0<strong>Katharina Jobst<\/strong>\u00a0(UR REIGENN \u22c5 Sorbonne Universit\u00e9), La r\u00e9ception de l\u2019Antiquit\u00e9 \u201corientale\u201d par les pionni\u00e8res de la danse moderne, de l\u2019espace germanique \u00e0 l\u2019Inde (1920-1940)<\/li>\n<li>16h30 :\u00a0<strong>Andreea Apostu<\/strong>\u00a0(Institut d\u2019Histoire des Religions de l\u2019Acad\u00e9mie Roumaine),\u00a0Les repr\u00e9sentations visuelles de Pluton et Cerb\u00e8re dans l\u2019<em>\u00c9p\u00eetre d\u2019Oth\u00e9a<\/em>, le\u00a0<em>Livre des \u00e9checs amoureux moralis\u00e9s<\/em>\u00a0et le\u00a0<em>Recueil des histoires de Troie<\/em>\u00a0de Raoul Lef\u00e8vre<\/li>\n<\/ul>\n<p><em>17h00 : Discussion, puis d\u00eener pour les conf\u00e9renciers<\/em><\/p>\n<p><strong>Vendredi 13 juin \u22c5 9h-17h<\/strong><\/p>\n<p><em>9h00 : Accueil des participants<\/em><\/p>\n<ul>\n<li>9h15 :\u00a0<strong>Marc Toutant<\/strong>\u00a0(UMR CETOBaC \u22c5 CNRS), Alexandre et ses philosophes conseillers dans les traditions litt\u00e9raires turques m\u00e9di\u00e9vales<\/li>\n<li>9h45 :\u00a0<strong>Brigitte Gauvin<\/strong>\u00a0(UMR Craham \u22c5 Unicaen),\u00a0Une grenouille \u00e0 la conqu\u00eate de l\u2019univers. Le\u00a0<em>Marcus<\/em>\u00a0d\u2019Ulrich von Hutten (1516)<\/li>\n<\/ul>\n<p><em>10h15 : Discussion et pause<\/em><\/p>\n<ul>\n<li>10h45 :\u00a0<strong>Christine Dumas-Reungoat<\/strong>\u00a0(UMR Craham \u22c5 Unicaen),\u00a0Le savant m\u00e9sopotamien Oann\u00e8s. Quelques exploitations de cette figure hybride de B\u00e9rose \u00e0 Flaubert<\/li>\n<li>11h15 :\u00a0<strong>Fabien Lacouture<\/strong>\u00a0(UMR IRHiS \u22c5 Universit\u00e9 de Lille),\u00a0Hercule (et les autres) \u00e0 la crois\u00e9e des chemins<\/li>\n<\/ul>\n<p><em>11h45\u00a0: Discussion<\/em><\/p>\n<p><em>12h00\u00a0: D\u00e9jeuner pour les conf\u00e9renciers<\/em><\/p>\n<ul>\n<li>14h00 :\u00a0<strong>Deivid Val\u00e9rio Gaia<\/strong>\u00a0(Universit\u00e9 f\u00e9d\u00e9rale de Rio de Janeiro),\u00a0\u00c9cho et Narcisse. L\u2019arriv\u00e9e des divinit\u00e9s grecques au Br\u00e9sil de Mestre Valentim (1785)<\/li>\n<li>14h30 :\u00a0<strong>Anastasia Aksenova<\/strong>\u00a0(UMR HiSoMA \u22c5 Universit\u00e9 Jean Moulin-Lyon 3),\u00a0R\u00e9interpr\u00e9tations et usages des m\u00e9moires de l\u2019\u00c9gypte ancienne dans les r\u00e9cits de voyageurs russes du XIX<sup>e<\/sup>\u00a0si\u00e8cle. Entre alt\u00e9rit\u00e9 et appropriation culturelle<\/li>\n<\/ul>\n<p><em>15h00 : Discussion et pause<\/em><\/p>\n<ul>\n<li>15h30 :\u00a0<strong>Laurent Nespoulous<\/strong>\u00a0(UMR IFRAE \u22c5 Inalco),\u00a0Inventer le neuf avec l\u2019ancien. La place de ce qui est \u201cant\u00e9rieur\u201d dans la construction du Japon<\/li>\n<li>16h00 :\u00a0<strong>Michael Lucken<\/strong>\u00a0(UMR IFRAE \u22c5 Inalco),\u00a0Les \u00e9tudes classiques au Japon comme lieu de r\u00e9sistance \u00e0 l\u2019occupation am\u00e9ricaine, 1945-1952<\/li>\n<\/ul>\n<p><em>16h30 : Discussion, puis d\u00eener pour les conf\u00e9renciers<\/em><\/p>\n","protected":false},"excerpt":{"rendered":"<p>Pour t\u00e9l\u00e9charger le programme, cliquez sur ce lien. 12 &amp; 13 juin 2025 Universit\u00e9 de Caen Normandie Organisation : Catherine Gaullier-Bougassas, Ang\u00e8le Tence, Laure C\u00e9be \u2666 Jeudi 12 juin \u22c5 8h45-17h15 8h45\u00a0: Accueil des participants 9h00\u00a0: Mot d\u2019accueil et introduction &hellip; <a href=\"https:\/\/www.semen-l.org\/?p=4021\">Continuer la lecture <span class=\"meta-nav\">&rarr;<\/span><\/a><\/p>\n","protected":false},"author":26,"featured_media":4027,"comment_status":"open","ping_status":"open","sticky":false,"template":"","format":"standard","meta":{"footnotes":""},"categories":[4],"tags":[1835,92,2506,2521,2524,2512,2508,2509,1282,2507,2459,2523,147,2513,691,2522,1470,1187,1842,565,222,2510,2529,2514,2519,1393,2525,417,2484,2270,2520,139,2511,2516,2515,2526,2518],"class_list":["post-4021","post","type-post","status-publish","format-standard","has-post-thumbnail","hentry","category-colloques","tag-allemagne","tag-art","tag-athenee-de-naucratis","tag-berose","tag-bresil","tag-cerbere","tag-chine","tag-confucius","tag-critique","tag-danemark","tag-danse","tag-echo","tag-egypte","tag-epitre-dothea","tag-femmes","tag-flaubert-gustave","tag-hercule","tag-histoire","tag-historiographie","tag-von-hutten-ulrich","tag-iconographie","tag-inde","tag-japon","tag-livre-des-echecs-amoureux-moralises","tag-marcus-ulrich-von-hutten","tag-memoire","tag-mestre-valentim","tag-mythologie","tag-narcisse","tag-normandie","tag-oannes","tag-philosophie","tag-pluton","tag-raoul-lefevre","tag-recueil-des-histoires-de-troie","tag-russie","tag-turquie"],"yoast_head":"<!-- This site is optimized with the Yoast SEO plugin v27.5 - https:\/\/yoast.com\/product\/yoast-seo-wordpress\/ -->\n<title>Journ\u00e9es d\u2019\u00e9tude \u201cUsages et exploitations des m\u00e9moires de l\u2019Antiquit\u00e9\u201d - Soci\u00e9t\u00e9 d&#039;\u00c9tudes M\u00e9dio Et N\u00e9o-Latines<\/title>\n<meta name=\"robots\" content=\"index, follow, max-snippet:-1, max-image-preview:large, max-video-preview:-1\" \/>\n<link rel=\"canonical\" href=\"http:\/\/www.semen-l.org\/?p=4021\" \/>\n<meta property=\"og:locale\" content=\"fr_FR\" \/>\n<meta property=\"og:type\" content=\"article\" \/>\n<meta property=\"og:title\" content=\"Journ\u00e9es d\u2019\u00e9tude \u201cUsages et exploitations des m\u00e9moires de l\u2019Antiquit\u00e9\u201d - Soci\u00e9t\u00e9 d&#039;\u00c9tudes M\u00e9dio Et N\u00e9o-Latines\" \/>\n<meta property=\"og:description\" content=\"Pour t\u00e9l\u00e9charger le programme, cliquez sur ce lien. 12 &amp; 13 juin 2025 Universit\u00e9 de Caen Normandie Organisation : Catherine Gaullier-Bougassas, Ang\u00e8le Tence, Laure C\u00e9be \u2666 Jeudi 12 juin \u22c5 8h45-17h15 8h45\u00a0: Accueil des participants 9h00\u00a0: Mot d\u2019accueil et introduction &hellip; Continuer la lecture &rarr;\" \/>\n<meta property=\"og:url\" content=\"http:\/\/www.semen-l.org\/?p=4021\" \/>\n<meta property=\"og:site_name\" content=\"Soci\u00e9t\u00e9 d&#039;\u00c9tudes M\u00e9dio Et N\u00e9o-Latines\" \/>\n<meta property=\"article:publisher\" content=\"https:\/\/www.facebook.com\/SEMENL2018\" \/>\n<meta property=\"article:published_time\" content=\"2025-05-25T14:00:39+00:00\" \/>\n<meta property=\"article:modified_time\" content=\"2025-05-25T14:11:10+00:00\" \/>\n<meta property=\"og:image\" content=\"http:\/\/www.semen-l.org\/wp-content\/uploads\/2025\/05\/jetudescaenjuin25.jpg\" \/>\n\t<meta property=\"og:image:width\" content=\"653\" \/>\n\t<meta property=\"og:image:height\" content=\"756\" \/>\n\t<meta property=\"og:image:type\" content=\"image\/jpeg\" \/>\n<meta name=\"author\" content=\"Julien Maudoux\" \/>\n<meta name=\"twitter:card\" content=\"summary_large_image\" \/>\n<meta name=\"twitter:label1\" content=\"\u00c9crit par\" \/>\n\t<meta name=\"twitter:data1\" content=\"Julien Maudoux\" \/>\n\t<meta name=\"twitter:label2\" content=\"Dur\u00e9e de lecture estim\u00e9e\" \/>\n\t<meta name=\"twitter:data2\" content=\"4 minutes\" \/>\n<script type=\"application\/ld+json\" class=\"yoast-schema-graph\">{\"@context\":\"https:\\\/\\\/schema.org\",\"@graph\":[{\"@type\":\"Article\",\"@id\":\"http:\\\/\\\/www.semen-l.org\\\/?p=4021#article\",\"isPartOf\":{\"@id\":\"http:\\\/\\\/www.semen-l.org\\\/?p=4021\"},\"author\":{\"name\":\"Julien Maudoux\",\"@id\":\"http:\\\/\\\/www.semen-l.org\\\/#\\\/schema\\\/person\\\/ef5208815f17666727763c5363a51344\"},\"headline\":\"Journ\u00e9es d\u2019\u00e9tude \u201cUsages et exploitations des m\u00e9moires de l\u2019Antiquit\u00e9\u201d\",\"datePublished\":\"2025-05-25T14:00:39+00:00\",\"dateModified\":\"2025-05-25T14:11:10+00:00\",\"mainEntityOfPage\":{\"@id\":\"http:\\\/\\\/www.semen-l.org\\\/?p=4021\"},\"wordCount\":606,\"commentCount\":0,\"publisher\":{\"@id\":\"http:\\\/\\\/www.semen-l.org\\\/#organization\"},\"image\":{\"@id\":\"http:\\\/\\\/www.semen-l.org\\\/?p=4021#primaryimage\"},\"thumbnailUrl\":\"https:\\\/\\\/www.semen-l.org\\\/wp-content\\\/uploads\\\/2025\\\/05\\\/jetudescaenjuin25.jpg\",\"keywords\":[\"Allemagne\",\"art\",\"Ath\u00e9n\u00e9e de Naucratis\",\"B\u00e9rose\",\"Br\u00e9sil\",\"Cerb\u00e8re\",\"Chine\",\"Confucius\",\"critique\",\"Danemark\",\"danse\",\"\u00c9cho\",\"\u00c9gypte\",\"\u00c9pitre d'Oth\u00e9a\",\"femmes\",\"Flaubert (Gustave)\",\"Hercule\",\"histoire\",\"historiographie\",\"Hutten (Ulrich von)\",\"iconographie\",\"Inde\",\"Japon\",\"Livre des \u00e9checs amoureux moralis\u00e9s\",\"Marcus (Ulrich von Hutten)\",\"m\u00e9moire\",\"Mestre (Valentim)\",\"mythologie\",\"Narcisse\",\"Normandie\",\"Oann\u00e8s\",\"philosophie\",\"Pluton\",\"Raoul Lef\u00e8vre\",\"Recueil des histoires de Troie\",\"Russie\",\"Turquie\"],\"articleSection\":[\"Colloques\"],\"inLanguage\":\"fr-FR\",\"potentialAction\":[{\"@type\":\"CommentAction\",\"name\":\"Comment\",\"target\":[\"http:\\\/\\\/www.semen-l.org\\\/?p=4021#respond\"]}]},{\"@type\":\"WebPage\",\"@id\":\"http:\\\/\\\/www.semen-l.org\\\/?p=4021\",\"url\":\"http:\\\/\\\/www.semen-l.org\\\/?p=4021\",\"name\":\"Journ\u00e9es d\u2019\u00e9tude \u201cUsages et exploitations des m\u00e9moires de l\u2019Antiquit\u00e9\u201d - Soci\u00e9t\u00e9 d&#039;\u00c9tudes M\u00e9dio Et N\u00e9o-Latines\",\"isPartOf\":{\"@id\":\"http:\\\/\\\/www.semen-l.org\\\/#website\"},\"primaryImageOfPage\":{\"@id\":\"http:\\\/\\\/www.semen-l.org\\\/?p=4021#primaryimage\"},\"image\":{\"@id\":\"http:\\\/\\\/www.semen-l.org\\\/?p=4021#primaryimage\"},\"thumbnailUrl\":\"https:\\\/\\\/www.semen-l.org\\\/wp-content\\\/uploads\\\/2025\\\/05\\\/jetudescaenjuin25.jpg\",\"datePublished\":\"2025-05-25T14:00:39+00:00\",\"dateModified\":\"2025-05-25T14:11:10+00:00\",\"breadcrumb\":{\"@id\":\"http:\\\/\\\/www.semen-l.org\\\/?p=4021#breadcrumb\"},\"inLanguage\":\"fr-FR\",\"potentialAction\":[{\"@type\":\"ReadAction\",\"target\":[\"http:\\\/\\\/www.semen-l.org\\\/?p=4021\"]}]},{\"@type\":\"ImageObject\",\"inLanguage\":\"fr-FR\",\"@id\":\"http:\\\/\\\/www.semen-l.org\\\/?p=4021#primaryimage\",\"url\":\"https:\\\/\\\/www.semen-l.org\\\/wp-content\\\/uploads\\\/2025\\\/05\\\/jetudescaenjuin25.jpg\",\"contentUrl\":\"https:\\\/\\\/www.semen-l.org\\\/wp-content\\\/uploads\\\/2025\\\/05\\\/jetudescaenjuin25.jpg\",\"width\":653,\"height\":756},{\"@type\":\"BreadcrumbList\",\"@id\":\"http:\\\/\\\/www.semen-l.org\\\/?p=4021#breadcrumb\",\"itemListElement\":[{\"@type\":\"ListItem\",\"position\":1,\"name\":\"Accueil\",\"item\":\"http:\\\/\\\/www.semen-l.org\\\/\"},{\"@type\":\"ListItem\",\"position\":2,\"name\":\"Journ\u00e9es d\u2019\u00e9tude \u201cUsages et exploitations des m\u00e9moires de l\u2019Antiquit\u00e9\u201d\"}]},{\"@type\":\"WebSite\",\"@id\":\"http:\\\/\\\/www.semen-l.org\\\/#website\",\"url\":\"http:\\\/\\\/www.semen-l.org\\\/\",\"name\":\"Soci\u00e9t\u00e9 d'\u00c9tudes M\u00e9dio Et N\u00e9o-Latines\",\"description\":\"\",\"publisher\":{\"@id\":\"http:\\\/\\\/www.semen-l.org\\\/#organization\"},\"potentialAction\":[{\"@type\":\"SearchAction\",\"target\":{\"@type\":\"EntryPoint\",\"urlTemplate\":\"http:\\\/\\\/www.semen-l.org\\\/?s={search_term_string}\"},\"query-input\":{\"@type\":\"PropertyValueSpecification\",\"valueRequired\":true,\"valueName\":\"search_term_string\"}}],\"inLanguage\":\"fr-FR\"},{\"@type\":\"Organization\",\"@id\":\"http:\\\/\\\/www.semen-l.org\\\/#organization\",\"name\":\"Soci\u00e9t\u00e9 d'\u00e9tudes m\u00e9dio et n\u00e9o-latines\",\"url\":\"http:\\\/\\\/www.semen-l.org\\\/\",\"logo\":{\"@type\":\"ImageObject\",\"inLanguage\":\"fr-FR\",\"@id\":\"http:\\\/\\\/www.semen-l.org\\\/#\\\/schema\\\/logo\\\/image\\\/\",\"url\":\"http:\\\/\\\/www.semen-l.org\\\/wp-content\\\/uploads\\\/2020\\\/11\\\/logo-semenl.jpg\",\"contentUrl\":\"http:\\\/\\\/www.semen-l.org\\\/wp-content\\\/uploads\\\/2020\\\/11\\\/logo-semenl.jpg\",\"width\":408,\"height\":403,\"caption\":\"Soci\u00e9t\u00e9 d'\u00e9tudes m\u00e9dio et n\u00e9o-latines\"},\"image\":{\"@id\":\"http:\\\/\\\/www.semen-l.org\\\/#\\\/schema\\\/logo\\\/image\\\/\"},\"sameAs\":[\"https:\\\/\\\/www.facebook.com\\\/SEMENL2018\",\"https:\\\/\\\/independent.academia.edu\\\/SocitsdtudesmdioetnolatinesSEMENL\"]},{\"@type\":\"Person\",\"@id\":\"http:\\\/\\\/www.semen-l.org\\\/#\\\/schema\\\/person\\\/ef5208815f17666727763c5363a51344\",\"name\":\"Julien Maudoux\",\"image\":{\"@type\":\"ImageObject\",\"inLanguage\":\"fr-FR\",\"@id\":\"https:\\\/\\\/secure.gravatar.com\\\/avatar\\\/caabf4fb6242e2277733cd35a5c2aa083761ea25dae1d1ff3298b54292225292?s=96&d=mm&r=g\",\"url\":\"https:\\\/\\\/secure.gravatar.com\\\/avatar\\\/caabf4fb6242e2277733cd35a5c2aa083761ea25dae1d1ff3298b54292225292?s=96&d=mm&r=g\",\"contentUrl\":\"https:\\\/\\\/secure.gravatar.com\\\/avatar\\\/caabf4fb6242e2277733cd35a5c2aa083761ea25dae1d1ff3298b54292225292?s=96&d=mm&r=g\",\"caption\":\"Julien Maudoux\"},\"description\":\"Webmestre du site de la SEMEN-L\",\"url\":\"https:\\\/\\\/www.semen-l.org\\\/?author=26\"}]}<\/script>\n<!-- \/ Yoast SEO plugin. -->","yoast_head_json":{"title":"Journ\u00e9es d\u2019\u00e9tude \u201cUsages et exploitations des m\u00e9moires de l\u2019Antiquit\u00e9\u201d - Soci\u00e9t\u00e9 d&#039;\u00c9tudes M\u00e9dio Et N\u00e9o-Latines","robots":{"index":"index","follow":"follow","max-snippet":"max-snippet:-1","max-image-preview":"max-image-preview:large","max-video-preview":"max-video-preview:-1"},"canonical":"http:\/\/www.semen-l.org\/?p=4021","og_locale":"fr_FR","og_type":"article","og_title":"Journ\u00e9es d\u2019\u00e9tude \u201cUsages et exploitations des m\u00e9moires de l\u2019Antiquit\u00e9\u201d - Soci\u00e9t\u00e9 d&#039;\u00c9tudes M\u00e9dio Et N\u00e9o-Latines","og_description":"Pour t\u00e9l\u00e9charger le programme, cliquez sur ce lien. 12 &amp; 13 juin 2025 Universit\u00e9 de Caen Normandie Organisation : Catherine Gaullier-Bougassas, Ang\u00e8le Tence, Laure C\u00e9be \u2666 Jeudi 12 juin \u22c5 8h45-17h15 8h45\u00a0: Accueil des participants 9h00\u00a0: Mot d\u2019accueil et introduction &hellip; Continuer la lecture &rarr;","og_url":"http:\/\/www.semen-l.org\/?p=4021","og_site_name":"Soci\u00e9t\u00e9 d&#039;\u00c9tudes M\u00e9dio Et N\u00e9o-Latines","article_publisher":"https:\/\/www.facebook.com\/SEMENL2018","article_published_time":"2025-05-25T14:00:39+00:00","article_modified_time":"2025-05-25T14:11:10+00:00","og_image":[{"width":653,"height":756,"url":"http:\/\/www.semen-l.org\/wp-content\/uploads\/2025\/05\/jetudescaenjuin25.jpg","type":"image\/jpeg"}],"author":"Julien Maudoux","twitter_card":"summary_large_image","twitter_misc":{"\u00c9crit par":"Julien Maudoux","Dur\u00e9e de lecture estim\u00e9e":"4 minutes"},"schema":{"@context":"https:\/\/schema.org","@graph":[{"@type":"Article","@id":"http:\/\/www.semen-l.org\/?p=4021#article","isPartOf":{"@id":"http:\/\/www.semen-l.org\/?p=4021"},"author":{"name":"Julien Maudoux","@id":"http:\/\/www.semen-l.org\/#\/schema\/person\/ef5208815f17666727763c5363a51344"},"headline":"Journ\u00e9es d\u2019\u00e9tude \u201cUsages et exploitations des m\u00e9moires de l\u2019Antiquit\u00e9\u201d","datePublished":"2025-05-25T14:00:39+00:00","dateModified":"2025-05-25T14:11:10+00:00","mainEntityOfPage":{"@id":"http:\/\/www.semen-l.org\/?p=4021"},"wordCount":606,"commentCount":0,"publisher":{"@id":"http:\/\/www.semen-l.org\/#organization"},"image":{"@id":"http:\/\/www.semen-l.org\/?p=4021#primaryimage"},"thumbnailUrl":"https:\/\/www.semen-l.org\/wp-content\/uploads\/2025\/05\/jetudescaenjuin25.jpg","keywords":["Allemagne","art","Ath\u00e9n\u00e9e de Naucratis","B\u00e9rose","Br\u00e9sil","Cerb\u00e8re","Chine","Confucius","critique","Danemark","danse","\u00c9cho","\u00c9gypte","\u00c9pitre d'Oth\u00e9a","femmes","Flaubert (Gustave)","Hercule","histoire","historiographie","Hutten (Ulrich von)","iconographie","Inde","Japon","Livre des \u00e9checs amoureux moralis\u00e9s","Marcus (Ulrich von Hutten)","m\u00e9moire","Mestre (Valentim)","mythologie","Narcisse","Normandie","Oann\u00e8s","philosophie","Pluton","Raoul Lef\u00e8vre","Recueil des histoires de Troie","Russie","Turquie"],"articleSection":["Colloques"],"inLanguage":"fr-FR","potentialAction":[{"@type":"CommentAction","name":"Comment","target":["http:\/\/www.semen-l.org\/?p=4021#respond"]}]},{"@type":"WebPage","@id":"http:\/\/www.semen-l.org\/?p=4021","url":"http:\/\/www.semen-l.org\/?p=4021","name":"Journ\u00e9es d\u2019\u00e9tude \u201cUsages et exploitations des m\u00e9moires de l\u2019Antiquit\u00e9\u201d - Soci\u00e9t\u00e9 d&#039;\u00c9tudes M\u00e9dio Et N\u00e9o-Latines","isPartOf":{"@id":"http:\/\/www.semen-l.org\/#website"},"primaryImageOfPage":{"@id":"http:\/\/www.semen-l.org\/?p=4021#primaryimage"},"image":{"@id":"http:\/\/www.semen-l.org\/?p=4021#primaryimage"},"thumbnailUrl":"https:\/\/www.semen-l.org\/wp-content\/uploads\/2025\/05\/jetudescaenjuin25.jpg","datePublished":"2025-05-25T14:00:39+00:00","dateModified":"2025-05-25T14:11:10+00:00","breadcrumb":{"@id":"http:\/\/www.semen-l.org\/?p=4021#breadcrumb"},"inLanguage":"fr-FR","potentialAction":[{"@type":"ReadAction","target":["http:\/\/www.semen-l.org\/?p=4021"]}]},{"@type":"ImageObject","inLanguage":"fr-FR","@id":"http:\/\/www.semen-l.org\/?p=4021#primaryimage","url":"https:\/\/www.semen-l.org\/wp-content\/uploads\/2025\/05\/jetudescaenjuin25.jpg","contentUrl":"https:\/\/www.semen-l.org\/wp-content\/uploads\/2025\/05\/jetudescaenjuin25.jpg","width":653,"height":756},{"@type":"BreadcrumbList","@id":"http:\/\/www.semen-l.org\/?p=4021#breadcrumb","itemListElement":[{"@type":"ListItem","position":1,"name":"Accueil","item":"http:\/\/www.semen-l.org\/"},{"@type":"ListItem","position":2,"name":"Journ\u00e9es d\u2019\u00e9tude \u201cUsages et exploitations des m\u00e9moires de l\u2019Antiquit\u00e9\u201d"}]},{"@type":"WebSite","@id":"http:\/\/www.semen-l.org\/#website","url":"http:\/\/www.semen-l.org\/","name":"Soci\u00e9t\u00e9 d'\u00c9tudes M\u00e9dio Et N\u00e9o-Latines","description":"","publisher":{"@id":"http:\/\/www.semen-l.org\/#organization"},"potentialAction":[{"@type":"SearchAction","target":{"@type":"EntryPoint","urlTemplate":"http:\/\/www.semen-l.org\/?s={search_term_string}"},"query-input":{"@type":"PropertyValueSpecification","valueRequired":true,"valueName":"search_term_string"}}],"inLanguage":"fr-FR"},{"@type":"Organization","@id":"http:\/\/www.semen-l.org\/#organization","name":"Soci\u00e9t\u00e9 d'\u00e9tudes m\u00e9dio et n\u00e9o-latines","url":"http:\/\/www.semen-l.org\/","logo":{"@type":"ImageObject","inLanguage":"fr-FR","@id":"http:\/\/www.semen-l.org\/#\/schema\/logo\/image\/","url":"http:\/\/www.semen-l.org\/wp-content\/uploads\/2020\/11\/logo-semenl.jpg","contentUrl":"http:\/\/www.semen-l.org\/wp-content\/uploads\/2020\/11\/logo-semenl.jpg","width":408,"height":403,"caption":"Soci\u00e9t\u00e9 d'\u00e9tudes m\u00e9dio et n\u00e9o-latines"},"image":{"@id":"http:\/\/www.semen-l.org\/#\/schema\/logo\/image\/"},"sameAs":["https:\/\/www.facebook.com\/SEMENL2018","https:\/\/independent.academia.edu\/SocitsdtudesmdioetnolatinesSEMENL"]},{"@type":"Person","@id":"http:\/\/www.semen-l.org\/#\/schema\/person\/ef5208815f17666727763c5363a51344","name":"Julien Maudoux","image":{"@type":"ImageObject","inLanguage":"fr-FR","@id":"https:\/\/secure.gravatar.com\/avatar\/caabf4fb6242e2277733cd35a5c2aa083761ea25dae1d1ff3298b54292225292?s=96&d=mm&r=g","url":"https:\/\/secure.gravatar.com\/avatar\/caabf4fb6242e2277733cd35a5c2aa083761ea25dae1d1ff3298b54292225292?s=96&d=mm&r=g","contentUrl":"https:\/\/secure.gravatar.com\/avatar\/caabf4fb6242e2277733cd35a5c2aa083761ea25dae1d1ff3298b54292225292?s=96&d=mm&r=g","caption":"Julien Maudoux"},"description":"Webmestre du site de la SEMEN-L","url":"https:\/\/www.semen-l.org\/?author=26"}]}},"jetpack_featured_media_url":"https:\/\/www.semen-l.org\/wp-content\/uploads\/2025\/05\/jetudescaenjuin25.jpg","_links":{"self":[{"href":"https:\/\/www.semen-l.org\/index.php?rest_route=\/wp\/v2\/posts\/4021","targetHints":{"allow":["GET"]}}],"collection":[{"href":"https:\/\/www.semen-l.org\/index.php?rest_route=\/wp\/v2\/posts"}],"about":[{"href":"https:\/\/www.semen-l.org\/index.php?rest_route=\/wp\/v2\/types\/post"}],"author":[{"embeddable":true,"href":"https:\/\/www.semen-l.org\/index.php?rest_route=\/wp\/v2\/users\/26"}],"replies":[{"embeddable":true,"href":"https:\/\/www.semen-l.org\/index.php?rest_route=%2Fwp%2Fv2%2Fcomments&post=4021"}],"version-history":[{"count":0,"href":"https:\/\/www.semen-l.org\/index.php?rest_route=\/wp\/v2\/posts\/4021\/revisions"}],"wp:featuredmedia":[{"embeddable":true,"href":"https:\/\/www.semen-l.org\/index.php?rest_route=\/wp\/v2\/media\/4027"}],"wp:attachment":[{"href":"https:\/\/www.semen-l.org\/index.php?rest_route=%2Fwp%2Fv2%2Fmedia&parent=4021"}],"wp:term":[{"taxonomy":"category","embeddable":true,"href":"https:\/\/www.semen-l.org\/index.php?rest_route=%2Fwp%2Fv2%2Fcategories&post=4021"},{"taxonomy":"post_tag","embeddable":true,"href":"https:\/\/www.semen-l.org\/index.php?rest_route=%2Fwp%2Fv2%2Ftags&post=4021"}],"curies":[{"name":"wp","href":"https:\/\/api.w.org\/{rel}","templated":true}]}}