{"id":4012,"date":"2025-05-25T13:39:04","date_gmt":"2025-05-25T13:39:04","guid":{"rendered":"https:\/\/www.semen-l.org\/?p=4012"},"modified":"2025-05-25T13:41:02","modified_gmt":"2025-05-25T13:41:02","slug":"la-reception-des-mythes-grecs-lies-a-la-nature-et-au-vivant-textes-et-images-xive-xvie-siecle-colloque-de-caen-du-4-au-6-juin-2025","status":"publish","type":"post","link":"https:\/\/www.semen-l.org\/?p=4012","title":{"rendered":"La r\u00e9ception des mythes grecs li\u00e9s \u00e0 la nature et au vivant. Textes et images (XIVe-XVIe si\u00e8cle) &#8211; colloque de Caen du 4 au 6 juin 2025"},"content":{"rendered":"<p><a href=\"https:\/\/agrelita.hypotheses.org\/7179\"><img fetchpriority=\"high\" decoding=\"async\" class=\"alignright size-medium wp-image-4015\" src=\"http:\/\/www.semen-l.org\/wp-content\/uploads\/2025\/05\/colloque-agrelita-juin25-300x232.jpg\" alt=\"\" width=\"300\" height=\"232\" srcset=\"https:\/\/www.semen-l.org\/wp-content\/uploads\/2025\/05\/colloque-agrelita-juin25-300x232.jpg 300w, https:\/\/www.semen-l.org\/wp-content\/uploads\/2025\/05\/colloque-agrelita-juin25-200x155.jpg 200w, https:\/\/www.semen-l.org\/wp-content\/uploads\/2025\/05\/colloque-agrelita-juin25-387x300.jpg 387w, https:\/\/www.semen-l.org\/wp-content\/uploads\/2025\/05\/colloque-agrelita-juin25.jpg 537w\" sizes=\"(max-width: 300px) 100vw, 300px\" \/><\/a>La SEMEN-L est heureuse de relayer que l&rsquo;ERC Agrelita (dirig\u00e9 par Prof. Catherine Gaullier-Bougassas et consacr\u00e9 \u00e0 la r\u00e9ception et aux appropriations litt\u00e9raires et artistiques de la Gr\u00e8ce ancienne par des auteurs non hell\u00e9nistes entre 1320 et 1550) organise en juin \u00e0 l\u2019universit\u00e9 de Caen Normandie deux manifestations scientifiques, dont la premi\u00e8re est un colloque international (les 4, 5 et 6 juin) intitul\u00e9 \u00ab\u00a0La r\u00e9ception des mythes grecs li\u00e9s \u00e0 la nature et au vivant. Textes et images (XIVe-XVIe si\u00e8cle)\u00a0\u00bb et la seconde deux journ\u00e9es d&rsquo;\u00e9tudes (les 12 et 13 juin) d\u00e9di\u00e9es aux \u00ab\u00a0Usages et exploitations des m\u00e9moires de l\u2019Antiquit\u00e9\u00a0\u00bb.<\/p>\n<a href=\"https:\/\/www.semen-l.org\/wp-content\/uploads\/2025\/05\/programme_Agrelita_colloque_Mythe.pdf\" class=\"pdfemb-viewer\" style=\"\" data-width=\"max\" data-height=\"max\" data-toolbar=\"both\" data-toolbar-fixed=\"off\">Colloque La r\u00e9ception des mythes grecs li\u00e9s \u00e0 la nature et au vivant. Textes et images (XIVe-XVIe si\u00e8cle)<\/a>\n<p><a href=\"http:\/\/www.semen-l.org\/wp-content\/uploads\/2025\/05\/programme_Agrelita_colloque_Mythe.pdf\">Pour t\u00e9l\u00e9charger le programme, cliquez sur ce lien<\/a>.<\/p>\n<p>Version en texte clair :<\/p>\n<h3>Les 4, 5 et 6 juin 2025<\/h3>\n<h3>Universit\u00e9 de Caen Normandie<\/h3>\n<h6>Organisation\u00a0:<br \/>\nCatherine Gaullier-Bougassas, Ang\u00e8le Tence, Laure C\u00e9be<\/h6>\n<p>\u2666<\/p>\n<p><strong>Mercredi 4 juin \u22c5 9h-18h \u22c5 Amphi de la MRSH<\/strong><\/p>\n<p><em>9h00\u00a0: Accueil des participants<\/em><\/p>\n<p><em>9h15\u00a0: Mot d\u2019accueil et introduction par Catherine Gaullier-Bougassas<\/em><\/p>\n<p><em>Session 1\u00a0: Mythes cosmogoniques<\/em><\/p>\n<ul>\n<li>9h30\u00a0:\u00a0<strong>Alice Lamy<\/strong>\u00a0(UR TrAme \u22c5 Universit\u00e9 de Picardie Jules Verne), Les mythes grecs cosmologiques des \u00e9crits m\u00e9di\u00e9vaux pseudo-aristot\u00e9liciens (<em>Lettres \u00e0 Alexandre<\/em>) et pseudo-ovidiens (<em>De Vetula<\/em>,\u00a0<em>Ovidius Moralizatus<\/em>) en litt\u00e9rature et en philosophie au XIV<sup>e<\/sup>\u00a0si\u00e8cle\u00a0: r\u00f4le et enjeux chez Richard Bury, Thomas Bradwardine, Pierre Bersuire, Jean le F\u00e8vre et Christine de Pizan<\/li>\n<li>10h00\u00a0:\u00a0<strong>Glenn Steinberg<\/strong>\u00a0(The College of New Jersey), \u201cTu mi fai rimembrar dove e qual era \/ Proserpina\u201d: Greek Myth, Dante, and the Natural World<\/li>\n<\/ul>\n<p><em>10h30\u00a0: Discussion et pause<\/em><\/p>\n<ul>\n<li>11h00\u00a0:\u00a0<strong>Anne Raffarin<\/strong>\u00a0(UR Lettres, Id\u00e9es, Savoirs \u22c5 Universit\u00e9 Paris Est Cr\u00e9teil),\u00a0<em>Admirabilia, miracula, mira exempla\u00a0<\/em>: \u0153uvres des dieux\/\u0153uvres de la nature, dans les\u00a0<em>Dies geniales<\/em>\u00a0d\u2019Alessandro Alessandri (1522)<\/li>\n<li>11h30\u00a0:\u00a0<strong>Federica Rossetti<\/strong>\u00a0(Universit\u00e9 d\u2019Innsbruck), L\u2019exploration des\u00a0<em>rerum causae<\/em>\u00a0dans la po\u00e9sie de Basinio da Parma<\/li>\n<\/ul>\n<p><em>12h00\u00a0: Discussion<\/em><\/p>\n<p><em>12h15\u00a0: D\u00e9jeuner pour les conf\u00e9renciers<\/em><\/p>\n<p><em><u>Session 2\u00a0: Nouveaux visages des divinit\u00e9s de la nature<\/u><\/em><\/p>\n<ul>\n<li>14h15\u00a0:\u00a0<strong>Cassandre Herbert<\/strong>\u00a0(UR HiCSA \u22c5 Universit\u00e9 de Paris 1 Panth\u00e9on-Sorbonne), R\u00e9interpr\u00e9ter le mythe de D\u00e9m\u00e9ter-C\u00e9r\u00e8s dans la litt\u00e9rature de la Renaissance\u00a0: entre continuit\u00e9 et innovations textuelles et iconographiques (XIV<sup>e<\/sup>-XV<sup>e<\/sup>\u00a0si\u00e8cles)<\/li>\n<li>14h45\u00a0:\u00a0<strong>Darren Kusar<\/strong>\u00a0(Universit\u00e9 de Chicago), Nature, Myth, and Image in Vincenzo Cartari\u2019s\u00a0<em>Imagini dei dei degli antichi<\/em>\u00a0(1556)<\/li>\n<li>15h15\u00a0:\u00a0<strong>Nadeije Laneyrie-Dagen<\/strong>\u00a0(\u00c9cole normale sup\u00e9rieure), Deucalion et Pyrrha\u00a0: Rapha\u00ebl et l\u2019infertilit\u00e9 d\u2019un couple\u00a0?<\/li>\n<\/ul>\n<p><em>15h45\u00a0: Discussion et pause<\/em><\/p>\n<ul>\n<li>16h15\u00a0:\u00a0<strong>Catherine Gaullier-Bougassas<\/strong>\u00a0(UMR Craham \u22c5 Unicaen), Esculape et la ma\u00eetrise sur le vivant<\/li>\n<li>16h45 :\u00a0<strong>Giulia Parma<\/strong>\u00a0(UMR Craham \u22c5 Unicaen), Des nymphes qui souffrent avec les arbres : dryades et hamadryades dans le mythe d\u2019\u00c9rysichthon. Repr\u00e9sentations et interpr\u00e9tations pr\u00e9modernes d\u2019un acte d\u2019impi\u00e9t\u00e9 contre la nature<\/li>\n<li>17h15 :\u00a0<strong>Charlotte Guiot<\/strong>\u00a0(UMR CIHAM \u22c5 Universit\u00e9 Lumi\u00e8re Lyon 2), C\u00e9l\u00e9brit\u00e9s antiques en terre pastorale m\u00e9di\u00e9vale<\/li>\n<\/ul>\n<p><em>17h45 : Discussion, puis d\u00eener pour les conf\u00e9renciers<\/em><\/p>\n<p><strong>Jeudi 5 juin \u22c5 8h45-17h \u22c5 Salle des Actes de la MRSH (SH 027)<\/strong><\/p>\n<p><em>8h45\u00a0: Accueil des participants<\/em><\/p>\n<p><em><u>Session 3\u00a0: Les \u201cmutacions\u201d du vivant<\/u><\/em><\/p>\n<ul>\n<li>9h00\u00a0:\u00a0<strong>Mar\u00eda de F\u00e1tima D\u00edez Platas<\/strong>\u00a0(Universit\u00e9 de Saint-Jacques-de-Compostelle), Images of a Remembering Nature: Transformation as the Shaper of a New Landscape of Memory in Ovid\u2019s\u00a0<em>Metamorphoses<\/em><\/li>\n<li>9h30 :\u00a0<strong>H\u00e9l\u00e8ne Casanova-Robin<\/strong>\u00a0(UR Rome et ses renaissances \u22c5 Sorbonne Universit\u00e9 \u22c5 IUF), Le mythe d\u2019\u00c9ros comme principe cosmogonique et ses r\u00e9\u00e9critures dans la \u201cpo\u00e9sie de la nature\u201d au XV<sup>e<\/sup>\u00a0si\u00e8cle<\/li>\n<li>10h00 :\u00a0<strong>H\u00e9l\u00e8ne Jager<\/strong>\u00a0(UR LUHCIE \u22c5 Universit\u00e9 Grenoble Alpes), Les Minyades ou la m\u00e9tamorphose de femmes ren\u00e9es chauve-souris d\u2019origine antique dans l\u2019iconographie m\u00e9di\u00e9vale (XIV<sup>e<\/sup>-XV<sup>e<\/sup>\u00a0si\u00e8cles)<\/li>\n<\/ul>\n<p><em>10h30\u00a0: Discussion et pause<\/em><\/p>\n<ul>\n<li>11h00 :\u00a0<strong>Isabel Rinaldi<\/strong>\u00a0(The College of New Jersey), The Nature and Laws of Metamorphosis in Hell: Dante\u2019s Manipulation of Ovid\u2019s\u00a0<em>Metamorphoses<\/em><\/li>\n<li>11h30 :\u00a0<strong>Ang\u00e8le Tence<\/strong>\u00a0(UMR Craham \u22c5 Unicaen), De l\u2019\u00e9corce fendue \u00e0 la d\u00e9livrance par voie \u201cnaturelle\u201d\u00a0: Myrrha parturiente \u00e0 la Renaissance<\/li>\n<\/ul>\n<p><em>12h00\u00a0: Discussion<\/em><\/p>\n<p><em>12h15\u00a0: D\u00e9jeuner pour les conf\u00e9renciers<\/em><\/p>\n<p><em><u>Session 4\u00a0: Imaginaires po\u00e9tique et esth\u00e9tique des espaces naturels<\/u><\/em><\/p>\n<ul>\n<li>14h15 :\u00a0<strong>Tatiana Grela Tubio<\/strong>\u00a0(Universit\u00e9 de Saint-Jacques-de-Compostelle), Landscapes for the imagination: Ovidian personifications and their microcosms as an extension of themselves<\/li>\n<li>14h45 :\u00a0<strong>Anne-Laure Imbert<\/strong>\u00a0(UR HiCSA \u22c5 Universit\u00e9 Paris 1 Panth\u00e9on-Sorbonne), La source, la grotte et le pouvoir de l\u2019image\u00a0: le mythe de Narcisse entre France et Italie, du XIV<sup>e<\/sup>\u00a0au XVI<sup>e<\/sup>\u00a0si\u00e8cle<\/li>\n<\/ul>\n<p><em>15h15\u00a0: Discussion et pause<\/em><\/p>\n<ul>\n<li>15h45 :\u00a0<strong>Charis Messis<\/strong>\u00a0(Universit\u00e9 nationale et capodistrienne d\u2019Ath\u00e8nes), Nature, art et mythologie dans les\u00a0<em>ekphraseis<\/em>\u00a0de Jean Eug\u00e9nikos (XV<sup>e<\/sup>\u00a0si\u00e8cle)<\/li>\n<li>16h15 :\u00a0<strong>Julie Labreg\u00e8re<\/strong>\u00a0(UMR Craham \u22c5\u00a0Unicaen), Interroger la fronti\u00e8re entre humanit\u00e9 et animalit\u00e9\u00a0: la r\u00e9ception du mythe grec de la g\u00e9ranomachie dans les textes fran\u00e7ais et leurs images (fin XIII<sup>e<\/sup>-XVI<sup>e<\/sup>\u00a0si\u00e8cles)<\/li>\n<\/ul>\n<p><em>16h45 : Discussion, puis d\u00eener pour les conf\u00e9renciers<\/em><\/p>\n<p><strong>Vendredi 6 juin \u22c5 9h-17h15 \u22c5 Salle des Actes de la MRSH (SH 027)<\/strong><\/p>\n<p><em>9h00\u00a0: Accueil des participants<\/em><\/p>\n<p><em><u>Session 5\u00a0: Astrologie et astronomie<\/u><\/em><\/p>\n<ul>\n<li>9h15 :\u00a0<strong>Kellie Robertson<\/strong>\u00a0(Universit\u00e9 du Maryland), Floods, Hail, and Lightning: Medieval Astrometeorology and Mythic Natural History<\/li>\n<li>9h45 :\u00a0<strong>Sarah Kay<\/strong>\u00a0(Universit\u00e9 de New York), M\u00e9tamorphoses de l\u2019astronomie grecque et sens de la nature dans le 2<sup>e<\/sup>\u00a0livre de l\u2019<em>Ovide moralis\u00e9<\/em><\/li>\n<\/ul>\n<p><em>10h15\u00a0: Discussion et pause<\/em><\/p>\n<ul>\n<li>10h45 :\u00a0<strong>Laurence Garneau<\/strong>\u00a0(Universit\u00e9 Concordia, Montr\u00e9al), De D\u00e9m\u00e9ter \u00e0 la femme procr\u00e9atrice\u00a0: le signe zodiacal de la Vierge dans l\u2019<em>Astrolabium Planum in tabulis ascendens\u00a0<\/em>de Pietrus d\u2019Abanus (1293\/1488)<\/li>\n<li>11h15 :\u00a0<strong>Marine Jouffrea<\/strong>u (\u00c9cole nationale des chartes), Un ciel pa\u00efen pour un monde chr\u00e9tien\u00a0: la place des mythes cosmogoniques li\u00e9s \u00e0 la constellation du Cygne au Moyen \u00c2ge et \u00e0 la Renaissance<\/li>\n<\/ul>\n<p><em>11h45\u00a0: Discussion<\/em><\/p>\n<p><em>12h00\u00a0: D\u00e9jeuner pour les conf\u00e9renciers<\/em><\/p>\n<p><em><u>Session 6\u00a0: Comprendre et exploiter les secrets de la nature<\/u><\/em><\/p>\n<ul>\n<li>14h00 :\u00a0<strong>Sarah Marchese<\/strong>\u00a0(UR HiCSA \u22c5 Universit\u00e9 Paris 1 Panth\u00e9on-Sorbonne), Neptune et la baleine, Arion et le dauphin\u00a0: se prot\u00e9ger et dominer la nature dans l\u2019imagerie anversoise du XVI<sup>e<\/sup>\u00a0si\u00e8cle<\/li>\n<li>14h30 :\u00a0<strong>Pierre Tchekhoff<\/strong>\u00a0(UR HiCSA \u22c5 Universit\u00e9 Paris 1 Panth\u00e9on-Sorbonne), Le toucher de Circ\u00e9\u00a0: manipulation et transformation de la nature dans l\u2019iconographie de la magicienne antique au XVI<sup>e<\/sup>\u00a0si\u00e8cle<\/li>\n<li>15h00 :\u00a0<strong>Donato Verardi<\/strong>\u00a0(Universit\u00e9 Ca\u2019 Foscari de Venise), Greek Myths, Natural History and Local Knowledge in Renaissance Naples: the\u00a0<em>Magia naturalis<\/em>\u00a0by Giambattista Della Porta<\/li>\n<\/ul>\n<p><em>15h30\u00a0: Discussion et pause<\/em><\/p>\n<ul>\n<li>16h00 :\u00a0<strong>Megumi Tanabe<\/strong>\u00a0(Universit\u00e9 Osaka Ohtani), M\u00e9tamorphose de la connotation du bleuet dans les livres d\u2019heures de la famille ducale de Bretagne au XV<sup>e<\/sup>\u00a0si\u00e8cle\u00a0: r\u00e9ception ou succession de la culture grecque\u00a0?<\/li>\n<li>16h30 :\u00a0<strong>John Nassichuk<\/strong>\u00a0(Universit\u00e9 Western Ontario), Le baudrier floral sur la sc\u00e8ne du jugement de P\u00e2ris chez Lemaire de Belges\u00a0: ant\u00e9c\u00e9dents po\u00e9tiques et d\u00e9veloppement<\/li>\n<\/ul>\n<p><em>17h00 : Discussion, puis d\u00eener pour les conf\u00e9renciers<\/em><\/p>\n","protected":false},"excerpt":{"rendered":"<p>La SEMEN-L est heureuse de relayer que l&rsquo;ERC Agrelita (dirig\u00e9 par Prof. Catherine Gaullier-Bougassas et consacr\u00e9 \u00e0 la r\u00e9ception et aux appropriations litt\u00e9raires et artistiques de la Gr\u00e8ce ancienne par des auteurs non hell\u00e9nistes entre 1320 et 1550) organise en &hellip; <a href=\"https:\/\/www.semen-l.org\/?p=4012\">Continuer la lecture <span class=\"meta-nav\">&rarr;<\/span><\/a><\/p>\n","protected":false},"author":26,"featured_media":4015,"comment_status":"open","ping_status":"open","sticky":false,"template":"","format":"standard","meta":{"footnotes":""},"categories":[4],"tags":[1766,2090,2476,813,92,2478,822,1694,2475,2161,2499,2501,2489,815,2472,1342,382,2477,530,2500,225,2488,2491,2496,2493,1767,2482,2486,2495,222,2498,2497,2483,529,2473,2505,93,2332,2481,2490,2487,417,2484,1160,2474,2494,70,2480,1605,1421,1475,1954,2198,2479,2502,1967,2492,2504,2485,2503],"class_list":["post-4012","post","type-post","status-publish","format-standard","has-post-thumbnail","hentry","category-colloques","tag-alessandri-alessandro","tag-anvers","tag-arion","tag-aristote-pseudo","tag-art","tag-astrolabium-planum-in-tabulis-ascendens-pietrus-dabanus","tag-astrologie","tag-astronomie","tag-baleine","tag-basini-basinio","tag-cartari-vincenzo","tag-ceres","tag-chauve-souris","tag-christine-de-pizan","tag-circe","tag-cosmogonie","tag-dante","tag-dauphin","tag-de-vetula","tag-deucalion","tag-ekphrasis","tag-enfer","tag-eros","tag-erysichthon","tag-esculape","tag-geniales-dies-alessandri","tag-geranomachie","tag-grotte","tag-hamadryade","tag-iconographie","tag-imagini-dei-dei-degli-antichi","tag-impiete","tag-jean-eugenikos","tag-jean-le-fevre","tag-lemaire-de-begles","tag-lettres-a-alexandre","tag-magie","tag-metamorphose","tag-meteorologie","tag-minyades","tag-myrrha","tag-mythologie","tag-narcisse","tag-nature","tag-neptune","tag-nymphe","tag-ovide","tag-ovide-moralise","tag-paris","tag-pastorale","tag-paysage","tag-personnification","tag-pierre-bersuire","tag-pietrus-dabanus","tag-proserpine","tag-raphael","tag-reecriture","tag-richard-bury","tag-source","tag-thomas-bradwardine"],"yoast_head":"<!-- This site is optimized with the Yoast SEO plugin v27.5 - https:\/\/yoast.com\/product\/yoast-seo-wordpress\/ -->\n<title>La r\u00e9ception des mythes grecs li\u00e9s \u00e0 la nature et au vivant. Textes et images (XIVe-XVIe si\u00e8cle) - colloque de Caen du 4 au 6 juin 2025 - Soci\u00e9t\u00e9 d&#039;\u00c9tudes M\u00e9dio Et N\u00e9o-Latines<\/title>\n<meta name=\"robots\" content=\"index, follow, max-snippet:-1, max-image-preview:large, max-video-preview:-1\" \/>\n<link rel=\"canonical\" href=\"http:\/\/www.semen-l.org\/?p=4012\" \/>\n<meta property=\"og:locale\" content=\"fr_FR\" \/>\n<meta property=\"og:type\" content=\"article\" \/>\n<meta property=\"og:title\" content=\"La r\u00e9ception des mythes grecs li\u00e9s \u00e0 la nature et au vivant. Textes et images (XIVe-XVIe si\u00e8cle) - colloque de Caen du 4 au 6 juin 2025 - Soci\u00e9t\u00e9 d&#039;\u00c9tudes M\u00e9dio Et N\u00e9o-Latines\" \/>\n<meta property=\"og:description\" content=\"La SEMEN-L est heureuse de relayer que l&rsquo;ERC Agrelita (dirig\u00e9 par Prof. Catherine Gaullier-Bougassas et consacr\u00e9 \u00e0 la r\u00e9ception et aux appropriations litt\u00e9raires et artistiques de la Gr\u00e8ce ancienne par des auteurs non hell\u00e9nistes entre 1320 et 1550) organise en &hellip; Continuer la lecture &rarr;\" \/>\n<meta property=\"og:url\" content=\"http:\/\/www.semen-l.org\/?p=4012\" \/>\n<meta property=\"og:site_name\" content=\"Soci\u00e9t\u00e9 d&#039;\u00c9tudes M\u00e9dio Et N\u00e9o-Latines\" \/>\n<meta property=\"article:publisher\" content=\"https:\/\/www.facebook.com\/SEMENL2018\" \/>\n<meta property=\"article:published_time\" content=\"2025-05-25T13:39:04+00:00\" \/>\n<meta property=\"article:modified_time\" content=\"2025-05-25T13:41:02+00:00\" \/>\n<meta property=\"og:image\" content=\"http:\/\/www.semen-l.org\/wp-content\/uploads\/2025\/05\/colloque-agrelita-juin25.jpg\" \/>\n\t<meta property=\"og:image:width\" content=\"537\" \/>\n\t<meta property=\"og:image:height\" content=\"416\" \/>\n\t<meta property=\"og:image:type\" content=\"image\/jpeg\" \/>\n<meta name=\"author\" content=\"Julien Maudoux\" \/>\n<meta name=\"twitter:card\" content=\"summary_large_image\" \/>\n<meta name=\"twitter:label1\" content=\"\u00c9crit par\" \/>\n\t<meta name=\"twitter:data1\" content=\"Julien Maudoux\" \/>\n\t<meta name=\"twitter:label2\" content=\"Dur\u00e9e de lecture estim\u00e9e\" \/>\n\t<meta name=\"twitter:data2\" content=\"6 minutes\" \/>\n<script type=\"application\/ld+json\" class=\"yoast-schema-graph\">{\"@context\":\"https:\\\/\\\/schema.org\",\"@graph\":[{\"@type\":\"Article\",\"@id\":\"http:\\\/\\\/www.semen-l.org\\\/?p=4012#article\",\"isPartOf\":{\"@id\":\"http:\\\/\\\/www.semen-l.org\\\/?p=4012\"},\"author\":{\"name\":\"Julien Maudoux\",\"@id\":\"http:\\\/\\\/www.semen-l.org\\\/#\\\/schema\\\/person\\\/ef5208815f17666727763c5363a51344\"},\"headline\":\"La r\u00e9ception des mythes grecs li\u00e9s \u00e0 la nature et au vivant. Textes et images (XIVe-XVIe si\u00e8cle) &#8211; colloque de Caen du 4 au 6 juin 2025\",\"datePublished\":\"2025-05-25T13:39:04+00:00\",\"dateModified\":\"2025-05-25T13:41:02+00:00\",\"mainEntityOfPage\":{\"@id\":\"http:\\\/\\\/www.semen-l.org\\\/?p=4012\"},\"wordCount\":1162,\"commentCount\":0,\"publisher\":{\"@id\":\"http:\\\/\\\/www.semen-l.org\\\/#organization\"},\"image\":{\"@id\":\"http:\\\/\\\/www.semen-l.org\\\/?p=4012#primaryimage\"},\"thumbnailUrl\":\"https:\\\/\\\/www.semen-l.org\\\/wp-content\\\/uploads\\\/2025\\\/05\\\/colloque-agrelita-juin25.jpg\",\"keywords\":[\"Alessandri (Alessandro)\",\"Anvers\",\"Arion\",\"Aristote (Pseudo)\",\"art\",\"Astrolabium Planum in tabulis ascendens (Pietrus d'Abanus)\",\"astrologie\",\"astronomie\",\"baleine\",\"Basini (Basinio)\",\"Cartari (Vincenzo)\",\"C\u00e9r\u00e8s\",\"chauve-souris\",\"Christine de Pizan\",\"Circ\u00e9\",\"cosmogonie\",\"Dante\",\"dauphin\",\"De Vetula\",\"Deucalion\",\"ekphrasis\",\"enfer\",\"\u00c9ros\",\"\u00c9rysichthon\",\"Esculape\",\"Geniales Dies (Alessandri)\",\"g\u00e9ranomachie\",\"grotte\",\"hamadryade\",\"iconographie\",\"Imagini dei dei degli antichi\",\"impi\u00e9t\u00e9\",\"Jean Eug\u00e9nikos\",\"Jean Le F\u00e8vre\",\"Lemaire de B\u00e8gles\",\"Lettres \u00e0 Alexandre\",\"magie\",\"m\u00e9tamorphose\",\"m\u00e9t\u00e9orologie\",\"Minyades\",\"Myrrha\",\"mythologie\",\"Narcisse\",\"nature\",\"Neptune\",\"nymphe\",\"Ovide\",\"Ovide moralis\u00e9\",\"Paris\",\"pastorale\",\"paysage\",\"personnification\",\"Pierre Bersuire\",\"Pietrus d'Abanus\",\"Proserpine\",\"Rapha\u00ebl\",\"r\u00e9\u00e9criture\",\"Richard Bury\",\"source\",\"Thomas Bradwardine\"],\"articleSection\":[\"Colloques\"],\"inLanguage\":\"fr-FR\",\"potentialAction\":[{\"@type\":\"CommentAction\",\"name\":\"Comment\",\"target\":[\"http:\\\/\\\/www.semen-l.org\\\/?p=4012#respond\"]}]},{\"@type\":\"WebPage\",\"@id\":\"http:\\\/\\\/www.semen-l.org\\\/?p=4012\",\"url\":\"http:\\\/\\\/www.semen-l.org\\\/?p=4012\",\"name\":\"La r\u00e9ception des mythes grecs li\u00e9s \u00e0 la nature et au vivant. Textes et images (XIVe-XVIe si\u00e8cle) - colloque de Caen du 4 au 6 juin 2025 - Soci\u00e9t\u00e9 d&#039;\u00c9tudes M\u00e9dio Et N\u00e9o-Latines\",\"isPartOf\":{\"@id\":\"http:\\\/\\\/www.semen-l.org\\\/#website\"},\"primaryImageOfPage\":{\"@id\":\"http:\\\/\\\/www.semen-l.org\\\/?p=4012#primaryimage\"},\"image\":{\"@id\":\"http:\\\/\\\/www.semen-l.org\\\/?p=4012#primaryimage\"},\"thumbnailUrl\":\"https:\\\/\\\/www.semen-l.org\\\/wp-content\\\/uploads\\\/2025\\\/05\\\/colloque-agrelita-juin25.jpg\",\"datePublished\":\"2025-05-25T13:39:04+00:00\",\"dateModified\":\"2025-05-25T13:41:02+00:00\",\"breadcrumb\":{\"@id\":\"http:\\\/\\\/www.semen-l.org\\\/?p=4012#breadcrumb\"},\"inLanguage\":\"fr-FR\",\"potentialAction\":[{\"@type\":\"ReadAction\",\"target\":[\"http:\\\/\\\/www.semen-l.org\\\/?p=4012\"]}]},{\"@type\":\"ImageObject\",\"inLanguage\":\"fr-FR\",\"@id\":\"http:\\\/\\\/www.semen-l.org\\\/?p=4012#primaryimage\",\"url\":\"https:\\\/\\\/www.semen-l.org\\\/wp-content\\\/uploads\\\/2025\\\/05\\\/colloque-agrelita-juin25.jpg\",\"contentUrl\":\"https:\\\/\\\/www.semen-l.org\\\/wp-content\\\/uploads\\\/2025\\\/05\\\/colloque-agrelita-juin25.jpg\",\"width\":537,\"height\":416},{\"@type\":\"BreadcrumbList\",\"@id\":\"http:\\\/\\\/www.semen-l.org\\\/?p=4012#breadcrumb\",\"itemListElement\":[{\"@type\":\"ListItem\",\"position\":1,\"name\":\"Accueil\",\"item\":\"http:\\\/\\\/www.semen-l.org\\\/\"},{\"@type\":\"ListItem\",\"position\":2,\"name\":\"La r\u00e9ception des mythes grecs li\u00e9s \u00e0 la nature et au vivant. Textes et images (XIVe-XVIe si\u00e8cle) &#8211; colloque de Caen du 4 au 6 juin 2025\"}]},{\"@type\":\"WebSite\",\"@id\":\"http:\\\/\\\/www.semen-l.org\\\/#website\",\"url\":\"http:\\\/\\\/www.semen-l.org\\\/\",\"name\":\"Soci\u00e9t\u00e9 d'\u00c9tudes M\u00e9dio Et N\u00e9o-Latines\",\"description\":\"\",\"publisher\":{\"@id\":\"http:\\\/\\\/www.semen-l.org\\\/#organization\"},\"potentialAction\":[{\"@type\":\"SearchAction\",\"target\":{\"@type\":\"EntryPoint\",\"urlTemplate\":\"http:\\\/\\\/www.semen-l.org\\\/?s={search_term_string}\"},\"query-input\":{\"@type\":\"PropertyValueSpecification\",\"valueRequired\":true,\"valueName\":\"search_term_string\"}}],\"inLanguage\":\"fr-FR\"},{\"@type\":\"Organization\",\"@id\":\"http:\\\/\\\/www.semen-l.org\\\/#organization\",\"name\":\"Soci\u00e9t\u00e9 d'\u00e9tudes m\u00e9dio et n\u00e9o-latines\",\"url\":\"http:\\\/\\\/www.semen-l.org\\\/\",\"logo\":{\"@type\":\"ImageObject\",\"inLanguage\":\"fr-FR\",\"@id\":\"http:\\\/\\\/www.semen-l.org\\\/#\\\/schema\\\/logo\\\/image\\\/\",\"url\":\"http:\\\/\\\/www.semen-l.org\\\/wp-content\\\/uploads\\\/2020\\\/11\\\/logo-semenl.jpg\",\"contentUrl\":\"http:\\\/\\\/www.semen-l.org\\\/wp-content\\\/uploads\\\/2020\\\/11\\\/logo-semenl.jpg\",\"width\":408,\"height\":403,\"caption\":\"Soci\u00e9t\u00e9 d'\u00e9tudes m\u00e9dio et n\u00e9o-latines\"},\"image\":{\"@id\":\"http:\\\/\\\/www.semen-l.org\\\/#\\\/schema\\\/logo\\\/image\\\/\"},\"sameAs\":[\"https:\\\/\\\/www.facebook.com\\\/SEMENL2018\",\"https:\\\/\\\/independent.academia.edu\\\/SocitsdtudesmdioetnolatinesSEMENL\"]},{\"@type\":\"Person\",\"@id\":\"http:\\\/\\\/www.semen-l.org\\\/#\\\/schema\\\/person\\\/ef5208815f17666727763c5363a51344\",\"name\":\"Julien Maudoux\",\"image\":{\"@type\":\"ImageObject\",\"inLanguage\":\"fr-FR\",\"@id\":\"https:\\\/\\\/secure.gravatar.com\\\/avatar\\\/caabf4fb6242e2277733cd35a5c2aa083761ea25dae1d1ff3298b54292225292?s=96&d=mm&r=g\",\"url\":\"https:\\\/\\\/secure.gravatar.com\\\/avatar\\\/caabf4fb6242e2277733cd35a5c2aa083761ea25dae1d1ff3298b54292225292?s=96&d=mm&r=g\",\"contentUrl\":\"https:\\\/\\\/secure.gravatar.com\\\/avatar\\\/caabf4fb6242e2277733cd35a5c2aa083761ea25dae1d1ff3298b54292225292?s=96&d=mm&r=g\",\"caption\":\"Julien Maudoux\"},\"description\":\"Webmestre du site de la SEMEN-L\",\"url\":\"https:\\\/\\\/www.semen-l.org\\\/?author=26\"}]}<\/script>\n<!-- \/ Yoast SEO plugin. -->","yoast_head_json":{"title":"La r\u00e9ception des mythes grecs li\u00e9s \u00e0 la nature et au vivant. Textes et images (XIVe-XVIe si\u00e8cle) - colloque de Caen du 4 au 6 juin 2025 - Soci\u00e9t\u00e9 d&#039;\u00c9tudes M\u00e9dio Et N\u00e9o-Latines","robots":{"index":"index","follow":"follow","max-snippet":"max-snippet:-1","max-image-preview":"max-image-preview:large","max-video-preview":"max-video-preview:-1"},"canonical":"http:\/\/www.semen-l.org\/?p=4012","og_locale":"fr_FR","og_type":"article","og_title":"La r\u00e9ception des mythes grecs li\u00e9s \u00e0 la nature et au vivant. Textes et images (XIVe-XVIe si\u00e8cle) - colloque de Caen du 4 au 6 juin 2025 - Soci\u00e9t\u00e9 d&#039;\u00c9tudes M\u00e9dio Et N\u00e9o-Latines","og_description":"La SEMEN-L est heureuse de relayer que l&rsquo;ERC Agrelita (dirig\u00e9 par Prof. Catherine Gaullier-Bougassas et consacr\u00e9 \u00e0 la r\u00e9ception et aux appropriations litt\u00e9raires et artistiques de la Gr\u00e8ce ancienne par des auteurs non hell\u00e9nistes entre 1320 et 1550) organise en &hellip; Continuer la lecture &rarr;","og_url":"http:\/\/www.semen-l.org\/?p=4012","og_site_name":"Soci\u00e9t\u00e9 d&#039;\u00c9tudes M\u00e9dio Et N\u00e9o-Latines","article_publisher":"https:\/\/www.facebook.com\/SEMENL2018","article_published_time":"2025-05-25T13:39:04+00:00","article_modified_time":"2025-05-25T13:41:02+00:00","og_image":[{"width":537,"height":416,"url":"http:\/\/www.semen-l.org\/wp-content\/uploads\/2025\/05\/colloque-agrelita-juin25.jpg","type":"image\/jpeg"}],"author":"Julien Maudoux","twitter_card":"summary_large_image","twitter_misc":{"\u00c9crit par":"Julien Maudoux","Dur\u00e9e de lecture estim\u00e9e":"6 minutes"},"schema":{"@context":"https:\/\/schema.org","@graph":[{"@type":"Article","@id":"http:\/\/www.semen-l.org\/?p=4012#article","isPartOf":{"@id":"http:\/\/www.semen-l.org\/?p=4012"},"author":{"name":"Julien Maudoux","@id":"http:\/\/www.semen-l.org\/#\/schema\/person\/ef5208815f17666727763c5363a51344"},"headline":"La r\u00e9ception des mythes grecs li\u00e9s \u00e0 la nature et au vivant. Textes et images (XIVe-XVIe si\u00e8cle) &#8211; colloque de Caen du 4 au 6 juin 2025","datePublished":"2025-05-25T13:39:04+00:00","dateModified":"2025-05-25T13:41:02+00:00","mainEntityOfPage":{"@id":"http:\/\/www.semen-l.org\/?p=4012"},"wordCount":1162,"commentCount":0,"publisher":{"@id":"http:\/\/www.semen-l.org\/#organization"},"image":{"@id":"http:\/\/www.semen-l.org\/?p=4012#primaryimage"},"thumbnailUrl":"https:\/\/www.semen-l.org\/wp-content\/uploads\/2025\/05\/colloque-agrelita-juin25.jpg","keywords":["Alessandri (Alessandro)","Anvers","Arion","Aristote (Pseudo)","art","Astrolabium Planum in tabulis ascendens (Pietrus d'Abanus)","astrologie","astronomie","baleine","Basini (Basinio)","Cartari (Vincenzo)","C\u00e9r\u00e8s","chauve-souris","Christine de Pizan","Circ\u00e9","cosmogonie","Dante","dauphin","De Vetula","Deucalion","ekphrasis","enfer","\u00c9ros","\u00c9rysichthon","Esculape","Geniales Dies (Alessandri)","g\u00e9ranomachie","grotte","hamadryade","iconographie","Imagini dei dei degli antichi","impi\u00e9t\u00e9","Jean Eug\u00e9nikos","Jean Le F\u00e8vre","Lemaire de B\u00e8gles","Lettres \u00e0 Alexandre","magie","m\u00e9tamorphose","m\u00e9t\u00e9orologie","Minyades","Myrrha","mythologie","Narcisse","nature","Neptune","nymphe","Ovide","Ovide moralis\u00e9","Paris","pastorale","paysage","personnification","Pierre Bersuire","Pietrus d'Abanus","Proserpine","Rapha\u00ebl","r\u00e9\u00e9criture","Richard Bury","source","Thomas Bradwardine"],"articleSection":["Colloques"],"inLanguage":"fr-FR","potentialAction":[{"@type":"CommentAction","name":"Comment","target":["http:\/\/www.semen-l.org\/?p=4012#respond"]}]},{"@type":"WebPage","@id":"http:\/\/www.semen-l.org\/?p=4012","url":"http:\/\/www.semen-l.org\/?p=4012","name":"La r\u00e9ception des mythes grecs li\u00e9s \u00e0 la nature et au vivant. Textes et images (XIVe-XVIe si\u00e8cle) - colloque de Caen du 4 au 6 juin 2025 - Soci\u00e9t\u00e9 d&#039;\u00c9tudes M\u00e9dio Et N\u00e9o-Latines","isPartOf":{"@id":"http:\/\/www.semen-l.org\/#website"},"primaryImageOfPage":{"@id":"http:\/\/www.semen-l.org\/?p=4012#primaryimage"},"image":{"@id":"http:\/\/www.semen-l.org\/?p=4012#primaryimage"},"thumbnailUrl":"https:\/\/www.semen-l.org\/wp-content\/uploads\/2025\/05\/colloque-agrelita-juin25.jpg","datePublished":"2025-05-25T13:39:04+00:00","dateModified":"2025-05-25T13:41:02+00:00","breadcrumb":{"@id":"http:\/\/www.semen-l.org\/?p=4012#breadcrumb"},"inLanguage":"fr-FR","potentialAction":[{"@type":"ReadAction","target":["http:\/\/www.semen-l.org\/?p=4012"]}]},{"@type":"ImageObject","inLanguage":"fr-FR","@id":"http:\/\/www.semen-l.org\/?p=4012#primaryimage","url":"https:\/\/www.semen-l.org\/wp-content\/uploads\/2025\/05\/colloque-agrelita-juin25.jpg","contentUrl":"https:\/\/www.semen-l.org\/wp-content\/uploads\/2025\/05\/colloque-agrelita-juin25.jpg","width":537,"height":416},{"@type":"BreadcrumbList","@id":"http:\/\/www.semen-l.org\/?p=4012#breadcrumb","itemListElement":[{"@type":"ListItem","position":1,"name":"Accueil","item":"http:\/\/www.semen-l.org\/"},{"@type":"ListItem","position":2,"name":"La r\u00e9ception des mythes grecs li\u00e9s \u00e0 la nature et au vivant. Textes et images (XIVe-XVIe si\u00e8cle) &#8211; colloque de Caen du 4 au 6 juin 2025"}]},{"@type":"WebSite","@id":"http:\/\/www.semen-l.org\/#website","url":"http:\/\/www.semen-l.org\/","name":"Soci\u00e9t\u00e9 d'\u00c9tudes M\u00e9dio Et N\u00e9o-Latines","description":"","publisher":{"@id":"http:\/\/www.semen-l.org\/#organization"},"potentialAction":[{"@type":"SearchAction","target":{"@type":"EntryPoint","urlTemplate":"http:\/\/www.semen-l.org\/?s={search_term_string}"},"query-input":{"@type":"PropertyValueSpecification","valueRequired":true,"valueName":"search_term_string"}}],"inLanguage":"fr-FR"},{"@type":"Organization","@id":"http:\/\/www.semen-l.org\/#organization","name":"Soci\u00e9t\u00e9 d'\u00e9tudes m\u00e9dio et n\u00e9o-latines","url":"http:\/\/www.semen-l.org\/","logo":{"@type":"ImageObject","inLanguage":"fr-FR","@id":"http:\/\/www.semen-l.org\/#\/schema\/logo\/image\/","url":"http:\/\/www.semen-l.org\/wp-content\/uploads\/2020\/11\/logo-semenl.jpg","contentUrl":"http:\/\/www.semen-l.org\/wp-content\/uploads\/2020\/11\/logo-semenl.jpg","width":408,"height":403,"caption":"Soci\u00e9t\u00e9 d'\u00e9tudes m\u00e9dio et n\u00e9o-latines"},"image":{"@id":"http:\/\/www.semen-l.org\/#\/schema\/logo\/image\/"},"sameAs":["https:\/\/www.facebook.com\/SEMENL2018","https:\/\/independent.academia.edu\/SocitsdtudesmdioetnolatinesSEMENL"]},{"@type":"Person","@id":"http:\/\/www.semen-l.org\/#\/schema\/person\/ef5208815f17666727763c5363a51344","name":"Julien Maudoux","image":{"@type":"ImageObject","inLanguage":"fr-FR","@id":"https:\/\/secure.gravatar.com\/avatar\/caabf4fb6242e2277733cd35a5c2aa083761ea25dae1d1ff3298b54292225292?s=96&d=mm&r=g","url":"https:\/\/secure.gravatar.com\/avatar\/caabf4fb6242e2277733cd35a5c2aa083761ea25dae1d1ff3298b54292225292?s=96&d=mm&r=g","contentUrl":"https:\/\/secure.gravatar.com\/avatar\/caabf4fb6242e2277733cd35a5c2aa083761ea25dae1d1ff3298b54292225292?s=96&d=mm&r=g","caption":"Julien Maudoux"},"description":"Webmestre du site de la SEMEN-L","url":"https:\/\/www.semen-l.org\/?author=26"}]}},"jetpack_featured_media_url":"https:\/\/www.semen-l.org\/wp-content\/uploads\/2025\/05\/colloque-agrelita-juin25.jpg","_links":{"self":[{"href":"https:\/\/www.semen-l.org\/index.php?rest_route=\/wp\/v2\/posts\/4012","targetHints":{"allow":["GET"]}}],"collection":[{"href":"https:\/\/www.semen-l.org\/index.php?rest_route=\/wp\/v2\/posts"}],"about":[{"href":"https:\/\/www.semen-l.org\/index.php?rest_route=\/wp\/v2\/types\/post"}],"author":[{"embeddable":true,"href":"https:\/\/www.semen-l.org\/index.php?rest_route=\/wp\/v2\/users\/26"}],"replies":[{"embeddable":true,"href":"https:\/\/www.semen-l.org\/index.php?rest_route=%2Fwp%2Fv2%2Fcomments&post=4012"}],"version-history":[{"count":0,"href":"https:\/\/www.semen-l.org\/index.php?rest_route=\/wp\/v2\/posts\/4012\/revisions"}],"wp:featuredmedia":[{"embeddable":true,"href":"https:\/\/www.semen-l.org\/index.php?rest_route=\/wp\/v2\/media\/4015"}],"wp:attachment":[{"href":"https:\/\/www.semen-l.org\/index.php?rest_route=%2Fwp%2Fv2%2Fmedia&parent=4012"}],"wp:term":[{"taxonomy":"category","embeddable":true,"href":"https:\/\/www.semen-l.org\/index.php?rest_route=%2Fwp%2Fv2%2Fcategories&post=4012"},{"taxonomy":"post_tag","embeddable":true,"href":"https:\/\/www.semen-l.org\/index.php?rest_route=%2Fwp%2Fv2%2Ftags&post=4012"}],"curies":[{"name":"wp","href":"https:\/\/api.w.org\/{rel}","templated":true}]}}