{"id":4001,"date":"2025-04-24T10:16:58","date_gmt":"2025-04-24T10:16:58","guid":{"rendered":"https:\/\/www.semen-l.org\/?p=4001"},"modified":"2025-04-24T10:16:58","modified_gmt":"2025-04-24T10:16:58","slug":"appel-a-candidatures-3e-seminaire-international-umanesimo-e-rinascimento-1350-ca-1550-ca-villa-falconieri-de-frascati-du-15-au-19-septembre-2025","status":"publish","type":"post","link":"https:\/\/www.semen-l.org\/?p=4001","title":{"rendered":"Appel \u00e0 candidatures : 3e S\u00e9minaire international \u00ab\u00a0Umanesimo e Rinascimento (1350 ca.-1550 ca.)\u00a0\u00bb, Villa Falconieri de Frascati, du 15 au 19 septembre 2025"},"content":{"rendered":"<p>Accademia Vivarivm novvm<\/p>\n<p>Artes Renascentes<\/p>\n<p>Centro europeo di stud\u00ee su umanesimo e rinascimento aragonese (<em>C.E.S.U.R.A<\/em>.) Istituto nazionale di stud\u00ee sul rinascimento meridionale<\/p>\n<p>Soci\u00e9t\u00e9 internationale Leon Battista Alberti (<em>S.I.L.B.A.<\/em>) Centre \u00abJean P\u00e9pin\u00bb (\u00c9.N.S. Paris &#8211; C.N.R.S. &#8211; P.S.L.) &#8211; Villejuif<\/p>\n<p>*<\/p>\n<h1>Terzo Seminario internazionale di stud\u00ee<\/h1>\n<p>UMANESIMO E RINASCIMENTO<\/p>\n<p>(1350 <em>ca<\/em>.-1550 <em>ca<\/em>.)<\/p>\n<h1>Frascati, Villa Falconieri, 15-19 settembre 2025<\/h1>\n<p>*<\/p>\n<p>Fenomeni storico-culturali e tecnico-artistici d\u2019origine italica strettamente connessi fra loro, che han caratterizzato una fase cruciale della cultura europea, l\u2019Umanesimo e il Rinascimento su cui s\u2019intende riflettere alla luce delle principali direttrici della ricerca attuale e insieme nella prospettiva di un auspicato futuro impegno editoriale dei partecipanti vanno riferiti con decisone alla grande rivoluzione culturale operatasi tra il consolidarsi delle signorie in gran parte d\u2019Italia e il sorgere nell\u2019Occidente d\u2019Europa degli Stati che saranno poi chiamati \u00abnazionali\u00bb \u2013 <em>i.e<\/em>. tra Giotto o Simone Martini e Michelangelo sul piano artistico, tra il Petrarca ed Erasmo o il Guicciardini storiografo d\u2019Italia su quello letterario, tra la crisi della Scolastica nella seconda met\u00e0 del Trecento e l\u2019avvio della Controriforma cattolica, con l\u2019apertura del Concilio di Trento (1543) e la promulgazione del veneto primo <em>Index librorum prohibitorum <\/em>(1554) sul piano religioso e filosofico-culturale, quando verranno <em>in toto <\/em>a mancare le condizioni che del Rinascimento e dell\u2019Umanesimo stesso avevano consentito l\u2019affermazione. Incentrandosi in una serie di figure emblematiche, letteratura e filologia, storiografia, filosofia ed estetica si fondono in un articolato insieme che affronta anche in un\u2019ottica interdisciplinare i nodi intellettuali che nel corso di quei due secoli han dato origine alla Modernit\u00e0.<\/p>\n<p>*<\/p>\n<p>Concepito per riunire i migliori e pi\u00f9 promettenti giovani ricercatori, <em>i.e<\/em>. giovani dottori di ricerca e dottorandi in procinto di sostenere la tesi e conseguire il dottorato, l\u2019incontro sar\u00e0 in tutta la misura del possibile articolato in otto sessioni plenarie distribuite in quattro giornate di studio:<\/p>\n<ul>\n<li>Luned\u00ec 15 settembre 2025: <em>Tradizione dei classici<\/em><\/li>\n<li>Marted\u00ec 16 settembre 2025: <em>Ecdotica (anche con traduzione e commento)<\/em><\/li>\n<li>Gioved\u00ec 18 settembre 2025: <em>Linguistica e Letteratura &#8211; Storia dell\u2019arte<\/em><\/li>\n<li>Venerd\u00ec 19 settembre 2025: <em>Storia politica e sociale &#8211; Storia del pensiero<\/em><\/li>\n<\/ul>\n<p>Aperta dalla <em>lectio magistralis <\/em>di uno specialista, ciascuna sessione verr\u00e0 guidata o diretta da due studiosi riconosciuti, i quali discuteranno partitamente le relazioni di non meno di 20 e non pi\u00f9 di 30 minuti presentate dai giovani ricercatori.<\/p>\n<p>Selezionati da un\u2019apposita commissione interdisciplinare, 20 giovani ricercatori verranno ospitati dal 14 al 20 settembre 2025 nella sede dell\u2019Accademia <em>Vivarium novum <\/em>a Villa Falconieri e riceveranno a titolo di rimborso forfettario delle spese di viaggio un gettone dall\u2019ammontare commisurato alla distanza da Frascati- Roma della loro sede (Italia, esclusi i residenti nel Lazio &#8211; Europa &#8211; altri continenti). Il testo delle relazioni da essi presentate, se originale e significativo, verr\u00e0 pubblicato a cura degli organizzatori; a tal fine dovr\u00e0 essere dagli autori consegnato <em>sur place <\/em>o spedito per <em>email <\/em>ai tre indirizzi sottoindicati entro il 30 settembre 2025.<\/p>\n<p>*<\/p>\n<p>Le domande, comprendenti un essenziale <em>Curriculum vit\u00e6 <\/em>o <em>studiorum <\/em>(di non pi\u00fa di una pagina), la lista di tutte le proprie pubblicazioni scientifiche, una succinta presentazione della tesi di dottorato sostenuta o della ricerca in corso (1-2 pagine) e un\u2019indicazione di autori e opere che ci si ripromette, anche in collaborazione, di pubblicare in edizione critica o in traduzione (e se del caso con commento), vanno inviate per posta elettronica <em>entro e non oltre il <strong>3 maggio 2025 <\/strong><\/em>simultaneamente ai tre seguenti indirizzi: <a href=\"mailto:accademia@vivariumnovum.net\"><em>accademia@vivariumnovum.net<\/em>,<\/a> <a href=\"mailto:direzione.scientifica@cesura.info\"><em>direzione.scientifica@cesura.info<\/em>,<\/a> <a href=\"mailto:lbasoc@msh-paris.fr\"><em>lbasoc@msh-paris.fr<\/em><\/a><\/p>\n<p>La commissione selezionatrice dar\u00e0 risposta entro e non oltre il <strong>9 giugno 2025<\/strong>.<\/p>\n","protected":false},"excerpt":{"rendered":"<p>Accademia Vivarivm novvm Artes Renascentes Centro europeo di stud\u00ee su umanesimo e rinascimento aragonese (C.E.S.U.R.A.) Istituto nazionale di stud\u00ee sul rinascimento meridionale Soci\u00e9t\u00e9 internationale Leon Battista Alberti (S.I.L.B.A.) Centre \u00abJean P\u00e9pin\u00bb (\u00c9.N.S. Paris &#8211; C.N.R.S. &#8211; P.S.L.) &#8211; Villejuif * &hellip; <a href=\"https:\/\/www.semen-l.org\/?p=4001\">Continuer la lecture <span class=\"meta-nav\">&rarr;<\/span><\/a><\/p>\n","protected":false},"author":26,"featured_media":0,"comment_status":"open","ping_status":"open","sticky":false,"template":"","format":"standard","meta":{"footnotes":""},"categories":[5],"tags":[92,254,1681,144,2456,692,1508,371],"class_list":["post-4001","post","type-post","status-publish","format-standard","hentry","category-cours-et-seminaires","tag-art","tag-ecdotique","tag-giotto","tag-humanisme","tag-index-librorum-prohibitorum-1554","tag-philologie","tag-tradition","tag-traduction"],"yoast_head":"<!-- This site is optimized with the Yoast SEO plugin v27.5 - https:\/\/yoast.com\/product\/yoast-seo-wordpress\/ -->\n<title>Appel \u00e0 candidatures : 3e S\u00e9minaire international &quot;Umanesimo e Rinascimento (1350 ca.-1550 ca.)&quot;, Villa Falconieri de Frascati, du 15 au 19 septembre 2025 - Soci\u00e9t\u00e9 d&#039;\u00c9tudes M\u00e9dio Et N\u00e9o-Latines<\/title>\n<meta name=\"robots\" content=\"index, follow, max-snippet:-1, max-image-preview:large, max-video-preview:-1\" \/>\n<link rel=\"canonical\" href=\"http:\/\/www.semen-l.org\/?p=4001\" \/>\n<meta property=\"og:locale\" content=\"fr_FR\" \/>\n<meta property=\"og:type\" content=\"article\" \/>\n<meta property=\"og:title\" content=\"Appel \u00e0 candidatures : 3e S\u00e9minaire international &quot;Umanesimo e Rinascimento (1350 ca.-1550 ca.)&quot;, Villa Falconieri de Frascati, du 15 au 19 septembre 2025 - Soci\u00e9t\u00e9 d&#039;\u00c9tudes M\u00e9dio Et N\u00e9o-Latines\" \/>\n<meta property=\"og:description\" content=\"Accademia Vivarivm novvm Artes Renascentes Centro europeo di stud\u00ee su umanesimo e rinascimento aragonese (C.E.S.U.R.A.) Istituto nazionale di stud\u00ee sul rinascimento meridionale Soci\u00e9t\u00e9 internationale Leon Battista Alberti (S.I.L.B.A.) Centre \u00abJean P\u00e9pin\u00bb (\u00c9.N.S. Paris &#8211; C.N.R.S. &#8211; P.S.L.) &#8211; Villejuif * &hellip; Continuer la lecture &rarr;\" \/>\n<meta property=\"og:url\" content=\"http:\/\/www.semen-l.org\/?p=4001\" \/>\n<meta property=\"og:site_name\" content=\"Soci\u00e9t\u00e9 d&#039;\u00c9tudes M\u00e9dio Et N\u00e9o-Latines\" \/>\n<meta property=\"article:publisher\" content=\"https:\/\/www.facebook.com\/SEMENL2018\" \/>\n<meta property=\"article:published_time\" content=\"2025-04-24T10:16:58+00:00\" \/>\n<meta name=\"author\" content=\"Julien Maudoux\" \/>\n<meta name=\"twitter:card\" content=\"summary_large_image\" \/>\n<meta name=\"twitter:label1\" content=\"\u00c9crit par\" \/>\n\t<meta name=\"twitter:data1\" content=\"Julien Maudoux\" \/>\n\t<meta name=\"twitter:label2\" content=\"Dur\u00e9e de lecture estim\u00e9e\" \/>\n\t<meta name=\"twitter:data2\" content=\"3 minutes\" \/>\n<script type=\"application\/ld+json\" class=\"yoast-schema-graph\">{\"@context\":\"https:\\\/\\\/schema.org\",\"@graph\":[{\"@type\":\"Article\",\"@id\":\"http:\\\/\\\/www.semen-l.org\\\/?p=4001#article\",\"isPartOf\":{\"@id\":\"http:\\\/\\\/www.semen-l.org\\\/?p=4001\"},\"author\":{\"name\":\"Julien Maudoux\",\"@id\":\"http:\\\/\\\/www.semen-l.org\\\/#\\\/schema\\\/person\\\/ef5208815f17666727763c5363a51344\"},\"headline\":\"Appel \u00e0 candidatures : 3e S\u00e9minaire international \u00ab\u00a0Umanesimo e Rinascimento (1350 ca.-1550 ca.)\u00a0\u00bb, Villa Falconieri de Frascati, du 15 au 19 septembre 2025\",\"datePublished\":\"2025-04-24T10:16:58+00:00\",\"mainEntityOfPage\":{\"@id\":\"http:\\\/\\\/www.semen-l.org\\\/?p=4001\"},\"wordCount\":612,\"commentCount\":0,\"publisher\":{\"@id\":\"http:\\\/\\\/www.semen-l.org\\\/#organization\"},\"keywords\":[\"art\",\"ecdotique\",\"Giotto\",\"humanisme\",\"Index librorum prohibitorum (1554)\",\"philologie\",\"tradition\",\"traduction\"],\"articleSection\":[\"Cours et s\u00e9minaires\"],\"inLanguage\":\"fr-FR\",\"potentialAction\":[{\"@type\":\"CommentAction\",\"name\":\"Comment\",\"target\":[\"http:\\\/\\\/www.semen-l.org\\\/?p=4001#respond\"]}]},{\"@type\":\"WebPage\",\"@id\":\"http:\\\/\\\/www.semen-l.org\\\/?p=4001\",\"url\":\"http:\\\/\\\/www.semen-l.org\\\/?p=4001\",\"name\":\"Appel \u00e0 candidatures : 3e S\u00e9minaire international \\\"Umanesimo e Rinascimento (1350 ca.-1550 ca.)\\\", Villa Falconieri de Frascati, du 15 au 19 septembre 2025 - Soci\u00e9t\u00e9 d&#039;\u00c9tudes M\u00e9dio Et N\u00e9o-Latines\",\"isPartOf\":{\"@id\":\"http:\\\/\\\/www.semen-l.org\\\/#website\"},\"datePublished\":\"2025-04-24T10:16:58+00:00\",\"breadcrumb\":{\"@id\":\"http:\\\/\\\/www.semen-l.org\\\/?p=4001#breadcrumb\"},\"inLanguage\":\"fr-FR\",\"potentialAction\":[{\"@type\":\"ReadAction\",\"target\":[\"http:\\\/\\\/www.semen-l.org\\\/?p=4001\"]}]},{\"@type\":\"BreadcrumbList\",\"@id\":\"http:\\\/\\\/www.semen-l.org\\\/?p=4001#breadcrumb\",\"itemListElement\":[{\"@type\":\"ListItem\",\"position\":1,\"name\":\"Accueil\",\"item\":\"http:\\\/\\\/www.semen-l.org\\\/\"},{\"@type\":\"ListItem\",\"position\":2,\"name\":\"Appel \u00e0 candidatures : 3e S\u00e9minaire international \u00ab\u00a0Umanesimo e Rinascimento (1350 ca.-1550 ca.)\u00a0\u00bb, Villa Falconieri de Frascati, du 15 au 19 septembre 2025\"}]},{\"@type\":\"WebSite\",\"@id\":\"http:\\\/\\\/www.semen-l.org\\\/#website\",\"url\":\"http:\\\/\\\/www.semen-l.org\\\/\",\"name\":\"Soci\u00e9t\u00e9 d'\u00c9tudes M\u00e9dio Et N\u00e9o-Latines\",\"description\":\"\",\"publisher\":{\"@id\":\"http:\\\/\\\/www.semen-l.org\\\/#organization\"},\"potentialAction\":[{\"@type\":\"SearchAction\",\"target\":{\"@type\":\"EntryPoint\",\"urlTemplate\":\"http:\\\/\\\/www.semen-l.org\\\/?s={search_term_string}\"},\"query-input\":{\"@type\":\"PropertyValueSpecification\",\"valueRequired\":true,\"valueName\":\"search_term_string\"}}],\"inLanguage\":\"fr-FR\"},{\"@type\":\"Organization\",\"@id\":\"http:\\\/\\\/www.semen-l.org\\\/#organization\",\"name\":\"Soci\u00e9t\u00e9 d'\u00e9tudes m\u00e9dio et n\u00e9o-latines\",\"url\":\"http:\\\/\\\/www.semen-l.org\\\/\",\"logo\":{\"@type\":\"ImageObject\",\"inLanguage\":\"fr-FR\",\"@id\":\"http:\\\/\\\/www.semen-l.org\\\/#\\\/schema\\\/logo\\\/image\\\/\",\"url\":\"http:\\\/\\\/www.semen-l.org\\\/wp-content\\\/uploads\\\/2020\\\/11\\\/logo-semenl.jpg\",\"contentUrl\":\"http:\\\/\\\/www.semen-l.org\\\/wp-content\\\/uploads\\\/2020\\\/11\\\/logo-semenl.jpg\",\"width\":408,\"height\":403,\"caption\":\"Soci\u00e9t\u00e9 d'\u00e9tudes m\u00e9dio et n\u00e9o-latines\"},\"image\":{\"@id\":\"http:\\\/\\\/www.semen-l.org\\\/#\\\/schema\\\/logo\\\/image\\\/\"},\"sameAs\":[\"https:\\\/\\\/www.facebook.com\\\/SEMENL2018\",\"https:\\\/\\\/independent.academia.edu\\\/SocitsdtudesmdioetnolatinesSEMENL\"]},{\"@type\":\"Person\",\"@id\":\"http:\\\/\\\/www.semen-l.org\\\/#\\\/schema\\\/person\\\/ef5208815f17666727763c5363a51344\",\"name\":\"Julien Maudoux\",\"image\":{\"@type\":\"ImageObject\",\"inLanguage\":\"fr-FR\",\"@id\":\"https:\\\/\\\/secure.gravatar.com\\\/avatar\\\/caabf4fb6242e2277733cd35a5c2aa083761ea25dae1d1ff3298b54292225292?s=96&d=mm&r=g\",\"url\":\"https:\\\/\\\/secure.gravatar.com\\\/avatar\\\/caabf4fb6242e2277733cd35a5c2aa083761ea25dae1d1ff3298b54292225292?s=96&d=mm&r=g\",\"contentUrl\":\"https:\\\/\\\/secure.gravatar.com\\\/avatar\\\/caabf4fb6242e2277733cd35a5c2aa083761ea25dae1d1ff3298b54292225292?s=96&d=mm&r=g\",\"caption\":\"Julien Maudoux\"},\"description\":\"Webmestre du site de la SEMEN-L\",\"url\":\"https:\\\/\\\/www.semen-l.org\\\/?author=26\"}]}<\/script>\n<!-- \/ Yoast SEO plugin. -->","yoast_head_json":{"title":"Appel \u00e0 candidatures : 3e S\u00e9minaire international \"Umanesimo e Rinascimento (1350 ca.-1550 ca.)\", Villa Falconieri de Frascati, du 15 au 19 septembre 2025 - Soci\u00e9t\u00e9 d&#039;\u00c9tudes M\u00e9dio Et N\u00e9o-Latines","robots":{"index":"index","follow":"follow","max-snippet":"max-snippet:-1","max-image-preview":"max-image-preview:large","max-video-preview":"max-video-preview:-1"},"canonical":"http:\/\/www.semen-l.org\/?p=4001","og_locale":"fr_FR","og_type":"article","og_title":"Appel \u00e0 candidatures : 3e S\u00e9minaire international \"Umanesimo e Rinascimento (1350 ca.-1550 ca.)\", Villa Falconieri de Frascati, du 15 au 19 septembre 2025 - Soci\u00e9t\u00e9 d&#039;\u00c9tudes M\u00e9dio Et N\u00e9o-Latines","og_description":"Accademia Vivarivm novvm Artes Renascentes Centro europeo di stud\u00ee su umanesimo e rinascimento aragonese (C.E.S.U.R.A.) Istituto nazionale di stud\u00ee sul rinascimento meridionale Soci\u00e9t\u00e9 internationale Leon Battista Alberti (S.I.L.B.A.) Centre \u00abJean P\u00e9pin\u00bb (\u00c9.N.S. Paris &#8211; C.N.R.S. &#8211; P.S.L.) &#8211; Villejuif * &hellip; Continuer la lecture &rarr;","og_url":"http:\/\/www.semen-l.org\/?p=4001","og_site_name":"Soci\u00e9t\u00e9 d&#039;\u00c9tudes M\u00e9dio Et N\u00e9o-Latines","article_publisher":"https:\/\/www.facebook.com\/SEMENL2018","article_published_time":"2025-04-24T10:16:58+00:00","author":"Julien Maudoux","twitter_card":"summary_large_image","twitter_misc":{"\u00c9crit par":"Julien Maudoux","Dur\u00e9e de lecture estim\u00e9e":"3 minutes"},"schema":{"@context":"https:\/\/schema.org","@graph":[{"@type":"Article","@id":"http:\/\/www.semen-l.org\/?p=4001#article","isPartOf":{"@id":"http:\/\/www.semen-l.org\/?p=4001"},"author":{"name":"Julien Maudoux","@id":"http:\/\/www.semen-l.org\/#\/schema\/person\/ef5208815f17666727763c5363a51344"},"headline":"Appel \u00e0 candidatures : 3e S\u00e9minaire international \u00ab\u00a0Umanesimo e Rinascimento (1350 ca.-1550 ca.)\u00a0\u00bb, Villa Falconieri de Frascati, du 15 au 19 septembre 2025","datePublished":"2025-04-24T10:16:58+00:00","mainEntityOfPage":{"@id":"http:\/\/www.semen-l.org\/?p=4001"},"wordCount":612,"commentCount":0,"publisher":{"@id":"http:\/\/www.semen-l.org\/#organization"},"keywords":["art","ecdotique","Giotto","humanisme","Index librorum prohibitorum (1554)","philologie","tradition","traduction"],"articleSection":["Cours et s\u00e9minaires"],"inLanguage":"fr-FR","potentialAction":[{"@type":"CommentAction","name":"Comment","target":["http:\/\/www.semen-l.org\/?p=4001#respond"]}]},{"@type":"WebPage","@id":"http:\/\/www.semen-l.org\/?p=4001","url":"http:\/\/www.semen-l.org\/?p=4001","name":"Appel \u00e0 candidatures : 3e S\u00e9minaire international \"Umanesimo e Rinascimento (1350 ca.-1550 ca.)\", Villa Falconieri de Frascati, du 15 au 19 septembre 2025 - Soci\u00e9t\u00e9 d&#039;\u00c9tudes M\u00e9dio Et N\u00e9o-Latines","isPartOf":{"@id":"http:\/\/www.semen-l.org\/#website"},"datePublished":"2025-04-24T10:16:58+00:00","breadcrumb":{"@id":"http:\/\/www.semen-l.org\/?p=4001#breadcrumb"},"inLanguage":"fr-FR","potentialAction":[{"@type":"ReadAction","target":["http:\/\/www.semen-l.org\/?p=4001"]}]},{"@type":"BreadcrumbList","@id":"http:\/\/www.semen-l.org\/?p=4001#breadcrumb","itemListElement":[{"@type":"ListItem","position":1,"name":"Accueil","item":"http:\/\/www.semen-l.org\/"},{"@type":"ListItem","position":2,"name":"Appel \u00e0 candidatures : 3e S\u00e9minaire international \u00ab\u00a0Umanesimo e Rinascimento (1350 ca.-1550 ca.)\u00a0\u00bb, Villa Falconieri de Frascati, du 15 au 19 septembre 2025"}]},{"@type":"WebSite","@id":"http:\/\/www.semen-l.org\/#website","url":"http:\/\/www.semen-l.org\/","name":"Soci\u00e9t\u00e9 d'\u00c9tudes M\u00e9dio Et N\u00e9o-Latines","description":"","publisher":{"@id":"http:\/\/www.semen-l.org\/#organization"},"potentialAction":[{"@type":"SearchAction","target":{"@type":"EntryPoint","urlTemplate":"http:\/\/www.semen-l.org\/?s={search_term_string}"},"query-input":{"@type":"PropertyValueSpecification","valueRequired":true,"valueName":"search_term_string"}}],"inLanguage":"fr-FR"},{"@type":"Organization","@id":"http:\/\/www.semen-l.org\/#organization","name":"Soci\u00e9t\u00e9 d'\u00e9tudes m\u00e9dio et n\u00e9o-latines","url":"http:\/\/www.semen-l.org\/","logo":{"@type":"ImageObject","inLanguage":"fr-FR","@id":"http:\/\/www.semen-l.org\/#\/schema\/logo\/image\/","url":"http:\/\/www.semen-l.org\/wp-content\/uploads\/2020\/11\/logo-semenl.jpg","contentUrl":"http:\/\/www.semen-l.org\/wp-content\/uploads\/2020\/11\/logo-semenl.jpg","width":408,"height":403,"caption":"Soci\u00e9t\u00e9 d'\u00e9tudes m\u00e9dio et n\u00e9o-latines"},"image":{"@id":"http:\/\/www.semen-l.org\/#\/schema\/logo\/image\/"},"sameAs":["https:\/\/www.facebook.com\/SEMENL2018","https:\/\/independent.academia.edu\/SocitsdtudesmdioetnolatinesSEMENL"]},{"@type":"Person","@id":"http:\/\/www.semen-l.org\/#\/schema\/person\/ef5208815f17666727763c5363a51344","name":"Julien Maudoux","image":{"@type":"ImageObject","inLanguage":"fr-FR","@id":"https:\/\/secure.gravatar.com\/avatar\/caabf4fb6242e2277733cd35a5c2aa083761ea25dae1d1ff3298b54292225292?s=96&d=mm&r=g","url":"https:\/\/secure.gravatar.com\/avatar\/caabf4fb6242e2277733cd35a5c2aa083761ea25dae1d1ff3298b54292225292?s=96&d=mm&r=g","contentUrl":"https:\/\/secure.gravatar.com\/avatar\/caabf4fb6242e2277733cd35a5c2aa083761ea25dae1d1ff3298b54292225292?s=96&d=mm&r=g","caption":"Julien Maudoux"},"description":"Webmestre du site de la SEMEN-L","url":"https:\/\/www.semen-l.org\/?author=26"}]}},"jetpack_featured_media_url":"","_links":{"self":[{"href":"https:\/\/www.semen-l.org\/index.php?rest_route=\/wp\/v2\/posts\/4001","targetHints":{"allow":["GET"]}}],"collection":[{"href":"https:\/\/www.semen-l.org\/index.php?rest_route=\/wp\/v2\/posts"}],"about":[{"href":"https:\/\/www.semen-l.org\/index.php?rest_route=\/wp\/v2\/types\/post"}],"author":[{"embeddable":true,"href":"https:\/\/www.semen-l.org\/index.php?rest_route=\/wp\/v2\/users\/26"}],"replies":[{"embeddable":true,"href":"https:\/\/www.semen-l.org\/index.php?rest_route=%2Fwp%2Fv2%2Fcomments&post=4001"}],"version-history":[{"count":0,"href":"https:\/\/www.semen-l.org\/index.php?rest_route=\/wp\/v2\/posts\/4001\/revisions"}],"wp:attachment":[{"href":"https:\/\/www.semen-l.org\/index.php?rest_route=%2Fwp%2Fv2%2Fmedia&parent=4001"}],"wp:term":[{"taxonomy":"category","embeddable":true,"href":"https:\/\/www.semen-l.org\/index.php?rest_route=%2Fwp%2Fv2%2Fcategories&post=4001"},{"taxonomy":"post_tag","embeddable":true,"href":"https:\/\/www.semen-l.org\/index.php?rest_route=%2Fwp%2Fv2%2Ftags&post=4001"}],"curies":[{"name":"wp","href":"https:\/\/api.w.org\/{rel}","templated":true}]}}