{"id":3953,"date":"2025-02-27T10:44:10","date_gmt":"2025-02-27T10:44:10","guid":{"rendered":"https:\/\/www.semen-l.org\/?p=3953"},"modified":"2025-02-27T10:51:35","modified_gmt":"2025-02-27T10:51:35","slug":"ve-journee-des-jeunes-chercheurs-de-la-semen-l","status":"publish","type":"post","link":"https:\/\/www.semen-l.org\/?p=3953","title":{"rendered":"Ve journ\u00e9e des jeunes chercheurs de la SEMEN-L"},"content":{"rendered":"<p>Nous avons le plaisir de vous communiquer en pi\u00e8ce jointe le programme<br \/>\nde la Journ\u00e9e d\u2019\u00e9tudes des Jeunes Chercheurs de la SEMEN-L qui se<br \/>\nd\u00e9roulera \u00e0 Nantes le\u00a0<span id=\"OBJ_PREFIX_DWT44_com_zimbra_date\" class=\"Object\">vendredi<\/span> 14 mars et regroupera des communications et des \u00e9tudes \u00e0 propos du m\u00e9diolatin et du n\u00e9o-latin.<\/p>\n<p><strong><a href=\"http:\/\/www.semen-l.org\/wp-content\/uploads\/2025\/02\/Ve-journee-jeunes-chercheurs.pdf\">Cliquez ici pour t\u00e9l\u00e9charger le programme<\/a>.<\/strong><\/p>\n<a href=\"https:\/\/www.semen-l.org\/wp-content\/uploads\/2025\/02\/Ve-journee-jeunes-chercheurs.pdf\" class=\"pdfemb-viewer\" style=\"\" data-width=\"max\" data-height=\"max\" data-toolbar=\"both\" data-toolbar-fixed=\"off\">Ve Journ\u00e9e des jeunes chercheurs de la SEMEN-L<\/a>\n<p>*<\/p>\n<p>Version en texte clair :<\/p>\n<h1>Vendredi 14 mars 2025<\/h1>\n<h1>Nantes Universit\u00e9, Campus Tertre &#8211; Ch\u00e2teau du Tertre (Salles 001.002.003),\u00a0Ch. la Censive du Tertre &#8211; Nantes<\/h1>\n<ul>\n<li>Visio conf\u00e9rence : <u>https:\/\/univ-nantes-zoom.us\/j\/82948595131<\/u><\/li>\n<\/ul>\n<p><em>Pr\u00e9sentation<\/em><\/p>\n<h1>PR\u00c9SENTATION<\/h1>\n<p>Cette journ\u00e9e a pour vocation de rassembler les doctorants et jeunes docteurs adh\u00e9rents de la Soci\u00e9t\u00e9 d\u2019\u00e9tudes m\u00e9dio et n\u00e9o-latines (<u>SEMEN-L<\/u>) pour leur offrir l\u2019opportunit\u00e9 de pr\u00e9senter leurs travaux et d\u2019en discuter avec d\u2019autres sp\u00e9cialistes du latin du Moyen \u00c2ge et de la Renaissance.<\/p>\n<p>Cette journ\u00e9e, organis\u00e9e tous les deux ans, constitue l\u2019un des temps forts de la Soci\u00e9t\u00e9 des \u00e9tudes m\u00e9dio et n\u00e9o-latines.<\/p>\n<p><em>Comit\u00e9 d&rsquo;organisation<\/em><\/p>\n<ul>\n<li>D\u00e9borah BOIJOUX, ma\u00eetre de conf\u00e9rences en langue et litt\u00e9rature latines Nantes Universit\u00e9, LAMO, PULSAR &#8211; Deborah.Boijoux at univ-nantes.fr<\/li>\n<\/ul>\n<ul>\n<li>Alexia DEDIEU, post-doctorante ANR ReGreT, Aix Marseille Univ, CNRS, TDMAM dedieu ar univ-amu.fr<\/li>\n<li>Anne MORVAN, ATER, Nantes Universit\u00e9, LAMO &#8211; Morvan at univ-nantes.fr<\/li>\n<\/ul>\n<p><img fetchpriority=\"high\" decoding=\"async\" class=\"aligncenter size-full wp-image-1120\" src=\"http:\/\/www.semen-l.org\/wp-content\/uploads\/2020\/11\/semen-l-arriere.png\" alt=\"\" width=\"294\" height=\"286\" srcset=\"https:\/\/www.semen-l.org\/wp-content\/uploads\/2020\/11\/semen-l-arriere.png 294w, https:\/\/www.semen-l.org\/wp-content\/uploads\/2020\/11\/semen-l-arriere-200x195.png 200w\" sizes=\"(max-width: 294px) 100vw, 294px\" \/><\/p>\n<p><em>Programme<\/em><\/p>\n<h2>9h &#8211; 10h10 | \u00c9rudition et \u00e9ditions de textes du XVIe\u00a0si\u00e8cle<\/h2>\n<p>Mod\u00e9ration : Virginie LEROUX, EPHE, SAPRAT<\/p>\n<ul>\n<li>Marc DIETRICH, CPGE, SAPRAT, <em>Les paratextes du <\/em>De missione legatorum Iaponensium <em>(Macao, 1590) : des \u00e9l\u00e9ments \u00e9ditoriaux, didactiques ou rh\u00e9toriques ?<\/em><\/li>\n<\/ul>\n<ul>\n<li>Bruno DAVIDE, Universit\u00e9 de Picardie Jules Verne, Universit\u00e9 de Florence, TRAME, L\u2019Apologia mulierum <em>de Pompeo Colonna (1529) et sa tradition manuscrite : enjeux philologiques et d\u2019histoire du texte.<\/em><\/li>\n<\/ul>\n<h2>10h20 &#8211; 11h30 |Horizons grecs<\/h2>\n<p>Mod\u00e9ration : Alexia DEDIEU, Aix Marseille Univ, CNRS, TDMAM<\/p>\n<ul>\n<li>Pierre-Olivier BEAULNES, Universit\u00e9 de Gen\u00e8ve, <em>La traduction latine de l\u2019<\/em>Oneirocriticon <em>du Pseudo-Achmet effectu\u00e9e par Leo Tuscus en 1176 : \u00e9dition et r\u00e9ception d\u2019une clef des songes byzantine en Occident latin.<\/em><\/li>\n<\/ul>\n<ul>\n<li>Petros FOKIANOS, EHESS, CNRS, Centre de recherches historiques (crh) Patria vt Graecus sacra non Pelasga Voce referrem.<\/li>\n<\/ul>\n<h2>11h45-13h05 | Voyages entre les langues<\/h2>\n<p>Mod\u00e9ration : Jean-Yves TILLIETTE, Universit\u00e9 de Gen\u00e8ve,\u00a0Acad\u00e9mie des Inscriptions et Belles-Lettres<\/p>\n<ul>\n<li>Simon SMETS, Ludwig Boltzmann Institute for Neo-Latin Studies, <em>Paraphrases de la po\u00e9sie biblique en France.<\/em><\/li>\n<\/ul>\n<ul>\n<li>Mia GUILLOT, Universit\u00e9 de Rouen Normandie, C\u00c9R\u00c9dI, <em>Traduire du fran\u00e7ais vers le n\u00e9o-latin : analyse de la traduction de <\/em>La Semaine <em>de Christophe de Gamont par Jacqua-Fran\u00e7oise Pautrard.<\/em><\/li>\n<\/ul>\n<h2>14h-15h45 | D\u00e9tours des <em>topo\u00ef<\/em><\/h2>\n<p>Mod\u00e9ration : D\u00e9borah BOIJOUX, Nantes Universit\u00e9, LAMO<br \/>\nAnne BOUSCHARAIN, CPGE, Centre Montaigne, UR Plurielles<\/p>\n<ul>\n<li>Claire ABSIL, EPHE, SAPRAT, <em>L\u2019humanisme et les Alpes : la naissance d\u2019une esth\u00e9tique alpestre.<\/em><\/li>\n<\/ul>\n<ul>\n<li>Fran\u00e7ois MOTTAIS, Universit\u00e9 Paris-Nanterre, \u00c9cole nationale des chartes &#8211; PSL, ArScAn, <em>La <\/em>Silua De triumphata Bassa Almeria Granata <em>d\u2019Alessandro Cortesi (1490) : pr\u00e9sentation d\u2019un travail en cours.<\/em><\/li>\n<\/ul>\n<ul>\n<li>Violaine CHAUDOREILLE, Universit\u00e9 de Rouen Normandie, C\u00c9R\u00c9dI, <em>L\u2019h\u00e9ritage ovidien dans les <\/em>Amores siue Liuia <em>d\u2019Andrelini.<\/em><\/li>\n<\/ul>\n<h2>16h-17h10 | Les textes et la sc\u00e8ne<\/h2>\n<p>Mod\u00e9ration : Anne MORVAN, Nantes Universit\u00e9<\/p>\n<ul>\n<li>L\u00e9a GARIGLIETTI, Universit\u00e9 de Reims Champagne-Ardenne, CRIMEL, <em>Coups de th\u00e9\u00e2tre \u00e0 la lecture du <\/em>Theatrum veterum rhetorum <em>(Louis de Cressolles, Paris, 1620).<\/em><\/li>\n<\/ul>\n<ul>\n<li>Louisa LAJ, Universit\u00e9 Grenoble Alpes, Litt&amp;Arts, <em>Prom\u00e9th\u00e9e \u00e0 Strasbourg : usage p\u00e9dagogique et artistique d\u2019Eschyle en 1609.<\/em><\/li>\n<\/ul>\n<p>&nbsp;<\/p>\n","protected":false},"excerpt":{"rendered":"<p>Nous avons le plaisir de vous communiquer en pi\u00e8ce jointe le programme de la Journ\u00e9e d\u2019\u00e9tudes des Jeunes Chercheurs de la SEMEN-L qui se d\u00e9roulera \u00e0 Nantes le\u00a0vendredi 14 mars et regroupera des communications et des \u00e9tudes \u00e0 propos du &hellip; <a href=\"https:\/\/www.semen-l.org\/?p=3953\">Continuer la lecture <span class=\"meta-nav\">&rarr;<\/span><\/a><\/p>\n","protected":false},"author":26,"featured_media":3955,"comment_status":"open","ping_status":"open","sticky":false,"template":"","format":"standard","meta":{"footnotes":""},"categories":[1712],"tags":[2154,2230,1346,2229,2205,1601,2015,1172,2450,1298,2453,1420,144,2225,2226,372,1496,2454,692,26,2452,2227,249,43,2455,2449,2451,2237,371],"class_list":["post-3953","post","type-post","status-publish","format-standard","has-post-thumbnail","hentry","category-journees-jeunes-chercheurs","tag-alpes","tag-apologia-mulierum-colonna","tag-bible","tag-colonna-pompeo","tag-cortesi-alexandro","tag-cressoles-louis-de","tag-didactique","tag-edition-critique","tag-eschyle","tag-esthetique","tag-gamont-christophe-de","tag-histoire-des-textes","tag-humanisme","tag-leo-tuscus","tag-oneirocriticon","tag-paraphrase","tag-paratexte","tag-pautrard-jaqua-francoise","tag-philologie","tag-poesie","tag-promethee","tag-pseudo-achmet","tag-reve","tag-rhetorique","tag-semaine-la-christophe-de-gamont","tag-silva-de-triumphata-bassa-almeria-granata-alexandro-cortesi","tag-strasbourg","tag-theatrum-veterum-rhetorum-cressoles","tag-traduction"],"yoast_head":"<!-- This site is optimized with the Yoast SEO plugin v27.4 - https:\/\/yoast.com\/product\/yoast-seo-wordpress\/ -->\n<title>Ve journ\u00e9e des jeunes chercheurs de la SEMEN-L - Soci\u00e9t\u00e9 d&#039;\u00c9tudes M\u00e9dio Et N\u00e9o-Latines<\/title>\n<meta name=\"description\" content=\"Journ\u00e9e d&#039;\u00e9tudes des jeunes chercheurs de la SEMEN-L en m\u00e9diolatin et n\u00e9o-latin \u00e0 Nantes Universit\u00e9 le 14 mars 2025\" \/>\n<meta name=\"robots\" content=\"index, follow, max-snippet:-1, max-image-preview:large, max-video-preview:-1\" \/>\n<link rel=\"canonical\" href=\"https:\/\/www.semen-l.org\/?p=3953\" \/>\n<meta property=\"og:locale\" content=\"fr_FR\" \/>\n<meta property=\"og:type\" content=\"article\" \/>\n<meta property=\"og:title\" content=\"Ve journ\u00e9e des jeunes chercheurs de la SEMEN-L - Soci\u00e9t\u00e9 d&#039;\u00c9tudes M\u00e9dio Et N\u00e9o-Latines\" \/>\n<meta property=\"og:description\" content=\"Journ\u00e9e d&#039;\u00e9tudes des jeunes chercheurs de la SEMEN-L en m\u00e9diolatin et n\u00e9o-latin \u00e0 Nantes Universit\u00e9 le 14 mars 2025\" \/>\n<meta property=\"og:url\" content=\"https:\/\/www.semen-l.org\/?p=3953\" \/>\n<meta property=\"og:site_name\" content=\"Soci\u00e9t\u00e9 d&#039;\u00c9tudes M\u00e9dio Et N\u00e9o-Latines\" \/>\n<meta property=\"article:publisher\" content=\"https:\/\/www.facebook.com\/SEMENL2018\" \/>\n<meta property=\"article:published_time\" content=\"2025-02-27T10:44:10+00:00\" \/>\n<meta property=\"article:modified_time\" content=\"2025-02-27T10:51:35+00:00\" \/>\n<meta property=\"og:image\" content=\"https:\/\/www.semen-l.org\/wp-content\/uploads\/2025\/02\/5ejourneejc-couv.jpg\" \/>\n\t<meta property=\"og:image:width\" content=\"389\" \/>\n\t<meta property=\"og:image:height\" content=\"453\" \/>\n\t<meta property=\"og:image:type\" content=\"image\/jpeg\" \/>\n<meta name=\"author\" content=\"Julien Maudoux\" \/>\n<meta name=\"twitter:card\" content=\"summary_large_image\" \/>\n<meta name=\"twitter:label1\" content=\"\u00c9crit par\" \/>\n\t<meta name=\"twitter:data1\" content=\"Julien Maudoux\" \/>\n\t<meta name=\"twitter:label2\" content=\"Dur\u00e9e de lecture estim\u00e9e\" \/>\n\t<meta name=\"twitter:data2\" content=\"3 minutes\" \/>\n<script type=\"application\/ld+json\" class=\"yoast-schema-graph\">{\"@context\":\"https:\\\/\\\/schema.org\",\"@graph\":[{\"@type\":\"Article\",\"@id\":\"https:\\\/\\\/www.semen-l.org\\\/?p=3953#article\",\"isPartOf\":{\"@id\":\"https:\\\/\\\/www.semen-l.org\\\/?p=3953\"},\"author\":{\"name\":\"Julien Maudoux\",\"@id\":\"http:\\\/\\\/www.semen-l.org\\\/#\\\/schema\\\/person\\\/ef5208815f17666727763c5363a51344\"},\"headline\":\"Ve journ\u00e9e des jeunes chercheurs de la SEMEN-L\",\"datePublished\":\"2025-02-27T10:44:10+00:00\",\"dateModified\":\"2025-02-27T10:51:35+00:00\",\"mainEntityOfPage\":{\"@id\":\"https:\\\/\\\/www.semen-l.org\\\/?p=3953\"},\"wordCount\":595,\"commentCount\":1,\"publisher\":{\"@id\":\"http:\\\/\\\/www.semen-l.org\\\/#organization\"},\"image\":{\"@id\":\"https:\\\/\\\/www.semen-l.org\\\/?p=3953#primaryimage\"},\"thumbnailUrl\":\"https:\\\/\\\/www.semen-l.org\\\/wp-content\\\/uploads\\\/2025\\\/02\\\/5ejourneejc-couv.jpg\",\"keywords\":[\"Alpes\",\"Apologia mulierum (Colonna)\",\"Bible\",\"Colonna (Pompeo)\",\"Cortesi (Alexandro)\",\"Cressoles (Louis de)\",\"didactique\",\"\u00e9dition critique\",\"Eschyle\",\"esth\u00e9tique\",\"Gamont (Christophe de)\",\"histoire des textes\",\"humanisme\",\"Leo Tuscus\",\"Oneirocriticon\",\"paraphrase\",\"paratexte\",\"Pautrard (Jaqua-Fran\u00e7oise)\",\"philologie\",\"po\u00e9sie\",\"Prom\u00e9th\u00e9e\",\"Pseudo-Achmet\",\"r\u00eave\",\"rh\u00e9torique\",\"Semaine (La) (Christophe de Gamont)\",\"Silva de triumphata Bassa Almeria Granata (Alexandro Cortesi)\",\"Strasbourg\",\"Theatrum veterum rhetorum (Cressoles)\",\"traduction\"],\"articleSection\":[\"Journ\u00e9es des jeunes chercheurs\"],\"inLanguage\":\"fr-FR\",\"potentialAction\":[{\"@type\":\"CommentAction\",\"name\":\"Comment\",\"target\":[\"https:\\\/\\\/www.semen-l.org\\\/?p=3953#respond\"]}]},{\"@type\":\"WebPage\",\"@id\":\"https:\\\/\\\/www.semen-l.org\\\/?p=3953\",\"url\":\"https:\\\/\\\/www.semen-l.org\\\/?p=3953\",\"name\":\"Ve journ\u00e9e des jeunes chercheurs de la SEMEN-L - Soci\u00e9t\u00e9 d&#039;\u00c9tudes M\u00e9dio Et N\u00e9o-Latines\",\"isPartOf\":{\"@id\":\"http:\\\/\\\/www.semen-l.org\\\/#website\"},\"primaryImageOfPage\":{\"@id\":\"https:\\\/\\\/www.semen-l.org\\\/?p=3953#primaryimage\"},\"image\":{\"@id\":\"https:\\\/\\\/www.semen-l.org\\\/?p=3953#primaryimage\"},\"thumbnailUrl\":\"https:\\\/\\\/www.semen-l.org\\\/wp-content\\\/uploads\\\/2025\\\/02\\\/5ejourneejc-couv.jpg\",\"datePublished\":\"2025-02-27T10:44:10+00:00\",\"dateModified\":\"2025-02-27T10:51:35+00:00\",\"description\":\"Journ\u00e9e d'\u00e9tudes des jeunes chercheurs de la SEMEN-L en m\u00e9diolatin et n\u00e9o-latin \u00e0 Nantes Universit\u00e9 le 14 mars 2025\",\"breadcrumb\":{\"@id\":\"https:\\\/\\\/www.semen-l.org\\\/?p=3953#breadcrumb\"},\"inLanguage\":\"fr-FR\",\"potentialAction\":[{\"@type\":\"ReadAction\",\"target\":[\"https:\\\/\\\/www.semen-l.org\\\/?p=3953\"]}]},{\"@type\":\"ImageObject\",\"inLanguage\":\"fr-FR\",\"@id\":\"https:\\\/\\\/www.semen-l.org\\\/?p=3953#primaryimage\",\"url\":\"https:\\\/\\\/www.semen-l.org\\\/wp-content\\\/uploads\\\/2025\\\/02\\\/5ejourneejc-couv.jpg\",\"contentUrl\":\"https:\\\/\\\/www.semen-l.org\\\/wp-content\\\/uploads\\\/2025\\\/02\\\/5ejourneejc-couv.jpg\",\"width\":389,\"height\":453},{\"@type\":\"BreadcrumbList\",\"@id\":\"https:\\\/\\\/www.semen-l.org\\\/?p=3953#breadcrumb\",\"itemListElement\":[{\"@type\":\"ListItem\",\"position\":1,\"name\":\"Accueil\",\"item\":\"http:\\\/\\\/www.semen-l.org\\\/\"},{\"@type\":\"ListItem\",\"position\":2,\"name\":\"Ve journ\u00e9e des jeunes chercheurs de la SEMEN-L\"}]},{\"@type\":\"WebSite\",\"@id\":\"http:\\\/\\\/www.semen-l.org\\\/#website\",\"url\":\"http:\\\/\\\/www.semen-l.org\\\/\",\"name\":\"Soci\u00e9t\u00e9 d'\u00c9tudes M\u00e9dio Et N\u00e9o-Latines\",\"description\":\"\",\"publisher\":{\"@id\":\"http:\\\/\\\/www.semen-l.org\\\/#organization\"},\"potentialAction\":[{\"@type\":\"SearchAction\",\"target\":{\"@type\":\"EntryPoint\",\"urlTemplate\":\"http:\\\/\\\/www.semen-l.org\\\/?s={search_term_string}\"},\"query-input\":{\"@type\":\"PropertyValueSpecification\",\"valueRequired\":true,\"valueName\":\"search_term_string\"}}],\"inLanguage\":\"fr-FR\"},{\"@type\":\"Organization\",\"@id\":\"http:\\\/\\\/www.semen-l.org\\\/#organization\",\"name\":\"Soci\u00e9t\u00e9 d'\u00e9tudes m\u00e9dio et n\u00e9o-latines\",\"url\":\"http:\\\/\\\/www.semen-l.org\\\/\",\"logo\":{\"@type\":\"ImageObject\",\"inLanguage\":\"fr-FR\",\"@id\":\"http:\\\/\\\/www.semen-l.org\\\/#\\\/schema\\\/logo\\\/image\\\/\",\"url\":\"http:\\\/\\\/www.semen-l.org\\\/wp-content\\\/uploads\\\/2020\\\/11\\\/logo-semenl.jpg\",\"contentUrl\":\"http:\\\/\\\/www.semen-l.org\\\/wp-content\\\/uploads\\\/2020\\\/11\\\/logo-semenl.jpg\",\"width\":408,\"height\":403,\"caption\":\"Soci\u00e9t\u00e9 d'\u00e9tudes m\u00e9dio et n\u00e9o-latines\"},\"image\":{\"@id\":\"http:\\\/\\\/www.semen-l.org\\\/#\\\/schema\\\/logo\\\/image\\\/\"},\"sameAs\":[\"https:\\\/\\\/www.facebook.com\\\/SEMENL2018\",\"https:\\\/\\\/independent.academia.edu\\\/SocitsdtudesmdioetnolatinesSEMENL\"]},{\"@type\":\"Person\",\"@id\":\"http:\\\/\\\/www.semen-l.org\\\/#\\\/schema\\\/person\\\/ef5208815f17666727763c5363a51344\",\"name\":\"Julien Maudoux\",\"image\":{\"@type\":\"ImageObject\",\"inLanguage\":\"fr-FR\",\"@id\":\"https:\\\/\\\/secure.gravatar.com\\\/avatar\\\/caabf4fb6242e2277733cd35a5c2aa083761ea25dae1d1ff3298b54292225292?s=96&d=mm&r=g\",\"url\":\"https:\\\/\\\/secure.gravatar.com\\\/avatar\\\/caabf4fb6242e2277733cd35a5c2aa083761ea25dae1d1ff3298b54292225292?s=96&d=mm&r=g\",\"contentUrl\":\"https:\\\/\\\/secure.gravatar.com\\\/avatar\\\/caabf4fb6242e2277733cd35a5c2aa083761ea25dae1d1ff3298b54292225292?s=96&d=mm&r=g\",\"caption\":\"Julien Maudoux\"},\"description\":\"Webmestre du site de la SEMEN-L\",\"url\":\"https:\\\/\\\/www.semen-l.org\\\/?author=26\"}]}<\/script>\n<!-- \/ Yoast SEO plugin. -->","yoast_head_json":{"title":"Ve journ\u00e9e des jeunes chercheurs de la SEMEN-L - Soci\u00e9t\u00e9 d&#039;\u00c9tudes M\u00e9dio Et N\u00e9o-Latines","description":"Journ\u00e9e d'\u00e9tudes des jeunes chercheurs de la SEMEN-L en m\u00e9diolatin et n\u00e9o-latin \u00e0 Nantes Universit\u00e9 le 14 mars 2025","robots":{"index":"index","follow":"follow","max-snippet":"max-snippet:-1","max-image-preview":"max-image-preview:large","max-video-preview":"max-video-preview:-1"},"canonical":"https:\/\/www.semen-l.org\/?p=3953","og_locale":"fr_FR","og_type":"article","og_title":"Ve journ\u00e9e des jeunes chercheurs de la SEMEN-L - Soci\u00e9t\u00e9 d&#039;\u00c9tudes M\u00e9dio Et N\u00e9o-Latines","og_description":"Journ\u00e9e d'\u00e9tudes des jeunes chercheurs de la SEMEN-L en m\u00e9diolatin et n\u00e9o-latin \u00e0 Nantes Universit\u00e9 le 14 mars 2025","og_url":"https:\/\/www.semen-l.org\/?p=3953","og_site_name":"Soci\u00e9t\u00e9 d&#039;\u00c9tudes M\u00e9dio Et N\u00e9o-Latines","article_publisher":"https:\/\/www.facebook.com\/SEMENL2018","article_published_time":"2025-02-27T10:44:10+00:00","article_modified_time":"2025-02-27T10:51:35+00:00","og_image":[{"width":389,"height":453,"url":"https:\/\/www.semen-l.org\/wp-content\/uploads\/2025\/02\/5ejourneejc-couv.jpg","type":"image\/jpeg"}],"author":"Julien Maudoux","twitter_card":"summary_large_image","twitter_misc":{"\u00c9crit par":"Julien Maudoux","Dur\u00e9e de lecture estim\u00e9e":"3 minutes"},"schema":{"@context":"https:\/\/schema.org","@graph":[{"@type":"Article","@id":"https:\/\/www.semen-l.org\/?p=3953#article","isPartOf":{"@id":"https:\/\/www.semen-l.org\/?p=3953"},"author":{"name":"Julien Maudoux","@id":"http:\/\/www.semen-l.org\/#\/schema\/person\/ef5208815f17666727763c5363a51344"},"headline":"Ve journ\u00e9e des jeunes chercheurs de la SEMEN-L","datePublished":"2025-02-27T10:44:10+00:00","dateModified":"2025-02-27T10:51:35+00:00","mainEntityOfPage":{"@id":"https:\/\/www.semen-l.org\/?p=3953"},"wordCount":595,"commentCount":1,"publisher":{"@id":"http:\/\/www.semen-l.org\/#organization"},"image":{"@id":"https:\/\/www.semen-l.org\/?p=3953#primaryimage"},"thumbnailUrl":"https:\/\/www.semen-l.org\/wp-content\/uploads\/2025\/02\/5ejourneejc-couv.jpg","keywords":["Alpes","Apologia mulierum (Colonna)","Bible","Colonna (Pompeo)","Cortesi (Alexandro)","Cressoles (Louis de)","didactique","\u00e9dition critique","Eschyle","esth\u00e9tique","Gamont (Christophe de)","histoire des textes","humanisme","Leo Tuscus","Oneirocriticon","paraphrase","paratexte","Pautrard (Jaqua-Fran\u00e7oise)","philologie","po\u00e9sie","Prom\u00e9th\u00e9e","Pseudo-Achmet","r\u00eave","rh\u00e9torique","Semaine (La) (Christophe de Gamont)","Silva de triumphata Bassa Almeria Granata (Alexandro Cortesi)","Strasbourg","Theatrum veterum rhetorum (Cressoles)","traduction"],"articleSection":["Journ\u00e9es des jeunes chercheurs"],"inLanguage":"fr-FR","potentialAction":[{"@type":"CommentAction","name":"Comment","target":["https:\/\/www.semen-l.org\/?p=3953#respond"]}]},{"@type":"WebPage","@id":"https:\/\/www.semen-l.org\/?p=3953","url":"https:\/\/www.semen-l.org\/?p=3953","name":"Ve journ\u00e9e des jeunes chercheurs de la SEMEN-L - Soci\u00e9t\u00e9 d&#039;\u00c9tudes M\u00e9dio Et N\u00e9o-Latines","isPartOf":{"@id":"http:\/\/www.semen-l.org\/#website"},"primaryImageOfPage":{"@id":"https:\/\/www.semen-l.org\/?p=3953#primaryimage"},"image":{"@id":"https:\/\/www.semen-l.org\/?p=3953#primaryimage"},"thumbnailUrl":"https:\/\/www.semen-l.org\/wp-content\/uploads\/2025\/02\/5ejourneejc-couv.jpg","datePublished":"2025-02-27T10:44:10+00:00","dateModified":"2025-02-27T10:51:35+00:00","description":"Journ\u00e9e d'\u00e9tudes des jeunes chercheurs de la SEMEN-L en m\u00e9diolatin et n\u00e9o-latin \u00e0 Nantes Universit\u00e9 le 14 mars 2025","breadcrumb":{"@id":"https:\/\/www.semen-l.org\/?p=3953#breadcrumb"},"inLanguage":"fr-FR","potentialAction":[{"@type":"ReadAction","target":["https:\/\/www.semen-l.org\/?p=3953"]}]},{"@type":"ImageObject","inLanguage":"fr-FR","@id":"https:\/\/www.semen-l.org\/?p=3953#primaryimage","url":"https:\/\/www.semen-l.org\/wp-content\/uploads\/2025\/02\/5ejourneejc-couv.jpg","contentUrl":"https:\/\/www.semen-l.org\/wp-content\/uploads\/2025\/02\/5ejourneejc-couv.jpg","width":389,"height":453},{"@type":"BreadcrumbList","@id":"https:\/\/www.semen-l.org\/?p=3953#breadcrumb","itemListElement":[{"@type":"ListItem","position":1,"name":"Accueil","item":"http:\/\/www.semen-l.org\/"},{"@type":"ListItem","position":2,"name":"Ve journ\u00e9e des jeunes chercheurs de la SEMEN-L"}]},{"@type":"WebSite","@id":"http:\/\/www.semen-l.org\/#website","url":"http:\/\/www.semen-l.org\/","name":"Soci\u00e9t\u00e9 d'\u00c9tudes M\u00e9dio Et N\u00e9o-Latines","description":"","publisher":{"@id":"http:\/\/www.semen-l.org\/#organization"},"potentialAction":[{"@type":"SearchAction","target":{"@type":"EntryPoint","urlTemplate":"http:\/\/www.semen-l.org\/?s={search_term_string}"},"query-input":{"@type":"PropertyValueSpecification","valueRequired":true,"valueName":"search_term_string"}}],"inLanguage":"fr-FR"},{"@type":"Organization","@id":"http:\/\/www.semen-l.org\/#organization","name":"Soci\u00e9t\u00e9 d'\u00e9tudes m\u00e9dio et n\u00e9o-latines","url":"http:\/\/www.semen-l.org\/","logo":{"@type":"ImageObject","inLanguage":"fr-FR","@id":"http:\/\/www.semen-l.org\/#\/schema\/logo\/image\/","url":"http:\/\/www.semen-l.org\/wp-content\/uploads\/2020\/11\/logo-semenl.jpg","contentUrl":"http:\/\/www.semen-l.org\/wp-content\/uploads\/2020\/11\/logo-semenl.jpg","width":408,"height":403,"caption":"Soci\u00e9t\u00e9 d'\u00e9tudes m\u00e9dio et n\u00e9o-latines"},"image":{"@id":"http:\/\/www.semen-l.org\/#\/schema\/logo\/image\/"},"sameAs":["https:\/\/www.facebook.com\/SEMENL2018","https:\/\/independent.academia.edu\/SocitsdtudesmdioetnolatinesSEMENL"]},{"@type":"Person","@id":"http:\/\/www.semen-l.org\/#\/schema\/person\/ef5208815f17666727763c5363a51344","name":"Julien Maudoux","image":{"@type":"ImageObject","inLanguage":"fr-FR","@id":"https:\/\/secure.gravatar.com\/avatar\/caabf4fb6242e2277733cd35a5c2aa083761ea25dae1d1ff3298b54292225292?s=96&d=mm&r=g","url":"https:\/\/secure.gravatar.com\/avatar\/caabf4fb6242e2277733cd35a5c2aa083761ea25dae1d1ff3298b54292225292?s=96&d=mm&r=g","contentUrl":"https:\/\/secure.gravatar.com\/avatar\/caabf4fb6242e2277733cd35a5c2aa083761ea25dae1d1ff3298b54292225292?s=96&d=mm&r=g","caption":"Julien Maudoux"},"description":"Webmestre du site de la SEMEN-L","url":"https:\/\/www.semen-l.org\/?author=26"}]}},"jetpack_featured_media_url":"https:\/\/www.semen-l.org\/wp-content\/uploads\/2025\/02\/5ejourneejc-couv.jpg","_links":{"self":[{"href":"https:\/\/www.semen-l.org\/index.php?rest_route=\/wp\/v2\/posts\/3953","targetHints":{"allow":["GET"]}}],"collection":[{"href":"https:\/\/www.semen-l.org\/index.php?rest_route=\/wp\/v2\/posts"}],"about":[{"href":"https:\/\/www.semen-l.org\/index.php?rest_route=\/wp\/v2\/types\/post"}],"author":[{"embeddable":true,"href":"https:\/\/www.semen-l.org\/index.php?rest_route=\/wp\/v2\/users\/26"}],"replies":[{"embeddable":true,"href":"https:\/\/www.semen-l.org\/index.php?rest_route=%2Fwp%2Fv2%2Fcomments&post=3953"}],"version-history":[{"count":0,"href":"https:\/\/www.semen-l.org\/index.php?rest_route=\/wp\/v2\/posts\/3953\/revisions"}],"wp:featuredmedia":[{"embeddable":true,"href":"https:\/\/www.semen-l.org\/index.php?rest_route=\/wp\/v2\/media\/3955"}],"wp:attachment":[{"href":"https:\/\/www.semen-l.org\/index.php?rest_route=%2Fwp%2Fv2%2Fmedia&parent=3953"}],"wp:term":[{"taxonomy":"category","embeddable":true,"href":"https:\/\/www.semen-l.org\/index.php?rest_route=%2Fwp%2Fv2%2Fcategories&post=3953"},{"taxonomy":"post_tag","embeddable":true,"href":"https:\/\/www.semen-l.org\/index.php?rest_route=%2Fwp%2Fv2%2Ftags&post=3953"}],"curies":[{"name":"wp","href":"https:\/\/api.w.org\/{rel}","templated":true}]}}