{"id":3912,"date":"2025-02-01T11:44:48","date_gmt":"2025-02-01T11:44:48","guid":{"rendered":"https:\/\/www.semen-l.org\/?p=3912"},"modified":"2025-02-01T11:49:23","modified_gmt":"2025-02-01T11:49:23","slug":"seminaire-usages-et-exploitations-des-memoires-de-lantiquite-erc-agrelita","status":"publish","type":"post","link":"https:\/\/www.semen-l.org\/?p=3912","title":{"rendered":"S\u00e9minaire \u00ab\u00a0Usages et exploitations des m\u00e9moires de l\u2019Antiquit\u00e9\u00a0\u00bb ERC Agrelita"},"content":{"rendered":"<div class=\"elementToProof\">L&rsquo;ERC Agrelita (dirig\u00e9 par Prof. Catherine Gaullier-Bougassas et consacr\u00e9 \u00e0 la r\u00e9ception et aux appropriations litt\u00e9raires et artistiques de la Gr\u00e8ce ancienne par des auteurs non hell\u00e9nistes entre 1320 et 1550) organise \u00e0 l\u2019universit\u00e9 de Caen Normandie un cycle de s\u00e9minaires d\u00e9di\u00e9s aux \u00ab\u00a0Usages et exploitations des m\u00e9moires de l\u2019Antiquit\u00e9\u00a0\u00bb, <a href=\"http:\/\/www.semen-l.org\/wp-content\/uploads\/2025\/02\/Seminaires_Agrelita_Usages_des_memoires.pdf\">dont voici le programme<\/a> :<\/div>\n<div><a href=\"https:\/\/www.semen-l.org\/wp-content\/uploads\/2025\/02\/Seminaires_Agrelita_Usages_des_memoires.pdf\" class=\"pdfemb-viewer\" style=\"\" data-width=\"max\" data-height=\"max\" data-toolbar=\"both\" data-toolbar-fixed=\"off\">Seminaires_Agrelita_Usages_des_m\u00e9moires<\/a><\/div>\n<div><\/div>\n<div>En texte clair :<\/div>\n<div>Universit\u00e9 de Caen Normandie<\/div>\n<div>\n<p>Centre Michel de Bo\u00fcard \u2013 CRAHAM \u00b7 UMR 6273<br \/>\nCentre de recherches arch\u00e9ologiques et historiques anciennes et m\u00e9di\u00e9vales<\/p>\n<p>S\u00c9MINAIRE ERC AGRELITA | 2024-2025<br \/>\nResponsable Catherine GAULLIER-BOUGASSAS<\/p>\n<p>USAGES ET EXPLOITATIONS DES M\u00c9MOIRES DE L\u2019ANTIQUIT\u00c9<\/p>\n<p>7 f\u00e9v. 2025 | 14 h &#8211; 16 h 30 | Campus 1 | MRSH \u00b7 SH 027<br \/>\n\u00c9milie POIR\u00c9 (EPHE-PSL \u00b7 UR Histara), D\u2019Antioche \u00e0 Fontainebleau. Les divinit\u00e9s chasseresses des Cyn\u00e9g\u00e9tiques d\u2019Oppien<br \/>\nGautier AMIEL (Universit\u00e9 de Rouen Normandie \u00b7 UR C\u00c9R\u00c9dI), Des usages d\u2019un nouvel Ant\u00e9ros renaissant. Le cas de la pharmacop\u00e9e amoureuse de Jean Aubery<\/p>\n<p>7 mar. 2025 | 10 h &#8211; 12 h 30 | Campus 1 | Amphi Vauquelin | B\u00e2t. N \u00b7 SA 112<br \/>\nAndr\u00e9 DESCORPS-DECL\u00c8RE (Unicaen \u00b7 UMR Craham), S\u00e9lectionner, couper et m\u00e9langer ou la r\u00e9\u00e9criture m\u00e9di\u00e9vale de quelques portraits d\u2019empereurs romains pa\u00efens dans le premier Moyen \u00c2ge (VIe-Xe si\u00e8cles)<\/p>\n<p>Massimo LUCARELLI (Unicaen \u00b7 UR Laslar), \u00ab La continuelle lecture des choses antiques \u00bb. Sur quelques usages politiques des m\u00e9moires historiques de l\u2019Antiquit\u00e9 grecque et romaine chez Machiavel<\/p>\n<p>28 mar. 2025 | 10 h &#8211; 12 h 30 | Campus 1 | Amphi Vauquelin | B\u00e2t. N \u00b7 SA 112<br \/>\nMarie-Agn\u00e8s LUCAS-AVENEL (Unicaen \u00b7 UMR Craham), M\u00e9moire et usages des pass\u00e9s antiques dans l\u2019historiographie italo-normande de la fin du XIe si\u00e8cle<br \/>\nGabriel de BRUYN (Unicaen \u00b7 UR HisTeM\u00e9), La place des statues grecques dans l\u2019espace urbain de Rome, du Haut-Empire \u00e0 l\u2019Antiquit\u00e9 tardive<\/p>\n<p>16 mai 2025 | 14 h &#8211; 17 h 30 | Campus 1 | MRSH \u00b7 SH 027 Aleksandr MUSIN (Unicaen \u00b7 UMR Craham), \u00ab\u2026Car les Grecs sont des menteurs jusqu\u2019\u00e0 nos jours \u00bb. Le destin m\u00e9di\u00e9val de la Gr\u00e8ce antique en Europe orientale : usages et abus<br \/>\nH\u00e9l\u00e8ne AVERSENG (Universit\u00e9 d\u2019Angers \u00b7 UR CIRPaLL), Le Myst\u00e8re de la Destruction de Troie de Jacques Milet. Du mythe antique au th\u00e9\u00e2tre m\u00e9di\u00e9val<br \/>\nYann CALVET (Unicaen \u00b7 UR Laslar), La chute de l\u2019empire am\u00e9ricain. Le cin\u00e9ma am\u00e9ricain face \u00e0 la question du d\u00e9clin<\/p>\n<p>Deux journ\u00e9es d\u2019\u00e9tude consacr\u00e9es au m\u00eame th\u00e8me seront organis\u00e9es les jeudi 12 et vendredi 13 juin 2025 \u00e0 l\u2019universit\u00e9 de Caen Normandie.<\/p>\n<p>*<\/p>\n<p>ERC Advanced Grant Agrelita \u00b7 The Reception of Ancient Greece in Pre-modern French Literature and Illustrations of Manuscripts and Printed Books (1320-1550): how invented memories shaped the identity of European communities. This project has received funding from the Euro- pean Commission\u2019s Horizon 2020 Research and Innovation programme under grant agreement No 101018777.<\/p>\n<p>Le Banquet de Phin\u00e9e, in pseudo-Oppien, Cyn\u00e9g\u00e9tiques, 1554, Paris, BnF, Grec 2736, fol. 33r.<\/p>\n<\/div>\n","protected":false},"excerpt":{"rendered":"<p>L&rsquo;ERC Agrelita (dirig\u00e9 par Prof. Catherine Gaullier-Bougassas et consacr\u00e9 \u00e0 la r\u00e9ception et aux appropriations litt\u00e9raires et artistiques de la Gr\u00e8ce ancienne par des auteurs non hell\u00e9nistes entre 1320 et 1550) organise \u00e0 l\u2019universit\u00e9 de Caen Normandie un cycle de &hellip; <a href=\"https:\/\/www.semen-l.org\/?p=3912\">Continuer la lecture <span class=\"meta-nav\">&rarr;<\/span><\/a><\/p>\n","protected":false},"author":26,"featured_media":3914,"comment_status":"open","ping_status":"open","sticky":false,"template":"","format":"standard","meta":{"footnotes":""},"categories":[5],"tags":[2444,1686,2445,2443,2446,1650,1187,1842,1349,2448,97,2168,2447,1596,2270,2442,1448,1693,418,230,1950,231,1296],"class_list":["post-3912","post","type-post","status-publish","format-standard","has-post-thumbnail","hentry","category-cours-et-seminaires","tag-anteros","tag-antioche","tag-aubery-jean","tag-cynegetiques-oppien","tag-empereur-romain","tag-fontainebleau","tag-histoire","tag-historiographie","tag-italie","tag-jacques-millet","tag-machiavel","tag-mystere","tag-mystere-de-la-destruction-de-troie-jacques-millet","tag-mythe","tag-normandie","tag-oppien","tag-paganisme","tag-pharmacopee","tag-politique","tag-portrait","tag-rome","tag-sculpture","tag-theatre"],"yoast_head":"<!-- This site is optimized with the Yoast SEO plugin v27.5 - https:\/\/yoast.com\/product\/yoast-seo-wordpress\/ -->\n<title>Usages et exploitations des m\u00e9moires de l\u2019Antiquit\u00e9 (ERC Agrelita)<\/title>\n<meta name=\"description\" content=\"Ce s\u00e9minaire propose d&#039;\u00e9tudier les usages et exploitations des m\u00e9moires de l&#039;Antiquit\u00e9 et concerne entre autres le domaine n\u00e9o-latin.\" \/>\n<meta name=\"robots\" content=\"index, follow, max-snippet:-1, max-image-preview:large, max-video-preview:-1\" \/>\n<link rel=\"canonical\" href=\"http:\/\/www.semen-l.org\/?p=3912\" \/>\n<meta property=\"og:locale\" content=\"fr_FR\" \/>\n<meta property=\"og:type\" content=\"article\" \/>\n<meta property=\"og:title\" content=\"Usages et exploitations des m\u00e9moires de l\u2019Antiquit\u00e9 (ERC Agrelita)\" \/>\n<meta property=\"og:description\" content=\"Ce s\u00e9minaire propose d&#039;\u00e9tudier les usages et exploitations des m\u00e9moires de l&#039;Antiquit\u00e9 et concerne entre autres le domaine n\u00e9o-latin.\" \/>\n<meta property=\"og:url\" content=\"http:\/\/www.semen-l.org\/?p=3912\" \/>\n<meta property=\"og:site_name\" content=\"Soci\u00e9t\u00e9 d&#039;\u00c9tudes M\u00e9dio Et N\u00e9o-Latines\" \/>\n<meta property=\"article:publisher\" content=\"https:\/\/www.facebook.com\/SEMENL2018\" \/>\n<meta property=\"article:published_time\" content=\"2025-02-01T11:44:48+00:00\" \/>\n<meta property=\"article:modified_time\" content=\"2025-02-01T11:49:23+00:00\" \/>\n<meta property=\"og:image\" content=\"http:\/\/www.semen-l.org\/wp-content\/uploads\/2025\/02\/seminaire-erc-agrelita-memoires25.jpg\" \/>\n\t<meta property=\"og:image:width\" content=\"815\" \/>\n\t<meta property=\"og:image:height\" content=\"420\" \/>\n\t<meta property=\"og:image:type\" content=\"image\/jpeg\" \/>\n<meta name=\"author\" content=\"Julien Maudoux\" \/>\n<meta name=\"twitter:card\" content=\"summary_large_image\" \/>\n<meta name=\"twitter:label1\" content=\"\u00c9crit par\" \/>\n\t<meta name=\"twitter:data1\" content=\"Julien Maudoux\" \/>\n\t<meta name=\"twitter:label2\" content=\"Dur\u00e9e de lecture estim\u00e9e\" \/>\n\t<meta name=\"twitter:data2\" content=\"3 minutes\" \/>\n<script type=\"application\/ld+json\" class=\"yoast-schema-graph\">{\"@context\":\"https:\\\/\\\/schema.org\",\"@graph\":[{\"@type\":\"Article\",\"@id\":\"http:\\\/\\\/www.semen-l.org\\\/?p=3912#article\",\"isPartOf\":{\"@id\":\"http:\\\/\\\/www.semen-l.org\\\/?p=3912\"},\"author\":{\"name\":\"Julien Maudoux\",\"@id\":\"http:\\\/\\\/www.semen-l.org\\\/#\\\/schema\\\/person\\\/ef5208815f17666727763c5363a51344\"},\"headline\":\"S\u00e9minaire \u00ab\u00a0Usages et exploitations des m\u00e9moires de l\u2019Antiquit\u00e9\u00a0\u00bb ERC Agrelita\",\"datePublished\":\"2025-02-01T11:44:48+00:00\",\"dateModified\":\"2025-02-01T11:49:23+00:00\",\"mainEntityOfPage\":{\"@id\":\"http:\\\/\\\/www.semen-l.org\\\/?p=3912\"},\"wordCount\":502,\"commentCount\":0,\"publisher\":{\"@id\":\"http:\\\/\\\/www.semen-l.org\\\/#organization\"},\"image\":{\"@id\":\"http:\\\/\\\/www.semen-l.org\\\/?p=3912#primaryimage\"},\"thumbnailUrl\":\"https:\\\/\\\/www.semen-l.org\\\/wp-content\\\/uploads\\\/2025\\\/02\\\/seminaire-erc-agrelita-memoires25.jpg\",\"keywords\":[\"Ant\u00e9ros\",\"Antioche\",\"Aubery (Jean)\",\"Cyn\u00e9g\u00e9tiques (Oppien d'Apam\u00e9e)\",\"empereur romain\",\"Fontainebleau\",\"histoire\",\"historiographie\",\"Italie\",\"Jacques Millet\",\"Machiavel (Nicolas)\",\"myst\u00e8re\",\"Myst\u00e8re de la Destruction de Troie (Jacques Millet)\",\"mythe\",\"Normandie\",\"Oppien d'Apam\u00e9e\",\"paganisme\",\"pharmacop\u00e9e\",\"politique\",\"portrait\",\"Rome\",\"sculpture\",\"th\u00e9\u00e2tre\"],\"articleSection\":[\"Cours et s\u00e9minaires\"],\"inLanguage\":\"fr-FR\",\"potentialAction\":[{\"@type\":\"CommentAction\",\"name\":\"Comment\",\"target\":[\"http:\\\/\\\/www.semen-l.org\\\/?p=3912#respond\"]}]},{\"@type\":\"WebPage\",\"@id\":\"http:\\\/\\\/www.semen-l.org\\\/?p=3912\",\"url\":\"http:\\\/\\\/www.semen-l.org\\\/?p=3912\",\"name\":\"Usages et exploitations des m\u00e9moires de l\u2019Antiquit\u00e9 (ERC Agrelita)\",\"isPartOf\":{\"@id\":\"http:\\\/\\\/www.semen-l.org\\\/#website\"},\"primaryImageOfPage\":{\"@id\":\"http:\\\/\\\/www.semen-l.org\\\/?p=3912#primaryimage\"},\"image\":{\"@id\":\"http:\\\/\\\/www.semen-l.org\\\/?p=3912#primaryimage\"},\"thumbnailUrl\":\"https:\\\/\\\/www.semen-l.org\\\/wp-content\\\/uploads\\\/2025\\\/02\\\/seminaire-erc-agrelita-memoires25.jpg\",\"datePublished\":\"2025-02-01T11:44:48+00:00\",\"dateModified\":\"2025-02-01T11:49:23+00:00\",\"description\":\"Ce s\u00e9minaire propose d'\u00e9tudier les usages et exploitations des m\u00e9moires de l'Antiquit\u00e9 et concerne entre autres le domaine n\u00e9o-latin.\",\"breadcrumb\":{\"@id\":\"http:\\\/\\\/www.semen-l.org\\\/?p=3912#breadcrumb\"},\"inLanguage\":\"fr-FR\",\"potentialAction\":[{\"@type\":\"ReadAction\",\"target\":[\"http:\\\/\\\/www.semen-l.org\\\/?p=3912\"]}]},{\"@type\":\"ImageObject\",\"inLanguage\":\"fr-FR\",\"@id\":\"http:\\\/\\\/www.semen-l.org\\\/?p=3912#primaryimage\",\"url\":\"https:\\\/\\\/www.semen-l.org\\\/wp-content\\\/uploads\\\/2025\\\/02\\\/seminaire-erc-agrelita-memoires25.jpg\",\"contentUrl\":\"https:\\\/\\\/www.semen-l.org\\\/wp-content\\\/uploads\\\/2025\\\/02\\\/seminaire-erc-agrelita-memoires25.jpg\",\"width\":815,\"height\":420},{\"@type\":\"BreadcrumbList\",\"@id\":\"http:\\\/\\\/www.semen-l.org\\\/?p=3912#breadcrumb\",\"itemListElement\":[{\"@type\":\"ListItem\",\"position\":1,\"name\":\"Accueil\",\"item\":\"http:\\\/\\\/www.semen-l.org\\\/\"},{\"@type\":\"ListItem\",\"position\":2,\"name\":\"S\u00e9minaire \u00ab\u00a0Usages et exploitations des m\u00e9moires de l\u2019Antiquit\u00e9\u00a0\u00bb ERC Agrelita\"}]},{\"@type\":\"WebSite\",\"@id\":\"http:\\\/\\\/www.semen-l.org\\\/#website\",\"url\":\"http:\\\/\\\/www.semen-l.org\\\/\",\"name\":\"Soci\u00e9t\u00e9 d'\u00c9tudes M\u00e9dio Et N\u00e9o-Latines\",\"description\":\"\",\"publisher\":{\"@id\":\"http:\\\/\\\/www.semen-l.org\\\/#organization\"},\"potentialAction\":[{\"@type\":\"SearchAction\",\"target\":{\"@type\":\"EntryPoint\",\"urlTemplate\":\"http:\\\/\\\/www.semen-l.org\\\/?s={search_term_string}\"},\"query-input\":{\"@type\":\"PropertyValueSpecification\",\"valueRequired\":true,\"valueName\":\"search_term_string\"}}],\"inLanguage\":\"fr-FR\"},{\"@type\":\"Organization\",\"@id\":\"http:\\\/\\\/www.semen-l.org\\\/#organization\",\"name\":\"Soci\u00e9t\u00e9 d'\u00e9tudes m\u00e9dio et n\u00e9o-latines\",\"url\":\"http:\\\/\\\/www.semen-l.org\\\/\",\"logo\":{\"@type\":\"ImageObject\",\"inLanguage\":\"fr-FR\",\"@id\":\"http:\\\/\\\/www.semen-l.org\\\/#\\\/schema\\\/logo\\\/image\\\/\",\"url\":\"http:\\\/\\\/www.semen-l.org\\\/wp-content\\\/uploads\\\/2020\\\/11\\\/logo-semenl.jpg\",\"contentUrl\":\"http:\\\/\\\/www.semen-l.org\\\/wp-content\\\/uploads\\\/2020\\\/11\\\/logo-semenl.jpg\",\"width\":408,\"height\":403,\"caption\":\"Soci\u00e9t\u00e9 d'\u00e9tudes m\u00e9dio et n\u00e9o-latines\"},\"image\":{\"@id\":\"http:\\\/\\\/www.semen-l.org\\\/#\\\/schema\\\/logo\\\/image\\\/\"},\"sameAs\":[\"https:\\\/\\\/www.facebook.com\\\/SEMENL2018\",\"https:\\\/\\\/independent.academia.edu\\\/SocitsdtudesmdioetnolatinesSEMENL\"]},{\"@type\":\"Person\",\"@id\":\"http:\\\/\\\/www.semen-l.org\\\/#\\\/schema\\\/person\\\/ef5208815f17666727763c5363a51344\",\"name\":\"Julien Maudoux\",\"image\":{\"@type\":\"ImageObject\",\"inLanguage\":\"fr-FR\",\"@id\":\"https:\\\/\\\/secure.gravatar.com\\\/avatar\\\/caabf4fb6242e2277733cd35a5c2aa083761ea25dae1d1ff3298b54292225292?s=96&d=mm&r=g\",\"url\":\"https:\\\/\\\/secure.gravatar.com\\\/avatar\\\/caabf4fb6242e2277733cd35a5c2aa083761ea25dae1d1ff3298b54292225292?s=96&d=mm&r=g\",\"contentUrl\":\"https:\\\/\\\/secure.gravatar.com\\\/avatar\\\/caabf4fb6242e2277733cd35a5c2aa083761ea25dae1d1ff3298b54292225292?s=96&d=mm&r=g\",\"caption\":\"Julien Maudoux\"},\"description\":\"Webmestre du site de la SEMEN-L\",\"url\":\"https:\\\/\\\/www.semen-l.org\\\/?author=26\"}]}<\/script>\n<!-- \/ Yoast SEO plugin. -->","yoast_head_json":{"title":"Usages et exploitations des m\u00e9moires de l\u2019Antiquit\u00e9 (ERC Agrelita)","description":"Ce s\u00e9minaire propose d'\u00e9tudier les usages et exploitations des m\u00e9moires de l'Antiquit\u00e9 et concerne entre autres le domaine n\u00e9o-latin.","robots":{"index":"index","follow":"follow","max-snippet":"max-snippet:-1","max-image-preview":"max-image-preview:large","max-video-preview":"max-video-preview:-1"},"canonical":"http:\/\/www.semen-l.org\/?p=3912","og_locale":"fr_FR","og_type":"article","og_title":"Usages et exploitations des m\u00e9moires de l\u2019Antiquit\u00e9 (ERC Agrelita)","og_description":"Ce s\u00e9minaire propose d'\u00e9tudier les usages et exploitations des m\u00e9moires de l'Antiquit\u00e9 et concerne entre autres le domaine n\u00e9o-latin.","og_url":"http:\/\/www.semen-l.org\/?p=3912","og_site_name":"Soci\u00e9t\u00e9 d&#039;\u00c9tudes M\u00e9dio Et N\u00e9o-Latines","article_publisher":"https:\/\/www.facebook.com\/SEMENL2018","article_published_time":"2025-02-01T11:44:48+00:00","article_modified_time":"2025-02-01T11:49:23+00:00","og_image":[{"width":815,"height":420,"url":"http:\/\/www.semen-l.org\/wp-content\/uploads\/2025\/02\/seminaire-erc-agrelita-memoires25.jpg","type":"image\/jpeg"}],"author":"Julien Maudoux","twitter_card":"summary_large_image","twitter_misc":{"\u00c9crit par":"Julien Maudoux","Dur\u00e9e de lecture estim\u00e9e":"3 minutes"},"schema":{"@context":"https:\/\/schema.org","@graph":[{"@type":"Article","@id":"http:\/\/www.semen-l.org\/?p=3912#article","isPartOf":{"@id":"http:\/\/www.semen-l.org\/?p=3912"},"author":{"name":"Julien Maudoux","@id":"http:\/\/www.semen-l.org\/#\/schema\/person\/ef5208815f17666727763c5363a51344"},"headline":"S\u00e9minaire \u00ab\u00a0Usages et exploitations des m\u00e9moires de l\u2019Antiquit\u00e9\u00a0\u00bb ERC Agrelita","datePublished":"2025-02-01T11:44:48+00:00","dateModified":"2025-02-01T11:49:23+00:00","mainEntityOfPage":{"@id":"http:\/\/www.semen-l.org\/?p=3912"},"wordCount":502,"commentCount":0,"publisher":{"@id":"http:\/\/www.semen-l.org\/#organization"},"image":{"@id":"http:\/\/www.semen-l.org\/?p=3912#primaryimage"},"thumbnailUrl":"https:\/\/www.semen-l.org\/wp-content\/uploads\/2025\/02\/seminaire-erc-agrelita-memoires25.jpg","keywords":["Ant\u00e9ros","Antioche","Aubery (Jean)","Cyn\u00e9g\u00e9tiques (Oppien d'Apam\u00e9e)","empereur romain","Fontainebleau","histoire","historiographie","Italie","Jacques Millet","Machiavel (Nicolas)","myst\u00e8re","Myst\u00e8re de la Destruction de Troie (Jacques Millet)","mythe","Normandie","Oppien d'Apam\u00e9e","paganisme","pharmacop\u00e9e","politique","portrait","Rome","sculpture","th\u00e9\u00e2tre"],"articleSection":["Cours et s\u00e9minaires"],"inLanguage":"fr-FR","potentialAction":[{"@type":"CommentAction","name":"Comment","target":["http:\/\/www.semen-l.org\/?p=3912#respond"]}]},{"@type":"WebPage","@id":"http:\/\/www.semen-l.org\/?p=3912","url":"http:\/\/www.semen-l.org\/?p=3912","name":"Usages et exploitations des m\u00e9moires de l\u2019Antiquit\u00e9 (ERC Agrelita)","isPartOf":{"@id":"http:\/\/www.semen-l.org\/#website"},"primaryImageOfPage":{"@id":"http:\/\/www.semen-l.org\/?p=3912#primaryimage"},"image":{"@id":"http:\/\/www.semen-l.org\/?p=3912#primaryimage"},"thumbnailUrl":"https:\/\/www.semen-l.org\/wp-content\/uploads\/2025\/02\/seminaire-erc-agrelita-memoires25.jpg","datePublished":"2025-02-01T11:44:48+00:00","dateModified":"2025-02-01T11:49:23+00:00","description":"Ce s\u00e9minaire propose d'\u00e9tudier les usages et exploitations des m\u00e9moires de l'Antiquit\u00e9 et concerne entre autres le domaine n\u00e9o-latin.","breadcrumb":{"@id":"http:\/\/www.semen-l.org\/?p=3912#breadcrumb"},"inLanguage":"fr-FR","potentialAction":[{"@type":"ReadAction","target":["http:\/\/www.semen-l.org\/?p=3912"]}]},{"@type":"ImageObject","inLanguage":"fr-FR","@id":"http:\/\/www.semen-l.org\/?p=3912#primaryimage","url":"https:\/\/www.semen-l.org\/wp-content\/uploads\/2025\/02\/seminaire-erc-agrelita-memoires25.jpg","contentUrl":"https:\/\/www.semen-l.org\/wp-content\/uploads\/2025\/02\/seminaire-erc-agrelita-memoires25.jpg","width":815,"height":420},{"@type":"BreadcrumbList","@id":"http:\/\/www.semen-l.org\/?p=3912#breadcrumb","itemListElement":[{"@type":"ListItem","position":1,"name":"Accueil","item":"http:\/\/www.semen-l.org\/"},{"@type":"ListItem","position":2,"name":"S\u00e9minaire \u00ab\u00a0Usages et exploitations des m\u00e9moires de l\u2019Antiquit\u00e9\u00a0\u00bb ERC Agrelita"}]},{"@type":"WebSite","@id":"http:\/\/www.semen-l.org\/#website","url":"http:\/\/www.semen-l.org\/","name":"Soci\u00e9t\u00e9 d'\u00c9tudes M\u00e9dio Et N\u00e9o-Latines","description":"","publisher":{"@id":"http:\/\/www.semen-l.org\/#organization"},"potentialAction":[{"@type":"SearchAction","target":{"@type":"EntryPoint","urlTemplate":"http:\/\/www.semen-l.org\/?s={search_term_string}"},"query-input":{"@type":"PropertyValueSpecification","valueRequired":true,"valueName":"search_term_string"}}],"inLanguage":"fr-FR"},{"@type":"Organization","@id":"http:\/\/www.semen-l.org\/#organization","name":"Soci\u00e9t\u00e9 d'\u00e9tudes m\u00e9dio et n\u00e9o-latines","url":"http:\/\/www.semen-l.org\/","logo":{"@type":"ImageObject","inLanguage":"fr-FR","@id":"http:\/\/www.semen-l.org\/#\/schema\/logo\/image\/","url":"http:\/\/www.semen-l.org\/wp-content\/uploads\/2020\/11\/logo-semenl.jpg","contentUrl":"http:\/\/www.semen-l.org\/wp-content\/uploads\/2020\/11\/logo-semenl.jpg","width":408,"height":403,"caption":"Soci\u00e9t\u00e9 d'\u00e9tudes m\u00e9dio et n\u00e9o-latines"},"image":{"@id":"http:\/\/www.semen-l.org\/#\/schema\/logo\/image\/"},"sameAs":["https:\/\/www.facebook.com\/SEMENL2018","https:\/\/independent.academia.edu\/SocitsdtudesmdioetnolatinesSEMENL"]},{"@type":"Person","@id":"http:\/\/www.semen-l.org\/#\/schema\/person\/ef5208815f17666727763c5363a51344","name":"Julien Maudoux","image":{"@type":"ImageObject","inLanguage":"fr-FR","@id":"https:\/\/secure.gravatar.com\/avatar\/caabf4fb6242e2277733cd35a5c2aa083761ea25dae1d1ff3298b54292225292?s=96&d=mm&r=g","url":"https:\/\/secure.gravatar.com\/avatar\/caabf4fb6242e2277733cd35a5c2aa083761ea25dae1d1ff3298b54292225292?s=96&d=mm&r=g","contentUrl":"https:\/\/secure.gravatar.com\/avatar\/caabf4fb6242e2277733cd35a5c2aa083761ea25dae1d1ff3298b54292225292?s=96&d=mm&r=g","caption":"Julien Maudoux"},"description":"Webmestre du site de la SEMEN-L","url":"https:\/\/www.semen-l.org\/?author=26"}]}},"jetpack_featured_media_url":"https:\/\/www.semen-l.org\/wp-content\/uploads\/2025\/02\/seminaire-erc-agrelita-memoires25.jpg","_links":{"self":[{"href":"https:\/\/www.semen-l.org\/index.php?rest_route=\/wp\/v2\/posts\/3912","targetHints":{"allow":["GET"]}}],"collection":[{"href":"https:\/\/www.semen-l.org\/index.php?rest_route=\/wp\/v2\/posts"}],"about":[{"href":"https:\/\/www.semen-l.org\/index.php?rest_route=\/wp\/v2\/types\/post"}],"author":[{"embeddable":true,"href":"https:\/\/www.semen-l.org\/index.php?rest_route=\/wp\/v2\/users\/26"}],"replies":[{"embeddable":true,"href":"https:\/\/www.semen-l.org\/index.php?rest_route=%2Fwp%2Fv2%2Fcomments&post=3912"}],"version-history":[{"count":0,"href":"https:\/\/www.semen-l.org\/index.php?rest_route=\/wp\/v2\/posts\/3912\/revisions"}],"wp:featuredmedia":[{"embeddable":true,"href":"https:\/\/www.semen-l.org\/index.php?rest_route=\/wp\/v2\/media\/3914"}],"wp:attachment":[{"href":"https:\/\/www.semen-l.org\/index.php?rest_route=%2Fwp%2Fv2%2Fmedia&parent=3912"}],"wp:term":[{"taxonomy":"category","embeddable":true,"href":"https:\/\/www.semen-l.org\/index.php?rest_route=%2Fwp%2Fv2%2Fcategories&post=3912"},{"taxonomy":"post_tag","embeddable":true,"href":"https:\/\/www.semen-l.org\/index.php?rest_route=%2Fwp%2Fv2%2Ftags&post=3912"}],"curies":[{"name":"wp","href":"https:\/\/api.w.org\/{rel}","templated":true}]}}