{"id":388,"date":"2016-11-29T12:00:18","date_gmt":"2016-11-29T12:00:18","guid":{"rendered":"http:\/\/www.semen-l.org\/?p=388"},"modified":"2020-11-18T21:55:38","modified_gmt":"2020-11-18T21:55:38","slug":"388","status":"publish","type":"post","link":"https:\/\/www.semen-l.org\/?p=388","title":{"rendered":"Conf\u00e9rences de m\u00e9trique latine humaniste"},"content":{"rendered":"<p>Dans le cadre du s\u00e9minaire de Th\u00e9l\u00e8me (E.A. C\u00e9rilac), Jean-Louis Charlet, ancien pr\u00e9sident de l<em>\u2019International Association for Neo-Latin Studies<\/em> et professeur \u00e9m\u00e9rite \u00e0 l\u2019universit\u00e9 d\u2019Aix-Marseille, assurera un cycle de conf\u00e9rences sur la m\u00e9trique latine humaniste le jeudi de 14 \u00e0 17h. Ces conf\u00e9rences, destin\u00e9es d\u2019abord \u00e0 des non-sp\u00e9cialistes, commenceront par rappeler les bases classiques (on ne peut pas comprendre la m\u00e9trique n\u00e9o-latine sans conna\u00eetre ses mod\u00e8les classiques, latins et parfois m\u00eame grecs) et \u00e9tudieront les vers latins humanistes (de P\u00e9trarque au XVI<sup>e<\/sup>\u00a0s. avec quelques incursions au-del\u00e0) d\u2019un triple point de vue : m\u00e9trique, stylistique et <em>ethos <\/em>des m\u00e8tres (dans quelle mesure un m\u00e8tre est associ\u00e9 \u00e0 un genre litt\u00e9raire, \u00e0 une th\u00e9matique, \u00e0 un ton particulier\u2026). On commencera par les m\u00e8tres les mieux connus (ou les moins inconnus !) pour avancer progressivement vers les m\u00e8tres plus complexes.<\/p>\n<p>La premi\u00e8re s\u00e9ance aura lieu le jeudi 8 d\u00e9cembre 2016 ; elle portera sur l\u2019hexam\u00e8tre dactylique (avec en prime un hexam\u00e8tre nahuatl ins\u00e9r\u00e9 dans un po\u00e8me didactique hexam\u00e9trique n\u00e9o-latin !).<\/p>\n<p>Le programme des conf\u00e9rences suivantes (en principe, une tous les deux mois) sera \u00e9tabli avec les participants en fonction de leurs <em>desiderata<\/em>, \u00e9tant entendu que l\u2019objectif sera, \u00e9ventuellement sur plusieurs ann\u00e9es, de traiter de tous les m\u00e8tres latins employ\u00e9s par les humanistes, y compris les m\u00e8tres dramatiques (trag\u00e9die, com\u00e9die) et lyriques (horatiens ou non), jusqu\u2019au galliambe ! \u00c0 chaque s\u00e9ance, une bibliographie de base sera donn\u00e9e.<\/p>\n<p><strong>Premi\u00e8re s\u00e9ance\u00a0: <\/strong><strong>jeudi 8 d\u00e9cembre de 14h00 \u00e0 17h00<\/strong><strong>, salle 791 au b\u00e2timent C des Grands Moulins (M\u00e9tro : Biblioth\u00e8que Fran\u00e7ois Mitterand, sortie : Rue Goscinny).<\/strong><\/p>\n","protected":false},"excerpt":{"rendered":"<p>Dans le cadre du s\u00e9minaire de Th\u00e9l\u00e8me (E.A. C\u00e9rilac), Jean-Louis Charlet, ancien pr\u00e9sident de l\u2019International Association for Neo-Latin Studies et professeur \u00e9m\u00e9rite \u00e0 l\u2019universit\u00e9 d\u2019Aix-Marseille, assurera un cycle de conf\u00e9rences sur la m\u00e9trique latine humaniste le jeudi de 14 \u00e0 &hellip; <a href=\"https:\/\/www.semen-l.org\/?p=388\">Continuer la lecture <span class=\"meta-nav\">&rarr;<\/span><\/a><\/p>\n","protected":false},"author":7,"featured_media":273,"comment_status":"open","ping_status":"open","sticky":false,"template":"","format":"standard","meta":{"footnotes":""},"categories":[5],"tags":[72,265,145,262,52,268,261,16,263,26,264,267,114,266],"class_list":["post-388","post","type-post","status-publish","format-standard","has-post-thumbnail","hentry","category-cours-et-seminaires","tag-comedie","tag-galliambe","tag-genre-arts-et-lettres","tag-hexametre","tag-horace","tag-metre","tag-metrique","tag-petrarque","tag-poeme-didactique","tag-poesie","tag-poesie-lyrique","tag-stylistique","tag-tragedie","tag-vers"],"yoast_head":"<!-- This site is optimized with the Yoast SEO plugin v27.5 - https:\/\/yoast.com\/product\/yoast-seo-wordpress\/ -->\n<title>Conf\u00e9rences de m\u00e9trique latine humaniste - Soci\u00e9t\u00e9 d&#039;\u00c9tudes M\u00e9dio Et N\u00e9o-Latines<\/title>\n<meta name=\"robots\" content=\"index, follow, max-snippet:-1, max-image-preview:large, max-video-preview:-1\" \/>\n<link rel=\"canonical\" href=\"https:\/\/www.semen-l.org\/?p=388\" \/>\n<meta property=\"og:locale\" content=\"fr_FR\" \/>\n<meta property=\"og:type\" content=\"article\" \/>\n<meta property=\"og:title\" content=\"Conf\u00e9rences de m\u00e9trique latine humaniste - Soci\u00e9t\u00e9 d&#039;\u00c9tudes M\u00e9dio Et N\u00e9o-Latines\" \/>\n<meta property=\"og:description\" content=\"Dans le cadre du s\u00e9minaire de Th\u00e9l\u00e8me (E.A. C\u00e9rilac), Jean-Louis Charlet, ancien pr\u00e9sident de l\u2019International Association for Neo-Latin Studies et professeur \u00e9m\u00e9rite \u00e0 l\u2019universit\u00e9 d\u2019Aix-Marseille, assurera un cycle de conf\u00e9rences sur la m\u00e9trique latine humaniste le jeudi de 14 \u00e0 &hellip; Continuer la lecture &rarr;\" \/>\n<meta property=\"og:url\" content=\"https:\/\/www.semen-l.org\/?p=388\" \/>\n<meta property=\"og:site_name\" content=\"Soci\u00e9t\u00e9 d&#039;\u00c9tudes M\u00e9dio Et N\u00e9o-Latines\" \/>\n<meta property=\"article:publisher\" content=\"https:\/\/www.facebook.com\/SEMENL2018\" \/>\n<meta property=\"article:published_time\" content=\"2016-11-29T12:00:18+00:00\" \/>\n<meta property=\"article:modified_time\" content=\"2020-11-18T21:55:38+00:00\" \/>\n<meta property=\"og:image\" content=\"https:\/\/www.semen-l.org\/wp-content\/uploads\/2015\/03\/800px-The_Young_Cicero_Reading.jpg\" \/>\n\t<meta property=\"og:image:width\" content=\"800\" \/>\n\t<meta property=\"og:image:height\" content=\"608\" \/>\n\t<meta property=\"og:image:type\" content=\"image\/jpeg\" \/>\n<meta name=\"author\" content=\"Claire\" \/>\n<meta name=\"twitter:card\" content=\"summary_large_image\" \/>\n<meta name=\"twitter:label1\" content=\"\u00c9crit par\" \/>\n\t<meta name=\"twitter:data1\" content=\"Claire\" \/>\n\t<meta name=\"twitter:label2\" content=\"Dur\u00e9e de lecture estim\u00e9e\" \/>\n\t<meta name=\"twitter:data2\" content=\"1 minute\" \/>\n<script type=\"application\/ld+json\" class=\"yoast-schema-graph\">{\"@context\":\"https:\\\/\\\/schema.org\",\"@graph\":[{\"@type\":\"Article\",\"@id\":\"https:\\\/\\\/www.semen-l.org\\\/?p=388#article\",\"isPartOf\":{\"@id\":\"https:\\\/\\\/www.semen-l.org\\\/?p=388\"},\"author\":{\"name\":\"Claire\",\"@id\":\"http:\\\/\\\/www.semen-l.org\\\/#\\\/schema\\\/person\\\/c1da10720736e30a9294dcce77355003\"},\"headline\":\"Conf\u00e9rences de m\u00e9trique latine humaniste\",\"datePublished\":\"2016-11-29T12:00:18+00:00\",\"dateModified\":\"2020-11-18T21:55:38+00:00\",\"mainEntityOfPage\":{\"@id\":\"https:\\\/\\\/www.semen-l.org\\\/?p=388\"},\"wordCount\":305,\"commentCount\":0,\"publisher\":{\"@id\":\"http:\\\/\\\/www.semen-l.org\\\/#organization\"},\"image\":{\"@id\":\"https:\\\/\\\/www.semen-l.org\\\/?p=388#primaryimage\"},\"thumbnailUrl\":\"https:\\\/\\\/www.semen-l.org\\\/wp-content\\\/uploads\\\/2015\\\/03\\\/800px-The_Young_Cicero_Reading.jpg\",\"keywords\":[\"com\u00e9die\",\"galliambe\",\"genre (arts et lettres)\",\"hexam\u00e8tre\",\"Horace\",\"m\u00e8tre\",\"m\u00e9trique\",\"P\u00e9trarque\",\"po\u00e8me didactique\",\"po\u00e9sie\",\"po\u00e9sie lyrique\",\"stylistique\",\"trag\u00e9die\",\"vers\"],\"articleSection\":[\"Cours et s\u00e9minaires\"],\"inLanguage\":\"fr-FR\",\"potentialAction\":[{\"@type\":\"CommentAction\",\"name\":\"Comment\",\"target\":[\"https:\\\/\\\/www.semen-l.org\\\/?p=388#respond\"]}]},{\"@type\":\"WebPage\",\"@id\":\"https:\\\/\\\/www.semen-l.org\\\/?p=388\",\"url\":\"https:\\\/\\\/www.semen-l.org\\\/?p=388\",\"name\":\"Conf\u00e9rences de m\u00e9trique latine humaniste - Soci\u00e9t\u00e9 d&#039;\u00c9tudes M\u00e9dio Et N\u00e9o-Latines\",\"isPartOf\":{\"@id\":\"http:\\\/\\\/www.semen-l.org\\\/#website\"},\"primaryImageOfPage\":{\"@id\":\"https:\\\/\\\/www.semen-l.org\\\/?p=388#primaryimage\"},\"image\":{\"@id\":\"https:\\\/\\\/www.semen-l.org\\\/?p=388#primaryimage\"},\"thumbnailUrl\":\"https:\\\/\\\/www.semen-l.org\\\/wp-content\\\/uploads\\\/2015\\\/03\\\/800px-The_Young_Cicero_Reading.jpg\",\"datePublished\":\"2016-11-29T12:00:18+00:00\",\"dateModified\":\"2020-11-18T21:55:38+00:00\",\"breadcrumb\":{\"@id\":\"https:\\\/\\\/www.semen-l.org\\\/?p=388#breadcrumb\"},\"inLanguage\":\"fr-FR\",\"potentialAction\":[{\"@type\":\"ReadAction\",\"target\":[\"https:\\\/\\\/www.semen-l.org\\\/?p=388\"]}]},{\"@type\":\"ImageObject\",\"inLanguage\":\"fr-FR\",\"@id\":\"https:\\\/\\\/www.semen-l.org\\\/?p=388#primaryimage\",\"url\":\"https:\\\/\\\/www.semen-l.org\\\/wp-content\\\/uploads\\\/2015\\\/03\\\/800px-The_Young_Cicero_Reading.jpg\",\"contentUrl\":\"https:\\\/\\\/www.semen-l.org\\\/wp-content\\\/uploads\\\/2015\\\/03\\\/800px-The_Young_Cicero_Reading.jpg\",\"width\":800,\"height\":608},{\"@type\":\"BreadcrumbList\",\"@id\":\"https:\\\/\\\/www.semen-l.org\\\/?p=388#breadcrumb\",\"itemListElement\":[{\"@type\":\"ListItem\",\"position\":1,\"name\":\"Accueil\",\"item\":\"http:\\\/\\\/www.semen-l.org\\\/\"},{\"@type\":\"ListItem\",\"position\":2,\"name\":\"Conf\u00e9rences de m\u00e9trique latine humaniste\"}]},{\"@type\":\"WebSite\",\"@id\":\"http:\\\/\\\/www.semen-l.org\\\/#website\",\"url\":\"http:\\\/\\\/www.semen-l.org\\\/\",\"name\":\"Soci\u00e9t\u00e9 d'\u00c9tudes M\u00e9dio Et N\u00e9o-Latines\",\"description\":\"\",\"publisher\":{\"@id\":\"http:\\\/\\\/www.semen-l.org\\\/#organization\"},\"potentialAction\":[{\"@type\":\"SearchAction\",\"target\":{\"@type\":\"EntryPoint\",\"urlTemplate\":\"http:\\\/\\\/www.semen-l.org\\\/?s={search_term_string}\"},\"query-input\":{\"@type\":\"PropertyValueSpecification\",\"valueRequired\":true,\"valueName\":\"search_term_string\"}}],\"inLanguage\":\"fr-FR\"},{\"@type\":\"Organization\",\"@id\":\"http:\\\/\\\/www.semen-l.org\\\/#organization\",\"name\":\"Soci\u00e9t\u00e9 d'\u00e9tudes m\u00e9dio et n\u00e9o-latines\",\"url\":\"http:\\\/\\\/www.semen-l.org\\\/\",\"logo\":{\"@type\":\"ImageObject\",\"inLanguage\":\"fr-FR\",\"@id\":\"http:\\\/\\\/www.semen-l.org\\\/#\\\/schema\\\/logo\\\/image\\\/\",\"url\":\"http:\\\/\\\/www.semen-l.org\\\/wp-content\\\/uploads\\\/2020\\\/11\\\/logo-semenl.jpg\",\"contentUrl\":\"http:\\\/\\\/www.semen-l.org\\\/wp-content\\\/uploads\\\/2020\\\/11\\\/logo-semenl.jpg\",\"width\":408,\"height\":403,\"caption\":\"Soci\u00e9t\u00e9 d'\u00e9tudes m\u00e9dio et n\u00e9o-latines\"},\"image\":{\"@id\":\"http:\\\/\\\/www.semen-l.org\\\/#\\\/schema\\\/logo\\\/image\\\/\"},\"sameAs\":[\"https:\\\/\\\/www.facebook.com\\\/SEMENL2018\",\"https:\\\/\\\/independent.academia.edu\\\/SocitsdtudesmdioetnolatinesSEMENL\"]},{\"@type\":\"Person\",\"@id\":\"http:\\\/\\\/www.semen-l.org\\\/#\\\/schema\\\/person\\\/c1da10720736e30a9294dcce77355003\",\"name\":\"Claire\",\"image\":{\"@type\":\"ImageObject\",\"inLanguage\":\"fr-FR\",\"@id\":\"https:\\\/\\\/secure.gravatar.com\\\/avatar\\\/fb942a7c25d70507e1cb150869aba56fe90ac8bf729ffb876b9b80161bf79d4f?s=96&d=mm&r=g\",\"url\":\"https:\\\/\\\/secure.gravatar.com\\\/avatar\\\/fb942a7c25d70507e1cb150869aba56fe90ac8bf729ffb876b9b80161bf79d4f?s=96&d=mm&r=g\",\"contentUrl\":\"https:\\\/\\\/secure.gravatar.com\\\/avatar\\\/fb942a7c25d70507e1cb150869aba56fe90ac8bf729ffb876b9b80161bf79d4f?s=96&d=mm&r=g\",\"caption\":\"Claire\"},\"url\":\"https:\\\/\\\/www.semen-l.org\\\/?author=7\"}]}<\/script>\n<!-- \/ Yoast SEO plugin. -->","yoast_head_json":{"title":"Conf\u00e9rences de m\u00e9trique latine humaniste - Soci\u00e9t\u00e9 d&#039;\u00c9tudes M\u00e9dio Et N\u00e9o-Latines","robots":{"index":"index","follow":"follow","max-snippet":"max-snippet:-1","max-image-preview":"max-image-preview:large","max-video-preview":"max-video-preview:-1"},"canonical":"https:\/\/www.semen-l.org\/?p=388","og_locale":"fr_FR","og_type":"article","og_title":"Conf\u00e9rences de m\u00e9trique latine humaniste - Soci\u00e9t\u00e9 d&#039;\u00c9tudes M\u00e9dio Et N\u00e9o-Latines","og_description":"Dans le cadre du s\u00e9minaire de Th\u00e9l\u00e8me (E.A. C\u00e9rilac), Jean-Louis Charlet, ancien pr\u00e9sident de l\u2019International Association for Neo-Latin Studies et professeur \u00e9m\u00e9rite \u00e0 l\u2019universit\u00e9 d\u2019Aix-Marseille, assurera un cycle de conf\u00e9rences sur la m\u00e9trique latine humaniste le jeudi de 14 \u00e0 &hellip; Continuer la lecture &rarr;","og_url":"https:\/\/www.semen-l.org\/?p=388","og_site_name":"Soci\u00e9t\u00e9 d&#039;\u00c9tudes M\u00e9dio Et N\u00e9o-Latines","article_publisher":"https:\/\/www.facebook.com\/SEMENL2018","article_published_time":"2016-11-29T12:00:18+00:00","article_modified_time":"2020-11-18T21:55:38+00:00","og_image":[{"width":800,"height":608,"url":"https:\/\/www.semen-l.org\/wp-content\/uploads\/2015\/03\/800px-The_Young_Cicero_Reading.jpg","type":"image\/jpeg"}],"author":"Claire","twitter_card":"summary_large_image","twitter_misc":{"\u00c9crit par":"Claire","Dur\u00e9e de lecture estim\u00e9e":"1 minute"},"schema":{"@context":"https:\/\/schema.org","@graph":[{"@type":"Article","@id":"https:\/\/www.semen-l.org\/?p=388#article","isPartOf":{"@id":"https:\/\/www.semen-l.org\/?p=388"},"author":{"name":"Claire","@id":"http:\/\/www.semen-l.org\/#\/schema\/person\/c1da10720736e30a9294dcce77355003"},"headline":"Conf\u00e9rences de m\u00e9trique latine humaniste","datePublished":"2016-11-29T12:00:18+00:00","dateModified":"2020-11-18T21:55:38+00:00","mainEntityOfPage":{"@id":"https:\/\/www.semen-l.org\/?p=388"},"wordCount":305,"commentCount":0,"publisher":{"@id":"http:\/\/www.semen-l.org\/#organization"},"image":{"@id":"https:\/\/www.semen-l.org\/?p=388#primaryimage"},"thumbnailUrl":"https:\/\/www.semen-l.org\/wp-content\/uploads\/2015\/03\/800px-The_Young_Cicero_Reading.jpg","keywords":["com\u00e9die","galliambe","genre (arts et lettres)","hexam\u00e8tre","Horace","m\u00e8tre","m\u00e9trique","P\u00e9trarque","po\u00e8me didactique","po\u00e9sie","po\u00e9sie lyrique","stylistique","trag\u00e9die","vers"],"articleSection":["Cours et s\u00e9minaires"],"inLanguage":"fr-FR","potentialAction":[{"@type":"CommentAction","name":"Comment","target":["https:\/\/www.semen-l.org\/?p=388#respond"]}]},{"@type":"WebPage","@id":"https:\/\/www.semen-l.org\/?p=388","url":"https:\/\/www.semen-l.org\/?p=388","name":"Conf\u00e9rences de m\u00e9trique latine humaniste - Soci\u00e9t\u00e9 d&#039;\u00c9tudes M\u00e9dio Et N\u00e9o-Latines","isPartOf":{"@id":"http:\/\/www.semen-l.org\/#website"},"primaryImageOfPage":{"@id":"https:\/\/www.semen-l.org\/?p=388#primaryimage"},"image":{"@id":"https:\/\/www.semen-l.org\/?p=388#primaryimage"},"thumbnailUrl":"https:\/\/www.semen-l.org\/wp-content\/uploads\/2015\/03\/800px-The_Young_Cicero_Reading.jpg","datePublished":"2016-11-29T12:00:18+00:00","dateModified":"2020-11-18T21:55:38+00:00","breadcrumb":{"@id":"https:\/\/www.semen-l.org\/?p=388#breadcrumb"},"inLanguage":"fr-FR","potentialAction":[{"@type":"ReadAction","target":["https:\/\/www.semen-l.org\/?p=388"]}]},{"@type":"ImageObject","inLanguage":"fr-FR","@id":"https:\/\/www.semen-l.org\/?p=388#primaryimage","url":"https:\/\/www.semen-l.org\/wp-content\/uploads\/2015\/03\/800px-The_Young_Cicero_Reading.jpg","contentUrl":"https:\/\/www.semen-l.org\/wp-content\/uploads\/2015\/03\/800px-The_Young_Cicero_Reading.jpg","width":800,"height":608},{"@type":"BreadcrumbList","@id":"https:\/\/www.semen-l.org\/?p=388#breadcrumb","itemListElement":[{"@type":"ListItem","position":1,"name":"Accueil","item":"http:\/\/www.semen-l.org\/"},{"@type":"ListItem","position":2,"name":"Conf\u00e9rences de m\u00e9trique latine humaniste"}]},{"@type":"WebSite","@id":"http:\/\/www.semen-l.org\/#website","url":"http:\/\/www.semen-l.org\/","name":"Soci\u00e9t\u00e9 d'\u00c9tudes M\u00e9dio Et N\u00e9o-Latines","description":"","publisher":{"@id":"http:\/\/www.semen-l.org\/#organization"},"potentialAction":[{"@type":"SearchAction","target":{"@type":"EntryPoint","urlTemplate":"http:\/\/www.semen-l.org\/?s={search_term_string}"},"query-input":{"@type":"PropertyValueSpecification","valueRequired":true,"valueName":"search_term_string"}}],"inLanguage":"fr-FR"},{"@type":"Organization","@id":"http:\/\/www.semen-l.org\/#organization","name":"Soci\u00e9t\u00e9 d'\u00e9tudes m\u00e9dio et n\u00e9o-latines","url":"http:\/\/www.semen-l.org\/","logo":{"@type":"ImageObject","inLanguage":"fr-FR","@id":"http:\/\/www.semen-l.org\/#\/schema\/logo\/image\/","url":"http:\/\/www.semen-l.org\/wp-content\/uploads\/2020\/11\/logo-semenl.jpg","contentUrl":"http:\/\/www.semen-l.org\/wp-content\/uploads\/2020\/11\/logo-semenl.jpg","width":408,"height":403,"caption":"Soci\u00e9t\u00e9 d'\u00e9tudes m\u00e9dio et n\u00e9o-latines"},"image":{"@id":"http:\/\/www.semen-l.org\/#\/schema\/logo\/image\/"},"sameAs":["https:\/\/www.facebook.com\/SEMENL2018","https:\/\/independent.academia.edu\/SocitsdtudesmdioetnolatinesSEMENL"]},{"@type":"Person","@id":"http:\/\/www.semen-l.org\/#\/schema\/person\/c1da10720736e30a9294dcce77355003","name":"Claire","image":{"@type":"ImageObject","inLanguage":"fr-FR","@id":"https:\/\/secure.gravatar.com\/avatar\/fb942a7c25d70507e1cb150869aba56fe90ac8bf729ffb876b9b80161bf79d4f?s=96&d=mm&r=g","url":"https:\/\/secure.gravatar.com\/avatar\/fb942a7c25d70507e1cb150869aba56fe90ac8bf729ffb876b9b80161bf79d4f?s=96&d=mm&r=g","contentUrl":"https:\/\/secure.gravatar.com\/avatar\/fb942a7c25d70507e1cb150869aba56fe90ac8bf729ffb876b9b80161bf79d4f?s=96&d=mm&r=g","caption":"Claire"},"url":"https:\/\/www.semen-l.org\/?author=7"}]}},"jetpack_featured_media_url":"https:\/\/www.semen-l.org\/wp-content\/uploads\/2015\/03\/800px-The_Young_Cicero_Reading.jpg","_links":{"self":[{"href":"https:\/\/www.semen-l.org\/index.php?rest_route=\/wp\/v2\/posts\/388","targetHints":{"allow":["GET"]}}],"collection":[{"href":"https:\/\/www.semen-l.org\/index.php?rest_route=\/wp\/v2\/posts"}],"about":[{"href":"https:\/\/www.semen-l.org\/index.php?rest_route=\/wp\/v2\/types\/post"}],"author":[{"embeddable":true,"href":"https:\/\/www.semen-l.org\/index.php?rest_route=\/wp\/v2\/users\/7"}],"replies":[{"embeddable":true,"href":"https:\/\/www.semen-l.org\/index.php?rest_route=%2Fwp%2Fv2%2Fcomments&post=388"}],"version-history":[{"count":0,"href":"https:\/\/www.semen-l.org\/index.php?rest_route=\/wp\/v2\/posts\/388\/revisions"}],"wp:featuredmedia":[{"embeddable":true,"href":"https:\/\/www.semen-l.org\/index.php?rest_route=\/wp\/v2\/media\/273"}],"wp:attachment":[{"href":"https:\/\/www.semen-l.org\/index.php?rest_route=%2Fwp%2Fv2%2Fmedia&parent=388"}],"wp:term":[{"taxonomy":"category","embeddable":true,"href":"https:\/\/www.semen-l.org\/index.php?rest_route=%2Fwp%2Fv2%2Fcategories&post=388"},{"taxonomy":"post_tag","embeddable":true,"href":"https:\/\/www.semen-l.org\/index.php?rest_route=%2Fwp%2Fv2%2Ftags&post=388"}],"curies":[{"name":"wp","href":"https:\/\/api.w.org\/{rel}","templated":true}]}}