{"id":3856,"date":"2025-01-18T21:28:41","date_gmt":"2025-01-18T21:28:41","guid":{"rendered":"https:\/\/www.semen-l.org\/?p=3856"},"modified":"2025-01-18T21:28:41","modified_gmt":"2025-01-18T21:28:41","slug":"lantiquite-selon-guillaume-bude-a-lecole-dun-humaniste-erudit","status":"publish","type":"post","link":"https:\/\/www.semen-l.org\/?p=3856","title":{"rendered":"L&rsquo;Antiquit\u00e9 selon Guillaume Bud\u00e9 &#8211; \u00c0 l&rsquo;\u00e9cole d&rsquo;un humaniste \u00e9rudit"},"content":{"rendered":"<p><a href=\"https:\/\/www.lesbelleslettres.com\/livre\/9782251456584\/l-antiquite-selon-guillaume-bude\"><img fetchpriority=\"high\" decoding=\"async\" class=\"alignright size-medium wp-image-3857\" src=\"http:\/\/www.semen-l.org\/wp-content\/uploads\/2025\/01\/bude-2025-couv-213x300.jpg\" alt=\"\" width=\"213\" height=\"300\" srcset=\"https:\/\/www.semen-l.org\/wp-content\/uploads\/2025\/01\/bude-2025-couv-213x300.jpg 213w, https:\/\/www.semen-l.org\/wp-content\/uploads\/2025\/01\/bude-2025-couv-728x1024.jpg 728w, https:\/\/www.semen-l.org\/wp-content\/uploads\/2025\/01\/bude-2025-couv-768x1080.jpg 768w, https:\/\/www.semen-l.org\/wp-content\/uploads\/2025\/01\/bude-2025-couv-1092x1536.jpg 1092w, https:\/\/www.semen-l.org\/wp-content\/uploads\/2025\/01\/bude-2025-couv-142x200.jpg 142w, https:\/\/www.semen-l.org\/wp-content\/uploads\/2025\/01\/bude-2025-couv.jpg 1200w\" sizes=\"(max-width: 213px) 100vw, 213px\" \/><\/a>Nous signalons la parution d&rsquo;un ouvrage de Romain Menini et Luigi-Alberto Sanchi, <em>L&rsquo;Antiquit\u00e9 selon Guillaume Bud\u00e9. \u00c0 l&rsquo;\u00e9cole d&rsquo;un humaniste \u00e9rudit<\/em>, le 15 janvier 2025, aux Belles Lettres dans la collection \u00ab\u00a0Essais\u00a0\u00bb.<\/p>\n<p><a href=\"https:\/\/www.lesbelleslettres.com\/livre\/9782251456584\/l-antiquite-selon-guillaume-bude\">Cliquez sur ce lien pour lire la pr\u00e9sentation sur le site de la maison d&rsquo;\u00e9dition : https:\/\/www.lesbelleslettres.com\/livre\/9782251456584\/l-antiquite-selon-guillaume-bude<\/a>.<\/p>\n<blockquote>\n<div id=\"description-content\">\n<p>Parmi les g\u00e9ants de son temps, Guillaume Bud\u00e9 tient une place \u00e0 part. Il est assur\u00e9ment le plus singulier des lettr\u00e9s fran\u00e7ais de la premi\u00e8re Renaissance. Contemporain d\u2019\u00c9rasme et de Thomas More, il posa comme nul autre avant lui \u2013 mais aussi apr\u00e8s lui, peut-\u00eatre \u2013 la question des humanit\u00e9s en France, ainsi que les bases d\u2019une r\u00e9flexion nationale en la mati\u00e8re. Parall\u00e8lement \u00e0 son r\u00f4le dans la politique culturelle du royaume, ses ouvrages montraient la voie encyclop\u00e9dique d\u2019\u00e9tudes qui n\u2019entendaient laisser de c\u00f4t\u00e9 aucun domaine de la connaissance antiquaire : philologie du Digeste, patristique, lexicologie du grec ancien, \u00e9rudition numismatique, histoire \u00e9conomique. Autant de domaines qui, de nos jours, n\u2019apparaissent plus gu\u00e8re dans un cursus de lettres classiques, voire d\u2019histoire ancienne. Or les recherches savantes auxquelles Bud\u00e9 s\u2019adonna tout au long de sa vie ne sauraient \u00eatre comprises, dans leur port\u00e9e et dans leur signification, qu\u2019en \u00e9tant replac\u00e9es dans le contexte qui fut le leur. Sans cet effort historique \u2013 lequel \u00e9tait d\u00e9j\u00e0 au fondement de la d\u00e9marche m\u00eame de Bud\u00e9 face \u00e0 l\u2019Antiquit\u00e9 \u2013, nous risquons de nous heurter \u00e0 un monde incompr\u00e9hensible. Ainsi sonnait d\u00e9j\u00e0 la le\u00e7on des \u00e9crivains de la \u00ab Renaissance \u00bb : c\u2019est en tentant de comprendre de l\u2019int\u00e9rieur les civilisations r\u00e9volues, dans toute la diversit\u00e9 de leurs pr\u00e9occupations \u2013 et quitte \u00e0 mesurer ce qui nous en s\u00e9pare \u2013, que nous en pourrons tirer les enseignements les plus utiles \u00e0 notre temps.<\/p>\n<\/div>\n<\/blockquote>\n<div id=\"description-content\">\n<p><strong>TABLE DES MATIERES<\/strong><\/p>\n<p><strong>Avant-propos<br \/>\nQui \u00e9tait Guillaume Bud\u00e9 ?<\/strong><br \/>\nBud\u00e9, g\u00e9ant h\u00e9ro\u00efque des lettres fran\u00e7aises<br \/>\nQuelques \u00e9l\u00e9ments de biographie<\/p>\n<p><strong>Saisir Prot\u00e9e : contours de l\u2019encyclop\u00e9die bud\u00e9enne<\/strong><br \/>\n<strong>Au filtre de la mani\u00e8re bud\u00e9enne<\/strong><br \/>\nUne \u00e9rudition de grand style<br \/>\nL\u2019invention d\u2019un nouveau genre d\u2019\u00e9criture<br \/>\nInventer l\u2019\u00ab encyclop\u00e9die \u00bb : cercle et p\u00e9riphrases<br \/>\nSaisir Prot\u00e9e : inattingible, l\u2019Antiquit\u00e9 ?<br \/>\nQuel \u00ab discours de la m\u00e9thode \u00bb ?<br \/>\n<strong>Une p\u00e9riodisation d\u2019humaniste<\/strong><br \/>\nLe premier mill\u00e9naire avant notre \u00e8re : convergence des histoires sainte et classique<br \/>\nDe l\u2019Antiquit\u00e9 classique \u00e0 la fin de la civilisation antique<br \/>\n<strong>Trois massifs philologiques<\/strong><br \/>\nAnnotationes in Pandectas<br \/>\nDe Asse<br \/>\nCommentarii lingu\u00e6 gr\u00e6c\u00e6<br \/>\n<strong>Dans l\u2019atelier de l\u2019humaniste : Bud\u00e9 parmi ses livres<\/strong><br \/>\nBud\u00e9 correcteur de lui-m\u00eame<br \/>\nNotes, fiches et carnets<br \/>\nLivres annot\u00e9s<br \/>\nLa biblioth\u00e8que de Bud\u00e9<br \/>\nUn exemple : D\u00e9mosth\u00e8ne manuscrit et imprim\u00e9<br \/>\nLes nouveaut\u00e9s de la librairie aldine<br \/>\nLivres pr\u00eat\u00e9s, livres emprunt\u00e9s : le r\u00e9seau bud\u00e9en<\/p>\n<p><strong>Le philologue au travail : chemins de la recherche \u00e9rudite<\/p>\n<p>Droit romain, morale et anthropologie<\/strong><br \/>\nLe droit chez les \u00e9l\u00e9phants et les b\u00eates sauvages<br \/>\nL\u2019\u00e9pineuse question de l\u2019\u00e9quit\u00e9<br \/>\n<strong>Des centumvirs \u00e0 la Vulgate : Bud\u00e9 et la Bible<br \/>\nDe l\u2019ent\u00e9l\u00e9chie (Aristote) \u00e0 la loi d\u2019Adrast\u00e9e (Platon)<\/strong><br \/>\nUn point de d\u00e9part : la doxographie du pseudo-Plutarque<br \/>\nLe De Asse et la \u03c8\u03c5\u03c7\u03ae selon Aristote et Cic\u00e9ron<br \/>\nCic\u00e9ron et Politien au pilori<br \/>\nLe corpus aristot\u00e9licien et ses commentateurs<br \/>\nPlaton, inadmissible pa\u00efen ou sage pr\u00e9chr\u00e9tien ?<br \/>\nLa loi Adrastia<br \/>\nFortune, hasard, n\u00e9cessit\u00e9, libert\u00e9<br \/>\nPhilosophie e(s)t \u00c9loquence<br \/>\n<strong>La fabuleuse histoire du million de sesterces<\/strong><br \/>\nEn premier lieu, constater le probl\u00e8me et son \u00e9tendue<br \/>\nEnsuite, \u00e9chafauder la d\u00e9monstration r\u00e9solutive<br \/>\nEnfin, montrer les avantages scientifiques de la solution obtenue<br \/>\nDeux ouvrages pour deux publics<br \/>\n<strong>D\u00e9fense et illustration de la langue grecque<\/strong><br \/>\nUne constante : l\u2019apologie pour une \u00ab langue g\u00e9niale \u00bb<br \/>\nSuite du pan\u00e9gyrique\u2026 en fran\u00e7ais<br \/>\nLe lexique grec, corne d\u2019abondance<br \/>\nL\u2019\u00e9tude du grec, rempart n\u00e9cessaire contre le purisme<br \/>\nDithyrambe pour Philoponie<br \/>\n<strong>L\u2019asc\u00e8se et l\u2019ex\u00e9g\u00e8se : Bud\u00e9 lecteur des P\u00e8res grecs<\/strong><br \/>\nLes P\u00e8res cappadociens, figures tut\u00e9laires<br \/>\nVie solitaire, sodalit\u00e9s spirituelles<br \/>\nAsc\u00e8se de la philologie, philologie de l\u2019asc\u00e8se<br \/>\n\u00ab Denys le Grand \u00bb : le rayonnement et l\u2019\u00e9nigme<br \/>\nSur la foi de l\u2019apocryphe : le sublime du pseudo-Denys<\/p>\n<p><strong>Guillaume Bud\u00e9, b\u00e2tisseur de la modernit\u00e9 fran\u00e7aise<\/p>\n<p>Bud\u00e9 en son temps, Bud\u00e9 pour notre temps<\/strong><br \/>\nDu \u00ab tonneau \u00bb de Diog\u00e8ne\u2026.<br \/>\n\u2026 \u00e0 l\u2019Hercule gaulois<br \/>\nLe Gymnase de Marseille, puis le Coll\u00e8ge de France<br \/>\nUne nouvelle \u00e9cole fran\u00e7aise d\u2019\u00e9rudition<br \/>\nUn h\u00e9ritage aux contours extensibles<br \/>\nL\u2019inventeur de la monographie savante ?<\/p>\n<p>Ouverture : L\u2019Antiquit\u00e9 selon Bud\u00e9 est-elle l\u2019avenir des \u00e9tudes anciennes ?<br \/>\nNotes<br \/>\nAper\u00e7u de la biblioth\u00e8que de Guillaume Bud\u00e9<br \/>\nTableau chronologique des \u0153uvres de Guillaume Bud\u00e9<br \/>\nBibliographie<br \/>\n<em>Index nominum<\/em><\/p>\n<\/div>\n<blockquote>\n<div class=\"flip_book\"><\/div>\n<\/blockquote>\n","protected":false},"excerpt":{"rendered":"<p>Nous signalons la parution d&rsquo;un ouvrage de Romain Menini et Luigi-Alberto Sanchi, L&rsquo;Antiquit\u00e9 selon Guillaume Bud\u00e9. \u00c0 l&rsquo;\u00e9cole d&rsquo;un humaniste \u00e9rudit, le 15 janvier 2025, aux Belles Lettres dans la collection \u00ab\u00a0Essais\u00a0\u00bb. Cliquez sur ce lien pour lire la pr\u00e9sentation &hellip; <a href=\"https:\/\/www.semen-l.org\/?p=3856\">Continuer la lecture <span class=\"meta-nav\">&rarr;<\/span><\/a><\/p>\n","protected":false},"author":26,"featured_media":3857,"comment_status":"open","ping_status":"open","sticky":false,"template":"","format":"standard","meta":{"footnotes":""},"categories":[7],"tags":[298,1642,1047,2148,302,1960,1346,207,1586,91,83,2438,81,2430,90,1057,2428,2433,823,2061,137,2432,1168,29,2434,1425,2435,1187,144,2427,2437,2069,1173,2030,2436,1448,1962,1503,2429,692,30,418,27,2410,2431],"class_list":["post-3856","post","type-post","status-publish","format-standard","has-post-thumbnail","hentry","category-publications","tag-ame","tag-annotationes-in-pandectas","tag-anthropologie","tag-antiquarisme","tag-aristote","tag-ascese","tag-bible","tag-bibliotheque","tag-biographie","tag-guillaume-bude","tag-ciceron","tag-college-de-france","tag-commentaire","tag-commentarii-linguae-graecae-guillaume-bude","tag-de-asse","tag-demosthene","tag-digeste","tag-doxographie","tag-droit","tag-economie","tag-encyclopedie","tag-entelechie","tag-erudition","tag-exegese","tag-fortune","tag-grec-ancien","tag-hasard","tag-histoire","tag-humanisme","tag-lexicologie","tag-liberte","tag-librairie","tag-methode","tag-morale","tag-necessite","tag-paganisme","tag-patristique","tag-peres-de-leglise","tag-periphrase","tag-philologie","tag-ange-politien","tag-politique","tag-science","tag-sublime","tag-vulgate"],"yoast_head":"<!-- This site is optimized with the Yoast SEO plugin v27.4 - https:\/\/yoast.com\/product\/yoast-seo-wordpress\/ -->\n<title>L&#039;Antiquit\u00e9 selon Guillaume Bud\u00e9 - \u00c0 l&#039;\u00e9cole d&#039;un humaniste \u00e9rudit - Soci\u00e9t\u00e9 d&#039;\u00c9tudes M\u00e9dio Et N\u00e9o-Latines<\/title>\n<meta name=\"description\" content=\"Pr\u00e9sentation d&#039;un nouveau livre de Romain Menini et Luigi-Alberto Sanchi portant sur les liens entre Guillaume Bud\u00e9 et l&#039;Antiquit\u00e9.\" \/>\n<meta name=\"robots\" content=\"index, follow, max-snippet:-1, max-image-preview:large, max-video-preview:-1\" \/>\n<link rel=\"canonical\" href=\"http:\/\/www.semen-l.org\/?p=3856\" \/>\n<meta property=\"og:locale\" content=\"fr_FR\" \/>\n<meta property=\"og:type\" content=\"article\" \/>\n<meta property=\"og:title\" content=\"L&#039;Antiquit\u00e9 selon Guillaume Bud\u00e9 - \u00c0 l&#039;\u00e9cole d&#039;un humaniste \u00e9rudit - Soci\u00e9t\u00e9 d&#039;\u00c9tudes M\u00e9dio Et N\u00e9o-Latines\" \/>\n<meta property=\"og:description\" content=\"Pr\u00e9sentation d&#039;un nouveau livre de Romain Menini et Luigi-Alberto Sanchi portant sur les liens entre Guillaume Bud\u00e9 et l&#039;Antiquit\u00e9.\" \/>\n<meta property=\"og:url\" content=\"http:\/\/www.semen-l.org\/?p=3856\" \/>\n<meta property=\"og:site_name\" content=\"Soci\u00e9t\u00e9 d&#039;\u00c9tudes M\u00e9dio Et N\u00e9o-Latines\" \/>\n<meta property=\"article:publisher\" content=\"https:\/\/www.facebook.com\/SEMENL2018\" \/>\n<meta property=\"article:published_time\" content=\"2025-01-18T21:28:41+00:00\" \/>\n<meta property=\"og:image\" content=\"http:\/\/www.semen-l.org\/wp-content\/uploads\/2025\/01\/bude-2025-couv.jpg\" \/>\n\t<meta property=\"og:image:width\" content=\"1200\" \/>\n\t<meta property=\"og:image:height\" content=\"1688\" \/>\n\t<meta property=\"og:image:type\" content=\"image\/jpeg\" \/>\n<meta name=\"author\" content=\"Julien Maudoux\" \/>\n<meta name=\"twitter:card\" content=\"summary_large_image\" \/>\n<meta name=\"twitter:label1\" content=\"\u00c9crit par\" \/>\n\t<meta name=\"twitter:data1\" content=\"Julien Maudoux\" \/>\n\t<meta name=\"twitter:label2\" content=\"Dur\u00e9e de lecture estim\u00e9e\" \/>\n\t<meta name=\"twitter:data2\" content=\"3 minutes\" \/>\n<script type=\"application\/ld+json\" class=\"yoast-schema-graph\">{\"@context\":\"https:\\\/\\\/schema.org\",\"@graph\":[{\"@type\":\"Article\",\"@id\":\"http:\\\/\\\/www.semen-l.org\\\/?p=3856#article\",\"isPartOf\":{\"@id\":\"http:\\\/\\\/www.semen-l.org\\\/?p=3856\"},\"author\":{\"name\":\"Julien Maudoux\",\"@id\":\"http:\\\/\\\/www.semen-l.org\\\/#\\\/schema\\\/person\\\/ef5208815f17666727763c5363a51344\"},\"headline\":\"L&rsquo;Antiquit\u00e9 selon Guillaume Bud\u00e9 &#8211; \u00c0 l&rsquo;\u00e9cole d&rsquo;un humaniste \u00e9rudit\",\"datePublished\":\"2025-01-18T21:28:41+00:00\",\"mainEntityOfPage\":{\"@id\":\"http:\\\/\\\/www.semen-l.org\\\/?p=3856\"},\"wordCount\":822,\"commentCount\":0,\"publisher\":{\"@id\":\"http:\\\/\\\/www.semen-l.org\\\/#organization\"},\"image\":{\"@id\":\"http:\\\/\\\/www.semen-l.org\\\/?p=3856#primaryimage\"},\"thumbnailUrl\":\"https:\\\/\\\/www.semen-l.org\\\/wp-content\\\/uploads\\\/2025\\\/01\\\/bude-2025-couv.jpg\",\"keywords\":[\"\u00e2me\",\"Annotationes in Pandectas (Guillaume Bud\u00e9)\",\"anthropologie\",\"antiquarisme\",\"Aristote\",\"asc\u00e8se\",\"Bible\",\"biblioth\u00e8que\",\"biographie\",\"Bud\u00e9 (Guillaume)\",\"Cic\u00e9ron\",\"Coll\u00e8ge de France\",\"commentaire\",\"Commentarii linguae graecae (Guillaume Bud\u00e9)\",\"De Asse (Guillaume Bud\u00e9)\",\"D\u00e9mosth\u00e8ne\",\"Digeste\",\"doxographie\",\"droit\",\"\u00e9conomie\",\"encyclop\u00e9die\",\"ent\u00e9l\u00e9chie\",\"\u00e9rudition\",\"exeg\u00e8se\",\"fortune\",\"grec ancien\",\"hasard\",\"histoire\",\"humanisme\",\"lexicologie\",\"libert\u00e9\",\"librairie\",\"m\u00e9thode\",\"morale\",\"n\u00e9cessit\u00e9\",\"paganisme\",\"patristique\",\"p\u00e8res de l'\u00c9glise\",\"p\u00e9riphrase\",\"philologie\",\"Politien (Ange)\",\"politique\",\"science\",\"sublime\",\"Vulgate\"],\"articleSection\":[\"Publications\"],\"inLanguage\":\"fr-FR\",\"potentialAction\":[{\"@type\":\"CommentAction\",\"name\":\"Comment\",\"target\":[\"http:\\\/\\\/www.semen-l.org\\\/?p=3856#respond\"]}]},{\"@type\":\"WebPage\",\"@id\":\"http:\\\/\\\/www.semen-l.org\\\/?p=3856\",\"url\":\"http:\\\/\\\/www.semen-l.org\\\/?p=3856\",\"name\":\"L'Antiquit\u00e9 selon Guillaume Bud\u00e9 - \u00c0 l'\u00e9cole d'un humaniste \u00e9rudit - Soci\u00e9t\u00e9 d&#039;\u00c9tudes M\u00e9dio Et N\u00e9o-Latines\",\"isPartOf\":{\"@id\":\"http:\\\/\\\/www.semen-l.org\\\/#website\"},\"primaryImageOfPage\":{\"@id\":\"http:\\\/\\\/www.semen-l.org\\\/?p=3856#primaryimage\"},\"image\":{\"@id\":\"http:\\\/\\\/www.semen-l.org\\\/?p=3856#primaryimage\"},\"thumbnailUrl\":\"https:\\\/\\\/www.semen-l.org\\\/wp-content\\\/uploads\\\/2025\\\/01\\\/bude-2025-couv.jpg\",\"datePublished\":\"2025-01-18T21:28:41+00:00\",\"description\":\"Pr\u00e9sentation d'un nouveau livre de Romain Menini et Luigi-Alberto Sanchi portant sur les liens entre Guillaume Bud\u00e9 et l'Antiquit\u00e9.\",\"breadcrumb\":{\"@id\":\"http:\\\/\\\/www.semen-l.org\\\/?p=3856#breadcrumb\"},\"inLanguage\":\"fr-FR\",\"potentialAction\":[{\"@type\":\"ReadAction\",\"target\":[\"http:\\\/\\\/www.semen-l.org\\\/?p=3856\"]}]},{\"@type\":\"ImageObject\",\"inLanguage\":\"fr-FR\",\"@id\":\"http:\\\/\\\/www.semen-l.org\\\/?p=3856#primaryimage\",\"url\":\"https:\\\/\\\/www.semen-l.org\\\/wp-content\\\/uploads\\\/2025\\\/01\\\/bude-2025-couv.jpg\",\"contentUrl\":\"https:\\\/\\\/www.semen-l.org\\\/wp-content\\\/uploads\\\/2025\\\/01\\\/bude-2025-couv.jpg\",\"width\":1200,\"height\":1688},{\"@type\":\"BreadcrumbList\",\"@id\":\"http:\\\/\\\/www.semen-l.org\\\/?p=3856#breadcrumb\",\"itemListElement\":[{\"@type\":\"ListItem\",\"position\":1,\"name\":\"Accueil\",\"item\":\"http:\\\/\\\/www.semen-l.org\\\/\"},{\"@type\":\"ListItem\",\"position\":2,\"name\":\"L&rsquo;Antiquit\u00e9 selon Guillaume Bud\u00e9 &#8211; \u00c0 l&rsquo;\u00e9cole d&rsquo;un humaniste \u00e9rudit\"}]},{\"@type\":\"WebSite\",\"@id\":\"http:\\\/\\\/www.semen-l.org\\\/#website\",\"url\":\"http:\\\/\\\/www.semen-l.org\\\/\",\"name\":\"Soci\u00e9t\u00e9 d'\u00c9tudes M\u00e9dio Et N\u00e9o-Latines\",\"description\":\"\",\"publisher\":{\"@id\":\"http:\\\/\\\/www.semen-l.org\\\/#organization\"},\"potentialAction\":[{\"@type\":\"SearchAction\",\"target\":{\"@type\":\"EntryPoint\",\"urlTemplate\":\"http:\\\/\\\/www.semen-l.org\\\/?s={search_term_string}\"},\"query-input\":{\"@type\":\"PropertyValueSpecification\",\"valueRequired\":true,\"valueName\":\"search_term_string\"}}],\"inLanguage\":\"fr-FR\"},{\"@type\":\"Organization\",\"@id\":\"http:\\\/\\\/www.semen-l.org\\\/#organization\",\"name\":\"Soci\u00e9t\u00e9 d'\u00e9tudes m\u00e9dio et n\u00e9o-latines\",\"url\":\"http:\\\/\\\/www.semen-l.org\\\/\",\"logo\":{\"@type\":\"ImageObject\",\"inLanguage\":\"fr-FR\",\"@id\":\"http:\\\/\\\/www.semen-l.org\\\/#\\\/schema\\\/logo\\\/image\\\/\",\"url\":\"http:\\\/\\\/www.semen-l.org\\\/wp-content\\\/uploads\\\/2020\\\/11\\\/logo-semenl.jpg\",\"contentUrl\":\"http:\\\/\\\/www.semen-l.org\\\/wp-content\\\/uploads\\\/2020\\\/11\\\/logo-semenl.jpg\",\"width\":408,\"height\":403,\"caption\":\"Soci\u00e9t\u00e9 d'\u00e9tudes m\u00e9dio et n\u00e9o-latines\"},\"image\":{\"@id\":\"http:\\\/\\\/www.semen-l.org\\\/#\\\/schema\\\/logo\\\/image\\\/\"},\"sameAs\":[\"https:\\\/\\\/www.facebook.com\\\/SEMENL2018\",\"https:\\\/\\\/independent.academia.edu\\\/SocitsdtudesmdioetnolatinesSEMENL\"]},{\"@type\":\"Person\",\"@id\":\"http:\\\/\\\/www.semen-l.org\\\/#\\\/schema\\\/person\\\/ef5208815f17666727763c5363a51344\",\"name\":\"Julien Maudoux\",\"image\":{\"@type\":\"ImageObject\",\"inLanguage\":\"fr-FR\",\"@id\":\"https:\\\/\\\/secure.gravatar.com\\\/avatar\\\/caabf4fb6242e2277733cd35a5c2aa083761ea25dae1d1ff3298b54292225292?s=96&d=mm&r=g\",\"url\":\"https:\\\/\\\/secure.gravatar.com\\\/avatar\\\/caabf4fb6242e2277733cd35a5c2aa083761ea25dae1d1ff3298b54292225292?s=96&d=mm&r=g\",\"contentUrl\":\"https:\\\/\\\/secure.gravatar.com\\\/avatar\\\/caabf4fb6242e2277733cd35a5c2aa083761ea25dae1d1ff3298b54292225292?s=96&d=mm&r=g\",\"caption\":\"Julien Maudoux\"},\"description\":\"Webmestre du site de la SEMEN-L\",\"url\":\"https:\\\/\\\/www.semen-l.org\\\/?author=26\"}]}<\/script>\n<!-- \/ Yoast SEO plugin. -->","yoast_head_json":{"title":"L'Antiquit\u00e9 selon Guillaume Bud\u00e9 - \u00c0 l'\u00e9cole d'un humaniste \u00e9rudit - Soci\u00e9t\u00e9 d&#039;\u00c9tudes M\u00e9dio Et N\u00e9o-Latines","description":"Pr\u00e9sentation d'un nouveau livre de Romain Menini et Luigi-Alberto Sanchi portant sur les liens entre Guillaume Bud\u00e9 et l'Antiquit\u00e9.","robots":{"index":"index","follow":"follow","max-snippet":"max-snippet:-1","max-image-preview":"max-image-preview:large","max-video-preview":"max-video-preview:-1"},"canonical":"http:\/\/www.semen-l.org\/?p=3856","og_locale":"fr_FR","og_type":"article","og_title":"L'Antiquit\u00e9 selon Guillaume Bud\u00e9 - \u00c0 l'\u00e9cole d'un humaniste \u00e9rudit - Soci\u00e9t\u00e9 d&#039;\u00c9tudes M\u00e9dio Et N\u00e9o-Latines","og_description":"Pr\u00e9sentation d'un nouveau livre de Romain Menini et Luigi-Alberto Sanchi portant sur les liens entre Guillaume Bud\u00e9 et l'Antiquit\u00e9.","og_url":"http:\/\/www.semen-l.org\/?p=3856","og_site_name":"Soci\u00e9t\u00e9 d&#039;\u00c9tudes M\u00e9dio Et N\u00e9o-Latines","article_publisher":"https:\/\/www.facebook.com\/SEMENL2018","article_published_time":"2025-01-18T21:28:41+00:00","og_image":[{"width":1200,"height":1688,"url":"http:\/\/www.semen-l.org\/wp-content\/uploads\/2025\/01\/bude-2025-couv.jpg","type":"image\/jpeg"}],"author":"Julien Maudoux","twitter_card":"summary_large_image","twitter_misc":{"\u00c9crit par":"Julien Maudoux","Dur\u00e9e de lecture estim\u00e9e":"3 minutes"},"schema":{"@context":"https:\/\/schema.org","@graph":[{"@type":"Article","@id":"http:\/\/www.semen-l.org\/?p=3856#article","isPartOf":{"@id":"http:\/\/www.semen-l.org\/?p=3856"},"author":{"name":"Julien Maudoux","@id":"http:\/\/www.semen-l.org\/#\/schema\/person\/ef5208815f17666727763c5363a51344"},"headline":"L&rsquo;Antiquit\u00e9 selon Guillaume Bud\u00e9 &#8211; \u00c0 l&rsquo;\u00e9cole d&rsquo;un humaniste \u00e9rudit","datePublished":"2025-01-18T21:28:41+00:00","mainEntityOfPage":{"@id":"http:\/\/www.semen-l.org\/?p=3856"},"wordCount":822,"commentCount":0,"publisher":{"@id":"http:\/\/www.semen-l.org\/#organization"},"image":{"@id":"http:\/\/www.semen-l.org\/?p=3856#primaryimage"},"thumbnailUrl":"https:\/\/www.semen-l.org\/wp-content\/uploads\/2025\/01\/bude-2025-couv.jpg","keywords":["\u00e2me","Annotationes in Pandectas (Guillaume Bud\u00e9)","anthropologie","antiquarisme","Aristote","asc\u00e8se","Bible","biblioth\u00e8que","biographie","Bud\u00e9 (Guillaume)","Cic\u00e9ron","Coll\u00e8ge de France","commentaire","Commentarii linguae graecae (Guillaume Bud\u00e9)","De Asse (Guillaume Bud\u00e9)","D\u00e9mosth\u00e8ne","Digeste","doxographie","droit","\u00e9conomie","encyclop\u00e9die","ent\u00e9l\u00e9chie","\u00e9rudition","exeg\u00e8se","fortune","grec ancien","hasard","histoire","humanisme","lexicologie","libert\u00e9","librairie","m\u00e9thode","morale","n\u00e9cessit\u00e9","paganisme","patristique","p\u00e8res de l'\u00c9glise","p\u00e9riphrase","philologie","Politien (Ange)","politique","science","sublime","Vulgate"],"articleSection":["Publications"],"inLanguage":"fr-FR","potentialAction":[{"@type":"CommentAction","name":"Comment","target":["http:\/\/www.semen-l.org\/?p=3856#respond"]}]},{"@type":"WebPage","@id":"http:\/\/www.semen-l.org\/?p=3856","url":"http:\/\/www.semen-l.org\/?p=3856","name":"L'Antiquit\u00e9 selon Guillaume Bud\u00e9 - \u00c0 l'\u00e9cole d'un humaniste \u00e9rudit - Soci\u00e9t\u00e9 d&#039;\u00c9tudes M\u00e9dio Et N\u00e9o-Latines","isPartOf":{"@id":"http:\/\/www.semen-l.org\/#website"},"primaryImageOfPage":{"@id":"http:\/\/www.semen-l.org\/?p=3856#primaryimage"},"image":{"@id":"http:\/\/www.semen-l.org\/?p=3856#primaryimage"},"thumbnailUrl":"https:\/\/www.semen-l.org\/wp-content\/uploads\/2025\/01\/bude-2025-couv.jpg","datePublished":"2025-01-18T21:28:41+00:00","description":"Pr\u00e9sentation d'un nouveau livre de Romain Menini et Luigi-Alberto Sanchi portant sur les liens entre Guillaume Bud\u00e9 et l'Antiquit\u00e9.","breadcrumb":{"@id":"http:\/\/www.semen-l.org\/?p=3856#breadcrumb"},"inLanguage":"fr-FR","potentialAction":[{"@type":"ReadAction","target":["http:\/\/www.semen-l.org\/?p=3856"]}]},{"@type":"ImageObject","inLanguage":"fr-FR","@id":"http:\/\/www.semen-l.org\/?p=3856#primaryimage","url":"https:\/\/www.semen-l.org\/wp-content\/uploads\/2025\/01\/bude-2025-couv.jpg","contentUrl":"https:\/\/www.semen-l.org\/wp-content\/uploads\/2025\/01\/bude-2025-couv.jpg","width":1200,"height":1688},{"@type":"BreadcrumbList","@id":"http:\/\/www.semen-l.org\/?p=3856#breadcrumb","itemListElement":[{"@type":"ListItem","position":1,"name":"Accueil","item":"http:\/\/www.semen-l.org\/"},{"@type":"ListItem","position":2,"name":"L&rsquo;Antiquit\u00e9 selon Guillaume Bud\u00e9 &#8211; \u00c0 l&rsquo;\u00e9cole d&rsquo;un humaniste \u00e9rudit"}]},{"@type":"WebSite","@id":"http:\/\/www.semen-l.org\/#website","url":"http:\/\/www.semen-l.org\/","name":"Soci\u00e9t\u00e9 d'\u00c9tudes M\u00e9dio Et N\u00e9o-Latines","description":"","publisher":{"@id":"http:\/\/www.semen-l.org\/#organization"},"potentialAction":[{"@type":"SearchAction","target":{"@type":"EntryPoint","urlTemplate":"http:\/\/www.semen-l.org\/?s={search_term_string}"},"query-input":{"@type":"PropertyValueSpecification","valueRequired":true,"valueName":"search_term_string"}}],"inLanguage":"fr-FR"},{"@type":"Organization","@id":"http:\/\/www.semen-l.org\/#organization","name":"Soci\u00e9t\u00e9 d'\u00e9tudes m\u00e9dio et n\u00e9o-latines","url":"http:\/\/www.semen-l.org\/","logo":{"@type":"ImageObject","inLanguage":"fr-FR","@id":"http:\/\/www.semen-l.org\/#\/schema\/logo\/image\/","url":"http:\/\/www.semen-l.org\/wp-content\/uploads\/2020\/11\/logo-semenl.jpg","contentUrl":"http:\/\/www.semen-l.org\/wp-content\/uploads\/2020\/11\/logo-semenl.jpg","width":408,"height":403,"caption":"Soci\u00e9t\u00e9 d'\u00e9tudes m\u00e9dio et n\u00e9o-latines"},"image":{"@id":"http:\/\/www.semen-l.org\/#\/schema\/logo\/image\/"},"sameAs":["https:\/\/www.facebook.com\/SEMENL2018","https:\/\/independent.academia.edu\/SocitsdtudesmdioetnolatinesSEMENL"]},{"@type":"Person","@id":"http:\/\/www.semen-l.org\/#\/schema\/person\/ef5208815f17666727763c5363a51344","name":"Julien Maudoux","image":{"@type":"ImageObject","inLanguage":"fr-FR","@id":"https:\/\/secure.gravatar.com\/avatar\/caabf4fb6242e2277733cd35a5c2aa083761ea25dae1d1ff3298b54292225292?s=96&d=mm&r=g","url":"https:\/\/secure.gravatar.com\/avatar\/caabf4fb6242e2277733cd35a5c2aa083761ea25dae1d1ff3298b54292225292?s=96&d=mm&r=g","contentUrl":"https:\/\/secure.gravatar.com\/avatar\/caabf4fb6242e2277733cd35a5c2aa083761ea25dae1d1ff3298b54292225292?s=96&d=mm&r=g","caption":"Julien Maudoux"},"description":"Webmestre du site de la SEMEN-L","url":"https:\/\/www.semen-l.org\/?author=26"}]}},"jetpack_featured_media_url":"https:\/\/www.semen-l.org\/wp-content\/uploads\/2025\/01\/bude-2025-couv.jpg","_links":{"self":[{"href":"https:\/\/www.semen-l.org\/index.php?rest_route=\/wp\/v2\/posts\/3856","targetHints":{"allow":["GET"]}}],"collection":[{"href":"https:\/\/www.semen-l.org\/index.php?rest_route=\/wp\/v2\/posts"}],"about":[{"href":"https:\/\/www.semen-l.org\/index.php?rest_route=\/wp\/v2\/types\/post"}],"author":[{"embeddable":true,"href":"https:\/\/www.semen-l.org\/index.php?rest_route=\/wp\/v2\/users\/26"}],"replies":[{"embeddable":true,"href":"https:\/\/www.semen-l.org\/index.php?rest_route=%2Fwp%2Fv2%2Fcomments&post=3856"}],"version-history":[{"count":0,"href":"https:\/\/www.semen-l.org\/index.php?rest_route=\/wp\/v2\/posts\/3856\/revisions"}],"wp:featuredmedia":[{"embeddable":true,"href":"https:\/\/www.semen-l.org\/index.php?rest_route=\/wp\/v2\/media\/3857"}],"wp:attachment":[{"href":"https:\/\/www.semen-l.org\/index.php?rest_route=%2Fwp%2Fv2%2Fmedia&parent=3856"}],"wp:term":[{"taxonomy":"category","embeddable":true,"href":"https:\/\/www.semen-l.org\/index.php?rest_route=%2Fwp%2Fv2%2Fcategories&post=3856"},{"taxonomy":"post_tag","embeddable":true,"href":"https:\/\/www.semen-l.org\/index.php?rest_route=%2Fwp%2Fv2%2Ftags&post=3856"}],"curies":[{"name":"wp","href":"https:\/\/api.w.org\/{rel}","templated":true}]}}