{"id":3807,"date":"2000-07-12T11:04:02","date_gmt":"2000-07-12T11:04:02","guid":{"rendered":"https:\/\/www.semen-l.org\/?p=3807"},"modified":"2025-01-14T21:55:05","modified_gmt":"2025-01-14T21:55:05","slug":"bulletin-sfenl-n-3-2000","status":"publish","type":"post","link":"https:\/\/www.semen-l.org\/?p=3807","title":{"rendered":"Bulletin SFENL n\u00b0 3 : 2000"},"content":{"rendered":"<p>Vous trouverez ci-dessous le bulletin n\u00b03 de la SFENL, pr\u00e9sentant les activit\u00e9s de l&rsquo;association en 2000, la bibliographie des parutions en n\u00e9o-latin, les colloques, s\u00e9minaires, cours et congr\u00e8s de l&rsquo;ann\u00e9e.<\/p>\n<a href=\"https:\/\/www.semen-l.org\/wp-content\/uploads\/2021\/02\/Bulletin-n\u00b03_2000.pdf\" class=\"pdfemb-viewer\" style=\"\" data-width=\"max\" data-height=\"max\" data-toolbar=\"both\" data-toolbar-fixed=\"off\">Bulletin n\u00b03 SFENL 2000<\/a>\n<p><a href=\"http:\/\/www.semen-l.org\/wp-content\/uploads\/2021\/02\/Bulletin-n\u00b03_2000.pdf\">Lien de t\u00e9l\u00e9chargement : http:\/\/www.semen-l.org\/wp-content\/uploads\/2021\/02\/Bulletin-n\u00b03_2000.pdf<\/a><\/p>\n","protected":false},"excerpt":{"rendered":"<p>Vous trouverez ci-dessous le bulletin n\u00b03 de la SFENL, pr\u00e9sentant les activit\u00e9s de l&rsquo;association en 2000, la bibliographie des parutions en n\u00e9o-latin, les colloques, s\u00e9minaires, cours et congr\u00e8s de l&rsquo;ann\u00e9e. Lien de t\u00e9l\u00e9chargement : http:\/\/www.semen-l.org\/wp-content\/uploads\/2021\/02\/Bulletin-n\u00b03_2000.pdf<\/p>\n","protected":false},"author":26,"featured_media":0,"comment_status":"open","ping_status":"open","sticky":false,"template":"","format":"standard","meta":{"footnotes":""},"categories":[3],"tags":[2339,38,2353,213,750,2386,302,2130,92,2340,343,2091,2216,337,1441,91,715,2343,2374,1097,2363,1862,778,72,2352,248,1952,1601,2346,2345,1830,752,2344,2356,2335,2355,2381,1715,2366,270,2102,2337,2358,1265,31,503,2342,2362,2364,2354,2365,2349,2347,1842,2370,144,2361,348,2376,2377,2384,824,2350,2336,2368,244,2385,2379,2369,2338,751,749,1156,838,2351,93,2359,1048,889,2360,1295,2371,2334,2080,2375,692,2373,172,418,1996,78,190,2357,2378,532,43,2348,2341,1950,777,879,104,2380,2383,2367,2372,466,2382,114,80,54,2235],"class_list":["post-3807","post","type-post","status-publish","format-standard","hentry","category-bulletins","tag-albertano-da-brescia","tag-leon-battista-alberti","tag-alda-guillaume-de-blois","tag-allegorie","tag-antapodosis","tag-apophtegmata-conrad-lycosthenes","tag-aristote","tag-arnoul-dorleans","tag-art","tag-audebert-germain","tag-ausone","tag-bade-josse","tag-barclay-jean","tag-baudri-de-bourgueil","tag-bruno-giordano","tag-guillaume-bude","tag-calvin-jean","tag-carmina-baudri-de-bourgueil","tag-carmina-pierre-de-blois","tag-chronica-hispana-saeculi-xii","tag-chronicon-beneventanum-falcon-de-benevent","tag-chronique","tag-chronique-salimbene-de-adam-de-parme","tag-comedie","tag-comedie-elegiaque","tag-corps","tag-cour","tag-cressoles-louis-de","tag-cronica-latina-regum-castellae-juan-dominguez","tag-de-aeterna-dei-praedestinatione-jean-calvin","tag-de-arte-gymnastica-mercuriale","tag-de-legatione-constantinopolitana","tag-de-magia-giordano-bruno","tag-de-more-medicorum","tag-de-pictura-veterum-libri-tres-franciscus-junius","tag-de-uxore-cerdonis","tag-de-veritate-prophetica-dyalogus-jerome-savonarole","tag-dorat-jean","tag-dragmaticon-guillaume-de-conches","tag-edition","tag-elegantiae-valla","tag-epicure","tag-epistulae-tres-de-comparatione-veteris-et-novae-romae-manuel-chrysoloras","tag-epopee","tag-erasme","tag-henri-estienne","tag-euphormion-jean-barclay","tag-falcon-de-benevent","tag-gesta-karoli-magni-ad-carcassonam-et-narbonam","tag-guillaume-de-blois","tag-guillaume-de-conches","tag-guillermo-perez-de-la-calzada","tag-historia-translationis-sancti-isidori","tag-historiographie","tag-homelia-paschalis-liutprand-de-cremone","tag-humanisme","tag-hypomneses-de-gallica-lingua-henri-estienne","tag-imitation","tag-in-decem-libros-m-vitruvii-pollionis-de-architectura-annotationes-guillaume-philandrier","tag-in-honorem-santae-crucis-raban-maur","tag-jacques-de-voragine","tag-jesuitisme","tag-juan-dominguez","tag-junius-franciscus","tag-lecluse-charles-de","tag-landino-cristoforo","tag-legenda-aurea-jacques-de-voragine","tag-legenda-beate-agnetis-de-monte-policiano-raymond-de-capoue","tag-libellus-de-constantino-magno-eiusque-matre-helena","tag-liber-de-doctrina-dicendi-et-tacendi-albertano-da-brescia","tag-liber-de-rebus-gestis-ottonis-magni-imperatoris","tag-liutprand-de-cremone","tag-lucrece","tag-lycosthenes-conrad","tag-lydia-arnoul-dorleans","tag-magie","tag-manuel-chrysoloras","tag-muret-marc-antoine","tag-musique","tag-mythologicum-jean-dorat","tag-naples","tag-neckam-alexandre","tag-padoue","tag-performance","tag-philandrier-guillaume","tag-philologie","tag-pierre-de-blois","tag-platon","tag-politique","tag-pythagore","tag-quintilien","tag-raban-maur","tag-rapularius","tag-raymond-de-capoue","tag-raymond-lulle","tag-rhetorique","tag-rithmi-de-iulia-romula-seu-ispalensi-vrbe-guillermo-perez-de-la-calzada","tag-roma-germain-audebert","tag-rome","tag-salimbene-de-adam-de-parme","tag-savonarole-jerome","tag-seneque","tag-sermones-in-primam-diui-ioannis-epistolam-jerome-savonarole","tag-spinoza-baruch","tag-summa-de-philosophia-in-uulgari-guillaume-de-conches","tag-suppletio-defectuum-alexandre-neckam","tag-symbole","tag-tractatus-theologico-politicus-spinoza","tag-tragedie","tag-lorenzo-valla","tag-virgile","tag-virgile-polydore"],"yoast_head":"<!-- This site is optimized with the Yoast SEO plugin v27.5 - https:\/\/yoast.com\/product\/yoast-seo-wordpress\/ -->\n<title>Bulletin SFENL n\u00b0 3 : 2000 - Soci\u00e9t\u00e9 d&#039;\u00c9tudes M\u00e9dio Et N\u00e9o-Latines<\/title>\n<meta name=\"description\" content=\"Bulletin n\u00b03 de la SFENL pr\u00e9sentant les recherches en n\u00e9o-latin, la bibliographie de l&#039;ann\u00e9e, les colloques et cours de 2000.\" \/>\n<meta name=\"robots\" content=\"index, follow, max-snippet:-1, max-image-preview:large, max-video-preview:-1\" \/>\n<link rel=\"canonical\" href=\"https:\/\/www.semen-l.org\/?p=3807\" \/>\n<meta property=\"og:locale\" content=\"fr_FR\" \/>\n<meta property=\"og:type\" content=\"article\" \/>\n<meta property=\"og:title\" content=\"Bulletin SFENL n\u00b0 3 : 2000 - Soci\u00e9t\u00e9 d&#039;\u00c9tudes M\u00e9dio Et N\u00e9o-Latines\" \/>\n<meta property=\"og:description\" content=\"Bulletin n\u00b03 de la SFENL pr\u00e9sentant les recherches en n\u00e9o-latin, la bibliographie de l&#039;ann\u00e9e, les colloques et cours de 2000.\" \/>\n<meta property=\"og:url\" content=\"https:\/\/www.semen-l.org\/?p=3807\" \/>\n<meta property=\"og:site_name\" content=\"Soci\u00e9t\u00e9 d&#039;\u00c9tudes M\u00e9dio Et N\u00e9o-Latines\" \/>\n<meta property=\"article:publisher\" content=\"https:\/\/www.facebook.com\/SEMENL2018\" \/>\n<meta property=\"article:published_time\" content=\"2000-07-12T11:04:02+00:00\" \/>\n<meta property=\"article:modified_time\" content=\"2025-01-14T21:55:05+00:00\" \/>\n<meta name=\"author\" content=\"Julien Maudoux\" \/>\n<meta name=\"twitter:card\" content=\"summary_large_image\" \/>\n<meta name=\"twitter:label1\" content=\"\u00c9crit par\" \/>\n\t<meta name=\"twitter:data1\" content=\"Julien Maudoux\" \/>\n\t<meta name=\"twitter:label2\" content=\"Dur\u00e9e de lecture estim\u00e9e\" \/>\n\t<meta name=\"twitter:data2\" content=\"1 minute\" \/>\n<script type=\"application\/ld+json\" class=\"yoast-schema-graph\">{\"@context\":\"https:\\\/\\\/schema.org\",\"@graph\":[{\"@type\":\"Article\",\"@id\":\"https:\\\/\\\/www.semen-l.org\\\/?p=3807#article\",\"isPartOf\":{\"@id\":\"https:\\\/\\\/www.semen-l.org\\\/?p=3807\"},\"author\":{\"name\":\"Julien Maudoux\",\"@id\":\"http:\\\/\\\/www.semen-l.org\\\/#\\\/schema\\\/person\\\/ef5208815f17666727763c5363a51344\"},\"headline\":\"Bulletin SFENL n\u00b0 3 : 2000\",\"datePublished\":\"2000-07-12T11:04:02+00:00\",\"dateModified\":\"2025-01-14T21:55:05+00:00\",\"mainEntityOfPage\":{\"@id\":\"https:\\\/\\\/www.semen-l.org\\\/?p=3807\"},\"wordCount\":67,\"commentCount\":0,\"publisher\":{\"@id\":\"http:\\\/\\\/www.semen-l.org\\\/#organization\"},\"keywords\":[\"Albertano da Brescia\",\"Alberti (Leon Battista)\",\"Alda (Guillaume de Blois)\",\"all\u00e9gorie\",\"Antapodosis (Liutprand de Cr\u00e9mone)\",\"Apophtegmata (Conrad Lycosthenes)\",\"Aristote\",\"Arnoul d'Orl\u00e9ans\",\"art\",\"Audebert (Germain)\",\"Ausone\",\"Bade (Josse)\",\"Barclay (Jean)\",\"Baudri de Bourgueil\",\"Bruno (Giordano)\",\"Bud\u00e9 (Guillaume)\",\"Calvin (Jean)\",\"Carmina (Baudri de Bourgueil)\",\"Carmina (Pierre de Blois)\",\"Chronica Hispana saeculi XII\",\"Chronicon Beneventanum (Falcon de B\u00e9n\u00e9vent)\",\"chronique\",\"Chronique (Salimbene de Adam de Parme)\",\"com\u00e9die\",\"com\u00e9die \u00e9l\u00e9giaque\",\"corps\",\"cour\",\"Cressoles (Louis de)\",\"Cronica latina regum Castellae (Juan Dom\u00ednguez)\",\"De Aeterna Dei praedestinatione (Jean Calvin)\",\"De arte gymnastica (Mercuriale)\",\"De Legatione Constantinopolitana (Liutprand de Cr\u00e9mone)\",\"De Magia (Giordano Bruno)\",\"De More medicorum\",\"De pictura veterum libri tres (Franciscus Junius)\",\"De Uxore cerdonis\",\"De veritate prophetica dyalogus (J\u00e9r\u00f4me Savonarole)\",\"Dorat (Jean)\",\"Dragmaticon (Guillaume de Conches)\",\"\u00e9dition\",\"Elegantiae linguae latinae (Lorenzo Valla)\",\"\u00c9picure\",\"Epistul\u00e6 tres de comparatione veteris et nov\u00e6 Rom\u00e6 (Manuel Chrysoloras)\",\"\u00e9pop\u00e9e\",\"\u00c9rasme\",\"Estienne (Henri)\",\"Euphormion (Jean Barclay)\",\"Falcon de B\u00e9n\u00e9vent\",\"Gesta Karoli Magni ad Carcassonam et Narbonam\",\"Guillaume de Blois\",\"Guillaume de Conches\",\"Guillermo P\u00e9rez de la Calzada\",\"Historia translationis Sancti Isidori\",\"historiographie\",\"Homelia paschalis (Liutprand de Cr\u00e9mone)\",\"humanisme\",\"Hypomneses de Gallica lingua (Henri Estienne)\",\"imitation\",\"In decem libros M. Vitruvii Pollionis de architectura annotationes (Guillaume Philandrier)\",\"In Honorem santae crucis (Raban Maur)\",\"Jacques de Voragine\",\"j\u00e9suitisme\",\"Juan Dom\u00ednguez\",\"Junius (Franciscus)\",\"L'\u00c9cluse (Charles de)\",\"Landino (Cristoforo)\",\"Legenda aurea (Jacques de Voragine)\",\"Legenda beate Agnetis de Monte Policiano (Raymond de Capoue)\",\"Libellus de Constantino Magno eiusque matre Helena\",\"Liber de doctrina dicendi et tacendi (Albertano da Brescia)\",\"Liber de rebus gestis Ottonis magni imperatoris (Liutprand de Cr\u00e9mone)\",\"Liutprand de Cr\u00e9mone\",\"Lucr\u00e8ce\",\"Lycosthenes (Conrad)\",\"Lydia (Arnoul d'Orl\u00e9ans)\",\"magie\",\"Manuel Chrysoloras\",\"Muret (Marc Antoine)\",\"musique\",\"Mythologicum (Jean Dorat)\",\"Naples\",\"Neckam (Alexandre)\",\"Padoue\",\"performance\",\"Philandrier (Guillaume)\",\"philologie\",\"Pierre de Blois\",\"Platon\",\"politique\",\"Pythagore\",\"Quintilien\",\"Raban Maur\",\"Rapularius\",\"Raymond de Capoue\",\"Raymond Lulle\",\"rh\u00e9torique\",\"Rithmi de Iulia Romula seu Ispalensi Vrbe (Guillermo P\u00e9rez de la Calzada)\",\"Roma (Germain Audebert)\",\"Rome\",\"Salimbene de Adam de Parme\",\"Savonarole (J\u00e9r\u00f4me)\",\"S\u00e9n\u00e8que\",\"Sermones in primam diui Ioannis epistolam (J\u00e9r\u00f4me Savonarole)\",\"Spinoza (Baruch)\",\"Summa de philosophia in uulgari (Guillaume de Conches)\",\"Suppletio defectuum (Alexandre Neckam)\",\"symbole\",\"Tractatus theologico-politicus (Spinoza)\",\"trag\u00e9die\",\"Valla (Lorenzo)\",\"Virgile\",\"Virgile (Polydore)\"],\"articleSection\":[\"Bulletins\"],\"inLanguage\":\"fr-FR\",\"potentialAction\":[{\"@type\":\"CommentAction\",\"name\":\"Comment\",\"target\":[\"https:\\\/\\\/www.semen-l.org\\\/?p=3807#respond\"]}]},{\"@type\":\"WebPage\",\"@id\":\"https:\\\/\\\/www.semen-l.org\\\/?p=3807\",\"url\":\"https:\\\/\\\/www.semen-l.org\\\/?p=3807\",\"name\":\"Bulletin SFENL n\u00b0 3 : 2000 - Soci\u00e9t\u00e9 d&#039;\u00c9tudes M\u00e9dio Et N\u00e9o-Latines\",\"isPartOf\":{\"@id\":\"http:\\\/\\\/www.semen-l.org\\\/#website\"},\"datePublished\":\"2000-07-12T11:04:02+00:00\",\"dateModified\":\"2025-01-14T21:55:05+00:00\",\"description\":\"Bulletin n\u00b03 de la SFENL pr\u00e9sentant les recherches en n\u00e9o-latin, la bibliographie de l'ann\u00e9e, les colloques et cours de 2000.\",\"breadcrumb\":{\"@id\":\"https:\\\/\\\/www.semen-l.org\\\/?p=3807#breadcrumb\"},\"inLanguage\":\"fr-FR\",\"potentialAction\":[{\"@type\":\"ReadAction\",\"target\":[\"https:\\\/\\\/www.semen-l.org\\\/?p=3807\"]}]},{\"@type\":\"BreadcrumbList\",\"@id\":\"https:\\\/\\\/www.semen-l.org\\\/?p=3807#breadcrumb\",\"itemListElement\":[{\"@type\":\"ListItem\",\"position\":1,\"name\":\"Accueil\",\"item\":\"http:\\\/\\\/www.semen-l.org\\\/\"},{\"@type\":\"ListItem\",\"position\":2,\"name\":\"Bulletin SFENL n\u00b0 3 : 2000\"}]},{\"@type\":\"WebSite\",\"@id\":\"http:\\\/\\\/www.semen-l.org\\\/#website\",\"url\":\"http:\\\/\\\/www.semen-l.org\\\/\",\"name\":\"Soci\u00e9t\u00e9 d'\u00c9tudes M\u00e9dio Et N\u00e9o-Latines\",\"description\":\"\",\"publisher\":{\"@id\":\"http:\\\/\\\/www.semen-l.org\\\/#organization\"},\"potentialAction\":[{\"@type\":\"SearchAction\",\"target\":{\"@type\":\"EntryPoint\",\"urlTemplate\":\"http:\\\/\\\/www.semen-l.org\\\/?s={search_term_string}\"},\"query-input\":{\"@type\":\"PropertyValueSpecification\",\"valueRequired\":true,\"valueName\":\"search_term_string\"}}],\"inLanguage\":\"fr-FR\"},{\"@type\":\"Organization\",\"@id\":\"http:\\\/\\\/www.semen-l.org\\\/#organization\",\"name\":\"Soci\u00e9t\u00e9 d'\u00e9tudes m\u00e9dio et n\u00e9o-latines\",\"url\":\"http:\\\/\\\/www.semen-l.org\\\/\",\"logo\":{\"@type\":\"ImageObject\",\"inLanguage\":\"fr-FR\",\"@id\":\"http:\\\/\\\/www.semen-l.org\\\/#\\\/schema\\\/logo\\\/image\\\/\",\"url\":\"http:\\\/\\\/www.semen-l.org\\\/wp-content\\\/uploads\\\/2020\\\/11\\\/logo-semenl.jpg\",\"contentUrl\":\"http:\\\/\\\/www.semen-l.org\\\/wp-content\\\/uploads\\\/2020\\\/11\\\/logo-semenl.jpg\",\"width\":408,\"height\":403,\"caption\":\"Soci\u00e9t\u00e9 d'\u00e9tudes m\u00e9dio et n\u00e9o-latines\"},\"image\":{\"@id\":\"http:\\\/\\\/www.semen-l.org\\\/#\\\/schema\\\/logo\\\/image\\\/\"},\"sameAs\":[\"https:\\\/\\\/www.facebook.com\\\/SEMENL2018\",\"https:\\\/\\\/independent.academia.edu\\\/SocitsdtudesmdioetnolatinesSEMENL\"]},{\"@type\":\"Person\",\"@id\":\"http:\\\/\\\/www.semen-l.org\\\/#\\\/schema\\\/person\\\/ef5208815f17666727763c5363a51344\",\"name\":\"Julien Maudoux\",\"image\":{\"@type\":\"ImageObject\",\"inLanguage\":\"fr-FR\",\"@id\":\"https:\\\/\\\/secure.gravatar.com\\\/avatar\\\/caabf4fb6242e2277733cd35a5c2aa083761ea25dae1d1ff3298b54292225292?s=96&d=mm&r=g\",\"url\":\"https:\\\/\\\/secure.gravatar.com\\\/avatar\\\/caabf4fb6242e2277733cd35a5c2aa083761ea25dae1d1ff3298b54292225292?s=96&d=mm&r=g\",\"contentUrl\":\"https:\\\/\\\/secure.gravatar.com\\\/avatar\\\/caabf4fb6242e2277733cd35a5c2aa083761ea25dae1d1ff3298b54292225292?s=96&d=mm&r=g\",\"caption\":\"Julien Maudoux\"},\"description\":\"Webmestre du site de la SEMEN-L\",\"url\":\"https:\\\/\\\/www.semen-l.org\\\/?author=26\"}]}<\/script>\n<!-- \/ Yoast SEO plugin. -->","yoast_head_json":{"title":"Bulletin SFENL n\u00b0 3 : 2000 - Soci\u00e9t\u00e9 d&#039;\u00c9tudes M\u00e9dio Et N\u00e9o-Latines","description":"Bulletin n\u00b03 de la SFENL pr\u00e9sentant les recherches en n\u00e9o-latin, la bibliographie de l'ann\u00e9e, les colloques et cours de 2000.","robots":{"index":"index","follow":"follow","max-snippet":"max-snippet:-1","max-image-preview":"max-image-preview:large","max-video-preview":"max-video-preview:-1"},"canonical":"https:\/\/www.semen-l.org\/?p=3807","og_locale":"fr_FR","og_type":"article","og_title":"Bulletin SFENL n\u00b0 3 : 2000 - Soci\u00e9t\u00e9 d&#039;\u00c9tudes M\u00e9dio Et N\u00e9o-Latines","og_description":"Bulletin n\u00b03 de la SFENL pr\u00e9sentant les recherches en n\u00e9o-latin, la bibliographie de l'ann\u00e9e, les colloques et cours de 2000.","og_url":"https:\/\/www.semen-l.org\/?p=3807","og_site_name":"Soci\u00e9t\u00e9 d&#039;\u00c9tudes M\u00e9dio Et N\u00e9o-Latines","article_publisher":"https:\/\/www.facebook.com\/SEMENL2018","article_published_time":"2000-07-12T11:04:02+00:00","article_modified_time":"2025-01-14T21:55:05+00:00","author":"Julien Maudoux","twitter_card":"summary_large_image","twitter_misc":{"\u00c9crit par":"Julien Maudoux","Dur\u00e9e de lecture estim\u00e9e":"1 minute"},"schema":{"@context":"https:\/\/schema.org","@graph":[{"@type":"Article","@id":"https:\/\/www.semen-l.org\/?p=3807#article","isPartOf":{"@id":"https:\/\/www.semen-l.org\/?p=3807"},"author":{"name":"Julien Maudoux","@id":"http:\/\/www.semen-l.org\/#\/schema\/person\/ef5208815f17666727763c5363a51344"},"headline":"Bulletin SFENL n\u00b0 3 : 2000","datePublished":"2000-07-12T11:04:02+00:00","dateModified":"2025-01-14T21:55:05+00:00","mainEntityOfPage":{"@id":"https:\/\/www.semen-l.org\/?p=3807"},"wordCount":67,"commentCount":0,"publisher":{"@id":"http:\/\/www.semen-l.org\/#organization"},"keywords":["Albertano da Brescia","Alberti (Leon Battista)","Alda (Guillaume de Blois)","all\u00e9gorie","Antapodosis (Liutprand de Cr\u00e9mone)","Apophtegmata (Conrad Lycosthenes)","Aristote","Arnoul d'Orl\u00e9ans","art","Audebert (Germain)","Ausone","Bade (Josse)","Barclay (Jean)","Baudri de Bourgueil","Bruno (Giordano)","Bud\u00e9 (Guillaume)","Calvin (Jean)","Carmina (Baudri de Bourgueil)","Carmina (Pierre de Blois)","Chronica Hispana saeculi XII","Chronicon Beneventanum (Falcon de B\u00e9n\u00e9vent)","chronique","Chronique (Salimbene de Adam de Parme)","com\u00e9die","com\u00e9die \u00e9l\u00e9giaque","corps","cour","Cressoles (Louis de)","Cronica latina regum Castellae (Juan Dom\u00ednguez)","De Aeterna Dei praedestinatione (Jean Calvin)","De arte gymnastica (Mercuriale)","De Legatione Constantinopolitana (Liutprand de Cr\u00e9mone)","De Magia (Giordano Bruno)","De More medicorum","De pictura veterum libri tres (Franciscus Junius)","De Uxore cerdonis","De veritate prophetica dyalogus (J\u00e9r\u00f4me Savonarole)","Dorat (Jean)","Dragmaticon (Guillaume de Conches)","\u00e9dition","Elegantiae linguae latinae (Lorenzo Valla)","\u00c9picure","Epistul\u00e6 tres de comparatione veteris et nov\u00e6 Rom\u00e6 (Manuel Chrysoloras)","\u00e9pop\u00e9e","\u00c9rasme","Estienne (Henri)","Euphormion (Jean Barclay)","Falcon de B\u00e9n\u00e9vent","Gesta Karoli Magni ad Carcassonam et Narbonam","Guillaume de Blois","Guillaume de Conches","Guillermo P\u00e9rez de la Calzada","Historia translationis Sancti Isidori","historiographie","Homelia paschalis (Liutprand de Cr\u00e9mone)","humanisme","Hypomneses de Gallica lingua (Henri Estienne)","imitation","In decem libros M. Vitruvii Pollionis de architectura annotationes (Guillaume Philandrier)","In Honorem santae crucis (Raban Maur)","Jacques de Voragine","j\u00e9suitisme","Juan Dom\u00ednguez","Junius (Franciscus)","L'\u00c9cluse (Charles de)","Landino (Cristoforo)","Legenda aurea (Jacques de Voragine)","Legenda beate Agnetis de Monte Policiano (Raymond de Capoue)","Libellus de Constantino Magno eiusque matre Helena","Liber de doctrina dicendi et tacendi (Albertano da Brescia)","Liber de rebus gestis Ottonis magni imperatoris (Liutprand de Cr\u00e9mone)","Liutprand de Cr\u00e9mone","Lucr\u00e8ce","Lycosthenes (Conrad)","Lydia (Arnoul d'Orl\u00e9ans)","magie","Manuel Chrysoloras","Muret (Marc Antoine)","musique","Mythologicum (Jean Dorat)","Naples","Neckam (Alexandre)","Padoue","performance","Philandrier (Guillaume)","philologie","Pierre de Blois","Platon","politique","Pythagore","Quintilien","Raban Maur","Rapularius","Raymond de Capoue","Raymond Lulle","rh\u00e9torique","Rithmi de Iulia Romula seu Ispalensi Vrbe (Guillermo P\u00e9rez de la Calzada)","Roma (Germain Audebert)","Rome","Salimbene de Adam de Parme","Savonarole (J\u00e9r\u00f4me)","S\u00e9n\u00e8que","Sermones in primam diui Ioannis epistolam (J\u00e9r\u00f4me Savonarole)","Spinoza (Baruch)","Summa de philosophia in uulgari (Guillaume de Conches)","Suppletio defectuum (Alexandre Neckam)","symbole","Tractatus theologico-politicus (Spinoza)","trag\u00e9die","Valla (Lorenzo)","Virgile","Virgile (Polydore)"],"articleSection":["Bulletins"],"inLanguage":"fr-FR","potentialAction":[{"@type":"CommentAction","name":"Comment","target":["https:\/\/www.semen-l.org\/?p=3807#respond"]}]},{"@type":"WebPage","@id":"https:\/\/www.semen-l.org\/?p=3807","url":"https:\/\/www.semen-l.org\/?p=3807","name":"Bulletin SFENL n\u00b0 3 : 2000 - Soci\u00e9t\u00e9 d&#039;\u00c9tudes M\u00e9dio Et N\u00e9o-Latines","isPartOf":{"@id":"http:\/\/www.semen-l.org\/#website"},"datePublished":"2000-07-12T11:04:02+00:00","dateModified":"2025-01-14T21:55:05+00:00","description":"Bulletin n\u00b03 de la SFENL pr\u00e9sentant les recherches en n\u00e9o-latin, la bibliographie de l'ann\u00e9e, les colloques et cours de 2000.","breadcrumb":{"@id":"https:\/\/www.semen-l.org\/?p=3807#breadcrumb"},"inLanguage":"fr-FR","potentialAction":[{"@type":"ReadAction","target":["https:\/\/www.semen-l.org\/?p=3807"]}]},{"@type":"BreadcrumbList","@id":"https:\/\/www.semen-l.org\/?p=3807#breadcrumb","itemListElement":[{"@type":"ListItem","position":1,"name":"Accueil","item":"http:\/\/www.semen-l.org\/"},{"@type":"ListItem","position":2,"name":"Bulletin SFENL n\u00b0 3 : 2000"}]},{"@type":"WebSite","@id":"http:\/\/www.semen-l.org\/#website","url":"http:\/\/www.semen-l.org\/","name":"Soci\u00e9t\u00e9 d'\u00c9tudes M\u00e9dio Et N\u00e9o-Latines","description":"","publisher":{"@id":"http:\/\/www.semen-l.org\/#organization"},"potentialAction":[{"@type":"SearchAction","target":{"@type":"EntryPoint","urlTemplate":"http:\/\/www.semen-l.org\/?s={search_term_string}"},"query-input":{"@type":"PropertyValueSpecification","valueRequired":true,"valueName":"search_term_string"}}],"inLanguage":"fr-FR"},{"@type":"Organization","@id":"http:\/\/www.semen-l.org\/#organization","name":"Soci\u00e9t\u00e9 d'\u00e9tudes m\u00e9dio et n\u00e9o-latines","url":"http:\/\/www.semen-l.org\/","logo":{"@type":"ImageObject","inLanguage":"fr-FR","@id":"http:\/\/www.semen-l.org\/#\/schema\/logo\/image\/","url":"http:\/\/www.semen-l.org\/wp-content\/uploads\/2020\/11\/logo-semenl.jpg","contentUrl":"http:\/\/www.semen-l.org\/wp-content\/uploads\/2020\/11\/logo-semenl.jpg","width":408,"height":403,"caption":"Soci\u00e9t\u00e9 d'\u00e9tudes m\u00e9dio et n\u00e9o-latines"},"image":{"@id":"http:\/\/www.semen-l.org\/#\/schema\/logo\/image\/"},"sameAs":["https:\/\/www.facebook.com\/SEMENL2018","https:\/\/independent.academia.edu\/SocitsdtudesmdioetnolatinesSEMENL"]},{"@type":"Person","@id":"http:\/\/www.semen-l.org\/#\/schema\/person\/ef5208815f17666727763c5363a51344","name":"Julien Maudoux","image":{"@type":"ImageObject","inLanguage":"fr-FR","@id":"https:\/\/secure.gravatar.com\/avatar\/caabf4fb6242e2277733cd35a5c2aa083761ea25dae1d1ff3298b54292225292?s=96&d=mm&r=g","url":"https:\/\/secure.gravatar.com\/avatar\/caabf4fb6242e2277733cd35a5c2aa083761ea25dae1d1ff3298b54292225292?s=96&d=mm&r=g","contentUrl":"https:\/\/secure.gravatar.com\/avatar\/caabf4fb6242e2277733cd35a5c2aa083761ea25dae1d1ff3298b54292225292?s=96&d=mm&r=g","caption":"Julien Maudoux"},"description":"Webmestre du site de la SEMEN-L","url":"https:\/\/www.semen-l.org\/?author=26"}]}},"jetpack_featured_media_url":"","_links":{"self":[{"href":"https:\/\/www.semen-l.org\/index.php?rest_route=\/wp\/v2\/posts\/3807","targetHints":{"allow":["GET"]}}],"collection":[{"href":"https:\/\/www.semen-l.org\/index.php?rest_route=\/wp\/v2\/posts"}],"about":[{"href":"https:\/\/www.semen-l.org\/index.php?rest_route=\/wp\/v2\/types\/post"}],"author":[{"embeddable":true,"href":"https:\/\/www.semen-l.org\/index.php?rest_route=\/wp\/v2\/users\/26"}],"replies":[{"embeddable":true,"href":"https:\/\/www.semen-l.org\/index.php?rest_route=%2Fwp%2Fv2%2Fcomments&post=3807"}],"version-history":[{"count":0,"href":"https:\/\/www.semen-l.org\/index.php?rest_route=\/wp\/v2\/posts\/3807\/revisions"}],"wp:attachment":[{"href":"https:\/\/www.semen-l.org\/index.php?rest_route=%2Fwp%2Fv2%2Fmedia&parent=3807"}],"wp:term":[{"taxonomy":"category","embeddable":true,"href":"https:\/\/www.semen-l.org\/index.php?rest_route=%2Fwp%2Fv2%2Fcategories&post=3807"},{"taxonomy":"post_tag","embeddable":true,"href":"https:\/\/www.semen-l.org\/index.php?rest_route=%2Fwp%2Fv2%2Ftags&post=3807"}],"curies":[{"name":"wp","href":"https:\/\/api.w.org\/{rel}","templated":true}]}}