{"id":377,"date":"2016-10-12T16:17:45","date_gmt":"2016-10-12T16:17:45","guid":{"rendered":"http:\/\/www.semen-l.org\/?p=377"},"modified":"2020-11-22T15:14:44","modified_gmt":"2020-11-22T15:14:44","slug":"colloques-2016-2017","status":"publish","type":"post","link":"https:\/\/www.semen-l.org\/?p=377","title":{"rendered":"Colloques 2016-2017"},"content":{"rendered":"<p>&#8211; 15-17 septembre 2016, Mus\u00e9es Gadagne, BM Part-Dieu, ENS (Lyon), colloque \u00ab Lyon dans l\u2019Europe carolingienne. Autour d\u2019Agobard (816-2016) \u00bb, org. F. Bougard (IRHT), A. Charansonnet (univ. Lyon 2, CIHAM) et M.-C. Isa\u00efa (univ. Lyon 3, CIHAM)<\/p>\n<p>&#8211; 28-30 septembre, Mayence, Johannes Gutenberg-Universit\u00e4t Mainz, colloque international Traumwissen und Traumpoetik von Dante bis Calder\u00f3n, org. Prof. Dr. Dietrich Scholler \/ PD Dr. Jing Xuan<\/p>\n<p>&#8211; 29-30 septembre 2016, Paris, IRHT, Europa Humanistica : conf\u00e9rence pl\u00e9ni\u00e8re, org. M.-\u00c9. Boutroue (CESR, IRHT)<\/p>\n<p>&#8211; 5-7 octobre 2016, Rennes II, colloque international \u00ab Francesco Robortello, org M. Bouquet, E. Buron et C. Lesage<\/p>\n<p>&#8211; 7 octobre 2016, 10 h 00-17 h 30, Paris, IRHT, journ\u00e9e d\u2019\u00e9tudes \u00ab Corpus philippicum \u00bb. Organisation : \u00c9. Lalou (univ. Rouen) et X. H\u00e9lary (univ. Lyon 3)<\/p>\n<p>&#8211; 14 octobre 2016, 10 h 00-17 h 00, Paris, Univ. Paris-Diderot, ICT, journ\u00e9e d\u2019\u00e9tudes \u00ab Autour du Livre de la vache du pseudo-Platon. La magie naturelle entre Orient et Occident \u00bb, org. M. van der Lugt (univ. Paris-Diderot, ICT) et J.-P. Boudet (univ. Orl\u00e9ans)<\/p>\n<p>&#8211; 18-21 octobre, Vienne, Wien Universit\u00e4t, colloque international \u00ab Exil und Heimatferne in der Literatur des Humanismus von Petrarca bis zum Anfang des 16. Jahrhunderts \u00bb.<\/p>\n<p>&#8211; 3 novembre 2016, 9 h 00-18 h 00, Paris, IRHT, journ\u00e9e d\u2019\u00e9tudes \u00ab \u00c9crits pragmatiques urbains et pouvoirs dans le royaume de France, XIVe et XVe s \u00bb, org. C. Rager (IRHT\/LAMOP), M.-\u00c9. Sterlin (LAMOP)<\/p>\n<p>&#8211; 3-4 novembre 2016, Universit\u00e9 Paris Diderot (Paris 7), colloque \u00ab Rh\u00e9torique et po\u00e9tique de l\u2019\u0153uvre de jeunesse XVIe-XVIIIe si\u00e8cles \u00bb, org. D\u00e9borah Knop, Florence Lotterie, St\u00e9phane Mac\u00e9 et Jean Vignes.<\/p>\n<p>&#8211; 7 novembre 2016, 10 h 00-18 h 00, Paris, IRHT, journ\u00e9e d\u2019\u00e9tudes \u00ab Qu\u2019est-ce qu\u2019un corpus ? \u00bb, org. E. Magnani (LAMOP, CBMA) et Consortium COSME<\/p>\n<p>&#8211; 10-11 et 17-18 novembre 2016, Abbaye Saint-Martin (Ligug\u00e9), Cath\u00e9drale Notre-Dame (Paris), IRHT, Centre F\u00e9lix-Grat, Paris, \u00ab Transcrire, \u00e9diter, chanter les liturgies pour saint Martin \u00bb, org. P\u00e8re Fr. Cassingena-Tr\u00e9v\u00e9dy (Institut catholique de Paris), S. Dieudonn\u00e9 (N.-D. de Paris) et J.-F. Goudesenne (IRHT)<\/p>\n<p>&#8211; 23-25 novembre 2016, Rome, Th\u00e9ories et traductions des \u00e9pith\u00e8tes d\u2019Hom\u00e8re en Europe \u00e0 la Renaissance, org. Silvia D\u2019Amico (Univ. Savoie Mont Blanc-CNRS) et Anne-Pascale Pouey-Mounou (Univ. Paris-IV-IUF)<\/p>\n<p>&#8211; 28-30 novembre 2016, Paris, Universit\u00e9 Paris IV-Sorbonne, colloque international \u00ab La m\u00e9moire en pi\u00e8ces : modalit\u00e9s d\u2019\u00e9laboration de la m\u00e9moire dans les textes grecs et latins jusqu\u2019\u00e0 la Renaissance \u00bb, org. A. Raffarin.<\/p>\n<p>-14 d\u00e9cembre 2016, Amiens, Universit\u00e9 de Picardie Jules Verne, journ\u00e9e d\u2019\u00e9tudes mast\u00e9riale \u00ab Les mod\u00e8les d\u2019\u00e9criture de l\u2019Antiquit\u00e9 \u00e0 la Renaissance \u00bb, org. L. Boul\u00e8gue et L. Claire.<\/p>\n<p>&#8211; 2-3 mars 2017, Paris, Institut de France, colloque \u00ab Pierre d\u2019Ailly, un esprit universel du XVe si\u00e8cle \u00bb. Org. M. Br\u00eenzei (IRHT), J. Verger (Institut de France), H. Millet (CNRS), J.-P. Boudet (univ. Orl\u00e9ans) et F. Delivr\u00e9 (LAMOP)<\/p>\n<p>-10-11 mars 2017, Paris, Centre Roland Mousnier, colloque \u00ab Le discours acad\u00e9mique en Europe, de la scolastique \u00e0 l\u2019humanisme. Les pratiques de la rh\u00e9torique solennelle \u00e0 l\u2019universit\u00e9, XIIIe-XVIIe si\u00e8cle \u00bb, org. C. Revest.<\/p>\n<p>&#8211; 30 mars-1 avril, Chicago, Renaissance Society of America 2017, Annual general meeting, voir http:\/\/www.rsa.org\/page\/2017Chicago<\/p>\n<p>&#8211; 27-28 avril 2017, Universit\u00e9 Rennes 2, Colloque Philosophie et fiction, de Macrobe \u00e0 la Renaissance, org. Fabienne Pomel et Sophie Van der Meeren<\/p>\n<p>-18 mai 2017, 9 h 00-17 h, 00 Paris, IRHT, journ\u00e9e d\u2019\u00e9tudes \u00ab Les marges dans les manuscrits \u00bb, org. J. Delmulle, M. Helias-Baron et J. Kogel (IRHT)<\/p>\n<p>&#8211; 12-16 juin 2017, Paris, IRHT \/ LAMOP, \u00c9cole d\u2019\u00e9t\u00e9 : \u00ab Le livre m\u00e9di\u00e9val au regard des m\u00e9thodes quantitatives \u00bb, org. M. Gurrado (IRHT), F. Foronda (LAMOP) et X. Hermand (Univ. de Namur)<\/p>\n<p>-15 juin 2017, Amiens, Universit\u00e9 de Picardie Jules Verne, journ\u00e9e d\u2019\u00e9tudes \u00ab Philologie et \u00e9criture de soi \u00e0 la Renaissance \u00bb, org. L. Claire.<\/p>\n<p>&#8211; 3-7 juillet 2017, Nancy, Universit\u00e9 de Lorraine, \u00ab The Society for Emblem Studies 11th International Conference \u00bb, org. P. Chon\u00e9.<\/p>\n","protected":false},"excerpt":{"rendered":"<p>&#8211; 15-17 septembre 2016, Mus\u00e9es Gadagne, BM Part-Dieu, ENS (Lyon), colloque \u00ab Lyon dans l\u2019Europe carolingienne. Autour d\u2019Agobard (816-2016) \u00bb, org. F. Bougard (IRHT), A. Charansonnet (univ. Lyon 2, CIHAM) et M.-C. Isa\u00efa (univ. Lyon 3, CIHAM) &#8211; 28-30 septembre, &hellip; <a href=\"https:\/\/www.semen-l.org\/?p=377\">Continuer la lecture <span class=\"meta-nav\">&rarr;<\/span><\/a><\/p>\n","protected":false},"author":5,"featured_media":0,"comment_status":"open","ping_status":"open","sticky":false,"template":"","format":"standard","meta":{"footnotes":""},"categories":[4],"tags":[1392,1390,1386,1394,1395,1363,270,897,1387,1303,1294,449,416,1389,289,1383,297,93,159,1396,1391,1393,1397,1281,889,16,692,139,839,1388,82,43,1256,371],"class_list":["post-377","post","type-post","status-publish","format-standard","hentry","category-colloques","tag-chant","tag-corpus","tag-corpus-philippicum","tag-discours","tag-discours-academique","tag-ecriture-de-soi","tag-edition","tag-epithete","tag-exil","tag-fiction","tag-france","tag-histoire-du-livre","tag-homere","tag-liber-vaccae-livre-de-la-vache","tag-liturgie","tag-lyon","tag-macrobe","tag-magie","tag-manuscrit","tag-marges","tag-martin-saint","tag-memoire","tag-methode-quantitative","tag-modele","tag-musique","tag-petrarque","tag-philologie","tag-philosophie","tag-pierre-dailly","tag-platon-pseudo","tag-poetique","tag-rhetorique","tag-robortello-francesco","tag-traduction"],"yoast_head":"<!-- This site is optimized with the Yoast SEO plugin v27.5 - https:\/\/yoast.com\/product\/yoast-seo-wordpress\/ -->\n<title>Colloques 2016-2017 - Soci\u00e9t\u00e9 d&#039;\u00c9tudes M\u00e9dio Et N\u00e9o-Latines<\/title>\n<meta name=\"robots\" content=\"index, follow, max-snippet:-1, max-image-preview:large, max-video-preview:-1\" \/>\n<link rel=\"canonical\" href=\"https:\/\/www.semen-l.org\/?p=377\" \/>\n<meta property=\"og:locale\" content=\"fr_FR\" \/>\n<meta property=\"og:type\" content=\"article\" \/>\n<meta property=\"og:title\" content=\"Colloques 2016-2017 - Soci\u00e9t\u00e9 d&#039;\u00c9tudes M\u00e9dio Et N\u00e9o-Latines\" \/>\n<meta property=\"og:description\" content=\"&#8211; 15-17 septembre 2016, Mus\u00e9es Gadagne, BM Part-Dieu, ENS (Lyon), colloque \u00ab Lyon dans l\u2019Europe carolingienne. Autour d\u2019Agobard (816-2016) \u00bb, org. F. Bougard (IRHT), A. Charansonnet (univ. Lyon 2, CIHAM) et M.-C. Isa\u00efa (univ. Lyon 3, CIHAM) &#8211; 28-30 septembre, &hellip; Continuer la lecture &rarr;\" \/>\n<meta property=\"og:url\" content=\"https:\/\/www.semen-l.org\/?p=377\" \/>\n<meta property=\"og:site_name\" content=\"Soci\u00e9t\u00e9 d&#039;\u00c9tudes M\u00e9dio Et N\u00e9o-Latines\" \/>\n<meta property=\"article:publisher\" content=\"https:\/\/www.facebook.com\/SEMENL2018\" \/>\n<meta property=\"article:published_time\" content=\"2016-10-12T16:17:45+00:00\" \/>\n<meta property=\"article:modified_time\" content=\"2020-11-22T15:14:44+00:00\" \/>\n<meta name=\"author\" content=\"Seris\" \/>\n<meta name=\"twitter:card\" content=\"summary_large_image\" \/>\n<meta name=\"twitter:label1\" content=\"\u00c9crit par\" \/>\n\t<meta name=\"twitter:data1\" content=\"Seris\" \/>\n\t<meta name=\"twitter:label2\" content=\"Dur\u00e9e de lecture estim\u00e9e\" \/>\n\t<meta name=\"twitter:data2\" content=\"3 minutes\" \/>\n<script type=\"application\/ld+json\" class=\"yoast-schema-graph\">{\"@context\":\"https:\\\/\\\/schema.org\",\"@graph\":[{\"@type\":\"Article\",\"@id\":\"https:\\\/\\\/www.semen-l.org\\\/?p=377#article\",\"isPartOf\":{\"@id\":\"https:\\\/\\\/www.semen-l.org\\\/?p=377\"},\"author\":{\"name\":\"Seris\",\"@id\":\"http:\\\/\\\/www.semen-l.org\\\/#\\\/schema\\\/person\\\/6e8c8c75b499690cc37dd369354a7c47\"},\"headline\":\"Colloques 2016-2017\",\"datePublished\":\"2016-10-12T16:17:45+00:00\",\"dateModified\":\"2020-11-22T15:14:44+00:00\",\"mainEntityOfPage\":{\"@id\":\"https:\\\/\\\/www.semen-l.org\\\/?p=377\"},\"wordCount\":639,\"commentCount\":0,\"publisher\":{\"@id\":\"http:\\\/\\\/www.semen-l.org\\\/#organization\"},\"keywords\":[\"chant\",\"corpus\",\"Corpus philippicum\",\"discours\",\"discours acad\u00e9mique\",\"\u00e9criture de soi\",\"\u00e9dition\",\"\u00e9pith\u00e8te\",\"exil\",\"fiction\",\"France\",\"histoire du livre\",\"Hom\u00e8re\",\"Liber vaccae (Livre de la vache)\",\"liturgie\",\"Lyon\",\"Macrobe\",\"magie\",\"manuscrit\",\"marges\",\"Martin (saint)\",\"m\u00e9moire\",\"m\u00e9thode quantitative\",\"mod\u00e8le\",\"musique\",\"P\u00e9trarque\",\"philologie\",\"philosophie\",\"Pierre d\u2019Ailly\",\"Platon (Pseudo)\",\"po\u00e9tique\",\"rh\u00e9torique\",\"Robortello (Francesco)\",\"traduction\"],\"articleSection\":[\"Colloques\"],\"inLanguage\":\"fr-FR\",\"potentialAction\":[{\"@type\":\"CommentAction\",\"name\":\"Comment\",\"target\":[\"https:\\\/\\\/www.semen-l.org\\\/?p=377#respond\"]}]},{\"@type\":\"WebPage\",\"@id\":\"https:\\\/\\\/www.semen-l.org\\\/?p=377\",\"url\":\"https:\\\/\\\/www.semen-l.org\\\/?p=377\",\"name\":\"Colloques 2016-2017 - Soci\u00e9t\u00e9 d&#039;\u00c9tudes M\u00e9dio Et N\u00e9o-Latines\",\"isPartOf\":{\"@id\":\"http:\\\/\\\/www.semen-l.org\\\/#website\"},\"datePublished\":\"2016-10-12T16:17:45+00:00\",\"dateModified\":\"2020-11-22T15:14:44+00:00\",\"breadcrumb\":{\"@id\":\"https:\\\/\\\/www.semen-l.org\\\/?p=377#breadcrumb\"},\"inLanguage\":\"fr-FR\",\"potentialAction\":[{\"@type\":\"ReadAction\",\"target\":[\"https:\\\/\\\/www.semen-l.org\\\/?p=377\"]}]},{\"@type\":\"BreadcrumbList\",\"@id\":\"https:\\\/\\\/www.semen-l.org\\\/?p=377#breadcrumb\",\"itemListElement\":[{\"@type\":\"ListItem\",\"position\":1,\"name\":\"Accueil\",\"item\":\"http:\\\/\\\/www.semen-l.org\\\/\"},{\"@type\":\"ListItem\",\"position\":2,\"name\":\"Colloques 2016-2017\"}]},{\"@type\":\"WebSite\",\"@id\":\"http:\\\/\\\/www.semen-l.org\\\/#website\",\"url\":\"http:\\\/\\\/www.semen-l.org\\\/\",\"name\":\"Soci\u00e9t\u00e9 d'\u00c9tudes M\u00e9dio Et N\u00e9o-Latines\",\"description\":\"\",\"publisher\":{\"@id\":\"http:\\\/\\\/www.semen-l.org\\\/#organization\"},\"potentialAction\":[{\"@type\":\"SearchAction\",\"target\":{\"@type\":\"EntryPoint\",\"urlTemplate\":\"http:\\\/\\\/www.semen-l.org\\\/?s={search_term_string}\"},\"query-input\":{\"@type\":\"PropertyValueSpecification\",\"valueRequired\":true,\"valueName\":\"search_term_string\"}}],\"inLanguage\":\"fr-FR\"},{\"@type\":\"Organization\",\"@id\":\"http:\\\/\\\/www.semen-l.org\\\/#organization\",\"name\":\"Soci\u00e9t\u00e9 d'\u00e9tudes m\u00e9dio et n\u00e9o-latines\",\"url\":\"http:\\\/\\\/www.semen-l.org\\\/\",\"logo\":{\"@type\":\"ImageObject\",\"inLanguage\":\"fr-FR\",\"@id\":\"http:\\\/\\\/www.semen-l.org\\\/#\\\/schema\\\/logo\\\/image\\\/\",\"url\":\"http:\\\/\\\/www.semen-l.org\\\/wp-content\\\/uploads\\\/2020\\\/11\\\/logo-semenl.jpg\",\"contentUrl\":\"http:\\\/\\\/www.semen-l.org\\\/wp-content\\\/uploads\\\/2020\\\/11\\\/logo-semenl.jpg\",\"width\":408,\"height\":403,\"caption\":\"Soci\u00e9t\u00e9 d'\u00e9tudes m\u00e9dio et n\u00e9o-latines\"},\"image\":{\"@id\":\"http:\\\/\\\/www.semen-l.org\\\/#\\\/schema\\\/logo\\\/image\\\/\"},\"sameAs\":[\"https:\\\/\\\/www.facebook.com\\\/SEMENL2018\",\"https:\\\/\\\/independent.academia.edu\\\/SocitsdtudesmdioetnolatinesSEMENL\"]},{\"@type\":\"Person\",\"@id\":\"http:\\\/\\\/www.semen-l.org\\\/#\\\/schema\\\/person\\\/6e8c8c75b499690cc37dd369354a7c47\",\"name\":\"Seris\",\"image\":{\"@type\":\"ImageObject\",\"inLanguage\":\"fr-FR\",\"@id\":\"https:\\\/\\\/secure.gravatar.com\\\/avatar\\\/8aec6178114279c28f7f0f4ccbb54eefdf0db708e95973d3513a9c5387b223b9?s=96&d=mm&r=g\",\"url\":\"https:\\\/\\\/secure.gravatar.com\\\/avatar\\\/8aec6178114279c28f7f0f4ccbb54eefdf0db708e95973d3513a9c5387b223b9?s=96&d=mm&r=g\",\"contentUrl\":\"https:\\\/\\\/secure.gravatar.com\\\/avatar\\\/8aec6178114279c28f7f0f4ccbb54eefdf0db708e95973d3513a9c5387b223b9?s=96&d=mm&r=g\",\"caption\":\"Seris\"},\"url\":\"https:\\\/\\\/www.semen-l.org\\\/?author=5\"}]}<\/script>\n<!-- \/ Yoast SEO plugin. -->","yoast_head_json":{"title":"Colloques 2016-2017 - Soci\u00e9t\u00e9 d&#039;\u00c9tudes M\u00e9dio Et N\u00e9o-Latines","robots":{"index":"index","follow":"follow","max-snippet":"max-snippet:-1","max-image-preview":"max-image-preview:large","max-video-preview":"max-video-preview:-1"},"canonical":"https:\/\/www.semen-l.org\/?p=377","og_locale":"fr_FR","og_type":"article","og_title":"Colloques 2016-2017 - Soci\u00e9t\u00e9 d&#039;\u00c9tudes M\u00e9dio Et N\u00e9o-Latines","og_description":"&#8211; 15-17 septembre 2016, Mus\u00e9es Gadagne, BM Part-Dieu, ENS (Lyon), colloque \u00ab Lyon dans l\u2019Europe carolingienne. Autour d\u2019Agobard (816-2016) \u00bb, org. F. Bougard (IRHT), A. Charansonnet (univ. Lyon 2, CIHAM) et M.-C. Isa\u00efa (univ. Lyon 3, CIHAM) &#8211; 28-30 septembre, &hellip; Continuer la lecture &rarr;","og_url":"https:\/\/www.semen-l.org\/?p=377","og_site_name":"Soci\u00e9t\u00e9 d&#039;\u00c9tudes M\u00e9dio Et N\u00e9o-Latines","article_publisher":"https:\/\/www.facebook.com\/SEMENL2018","article_published_time":"2016-10-12T16:17:45+00:00","article_modified_time":"2020-11-22T15:14:44+00:00","author":"Seris","twitter_card":"summary_large_image","twitter_misc":{"\u00c9crit par":"Seris","Dur\u00e9e de lecture estim\u00e9e":"3 minutes"},"schema":{"@context":"https:\/\/schema.org","@graph":[{"@type":"Article","@id":"https:\/\/www.semen-l.org\/?p=377#article","isPartOf":{"@id":"https:\/\/www.semen-l.org\/?p=377"},"author":{"name":"Seris","@id":"http:\/\/www.semen-l.org\/#\/schema\/person\/6e8c8c75b499690cc37dd369354a7c47"},"headline":"Colloques 2016-2017","datePublished":"2016-10-12T16:17:45+00:00","dateModified":"2020-11-22T15:14:44+00:00","mainEntityOfPage":{"@id":"https:\/\/www.semen-l.org\/?p=377"},"wordCount":639,"commentCount":0,"publisher":{"@id":"http:\/\/www.semen-l.org\/#organization"},"keywords":["chant","corpus","Corpus philippicum","discours","discours acad\u00e9mique","\u00e9criture de soi","\u00e9dition","\u00e9pith\u00e8te","exil","fiction","France","histoire du livre","Hom\u00e8re","Liber vaccae (Livre de la vache)","liturgie","Lyon","Macrobe","magie","manuscrit","marges","Martin (saint)","m\u00e9moire","m\u00e9thode quantitative","mod\u00e8le","musique","P\u00e9trarque","philologie","philosophie","Pierre d\u2019Ailly","Platon (Pseudo)","po\u00e9tique","rh\u00e9torique","Robortello (Francesco)","traduction"],"articleSection":["Colloques"],"inLanguage":"fr-FR","potentialAction":[{"@type":"CommentAction","name":"Comment","target":["https:\/\/www.semen-l.org\/?p=377#respond"]}]},{"@type":"WebPage","@id":"https:\/\/www.semen-l.org\/?p=377","url":"https:\/\/www.semen-l.org\/?p=377","name":"Colloques 2016-2017 - Soci\u00e9t\u00e9 d&#039;\u00c9tudes M\u00e9dio Et N\u00e9o-Latines","isPartOf":{"@id":"http:\/\/www.semen-l.org\/#website"},"datePublished":"2016-10-12T16:17:45+00:00","dateModified":"2020-11-22T15:14:44+00:00","breadcrumb":{"@id":"https:\/\/www.semen-l.org\/?p=377#breadcrumb"},"inLanguage":"fr-FR","potentialAction":[{"@type":"ReadAction","target":["https:\/\/www.semen-l.org\/?p=377"]}]},{"@type":"BreadcrumbList","@id":"https:\/\/www.semen-l.org\/?p=377#breadcrumb","itemListElement":[{"@type":"ListItem","position":1,"name":"Accueil","item":"http:\/\/www.semen-l.org\/"},{"@type":"ListItem","position":2,"name":"Colloques 2016-2017"}]},{"@type":"WebSite","@id":"http:\/\/www.semen-l.org\/#website","url":"http:\/\/www.semen-l.org\/","name":"Soci\u00e9t\u00e9 d'\u00c9tudes M\u00e9dio Et N\u00e9o-Latines","description":"","publisher":{"@id":"http:\/\/www.semen-l.org\/#organization"},"potentialAction":[{"@type":"SearchAction","target":{"@type":"EntryPoint","urlTemplate":"http:\/\/www.semen-l.org\/?s={search_term_string}"},"query-input":{"@type":"PropertyValueSpecification","valueRequired":true,"valueName":"search_term_string"}}],"inLanguage":"fr-FR"},{"@type":"Organization","@id":"http:\/\/www.semen-l.org\/#organization","name":"Soci\u00e9t\u00e9 d'\u00e9tudes m\u00e9dio et n\u00e9o-latines","url":"http:\/\/www.semen-l.org\/","logo":{"@type":"ImageObject","inLanguage":"fr-FR","@id":"http:\/\/www.semen-l.org\/#\/schema\/logo\/image\/","url":"http:\/\/www.semen-l.org\/wp-content\/uploads\/2020\/11\/logo-semenl.jpg","contentUrl":"http:\/\/www.semen-l.org\/wp-content\/uploads\/2020\/11\/logo-semenl.jpg","width":408,"height":403,"caption":"Soci\u00e9t\u00e9 d'\u00e9tudes m\u00e9dio et n\u00e9o-latines"},"image":{"@id":"http:\/\/www.semen-l.org\/#\/schema\/logo\/image\/"},"sameAs":["https:\/\/www.facebook.com\/SEMENL2018","https:\/\/independent.academia.edu\/SocitsdtudesmdioetnolatinesSEMENL"]},{"@type":"Person","@id":"http:\/\/www.semen-l.org\/#\/schema\/person\/6e8c8c75b499690cc37dd369354a7c47","name":"Seris","image":{"@type":"ImageObject","inLanguage":"fr-FR","@id":"https:\/\/secure.gravatar.com\/avatar\/8aec6178114279c28f7f0f4ccbb54eefdf0db708e95973d3513a9c5387b223b9?s=96&d=mm&r=g","url":"https:\/\/secure.gravatar.com\/avatar\/8aec6178114279c28f7f0f4ccbb54eefdf0db708e95973d3513a9c5387b223b9?s=96&d=mm&r=g","contentUrl":"https:\/\/secure.gravatar.com\/avatar\/8aec6178114279c28f7f0f4ccbb54eefdf0db708e95973d3513a9c5387b223b9?s=96&d=mm&r=g","caption":"Seris"},"url":"https:\/\/www.semen-l.org\/?author=5"}]}},"jetpack_featured_media_url":"","_links":{"self":[{"href":"https:\/\/www.semen-l.org\/index.php?rest_route=\/wp\/v2\/posts\/377","targetHints":{"allow":["GET"]}}],"collection":[{"href":"https:\/\/www.semen-l.org\/index.php?rest_route=\/wp\/v2\/posts"}],"about":[{"href":"https:\/\/www.semen-l.org\/index.php?rest_route=\/wp\/v2\/types\/post"}],"author":[{"embeddable":true,"href":"https:\/\/www.semen-l.org\/index.php?rest_route=\/wp\/v2\/users\/5"}],"replies":[{"embeddable":true,"href":"https:\/\/www.semen-l.org\/index.php?rest_route=%2Fwp%2Fv2%2Fcomments&post=377"}],"version-history":[{"count":0,"href":"https:\/\/www.semen-l.org\/index.php?rest_route=\/wp\/v2\/posts\/377\/revisions"}],"wp:attachment":[{"href":"https:\/\/www.semen-l.org\/index.php?rest_route=%2Fwp%2Fv2%2Fmedia&parent=377"}],"wp:term":[{"taxonomy":"category","embeddable":true,"href":"https:\/\/www.semen-l.org\/index.php?rest_route=%2Fwp%2Fv2%2Fcategories&post=377"},{"taxonomy":"post_tag","embeddable":true,"href":"https:\/\/www.semen-l.org\/index.php?rest_route=%2Fwp%2Fv2%2Ftags&post=377"}],"curies":[{"name":"wp","href":"https:\/\/api.w.org\/{rel}","templated":true}]}}