{"id":3766,"date":"2024-10-29T10:58:48","date_gmt":"2024-10-29T10:58:48","guid":{"rendered":"https:\/\/www.semen-l.org\/?p=3766"},"modified":"2025-01-04T11:07:43","modified_gmt":"2025-01-04T11:07:43","slug":"le-testament-derasme-journee-detudes-organisee-par-sophie-conte-urca-et-blandine-perona-uphf-iuf","status":"publish","type":"post","link":"https:\/\/www.semen-l.org\/?p=3766","title":{"rendered":"Le testament d\u2019\u00c9rasme &#8211; Journ\u00e9e d\u2019\u00e9tudes organis\u00e9e par : Sophie CONTE (URCA) et Blandine PERONA (UPHF\/IUF)"},"content":{"rendered":"<p>Journ\u00e9e d\u2019\u00e9tude organis\u00e9e par Sophie Conte (URCA) et Blandine Perona (UPHF\/IUF),<\/p>\n<p>29 novembre 2024<br \/>\nUniversit\u00e9 de Reims Champagne-Ardenne &#8211; BU Robert de Sorbon<\/p>\n<div class=\"event__field-content\">\n<div class=\"field__item field-spacing\">\n<div class=\"paragraph paragraph--type--block-text-media-66-33-left paragraph--view-mode--default container\">\n<div class=\"row row-spacing\">\n<div class=\"col-12 col-md-8 content-rte\">\n<h3><strong>Matin\u00e9e<\/strong><\/h3>\n<p>9 h 00\u00a0: Mot d\u2019accueil et introduction de Sophie Conte et Blandine Perona<br \/>\n9 h 30 -10 h 15\u00a0: Stefano Simiz, \u00ab\u00a0La pr\u00e9dication au temps d\u2019\u00c9rasme : Entre crise et renouveau\u00a0\u00bb<br \/>\n10 h 15 &#8211; 11 h 00\u00a0: Marie Barral-Baron, \u00ab\u00a0L\u2019ultime t\u00e9moignage d\u2019\u00c9rasme. L\u2019<em>Ecclesiastes<\/em>\u00bb<\/p>\n<p><strong>Pause<\/strong><\/p>\n<p>11 h 30 &#8211; 12 h 15\u00a0: Sylvie Franchet d\u2019Esp\u00e8rey, \u00ab\u00a0Gagner une cause \/ gagner une \u00e2me \u2013 L\u2019usage des figures pour le pr\u00e9dicateur \u00e9rasmien\u00a0\u00bb<\/p>\n<p><strong>D\u00e9jeuner<\/strong><\/p>\n<h3><strong>Apr\u00e8s-midi<\/strong><\/h3>\n<p>14 h 00 &#8211; 14 h 45\u00a0: St\u00e9phane Mac\u00e9, \u00ab\u00a0La th\u00e9orie de l\u2019amplification dans deux rh\u00e9toriques eccl\u00e9siastiques : \u00c9rasme et Louis de Grenade\u00a0\u00bb<br \/>\n14 h 45 &#8211; 15 h 30\u00a0: Sophie Hache, \u00ab\u00a0La p\u00e9riode oratoire dans l\u2019<em>Ecclesiastes<\/em>\u00a0\u00bb<br \/>\n15 h 30 \u2013 16 h 00\u00a0: Discussion de cl\u00f4ture pour pr\u00e9parer le livre\u00a0<em>Le Testament d\u2019\u00c9rasme\u00a0<\/em>publi\u00e9 dans la collection\u00a0<em>H\u00e9ritages critiques\u00a0<\/em>des Presses Universitaires de Reims (\u00c9pure).<\/p>\n<\/div>\n<\/div>\n<\/div>\n<\/div>\n<\/div>\n<div class=\"event__field-content-bottom\">\n<div class=\"field__item field-spacing\">\n<div class=\"paragraph paragraph--type--block-ressources paragraph--view-mode--default container\">\n<div class=\"row row-spacing\">\n<div class=\"col-12 col-md-6\">\n<div class=\"paragraph paragraph--type--block-documents paragraph--view-mode--default\">\n<div class=\"o-card o-card__with-icon o-card__with-icon--download\">\n<a href=\"https:\/\/www.semen-l.org\/wp-content\/uploads\/2025\/01\/programme_testament_erasme.pdf\" class=\"pdfemb-viewer\" style=\"\" data-width=\"max\" data-height=\"max\" data-toolbar=\"both\" data-toolbar-fixed=\"off\">programme_testament_erasme<\/a>\n<\/div>\n<\/div>\n<\/div>\n<\/div>\n<\/div>\n<\/div>\n<\/div>\n","protected":false},"excerpt":{"rendered":"<p>Journ\u00e9e d\u2019\u00e9tude organis\u00e9e par Sophie Conte (URCA) et Blandine Perona (UPHF\/IUF), 29 novembre 2024 Universit\u00e9 de Reims Champagne-Ardenne &#8211; BU Robert de Sorbon Matin\u00e9e 9 h 00\u00a0: Mot d\u2019accueil et introduction de Sophie Conte et Blandine Perona 9 h 30 &hellip; <a href=\"https:\/\/www.semen-l.org\/?p=3766\">Continuer la lecture <span class=\"meta-nav\">&rarr;<\/span><\/a><\/p>\n","protected":false},"author":26,"featured_media":3768,"comment_status":"open","ping_status":"open","sticky":false,"template":"","format":"standard","meta":{"footnotes":""},"categories":[4],"tags":[2261,1260,31,2262,1202,43,2263],"class_list":["post-3766","post","type-post","status-publish","format-standard","has-post-thumbnail","hentry","category-colloques","tag-amplification","tag-ecclesiastes-erasme","tag-erasme","tag-grenade-louis-de","tag-orateur","tag-rhetorique","tag-testament"],"yoast_head":"<!-- This site is optimized with the Yoast SEO plugin v27.5 - https:\/\/yoast.com\/product\/yoast-seo-wordpress\/ -->\n<title>Journ\u00e9e d&#039;\u00e9tude sur le testament d&#039;\u00c9rasme<\/title>\n<meta name=\"description\" content=\"Journ\u00e9e d&#039;\u00e9tude sur le testament d&#039;\u00c9rasme organis\u00e9e par Sophie Conte (URCA) et Blandine Perona (UPHF\/IUF) \u00e0 l&#039;Universit\u00e9 de Reims\" \/>\n<meta name=\"robots\" content=\"index, follow, max-snippet:-1, max-image-preview:large, max-video-preview:-1\" \/>\n<link rel=\"canonical\" href=\"http:\/\/www.semen-l.org\/?p=3766\" \/>\n<meta property=\"og:locale\" content=\"fr_FR\" \/>\n<meta property=\"og:type\" content=\"article\" \/>\n<meta property=\"og:title\" content=\"Journ\u00e9e d&#039;\u00e9tude sur le testament d&#039;\u00c9rasme\" \/>\n<meta property=\"og:description\" content=\"Journ\u00e9e d&#039;\u00e9tude sur le testament d&#039;\u00c9rasme organis\u00e9e par Sophie Conte (URCA) et Blandine Perona (UPHF\/IUF) \u00e0 l&#039;Universit\u00e9 de Reims\" \/>\n<meta property=\"og:url\" content=\"http:\/\/www.semen-l.org\/?p=3766\" \/>\n<meta property=\"og:site_name\" content=\"Soci\u00e9t\u00e9 d&#039;\u00c9tudes M\u00e9dio Et N\u00e9o-Latines\" \/>\n<meta property=\"article:publisher\" content=\"https:\/\/www.facebook.com\/SEMENL2018\" \/>\n<meta property=\"article:published_time\" content=\"2024-10-29T10:58:48+00:00\" \/>\n<meta property=\"article:modified_time\" content=\"2025-01-04T11:07:43+00:00\" \/>\n<meta property=\"og:image\" content=\"http:\/\/www.semen-l.org\/wp-content\/uploads\/2025\/01\/je-testamt-erasme-reims.jpg\" \/>\n\t<meta property=\"og:image:width\" content=\"597\" \/>\n\t<meta property=\"og:image:height\" content=\"850\" \/>\n\t<meta property=\"og:image:type\" content=\"image\/jpeg\" \/>\n<meta name=\"author\" content=\"Julien Maudoux\" \/>\n<meta name=\"twitter:card\" content=\"summary_large_image\" \/>\n<meta name=\"twitter:label1\" content=\"\u00c9crit par\" \/>\n\t<meta name=\"twitter:data1\" content=\"Julien Maudoux\" \/>\n\t<meta name=\"twitter:label2\" content=\"Dur\u00e9e de lecture estim\u00e9e\" \/>\n\t<meta name=\"twitter:data2\" content=\"2 minutes\" \/>\n<script type=\"application\/ld+json\" class=\"yoast-schema-graph\">{\"@context\":\"https:\\\/\\\/schema.org\",\"@graph\":[{\"@type\":\"Article\",\"@id\":\"http:\\\/\\\/www.semen-l.org\\\/?p=3766#article\",\"isPartOf\":{\"@id\":\"http:\\\/\\\/www.semen-l.org\\\/?p=3766\"},\"author\":{\"name\":\"Julien Maudoux\",\"@id\":\"http:\\\/\\\/www.semen-l.org\\\/#\\\/schema\\\/person\\\/ef5208815f17666727763c5363a51344\"},\"headline\":\"Le testament d\u2019\u00c9rasme &#8211; Journ\u00e9e d\u2019\u00e9tudes organis\u00e9e par : Sophie CONTE (URCA) et Blandine PERONA (UPHF\\\/IUF)\",\"datePublished\":\"2024-10-29T10:58:48+00:00\",\"dateModified\":\"2025-01-04T11:07:43+00:00\",\"mainEntityOfPage\":{\"@id\":\"http:\\\/\\\/www.semen-l.org\\\/?p=3766\"},\"wordCount\":191,\"commentCount\":0,\"publisher\":{\"@id\":\"http:\\\/\\\/www.semen-l.org\\\/#organization\"},\"image\":{\"@id\":\"http:\\\/\\\/www.semen-l.org\\\/?p=3766#primaryimage\"},\"thumbnailUrl\":\"https:\\\/\\\/www.semen-l.org\\\/wp-content\\\/uploads\\\/2025\\\/01\\\/je-testamt-erasme-reims.jpg\",\"keywords\":[\"amplification\",\"Ecclesiastes (\u00c9rasme)\",\"\u00c9rasme\",\"Grenade (Louis de)\",\"orateur\",\"rh\u00e9torique\",\"testament\"],\"articleSection\":[\"Colloques\"],\"inLanguage\":\"fr-FR\",\"potentialAction\":[{\"@type\":\"CommentAction\",\"name\":\"Comment\",\"target\":[\"http:\\\/\\\/www.semen-l.org\\\/?p=3766#respond\"]}]},{\"@type\":\"WebPage\",\"@id\":\"http:\\\/\\\/www.semen-l.org\\\/?p=3766\",\"url\":\"http:\\\/\\\/www.semen-l.org\\\/?p=3766\",\"name\":\"Journ\u00e9e d'\u00e9tude sur le testament d'\u00c9rasme\",\"isPartOf\":{\"@id\":\"http:\\\/\\\/www.semen-l.org\\\/#website\"},\"primaryImageOfPage\":{\"@id\":\"http:\\\/\\\/www.semen-l.org\\\/?p=3766#primaryimage\"},\"image\":{\"@id\":\"http:\\\/\\\/www.semen-l.org\\\/?p=3766#primaryimage\"},\"thumbnailUrl\":\"https:\\\/\\\/www.semen-l.org\\\/wp-content\\\/uploads\\\/2025\\\/01\\\/je-testamt-erasme-reims.jpg\",\"datePublished\":\"2024-10-29T10:58:48+00:00\",\"dateModified\":\"2025-01-04T11:07:43+00:00\",\"description\":\"Journ\u00e9e d'\u00e9tude sur le testament d'\u00c9rasme organis\u00e9e par Sophie Conte (URCA) et Blandine Perona (UPHF\\\/IUF) \u00e0 l'Universit\u00e9 de Reims\",\"breadcrumb\":{\"@id\":\"http:\\\/\\\/www.semen-l.org\\\/?p=3766#breadcrumb\"},\"inLanguage\":\"fr-FR\",\"potentialAction\":[{\"@type\":\"ReadAction\",\"target\":[\"http:\\\/\\\/www.semen-l.org\\\/?p=3766\"]}]},{\"@type\":\"ImageObject\",\"inLanguage\":\"fr-FR\",\"@id\":\"http:\\\/\\\/www.semen-l.org\\\/?p=3766#primaryimage\",\"url\":\"https:\\\/\\\/www.semen-l.org\\\/wp-content\\\/uploads\\\/2025\\\/01\\\/je-testamt-erasme-reims.jpg\",\"contentUrl\":\"https:\\\/\\\/www.semen-l.org\\\/wp-content\\\/uploads\\\/2025\\\/01\\\/je-testamt-erasme-reims.jpg\",\"width\":597,\"height\":850},{\"@type\":\"BreadcrumbList\",\"@id\":\"http:\\\/\\\/www.semen-l.org\\\/?p=3766#breadcrumb\",\"itemListElement\":[{\"@type\":\"ListItem\",\"position\":1,\"name\":\"Accueil\",\"item\":\"http:\\\/\\\/www.semen-l.org\\\/\"},{\"@type\":\"ListItem\",\"position\":2,\"name\":\"Le testament d\u2019\u00c9rasme &#8211; Journ\u00e9e d\u2019\u00e9tudes organis\u00e9e par : Sophie CONTE (URCA) et Blandine PERONA (UPHF\\\/IUF)\"}]},{\"@type\":\"WebSite\",\"@id\":\"http:\\\/\\\/www.semen-l.org\\\/#website\",\"url\":\"http:\\\/\\\/www.semen-l.org\\\/\",\"name\":\"Soci\u00e9t\u00e9 d'\u00c9tudes M\u00e9dio Et N\u00e9o-Latines\",\"description\":\"\",\"publisher\":{\"@id\":\"http:\\\/\\\/www.semen-l.org\\\/#organization\"},\"potentialAction\":[{\"@type\":\"SearchAction\",\"target\":{\"@type\":\"EntryPoint\",\"urlTemplate\":\"http:\\\/\\\/www.semen-l.org\\\/?s={search_term_string}\"},\"query-input\":{\"@type\":\"PropertyValueSpecification\",\"valueRequired\":true,\"valueName\":\"search_term_string\"}}],\"inLanguage\":\"fr-FR\"},{\"@type\":\"Organization\",\"@id\":\"http:\\\/\\\/www.semen-l.org\\\/#organization\",\"name\":\"Soci\u00e9t\u00e9 d'\u00e9tudes m\u00e9dio et n\u00e9o-latines\",\"url\":\"http:\\\/\\\/www.semen-l.org\\\/\",\"logo\":{\"@type\":\"ImageObject\",\"inLanguage\":\"fr-FR\",\"@id\":\"http:\\\/\\\/www.semen-l.org\\\/#\\\/schema\\\/logo\\\/image\\\/\",\"url\":\"http:\\\/\\\/www.semen-l.org\\\/wp-content\\\/uploads\\\/2020\\\/11\\\/logo-semenl.jpg\",\"contentUrl\":\"http:\\\/\\\/www.semen-l.org\\\/wp-content\\\/uploads\\\/2020\\\/11\\\/logo-semenl.jpg\",\"width\":408,\"height\":403,\"caption\":\"Soci\u00e9t\u00e9 d'\u00e9tudes m\u00e9dio et n\u00e9o-latines\"},\"image\":{\"@id\":\"http:\\\/\\\/www.semen-l.org\\\/#\\\/schema\\\/logo\\\/image\\\/\"},\"sameAs\":[\"https:\\\/\\\/www.facebook.com\\\/SEMENL2018\",\"https:\\\/\\\/independent.academia.edu\\\/SocitsdtudesmdioetnolatinesSEMENL\"]},{\"@type\":\"Person\",\"@id\":\"http:\\\/\\\/www.semen-l.org\\\/#\\\/schema\\\/person\\\/ef5208815f17666727763c5363a51344\",\"name\":\"Julien Maudoux\",\"image\":{\"@type\":\"ImageObject\",\"inLanguage\":\"fr-FR\",\"@id\":\"https:\\\/\\\/secure.gravatar.com\\\/avatar\\\/caabf4fb6242e2277733cd35a5c2aa083761ea25dae1d1ff3298b54292225292?s=96&d=mm&r=g\",\"url\":\"https:\\\/\\\/secure.gravatar.com\\\/avatar\\\/caabf4fb6242e2277733cd35a5c2aa083761ea25dae1d1ff3298b54292225292?s=96&d=mm&r=g\",\"contentUrl\":\"https:\\\/\\\/secure.gravatar.com\\\/avatar\\\/caabf4fb6242e2277733cd35a5c2aa083761ea25dae1d1ff3298b54292225292?s=96&d=mm&r=g\",\"caption\":\"Julien Maudoux\"},\"description\":\"Webmestre du site de la SEMEN-L\",\"url\":\"https:\\\/\\\/www.semen-l.org\\\/?author=26\"}]}<\/script>\n<!-- \/ Yoast SEO plugin. -->","yoast_head_json":{"title":"Journ\u00e9e d'\u00e9tude sur le testament d'\u00c9rasme","description":"Journ\u00e9e d'\u00e9tude sur le testament d'\u00c9rasme organis\u00e9e par Sophie Conte (URCA) et Blandine Perona (UPHF\/IUF) \u00e0 l'Universit\u00e9 de Reims","robots":{"index":"index","follow":"follow","max-snippet":"max-snippet:-1","max-image-preview":"max-image-preview:large","max-video-preview":"max-video-preview:-1"},"canonical":"http:\/\/www.semen-l.org\/?p=3766","og_locale":"fr_FR","og_type":"article","og_title":"Journ\u00e9e d'\u00e9tude sur le testament d'\u00c9rasme","og_description":"Journ\u00e9e d'\u00e9tude sur le testament d'\u00c9rasme organis\u00e9e par Sophie Conte (URCA) et Blandine Perona (UPHF\/IUF) \u00e0 l'Universit\u00e9 de Reims","og_url":"http:\/\/www.semen-l.org\/?p=3766","og_site_name":"Soci\u00e9t\u00e9 d&#039;\u00c9tudes M\u00e9dio Et N\u00e9o-Latines","article_publisher":"https:\/\/www.facebook.com\/SEMENL2018","article_published_time":"2024-10-29T10:58:48+00:00","article_modified_time":"2025-01-04T11:07:43+00:00","og_image":[{"width":597,"height":850,"url":"http:\/\/www.semen-l.org\/wp-content\/uploads\/2025\/01\/je-testamt-erasme-reims.jpg","type":"image\/jpeg"}],"author":"Julien Maudoux","twitter_card":"summary_large_image","twitter_misc":{"\u00c9crit par":"Julien Maudoux","Dur\u00e9e de lecture estim\u00e9e":"2 minutes"},"schema":{"@context":"https:\/\/schema.org","@graph":[{"@type":"Article","@id":"http:\/\/www.semen-l.org\/?p=3766#article","isPartOf":{"@id":"http:\/\/www.semen-l.org\/?p=3766"},"author":{"name":"Julien Maudoux","@id":"http:\/\/www.semen-l.org\/#\/schema\/person\/ef5208815f17666727763c5363a51344"},"headline":"Le testament d\u2019\u00c9rasme &#8211; Journ\u00e9e d\u2019\u00e9tudes organis\u00e9e par : Sophie CONTE (URCA) et Blandine PERONA (UPHF\/IUF)","datePublished":"2024-10-29T10:58:48+00:00","dateModified":"2025-01-04T11:07:43+00:00","mainEntityOfPage":{"@id":"http:\/\/www.semen-l.org\/?p=3766"},"wordCount":191,"commentCount":0,"publisher":{"@id":"http:\/\/www.semen-l.org\/#organization"},"image":{"@id":"http:\/\/www.semen-l.org\/?p=3766#primaryimage"},"thumbnailUrl":"https:\/\/www.semen-l.org\/wp-content\/uploads\/2025\/01\/je-testamt-erasme-reims.jpg","keywords":["amplification","Ecclesiastes (\u00c9rasme)","\u00c9rasme","Grenade (Louis de)","orateur","rh\u00e9torique","testament"],"articleSection":["Colloques"],"inLanguage":"fr-FR","potentialAction":[{"@type":"CommentAction","name":"Comment","target":["http:\/\/www.semen-l.org\/?p=3766#respond"]}]},{"@type":"WebPage","@id":"http:\/\/www.semen-l.org\/?p=3766","url":"http:\/\/www.semen-l.org\/?p=3766","name":"Journ\u00e9e d'\u00e9tude sur le testament d'\u00c9rasme","isPartOf":{"@id":"http:\/\/www.semen-l.org\/#website"},"primaryImageOfPage":{"@id":"http:\/\/www.semen-l.org\/?p=3766#primaryimage"},"image":{"@id":"http:\/\/www.semen-l.org\/?p=3766#primaryimage"},"thumbnailUrl":"https:\/\/www.semen-l.org\/wp-content\/uploads\/2025\/01\/je-testamt-erasme-reims.jpg","datePublished":"2024-10-29T10:58:48+00:00","dateModified":"2025-01-04T11:07:43+00:00","description":"Journ\u00e9e d'\u00e9tude sur le testament d'\u00c9rasme organis\u00e9e par Sophie Conte (URCA) et Blandine Perona (UPHF\/IUF) \u00e0 l'Universit\u00e9 de Reims","breadcrumb":{"@id":"http:\/\/www.semen-l.org\/?p=3766#breadcrumb"},"inLanguage":"fr-FR","potentialAction":[{"@type":"ReadAction","target":["http:\/\/www.semen-l.org\/?p=3766"]}]},{"@type":"ImageObject","inLanguage":"fr-FR","@id":"http:\/\/www.semen-l.org\/?p=3766#primaryimage","url":"https:\/\/www.semen-l.org\/wp-content\/uploads\/2025\/01\/je-testamt-erasme-reims.jpg","contentUrl":"https:\/\/www.semen-l.org\/wp-content\/uploads\/2025\/01\/je-testamt-erasme-reims.jpg","width":597,"height":850},{"@type":"BreadcrumbList","@id":"http:\/\/www.semen-l.org\/?p=3766#breadcrumb","itemListElement":[{"@type":"ListItem","position":1,"name":"Accueil","item":"http:\/\/www.semen-l.org\/"},{"@type":"ListItem","position":2,"name":"Le testament d\u2019\u00c9rasme &#8211; Journ\u00e9e d\u2019\u00e9tudes organis\u00e9e par : Sophie CONTE (URCA) et Blandine PERONA (UPHF\/IUF)"}]},{"@type":"WebSite","@id":"http:\/\/www.semen-l.org\/#website","url":"http:\/\/www.semen-l.org\/","name":"Soci\u00e9t\u00e9 d'\u00c9tudes M\u00e9dio Et N\u00e9o-Latines","description":"","publisher":{"@id":"http:\/\/www.semen-l.org\/#organization"},"potentialAction":[{"@type":"SearchAction","target":{"@type":"EntryPoint","urlTemplate":"http:\/\/www.semen-l.org\/?s={search_term_string}"},"query-input":{"@type":"PropertyValueSpecification","valueRequired":true,"valueName":"search_term_string"}}],"inLanguage":"fr-FR"},{"@type":"Organization","@id":"http:\/\/www.semen-l.org\/#organization","name":"Soci\u00e9t\u00e9 d'\u00e9tudes m\u00e9dio et n\u00e9o-latines","url":"http:\/\/www.semen-l.org\/","logo":{"@type":"ImageObject","inLanguage":"fr-FR","@id":"http:\/\/www.semen-l.org\/#\/schema\/logo\/image\/","url":"http:\/\/www.semen-l.org\/wp-content\/uploads\/2020\/11\/logo-semenl.jpg","contentUrl":"http:\/\/www.semen-l.org\/wp-content\/uploads\/2020\/11\/logo-semenl.jpg","width":408,"height":403,"caption":"Soci\u00e9t\u00e9 d'\u00e9tudes m\u00e9dio et n\u00e9o-latines"},"image":{"@id":"http:\/\/www.semen-l.org\/#\/schema\/logo\/image\/"},"sameAs":["https:\/\/www.facebook.com\/SEMENL2018","https:\/\/independent.academia.edu\/SocitsdtudesmdioetnolatinesSEMENL"]},{"@type":"Person","@id":"http:\/\/www.semen-l.org\/#\/schema\/person\/ef5208815f17666727763c5363a51344","name":"Julien Maudoux","image":{"@type":"ImageObject","inLanguage":"fr-FR","@id":"https:\/\/secure.gravatar.com\/avatar\/caabf4fb6242e2277733cd35a5c2aa083761ea25dae1d1ff3298b54292225292?s=96&d=mm&r=g","url":"https:\/\/secure.gravatar.com\/avatar\/caabf4fb6242e2277733cd35a5c2aa083761ea25dae1d1ff3298b54292225292?s=96&d=mm&r=g","contentUrl":"https:\/\/secure.gravatar.com\/avatar\/caabf4fb6242e2277733cd35a5c2aa083761ea25dae1d1ff3298b54292225292?s=96&d=mm&r=g","caption":"Julien Maudoux"},"description":"Webmestre du site de la SEMEN-L","url":"https:\/\/www.semen-l.org\/?author=26"}]}},"jetpack_featured_media_url":"https:\/\/www.semen-l.org\/wp-content\/uploads\/2025\/01\/je-testamt-erasme-reims.jpg","_links":{"self":[{"href":"https:\/\/www.semen-l.org\/index.php?rest_route=\/wp\/v2\/posts\/3766","targetHints":{"allow":["GET"]}}],"collection":[{"href":"https:\/\/www.semen-l.org\/index.php?rest_route=\/wp\/v2\/posts"}],"about":[{"href":"https:\/\/www.semen-l.org\/index.php?rest_route=\/wp\/v2\/types\/post"}],"author":[{"embeddable":true,"href":"https:\/\/www.semen-l.org\/index.php?rest_route=\/wp\/v2\/users\/26"}],"replies":[{"embeddable":true,"href":"https:\/\/www.semen-l.org\/index.php?rest_route=%2Fwp%2Fv2%2Fcomments&post=3766"}],"version-history":[{"count":0,"href":"https:\/\/www.semen-l.org\/index.php?rest_route=\/wp\/v2\/posts\/3766\/revisions"}],"wp:featuredmedia":[{"embeddable":true,"href":"https:\/\/www.semen-l.org\/index.php?rest_route=\/wp\/v2\/media\/3768"}],"wp:attachment":[{"href":"https:\/\/www.semen-l.org\/index.php?rest_route=%2Fwp%2Fv2%2Fmedia&parent=3766"}],"wp:term":[{"taxonomy":"category","embeddable":true,"href":"https:\/\/www.semen-l.org\/index.php?rest_route=%2Fwp%2Fv2%2Fcategories&post=3766"},{"taxonomy":"post_tag","embeddable":true,"href":"https:\/\/www.semen-l.org\/index.php?rest_route=%2Fwp%2Fv2%2Ftags&post=3766"}],"curies":[{"name":"wp","href":"https:\/\/api.w.org\/{rel}","templated":true}]}}