{"id":374,"date":"2016-10-12T10:07:00","date_gmt":"2016-10-12T10:07:00","guid":{"rendered":"http:\/\/www.semen-l.org\/?p=374"},"modified":"2025-01-13T21:05:48","modified_gmt":"2025-01-13T21:05:48","slug":"publications-recentes-septembre-2016","status":"publish","type":"post","link":"https:\/\/www.semen-l.org\/?p=374","title":{"rendered":"Publications r\u00e9centes (septembre 2016)"},"content":{"rendered":"<p>Pour acc\u00e9der \u00e0 une bibliographie indicative des ouvrages parus au cours de l&rsquo;ann\u00e9e universitaire 2015-2016 dans les domaines m\u00e9dio- et n\u00e9o-latins, veuillez cliquer sur le lien suivant : <u><span style=\"color: #0066cc;\"><a href=\"http:\/\/www.semen-l.org\/wp-content\/uploads\/2016\/10\/Publications-r\u00e9centes-septembre-2016.pdf\">Publications r\u00e9centes (septembre 2016<\/a>).<\/span><\/u><br \/>\n<a href=\"https:\/\/www.semen-l.org\/wp-content\/uploads\/2016\/10\/Publications-r\u00e9centes-septembre-2016.pdf\" class=\"pdfemb-viewer\" style=\"\" data-width=\"max\" data-height=\"max\" data-toolbar=\"both\" data-toolbar-fixed=\"off\">publications-recentes-septembre-2016<\/a><\/p>\n<p>Version en texte clair ci-dessous (ce texte ayant \u00e9t\u00e9 trait\u00e9 par reconnaissance automatique des caract\u00e8res, nous nous excusons pour toute erreur \u00e9ventuelle qu&rsquo;il contiendrait).<\/p>\n<h1>I.\u00a0\u00a0 Textes<\/h1>\n<p>AD\u00c9LARD DE BATH, <em>De<\/em> <em>eodem<\/em> <em>et<\/em> <em>diuerso<\/em> <em>\u2013<\/em> <em>Questiones<\/em> <em>naturales<\/em> <em>(De<\/em> <em>causis<\/em> <em>rerum)<\/em> <em>\/<\/em> <em>L\u2019Un<\/em> <em>et<\/em> <em>le<\/em> <em>divers<\/em> <em>\u2013<\/em> <em>Questions<\/em> <em>sur<\/em> <em>la<\/em> <em>nature<\/em>, \u00e9d. C. Burnett, avec la coll. d\u2019I. Ronca et de P. Mantas Espa\u00f1a, trad. et comm. par M. Lejbowicz, \u00c9. Ndiaye et C. Dussourt, Paris, Les Belles Lettres, coll. \u00ab Auteurs latins du Moyen \u00c2ge \u00bb, 2016.<\/p>\n<p>AGOBARD DE LYON, <em>\u0152uvres<\/em>, tome I, \u00e9d., trad. et comm. sous la dir. de M. Rubellin, Paris, \u00c9ditions du Cerf, coll. \u00ab Sources chr\u00e9tiennes \u00bb, 2016.<\/p>\n<p><em>Aiol<\/em>. <em>Chanson<\/em> <em>de<\/em> <em>geste<\/em> <em>(<\/em><em>XII<sup>e<\/sup><\/em><em>&#8211;<\/em><em>XIII<sup>e<\/sup><\/em> <em>si\u00e8cles)<\/em>, \u00e9d. J.-M. Ardouin, Paris, Champion, coll. \u00ab Classiques fran\u00e7ais du Moyen \u00c2ge \u00bb, 2016, 2 volumes.<\/p>\n<p>ALCIAT Andr\u00e9, <em>Emblemata<\/em> \/ <em>Les<\/em> <em>Embl\u00e8mes.<\/em> <em>Fac-simil\u00e9<\/em> <em>de<\/em> <em>l\u2019\u00e9dition<\/em> <em>lyonnaise<\/em> <em>Mac\u00e9<\/em> <em>Bonhomme<\/em> <em>de<\/em> <em>1551<\/em>, trad. et pr\u00e9f. de P. Laurens, notes et table de concordance de F. Vuilleumier Laurens, Paris, Les Belles Lettres, coll. \u00ab Le Cabinet des Images \u00bb, 2016.<\/p>\n<p>ARNOLD DE LI\u00c8GE, <em>Alphabetum<\/em> <em>narrationum<\/em>, \u00e9d. E. Brilli, avec la coll. de J. Berlioz et de M. A. Polo de Beaulieu, Turnhout, Brepols, coll. \u00ab Corpus Christianorum \u2013 Continuatio Mediaevalis \u00bb, 2015. [PS.-AVICENNE] MOUREAU S., <em>Le<\/em> De anima <em>alchimique<\/em> <em>du<\/em> <em>pseudo-Avicenne<\/em>, Firenze, SISMEL-Edizioni del Galluzzo, coll. \u00ab Micrologus\u2019 Library \u00bb, 2016, 2 volumes [vol. 1 : \u00c9tude \u2013 vol. 2 : \u00c9dition critique et traduction annot\u00e9e].<\/p>\n<p>CALVIN Jean et CAROLI Pierre, <em>Ioannis<\/em> <em>Caluini<\/em> <em>Pro<\/em> <em>G.<\/em> <em>Farello<\/em> <em>et<\/em> <em>collegis<\/em> <em>eius<\/em> <em>aduersus<\/em> <em>Petri<\/em> <em>Caroli<\/em> <em>theologastri<\/em> <em>calumnias<\/em> <em>defensio<\/em> <em>Nicolai<\/em> <em>Gallasii<\/em> <em>\u2013<\/em> <em>Petri<\/em> <em>Caroli<\/em> <em>Refutatio<\/em> <em>blasphemiae<\/em> <em>Farellistarum<\/em> <em>in<\/em> <em>sacrosanctam<\/em> <em>Trinitatem<\/em>, \u00e9d. O. Labarthe, avec R. Bodenmann, Gen\u00e8ve, Droz, coll. \u00ab Ioannis Caluini Opera omnia \u00bb, 2016.<\/p>\n<p>CALVIN Jean, <em>Praelectiones<\/em> <em>in<\/em> <em>librum<\/em> <em>prophetiarum<\/em> <em>Ieremiae<\/em>, \u00e9d. N. Gueunier, avec M. Engammare, Gen\u00e8ve, Droz, coll. \u00ab Ioannis Caluini Opera omnia \u00bb, 2016, 2 volumes.<\/p>\n<p>CANTEMIR D\u00e9m\u00e8tre, <em>L\u2019Image<\/em> <em>infigurable<\/em> <em>de<\/em> <em>la<\/em> <em>science<\/em> <em>sacro-sainte<\/em>, \u00e9d. D. Slu\u015fanschi et L. Stroia, trad., intro. et notes par V. Alexandrescu, Paris, Champion, coll. \u00ab Sources classiques \u00bb, 2016.<\/p>\n<p>COPERNIC Nicolas, <em>De<\/em> <em>reuolutionibus<\/em> <em>orbium<\/em> <em>coelestium<\/em> <em>\/<\/em> <em>Des<\/em> <em>r\u00e9volutions<\/em> <em>des<\/em> <em>orbes<\/em> <em>c\u00e9lestes<\/em>, \u00e9d., trad., intro. et notes par M.-P. Lerner, A.-P. Segonds et J.-P. Verdet, avec la coll. de C. Luna, I. Pantin, D. Savoie et M. Toulmonde, Paris, Les Belles Lettres, coll. \u00ab Science et Humanisme \u00bb, 2015, 3 volumes.<\/p>\n<p>CRATO VON KRAFFTHEIM Johann et MERCURIALE Girolamo, <em>Une<\/em> <em>correspondance<\/em> <em>entre<\/em> <em>deux<\/em> <em>m\u00e9decins<\/em> <em>humanistes<\/em>, \u00e9d. C. Pennuto, trad., intro. et notes par J.-M. Agasse, Gen\u00e8ve, Droz, coll. \u00ab Cahiers d\u2019Humanisme et Renaissance \u00bb, 2016.<\/p>\n<p>[DOLET \u00c9tienne] <em>Anthologie<\/em> <em>des<\/em> <em>\u0153uvres<\/em> <em>d\u2019\u00c9tienne<\/em> <em>Dolet,<\/em> <em>humaniste-imprimeur<\/em> <em>(1509-1546)<\/em>, pr\u00e9s. par M. Picquier, Lyon, Jacques Andr\u00e9 \u00e9diteur, 2016.<\/p>\n<p>\u00c9RASME, <em>L\u2019\u00e9ducation<\/em> <em>du<\/em> <em>prince<\/em> <em>chr\u00e9tien<\/em> <em>(ou<\/em> <em>l\u2019art<\/em> <em>de<\/em> <em>gouverner)<\/em>, trad. par A.-M. Greminger et pr\u00e9s. par J.-Saladin, Paris, Les Belles Lettres, coll. \u00ab Le Miroir des humanistes \u00bb, 2016.<\/p>\n<p>\u00c9RASME, <em>La<\/em> <em>Formation<\/em> <em>du<\/em> <em>prince<\/em> <em>chr\u00e9tien<\/em> \/ <em>Institutio<\/em> <em>principis<\/em> <em>christiani<\/em>, \u00e9d., trad., intro. et notes par M. Turchetti, pr\u00e9f. d\u2019A. Vanautgaerden, Paris, Classiques Garnier, coll. \u00ab Textes de la Renaissance \u00bb, 2015.<\/p>\n<p>\u00c9TIENNE DE BOURBON, <em>Tractatus<\/em> <em>de<\/em> <em>diuersis<\/em> <em>materiis<\/em> <em>predicabilibus<\/em> <em>\u2013<\/em> <em>Liber<\/em> <em>II<\/em> <em>:<\/em> <em>De<\/em> <em>dono<\/em> <em>pietate<\/em>, \u00e9d. J. Berlioz, D. Ogilvie-David et C. Ribaucourt, Turnhout, Brepols, coll. \u00ab Corpus Christianorum \u2013 Continuatio Mediaevalis \u00bb, 2015.<\/p>\n<p>FILELFO Francesco, <em>Collected<\/em> <em>Letters<\/em> <em>\/<\/em> <em>Epistolarum<\/em> <em>libri<\/em> <em>XLVIII<\/em>, ed. by J. De Keyser, Alessandria, Edizioni dell\u2019Orso, coll. \u00ab Hellenica \u00bb, 2015, 4 volumes.<\/p>\n<p>FLAVIO Biondo, <em>Italy<\/em> <em>Illuminated,<\/em> <em>vol.<\/em> <em>2<\/em> <em>(Books<\/em> <em>V-VIII)<\/em>, ed. and trans. by J. A. White, Cambridge, MA, Harvard University Press, coll. \u00ab The I Tatti Renaissance Library \u00bb, 2016.<\/p>\n<p>FLAVIO Biondo, <em>Rome<\/em> <em>in<\/em> <em>Triumph,<\/em> <em>vol.<\/em> <em>1<\/em> <em>(Books<\/em> <em>I-III)<\/em>, ed. by M. A. Pincelli and trans. by F. Muecke, Cambridge, MA, Harvard University Press, coll. \u00ab The I Tatti Renaissance Library \u00bb, 2016.<\/p>\n<p>GR\u00c9GOIRE DE TOURS, <em>La<\/em> <em>vie<\/em> <em>des<\/em> <em>P\u00e8res<\/em>, r\u00e9vision du texte et trad. par L. Pietri, Paris, Les Belles Lettres, coll. \u00ab Classiques de l\u2019histoire au Moyen \u00c2ge \u00bb, 2016.<\/p>\n<p>GREGORY OF TOURS, <em>Lives<\/em> <em>and<\/em> <em>Miracles<\/em>, ed. and trans. by G. de Nie, Cambridge, MA, Harvard University Press, coll. \u00ab Dumbarton Oakes Medieval Library \u00bb, 2015.<\/p>\n<p>GROSSETESTE Robert, <em>Versio<\/em> <em>Caelestis<\/em> <em>Hierarchiae<\/em> <em>Pseudo-Dionysii<\/em> <em>Areopagitae<\/em> <em>cum<\/em> <em>scholiis<\/em> <em>ex<\/em> <em>Graeco<\/em> <em>sumptis<\/em> <em>necnon<\/em> <em>commentariis<\/em> <em>notulisque<\/em> <em>eiusdem<\/em> <em>Lincolniensis<\/em>, \u00e9d. D. A. Lawell, J. J. McEvoy et J. S. McQuade, Turnhout, Brepols, coll. \u00ab Corpus Christianorum \u2013 Continuatio Mediaevalis \u00bb, 2015.<\/p>\n<p>HAYMON D\u2019AUXERRE, <em>Annotatio<\/em> <em>libri<\/em> <em>Iezechielis<\/em> <em>imperfecta<\/em>, \u00e9d. R. Gryson, Turnhout, Brepols, coll. \u00ab Corpus Christianorum \u2013 Continuatio Mediaevalis \u00bb, 2015.<\/p>\n<p>HILDEGARDE DE BINGEN, <em>Opera<\/em> <em>minora<\/em> <em>II<\/em>, \u00e9d. C. P. Evans, J. Deploige, S. Moens, M. Embach et G\u00e4rtner, Turnhout, Brepols, coll. \u00ab Corpus Christianorum \u2013 Continuatio Mediaevalis \u00bb, 2016. HOBBES Thomas, <em>De<\/em> <em>mirabilibus<\/em> <em>Pecci<\/em> <em>carmen<\/em>, Einleitung, Text, \u00dcbersetzung und Kommentar von J. Luggin, Hildesheim-Z\u00fcrich-New York, Olms, coll. \u00ab Noctes Neo-Latinae \u2013 Neo-Latin Texts and Studies \u00bb, 2016.<\/p>\n<p>HUGUES DE SAINT-VICTOR, <em>Super<\/em> <em>Ierarchiam<\/em> <em>Dionisii<\/em>, \u00e9d. D. Poirel, Turnhout, Brepols, coll. \u00ab Corpus Christianorum \u2013 Continuatio Mediaevalis \u00bb, 2015.<\/p>\n<p>HUS Jan, <em>Postilla<\/em> <em>adumbrata<\/em>, \u00e9d. B. Ryba et G. Silagi, Turnhout, Brepols, coll. \u00ab Corpus Christianorum \u2013 Continuatio Mediaevalis \u00bb, 2015.<\/p>\n<p>ISIDORE OF SEVILLE<em>,<\/em> <em>On<\/em> <em>the<\/em> <em>Nature<\/em> <em>of<\/em> <em>Things<\/em>, trans., intro. and comm. by C. B. Kendall and F. Wallis, Liverpool, Liverpool University Press, coll. \u00ab Translated Texts for Historians \u00bb, 2016.<\/p>\n<p>KIRCHER Athanasius, <em>The<\/em> <em>Celebrated<\/em> <em>Museum<\/em> <em>of<\/em> <em>the<\/em> <em>Roman<\/em> <em>College<\/em> <em>of<\/em> <em>the<\/em> <em>Society<\/em> <em>of<\/em> <em>Jesus.<\/em> <em>A<\/em> <em>facsimile<\/em> <em>of<\/em> <em>the<\/em> <em>1678<\/em> <em>Amsterdam<\/em> <em>edition<\/em> <em>of<\/em> <em>Giorgio<\/em> <em>de<\/em> <em>Sepi\u2019s<\/em> <em>description<\/em> <em>of<\/em> <em>Athanasius<\/em> <em>Kircher\u2019s<\/em> <em>Museum<\/em>, ed. by P. Davidson, trans. by A. Callinicos and D. H\u00f6hr, ann. by J. Stevenson, Philadelphia, Saint Joseph\u2019s University Press, coll. \u00ab Early Modern Catholicism and the Visual Arts \u00bb, 2015.<\/p>\n<p>[LAZZARONI Pietro] SCHIRG B., <em>Die<\/em> <em>\u00d6konomie<\/em> <em>der<\/em> <em>Dichtung.<\/em> <em>Das<\/em> <em>Lobgedicht<\/em> <em>des<\/em> <em>Pietro<\/em> <em>Lazzaroni<\/em> <em>an<\/em> <em>den<\/em> <em>Borgia-Papst<\/em> <em>Alexander<\/em> <em>VI.<\/em> <em>(1497).<\/em> <em>Einleitung,<\/em> <em>Interpretation,<\/em> <em>kritische<\/em> <em>Erstedition<\/em> <em>und<\/em> <em>Kommentar<\/em>, Hildesheim-Z\u00fcrich-New York, Olms, coll. \u00ab Noctes Neo-Latinae \u2013 Neo-Latin Texts and Studies \u00bb, 2016.<\/p>\n<p>LISIARD \u2013 HARIULF, <em>Vitae,<\/em> <em>Miracula,<\/em> <em>Translatio<\/em> <em>et<\/em> <em>alia<\/em> <em>Hagiographica<\/em> <em>sancti<\/em> <em>Arnulphi<\/em> <em>episcopi<\/em> <em>Suessoniensis<\/em>, \u00e9d. R. I. A. Nip, Turnhout, Brepols, coll. \u00ab Corpus Christianorum \u2013 Continuatio Mediaevalis \u00bb, 2015.<\/p>\n<p>LIUDPRAND DE CR\u00c9MONE, <em>\u0152uvres<\/em>, pr\u00e9s., trad. et comm. par F. Bougard, Paris, CNRS \u00c9ditions<strong>,<\/strong> coll. \u00ab Sources d\u2019histoire m\u00e9di\u00e9vale \u00bb, 2015.<\/p>\n<p>LLULL Ramon, <em>Opera<\/em> <em>Latina<\/em> <em>XXXVI<\/em> <em>(10-11)<\/em> <em>:<\/em> <em>Liber<\/em> <em>contra<\/em> <em>Antichristum<\/em> <em>\/<\/em> <em>Liber<\/em> <em>de<\/em> <em>gentili<\/em> <em>et<\/em> <em>tribus<\/em> <em>sapientibus<\/em>, \u00e9d. P. M. Beattie et \u00d3. L. de la Cruz Palma, Turnhout, Brepols, coll. \u00ab Corpus Christianorum \u2013 Continuatio Mediaevalis \u00bb, 2015.<\/p>\n<p>MANETTI Giannozzo, <em>A<\/em> <em>Translator\u2019s<\/em> <em>Defence<\/em>, ed. by M. McShane and trans. by M. Young, Cambridge, MA, Harvard University Press, coll. \u00ab The I Tatti Renaissance Library \u00bb, 2016.<\/p>\n<p>MANUTIUS Aldus, <em>The<\/em> <em>Greek<\/em> <em>Classics<\/em>, ed. and trans. by N. G. Wilson, Cambridge, MA, Harvard University Press, coll. \u00ab The I Tatti Renaissance Library \u00bb, 2016.<\/p>\n<p>MARRASIO Giovanni, <em>Angelinetum<\/em> <em>and<\/em> <em>Other<\/em> <em>Poems<\/em>, trans. by M. P. Chatfield, Cambridge, MA, Harvard University Press, coll. \u00ab The I Tatti Renaissance Library \u00bb, 2016.<\/p>\n<p>MARSILI Pere, <em>Opera<\/em> <em>omnia<\/em>, \u00e9d. A. Biosca i Bas, Turnhout, Brepols, coll. \u00ab Corpus Christianorum \u2013 Continuatio Mediaevalis \u00bb, 2015.<\/p>\n<p>MOLINA Luis de, <em>Des<\/em> <em>secours<\/em> <em>de<\/em> <em>la<\/em> <em>Gr\u00e2ce<\/em>, \u00e9d., trad. et notes par P. Nicolas, pr\u00e9f. de J. Schmutz, Paris, Les Belles Lettres, coll. \u00ab Biblioth\u00e8que scolastique \u00bb, 2016.<\/p>\n<p>NIFO Agostino, <em>De<\/em> <em>solitudine<\/em> <em>liber<\/em> \/ <em>Le<\/em> <em>livre<\/em> <em>de<\/em> <em>la<\/em> <em>solitude<\/em>, \u00e9d., trad., notes et \u00e9tude introductive par L. Boul\u00e8gue, Paris, Les Belles Lettres, coll. \u00ab Les Classiques de l\u2019Humanisme \u00bb, 2016.<\/p>\n<p>OLIVI Pierre de Jean, <em>Postilla<\/em> <em>super<\/em> <em>Iob<\/em>, \u00e9d. A. Boureau, Turnhout, Brepols, coll. \u00ab Corpus Christianorum \u2013 Continuatio Mediaevalis \u00bb, 2015.<\/p>\n<p>OWEN John, <em>Epigrammata<\/em> \/ <em>\u00c9pigrammes<\/em>, \u00e9d., trad., intro. et notes par S. Durand, Paris, Les Belles Lettres, coll. \u00ab Les Classiques de l\u2019Humanisme \u00bb, 2016.<\/p>\n<p>PETRARCA Francesco, <em>My<\/em> <em>Secret<\/em> <em>Book<\/em>, ed. and trans. by N. Mann, Cambridge, MA, Harvard University Press, coll. \u00ab The I Tatti Renaissance Library \u00bb, 2016.<\/p>\n<p>PLATINA Bartolomeo, <em>De<\/em> <em>honesta<\/em> <em>uoluptate<\/em> <em>et<\/em> <em>ualitudine.<\/em> <em>Un<\/em> <em>trattato<\/em> <em>sui<\/em> <em>piaceri<\/em> <em>della<\/em> <em>tavola<\/em> <em>e<\/em> <em>la<\/em> <em>buona<\/em> <em>salute<\/em>, a cura di E. Carnevale Schianca, Firenze, Olschki, coll. \u00ab Biblioteca dell\u2019Archivum Romanicum \u00bb, 2015.<\/p>\n<p>POLIZIANO Angelo, <em>Praelectiones<\/em> <em>\u2013<\/em> <em>2<\/em>, a cura di G. Zollino, Firenze, Olschki, coll. \u00ab Edizione nazionale delle opere di Angelo Poliziano \u2013 Testi \u00bb, 2016.<\/p>\n<p>PREMIERFAIT Laurent de, <em>Le<\/em> <em>Livre<\/em> <em>de<\/em> <em>la<\/em> <em>vraye<\/em> <em>amisti\u00e9.<\/em> <em>Traduction<\/em> <em>du<\/em> De Amicitia <em>de<\/em> <em>Cic\u00e9ron<\/em>, \u00e9d. O. Delsaux, Paris, Champion, coll. \u00ab Classiques fran\u00e7ais du Moyen \u00c2ge \u00bb, 2016.<\/p>\n<p>Reinher von Paderborn \u2013 Magister Cunestabulus \u2013 Roger d\u2019Hereford, <em>Opera<\/em> <em>de<\/em> <em>computo <\/em><em>saeculi<\/em> <em>duodecimi<\/em>, \u00e9d. A. Lohr, Turnhout, Brepols, coll. \u00ab Corpus Christianorum \u2013 Continuatio Mediaevalis \u00bb, 2015.<\/p>\n<p>RICHARD DE MEDIAVILLA, <em>Premier<\/em> <em>Quodlibet<\/em>, intro., \u00e9d., trad. et notes par A. Boureau, Paris, Les Belles Lettres, coll. \u00ab Biblioth\u00e8que scolastique \u00bb, 2015.<\/p>\n<p>RICHARD DE MEDIAVILLA, <em>Deuxi\u00e8me<\/em> <em>Quodlibet<\/em>, intro., \u00e9d., trad. et notes par A. Boureau, Paris, Les Belles Lettres, coll. \u00ab Biblioth\u00e8que scolastique \u00bb, 2016.<\/p>\n<p>SALIMBENE DE ADAM DE PARME, <em>Chronique<\/em>, trad., intro. et notes sous la dir. de G. Besson et M. Brossard-Dandr\u00e9, pr\u00e9f. de J.-C. Schmitt, Paris, Champion, coll. \u00ab Traductions des classiques du Moyen \u00c2ge \u00bb, 2016, 2 volumes.<\/p>\n<p>SILVESTRIS Bernardus, <em>Poetic<\/em> <em>Works<\/em>, ed. and trans. by W. Wetherbee, Cambridge, MA, Harvard University Press, coll. \u00ab Dumbarton Oakes Medieval Library \u00bb, 2015.<\/p>\n<p>[STROZZI Ercole] <em>La<\/em> <em>chasse<\/em> <em>d\u2019Ercole<\/em> <em>Strozzi<\/em> <em>\u00e0<\/em> <em>l\u2019intention<\/em> <em>de<\/em> <em>Lucr\u00e8ce<\/em> <em>Borgia<\/em>, \u00e9d. et trad. par B. Charlet- Mesdjian et D. Voisin, Aix-en-Provence, Presses universitaires de Provence, coll. \u00ab Textuelles \u00bb, 2015.<\/p>\n<p>STROZZI Tito Vespasiano, <em>\u0152uvres<\/em> <em>satiriques<\/em>, \u00e9d. et trad. par B. Charlet-Mesdjian, Aix-en-Provence, Presses universitaires de Provence, coll. \u00ab Textuelles \u00bb, 2016.<\/p>\n<p><em>Three<\/em> <em>Speeches<\/em> <em>by<\/em> <em>Venetian<\/em> <em>Ambassadors<\/em> <em>(1433-1486)<\/em>, ed, intro. and comm. by J. Rothkamm, Wiesbaden, Harrassowitz, coll. \u00ab Gratia \u00bb, 2016 [contient : Francesco Barbaro, <em>Ad<\/em> <em>Sigismundum<\/em> <em>Caesarem<\/em> ; Bernardo Giustinian, <em>Ad<\/em> <em>uniuersitatem<\/em> <em>Parisiensem<\/em> ; Ermolao Barbaro, <em>Ad<\/em> <em>Federicum<\/em> <em>imperatorem<\/em>, <em>Ad<\/em> <em>Maximilianum<\/em> <em>regem<\/em> <em>Romanorum<\/em>].<\/p>\n<p>VERINO Ugolino, <em>Fiammetta<\/em> <em>\u2013<\/em> <em>Paradise<\/em>, ed. and trans. by A. M. Wilson, Cambridge, MA, Harvard University Press, coll. \u00ab The I Tatti Renaissance Library \u00bb, 2016.<\/p>\n<p>ZABARELLA Giacomo, <em>De<\/em> <em>rebus<\/em> <em>naturalibus<\/em>, ed. by J. M. Garc\u00eda Valverde, Leiden-Boston, Brill, coll. \u00ab Brill\u2019s Studies in Intellectual History \u00bb, 2016, 2 volumes.<\/p>\n<p><em>\u00c0<\/em> <em>para\u00eetre<\/em><\/p>\n<p>AB\u00c9LARD Pierre, <em>Glossae<\/em> <em>super<\/em> <em>Peri<\/em> <em>Hermeneias<\/em> <em>II<\/em> <em>:<\/em> <em>Glossae<\/em> <em>\u00ab<\/em> <em>Doctrinae<\/em> <em>Sermonum<\/em> <em>\u00bb<\/em> <em>;<\/em> <em>De<\/em> <em>propositionibus<\/em> <em>modalibus<\/em>, \u00e9d. K. Jacobi et P. King, Turnhout, Brepols, coll. \u00ab Corpus Christianorum \u2013 Continuatio Mediaevalis \u00bb, d\u00e9cembre 2016.<\/p>\n<p>AELRED DE RIEVAULX, <em>Opera<\/em> <em>omnia<\/em> <em>VI<\/em> <em>:<\/em> <em>Opera<\/em> <em>historica<\/em> <em>et<\/em> <em>hagiographica<\/em>, \u00e9d. D. Pezzini, Turnhout, Brepols, coll. \u00ab Corpus Christianorum \u2013 Continuatio Mediaevalis \u00bb, novembre 2016.<\/p>\n<p>ALBERTI Leon Battista, <em>Intercenales<\/em> <em>\/<\/em> <em>Petites<\/em> <em>pi\u00e8ces<\/em> <em>\u00e0<\/em> <em>lire<\/em> <em>entre<\/em> <em>convives<\/em>, \u00e9d. et comm. par R. Cardini, trad. par C. Laurens, Paris, Les Belles Lettres, coll. \u00ab Les Classiques de l\u2019Humanisme \u00bb, novembre 2016, 2 volumes.<\/p>\n<p>ALBERTI Leon Battista, <em>Momus<\/em>, trad. de C. Laurens, Paris, Les Belles Lettres, janvier 2017.<\/p>\n<p>GOSSELIN Guillaume, <em>De<\/em> <em>arte<\/em> <em>magna<\/em> <em>libri<\/em> <em>IV<\/em> <em>\/<\/em> <em>Trait\u00e9<\/em> <em>d\u2019alg\u00e8bre<\/em>, suivi de <em>Praelectio<\/em> <em>\/<\/em> <em>Le\u00e7on<\/em> <em>sur<\/em> <em>la<\/em> <em>math\u00e9matique<\/em>, \u00e9tude introductive, trad. et notes par O. Le Guillou-Kouteynikoff, Paris, Les Belles Lettres, coll. \u00ab Sciences et savoirs \u00bb, septembre 2016.<\/p>\n<p>GROOTE G\u00e9rard, <em>Opera<\/em> <em>omnia<\/em> <em>II,<\/em> <em>2<\/em> <em>:<\/em> <em>Scripta<\/em> <em>contra<\/em> <em>simoniam<\/em> <em>et<\/em> <em>proprietarios<\/em>, \u00e9d. R. H. F. Hofman et M. van den Berg, Turnhout, Brepols, coll. \u00ab Corpus Christianorum \u2013 Continuatio Mediaevalis \u00bb, octobre 2016.<\/p>\n<p>HERBERT DE TORRES, <em>Liber<\/em> <em>uisionum<\/em> <em>et<\/em> <em>miraculorum<\/em> <em>Clareuallensium<\/em>, \u00e9d. G. Zichi, G. Fois et S. Mula, Turnhout, Brepols, coll. \u00ab Corpus Christianorum \u2013 Continuatio Mediaevalis \u00bb, d\u00e9cembre 2016. ISIDORE DE S\u00c9VILLE, <em>Etymologiae<\/em> <em>XV<\/em> \/ <em>\u00c9tymologies<\/em> <em>\u2013<\/em> <em>Livre<\/em> <em>XV<\/em>, Paris, Les Belles Lettres, coll. \u00ab Auteurs latins du Moyen \u00c2ge \u00bb, novembre 2016.<\/p>\n<p>LLULL Ramon, <em>Opera<\/em> <em>latina<\/em> <em>XXXVIII<\/em> <em>(142-153)<\/em> <em>:<\/em> <em>In<\/em> <em>Montepessulano<\/em> <em>anno<\/em> <em>MCCCIX<\/em> <em>conscripta,<\/em> <em>quibus<\/em> <em>epistolae<\/em> <em>tres<\/em> <em>loco<\/em> <em>et<\/em> <em>tempore<\/em> <em>incerto<\/em> <em>adnectuntur<\/em>, \u00e9d. F. Dom\u00ednguez Reboiras, Turnhout, Brepols, coll. \u00ab Corpus Christianorum \u2013 Continuatio Mediaevalis \u00bb, novembre 2016.<\/p>\n<p>MANUTIUS Aldus, <em>Humanism<\/em> <em>and<\/em> <em>the<\/em> <em>Latin<\/em> <em>Classics<\/em>, ed. and trans. by J. N. Grant, Cambridge, MA, Harvard University Press, coll. \u00ab The I Tatti Renaissance Library \u00bb, f\u00e9vrier 2017.<\/p>\n<p>PETRARCA Francesco, <em>Selected<\/em> <em>Letters,<\/em> trans. by E. Fantham, Cambridge, MA, Harvard University Press, coll. \u00ab The I Tatti Renaissance Library \u00bb, f\u00e9vrier 2017, 2 volumes.<\/p>\n<p>RICHARD DE MEDIAVILLA, <em>Troisi\u00e8me<\/em> <em>Quodlibet<\/em>, intro., \u00e9d., trad. et notes par A. Boureau, Paris, Les Belles Lettres, coll. \u00ab Biblioth\u00e8que scolastique \u00bb, janvier 2017.<\/p>\n<p>SAINTE-MARTHE Sc\u00e9vole de, <em>\u0152uvres<\/em> <em>compl\u00e8tes,<\/em> <em>t.<\/em> <em>V<\/em> <em>:<\/em> <em>Derniers<\/em> <em>recueils<\/em> <em>po\u00e9tiques<\/em> <em>(1596-1629)<\/em>, \u00e9d. J. Brunel, Gen\u00e8ve, Droz, coll. \u00ab Textes litt\u00e9raires fran\u00e7ais \u00bb, septembre 2016.<\/p>\n<p><em>Scripta<\/em> <em>medii<\/em> <em>aeui<\/em> <em>de<\/em> <em>uita<\/em> <em>Isidori<\/em> <em>episcopi<\/em> <em>Hispalensis<\/em>, \u00e9d. J. C. Mart\u00edn-Iglesias, Turnhout, Brepols, coll. \u00ab Corpus Christianorum \u2013 Continuatio Mediaevalis \u00bb, octobre 2016 [\u00e9tude et \u00e9dition critique de plusieurs compositions hagiographiques en l\u2019honneur d\u2019Isidore de S\u00e9ville r\u00e9dig\u00e9es en Espagne entre le XI<sup>e<\/sup> et le XIII<sup>e<\/sup> s.].<\/p>\n<p>WALCHER OF MALVERN, <em>\u2018De<\/em> <em>lunationibus\u2019<\/em> <em>and<\/em> <em>\u2018De<\/em> <em>Dracone\u2019<\/em>, ed., trans. and comm. by P. Nothaft, Turnhout, Brepols, coll. \u00ab De Diversis Artibus \u00bb, d\u00e9cembre 2016.<\/p>\n<h1>II.\u00a0 \u00c9tudes<\/h1>\n<p>ALBANESE G., CIOCIOLA C., CORTESI M. et VILLA C. (dir.), <em>Il<\/em> <em>ritorno<\/em> <em>dei<\/em> <em>Classici<\/em> <em>nell\u2019Umanesimo.<\/em> <em>Studi<\/em> <em>in<\/em> <em>memoria<\/em> <em>di<\/em> <em>Gianvito<\/em> <em>Resta<\/em>, Firenze, SISMEL-Edizioni del Galluzzo, 2015.<\/p>\n<p>ANHEIM \u00c9., CHASTANG P., MORA-LEBRUN F. et ROCHEBOUET A. (dir.), <em>L\u2019\u00c9criture<\/em> <em>de<\/em> <em>l\u2019histoire<\/em> <em>au<\/em> <em>Moyen<\/em> <em>\u00c2ge.<\/em> <em>Contraintes<\/em> <em>g\u00e9n\u00e9riques,<\/em> <em>contraintes<\/em> <em>documentaires<\/em>, Paris, Classiques Garnier, coll. \u00ab Rencontres \u2013 Civilisation m\u00e9di\u00e9vale \u00bb, 2015.<\/p>\n<p>BAGGIONI L., <em>La<\/em> <em>forteresse<\/em> <em>de<\/em> <em>la<\/em> <em>raison.<\/em> <em>Lectures<\/em> <em>de<\/em> <em>l\u2019humanisme<\/em> <em>florentin<\/em> <em>d\u2019apr\u00e8s<\/em> <em>l\u2019\u0153uvre<\/em> <em>de<\/em> <em>Coluccio<\/em> <em>Salutati<\/em>, Gen\u00e8ve, Droz, coll. \u00ab Travaux d\u2019Humanisme et Renaissance \u00bb, 2015.<\/p>\n<p>BAKHOUCHE B. (dir.), <em>Science<\/em> <em>et<\/em> <em>ex\u00e9g\u00e8se.<\/em> <em>Les<\/em> <em>interpr\u00e9tations<\/em> <em>antiques<\/em> <em>et<\/em> <em>m\u00e9di\u00e9vales<\/em> <em>du<\/em> <em>r\u00e9cit<\/em> <em>biblique<\/em> <em>de<\/em> <em>la<\/em> <em>cr\u00e9ation<\/em> <em>des<\/em> <em>\u00e9l\u00e9ments<\/em> <em>(Gen\u00e8se<\/em> <em>1,<\/em> <em>1-8)<\/em>, Turnhout, Brepols, coll. \u00ab Biblioth\u00e8que de l\u2019\u00c9cole des Hautes \u00c9tudes \u2013 Sciences religieuses \u00bb, 2016.<\/p>\n<p>BALSAMO J., NICKLAS T. et RESTIF B. (dir.), <em>Un<\/em> <em>pr\u00e9lat<\/em> <em>fran\u00e7ais<\/em> <em>de<\/em> <em>la<\/em> <em>Renaissance.<\/em> <em>Le<\/em> <em>cardinal<\/em> <em>de<\/em> <em>Lorraine,<\/em> <em>entre<\/em> <em>Reims<\/em> <em>et<\/em> <em>l\u2019Europe<\/em>, Gen\u00e8ve, Droz, coll. \u00ab Travaux d\u2019Humanisme et Renaissance \u00bb, 2015.<\/p>\n<p>BOEHM I., FERRARY J.-L. et FRANCHET D\u2019ESP\u00c8REY S. (dir.), <em>L\u2019Homme<\/em> <em>et<\/em> <em>ses<\/em> <em>passions.<\/em> <em>Actes<\/em> <em>du<\/em> <em>XVII<sup>e <\/sup><\/em><em>Congr\u00e8s<\/em> <em>international<\/em> <em>de<\/em> <em>l\u2019Association<\/em> <em>Guillaume<\/em> <em>Bud\u00e9<\/em>, Paris, Les Belles Lettres, 2016.<\/p>\n<p>BOER W. de, ENENKEL K. A. E. et MELION W. S. (dir.), <em>Jesuit<\/em> <em>Image<\/em> <em>Theory<\/em>, Leiden-Boston, Brill, coll. \u00ab Intersections \u00bb, 2016.<\/p>\n<p>BONANSEA M., <em>Le<\/em> <em>discours<\/em> <em>de<\/em> <em>la<\/em> <em>guerre<\/em> <em>dans<\/em> <em>la<\/em> <em>chanson<\/em> <em>de<\/em> <em>geste<\/em> <em>et<\/em> <em>le<\/em> <em>roman<\/em> <em>arthurien<\/em> <em>en<\/em> <em>prose,<\/em> Paris, Champion, coll. \u00ab Nouvelle biblioth\u00e8que du Moyen \u00c2ge \u00bb, 2016.<\/p>\n<p>BOUCHET F. et KLINGER-DOLL\u00c9 A.-H. (dir.), <em>Penser<\/em> <em>les<\/em> <em>cinq<\/em> <em>sens<\/em> <em>au<\/em> <em>Moyen<\/em> <em>\u00c2ge.<\/em> <em>Po\u00e9tique,<\/em> <em>esth\u00e9tique,<\/em> <em>\u00e9thique<\/em>, coll. \u00ab Rencontres \u2013 Civilisation m\u00e9di\u00e9vale \u00bb, Paris, Classiques Garnier, 2015.<\/p>\n<p>BOUREAU A., <em>L\u2019errance<\/em> <em>des<\/em> <em>normes.<\/em> <em>\u00c9l\u00e9ments<\/em> <em>d\u2019\u00e9thique<\/em> <em>scolastique<\/em> <em>(1220-1320)<\/em>, Paris, Les Belles Lettres, coll. \u00ab Histoire \u00bb, 2016.<\/p>\n<p>BOURGAIN P., <em>Entre<\/em> <em>vers<\/em> <em>et<\/em> <em>prose.<\/em> <em>L\u2019expressivit\u00e9<\/em> <em>dans<\/em> <em>l\u2019\u00e9criture<\/em> <em>m\u00e9di\u00e9vale<\/em> <em>latine<\/em>, Paris, \u00c9cole nationale des Chartes, coll. \u00ab M\u00e9moires et documents de l\u2019\u00c9cole des Chartes \u00bb, 2015.<\/p>\n<p>BRIGUGLIA G., <em>Le<\/em> <em>pouvoir<\/em> <em>mis<\/em> <em>\u00e0<\/em> <em>la<\/em> <em>question.<\/em> <em>Th\u00e9ologiens<\/em> <em>et<\/em> <em>th\u00e9orie<\/em> <em>politique<\/em> <em>\u00e0<\/em> <em>l\u2019\u00e9poque<\/em> <em>du<\/em> <em>conflit<\/em> <em>entre<\/em> <em>Boniface<\/em> <em>VIII<\/em> <em>et<\/em> <em>Philippe<\/em> <em>le<\/em> <em>Bel<\/em>, trad. M. Raiola, Paris, Les Belles Lettres, coll. \u00ab Histoire \u00bb, 2016.<\/p>\n<p>BR\u00ceNZEI M. (dir.), <em>Nicholas<\/em> <em>of<\/em> <em>Dinkelsb\u00fchl<\/em> <em>and<\/em> <em>the<\/em> Sentences <em>at<\/em> <em>Vienna<\/em> <em>in<\/em> <em>the<\/em> <em>Early<\/em> <em>Fifteenth<\/em> <em>Century<\/em>, Turnhout, Brepols, coll. \u00ab Studia Sententiarum \u00bb, 2015.<\/p>\n<p>BROWN C. J. et LEGAR\u00c9 A.-M. (dir.), <em>Les<\/em> <em>femmes,<\/em> <em>la<\/em> <em>culture<\/em> <em>et<\/em> <em>les<\/em> <em>arts<\/em> <em>en<\/em> <em>Europe<\/em> <em>entre<\/em> <em>Moyen<\/em> <em>\u00c2ge<\/em> <em>et<\/em> <em>Renaissance<\/em>, Turnhout, Brepols, coll. \u00ab Texte, Codex et Contexte \u00bb, 2016.<\/p>\n<p>CALMA D. (dir.), <em>Neoplatonism<\/em> <em>in<\/em> <em>the<\/em> <em>Middle<\/em> <em>Ages.<\/em> <em>New<\/em> <em>Commentaries<\/em> <em>on<\/em> <em>\u2018Liber<\/em> <em>de<\/em> <em>Causis\u2019<\/em> <em>and<\/em> <em>\u2018Elementatio<\/em> <em>Theologica\u2019<\/em>, Turnhout, Brepols, coll. \u00ab Studia Artistarum \u00bb, 2016, 2 volumes.<\/p>\n<p>CATALANO C., <em>Philosophie<\/em> <em>et<\/em> <em>philosophes<\/em> <em>dans<\/em> <em>l\u2019<\/em>Augustinus <em>de<\/em> <em>Corn\u00e9lius<\/em> <em>Jans\u00e9nius<\/em>, Paris, Champion, coll. \u00ab Lumi\u00e8re classique \u00bb, 2016.<\/p>\n<p>CHON\u00c9 P. (dir.), <em>La<\/em> <em>ville<\/em> <em>et<\/em> <em>la<\/em> <em>coquille.<\/em> <em>Huit<\/em> <em>essais<\/em> <em>d\u2019embl\u00e9matique<\/em>, Paris, Beauchesne, coll. \u00ab Christophe Plantin \u00bb, 2016.<\/p>\n<p>CICCONE L., <em>Esegesi<\/em> <em>oraziana<\/em> <em>nel<\/em> <em>Medioevo.<\/em> <em>Il<\/em> <em>commento<\/em> <em>\u00ab<\/em> <em>Communiter<\/em> <em>\u00bb<\/em>, Firenze, SISMEL-Edizioni del Galluzzo, coll. \u00ab Traditio et renovatio \u00bb, 2016.<\/p>\n<p>CINATO F., <em>Priscien<\/em> <em>glos\u00e9.<\/em> <em>L\u2019<\/em>Ars grammatica <em>de<\/em> <em>Priscien<\/em> <em>vue<\/em> <em>\u00e0<\/em> <em>travers<\/em> <em>les<\/em> <em>gloses<\/em> <em>carolingiennes<\/em>, Turnhout, Brepols, coll. \u00ab Studia Artistarum \u00bb, 2015.<\/p>\n<p>COLOT B., <em>Lactance<\/em>. <em>Penser<\/em> <em>la<\/em> <em>conversion<\/em> <em>de<\/em> <em>Rome<\/em> <em>au<\/em> <em>temps<\/em> <em>de<\/em> <em>Constantin<\/em>, Firenze, Olschki, coll. \u00ab Biblioteca della Rivista di storia e letteratura religiosa \u00bb, 2016.<\/p>\n<p>COUZINET M.-D., <em>Pierre<\/em> <em>Ramus<\/em> <em>et<\/em> <em>la<\/em> <em>critique<\/em> <em>du<\/em> <em>p\u00e9dantisme.<\/em> <em>Philosophie,<\/em> <em>humanisme<\/em> <em>et<\/em> <em>culture<\/em> <em>scolaire<\/em> <em>au<\/em> <em>XVI<sup>e <\/sup><\/em><em>si\u00e8cle<\/em>, Paris, Champion, coll. \u00ab Biblioth\u00e8que litt\u00e9raire de la Renaissance \u00bb, 2015.<\/p>\n<p>DALY P. M. et DIMLER G. R. (dir.), <em>The<\/em> <em>Jesuit<\/em> <em>Emblem<\/em> <em>in<\/em> <em>the<\/em> <em>European<\/em> <em>Context<\/em>, Philadelphia, Saint Joseph\u2019s University Press, coll. \u00ab Early Modern Catholicism and the Visual Arts \u00bb, 2016.<\/p>\n<p>DARMON R., DESBOIS-IENTILE A., PETIT A. et VINTENON A. (dir.), <em>L\u2019Histoire<\/em> <em>\u00e0<\/em> <em>la<\/em> <em>Renaissance.<\/em> <em>\u00c0<\/em> <em>la<\/em> <em>crois\u00e9e<\/em> <em>des<\/em> <em>genres<\/em> <em>et<\/em> <em>des<\/em> <em>pratiques<\/em>, Paris, Classiques Garnier, coll. \u00ab \u00c9tudes et essais sur la Renaissance \u00bb, 2016.<\/p>\n<p>DE LEEMANS P. et HOENEN M. J. F. M. (dir.), <em>Between<\/em> <em>Text<\/em> <em>and<\/em> <em>Tradition.<\/em> <em>Pietro<\/em> <em>d\u2019Abano<\/em> <em>and<\/em> <em>the<\/em> <em>Reception<\/em> <em>of<\/em> <em>Pseudo-Aristotle\u2019s<\/em> Problemata Physica <em>in<\/em> <em>the<\/em> <em>Middle<\/em> <em>Ages<\/em>, Leuven, Leuven University Press, coll. \u00ab Mediaevalia Lovaniensia \u00bb, 2016.<\/p>\n<p>DEMARTINI D., LE NINAN C., PAUPERT A. et SZKILNIK M. (dir.), <em>Une<\/em> <em>femme<\/em> <em>et<\/em> <em>la<\/em> <em>guerre<\/em> <em>\u00e0<\/em> <em>la<\/em> <em>fin<\/em> <em>du<\/em> <em>Moyen<\/em> <em>\u00c2ge.<\/em> <em>Le<\/em> Livre des faits d\u2019armes et de chevalerie <em>de<\/em> <em>Christine<\/em> <em>de<\/em> <em>Pizan<\/em>, Paris, Champion, coll. \u00ab \u00c9tudes christiniennes \u00bb, 2016.<\/p>\n<p>DEVAUX J. et VELISSARIOU A. (dir.), <em>Autour<\/em> <em>des<\/em> Cent Nouvelles nouvelles. <em>Sources<\/em> <em>et<\/em> <em>rayonnements,<\/em> <em>contextes<\/em> <em>et<\/em> <em>interpr\u00e9tations<\/em>, Paris, Champion, coll. \u00ab Biblioth\u00e8que du XV<sup>e<\/sup> si\u00e8cle \u00bb, 2016.<\/p>\n<p>DODSON-ROBINSON E. (dir.), <em>Brill\u2019s<\/em> <em>Companion<\/em> <em>to<\/em> <em>the<\/em> <em>Reception<\/em> <em>of<\/em> <em>Senecan<\/em> <em>Tragedy.<\/em> <em>Scholarly,<\/em> <em>Theatrical<\/em> <em>and<\/em> <em>Literary<\/em> <em>Receptions<\/em>, Leiden-Boston, Brill, coll. \u00ab Brill\u2019s Companions to Classical Reception \u00bb, 2016.<\/p>\n<p>DUBOST F., <em>La<\/em> <em>Merveille<\/em> <em>m\u00e9di\u00e9vale<\/em>, Paris, Champion, coll. \u00ab Essais sur le Moyen \u00c2ge \u00bb, 2016. DUCOS J. et GOYENS M. (dir.), <em>Traduire<\/em> <em>au<\/em> <em>XIV<sup>e<\/sup><\/em> <em>si\u00e8cle.<\/em> <em>Evrart<\/em> <em>de<\/em> <em>Conty<\/em> <em>et<\/em> <em>la<\/em> <em>vie<\/em> <em>\u00e0<\/em> <em>la<\/em> <em>cour<\/em> <em>de<\/em> <em>Charles<\/em> <em>V<\/em>, Paris, Champion, coll. \u00ab Colloques, congr\u00e8s et conf\u00e9rences \u2013 Sciences du langage, histoire de la langue et des dictionnaires \u00bb, 2015.<\/p>\n<p>DUCOS J., SOUTET O. et VALETTE J.-R., <em>Le<\/em> <em>Fran\u00e7ais<\/em> <em>m\u00e9di\u00e9val<\/em> <em>par<\/em> <em>les<\/em> <em>textes.<\/em> <em>Anthologie<\/em> <em>comment\u00e9e<\/em>, Paris, Champion, coll. \u00ab Champion Classiques \u00bb, 2016.<\/p>\n<p>ECO U., <em>\u00c9crits<\/em> <em>sur<\/em> <em>la<\/em> <em>pens\u00e9e<\/em> <em>au<\/em> <em>Moyen<\/em> <em>\u00c2ge<\/em>, trad. M. Bouzaher, M. Javion, F. Rosso et H. Sauvage, Paris, Grasset, 2016.<\/p>\n<p>FERRARA S., RICCI M. T. et BOILLET E. (dir.), <em>Boccace,<\/em> <em>entre<\/em> <em>Moyen<\/em> <em>\u00c2ge<\/em> <em>et<\/em> <em>Renaissance.<\/em> <em>Les<\/em> <em>tensions<\/em> <em>d\u2019un<\/em> <em>\u00e9crivain<\/em>, Paris, Champion, coll. \u00ab Le Savoir de Mantice \u00bb, 2015.<\/p>\n<p>FRAZIER A. et NOLD P. (dir.), <em>Essays<\/em> <em>in<\/em> <em>Renaissance<\/em> <em>Thought<\/em> <em>and<\/em> <em>Letters<\/em> <em>in<\/em> <em>Honor<\/em> <em>of<\/em> <em>John<\/em> <em>Monfasani<\/em>, Leiden-Boston, Brill, coll. \u00ab Brill\u2019s Studies in Intellectual History \u00bb, 2015.<\/p>\n<p>FRUGONI C., <em>Le<\/em> <em>Moyen<\/em> <em>\u00c2ge<\/em> <em>par<\/em> <em>ses<\/em> <em>images<\/em>, trad. L. d\u2019Azay, Paris, Les Belles Lettres, coll. \u00ab Histoire \u00bb, 2015.<\/p>\n<p>FURSTENBERG-LEVI S., <em>The<\/em> <em>Accademia<\/em> <em>Pontaniana.<\/em> <em>A<\/em> <em>Model<\/em> <em>of<\/em> <em>a<\/em> <em>Humanist<\/em> <em>Network<\/em>, Leiden-Boston, Brill, coll. \u00ab Brill\u2019s Studies in Intellectual History \u00bb, 2016.<\/p>\n<p>GALAND P. et POUEY-MOUNOU A.-P. (dir.), <em>La<\/em> <em>Muse<\/em> <em>s\u2019amuse.<\/em> <em>Figures<\/em> <em>insolites<\/em> <em>de<\/em> <em>la<\/em> <em>Muse<\/em> <em>\u00e0<\/em> <em>la<\/em> <em>Renaissance<\/em>, Gen\u00e8ve, Droz, coll. \u00ab Cahiers d\u2019Humanisme et Renaissance \u00bb, 2016.<\/p>\n<p>GAMBINO LONGO S., <em>Sine<\/em> <em>moribus<\/em> <em>errantes.<\/em> <em>Les<\/em> <em>discours<\/em> <em>sur<\/em> <em>les<\/em> <em>temps<\/em> <em>premiers<\/em> <em>\u00e0<\/em> <em>la<\/em> <em>Renaissance<\/em> <em>italienne<\/em>, Gen\u00e8ve, Droz, coll. \u00ab Cahiers d\u2019Humanisme et Renaissance \u00bb, 2016.<\/p>\n<p>GARNIER I., LE FLANCHEC V. D., MONTAGNE V., R\u00c9ACH-NG\u00d4 A., THOMINE M.-C., TRAN T. et VIET N. (dir.), <em>Paroles<\/em> <em>d\u00e9gel\u00e9es.<\/em> <em>Propos<\/em> <em>de<\/em> <em>l\u2019Atelier<\/em> <em>XVI<sup>e<\/sup><\/em> <em>si\u00e8cle<\/em>, Paris, Classiques Garnier, coll. \u00ab \u00c9tudes et essais sur la Renaissance \u00bb, 2016.<\/p>\n<p>GAULLIER-BOUGASSAS C., BRIDGES M. et TILLIETTE J.-Y. (dir.), <em>Trajectoires<\/em> <em>europ\u00e9ennes<\/em> <em>du<\/em> Secretum secretorum <em>du<\/em> <em>Pseudo-Aristote<\/em> <em>(<\/em><em>XIII<sup>e<\/sup><\/em><em>&#8211;<\/em><em>XVI<sup>e<\/sup><\/em> <em>si\u00e8cles)<\/em>, Turnhout, Brepols, coll. \u00ab Alexander redivivus \u00bb, 2016.<\/p>\n<p>GIRAUD C., <em>Spiritualit\u00e9<\/em> <em>et<\/em> <em>histoire<\/em> <em>des<\/em> <em>textes<\/em> <em>entre<\/em> <em>Moyen<\/em> <em>\u00c2ge<\/em> <em>et<\/em> <em>\u00e9poque<\/em> <em>moderne.<\/em> <em>Gen\u00e8se<\/em> <em>et<\/em> <em>fortune<\/em> <em>d\u2019un<\/em> <em>corpus<\/em> <em>pseud\u00e9pigraphe<\/em> <em>de<\/em> <em>m\u00e9ditations,<\/em> Paris, Institut d\u2019\u00c9tudes augustiniennes, 2016.<\/p>\n<p>GORRIS CAMOS R. et VANAUTGAERDEN A. (dir.), <em>Les<\/em> <em>labyrinthes<\/em> <em>de<\/em> <em>l\u2019esprit.<\/em> <em>Collections<\/em> <em>et<\/em> <em>biblioth\u00e8ques<\/em> <em>\u00e0<\/em> <em>la<\/em> <em>Renaissance<\/em>, Gen\u00e8ve, Droz, coll. \u00ab Travaux d\u2019Humanisme et Renaissance \u00bb, 2016.<\/p>\n<p>HAAN A. den, <em>Giannozzo<\/em> <em>Manetti\u2019s<\/em> <em>New<\/em> <em>Testament.<\/em> <em>Translation<\/em> <em>Theory<\/em> <em>and<\/em> <em>Practice<\/em> <em>in<\/em> <em>Fifteenth-Century<\/em> <em>Italy<\/em>, Leiden-Boston, Brill, coll. \u00ab Brill\u2019s Studies in Intellectual History \u00bb, 2016.<\/p>\n<p>HERBERT DE LA PORTBARR\u00c9-VIARD G. et STOEHR-MONJOU A. (dir.), <em>\u00ab<\/em> <em>Studium<\/em> <em>in<\/em> <em>libris<\/em> <em>et<\/em> <em>sedula<\/em> <em>cura<\/em> <em>docendi.<\/em> <em>\u00bb<\/em> <em>M\u00e9langes<\/em> <em>en<\/em> <em>l\u2019honneur<\/em> <em>de<\/em> <em>Jean-Louis<\/em> <em>Charlet<\/em>, Paris, Institut d\u2019\u00c9tudes augustiniennes, 2016.<\/p>\n<p>IJSEWIJN J., <em>Humanism<\/em> <em>in<\/em> <em>the<\/em> <em>Low<\/em> <em>Countries.<\/em> A Collection of Studies selected and edited by G. Tournoy, Leuven, Leuven University Press, coll. \u00ab Supplementa Humanistica Lovaniensia \u00bb, 2015.<\/p>\n<p>JONES-DAVIES M. et MALHOMME F. (dir.), <em>Le<\/em> <em>Silence<\/em> <em>\u00e0<\/em> <em>la<\/em> <em>Renaissance<\/em>, Turnhout, Brepols, coll. \u00ab Publications de la Soci\u00e9t\u00e9 Internationale de Recherches Interdisciplinaires sur la Renaissance \u00bb, 2015.<\/p>\n<p>JUSTE D., <em>Les<\/em> <em>manuscrits<\/em> <em>astrologiques<\/em> <em>latins<\/em> <em>conserv\u00e9s<\/em> <em>\u00e0<\/em> <em>la<\/em> <em>Biblioth\u00e8que<\/em> <em>nationale<\/em> <em>de<\/em> <em>France<\/em>, Paris, CNRS \u00c9ditions, coll. \u00ab Documents, \u00e9tudes et r\u00e9pertoires \u00bb, 2015.<\/p>\n<p>KLINGER-DOLL\u00c9 A.-H., <em>Le<\/em> De sensu <em>de<\/em> <em>Charles<\/em> <em>de<\/em> <em>Bovelles<\/em> <em>(1511).<\/em> <em>Conception<\/em> <em>philosophique<\/em> <em>des<\/em> <em>sens<\/em> <em>et<\/em> <em>figuration<\/em> <em>de<\/em> <em>la<\/em> <em>pens\u00e9e.<\/em> <em>Suivi<\/em> <em>du<\/em> <em>texte<\/em> <em>latin<\/em> <em>du<\/em> De sensu<em>,<\/em> <em>traduit<\/em> <em>et<\/em> <em>annot\u00e9<\/em>, Gen\u00e8ve, Droz, coll. \u00ab Travaux d\u2019Humanisme et Renaissance \u00bb, 2016.<\/p>\n<p>K\u00fchlmann W., Hartmann V., Hufnagel B., Czapla R. G., Gruhl R., Hanstein M., LUDESCHER L. (dir.), <em>Die<\/em> <em>deutschen<\/em> <em>Humanisten.<\/em> <em>Dokumente<\/em> <em>zur<\/em> <em>\u00dcberlieferung<\/em> <em>der<\/em> <em>antiken<\/em> <em>und<\/em> <em>mittelalterlichen<\/em> <em>Literatur<\/em> <em>in<\/em> <em>der<\/em> <em>Fr\u00fchen<\/em> <em>Neuzeit.<\/em> <em>Abteilung<\/em> <em>I<\/em> <em>:<\/em> <em>Die<\/em> <em>Kurpfalz<\/em> <em>\u2013<\/em> <em>Band<\/em> <em>V<\/em> <em>:<\/em> <em>Wilhelm<\/em> <em>Xylander,<\/em> <em>Aemilius<\/em> <em>Portus,<\/em> <em>Daniel<\/em> <em>Tossanus<\/em> <em>der<\/em> <em>\u00c4ltere,<\/em> <em>Paulus<\/em> <em>Tossanus,<\/em> <em>Franciscus<\/em> <em>Junius<\/em> <em>der<\/em> <em>\u00c4ltere,<\/em> <em>Giulio<\/em> <em>Pace,<\/em> <em>Dionysius<\/em> <em>Gothofredus<\/em> <em>und<\/em> <em>Johann<\/em> <em>Kahl<\/em>, Turnhout, Brepols, coll. \u00ab Europa Humanistica \u00bb, 2016.<\/p>\n<p>LAURIOLA R. et DEMETRIOU K. N. (dir.), <em>Brill\u2019s<\/em> <em>Companion<\/em> <em>to<\/em> <em>the<\/em> <em>Reception<\/em> <em>of<\/em> <em>Euripides<\/em>, Leiden- Boston, Brill, coll. \u00ab Brill\u2019s Companions to Classical Reception \u00bb, 2015.<\/p>\n<p>LE GALL J.-M. (dir.), <em>La<\/em> <em>d\u00e9faite<\/em> <em>\u00e0<\/em> <em>la<\/em> <em>Renaissance<\/em>, Gen\u00e8ve, Droz, coll. \u00ab Cahiers d\u2019Humanisme et Renaissance \u00bb, 2016.<\/p>\n<p>LEROUX V., PALMIERI N. et PIGN\u00c9 C. (dir.), <em>Le<\/em> <em>Sommeil.<\/em> <em>Approches<\/em> <em>philosophiques<\/em> <em>et<\/em> <em>m\u00e9dicales<\/em> <em>de<\/em> <em>l\u2019Antiquit\u00e9<\/em> <em>\u00e0<\/em> <em>la<\/em> <em>Renaissance<\/em>, Paris, Champion, coll. \u00ab Sciences, techniques et civilisations du Moyen \u00c2ge \u00e0 l\u2019aube des Lumi\u00e8res \u00bb, 2015.<\/p>\n<p>MACLEAN I., <em>Interpr\u00e9tation<\/em> <em>et<\/em> <em>signification<\/em> <em>\u00e0<\/em> <em>la<\/em> <em>Renaissance.<\/em> <em>Le<\/em> <em>cas<\/em> <em>du<\/em> <em>droit<\/em>, trad. V. Hayaert, Gen\u00e8ve, Droz, coll. \u00ab Titre courant \u00bb, 2016.<\/p>\n<p>MATHIEU-CASTELLANI G., <em>Le<\/em> <em>Rossignol<\/em> <em>po\u00e8te<\/em> <em>dans<\/em> <em>l\u2019Antiquit\u00e9<\/em> <em>et<\/em> <em>\u00e0<\/em> <em>la<\/em> <em>Renaissance<\/em>, Paris, Classiques Garnier, coll. \u00ab \u00c9tudes et essais sur la Renaissance \u00bb, 2016.<\/p>\n<p>MAZZOCCO A. et LAUREYS M. (dir.), <em>A<\/em> <em>New<\/em> <em>Sense<\/em> <em>of<\/em> <em>the<\/em> <em>Past.<\/em> <em>The<\/em> <em>Scolarship<\/em> <em>of<\/em> <em>Biondo<\/em> <em>Flavio<\/em> <em>(1392-<\/em> <em>1463)<\/em>, Leuven, Leuven University Press, coll. \u00ab Supplementa Humanistica Lovaniensia \u00bb, 2016. MCLAUGHLIN M., <em>Leon<\/em> <em>Battista<\/em> <em>Alberti.<\/em> <em>La<\/em> <em>vita,<\/em> <em>l\u2019umanesimo,<\/em> <em>le<\/em> <em>opere<\/em> <em>letterarie<\/em>, Firenze, Olschki, coll. \u00ab Biblioteca dell\u2019Archivum Romanicum \u00bb, 2016.<\/p>\n<p>M\u00c9NIEL B. (dir.), <em>\u00c9crivains<\/em> <em>juristes<\/em> <em>et<\/em> <em>juristes<\/em> <em>\u00e9crivains<\/em> <em>du<\/em> <em>Moyen<\/em> <em>\u00c2ge<\/em> <em>au<\/em> <em>si\u00e8cle<\/em> <em>des<\/em> <em>Lumi\u00e8res<\/em>, Paris, Classiques Garnier, coll. \u00ab Esprit des Lois, Esprit des Lettres \u00bb, 2016.<\/p>\n<p>O\u2019MALLEY J. W. (dir.), <em>Art,<\/em> <em>Controversy<\/em> <em>and<\/em> <em>the<\/em> <em>Jesuits.<\/em> <em>The<\/em> <em>\u00ab<\/em> <em>Imago<\/em> <em>Primi<\/em> <em>Saeculi<\/em> <em>\u00bb<\/em>, Philadelphia, Saint Joseph\u2019s University Press, coll. \u00ab Early Modern Catholicism and the Visual Arts \u00bb, 2015.<\/p>\n<p>PANZERA M. C. et CANONICA E. (dir.), <em>La<\/em> <em>Lettre<\/em> <em>au<\/em> <em>carrefour<\/em> <em>des<\/em> <em>genres<\/em> <em>et<\/em> <em>des<\/em> <em>traditions<\/em> <em>du<\/em> <em>Moyen<\/em> <em>\u00c2ge<\/em> <em>au <\/em><em>XVII<sup>e<\/sup><\/em> <em>si\u00e8cle<\/em>, Paris, Classiques Garnier, coll. \u00ab Rencontres \u00bb, 2015.<\/p>\n<p>PERICOLO L. et RICHARDSON J. N. (dir.), <em>Remembering<\/em> <em>the<\/em> <em>Middle<\/em> <em>Ages<\/em> <em>in<\/em> <em>Early<\/em> <em>Modern<\/em> <em>Italy<\/em>, Turnhout, Brepols, coll. \u00ab Art History \u00bb, 2016.<\/p>\n<p>PETEY-GIRARD B. et TROTROT C. (dir.), <em>M\u00e9taphore,<\/em> <em>savoirs<\/em> <em>et<\/em> <em>arts<\/em> <em>au<\/em> <em>d\u00e9but<\/em> <em>des<\/em> <em>temps<\/em> <em>modernes<\/em>, Paris, Classiques Garnier, coll. \u00ab Colloques, congr\u00e8s et conf\u00e9rences sur la Renaissance europ\u00e9enne \u00bb, 2016.<\/p>\n<p>PRIESTLEY J. et ZALI V. (dir.), <em>Brill\u2019s<\/em> <em>Companion<\/em> <em>to<\/em> <em>the<\/em> <em>Reception<\/em> <em>of<\/em> <em>Herodotus<\/em> <em>in<\/em> <em>Antiquity<\/em> <em>and<\/em> <em>Beyond<\/em>, Leiden-Boston, Brill, coll. \u00ab Brill\u2019s Companions to Classical Reception \u00bb, 2016.<\/p>\n<p>ROSSI L. C., <em>Studi<\/em> <em>su<\/em> <em>Benvenuto<\/em> <em>da<\/em> <em>Imola<\/em>, Firenze, SISMEL-Edizioni del Galluzzo, coll. \u00ab Traditio et Renovatio \u00bb, 2016.<\/p>\n<p>RUZZIER C. et HERMAND X. (dir.), <em>Comment<\/em> <em>le<\/em> <em>Livre<\/em> <em>s\u2019est<\/em> <em>fait<\/em> <em>livre.<\/em> <em>La<\/em> <em>fabrication<\/em> <em>des<\/em> <em>manuscrits<\/em> <em>bibliques<\/em> <em>(<\/em><em>IV<sup>e<\/sup><\/em><em>&#8211;<\/em><em>XV<sup>e<\/sup><\/em> <em>si\u00e8cle).<\/em> <em>Bilan,<\/em> <em>r\u00e9sultats,<\/em> <em>perspectives<\/em> <em>de<\/em> <em>recherche<\/em>, Turnhout, Brepols, coll. \u00ab Bibliologia \u00bb, 2015. RYLE S. (dir.), <em>Erasmus<\/em> <em>and<\/em> <em>the<\/em> <em>Renaissance<\/em> <em>Republic<\/em> <em>of<\/em> <em>Letters<\/em>, Turnhout, Brepols, coll. \u00ab Disputatio \u00bb, 2014.<\/p>\n<p>SORANZO M., <em>Poetry<\/em> <em>and<\/em> <em>Identity<\/em> <em>in<\/em> <em>Quattrocento<\/em> <em>Naples<\/em>, Farnham, Ashgate, 2014.<\/p>\n<p>SPEZIARI D., <em>La<\/em> <em>plume<\/em> <em>et<\/em> <em>le<\/em> <em>pinceau.<\/em> <em>Nicolas<\/em> <em>Denisot,<\/em> <em>po\u00e8te<\/em> <em>et<\/em> <em>artiste<\/em> <em>de<\/em> <em>la<\/em> <em>Renaissance<\/em> <em>(1515-1559)<\/em>, Gen\u00e8ve, Droz, coll. \u00ab Travaux d\u2019Humanisme et Renaissance \u00bb, 2016.<\/p>\n<p>STORCHOV\u00c1 L., <em>Bohemian<\/em> <em>School<\/em> <em>Humanism<\/em> <em>and<\/em> <em>its<\/em> <em>Editorial<\/em> <em>Practices<\/em> <em>(<\/em>ca<em>.<\/em> <em>1550-1610)<\/em>, Turnhout, Brepols, coll. \u00ab Europa Humanistica \u00bb, 2014.<\/p>\n<p>TEISSIER-ENSMINGER A., <em>Fabuleuse<\/em> <em>juridicit\u00e9.<\/em> <em>Sur<\/em> <em>la<\/em> <em>litt\u00e9rarisation<\/em> <em>des<\/em> <em>genres<\/em> <em>juridiques<\/em>, Paris, Classiques Garnier, coll. \u00ab Esprit des Lois, Esprit des Lettres \u00bb, 2015.<\/p>\n<p>TIMPANARO S., <em>La<\/em> <em>gen\u00e8se<\/em> <em>de<\/em> <em>la<\/em> <em>m\u00e9thode<\/em> <em>de<\/em> <em>Lachmann<\/em>, trad. A.-P. Segonds et A. Cohen-Skalli, Paris, Les Belles Lettres, coll. \u00ab L\u2019\u00c2ne d\u2019or \u00bb, 2016.<\/p>\n<p>THOMASSET C. (dir.), <em>D\u2019ailes<\/em> <em>et<\/em> <em>d\u2019oiseaux<\/em> <em>au<\/em> <em>Moyen<\/em> <em>\u00c2ge.<\/em> <em>Langue,<\/em> <em>litt\u00e9rature<\/em> <em>et<\/em> <em>histoire<\/em> <em>des<\/em> <em>sciences.<\/em> <em>D\u00e9di\u00e9s<\/em> <em>\u00e0<\/em> <em>Claude<\/em> <em>Gaignebet<\/em>, Paris, Champion, coll. \u00ab Sciences, techniques et civilisations du Moyen \u00c2ge \u00e0 l\u2019aube des Lumi\u00e8res \u00bb, 2016.<\/p>\n<p>TOGNI N. (dir.), <em>Les<\/em> <em>Bibles<\/em> <em>atlantiques.<\/em> <em>Le<\/em> <em>manuscrit<\/em> <em>biblique<\/em> <em>\u00e0<\/em> <em>l\u2019\u00e9poque<\/em> <em>de<\/em> <em>la<\/em> <em>r\u00e9forme<\/em> <em>de<\/em> <em>l\u2019\u00c9glise<\/em> <em>du<\/em> <em>XI<sup>e<\/sup><\/em> <em>si\u00e8cle<\/em>, Firenze, SISMEL-Edizioni del Galluzzo, coll. \u00ab Millenio Medievale \u00bb, 2016.<\/p>\n<p>VITI P. (dir.), <em>Cultura<\/em> <em>e<\/em> <em>filologia<\/em> <em>di<\/em> <em>Angelo<\/em> <em>Poliziano.<\/em> <em>Traduzioni<\/em> <em>e<\/em> <em>commenti<\/em>, Firenze, Olschki, coll. \u00ab Edizione nazionale delle opere di Angelo Poliziano \u2013 Strumenti \u00bb, 2016.<\/p>\n<p>WAJEMAN L., <em>L\u2019amour<\/em> <em>de<\/em> <em>l\u2019art.<\/em> <em>\u00c9rotique<\/em> <em>de<\/em> <em>l\u2019artiste<\/em> <em>et<\/em> <em>du<\/em> <em>spectateur<\/em> <em>au<\/em> <em>XVI<sup>e<\/sup><\/em> <em>si\u00e8cle<\/em>, Gen\u00e8ve, Droz, coll. \u00ab Les Seuils de la Modernit\u00e9 \u00bb, 2015.<\/p>\n<p>WALSH P. (dir.), <em>Brill\u2019s<\/em> <em>Companion<\/em> <em>to<\/em> <em>the<\/em> <em>Reception<\/em> <em>of<\/em> <em>Aristophanes<\/em>, Leiden-Boston, Brill, coll. \u00ab Brill\u2019s Companions to Classical Reception \u00bb, 2016.<\/p>\n<p>WOOD J. et FEAR A. (dir.), <em>Isidore<\/em> <em>of<\/em> <em>Seville<\/em> <em>and<\/em> <em>his<\/em> <em>Reception<\/em> <em>in<\/em> <em>the<\/em> <em>Early<\/em> <em>Middle<\/em> <em>Ages.<\/em> <em>Transmitting<\/em> <em>and<\/em> <em>Transforming<\/em> <em>Knowledge<\/em>, Amsterdam, Amsterdam University Press, coll. \u00ab Late Antique and Early Medieval Iberia \u00bb, 2016.<\/p>\n<p>ZUCKER A., FABRE-SERRIS J., TILLIETTE J.-Y. et BESSON G. (dir.), <em>Lire<\/em> <em>les<\/em> <em>mythes.<\/em> <em>Formes,<\/em> <em>usages<\/em> <em>et<\/em> <em>vis\u00e9es<\/em> <em>des<\/em> <em>pratiques<\/em> <em>mythographiques<\/em> <em>de<\/em> <em>l\u2019Antiquit\u00e9<\/em> <em>\u00e0<\/em> <em>la<\/em> <em>Renaissance<\/em>, Villeneuve d\u2019Ascq, Presses universitaires du Septentrion, coll. \u00ab Mythographes \u00bb, 2016.<\/p>\n<p>ZWIERLEIN C., <em>The<\/em> <em>Political<\/em> <em>Thought<\/em> <em>of<\/em> <em>the<\/em> <em>French<\/em> <em>League<\/em> <em>and<\/em> <em>Rome<\/em> <em>(1585-1589).<\/em> De justa populi Gallici ab Henrico Tertio defectione <em>and<\/em> De justa Henrici Tertii abdicatione <em>(Jean<\/em> <em>Boucher,<\/em> <em>1589)<\/em>, Gen\u00e8ve, Droz, coll. \u00ab Cahiers d\u2019Humanisme et Renaissance \u00bb, 2016.<\/p>\n<p><em>\u00c0<\/em> <em>para\u00eetre<\/em><\/p>\n<p>ANGOTTI C., <em>La<\/em> lectio <em>des<\/em> <em>Sentences<\/em> <em>au<\/em> <em>coll\u00e8ge<\/em> <em>de<\/em> <em>la<\/em> <em>Sorbonne<\/em>, Turnhout, Brepols, coll. \u00ab Studia Sententiarum \u00bb, d\u00e9cembre 2016.<\/p>\n<p>BOUTON-TOUBOULIC A.-I. et L\u00c9VY C. (dir.), <em>Scepticisme<\/em> <em>et<\/em> <em>religion.<\/em> <em>Constantes<\/em> <em>et<\/em> <em>\u00e9volutions,<\/em> <em>de<\/em> <em>la<\/em> <em>philosophie<\/em> <em>hell\u00e9nistique<\/em> <em>\u00e0<\/em> <em>la<\/em> <em>philosophie<\/em> <em>m\u00e9di\u00e9vale<\/em>, Turnhout, Brepols, coll. \u00ab Monoth\u00e9ismes et Philosophie \u00bb, octobre 2016.<\/p>\n<p>BOUTROUE M.-E. (dir.), <em>\u00ab<\/em> <em>In<\/em> <em>spinis,<\/em> <em>collige<\/em> <em>rosas.<\/em> <em>\u00bb<\/em> <em>M\u00e9langes<\/em> <em>offerts<\/em> <em>\u00e0<\/em> <em>Jean-Fran\u00e7ois<\/em> <em>Maillard<\/em> <em>par<\/em> <em>ses<\/em> <em>coll\u00e8gues<\/em> <em>et<\/em> <em>amis<\/em>, Turnhout, Brepols, coll. \u00ab Europa Humanistica \u00bb, d\u00e9cembre 2016.<\/p>\n<p>DUTTON M. L. (dir.), <em>A<\/em> <em>Companion<\/em> <em>to<\/em> <em>Aelred<\/em> <em>of<\/em> <em>Rievaulx<\/em> <em>(1110\u20131167)<\/em>, Leiden-Boston, Brill, coll. \u00ab Brill\u2019s Companions to the Christian Tradition \u00bb, f\u00e9vrier 2017.<\/p>\n<p>FASSEUR V. et ROCHELOIS C. (dir.), <em>Ponctuer<\/em> <em>l\u2019\u0153uvre<\/em> <em>m\u00e9di\u00e9vale.<\/em> <em>Des<\/em> <em>signes<\/em> <em>au<\/em> <em>sens<\/em>, Gen\u00e8ve, Droz, coll. \u00ab Publications romanes et fran\u00e7aises \u00bb, septembre 2016.<\/p>\n<p>FASSEUR V. et VALETTE J.-R. (dir.), <em>Les<\/em> <em>\u00c9coles<\/em> <em>de<\/em> <em>pens\u00e9e<\/em> <em>du<\/em> <em>XII<sup>e<\/sup><\/em> <em>si\u00e8cle<\/em> <em>et<\/em> <em>la<\/em> <em>litt\u00e9rature<\/em> <em>romane<\/em> <em>(oc<\/em> <em>et<\/em> <em>o\u00efl)<\/em>, Turnhout, Brepols, coll. \u00ab Biblioth\u00e8que d\u2019histoire culturelle du Moyen \u00c2ge \u00bb, octobre 2016.<\/p>\n<p>GALAND P. et MALASPINA E. (dir.), <em>V\u00e9rit\u00e9<\/em> <em>et<\/em> <em>apparence.<\/em> <em>M\u00e9langes<\/em> <em>en<\/em> <em>l\u2019honneur<\/em> <em>de<\/em> <em>Carlos<\/em> <em>L\u00e9vy,<\/em> <em>offerts<\/em> <em>par<\/em> <em>ses<\/em> <em>amis<\/em> <em>et<\/em> <em>ses<\/em> <em>disciples<\/em>, Turnhout, Brepols, coll. \u00ab Latinitates \u00bb, novembre 2016.<\/p>\n<p>GIRAUD C. et POIREL D. (dir.), <em>La<\/em> <em>rigueur<\/em> <em>et<\/em> <em>la<\/em> <em>passion.<\/em> <em>M\u00e9langes<\/em> <em>en<\/em> <em>l\u2019honneur<\/em> <em>de<\/em> <em>Pascale<\/em> <em>Bourgain<\/em>, Turnhout, Brepols, coll. \u00ab Instrumenta Patristica et Mediaevalia \u00bb, novembre 2016.<\/p>\n<p>HAMESSE J. et MEIRINHOS J. (dir.), <em>Les<\/em> Auctoritates Aristotelis, <em>leur<\/em> <em>utilisation<\/em> <em>et<\/em> <em>leur<\/em> <em>influence<\/em> <em>chez<\/em> <em>les<\/em> <em>auteurs<\/em> <em>m\u00e9di\u00e9vaux.<\/em> <em>\u00c9tat<\/em> <em>de<\/em> <em>la<\/em> <em>question<\/em> <em>quarante<\/em> <em>ans<\/em> <em>apr\u00e8s<\/em> <em>la<\/em> <em>publication<\/em>, Turnhout, Brepols, coll. \u00ab Textes et \u00c9tudes du Moyen \u00c2ge \u00bb, octobre 2016.<\/p>\n<p>MOUL V. (dir.), <em>A<\/em> <em>Guide<\/em> <em>to<\/em> <em>Neo-Latin<\/em> <em>Literature<\/em>, Cambridge, Cambridge University Press, novembre 2016.<\/p>\n<p>REID S. J. et MCOMISH D. (dir.), <em>Neo-Latin<\/em> <em>Literature<\/em> <em>and<\/em> <em>Literary<\/em> <em>Culture<\/em> <em>in<\/em> <em>Early<\/em> <em>Modern<\/em> <em>Scotland<\/em>, Leiden-Boston, Brill, coll. \u00ab Brill\u2019s Studies in Intellectual History \u00bb, octobre 2016.<\/p>\n<p>STAATS S., avec la coll. de C. HEID, D. NEBBIAI et P. STIRNEMANN, <em>La<\/em> <em>biblioth\u00e8que<\/em> <em>m\u00e9di\u00e9vale<\/em> <em>de<\/em> <em>l\u2019abbaye<\/em> <em>cistercienne<\/em> <em>de<\/em> <em>Clairmarais<\/em>, Paris, CNRS \u00c9ditions, coll. \u00ab Documents, \u00e9tudes et r\u00e9pertoires \u00bb, novembre 2016.<\/p>\n<h1>III.\u00a0\u00a0 Revues<\/h1>\n<p><em>Albertiana<\/em>, XIX (n. s. I) \u2013 2016-1 [<em>Varia<\/em>] ; XIX (n. s. I) \u2013 2016-2 [<em>Leonis<\/em> <em>Baptistae<\/em> <em>Alberti<\/em> <em>Momus<\/em>, \u00e9d. d\u2019Alessandro et F. Furlan].<\/p>\n<p><em>Archivum<\/em> <em>Latinitatis<\/em> <em>Medii<\/em> <em>Aevi<\/em> <em>\u2013<\/em> <em>Bulletin<\/em> <em>Du<\/em> <em>Cange<\/em>, 73 (2015).<\/p>\n<p><em>Biblioth\u00e8que<\/em> <em>d\u2019Humanisme<\/em> <em>et<\/em> <em>Renaissance<\/em>, LXVII-3 (2015) ; LXVIII-1 (2016) ; LXVIII-2 (2016).<\/p>\n<p><em>Cahiers<\/em> <em>de<\/em> <em>recherches<\/em> <em>m\u00e9di\u00e9vales<\/em> <em>et<\/em> <em>humanistes<\/em> <em>\/<\/em> <em>Journal<\/em> <em>of<\/em> <em>Medieval<\/em> <em>and<\/em> <em>Humanistic<\/em> <em>Studies<\/em>, 30 (2015-2) ; 31 (2016-1).<\/p>\n<p><em>Humanistica<\/em> <em>Lovaniensia.<\/em> <em>Journal<\/em> <em>of<\/em> <em>Neo-Latin<\/em> <em>Studies<\/em>, LXIV (2015).<\/p>\n<p><em>Neulateinisches<\/em> <em>Jahrbuch.<\/em> <em>Journal<\/em> <em>of<\/em> <em>Neo-Latin<\/em> <em>Language<\/em> <em>and<\/em> <em>Literature<\/em>, 17 (2015).<\/p>\n<p><em>Renaissance<\/em> <em>Quarterly<\/em>, LXVIII-3 (Fall 2015) ; LXVIII-4 (Winter 2015) ; LXIX-1 (Spring 2016) ; LXIX-2 (Summer 2016).<\/p>\n<p><em>Revue<\/em> <em>d\u2019histoire<\/em> <em>des<\/em> <em>textes<\/em>, n. s., XI (2016).<\/p>\n<p><em>Revue<\/em> <em>Mabillon.<\/em> <em>Revue<\/em> <em>internationale<\/em> <em>d\u2019histoire<\/em> <em>et<\/em> <em>de<\/em> <em>litt\u00e9rature<\/em> <em>religieuses<\/em>, n. s., 26 (2015). <em>Romania.<\/em> <em>Revue<\/em> <em>consacr\u00e9e<\/em> <em>\u00e0<\/em> <em>l\u2019\u00e9tude<\/em> <em>des<\/em> <em>langues<\/em> <em>et<\/em> <em>des<\/em> <em>litt\u00e9ratures<\/em> <em>romanes<\/em>, 133 (2015) ; 134 (2016). <em>Scriptorium.<\/em> <em>Revue<\/em> <em>internationale<\/em> <em>des<\/em> <em>\u00e9tudes<\/em> <em>relatives<\/em> <em>aux<\/em> <em>manuscrits<\/em>, LXIX (2015).<\/p>\n<p><em>Seizi\u00e8me<\/em> <em>si\u00e8cle<\/em>, 12 (2016) [<em>La<\/em> <em>noblesse<\/em> <em>et<\/em> <em>les<\/em> <em>arts<\/em>, dir. L. Capodieci et I. His].<\/p>\n<p><strong><em>Instrumenta<\/em><\/strong><\/p>\n<p><em>Bibliographie<\/em> <em>internationale<\/em> <em>de<\/em> <em>l\u2019Humanisme<\/em> <em>et<\/em> <em>de<\/em> <em>la<\/em> <em>Renaissance<\/em>, t. XLVII : Travaux parus jusqu\u2019\u00e0 2013, Turnhout, Brepols, 2016, 2 volumes.<\/p>\n<p>JULLIEN M.-H. (dir.), <em>Clavis<\/em> <em>Scriptorum<\/em> <em>Latinorum<\/em> <em>Medii<\/em> <em>Aevi.<\/em> <em>Auctores<\/em> <em>Galliae<\/em> <em>(735-987)<\/em>, Turnhout, Brepols, coll. \u00ab Corpus Christianorum \u2013 Clavis Scriptorum Latinorum Medii Aevi \u00bb, 2015.<\/p>\n<p>ROTSCHILD J.-P. (dir.), <em>Bibliographie<\/em> <em>annuelle<\/em> <em>du<\/em> <em>Moyen<\/em> <em>\u00c2ge<\/em> <em>tardif.<\/em> <em>Auteurs<\/em> <em>et<\/em> <em>textes<\/em> <em>latins<\/em>, t. 25 (2015), Turnhout, Brepols, 2015.<\/p>\n","protected":false},"excerpt":{"rendered":"<p>Pour acc\u00e9der \u00e0 une bibliographie indicative des ouvrages parus au cours de l&rsquo;ann\u00e9e universitaire 2015-2016 dans les domaines m\u00e9dio- et n\u00e9o-latins, veuillez cliquer sur le lien suivant : Publications r\u00e9centes (septembre 2016). Version en texte clair ci-dessous (ce texte ayant &hellip; <a href=\"https:\/\/www.semen-l.org\/?p=374\">Continuer la lecture <span class=\"meta-nav\">&rarr;<\/span><\/a><\/p>\n","protected":false},"author":24,"featured_media":837,"comment_status":"open","ping_status":"open","sticky":false,"template":"","format":"standard","meta":{"footnotes":""},"categories":[7],"tags":[790,791,785,789,191,707,708,38,709,756,732,750,755,75,813,710,810,92,822,807,712,788,786,779,207,400,86,805,715,716,817,815,778,83,802,721,722,770,711,759,705,765,752,800,735,740,795,720,141,719,776,419,823,763,158,727,827,237,726,818,804,691,792,787,560,311,801,747,733,426,734,736,738,144,784,724,713,640,728,808,638,824,742,780,811,825,743,753,754,751,748,749,768,816,773,143,646,757,758,723,826,760,819,820,142,771,764,793,16,714,146,806,762,814,766,30,739,761,767,717,775,769,809,812,803,706,772,797,660,774,741,729,718,777,799,42,821,104,783,242,781,782,737,286,725,746,794,266,731,730,744,796],"class_list":["post-374","post","type-post","status-publish","format-standard","has-post-thumbnail","hentry","category-publications","tag-ad-federicum-imperatorem-ermolao-barbaro","tag-ad-maximilianum-regem-romanorum-ermolao-barbaro","tag-ad-sigismundum-caesarem","tag-ad-uniuersitatem-parisiensem-bernardo-giustinian","tag-adelard-de-bath","tag-agobard-de-lyon","tag-aiol-chanson-de-geste-xiie-xiiie-siecles","tag-leon-battista-alberti","tag-alphabetum-narrationum-arnold-de-liege","tag-angelinetum","tag-annotatio-libri-iezechielis-imperfecta","tag-antapodosis","tag-apologeticus-giannozzo-manetti","tag-aristophane","tag-aristote-pseudo","tag-arnold-de-liege","tag-ars-grammatica-priscien","tag-art","tag-astrologie","tag-augustinus-cornelius-jansen","tag-avicenne-pseudo","tag-barbaro-ermolao","tag-barbaro-francesco","tag-bernard-silvestre","tag-bibliotheque","tag-biondo-flavio","tag-boccace","tag-boniface-viii","tag-calvin-jean","tag-caroli-pierre","tag-cent-nouvelles-nouvelles","tag-christine-de-pizan","tag-chronique-salimbene-de-adam-de-parme","tag-ciceron","tag-cinq-sens","tag-copernic-nicolas","tag-crato-von-crafftheim-johannes","tag-de-amicitia-ciceron","tag-de-anima-pseudo-avicenne","tag-de-divina-gratia-et-eius-efficacia-les-secours-de-la-grace","tag-de-eodem-et-diuerso-lun-et-le-divers","tag-de-honesta-uoluptate-et-ualitudine","tag-de-legatione-constantinopolitana","tag-de-lorraine-charles","tag-de-mirabilibus-pecci-carmen","tag-de-natura-rerum-isidore-de-seville","tag-de-rebus-naturalibus-giacomo-zabarella","tag-de-reuolutionibus-orbium-coelestium-des-revolutions-des-orbes-celestes","tag-de-solitudine","tag-demetre-cantemir","tag-deuxieme-quodlibet-richard-de-mediavilla","tag-dolet-etienne","tag-droit","tag-epigrammata-john-owen","tag-epigraphie","tag-epistolarum-libri-xlviii-francois-philelphe","tag-erotique","tag-ethique","tag-etienne-de-bourbon","tag-evrart-de-conty","tag-expressivite","tag-femmes","tag-fiammetta","tag-giustinian-bernardo","tag-gregoire-de-tours","tag-grosseteste-robert","tag-guerre","tag-hariulf-doudenbourg","tag-haymon-dauxerre","tag-herodote","tag-hildegarde-de-bingen","tag-hobbes-thomas","tag-hugues-de-saint-victor","tag-humanisme","tag-in-ponerolycon","tag-institutio-principis-christiani-leducation-du-prince-chretien","tag-ioannis-caluini-pro-g-farello-et-collegis-eius-aduersus-petri-caroli-theologastri-calumnias-defensio-nicolai-gallasii","tag-isidore-de-seville","tag-italia-illustrata","tag-jansen-cornelius","tag-jean-hus","tag-jesuitisme","tag-kircher-athanasius","tag-la-chasse-dercole-strozzi-a-lintention-de-lucrece-borgia","tag-de-la-ramee-pierre","tag-lachmann-karl","tag-lazzaroni-pietro","tag-liber-contra-antichristum-llull","tag-liber-de-gentili-et-tribus-sapientibus","tag-liber-de-rebus-gestis-ottonis-magni-imperatoris","tag-lisiard-de-soissons","tag-liutprand-de-cremone","tag-le-livre-de-la-vraye-amistie-traduction-du-de-amicitia-de-ciceron","tag-livre-des-faits-darmes-et-de-chevalerie-le","tag-magister-cunestabulus","tag-manetti-giannozzo","tag-manuce-alde","tag-marrasio-giovanni","tag-marsili-pere","tag-mercuriale-girolamo","tag-methode-de-lachmann","tag-molina-luis-de","tag-monfasani-john","tag-muse","tag-nifo-agostino","tag-opera-de-computo-saeculi-duodecimi","tag-owen-john","tag-paradise-ugolino-verino","tag-petrarque","tag-petri-caroli-refutatio-blasphemiae-farellistarum-in-sacrosanctam-trinitatem","tag-philelphe-francois","tag-philippe-le-bel","tag-olivi-pierre-de-jean","tag-pietro-dabano","tag-platina-bartolomeo","tag-ange-politien","tag-postilla-adumbrata","tag-postilla-super-iob","tag-praelectiones-ange-politien","tag-praelectiones-in-librum-prophetiarum-ieremiae","tag-premier-quodlibet-richard-de-mediavilla","tag-premierfait-laurent-de","tag-priscien","tag-problemata-physica-pseudo-aristote","tag-prose","tag-questiones-naturales-de-causis-rerum-abelard-de-bath","tag-reinher-von-paderborn","tag-resta-gianvito","tag-richard-de-mediavilla","tag-roger-de-hereford","tag-romani-collegii-societatis-jesu-musaeum-celeberimum","tag-rome-triumphantis-libri-x","tag-sacro-sanctae-scientiae-indepingibilis-imago-limage-infigurable-de-la-science-sacro-sainte","tag-salimbene-de-adam-de-parme","tag-salutati-coluccio","tag-scolastique","tag-secretum-secretorum","tag-seneque","tag-sermonum-liber-tito-vespasiano-strozzi","tag-sommeil","tag-strozzi-ercole","tag-strozzi-tito-vespasiano","tag-super-ierarchiam-dionisii-sur-la-hierarchie-celeste-de-denys","tag-theologie","tag-tractatus-de-diuersis-materiis-predicabilibus-etienne-de-bourbon","tag-translatio-et-alia-hagiographica-sancti-arnulphi-episcopi-suessoniensis","tag-verino-ugolino","tag-vers","tag-versio-caelestis-hierarchiae-pseudo-dionysii-areopagitae-cum-scholiis-ex-graeco-sumptis-necnon-commentariis-notulisque-eiusdem-lincolniensis","tag-vie-des-peres-gregoire-de-tours","tag-vitae","tag-zabarella-giacomo"],"yoast_head":"<!-- This site is optimized with the Yoast SEO plugin v27.5 - https:\/\/yoast.com\/product\/yoast-seo-wordpress\/ -->\n<title>Publications r\u00e9centes (septembre 2016) - Soci\u00e9t\u00e9 d&#039;\u00c9tudes M\u00e9dio Et N\u00e9o-Latines<\/title>\n<meta name=\"description\" content=\"Bibliographie des parutions en m\u00e9diolatin et n\u00e9o-latin \u00e0 la date du septembre 2016 par la Soci\u00e9t\u00e9 d&#039;\u00c9tudes M\u00e9dio et N\u00e9o-latines.\" \/>\n<meta name=\"robots\" content=\"index, follow, max-snippet:-1, max-image-preview:large, max-video-preview:-1\" \/>\n<link rel=\"canonical\" href=\"http:\/\/www.semen-l.org\/?p=374\" \/>\n<meta property=\"og:locale\" content=\"fr_FR\" \/>\n<meta property=\"og:type\" content=\"article\" \/>\n<meta property=\"og:title\" content=\"Publications r\u00e9centes (septembre 2016) - Soci\u00e9t\u00e9 d&#039;\u00c9tudes M\u00e9dio Et N\u00e9o-Latines\" \/>\n<meta property=\"og:description\" content=\"Bibliographie des parutions en m\u00e9diolatin et n\u00e9o-latin \u00e0 la date du septembre 2016 par la Soci\u00e9t\u00e9 d&#039;\u00c9tudes M\u00e9dio et N\u00e9o-latines.\" \/>\n<meta property=\"og:url\" content=\"http:\/\/www.semen-l.org\/?p=374\" \/>\n<meta property=\"og:site_name\" content=\"Soci\u00e9t\u00e9 d&#039;\u00c9tudes M\u00e9dio Et N\u00e9o-Latines\" \/>\n<meta property=\"article:publisher\" content=\"https:\/\/www.facebook.com\/SEMENL2018\" \/>\n<meta property=\"article:published_time\" content=\"2016-10-12T10:07:00+00:00\" \/>\n<meta property=\"article:modified_time\" content=\"2025-01-13T21:05:48+00:00\" \/>\n<meta property=\"og:image\" content=\"http:\/\/www.semen-l.org\/wp-content\/uploads\/2020\/11\/ciceron-livre.jpg\" \/>\n\t<meta property=\"og:image:width\" content=\"200\" \/>\n\t<meta property=\"og:image:height\" content=\"200\" \/>\n\t<meta property=\"og:image:type\" content=\"image\/jpeg\" \/>\n<meta name=\"author\" content=\"Thomas Penguilly\" \/>\n<meta name=\"twitter:card\" content=\"summary_large_image\" \/>\n<meta name=\"twitter:label1\" content=\"\u00c9crit par\" \/>\n\t<meta name=\"twitter:data1\" content=\"Thomas Penguilly\" \/>\n\t<meta name=\"twitter:label2\" content=\"Dur\u00e9e de lecture estim\u00e9e\" \/>\n\t<meta name=\"twitter:data2\" content=\"24 minutes\" \/>\n<script type=\"application\/ld+json\" class=\"yoast-schema-graph\">{\"@context\":\"https:\\\/\\\/schema.org\",\"@graph\":[{\"@type\":\"Article\",\"@id\":\"http:\\\/\\\/www.semen-l.org\\\/?p=374#article\",\"isPartOf\":{\"@id\":\"http:\\\/\\\/www.semen-l.org\\\/?p=374\"},\"author\":{\"name\":\"Thomas Penguilly\",\"@id\":\"http:\\\/\\\/www.semen-l.org\\\/#\\\/schema\\\/person\\\/3d0af82116ae10be9dae79c17e01be5a\"},\"headline\":\"Publications r\u00e9centes (septembre 2016)\",\"datePublished\":\"2016-10-12T10:07:00+00:00\",\"dateModified\":\"2025-01-13T21:05:48+00:00\",\"mainEntityOfPage\":{\"@id\":\"http:\\\/\\\/www.semen-l.org\\\/?p=374\"},\"wordCount\":4592,\"commentCount\":0,\"publisher\":{\"@id\":\"http:\\\/\\\/www.semen-l.org\\\/#organization\"},\"image\":{\"@id\":\"http:\\\/\\\/www.semen-l.org\\\/?p=374#primaryimage\"},\"thumbnailUrl\":\"https:\\\/\\\/www.semen-l.org\\\/wp-content\\\/uploads\\\/2020\\\/11\\\/ciceron-livre.jpg\",\"keywords\":[\"Ad Federicum imperatorem (Ermolao Barbaro)\",\"Ad Maximilianum regem Romanorum (Ermolao Barbaro)\",\"Ad Sigismundum Caesarem (Francesco Barbaro)\",\"Ad uniuersitatem Parisiensem (Bernardo Giustinian)\",\"Ad\u00e9lard de Bath\",\"Agobard de Lyon\",\"Aiol (Chanson de geste XIIe -XIIIe si\u00e8cles)\",\"Alberti (Leon Battista)\",\"Alphabetum narrationum (Arnold de Li\u00e8ge)\",\"Angelinetum\",\"Annotatio libri Iezechielis imperfecta\",\"Antapodosis (Liutprand de Cr\u00e9mone)\",\"Apologeticus (Giannozzo Manetti)\",\"Aristophane\",\"Aristote (Pseudo)\",\"Arnold de Li\u00e8ge\",\"Ars grammatica (Priscien)\",\"art\",\"astrologie\",\"Augustinus (Cornelius Jansen)\",\"Avicenne (Pseudo)\",\"Barbaro (Ermolao)\",\"Barbaro (Francesco)\",\"Bernard Silvestre\",\"biblioth\u00e8que\",\"Biondo (Flavio)\",\"Boccace\",\"Boniface VIII\",\"Calvin (Jean)\",\"Caroli (Pierre)\",\"Cent Nouvelles nouvelles\",\"Christine de Pizan\",\"Chronique (Salimbene de Adam de Parme)\",\"Cic\u00e9ron\",\"cinq sens\",\"Copernic (Nicolas)\",\"Crato von Crafftheim (Johannes)\",\"De amicitia (Cic\u00e9ron)\",\"De anima (Pseudo-Avicenne)\",\"De divina gratia et eius efficacia (Les Secours de la gr\u00e2ce)\",\"De eodem et diuerso (L\u2019Un et le divers)\",\"De honesta uoluptate et ualitudine\",\"De Legatione Constantinopolitana (Liutprand de Cr\u00e9mone)\",\"De Lorraine (Charles)\",\"De mirabilibus Pecci carmen\",\"De natura rerum (Isidore de S\u00e9ville)\",\"De rebus naturalibus (Giacomo Zabarella)\",\"De reuolutionibus orbium coelestium (Des r\u00e9volutions des orbes c\u00e9lestes)\",\"De solitudine (Livre de la solitude)\",\"D\u00e9m\u00e8tre (Cantemir)\",\"Deuxi\u00e8me Quodlibet (Richard de Mediavilla)\",\"Dolet (\u00c9tienne)\",\"droit\",\"Epigrammata (John Owen)\",\"\u00e9pigraphie\",\"Epistolarum libri XLVIII (Fran\u00e7ois Philelphe)\",\"\u00e9rotique\",\"\u00e9thique\",\"\u00c9tienne de Bourbon\",\"Evrart de Conty\",\"expressivit\u00e9\",\"femmes\",\"Fiammetta\",\"Giustinian (Bernardo)\",\"Gr\u00e9goire de Tours\",\"Grosseteste Robert\",\"guerre\",\"Hariulf d'Oudenbourg\",\"Haymon d'Auxerre\",\"H\u00e9rodote\",\"Hildegarde de Bingen\",\"Hobbes (Thomas)\",\"Hugues de Saint-Victor\",\"humanisme\",\"In Ponerolycon\",\"Institutio principis christiani (L\u2019\u00e9ducation du prince chr\u00e9tien)\",\"Ioannis Caluini Pro G. Farello et collegis eius aduersus Petri Caroli theologastri calumnias defensio Nicolai Gallasii\",\"Isidore de S\u00e9ville\",\"Italia Illustrata\",\"Jansen (Cornelius)\",\"Jean Hus\",\"j\u00e9suitisme\",\"Kircher (Athanasius)\",\"La chasse d\u2019Ercole Strozzi \u00e0 l\u2019intention de Lucr\u00e8ce Borgia\",\"La Ram\u00e9e (Pierre de)\",\"Lachmann (Karl)\",\"Lazzaroni (Pietro)\",\"Liber contra Antichristum (Llull)\",\"Liber de gentili et tribus sapientibus\",\"Liber de rebus gestis Ottonis magni imperatoris (Liutprand de Cr\u00e9mone)\",\"Lisiard de Soissons\",\"Liutprand de Cr\u00e9mone\",\"Livre de la vraye amisti\u00e9 (Traduction du De Amicitia de Cic\u00e9ron)\",\"Livre des faits d\u2019armes et de chevalerie (Le)\",\"Magister Cunestabulus\",\"Manetti (Giannozzo)\",\"Manuce (Alde)\",\"Marrasio (Giovanni)\",\"Marsili (Pere)\",\"Mercuriale (Girolamo)\",\"m\u00e9thode de Lachmann\",\"Molina (Luis de)\",\"Monfasani (John)\",\"muse\",\"Nifo (Agostino)\",\"Opera de computo saeculi duodecimi\",\"Owen (John)\",\"Paradise (Ugolino Verino)\",\"P\u00e9trarque\",\"Petri Caroli Refutatio blasphemiae Farellistarum in sacrosanctam Trinitatem\",\"Philelphe (Fran\u00e7ois)\",\"Philippe le Bel\",\"Pierre de Jean Olivi\",\"Pietro d'Abano\",\"Platina (Bartolomeo)\",\"Politien (Ange)\",\"Postilla adumbrata\",\"Postilla super Iob\",\"Praelectiones (Ange Politien)\",\"Praelectiones in librum prophetiarum Ieremiae\",\"Premier Quodlibet (Richard de Mediavilla)\",\"Premierfait Laurent de\",\"Priscien\",\"Problemata Physica (Pseudo-Aristote)\",\"prose\",\"Questiones naturales (De causis rerum - Ab\u00e9lard de Bath)\",\"Reinher von Paderborn\",\"Resta (Gianvito)\",\"Richard de Mediavilla\",\"Roger de Hereford\",\"Romani Collegii Societatis Jesu musaeum celeberimum\",\"Rome triumphantis libri X\",\"Sacro-sanctae scientiae indepingibilis imago (L'image infigurable de la science sacro-sainte)\",\"Salimbene de Adam de Parme\",\"Salutati (Coluccio)\",\"scolastique\",\"Secretum secretorum\",\"S\u00e9n\u00e8que\",\"Sermonum liber (Tito Vespasiano Strozzi)\",\"sommeil\",\"Strozzi (Ercole)\",\"Strozzi (Tito Vespasiano)\",\"Super Ierarchiam Dionisii (Sur la Hi\u00e9rarchie c\u00e9leste de Denys)\",\"th\u00e9ologie\",\"Tractatus de diuersis materiis predicabilibus (\u00c9tienne de Bourbon)\",\"Translatio et alia Hagiographica sancti Arnulphi episcopi Suessoniensis\",\"Verino (Ugolino)\",\"vers\",\"Versio Caelestis Hierarchiae Pseudo-Dionysii Areopagitae cum scholiis ex Graeco sumptis necnon commentariis notulisque eiusdem Lincolniensis\",\"Vie des P\u00e8res (Gr\u00e9goire de Tours)\",\"vitae\",\"Zabarella (Giacomo)\"],\"articleSection\":[\"Publications\"],\"inLanguage\":\"fr-FR\",\"potentialAction\":[{\"@type\":\"CommentAction\",\"name\":\"Comment\",\"target\":[\"http:\\\/\\\/www.semen-l.org\\\/?p=374#respond\"]}]},{\"@type\":\"WebPage\",\"@id\":\"http:\\\/\\\/www.semen-l.org\\\/?p=374\",\"url\":\"http:\\\/\\\/www.semen-l.org\\\/?p=374\",\"name\":\"Publications r\u00e9centes (septembre 2016) - Soci\u00e9t\u00e9 d&#039;\u00c9tudes M\u00e9dio Et N\u00e9o-Latines\",\"isPartOf\":{\"@id\":\"http:\\\/\\\/www.semen-l.org\\\/#website\"},\"primaryImageOfPage\":{\"@id\":\"http:\\\/\\\/www.semen-l.org\\\/?p=374#primaryimage\"},\"image\":{\"@id\":\"http:\\\/\\\/www.semen-l.org\\\/?p=374#primaryimage\"},\"thumbnailUrl\":\"https:\\\/\\\/www.semen-l.org\\\/wp-content\\\/uploads\\\/2020\\\/11\\\/ciceron-livre.jpg\",\"datePublished\":\"2016-10-12T10:07:00+00:00\",\"dateModified\":\"2025-01-13T21:05:48+00:00\",\"description\":\"Bibliographie des parutions en m\u00e9diolatin et n\u00e9o-latin \u00e0 la date du septembre 2016 par la Soci\u00e9t\u00e9 d'\u00c9tudes M\u00e9dio et N\u00e9o-latines.\",\"breadcrumb\":{\"@id\":\"http:\\\/\\\/www.semen-l.org\\\/?p=374#breadcrumb\"},\"inLanguage\":\"fr-FR\",\"potentialAction\":[{\"@type\":\"ReadAction\",\"target\":[\"http:\\\/\\\/www.semen-l.org\\\/?p=374\"]}]},{\"@type\":\"ImageObject\",\"inLanguage\":\"fr-FR\",\"@id\":\"http:\\\/\\\/www.semen-l.org\\\/?p=374#primaryimage\",\"url\":\"https:\\\/\\\/www.semen-l.org\\\/wp-content\\\/uploads\\\/2020\\\/11\\\/ciceron-livre.jpg\",\"contentUrl\":\"https:\\\/\\\/www.semen-l.org\\\/wp-content\\\/uploads\\\/2020\\\/11\\\/ciceron-livre.jpg\",\"width\":200,\"height\":200,\"caption\":\"Le jeune Cic\u00e9ron lit un livre\"},{\"@type\":\"BreadcrumbList\",\"@id\":\"http:\\\/\\\/www.semen-l.org\\\/?p=374#breadcrumb\",\"itemListElement\":[{\"@type\":\"ListItem\",\"position\":1,\"name\":\"Accueil\",\"item\":\"http:\\\/\\\/www.semen-l.org\\\/\"},{\"@type\":\"ListItem\",\"position\":2,\"name\":\"Publications r\u00e9centes (septembre 2016)\"}]},{\"@type\":\"WebSite\",\"@id\":\"http:\\\/\\\/www.semen-l.org\\\/#website\",\"url\":\"http:\\\/\\\/www.semen-l.org\\\/\",\"name\":\"Soci\u00e9t\u00e9 d'\u00c9tudes M\u00e9dio Et N\u00e9o-Latines\",\"description\":\"\",\"publisher\":{\"@id\":\"http:\\\/\\\/www.semen-l.org\\\/#organization\"},\"potentialAction\":[{\"@type\":\"SearchAction\",\"target\":{\"@type\":\"EntryPoint\",\"urlTemplate\":\"http:\\\/\\\/www.semen-l.org\\\/?s={search_term_string}\"},\"query-input\":{\"@type\":\"PropertyValueSpecification\",\"valueRequired\":true,\"valueName\":\"search_term_string\"}}],\"inLanguage\":\"fr-FR\"},{\"@type\":\"Organization\",\"@id\":\"http:\\\/\\\/www.semen-l.org\\\/#organization\",\"name\":\"Soci\u00e9t\u00e9 d'\u00e9tudes m\u00e9dio et n\u00e9o-latines\",\"url\":\"http:\\\/\\\/www.semen-l.org\\\/\",\"logo\":{\"@type\":\"ImageObject\",\"inLanguage\":\"fr-FR\",\"@id\":\"http:\\\/\\\/www.semen-l.org\\\/#\\\/schema\\\/logo\\\/image\\\/\",\"url\":\"http:\\\/\\\/www.semen-l.org\\\/wp-content\\\/uploads\\\/2020\\\/11\\\/logo-semenl.jpg\",\"contentUrl\":\"http:\\\/\\\/www.semen-l.org\\\/wp-content\\\/uploads\\\/2020\\\/11\\\/logo-semenl.jpg\",\"width\":408,\"height\":403,\"caption\":\"Soci\u00e9t\u00e9 d'\u00e9tudes m\u00e9dio et n\u00e9o-latines\"},\"image\":{\"@id\":\"http:\\\/\\\/www.semen-l.org\\\/#\\\/schema\\\/logo\\\/image\\\/\"},\"sameAs\":[\"https:\\\/\\\/www.facebook.com\\\/SEMENL2018\",\"https:\\\/\\\/independent.academia.edu\\\/SocitsdtudesmdioetnolatinesSEMENL\"]},{\"@type\":\"Person\",\"@id\":\"http:\\\/\\\/www.semen-l.org\\\/#\\\/schema\\\/person\\\/3d0af82116ae10be9dae79c17e01be5a\",\"name\":\"Thomas Penguilly\",\"image\":{\"@type\":\"ImageObject\",\"inLanguage\":\"fr-FR\",\"@id\":\"https:\\\/\\\/secure.gravatar.com\\\/avatar\\\/00dbfed997d1aaf8cbc93434abdcf5d630a180c99cd9fdd9293220ff847e3796?s=96&d=mm&r=g\",\"url\":\"https:\\\/\\\/secure.gravatar.com\\\/avatar\\\/00dbfed997d1aaf8cbc93434abdcf5d630a180c99cd9fdd9293220ff847e3796?s=96&d=mm&r=g\",\"contentUrl\":\"https:\\\/\\\/secure.gravatar.com\\\/avatar\\\/00dbfed997d1aaf8cbc93434abdcf5d630a180c99cd9fdd9293220ff847e3796?s=96&d=mm&r=g\",\"caption\":\"Thomas Penguilly\"},\"url\":\"https:\\\/\\\/www.semen-l.org\\\/?author=24\"}]}<\/script>\n<!-- \/ Yoast SEO plugin. -->","yoast_head_json":{"title":"Publications r\u00e9centes (septembre 2016) - Soci\u00e9t\u00e9 d&#039;\u00c9tudes M\u00e9dio Et N\u00e9o-Latines","description":"Bibliographie des parutions en m\u00e9diolatin et n\u00e9o-latin \u00e0 la date du septembre 2016 par la Soci\u00e9t\u00e9 d'\u00c9tudes M\u00e9dio et N\u00e9o-latines.","robots":{"index":"index","follow":"follow","max-snippet":"max-snippet:-1","max-image-preview":"max-image-preview:large","max-video-preview":"max-video-preview:-1"},"canonical":"http:\/\/www.semen-l.org\/?p=374","og_locale":"fr_FR","og_type":"article","og_title":"Publications r\u00e9centes (septembre 2016) - Soci\u00e9t\u00e9 d&#039;\u00c9tudes M\u00e9dio Et N\u00e9o-Latines","og_description":"Bibliographie des parutions en m\u00e9diolatin et n\u00e9o-latin \u00e0 la date du septembre 2016 par la Soci\u00e9t\u00e9 d'\u00c9tudes M\u00e9dio et N\u00e9o-latines.","og_url":"http:\/\/www.semen-l.org\/?p=374","og_site_name":"Soci\u00e9t\u00e9 d&#039;\u00c9tudes M\u00e9dio Et N\u00e9o-Latines","article_publisher":"https:\/\/www.facebook.com\/SEMENL2018","article_published_time":"2016-10-12T10:07:00+00:00","article_modified_time":"2025-01-13T21:05:48+00:00","og_image":[{"width":200,"height":200,"url":"http:\/\/www.semen-l.org\/wp-content\/uploads\/2020\/11\/ciceron-livre.jpg","type":"image\/jpeg"}],"author":"Thomas Penguilly","twitter_card":"summary_large_image","twitter_misc":{"\u00c9crit par":"Thomas Penguilly","Dur\u00e9e de lecture estim\u00e9e":"24 minutes"},"schema":{"@context":"https:\/\/schema.org","@graph":[{"@type":"Article","@id":"http:\/\/www.semen-l.org\/?p=374#article","isPartOf":{"@id":"http:\/\/www.semen-l.org\/?p=374"},"author":{"name":"Thomas Penguilly","@id":"http:\/\/www.semen-l.org\/#\/schema\/person\/3d0af82116ae10be9dae79c17e01be5a"},"headline":"Publications r\u00e9centes (septembre 2016)","datePublished":"2016-10-12T10:07:00+00:00","dateModified":"2025-01-13T21:05:48+00:00","mainEntityOfPage":{"@id":"http:\/\/www.semen-l.org\/?p=374"},"wordCount":4592,"commentCount":0,"publisher":{"@id":"http:\/\/www.semen-l.org\/#organization"},"image":{"@id":"http:\/\/www.semen-l.org\/?p=374#primaryimage"},"thumbnailUrl":"https:\/\/www.semen-l.org\/wp-content\/uploads\/2020\/11\/ciceron-livre.jpg","keywords":["Ad Federicum imperatorem (Ermolao Barbaro)","Ad Maximilianum regem Romanorum (Ermolao Barbaro)","Ad Sigismundum Caesarem (Francesco Barbaro)","Ad uniuersitatem Parisiensem (Bernardo Giustinian)","Ad\u00e9lard de Bath","Agobard de Lyon","Aiol (Chanson de geste XIIe -XIIIe si\u00e8cles)","Alberti (Leon Battista)","Alphabetum narrationum (Arnold de Li\u00e8ge)","Angelinetum","Annotatio libri Iezechielis imperfecta","Antapodosis (Liutprand de Cr\u00e9mone)","Apologeticus (Giannozzo Manetti)","Aristophane","Aristote (Pseudo)","Arnold de Li\u00e8ge","Ars grammatica (Priscien)","art","astrologie","Augustinus (Cornelius Jansen)","Avicenne (Pseudo)","Barbaro (Ermolao)","Barbaro (Francesco)","Bernard Silvestre","biblioth\u00e8que","Biondo (Flavio)","Boccace","Boniface VIII","Calvin (Jean)","Caroli (Pierre)","Cent Nouvelles nouvelles","Christine de Pizan","Chronique (Salimbene de Adam de Parme)","Cic\u00e9ron","cinq sens","Copernic (Nicolas)","Crato von Crafftheim (Johannes)","De amicitia (Cic\u00e9ron)","De anima (Pseudo-Avicenne)","De divina gratia et eius efficacia (Les Secours de la gr\u00e2ce)","De eodem et diuerso (L\u2019Un et le divers)","De honesta uoluptate et ualitudine","De Legatione Constantinopolitana (Liutprand de Cr\u00e9mone)","De Lorraine (Charles)","De mirabilibus Pecci carmen","De natura rerum (Isidore de S\u00e9ville)","De rebus naturalibus (Giacomo Zabarella)","De reuolutionibus orbium coelestium (Des r\u00e9volutions des orbes c\u00e9lestes)","De solitudine (Livre de la solitude)","D\u00e9m\u00e8tre (Cantemir)","Deuxi\u00e8me Quodlibet (Richard de Mediavilla)","Dolet (\u00c9tienne)","droit","Epigrammata (John Owen)","\u00e9pigraphie","Epistolarum libri XLVIII (Fran\u00e7ois Philelphe)","\u00e9rotique","\u00e9thique","\u00c9tienne de Bourbon","Evrart de Conty","expressivit\u00e9","femmes","Fiammetta","Giustinian (Bernardo)","Gr\u00e9goire de Tours","Grosseteste Robert","guerre","Hariulf d'Oudenbourg","Haymon d'Auxerre","H\u00e9rodote","Hildegarde de Bingen","Hobbes (Thomas)","Hugues de Saint-Victor","humanisme","In Ponerolycon","Institutio principis christiani (L\u2019\u00e9ducation du prince chr\u00e9tien)","Ioannis Caluini Pro G. Farello et collegis eius aduersus Petri Caroli theologastri calumnias defensio Nicolai Gallasii","Isidore de S\u00e9ville","Italia Illustrata","Jansen (Cornelius)","Jean Hus","j\u00e9suitisme","Kircher (Athanasius)","La chasse d\u2019Ercole Strozzi \u00e0 l\u2019intention de Lucr\u00e8ce Borgia","La Ram\u00e9e (Pierre de)","Lachmann (Karl)","Lazzaroni (Pietro)","Liber contra Antichristum (Llull)","Liber de gentili et tribus sapientibus","Liber de rebus gestis Ottonis magni imperatoris (Liutprand de Cr\u00e9mone)","Lisiard de Soissons","Liutprand de Cr\u00e9mone","Livre de la vraye amisti\u00e9 (Traduction du De Amicitia de Cic\u00e9ron)","Livre des faits d\u2019armes et de chevalerie (Le)","Magister Cunestabulus","Manetti (Giannozzo)","Manuce (Alde)","Marrasio (Giovanni)","Marsili (Pere)","Mercuriale (Girolamo)","m\u00e9thode de Lachmann","Molina (Luis de)","Monfasani (John)","muse","Nifo (Agostino)","Opera de computo saeculi duodecimi","Owen (John)","Paradise (Ugolino Verino)","P\u00e9trarque","Petri Caroli Refutatio blasphemiae Farellistarum in sacrosanctam Trinitatem","Philelphe (Fran\u00e7ois)","Philippe le Bel","Pierre de Jean Olivi","Pietro d'Abano","Platina (Bartolomeo)","Politien (Ange)","Postilla adumbrata","Postilla super Iob","Praelectiones (Ange Politien)","Praelectiones in librum prophetiarum Ieremiae","Premier Quodlibet (Richard de Mediavilla)","Premierfait Laurent de","Priscien","Problemata Physica (Pseudo-Aristote)","prose","Questiones naturales (De causis rerum - Ab\u00e9lard de Bath)","Reinher von Paderborn","Resta (Gianvito)","Richard de Mediavilla","Roger de Hereford","Romani Collegii Societatis Jesu musaeum celeberimum","Rome triumphantis libri X","Sacro-sanctae scientiae indepingibilis imago (L'image infigurable de la science sacro-sainte)","Salimbene de Adam de Parme","Salutati (Coluccio)","scolastique","Secretum secretorum","S\u00e9n\u00e8que","Sermonum liber (Tito Vespasiano Strozzi)","sommeil","Strozzi (Ercole)","Strozzi (Tito Vespasiano)","Super Ierarchiam Dionisii (Sur la Hi\u00e9rarchie c\u00e9leste de Denys)","th\u00e9ologie","Tractatus de diuersis materiis predicabilibus (\u00c9tienne de Bourbon)","Translatio et alia Hagiographica sancti Arnulphi episcopi Suessoniensis","Verino (Ugolino)","vers","Versio Caelestis Hierarchiae Pseudo-Dionysii Areopagitae cum scholiis ex Graeco sumptis necnon commentariis notulisque eiusdem Lincolniensis","Vie des P\u00e8res (Gr\u00e9goire de Tours)","vitae","Zabarella (Giacomo)"],"articleSection":["Publications"],"inLanguage":"fr-FR","potentialAction":[{"@type":"CommentAction","name":"Comment","target":["http:\/\/www.semen-l.org\/?p=374#respond"]}]},{"@type":"WebPage","@id":"http:\/\/www.semen-l.org\/?p=374","url":"http:\/\/www.semen-l.org\/?p=374","name":"Publications r\u00e9centes (septembre 2016) - Soci\u00e9t\u00e9 d&#039;\u00c9tudes M\u00e9dio Et N\u00e9o-Latines","isPartOf":{"@id":"http:\/\/www.semen-l.org\/#website"},"primaryImageOfPage":{"@id":"http:\/\/www.semen-l.org\/?p=374#primaryimage"},"image":{"@id":"http:\/\/www.semen-l.org\/?p=374#primaryimage"},"thumbnailUrl":"https:\/\/www.semen-l.org\/wp-content\/uploads\/2020\/11\/ciceron-livre.jpg","datePublished":"2016-10-12T10:07:00+00:00","dateModified":"2025-01-13T21:05:48+00:00","description":"Bibliographie des parutions en m\u00e9diolatin et n\u00e9o-latin \u00e0 la date du septembre 2016 par la Soci\u00e9t\u00e9 d'\u00c9tudes M\u00e9dio et N\u00e9o-latines.","breadcrumb":{"@id":"http:\/\/www.semen-l.org\/?p=374#breadcrumb"},"inLanguage":"fr-FR","potentialAction":[{"@type":"ReadAction","target":["http:\/\/www.semen-l.org\/?p=374"]}]},{"@type":"ImageObject","inLanguage":"fr-FR","@id":"http:\/\/www.semen-l.org\/?p=374#primaryimage","url":"https:\/\/www.semen-l.org\/wp-content\/uploads\/2020\/11\/ciceron-livre.jpg","contentUrl":"https:\/\/www.semen-l.org\/wp-content\/uploads\/2020\/11\/ciceron-livre.jpg","width":200,"height":200,"caption":"Le jeune Cic\u00e9ron lit un livre"},{"@type":"BreadcrumbList","@id":"http:\/\/www.semen-l.org\/?p=374#breadcrumb","itemListElement":[{"@type":"ListItem","position":1,"name":"Accueil","item":"http:\/\/www.semen-l.org\/"},{"@type":"ListItem","position":2,"name":"Publications r\u00e9centes (septembre 2016)"}]},{"@type":"WebSite","@id":"http:\/\/www.semen-l.org\/#website","url":"http:\/\/www.semen-l.org\/","name":"Soci\u00e9t\u00e9 d'\u00c9tudes M\u00e9dio Et N\u00e9o-Latines","description":"","publisher":{"@id":"http:\/\/www.semen-l.org\/#organization"},"potentialAction":[{"@type":"SearchAction","target":{"@type":"EntryPoint","urlTemplate":"http:\/\/www.semen-l.org\/?s={search_term_string}"},"query-input":{"@type":"PropertyValueSpecification","valueRequired":true,"valueName":"search_term_string"}}],"inLanguage":"fr-FR"},{"@type":"Organization","@id":"http:\/\/www.semen-l.org\/#organization","name":"Soci\u00e9t\u00e9 d'\u00e9tudes m\u00e9dio et n\u00e9o-latines","url":"http:\/\/www.semen-l.org\/","logo":{"@type":"ImageObject","inLanguage":"fr-FR","@id":"http:\/\/www.semen-l.org\/#\/schema\/logo\/image\/","url":"http:\/\/www.semen-l.org\/wp-content\/uploads\/2020\/11\/logo-semenl.jpg","contentUrl":"http:\/\/www.semen-l.org\/wp-content\/uploads\/2020\/11\/logo-semenl.jpg","width":408,"height":403,"caption":"Soci\u00e9t\u00e9 d'\u00e9tudes m\u00e9dio et n\u00e9o-latines"},"image":{"@id":"http:\/\/www.semen-l.org\/#\/schema\/logo\/image\/"},"sameAs":["https:\/\/www.facebook.com\/SEMENL2018","https:\/\/independent.academia.edu\/SocitsdtudesmdioetnolatinesSEMENL"]},{"@type":"Person","@id":"http:\/\/www.semen-l.org\/#\/schema\/person\/3d0af82116ae10be9dae79c17e01be5a","name":"Thomas Penguilly","image":{"@type":"ImageObject","inLanguage":"fr-FR","@id":"https:\/\/secure.gravatar.com\/avatar\/00dbfed997d1aaf8cbc93434abdcf5d630a180c99cd9fdd9293220ff847e3796?s=96&d=mm&r=g","url":"https:\/\/secure.gravatar.com\/avatar\/00dbfed997d1aaf8cbc93434abdcf5d630a180c99cd9fdd9293220ff847e3796?s=96&d=mm&r=g","contentUrl":"https:\/\/secure.gravatar.com\/avatar\/00dbfed997d1aaf8cbc93434abdcf5d630a180c99cd9fdd9293220ff847e3796?s=96&d=mm&r=g","caption":"Thomas Penguilly"},"url":"https:\/\/www.semen-l.org\/?author=24"}]}},"jetpack_featured_media_url":"https:\/\/www.semen-l.org\/wp-content\/uploads\/2020\/11\/ciceron-livre.jpg","_links":{"self":[{"href":"https:\/\/www.semen-l.org\/index.php?rest_route=\/wp\/v2\/posts\/374","targetHints":{"allow":["GET"]}}],"collection":[{"href":"https:\/\/www.semen-l.org\/index.php?rest_route=\/wp\/v2\/posts"}],"about":[{"href":"https:\/\/www.semen-l.org\/index.php?rest_route=\/wp\/v2\/types\/post"}],"author":[{"embeddable":true,"href":"https:\/\/www.semen-l.org\/index.php?rest_route=\/wp\/v2\/users\/24"}],"replies":[{"embeddable":true,"href":"https:\/\/www.semen-l.org\/index.php?rest_route=%2Fwp%2Fv2%2Fcomments&post=374"}],"version-history":[{"count":0,"href":"https:\/\/www.semen-l.org\/index.php?rest_route=\/wp\/v2\/posts\/374\/revisions"}],"wp:featuredmedia":[{"embeddable":true,"href":"https:\/\/www.semen-l.org\/index.php?rest_route=\/wp\/v2\/media\/837"}],"wp:attachment":[{"href":"https:\/\/www.semen-l.org\/index.php?rest_route=%2Fwp%2Fv2%2Fmedia&parent=374"}],"wp:term":[{"taxonomy":"category","embeddable":true,"href":"https:\/\/www.semen-l.org\/index.php?rest_route=%2Fwp%2Fv2%2Fcategories&post=374"},{"taxonomy":"post_tag","embeddable":true,"href":"https:\/\/www.semen-l.org\/index.php?rest_route=%2Fwp%2Fv2%2Ftags&post=374"}],"curies":[{"name":"wp","href":"https:\/\/api.w.org\/{rel}","templated":true}]}}