{"id":3712,"date":"2025-01-01T21:13:36","date_gmt":"2025-01-01T21:13:36","guid":{"rendered":"https:\/\/www.semen-l.org\/?p=3712"},"modified":"2025-01-15T16:52:59","modified_gmt":"2025-01-15T16:52:59","slug":"francois-mottais-eloges-de-matthias-corvin-roi-de-hongrie-en-guerrier-laudes-bellicae-dalessandro-cortesi-suivies-de-deux-epigrammes-de-girolamo-balbi-introduction-edition-et-traducti","status":"publish","type":"post","link":"https:\/\/www.semen-l.org\/?p=3712","title":{"rendered":"Fran\u00e7ois Mottais, \u00c9loges de Matthias Corvin, roi de Hongrie, en guerrier (Laudes bellicae d\u2019Alessandro Cortesi, suivies de deux \u00e9pigrammes de Girolamo Balbi). Introduction, \u00e9dition et traduction, \u00e9d. Chemins de tr@verse, coll. Chartae neolatinae, 2024"},"content":{"rendered":"<p><strong><a href=\"https:\/\/www.bouquineo.fr\/products\/eloges-de-matthias-corin-roi-de-hongrie-en-guerrier\"><img fetchpriority=\"high\" decoding=\"async\" class=\"alignright size-medium wp-image-3839\" src=\"http:\/\/www.semen-l.org\/wp-content\/uploads\/2025\/01\/couv_corvin-hongrie-212x300.jpg\" alt=\"\" width=\"212\" height=\"300\" srcset=\"https:\/\/www.semen-l.org\/wp-content\/uploads\/2025\/01\/couv_corvin-hongrie-212x300.jpg 212w, https:\/\/www.semen-l.org\/wp-content\/uploads\/2025\/01\/couv_corvin-hongrie-141x200.jpg 141w, https:\/\/www.semen-l.org\/wp-content\/uploads\/2025\/01\/couv_corvin-hongrie.jpg 361w\" sizes=\"(max-width: 212px) 100vw, 212px\" \/><\/a>Fran\u00e7ois Mottais, <em>\u00c9loges de Matthias Corvin, roi de Hongrie, en guerrier (Laudes bellicae <\/em>d\u2019Alessandro Cortesi, suivies de deux \u00e9pigrammes de Girolamo Balbi). Introduction, \u00e9dition et traduction, \u00e9d. Chemins de tr@verse, coll. Chartae neolatinae, 2024, 152 p.<\/strong><\/p>\n<p>Cet ouvrage propose une \u00e9dition et une introduction d\u2019un groupe de po\u00e8mes n\u00e9o-latins compos\u00e9s pour c\u00e9l\u00e9brer la gloire militaire de Matthias Corvin, roi de Hongrie (1458-1490). Le premier, compos\u00e9 par un humaniste italien proche de la papaut\u00e9, Alessandro Cortesi, s\u2019\u00e9tend sur pr\u00e8s de 1200 hexam\u00e8tres d\u2019une facture tr\u00e8s classique et retrace les principaux faits d\u2019armes de Matthias Corvin : lutte contre les Hussites, contre les Turcs et contre le Saint-Empire. Les deux autres po\u00e8mes, bien plus brefs, sont le fait de Girolamo Balbi, humaniste itin\u00e9rant qui a parcouru presque toute l\u2019Europe au cours de sa longue carri\u00e8re. La premi\u00e8re \u00e9pigramme, d\u00e9di\u00e9e \u00e0 Matthias Corvin, s\u2019apparente \u00e0 une r\u00e9criture miniaturis\u00e9e de l\u2019\u0153uvre de Cortesi. Ce proc\u00e9d\u00e9 est tout aussi net dans la seconde \u00e9pigramme, Balbi ayant pratiqu\u00e9 l\u2019auto-plagiat pour composer un nouveau po\u00e8me \u00e0 la gloire d\u2019un destinataire diff\u00e9rent, Maximilien de Habsbourg. Le rapprochement de ces trois \u0153uvres \u00e9claire les pratiques d\u2019\u00e9criture des humanistes de la fin du XV<sup>e<\/sup> si\u00e8cle, fond\u00e9e sur une imitation libre d\u2019une multitude d\u2019auteurs classiques, mais aussi sur la reprise d\u2019\u0153uvres po\u00e9tiques contemporaines.<\/p>\n<p><strong>\u00a0<em>Cette recension a \u00e9t\u00e9 publi\u00e9e dans le <a href=\"http:\/\/www.semen-l.org\/wp-content\/uploads\/2024\/12\/SEMENL-Bulletin22-2024.pdf\">Bulletin de liaison n\u00b022 (2024) de la SEMEN-L (p. 48).<\/a><\/em><\/strong><\/p>\n","protected":false},"excerpt":{"rendered":"<p>Fran\u00e7ois Mottais, \u00c9loges de Matthias Corvin, roi de Hongrie, en guerrier (Laudes bellicae d\u2019Alessandro Cortesi, suivies de deux \u00e9pigrammes de Girolamo Balbi). Introduction, \u00e9dition et traduction, \u00e9d. Chemins de tr@verse, coll. Chartae neolatinae, 2024, 152 p. Cet ouvrage propose une &hellip; <a href=\"https:\/\/www.semen-l.org\/?p=3712\">Continuer la lecture <span class=\"meta-nav\">&rarr;<\/span><\/a><\/p>\n","protected":false},"author":26,"featured_media":0,"comment_status":"open","ping_status":"open","sticky":false,"template":"","format":"standard","meta":{"footnotes":""},"categories":[1825],"tags":[2204,2205,2203,68,26],"class_list":["post-3712","post","type-post","status-publish","format-standard","hentry","category-recensions","tag-balbi-girolamo","tag-cortesi-alexandro","tag-corvin-matthias","tag-epigramme","tag-poesie"],"yoast_head":"<!-- This site is optimized with the Yoast SEO plugin v27.5 - https:\/\/yoast.com\/product\/yoast-seo-wordpress\/ -->\n<title>Fran\u00e7ois Mottais, \u00c9loges de Matthias Corvin, roi de Hongrie, en guerrier (Laudes bellicae d\u2019Alessandro Cortesi, suivies de deux \u00e9pigrammes de Girolamo Balbi). Introduction, \u00e9dition et traduction, \u00e9d. Chemins de tr@verse, coll. Chartae neolatinae, 2024 - Soci\u00e9t\u00e9 d&#039;\u00c9tudes M\u00e9dio Et N\u00e9o-Latines<\/title>\n<meta name=\"robots\" content=\"index, follow, max-snippet:-1, max-image-preview:large, max-video-preview:-1\" \/>\n<link rel=\"canonical\" href=\"https:\/\/www.semen-l.org\/?p=3712\" \/>\n<meta property=\"og:locale\" content=\"fr_FR\" \/>\n<meta property=\"og:type\" content=\"article\" \/>\n<meta property=\"og:title\" content=\"Fran\u00e7ois Mottais, \u00c9loges de Matthias Corvin, roi de Hongrie, en guerrier (Laudes bellicae d\u2019Alessandro Cortesi, suivies de deux \u00e9pigrammes de Girolamo Balbi). Introduction, \u00e9dition et traduction, \u00e9d. Chemins de tr@verse, coll. Chartae neolatinae, 2024 - Soci\u00e9t\u00e9 d&#039;\u00c9tudes M\u00e9dio Et N\u00e9o-Latines\" \/>\n<meta property=\"og:description\" content=\"Fran\u00e7ois Mottais, \u00c9loges de Matthias Corvin, roi de Hongrie, en guerrier (Laudes bellicae d\u2019Alessandro Cortesi, suivies de deux \u00e9pigrammes de Girolamo Balbi). Introduction, \u00e9dition et traduction, \u00e9d. Chemins de tr@verse, coll. Chartae neolatinae, 2024, 152 p. Cet ouvrage propose une &hellip; Continuer la lecture &rarr;\" \/>\n<meta property=\"og:url\" content=\"https:\/\/www.semen-l.org\/?p=3712\" \/>\n<meta property=\"og:site_name\" content=\"Soci\u00e9t\u00e9 d&#039;\u00c9tudes M\u00e9dio Et N\u00e9o-Latines\" \/>\n<meta property=\"article:publisher\" content=\"https:\/\/www.facebook.com\/SEMENL2018\" \/>\n<meta property=\"article:published_time\" content=\"2025-01-01T21:13:36+00:00\" \/>\n<meta property=\"article:modified_time\" content=\"2025-01-15T16:52:59+00:00\" \/>\n<meta property=\"og:image\" content=\"http:\/\/www.semen-l.org\/wp-content\/uploads\/2025\/01\/couv_corvin-hongrie-212x300.jpg\" \/>\n<meta name=\"author\" content=\"Julien Maudoux\" \/>\n<meta name=\"twitter:card\" content=\"summary_large_image\" \/>\n<meta name=\"twitter:label1\" content=\"\u00c9crit par\" \/>\n\t<meta name=\"twitter:data1\" content=\"Julien Maudoux\" \/>\n\t<meta name=\"twitter:label2\" content=\"Dur\u00e9e de lecture estim\u00e9e\" \/>\n\t<meta name=\"twitter:data2\" content=\"2 minutes\" \/>\n<script type=\"application\/ld+json\" class=\"yoast-schema-graph\">{\"@context\":\"https:\\\/\\\/schema.org\",\"@graph\":[{\"@type\":\"Article\",\"@id\":\"https:\\\/\\\/www.semen-l.org\\\/?p=3712#article\",\"isPartOf\":{\"@id\":\"https:\\\/\\\/www.semen-l.org\\\/?p=3712\"},\"author\":{\"name\":\"Julien Maudoux\",\"@id\":\"http:\\\/\\\/www.semen-l.org\\\/#\\\/schema\\\/person\\\/ef5208815f17666727763c5363a51344\"},\"headline\":\"Fran\u00e7ois Mottais, \u00c9loges de Matthias Corvin, roi de Hongrie, en guerrier (Laudes bellicae d\u2019Alessandro Cortesi, suivies de deux \u00e9pigrammes de Girolamo Balbi). Introduction, \u00e9dition et traduction, \u00e9d. Chemins de tr@verse, coll. Chartae neolatinae, 2024\",\"datePublished\":\"2025-01-01T21:13:36+00:00\",\"dateModified\":\"2025-01-15T16:52:59+00:00\",\"mainEntityOfPage\":{\"@id\":\"https:\\\/\\\/www.semen-l.org\\\/?p=3712\"},\"wordCount\":295,\"commentCount\":0,\"publisher\":{\"@id\":\"http:\\\/\\\/www.semen-l.org\\\/#organization\"},\"image\":{\"@id\":\"https:\\\/\\\/www.semen-l.org\\\/?p=3712#primaryimage\"},\"thumbnailUrl\":\"http:\\\/\\\/www.semen-l.org\\\/wp-content\\\/uploads\\\/2025\\\/01\\\/couv_corvin-hongrie-212x300.jpg\",\"keywords\":[\"Balbi (Girolamo)\",\"Cortesi (Alexandro)\",\"Corvin (Matthias)\",\"\u00e9pigramme\",\"po\u00e9sie\"],\"articleSection\":[\"Recensions\"],\"inLanguage\":\"fr-FR\",\"potentialAction\":[{\"@type\":\"CommentAction\",\"name\":\"Comment\",\"target\":[\"https:\\\/\\\/www.semen-l.org\\\/?p=3712#respond\"]}]},{\"@type\":\"WebPage\",\"@id\":\"https:\\\/\\\/www.semen-l.org\\\/?p=3712\",\"url\":\"https:\\\/\\\/www.semen-l.org\\\/?p=3712\",\"name\":\"Fran\u00e7ois Mottais, \u00c9loges de Matthias Corvin, roi de Hongrie, en guerrier (Laudes bellicae d\u2019Alessandro Cortesi, suivies de deux \u00e9pigrammes de Girolamo Balbi). Introduction, \u00e9dition et traduction, \u00e9d. Chemins de tr@verse, coll. Chartae neolatinae, 2024 - Soci\u00e9t\u00e9 d&#039;\u00c9tudes M\u00e9dio Et N\u00e9o-Latines\",\"isPartOf\":{\"@id\":\"http:\\\/\\\/www.semen-l.org\\\/#website\"},\"primaryImageOfPage\":{\"@id\":\"https:\\\/\\\/www.semen-l.org\\\/?p=3712#primaryimage\"},\"image\":{\"@id\":\"https:\\\/\\\/www.semen-l.org\\\/?p=3712#primaryimage\"},\"thumbnailUrl\":\"http:\\\/\\\/www.semen-l.org\\\/wp-content\\\/uploads\\\/2025\\\/01\\\/couv_corvin-hongrie-212x300.jpg\",\"datePublished\":\"2025-01-01T21:13:36+00:00\",\"dateModified\":\"2025-01-15T16:52:59+00:00\",\"breadcrumb\":{\"@id\":\"https:\\\/\\\/www.semen-l.org\\\/?p=3712#breadcrumb\"},\"inLanguage\":\"fr-FR\",\"potentialAction\":[{\"@type\":\"ReadAction\",\"target\":[\"https:\\\/\\\/www.semen-l.org\\\/?p=3712\"]}]},{\"@type\":\"ImageObject\",\"inLanguage\":\"fr-FR\",\"@id\":\"https:\\\/\\\/www.semen-l.org\\\/?p=3712#primaryimage\",\"url\":\"https:\\\/\\\/www.semen-l.org\\\/wp-content\\\/uploads\\\/2025\\\/01\\\/couv_corvin-hongrie.jpg\",\"contentUrl\":\"https:\\\/\\\/www.semen-l.org\\\/wp-content\\\/uploads\\\/2025\\\/01\\\/couv_corvin-hongrie.jpg\",\"width\":361,\"height\":512},{\"@type\":\"BreadcrumbList\",\"@id\":\"https:\\\/\\\/www.semen-l.org\\\/?p=3712#breadcrumb\",\"itemListElement\":[{\"@type\":\"ListItem\",\"position\":1,\"name\":\"Accueil\",\"item\":\"http:\\\/\\\/www.semen-l.org\\\/\"},{\"@type\":\"ListItem\",\"position\":2,\"name\":\"Fran\u00e7ois Mottais, \u00c9loges de Matthias Corvin, roi de Hongrie, en guerrier (Laudes bellicae d\u2019Alessandro Cortesi, suivies de deux \u00e9pigrammes de Girolamo Balbi). Introduction, \u00e9dition et traduction, \u00e9d. Chemins de tr@verse, coll. Chartae neolatinae, 2024\"}]},{\"@type\":\"WebSite\",\"@id\":\"http:\\\/\\\/www.semen-l.org\\\/#website\",\"url\":\"http:\\\/\\\/www.semen-l.org\\\/\",\"name\":\"Soci\u00e9t\u00e9 d'\u00c9tudes M\u00e9dio Et N\u00e9o-Latines\",\"description\":\"\",\"publisher\":{\"@id\":\"http:\\\/\\\/www.semen-l.org\\\/#organization\"},\"potentialAction\":[{\"@type\":\"SearchAction\",\"target\":{\"@type\":\"EntryPoint\",\"urlTemplate\":\"http:\\\/\\\/www.semen-l.org\\\/?s={search_term_string}\"},\"query-input\":{\"@type\":\"PropertyValueSpecification\",\"valueRequired\":true,\"valueName\":\"search_term_string\"}}],\"inLanguage\":\"fr-FR\"},{\"@type\":\"Organization\",\"@id\":\"http:\\\/\\\/www.semen-l.org\\\/#organization\",\"name\":\"Soci\u00e9t\u00e9 d'\u00e9tudes m\u00e9dio et n\u00e9o-latines\",\"url\":\"http:\\\/\\\/www.semen-l.org\\\/\",\"logo\":{\"@type\":\"ImageObject\",\"inLanguage\":\"fr-FR\",\"@id\":\"http:\\\/\\\/www.semen-l.org\\\/#\\\/schema\\\/logo\\\/image\\\/\",\"url\":\"http:\\\/\\\/www.semen-l.org\\\/wp-content\\\/uploads\\\/2020\\\/11\\\/logo-semenl.jpg\",\"contentUrl\":\"http:\\\/\\\/www.semen-l.org\\\/wp-content\\\/uploads\\\/2020\\\/11\\\/logo-semenl.jpg\",\"width\":408,\"height\":403,\"caption\":\"Soci\u00e9t\u00e9 d'\u00e9tudes m\u00e9dio et n\u00e9o-latines\"},\"image\":{\"@id\":\"http:\\\/\\\/www.semen-l.org\\\/#\\\/schema\\\/logo\\\/image\\\/\"},\"sameAs\":[\"https:\\\/\\\/www.facebook.com\\\/SEMENL2018\",\"https:\\\/\\\/independent.academia.edu\\\/SocitsdtudesmdioetnolatinesSEMENL\"]},{\"@type\":\"Person\",\"@id\":\"http:\\\/\\\/www.semen-l.org\\\/#\\\/schema\\\/person\\\/ef5208815f17666727763c5363a51344\",\"name\":\"Julien Maudoux\",\"image\":{\"@type\":\"ImageObject\",\"inLanguage\":\"fr-FR\",\"@id\":\"https:\\\/\\\/secure.gravatar.com\\\/avatar\\\/caabf4fb6242e2277733cd35a5c2aa083761ea25dae1d1ff3298b54292225292?s=96&d=mm&r=g\",\"url\":\"https:\\\/\\\/secure.gravatar.com\\\/avatar\\\/caabf4fb6242e2277733cd35a5c2aa083761ea25dae1d1ff3298b54292225292?s=96&d=mm&r=g\",\"contentUrl\":\"https:\\\/\\\/secure.gravatar.com\\\/avatar\\\/caabf4fb6242e2277733cd35a5c2aa083761ea25dae1d1ff3298b54292225292?s=96&d=mm&r=g\",\"caption\":\"Julien Maudoux\"},\"description\":\"Webmestre du site de la SEMEN-L\",\"url\":\"https:\\\/\\\/www.semen-l.org\\\/?author=26\"}]}<\/script>\n<!-- \/ Yoast SEO plugin. -->","yoast_head_json":{"title":"Fran\u00e7ois Mottais, \u00c9loges de Matthias Corvin, roi de Hongrie, en guerrier (Laudes bellicae d\u2019Alessandro Cortesi, suivies de deux \u00e9pigrammes de Girolamo Balbi). Introduction, \u00e9dition et traduction, \u00e9d. Chemins de tr@verse, coll. Chartae neolatinae, 2024 - Soci\u00e9t\u00e9 d&#039;\u00c9tudes M\u00e9dio Et N\u00e9o-Latines","robots":{"index":"index","follow":"follow","max-snippet":"max-snippet:-1","max-image-preview":"max-image-preview:large","max-video-preview":"max-video-preview:-1"},"canonical":"https:\/\/www.semen-l.org\/?p=3712","og_locale":"fr_FR","og_type":"article","og_title":"Fran\u00e7ois Mottais, \u00c9loges de Matthias Corvin, roi de Hongrie, en guerrier (Laudes bellicae d\u2019Alessandro Cortesi, suivies de deux \u00e9pigrammes de Girolamo Balbi). Introduction, \u00e9dition et traduction, \u00e9d. Chemins de tr@verse, coll. Chartae neolatinae, 2024 - Soci\u00e9t\u00e9 d&#039;\u00c9tudes M\u00e9dio Et N\u00e9o-Latines","og_description":"Fran\u00e7ois Mottais, \u00c9loges de Matthias Corvin, roi de Hongrie, en guerrier (Laudes bellicae d\u2019Alessandro Cortesi, suivies de deux \u00e9pigrammes de Girolamo Balbi). Introduction, \u00e9dition et traduction, \u00e9d. Chemins de tr@verse, coll. Chartae neolatinae, 2024, 152 p. Cet ouvrage propose une &hellip; Continuer la lecture &rarr;","og_url":"https:\/\/www.semen-l.org\/?p=3712","og_site_name":"Soci\u00e9t\u00e9 d&#039;\u00c9tudes M\u00e9dio Et N\u00e9o-Latines","article_publisher":"https:\/\/www.facebook.com\/SEMENL2018","article_published_time":"2025-01-01T21:13:36+00:00","article_modified_time":"2025-01-15T16:52:59+00:00","og_image":[{"url":"http:\/\/www.semen-l.org\/wp-content\/uploads\/2025\/01\/couv_corvin-hongrie-212x300.jpg","type":"","width":"","height":""}],"author":"Julien Maudoux","twitter_card":"summary_large_image","twitter_misc":{"\u00c9crit par":"Julien Maudoux","Dur\u00e9e de lecture estim\u00e9e":"2 minutes"},"schema":{"@context":"https:\/\/schema.org","@graph":[{"@type":"Article","@id":"https:\/\/www.semen-l.org\/?p=3712#article","isPartOf":{"@id":"https:\/\/www.semen-l.org\/?p=3712"},"author":{"name":"Julien Maudoux","@id":"http:\/\/www.semen-l.org\/#\/schema\/person\/ef5208815f17666727763c5363a51344"},"headline":"Fran\u00e7ois Mottais, \u00c9loges de Matthias Corvin, roi de Hongrie, en guerrier (Laudes bellicae d\u2019Alessandro Cortesi, suivies de deux \u00e9pigrammes de Girolamo Balbi). Introduction, \u00e9dition et traduction, \u00e9d. Chemins de tr@verse, coll. Chartae neolatinae, 2024","datePublished":"2025-01-01T21:13:36+00:00","dateModified":"2025-01-15T16:52:59+00:00","mainEntityOfPage":{"@id":"https:\/\/www.semen-l.org\/?p=3712"},"wordCount":295,"commentCount":0,"publisher":{"@id":"http:\/\/www.semen-l.org\/#organization"},"image":{"@id":"https:\/\/www.semen-l.org\/?p=3712#primaryimage"},"thumbnailUrl":"http:\/\/www.semen-l.org\/wp-content\/uploads\/2025\/01\/couv_corvin-hongrie-212x300.jpg","keywords":["Balbi (Girolamo)","Cortesi (Alexandro)","Corvin (Matthias)","\u00e9pigramme","po\u00e9sie"],"articleSection":["Recensions"],"inLanguage":"fr-FR","potentialAction":[{"@type":"CommentAction","name":"Comment","target":["https:\/\/www.semen-l.org\/?p=3712#respond"]}]},{"@type":"WebPage","@id":"https:\/\/www.semen-l.org\/?p=3712","url":"https:\/\/www.semen-l.org\/?p=3712","name":"Fran\u00e7ois Mottais, \u00c9loges de Matthias Corvin, roi de Hongrie, en guerrier (Laudes bellicae d\u2019Alessandro Cortesi, suivies de deux \u00e9pigrammes de Girolamo Balbi). Introduction, \u00e9dition et traduction, \u00e9d. Chemins de tr@verse, coll. Chartae neolatinae, 2024 - Soci\u00e9t\u00e9 d&#039;\u00c9tudes M\u00e9dio Et N\u00e9o-Latines","isPartOf":{"@id":"http:\/\/www.semen-l.org\/#website"},"primaryImageOfPage":{"@id":"https:\/\/www.semen-l.org\/?p=3712#primaryimage"},"image":{"@id":"https:\/\/www.semen-l.org\/?p=3712#primaryimage"},"thumbnailUrl":"http:\/\/www.semen-l.org\/wp-content\/uploads\/2025\/01\/couv_corvin-hongrie-212x300.jpg","datePublished":"2025-01-01T21:13:36+00:00","dateModified":"2025-01-15T16:52:59+00:00","breadcrumb":{"@id":"https:\/\/www.semen-l.org\/?p=3712#breadcrumb"},"inLanguage":"fr-FR","potentialAction":[{"@type":"ReadAction","target":["https:\/\/www.semen-l.org\/?p=3712"]}]},{"@type":"ImageObject","inLanguage":"fr-FR","@id":"https:\/\/www.semen-l.org\/?p=3712#primaryimage","url":"https:\/\/www.semen-l.org\/wp-content\/uploads\/2025\/01\/couv_corvin-hongrie.jpg","contentUrl":"https:\/\/www.semen-l.org\/wp-content\/uploads\/2025\/01\/couv_corvin-hongrie.jpg","width":361,"height":512},{"@type":"BreadcrumbList","@id":"https:\/\/www.semen-l.org\/?p=3712#breadcrumb","itemListElement":[{"@type":"ListItem","position":1,"name":"Accueil","item":"http:\/\/www.semen-l.org\/"},{"@type":"ListItem","position":2,"name":"Fran\u00e7ois Mottais, \u00c9loges de Matthias Corvin, roi de Hongrie, en guerrier (Laudes bellicae d\u2019Alessandro Cortesi, suivies de deux \u00e9pigrammes de Girolamo Balbi). Introduction, \u00e9dition et traduction, \u00e9d. Chemins de tr@verse, coll. Chartae neolatinae, 2024"}]},{"@type":"WebSite","@id":"http:\/\/www.semen-l.org\/#website","url":"http:\/\/www.semen-l.org\/","name":"Soci\u00e9t\u00e9 d'\u00c9tudes M\u00e9dio Et N\u00e9o-Latines","description":"","publisher":{"@id":"http:\/\/www.semen-l.org\/#organization"},"potentialAction":[{"@type":"SearchAction","target":{"@type":"EntryPoint","urlTemplate":"http:\/\/www.semen-l.org\/?s={search_term_string}"},"query-input":{"@type":"PropertyValueSpecification","valueRequired":true,"valueName":"search_term_string"}}],"inLanguage":"fr-FR"},{"@type":"Organization","@id":"http:\/\/www.semen-l.org\/#organization","name":"Soci\u00e9t\u00e9 d'\u00e9tudes m\u00e9dio et n\u00e9o-latines","url":"http:\/\/www.semen-l.org\/","logo":{"@type":"ImageObject","inLanguage":"fr-FR","@id":"http:\/\/www.semen-l.org\/#\/schema\/logo\/image\/","url":"http:\/\/www.semen-l.org\/wp-content\/uploads\/2020\/11\/logo-semenl.jpg","contentUrl":"http:\/\/www.semen-l.org\/wp-content\/uploads\/2020\/11\/logo-semenl.jpg","width":408,"height":403,"caption":"Soci\u00e9t\u00e9 d'\u00e9tudes m\u00e9dio et n\u00e9o-latines"},"image":{"@id":"http:\/\/www.semen-l.org\/#\/schema\/logo\/image\/"},"sameAs":["https:\/\/www.facebook.com\/SEMENL2018","https:\/\/independent.academia.edu\/SocitsdtudesmdioetnolatinesSEMENL"]},{"@type":"Person","@id":"http:\/\/www.semen-l.org\/#\/schema\/person\/ef5208815f17666727763c5363a51344","name":"Julien Maudoux","image":{"@type":"ImageObject","inLanguage":"fr-FR","@id":"https:\/\/secure.gravatar.com\/avatar\/caabf4fb6242e2277733cd35a5c2aa083761ea25dae1d1ff3298b54292225292?s=96&d=mm&r=g","url":"https:\/\/secure.gravatar.com\/avatar\/caabf4fb6242e2277733cd35a5c2aa083761ea25dae1d1ff3298b54292225292?s=96&d=mm&r=g","contentUrl":"https:\/\/secure.gravatar.com\/avatar\/caabf4fb6242e2277733cd35a5c2aa083761ea25dae1d1ff3298b54292225292?s=96&d=mm&r=g","caption":"Julien Maudoux"},"description":"Webmestre du site de la SEMEN-L","url":"https:\/\/www.semen-l.org\/?author=26"}]}},"jetpack_featured_media_url":"","_links":{"self":[{"href":"https:\/\/www.semen-l.org\/index.php?rest_route=\/wp\/v2\/posts\/3712","targetHints":{"allow":["GET"]}}],"collection":[{"href":"https:\/\/www.semen-l.org\/index.php?rest_route=\/wp\/v2\/posts"}],"about":[{"href":"https:\/\/www.semen-l.org\/index.php?rest_route=\/wp\/v2\/types\/post"}],"author":[{"embeddable":true,"href":"https:\/\/www.semen-l.org\/index.php?rest_route=\/wp\/v2\/users\/26"}],"replies":[{"embeddable":true,"href":"https:\/\/www.semen-l.org\/index.php?rest_route=%2Fwp%2Fv2%2Fcomments&post=3712"}],"version-history":[{"count":0,"href":"https:\/\/www.semen-l.org\/index.php?rest_route=\/wp\/v2\/posts\/3712\/revisions"}],"wp:attachment":[{"href":"https:\/\/www.semen-l.org\/index.php?rest_route=%2Fwp%2Fv2%2Fmedia&parent=3712"}],"wp:term":[{"taxonomy":"category","embeddable":true,"href":"https:\/\/www.semen-l.org\/index.php?rest_route=%2Fwp%2Fv2%2Fcategories&post=3712"},{"taxonomy":"post_tag","embeddable":true,"href":"https:\/\/www.semen-l.org\/index.php?rest_route=%2Fwp%2Fv2%2Ftags&post=3712"}],"curies":[{"name":"wp","href":"https:\/\/api.w.org\/{rel}","templated":true}]}}