{"id":366,"date":"2016-10-01T13:08:23","date_gmt":"2016-10-01T13:08:23","guid":{"rendered":"http:\/\/www.semen-l.org\/?p=366"},"modified":"2025-01-15T23:44:31","modified_gmt":"2025-01-15T23:44:31","slug":"theses-en-cours-au-1er-octobre-2016","status":"publish","type":"post","link":"https:\/\/www.semen-l.org\/?p=366","title":{"rendered":"Th\u00e8ses en cours au 1er septembre 2016"},"content":{"rendered":"<p>Cliquez sur le lien suivant pour afficher la liste des th\u00e8ses de doctorat et des recherches post-doctorales en cours dans les domaines du m\u00e9diolatin et du n\u00e9o-latin au 1<sup>er<\/sup> septembre 2016\u00a0: <a href=\"http:\/\/www.semen-l.org\/wp-content\/uploads\/2016\/10\/Th\u00e8ses-au-1IX16.pdf\">theses-au-1ix16<\/a><br \/>\n<a href=\"https:\/\/www.semen-l.org\/wp-content\/uploads\/2016\/10\/Th\u00e8ses-au-1IX16.pdf\" class=\"pdfemb-viewer\" style=\"\" data-width=\"max\" data-height=\"max\" data-toolbar=\"both\" data-toolbar-fixed=\"off\">theses-au-1ix16<\/a><\/p>\n<p>*<\/p>\n<p>Version en texte clair<\/p>\n<p><strong>THESES DE DOCTORAT EN COURS AU <\/strong><strong>1<\/strong><strong>ER SEPTEMBRE <\/strong><strong>2016<\/strong><\/p>\n<p>Cl\u00e9ment Auger, <em>Renaissance d<\/em><em>\u2019<\/em><em>un genre : la satire du mod\u00e8le latin aux pratiques vulgaires (Italie et France, <\/em><em>XV<sup>e<\/sup> et XVI<sup>e<\/sup> si\u00e8cles)<\/em>, dir. M. Bouquet, Universit\u00e9 Rennes 2, en cotutelle avec M. Squillante, Universit\u00e9 de Naples Federico II.<\/p>\n<p>Fabien Barri\u00e8re, <em>Le sourire de Thalie<\/em><em> : formes et signification du rire dans l<\/em><em>\u2019<\/em><em>univers pastoral de la Renaissance \u00e0 <\/em><em>l<\/em><em>\u2019<\/em><em>\u00e2ge baroque<\/em>, codir. H. Casanova-Robin et D. Denis, Universit\u00e9 Paris-Sorbonne.<\/p>\n<p>Fran\u00e7ois Bonnefont, <em>Les po\u00e8mes latins de Martin Thierry, traduction et commentaire<\/em>, dir. S. Laigneau- Fontaine, Universit\u00e9 de Bourgogne.<\/p>\n<p>Blandine Boulanger, <em>Politique<\/em> <em>et<\/em> <em>po\u00e9tique<\/em> <em>dans<\/em> <em>les<\/em> Miscellanea <em>de<\/em> <em>Pietro<\/em> <em>Crinito<\/em> <em>(1474\/6-1507)<\/em>, dir. Galand, EPHE, en cotutelle avec D. Coppini, Universit\u00e9 de Florence.<\/p>\n<p>Aude Buffenoir, <em>\u00c9dition critique de la <\/em>Theologia naturalis <em>de Nicolas Bonet (+1343). Histoire et enjeux <\/em><em>de la th\u00e9ologie naturelle en sa premi\u00e8re figure<\/em>, dir. P. Bourgain, ENC.<\/p>\n<p>Alejandro Cantarero de Salazar, <em>La obra del humanista Sebasti\u00e1n Fox Morcillo y su difusi\u00f3n editorial : <\/em><em>estudio, edici\u00f3n cr\u00edtica y traducci\u00f3n del di\u00e1logo <\/em>De iuuentute, dir. A. Vian Herrero, Universidad Complutense de Madrid.<\/p>\n<p>Nicolas Casellato, <em>Traduction<\/em> <em>et<\/em> <em>commentaire<\/em> <em>des<\/em> Quattuor Amores Libri <em>de<\/em> <em>Conrad<\/em> <em>Celtis,<\/em> dir. Casanova-Robin, Universit\u00e9 Paris-Sorbonne.<\/p>\n<p>Claire Chauvin, <em>Le <\/em>Buccolicum carmen <em>de Giovanni Boccaccio : pr\u00e9sentation, traduction, notes et commentaire<\/em>, dir. P. Mar\u00e9chaux, Universit\u00e9 de Nantes.<\/p>\n<p>Barbara Constant-Desportes, <em>Autour de l<\/em><em>\u2019<\/em>Angelinetum <em>et des <\/em>Carmina varia <em>de Giovanni Marrasio : <\/em><em>\u00e9tude<\/em> <em>sur la po\u00e9sie n\u00e9o-latine<\/em> <em>du premier<\/em> <em>humanisme et le renouvellement du genre \u00e9l\u00e9giaque<\/em>, dir. H. Casanova- Robin, Universit\u00e9 Paris-Sorbonne.<\/p>\n<p>\u00c9lodie Cuissard, <em>L<\/em><em>\u2019<\/em><em>\u00e9tablissement<\/em> <em>du<\/em> <em>texte<\/em> <em>de<\/em> <em>Tacite<\/em> <em>au<\/em> <em>XVI<sup>e<\/sup><\/em> <em>si\u00e8cle<\/em> <em>:<\/em> <em>Beatus<\/em> <em>Rhenanus,<\/em> <em>les<\/em> Annales <em>et<\/em> <em>le<\/em><\/p>\n<p>codex Budensis <em>(manuscrit<\/em> <em>de<\/em> <em>Yale)<\/em>, dir. J. Hirstein, Universit\u00e9 de Strasbourg.<\/p>\n<p>Laure-Aline Cuvelier, <em>\u00c9dition critique, traduction et commentaire du livre V (selon les ms.) du <\/em>Speculum doctrinale <em>de Vincent de Beauvais<\/em>, codir. J.-F. Chevalier, Universit\u00e9 de Lorraine, et I. Draelants, IRHT.<\/p>\n<p>Lorna Ath\u00e9na David, <em>La<\/em> <em>beaut\u00e9<\/em> <em>artificielle<\/em> <em>dans<\/em> <em>les<\/em> <em>romans<\/em> <em>de<\/em> <em>l<\/em><em>\u2019<\/em><em>Antiquit\u00e9<\/em>, dir. D. James-Raoul, Universit\u00e9 Bordeaux Montaigne.<\/p>\n<p>Salomon Dumotier, <em>Le dialogue comme \u00e9criture de soi dans la litt\u00e9rature fran\u00e7aise et m\u00e9diolatine du XI<sup>e<\/sup> au XIV<sup>e<\/sup> si\u00e8cle<\/em>, dir. D. James-Raoul, Universit\u00e9 Bordeaux Montaigne.<\/p>\n<p>Dorota Dremierre, <em>D\u00e9couverte et reconstruction \u00e9rudite du deuil antique par les humanistes du Trecento et du <\/em><em>Quattrocento<\/em>, dir. P. Galand, EPHE.<\/p>\n<p>Aur\u00e9lie Gay, <em>Autour<\/em> <em>des<\/em> Selecta Epigrammata Graeca <em>de<\/em> <em>Cornarius<\/em> <em>:<\/em> <em>anthologie<\/em> <em>et<\/em> <em>traduction<\/em> <em>\u00e0<\/em> <em>la <\/em><em>Renaissance<\/em>, dir. S. Laigneau-Fontaine et E. Oudot, Universit\u00e9 de Bourgogne.<\/p>\n<p>Lika Gordeziani, <em>La tradition mythologique dans les<\/em> Adages <em>d<\/em><em>\u2019<\/em><em>\u00c9rasme<\/em>, dir. J.-F. Cottier, Universit\u00e9 Paris-Diderot.<\/p>\n<p>Camille Guyot de Villeneuve, <em>Le pur Amour dans les \u00e9crits des b\u00e9guines et des religieux proches du <\/em><em>mouvement b\u00e9guinal au XIIIe-XIVe si\u00e8cle<\/em>, dir. O. Boulnois, EPHE<\/p>\n<p>Adrienne Hamy, <em>Les hom\u00e9lies mariales de Juan Gil de Zamora : \u00e9dition critique, commentaire philologique et <\/em><em>historique<\/em>, cod. J.-F. Cottier, Universit\u00e9 Paris-Diderot, et P. Henriet, EPHE.<\/p>\n<p>Claire Laim\u00e9-Couturier, <em>Les d\u00e9buts po\u00e9tiques d<\/em><em>\u2019<\/em><em>un futur po\u00e9ticien \u00e0 la cour de Ferrare : \u00e9dition, traduction et <\/em><em>commentaire<\/em> <em>des<\/em> Carmina <em>de l<\/em><em>\u2019<\/em><em>humaniste Giovanni Battista Pigna (1553)<\/em>, dir. P. Galand, EPHE, en cotutelle avec D. Coppini, Universit\u00e9 de Florence.<\/p>\n<p>Anna Le Touze, <em>La paraphrase de l<\/em><em>\u2019<\/em>Art po\u00e9tique <em>d<\/em><em>\u2019<\/em><em>Horace par Francesco Robortello :<\/em> <em>\u00e9dition, traduction, <\/em><em>commentaire<\/em>, dir. M. Bouquet, Universit\u00e9 Rennes 2, en cotutelle avec M. Squillante, Universit\u00e9 de Naples Federico II.<\/p>\n<p>Marie-Eug\u00e9nie Lecouffe, <em>Les<\/em> Nuits Attiques <em>d<\/em><em>\u2019<\/em><em>Aulu-Gelle,<\/em> <em>un<\/em> <em>mod\u00e8le<\/em> <em>de<\/em> <em>po\u00e9tique<\/em> <em>rh\u00e9torique<\/em>, dir. Galand, EPHE.<\/p>\n<p>Ga\u00ebtan Lema\u00eetre, <em>\u00c9dition, traduction et commentaire du De Partibus aedium de Grapaldo<\/em>, dir. F. Ploton- Nicollet, th\u00e8se de l\u2019ENC.<\/p>\n<p>H\u00e9l\u00e8ne Malard, Melior angelis<em>. Nature et formes de la m\u00e9diation chez Jean Pic de La Mirandole (1463- <\/em><em>1494)<\/em>, dir. O. Boulnois, EPHE.<\/p>\n<p>Julien Maudoux, <em>La vieille femme dans la litt\u00e9rature du Moyen \u00c2ge<\/em>, codir. D. James-Raoul et G. Puccini, Universit\u00e9 Bordeaux Montaigne.<\/p>\n<p>Priscilla Mourgues, <em>La po\u00e9tique du cheminement dans le <\/em>Livre des Merveilles du monde, dir. D. James Raoul, Universit\u00e9 Bordeaux Montaigne.<\/p>\n<p>L\u00e9onie Ollagnier, <em>Les <\/em>Juvenilia <em>de Th\u00e9odore de B\u00e8ze : \u00e9dition comment\u00e9e<\/em>, dir. S. Laigneau-Fontaine, Universit\u00e9 de Bourgogne.<\/p>\n<p>Guillaume Oriol, <em>Dire les \u00e9motions. \u00c9tude de rh\u00e9torique dans la lyrique m\u00e9di\u00e9vale occitane<\/em>, codir. D. James- Raoul, Universit\u00e9 Bordeaux Montaigne, et F. Zinelli, EHESS.<\/p>\n<p>Eva Pauerova, <em>Les<\/em> <em>trag\u00e9dies<\/em> <em>de<\/em> <em>S\u00e9n\u00e8que<\/em> <em>et<\/em> <em>leur<\/em> <em>influence<\/em> <em>sur<\/em> <em>le<\/em> <em>th\u00e9\u00e2tre<\/em> <em>j\u00e9suite<\/em> <em>de<\/em> <em>la<\/em> <em>province<\/em> <em>tch\u00e8que<\/em> <em>aux<\/em> <em>XVII<sup>e <\/sup><\/em><em>et <\/em><em>XVIII<sup>e<\/sup><\/em><em> si\u00e8cles<\/em>, dir. P. Galand, EPHE, en cotutelle avec F. Ku\u00ed\u00e1kov\u00e1, Universit\u00e9 de Prague.<\/p>\n<p>Thomas Penguilly, <em>Histoire, arch\u00e9ologie et pens\u00e9e symbolique \u00e0 la Renaissance : le recueil des <\/em>Inscriptions milanaises <em>d<\/em><em>\u2019<\/em><em>Andr\u00e9 Alciat<\/em>, dir. F. Vuilleumier-Laurens, Universit\u00e9 de Bretagne occidentale.<\/p>\n<p>Julio Agnello Pimenta Pattio, <em>La philosophie de la connaissance dans les Dialectiques du XVI<sup>e<\/sup> si\u00e8cle de Rodolphus Agricola \u00e0 Pierre de la Ram\u00e9e<\/em>, dir. J. Biard, CESR.<\/p>\n<p>Sylvaine Poujade-Baltazard, <em>Le commentaire \u00e0<\/em> <em>la <\/em>Po\u00e9tique <em>d<\/em><em>\u2019<\/em><em>Aristote de Francesco Robortello<\/em> <em>:<\/em> <em>\u00e9dition du <\/em><em>texte<\/em> <em>latin,<\/em> <em>traduction,<\/em> <em>notes<\/em> <em>et<\/em><em> commentaire<\/em>, dir. M. Bouquet, Universit\u00e9 Rennes 2, en cotutelle avec Abbamonte, Universit\u00e9 de Naples Federico II.<\/p>\n<p>Clara Renedo Mirambell, <em>Les<\/em> <em>enjeux d<\/em><em>\u2019<\/em><em>un<\/em> <em>manuscrit perdu<\/em> <em>du<\/em> <em>IX<sup>e<\/sup><\/em> <em>s. :<\/em> <em>pr\u00e9sentation,<\/em> <em>\u00e9dition<\/em> <em>et<\/em> <em>traduction<\/em> <em>du <\/em><em>ms. Reims, BM, 1395 (K 784), <\/em>codir. F. Ploton-Nicollet, ENC, et Ch. Veyrard-Cosme, Universit\u00e9 Sorbonne Nouvelle-Paris 3.<\/p>\n<p>Enimie Rouquette, <em>\u00c9dition critique, traduite et comment\u00e9e de l<\/em><em>\u2019\u0153uvre po\u00e9tique de Th\u00e9odulf d\u2019<\/em><em>Orl\u00e9ans (~760- <\/em><em>821)<\/em>, dir. C. Veyrard-Cosme, Universit\u00e9 Sorbonne nouvelle- Paris 3.<\/p>\n<p>Gleb Schmidt, <em>L<\/em><em>\u2019<\/em>Elucidarium <em>d<\/em><em>\u2019<\/em><em>Honorius Augustodunensis : la r\u00e9ception d<\/em><em>\u2019<\/em><em>un manuel th\u00e9ologique dans <\/em><em>l<\/em><em>\u2019<\/em><em>Occident latin (XII<sup>e<\/sup>-XV<sup>e<\/sup> si\u00e8cle), <\/em>dir. C. Giraud, Universit\u00e9 de Lorraine.<\/p>\n<p>Sofia Tuttolomondo, <em>La r\u00e9ception des tragiques grecs dans les \u0153uvres latines du Quattro<\/em><em>cento italien : l<\/em><em>\u2019<\/em><em>aube <\/em><em>d<\/em><em>\u2019<\/em><em>une renaissance<\/em>, dir. H. Casanova-Robin, Universit\u00e9 Paris-Sorbonne.<\/p>\n<p>Maxime Vachon, <em>\u00c9dition critique, traduction fran\u00e7aise et annotation et \u00e9tude historico-doctrinale<\/em> <em>de<\/em> <em>Nicolas de <\/em><em>Paris, Rationes super libor Peryermeneias, ms vat BAV lat 3011, f 21vb-34vb.<\/em>, dir. P. Hoffmann, EPHE, en cotutelle avec C. Lafleur, Universit\u00e9 Laval.<\/p>\n<p>\u00c9l\u00e9onore Villalba, <em>La r\u00e9ception des <\/em>Odes <em>d<\/em><em>\u2019<\/em><em>Horace dans l<\/em><em>\u2019<\/em><em>humanisme espagnol de langue latine au <\/em><em>XVI<sup>e<\/sup><\/em> <em>si\u00e8cle<\/em>, dir. H. Casanova-Robin, Universit\u00e9 Paris-Sorbonne.<\/p>\n<p><strong><u>Recherches post-doctorales<\/u><\/strong><\/p>\n<p>Pierre Chambert-Protat, <em>Florus<\/em> <em>de<\/em> <em>Lyon<\/em> <em>aux<\/em> <em>sources<\/em> <em>italiennes.<\/em> <em>La<\/em> <em>place<\/em> <em>de<\/em> <em>l<\/em><em>\u2019<\/em><em>Italie<\/em> <em>dans le<\/em> <em>r\u00e9seau<\/em> <em>des <\/em><em>biblioth\u00e8ques lyonnaises au IX<sup>e<\/sup> si\u00e8cle<\/em>, Ecole fran\u00e7aise de Rome.<\/p>\n<p>Fr\u00e9d\u00e9ric Duplessis, <em>Les commentaires de Remi d<\/em><em>\u2019<\/em><em>Auxerre : une somme carolingienne \u00e0 reconstruire<\/em>, Fondation Thiers.<\/p>\n<p>Mathieu Ferrand, <em>La parole en sc\u00e8ne. Th\u00e9\u00e2tre latin et pratiques de l\u2019oralit\u00e9 \u00e0 l\u2019universit\u00e9 de Louvain dans les <\/em><em>premi\u00e8res d\u00e9cennies du XVI<sup>e<\/sup> si\u00e8cle<\/em>, promoteur Pr. A. Smeesters (GEMCA), bourse \u00ab Move in- Louvain \u00bb, Universit\u00e9 catholique de Louvain \u2013 Marie Curie Actions of the European Commission.<\/p>\n","protected":false},"excerpt":{"rendered":"<p>Cliquez sur le lien suivant pour afficher la liste des th\u00e8ses de doctorat et des recherches post-doctorales en cours dans les domaines du m\u00e9diolatin et du n\u00e9o-latin au 1er septembre 2016\u00a0: theses-au-1ix16 * Version en texte clair THESES DE DOCTORAT &hellip; <a href=\"https:\/\/www.semen-l.org\/?p=366\">Continuer la lecture <span class=\"meta-nav\">&rarr;<\/span><\/a><\/p>\n","protected":false},"author":7,"featured_media":1120,"comment_status":"open","ping_status":"open","sticky":false,"template":"","format":"standard","meta":{"footnotes":""},"categories":[9],"tags":[432,1375,238,1366,756,1358,1373,390,1361,1371,1360,1365,283,207,86,1253,1368,1356,1359,81,697,1353,280,1230,1240,1374,174,1363,1377,1234,31,1168,1381,691,1367,1382,281,1294,1229,1187,1364,1378,52,1349,824,1110,1233,811,1231,1385,1383,757,1351,1372,1352,1376,417,1355,1380,1370,1249,372,1155,307,1369,264,82,319,418,1379,1384,1357,19,1256,1362,183,1224,104,275,466,1297,1350,1296,1095,1354,1304,234,276],"class_list":["post-366","post","type-post","status-publish","format-standard","has-post-thumbnail","hentry","category-theses-en-cours","tag-adages","tag-agricola-rodolphus","tag-amores-conrad-celtis","tag-amour","tag-angelinetum","tag-annales-tacite","tag-archeologie","tag-art-poetique-horace","tag-artifice","tag-aulu-gelle","tag-beaute","tag-beguines","tag-de-beze-theodore","tag-bibliotheque","tag-boccace","tag-buccolicum-carmen-boccace","tag-carmina-giovanni-battista-pigna","tag-carmina-varia-giovanni-marrasio","tag-codex-budensis-manuscrit-de-yale","tag-commentaire","tag-cornarius-janus","tag-crinito-pietro","tag-de-iuuentute-sebastian-fox-morcillo","tag-de-partibus-aedium-traite-sur-les-parties-de-la-maison-antique","tag-deuil","tag-dialectiques-rodolphus-agricola","tag-dialogue","tag-ecriture-de-soi","tag-elucidarium-honorius-augustodunensis","tag-emotion","tag-erasme","tag-erudition","tag-espagne","tag-femmes","tag-ferrare","tag-florus-de-lyon","tag-fox-morcillo-sebastian","tag-france","tag-grapaldo-francesco-maria","tag-histoire","tag-homelie","tag-honorius-augustodunensis-honore-dautun","tag-horace","tag-italie","tag-jesuitisme","tag-juan-gil-de-zamora","tag-juvenilia-theodore-de-beze","tag-de-la-ramee-pierre","tag-livre-des-merveilles-du-monde","tag-louvain","tag-lyon","tag-marrasio-giovanni","tag-martin-thierry","tag-mediation","tag-miscellanea-pietro-crinito","tag-ms-reims-bm-1395-k-784","tag-mythologie","tag-nicolas-bonet","tag-nicolas-de-paris","tag-nuits-attiques-les","tag-odes-horace","tag-paraphrase","tag-parole","tag-pic-de-la-mirandole-jean-francois","tag-pigna-giovanni-battista","tag-poesie-lyrique","tag-poetique","tag-poetique-aristote","tag-politique","tag-rationes-super-libor-peryermeneias","tag-remi-dauxerre","tag-rhenanus-beatus","tag-rire","tag-robortello-francesco","tag-roman-dantiquite","tag-satire","tag-selecta-epigrammata-graeca-cornarius","tag-seneque","tag-speculum-doctrinale","tag-symbole","tag-tacite","tag-thalie","tag-theatre","tag-theodulf-dorleans","tag-theologia-naturalis-nicolas-bonet","tag-vernaculaire","tag-vieillesse","tag-vincent-de-beauvais"],"yoast_head":"<!-- This site is optimized with the Yoast SEO plugin v27.5 - https:\/\/yoast.com\/product\/yoast-seo-wordpress\/ -->\n<title>Th\u00e8ses en cours au 1er septembre 2016 - Soci\u00e9t\u00e9 d&#039;\u00c9tudes M\u00e9dio Et N\u00e9o-Latines<\/title>\n<meta name=\"description\" content=\"Liste des th\u00e8ses en cours en 2016 dans les domaines de la recherche en m\u00e9diolatin et en n\u00e9o-latin par la SEMEN-L.\" \/>\n<meta name=\"robots\" content=\"index, follow, max-snippet:-1, max-image-preview:large, max-video-preview:-1\" \/>\n<link rel=\"canonical\" href=\"http:\/\/www.semen-l.org\/?p=366\" \/>\n<meta property=\"og:locale\" content=\"fr_FR\" \/>\n<meta property=\"og:type\" content=\"article\" \/>\n<meta property=\"og:title\" content=\"Th\u00e8ses en cours au 1er septembre 2016 - Soci\u00e9t\u00e9 d&#039;\u00c9tudes M\u00e9dio Et N\u00e9o-Latines\" \/>\n<meta property=\"og:description\" content=\"Liste des th\u00e8ses en cours en 2016 dans les domaines de la recherche en m\u00e9diolatin et en n\u00e9o-latin par la SEMEN-L.\" \/>\n<meta property=\"og:url\" content=\"http:\/\/www.semen-l.org\/?p=366\" \/>\n<meta property=\"og:site_name\" content=\"Soci\u00e9t\u00e9 d&#039;\u00c9tudes M\u00e9dio Et N\u00e9o-Latines\" \/>\n<meta property=\"article:publisher\" content=\"https:\/\/www.facebook.com\/SEMENL2018\" \/>\n<meta property=\"article:published_time\" content=\"2016-10-01T13:08:23+00:00\" \/>\n<meta property=\"article:modified_time\" content=\"2025-01-15T23:44:31+00:00\" \/>\n<meta property=\"og:image\" content=\"http:\/\/www.semen-l.org\/wp-content\/uploads\/2020\/11\/semen-l-arriere.png\" \/>\n\t<meta property=\"og:image:width\" content=\"294\" \/>\n\t<meta property=\"og:image:height\" content=\"286\" \/>\n\t<meta property=\"og:image:type\" content=\"image\/png\" \/>\n<meta name=\"author\" content=\"Claire\" \/>\n<meta name=\"twitter:card\" content=\"summary_large_image\" \/>\n<meta name=\"twitter:label1\" content=\"\u00c9crit par\" \/>\n\t<meta name=\"twitter:data1\" content=\"Claire\" \/>\n\t<meta name=\"twitter:label2\" content=\"Dur\u00e9e de lecture estim\u00e9e\" \/>\n\t<meta name=\"twitter:data2\" content=\"6 minutes\" \/>\n<script type=\"application\/ld+json\" class=\"yoast-schema-graph\">{\"@context\":\"https:\\\/\\\/schema.org\",\"@graph\":[{\"@type\":\"Article\",\"@id\":\"http:\\\/\\\/www.semen-l.org\\\/?p=366#article\",\"isPartOf\":{\"@id\":\"http:\\\/\\\/www.semen-l.org\\\/?p=366\"},\"author\":{\"name\":\"Claire\",\"@id\":\"http:\\\/\\\/www.semen-l.org\\\/#\\\/schema\\\/person\\\/c1da10720736e30a9294dcce77355003\"},\"headline\":\"Th\u00e8ses en cours au 1er septembre 2016\",\"datePublished\":\"2016-10-01T13:08:23+00:00\",\"dateModified\":\"2025-01-15T23:44:31+00:00\",\"mainEntityOfPage\":{\"@id\":\"http:\\\/\\\/www.semen-l.org\\\/?p=366\"},\"wordCount\":1180,\"commentCount\":0,\"publisher\":{\"@id\":\"http:\\\/\\\/www.semen-l.org\\\/#organization\"},\"image\":{\"@id\":\"http:\\\/\\\/www.semen-l.org\\\/?p=366#primaryimage\"},\"thumbnailUrl\":\"https:\\\/\\\/www.semen-l.org\\\/wp-content\\\/uploads\\\/2020\\\/11\\\/semen-l-arriere.png\",\"keywords\":[\"Adages\",\"Agricola (Rodolphus)\",\"Amores (Conrad Celtis)\",\"amour\",\"Angelinetum\",\"Annales (Tacite)\",\"arch\u00e9ologie\",\"Art po\u00e9tique (Horace)\",\"artifice\",\"Aulu-Gelle\",\"beaut\u00e9\",\"b\u00e9guines\",\"B\u00e8ze (Th\u00e9odore de)\",\"biblioth\u00e8que\",\"Boccace\",\"Buccolicum carmen (Boccace)\",\"Carmina (Giovanni Battista Pigna)\",\"Carmina varia (Giovanni Marrasio)\",\"Codex Budensis (manuscrit de Yale)\",\"commentaire\",\"Cornarius (Janus)\",\"Crinito (Pietro)\",\"De iuuentute (Sebasti\u00e1n Fox Morcillo)\",\"De Partibus aedium (Trait\u00e9 sur les parties de la maison antique)\",\"deuil\",\"Dialectiques (Rodolphus Agricola)\",\"dialogue\",\"\u00e9criture de soi\",\"Elucidarium (Honorius Augustodunensis)\",\"\u00e9motion\",\"\u00c9rasme\",\"\u00e9rudition\",\"Espagne\",\"femmes\",\"Ferrare\",\"Florus de Lyon\",\"Fox Morcillo (Sebasti\u00e1n)\",\"France\",\"Grapaldo (Francesco Maria)\",\"histoire\",\"hom\u00e9lie\",\"Honorius Augustodunensis (Honor\u00e9 d'Autun)\",\"Horace\",\"Italie\",\"j\u00e9suitisme\",\"Juan Gil de Zamora\",\"Juvenilia (Th\u00e9odore de B\u00e8ze)\",\"La Ram\u00e9e (Pierre de)\",\"Livre des Merveilles du monde\",\"Louvain\",\"Lyon\",\"Marrasio (Giovanni)\",\"Martin Thierry\",\"m\u00e9diation\",\"Miscellanea (Pietro Crinito)\",\"Ms. Reims- BM- 1395 (K 784)\",\"mythologie\",\"Nicolas Bonet\",\"Nicolas de Paris\",\"Nuits Attiques (Les)\",\"Odes (Horace)\",\"paraphrase\",\"parole\",\"Pic de la Mirandole (Jean-Fran\u00e7ois)\",\"Pigna (Giovanni Battista)\",\"po\u00e9sie lyrique\",\"po\u00e9tique\",\"Po\u00e9tique (Aristote)\",\"politique\",\"Rationes super libor Peryermeneias\",\"Remi d\u2019Auxerre\",\"Rhenanus (Beatus)\",\"rire\",\"Robortello (Francesco)\",\"roman d'antiquit\u00e9\",\"satire\",\"Selecta Epigrammata Graeca (Cornarius)\",\"S\u00e9n\u00e8que\",\"Speculum Doctrinale\",\"symbole\",\"Tacite\",\"Thalie\",\"th\u00e9\u00e2tre\",\"Th\u00e9odulf d'Orl\u00e9ans\",\"Theologia naturalis (Nicolas Bonet)\",\"vernaculaire\",\"vieillesse\",\"Vincent de Beauvais\"],\"articleSection\":[\"Th\u00e8ses en cours\"],\"inLanguage\":\"fr-FR\",\"potentialAction\":[{\"@type\":\"CommentAction\",\"name\":\"Comment\",\"target\":[\"http:\\\/\\\/www.semen-l.org\\\/?p=366#respond\"]}]},{\"@type\":\"WebPage\",\"@id\":\"http:\\\/\\\/www.semen-l.org\\\/?p=366\",\"url\":\"http:\\\/\\\/www.semen-l.org\\\/?p=366\",\"name\":\"Th\u00e8ses en cours au 1er septembre 2016 - Soci\u00e9t\u00e9 d&#039;\u00c9tudes M\u00e9dio Et N\u00e9o-Latines\",\"isPartOf\":{\"@id\":\"http:\\\/\\\/www.semen-l.org\\\/#website\"},\"primaryImageOfPage\":{\"@id\":\"http:\\\/\\\/www.semen-l.org\\\/?p=366#primaryimage\"},\"image\":{\"@id\":\"http:\\\/\\\/www.semen-l.org\\\/?p=366#primaryimage\"},\"thumbnailUrl\":\"https:\\\/\\\/www.semen-l.org\\\/wp-content\\\/uploads\\\/2020\\\/11\\\/semen-l-arriere.png\",\"datePublished\":\"2016-10-01T13:08:23+00:00\",\"dateModified\":\"2025-01-15T23:44:31+00:00\",\"description\":\"Liste des th\u00e8ses en cours en 2016 dans les domaines de la recherche en m\u00e9diolatin et en n\u00e9o-latin par la SEMEN-L.\",\"breadcrumb\":{\"@id\":\"http:\\\/\\\/www.semen-l.org\\\/?p=366#breadcrumb\"},\"inLanguage\":\"fr-FR\",\"potentialAction\":[{\"@type\":\"ReadAction\",\"target\":[\"http:\\\/\\\/www.semen-l.org\\\/?p=366\"]}]},{\"@type\":\"ImageObject\",\"inLanguage\":\"fr-FR\",\"@id\":\"http:\\\/\\\/www.semen-l.org\\\/?p=366#primaryimage\",\"url\":\"https:\\\/\\\/www.semen-l.org\\\/wp-content\\\/uploads\\\/2020\\\/11\\\/semen-l-arriere.png\",\"contentUrl\":\"https:\\\/\\\/www.semen-l.org\\\/wp-content\\\/uploads\\\/2020\\\/11\\\/semen-l-arriere.png\",\"width\":294,\"height\":286},{\"@type\":\"BreadcrumbList\",\"@id\":\"http:\\\/\\\/www.semen-l.org\\\/?p=366#breadcrumb\",\"itemListElement\":[{\"@type\":\"ListItem\",\"position\":1,\"name\":\"Accueil\",\"item\":\"http:\\\/\\\/www.semen-l.org\\\/\"},{\"@type\":\"ListItem\",\"position\":2,\"name\":\"Th\u00e8ses en cours au 1er septembre 2016\"}]},{\"@type\":\"WebSite\",\"@id\":\"http:\\\/\\\/www.semen-l.org\\\/#website\",\"url\":\"http:\\\/\\\/www.semen-l.org\\\/\",\"name\":\"Soci\u00e9t\u00e9 d'\u00c9tudes M\u00e9dio Et N\u00e9o-Latines\",\"description\":\"\",\"publisher\":{\"@id\":\"http:\\\/\\\/www.semen-l.org\\\/#organization\"},\"potentialAction\":[{\"@type\":\"SearchAction\",\"target\":{\"@type\":\"EntryPoint\",\"urlTemplate\":\"http:\\\/\\\/www.semen-l.org\\\/?s={search_term_string}\"},\"query-input\":{\"@type\":\"PropertyValueSpecification\",\"valueRequired\":true,\"valueName\":\"search_term_string\"}}],\"inLanguage\":\"fr-FR\"},{\"@type\":\"Organization\",\"@id\":\"http:\\\/\\\/www.semen-l.org\\\/#organization\",\"name\":\"Soci\u00e9t\u00e9 d'\u00e9tudes m\u00e9dio et n\u00e9o-latines\",\"url\":\"http:\\\/\\\/www.semen-l.org\\\/\",\"logo\":{\"@type\":\"ImageObject\",\"inLanguage\":\"fr-FR\",\"@id\":\"http:\\\/\\\/www.semen-l.org\\\/#\\\/schema\\\/logo\\\/image\\\/\",\"url\":\"http:\\\/\\\/www.semen-l.org\\\/wp-content\\\/uploads\\\/2020\\\/11\\\/logo-semenl.jpg\",\"contentUrl\":\"http:\\\/\\\/www.semen-l.org\\\/wp-content\\\/uploads\\\/2020\\\/11\\\/logo-semenl.jpg\",\"width\":408,\"height\":403,\"caption\":\"Soci\u00e9t\u00e9 d'\u00e9tudes m\u00e9dio et n\u00e9o-latines\"},\"image\":{\"@id\":\"http:\\\/\\\/www.semen-l.org\\\/#\\\/schema\\\/logo\\\/image\\\/\"},\"sameAs\":[\"https:\\\/\\\/www.facebook.com\\\/SEMENL2018\",\"https:\\\/\\\/independent.academia.edu\\\/SocitsdtudesmdioetnolatinesSEMENL\"]},{\"@type\":\"Person\",\"@id\":\"http:\\\/\\\/www.semen-l.org\\\/#\\\/schema\\\/person\\\/c1da10720736e30a9294dcce77355003\",\"name\":\"Claire\",\"image\":{\"@type\":\"ImageObject\",\"inLanguage\":\"fr-FR\",\"@id\":\"https:\\\/\\\/secure.gravatar.com\\\/avatar\\\/fb942a7c25d70507e1cb150869aba56fe90ac8bf729ffb876b9b80161bf79d4f?s=96&d=mm&r=g\",\"url\":\"https:\\\/\\\/secure.gravatar.com\\\/avatar\\\/fb942a7c25d70507e1cb150869aba56fe90ac8bf729ffb876b9b80161bf79d4f?s=96&d=mm&r=g\",\"contentUrl\":\"https:\\\/\\\/secure.gravatar.com\\\/avatar\\\/fb942a7c25d70507e1cb150869aba56fe90ac8bf729ffb876b9b80161bf79d4f?s=96&d=mm&r=g\",\"caption\":\"Claire\"},\"url\":\"https:\\\/\\\/www.semen-l.org\\\/?author=7\"}]}<\/script>\n<!-- \/ Yoast SEO plugin. -->","yoast_head_json":{"title":"Th\u00e8ses en cours au 1er septembre 2016 - Soci\u00e9t\u00e9 d&#039;\u00c9tudes M\u00e9dio Et N\u00e9o-Latines","description":"Liste des th\u00e8ses en cours en 2016 dans les domaines de la recherche en m\u00e9diolatin et en n\u00e9o-latin par la SEMEN-L.","robots":{"index":"index","follow":"follow","max-snippet":"max-snippet:-1","max-image-preview":"max-image-preview:large","max-video-preview":"max-video-preview:-1"},"canonical":"http:\/\/www.semen-l.org\/?p=366","og_locale":"fr_FR","og_type":"article","og_title":"Th\u00e8ses en cours au 1er septembre 2016 - Soci\u00e9t\u00e9 d&#039;\u00c9tudes M\u00e9dio Et N\u00e9o-Latines","og_description":"Liste des th\u00e8ses en cours en 2016 dans les domaines de la recherche en m\u00e9diolatin et en n\u00e9o-latin par la SEMEN-L.","og_url":"http:\/\/www.semen-l.org\/?p=366","og_site_name":"Soci\u00e9t\u00e9 d&#039;\u00c9tudes M\u00e9dio Et N\u00e9o-Latines","article_publisher":"https:\/\/www.facebook.com\/SEMENL2018","article_published_time":"2016-10-01T13:08:23+00:00","article_modified_time":"2025-01-15T23:44:31+00:00","og_image":[{"width":294,"height":286,"url":"http:\/\/www.semen-l.org\/wp-content\/uploads\/2020\/11\/semen-l-arriere.png","type":"image\/png"}],"author":"Claire","twitter_card":"summary_large_image","twitter_misc":{"\u00c9crit par":"Claire","Dur\u00e9e de lecture estim\u00e9e":"6 minutes"},"schema":{"@context":"https:\/\/schema.org","@graph":[{"@type":"Article","@id":"http:\/\/www.semen-l.org\/?p=366#article","isPartOf":{"@id":"http:\/\/www.semen-l.org\/?p=366"},"author":{"name":"Claire","@id":"http:\/\/www.semen-l.org\/#\/schema\/person\/c1da10720736e30a9294dcce77355003"},"headline":"Th\u00e8ses en cours au 1er septembre 2016","datePublished":"2016-10-01T13:08:23+00:00","dateModified":"2025-01-15T23:44:31+00:00","mainEntityOfPage":{"@id":"http:\/\/www.semen-l.org\/?p=366"},"wordCount":1180,"commentCount":0,"publisher":{"@id":"http:\/\/www.semen-l.org\/#organization"},"image":{"@id":"http:\/\/www.semen-l.org\/?p=366#primaryimage"},"thumbnailUrl":"https:\/\/www.semen-l.org\/wp-content\/uploads\/2020\/11\/semen-l-arriere.png","keywords":["Adages","Agricola (Rodolphus)","Amores (Conrad Celtis)","amour","Angelinetum","Annales (Tacite)","arch\u00e9ologie","Art po\u00e9tique (Horace)","artifice","Aulu-Gelle","beaut\u00e9","b\u00e9guines","B\u00e8ze (Th\u00e9odore de)","biblioth\u00e8que","Boccace","Buccolicum carmen (Boccace)","Carmina (Giovanni Battista Pigna)","Carmina varia (Giovanni Marrasio)","Codex Budensis (manuscrit de Yale)","commentaire","Cornarius (Janus)","Crinito (Pietro)","De iuuentute (Sebasti\u00e1n Fox Morcillo)","De Partibus aedium (Trait\u00e9 sur les parties de la maison antique)","deuil","Dialectiques (Rodolphus Agricola)","dialogue","\u00e9criture de soi","Elucidarium (Honorius Augustodunensis)","\u00e9motion","\u00c9rasme","\u00e9rudition","Espagne","femmes","Ferrare","Florus de Lyon","Fox Morcillo (Sebasti\u00e1n)","France","Grapaldo (Francesco Maria)","histoire","hom\u00e9lie","Honorius Augustodunensis (Honor\u00e9 d'Autun)","Horace","Italie","j\u00e9suitisme","Juan Gil de Zamora","Juvenilia (Th\u00e9odore de B\u00e8ze)","La Ram\u00e9e (Pierre de)","Livre des Merveilles du monde","Louvain","Lyon","Marrasio (Giovanni)","Martin Thierry","m\u00e9diation","Miscellanea (Pietro Crinito)","Ms. Reims- BM- 1395 (K 784)","mythologie","Nicolas Bonet","Nicolas de Paris","Nuits Attiques (Les)","Odes (Horace)","paraphrase","parole","Pic de la Mirandole (Jean-Fran\u00e7ois)","Pigna (Giovanni Battista)","po\u00e9sie lyrique","po\u00e9tique","Po\u00e9tique (Aristote)","politique","Rationes super libor Peryermeneias","Remi d\u2019Auxerre","Rhenanus (Beatus)","rire","Robortello (Francesco)","roman d'antiquit\u00e9","satire","Selecta Epigrammata Graeca (Cornarius)","S\u00e9n\u00e8que","Speculum Doctrinale","symbole","Tacite","Thalie","th\u00e9\u00e2tre","Th\u00e9odulf d'Orl\u00e9ans","Theologia naturalis (Nicolas Bonet)","vernaculaire","vieillesse","Vincent de Beauvais"],"articleSection":["Th\u00e8ses en cours"],"inLanguage":"fr-FR","potentialAction":[{"@type":"CommentAction","name":"Comment","target":["http:\/\/www.semen-l.org\/?p=366#respond"]}]},{"@type":"WebPage","@id":"http:\/\/www.semen-l.org\/?p=366","url":"http:\/\/www.semen-l.org\/?p=366","name":"Th\u00e8ses en cours au 1er septembre 2016 - Soci\u00e9t\u00e9 d&#039;\u00c9tudes M\u00e9dio Et N\u00e9o-Latines","isPartOf":{"@id":"http:\/\/www.semen-l.org\/#website"},"primaryImageOfPage":{"@id":"http:\/\/www.semen-l.org\/?p=366#primaryimage"},"image":{"@id":"http:\/\/www.semen-l.org\/?p=366#primaryimage"},"thumbnailUrl":"https:\/\/www.semen-l.org\/wp-content\/uploads\/2020\/11\/semen-l-arriere.png","datePublished":"2016-10-01T13:08:23+00:00","dateModified":"2025-01-15T23:44:31+00:00","description":"Liste des th\u00e8ses en cours en 2016 dans les domaines de la recherche en m\u00e9diolatin et en n\u00e9o-latin par la SEMEN-L.","breadcrumb":{"@id":"http:\/\/www.semen-l.org\/?p=366#breadcrumb"},"inLanguage":"fr-FR","potentialAction":[{"@type":"ReadAction","target":["http:\/\/www.semen-l.org\/?p=366"]}]},{"@type":"ImageObject","inLanguage":"fr-FR","@id":"http:\/\/www.semen-l.org\/?p=366#primaryimage","url":"https:\/\/www.semen-l.org\/wp-content\/uploads\/2020\/11\/semen-l-arriere.png","contentUrl":"https:\/\/www.semen-l.org\/wp-content\/uploads\/2020\/11\/semen-l-arriere.png","width":294,"height":286},{"@type":"BreadcrumbList","@id":"http:\/\/www.semen-l.org\/?p=366#breadcrumb","itemListElement":[{"@type":"ListItem","position":1,"name":"Accueil","item":"http:\/\/www.semen-l.org\/"},{"@type":"ListItem","position":2,"name":"Th\u00e8ses en cours au 1er septembre 2016"}]},{"@type":"WebSite","@id":"http:\/\/www.semen-l.org\/#website","url":"http:\/\/www.semen-l.org\/","name":"Soci\u00e9t\u00e9 d'\u00c9tudes M\u00e9dio Et N\u00e9o-Latines","description":"","publisher":{"@id":"http:\/\/www.semen-l.org\/#organization"},"potentialAction":[{"@type":"SearchAction","target":{"@type":"EntryPoint","urlTemplate":"http:\/\/www.semen-l.org\/?s={search_term_string}"},"query-input":{"@type":"PropertyValueSpecification","valueRequired":true,"valueName":"search_term_string"}}],"inLanguage":"fr-FR"},{"@type":"Organization","@id":"http:\/\/www.semen-l.org\/#organization","name":"Soci\u00e9t\u00e9 d'\u00e9tudes m\u00e9dio et n\u00e9o-latines","url":"http:\/\/www.semen-l.org\/","logo":{"@type":"ImageObject","inLanguage":"fr-FR","@id":"http:\/\/www.semen-l.org\/#\/schema\/logo\/image\/","url":"http:\/\/www.semen-l.org\/wp-content\/uploads\/2020\/11\/logo-semenl.jpg","contentUrl":"http:\/\/www.semen-l.org\/wp-content\/uploads\/2020\/11\/logo-semenl.jpg","width":408,"height":403,"caption":"Soci\u00e9t\u00e9 d'\u00e9tudes m\u00e9dio et n\u00e9o-latines"},"image":{"@id":"http:\/\/www.semen-l.org\/#\/schema\/logo\/image\/"},"sameAs":["https:\/\/www.facebook.com\/SEMENL2018","https:\/\/independent.academia.edu\/SocitsdtudesmdioetnolatinesSEMENL"]},{"@type":"Person","@id":"http:\/\/www.semen-l.org\/#\/schema\/person\/c1da10720736e30a9294dcce77355003","name":"Claire","image":{"@type":"ImageObject","inLanguage":"fr-FR","@id":"https:\/\/secure.gravatar.com\/avatar\/fb942a7c25d70507e1cb150869aba56fe90ac8bf729ffb876b9b80161bf79d4f?s=96&d=mm&r=g","url":"https:\/\/secure.gravatar.com\/avatar\/fb942a7c25d70507e1cb150869aba56fe90ac8bf729ffb876b9b80161bf79d4f?s=96&d=mm&r=g","contentUrl":"https:\/\/secure.gravatar.com\/avatar\/fb942a7c25d70507e1cb150869aba56fe90ac8bf729ffb876b9b80161bf79d4f?s=96&d=mm&r=g","caption":"Claire"},"url":"https:\/\/www.semen-l.org\/?author=7"}]}},"jetpack_featured_media_url":"https:\/\/www.semen-l.org\/wp-content\/uploads\/2020\/11\/semen-l-arriere.png","_links":{"self":[{"href":"https:\/\/www.semen-l.org\/index.php?rest_route=\/wp\/v2\/posts\/366","targetHints":{"allow":["GET"]}}],"collection":[{"href":"https:\/\/www.semen-l.org\/index.php?rest_route=\/wp\/v2\/posts"}],"about":[{"href":"https:\/\/www.semen-l.org\/index.php?rest_route=\/wp\/v2\/types\/post"}],"author":[{"embeddable":true,"href":"https:\/\/www.semen-l.org\/index.php?rest_route=\/wp\/v2\/users\/7"}],"replies":[{"embeddable":true,"href":"https:\/\/www.semen-l.org\/index.php?rest_route=%2Fwp%2Fv2%2Fcomments&post=366"}],"version-history":[{"count":0,"href":"https:\/\/www.semen-l.org\/index.php?rest_route=\/wp\/v2\/posts\/366\/revisions"}],"wp:featuredmedia":[{"embeddable":true,"href":"https:\/\/www.semen-l.org\/index.php?rest_route=\/wp\/v2\/media\/1120"}],"wp:attachment":[{"href":"https:\/\/www.semen-l.org\/index.php?rest_route=%2Fwp%2Fv2%2Fmedia&parent=366"}],"wp:term":[{"taxonomy":"category","embeddable":true,"href":"https:\/\/www.semen-l.org\/index.php?rest_route=%2Fwp%2Fv2%2Fcategories&post=366"},{"taxonomy":"post_tag","embeddable":true,"href":"https:\/\/www.semen-l.org\/index.php?rest_route=%2Fwp%2Fv2%2Ftags&post=366"}],"curies":[{"name":"wp","href":"https:\/\/api.w.org\/{rel}","templated":true}]}}