{"id":3620,"date":"2024-12-27T21:22:45","date_gmt":"2024-12-27T21:22:45","guid":{"rendered":"https:\/\/www.semen-l.org\/?p=3620"},"modified":"2024-12-27T21:22:45","modified_gmt":"2024-12-27T21:22:45","slug":"colloques-congres-et-programme-de-recherche-2024-2025","status":"publish","type":"post","link":"https:\/\/www.semen-l.org\/?p=3620","title":{"rendered":"Colloques, congr\u00e8s et programme de recherche 2024-2025"},"content":{"rendered":"<p><strong>COLLOQUES, CONGRES &amp; PROGRAMMES DE RECHERCHE 2024-2025<\/strong><\/p>\n<h2>Colloques et journ\u00e9es d\u2019\u00e9tudes<\/h2>\n<ul>\n<li>25-28 septembre 2024, N\u00fcremberg, Friedrich Alexander Universit\u00e4t : \u00ab Das Epos im lateinischen Westen (4. bis 15. Jahrhundert), 10<sup>e<\/sup> congr\u00e8s international de latin m\u00e9di\u00e9val, org. M.C. Ferrari (Friedrich Alexander Universit\u00e4t Erlangen-N\u00fcrnberg) et J. Ziolkowski (Harvard University) ; <a href=\"http:\/\/www.mittellatein.phil.fau.de\/epos-2024\">mittellatein.phil.fau.de\/epos-<\/a> <a href=\"http:\/\/www.mittellatein.phil.fau.de\/epos-2024\">2024<\/a><\/li>\n<li>26 octobre 2024, S\u00e9lestat, Biblioth\u00e8que humaniste de S\u00e9lestat : \u00ab La guerre des paysans en Alsace au printemps 1525 \u00bb, journ\u00e9e d\u2019\u00e9tudes, org. G. Braeuner et J. Hirstein ; <a href=\"mailto:hirstein@unistra.fr\">hirstein@unistra.fr<\/a><\/li>\n<li>7-8 novembre 2024, Paris, Sorbonne Universit\u00e9 Lettres : \u00ab L\u2019Europe \u201cen d\u00e9sastr\u00e9 visage\u201d ? Calamit\u00e9s, d\u00e9sastres et catastrophes \u00e0 la Renaissance \u00bb, 1<sup>er<\/sup> colloque du P\u00f4le <em>Europe et Renaissance <\/em>en Sorbonne, org. J. Goeury, N. Leroux et E. Lurin ; <a href=\"mailto:julien.goeury@sorbonne-universite.fr\">goeury@sorbonne-universite.fr<\/a><\/li>\n<li>14-15 novembre 2014, Amiens, Universit\u00e9 de Picardie Jules Verne : \u00ab L\u2019\u00e9loquence acad\u00e9mique en Europe de l\u2019humanisme aux Lumi\u00e8res (XV<sup>e<\/sup>-XVIII<sup>e<\/sup> si\u00e8cle) \u00bb, colloque international, org. L. Claire et I. Walser- B\u00fcrgler ; <a href=\"mailto:lucie.claire@u-picardie.fr\">claire@u-picardie.fr<\/a><\/li>\n<li>14-15 novembre 2024, Ath\u00e8nes, \u00c9cole Fran\u00e7aise d\u2019Ath\u00e8nes : \u00ab Les nouvelles vies des divinit\u00e9s grecques en Europe du XIV<sup>e<\/sup> au XX<sup>e<\/sup> si\u00e8cle \u00bb, colloque international, org. C. Gaullier-Bougassas (Universit\u00e9 de Caen- Normandie, CRAHAM-CNRS, UMR 6273) dans le cadre du projet ERC Agrelita) ; <a href=\"mailto:catherine.gaullier-bougassas@unicaen.fr\">gaullier-<\/a> <a href=\"mailto:catherine.gaullier-bougassas@unicaen.fr\">bougassas@unicaen.fr<\/a><\/li>\n<li>15-16 novembre 2024, Royaumont, Abbaye de Royaumont : \u00ab Ils y perdront leur latin \u00bb (Camille Saint- Sa\u00ebns) : enjeux pol\u00e9miques de la prononciation du latin chant\u00e9 en France (1880-1914) \u00bb, org. V. Leroux (EPHE, PSL), C. Reynaud (EPHE, PSL), T. Vernet (Responsable du D\u00e9partement des Biblioth\u00e8ques et ressources de l\u2019Abbaye de Royaumont) et F. Schaffenrath (Directeur du Boltzman Institut d\u2019Innsbr\u00fcck)<\/li>\n<li>16 novembre 2024, Paris, Sorbonne Universit\u00e9 : \u00ab Inscriptions : des textes aux mus\u00e9es \u00bb, journ\u00e9e d\u2019\u00e9tude, org. S. H\u00e9rich\u00e9-Pradeau, S. Lef\u00e8vre et G. Parussa ; <a href=\"mailto:s.heriche_pradeau@orange.fr\">heriche_pradeau@orange.fr<\/a><\/li>\n<li>21-22 novembre 2024, Cr\u00e9teil, Universit\u00e9 Paris Est Cr\u00e9teil : \u00ab Les institutions romaines dans la culture antiquaire et historiographique des XV<sup>e<\/sup> et XVI<sup>e<\/sup> si\u00e8cles : repr\u00e9sentations et interpr\u00e9tations \u00bb, colloque, I.G. Mastrorosa (Universit\u00e9 de Florence) et A. Raffarin (UPEC ; <a href=\"mailto:anne.raffarin@gmail.com\">anne.raffarin@gmail.com<\/a><\/li>\n<\/ul>\n<ul>\n<li>25 novembre 2024, Paris, Sorbonne Universit\u00e9 (Maison de la Recherche) : \u00ab \u201cVoyager, c\u2019est traduire\u201d. D\u00e9couvrir, d\u00e9signer et d\u00e9crire l\u2019\u0153uvre d\u2019art dans la litt\u00e9rature viatique entre France et Italie (XVI<sup>e<\/sup>&#8211; XVII<sup>e<\/sup> si\u00e8cles) \u00bb, journ\u00e9e d\u2019\u00e9tude, J. Castiglione (Sorbonne Nouvelle), A. Lionetto (Sorbonne Universit\u00e9) et A. Sconza (Sorbonne Nouvelle) ; <a href=\"mailto:arterm.paris@gmail.com\">arterm.paris@gmail.com<\/a><\/li>\n<li>5-6 d\u00e9cembre 2024, Paris, Institut catholique (Institut d\u2019\u00c9tudes M\u00e9di\u00e9vales) : \u00ab \u00c0 quoi sert d\u2019\u00e9tudier le Moyen \u00c2ge aujourd\u2019hui ? \u00bb, colloque, org. P. Bermon (LEM\/CNRS-PSL, IEM) et D. Poirel (CNRS\/IRHT, IEM) ; <a href=\"mailto:p.bermon@icp.fr\">bermon@icp.fr<\/a><\/li>\n<li>11-12 d\u00e9cembre 2024, Reims, Universit\u00e9 de Reims Champagne-Ardenne : \u00ab Po\u00e9sie et proph\u00e9tie : conversation inspir\u00e9e ? \u00bb, colloque international, X. Lafontaine (U. Reims Champagne-Ardenne) et Morvan (U. de Nantes) ; <a href=\"mailto:xavier.lafontaine@univ-reims.fr\">xavier.lafontaine@univ-reims.fr<\/a><\/li>\n<\/ul>\n<ul>\n<li>21-22 janvier 2025, Turin, Universit\u00e9 de Turin : \u00ab Letters, Communities of Ideas and Cultural Exchanges from the late Middle Ages to the Renaissance \u00bb, colloque international, org. S. Iaria et E. Ardissino dans le cadre du projet \u00ab Cultural exchanges, network and community in early humanist Europe. The case of Aeneas Silvius Piccolomini (EuroCult) \u00bb ; <a href=\"mailto:simona.iaria@unito.it\">iaria@unito.it<\/a><\/li>\n<li>28-29 janvier 2025, Dijon, Universit\u00e9 de Bourgogne : \u00ab Pr\u00e9sentation des auteurs bourguignons \u00bb, journ\u00e9es d\u2019\u00e9tude dans le cadre du projet <em>Burgundia Humanistica, <\/em> S. Laigneau ; <a href=\"mailto:Sylvie.Laigneau-Fontaine@u-bourgogne.fr\">Sylvie.Laigneau-Fontaine@u-<\/a> <a href=\"mailto:Sylvie.Laigneau-Fontaine@u-bourgogne.fr\">bourgogne.fr<\/a><\/li>\n<li>6 mars 2025, 14h-18h, salle Mariette, INHA, \u00ab \u00c9critures mythographiques \u00bb, F. Prescendi (EPHE-PSL) et G. Pironti (EPHE-PSL) en collaboration avec V. Leroux (EPHE-PSL) et C. Bonhert (Universit\u00e9 de Reims Champagne-Ardenne) ; pour le lien Zoom, \u00e9crire \u00e0 <a href=\"mailto:francesca.prescendi-morresi@ephe.psl.eu\">francesca.prescendi-morresi@ephe.psl.eu<\/a><\/li>\n<li>7-8 mars 2025, Cr\u00e9teil, Universit\u00e9 Paris Est Cr\u00e9teil : \u00ab Dialogue sur l\u2019Antiquit\u00e9 et ses prolongements \u00bb, collaboration entre les universit\u00e9s de Cr\u00e9teil, Barcelone et Neuch\u00e2tel ; <a href=\"mailto:anne.raffarin@gmail.com\">anne.raffarin@gmail.com<\/a><\/li>\n<li>14 mars 2025, Nantes, Universit\u00e9 de Nantes : \u00ab V<sup>e<\/sup> journ\u00e9e des jeunes chercheurs de la SEMEN-L \u00bb, Boijoux, A. Dedieu et A. Morvan ; <a href=\"mailto:deborah.boijoux@univ-nantes.fr\">deborah.boijoux@univ-nantes.fr<\/a><\/li>\n<\/ul>\n<ul>\n<li>20-22 mars 2025, Boston, Marriot Copley space &#8211; Westin Copley space &#8211; Sheraton Boston : \u00ab 71<sup>st<\/sup> Annual Meeting of the Renaissance Society of America \u00bb, org. Renaissance Society of America et Shakespeare Association of America ; <a href=\"https:\/\/www.rsa.org\/general\/custom.asp?page=RSABoston2025\">https:\/\/www.rsa.org\/general\/custom.asp?page=RSABoston2025<\/a><\/li>\n<li>6-7 mai 2025, Louvain-la-Neuve, Universit\u00e9 Catholique de Louvain-la-Neuve : \u00ab Nouvelles perspectives sur les correspondances n\u00e9o-latines de la premi\u00e8re modernit\u00e9 \u00bb, journ\u00e9es d\u2019\u00e9tude internationales, org. F. Mercier et A. Smesteers ; <a href=\"mailto:farah.mercier@uclouvain.be\">mercier@uclouvain.be<\/a><\/li>\n<li>14-16 mai 2025, Lyon, ENS Lyon-EnnsiB : \u00ab Imprimeurs et libraires en r\u00e9seaux : communaut\u00e9s d\u2019id\u00e9es, parent\u00e8les et dynasties dans la production du livre en Europe, 1500-1650 \u00bb, colloque international, org. Furno (IHRIM, Ens Lyon), M. Jourde (Ens Lyon, IHRIM) et M. Walsby (Centre Gabriel Naud\u00e9, Enssib) pour le 50e anniversaire de l\u2019association et de la revue <em>Renaissance, Humanisme et R\u00e9forme <\/em>(1975- 2025) ; <a href=\"mailto:martine.furno@ens-lyon.fr\">martine.furno@ens-lyon.fr<\/a><\/li>\n<li>24 mai 2025, Londres, Warburg Institute : \u00ab <em>Carmina nunc mutanda <\/em>: confessionalizing tendencies in Neo- Latin poetry of the Reformation period \u00bb, colloque international, org. N. Hess et L. Nicholas ; <a href=\"mailto:nathaniel.hess@sas.ac.uk\">hess@sas.ac.uk<\/a><\/li>\n<li>4-6 juin 2025, Tours, CESR : \u00ab Lecturae Boccaccii. Lectures du <em>De casibus virorum illustrium <\/em>\u00bb, colloque international, org. S. Ferrara (Universit\u00e9 de Tours\/CESR), F. Meier (Georg-August Universit\u00e4t, G\u00f6ttingen), M. Monti (Universit\u00e0 cattolica del Sacro Cuore, Milano), G. Frosini (Universit\u00e0 di Siena, Presidente dell\u2019Ente nazionale Giovanni Boccaccio) et E. Filosa (Vanderbilt University, Pr\u00e9sidente de l\u2019American Boccaccio Association) ; <a href=\"mailto:sabrina.ferrara@univ-tours.fr\">sabrina.ferrara@univ-tours.fr<\/a><\/li>\n<\/ul>\n<p>-12-13 juin 2025, Paris : Colloque organis\u00e9 par l\u2019IEHM (universitat de les Illes Balears), l\u2019IHD Jean Gaudemet (universit\u00e9 Paris-Panth\u00e9on-Assas) et l\u2019IRM (universit\u00e9 de Bordeaux), avec le soutien de l\u2019IUF, sous la direction de X. Pr\u00e9vost, R. Ramis Barcel\u00f3 et L.-A. Sanchi : <em>Qu\u2019est-ce que l\u2019humanisme juridique ? <\/em><em>What is Legal Humanism? \u00bfQu\u00e9 es el humanismo jur\u00eddico? Che cos\u2019\u00e8 l\u2019umanesimo giuridico?<\/em><\/p>\n<ul>\n<li>14-20 juillet 2025, Aix-en-Provence, Aix Marseille Universit\u00e9 : \u00ab Neo-Latin, Language and Languages \u00bb, 19<sup>e<\/sup> congr\u00e8s de l\u2019IANLS, C. Pieper (Universit\u00e9 de Leyde) et B. Charlet-Mesdjian (Aix Marseille Universit\u00e9) ; <a href=\"mailto:c.pieper@hum.leidenuniv.nl\">c.pieper@hum.leidenuniv.nl<\/a><\/li>\n<li>18 juillet 2025, Aix-en-Provence, Aix Marseille Universit\u00e9 : concert-conf\u00e9rence, V. Leroux dans le cadre du congr\u00e8s de l\u2019IANLS<\/li>\n<\/ul>\n<h2>Projets de recherche<\/h2>\n<ul>\n<li>\u00ab AGRELITA \u00bb : ERC dirig\u00e9e sur la r\u00e9ception de l\u2019Antiquit\u00e9 grecque en Europe occidentale pr\u00e9-moderne par C. Gaullier-Bougassas (<a href=\"https:\/\/agrelita.hypotheses.org\/a-propos\">https:\/\/agrelita.hypotheses.org\/a-propos<\/a>). Se situant aux fronti\u00e8res des \u00e9tudes litt\u00e9raires, de l\u2019histoire du livre et de l\u2019histoire de l\u2019art, l\u2019ambition d\u2019AGRELITA est d\u2019explorer la question de la r\u00e9ception par une entr\u00e9e nouvelle : l\u2019\u00e9tude des appropriations litt\u00e9raires et artistiques de la Gr\u00e8ce ancienne par des auteurs qui, des ann\u00e9es 1320 \u00e0 1550, n\u2019ont pas \u00e9t\u00e9 en contact direct avec les \u0153uvres grecques, ont acc\u00e8s \u00e0 des sources latines diverses et, dans un processus de r\u00e9ception active qui rel\u00e8ve avant tout de la cr\u00e9ation litt\u00e9raire et artistique, choisissent l\u2019\u00e9criture et l\u2019illustration d\u2019\u0153uvres en langues vernaculaires. AGRELITA \u00e9tudiera leur cr\u00e9ation de l\u2019objet \u00ab Gr\u00e8ce ancienne \u00bb : comment ils \u00e9laborent leurs repr\u00e9sentations de la Gr\u00e8ce ancienne en tant que telle, dans ses sp\u00e9cificit\u00e9s et son alt\u00e9rit\u00e9, et en m\u00eame temps inventent des liens entre elle et leur propre univers spatio-temporel, pour l\u2019\u00e9riger en h\u00e9ritage. Contact : <a href=\"mailto:catherine-bougassas@orange.fr\">catherine-bougassas@orange.fr<\/a><\/li>\n<\/ul>\n<ul>\n<li>\u00ab <em>Burgundia Humanistica <\/em>\u00bb : programme dirig\u00e9 par S. Laigneau-Fontaine, sur les humanistes bourguignons (XVI<sup>e<\/sup> et XVII<sup>e<\/sup> si\u00e8cles). Projet soutenu par le Conseil R\u00e9gional de Bourgogne, par un financement et un contrat doctoral (E. Ghiringhelli, <em>la Continuation des <\/em>Fastes <em>d\u2019Ovide par le Dijonnais Claude-Barth\u00e9lemy Morisot (1649), \u00e9dition, traduction, commentaire du livre VII, <\/em>sous la de S. Laigneau-Fontaine, u. Dijon, et Wampfler, u. Reims). Plusieurs travaux termin\u00e9s ou actuellement en cours appartiennent \u00e0 ce programme, par exemple la publication par N. Istasse de <em>Joannes Ravisius Textor, un r\u00e9gent humaniste \u00e0 l\u2019aube de la Renaissance fran\u00e7aise <\/em>(Gen\u00e8ve, Droz,\u00a0 2020)\u00a0 ou l\u2019\u00e9dition,\u00a0 traduction,\u00a0 commentaire\u00a0 en\u00a0 cours\u00a0 de la <em>Gigantomachie <\/em>de l\u2019Autunois Jacques Guijon (1658). Le corpus est immense et vari\u00e9 (textes de droit, de m\u00e9decine, <em>tumuli<\/em>, \u00e9loges, correspondances, po\u00e9sies diverses). Contact : <a href=\"mailto:sylvie.laigneau-fontaine@u-bourgogne.fr\">sylvie.laigneau-fontaine@u-<\/a> <a href=\"mailto:sylvie.laigneau-fontaine@u-bourgogne.fr\">bourgogne.fr.<\/a><\/li>\n<\/ul>\n<ul>\n<li>\u00ab HumanA, Humanismes Aquitains \/ Humanisme Aujourd\u2019hui en Nouvelle Aquitaine \u00bb, programme de l\u2019Universit\u00e9 Bordeaux-Montaigne, Centre Montaigne, direction V. Giacomotto-Charra (<a href=\"https:\/\/centre-montaigne.huma-num.fr\/projets-du-drmt\/humana.html\">https:\/\/centre-<\/a> <a href=\"https:\/\/centre-montaigne.huma-num.fr\/projets-du-drmt\/humana.html\">huma-num.fr\/projets-du-drmt\/humana.html<\/a>). Le projet HumanA s\u2019est donn\u00e9 pour but de renouveler l\u2019\u00e9tude des milieux intellectuels aquitains entre la fin du XV<sup>e<\/sup> si\u00e8cle et le premier tiers du XVII<sup>e<\/sup> si\u00e8cle, en dressant un panorama des grandes figures d\u2019\u00e9rudits et de savants qui y fleurirent \u00e0 la Renaissance, mais demeurent aujourd\u2019hui dans l\u2019ombre d\u2019auteurs plus c\u00e9l\u00e8bres. Il souhaite \u00e9galement faire mieux conna\u00eetre, au- del\u00e0 de Bordeaux ou Poitiers, les diff\u00e9rents foyers de l\u2019humanisme dans ce qui constitue aujourd\u2019hui la grande Aquitaine. Plusieurs travaux et journ\u00e9es d\u2019\u00e9tude ont d\u2019ores et d\u00e9j\u00e0 permis d\u2019\u00e9clairer la richesse et la vari\u00e9t\u00e9 de la culture humaniste r\u00e9gionale et ses r\u00e9seaux lettr\u00e9s, que ce soit dans le milieu des parlementaires et juristes, des m\u00e9decins ou encore des p\u00e9dagogues, en particulier au coll\u00e8ge de Guyenne, et ce quelle que soit la langue d\u2019expression choisie par ces \u00e9rudits. Contact : <a href=\"mailto:violaine.giacomotto@u-bordeaux-montaigne.fr\">violaine.giacomotto@u-bordeaux-montaigne.fr<\/a><\/li>\n<li>\u00ab <em>Humanistica Helvetica <\/em>\u00bb, projet de recherche dirig\u00e9 par Amherdt (Universit\u00e9 de Fribourg) et financ\u00e9 par le Fonds National Suisse (2020-2028), a pour but de faire conna\u00eetre la litt\u00e9rature latine humaniste du XVI<sup>e<\/sup> et de la premi\u00e8re partie du XVII<sup>e<\/sup> si\u00e8cle en Suisse par le biais d\u2019un portail Internet bilingue fran\u00e7ais-allemand (<a href=\"https:\/\/humanistica-helvetica.unifr.ch\/\">https:\/\/humanistica-helvetica.unifr.ch<\/a>). Ce portail propose une introduction g\u00e9n\u00e9rale \u00e0 la litt\u00e9rature latine dans la Suisse de l\u2019\u00e9poque, pr\u00e9sente les diff\u00e9rents genres litt\u00e9raires (comme le th\u00e9\u00e2tre, l\u2019autobiographie ou l\u2019\u00e9pigramme) et \u00e9tudie plusieurs th\u00e9matiques particuli\u00e8res (comme le patriotisme ou l\u2019\u00e9ducation). La vie et l\u2019\u0153uvre de six auteurs repr\u00e9sentatifs (parmi lesquels Conrad Gessner et Henri Glar\u00e9an) font l\u2019objet d\u2019introductions sp\u00e9cifiques. \u00c0 cela s\u2019ajoute une liste de tous les humanistes suisses, avec de br\u00e8ves indications sur leur vie et leur \u0153uvre. Enfin, le portail publie d\u00e9j\u00e0 pr\u00e8s de 150 textes s\u00e9lectionn\u00e9s parmi les \u0153uvres d\u2019une cinquantaine d\u2019\u00e9crivains. Tous les textes \u00e9dit\u00e9s sur le portail sont traduits en allemand et en fran\u00e7ais, comment\u00e9s et accompagn\u00e9s d\u2019une reproduction du manuscrit original ou de l\u2019\u00e9dition (g\u00e9n\u00e9ralement la premi\u00e8re) d\u2019o\u00f9 ils sont tir\u00e9s. De nombreux chercheurs ext\u00e9rieurs ont d\u2019ores et d\u00e9j\u00e0 publi\u00e9 des contributions sur <em>Humanistica Helvetica<\/em>. Contact : <a href=\"mailto:david.amherdt@unifr.ch\">david.amherdt@unifr.ch.<\/a><\/li>\n<li><strong>\u00ab <\/strong>IThAC <strong>\u00bb <\/strong>: projet de recherche ANR pilot\u00e9 par M. Bastin-Hammou (Universit\u00e9 de Grenoble) et men\u00e9 en collaboration avec l\u2019UMR HiSoMA (Lyon III) autour d\u2019une \u00e9quipe de 15 chercheurs membres de Litt&amp;Arts et d\u2019HiSoMA. L\u2019ANR IThAC a pour objectif l\u2019\u00e9tude de la r\u00e9ception du th\u00e9\u00e2tre antique dans l\u2019Europe du XVI<sup>e<\/sup> si\u00e8cle \u00e0 travers l\u2019analyse du corpus des paratextes savants imprim\u00e9s qui lui sont alors consacr\u00e9s, et la mise \u00e0 disposition de la communaut\u00e9 scientifique de la traduction de ce corpus en fran\u00e7ais, gr\u00e2ce \u00e0 la construction d\u2019une interface num\u00e9rique \u00e9volutive. On fait l\u2019hypoth\u00e8se que la collecte, la traduction et l\u2019analyse de ce corpus, longtemps n\u00e9glig\u00e9 parce que difficilement accessible mat\u00e9riellement et parce que tr\u00e8s largement r\u00e9dig\u00e9 en latin, voire en grec, permettront de saisir \u00e0 la fois comment le th\u00e9\u00e2tre antique a \u00e9t\u00e9 re\u00e7u et compris par ses \u00ab inventeurs \u00bb dans l\u2019Europe du XVI<sup>e<\/sup> , mais aussi comment les id\u00e9es et les m\u00e9thodes qu\u2019ils v\u00e9hiculent, \u00e0 l\u2019heure o\u00f9 s\u2019inventaient aussi bien le th\u00e9\u00e2tre moderne que la philologie, ont circul\u00e9 et se sont d\u00e9velopp\u00e9es gr\u00e2ce notamment \u00e0 leur large diffusion rendue possible par l\u2019imprim\u00e9 (<a href=\"https:\/\/ithac.hypotheses.org\/\">https:\/\/ithac.hypotheses.org\/<\/a>).<\/li>\n<li>\u00ab LiBer \u00bb : projet de recherche ANR sur la traduction de trois <em>D\u00e9cades <\/em>de Tite-Live par Pierre Bersuire (\u2020 1362), l\u2019Universit\u00e9 Lumi\u00e8re Lyon 2 et le laboratoire CIHAM (Histoire, Arch\u00e9ologie, Litt\u00e9ratures des Mondes Chr\u00e9tiens et Musulmans M\u00e9di\u00e9vaux), UMR 5648. Promoteurs : M. Possama\u00ef et C. Contact : <a href=\"mailto:cedric.giraud@unige.ch\">cedric.giraud@unige.ch<\/a><\/li>\n<li>\u00ab Litt\u00e9ratures, philosophie et histoire \u00e0 l\u2019\u00c2ge Regards crois\u00e9s (XV<sup>e<\/sup>-XVII<sup>e<\/sup> si\u00e8cles) \u00bb<em>, <\/em>dir. L. Boul\u00e8gue (UPJV-UR 4284 TrAme) et I. G. Mastrorosa (U. de Florence-SAGAS) : ce programme scientifique et p\u00e9dagogique transdisciplinaire vise, \u00e0 partir de l\u2019\u00e9tude des textes, \u00e0 mettre en perspective le traitement humaniste de diverses questions politiques, culturelles et sociales au croisement des approches historique, litt\u00e9raire, philosophique et artistique. Si le point de d\u00e9part est philologique et litt\u00e9raire, <em>lato sensu<\/em>, il pourra aussi susciter l\u2019int\u00e9r\u00eat de coll\u00e8gues historiens et historiens de l\u2019art autour de deux axes : les \u00e9crits philosophiques et religieux ; la question f\u00e9minine dans la r\u00e9flexion du premier \u00e2ge moderne, du XV<sup>e<\/sup> au XVII<sup>e<\/sup> si\u00e8cle. Cette derni\u00e8re th\u00e9matique est l\u2019objet d\u2019un s\u00e9minaire international (5 \u00e0 7 s\u00e9ances par an).<\/li>\n<li>\u00ab Natale Conti, <em>Mythologia <\/em>(1567-1527) \u00bb : projet dirig\u00e9 par C. Bonhert \u00e0 l\u2019Universit\u00e9 de Reims- Champagne-Ardennes. Les <em>Mythologiae libri decem <\/em>de Natale Conti, publi\u00e9s pour la premi\u00e8re fois \u00e0 Venise en 1567, servirent d\u2019ouvrage de r\u00e9f\u00e9rence dans toute l\u2019Europe pendant plus de deux si\u00e8cles : les \u00e9tudiants, les artistes, les po\u00e8tes, les librettistes d\u2019op\u00e9ra, les m\u00e9decins, les philosophes et le public lettr\u00e9 de l\u2019Europe des XVI<sup>e<\/sup>-XVIII<sup>e<\/sup> si\u00e8cles y puis\u00e8rent une connaissance encyclop\u00e9dique sur les cultes et les croyances de l\u2019Antiquit\u00e9. Le site <a href=\"https:\/\/eman-archives.org\/Mythologia\/items\/show\/1252\">Natale Conti, Mythologia, 1567-1627<\/a> (<a href=\"https:\/\/eman-archives.org\/Mythologia\/\">https:\/\/eman-archives.org\/Mythologia\/<\/a>) pr\u00e9sente l\u2019\u00e9dition num\u00e9rique de quatre \u00e9tats de ce texte en mutation (Venise 1567, Francfort 1581, Lyon 1612 et Paris 1627) : plus qu\u2019une \u0153uvre, la <em>Mythologie <\/em>constitue un corpus foisonnant auquel collabor\u00e8rent \u00e9diteurs, correcteurs, traducteurs et Le projet est en cours de r\u00e9alisation et accueille volontiers de nouvelles participations. Contact : <a href=\"mailto:celine.bohnert@univ-reims.fr\">celine.bohnert@univ-reims.fr<\/a><\/li>\n<li>\u00ab Relics \u00bb : le r\u00e9seau international de recherche RELICS rassemble des chercheurs int\u00e9ress\u00e9s par le r\u00f4le dynamique du latin en tant que langue litt\u00e9raire et culturelle europ\u00e9enne. RELICS est l\u2019initiateur et le coordinateur d\u2019un r\u00e9seau de recherche scientifique plus vaste appel\u00e9 \u00ab Litt\u00e9ratures sans fronti\u00e8res. Une \u00e9tude historique &#8211; comparative de la transnationalit\u00e9 litt\u00e9raire pr\u00e9moderne \u00bb. Ce projet collaboratif se concentre sur les litt\u00e9ratures pr\u00e9modernes apr\u00e8s l\u2019Antiquit\u00e9 \u00e0 caract\u00e8re transnational et dans les limites g\u00e9ographiques englobant l\u2019Afrique du Nord, le Moyen-Orient et l\u2019Europe : latin, grec byzantin, Arabe et h\u00e9breu &#8211; Yiddish &#8211;<\/li>\n<li>\u00ab Les repr\u00e9sentations du souverain dans les litt\u00e9ratures de la premi\u00e8re modernit\u00e9 : Pays de Boh\u00eame et France \u00bb, projet de\u00a0 recherche\u00a0 PHC\u00a0 BARRANDE\u00a0 2024\u00a0 dirig\u00e9\u00a0 par\u00a0 Leroux\u00a0 (EPHE,\u00a0 PSL)\u00a0 et Slav\u00edkov\u00e1 (Prague, Institut de philosophie). Membres du projet : C. Absil (doctorante EPHE, PSL),\u00a0Dubarry (doctorante EPHE, PSL), S. P\u00e9quignot (EPHE, PSL), V. Pelc (doctorant, Prague, Institut de philosophie), L. Storchov\u00e1 (Prague, Institut de philosophie), M. Vacul\u00ednov\u00e1 (Prague, Institut de philosophie). La repr\u00e9sentation des souverains occupe une place pr\u00e9pond\u00e9rante dans les diff\u00e9rents genres de la litt\u00e9rature latine et vernaculaire des XVI<sup>e<\/sup> et XVII<sup>e<\/sup> si\u00e8cles. L\u2019objectif de ce projet est de confronter deux aires g\u00e9ographiques, la France et la Boh\u00eame, mais aussi des corpus, des points de vue et des m\u00e9thodes. La plupart des membres de l\u2019\u00e9quipe sont des sp\u00e9cialistes de l\u2019humanisme et de la litt\u00e9rature n\u00e9o-latine et un enjeu important sera de rep\u00e9rer et d\u2019analyser des \u0153uvres latines encore peu explor\u00e9es, puis de les confronter \u00e0 la litt\u00e9rature vernaculaire, mais aussi \u00e0 des \u00e9crits li\u00e9s \u00e0 l\u2019activit\u00e9 diplomatique, en particulier les journaux d\u2019ambassade et les ouvrages sur l\u2019ambassadeur, d\u2019o\u00f9 la pr\u00e9sence d\u2019un historien de la diplomatie.<\/li>\n<\/ul>\n<ul>\n<li><strong>\u00ab <\/strong>Ricercar <strong>\u00bb <\/strong>: programme de recherche en musicologie cr\u00e9\u00e9 par le Centre d\u2019\u00c9tudes Sup\u00e9rieures de la Renaissance avec le concours de l\u2019Universit\u00e9 de Tours, du CNRS, et du Minist\u00e8re de la Direction Vendrix.<\/li>\n<\/ul>\n<ul>\n<li>\u00ab <em>Tacitus on line <\/em>\u00bb : le projet <em>Tacitus On Line<\/em>, port\u00e9 par L. Autin (SU) et I. Cogitore (UGA), propose une \u00e9dition num\u00e9rique native des principaux commentaires renaissants \u00e0 Tacite (<a href=\"http:\/\/tacitus.elan-numerique.fr\/\">http:\/\/tacitus.elan-numerique.fr\/<\/a>), depuis les <em>Adnotationes <\/em>d\u2019Andr\u00e9 Alciat (1517) jusqu\u2019aux <em>Schediasmata <\/em>de Jean Gruter (1607), tels que rassembl\u00e9s dans l\u2019anthologie de Pierre Chevalier parue \u00e0 Paris en En tirant profit des outils \u00e9lectroniques, il s\u2019agit de r\u00e9fl\u00e9chir aux formes et aux sp\u00e9cificit\u00e9s du commentaire \u00e0 Tacite au XVI<sup>e<\/sup> si\u00e8cle. \u00c0 une \u00e9poque o\u00f9 la place dans le canon de l\u2019auteur des <em>Annales<\/em>, r\u00e9put\u00e9 obscur et accus\u00e9 d\u2019impi\u00e9t\u00e9, demeure fragile, puisqu\u2019on lui pr\u00e9f\u00e8re le style de Tite-Live parmi les historiens et de Cic\u00e9ron parmi les prosateurs, et avant le basculement dans un \u00e2ge tacit\u00e9en au XVII<sup>e<\/sup> si\u00e8cle et l\u2019essor du tacitisme, l\u2019\u00e9tude des commentaires du XVI<sup>e<\/sup> si\u00e8cle permet de mesurer la prudence avec laquelle les lecteurs humanistes de Tacite tentent de montrer, dans un contexte hostile, l\u2019actualit\u00e9 politique, philosophique, litt\u00e9raire de l\u2019historien. Le projet se montre sensible au r\u00f4le des citations, \u00e0 l\u2019\u00e9volution diachronique des types d\u2019observation des humanistes, aux relations entre le genre du commentaire et celui du discours ou du trait\u00e9, et, plus g\u00e9n\u00e9ralement, \u00e0 la culture litt\u00e9raire, intellectuelle et politique des penseurs de la premi\u00e8re modernit\u00e9. Contact : <a href=\"mailto:louis.autin@sorbonne-universite.fr\">louis.autin@sorbonne-universite.fr<\/a> ou <a href=\"mailto:isabelle.cogitore@univ-grenoble-alpes.fr\">isabelle.cogitore@univ-grenoble-alpes.fr<\/a><\/li>\n<\/ul>\n<p>&nbsp;<\/p>\n","protected":false},"excerpt":{"rendered":"<p>COLLOQUES, CONGRES &amp; PROGRAMMES DE RECHERCHE 2024-2025 Colloques et journ\u00e9es d\u2019\u00e9tudes 25-28 septembre 2024, N\u00fcremberg, Friedrich Alexander Universit\u00e4t : \u00ab Das Epos im lateinischen Westen (4. bis 15. Jahrhundert), 10e congr\u00e8s international de latin m\u00e9di\u00e9val, org. M.C. Ferrari (Friedrich Alexander &hellip; <a href=\"https:\/\/www.semen-l.org\/?p=3620\">Continuer la lecture <span class=\"meta-nav\">&rarr;<\/span><\/a><\/p>\n","protected":false},"author":26,"featured_media":1120,"comment_status":"open","ping_status":"open","sticky":false,"template":"","format":"standard","meta":{"footnotes":""},"categories":[4],"tags":[1513,92,86,1729,2151,940,1841,2196,823,2195,68,18,1265,1842,144,171,2194,2185,417,938,1496,2198,26,2197,418,1491,1579,1296,371,1162],"class_list":["post-3620","post","type-post","status-publish","format-standard","has-post-thumbnail","hentry","category-colloques","tag-aquitaine","tag-art","tag-boccace","tag-bordeaux","tag-catastrophe","tag-conti-natale","tag-correspondance","tag-de-casibus-virorum-illustrium-boccace","tag-droit","tag-eloquence","tag-epigramme","tag-epistolaire","tag-epopee","tag-historiographie","tag-humanisme","tag-imprimerie","tag-musee","tag-mythographie","tag-mythologie","tag-mythologie-de-natale-conti-editee-par-jean-baudoin-la","tag-paratexte","tag-pierre-bersuire","tag-poesie","tag-poitiers","tag-politique","tag-prophetie","tag-suisse","tag-theatre","tag-traduction","tag-voyage"],"yoast_head":"<!-- This site is optimized with the Yoast SEO plugin v27.5 - https:\/\/yoast.com\/product\/yoast-seo-wordpress\/ -->\n<title>Colloques, congr\u00e8s et programme de recherche 2024-2025 - Soci\u00e9t\u00e9 d&#039;\u00c9tudes M\u00e9dio Et N\u00e9o-Latines<\/title>\n<meta name=\"robots\" content=\"index, follow, max-snippet:-1, max-image-preview:large, max-video-preview:-1\" \/>\n<link rel=\"canonical\" href=\"https:\/\/www.semen-l.org\/?p=3620\" \/>\n<meta property=\"og:locale\" content=\"fr_FR\" \/>\n<meta property=\"og:type\" content=\"article\" \/>\n<meta property=\"og:title\" content=\"Colloques, congr\u00e8s et programme de recherche 2024-2025 - Soci\u00e9t\u00e9 d&#039;\u00c9tudes M\u00e9dio Et N\u00e9o-Latines\" \/>\n<meta property=\"og:description\" content=\"COLLOQUES, CONGRES &amp; PROGRAMMES DE RECHERCHE 2024-2025 Colloques et journ\u00e9es d\u2019\u00e9tudes 25-28 septembre 2024, N\u00fcremberg, Friedrich Alexander Universit\u00e4t : \u00ab Das Epos im lateinischen Westen (4. bis 15. Jahrhundert), 10e congr\u00e8s international de latin m\u00e9di\u00e9val, org. M.C. Ferrari (Friedrich Alexander &hellip; Continuer la lecture &rarr;\" \/>\n<meta property=\"og:url\" content=\"https:\/\/www.semen-l.org\/?p=3620\" \/>\n<meta property=\"og:site_name\" content=\"Soci\u00e9t\u00e9 d&#039;\u00c9tudes M\u00e9dio Et N\u00e9o-Latines\" \/>\n<meta property=\"article:publisher\" content=\"https:\/\/www.facebook.com\/SEMENL2018\" \/>\n<meta property=\"article:published_time\" content=\"2024-12-27T21:22:45+00:00\" \/>\n<meta property=\"og:image\" content=\"https:\/\/www.semen-l.org\/wp-content\/uploads\/2020\/11\/semen-l-arriere.png\" \/>\n\t<meta property=\"og:image:width\" content=\"294\" \/>\n\t<meta property=\"og:image:height\" content=\"286\" \/>\n\t<meta property=\"og:image:type\" content=\"image\/png\" \/>\n<meta name=\"author\" content=\"Julien Maudoux\" \/>\n<meta name=\"twitter:card\" content=\"summary_large_image\" \/>\n<meta name=\"twitter:label1\" content=\"\u00c9crit par\" \/>\n\t<meta name=\"twitter:data1\" content=\"Julien Maudoux\" \/>\n\t<meta name=\"twitter:label2\" content=\"Dur\u00e9e de lecture estim\u00e9e\" \/>\n\t<meta name=\"twitter:data2\" content=\"14 minutes\" \/>\n<script type=\"application\/ld+json\" class=\"yoast-schema-graph\">{\"@context\":\"https:\\\/\\\/schema.org\",\"@graph\":[{\"@type\":\"Article\",\"@id\":\"https:\\\/\\\/www.semen-l.org\\\/?p=3620#article\",\"isPartOf\":{\"@id\":\"https:\\\/\\\/www.semen-l.org\\\/?p=3620\"},\"author\":{\"name\":\"Julien Maudoux\",\"@id\":\"http:\\\/\\\/www.semen-l.org\\\/#\\\/schema\\\/person\\\/ef5208815f17666727763c5363a51344\"},\"headline\":\"Colloques, congr\u00e8s et programme de recherche 2024-2025\",\"datePublished\":\"2024-12-27T21:22:45+00:00\",\"mainEntityOfPage\":{\"@id\":\"https:\\\/\\\/www.semen-l.org\\\/?p=3620\"},\"wordCount\":2934,\"commentCount\":0,\"publisher\":{\"@id\":\"http:\\\/\\\/www.semen-l.org\\\/#organization\"},\"image\":{\"@id\":\"https:\\\/\\\/www.semen-l.org\\\/?p=3620#primaryimage\"},\"thumbnailUrl\":\"https:\\\/\\\/www.semen-l.org\\\/wp-content\\\/uploads\\\/2020\\\/11\\\/semen-l-arriere.png\",\"keywords\":[\"Aquitaine\",\"art\",\"Boccace\",\"Bordeaux\",\"catastrophe\",\"Conti (Natale)\",\"correspondance\",\"De casibus virorum illustrium (Boccace)\",\"droit\",\"\u00e9loquence\",\"\u00e9pigramme\",\"\u00e9pistolaire\",\"\u00e9pop\u00e9e\",\"historiographie\",\"humanisme\",\"imprimerie\",\"mus\u00e9e\",\"mythographie\",\"mythologie\",\"Mythologie de Natale Conti \u00e9dit\u00e9e par Jean Baudoin (La)\",\"paratexte\",\"Pierre Bersuire\",\"po\u00e9sie\",\"Poitiers\",\"politique\",\"proph\u00e9tie\",\"Suisse\",\"th\u00e9\u00e2tre\",\"traduction\",\"voyage\"],\"articleSection\":[\"Colloques\"],\"inLanguage\":\"fr-FR\",\"potentialAction\":[{\"@type\":\"CommentAction\",\"name\":\"Comment\",\"target\":[\"https:\\\/\\\/www.semen-l.org\\\/?p=3620#respond\"]}]},{\"@type\":\"WebPage\",\"@id\":\"https:\\\/\\\/www.semen-l.org\\\/?p=3620\",\"url\":\"https:\\\/\\\/www.semen-l.org\\\/?p=3620\",\"name\":\"Colloques, congr\u00e8s et programme de recherche 2024-2025 - Soci\u00e9t\u00e9 d&#039;\u00c9tudes M\u00e9dio Et N\u00e9o-Latines\",\"isPartOf\":{\"@id\":\"http:\\\/\\\/www.semen-l.org\\\/#website\"},\"primaryImageOfPage\":{\"@id\":\"https:\\\/\\\/www.semen-l.org\\\/?p=3620#primaryimage\"},\"image\":{\"@id\":\"https:\\\/\\\/www.semen-l.org\\\/?p=3620#primaryimage\"},\"thumbnailUrl\":\"https:\\\/\\\/www.semen-l.org\\\/wp-content\\\/uploads\\\/2020\\\/11\\\/semen-l-arriere.png\",\"datePublished\":\"2024-12-27T21:22:45+00:00\",\"breadcrumb\":{\"@id\":\"https:\\\/\\\/www.semen-l.org\\\/?p=3620#breadcrumb\"},\"inLanguage\":\"fr-FR\",\"potentialAction\":[{\"@type\":\"ReadAction\",\"target\":[\"https:\\\/\\\/www.semen-l.org\\\/?p=3620\"]}]},{\"@type\":\"ImageObject\",\"inLanguage\":\"fr-FR\",\"@id\":\"https:\\\/\\\/www.semen-l.org\\\/?p=3620#primaryimage\",\"url\":\"https:\\\/\\\/www.semen-l.org\\\/wp-content\\\/uploads\\\/2020\\\/11\\\/semen-l-arriere.png\",\"contentUrl\":\"https:\\\/\\\/www.semen-l.org\\\/wp-content\\\/uploads\\\/2020\\\/11\\\/semen-l-arriere.png\",\"width\":294,\"height\":286},{\"@type\":\"BreadcrumbList\",\"@id\":\"https:\\\/\\\/www.semen-l.org\\\/?p=3620#breadcrumb\",\"itemListElement\":[{\"@type\":\"ListItem\",\"position\":1,\"name\":\"Accueil\",\"item\":\"http:\\\/\\\/www.semen-l.org\\\/\"},{\"@type\":\"ListItem\",\"position\":2,\"name\":\"Colloques, congr\u00e8s et programme de recherche 2024-2025\"}]},{\"@type\":\"WebSite\",\"@id\":\"http:\\\/\\\/www.semen-l.org\\\/#website\",\"url\":\"http:\\\/\\\/www.semen-l.org\\\/\",\"name\":\"Soci\u00e9t\u00e9 d'\u00c9tudes M\u00e9dio Et N\u00e9o-Latines\",\"description\":\"\",\"publisher\":{\"@id\":\"http:\\\/\\\/www.semen-l.org\\\/#organization\"},\"potentialAction\":[{\"@type\":\"SearchAction\",\"target\":{\"@type\":\"EntryPoint\",\"urlTemplate\":\"http:\\\/\\\/www.semen-l.org\\\/?s={search_term_string}\"},\"query-input\":{\"@type\":\"PropertyValueSpecification\",\"valueRequired\":true,\"valueName\":\"search_term_string\"}}],\"inLanguage\":\"fr-FR\"},{\"@type\":\"Organization\",\"@id\":\"http:\\\/\\\/www.semen-l.org\\\/#organization\",\"name\":\"Soci\u00e9t\u00e9 d'\u00e9tudes m\u00e9dio et n\u00e9o-latines\",\"url\":\"http:\\\/\\\/www.semen-l.org\\\/\",\"logo\":{\"@type\":\"ImageObject\",\"inLanguage\":\"fr-FR\",\"@id\":\"http:\\\/\\\/www.semen-l.org\\\/#\\\/schema\\\/logo\\\/image\\\/\",\"url\":\"http:\\\/\\\/www.semen-l.org\\\/wp-content\\\/uploads\\\/2020\\\/11\\\/logo-semenl.jpg\",\"contentUrl\":\"http:\\\/\\\/www.semen-l.org\\\/wp-content\\\/uploads\\\/2020\\\/11\\\/logo-semenl.jpg\",\"width\":408,\"height\":403,\"caption\":\"Soci\u00e9t\u00e9 d'\u00e9tudes m\u00e9dio et n\u00e9o-latines\"},\"image\":{\"@id\":\"http:\\\/\\\/www.semen-l.org\\\/#\\\/schema\\\/logo\\\/image\\\/\"},\"sameAs\":[\"https:\\\/\\\/www.facebook.com\\\/SEMENL2018\",\"https:\\\/\\\/independent.academia.edu\\\/SocitsdtudesmdioetnolatinesSEMENL\"]},{\"@type\":\"Person\",\"@id\":\"http:\\\/\\\/www.semen-l.org\\\/#\\\/schema\\\/person\\\/ef5208815f17666727763c5363a51344\",\"name\":\"Julien Maudoux\",\"image\":{\"@type\":\"ImageObject\",\"inLanguage\":\"fr-FR\",\"@id\":\"https:\\\/\\\/secure.gravatar.com\\\/avatar\\\/caabf4fb6242e2277733cd35a5c2aa083761ea25dae1d1ff3298b54292225292?s=96&d=mm&r=g\",\"url\":\"https:\\\/\\\/secure.gravatar.com\\\/avatar\\\/caabf4fb6242e2277733cd35a5c2aa083761ea25dae1d1ff3298b54292225292?s=96&d=mm&r=g\",\"contentUrl\":\"https:\\\/\\\/secure.gravatar.com\\\/avatar\\\/caabf4fb6242e2277733cd35a5c2aa083761ea25dae1d1ff3298b54292225292?s=96&d=mm&r=g\",\"caption\":\"Julien Maudoux\"},\"description\":\"Webmestre du site de la SEMEN-L\",\"url\":\"https:\\\/\\\/www.semen-l.org\\\/?author=26\"}]}<\/script>\n<!-- \/ Yoast SEO plugin. -->","yoast_head_json":{"title":"Colloques, congr\u00e8s et programme de recherche 2024-2025 - Soci\u00e9t\u00e9 d&#039;\u00c9tudes M\u00e9dio Et N\u00e9o-Latines","robots":{"index":"index","follow":"follow","max-snippet":"max-snippet:-1","max-image-preview":"max-image-preview:large","max-video-preview":"max-video-preview:-1"},"canonical":"https:\/\/www.semen-l.org\/?p=3620","og_locale":"fr_FR","og_type":"article","og_title":"Colloques, congr\u00e8s et programme de recherche 2024-2025 - Soci\u00e9t\u00e9 d&#039;\u00c9tudes M\u00e9dio Et N\u00e9o-Latines","og_description":"COLLOQUES, CONGRES &amp; PROGRAMMES DE RECHERCHE 2024-2025 Colloques et journ\u00e9es d\u2019\u00e9tudes 25-28 septembre 2024, N\u00fcremberg, Friedrich Alexander Universit\u00e4t : \u00ab Das Epos im lateinischen Westen (4. bis 15. Jahrhundert), 10e congr\u00e8s international de latin m\u00e9di\u00e9val, org. M.C. Ferrari (Friedrich Alexander &hellip; Continuer la lecture &rarr;","og_url":"https:\/\/www.semen-l.org\/?p=3620","og_site_name":"Soci\u00e9t\u00e9 d&#039;\u00c9tudes M\u00e9dio Et N\u00e9o-Latines","article_publisher":"https:\/\/www.facebook.com\/SEMENL2018","article_published_time":"2024-12-27T21:22:45+00:00","og_image":[{"width":294,"height":286,"url":"https:\/\/www.semen-l.org\/wp-content\/uploads\/2020\/11\/semen-l-arriere.png","type":"image\/png"}],"author":"Julien Maudoux","twitter_card":"summary_large_image","twitter_misc":{"\u00c9crit par":"Julien Maudoux","Dur\u00e9e de lecture estim\u00e9e":"14 minutes"},"schema":{"@context":"https:\/\/schema.org","@graph":[{"@type":"Article","@id":"https:\/\/www.semen-l.org\/?p=3620#article","isPartOf":{"@id":"https:\/\/www.semen-l.org\/?p=3620"},"author":{"name":"Julien Maudoux","@id":"http:\/\/www.semen-l.org\/#\/schema\/person\/ef5208815f17666727763c5363a51344"},"headline":"Colloques, congr\u00e8s et programme de recherche 2024-2025","datePublished":"2024-12-27T21:22:45+00:00","mainEntityOfPage":{"@id":"https:\/\/www.semen-l.org\/?p=3620"},"wordCount":2934,"commentCount":0,"publisher":{"@id":"http:\/\/www.semen-l.org\/#organization"},"image":{"@id":"https:\/\/www.semen-l.org\/?p=3620#primaryimage"},"thumbnailUrl":"https:\/\/www.semen-l.org\/wp-content\/uploads\/2020\/11\/semen-l-arriere.png","keywords":["Aquitaine","art","Boccace","Bordeaux","catastrophe","Conti (Natale)","correspondance","De casibus virorum illustrium (Boccace)","droit","\u00e9loquence","\u00e9pigramme","\u00e9pistolaire","\u00e9pop\u00e9e","historiographie","humanisme","imprimerie","mus\u00e9e","mythographie","mythologie","Mythologie de Natale Conti \u00e9dit\u00e9e par Jean Baudoin (La)","paratexte","Pierre Bersuire","po\u00e9sie","Poitiers","politique","proph\u00e9tie","Suisse","th\u00e9\u00e2tre","traduction","voyage"],"articleSection":["Colloques"],"inLanguage":"fr-FR","potentialAction":[{"@type":"CommentAction","name":"Comment","target":["https:\/\/www.semen-l.org\/?p=3620#respond"]}]},{"@type":"WebPage","@id":"https:\/\/www.semen-l.org\/?p=3620","url":"https:\/\/www.semen-l.org\/?p=3620","name":"Colloques, congr\u00e8s et programme de recherche 2024-2025 - Soci\u00e9t\u00e9 d&#039;\u00c9tudes M\u00e9dio Et N\u00e9o-Latines","isPartOf":{"@id":"http:\/\/www.semen-l.org\/#website"},"primaryImageOfPage":{"@id":"https:\/\/www.semen-l.org\/?p=3620#primaryimage"},"image":{"@id":"https:\/\/www.semen-l.org\/?p=3620#primaryimage"},"thumbnailUrl":"https:\/\/www.semen-l.org\/wp-content\/uploads\/2020\/11\/semen-l-arriere.png","datePublished":"2024-12-27T21:22:45+00:00","breadcrumb":{"@id":"https:\/\/www.semen-l.org\/?p=3620#breadcrumb"},"inLanguage":"fr-FR","potentialAction":[{"@type":"ReadAction","target":["https:\/\/www.semen-l.org\/?p=3620"]}]},{"@type":"ImageObject","inLanguage":"fr-FR","@id":"https:\/\/www.semen-l.org\/?p=3620#primaryimage","url":"https:\/\/www.semen-l.org\/wp-content\/uploads\/2020\/11\/semen-l-arriere.png","contentUrl":"https:\/\/www.semen-l.org\/wp-content\/uploads\/2020\/11\/semen-l-arriere.png","width":294,"height":286},{"@type":"BreadcrumbList","@id":"https:\/\/www.semen-l.org\/?p=3620#breadcrumb","itemListElement":[{"@type":"ListItem","position":1,"name":"Accueil","item":"http:\/\/www.semen-l.org\/"},{"@type":"ListItem","position":2,"name":"Colloques, congr\u00e8s et programme de recherche 2024-2025"}]},{"@type":"WebSite","@id":"http:\/\/www.semen-l.org\/#website","url":"http:\/\/www.semen-l.org\/","name":"Soci\u00e9t\u00e9 d'\u00c9tudes M\u00e9dio Et N\u00e9o-Latines","description":"","publisher":{"@id":"http:\/\/www.semen-l.org\/#organization"},"potentialAction":[{"@type":"SearchAction","target":{"@type":"EntryPoint","urlTemplate":"http:\/\/www.semen-l.org\/?s={search_term_string}"},"query-input":{"@type":"PropertyValueSpecification","valueRequired":true,"valueName":"search_term_string"}}],"inLanguage":"fr-FR"},{"@type":"Organization","@id":"http:\/\/www.semen-l.org\/#organization","name":"Soci\u00e9t\u00e9 d'\u00e9tudes m\u00e9dio et n\u00e9o-latines","url":"http:\/\/www.semen-l.org\/","logo":{"@type":"ImageObject","inLanguage":"fr-FR","@id":"http:\/\/www.semen-l.org\/#\/schema\/logo\/image\/","url":"http:\/\/www.semen-l.org\/wp-content\/uploads\/2020\/11\/logo-semenl.jpg","contentUrl":"http:\/\/www.semen-l.org\/wp-content\/uploads\/2020\/11\/logo-semenl.jpg","width":408,"height":403,"caption":"Soci\u00e9t\u00e9 d'\u00e9tudes m\u00e9dio et n\u00e9o-latines"},"image":{"@id":"http:\/\/www.semen-l.org\/#\/schema\/logo\/image\/"},"sameAs":["https:\/\/www.facebook.com\/SEMENL2018","https:\/\/independent.academia.edu\/SocitsdtudesmdioetnolatinesSEMENL"]},{"@type":"Person","@id":"http:\/\/www.semen-l.org\/#\/schema\/person\/ef5208815f17666727763c5363a51344","name":"Julien Maudoux","image":{"@type":"ImageObject","inLanguage":"fr-FR","@id":"https:\/\/secure.gravatar.com\/avatar\/caabf4fb6242e2277733cd35a5c2aa083761ea25dae1d1ff3298b54292225292?s=96&d=mm&r=g","url":"https:\/\/secure.gravatar.com\/avatar\/caabf4fb6242e2277733cd35a5c2aa083761ea25dae1d1ff3298b54292225292?s=96&d=mm&r=g","contentUrl":"https:\/\/secure.gravatar.com\/avatar\/caabf4fb6242e2277733cd35a5c2aa083761ea25dae1d1ff3298b54292225292?s=96&d=mm&r=g","caption":"Julien Maudoux"},"description":"Webmestre du site de la SEMEN-L","url":"https:\/\/www.semen-l.org\/?author=26"}]}},"jetpack_featured_media_url":"https:\/\/www.semen-l.org\/wp-content\/uploads\/2020\/11\/semen-l-arriere.png","_links":{"self":[{"href":"https:\/\/www.semen-l.org\/index.php?rest_route=\/wp\/v2\/posts\/3620","targetHints":{"allow":["GET"]}}],"collection":[{"href":"https:\/\/www.semen-l.org\/index.php?rest_route=\/wp\/v2\/posts"}],"about":[{"href":"https:\/\/www.semen-l.org\/index.php?rest_route=\/wp\/v2\/types\/post"}],"author":[{"embeddable":true,"href":"https:\/\/www.semen-l.org\/index.php?rest_route=\/wp\/v2\/users\/26"}],"replies":[{"embeddable":true,"href":"https:\/\/www.semen-l.org\/index.php?rest_route=%2Fwp%2Fv2%2Fcomments&post=3620"}],"version-history":[{"count":0,"href":"https:\/\/www.semen-l.org\/index.php?rest_route=\/wp\/v2\/posts\/3620\/revisions"}],"wp:featuredmedia":[{"embeddable":true,"href":"https:\/\/www.semen-l.org\/index.php?rest_route=\/wp\/v2\/media\/1120"}],"wp:attachment":[{"href":"https:\/\/www.semen-l.org\/index.php?rest_route=%2Fwp%2Fv2%2Fmedia&parent=3620"}],"wp:term":[{"taxonomy":"category","embeddable":true,"href":"https:\/\/www.semen-l.org\/index.php?rest_route=%2Fwp%2Fv2%2Fcategories&post=3620"},{"taxonomy":"post_tag","embeddable":true,"href":"https:\/\/www.semen-l.org\/index.php?rest_route=%2Fwp%2Fv2%2Ftags&post=3620"}],"curies":[{"name":"wp","href":"https:\/\/api.w.org\/{rel}","templated":true}]}}