{"id":3617,"date":"2024-12-27T21:01:14","date_gmt":"2024-12-27T21:01:14","guid":{"rendered":"https:\/\/www.semen-l.org\/?p=3617"},"modified":"2025-02-02T18:13:31","modified_gmt":"2025-02-02T18:13:31","slug":"cours-et-seminaires-2024-2025","status":"publish","type":"post","link":"https:\/\/www.semen-l.org\/?p=3617","title":{"rendered":"Cours et s\u00e9minaires 2024-2025"},"content":{"rendered":"\t\t<div data-elementor-type=\"wp-post\" data-elementor-id=\"3617\" class=\"elementor elementor-3617\">\n\t\t\t\t\t\t<section class=\"elementor-section elementor-top-section elementor-element elementor-element-4459963 elementor-section-boxed elementor-section-height-default elementor-section-height-default\" data-id=\"4459963\" data-element_type=\"section\" data-e-type=\"section\">\n\t\t\t\t\t\t<div class=\"elementor-container elementor-column-gap-default\">\n\t\t\t\t\t<div class=\"elementor-column elementor-col-100 elementor-top-column elementor-element elementor-element-1dc9f8b\" data-id=\"1dc9f8b\" data-element_type=\"column\" data-e-type=\"column\">\n\t\t\t<div class=\"elementor-widget-wrap elementor-element-populated\">\n\t\t\t\t\t\t<div class=\"elementor-element elementor-element-6ab9448 elementor-widget elementor-widget-heading\" data-id=\"6ab9448\" data-element_type=\"widget\" data-e-type=\"widget\" data-widget_type=\"heading.default\">\n\t\t\t\t<div class=\"elementor-widget-container\">\n\t\t\t\t\t<h2 class=\"elementor-heading-title elementor-size-large\">Menu<\/h2>\t\t\t\t<\/div>\n\t\t\t\t<\/div>\n\t\t\t\t\t<\/div>\n\t\t<\/div>\n\t\t\t\t\t<\/div>\n\t\t<\/section>\n\t\t\t\t<section class=\"elementor-section elementor-top-section elementor-element elementor-element-7e4a04e elementor-section-boxed elementor-section-height-default elementor-section-height-default\" data-id=\"7e4a04e\" data-element_type=\"section\" data-e-type=\"section\">\n\t\t\t\t\t\t<div class=\"elementor-container elementor-column-gap-default\">\n\t\t\t\t\t<div class=\"elementor-column elementor-col-100 elementor-top-column elementor-element elementor-element-bc31155\" data-id=\"bc31155\" data-element_type=\"column\" data-e-type=\"column\">\n\t\t\t<div class=\"elementor-widget-wrap elementor-element-populated\">\n\t\t\t\t\t\t<div class=\"elementor-element elementor-element-829d895 elementor-icon-list--layout-traditional elementor-list-item-link-full_width elementor-widget elementor-widget-icon-list\" data-id=\"829d895\" data-element_type=\"widget\" data-e-type=\"widget\" data-widget_type=\"icon-list.default\">\n\t\t\t\t<div class=\"elementor-widget-container\">\n\t\t\t\t\t\t\t<ul class=\"elementor-icon-list-items\">\n\t\t\t\t\t\t\t<li class=\"elementor-icon-list-item\">\n\t\t\t\t\t\t\t\t\t\t\t<a href=\"#crns1\">\n\n\t\t\t\t\t\t\t\t\t\t\t\t<span class=\"elementor-icon-list-icon\">\n\t\t\t\t\t\t\t<i aria-hidden=\"true\" class=\"fas fa-chevron-right\"><\/i>\t\t\t\t\t\t<\/span>\n\t\t\t\t\t\t\t\t\t\t<span class=\"elementor-icon-list-text\">CNRS (Centre Nortbert Elias et CRH)<\/span>\n\t\t\t\t\t\t\t\t\t\t\t<\/a>\n\t\t\t\t\t\t\t\t\t<\/li>\n\t\t\t\t\t\t\t\t<li class=\"elementor-icon-list-item\">\n\t\t\t\t\t\t\t\t\t\t\t<a href=\"#crns2\">\n\n\t\t\t\t\t\t\t\t\t\t\t\t<span class=\"elementor-icon-list-icon\">\n\t\t\t\t\t\t\t<i aria-hidden=\"true\" class=\"fas fa-chevron-right\"><\/i>\t\t\t\t\t\t<\/span>\n\t\t\t\t\t\t\t\t\t\t<span class=\"elementor-icon-list-text\">CNRS (IHD)<\/span>\n\t\t\t\t\t\t\t\t\t\t\t<\/a>\n\t\t\t\t\t\t\t\t\t<\/li>\n\t\t\t\t\t\t\t\t<li class=\"elementor-icon-list-item\">\n\t\t\t\t\t\t\t\t\t\t\t<a href=\"#chartes\">\n\n\t\t\t\t\t\t\t\t\t\t\t\t<span class=\"elementor-icon-list-icon\">\n\t\t\t\t\t\t\t<i aria-hidden=\"true\" class=\"fas fa-chevron-right\"><\/i>\t\t\t\t\t\t<\/span>\n\t\t\t\t\t\t\t\t\t\t<span class=\"elementor-icon-list-text\">\u00c9cole Nationale des Chartes<\/span>\n\t\t\t\t\t\t\t\t\t\t\t<\/a>\n\t\t\t\t\t\t\t\t\t<\/li>\n\t\t\t\t\t\t\t\t<li class=\"elementor-icon-list-item\">\n\t\t\t\t\t\t\t\t\t\t\t<a href=\"#ulm\">\n\n\t\t\t\t\t\t\t\t\t\t\t\t<span class=\"elementor-icon-list-icon\">\n\t\t\t\t\t\t\t<i aria-hidden=\"true\" class=\"fas fa-chevron-right\"><\/i>\t\t\t\t\t\t<\/span>\n\t\t\t\t\t\t\t\t\t\t<span class=\"elementor-icon-list-text\">ENS rue d'Ulm<\/span>\n\t\t\t\t\t\t\t\t\t\t\t<\/a>\n\t\t\t\t\t\t\t\t\t<\/li>\n\t\t\t\t\t\t\t\t<li class=\"elementor-icon-list-item\">\n\t\t\t\t\t\t\t\t\t\t\t<a href=\"#lsh\">\n\n\t\t\t\t\t\t\t\t\t\t\t\t<span class=\"elementor-icon-list-icon\">\n\t\t\t\t\t\t\t<i aria-hidden=\"true\" class=\"fas fa-chevron-right\"><\/i>\t\t\t\t\t\t<\/span>\n\t\t\t\t\t\t\t\t\t\t<span class=\"elementor-icon-list-text\">ENS LSH Lyon<\/span>\n\t\t\t\t\t\t\t\t\t\t\t<\/a>\n\t\t\t\t\t\t\t\t\t<\/li>\n\t\t\t\t\t\t\t\t<li class=\"elementor-icon-list-item\">\n\t\t\t\t\t\t\t\t\t\t\t<a href=\"#ephe\">\n\n\t\t\t\t\t\t\t\t\t\t\t\t<span class=\"elementor-icon-list-icon\">\n\t\t\t\t\t\t\t<i aria-hidden=\"true\" class=\"fas fa-chevron-right\"><\/i>\t\t\t\t\t\t<\/span>\n\t\t\t\t\t\t\t\t\t\t<span class=\"elementor-icon-list-text\">EPHE, PSL<\/span>\n\t\t\t\t\t\t\t\t\t\t\t<\/a>\n\t\t\t\t\t\t\t\t\t<\/li>\n\t\t\t\t\t\t\t\t<li class=\"elementor-icon-list-item\">\n\t\t\t\t\t\t\t\t\t\t\t<a href=\"#irht\">\n\n\t\t\t\t\t\t\t\t\t\t\t\t<span class=\"elementor-icon-list-icon\">\n\t\t\t\t\t\t\t<i aria-hidden=\"true\" class=\"fas fa-chevron-right\"><\/i>\t\t\t\t\t\t<\/span>\n\t\t\t\t\t\t\t\t\t\t<span class=\"elementor-icon-list-text\">IRHT<\/span>\n\t\t\t\t\t\t\t\t\t\t\t<\/a>\n\t\t\t\t\t\t\t\t\t<\/li>\n\t\t\t\t\t\t\t\t<li class=\"elementor-icon-list-item\">\n\t\t\t\t\t\t\t\t\t\t\t<a href=\"#amu\">\n\n\t\t\t\t\t\t\t\t\t\t\t\t<span class=\"elementor-icon-list-icon\">\n\t\t\t\t\t\t\t<i aria-hidden=\"true\" class=\"fas fa-chevron-right\"><\/i>\t\t\t\t\t\t<\/span>\n\t\t\t\t\t\t\t\t\t\t<span class=\"elementor-icon-list-text\">Aix Marseille<\/span>\n\t\t\t\t\t\t\t\t\t\t\t<\/a>\n\t\t\t\t\t\t\t\t\t<\/li>\n\t\t\t\t\t\t\t\t<li class=\"elementor-icon-list-item\">\n\t\t\t\t\t\t\t\t\t\t\t<a href=\"#montaigne\">\n\n\t\t\t\t\t\t\t\t\t\t\t\t<span class=\"elementor-icon-list-icon\">\n\t\t\t\t\t\t\t<i aria-hidden=\"true\" class=\"fas fa-chevron-right\"><\/i>\t\t\t\t\t\t<\/span>\n\t\t\t\t\t\t\t\t\t\t<span class=\"elementor-icon-list-text\">Bordeaux Montaigne<\/span>\n\t\t\t\t\t\t\t\t\t\t\t<\/a>\n\t\t\t\t\t\t\t\t\t<\/li>\n\t\t\t\t\t\t\t\t<li class=\"elementor-icon-list-item\">\n\t\t\t\t\t\t\t\t\t\t\t<a href=\"#bordeaux\">\n\n\t\t\t\t\t\t\t\t\t\t\t\t<span class=\"elementor-icon-list-icon\">\n\t\t\t\t\t\t\t<i aria-hidden=\"true\" class=\"fas fa-chevron-right\"><\/i>\t\t\t\t\t\t<\/span>\n\t\t\t\t\t\t\t\t\t\t<span class=\"elementor-icon-list-text\">Bordeaux<\/span>\n\t\t\t\t\t\t\t\t\t\t\t<\/a>\n\t\t\t\t\t\t\t\t\t<\/li>\n\t\t\t\t\t\t\t\t<li class=\"elementor-icon-list-item\">\n\t\t\t\t\t\t\t\t\t\t\t<a href=\"#bourgogne\">\n\n\t\t\t\t\t\t\t\t\t\t\t\t<span class=\"elementor-icon-list-icon\">\n\t\t\t\t\t\t\t<i aria-hidden=\"true\" class=\"fas fa-chevron-right\"><\/i>\t\t\t\t\t\t<\/span>\n\t\t\t\t\t\t\t\t\t\t<span class=\"elementor-icon-list-text\">Bourgogne<\/span>\n\t\t\t\t\t\t\t\t\t\t\t<\/a>\n\t\t\t\t\t\t\t\t\t<\/li>\n\t\t\t\t\t\t\t\t<li class=\"elementor-icon-list-item\">\n\t\t\t\t\t\t\t\t\t\t\t<a href=\"#gen\u00e8ve\">\n\n\t\t\t\t\t\t\t\t\t\t\t\t<span class=\"elementor-icon-list-icon\">\n\t\t\t\t\t\t\t<i aria-hidden=\"true\" class=\"fas fa-chevron-right\"><\/i>\t\t\t\t\t\t<\/span>\n\t\t\t\t\t\t\t\t\t\t<span class=\"elementor-icon-list-text\">Gen\u00e8ve<\/span>\n\t\t\t\t\t\t\t\t\t\t\t<\/a>\n\t\t\t\t\t\t\t\t\t<\/li>\n\t\t\t\t\t\t\t\t<li class=\"elementor-icon-list-item\">\n\t\t\t\t\t\t\t\t\t\t\t<a href=\"#louvain\">\n\n\t\t\t\t\t\t\t\t\t\t\t\t<span class=\"elementor-icon-list-icon\">\n\t\t\t\t\t\t\t<i aria-hidden=\"true\" class=\"fas fa-chevron-right\"><\/i>\t\t\t\t\t\t<\/span>\n\t\t\t\t\t\t\t\t\t\t<span class=\"elementor-icon-list-text\">Louvain-la-Neuve<\/span>\n\t\t\t\t\t\t\t\t\t\t\t<\/a>\n\t\t\t\t\t\t\t\t\t<\/li>\n\t\t\t\t\t\t\t\t<li class=\"elementor-icon-list-item\">\n\t\t\t\t\t\t\t\t\t\t\t<a href=\"#lyon3\">\n\n\t\t\t\t\t\t\t\t\t\t\t\t<span class=\"elementor-icon-list-icon\">\n\t\t\t\t\t\t\t<i aria-hidden=\"true\" class=\"fas fa-chevron-right\"><\/i>\t\t\t\t\t\t<\/span>\n\t\t\t\t\t\t\t\t\t\t<span class=\"elementor-icon-list-text\">Lyon III<\/span>\n\t\t\t\t\t\t\t\t\t\t\t<\/a>\n\t\t\t\t\t\t\t\t\t<\/li>\n\t\t\t\t\t\t\t\t<li class=\"elementor-icon-list-item\">\n\t\t\t\t\t\t\t\t\t\t\t<a href=\"#nancy\">\n\n\t\t\t\t\t\t\t\t\t\t\t\t<span class=\"elementor-icon-list-icon\">\n\t\t\t\t\t\t\t<i aria-hidden=\"true\" class=\"fas fa-chevron-right\"><\/i>\t\t\t\t\t\t<\/span>\n\t\t\t\t\t\t\t\t\t\t<span class=\"elementor-icon-list-text\">Nancy<\/span>\n\t\t\t\t\t\t\t\t\t\t\t<\/a>\n\t\t\t\t\t\t\t\t\t<\/li>\n\t\t\t\t\t\t\t\t<li class=\"elementor-icon-list-item\">\n\t\t\t\t\t\t\t\t\t\t\t<a href=\"#upec\">\n\n\t\t\t\t\t\t\t\t\t\t\t\t<span class=\"elementor-icon-list-icon\">\n\t\t\t\t\t\t\t<i aria-hidden=\"true\" class=\"fas fa-chevron-right\"><\/i>\t\t\t\t\t\t<\/span>\n\t\t\t\t\t\t\t\t\t\t<span class=\"elementor-icon-list-text\">UPEC<\/span>\n\t\t\t\t\t\t\t\t\t\t\t<\/a>\n\t\t\t\t\t\t\t\t\t<\/li>\n\t\t\t\t\t\t\t\t<li class=\"elementor-icon-list-item\">\n\t\t\t\t\t\t\t\t\t\t\t<a href=\"#Picardie\">\n\n\t\t\t\t\t\t\t\t\t\t\t\t<span class=\"elementor-icon-list-icon\">\n\t\t\t\t\t\t\t<i aria-hidden=\"true\" class=\"fas fa-chevron-right\"><\/i>\t\t\t\t\t\t<\/span>\n\t\t\t\t\t\t\t\t\t\t<span class=\"elementor-icon-list-text\">Picardie<\/span>\n\t\t\t\t\t\t\t\t\t\t\t<\/a>\n\t\t\t\t\t\t\t\t\t<\/li>\n\t\t\t\t\t\t\t\t<li class=\"elementor-icon-list-item\">\n\t\t\t\t\t\t\t\t\t\t\t<a href=\"#sorbonne\">\n\n\t\t\t\t\t\t\t\t\t\t\t\t<span class=\"elementor-icon-list-icon\">\n\t\t\t\t\t\t\t<i aria-hidden=\"true\" class=\"fas fa-chevron-right\"><\/i>\t\t\t\t\t\t<\/span>\n\t\t\t\t\t\t\t\t\t\t<span class=\"elementor-icon-list-text\">Sorbonne<\/span>\n\t\t\t\t\t\t\t\t\t\t\t<\/a>\n\t\t\t\t\t\t\t\t\t<\/li>\n\t\t\t\t\t\t<\/ul>\n\t\t\t\t\t\t<\/div>\n\t\t\t\t<\/div>\n\t\t\t\t\t<\/div>\n\t\t<\/div>\n\t\t\t\t\t<\/div>\n\t\t<\/section>\n\t\t\t\t<section class=\"elementor-section elementor-top-section elementor-element elementor-element-138dced elementor-section-boxed elementor-section-height-default elementor-section-height-default\" data-id=\"138dced\" data-element_type=\"section\" data-e-type=\"section\">\n\t\t\t\t\t\t<div class=\"elementor-container elementor-column-gap-default\">\n\t\t\t\t\t<div class=\"elementor-column elementor-col-100 elementor-top-column elementor-element elementor-element-2455bec\" data-id=\"2455bec\" data-element_type=\"column\" data-e-type=\"column\">\n\t\t\t<div class=\"elementor-widget-wrap elementor-element-populated\">\n\t\t\t\t\t\t<div class=\"elementor-element elementor-element-09fc5e7 elementor-widget elementor-widget-menu-anchor\" data-id=\"09fc5e7\" data-element_type=\"widget\" data-e-type=\"widget\" data-widget_type=\"menu-anchor.default\">\n\t\t\t\t<div class=\"elementor-widget-container\">\n\t\t\t\t\t\t\t<div class=\"elementor-menu-anchor\" id=\"cnrs1\"><\/div>\n\t\t\t\t\t\t<\/div>\n\t\t\t\t<\/div>\n\t\t\t\t\t<\/div>\n\t\t<\/div>\n\t\t\t\t\t<\/div>\n\t\t<\/section>\n\t\t\t\t<section class=\"elementor-section elementor-top-section elementor-element elementor-element-f1b93a4 elementor-section-boxed elementor-section-height-default elementor-section-height-default\" data-id=\"f1b93a4\" data-element_type=\"section\" data-e-type=\"section\">\n\t\t\t\t\t\t<div class=\"elementor-container elementor-column-gap-default\">\n\t\t\t\t\t<div class=\"elementor-column elementor-col-100 elementor-top-column elementor-element elementor-element-0484820\" data-id=\"0484820\" data-element_type=\"column\" data-e-type=\"column\">\n\t\t\t<div class=\"elementor-widget-wrap elementor-element-populated\">\n\t\t\t\t\t\t<div class=\"elementor-element elementor-element-79fffb7 elementor-widget elementor-widget-heading\" data-id=\"79fffb7\" data-element_type=\"widget\" data-e-type=\"widget\" data-widget_type=\"heading.default\">\n\t\t\t\t<div class=\"elementor-widget-container\">\n\t\t\t\t\t<h2 class=\"elementor-heading-title elementor-size-large\"><a href=\"https:\/\/craham.unicaen.fr\/\" target=\"_blank\">CNRS (Centre Norbert Elias et CRH)<\/a><\/h2>\t\t\t\t<\/div>\n\t\t\t\t<\/div>\n\t\t\t\t\t<\/div>\n\t\t<\/div>\n\t\t\t\t\t<\/div>\n\t\t<\/section>\n\t\t\t\t<section class=\"elementor-section elementor-top-section elementor-element elementor-element-80965ca elementor-section-boxed elementor-section-height-default elementor-section-height-default\" data-id=\"80965ca\" data-element_type=\"section\" data-e-type=\"section\">\n\t\t\t\t\t\t<div class=\"elementor-container elementor-column-gap-default\">\n\t\t\t\t\t<div class=\"elementor-column elementor-col-100 elementor-top-column elementor-element elementor-element-844266f\" data-id=\"844266f\" data-element_type=\"column\" data-e-type=\"column\">\n\t\t\t<div class=\"elementor-widget-wrap elementor-element-populated\">\n\t\t\t\t\t\t<div class=\"elementor-element elementor-element-05f1206 elementor-widget elementor-widget-text-editor\" data-id=\"05f1206\" data-element_type=\"widget\" data-e-type=\"widget\" data-widget_type=\"text-editor.default\">\n\t\t\t\t<div class=\"elementor-widget-container\">\n\t\t\t\t\t\t\t\t\t<h2><span style=\"font-size: inherit; letter-spacing: inherit; color: var( --e-global-color-text );\">Cl\u00e9mence Revest et Benoit Gr\u00e9vin<\/span><\/h2><p>S\u00e9minaire de latin m\u00e9di\u00e9val et renaissant pour historiens \u00e0 l\u2019ENS Paris : <a href=\"https:\/\/histoire.ens.fr\/latin-medieval-et-renaissant-pour-les-historiens.html\">https:\/\/histoire.ens.fr\/latin-<\/a> <a href=\"https:\/\/histoire.ens.fr\/latin-medieval-et-renaissant-pour-les-historiens.html\">medieval-et-renaissant-pour-les-historiens.html<\/a> ; le s\u00e9minaire est constitu\u00e9 de deux modules de dix s\u00e9ances chacun visant \u00e0 approfondir la connaissance du latin pratiqu\u00e9 aux XII<sup>e<\/sup>-XV<sup>e<\/sup> si\u00e8cles par l\u2019\u00e9tude comment\u00e9e de textes dans une optique interdisciplinaire (traductions, probl\u00e8mes d\u2019analyse linguistique et stylistique, aspects historiques, aspects rh\u00e9toriques), mais dans une perspective avant tout historique. L\u2019alternance entre un semestre consacr\u00e9 \u00e0 des formes d\u2019\u00e9criture proprement m\u00e9di\u00e9vales, et un autre \u00e0 des formes d\u2019\u00e9criture renaissantes en partie n\u00e9o-classiques donne une vue compl\u00e9mentaire sur les diff\u00e9rentes pratiques du latin au bas Moyen \u00c2ge.<\/p>\t\t\t\t\t\t\t\t<\/div>\n\t\t\t\t<\/div>\n\t\t\t\t\t<\/div>\n\t\t<\/div>\n\t\t\t\t\t<\/div>\n\t\t<\/section>\n\t\t\t\t<section class=\"elementor-section elementor-top-section elementor-element elementor-element-3e2f9b3 elementor-section-boxed elementor-section-height-default elementor-section-height-default\" data-id=\"3e2f9b3\" data-element_type=\"section\" data-e-type=\"section\">\n\t\t\t\t\t\t<div class=\"elementor-container elementor-column-gap-default\">\n\t\t\t\t\t<div class=\"elementor-column elementor-col-100 elementor-top-column elementor-element elementor-element-ce7e15f\" data-id=\"ce7e15f\" data-element_type=\"column\" data-e-type=\"column\">\n\t\t\t<div class=\"elementor-widget-wrap elementor-element-populated\">\n\t\t\t\t\t\t<div class=\"elementor-element elementor-element-723f643 elementor-widget elementor-widget-menu-anchor\" data-id=\"723f643\" data-element_type=\"widget\" data-e-type=\"widget\" data-widget_type=\"menu-anchor.default\">\n\t\t\t\t<div class=\"elementor-widget-container\">\n\t\t\t\t\t\t\t<div class=\"elementor-menu-anchor\" id=\"cnrs2\"><\/div>\n\t\t\t\t\t\t<\/div>\n\t\t\t\t<\/div>\n\t\t\t\t\t<\/div>\n\t\t<\/div>\n\t\t\t\t\t<\/div>\n\t\t<\/section>\n\t\t\t\t<section class=\"elementor-section elementor-top-section elementor-element elementor-element-5887b9f elementor-section-boxed elementor-section-height-default elementor-section-height-default\" data-id=\"5887b9f\" data-element_type=\"section\" data-e-type=\"section\">\n\t\t\t\t\t\t<div class=\"elementor-container elementor-column-gap-default\">\n\t\t\t\t\t<div class=\"elementor-column elementor-col-100 elementor-top-column elementor-element elementor-element-d386f91\" data-id=\"d386f91\" data-element_type=\"column\" data-e-type=\"column\">\n\t\t\t<div class=\"elementor-widget-wrap elementor-element-populated\">\n\t\t\t\t\t\t<div class=\"elementor-element elementor-element-6bda085 elementor-widget elementor-widget-heading\" data-id=\"6bda085\" data-element_type=\"widget\" data-e-type=\"widget\" data-widget_type=\"heading.default\">\n\t\t\t\t<div class=\"elementor-widget-container\">\n\t\t\t\t\t<h2 class=\"elementor-heading-title elementor-size-large\"><a href=\"https:\/\/www.cnrs.fr\/fr\" target=\"_blank\">CNRS (IHD)<\/a><\/h2>\t\t\t\t<\/div>\n\t\t\t\t<\/div>\n\t\t\t\t\t<\/div>\n\t\t<\/div>\n\t\t\t\t\t<\/div>\n\t\t<\/section>\n\t\t\t\t<section class=\"elementor-section elementor-top-section elementor-element elementor-element-ca17225 elementor-section-boxed elementor-section-height-default elementor-section-height-default\" data-id=\"ca17225\" data-element_type=\"section\" data-e-type=\"section\">\n\t\t\t\t\t\t<div class=\"elementor-container elementor-column-gap-default\">\n\t\t\t\t\t<div class=\"elementor-column elementor-col-100 elementor-top-column elementor-element elementor-element-6a02059\" data-id=\"6a02059\" data-element_type=\"column\" data-e-type=\"column\">\n\t\t\t<div class=\"elementor-widget-wrap elementor-element-populated\">\n\t\t\t\t\t\t<div class=\"elementor-element elementor-element-7c3b5f4 elementor-widget elementor-widget-text-editor\" data-id=\"7c3b5f4\" data-element_type=\"widget\" data-e-type=\"widget\" data-widget_type=\"text-editor.default\">\n\t\t\t\t<div class=\"elementor-widget-container\">\n\t\t\t\t\t\t\t\t\t<p><strong>Luigi-Alberto Sanchi avec Pr\u00e9vost Xavier (Universit\u00e9 de Bordeaux, IRM \u2013 IUF)<\/strong><\/p><p>L\u2019Institut d\u2019histoire du droit Jean Gaudemet de l\u2019universit\u00e9 Paris-Panth\u00e9on-Assas, en collaboration avec l\u2019Institut de recherche Montesquieu de l\u2019universit\u00e9 de Bordeaux et l\u2019Institut universitaire de France, organise des s\u00e9ances de s\u00e9minaire qui ont lieu au Coll\u00e8ge Sainte-Barbe, en salle Collinet (4 rue Valette, 75005 Paris, 3e \u00e9tage), le vendredi de 14h30 \u00e0 16h30. Les s\u00e9ances sont publiques. Elles peuvent \u00e9galement \u00eatre suivies en ligne en \u00e9crivant \u00e0 <a href=\"mailto:humanisme.juridique@gmail.com\">humanisme.juridique@gmail.com<\/a><\/p><p><strong>Ann\u00e9e 2025 : Humanisme juridique et utopie<\/strong><\/p><ul><li>Vendredi 17 janvier 2025 : \u00ab La premi\u00e8re est de M. Bud\u00e9, Ma\u00eetre des Requ\u00eates, sous Fran\u00e7ois I<sup>er<\/sup> ; elle a paru en 1550 \u00bb. Traductions et lectures juridiques de l\u2019<em>Utopie <\/em>de Thomas More au XVI<sup>e<\/sup> si\u00e8cle. Diego Quaglioni, Universit\u00e9 de Trente.<\/li><li>Vendredi 31 janvier 2025 : La fiction politique de l\u2019<em>Utopie <\/em>ou les jeux sur l\u2019interpr\u00e9tation du texte et de la loi<strong>. <\/strong>Claire Pierrot, Lyc\u00e9e Lesage de Vannes.<\/li><li>Vendredi 14 mars 2025 : Le <em>seminarium <\/em>d\u2019<em>Utopia <\/em>: Bud\u00e9 lecteur de More. Richard Scholar, Durham University.<\/li><li>Vendredi 4 avril 2025 : De quoi l\u2019utopie est-elle le nom ? Retour sur l\u2019origine suppos\u00e9e du genre \u00e0 la Renaissance. G\u00e9raldine Cazals, Universit\u00e9 de Bordeaux (IRM).<\/li><\/ul>\t\t\t\t\t\t\t\t<\/div>\n\t\t\t\t<\/div>\n\t\t\t\t\t<\/div>\n\t\t<\/div>\n\t\t\t\t\t<\/div>\n\t\t<\/section>\n\t\t\t\t<section class=\"elementor-section elementor-top-section elementor-element elementor-element-83bd055 elementor-section-boxed elementor-section-height-default elementor-section-height-default\" data-id=\"83bd055\" data-element_type=\"section\" data-e-type=\"section\">\n\t\t\t\t\t\t<div class=\"elementor-container elementor-column-gap-default\">\n\t\t\t\t\t<div class=\"elementor-column elementor-col-100 elementor-top-column elementor-element elementor-element-533fb14\" data-id=\"533fb14\" data-element_type=\"column\" data-e-type=\"column\">\n\t\t\t<div class=\"elementor-widget-wrap elementor-element-populated\">\n\t\t\t\t\t\t<div class=\"elementor-element elementor-element-22d8d16 elementor-widget elementor-widget-menu-anchor\" data-id=\"22d8d16\" data-element_type=\"widget\" data-e-type=\"widget\" data-widget_type=\"menu-anchor.default\">\n\t\t\t\t<div class=\"elementor-widget-container\">\n\t\t\t\t\t\t\t<div class=\"elementor-menu-anchor\" id=\"chartes\"><\/div>\n\t\t\t\t\t\t<\/div>\n\t\t\t\t<\/div>\n\t\t\t\t\t<\/div>\n\t\t<\/div>\n\t\t\t\t\t<\/div>\n\t\t<\/section>\n\t\t\t\t<section class=\"elementor-section elementor-top-section elementor-element elementor-element-97152d7 elementor-section-boxed elementor-section-height-default elementor-section-height-default\" data-id=\"97152d7\" data-element_type=\"section\" data-e-type=\"section\">\n\t\t\t\t\t\t<div class=\"elementor-container elementor-column-gap-default\">\n\t\t\t\t\t<div class=\"elementor-column elementor-col-100 elementor-top-column elementor-element elementor-element-6ff4990\" data-id=\"6ff4990\" data-element_type=\"column\" data-e-type=\"column\">\n\t\t\t<div class=\"elementor-widget-wrap elementor-element-populated\">\n\t\t\t\t\t\t<div class=\"elementor-element elementor-element-c663fea elementor-widget elementor-widget-heading\" data-id=\"c663fea\" data-element_type=\"widget\" data-e-type=\"widget\" data-widget_type=\"heading.default\">\n\t\t\t\t<div class=\"elementor-widget-container\">\n\t\t\t\t\t<h2 class=\"elementor-heading-title elementor-size-large\"><a href=\"https:\/\/www.chartes.psl.eu\/\" target=\"_blank\">\u00c9cole Nationale des Chartes<\/a><\/h2>\t\t\t\t<\/div>\n\t\t\t\t<\/div>\n\t\t\t\t\t<\/div>\n\t\t<\/div>\n\t\t\t\t\t<\/div>\n\t\t<\/section>\n\t\t\t\t<section class=\"elementor-section elementor-top-section elementor-element elementor-element-b12b2d8 elementor-section-boxed elementor-section-height-default elementor-section-height-default\" data-id=\"b12b2d8\" data-element_type=\"section\" data-e-type=\"section\">\n\t\t\t\t\t\t<div class=\"elementor-container elementor-column-gap-default\">\n\t\t\t\t\t<div class=\"elementor-column elementor-col-100 elementor-top-column elementor-element elementor-element-39624a9\" data-id=\"39624a9\" data-element_type=\"column\" data-e-type=\"column\">\n\t\t\t<div class=\"elementor-widget-wrap elementor-element-populated\">\n\t\t\t\t\t\t<div class=\"elementor-element elementor-element-01932e1 elementor-widget elementor-widget-text-editor\" data-id=\"01932e1\" data-element_type=\"widget\" data-e-type=\"widget\" data-widget_type=\"text-editor.default\">\n\t\t\t\t<div class=\"elementor-widget-container\">\n\t\t\t\t\t\t\t\t\t<p>65 rue de Richelieu (auditeurs libres sur inscription <a href=\"mailto:etudes@enc-sorbonne.fr\">etudes@enc-sorbonne.fr<\/a>)<\/p><p><strong>Fran\u00e7ois Ploton-Nicollet<\/strong><\/p><ul><li>Latin m\u00e9di\u00e9val, approche linguistique : Semestre 1, lundi, 14h30-16h30 entre le 30 et le 31 oct. 2024<\/li><li>Latin m\u00e9di\u00e9val, documents d\u2019archive (avec Olivier Guyotjeannin) : Semestre 2, lundi, 14h00-15h00, entre le 20 janv. et le 11 avril 2025<\/li><li>S\u00e9minaire : L\u2019<em>Apocalypse de Golias <\/em>entre satire de la soci\u00e9t\u00e9 et ex\u00e9g\u00e8se biblique : Semestre 1, mardi, 17h30-19h30, par quinzaine ; Semestre 2, le lundi, 18h00-20h00, par quinzaine.<\/li><li>Codicologie th\u00e9orique : Semestre 1, mercredi, 9h00-11h00, par<\/li><li>Histoire litt\u00e9raire : Bible et culture biblique : Semestre 1, lundi, 10h30-<\/li><li>Histoire litt\u00e9raire : Litt\u00e9rature latine chr\u00e9tienne : Semestre 1, mercredi, 11h00-<\/li><li>Histoire litt\u00e9raire : L\u2019\u00e9pop\u00e9e latine de Virgile \u00e0 la Renaissance : Semestre 2, lundi, 10h30-12h30, du 20 janvier au 21 f\u00e9vrier.<\/li><\/ul>\t\t\t\t\t\t\t\t<\/div>\n\t\t\t\t<\/div>\n\t\t\t\t\t<\/div>\n\t\t<\/div>\n\t\t\t\t\t<\/div>\n\t\t<\/section>\n\t\t\t\t<section class=\"elementor-section elementor-top-section elementor-element elementor-element-c7a1403 elementor-section-boxed elementor-section-height-default elementor-section-height-default\" data-id=\"c7a1403\" data-element_type=\"section\" data-e-type=\"section\">\n\t\t\t\t\t\t<div class=\"elementor-container elementor-column-gap-default\">\n\t\t\t\t\t<div class=\"elementor-column elementor-col-100 elementor-top-column elementor-element elementor-element-49c6175\" data-id=\"49c6175\" data-element_type=\"column\" data-e-type=\"column\">\n\t\t\t<div class=\"elementor-widget-wrap elementor-element-populated\">\n\t\t\t\t\t\t<div class=\"elementor-element elementor-element-04941a0 elementor-widget elementor-widget-menu-anchor\" data-id=\"04941a0\" data-element_type=\"widget\" data-e-type=\"widget\" data-widget_type=\"menu-anchor.default\">\n\t\t\t\t<div class=\"elementor-widget-container\">\n\t\t\t\t\t\t\t<div class=\"elementor-menu-anchor\" id=\"ulm\"><\/div>\n\t\t\t\t\t\t<\/div>\n\t\t\t\t<\/div>\n\t\t\t\t\t<\/div>\n\t\t<\/div>\n\t\t\t\t\t<\/div>\n\t\t<\/section>\n\t\t\t\t<section class=\"elementor-section elementor-top-section elementor-element elementor-element-571d0c3 elementor-section-boxed elementor-section-height-default elementor-section-height-default\" data-id=\"571d0c3\" data-element_type=\"section\" data-e-type=\"section\">\n\t\t\t\t\t\t<div class=\"elementor-container elementor-column-gap-default\">\n\t\t\t\t\t<div class=\"elementor-column elementor-col-100 elementor-top-column elementor-element elementor-element-f542cf4\" data-id=\"f542cf4\" data-element_type=\"column\" data-e-type=\"column\">\n\t\t\t<div class=\"elementor-widget-wrap elementor-element-populated\">\n\t\t\t\t\t\t<div class=\"elementor-element elementor-element-42447b6 elementor-widget elementor-widget-heading\" data-id=\"42447b6\" data-element_type=\"widget\" data-e-type=\"widget\" data-widget_type=\"heading.default\">\n\t\t\t\t<div class=\"elementor-widget-container\">\n\t\t\t\t\t<h2 class=\"elementor-heading-title elementor-size-large\"><a href=\"http:\/\/www.ens.psl.eu\/\" target=\"_blank\">ENS, rue d\u2019Ulm, Paris<\/a><\/h2>\t\t\t\t<\/div>\n\t\t\t\t<\/div>\n\t\t\t\t\t<\/div>\n\t\t<\/div>\n\t\t\t\t\t<\/div>\n\t\t<\/section>\n\t\t\t\t<section class=\"elementor-section elementor-top-section elementor-element elementor-element-b462809 elementor-section-boxed elementor-section-height-default elementor-section-height-default\" data-id=\"b462809\" data-element_type=\"section\" data-e-type=\"section\">\n\t\t\t\t\t\t<div class=\"elementor-container elementor-column-gap-default\">\n\t\t\t\t\t<div class=\"elementor-column elementor-col-100 elementor-top-column elementor-element elementor-element-65ba5d2\" data-id=\"65ba5d2\" data-element_type=\"column\" data-e-type=\"column\">\n\t\t\t<div class=\"elementor-widget-wrap elementor-element-populated\">\n\t\t\t\t\t\t<div class=\"elementor-element elementor-element-f7a86b5 elementor-widget elementor-widget-text-editor\" data-id=\"f7a86b5\" data-element_type=\"widget\" data-e-type=\"widget\" data-widget_type=\"text-editor.default\">\n\t\t\t\t<div class=\"elementor-widget-container\">\n\t\t\t\t\t\t\t\t\t<p><strong><span style=\"font-size: inherit; letter-spacing: inherit; color: var( --e-global-color-text );\">Beno\u00eet Gr\u00e9vin (CNRS-CRH), et Cl\u00e9mence Revest (CNRS-centre Norbert Elias)<\/span><\/strong><\/p><p>Latin m\u00e9di\u00e9val et renaissant pour les historiens (latin niveau avanc\u00e9). Vendredi 14h-16h. Sous-cycle 1 (automne 2024) : \u00ab L\u2019imaginaire de la \u00ab renaissance \u00bb dans les premiers \u00e9pistolaires humanistes, v. 1350- 1450 \u00bb ; sous-cycle 2 (hiver-d\u00e9but printemps 2025) \u00ab Les techniques de la communication politique et religieuse m\u00e9di\u00e9vale, entre pouvoir, lettre et sermon \u00bb Contact : <a href=\"mailto:benoit.grevin@orange.fr\">benoit.grevin@orange.fr<\/a> ou <a href=\"mailto:benoit.grevin@ehess.fr\">benoit.grevin@ehess.fr.<\/a><\/p>\t\t\t\t\t\t\t\t<\/div>\n\t\t\t\t<\/div>\n\t\t\t\t\t<\/div>\n\t\t<\/div>\n\t\t\t\t\t<\/div>\n\t\t<\/section>\n\t\t\t\t<section class=\"elementor-section elementor-top-section elementor-element elementor-element-99d9c52 elementor-section-boxed elementor-section-height-default elementor-section-height-default\" data-id=\"99d9c52\" data-element_type=\"section\" data-e-type=\"section\">\n\t\t\t\t\t\t<div class=\"elementor-container elementor-column-gap-default\">\n\t\t\t\t\t<div class=\"elementor-column elementor-col-100 elementor-top-column elementor-element elementor-element-4de2c3a\" data-id=\"4de2c3a\" data-element_type=\"column\" data-e-type=\"column\">\n\t\t\t<div class=\"elementor-widget-wrap elementor-element-populated\">\n\t\t\t\t\t\t<div class=\"elementor-element elementor-element-67011d0 elementor-widget elementor-widget-menu-anchor\" data-id=\"67011d0\" data-element_type=\"widget\" data-e-type=\"widget\" data-widget_type=\"menu-anchor.default\">\n\t\t\t\t<div class=\"elementor-widget-container\">\n\t\t\t\t\t\t\t<div class=\"elementor-menu-anchor\" id=\"lsh\"><\/div>\n\t\t\t\t\t\t<\/div>\n\t\t\t\t<\/div>\n\t\t\t\t\t<\/div>\n\t\t<\/div>\n\t\t\t\t\t<\/div>\n\t\t<\/section>\n\t\t\t\t<section class=\"elementor-section elementor-top-section elementor-element elementor-element-413231f elementor-section-boxed elementor-section-height-default elementor-section-height-default\" data-id=\"413231f\" data-element_type=\"section\" data-e-type=\"section\">\n\t\t\t\t\t\t<div class=\"elementor-container elementor-column-gap-default\">\n\t\t\t\t\t<div class=\"elementor-column elementor-col-100 elementor-top-column elementor-element elementor-element-382b231\" data-id=\"382b231\" data-element_type=\"column\" data-e-type=\"column\">\n\t\t\t<div class=\"elementor-widget-wrap elementor-element-populated\">\n\t\t\t\t\t\t<div class=\"elementor-element elementor-element-4050d88 elementor-widget elementor-widget-heading\" data-id=\"4050d88\" data-element_type=\"widget\" data-e-type=\"widget\" data-widget_type=\"heading.default\">\n\t\t\t\t<div class=\"elementor-widget-container\">\n\t\t\t\t\t<h2 class=\"elementor-heading-title elementor-size-large\"><a href=\"https:\/\/www.ens-lyon.fr\/\" target=\"_blank\">ENS-LSH, LYON<\/a><\/h2>\t\t\t\t<\/div>\n\t\t\t\t<\/div>\n\t\t\t\t\t<\/div>\n\t\t<\/div>\n\t\t\t\t\t<\/div>\n\t\t<\/section>\n\t\t\t\t<section class=\"elementor-section elementor-top-section elementor-element elementor-element-0967943 elementor-section-boxed elementor-section-height-default elementor-section-height-default\" data-id=\"0967943\" data-element_type=\"section\" data-e-type=\"section\">\n\t\t\t\t\t\t<div class=\"elementor-container elementor-column-gap-default\">\n\t\t\t\t\t<div class=\"elementor-column elementor-col-100 elementor-top-column elementor-element elementor-element-5ebb902\" data-id=\"5ebb902\" data-element_type=\"column\" data-e-type=\"column\">\n\t\t\t<div class=\"elementor-widget-wrap elementor-element-populated\">\n\t\t\t\t\t\t<div class=\"elementor-element elementor-element-2615c56 elementor-widget elementor-widget-text-editor\" data-id=\"2615c56\" data-element_type=\"widget\" data-e-type=\"widget\" data-widget_type=\"text-editor.default\">\n\t\t\t\t<div class=\"elementor-widget-container\">\n\t\t\t\t\t\t\t\t\t<p><strong>Fr\u00e9d\u00e9ric Duplessis, Marie-C\u00e9line Isa\u00efa, Beate Langenbruch, Mathilde Cazeaux,<\/strong><\/p><ul><li>S\u00e9minaire \u00ab Edition et traduction de la <em>Vie de saint Remi (BHL 7152-7162) <\/em>d\u2019Hincmar de Reims \u00bb. Un vendredi sur deux (14h-16h), semestre 1 et 2 ; Lieu : Sources chr\u00e9tiennes (1er \u00e9tage), 22 rue Sala <a href=\"https:\/\/sourceschretiennes.org\/seminaire\/hincmar-reims\">https:\/\/sourceschretiennes.org\/seminaire\/hincmar-reims<\/a><\/li><li>S\u00e9minaire d\u2019\u00e9pist\u00e9mologie des m\u00e9di\u00e9vistes de l\u2019ENS de Lyon : <em>Les Savoirs des m\u00e9di\u00e9vistes \u00e0 l\u2019usage de tous<\/em>, premi\u00e8re s\u00e9ance le vendredi 4 octobre, de 16-18h (semestre 1 et 2), Lieu : ENS de Lyon (voir catalogue de cours de l\u2019ENS de Lyon)<\/li><li>S\u00e9minaire \u00ab De Virgile \u00e0 P\u00e9trarque : l\u2019\u00e9pop\u00e9e latine en diachronie \u00bb ; jeudi 11h-13h (semestre 2) ; Lieu : ENS de Lyon (Salle D2-121)<\/li><\/ul><p>Le genre \u00e9pique occupe une place centrale dans la litt\u00e9rature latine, qui se refl\u00e8te non seulement dans la dignit\u00e9 qu\u2019accordaient les Anciens au <em>genus sublime <\/em>ou l\u2019influence fondamentale de l\u2019<em>\u00c9n\u00e9ide <\/em>de Virgile mais aussi dans la persistance de ce genre \u00e0 travers les si\u00e8cles. En effet, l\u2019histoire de l\u2019\u00e9pop\u00e9e latine d\u00e9bute avec l\u2019apparition de la litt\u00e9rature en langue latine (avec les \u0153uvres de Livius Andronicus ou de Naevius) et se poursuit tout au long de l\u2019Antiquit\u00e9 et du Moyen \u00c2ge, bien apr\u00e8s la chute de l\u2019Empire romain d\u2019Occident. Ce s\u00e9minaire de recherche se propose d\u2019\u00e9tudier en diachronie les \u00e9volutions de l\u2019\u00e9pop\u00e9e latine. Le corpus se concentrera sur le sous-genre constitu\u00e9 par les \u00e9pop\u00e9es historiques. Du <em>Bellum ciuile <\/em>de Lucain \u00e0 l\u2019<em>Africa <\/em>de P\u00e9trarque en passant par les <em>Punica <\/em>de Silius Italicus, la po\u00e9sie hagiographique carolingienne et l\u2019<em>Alexandreis <\/em>de Gauthier de Ch\u00e2tillon, l\u2019objectif du s\u00e9minaire est de mettre en avant les permanences et les adaptations des codes de l\u2019\u00e9pop\u00e9e historique latine en repla\u00e7ant chaque \u0153uvre dans ses contextes litt\u00e9raire, politique et historique (<a href=\"https:\/\/www.ens-lyon.fr\/enslyon-maquette\/maquette-cours\/LAT-4201\/2024\">https:\/\/www.ens-lyon.fr\/enslyon-maquette\/maquette-cours\/LAT-<\/a> <a href=\"https:\/\/www.ens-lyon.fr\/enslyon-maquette\/maquette-cours\/LAT-4201\/2024\">4201\/2024<\/a>)<\/p><ul><li>Cours de langue latine m\u00e9di\u00e9vale, mardi 14h-16h (semestre 1), Lieu : ENS de Lyon (Salle D2-031) D\u00e9couverte de la langue latine m\u00e9di\u00e9vale \u00e0 partir de la traduction de textes portant sur les \u00e9coles m\u00e9di\u00e9vales et de textes extraits de bestiaires latins.<\/li><\/ul>\t\t\t\t\t\t\t\t<\/div>\n\t\t\t\t<\/div>\n\t\t\t\t\t<\/div>\n\t\t<\/div>\n\t\t\t\t\t<\/div>\n\t\t<\/section>\n\t\t\t\t<section class=\"elementor-section elementor-top-section elementor-element elementor-element-2e47d4b elementor-section-boxed elementor-section-height-default elementor-section-height-default\" data-id=\"2e47d4b\" data-element_type=\"section\" data-e-type=\"section\">\n\t\t\t\t\t\t<div class=\"elementor-container elementor-column-gap-default\">\n\t\t\t\t\t<div class=\"elementor-column elementor-col-100 elementor-top-column elementor-element elementor-element-b4b663f\" data-id=\"b4b663f\" data-element_type=\"column\" data-e-type=\"column\">\n\t\t\t<div class=\"elementor-widget-wrap elementor-element-populated\">\n\t\t\t\t\t\t<div class=\"elementor-element elementor-element-e9f6626 elementor-widget elementor-widget-menu-anchor\" data-id=\"e9f6626\" data-element_type=\"widget\" data-e-type=\"widget\" data-widget_type=\"menu-anchor.default\">\n\t\t\t\t<div class=\"elementor-widget-container\">\n\t\t\t\t\t\t\t<div class=\"elementor-menu-anchor\" id=\"ephe\"><\/div>\n\t\t\t\t\t\t<\/div>\n\t\t\t\t<\/div>\n\t\t\t\t\t<\/div>\n\t\t<\/div>\n\t\t\t\t\t<\/div>\n\t\t<\/section>\n\t\t\t\t<section class=\"elementor-section elementor-top-section elementor-element elementor-element-83b59e6 elementor-section-boxed elementor-section-height-default elementor-section-height-default\" data-id=\"83b59e6\" data-element_type=\"section\" data-e-type=\"section\">\n\t\t\t\t\t\t<div class=\"elementor-container elementor-column-gap-default\">\n\t\t\t\t\t<div class=\"elementor-column elementor-col-100 elementor-top-column elementor-element elementor-element-e50bd07\" data-id=\"e50bd07\" data-element_type=\"column\" data-e-type=\"column\">\n\t\t\t<div class=\"elementor-widget-wrap elementor-element-populated\">\n\t\t\t\t\t\t<div class=\"elementor-element elementor-element-7e6bf3f elementor-widget elementor-widget-heading\" data-id=\"7e6bf3f\" data-element_type=\"widget\" data-e-type=\"widget\" data-widget_type=\"heading.default\">\n\t\t\t\t<div class=\"elementor-widget-container\">\n\t\t\t\t\t<h2 class=\"elementor-heading-title elementor-size-large\"><a href=\"https:\/\/www.ephe.psl.eu\/\" target=\"_blank\">EPHE, PSL<\/a><\/h2>\t\t\t\t<\/div>\n\t\t\t\t<\/div>\n\t\t\t\t\t<\/div>\n\t\t<\/div>\n\t\t\t\t\t<\/div>\n\t\t<\/section>\n\t\t\t\t<section class=\"elementor-section elementor-top-section elementor-element elementor-element-f405f13 elementor-section-boxed elementor-section-height-default elementor-section-height-default\" data-id=\"f405f13\" data-element_type=\"section\" data-e-type=\"section\">\n\t\t\t\t\t\t<div class=\"elementor-container elementor-column-gap-default\">\n\t\t\t\t\t<div class=\"elementor-column elementor-col-100 elementor-top-column elementor-element elementor-element-02fdc0f\" data-id=\"02fdc0f\" data-element_type=\"column\" data-e-type=\"column\">\n\t\t\t<div class=\"elementor-widget-wrap elementor-element-populated\">\n\t\t\t\t\t\t<div class=\"elementor-element elementor-element-589607d elementor-widget elementor-widget-text-editor\" data-id=\"589607d\" data-element_type=\"widget\" data-e-type=\"widget\" data-widget_type=\"text-editor.default\">\n\t\t\t\t<div class=\"elementor-widget-container\">\n\t\t\t\t\t\t\t\t\t<h2>EPHE, PSL<\/h2><p><strong>C\u00e9dric Giraud, Section des sciences religieuses, avec Christophe Grellard<\/strong><\/p><p>Philosophie, th\u00e9ologie et ex\u00e9g\u00e8se \u00e0 Paris au XV<sup>e<\/sup> si\u00e8cle : autour de l\u2019\u0153uvre du c\u00e9lestin Claude Rapine, le vendredi \u00e0 partir du 15 novembre 2024, puis tous les 15 jours. Sorbonne, salle D052, 14h-17h<\/p><p><strong>Virginie Leroux : <a href=\"mailto:virginie.leroux@ephe.psl.eu\">virginie.leroux@ephe.psl.eu<\/a><\/strong><\/p><p>S\u00e9minaire de langue et litt\u00e9rature n\u00e9o-latines (Virginie Leroux). Vendredi de 16 \u00e0 18h \u00e0 partir du 25 octobre. 17, rue de la Sorbonne, 75005 Paris ; salle D054 \u00c9gyptologie<\/p><ol><li>Po\u00e9sie et politique : la c\u00e9l\u00e9bration des rois de France<\/li><li>Retraduire \u00c9rasme : pr\u00e9paration du volume de la Pl\u00e9iade<\/li><li>Traduire de vernaculaire en latin : Anne Bouscharain : l\u2019exemple de l\u2019<em>Histoire tragique <\/em>de Martial Deschamps (1576) traduite en latin par Jean Dorat<\/li><li>Mythographie et histoire des dieux pa\u00efens<\/li><li>Varia : le deuil des p\u00e8res dans la po\u00e9sie n\u00e9o-latine ; utopies n\u00e9o-latines ; le n\u00e9o-latin dans le secondaire<\/li><\/ol><p><strong>Jean-Marc Mandosio<\/strong><\/p><p>Latin technique du XII<sup>e<\/sup> au XVIII<sup>e<\/sup> si\u00e8cle<\/p><ol><li>L\u2019encyclop\u00e9die de Domenico Bandini (fin du XIV<sup>e<\/sup>-d\u00e9but du XV<sup>e<\/sup> si\u00e8cle)<\/li><li>Lecture de manuscrits latins m\u00e9di\u00e9vaux et modernes<\/li><\/ol><p>Sorbonne, escalier E, salle d\u2019\u00c9gyptologie (D054) ; les jeudis de 14 \u00e0 16 h, \u00e0 partir du 17 octobre. Contact : <a href=\"mailto:jean-marc.mandosio@ephe.psl.eu\">jean-marc.mandosio@ephe.psl.eu<\/a><\/p><p><strong>Anne-Marie Turcan-Verkerk<\/strong><\/p><ul><li>Latin m\u00e9di\u00e9val, niveau interm\u00e9diaire : <a href=\"https:\/\/ilara.hypotheses.org\/formations\/cours-de-lilara\/europe\/latin-medieval\">https:\/\/ilara.hypotheses.org\/formations\/cours-de-<\/a> <a href=\"https:\/\/ilara.hypotheses.org\/formations\/cours-de-lilara\/europe\/latin-medieval\">lilara\/europe\/latin-medieval<\/a> ; le mercredi de 17\u00e0 19h, date de reprise mercredi 16 octobre, en pr\u00e9sentiel et visioconf\u00e9rence<\/li><li>Langue et litt\u00e9rature latines du Moyen \u00c2ge : <a href=\"https:\/\/www.ephe.psl.eu\/langue-et-litterature-latines-du-moyen-age\">https:\/\/www.ephe.psl.eu\/langue-et-litterature-latines-du-<\/a> <a href=\"https:\/\/www.ephe.psl.eu\/langue-et-litterature-latines-du-moyen-age\">moyen-age<\/a> : L\u00e9tald de Micy, <em>Opera omnia<\/em> II : probl\u00e8mes d\u2019attribution, \u00e9dition et traduction des \u0153uvres hagiographiques. Date de reprise : mercredi 13 novembre, <strong>en ligne (<\/strong>mercredi de 10h00 \u00e0 12h00)<\/li><li>Atelier m\u00e9dio-latin ; Trois samedis par an de 9h30-13h : dates \u00e0 fixer<\/li><\/ul><p>EPHE-PSL, salle d\u2019Histoire (alias D 52), Sorbonne, escalier E, 1<sup>er<\/sup> \u00e9tage (\u00e0 confirmer), et en visioconf\u00e9rence. Contact : <a href=\"mailto:anne-marie.turcan-verkerk@ephe.psl.eu\">anne-marie.turcan-verkerk@ephe.psl.eu<\/a><\/p>\t\t\t\t\t\t\t\t<\/div>\n\t\t\t\t<\/div>\n\t\t\t\t\t<\/div>\n\t\t<\/div>\n\t\t\t\t\t<\/div>\n\t\t<\/section>\n\t\t\t\t<section class=\"elementor-section elementor-top-section elementor-element elementor-element-8db1e69 elementor-section-boxed elementor-section-height-default elementor-section-height-default\" data-id=\"8db1e69\" data-element_type=\"section\" data-e-type=\"section\">\n\t\t\t\t\t\t<div class=\"elementor-container elementor-column-gap-default\">\n\t\t\t\t\t<div class=\"elementor-column elementor-col-100 elementor-top-column elementor-element elementor-element-4e91045\" data-id=\"4e91045\" data-element_type=\"column\" data-e-type=\"column\">\n\t\t\t<div class=\"elementor-widget-wrap elementor-element-populated\">\n\t\t\t\t\t\t<div class=\"elementor-element elementor-element-28392a2 elementor-widget elementor-widget-menu-anchor\" data-id=\"28392a2\" data-element_type=\"widget\" data-e-type=\"widget\" data-widget_type=\"menu-anchor.default\">\n\t\t\t\t<div class=\"elementor-widget-container\">\n\t\t\t\t\t\t\t<div class=\"elementor-menu-anchor\" id=\"irht\"><\/div>\n\t\t\t\t\t\t<\/div>\n\t\t\t\t<\/div>\n\t\t\t\t\t<\/div>\n\t\t<\/div>\n\t\t\t\t\t<\/div>\n\t\t<\/section>\n\t\t\t\t<section class=\"elementor-section elementor-top-section elementor-element elementor-element-b870ba3 elementor-section-boxed elementor-section-height-default elementor-section-height-default\" data-id=\"b870ba3\" data-element_type=\"section\" data-e-type=\"section\">\n\t\t\t\t\t\t<div class=\"elementor-container elementor-column-gap-default\">\n\t\t\t\t\t<div class=\"elementor-column elementor-col-100 elementor-top-column elementor-element elementor-element-0314ab8\" data-id=\"0314ab8\" data-element_type=\"column\" data-e-type=\"column\">\n\t\t\t<div class=\"elementor-widget-wrap elementor-element-populated\">\n\t\t\t\t\t\t<div class=\"elementor-element elementor-element-227131e elementor-widget elementor-widget-heading\" data-id=\"227131e\" data-element_type=\"widget\" data-e-type=\"widget\" data-widget_type=\"heading.default\">\n\t\t\t\t<div class=\"elementor-widget-container\">\n\t\t\t\t\t<h2 class=\"elementor-heading-title elementor-size-large\"><a href=\"https:\/\/www.irht.cnrs.fr\/\" target=\"_blank\">IRHT<\/a><\/h2>\t\t\t\t<\/div>\n\t\t\t\t<\/div>\n\t\t\t\t\t<\/div>\n\t\t<\/div>\n\t\t\t\t\t<\/div>\n\t\t<\/section>\n\t\t\t\t<section class=\"elementor-section elementor-top-section elementor-element elementor-element-ffdd974 elementor-section-boxed elementor-section-height-default elementor-section-height-default\" data-id=\"ffdd974\" data-element_type=\"section\" data-e-type=\"section\">\n\t\t\t\t\t\t<div class=\"elementor-container elementor-column-gap-default\">\n\t\t\t\t\t<div class=\"elementor-column elementor-col-100 elementor-top-column elementor-element elementor-element-6a01616\" data-id=\"6a01616\" data-element_type=\"column\" data-e-type=\"column\">\n\t\t\t<div class=\"elementor-widget-wrap elementor-element-populated\">\n\t\t\t\t\t\t<div class=\"elementor-element elementor-element-4d0a7c2 elementor-widget elementor-widget-text-editor\" data-id=\"4d0a7c2\" data-element_type=\"widget\" data-e-type=\"widget\" data-widget_type=\"text-editor.default\">\n\t\t\t\t<div class=\"elementor-widget-container\">\n\t\t\t\t\t\t\t\t\t<p><strong>C\u00e9cile Lan\u00e9ry<\/strong><\/p><p>\u00ab Lecture et critique des manuscrits latins. Cours d\u2019initiation \u00bb. Inscrit au programme du master de recherche \u00ab \u00c9tudes m\u00e9di\u00e9vales : litt\u00e9rature, textes, savoirs \u00bb (Paris-Sorbonne, Sorbonne Nouvelle, ENS, ENC), mais ouvert \u00e0 tous sans inscription pr\u00e9alable. Outre la formation de base n\u00e9cessaire \u00e0 l\u2019\u00e9dition des textes anciens (pal\u00e9ographie, codicologie, ecdotique, histoire des textes), le s\u00e9minaire inclura des visites de biblioth\u00e8ques et des conf\u00e9rences faites par des intervenants ext\u00e9rieurs.<\/p><p>Lundi, 18h00-20h00, du 16 septembre 2024 \u00e0 juin 2025, salle de s\u00e9minaire du Centre d\u2019\u00c9tudes Anciennes de l\u2019ENS (Rez-de-Chauss\u00e9e). Contact : <a href=\"mailto:cecile.lanery@irht.cnrs.fr\">cecile.lanery@irht.cnrs.fr<\/a><\/p><p>Stage d\u2019initiation au manuscrit m\u00e9di\u00e9val, 7-11 Octobre 2024 ; sauf indication contraire : Campus Condorcet, B\u00e2timent Nord, 14 cours des humanit\u00e9s, Aubervilliers, m\u00e9tro Front Populaire ; <a href=\"https:\/\/www.irht.cnrs.fr\/fr\/agenda\/stage\/stage-dinitiation-au-manuscrit-medieval-2024\">https:\/\/www.irht.cnrs.fr\/fr\/agenda\/stage\/stage-dinitiation-au-manuscrit-medieval-2024<\/a><\/p><p><strong>Eleonora Andriana (IRHT) et M. Husson (Observatoire de Paris)<\/strong><\/p><p>La philologie des sciences astrales. Deux vendredis par mois \u00e0 partir du 10 janv. 2025, 14h-16h ; Campus Condorcet \/ Observatoire de Paris<\/p><p><strong>S\u00e9bastien Barret<\/strong><\/p><p>\u00c9dition collective de documents diplomatiques \u00ab clunisiens \u00bb de la fin du Moyen \u00c2ge et du d\u00e9but de l\u2019\u00e9poque moderne. Un jeudi sur deux \u00e0 partir du 12 septembre, 10h-12h. Contact : <a href=\"mailto:sebastien.barret@irht.cnrs.fr\">sebastien.barret@irht.cnrs.fr<\/a><\/p><p><strong>Monica Br\u00eenzei (IRHT), Ir\u00e8ne Caiazzo (LEM), Christophe Grellard (EPHE) et Catherine K\u00f6nig-Pralong (EHESS)<\/strong><\/p><p>\u00ab La philosophie m\u00e9di\u00e9vale \u00e0 Condorcet \u00bb. Un mardi par mois \u00e0 partir du 15 octobre de 17h \u00e0 19h<\/p><p><strong>Jean-Charles Coulon (IRHT) et Julien V\u00e9ron\u00e8se (univ. Orl\u00e9ans, IRHT)<\/strong><\/p><p>\u00ab Le monde et ses merveilles. Cosmologie, g\u00e9ographie et nature au Moyen \u00c2ge entre Orient et Occident \u00bb Un vendredi par mois \u00e0 partir du 18 octobre de 10h \u00e0 12h, universit\u00e9 d\u2019Orl\u00e9ans<\/p><p><strong>J\u00e9r\u00e9my Delmulle (IRHT), S. Franzoni (Sorbonne Universit\u00e9) et E. Lonati (EHESS) Atelier de philologie et de critique textuelle : th\u00e9orie et pratique<\/strong><\/p><p>Un mercredi par mois \u00e0 partir du 6 nov. de 14h \u00e0 16h<\/p><p><strong>J\u00e9r\u00e9my Delmulle et Hanno Wijsman, section de codicologie de l\u2019IRHT<\/strong><\/p><p>\u00ab Histoires des biblioth\u00e8ques anciennes \u00bb. Un jeudi par mois \u00e0 partir du 7 novembre de 10h \u00e0 12h. Contact : <a href=\"mailto:jeremy.delmulle@cnrs.fr\">jeremy.delmulle@cnrs.fr<\/a><\/p><p><strong>Isabelle Draelants<\/strong><\/p><p>\u00ab Atelier de traduction de textes scientifiques latin m\u00e9di\u00e9vaux : Lapidaires latins : recherche des sources et lecture de manuscrits \u00bb. 2<sup>e<\/sup> et 4<sup>e<\/sup> mercredi du mois \u00e0 partir du 12 octobre de 14h \u00e0 16h, Condorcet et visioconf\u00e9rence. Programme des s\u00e9ances et informations sur <a href=\"https:\/\/ateliervdb.hypotheses.org\/693\">https:\/\/ateliervdb.hypotheses.org\/693<\/a> Contact : <a href=\"mailto:isabelle.draelants@irht.cnrs.fr\">isabelle.draelants@irht.cnrs.fr<\/a><\/p><p><strong>Emmanuelle Kuhry et J\u00e9r\u00e9my Delmulle<\/strong><\/p><p>Les p\u2019tits d\u00e9j\u2019 \u00ab Humanit\u00e9s num\u00e9riques \u00bb de l\u2019IRHT ; un vendredi par mois \u00e0 partir du 6 d\u00e9c. de 9h30 \u00e0 12h30<\/p><p><strong>Claudia Rabel<\/strong><\/p><p>\u00ab Les Ymagiers. Conf\u00e9rences sur l\u2019iconographie m\u00e9di\u00e9vale \u00bb. \u00c9cole du Louvre, lundi \u00e0 partir du 21 octobre, 17 h 30-19h30 (et visioconf\u00e9rence). Contact : <a href=\"mailto:claudia.rabel@irht.cnrs.fr\">claudia.rabel@irht.cnrs.fr<\/a><\/p><p><strong>Marek T. Kretschmer (Univ. de Lorraine)<\/strong><\/p><ul><li>Litt\u00e9rature latine m\u00e9di\u00e9vale &#8211; M2 Cours magistral (automne 2024), lundi de 8h \u00e0 Semaines 38-51 (sauf les semaines 44 et 46)<\/li><li>Initiation \u00e0 la pal\u00e9ographie (Antiquit\u00e9 et Moyen \u00c2ge) &#8211; L3 Cours magistral (automne 2024) lundi de 13h \u00e0 14h. Semaines 38-43.<\/li><\/ul><p><strong>J.-Ch. Coulon (IRHT), J. V\u00e9ron\u00e8se (Univ. Orl\u00e9ans)<\/strong><\/p><p>\u00ab Le monde et ses merveilles : cosmologie, g\u00e9ographie et nature au Moyen \u00c2ge entre Orient et Occident \u00bb. Les repr\u00e9sentations du monde et de ses merveilles dans les traditions du bassin m\u00e9diterran\u00e9en. Un vendredi par mois (10h-12h) \u00e0 partir du 18 octobre 2024. Entr\u00e9e libre, contacts : <a href=\"mailto:jean-charles.coulon@irht.cnrs.fr\">jean-charles.coulon@irht.cnrs.fr,<\/a> <a href=\"mailto:julien.veronese@univ-orleans.fr\">julien.veronese@univ-orleans.fr<\/a><\/p>\t\t\t\t\t\t\t\t<\/div>\n\t\t\t\t<\/div>\n\t\t\t\t\t<\/div>\n\t\t<\/div>\n\t\t\t\t\t<\/div>\n\t\t<\/section>\n\t\t\t\t<section class=\"elementor-section elementor-top-section elementor-element elementor-element-a17fd0d elementor-section-boxed elementor-section-height-default elementor-section-height-default\" data-id=\"a17fd0d\" data-element_type=\"section\" data-e-type=\"section\">\n\t\t\t\t\t\t<div class=\"elementor-container elementor-column-gap-default\">\n\t\t\t\t\t<div class=\"elementor-column elementor-col-100 elementor-top-column elementor-element elementor-element-e5e3cad\" data-id=\"e5e3cad\" data-element_type=\"column\" data-e-type=\"column\">\n\t\t\t<div class=\"elementor-widget-wrap elementor-element-populated\">\n\t\t\t\t\t\t<div class=\"elementor-element elementor-element-444e214 elementor-widget elementor-widget-menu-anchor\" data-id=\"444e214\" data-element_type=\"widget\" data-e-type=\"widget\" data-widget_type=\"menu-anchor.default\">\n\t\t\t\t<div class=\"elementor-widget-container\">\n\t\t\t\t\t\t\t<div class=\"elementor-menu-anchor\" id=\"amu\"><\/div>\n\t\t\t\t\t\t<\/div>\n\t\t\t\t<\/div>\n\t\t\t\t\t<\/div>\n\t\t<\/div>\n\t\t\t\t\t<\/div>\n\t\t<\/section>\n\t\t\t\t<section class=\"elementor-section elementor-top-section elementor-element elementor-element-7524661 elementor-section-boxed elementor-section-height-default elementor-section-height-default\" data-id=\"7524661\" data-element_type=\"section\" data-e-type=\"section\">\n\t\t\t\t\t\t<div class=\"elementor-container elementor-column-gap-default\">\n\t\t\t\t\t<div class=\"elementor-column elementor-col-100 elementor-top-column elementor-element elementor-element-7d9a968\" data-id=\"7d9a968\" data-element_type=\"column\" data-e-type=\"column\">\n\t\t\t<div class=\"elementor-widget-wrap elementor-element-populated\">\n\t\t\t\t\t\t<div class=\"elementor-element elementor-element-1e588d0 elementor-widget elementor-widget-heading\" data-id=\"1e588d0\" data-element_type=\"widget\" data-e-type=\"widget\" data-widget_type=\"heading.default\">\n\t\t\t\t<div class=\"elementor-widget-container\">\n\t\t\t\t\t<h2 class=\"elementor-heading-title elementor-size-large\"><a href=\"https:\/\/www.univ-amu.fr\/\" target=\"_blank\">Universite Aix-Marseille (AMU)<\/a><\/h2>\t\t\t\t<\/div>\n\t\t\t\t<\/div>\n\t\t\t\t\t<\/div>\n\t\t<\/div>\n\t\t\t\t\t<\/div>\n\t\t<\/section>\n\t\t\t\t<section class=\"elementor-section elementor-top-section elementor-element elementor-element-ecd643c elementor-section-boxed elementor-section-height-default elementor-section-height-default\" data-id=\"ecd643c\" data-element_type=\"section\" data-e-type=\"section\">\n\t\t\t\t\t\t<div class=\"elementor-container elementor-column-gap-default\">\n\t\t\t\t\t<div class=\"elementor-column elementor-col-100 elementor-top-column elementor-element elementor-element-7d7730c\" data-id=\"7d7730c\" data-element_type=\"column\" data-e-type=\"column\">\n\t\t\t<div class=\"elementor-widget-wrap elementor-element-populated\">\n\t\t\t\t\t\t<div class=\"elementor-element elementor-element-8312095 elementor-widget elementor-widget-text-editor\" data-id=\"8312095\" data-element_type=\"widget\" data-e-type=\"widget\" data-widget_type=\"text-editor.default\">\n\t\t\t\t<div class=\"elementor-widget-container\">\n\t\t\t\t\t\t\t\t\t<p><strong>B\u00e9atrice Charlet-Mesdjian<\/strong><\/p><p>Pr\u00e9paration \u00e0 l\u2019\u00e9preuve optionnelle de Latin \u00e0 l\u2019Agr\u00e9gation d\u2019Espagnol, cours ouvert aux \u00e9tudiants de Master 2 de LLCER \u00c9tudes hispaniques et aux \u00e9tudiants internationaux de l\u2019UFR ALLSH.<\/p><p><strong>B\u00e9atrice Charlet-Mesdjian et Carine Ferradou<\/strong><\/p><p>-Module transversal et optionnel \u00ab <em>Homo Viator<\/em>, les voyages de l\u2019Antiquit\u00e9 \u00e0 nos jours \u00bb dans le Master de LLCER (Lettres, Langue et Cultures \u00c9trang\u00e8res et R\u00e9gionales) : 3 s\u00e9ances de 2h sur les voyages dans la litt\u00e9rature antique, les p\u00e8lerinages dans la chr\u00e9tient\u00e9 m\u00e9di\u00e9vale et les Grandes d\u00e9couvertes \u00e0 la Renaissance.<\/p><p>-6 UE semestrielles de 3h\/semaine (niveaux Initiation, Interm\u00e9diaire, Continuant) qui associent 1h30 d\u2019apprentissage progressif et grammatical de la langue latine \u00ab norm\u00e9e \u00bb ou \u00ab classique \u00bb et 1h30 de cours de N\u00e9olatin (civilisation\/litt\u00e9rature \u00ab humaniste \u00bb ou contemporaine) sur textes traduits (textes bilingues latin-fran\u00e7ais fournis) sur les th\u00e8mes suivants : \u00c0 l\u2019\u00e9cole des Humanistes (Initiation S1) ; Les Humanistes \u00e0 la d\u00e9couverte du monde (Initiation S2) ; Les genres prosa\u00efques populaires en latin (Interm\u00e9diaire S1) ; Lecture du recueil de nouvelles n\u00e9olatines contemporaines <em>Eburneus Elephantulus <\/em>de Pierre Falleri (2019) et transposition de ces r\u00e9cits de fiction bas\u00e9s sur des faits historiques dans la Provence antique en planches de bande dessin\u00e9e (Continuants S1 et S2).<\/p><p>-1 UE optionnelle de 3h par semaine au semestre pair (niveau Licence), enti\u00e8rement d\u00e9di\u00e9e \u00e0 l\u2019\u00e9tude sur textes latins traduits de la r\u00e9volution humaniste et des interactions et transferts culturels qu\u2019elle a entra\u00een\u00e9s.<\/p><p>Un <u>Dipl\u00f4me Universitaire<\/u> (DU) \u00ab\u00a0Langues et cultures : n\u00e9olatin et linguistique compar\u00e9e\u00a0\u00bb vient d&rsquo;\u00eatre cr\u00e9\u00e9 \u00e0 l\u2019AMU \u00e0 la rentr\u00e9e 2024<\/p>\t\t\t\t\t\t\t\t<\/div>\n\t\t\t\t<\/div>\n\t\t\t\t\t<\/div>\n\t\t<\/div>\n\t\t\t\t\t<\/div>\n\t\t<\/section>\n\t\t\t\t<section class=\"elementor-section elementor-top-section elementor-element elementor-element-b28da03 elementor-section-boxed elementor-section-height-default elementor-section-height-default\" data-id=\"b28da03\" data-element_type=\"section\" data-e-type=\"section\">\n\t\t\t\t\t\t<div class=\"elementor-container elementor-column-gap-default\">\n\t\t\t\t\t<div class=\"elementor-column elementor-col-100 elementor-top-column elementor-element elementor-element-58bd794\" data-id=\"58bd794\" data-element_type=\"column\" data-e-type=\"column\">\n\t\t\t<div class=\"elementor-widget-wrap elementor-element-populated\">\n\t\t\t\t\t\t<div class=\"elementor-element elementor-element-d9f77ac elementor-widget elementor-widget-menu-anchor\" data-id=\"d9f77ac\" data-element_type=\"widget\" data-e-type=\"widget\" data-widget_type=\"menu-anchor.default\">\n\t\t\t\t<div class=\"elementor-widget-container\">\n\t\t\t\t\t\t\t<div class=\"elementor-menu-anchor\" id=\"montaigne\"><\/div>\n\t\t\t\t\t\t<\/div>\n\t\t\t\t<\/div>\n\t\t\t\t\t<\/div>\n\t\t<\/div>\n\t\t\t\t\t<\/div>\n\t\t<\/section>\n\t\t\t\t<section class=\"elementor-section elementor-top-section elementor-element elementor-element-fc886d8 elementor-section-boxed elementor-section-height-default elementor-section-height-default\" data-id=\"fc886d8\" data-element_type=\"section\" data-e-type=\"section\">\n\t\t\t\t\t\t<div class=\"elementor-container elementor-column-gap-default\">\n\t\t\t\t\t<div class=\"elementor-column elementor-col-100 elementor-top-column elementor-element elementor-element-707dc01\" data-id=\"707dc01\" data-element_type=\"column\" data-e-type=\"column\">\n\t\t\t<div class=\"elementor-widget-wrap elementor-element-populated\">\n\t\t\t\t\t\t<div class=\"elementor-element elementor-element-66d2064 elementor-widget elementor-widget-heading\" data-id=\"66d2064\" data-element_type=\"widget\" data-e-type=\"widget\" data-widget_type=\"heading.default\">\n\t\t\t\t<div class=\"elementor-widget-container\">\n\t\t\t\t\t<h2 class=\"elementor-heading-title elementor-size-large\"><a href=\"https:\/\/plurielles.u-bordeaux-montaigne.fr\/\" target=\"_blank\">Universit\u00e9 Bordeaux Montaigne (Centre Montaigne, Plurielles ur 24142)<\/a><\/h2>\t\t\t\t<\/div>\n\t\t\t\t<\/div>\n\t\t\t\t\t<\/div>\n\t\t<\/div>\n\t\t\t\t\t<\/div>\n\t\t<\/section>\n\t\t\t\t<section class=\"elementor-section elementor-top-section elementor-element elementor-element-27ec114 elementor-section-boxed elementor-section-height-default elementor-section-height-default\" data-id=\"27ec114\" data-element_type=\"section\" data-e-type=\"section\">\n\t\t\t\t\t\t<div class=\"elementor-container elementor-column-gap-default\">\n\t\t\t\t\t<div class=\"elementor-column elementor-col-100 elementor-top-column elementor-element elementor-element-72b766c\" data-id=\"72b766c\" data-element_type=\"column\" data-e-type=\"column\">\n\t\t\t<div class=\"elementor-widget-wrap elementor-element-populated\">\n\t\t\t\t\t\t<div class=\"elementor-element elementor-element-a3e8489 elementor-widget elementor-widget-text-editor\" data-id=\"a3e8489\" data-element_type=\"widget\" data-e-type=\"widget\" data-widget_type=\"text-editor.default\">\n\t\t\t\t<div class=\"elementor-widget-container\">\n\t\t\t\t\t\t\t\t\t<p><strong>Anne Bouscharain<\/strong><\/p><ul><li>\u00ab Atelier n\u00e9o-latin \u00bb, en collaboration avec la Biblioth\u00e8que municipale de Bordeaux M\u00e9riadeck (s\u00e9ance annuelle pour les \u00e9tudiants de CPGE le lundi, de 13h \u00e0 15h ; huit s\u00e9ances \u00e0 la BM, ouvertes au public et aux \u00e9tudiants de l&rsquo;universit\u00e9 ; contact : <a href=\"mailto:anne.bouscharain@gmail.com\">bouscharain@gmail.com<\/a>). Programme 2024-2025 : \u00c9lie Vinet et la <em>Schola Aquitanica <\/em>(Bordeaux, Millanges, 1583), programme des \u00e9tudes au coll\u00e8ge de Guyenne.<\/li><li>Traduire de vernaculaire en latin : l\u2019exemple de l\u2019<em>Histoire tragique <\/em>de Martial Deschamps (Paris, Bienn\u00e9, 1576) traduite en latin par Jean Dorat ; dans le cadre du s\u00e9minaire de V. Leroux \u00e0 l\u2019EPHE, les 7, 14, 21 f\u00e9vrier et le 7 mars 2025.<\/li><\/ul><p><strong>Violaine Giacomotto Charra<\/strong><\/p><ul><li>S\u00e9minaire de master \u00ab Litt\u00e9rature et transmission des savoirs \u00e0 la Renaissance \u00bb.<\/li><\/ul><ul><li>Cours magistral master 2 \u00ab Histoire et \u00e9pist\u00e9mologie des Sciences \u00bb : \u00ab Livres et lieux de savoir \u00e0 l\u2019\u00e9poque moderne \u00bb.<\/li><\/ul>\t\t\t\t\t\t\t\t<\/div>\n\t\t\t\t<\/div>\n\t\t\t\t\t<\/div>\n\t\t<\/div>\n\t\t\t\t\t<\/div>\n\t\t<\/section>\n\t\t\t\t<section class=\"elementor-section elementor-top-section elementor-element elementor-element-b5c345f elementor-section-boxed elementor-section-height-default elementor-section-height-default\" data-id=\"b5c345f\" data-element_type=\"section\" data-e-type=\"section\">\n\t\t\t\t\t\t<div class=\"elementor-container elementor-column-gap-default\">\n\t\t\t\t\t<div class=\"elementor-column elementor-col-100 elementor-top-column elementor-element elementor-element-637ec61\" data-id=\"637ec61\" data-element_type=\"column\" data-e-type=\"column\">\n\t\t\t<div class=\"elementor-widget-wrap elementor-element-populated\">\n\t\t\t\t\t\t<div class=\"elementor-element elementor-element-005023e elementor-widget elementor-widget-menu-anchor\" data-id=\"005023e\" data-element_type=\"widget\" data-e-type=\"widget\" data-widget_type=\"menu-anchor.default\">\n\t\t\t\t<div class=\"elementor-widget-container\">\n\t\t\t\t\t\t\t<div class=\"elementor-menu-anchor\" id=\"bordeaux\"><\/div>\n\t\t\t\t\t\t<\/div>\n\t\t\t\t<\/div>\n\t\t\t\t\t<\/div>\n\t\t<\/div>\n\t\t\t\t\t<\/div>\n\t\t<\/section>\n\t\t\t\t<section class=\"elementor-section elementor-top-section elementor-element elementor-element-838e646 elementor-section-boxed elementor-section-height-default elementor-section-height-default\" data-id=\"838e646\" data-element_type=\"section\" data-e-type=\"section\">\n\t\t\t\t\t\t<div class=\"elementor-container elementor-column-gap-default\">\n\t\t\t\t\t<div class=\"elementor-column elementor-col-100 elementor-top-column elementor-element elementor-element-f8c1d7b\" data-id=\"f8c1d7b\" data-element_type=\"column\" data-e-type=\"column\">\n\t\t\t<div class=\"elementor-widget-wrap elementor-element-populated\">\n\t\t\t\t\t\t<div class=\"elementor-element elementor-element-00d5f01 elementor-widget elementor-widget-heading\" data-id=\"00d5f01\" data-element_type=\"widget\" data-e-type=\"widget\" data-widget_type=\"heading.default\">\n\t\t\t\t<div class=\"elementor-widget-container\">\n\t\t\t\t\t<h2 class=\"elementor-heading-title elementor-size-large\"><a href=\"https:\/\/www.u-bordeaux.fr\/\" target=\"_blank\">Universit\u00e9 de Bordeaux<\/a><\/h2>\t\t\t\t<\/div>\n\t\t\t\t<\/div>\n\t\t\t\t\t<\/div>\n\t\t<\/div>\n\t\t\t\t\t<\/div>\n\t\t<\/section>\n\t\t\t\t<section class=\"elementor-section elementor-top-section elementor-element elementor-element-658ab1c elementor-section-boxed elementor-section-height-default elementor-section-height-default\" data-id=\"658ab1c\" data-element_type=\"section\" data-e-type=\"section\">\n\t\t\t\t\t\t<div class=\"elementor-container elementor-column-gap-default\">\n\t\t\t\t\t<div class=\"elementor-column elementor-col-100 elementor-top-column elementor-element elementor-element-4213ba4\" data-id=\"4213ba4\" data-element_type=\"column\" data-e-type=\"column\">\n\t\t\t<div class=\"elementor-widget-wrap elementor-element-populated\">\n\t\t\t\t\t\t<div class=\"elementor-element elementor-element-b7bf920 elementor-widget elementor-widget-text-editor\" data-id=\"b7bf920\" data-element_type=\"widget\" data-e-type=\"widget\" data-widget_type=\"text-editor.default\">\n\t\t\t\t<div class=\"elementor-widget-container\">\n\t\t\t\t\t\t\t\t\t<p><strong>Xavier Pr\u00e9vost (Universit\u00e9 de Bordeaux, IRM \u2013 IUF) avec Luidgi Sanchi (CNRS)<\/strong><\/p><p>L\u2019Institut d\u2019histoire du droit Jean Gaudemet de l\u2019universit\u00e9 Paris-Panth\u00e9on-Assas, en collaboration avec l\u2019Institut de recherche Montesquieu de l\u2019universit\u00e9 de Bordeaux et l\u2019Institut universitaire de France, organise des s\u00e9ances de s\u00e9minaire qui ont lieu au Coll\u00e8ge Sainte-Barbe, en salle Collinet (4 rue Valette, 75005 Paris, 3e \u00e9tage), le vendredi de 14h30 \u00e0 16h30. Les s\u00e9ances sont publiques. Elles peuvent \u00e9galement \u00eatre suivies en ligne en \u00e9crivant \u00e0 <a href=\"mailto:humanisme.juridique@gmail.com\">humanisme.juridique@gmail.com<\/a><\/p><p>Ann\u00e9e 2025 : Humanisme juridique et utopie<\/p><p>-Vendredi 17 janvier 2025 : \u00ab La premi\u00e8re est de M. Bud\u00e9, Ma\u00eetre des Requ\u00eates, sous Fran\u00e7ois I<sup>er<\/sup> ; elle a paru en 1550 \u00bb. Traductions et lectures juridiques de l\u2019<em>Utopie <\/em>de Thomas More au XVI<sup>e<\/sup> si\u00e8cle. Diego Quaglioni, Universit\u00e9 de Trente.<\/p><p>-Vendredi 31 janvier 2025 : La fiction politique de l\u2019<em>Utopie <\/em>ou les jeux sur l\u2019interpr\u00e9tation du texte et de la loi <strong>.<\/strong>Claire Pierrot, Lyc\u00e9e Lesage de Vannes.<\/p><p>-Vendredi 14 mars 2025 : Le <em>seminarium <\/em>d\u2019<em>Utopia <\/em>: Bud\u00e9 lecteur de More. Richard Scholar, Durham University.<\/p><p>-Vendredi 4 avril 2025 : De quoi l\u2019utopie est-elle le nom ? Retour sur l\u2019origine suppos\u00e9e du genre \u00e0 la Renaissance. G\u00e9raldine Cazals, Universit\u00e9 de Bordeaux (IRM).<\/p>\t\t\t\t\t\t\t\t<\/div>\n\t\t\t\t<\/div>\n\t\t\t\t\t<\/div>\n\t\t<\/div>\n\t\t\t\t\t<\/div>\n\t\t<\/section>\n\t\t\t\t<section class=\"elementor-section elementor-top-section elementor-element elementor-element-854a0e3 elementor-section-boxed elementor-section-height-default elementor-section-height-default\" data-id=\"854a0e3\" data-element_type=\"section\" data-e-type=\"section\">\n\t\t\t\t\t\t<div class=\"elementor-container elementor-column-gap-default\">\n\t\t\t\t\t<div class=\"elementor-column elementor-col-100 elementor-top-column elementor-element elementor-element-a05aa44\" data-id=\"a05aa44\" data-element_type=\"column\" data-e-type=\"column\">\n\t\t\t<div class=\"elementor-widget-wrap elementor-element-populated\">\n\t\t\t\t\t\t<div class=\"elementor-element elementor-element-1ad0254 elementor-widget elementor-widget-menu-anchor\" data-id=\"1ad0254\" data-element_type=\"widget\" data-e-type=\"widget\" data-widget_type=\"menu-anchor.default\">\n\t\t\t\t<div class=\"elementor-widget-container\">\n\t\t\t\t\t\t\t<div class=\"elementor-menu-anchor\" id=\"bourgogne\"><\/div>\n\t\t\t\t\t\t<\/div>\n\t\t\t\t<\/div>\n\t\t\t\t\t<\/div>\n\t\t<\/div>\n\t\t\t\t\t<\/div>\n\t\t<\/section>\n\t\t\t\t<section class=\"elementor-section elementor-top-section elementor-element elementor-element-09ce34a elementor-section-boxed elementor-section-height-default elementor-section-height-default\" data-id=\"09ce34a\" data-element_type=\"section\" data-e-type=\"section\">\n\t\t\t\t\t\t<div class=\"elementor-container elementor-column-gap-default\">\n\t\t\t\t\t<div class=\"elementor-column elementor-col-100 elementor-top-column elementor-element elementor-element-ff885c8\" data-id=\"ff885c8\" data-element_type=\"column\" data-e-type=\"column\">\n\t\t\t<div class=\"elementor-widget-wrap elementor-element-populated\">\n\t\t\t\t\t\t<div class=\"elementor-element elementor-element-730436f elementor-widget elementor-widget-heading\" data-id=\"730436f\" data-element_type=\"widget\" data-e-type=\"widget\" data-widget_type=\"heading.default\">\n\t\t\t\t<div class=\"elementor-widget-container\">\n\t\t\t\t\t<h2 class=\"elementor-heading-title elementor-size-large\"><a href=\"https:\/\/www.ube.fr\/\" target=\"_blank\">Universit\u00e9 de Bourgogne<\/a><\/h2>\t\t\t\t<\/div>\n\t\t\t\t<\/div>\n\t\t\t\t\t<\/div>\n\t\t<\/div>\n\t\t\t\t\t<\/div>\n\t\t<\/section>\n\t\t\t\t<section class=\"elementor-section elementor-top-section elementor-element elementor-element-3d8b07e elementor-section-boxed elementor-section-height-default elementor-section-height-default\" data-id=\"3d8b07e\" data-element_type=\"section\" data-e-type=\"section\">\n\t\t\t\t\t\t<div class=\"elementor-container elementor-column-gap-default\">\n\t\t\t\t\t<div class=\"elementor-column elementor-col-100 elementor-top-column elementor-element elementor-element-08e6b28\" data-id=\"08e6b28\" data-element_type=\"column\" data-e-type=\"column\">\n\t\t\t<div class=\"elementor-widget-wrap elementor-element-populated\">\n\t\t\t\t\t\t<div class=\"elementor-element elementor-element-ca36089 elementor-widget elementor-widget-text-editor\" data-id=\"ca36089\" data-element_type=\"widget\" data-e-type=\"widget\" data-widget_type=\"text-editor.default\">\n\t\t\t\t<div class=\"elementor-widget-container\">\n\t\t\t\t\t\t\t\t\t<p><strong>Sylvie Laigneau-Fontaine : <a href=\"mailto:sylvie.fontaine@u-bourgogne.fr\">sylvie.fontaine@u-bourgogne.fr<\/a><\/strong><\/p><p>Cours de Master lettres (\u00e0 distance, via l\u2019EAD) : \u00ab Une Europe n\u00e9o-latine \u00bb : panorama des \u0153uvres des\u00a0<span style=\"font-size: inherit; letter-spacing: inherit; color: var( --e-global-color-text );\">\u00ab grands noms \u00bb humanistes d\u2019Italie, d\u2019Allemagne, de France, d\u2019Angleterre, des Pays-Bas\u2026<\/span><\/p>\t\t\t\t\t\t\t\t<\/div>\n\t\t\t\t<\/div>\n\t\t\t\t\t<\/div>\n\t\t<\/div>\n\t\t\t\t\t<\/div>\n\t\t<\/section>\n\t\t\t\t<section class=\"elementor-section elementor-top-section elementor-element elementor-element-d7ab6d2 elementor-section-boxed elementor-section-height-default elementor-section-height-default\" data-id=\"d7ab6d2\" data-element_type=\"section\" data-e-type=\"section\">\n\t\t\t\t\t\t<div class=\"elementor-container elementor-column-gap-default\">\n\t\t\t\t\t<div class=\"elementor-column elementor-col-100 elementor-top-column elementor-element elementor-element-60647d5\" data-id=\"60647d5\" data-element_type=\"column\" data-e-type=\"column\">\n\t\t\t<div class=\"elementor-widget-wrap elementor-element-populated\">\n\t\t\t\t\t\t<div class=\"elementor-element elementor-element-821ae77 elementor-widget elementor-widget-menu-anchor\" data-id=\"821ae77\" data-element_type=\"widget\" data-e-type=\"widget\" data-widget_type=\"menu-anchor.default\">\n\t\t\t\t<div class=\"elementor-widget-container\">\n\t\t\t\t\t\t\t<div class=\"elementor-menu-anchor\" id=\"geneve\"><\/div>\n\t\t\t\t\t\t<\/div>\n\t\t\t\t<\/div>\n\t\t\t\t\t<\/div>\n\t\t<\/div>\n\t\t\t\t\t<\/div>\n\t\t<\/section>\n\t\t\t\t<section class=\"elementor-section elementor-top-section elementor-element elementor-element-e55e3cb elementor-section-boxed elementor-section-height-default elementor-section-height-default\" data-id=\"e55e3cb\" data-element_type=\"section\" data-e-type=\"section\">\n\t\t\t\t\t\t<div class=\"elementor-container elementor-column-gap-default\">\n\t\t\t\t\t<div class=\"elementor-column elementor-col-100 elementor-top-column elementor-element elementor-element-b66bf7d\" data-id=\"b66bf7d\" data-element_type=\"column\" data-e-type=\"column\">\n\t\t\t<div class=\"elementor-widget-wrap elementor-element-populated\">\n\t\t\t\t\t\t<div class=\"elementor-element elementor-element-5d5a01f elementor-widget elementor-widget-heading\" data-id=\"5d5a01f\" data-element_type=\"widget\" data-e-type=\"widget\" data-widget_type=\"heading.default\">\n\t\t\t\t<div class=\"elementor-widget-container\">\n\t\t\t\t\t<h2 class=\"elementor-heading-title elementor-size-large\"><a href=\"https:\/\/www.unige.ch\/\" target=\"_blank\">Universit\u00e9 de Gen\u00e8ve<\/a><\/h2>\t\t\t\t<\/div>\n\t\t\t\t<\/div>\n\t\t\t\t\t<\/div>\n\t\t<\/div>\n\t\t\t\t\t<\/div>\n\t\t<\/section>\n\t\t\t\t<section class=\"elementor-section elementor-top-section elementor-element elementor-element-ea20b9a elementor-section-boxed elementor-section-height-default elementor-section-height-default\" data-id=\"ea20b9a\" data-element_type=\"section\" data-e-type=\"section\">\n\t\t\t\t\t\t<div class=\"elementor-container elementor-column-gap-default\">\n\t\t\t\t\t<div class=\"elementor-column elementor-col-100 elementor-top-column elementor-element elementor-element-a74d0c2\" data-id=\"a74d0c2\" data-element_type=\"column\" data-e-type=\"column\">\n\t\t\t<div class=\"elementor-widget-wrap elementor-element-populated\">\n\t\t\t\t\t\t<div class=\"elementor-element elementor-element-1e4e1b2 elementor-widget elementor-widget-text-editor\" data-id=\"1e4e1b2\" data-element_type=\"widget\" data-e-type=\"widget\" data-widget_type=\"text-editor.default\">\n\t\t\t\t<div class=\"elementor-widget-container\">\n\t\t\t\t\t\t\t\t\t<p><strong>C\u00e9dric Giraud<\/strong><\/p><ul><li>semestre d\u2019automne : Les genres de la litt\u00e9rature latine m\u00e9di\u00e9vale<\/li><li>semestre de printemps : Lecture comment\u00e9e de textes latins m\u00e9di\u00e9vaux : Autour des auteurs C\u00e9lestins (XIV<sup>e<\/sup>-XV<sup>e<\/sup>). Mardi, 12h-14h. Contact : <a href=\"mailto:cedricgiraud@gmail.com\">cedricgiraud@gmail.com<\/a><\/li><\/ul>\t\t\t\t\t\t\t\t<\/div>\n\t\t\t\t<\/div>\n\t\t\t\t\t<\/div>\n\t\t<\/div>\n\t\t\t\t\t<\/div>\n\t\t<\/section>\n\t\t\t\t<section class=\"elementor-section elementor-top-section elementor-element elementor-element-4bfcd9f elementor-section-boxed elementor-section-height-default elementor-section-height-default\" data-id=\"4bfcd9f\" data-element_type=\"section\" data-e-type=\"section\">\n\t\t\t\t\t\t<div class=\"elementor-container elementor-column-gap-default\">\n\t\t\t\t\t<div class=\"elementor-column elementor-col-100 elementor-top-column elementor-element elementor-element-7417217\" data-id=\"7417217\" data-element_type=\"column\" data-e-type=\"column\">\n\t\t\t<div class=\"elementor-widget-wrap elementor-element-populated\">\n\t\t\t\t\t\t<div class=\"elementor-element elementor-element-ffb534b elementor-widget elementor-widget-menu-anchor\" data-id=\"ffb534b\" data-element_type=\"widget\" data-e-type=\"widget\" data-widget_type=\"menu-anchor.default\">\n\t\t\t\t<div class=\"elementor-widget-container\">\n\t\t\t\t\t\t\t<div class=\"elementor-menu-anchor\" id=\"louvain\"><\/div>\n\t\t\t\t\t\t<\/div>\n\t\t\t\t<\/div>\n\t\t\t\t\t<\/div>\n\t\t<\/div>\n\t\t\t\t\t<\/div>\n\t\t<\/section>\n\t\t\t\t<section class=\"elementor-section elementor-top-section elementor-element elementor-element-faf2128 elementor-section-boxed elementor-section-height-default elementor-section-height-default\" data-id=\"faf2128\" data-element_type=\"section\" data-e-type=\"section\">\n\t\t\t\t\t\t<div class=\"elementor-container elementor-column-gap-default\">\n\t\t\t\t\t<div class=\"elementor-column elementor-col-100 elementor-top-column elementor-element elementor-element-63cb530\" data-id=\"63cb530\" data-element_type=\"column\" data-e-type=\"column\">\n\t\t\t<div class=\"elementor-widget-wrap elementor-element-populated\">\n\t\t\t\t\t\t<div class=\"elementor-element elementor-element-e95b441 elementor-widget elementor-widget-heading\" data-id=\"e95b441\" data-element_type=\"widget\" data-e-type=\"widget\" data-widget_type=\"heading.default\">\n\t\t\t\t<div class=\"elementor-widget-container\">\n\t\t\t\t\t<h2 class=\"elementor-heading-title elementor-size-large\"><a href=\"https:\/\/www.uclouvain.be\/fr\" target=\"_blank\">Universit\u00e9 de Louvain-la-Neuve<\/a><\/h2>\t\t\t\t<\/div>\n\t\t\t\t<\/div>\n\t\t\t\t\t<\/div>\n\t\t<\/div>\n\t\t\t\t\t<\/div>\n\t\t<\/section>\n\t\t\t\t<section class=\"elementor-section elementor-top-section elementor-element elementor-element-f224c95 elementor-section-boxed elementor-section-height-default elementor-section-height-default\" data-id=\"f224c95\" data-element_type=\"section\" data-e-type=\"section\">\n\t\t\t\t\t\t<div class=\"elementor-container elementor-column-gap-default\">\n\t\t\t\t\t<div class=\"elementor-column elementor-col-100 elementor-top-column elementor-element elementor-element-36558e5\" data-id=\"36558e5\" data-element_type=\"column\" data-e-type=\"column\">\n\t\t\t<div class=\"elementor-widget-wrap elementor-element-populated\">\n\t\t\t\t\t\t<div class=\"elementor-element elementor-element-520e567 elementor-widget elementor-widget-text-editor\" data-id=\"520e567\" data-element_type=\"widget\" data-e-type=\"widget\" data-widget_type=\"text-editor.default\">\n\t\t\t\t<div class=\"elementor-widget-container\">\n\t\t\t\t\t\t\t\t\t<p><strong>Agn\u00e8s Guiderdoni : <a href=\"mailto:agnes.guiderdoni@uclouvain.be\">agnes.guiderdoni@uclouvain.be<\/a><\/strong><\/p><p>S\u00e9minaire \u00ab <a href=\"https:\/\/uclouvain.be\/cours-2024-llafr2100\">Embl\u00e8mes, devises et genres litt\u00e9raires \u00e0 figures dans l\u2019Europe moderne<\/a> \u00bb (premier semestre).<\/p><p><strong>Aline Smeesters : <a href=\"mailto:aline.smeesters@uclouvain.be\">aline.smeesters@uclouvain.be<\/a><\/strong><\/p><p>Ouverture d\u2019une nouvelle finalit\u00e9 sp\u00e9cialis\u00e9e en \u00ab\u00a0Cultures latine et fran\u00e7aise du Moyen \u00c2ge et des Temps modernes\u00a0\u00bb dans le master 120 en Langues et Lettres anciennes et modernes \u00e0 l\u2019UCLouvain) : <a href=\"https:\/\/uclouvain.be\/prog-2022-lafr2m-programme\">https:\/\/uclouvain.be\/prog-2022-lafr2m-programme<\/a><\/p>\t\t\t\t\t\t\t\t<\/div>\n\t\t\t\t<\/div>\n\t\t\t\t\t<\/div>\n\t\t<\/div>\n\t\t\t\t\t<\/div>\n\t\t<\/section>\n\t\t\t\t<section class=\"elementor-section elementor-top-section elementor-element elementor-element-cb07022 elementor-section-boxed elementor-section-height-default elementor-section-height-default\" data-id=\"cb07022\" data-element_type=\"section\" data-e-type=\"section\">\n\t\t\t\t\t\t<div class=\"elementor-container elementor-column-gap-default\">\n\t\t\t\t\t<div class=\"elementor-column elementor-col-100 elementor-top-column elementor-element elementor-element-8b24b57\" data-id=\"8b24b57\" data-element_type=\"column\" data-e-type=\"column\">\n\t\t\t<div class=\"elementor-widget-wrap elementor-element-populated\">\n\t\t\t\t\t\t<div class=\"elementor-element elementor-element-734f815 elementor-widget elementor-widget-menu-anchor\" data-id=\"734f815\" data-element_type=\"widget\" data-e-type=\"widget\" data-widget_type=\"menu-anchor.default\">\n\t\t\t\t<div class=\"elementor-widget-container\">\n\t\t\t\t\t\t\t<div class=\"elementor-menu-anchor\" id=\"lyon3\"><\/div>\n\t\t\t\t\t\t<\/div>\n\t\t\t\t<\/div>\n\t\t\t\t\t<\/div>\n\t\t<\/div>\n\t\t\t\t\t<\/div>\n\t\t<\/section>\n\t\t\t\t<section class=\"elementor-section elementor-top-section elementor-element elementor-element-94e8de0 elementor-section-boxed elementor-section-height-default elementor-section-height-default\" data-id=\"94e8de0\" data-element_type=\"section\" data-e-type=\"section\">\n\t\t\t\t\t\t<div class=\"elementor-container elementor-column-gap-default\">\n\t\t\t\t\t<div class=\"elementor-column elementor-col-100 elementor-top-column elementor-element elementor-element-b893b6f\" data-id=\"b893b6f\" data-element_type=\"column\" data-e-type=\"column\">\n\t\t\t<div class=\"elementor-widget-wrap elementor-element-populated\">\n\t\t\t\t\t\t<div class=\"elementor-element elementor-element-1b1e8ec elementor-widget elementor-widget-heading\" data-id=\"1b1e8ec\" data-element_type=\"widget\" data-e-type=\"widget\" data-widget_type=\"heading.default\">\n\t\t\t\t<div class=\"elementor-widget-container\">\n\t\t\t\t\t<h2 class=\"elementor-heading-title elementor-size-large\"><a href=\"https:\/\/www.univ-lyon3.fr\/\" target=\"_blank\">Universit\u00e9 de Lyon III<\/a><\/h2>\t\t\t\t<\/div>\n\t\t\t\t<\/div>\n\t\t\t\t\t<\/div>\n\t\t<\/div>\n\t\t\t\t\t<\/div>\n\t\t<\/section>\n\t\t\t\t<section class=\"elementor-section elementor-top-section elementor-element elementor-element-ae0fcb5 elementor-section-boxed elementor-section-height-default elementor-section-height-default\" data-id=\"ae0fcb5\" data-element_type=\"section\" data-e-type=\"section\">\n\t\t\t\t\t\t<div class=\"elementor-container elementor-column-gap-default\">\n\t\t\t\t\t<div class=\"elementor-column elementor-col-100 elementor-top-column elementor-element elementor-element-58a3d1d\" data-id=\"58a3d1d\" data-element_type=\"column\" data-e-type=\"column\">\n\t\t\t<div class=\"elementor-widget-wrap elementor-element-populated\">\n\t\t\t\t\t\t<div class=\"elementor-element elementor-element-0fabc44 elementor-widget elementor-widget-text-editor\" data-id=\"0fabc44\" data-element_type=\"widget\" data-e-type=\"widget\" data-widget_type=\"text-editor.default\">\n\t\t\t\t<div class=\"elementor-widget-container\">\n\t\t\t\t\t\t\t\t\t<p><strong>Pascale Par\u00e9-Rey : <a href=\"mailto:pascale.pare-rey@univ-lyon3.fr\">pascale.pare-rey@univ-lyon3.fr<\/a><\/strong><\/p><p>Cours de L3 : R\u00e9ception des cultures antiques, orient\u00e9 en partie sur le n\u00e9o-latin ; r\u00e9ception de S\u00e9n\u00e8que, r\u00e9ception de la trag\u00e9die latine au XVI<sup>e<\/sup> s., r\u00e9ception des 10 trag\u00e9dies conserv\u00e9es.<\/p>\t\t\t\t\t\t\t\t<\/div>\n\t\t\t\t<\/div>\n\t\t\t\t\t<\/div>\n\t\t<\/div>\n\t\t\t\t\t<\/div>\n\t\t<\/section>\n\t\t\t\t<section class=\"elementor-section elementor-top-section elementor-element elementor-element-2438b05 elementor-section-boxed elementor-section-height-default elementor-section-height-default\" data-id=\"2438b05\" data-element_type=\"section\" data-e-type=\"section\">\n\t\t\t\t\t\t<div class=\"elementor-container elementor-column-gap-default\">\n\t\t\t\t\t<div class=\"elementor-column elementor-col-100 elementor-top-column elementor-element elementor-element-4845b83\" data-id=\"4845b83\" data-element_type=\"column\" data-e-type=\"column\">\n\t\t\t<div class=\"elementor-widget-wrap elementor-element-populated\">\n\t\t\t\t\t\t<div class=\"elementor-element elementor-element-7847854 elementor-widget elementor-widget-menu-anchor\" data-id=\"7847854\" data-element_type=\"widget\" data-e-type=\"widget\" data-widget_type=\"menu-anchor.default\">\n\t\t\t\t<div class=\"elementor-widget-container\">\n\t\t\t\t\t\t\t<div class=\"elementor-menu-anchor\" id=\"nancy\"><\/div>\n\t\t\t\t\t\t<\/div>\n\t\t\t\t<\/div>\n\t\t\t\t\t<\/div>\n\t\t<\/div>\n\t\t\t\t\t<\/div>\n\t\t<\/section>\n\t\t\t\t<section class=\"elementor-section elementor-top-section elementor-element elementor-element-9c75c43 elementor-section-boxed elementor-section-height-default elementor-section-height-default\" data-id=\"9c75c43\" data-element_type=\"section\" data-e-type=\"section\">\n\t\t\t\t\t\t<div class=\"elementor-container elementor-column-gap-default\">\n\t\t\t\t\t<div class=\"elementor-column elementor-col-100 elementor-top-column elementor-element elementor-element-9192000\" data-id=\"9192000\" data-element_type=\"column\" data-e-type=\"column\">\n\t\t\t<div class=\"elementor-widget-wrap elementor-element-populated\">\n\t\t\t\t\t\t<div class=\"elementor-element elementor-element-403ad9f elementor-widget elementor-widget-heading\" data-id=\"403ad9f\" data-element_type=\"widget\" data-e-type=\"widget\" data-widget_type=\"heading.default\">\n\t\t\t\t<div class=\"elementor-widget-container\">\n\t\t\t\t\t<h2 class=\"elementor-heading-title elementor-size-large\"><a href=\"https:\/\/www.univ-lorraine.fr\/\" target=\"_blank\">Universit\u00e9 de Nancy<\/a><\/h2>\t\t\t\t<\/div>\n\t\t\t\t<\/div>\n\t\t\t\t\t<\/div>\n\t\t<\/div>\n\t\t\t\t\t<\/div>\n\t\t<\/section>\n\t\t\t\t<section class=\"elementor-section elementor-top-section elementor-element elementor-element-2845630 elementor-section-boxed elementor-section-height-default elementor-section-height-default\" data-id=\"2845630\" data-element_type=\"section\" data-e-type=\"section\">\n\t\t\t\t\t\t<div class=\"elementor-container elementor-column-gap-default\">\n\t\t\t\t\t<div class=\"elementor-column elementor-col-100 elementor-top-column elementor-element elementor-element-55e0be7\" data-id=\"55e0be7\" data-element_type=\"column\" data-e-type=\"column\">\n\t\t\t<div class=\"elementor-widget-wrap elementor-element-populated\">\n\t\t\t\t\t\t<div class=\"elementor-element elementor-element-5f505e6 elementor-widget elementor-widget-text-editor\" data-id=\"5f505e6\" data-element_type=\"widget\" data-e-type=\"widget\" data-widget_type=\"text-editor.default\">\n\t\t\t\t<div class=\"elementor-widget-container\">\n\t\t\t\t\t\t\t\t\t<p><strong>Marek T. Kretschmer : <a href=\"mailto:marek.kretschmer@univ-lorraine.fr\">marek.kretschmer@univ-lorraine.fr<\/a><\/strong><\/p><p>Initiation au n\u00e9o-latin, L3 (CM).<\/p>\t\t\t\t\t\t\t\t<\/div>\n\t\t\t\t<\/div>\n\t\t\t\t\t<\/div>\n\t\t<\/div>\n\t\t\t\t\t<\/div>\n\t\t<\/section>\n\t\t\t\t<section class=\"elementor-section elementor-top-section elementor-element elementor-element-735e39a elementor-section-boxed elementor-section-height-default elementor-section-height-default\" data-id=\"735e39a\" data-element_type=\"section\" data-e-type=\"section\">\n\t\t\t\t\t\t<div class=\"elementor-container elementor-column-gap-default\">\n\t\t\t\t\t<div class=\"elementor-column elementor-col-100 elementor-top-column elementor-element elementor-element-40deb69\" data-id=\"40deb69\" data-element_type=\"column\" data-e-type=\"column\">\n\t\t\t<div class=\"elementor-widget-wrap elementor-element-populated\">\n\t\t\t\t\t\t<div class=\"elementor-element elementor-element-4160aff elementor-widget elementor-widget-menu-anchor\" data-id=\"4160aff\" data-element_type=\"widget\" data-e-type=\"widget\" data-widget_type=\"menu-anchor.default\">\n\t\t\t\t<div class=\"elementor-widget-container\">\n\t\t\t\t\t\t\t<div class=\"elementor-menu-anchor\" id=\"nantes\"><\/div>\n\t\t\t\t\t\t<\/div>\n\t\t\t\t<\/div>\n\t\t\t\t\t<\/div>\n\t\t<\/div>\n\t\t\t\t\t<\/div>\n\t\t<\/section>\n\t\t\t\t<section class=\"elementor-section elementor-top-section elementor-element elementor-element-a356f0a elementor-section-boxed elementor-section-height-default elementor-section-height-default\" data-id=\"a356f0a\" data-element_type=\"section\" data-e-type=\"section\">\n\t\t\t\t\t\t<div class=\"elementor-container elementor-column-gap-default\">\n\t\t\t\t\t<div class=\"elementor-column elementor-col-100 elementor-top-column elementor-element elementor-element-edc09e2\" data-id=\"edc09e2\" data-element_type=\"column\" data-e-type=\"column\">\n\t\t\t<div class=\"elementor-widget-wrap elementor-element-populated\">\n\t\t\t\t\t\t<div class=\"elementor-element elementor-element-a4a55f1 elementor-widget elementor-widget-heading\" data-id=\"a4a55f1\" data-element_type=\"widget\" data-e-type=\"widget\" data-widget_type=\"heading.default\">\n\t\t\t\t<div class=\"elementor-widget-container\">\n\t\t\t\t\t<h2 class=\"elementor-heading-title elementor-size-large\"><a href=\"https:\/\/www.univ-nantes.fr\/\" target=\"_blank\">Universit\u00e9 de Nantes<\/a><\/h2>\t\t\t\t<\/div>\n\t\t\t\t<\/div>\n\t\t\t\t\t<\/div>\n\t\t<\/div>\n\t\t\t\t\t<\/div>\n\t\t<\/section>\n\t\t\t\t<section class=\"elementor-section elementor-top-section elementor-element elementor-element-ecfafc4 elementor-section-boxed elementor-section-height-default elementor-section-height-default\" data-id=\"ecfafc4\" data-element_type=\"section\" data-e-type=\"section\">\n\t\t\t\t\t\t<div class=\"elementor-container elementor-column-gap-default\">\n\t\t\t\t\t<div class=\"elementor-column elementor-col-100 elementor-top-column elementor-element elementor-element-38fa24e\" data-id=\"38fa24e\" data-element_type=\"column\" data-e-type=\"column\">\n\t\t\t<div class=\"elementor-widget-wrap elementor-element-populated\">\n\t\t\t\t\t\t<div class=\"elementor-element elementor-element-c4bb67e elementor-widget elementor-widget-text-editor\" data-id=\"c4bb67e\" data-element_type=\"widget\" data-e-type=\"widget\" data-widget_type=\"text-editor.default\">\n\t\t\t\t<div class=\"elementor-widget-container\">\n\t\t\t\t\t\t\t\t\t<p><strong>D\u00e9borah Boijoux<\/strong><\/p><p>S\u00e9minaire sur la r\u00e9ception de l\u2019Antiquit\u00e9, 1<sup>re<\/sup> s\u00e9ance lundi 2 d\u00e9cembre au matin, pour les autres s\u00e9ances, dates \u00e0 fixer. S\u00e9minaire accessible en distanciel, via Zoom. Contact : <a href=\"mailto:deborah.boijoux@univ-nantes.fr\">deborah.boijoux@univ-nantes.fr.<\/a><\/p>\t\t\t\t\t\t\t\t<\/div>\n\t\t\t\t<\/div>\n\t\t\t\t\t<\/div>\n\t\t<\/div>\n\t\t\t\t\t<\/div>\n\t\t<\/section>\n\t\t\t\t<section class=\"elementor-section elementor-top-section elementor-element elementor-element-d032d26 elementor-section-boxed elementor-section-height-default elementor-section-height-default\" data-id=\"d032d26\" data-element_type=\"section\" data-e-type=\"section\">\n\t\t\t\t\t\t<div class=\"elementor-container elementor-column-gap-default\">\n\t\t\t\t\t<div class=\"elementor-column elementor-col-100 elementor-top-column elementor-element elementor-element-c0a0e4a\" data-id=\"c0a0e4a\" data-element_type=\"column\" data-e-type=\"column\">\n\t\t\t<div class=\"elementor-widget-wrap elementor-element-populated\">\n\t\t\t\t\t\t<div class=\"elementor-element elementor-element-08ce4d9 elementor-widget elementor-widget-menu-anchor\" data-id=\"08ce4d9\" data-element_type=\"widget\" data-e-type=\"widget\" data-widget_type=\"menu-anchor.default\">\n\t\t\t\t<div class=\"elementor-widget-container\">\n\t\t\t\t\t\t\t<div class=\"elementor-menu-anchor\" id=\"upec\"><\/div>\n\t\t\t\t\t\t<\/div>\n\t\t\t\t<\/div>\n\t\t\t\t\t<\/div>\n\t\t<\/div>\n\t\t\t\t\t<\/div>\n\t\t<\/section>\n\t\t\t\t<section class=\"elementor-section elementor-top-section elementor-element elementor-element-287384b elementor-section-boxed elementor-section-height-default elementor-section-height-default\" data-id=\"287384b\" data-element_type=\"section\" data-e-type=\"section\">\n\t\t\t\t\t\t<div class=\"elementor-container elementor-column-gap-default\">\n\t\t\t\t\t<div class=\"elementor-column elementor-col-100 elementor-top-column elementor-element elementor-element-8be80ec\" data-id=\"8be80ec\" data-element_type=\"column\" data-e-type=\"column\">\n\t\t\t<div class=\"elementor-widget-wrap elementor-element-populated\">\n\t\t\t\t\t\t<div class=\"elementor-element elementor-element-695d8d5 elementor-widget elementor-widget-heading\" data-id=\"695d8d5\" data-element_type=\"widget\" data-e-type=\"widget\" data-widget_type=\"heading.default\">\n\t\t\t\t<div class=\"elementor-widget-container\">\n\t\t\t\t\t<h2 class=\"elementor-heading-title elementor-size-large\"><a href=\"https:\/\/www.u-pec.fr\/\" target=\"_blank\">Universit\u00e9 de Paris-Est-Cr\u00e9teil (UPEC)<\/a><\/h2>\t\t\t\t<\/div>\n\t\t\t\t<\/div>\n\t\t\t\t\t<\/div>\n\t\t<\/div>\n\t\t\t\t\t<\/div>\n\t\t<\/section>\n\t\t\t\t<section class=\"elementor-section elementor-top-section elementor-element elementor-element-be33b4f elementor-section-boxed elementor-section-height-default elementor-section-height-default\" data-id=\"be33b4f\" data-element_type=\"section\" data-e-type=\"section\">\n\t\t\t\t\t\t<div class=\"elementor-container elementor-column-gap-default\">\n\t\t\t\t\t<div class=\"elementor-column elementor-col-100 elementor-top-column elementor-element elementor-element-e18c1c6\" data-id=\"e18c1c6\" data-element_type=\"column\" data-e-type=\"column\">\n\t\t\t<div class=\"elementor-widget-wrap elementor-element-populated\">\n\t\t\t\t\t\t<div class=\"elementor-element elementor-element-86e9480 elementor-widget elementor-widget-text-editor\" data-id=\"86e9480\" data-element_type=\"widget\" data-e-type=\"widget\" data-widget_type=\"text-editor.default\">\n\t\t\t\t<div class=\"elementor-widget-container\">\n\t\t\t\t\t\t\t\t\t<p>Anne Raffarin: <a href=\"mailto:anne.raffarin@u-pec.fr\">anne.raffarin@u-pec.fr<\/a><\/p><p>Second semestre, les mercredis, 14h-17h, \u00e0 partir du 29 janvier : \u00ab Le dialogue avec les Anciens dans la correspondance des humanistes de P\u00e9trarque \u00e0 \u00c9rasme \u00bb.<\/p>\t\t\t\t\t\t\t\t<\/div>\n\t\t\t\t<\/div>\n\t\t\t\t\t<\/div>\n\t\t<\/div>\n\t\t\t\t\t<\/div>\n\t\t<\/section>\n\t\t\t\t<section class=\"elementor-section elementor-top-section elementor-element elementor-element-abec03b elementor-section-boxed elementor-section-height-default elementor-section-height-default\" data-id=\"abec03b\" data-element_type=\"section\" data-e-type=\"section\">\n\t\t\t\t\t\t<div class=\"elementor-container elementor-column-gap-default\">\n\t\t\t\t\t<div class=\"elementor-column elementor-col-100 elementor-top-column elementor-element elementor-element-9b5d127\" data-id=\"9b5d127\" data-element_type=\"column\" data-e-type=\"column\">\n\t\t\t<div class=\"elementor-widget-wrap elementor-element-populated\">\n\t\t\t\t\t\t<div class=\"elementor-element elementor-element-f867c11 elementor-widget elementor-widget-menu-anchor\" data-id=\"f867c11\" data-element_type=\"widget\" data-e-type=\"widget\" data-widget_type=\"menu-anchor.default\">\n\t\t\t\t<div class=\"elementor-widget-container\">\n\t\t\t\t\t\t\t<div class=\"elementor-menu-anchor\" id=\"picardie\"><\/div>\n\t\t\t\t\t\t<\/div>\n\t\t\t\t<\/div>\n\t\t\t\t\t<\/div>\n\t\t<\/div>\n\t\t\t\t\t<\/div>\n\t\t<\/section>\n\t\t\t\t<section class=\"elementor-section elementor-top-section elementor-element elementor-element-76dbf85 elementor-section-boxed elementor-section-height-default elementor-section-height-default\" data-id=\"76dbf85\" data-element_type=\"section\" data-e-type=\"section\">\n\t\t\t\t\t\t<div class=\"elementor-container elementor-column-gap-default\">\n\t\t\t\t\t<div class=\"elementor-column elementor-col-100 elementor-top-column elementor-element elementor-element-eb354e3\" data-id=\"eb354e3\" data-element_type=\"column\" data-e-type=\"column\">\n\t\t\t<div class=\"elementor-widget-wrap elementor-element-populated\">\n\t\t\t\t\t\t<div class=\"elementor-element elementor-element-0b7774e elementor-widget elementor-widget-heading\" data-id=\"0b7774e\" data-element_type=\"widget\" data-e-type=\"widget\" data-widget_type=\"heading.default\">\n\t\t\t\t<div class=\"elementor-widget-container\">\n\t\t\t\t\t<h2 class=\"elementor-heading-title elementor-size-large\"><a href=\"https:\/\/www.u-picardie.fr\/\" target=\"_blank\">Universit\u00e9 de Picardie, Jules Verne<\/a><\/h2>\t\t\t\t<\/div>\n\t\t\t\t<\/div>\n\t\t\t\t\t<\/div>\n\t\t<\/div>\n\t\t\t\t\t<\/div>\n\t\t<\/section>\n\t\t\t\t<section class=\"elementor-section elementor-top-section elementor-element elementor-element-caac8c7 elementor-section-boxed elementor-section-height-default elementor-section-height-default\" data-id=\"caac8c7\" data-element_type=\"section\" data-e-type=\"section\">\n\t\t\t\t\t\t<div class=\"elementor-container elementor-column-gap-default\">\n\t\t\t\t\t<div class=\"elementor-column elementor-col-100 elementor-top-column elementor-element elementor-element-8237aa8\" data-id=\"8237aa8\" data-element_type=\"column\" data-e-type=\"column\">\n\t\t\t<div class=\"elementor-widget-wrap elementor-element-populated\">\n\t\t\t\t\t\t<div class=\"elementor-element elementor-element-75fd40f elementor-widget elementor-widget-text-editor\" data-id=\"75fd40f\" data-element_type=\"widget\" data-e-type=\"widget\" data-widget_type=\"text-editor.default\">\n\t\t\t\t<div class=\"elementor-widget-container\">\n\t\t\t\t\t\t\t\t\t<p><strong>Laurence Boul\u00e8gue : <a href=\"mailto:laurence.boulegue@u-picardie.fr\">laurence.boulegue@u-picardie.fr<\/a><\/strong><\/p><p>-Litt\u00e9rature latine de la Renaissance : La r\u00e9novation humaniste dans la pens\u00e9e et la litt\u00e9rature n\u00e9olatines du XIV<sup>e<\/sup> au XVI<sup>e<\/sup> si\u00e8cle (CM, Licence 3, 1<sup>er<\/sup> semestre, lundi, 16h-18h) :<\/p><p>Ce cours se propose d\u2019explorer, \u00e0 travers un corpus de textes latins de la Renaissance humaniste, les grandes questions philosophiques et po\u00e9tiques que posent les penseurs et \u00e9crivains de la fin du XIV<sup>e<\/sup> si\u00e8cle au XVI<sup>e<\/sup> si\u00e8cle. Il s\u2019agit d\u2019\u00e9tudier, \u00e0 travers quelques exemples illustres (P\u00e9trarque, Boccace, Landino, Ficin, Politien, Nifo, Second, Belleau, Patrizi), leur projet de r\u00e9novation (<em>renouatio<\/em>) des lettres anciennes et de restauration de la culture antique, latine et grecque, ainsi que leur r\u00e9appropriation et re- cr\u00e9ation de cet h\u00e9ritage antique. Les textes \u00e9tudi\u00e9s offriront un parcours de lecture et d\u2019analyse depuis le premier mouvement humaniste, port\u00e9 par P\u00e9trarque et Boccace, aux th\u00e9ories philosophiques et \u00e9critures po\u00e9tiques du Cinquecento.<\/p><ul><li>S\u00e9minaire de Master : La question f\u00e9minine au tournant des XV<sup>e<\/sup> et XVI<sup>e<\/sup> si\u00e8cles : la litt\u00e9rature de l\u2019\u00e9loge et la r\u00e9flexion philosophique (1<sup>er<\/sup> semestre, lundi, 14h-16h) :<\/li><\/ul><p>La question de la dignit\u00e9 des femmes, objet de d\u00e9bats au Moyen \u00c2ge aussi bien dans les trait\u00e9s p\u00e9ripat\u00e9ticiens, philosophiques et th\u00e9ologiques, que dans les trait\u00e9s de m\u00e9decine, est \u00e0 nouveau pos\u00e9e \u00e0 l\u2019\u00c2ge humaniste. La collection de vies et de portraits <em>Sur les femmes illustres <\/em>(<em>De mulieribus claris<\/em>) de Boccace, dans la seconde moiti\u00e9 du XIV<sup>e<\/sup> si\u00e8cle, mit au c\u0153ur de la rh\u00e9torique de l\u2019\u00e9loge le d\u00e9bat sur le r\u00f4le et le statut des femmes, tant dans la sph\u00e8re priv\u00e9e que dans la sph\u00e8re publique, au cours des deux si\u00e8cles suivants. Ce s\u00e9minaire se propose d\u2019\u00e9tudier un moment particulier du traitement humaniste de la question f\u00e9minine, le tournant du XV<sup>e<\/sup> et du XVI<sup>e<\/sup> si\u00e8cle, quand, dans les milieux intellectuels et les cours de Ferrare et de Mantoue, des femmes puissantes \u2013 en particulier Isabelle d\u2019Este \u2013 d\u00e9cid\u00e8rent d\u2019imprimer leur marque en passant des ouvrages de commande aux hommes lettr\u00e9s de leur entourage, ravivant ainsi un d\u00e9bat qui allait irriguer l\u2019Italie et la France tout au long du si\u00e8cle.<\/p><ul><li>S\u00e9minaire doctoral, collaboration Laurence Boul\u00e8gue (UR 4284 TrAme) et Androula Michael <strong>(<\/strong>UR CRAE (ED SHS UPJV-A2U) : Textes et repr\u00e9sentations (2<sup>e<\/sup> semestre, 6 s\u00e9ances de 2 heures) :<\/li><\/ul><p>Ce s\u00e9minaire conjointement organis\u00e9 par les unit\u00e9s de recherche CRAE et TrAme se veut un lieu de r\u00e9flexion pluri\/inter\/trans disciplinaire (lettres, esth\u00e9tique, philosophie, histoire de l\u2019art, peinture, sculpture, architecture, cin\u00e9ma \u2026) sur la question de l\u2019articulation du texte et de l\u2019image, comprise dans l\u2019acception large de repr\u00e9sentation (picturale, architecturale, sculpturale\u2026). Il se propose d\u2019\u00e9tudier, au cours de 6 s\u00e9ances de 2 heures, les th\u00e9ories et les pratiques de la rencontre entre le texte et les repr\u00e9sentations artistiques (du XIVe si\u00e8cle \u00e0 l\u2019\u00e9poque contemporaine) et de se demander ce que le texte fait \u00e0 l\u2019image et ce que l\u2019image fait au texte, qu\u2019ils soient con\u00e7us ensemble d\u00e8s le d\u00e9part (embl\u00e8mes, \u00e9ditions illustr\u00e9es, livres d\u2019artistes, sc\u00e9nario cin\u00e9matographique, \u0153uvres plastiques, objets arch\u00e9ologiques et inscriptions, bandes dessin\u00e9es \u2026) ou qu\u2019ils se trouvent associ\u00e9s apr\u00e8s-coup (ekphrasis litt\u00e9raire, critiques d\u2019art, th\u00e9orie poi\u00e9tique \u2026).<\/p><ul><li>S\u00e9minaire de recherche <em>De mulieribus, <\/em>collaboration Laurence Boul\u00e8gue (UPJV-UR 4284 TrAme) et Ida Gilda Mastrorosa (U. de Florence-SAGAS) (\u00e0 distance, mensuel, octobre-juin)<\/li><\/ul><p>Ce s\u00e9minaire sur la question f\u00e9minine dans la litt\u00e9rature et la pens\u00e9e humanistes s\u2019inscrit dans le cadre du programme scientifique et p\u00e9dagogique transdisciplinaire <em>Litt\u00e9ratures, philosophie et histoire \u00e0 l\u2019\u00c2ge humaniste. Regards crois\u00e9s (XV<sup>e<\/sup>-XVII<sup>e<\/sup> si\u00e8cles)<\/em>. Partant du constat que le d\u00e9bat sur la question f\u00e9minine, dont on peut consid\u00e9rer que le <em>De claris mulieribus <\/em>de Boccace dans la seconde moiti\u00e9 du XIV<sup>e<\/sup> si\u00e8cle est, dans la litt\u00e9rature humaniste, l\u2019\u00e9v\u00e9nement fondateur, suscite depuis quelques ann\u00e9es un regain d\u2019int\u00e9r\u00eat, en particulier dans le domaine des \u00e9tudes de genre, il nous est apparu qu\u2019il m\u00e9rite d\u2019\u00eatre envisag\u00e9 de nouveau gr\u00e2ce au croisement des regards disciplinaires. Si le corpus des collections de portraits et des vies a donn\u00e9 et donnent lieu actuellement \u00e0 des \u00e9tudes circonstanci\u00e9es, principalement dans le champ de la rh\u00e9torique encomiastique, d\u2019autres textes plus th\u00e9oriques \u2013 dans des trait\u00e9s auliques, philosophiques, politiques, juridiques, historiques, po\u00ef\u00e9tiques ou au sein d\u2019\u0153uvres de fiction \u2013 restent encore dans l\u2019ombre. Ils sont pourtant indispensables pour saisir plus largement les interrogations et les probl\u00e9matiques qu\u2019a pu soulever la question de la nature, du r\u00f4le et du statut des femmes dans les d\u00e9bats qui ont eu lieu \u00e0 l\u2019\u00c2ge humaniste dans des aires culturelles vari\u00e9es, dans les diff\u00e9rents centres de l\u2019Italie de la Renaissance, mais aussi dans le reste de l\u2019Europe.<\/p><p><strong>Nathalie Catellani : <a href=\"mailto:nathalie.catellani@u-picardie.fr\">nathalie.catellani@u-picardie.fr<\/a><\/strong><\/p><p>S\u00e9minaire : \u00ab La figure de Jules C\u00e9sar dans la litt\u00e9rature antique et humaniste : <em>imperator <\/em>ou tyran ?\u00bb, avec Olivier Szerwiniack (deuxi\u00e8me semestre, dates non encore fix\u00e9es)<\/p>\t\t\t\t\t\t\t\t<\/div>\n\t\t\t\t<\/div>\n\t\t\t\t\t<\/div>\n\t\t<\/div>\n\t\t\t\t\t<\/div>\n\t\t<\/section>\n\t\t\t\t<section class=\"elementor-section elementor-top-section elementor-element elementor-element-6e478bc elementor-section-boxed elementor-section-height-default elementor-section-height-default\" data-id=\"6e478bc\" data-element_type=\"section\" data-e-type=\"section\">\n\t\t\t\t\t\t<div class=\"elementor-container elementor-column-gap-default\">\n\t\t\t\t\t<div class=\"elementor-column elementor-col-100 elementor-top-column elementor-element elementor-element-fcedeed\" data-id=\"fcedeed\" data-element_type=\"column\" data-e-type=\"column\">\n\t\t\t<div class=\"elementor-widget-wrap elementor-element-populated\">\n\t\t\t\t\t\t<div class=\"elementor-element elementor-element-a0daab9 elementor-widget elementor-widget-menu-anchor\" data-id=\"a0daab9\" data-element_type=\"widget\" data-e-type=\"widget\" data-widget_type=\"menu-anchor.default\">\n\t\t\t\t<div class=\"elementor-widget-container\">\n\t\t\t\t\t\t\t<div class=\"elementor-menu-anchor\" id=\"sorbonne\"><\/div>\n\t\t\t\t\t\t<\/div>\n\t\t\t\t<\/div>\n\t\t\t\t\t<\/div>\n\t\t<\/div>\n\t\t\t\t\t<\/div>\n\t\t<\/section>\n\t\t\t\t<section class=\"elementor-section elementor-top-section elementor-element elementor-element-2cdd5f3 elementor-section-boxed elementor-section-height-default elementor-section-height-default\" data-id=\"2cdd5f3\" data-element_type=\"section\" data-e-type=\"section\">\n\t\t\t\t\t\t<div class=\"elementor-container elementor-column-gap-default\">\n\t\t\t\t\t<div class=\"elementor-column elementor-col-100 elementor-top-column elementor-element elementor-element-e8a0230\" data-id=\"e8a0230\" data-element_type=\"column\" data-e-type=\"column\">\n\t\t\t<div class=\"elementor-widget-wrap elementor-element-populated\">\n\t\t\t\t\t\t<div class=\"elementor-element elementor-element-94b8d1f elementor-widget elementor-widget-heading\" data-id=\"94b8d1f\" data-element_type=\"widget\" data-e-type=\"widget\" data-widget_type=\"heading.default\">\n\t\t\t\t<div class=\"elementor-widget-container\">\n\t\t\t\t\t<h2 class=\"elementor-heading-title elementor-size-large\"><a href=\"https:\/\/www.sorbonne-universite.fr\/\" target=\"_blank\">Universit\u00e9 Sorbonne Universit\u00e9<\/a><\/h2>\t\t\t\t<\/div>\n\t\t\t\t<\/div>\n\t\t\t\t\t<\/div>\n\t\t<\/div>\n\t\t\t\t\t<\/div>\n\t\t<\/section>\n\t\t\t\t<section class=\"elementor-section elementor-top-section elementor-element elementor-element-37b49da2 elementor-section-boxed elementor-section-height-default elementor-section-height-default\" data-id=\"37b49da2\" data-element_type=\"section\" data-e-type=\"section\">\n\t\t\t\t\t\t<div class=\"elementor-container elementor-column-gap-default\">\n\t\t\t\t\t<div class=\"elementor-column elementor-col-100 elementor-top-column elementor-element elementor-element-3ce84319\" data-id=\"3ce84319\" data-element_type=\"column\" data-e-type=\"column\">\n\t\t\t<div class=\"elementor-widget-wrap elementor-element-populated\">\n\t\t\t\t\t\t<div class=\"elementor-element elementor-element-6f5d8525 elementor-widget elementor-widget-text-editor\" data-id=\"6f5d8525\" data-element_type=\"widget\" data-e-type=\"widget\" data-widget_type=\"text-editor.default\">\n\t\t\t\t<div class=\"elementor-widget-container\">\n\t\t\t\t\t\t\t\t\t<p><strong>H\u00e9l\u00e8ne Casanova-Robin : <a href=\"mailto:helene.casanova-robin@sorbonne-universite.fr\">helene.casanova-robin@sorbonne-universite.fr<\/a><\/strong><\/p><p>&#8211; S\u00e9minaire : Litt\u00e9rature latine de la Renaissance (jeudi 15h-17h), Maison de la recherche de la Facult\u00e9 des Lettres de Sorbonne Universit\u00e9 (salle D 421), 28 rue Serpente, 75006 Paris<\/p><p>*Semestre 1 (M1\/M3 LC26LA \u2013 ou M1\/M3LTZ26LA pour les \u00e9tudiants inscrits depuis d\u2019autres UFR que celles de latin ou de grec, ou encore M1\/3LI0512 pour les \u00e9tudiants inscrits dans le Master \u00ab de la Renaissance aux Lumi\u00e8res \u00bb SU\/Paris 3) : Mythe et po\u00e9sie : le ciel, les hommes et les dieux, dans la po\u00e9sie latine de la Renaissance- \u00e9tude des constellations et des mythes aff\u00e9rents.<\/p><p>Dans le sillage de Lucr\u00e8ce, de Virgile, d\u2019Ovide et de Manilius, les humanistes \u00e9laborent une po\u00e9sie latine destin\u00e9e \u00e0 repr\u00e9senter la nature dans sa dimension universelle. Ils r\u00e9fl\u00e9chissent aussi bien sur les ph\u00e9nom\u00e8nes terrestres et c\u00e9lestes que sur la dynamique du vivant et la condition humaine, partant du principe que le monde est un tout dont il s\u2019agit d\u2019exposer la coh\u00e9sion.<\/p><p>Gr\u00e2ce \u00e0 une subtile articulation entre merveilleux et rationalit\u00e9, le mythe occupe dans cette d\u00e9monstration une place de choix, constituant bien plus qu\u2019un ornement du discours. La po\u00e9sie didactique jubilatoire ainsi \u00e9labor\u00e9e renouvelle les formes litt\u00e9raires antiques et, nourrie des savants d\u00e9bats contemporains, elle inspire programmes d\u00e9coratifs et \u0153uvres en langue moderne.<\/p><p>On \u00e9tudiera, notamment \u00e0 partir de l\u2019<em>Urania <\/em>de Giovanni Pontano \u2013 et des <em>Hymni Naturales <\/em>de Marulle \u2013, comment la science des astres et de l\u2019univers b\u00e9n\u00e9ficie de ce langage po\u00e9tique raffin\u00e9 et participe d\u2019un ample questionnement sur l\u2019origine de l\u2019humanit\u00e9 et le destin des hommes. La po\u00e9sie du ciel n\u2019est en effet jamais dissoci\u00e9e d\u2019une r\u00e9flexion sur l\u2019anthropologie ni des questions \u00e9thiques. Les mythes antiques sont revisit\u00e9s, au gr\u00e9 des interpr\u00e9tations qui leur ont \u00e9t\u00e9 associ\u00e9es au cours des si\u00e8cles et de nouveaux mythes sont \u00e9labor\u00e9s.<\/p><p>(N.B. S\u2019il s\u2019agit des m\u00eames auteurs que ceux indiqu\u00e9s en 2023, les extraits \u00e9tudi\u00e9s en 2024 seront diff\u00e9rents, on s\u2019int\u00e9ressera en particulier aux liens \u00e9tablis par les po\u00e8tes entre les astres et la g\u00e9ographie de la terre).<\/p><p>*Semestre 2 (M2\/M4 LC26LA \u2013 ou M2\/M4LTZ26LA pour les \u00e9tudiants inscrits depuis d\u2019autres UFR que celles de latin ou de grec, ou encore M2\/4LI0512 pour les \u00e9tudiants inscrits dans le Master \u00ab de la Renaissance aux Lumi\u00e8res \u00bb SU\/Paris 3) : Commenter les textes antiques \u00e0 l\u2019\u00e2ge de l\u2019Humanisme et \u00e0 la Renaissance.<\/p><p>Le commentaire des textes antiques acquiert une forme nouvelle \u00e0 l\u2019\u00e2ge de l\u2019humanisme et de la renaissance. Des textes \u00ab oubli\u00e9s \u00bb au cours du Moyen \u00c2ge sont alors red\u00e9couverts et la forme m\u00eame du commentaire se diversifie. Si la tradition des scholies antiques perdure, apparaissent aussi des dialogues qui mettent en d\u00e9bat les \u00e9crits de l\u2019antiquit\u00e9, les doctrines et les modes de pens\u00e9e ; plus encore, ce sont aussi des \u0153uvres de fiction, en prose ou en po\u00e9sie, romanesques ou dramatiques qui portent \u00e9galement une vis\u00e9e ex\u00e9g\u00e9tique. La mythologie demeure un objet de pr\u00e9dilection de ces commentaires, mat\u00e9riau qui s\u2019est si bien pr\u00eat\u00e9 \u00e0 v\u00e9hiculer toutes sortes de symbolismes. Les grandes \u0153uvres de l\u2019antiquit\u00e9, Virgile, Platon, Cic\u00e9ron, Ovide, Lucr\u00e8ce donnent ainsi lieu \u00e0 des analyses pr\u00e9cises qui t\u00e9moignent d\u2019un nouvel \u00e9clairage, porteur des pr\u00e9occupations contemporaines de leurs auteurs, qu\u2019elles soient d\u2019ordre politique, religieux, moral ou esth\u00e9tique et bien s\u00fbr, philologiques. Nous \u00e9tudierons quelques exemples de cette diversit\u00e9 des discours ex\u00e9g\u00e9tiques dans les corpus latins du XV<sup>e<\/sup> si\u00e8cle italien.<\/p><p><b>Adrian Faure : <a href=\"mailto:adrian.faure@sorbonne-universite.fr\">adrian.faure@sorbonne-universite.fr<\/a><\/b><\/p><p>TD de L3 (1h), option \u00ab Litt\u00e9rature et culture latines de la Renaissance \u00bb, Semestre 2 : \u00ab Qu\u2019est-ce qu\u2019un homme illustre ? L\u2019exemple de Scipion \u00e0 la Renaissance \u00bb<\/p><p><b>Pamela Mauffrais : <a href=\"mailto:pamela.mauffrais@sorbonne-universite.fr\">pamela.mauffrais@sorbonne-universite.fr<\/a><\/b><\/p><p>TD de L3 (1h), option \u00ab Litt\u00e9rature et culture latines de la Renaissance \u00bb, Semestre 1 : \u00ab L\u2019<em>Isottaeus liber <\/em>de Basinio de Parme (1449)<\/p><p><b>\u00c9milie S\u00e9ris : <a href=\"mailto:emilie.seris@sorbonne-universite.fr\">emilie.seris@sorbonne-universite.fr<\/a><\/b><\/p><ul><li>CM\/TD de L1 et L2 (2h), option \u00ab Litt\u00e9rature et culture latines de la Renaissance \u00bb (Semestre 1 et Semestre 2) : \u00ab Le nu dans la litt\u00e9rature et les arts de la Renaissance \u00bb.<\/li><li>CM\/TD de L2 (3h), bi-cursus Lettres (Sorbonne) \/ Sciences sociales (Sciences Po), S2 : \u00ab Prolongements de l\u2019Antiquit\u00e9 \u00e0 l\u2019\u00e2ge de l\u2019humanisme \u00bb.<\/li><li>Cours Magistral de L3 (1h), option \u00ab Litt\u00e9rature et culture latines de la Renaissance \u00bb, Semestre 1 : \u00ab La po\u00e9sie amoureuse n\u00e9o-latine \u00bb ; Semestre 2 : \u00ab La renaissance de la biographie \u00bb.<\/li><li>Agr\u00e9gation d\u2019italien, pr\u00e9paration \u00e0 l\u2019\u00e9preuve orale sur l\u2019auteur latin : \u00ab Sainte Claire, <em>Lettres <\/em>\u00bb.<\/li><\/ul>\t\t\t\t\t\t\t\t<\/div>\n\t\t\t\t<\/div>\n\t\t\t\t\t<\/div>\n\t\t<\/div>\n\t\t\t\t\t<\/div>\n\t\t<\/section>\n\t\t\t\t<section class=\"elementor-section elementor-top-section elementor-element elementor-element-2ff039a elementor-section-boxed elementor-section-height-default elementor-section-height-default\" data-id=\"2ff039a\" data-element_type=\"section\" data-e-type=\"section\">\n\t\t\t\t\t\t<div class=\"elementor-container elementor-column-gap-default\">\n\t\t\t\t\t<div class=\"elementor-column elementor-col-100 elementor-top-column elementor-element elementor-element-f180af0\" data-id=\"f180af0\" data-element_type=\"column\" data-e-type=\"column\">\n\t\t\t<div class=\"elementor-widget-wrap elementor-element-populated\">\n\t\t\t\t\t\t<div class=\"elementor-element elementor-element-d71720b elementor-widget elementor-widget-image\" data-id=\"d71720b\" data-element_type=\"widget\" data-e-type=\"widget\" data-widget_type=\"image.default\">\n\t\t\t\t<div class=\"elementor-widget-container\">\n\t\t\t\t\t\t\t\t\t\t\t\t\t\t\t<img decoding=\"async\" width=\"61\" height=\"60\" src=\"https:\/\/www.semen-l.org\/wp-content\/uploads\/2009\/12\/stella.jpg\" class=\"attachment-large size-large wp-image-3009\" alt=\"\" \/>\t\t\t\t\t\t\t\t\t\t\t\t\t\t\t<\/div>\n\t\t\t\t<\/div>\n\t\t\t\t\t<\/div>\n\t\t<\/div>\n\t\t\t\t\t<\/div>\n\t\t<\/section>\n\t\t\t\t<\/div>\n\t\t","protected":false},"excerpt":{"rendered":"<p>Menu CNRS (Centre Nortbert Elias et CRH) CNRS (IHD) \u00c9cole Nationale des Chartes ENS rue d&rsquo;Ulm ENS LSH Lyon EPHE, PSL IRHT Aix Marseille Bordeaux Montaigne Bordeaux Bourgogne Gen\u00e8ve Louvain-la-Neuve Lyon III Nancy UPEC Picardie Sorbonne CNRS (Centre Norbert Elias &hellip; <a href=\"https:\/\/www.semen-l.org\/?p=3617\">Continuer la lecture <span class=\"meta-nav\">&rarr;<\/span><\/a><\/p>\n","protected":false},"author":26,"featured_media":1120,"comment_status":"open","ping_status":"open","sticky":false,"template":"","format":"standard","meta":{"footnotes":""},"categories":[5],"tags":[2128,2179,1513,1694,2187,2161,1592,207,1586,86,91,2087,1178,81,1841,193,454,2183,1240,174,1715,823,137,18,1265,31,2190,29,1367,309,1303,1294,2129,1443,332,2180,2184,144,269,2193,222,1773,1349,244,1185,2191,159,403,2185,142,1199,2188,692,139,26,30,418,2182,2189,183,380,421,286,32,467,116,2192,1643,2181,1750,1162],"class_list":["post-3617","post","type-post","status-publish","format-standard","has-post-thumbnail","hentry","category-cours-et-seminaires","tag-alexandreide","tag-apocalypse-de-golias","tag-aquitaine","tag-astronomie","tag-bandini-domenico","tag-basini-basinio","tag-belleau-remy","tag-bibliotheque","tag-biographie","tag-boccace","tag-guillaume-bude","tag-cesar","tag-codicologie","tag-commentaire","tag-correspondance","tag-cosmologie","tag-de-claris-mulieribus","tag-deschamps-martial","tag-deuil","tag-dialogue","tag-dorat-jean","tag-droit","tag-encyclopedie","tag-epistolaire","tag-epopee","tag-erasme","tag-este-isabelle-d","tag-exegese","tag-ferrare","tag-ficin-marsile","tag-fiction","tag-france","tag-gautier-de-chatillon","tag-geographie","tag-hermeneutique","tag-hincmar-de-reims","tag-histoire-tragique-martial-deschamps","tag-humanisme","tag-hymne","tag-hymni-naturales-marulle","tag-iconographie","tag-isottaeus-liber","tag-italie","tag-landino-cristoforo","tag-letald-de-micy","tag-mantoue","tag-manuscrit","tag-marulle-michel","tag-mythographie","tag-nifo-agostino","tag-paleographie","tag-patrizi-francesco","tag-philologie","tag-philosophie","tag-poesie","tag-ange-politien","tag-politique","tag-claude-rapine","tag-renovatio","tag-satire","tag-scipion-lafricain","tag-second-jean","tag-theologie","tag-thomas-more","tag-tyran","tag-tyrannie","tag-urania-pontano","tag-utopie","tag-vie-de-saint-remi-hincmar-de-reims","tag-vinet-elie","tag-voyage"],"yoast_head":"<!-- This site is optimized with the Yoast SEO plugin v27.5 - https:\/\/yoast.com\/product\/yoast-seo-wordpress\/ -->\n<title>Cours et s\u00e9minaires 2024-2025 - Soci\u00e9t\u00e9 d&#039;\u00c9tudes M\u00e9dio Et N\u00e9o-Latines<\/title>\n<meta name=\"robots\" content=\"index, follow, max-snippet:-1, max-image-preview:large, max-video-preview:-1\" \/>\n<link rel=\"canonical\" href=\"http:\/\/www.semen-l.org\/?p=3617\" \/>\n<meta property=\"og:locale\" content=\"fr_FR\" \/>\n<meta property=\"og:type\" content=\"article\" \/>\n<meta property=\"og:title\" content=\"Cours et s\u00e9minaires 2024-2025 - Soci\u00e9t\u00e9 d&#039;\u00c9tudes M\u00e9dio Et N\u00e9o-Latines\" \/>\n<meta property=\"og:description\" content=\"Menu CNRS (Centre Nortbert Elias et CRH) CNRS (IHD) \u00c9cole Nationale des Chartes ENS rue d&rsquo;Ulm ENS LSH Lyon EPHE, PSL IRHT Aix Marseille Bordeaux Montaigne Bordeaux Bourgogne Gen\u00e8ve Louvain-la-Neuve Lyon III Nancy UPEC Picardie Sorbonne CNRS (Centre Norbert Elias &hellip; Continuer la lecture &rarr;\" \/>\n<meta property=\"og:url\" content=\"http:\/\/www.semen-l.org\/?p=3617\" \/>\n<meta property=\"og:site_name\" content=\"Soci\u00e9t\u00e9 d&#039;\u00c9tudes M\u00e9dio Et N\u00e9o-Latines\" \/>\n<meta property=\"article:publisher\" content=\"https:\/\/www.facebook.com\/SEMENL2018\" \/>\n<meta property=\"article:published_time\" content=\"2024-12-27T21:01:14+00:00\" \/>\n<meta property=\"article:modified_time\" content=\"2025-02-02T18:13:31+00:00\" \/>\n<meta property=\"og:image\" content=\"http:\/\/www.semen-l.org\/wp-content\/uploads\/2020\/11\/semen-l-arriere.png\" \/>\n\t<meta property=\"og:image:width\" content=\"294\" \/>\n\t<meta property=\"og:image:height\" content=\"286\" \/>\n\t<meta property=\"og:image:type\" content=\"image\/png\" \/>\n<meta name=\"author\" content=\"Julien Maudoux\" \/>\n<meta name=\"twitter:card\" content=\"summary_large_image\" \/>\n<meta name=\"twitter:label1\" content=\"\u00c9crit par\" \/>\n\t<meta name=\"twitter:data1\" content=\"Julien Maudoux\" \/>\n<script type=\"application\/ld+json\" class=\"yoast-schema-graph\">{\"@context\":\"https:\\\/\\\/schema.org\",\"@graph\":[{\"@type\":\"Article\",\"@id\":\"http:\\\/\\\/www.semen-l.org\\\/?p=3617#article\",\"isPartOf\":{\"@id\":\"http:\\\/\\\/www.semen-l.org\\\/?p=3617\"},\"author\":{\"name\":\"Julien Maudoux\",\"@id\":\"http:\\\/\\\/www.semen-l.org\\\/#\\\/schema\\\/person\\\/ef5208815f17666727763c5363a51344\"},\"headline\":\"Cours et s\u00e9minaires 2024-2025\",\"datePublished\":\"2024-12-27T21:01:14+00:00\",\"dateModified\":\"2025-02-02T18:13:31+00:00\",\"mainEntityOfPage\":{\"@id\":\"http:\\\/\\\/www.semen-l.org\\\/?p=3617\"},\"wordCount\":4498,\"commentCount\":0,\"publisher\":{\"@id\":\"http:\\\/\\\/www.semen-l.org\\\/#organization\"},\"image\":{\"@id\":\"http:\\\/\\\/www.semen-l.org\\\/?p=3617#primaryimage\"},\"thumbnailUrl\":\"https:\\\/\\\/www.semen-l.org\\\/wp-content\\\/uploads\\\/2020\\\/11\\\/semen-l-arriere.png\",\"keywords\":[\"Alexandr\u00e9ide\",\"Apocalypse de Golias\",\"Aquitaine\",\"astronomie\",\"Bandini (Domenico)\",\"Basini (Basinio)\",\"Belleau (Remy)\",\"biblioth\u00e8que\",\"biographie\",\"Boccace\",\"Bud\u00e9 (Guillaume)\",\"C\u00e9sar (Jules)\",\"codicologie\",\"commentaire\",\"correspondance\",\"cosmologie\",\"De claris mulieribus (Boccace)\",\"Deschamps (Martial)\",\"deuil\",\"dialogue\",\"Dorat (Jean)\",\"droit\",\"encyclop\u00e9die\",\"\u00e9pistolaire\",\"\u00e9pop\u00e9e\",\"\u00c9rasme\",\"Este (Isabelle d')\",\"exeg\u00e8se\",\"Ferrare\",\"Ficin (Marsile)\",\"fiction\",\"France\",\"Gautier de Ch\u00e2tillon\",\"g\u00e9ographie\",\"herm\u00e9neutique\",\"Hincmar de Reims\",\"Histoire tragique (Martial Deschamps)\",\"humanisme\",\"hymne\",\"Hymni Naturales (Marulle)\",\"iconographie\",\"Isottaeus Liber\",\"Italie\",\"Landino (Cristoforo)\",\"L\u00e9tald de Micy\",\"Mantoue\",\"manuscrit\",\"Marulle (Michel)\",\"mythographie\",\"Nifo (Agostino)\",\"pal\u00e9ographie\",\"Patrizi (Francesco)\",\"philologie\",\"philosophie\",\"po\u00e9sie\",\"Politien (Ange)\",\"politique\",\"Rapine (Claude)\",\"renovatio\",\"satire\",\"Scipion l'Africain\",\"Second (Jean)\",\"th\u00e9ologie\",\"Thomas More\",\"tyran\",\"tyrannie\",\"Urania (Pontano)\",\"Utopie\",\"Vie de saint Remi (Hincmar de Reims)\",\"Vinet (\u00c9lie)\",\"voyage\"],\"articleSection\":[\"Cours et s\u00e9minaires\"],\"inLanguage\":\"fr-FR\",\"potentialAction\":[{\"@type\":\"CommentAction\",\"name\":\"Comment\",\"target\":[\"http:\\\/\\\/www.semen-l.org\\\/?p=3617#respond\"]}]},{\"@type\":\"WebPage\",\"@id\":\"http:\\\/\\\/www.semen-l.org\\\/?p=3617\",\"url\":\"http:\\\/\\\/www.semen-l.org\\\/?p=3617\",\"name\":\"Cours et s\u00e9minaires 2024-2025 - Soci\u00e9t\u00e9 d&#039;\u00c9tudes M\u00e9dio Et N\u00e9o-Latines\",\"isPartOf\":{\"@id\":\"http:\\\/\\\/www.semen-l.org\\\/#website\"},\"primaryImageOfPage\":{\"@id\":\"http:\\\/\\\/www.semen-l.org\\\/?p=3617#primaryimage\"},\"image\":{\"@id\":\"http:\\\/\\\/www.semen-l.org\\\/?p=3617#primaryimage\"},\"thumbnailUrl\":\"https:\\\/\\\/www.semen-l.org\\\/wp-content\\\/uploads\\\/2020\\\/11\\\/semen-l-arriere.png\",\"datePublished\":\"2024-12-27T21:01:14+00:00\",\"dateModified\":\"2025-02-02T18:13:31+00:00\",\"breadcrumb\":{\"@id\":\"http:\\\/\\\/www.semen-l.org\\\/?p=3617#breadcrumb\"},\"inLanguage\":\"fr-FR\",\"potentialAction\":[{\"@type\":\"ReadAction\",\"target\":[\"http:\\\/\\\/www.semen-l.org\\\/?p=3617\"]}]},{\"@type\":\"ImageObject\",\"inLanguage\":\"fr-FR\",\"@id\":\"http:\\\/\\\/www.semen-l.org\\\/?p=3617#primaryimage\",\"url\":\"https:\\\/\\\/www.semen-l.org\\\/wp-content\\\/uploads\\\/2020\\\/11\\\/semen-l-arriere.png\",\"contentUrl\":\"https:\\\/\\\/www.semen-l.org\\\/wp-content\\\/uploads\\\/2020\\\/11\\\/semen-l-arriere.png\",\"width\":294,\"height\":286},{\"@type\":\"BreadcrumbList\",\"@id\":\"http:\\\/\\\/www.semen-l.org\\\/?p=3617#breadcrumb\",\"itemListElement\":[{\"@type\":\"ListItem\",\"position\":1,\"name\":\"Accueil\",\"item\":\"http:\\\/\\\/www.semen-l.org\\\/\"},{\"@type\":\"ListItem\",\"position\":2,\"name\":\"Cours et s\u00e9minaires 2024-2025\"}]},{\"@type\":\"WebSite\",\"@id\":\"http:\\\/\\\/www.semen-l.org\\\/#website\",\"url\":\"http:\\\/\\\/www.semen-l.org\\\/\",\"name\":\"Soci\u00e9t\u00e9 d'\u00c9tudes M\u00e9dio Et N\u00e9o-Latines\",\"description\":\"\",\"publisher\":{\"@id\":\"http:\\\/\\\/www.semen-l.org\\\/#organization\"},\"potentialAction\":[{\"@type\":\"SearchAction\",\"target\":{\"@type\":\"EntryPoint\",\"urlTemplate\":\"http:\\\/\\\/www.semen-l.org\\\/?s={search_term_string}\"},\"query-input\":{\"@type\":\"PropertyValueSpecification\",\"valueRequired\":true,\"valueName\":\"search_term_string\"}}],\"inLanguage\":\"fr-FR\"},{\"@type\":\"Organization\",\"@id\":\"http:\\\/\\\/www.semen-l.org\\\/#organization\",\"name\":\"Soci\u00e9t\u00e9 d'\u00e9tudes m\u00e9dio et n\u00e9o-latines\",\"url\":\"http:\\\/\\\/www.semen-l.org\\\/\",\"logo\":{\"@type\":\"ImageObject\",\"inLanguage\":\"fr-FR\",\"@id\":\"http:\\\/\\\/www.semen-l.org\\\/#\\\/schema\\\/logo\\\/image\\\/\",\"url\":\"http:\\\/\\\/www.semen-l.org\\\/wp-content\\\/uploads\\\/2020\\\/11\\\/logo-semenl.jpg\",\"contentUrl\":\"http:\\\/\\\/www.semen-l.org\\\/wp-content\\\/uploads\\\/2020\\\/11\\\/logo-semenl.jpg\",\"width\":408,\"height\":403,\"caption\":\"Soci\u00e9t\u00e9 d'\u00e9tudes m\u00e9dio et n\u00e9o-latines\"},\"image\":{\"@id\":\"http:\\\/\\\/www.semen-l.org\\\/#\\\/schema\\\/logo\\\/image\\\/\"},\"sameAs\":[\"https:\\\/\\\/www.facebook.com\\\/SEMENL2018\",\"https:\\\/\\\/independent.academia.edu\\\/SocitsdtudesmdioetnolatinesSEMENL\"]},{\"@type\":\"Person\",\"@id\":\"http:\\\/\\\/www.semen-l.org\\\/#\\\/schema\\\/person\\\/ef5208815f17666727763c5363a51344\",\"name\":\"Julien Maudoux\",\"image\":{\"@type\":\"ImageObject\",\"inLanguage\":\"fr-FR\",\"@id\":\"https:\\\/\\\/secure.gravatar.com\\\/avatar\\\/caabf4fb6242e2277733cd35a5c2aa083761ea25dae1d1ff3298b54292225292?s=96&d=mm&r=g\",\"url\":\"https:\\\/\\\/secure.gravatar.com\\\/avatar\\\/caabf4fb6242e2277733cd35a5c2aa083761ea25dae1d1ff3298b54292225292?s=96&d=mm&r=g\",\"contentUrl\":\"https:\\\/\\\/secure.gravatar.com\\\/avatar\\\/caabf4fb6242e2277733cd35a5c2aa083761ea25dae1d1ff3298b54292225292?s=96&d=mm&r=g\",\"caption\":\"Julien Maudoux\"},\"description\":\"Webmestre du site de la SEMEN-L\",\"url\":\"https:\\\/\\\/www.semen-l.org\\\/?author=26\"}]}<\/script>\n<!-- \/ Yoast SEO plugin. -->","yoast_head_json":{"title":"Cours et s\u00e9minaires 2024-2025 - Soci\u00e9t\u00e9 d&#039;\u00c9tudes M\u00e9dio Et N\u00e9o-Latines","robots":{"index":"index","follow":"follow","max-snippet":"max-snippet:-1","max-image-preview":"max-image-preview:large","max-video-preview":"max-video-preview:-1"},"canonical":"http:\/\/www.semen-l.org\/?p=3617","og_locale":"fr_FR","og_type":"article","og_title":"Cours et s\u00e9minaires 2024-2025 - Soci\u00e9t\u00e9 d&#039;\u00c9tudes M\u00e9dio Et N\u00e9o-Latines","og_description":"Menu CNRS (Centre Nortbert Elias et CRH) CNRS (IHD) \u00c9cole Nationale des Chartes ENS rue d&rsquo;Ulm ENS LSH Lyon EPHE, PSL IRHT Aix Marseille Bordeaux Montaigne Bordeaux Bourgogne Gen\u00e8ve Louvain-la-Neuve Lyon III Nancy UPEC Picardie Sorbonne CNRS (Centre Norbert Elias &hellip; Continuer la lecture &rarr;","og_url":"http:\/\/www.semen-l.org\/?p=3617","og_site_name":"Soci\u00e9t\u00e9 d&#039;\u00c9tudes M\u00e9dio Et N\u00e9o-Latines","article_publisher":"https:\/\/www.facebook.com\/SEMENL2018","article_published_time":"2024-12-27T21:01:14+00:00","article_modified_time":"2025-02-02T18:13:31+00:00","og_image":[{"width":294,"height":286,"url":"http:\/\/www.semen-l.org\/wp-content\/uploads\/2020\/11\/semen-l-arriere.png","type":"image\/png"}],"author":"Julien Maudoux","twitter_card":"summary_large_image","twitter_misc":{"\u00c9crit par":"Julien Maudoux"},"schema":{"@context":"https:\/\/schema.org","@graph":[{"@type":"Article","@id":"http:\/\/www.semen-l.org\/?p=3617#article","isPartOf":{"@id":"http:\/\/www.semen-l.org\/?p=3617"},"author":{"name":"Julien Maudoux","@id":"http:\/\/www.semen-l.org\/#\/schema\/person\/ef5208815f17666727763c5363a51344"},"headline":"Cours et s\u00e9minaires 2024-2025","datePublished":"2024-12-27T21:01:14+00:00","dateModified":"2025-02-02T18:13:31+00:00","mainEntityOfPage":{"@id":"http:\/\/www.semen-l.org\/?p=3617"},"wordCount":4498,"commentCount":0,"publisher":{"@id":"http:\/\/www.semen-l.org\/#organization"},"image":{"@id":"http:\/\/www.semen-l.org\/?p=3617#primaryimage"},"thumbnailUrl":"https:\/\/www.semen-l.org\/wp-content\/uploads\/2020\/11\/semen-l-arriere.png","keywords":["Alexandr\u00e9ide","Apocalypse de Golias","Aquitaine","astronomie","Bandini (Domenico)","Basini (Basinio)","Belleau (Remy)","biblioth\u00e8que","biographie","Boccace","Bud\u00e9 (Guillaume)","C\u00e9sar (Jules)","codicologie","commentaire","correspondance","cosmologie","De claris mulieribus (Boccace)","Deschamps (Martial)","deuil","dialogue","Dorat (Jean)","droit","encyclop\u00e9die","\u00e9pistolaire","\u00e9pop\u00e9e","\u00c9rasme","Este (Isabelle d')","exeg\u00e8se","Ferrare","Ficin (Marsile)","fiction","France","Gautier de Ch\u00e2tillon","g\u00e9ographie","herm\u00e9neutique","Hincmar de Reims","Histoire tragique (Martial Deschamps)","humanisme","hymne","Hymni Naturales (Marulle)","iconographie","Isottaeus Liber","Italie","Landino (Cristoforo)","L\u00e9tald de Micy","Mantoue","manuscrit","Marulle (Michel)","mythographie","Nifo (Agostino)","pal\u00e9ographie","Patrizi (Francesco)","philologie","philosophie","po\u00e9sie","Politien (Ange)","politique","Rapine (Claude)","renovatio","satire","Scipion l'Africain","Second (Jean)","th\u00e9ologie","Thomas More","tyran","tyrannie","Urania (Pontano)","Utopie","Vie de saint Remi (Hincmar de Reims)","Vinet (\u00c9lie)","voyage"],"articleSection":["Cours et s\u00e9minaires"],"inLanguage":"fr-FR","potentialAction":[{"@type":"CommentAction","name":"Comment","target":["http:\/\/www.semen-l.org\/?p=3617#respond"]}]},{"@type":"WebPage","@id":"http:\/\/www.semen-l.org\/?p=3617","url":"http:\/\/www.semen-l.org\/?p=3617","name":"Cours et s\u00e9minaires 2024-2025 - Soci\u00e9t\u00e9 d&#039;\u00c9tudes M\u00e9dio Et N\u00e9o-Latines","isPartOf":{"@id":"http:\/\/www.semen-l.org\/#website"},"primaryImageOfPage":{"@id":"http:\/\/www.semen-l.org\/?p=3617#primaryimage"},"image":{"@id":"http:\/\/www.semen-l.org\/?p=3617#primaryimage"},"thumbnailUrl":"https:\/\/www.semen-l.org\/wp-content\/uploads\/2020\/11\/semen-l-arriere.png","datePublished":"2024-12-27T21:01:14+00:00","dateModified":"2025-02-02T18:13:31+00:00","breadcrumb":{"@id":"http:\/\/www.semen-l.org\/?p=3617#breadcrumb"},"inLanguage":"fr-FR","potentialAction":[{"@type":"ReadAction","target":["http:\/\/www.semen-l.org\/?p=3617"]}]},{"@type":"ImageObject","inLanguage":"fr-FR","@id":"http:\/\/www.semen-l.org\/?p=3617#primaryimage","url":"https:\/\/www.semen-l.org\/wp-content\/uploads\/2020\/11\/semen-l-arriere.png","contentUrl":"https:\/\/www.semen-l.org\/wp-content\/uploads\/2020\/11\/semen-l-arriere.png","width":294,"height":286},{"@type":"BreadcrumbList","@id":"http:\/\/www.semen-l.org\/?p=3617#breadcrumb","itemListElement":[{"@type":"ListItem","position":1,"name":"Accueil","item":"http:\/\/www.semen-l.org\/"},{"@type":"ListItem","position":2,"name":"Cours et s\u00e9minaires 2024-2025"}]},{"@type":"WebSite","@id":"http:\/\/www.semen-l.org\/#website","url":"http:\/\/www.semen-l.org\/","name":"Soci\u00e9t\u00e9 d'\u00c9tudes M\u00e9dio Et N\u00e9o-Latines","description":"","publisher":{"@id":"http:\/\/www.semen-l.org\/#organization"},"potentialAction":[{"@type":"SearchAction","target":{"@type":"EntryPoint","urlTemplate":"http:\/\/www.semen-l.org\/?s={search_term_string}"},"query-input":{"@type":"PropertyValueSpecification","valueRequired":true,"valueName":"search_term_string"}}],"inLanguage":"fr-FR"},{"@type":"Organization","@id":"http:\/\/www.semen-l.org\/#organization","name":"Soci\u00e9t\u00e9 d'\u00e9tudes m\u00e9dio et n\u00e9o-latines","url":"http:\/\/www.semen-l.org\/","logo":{"@type":"ImageObject","inLanguage":"fr-FR","@id":"http:\/\/www.semen-l.org\/#\/schema\/logo\/image\/","url":"http:\/\/www.semen-l.org\/wp-content\/uploads\/2020\/11\/logo-semenl.jpg","contentUrl":"http:\/\/www.semen-l.org\/wp-content\/uploads\/2020\/11\/logo-semenl.jpg","width":408,"height":403,"caption":"Soci\u00e9t\u00e9 d'\u00e9tudes m\u00e9dio et n\u00e9o-latines"},"image":{"@id":"http:\/\/www.semen-l.org\/#\/schema\/logo\/image\/"},"sameAs":["https:\/\/www.facebook.com\/SEMENL2018","https:\/\/independent.academia.edu\/SocitsdtudesmdioetnolatinesSEMENL"]},{"@type":"Person","@id":"http:\/\/www.semen-l.org\/#\/schema\/person\/ef5208815f17666727763c5363a51344","name":"Julien Maudoux","image":{"@type":"ImageObject","inLanguage":"fr-FR","@id":"https:\/\/secure.gravatar.com\/avatar\/caabf4fb6242e2277733cd35a5c2aa083761ea25dae1d1ff3298b54292225292?s=96&d=mm&r=g","url":"https:\/\/secure.gravatar.com\/avatar\/caabf4fb6242e2277733cd35a5c2aa083761ea25dae1d1ff3298b54292225292?s=96&d=mm&r=g","contentUrl":"https:\/\/secure.gravatar.com\/avatar\/caabf4fb6242e2277733cd35a5c2aa083761ea25dae1d1ff3298b54292225292?s=96&d=mm&r=g","caption":"Julien Maudoux"},"description":"Webmestre du site de la SEMEN-L","url":"https:\/\/www.semen-l.org\/?author=26"}]}},"jetpack_featured_media_url":"https:\/\/www.semen-l.org\/wp-content\/uploads\/2020\/11\/semen-l-arriere.png","_links":{"self":[{"href":"https:\/\/www.semen-l.org\/index.php?rest_route=\/wp\/v2\/posts\/3617","targetHints":{"allow":["GET"]}}],"collection":[{"href":"https:\/\/www.semen-l.org\/index.php?rest_route=\/wp\/v2\/posts"}],"about":[{"href":"https:\/\/www.semen-l.org\/index.php?rest_route=\/wp\/v2\/types\/post"}],"author":[{"embeddable":true,"href":"https:\/\/www.semen-l.org\/index.php?rest_route=\/wp\/v2\/users\/26"}],"replies":[{"embeddable":true,"href":"https:\/\/www.semen-l.org\/index.php?rest_route=%2Fwp%2Fv2%2Fcomments&post=3617"}],"version-history":[{"count":0,"href":"https:\/\/www.semen-l.org\/index.php?rest_route=\/wp\/v2\/posts\/3617\/revisions"}],"wp:featuredmedia":[{"embeddable":true,"href":"https:\/\/www.semen-l.org\/index.php?rest_route=\/wp\/v2\/media\/1120"}],"wp:attachment":[{"href":"https:\/\/www.semen-l.org\/index.php?rest_route=%2Fwp%2Fv2%2Fmedia&parent=3617"}],"wp:term":[{"taxonomy":"category","embeddable":true,"href":"https:\/\/www.semen-l.org\/index.php?rest_route=%2Fwp%2Fv2%2Fcategories&post=3617"},{"taxonomy":"post_tag","embeddable":true,"href":"https:\/\/www.semen-l.org\/index.php?rest_route=%2Fwp%2Fv2%2Ftags&post=3617"}],"curies":[{"name":"wp","href":"https:\/\/api.w.org\/{rel}","templated":true}]}}