{"id":3548,"date":"2024-11-05T23:30:25","date_gmt":"2024-11-05T23:30:25","guid":{"rendered":"https:\/\/www.semen-l.org\/?p=3548"},"modified":"2024-11-07T22:54:37","modified_gmt":"2024-11-07T22:54:37","slug":"leurope-en-desastre-visage-calamites-desastres-et-catastrophes-a-la-renaissance","status":"publish","type":"post","link":"https:\/\/www.semen-l.org\/?p=3548","title":{"rendered":"L\u2019Europe \u00ab en d\u00e9sastr\u00e9 visage \u00bb ? Calamit\u00e9s, d\u00e9sastres et catastrophes \u00e0 la Renaissance"},"content":{"rendered":"<a href=\"https:\/\/www.semen-l.org\/wp-content\/uploads\/2024\/11\/ProgrammeEuropeDesastreVisage181024.pdf\" class=\"pdfemb-viewer\" style=\"\" data-width=\"max\" data-height=\"max\" data-toolbar=\"both\" data-toolbar-fixed=\"off\">ProgrammeEuropeDesastreVisage181024<\/a>\n<p>L\u2019Europe \u00ab en d\u00e9sastr\u00e9 visage \u00bb ? Calamit\u00e9s, d\u00e9sastres et catastrophes \u00e0 la Renaissance<\/p>\n<p>7 NOVEMBRE 2024 | 9h-17h30<\/p>\n<p>8 NOVEMBRE 2024 | 9H-18H<\/p>\n<p>Sorbonne, salle des Actes<\/p>\n<p><strong>C O L L O Q U E<\/strong><\/p>\n<p>Organisation<\/p>\n<p>Julien Goeury, professeur (Litt\u00e9rature fran\u00e7aise)<\/p>\n<p>Nicolas Le Roux, professeur (Histoire)<\/p>\n<p>Emmanuel Lurin, ma\u00eetre de conf\u00e9rences (Histoire de l\u2019art)<\/p>\n<p>*<\/p>\n<p>Version en texte clair du programme :<\/p>\n<h2>JEUDI 7 NOVEMBRE 2024<\/h2>\n<p><strong>\u00a0<\/strong>Ouverture<\/p>\n<p>par la Doyenne B\u00e9atrice Perez<\/p>\n<h2>9h00\u00a0\u00a0\u00a0\u00a0\u00a0\u00a0\u00a0\u00a0\u00a0\u00a0\u00a0\u00a0\u00a0 Accueil des participants 9h15\u00a0\u00a0\u00a0\u00a0\u00a0\u00a0\u00a0\u00a0\u00a0\u00a0\u00a0 Introduction<\/h2>\n<p>Julien Goeury (CELLF), Nicolas Le Roux (CRM\/IRCOM) et Emmanuel Lurin (Centre Andr\u00e9 Chastel)<\/p>\n<h2>SESSION 1 | Des maux ordinaires aux fins ultimes, la mort comme horizon<\/h2>\n<p><strong>9h30\u00a0\u00a0\u00a0\u00a0\u00a0\u00a0\u00a0\u00a0\u00a0\u00a0\u00a0\u00a0\u00a0 <\/strong>Alicia Viaud (Universit\u00e9 de Montr\u00e9al)<\/p>\n<p>\u201cTrois fl\u00e9aux ordinaires\u201d : guerre, \u201cchert\u00e9\u201d et \u201cpestilence\u201d sous la plume d\u2019Achille Gamon<\/p>\n<p><strong>10h00\u00a0\u00a0\u00a0\u00a0\u00a0\u00a0\u00a0\u00a0\u00a0\u00a0\u00a0 <\/strong>St\u00e9phane Gal (Universit\u00e9 Grenoble Alpes, LARHRA)<\/p>\n<p>Traverser les Alpes : une catastrophe ?<\/p>\n<h2>10h30\u00a0\u00a0\u00a0\u00a0\u00a0\u00a0\u00a0\u00a0\u00a0\u00a0\u00a0 Pause<\/h2>\n<p><strong>11h00\u00a0\u00a0\u00a0\u00a0\u00a0\u00a0\u00a0\u00a0\u00a0\u00a0\u00a0 <\/strong>Sophia Buehrer (New York University)<\/p>\n<p>\u201cPlus tost mourir que de vivre\u201d : l\u2019oc\u00e9an et la peur de l\u2019effacement dans l\u2019<em>Histoire d\u2019un voyage faict en la terre du Br\u00e9sil<\/em><\/p>\n<p><strong>11h30\u00a0\u00a0\u00a0\u00a0\u00a0\u00a0\u00a0\u00a0\u00a0\u00a0\u00a0 <\/strong>Louis-Patrick Bergot (Universit\u00e9 de Strasbourg)<\/p>\n<p>Eschatologie des catastrophes extr\u00eames \u00e0 la Renaissance<\/p>\n<h2>12h00\u00a0\u00a0\u00a0\u00a0\u00a0\u00a0\u00a0\u00a0\u00a0\u00a0\u00a0 Discussion<\/h2>\n<p><strong>12h30\u00a0\u00a0\u00a0\u00a0\u00a0\u00a0\u00a0\u00a0\u00a0\u00a0\u00a0 D\u00e9jeuner<\/strong><\/p>\n<h2><strong>\u00a0<\/strong>SESSION 2 | D\u00e9r\u00e8glements du monde : les calamit\u00e9s naturelles et leur interpr\u00e9tation<\/h2>\n<p><strong>14h30\u00a0\u00a0\u00a0\u00a0\u00a0\u00a0\u00a0\u00a0\u00a0\u00a0\u00a0 <\/strong>H\u00e9l\u00e8ne Casanova-Robin (Sorbonne Universit\u00e9, Litt\u00e9rature latine)<\/p>\n<p>Les s\u00e9ismes en Campanie : quelques t\u00e9moignages litt\u00e9raires des humanistes du Quattrocento (de G. Manetti \u00e0 G. Pontano)<\/p>\n<p><strong>15h00\u00a0\u00a0\u00a0\u00a0\u00a0\u00a0\u00a0\u00a0\u00a0\u00a0\u00a0 <\/strong>Anne Lemerre-Louerat (Sorbonne Universit\u00e9, CELLF)<\/p>\n<p>Quand la terre tremble : dire le s\u00e9isme, de Jean-Antoine de Ba\u00eff \u00e0 Sc\u00e9vole de Sainte-Marthe<\/p>\n<p><strong>15h30\u00a0\u00a0\u00a0\u00a0\u00a0\u00a0\u00a0\u00a0\u00a0\u00a0\u00a0 <\/strong>Florian M\u00e9tral (Sorbonne Universit\u00e9, Centre Chastel)<\/p>\n<p>La preuve par l&rsquo;image. Des catastrophes c\u00e9lestes dans les tracts de la Renaissance<\/p>\n<h2>16h00\u00a0\u00a0\u00a0\u00a0\u00a0\u00a0\u00a0\u00a0\u00a0\u00a0\u00a0 Pause<\/h2>\n<p><strong>16h30\u00a0\u00a0\u00a0\u00a0\u00a0\u00a0\u00a0\u00a0\u00a0\u00a0\u00a0 <\/strong>Pauline Goul (Universit\u00e9 de Chicago) et J\u00e9r\u00e9mie Foa (Aix-Marseille Universit\u00e9)<\/p>\n<p>\u201cUne grande froydure\u201d : penser le d\u00e9r\u00e8glement climatique entre histoire et fiction<\/p>\n<p><strong>17h00\u00a0\u00a0\u00a0\u00a0\u00a0\u00a0\u00a0\u00a0\u00a0\u00a0\u00a0 <\/strong>Elisabeth Rothmund (Sorbonne Universit\u00e9, REIGENN)<\/p>\n<p>L&rsquo;\u00e9ruption du V\u00e9suve (1631) au prisme de la guerre de Trente Ans &#8211; <em>Vesuvius. Poema Germanicum <\/em>de Martin Opitz (1633)<\/p>\n<p><strong>17h30\u00a0\u00a0\u00a0\u00a0\u00a0\u00a0\u00a0\u00a0\u00a0\u00a0\u00a0 Discussion<\/strong><\/p>\n<p>*<\/p>\n<h2>VENDREDI 8 NOVEMBRE 2024<strong>\u00a0<\/strong><\/h2>\n<h2>SESSION 3 | Drames politiques et catastrophes en histoire<\/h2>\n<p><strong>9h00\u00a0\u00a0\u00a0\u00a0\u00a0\u00a0\u00a0\u00a0\u00a0\u00a0\u00a0\u00a0\u00a0 <\/strong>Pamela Mauffrais (Sorbonne Universit\u00e9, Rome et ses renaissances)<\/p>\n<p>La mise en sc\u00e8ne d\u2019une catastrophe : la mort d\u2019Isotta degli Atti, ma\u00eetresse de Sigismond Malatesta, dans l\u2019<em>Isottaeus liber <\/em>de Basinio de Parme<\/p>\n<p><strong>9h30\u00a0\u00a0\u00a0\u00a0\u00a0\u00a0\u00a0\u00a0\u00a0\u00a0\u00a0\u00a0\u00a0 <\/strong>Emilie S\u00e9ris (Sorbonne Universit\u00e9, Rome et ses renaissances)<\/p>\n<p>Le fl\u00e9au de la guerre civile. R\u00e9cits de conjuration au Quattrocento<\/p>\n<h2>10h00\u00a0\u00a0\u00a0\u00a0\u00a0\u00a0\u00a0\u00a0\u00a0\u00a0\u00a0 Pause<\/h2>\n<p><strong>10h30\u00a0\u00a0\u00a0\u00a0\u00a0\u00a0\u00a0\u00a0\u00a0\u00a0\u00a0 <\/strong>Matteo Gianeselli (Mus\u00e9e national de la Renaissance, ch\u00e2teau d\u2019Ecouen) Repr\u00e9senter \u201cles sanglantes &amp; plus qu\u2019inhumaines executions\u2026\u201d. Calamit\u00e9s, d\u00e9sastres et catastrophes chez Antoine Caron<\/p>\n<p><strong>11h00\u00a0\u00a0\u00a0\u00a0\u00a0\u00a0\u00a0\u00a0\u00a0\u00a0\u00a0 <\/strong>Marie-Catherine Souleyreau (Sorbonne Universit\u00e9, IRCOM\/Centre Roland Mousnier)<\/p>\n<p>Le d\u00e9sastre dans la correspondance du cardinal de Richelieu : approche pluridisciplinaire pour l\u2019espace lorrain et l\u2019espace lotharingien<\/p>\n<h2>11h30\u00a0\u00a0\u00a0\u00a0\u00a0\u00a0\u00a0\u00a0\u00a0\u00a0\u00a0 Discussion<\/h2>\n<p><strong>12h00\u00a0\u00a0\u00a0\u00a0\u00a0\u00a0\u00a0\u00a0\u00a0\u00a0\u00a0 D\u00e9jeuner<\/strong><\/p>\n<h2><strong>\u00a0<\/strong>SESSION 4 | Le fl\u00e9au des guerres<\/h2>\n<p><strong>13h30\u00a0\u00a0\u00a0\u00a0\u00a0\u00a0\u00a0\u00a0\u00a0\u00a0\u00a0 <\/strong>Pauline Lafille (Universit\u00e9 de Limoges)<\/p>\n<p>La galerie de Pharsale du ch\u00e2teau d&rsquo;Ancy-le-Franc : une guerre catastrophique ?<\/p>\n<p><strong>14h00\u00a0\u00a0\u00a0\u00a0\u00a0\u00a0\u00a0\u00a0\u00a0\u00a0\u00a0 <\/strong>Kathleen Long (Cornell University)<\/p>\n<p>Les Paysans face \u00e0 l\u2019Apocalypse : la souverainet\u00e9, la souffrance et le souci des autres dans la litt\u00e9rature des guerres de religion<\/p>\n<p><strong>14h30\u00a0\u00a0\u00a0\u00a0\u00a0\u00a0\u00a0\u00a0\u00a0\u00a0\u00a0 <\/strong>Xavier Le Person (Sorbonne Universit\u00e9, Centre Roland Mousnier)<\/p>\n<p>L\u2019Ann\u00e9e de Corbie (1636)<\/p>\n<h2>15h00\u00a0\u00a0\u00a0\u00a0\u00a0\u00a0\u00a0\u00a0\u00a0\u00a0\u00a0 Discussion<\/h2>\n<p>SESSION 5 | Anticiper, administrer, surmonter collectivement les d\u00e9sastres<\/p>\n<p><strong>15h30\u00a0\u00a0\u00a0\u00a0\u00a0\u00a0\u00a0\u00a0\u00a0\u00a0\u00a0 <\/strong>Marie Bouha\u00efk-Giron\u00e8s (CNRS \/ EHESS)<\/p>\n<p>Le myst\u00e8re comme r\u00e9ponse \u00e0 la catastrophe sanitaire ou climatique<\/p>\n<h2>16h00\u00a0\u00a0\u00a0\u00a0\u00a0\u00a0\u00a0\u00a0\u00a0\u00a0\u00a0 Pause<\/h2>\n<p><strong>16h30\u00a0\u00a0\u00a0\u00a0\u00a0\u00a0\u00a0\u00a0 \u00a0<\/strong>Aur\u00e9lien Roulet (Universit\u00e9 Sorbonne Paris Nord)<\/p>\n<p>De la catastrophe \u00e0 l\u2019action politique, les autorit\u00e9s municipales face \u00e0 leur environnement<\/p>\n<p><strong>17h00\u00a0\u00a0\u00a0\u00a0\u00a0\u00a0\u00a0 \u00a0<\/strong>V\u00e9ronique Montagne (Universit\u00e9 C\u00f4te d\u2019Azur, CNRS BCL)<\/p>\n<p>R\u00e9glementer et l\u00e9gif\u00e9rer sur la peste \u00e0 la Renaissance : notes sur quelques discours prescriptifs des ann\u00e9es 1560-1580<\/p>\n<p><strong>17h30\u00a0\u00a0\u00a0\u00a0\u00a0\u00a0\u00a0\u00a0\u00a0\u00a0\u00a0 <\/strong>Renaud Malavialle (Sorbonne Universit\u00e9, Institut Hispanique)<\/p>\n<p>La catastrophe en temps d&rsquo;incertitudes : diagnostics et rem\u00e8des ? Quelques r\u00e9flexions d&rsquo;humanistes et chroniqueurs de la Monarchie hispanique (XVI<sup>e<\/sup> et d\u00e9but du XVII<sup>e<\/sup> si\u00e8cle).<\/p>\n<h2>18h00\u00a0\u00a0\u00a0\u00a0\u00a0\u00a0\u00a0\u00a0\u00a0\u00a0\u00a0 Discussion<\/h2>\n<p>*<\/p>\n<p><strong>Facult\u00e9 des Lettres Sorbonne Universit\u00e9<\/strong><\/p>\n<p>1, rue Victor Cousin 75230 Paris Cedex 05<\/p>\n<p>T\u00e9l. 33 (0) 1 40 46 22 11<\/p>\n<p><a href=\"http:\/\/lettres.sorbonne-universite.fr\/\">lettres.sorbonne-universite.fr<\/a><\/p>\n","protected":false},"excerpt":{"rendered":"<p>L\u2019Europe \u00ab en d\u00e9sastr\u00e9 visage \u00bb ? Calamit\u00e9s, d\u00e9sastres et catastrophes \u00e0 la Renaissance 7 NOVEMBRE 2024 | 9h-17h30 8 NOVEMBRE 2024 | 9H-18H Sorbonne, salle des Actes C O L L O Q U E Organisation Julien Goeury, professeur &hellip; <a href=\"https:\/\/www.semen-l.org\/?p=3548\">Continuer la lecture <span class=\"meta-nav\">&rarr;<\/span><\/a><\/p>\n","protected":false},"author":26,"featured_media":3550,"comment_status":"open","ping_status":"open","sticky":false,"template":"","format":"standard","meta":{"footnotes":""},"categories":[4],"tags":[2154,2167,2135,1636,2161,2153,2164,2151,2155,2163,823,2150,1381,1303,801,2162,2157,1187,144,1773,2160,1434,2168,2158,2066,2166,418,2165,455,2152,2156,2159],"class_list":["post-3548","post","type-post","status-publish","format-standard","has-post-thumbnail","hentry","category-colloques","tag-alpes","tag-ancy-le-franc","tag-apocalypse","tag-baif-jean-antoine-de","tag-basini-basinio","tag-campanie","tag-caron-antoine","tag-catastrophe","tag-climat","tag-conjuration","tag-droit","tag-eschathologie","tag-espagne","tag-fiction","tag-guerre","tag-guerre-civile","tag-guerre-de-trente-ans","tag-histoire","tag-humanisme","tag-isottaeus-liber","tag-malatesta-sigismond","tag-mort","tag-mystere","tag-opitz-martin","tag-peste","tag-pharsale-galerie-de","tag-politique","tag-richelieu-cardinal-de","tag-sainte-marthe-scevole-de","tag-seisme","tag-vesuve","tag-vesuvius-poema-germanicum"],"yoast_head":"<!-- This site is optimized with the Yoast SEO plugin v27.5 - https:\/\/yoast.com\/product\/yoast-seo-wordpress\/ -->\n<title>Colloque Calamit\u00e9s, d\u00e9sastres et catastrophes \u00e0 la Renaissance<\/title>\n<meta name=\"description\" content=\"L\u2019Europe \u00ab en d\u00e9sastr\u00e9 visage \u00bb ? Calamit\u00e9s, d\u00e9sastres et catastrophes \u00e0 la Renaissance. Colloque \u00e0 la Sorbonne novembre 2024\" \/>\n<meta name=\"robots\" content=\"index, follow, max-snippet:-1, max-image-preview:large, max-video-preview:-1\" \/>\n<link rel=\"canonical\" href=\"https:\/\/www.semen-l.org\/?p=3548\" \/>\n<meta property=\"og:locale\" content=\"fr_FR\" \/>\n<meta property=\"og:type\" content=\"article\" \/>\n<meta property=\"og:title\" content=\"Colloque Calamit\u00e9s, d\u00e9sastres et catastrophes \u00e0 la Renaissance\" \/>\n<meta property=\"og:description\" content=\"L\u2019Europe \u00ab en d\u00e9sastr\u00e9 visage \u00bb ? Calamit\u00e9s, d\u00e9sastres et catastrophes \u00e0 la Renaissance. Colloque \u00e0 la Sorbonne novembre 2024\" \/>\n<meta property=\"og:url\" content=\"https:\/\/www.semen-l.org\/?p=3548\" \/>\n<meta property=\"og:site_name\" content=\"Soci\u00e9t\u00e9 d&#039;\u00c9tudes M\u00e9dio Et N\u00e9o-Latines\" \/>\n<meta property=\"article:publisher\" content=\"https:\/\/www.facebook.com\/SEMENL2018\" \/>\n<meta property=\"article:published_time\" content=\"2024-11-05T23:30:25+00:00\" \/>\n<meta property=\"article:modified_time\" content=\"2024-11-07T22:54:37+00:00\" \/>\n<meta property=\"og:image\" content=\"https:\/\/www.semen-l.org\/wp-content\/uploads\/2024\/11\/colloque-desastre-visage-eur.jpg\" \/>\n\t<meta property=\"og:image:width\" content=\"555\" \/>\n\t<meta property=\"og:image:height\" content=\"792\" \/>\n\t<meta property=\"og:image:type\" content=\"image\/jpeg\" \/>\n<meta name=\"author\" content=\"Julien Maudoux\" \/>\n<meta name=\"twitter:card\" content=\"summary_large_image\" \/>\n<meta name=\"twitter:label1\" content=\"\u00c9crit par\" \/>\n\t<meta name=\"twitter:data1\" content=\"Julien Maudoux\" \/>\n\t<meta name=\"twitter:label2\" content=\"Dur\u00e9e de lecture estim\u00e9e\" \/>\n\t<meta name=\"twitter:data2\" content=\"4 minutes\" \/>\n<script type=\"application\/ld+json\" class=\"yoast-schema-graph\">{\"@context\":\"https:\\\/\\\/schema.org\",\"@graph\":[{\"@type\":\"Article\",\"@id\":\"https:\\\/\\\/www.semen-l.org\\\/?p=3548#article\",\"isPartOf\":{\"@id\":\"https:\\\/\\\/www.semen-l.org\\\/?p=3548\"},\"author\":{\"name\":\"Julien Maudoux\",\"@id\":\"http:\\\/\\\/www.semen-l.org\\\/#\\\/schema\\\/person\\\/ef5208815f17666727763c5363a51344\"},\"headline\":\"L\u2019Europe \u00ab en d\u00e9sastr\u00e9 visage \u00bb ? Calamit\u00e9s, d\u00e9sastres et catastrophes \u00e0 la Renaissance\",\"datePublished\":\"2024-11-05T23:30:25+00:00\",\"dateModified\":\"2024-11-07T22:54:37+00:00\",\"mainEntityOfPage\":{\"@id\":\"https:\\\/\\\/www.semen-l.org\\\/?p=3548\"},\"wordCount\":694,\"commentCount\":0,\"publisher\":{\"@id\":\"http:\\\/\\\/www.semen-l.org\\\/#organization\"},\"image\":{\"@id\":\"https:\\\/\\\/www.semen-l.org\\\/?p=3548#primaryimage\"},\"thumbnailUrl\":\"https:\\\/\\\/www.semen-l.org\\\/wp-content\\\/uploads\\\/2024\\\/11\\\/colloque-desastre-visage-eur.jpg\",\"keywords\":[\"Alpes\",\"Ancy-le-Franc\",\"apocalypse\",\"Ba\u00eff (Jean-Antoine de)\",\"Basini (Basinio)\",\"Campanie\",\"Caron (Antoine)\",\"catastrophe\",\"climat\",\"conjuration\",\"droit\",\"eschathologie\",\"Espagne\",\"fiction\",\"guerre\",\"guerre civile\",\"guerre de Trente Ans\",\"histoire\",\"humanisme\",\"Isottaeus Liber\",\"Malatesta (Sigismond)\",\"mort\",\"myst\u00e8re\",\"Opitz (Martin)\",\"peste\",\"Pharsale (galerie de)\",\"politique\",\"Richelieu (cardinal de)\",\"Sainte-Marthe (Sc\u00e9vole de)\",\"s\u00e9isme\",\"V\u00e9suve\",\"Vesuvius. Poema Germanicum\"],\"articleSection\":[\"Colloques\"],\"inLanguage\":\"fr-FR\",\"potentialAction\":[{\"@type\":\"CommentAction\",\"name\":\"Comment\",\"target\":[\"https:\\\/\\\/www.semen-l.org\\\/?p=3548#respond\"]}]},{\"@type\":\"WebPage\",\"@id\":\"https:\\\/\\\/www.semen-l.org\\\/?p=3548\",\"url\":\"https:\\\/\\\/www.semen-l.org\\\/?p=3548\",\"name\":\"Colloque Calamit\u00e9s, d\u00e9sastres et catastrophes \u00e0 la Renaissance\",\"isPartOf\":{\"@id\":\"http:\\\/\\\/www.semen-l.org\\\/#website\"},\"primaryImageOfPage\":{\"@id\":\"https:\\\/\\\/www.semen-l.org\\\/?p=3548#primaryimage\"},\"image\":{\"@id\":\"https:\\\/\\\/www.semen-l.org\\\/?p=3548#primaryimage\"},\"thumbnailUrl\":\"https:\\\/\\\/www.semen-l.org\\\/wp-content\\\/uploads\\\/2024\\\/11\\\/colloque-desastre-visage-eur.jpg\",\"datePublished\":\"2024-11-05T23:30:25+00:00\",\"dateModified\":\"2024-11-07T22:54:37+00:00\",\"description\":\"L\u2019Europe \u00ab en d\u00e9sastr\u00e9 visage \u00bb ? Calamit\u00e9s, d\u00e9sastres et catastrophes \u00e0 la Renaissance. Colloque \u00e0 la Sorbonne novembre 2024\",\"breadcrumb\":{\"@id\":\"https:\\\/\\\/www.semen-l.org\\\/?p=3548#breadcrumb\"},\"inLanguage\":\"fr-FR\",\"potentialAction\":[{\"@type\":\"ReadAction\",\"target\":[\"https:\\\/\\\/www.semen-l.org\\\/?p=3548\"]}]},{\"@type\":\"ImageObject\",\"inLanguage\":\"fr-FR\",\"@id\":\"https:\\\/\\\/www.semen-l.org\\\/?p=3548#primaryimage\",\"url\":\"https:\\\/\\\/www.semen-l.org\\\/wp-content\\\/uploads\\\/2024\\\/11\\\/colloque-desastre-visage-eur.jpg\",\"contentUrl\":\"https:\\\/\\\/www.semen-l.org\\\/wp-content\\\/uploads\\\/2024\\\/11\\\/colloque-desastre-visage-eur.jpg\",\"width\":555,\"height\":792},{\"@type\":\"BreadcrumbList\",\"@id\":\"https:\\\/\\\/www.semen-l.org\\\/?p=3548#breadcrumb\",\"itemListElement\":[{\"@type\":\"ListItem\",\"position\":1,\"name\":\"Accueil\",\"item\":\"http:\\\/\\\/www.semen-l.org\\\/\"},{\"@type\":\"ListItem\",\"position\":2,\"name\":\"L\u2019Europe \u00ab en d\u00e9sastr\u00e9 visage \u00bb ? Calamit\u00e9s, d\u00e9sastres et catastrophes \u00e0 la Renaissance\"}]},{\"@type\":\"WebSite\",\"@id\":\"http:\\\/\\\/www.semen-l.org\\\/#website\",\"url\":\"http:\\\/\\\/www.semen-l.org\\\/\",\"name\":\"Soci\u00e9t\u00e9 d'\u00c9tudes M\u00e9dio Et N\u00e9o-Latines\",\"description\":\"\",\"publisher\":{\"@id\":\"http:\\\/\\\/www.semen-l.org\\\/#organization\"},\"potentialAction\":[{\"@type\":\"SearchAction\",\"target\":{\"@type\":\"EntryPoint\",\"urlTemplate\":\"http:\\\/\\\/www.semen-l.org\\\/?s={search_term_string}\"},\"query-input\":{\"@type\":\"PropertyValueSpecification\",\"valueRequired\":true,\"valueName\":\"search_term_string\"}}],\"inLanguage\":\"fr-FR\"},{\"@type\":\"Organization\",\"@id\":\"http:\\\/\\\/www.semen-l.org\\\/#organization\",\"name\":\"Soci\u00e9t\u00e9 d'\u00e9tudes m\u00e9dio et n\u00e9o-latines\",\"url\":\"http:\\\/\\\/www.semen-l.org\\\/\",\"logo\":{\"@type\":\"ImageObject\",\"inLanguage\":\"fr-FR\",\"@id\":\"http:\\\/\\\/www.semen-l.org\\\/#\\\/schema\\\/logo\\\/image\\\/\",\"url\":\"http:\\\/\\\/www.semen-l.org\\\/wp-content\\\/uploads\\\/2020\\\/11\\\/logo-semenl.jpg\",\"contentUrl\":\"http:\\\/\\\/www.semen-l.org\\\/wp-content\\\/uploads\\\/2020\\\/11\\\/logo-semenl.jpg\",\"width\":408,\"height\":403,\"caption\":\"Soci\u00e9t\u00e9 d'\u00e9tudes m\u00e9dio et n\u00e9o-latines\"},\"image\":{\"@id\":\"http:\\\/\\\/www.semen-l.org\\\/#\\\/schema\\\/logo\\\/image\\\/\"},\"sameAs\":[\"https:\\\/\\\/www.facebook.com\\\/SEMENL2018\",\"https:\\\/\\\/independent.academia.edu\\\/SocitsdtudesmdioetnolatinesSEMENL\"]},{\"@type\":\"Person\",\"@id\":\"http:\\\/\\\/www.semen-l.org\\\/#\\\/schema\\\/person\\\/ef5208815f17666727763c5363a51344\",\"name\":\"Julien Maudoux\",\"image\":{\"@type\":\"ImageObject\",\"inLanguage\":\"fr-FR\",\"@id\":\"https:\\\/\\\/secure.gravatar.com\\\/avatar\\\/caabf4fb6242e2277733cd35a5c2aa083761ea25dae1d1ff3298b54292225292?s=96&d=mm&r=g\",\"url\":\"https:\\\/\\\/secure.gravatar.com\\\/avatar\\\/caabf4fb6242e2277733cd35a5c2aa083761ea25dae1d1ff3298b54292225292?s=96&d=mm&r=g\",\"contentUrl\":\"https:\\\/\\\/secure.gravatar.com\\\/avatar\\\/caabf4fb6242e2277733cd35a5c2aa083761ea25dae1d1ff3298b54292225292?s=96&d=mm&r=g\",\"caption\":\"Julien Maudoux\"},\"description\":\"Webmestre du site de la SEMEN-L\",\"url\":\"https:\\\/\\\/www.semen-l.org\\\/?author=26\"}]}<\/script>\n<!-- \/ Yoast SEO plugin. -->","yoast_head_json":{"title":"Colloque Calamit\u00e9s, d\u00e9sastres et catastrophes \u00e0 la Renaissance","description":"L\u2019Europe \u00ab en d\u00e9sastr\u00e9 visage \u00bb ? Calamit\u00e9s, d\u00e9sastres et catastrophes \u00e0 la Renaissance. Colloque \u00e0 la Sorbonne novembre 2024","robots":{"index":"index","follow":"follow","max-snippet":"max-snippet:-1","max-image-preview":"max-image-preview:large","max-video-preview":"max-video-preview:-1"},"canonical":"https:\/\/www.semen-l.org\/?p=3548","og_locale":"fr_FR","og_type":"article","og_title":"Colloque Calamit\u00e9s, d\u00e9sastres et catastrophes \u00e0 la Renaissance","og_description":"L\u2019Europe \u00ab en d\u00e9sastr\u00e9 visage \u00bb ? Calamit\u00e9s, d\u00e9sastres et catastrophes \u00e0 la Renaissance. Colloque \u00e0 la Sorbonne novembre 2024","og_url":"https:\/\/www.semen-l.org\/?p=3548","og_site_name":"Soci\u00e9t\u00e9 d&#039;\u00c9tudes M\u00e9dio Et N\u00e9o-Latines","article_publisher":"https:\/\/www.facebook.com\/SEMENL2018","article_published_time":"2024-11-05T23:30:25+00:00","article_modified_time":"2024-11-07T22:54:37+00:00","og_image":[{"width":555,"height":792,"url":"https:\/\/www.semen-l.org\/wp-content\/uploads\/2024\/11\/colloque-desastre-visage-eur.jpg","type":"image\/jpeg"}],"author":"Julien Maudoux","twitter_card":"summary_large_image","twitter_misc":{"\u00c9crit par":"Julien Maudoux","Dur\u00e9e de lecture estim\u00e9e":"4 minutes"},"schema":{"@context":"https:\/\/schema.org","@graph":[{"@type":"Article","@id":"https:\/\/www.semen-l.org\/?p=3548#article","isPartOf":{"@id":"https:\/\/www.semen-l.org\/?p=3548"},"author":{"name":"Julien Maudoux","@id":"http:\/\/www.semen-l.org\/#\/schema\/person\/ef5208815f17666727763c5363a51344"},"headline":"L\u2019Europe \u00ab en d\u00e9sastr\u00e9 visage \u00bb ? Calamit\u00e9s, d\u00e9sastres et catastrophes \u00e0 la Renaissance","datePublished":"2024-11-05T23:30:25+00:00","dateModified":"2024-11-07T22:54:37+00:00","mainEntityOfPage":{"@id":"https:\/\/www.semen-l.org\/?p=3548"},"wordCount":694,"commentCount":0,"publisher":{"@id":"http:\/\/www.semen-l.org\/#organization"},"image":{"@id":"https:\/\/www.semen-l.org\/?p=3548#primaryimage"},"thumbnailUrl":"https:\/\/www.semen-l.org\/wp-content\/uploads\/2024\/11\/colloque-desastre-visage-eur.jpg","keywords":["Alpes","Ancy-le-Franc","apocalypse","Ba\u00eff (Jean-Antoine de)","Basini (Basinio)","Campanie","Caron (Antoine)","catastrophe","climat","conjuration","droit","eschathologie","Espagne","fiction","guerre","guerre civile","guerre de Trente Ans","histoire","humanisme","Isottaeus Liber","Malatesta (Sigismond)","mort","myst\u00e8re","Opitz (Martin)","peste","Pharsale (galerie de)","politique","Richelieu (cardinal de)","Sainte-Marthe (Sc\u00e9vole de)","s\u00e9isme","V\u00e9suve","Vesuvius. Poema Germanicum"],"articleSection":["Colloques"],"inLanguage":"fr-FR","potentialAction":[{"@type":"CommentAction","name":"Comment","target":["https:\/\/www.semen-l.org\/?p=3548#respond"]}]},{"@type":"WebPage","@id":"https:\/\/www.semen-l.org\/?p=3548","url":"https:\/\/www.semen-l.org\/?p=3548","name":"Colloque Calamit\u00e9s, d\u00e9sastres et catastrophes \u00e0 la Renaissance","isPartOf":{"@id":"http:\/\/www.semen-l.org\/#website"},"primaryImageOfPage":{"@id":"https:\/\/www.semen-l.org\/?p=3548#primaryimage"},"image":{"@id":"https:\/\/www.semen-l.org\/?p=3548#primaryimage"},"thumbnailUrl":"https:\/\/www.semen-l.org\/wp-content\/uploads\/2024\/11\/colloque-desastre-visage-eur.jpg","datePublished":"2024-11-05T23:30:25+00:00","dateModified":"2024-11-07T22:54:37+00:00","description":"L\u2019Europe \u00ab en d\u00e9sastr\u00e9 visage \u00bb ? Calamit\u00e9s, d\u00e9sastres et catastrophes \u00e0 la Renaissance. Colloque \u00e0 la Sorbonne novembre 2024","breadcrumb":{"@id":"https:\/\/www.semen-l.org\/?p=3548#breadcrumb"},"inLanguage":"fr-FR","potentialAction":[{"@type":"ReadAction","target":["https:\/\/www.semen-l.org\/?p=3548"]}]},{"@type":"ImageObject","inLanguage":"fr-FR","@id":"https:\/\/www.semen-l.org\/?p=3548#primaryimage","url":"https:\/\/www.semen-l.org\/wp-content\/uploads\/2024\/11\/colloque-desastre-visage-eur.jpg","contentUrl":"https:\/\/www.semen-l.org\/wp-content\/uploads\/2024\/11\/colloque-desastre-visage-eur.jpg","width":555,"height":792},{"@type":"BreadcrumbList","@id":"https:\/\/www.semen-l.org\/?p=3548#breadcrumb","itemListElement":[{"@type":"ListItem","position":1,"name":"Accueil","item":"http:\/\/www.semen-l.org\/"},{"@type":"ListItem","position":2,"name":"L\u2019Europe \u00ab en d\u00e9sastr\u00e9 visage \u00bb ? Calamit\u00e9s, d\u00e9sastres et catastrophes \u00e0 la Renaissance"}]},{"@type":"WebSite","@id":"http:\/\/www.semen-l.org\/#website","url":"http:\/\/www.semen-l.org\/","name":"Soci\u00e9t\u00e9 d'\u00c9tudes M\u00e9dio Et N\u00e9o-Latines","description":"","publisher":{"@id":"http:\/\/www.semen-l.org\/#organization"},"potentialAction":[{"@type":"SearchAction","target":{"@type":"EntryPoint","urlTemplate":"http:\/\/www.semen-l.org\/?s={search_term_string}"},"query-input":{"@type":"PropertyValueSpecification","valueRequired":true,"valueName":"search_term_string"}}],"inLanguage":"fr-FR"},{"@type":"Organization","@id":"http:\/\/www.semen-l.org\/#organization","name":"Soci\u00e9t\u00e9 d'\u00e9tudes m\u00e9dio et n\u00e9o-latines","url":"http:\/\/www.semen-l.org\/","logo":{"@type":"ImageObject","inLanguage":"fr-FR","@id":"http:\/\/www.semen-l.org\/#\/schema\/logo\/image\/","url":"http:\/\/www.semen-l.org\/wp-content\/uploads\/2020\/11\/logo-semenl.jpg","contentUrl":"http:\/\/www.semen-l.org\/wp-content\/uploads\/2020\/11\/logo-semenl.jpg","width":408,"height":403,"caption":"Soci\u00e9t\u00e9 d'\u00e9tudes m\u00e9dio et n\u00e9o-latines"},"image":{"@id":"http:\/\/www.semen-l.org\/#\/schema\/logo\/image\/"},"sameAs":["https:\/\/www.facebook.com\/SEMENL2018","https:\/\/independent.academia.edu\/SocitsdtudesmdioetnolatinesSEMENL"]},{"@type":"Person","@id":"http:\/\/www.semen-l.org\/#\/schema\/person\/ef5208815f17666727763c5363a51344","name":"Julien Maudoux","image":{"@type":"ImageObject","inLanguage":"fr-FR","@id":"https:\/\/secure.gravatar.com\/avatar\/caabf4fb6242e2277733cd35a5c2aa083761ea25dae1d1ff3298b54292225292?s=96&d=mm&r=g","url":"https:\/\/secure.gravatar.com\/avatar\/caabf4fb6242e2277733cd35a5c2aa083761ea25dae1d1ff3298b54292225292?s=96&d=mm&r=g","contentUrl":"https:\/\/secure.gravatar.com\/avatar\/caabf4fb6242e2277733cd35a5c2aa083761ea25dae1d1ff3298b54292225292?s=96&d=mm&r=g","caption":"Julien Maudoux"},"description":"Webmestre du site de la SEMEN-L","url":"https:\/\/www.semen-l.org\/?author=26"}]}},"jetpack_featured_media_url":"https:\/\/www.semen-l.org\/wp-content\/uploads\/2024\/11\/colloque-desastre-visage-eur.jpg","_links":{"self":[{"href":"https:\/\/www.semen-l.org\/index.php?rest_route=\/wp\/v2\/posts\/3548","targetHints":{"allow":["GET"]}}],"collection":[{"href":"https:\/\/www.semen-l.org\/index.php?rest_route=\/wp\/v2\/posts"}],"about":[{"href":"https:\/\/www.semen-l.org\/index.php?rest_route=\/wp\/v2\/types\/post"}],"author":[{"embeddable":true,"href":"https:\/\/www.semen-l.org\/index.php?rest_route=\/wp\/v2\/users\/26"}],"replies":[{"embeddable":true,"href":"https:\/\/www.semen-l.org\/index.php?rest_route=%2Fwp%2Fv2%2Fcomments&post=3548"}],"version-history":[{"count":0,"href":"https:\/\/www.semen-l.org\/index.php?rest_route=\/wp\/v2\/posts\/3548\/revisions"}],"wp:featuredmedia":[{"embeddable":true,"href":"https:\/\/www.semen-l.org\/index.php?rest_route=\/wp\/v2\/media\/3550"}],"wp:attachment":[{"href":"https:\/\/www.semen-l.org\/index.php?rest_route=%2Fwp%2Fv2%2Fmedia&parent=3548"}],"wp:term":[{"taxonomy":"category","embeddable":true,"href":"https:\/\/www.semen-l.org\/index.php?rest_route=%2Fwp%2Fv2%2Fcategories&post=3548"},{"taxonomy":"post_tag","embeddable":true,"href":"https:\/\/www.semen-l.org\/index.php?rest_route=%2Fwp%2Fv2%2Ftags&post=3548"}],"curies":[{"name":"wp","href":"https:\/\/api.w.org\/{rel}","templated":true}]}}