{"id":3536,"date":"2024-10-22T10:21:10","date_gmt":"2024-10-22T10:21:10","guid":{"rendered":"https:\/\/www.semen-l.org\/?p=3536"},"modified":"2025-01-02T23:51:13","modified_gmt":"2025-01-02T23:51:13","slug":"les-institutions-romaines-dans-la-culture-antiquaire-et-historiographique-des-xve-et-xvie-siecles-representations-et-interpretations","status":"publish","type":"post","link":"https:\/\/www.semen-l.org\/?p=3536","title":{"rendered":"Les institutions romaines dans la culture antiquaire et historiographique des XVe et XVIe si\u00e8cles : repr\u00e9sentations et interpr\u00e9tations."},"content":{"rendered":"<h1 style=\"text-align: center;\">Colloque<\/h1>\n<p>Les institutions romaines dans la culture antiquaire et historiographique des XVe et XVIe si\u00e8cles : repr\u00e9sentations et interpr\u00e9tations.<\/p>\n<p>Organis\u00e9 par Anne Raffarin (Universit\u00e9 Paris-Est Cr\u00e9teil-LIS) et Ida Gilda Mastrorosa (Universit\u00e9 de Florence-SAGAS)<\/p>\n<p>Universit\u00e9 Paris-Est Cr\u00e9teil 21 \/ 11 \/ 2024 &gt; UPEC Campus Andr\u00e9 Boulle &#8211; Salle 213 A 22 \/ 11 \/ 2024 &gt; UPEC Campus Centre &#8211; Salle BM001<\/p>\n<p>Pour en savoir plus : lis.u-pec.fr<\/p>\n<a href=\"https:\/\/www.semen-l.org\/wp-content\/uploads\/2024\/10\/Flyer-Programme-colloque-institutions-romaines.pdf\" class=\"pdfemb-viewer\" style=\"\" data-width=\"max\" data-height=\"max\" data-toolbar=\"both\" data-toolbar-fixed=\"off\">Flyer Programme colloque institutions romaines<\/a>\n<p style=\"text-align: center;\">*<\/p>\n<h1 style=\"text-align: center;\">PROGRAMME<\/h1>\n<h1 style=\"text-align: center;\"><a href=\"http:\/\/&quot;http:\/\/www.semen-l.org\/wp-content\/uploads\/2024\/10\/Flyer-Programme-colloque-institutions-romaines.pdf\">T\u00e9l\u00e9charger le programme\u00a0<\/a><\/h1>\n<p>Si le Moyen \u00c2ge a \u00e9t\u00e9 g\u00e9n\u00e9reux dans sa profusion d\u2019\u00e9crits juridiques, les modalit\u00e9s de transmission et d\u2019appropriation des sources antiques relatives aux structures institutionnelles de la Rome antique restent \u00e0 \u00e9tablir. D\u00e8s le d\u00e9but du Quattrocento, la r\u00e9apparition des textes historiques, lexicographiques, \u00e9pigraphiques, en m\u00eame temps que des sources arch\u00e9ologiques, et bien entendu juridiques, favorisent la production de textes antiquaires traitant en profondeur du fonctionnement institutionnel de la Rome antique. Par institutions, nous entendons \u00e0 la fois les structures politiques (magistratures, corpus de lois, pouvoirs et r\u00e9gimes <em>imperium<\/em> ou <em>res publica<\/em>) et les institutions publiques qui fixent les cadres de la vie romaine. Ce colloque a pour objet l\u2019\u00e9tude de la r\u00e9appropriation des structures politiques et publiques romaines par les humanistes des XVe et XVIe s.<\/p>\n<p>Jeudi 21 novembre<\/p>\n<p><em>09h45 accueil<\/em><\/p>\n<p><em>\u00a0<\/em><strong>10h15 : Introduction &#8211; Ida Gilda Mastrorosa et Anne Raffarin<\/strong><\/p>\n<p><strong>\u00a0<\/strong>\u00a0\u00a0Session 1<\/p>\n<h2>Les antiquaires et les institutions de la Rome ancienne<\/h2>\n<h3>Pr\u00e9sidence G\u00e9raldine Cazals<\/h3>\n<h4>10h30 : Anne RAFFARIN (UPEC-LIS)<\/h4>\n<p>\u00ab <em>Cursus honorum: <\/em>l\u2019analyse des magistratures publiques dans la Roma triumphans de Flavio Biondo (1459) \u00bb<\/p>\n<h4>11h : Frances MUECKE (Universit\u00e9 de Sydney)<\/h4>\n<p>\u00ab Renaissance Antiquarians\u2019 interpretations of Roman dictatorship) \u00bb<\/p>\n<p><em>11h45 : discussion et pause<\/em><\/p>\n<p><em>\u00a0<\/em>14h30 : Ida Gilda MASTROROSA (Universit\u00e9 de Florence &#8211; SAGAS)<\/p>\n<p>\u00ab La l\u00e9gislation sur le mariage et les relations familiales dans la Rome archa\u00efque selon Fran\u00e7ois Baudouin (Balduinus) \u00bb<\/p>\n<p><em>15h : discussion et pause<\/em><\/p>\n<p><em>\u00a0<\/em>\u00a0\u00a0Session 2<\/p>\n<h2>Litt\u00e9ratures embl\u00e9matiques et \u00e9pigraphiques (XVIe s.)<\/h2>\n<h3>Pr\u00e9sidence Ida Gilda Mastrorosa<\/h3>\n<h4>15h30 : Anne ROLET (Universit\u00e9 de Rennes)<\/h4>\n<p>\u00ab Cerner les contours du <em>crimen maiestatis <\/em>\u00e0 Bologne au XVIe si\u00e8cle : le <em>Ptolemaeus <\/em>manuscrit d\u2019Achille Bocchi \u00bb<\/p>\n<h4>16h : Thomas PENGUILLY (Acad\u00e9mie de Normandie)<\/h4>\n<p>\u00ab <em>Suorum ipse magistratuum quidam quasi nomenclator <\/em>: Andr\u00e9 Alciat et le dossier \u00e9pigraphique de Pline le Jeune \u00bb<\/p>\n<p><em>16h15 : discussion et pause<\/em><\/p>\n<p><em>\u00a0<\/em>17h : Claude LA CHARIT\u00c9 (Universit\u00e9 du Qu\u00e9bec \u00e0 Rimousky)<\/p>\n<p>\u00ab SPQR : Rabelais et les institutions romaines \u00bb<\/p>\n<h2><strong>Vendredi 22 novembre<\/strong><\/h2>\n<p>Session 3<\/p>\n<h2>\u00c9clairages juridiques<\/h2>\n<h3>Pr\u00e9sidence Anne Raffarin<\/h3>\n<h4>10h : Alarico BARBAGLI (Universit\u00e9 Magna Graecia de Catanzaro)<\/h4>\n<p>\u00ab Diritto pubblico e istituzioni politiche di Roma antica negli umanisti dell\u2019Italia meridionale tra Quattro e Cinquecento \u00bb.<\/p>\n<h4>10h30 : Giovanni ROSSI (Universit\u00e9 de V\u00e9rone)<\/h4>\n<p>\u00ab Il diritto pubblico romano nelle opere antiquarie di Carlo Sigonio \u00bb<\/p>\n<p><em>11h : discussion et pause<\/em><\/p>\n<p><em>\u00a0<\/em>11h45 : Shingo AKIMOTO (CNRS, Institut d\u2019histoire du droit Jean Gaudemet, Paris 2)<\/p>\n<p>\u00ab Jean Bodin et les \u00e9tudes antiquaires : sa compr\u00e9hension des magistrats romains. \u00bb<\/p>\n<p><em>12h15 : discussion<\/em><\/p>\n<p><em>\u00a0<\/em>Pr\u00e9sidence Thomas Penguilly<\/p>\n<h4>14h30 : Geraldine CAZALS (Universit\u00e9 de Toulouse Jean Jaur\u00e8s)<\/h4>\n<p>\u00ab La place prise par les institutions romaines dans la constitution d\u2019un corpus historiographique municipal \u00e0 Toulouse dans la premi\u00e8re moiti\u00e9 du XVIe si\u00e8cle. \u00bb<\/p>\n<p><em>15h : discussion<\/em><\/p>\n<p><em>\u00a0<\/em>\u00a0\u00a0Conclusions<\/p>\n<h4>St\u00e9phane BENOIST (Universit\u00e9 de Lille)<\/h4>\n<p>R\u00e9ception et reconstitution du fonctionnement de la <em>res publica<\/em> et \u00abdu\u00bb politique, du mod\u00e8le polybien \u00e0 sa lecture imp\u00e9riale, par les auteurs des XVe et XVIe s.<\/p>\n","protected":false},"excerpt":{"rendered":"<p>Colloque Les institutions romaines dans la culture antiquaire et historiographique des XVe et XVIe si\u00e8cles : repr\u00e9sentations et interpr\u00e9tations. Organis\u00e9 par Anne Raffarin (Universit\u00e9 Paris-Est Cr\u00e9teil-LIS) et Ida Gilda Mastrorosa (Universit\u00e9 de Florence-SAGAS) Universit\u00e9 Paris-Est Cr\u00e9teil 21 \/ 11 \/ &hellip; <a href=\"https:\/\/www.semen-l.org\/?p=3536\">Continuer la lecture <span class=\"meta-nav\">&rarr;<\/span><\/a><\/p>\n","protected":false},"author":26,"featured_media":3538,"comment_status":"open","ping_status":"open","sticky":false,"template":"","format":"standard","meta":{"footnotes":""},"categories":[4],"tags":[73,2148,1373,2143,400,848,920,1748,2144,2139,2141,823,158,2142,1842,144,896,1516,2146,418,1501,2145,423,1306,2149,2140,2147,1845],"class_list":["post-3536","post","type-post","status-publish","format-standard","has-post-thumbnail","hentry","category-colloques","tag-andre-alciat","tag-antiquarisme","tag-archeologie","tag-baudoin-francois","tag-biondo-flavio","tag-bocchi-achille","tag-bodin-jean","tag-bologne","tag-crimen-maiestatis","tag-cursus-honorum","tag-dictature","tag-droit","tag-epigraphie","tag-famille","tag-historiographie","tag-humanisme","tag-lexicographie","tag-mariage","tag-pline-le-jeune","tag-politique","tag-polybe","tag-ptolemaeus-bocchi","tag-rabelais-francois","tag-representation","tag-res-publica","tag-roma-triumphans","tag-sigonio-carlo","tag-toulouse"],"yoast_head":"<!-- This site is optimized with the Yoast SEO plugin v27.5 - https:\/\/yoast.com\/product\/yoast-seo-wordpress\/ -->\n<title>Colloque sur les institutions romaines XVe-XVIe, Universit\u00e9 Cr\u00e9teil<\/title>\n<meta name=\"description\" content=\"Les institutions romaines dans la culture antiquaire et historiographique des XVe et XVIe si\u00e8cles : repr\u00e9sentations et interpr\u00e9tations.\" \/>\n<meta name=\"robots\" content=\"index, follow, max-snippet:-1, max-image-preview:large, max-video-preview:-1\" \/>\n<link rel=\"canonical\" href=\"https:\/\/www.semen-l.org\/?p=3536\" \/>\n<meta property=\"og:locale\" content=\"fr_FR\" \/>\n<meta property=\"og:type\" content=\"article\" \/>\n<meta property=\"og:title\" content=\"Colloque sur les institutions romaines XVe-XVIe, Universit\u00e9 Cr\u00e9teil\" \/>\n<meta property=\"og:description\" content=\"Les institutions romaines dans la culture antiquaire et historiographique des XVe et XVIe si\u00e8cles : repr\u00e9sentations et interpr\u00e9tations.\" \/>\n<meta property=\"og:url\" content=\"https:\/\/www.semen-l.org\/?p=3536\" \/>\n<meta property=\"og:site_name\" content=\"Soci\u00e9t\u00e9 d&#039;\u00c9tudes M\u00e9dio Et N\u00e9o-Latines\" \/>\n<meta property=\"article:publisher\" content=\"https:\/\/www.facebook.com\/SEMENL2018\" \/>\n<meta property=\"article:published_time\" content=\"2024-10-22T10:21:10+00:00\" \/>\n<meta property=\"article:modified_time\" content=\"2025-01-02T23:51:13+00:00\" \/>\n<meta property=\"og:image\" content=\"https:\/\/www.semen-l.org\/wp-content\/uploads\/2024\/10\/colloque-inst-rom-creteil.jpg\" \/>\n\t<meta property=\"og:image:width\" content=\"419\" \/>\n\t<meta property=\"og:image:height\" content=\"534\" \/>\n\t<meta property=\"og:image:type\" content=\"image\/jpeg\" \/>\n<meta name=\"author\" content=\"Julien Maudoux\" \/>\n<meta name=\"twitter:card\" content=\"summary_large_image\" \/>\n<meta name=\"twitter:label1\" content=\"\u00c9crit par\" \/>\n\t<meta name=\"twitter:data1\" content=\"Julien Maudoux\" \/>\n\t<meta name=\"twitter:label2\" content=\"Dur\u00e9e de lecture estim\u00e9e\" \/>\n\t<meta name=\"twitter:data2\" content=\"3 minutes\" \/>\n<script type=\"application\/ld+json\" class=\"yoast-schema-graph\">{\"@context\":\"https:\\\/\\\/schema.org\",\"@graph\":[{\"@type\":\"Article\",\"@id\":\"https:\\\/\\\/www.semen-l.org\\\/?p=3536#article\",\"isPartOf\":{\"@id\":\"https:\\\/\\\/www.semen-l.org\\\/?p=3536\"},\"author\":{\"name\":\"Julien Maudoux\",\"@id\":\"http:\\\/\\\/www.semen-l.org\\\/#\\\/schema\\\/person\\\/ef5208815f17666727763c5363a51344\"},\"headline\":\"Les institutions romaines dans la culture antiquaire et historiographique des XVe et XVIe si\u00e8cles : repr\u00e9sentations et interpr\u00e9tations.\",\"datePublished\":\"2024-10-22T10:21:10+00:00\",\"dateModified\":\"2025-01-02T23:51:13+00:00\",\"mainEntityOfPage\":{\"@id\":\"https:\\\/\\\/www.semen-l.org\\\/?p=3536\"},\"wordCount\":573,\"commentCount\":0,\"publisher\":{\"@id\":\"http:\\\/\\\/www.semen-l.org\\\/#organization\"},\"image\":{\"@id\":\"https:\\\/\\\/www.semen-l.org\\\/?p=3536#primaryimage\"},\"thumbnailUrl\":\"https:\\\/\\\/www.semen-l.org\\\/wp-content\\\/uploads\\\/2024\\\/10\\\/colloque-inst-rom-creteil.jpg\",\"keywords\":[\"Alciat (Andr\u00e9)\",\"antiquarisme\",\"arch\u00e9ologie\",\"Baudoin (Fran\u00e7ois)\",\"Biondo (Flavio)\",\"Bocchi (Achille)\",\"Bodin (Jean)\",\"Bologne\",\"crimen maiestatis\",\"cursus honorum\",\"dictature\",\"droit\",\"\u00e9pigraphie\",\"famille\",\"historiographie\",\"humanisme\",\"lexicographie\",\"mariage\",\"Pline le Jeune\",\"politique\",\"Polybe\",\"Ptolemaeus (Bocchi)\",\"Rabelais (Fran\u00e7ois)\",\"repr\u00e9sentation\",\"res publica\",\"Roma triumphans (Flavio Biondo)\",\"Sigonio (Carlo)\",\"Toulouse\"],\"articleSection\":[\"Colloques\"],\"inLanguage\":\"fr-FR\",\"potentialAction\":[{\"@type\":\"CommentAction\",\"name\":\"Comment\",\"target\":[\"https:\\\/\\\/www.semen-l.org\\\/?p=3536#respond\"]}]},{\"@type\":\"WebPage\",\"@id\":\"https:\\\/\\\/www.semen-l.org\\\/?p=3536\",\"url\":\"https:\\\/\\\/www.semen-l.org\\\/?p=3536\",\"name\":\"Colloque sur les institutions romaines XVe-XVIe, Universit\u00e9 Cr\u00e9teil\",\"isPartOf\":{\"@id\":\"http:\\\/\\\/www.semen-l.org\\\/#website\"},\"primaryImageOfPage\":{\"@id\":\"https:\\\/\\\/www.semen-l.org\\\/?p=3536#primaryimage\"},\"image\":{\"@id\":\"https:\\\/\\\/www.semen-l.org\\\/?p=3536#primaryimage\"},\"thumbnailUrl\":\"https:\\\/\\\/www.semen-l.org\\\/wp-content\\\/uploads\\\/2024\\\/10\\\/colloque-inst-rom-creteil.jpg\",\"datePublished\":\"2024-10-22T10:21:10+00:00\",\"dateModified\":\"2025-01-02T23:51:13+00:00\",\"description\":\"Les institutions romaines dans la culture antiquaire et historiographique des XVe et XVIe si\u00e8cles : repr\u00e9sentations et interpr\u00e9tations.\",\"breadcrumb\":{\"@id\":\"https:\\\/\\\/www.semen-l.org\\\/?p=3536#breadcrumb\"},\"inLanguage\":\"fr-FR\",\"potentialAction\":[{\"@type\":\"ReadAction\",\"target\":[\"https:\\\/\\\/www.semen-l.org\\\/?p=3536\"]}]},{\"@type\":\"ImageObject\",\"inLanguage\":\"fr-FR\",\"@id\":\"https:\\\/\\\/www.semen-l.org\\\/?p=3536#primaryimage\",\"url\":\"https:\\\/\\\/www.semen-l.org\\\/wp-content\\\/uploads\\\/2024\\\/10\\\/colloque-inst-rom-creteil.jpg\",\"contentUrl\":\"https:\\\/\\\/www.semen-l.org\\\/wp-content\\\/uploads\\\/2024\\\/10\\\/colloque-inst-rom-creteil.jpg\",\"width\":419,\"height\":534},{\"@type\":\"BreadcrumbList\",\"@id\":\"https:\\\/\\\/www.semen-l.org\\\/?p=3536#breadcrumb\",\"itemListElement\":[{\"@type\":\"ListItem\",\"position\":1,\"name\":\"Accueil\",\"item\":\"http:\\\/\\\/www.semen-l.org\\\/\"},{\"@type\":\"ListItem\",\"position\":2,\"name\":\"Les institutions romaines dans la culture antiquaire et historiographique des XVe et XVIe si\u00e8cles : repr\u00e9sentations et interpr\u00e9tations.\"}]},{\"@type\":\"WebSite\",\"@id\":\"http:\\\/\\\/www.semen-l.org\\\/#website\",\"url\":\"http:\\\/\\\/www.semen-l.org\\\/\",\"name\":\"Soci\u00e9t\u00e9 d'\u00c9tudes M\u00e9dio Et N\u00e9o-Latines\",\"description\":\"\",\"publisher\":{\"@id\":\"http:\\\/\\\/www.semen-l.org\\\/#organization\"},\"potentialAction\":[{\"@type\":\"SearchAction\",\"target\":{\"@type\":\"EntryPoint\",\"urlTemplate\":\"http:\\\/\\\/www.semen-l.org\\\/?s={search_term_string}\"},\"query-input\":{\"@type\":\"PropertyValueSpecification\",\"valueRequired\":true,\"valueName\":\"search_term_string\"}}],\"inLanguage\":\"fr-FR\"},{\"@type\":\"Organization\",\"@id\":\"http:\\\/\\\/www.semen-l.org\\\/#organization\",\"name\":\"Soci\u00e9t\u00e9 d'\u00e9tudes m\u00e9dio et n\u00e9o-latines\",\"url\":\"http:\\\/\\\/www.semen-l.org\\\/\",\"logo\":{\"@type\":\"ImageObject\",\"inLanguage\":\"fr-FR\",\"@id\":\"http:\\\/\\\/www.semen-l.org\\\/#\\\/schema\\\/logo\\\/image\\\/\",\"url\":\"http:\\\/\\\/www.semen-l.org\\\/wp-content\\\/uploads\\\/2020\\\/11\\\/logo-semenl.jpg\",\"contentUrl\":\"http:\\\/\\\/www.semen-l.org\\\/wp-content\\\/uploads\\\/2020\\\/11\\\/logo-semenl.jpg\",\"width\":408,\"height\":403,\"caption\":\"Soci\u00e9t\u00e9 d'\u00e9tudes m\u00e9dio et n\u00e9o-latines\"},\"image\":{\"@id\":\"http:\\\/\\\/www.semen-l.org\\\/#\\\/schema\\\/logo\\\/image\\\/\"},\"sameAs\":[\"https:\\\/\\\/www.facebook.com\\\/SEMENL2018\",\"https:\\\/\\\/independent.academia.edu\\\/SocitsdtudesmdioetnolatinesSEMENL\"]},{\"@type\":\"Person\",\"@id\":\"http:\\\/\\\/www.semen-l.org\\\/#\\\/schema\\\/person\\\/ef5208815f17666727763c5363a51344\",\"name\":\"Julien Maudoux\",\"image\":{\"@type\":\"ImageObject\",\"inLanguage\":\"fr-FR\",\"@id\":\"https:\\\/\\\/secure.gravatar.com\\\/avatar\\\/caabf4fb6242e2277733cd35a5c2aa083761ea25dae1d1ff3298b54292225292?s=96&d=mm&r=g\",\"url\":\"https:\\\/\\\/secure.gravatar.com\\\/avatar\\\/caabf4fb6242e2277733cd35a5c2aa083761ea25dae1d1ff3298b54292225292?s=96&d=mm&r=g\",\"contentUrl\":\"https:\\\/\\\/secure.gravatar.com\\\/avatar\\\/caabf4fb6242e2277733cd35a5c2aa083761ea25dae1d1ff3298b54292225292?s=96&d=mm&r=g\",\"caption\":\"Julien Maudoux\"},\"description\":\"Webmestre du site de la SEMEN-L\",\"url\":\"https:\\\/\\\/www.semen-l.org\\\/?author=26\"}]}<\/script>\n<!-- \/ Yoast SEO plugin. -->","yoast_head_json":{"title":"Colloque sur les institutions romaines XVe-XVIe, Universit\u00e9 Cr\u00e9teil","description":"Les institutions romaines dans la culture antiquaire et historiographique des XVe et XVIe si\u00e8cles : repr\u00e9sentations et interpr\u00e9tations.","robots":{"index":"index","follow":"follow","max-snippet":"max-snippet:-1","max-image-preview":"max-image-preview:large","max-video-preview":"max-video-preview:-1"},"canonical":"https:\/\/www.semen-l.org\/?p=3536","og_locale":"fr_FR","og_type":"article","og_title":"Colloque sur les institutions romaines XVe-XVIe, Universit\u00e9 Cr\u00e9teil","og_description":"Les institutions romaines dans la culture antiquaire et historiographique des XVe et XVIe si\u00e8cles : repr\u00e9sentations et interpr\u00e9tations.","og_url":"https:\/\/www.semen-l.org\/?p=3536","og_site_name":"Soci\u00e9t\u00e9 d&#039;\u00c9tudes M\u00e9dio Et N\u00e9o-Latines","article_publisher":"https:\/\/www.facebook.com\/SEMENL2018","article_published_time":"2024-10-22T10:21:10+00:00","article_modified_time":"2025-01-02T23:51:13+00:00","og_image":[{"width":419,"height":534,"url":"https:\/\/www.semen-l.org\/wp-content\/uploads\/2024\/10\/colloque-inst-rom-creteil.jpg","type":"image\/jpeg"}],"author":"Julien Maudoux","twitter_card":"summary_large_image","twitter_misc":{"\u00c9crit par":"Julien Maudoux","Dur\u00e9e de lecture estim\u00e9e":"3 minutes"},"schema":{"@context":"https:\/\/schema.org","@graph":[{"@type":"Article","@id":"https:\/\/www.semen-l.org\/?p=3536#article","isPartOf":{"@id":"https:\/\/www.semen-l.org\/?p=3536"},"author":{"name":"Julien Maudoux","@id":"http:\/\/www.semen-l.org\/#\/schema\/person\/ef5208815f17666727763c5363a51344"},"headline":"Les institutions romaines dans la culture antiquaire et historiographique des XVe et XVIe si\u00e8cles : repr\u00e9sentations et interpr\u00e9tations.","datePublished":"2024-10-22T10:21:10+00:00","dateModified":"2025-01-02T23:51:13+00:00","mainEntityOfPage":{"@id":"https:\/\/www.semen-l.org\/?p=3536"},"wordCount":573,"commentCount":0,"publisher":{"@id":"http:\/\/www.semen-l.org\/#organization"},"image":{"@id":"https:\/\/www.semen-l.org\/?p=3536#primaryimage"},"thumbnailUrl":"https:\/\/www.semen-l.org\/wp-content\/uploads\/2024\/10\/colloque-inst-rom-creteil.jpg","keywords":["Alciat (Andr\u00e9)","antiquarisme","arch\u00e9ologie","Baudoin (Fran\u00e7ois)","Biondo (Flavio)","Bocchi (Achille)","Bodin (Jean)","Bologne","crimen maiestatis","cursus honorum","dictature","droit","\u00e9pigraphie","famille","historiographie","humanisme","lexicographie","mariage","Pline le Jeune","politique","Polybe","Ptolemaeus (Bocchi)","Rabelais (Fran\u00e7ois)","repr\u00e9sentation","res publica","Roma triumphans (Flavio Biondo)","Sigonio (Carlo)","Toulouse"],"articleSection":["Colloques"],"inLanguage":"fr-FR","potentialAction":[{"@type":"CommentAction","name":"Comment","target":["https:\/\/www.semen-l.org\/?p=3536#respond"]}]},{"@type":"WebPage","@id":"https:\/\/www.semen-l.org\/?p=3536","url":"https:\/\/www.semen-l.org\/?p=3536","name":"Colloque sur les institutions romaines XVe-XVIe, Universit\u00e9 Cr\u00e9teil","isPartOf":{"@id":"http:\/\/www.semen-l.org\/#website"},"primaryImageOfPage":{"@id":"https:\/\/www.semen-l.org\/?p=3536#primaryimage"},"image":{"@id":"https:\/\/www.semen-l.org\/?p=3536#primaryimage"},"thumbnailUrl":"https:\/\/www.semen-l.org\/wp-content\/uploads\/2024\/10\/colloque-inst-rom-creteil.jpg","datePublished":"2024-10-22T10:21:10+00:00","dateModified":"2025-01-02T23:51:13+00:00","description":"Les institutions romaines dans la culture antiquaire et historiographique des XVe et XVIe si\u00e8cles : repr\u00e9sentations et interpr\u00e9tations.","breadcrumb":{"@id":"https:\/\/www.semen-l.org\/?p=3536#breadcrumb"},"inLanguage":"fr-FR","potentialAction":[{"@type":"ReadAction","target":["https:\/\/www.semen-l.org\/?p=3536"]}]},{"@type":"ImageObject","inLanguage":"fr-FR","@id":"https:\/\/www.semen-l.org\/?p=3536#primaryimage","url":"https:\/\/www.semen-l.org\/wp-content\/uploads\/2024\/10\/colloque-inst-rom-creteil.jpg","contentUrl":"https:\/\/www.semen-l.org\/wp-content\/uploads\/2024\/10\/colloque-inst-rom-creteil.jpg","width":419,"height":534},{"@type":"BreadcrumbList","@id":"https:\/\/www.semen-l.org\/?p=3536#breadcrumb","itemListElement":[{"@type":"ListItem","position":1,"name":"Accueil","item":"http:\/\/www.semen-l.org\/"},{"@type":"ListItem","position":2,"name":"Les institutions romaines dans la culture antiquaire et historiographique des XVe et XVIe si\u00e8cles : repr\u00e9sentations et interpr\u00e9tations."}]},{"@type":"WebSite","@id":"http:\/\/www.semen-l.org\/#website","url":"http:\/\/www.semen-l.org\/","name":"Soci\u00e9t\u00e9 d'\u00c9tudes M\u00e9dio Et N\u00e9o-Latines","description":"","publisher":{"@id":"http:\/\/www.semen-l.org\/#organization"},"potentialAction":[{"@type":"SearchAction","target":{"@type":"EntryPoint","urlTemplate":"http:\/\/www.semen-l.org\/?s={search_term_string}"},"query-input":{"@type":"PropertyValueSpecification","valueRequired":true,"valueName":"search_term_string"}}],"inLanguage":"fr-FR"},{"@type":"Organization","@id":"http:\/\/www.semen-l.org\/#organization","name":"Soci\u00e9t\u00e9 d'\u00e9tudes m\u00e9dio et n\u00e9o-latines","url":"http:\/\/www.semen-l.org\/","logo":{"@type":"ImageObject","inLanguage":"fr-FR","@id":"http:\/\/www.semen-l.org\/#\/schema\/logo\/image\/","url":"http:\/\/www.semen-l.org\/wp-content\/uploads\/2020\/11\/logo-semenl.jpg","contentUrl":"http:\/\/www.semen-l.org\/wp-content\/uploads\/2020\/11\/logo-semenl.jpg","width":408,"height":403,"caption":"Soci\u00e9t\u00e9 d'\u00e9tudes m\u00e9dio et n\u00e9o-latines"},"image":{"@id":"http:\/\/www.semen-l.org\/#\/schema\/logo\/image\/"},"sameAs":["https:\/\/www.facebook.com\/SEMENL2018","https:\/\/independent.academia.edu\/SocitsdtudesmdioetnolatinesSEMENL"]},{"@type":"Person","@id":"http:\/\/www.semen-l.org\/#\/schema\/person\/ef5208815f17666727763c5363a51344","name":"Julien Maudoux","image":{"@type":"ImageObject","inLanguage":"fr-FR","@id":"https:\/\/secure.gravatar.com\/avatar\/caabf4fb6242e2277733cd35a5c2aa083761ea25dae1d1ff3298b54292225292?s=96&d=mm&r=g","url":"https:\/\/secure.gravatar.com\/avatar\/caabf4fb6242e2277733cd35a5c2aa083761ea25dae1d1ff3298b54292225292?s=96&d=mm&r=g","contentUrl":"https:\/\/secure.gravatar.com\/avatar\/caabf4fb6242e2277733cd35a5c2aa083761ea25dae1d1ff3298b54292225292?s=96&d=mm&r=g","caption":"Julien Maudoux"},"description":"Webmestre du site de la SEMEN-L","url":"https:\/\/www.semen-l.org\/?author=26"}]}},"jetpack_featured_media_url":"https:\/\/www.semen-l.org\/wp-content\/uploads\/2024\/10\/colloque-inst-rom-creteil.jpg","_links":{"self":[{"href":"https:\/\/www.semen-l.org\/index.php?rest_route=\/wp\/v2\/posts\/3536","targetHints":{"allow":["GET"]}}],"collection":[{"href":"https:\/\/www.semen-l.org\/index.php?rest_route=\/wp\/v2\/posts"}],"about":[{"href":"https:\/\/www.semen-l.org\/index.php?rest_route=\/wp\/v2\/types\/post"}],"author":[{"embeddable":true,"href":"https:\/\/www.semen-l.org\/index.php?rest_route=\/wp\/v2\/users\/26"}],"replies":[{"embeddable":true,"href":"https:\/\/www.semen-l.org\/index.php?rest_route=%2Fwp%2Fv2%2Fcomments&post=3536"}],"version-history":[{"count":0,"href":"https:\/\/www.semen-l.org\/index.php?rest_route=\/wp\/v2\/posts\/3536\/revisions"}],"wp:featuredmedia":[{"embeddable":true,"href":"https:\/\/www.semen-l.org\/index.php?rest_route=\/wp\/v2\/media\/3538"}],"wp:attachment":[{"href":"https:\/\/www.semen-l.org\/index.php?rest_route=%2Fwp%2Fv2%2Fmedia&parent=3536"}],"wp:term":[{"taxonomy":"category","embeddable":true,"href":"https:\/\/www.semen-l.org\/index.php?rest_route=%2Fwp%2Fv2%2Fcategories&post=3536"},{"taxonomy":"post_tag","embeddable":true,"href":"https:\/\/www.semen-l.org\/index.php?rest_route=%2Fwp%2Fv2%2Ftags&post=3536"}],"curies":[{"name":"wp","href":"https:\/\/api.w.org\/{rel}","templated":true}]}}