{"id":353,"date":"2016-05-05T10:20:50","date_gmt":"2016-05-05T10:20:50","guid":{"rendered":"http:\/\/www.semen-l.org\/?p=353"},"modified":"2023-02-15T10:55:48","modified_gmt":"2023-02-15T10:55:48","slug":"journee-des-jeunes-chercheurs","status":"publish","type":"post","link":"https:\/\/www.semen-l.org\/?p=353","title":{"rendered":"Journ\u00e9e des jeunes chercheurs"},"content":{"rendered":"<p>La SEMEN-L organise le samedi 28 mai 2016 une journ\u00e9e consacr\u00e9e \u00e0 ses jeunes chercheurs :<\/p>\n<p><a href=\"http:\/\/www.semen-l.org\/wp-content\/uploads\/2016\/05\/D\u00e9pliant-programme-JE-jeunes-chercheurs.pdf\">D\u00e9pliant programme JE jeunes chercheurs<\/a><br \/>\n<a href=\"https:\/\/www.semen-l.org\/wp-content\/uploads\/2016\/05\/D\u00e9pliant-programme-JE-jeunes-chercheurs.pdf\" class=\"pdfemb-viewer\" style=\"\" data-width=\"max\" data-height=\"max\" data-toolbar=\"both\" data-toolbar-fixed=\"off\">D\u00e9pliant programme JE jeunes chercheurs<\/a><\/p>\n<p><a href=\"http:\/\/www.semen-l.org\/wp-content\/uploads\/2016\/05\/Affiche-JE-jeunes-chercheurs.pdf\">Affiche JE jeunes chercheurs<\/a><br \/>\n<a href=\"https:\/\/www.semen-l.org\/wp-content\/uploads\/2016\/05\/Affiche-JE-jeunes-chercheurs.pdf\" class=\"pdfemb-viewer\" style=\"\" data-width=\"max\" data-height=\"max\" data-toolbar=\"both\" data-toolbar-fixed=\"off\">Affiche JE jeunes chercheurs<\/a><\/p>\n","protected":false},"excerpt":{"rendered":"<p>La SEMEN-L organise le samedi 28 mai 2016 une journ\u00e9e consacr\u00e9e \u00e0 ses jeunes chercheurs : D\u00e9pliant programme JE jeunes chercheurs Affiche JE jeunes chercheurs<\/p>\n","protected":false},"author":7,"featured_media":273,"comment_status":"open","ping_status":"open","sticky":false,"template":"","format":"standard","meta":{"footnotes":""},"categories":[1712],"tags":[283,273,280,270,284,278,281,269,277,282,274,279,183,275,267,276],"class_list":["post-353","post","type-post","status-publish","format-standard","has-post-thumbnail","hentry","category-journees-jeunes-chercheurs","tag-de-beze-theodore","tag-de-asino-ad-episcopum-ducto","tag-de-iuuentute-sebastian-fox-morcillo","tag-edition","tag-elegie","tag-eulogium","tag-fox-morcillo-sebastian","tag-hymne","tag-metaphore","tag-poemata-theodore-de-beze","tag-poeme","tag-poesie-funebre","tag-satire","tag-speculum-doctrinale","tag-stylistique","tag-vincent-de-beauvais"],"yoast_head":"<!-- This site is optimized with the Yoast SEO plugin v27.5 - https:\/\/yoast.com\/product\/yoast-seo-wordpress\/ -->\n<title>Journ\u00e9e des jeunes chercheurs - Soci\u00e9t\u00e9 d&#039;\u00c9tudes M\u00e9dio Et N\u00e9o-Latines<\/title>\n<meta name=\"robots\" content=\"index, follow, max-snippet:-1, max-image-preview:large, max-video-preview:-1\" \/>\n<link rel=\"canonical\" href=\"http:\/\/www.semen-l.org\/?p=353\" \/>\n<meta property=\"og:locale\" content=\"fr_FR\" \/>\n<meta property=\"og:type\" content=\"article\" \/>\n<meta property=\"og:title\" content=\"Journ\u00e9e des jeunes chercheurs - Soci\u00e9t\u00e9 d&#039;\u00c9tudes M\u00e9dio Et N\u00e9o-Latines\" \/>\n<meta property=\"og:description\" content=\"La SEMEN-L organise le samedi 28 mai 2016 une journ\u00e9e consacr\u00e9e \u00e0 ses jeunes chercheurs : D\u00e9pliant programme JE jeunes chercheurs Affiche JE jeunes chercheurs\" \/>\n<meta property=\"og:url\" content=\"http:\/\/www.semen-l.org\/?p=353\" \/>\n<meta property=\"og:site_name\" content=\"Soci\u00e9t\u00e9 d&#039;\u00c9tudes M\u00e9dio Et N\u00e9o-Latines\" \/>\n<meta property=\"article:publisher\" content=\"https:\/\/www.facebook.com\/SEMENL2018\" \/>\n<meta property=\"article:published_time\" content=\"2016-05-05T10:20:50+00:00\" \/>\n<meta property=\"article:modified_time\" content=\"2023-02-15T10:55:48+00:00\" \/>\n<meta property=\"og:image\" content=\"http:\/\/www.semen-l.org\/wp-content\/uploads\/2015\/03\/800px-The_Young_Cicero_Reading.jpg\" \/>\n\t<meta property=\"og:image:width\" content=\"800\" \/>\n\t<meta property=\"og:image:height\" content=\"608\" \/>\n\t<meta property=\"og:image:type\" content=\"image\/jpeg\" \/>\n<meta name=\"author\" content=\"Claire\" \/>\n<meta name=\"twitter:card\" content=\"summary_large_image\" \/>\n<meta name=\"twitter:label1\" content=\"\u00c9crit par\" \/>\n\t<meta name=\"twitter:data1\" content=\"Claire\" \/>\n<script type=\"application\/ld+json\" class=\"yoast-schema-graph\">{\"@context\":\"https:\\\/\\\/schema.org\",\"@graph\":[{\"@type\":\"Article\",\"@id\":\"http:\\\/\\\/www.semen-l.org\\\/?p=353#article\",\"isPartOf\":{\"@id\":\"http:\\\/\\\/www.semen-l.org\\\/?p=353\"},\"author\":{\"name\":\"Claire\",\"@id\":\"http:\\\/\\\/www.semen-l.org\\\/#\\\/schema\\\/person\\\/c1da10720736e30a9294dcce77355003\"},\"headline\":\"Journ\u00e9e des jeunes chercheurs\",\"datePublished\":\"2016-05-05T10:20:50+00:00\",\"dateModified\":\"2023-02-15T10:55:48+00:00\",\"mainEntityOfPage\":{\"@id\":\"http:\\\/\\\/www.semen-l.org\\\/?p=353\"},\"wordCount\":62,\"commentCount\":0,\"publisher\":{\"@id\":\"http:\\\/\\\/www.semen-l.org\\\/#organization\"},\"image\":{\"@id\":\"http:\\\/\\\/www.semen-l.org\\\/?p=353#primaryimage\"},\"thumbnailUrl\":\"https:\\\/\\\/www.semen-l.org\\\/wp-content\\\/uploads\\\/2015\\\/03\\\/800px-The_Young_Cicero_Reading.jpg\",\"keywords\":[\"B\u00e8ze (Th\u00e9odore de)\",\"De asino ad episcopum ducto\",\"De iuuentute (Sebasti\u00e1n Fox Morcillo)\",\"\u00e9dition\",\"\u00e9l\u00e9gie\",\"eulogium\",\"Fox Morcillo (Sebasti\u00e1n)\",\"hymne\",\"m\u00e9taphore\",\"Poemata (Th\u00e9odore de B\u00e8ze)\",\"po\u00e8me\",\"po\u00e9sie fun\u00e8bre\",\"satire\",\"Speculum Doctrinale\",\"stylistique\",\"Vincent de Beauvais\"],\"articleSection\":[\"Journ\u00e9es des jeunes chercheurs\"],\"inLanguage\":\"fr-FR\",\"potentialAction\":[{\"@type\":\"CommentAction\",\"name\":\"Comment\",\"target\":[\"http:\\\/\\\/www.semen-l.org\\\/?p=353#respond\"]}]},{\"@type\":\"WebPage\",\"@id\":\"http:\\\/\\\/www.semen-l.org\\\/?p=353\",\"url\":\"http:\\\/\\\/www.semen-l.org\\\/?p=353\",\"name\":\"Journ\u00e9e des jeunes chercheurs - Soci\u00e9t\u00e9 d&#039;\u00c9tudes M\u00e9dio Et N\u00e9o-Latines\",\"isPartOf\":{\"@id\":\"http:\\\/\\\/www.semen-l.org\\\/#website\"},\"primaryImageOfPage\":{\"@id\":\"http:\\\/\\\/www.semen-l.org\\\/?p=353#primaryimage\"},\"image\":{\"@id\":\"http:\\\/\\\/www.semen-l.org\\\/?p=353#primaryimage\"},\"thumbnailUrl\":\"https:\\\/\\\/www.semen-l.org\\\/wp-content\\\/uploads\\\/2015\\\/03\\\/800px-The_Young_Cicero_Reading.jpg\",\"datePublished\":\"2016-05-05T10:20:50+00:00\",\"dateModified\":\"2023-02-15T10:55:48+00:00\",\"breadcrumb\":{\"@id\":\"http:\\\/\\\/www.semen-l.org\\\/?p=353#breadcrumb\"},\"inLanguage\":\"fr-FR\",\"potentialAction\":[{\"@type\":\"ReadAction\",\"target\":[\"http:\\\/\\\/www.semen-l.org\\\/?p=353\"]}]},{\"@type\":\"ImageObject\",\"inLanguage\":\"fr-FR\",\"@id\":\"http:\\\/\\\/www.semen-l.org\\\/?p=353#primaryimage\",\"url\":\"https:\\\/\\\/www.semen-l.org\\\/wp-content\\\/uploads\\\/2015\\\/03\\\/800px-The_Young_Cicero_Reading.jpg\",\"contentUrl\":\"https:\\\/\\\/www.semen-l.org\\\/wp-content\\\/uploads\\\/2015\\\/03\\\/800px-The_Young_Cicero_Reading.jpg\",\"width\":800,\"height\":608},{\"@type\":\"BreadcrumbList\",\"@id\":\"http:\\\/\\\/www.semen-l.org\\\/?p=353#breadcrumb\",\"itemListElement\":[{\"@type\":\"ListItem\",\"position\":1,\"name\":\"Accueil\",\"item\":\"http:\\\/\\\/www.semen-l.org\\\/\"},{\"@type\":\"ListItem\",\"position\":2,\"name\":\"Journ\u00e9e des jeunes chercheurs\"}]},{\"@type\":\"WebSite\",\"@id\":\"http:\\\/\\\/www.semen-l.org\\\/#website\",\"url\":\"http:\\\/\\\/www.semen-l.org\\\/\",\"name\":\"Soci\u00e9t\u00e9 d'\u00c9tudes M\u00e9dio Et N\u00e9o-Latines\",\"description\":\"\",\"publisher\":{\"@id\":\"http:\\\/\\\/www.semen-l.org\\\/#organization\"},\"potentialAction\":[{\"@type\":\"SearchAction\",\"target\":{\"@type\":\"EntryPoint\",\"urlTemplate\":\"http:\\\/\\\/www.semen-l.org\\\/?s={search_term_string}\"},\"query-input\":{\"@type\":\"PropertyValueSpecification\",\"valueRequired\":true,\"valueName\":\"search_term_string\"}}],\"inLanguage\":\"fr-FR\"},{\"@type\":\"Organization\",\"@id\":\"http:\\\/\\\/www.semen-l.org\\\/#organization\",\"name\":\"Soci\u00e9t\u00e9 d'\u00e9tudes m\u00e9dio et n\u00e9o-latines\",\"url\":\"http:\\\/\\\/www.semen-l.org\\\/\",\"logo\":{\"@type\":\"ImageObject\",\"inLanguage\":\"fr-FR\",\"@id\":\"http:\\\/\\\/www.semen-l.org\\\/#\\\/schema\\\/logo\\\/image\\\/\",\"url\":\"http:\\\/\\\/www.semen-l.org\\\/wp-content\\\/uploads\\\/2020\\\/11\\\/logo-semenl.jpg\",\"contentUrl\":\"http:\\\/\\\/www.semen-l.org\\\/wp-content\\\/uploads\\\/2020\\\/11\\\/logo-semenl.jpg\",\"width\":408,\"height\":403,\"caption\":\"Soci\u00e9t\u00e9 d'\u00e9tudes m\u00e9dio et n\u00e9o-latines\"},\"image\":{\"@id\":\"http:\\\/\\\/www.semen-l.org\\\/#\\\/schema\\\/logo\\\/image\\\/\"},\"sameAs\":[\"https:\\\/\\\/www.facebook.com\\\/SEMENL2018\",\"https:\\\/\\\/independent.academia.edu\\\/SocitsdtudesmdioetnolatinesSEMENL\"]},{\"@type\":\"Person\",\"@id\":\"http:\\\/\\\/www.semen-l.org\\\/#\\\/schema\\\/person\\\/c1da10720736e30a9294dcce77355003\",\"name\":\"Claire\",\"image\":{\"@type\":\"ImageObject\",\"inLanguage\":\"fr-FR\",\"@id\":\"https:\\\/\\\/secure.gravatar.com\\\/avatar\\\/fb942a7c25d70507e1cb150869aba56fe90ac8bf729ffb876b9b80161bf79d4f?s=96&d=mm&r=g\",\"url\":\"https:\\\/\\\/secure.gravatar.com\\\/avatar\\\/fb942a7c25d70507e1cb150869aba56fe90ac8bf729ffb876b9b80161bf79d4f?s=96&d=mm&r=g\",\"contentUrl\":\"https:\\\/\\\/secure.gravatar.com\\\/avatar\\\/fb942a7c25d70507e1cb150869aba56fe90ac8bf729ffb876b9b80161bf79d4f?s=96&d=mm&r=g\",\"caption\":\"Claire\"},\"url\":\"https:\\\/\\\/www.semen-l.org\\\/?author=7\"}]}<\/script>\n<!-- \/ Yoast SEO plugin. -->","yoast_head_json":{"title":"Journ\u00e9e des jeunes chercheurs - Soci\u00e9t\u00e9 d&#039;\u00c9tudes M\u00e9dio Et N\u00e9o-Latines","robots":{"index":"index","follow":"follow","max-snippet":"max-snippet:-1","max-image-preview":"max-image-preview:large","max-video-preview":"max-video-preview:-1"},"canonical":"http:\/\/www.semen-l.org\/?p=353","og_locale":"fr_FR","og_type":"article","og_title":"Journ\u00e9e des jeunes chercheurs - Soci\u00e9t\u00e9 d&#039;\u00c9tudes M\u00e9dio Et N\u00e9o-Latines","og_description":"La SEMEN-L organise le samedi 28 mai 2016 une journ\u00e9e consacr\u00e9e \u00e0 ses jeunes chercheurs : D\u00e9pliant programme JE jeunes chercheurs Affiche JE jeunes chercheurs","og_url":"http:\/\/www.semen-l.org\/?p=353","og_site_name":"Soci\u00e9t\u00e9 d&#039;\u00c9tudes M\u00e9dio Et N\u00e9o-Latines","article_publisher":"https:\/\/www.facebook.com\/SEMENL2018","article_published_time":"2016-05-05T10:20:50+00:00","article_modified_time":"2023-02-15T10:55:48+00:00","og_image":[{"width":800,"height":608,"url":"http:\/\/www.semen-l.org\/wp-content\/uploads\/2015\/03\/800px-The_Young_Cicero_Reading.jpg","type":"image\/jpeg"}],"author":"Claire","twitter_card":"summary_large_image","twitter_misc":{"\u00c9crit par":"Claire"},"schema":{"@context":"https:\/\/schema.org","@graph":[{"@type":"Article","@id":"http:\/\/www.semen-l.org\/?p=353#article","isPartOf":{"@id":"http:\/\/www.semen-l.org\/?p=353"},"author":{"name":"Claire","@id":"http:\/\/www.semen-l.org\/#\/schema\/person\/c1da10720736e30a9294dcce77355003"},"headline":"Journ\u00e9e des jeunes chercheurs","datePublished":"2016-05-05T10:20:50+00:00","dateModified":"2023-02-15T10:55:48+00:00","mainEntityOfPage":{"@id":"http:\/\/www.semen-l.org\/?p=353"},"wordCount":62,"commentCount":0,"publisher":{"@id":"http:\/\/www.semen-l.org\/#organization"},"image":{"@id":"http:\/\/www.semen-l.org\/?p=353#primaryimage"},"thumbnailUrl":"https:\/\/www.semen-l.org\/wp-content\/uploads\/2015\/03\/800px-The_Young_Cicero_Reading.jpg","keywords":["B\u00e8ze (Th\u00e9odore de)","De asino ad episcopum ducto","De iuuentute (Sebasti\u00e1n Fox Morcillo)","\u00e9dition","\u00e9l\u00e9gie","eulogium","Fox Morcillo (Sebasti\u00e1n)","hymne","m\u00e9taphore","Poemata (Th\u00e9odore de B\u00e8ze)","po\u00e8me","po\u00e9sie fun\u00e8bre","satire","Speculum Doctrinale","stylistique","Vincent de Beauvais"],"articleSection":["Journ\u00e9es des jeunes chercheurs"],"inLanguage":"fr-FR","potentialAction":[{"@type":"CommentAction","name":"Comment","target":["http:\/\/www.semen-l.org\/?p=353#respond"]}]},{"@type":"WebPage","@id":"http:\/\/www.semen-l.org\/?p=353","url":"http:\/\/www.semen-l.org\/?p=353","name":"Journ\u00e9e des jeunes chercheurs - Soci\u00e9t\u00e9 d&#039;\u00c9tudes M\u00e9dio Et N\u00e9o-Latines","isPartOf":{"@id":"http:\/\/www.semen-l.org\/#website"},"primaryImageOfPage":{"@id":"http:\/\/www.semen-l.org\/?p=353#primaryimage"},"image":{"@id":"http:\/\/www.semen-l.org\/?p=353#primaryimage"},"thumbnailUrl":"https:\/\/www.semen-l.org\/wp-content\/uploads\/2015\/03\/800px-The_Young_Cicero_Reading.jpg","datePublished":"2016-05-05T10:20:50+00:00","dateModified":"2023-02-15T10:55:48+00:00","breadcrumb":{"@id":"http:\/\/www.semen-l.org\/?p=353#breadcrumb"},"inLanguage":"fr-FR","potentialAction":[{"@type":"ReadAction","target":["http:\/\/www.semen-l.org\/?p=353"]}]},{"@type":"ImageObject","inLanguage":"fr-FR","@id":"http:\/\/www.semen-l.org\/?p=353#primaryimage","url":"https:\/\/www.semen-l.org\/wp-content\/uploads\/2015\/03\/800px-The_Young_Cicero_Reading.jpg","contentUrl":"https:\/\/www.semen-l.org\/wp-content\/uploads\/2015\/03\/800px-The_Young_Cicero_Reading.jpg","width":800,"height":608},{"@type":"BreadcrumbList","@id":"http:\/\/www.semen-l.org\/?p=353#breadcrumb","itemListElement":[{"@type":"ListItem","position":1,"name":"Accueil","item":"http:\/\/www.semen-l.org\/"},{"@type":"ListItem","position":2,"name":"Journ\u00e9e des jeunes chercheurs"}]},{"@type":"WebSite","@id":"http:\/\/www.semen-l.org\/#website","url":"http:\/\/www.semen-l.org\/","name":"Soci\u00e9t\u00e9 d'\u00c9tudes M\u00e9dio Et N\u00e9o-Latines","description":"","publisher":{"@id":"http:\/\/www.semen-l.org\/#organization"},"potentialAction":[{"@type":"SearchAction","target":{"@type":"EntryPoint","urlTemplate":"http:\/\/www.semen-l.org\/?s={search_term_string}"},"query-input":{"@type":"PropertyValueSpecification","valueRequired":true,"valueName":"search_term_string"}}],"inLanguage":"fr-FR"},{"@type":"Organization","@id":"http:\/\/www.semen-l.org\/#organization","name":"Soci\u00e9t\u00e9 d'\u00e9tudes m\u00e9dio et n\u00e9o-latines","url":"http:\/\/www.semen-l.org\/","logo":{"@type":"ImageObject","inLanguage":"fr-FR","@id":"http:\/\/www.semen-l.org\/#\/schema\/logo\/image\/","url":"http:\/\/www.semen-l.org\/wp-content\/uploads\/2020\/11\/logo-semenl.jpg","contentUrl":"http:\/\/www.semen-l.org\/wp-content\/uploads\/2020\/11\/logo-semenl.jpg","width":408,"height":403,"caption":"Soci\u00e9t\u00e9 d'\u00e9tudes m\u00e9dio et n\u00e9o-latines"},"image":{"@id":"http:\/\/www.semen-l.org\/#\/schema\/logo\/image\/"},"sameAs":["https:\/\/www.facebook.com\/SEMENL2018","https:\/\/independent.academia.edu\/SocitsdtudesmdioetnolatinesSEMENL"]},{"@type":"Person","@id":"http:\/\/www.semen-l.org\/#\/schema\/person\/c1da10720736e30a9294dcce77355003","name":"Claire","image":{"@type":"ImageObject","inLanguage":"fr-FR","@id":"https:\/\/secure.gravatar.com\/avatar\/fb942a7c25d70507e1cb150869aba56fe90ac8bf729ffb876b9b80161bf79d4f?s=96&d=mm&r=g","url":"https:\/\/secure.gravatar.com\/avatar\/fb942a7c25d70507e1cb150869aba56fe90ac8bf729ffb876b9b80161bf79d4f?s=96&d=mm&r=g","contentUrl":"https:\/\/secure.gravatar.com\/avatar\/fb942a7c25d70507e1cb150869aba56fe90ac8bf729ffb876b9b80161bf79d4f?s=96&d=mm&r=g","caption":"Claire"},"url":"https:\/\/www.semen-l.org\/?author=7"}]}},"jetpack_featured_media_url":"https:\/\/www.semen-l.org\/wp-content\/uploads\/2015\/03\/800px-The_Young_Cicero_Reading.jpg","_links":{"self":[{"href":"https:\/\/www.semen-l.org\/index.php?rest_route=\/wp\/v2\/posts\/353","targetHints":{"allow":["GET"]}}],"collection":[{"href":"https:\/\/www.semen-l.org\/index.php?rest_route=\/wp\/v2\/posts"}],"about":[{"href":"https:\/\/www.semen-l.org\/index.php?rest_route=\/wp\/v2\/types\/post"}],"author":[{"embeddable":true,"href":"https:\/\/www.semen-l.org\/index.php?rest_route=\/wp\/v2\/users\/7"}],"replies":[{"embeddable":true,"href":"https:\/\/www.semen-l.org\/index.php?rest_route=%2Fwp%2Fv2%2Fcomments&post=353"}],"version-history":[{"count":0,"href":"https:\/\/www.semen-l.org\/index.php?rest_route=\/wp\/v2\/posts\/353\/revisions"}],"wp:featuredmedia":[{"embeddable":true,"href":"https:\/\/www.semen-l.org\/index.php?rest_route=\/wp\/v2\/media\/273"}],"wp:attachment":[{"href":"https:\/\/www.semen-l.org\/index.php?rest_route=%2Fwp%2Fv2%2Fmedia&parent=353"}],"wp:term":[{"taxonomy":"category","embeddable":true,"href":"https:\/\/www.semen-l.org\/index.php?rest_route=%2Fwp%2Fv2%2Fcategories&post=353"},{"taxonomy":"post_tag","embeddable":true,"href":"https:\/\/www.semen-l.org\/index.php?rest_route=%2Fwp%2Fv2%2Ftags&post=353"}],"curies":[{"name":"wp","href":"https:\/\/api.w.org\/{rel}","templated":true}]}}