{"id":3512,"date":"2024-06-10T13:21:50","date_gmt":"2024-06-10T13:21:50","guid":{"rendered":"https:\/\/www.semen-l.org\/?p=3512"},"modified":"2024-09-21T09:40:15","modified_gmt":"2024-09-21T09:40:15","slug":"ve-journee-des-jeunes-chercheurs-de-la-societe-detudes-medio-et-neo-latine-semen-l-nantes","status":"publish","type":"post","link":"https:\/\/www.semen-l.org\/?p=3512","title":{"rendered":"Ve journ\u00e9e des jeunes chercheurs de la Soci\u00e9t\u00e9 d&rsquo;\u00e9tudes m\u00e9dio- et n\u00e9o-latine SEMEN-L (Nantes)"},"content":{"rendered":"<p><img fetchpriority=\"high\" decoding=\"async\" class=\"alignright size-medium wp-image-600\" src=\"http:\/\/www.semen-l.org\/wp-content\/uploads\/2020\/11\/cropped-logo-semenl-300x300.jpg\" alt=\"\" width=\"300\" height=\"300\" srcset=\"https:\/\/www.semen-l.org\/wp-content\/uploads\/2020\/11\/cropped-logo-semenl-300x300.jpg 300w, https:\/\/www.semen-l.org\/wp-content\/uploads\/2020\/11\/cropped-logo-semenl-150x150.jpg 150w, https:\/\/www.semen-l.org\/wp-content\/uploads\/2020\/11\/cropped-logo-semenl.jpg 403w\" sizes=\"(max-width: 300px) 100vw, 300px\" \/>La Ve journ\u00e9e des jeunes chercheurs de la SEMEN-L se d\u00e9roulera \u00e0 l\u2019Universit\u00e9 de Nantes le vendredi 14 mars 2025.<\/p>\n<p>Nous invitons les doctorants et jeunes docteurs travaillant sur le m\u00e9dio-latin et n\u00e9o-latin \u00e0 nous soumettre leur proposition pour une pr\u00e9sentation de leurs travaux illustrant un aspect des recherches m\u00e9dio et n\u00e9o-latines (linguistique, litt\u00e9raire, historique, ecdotique, etc.). La pr\u00e9sentation, d&rsquo;une dur\u00e9e de vingt minutes, peut servir \u00e0 pr\u00e9senter un projet de recherche, un chapitre de th\u00e8se, un cas d&rsquo;\u00e9tude, un article en cours de pr\u00e9paration&#8230;<\/p>\n<p>Les frais de transport et une nuit d&rsquo;h\u00f4tel (13 mars) pourront \u00eatre pris en charge pour les participants qui en feraient la demande.<\/p>\n<p>Les propositions de communication sont \u00e0 envoyer d&rsquo;ici le 30 septembre 2024 aux adresses des trois organisatrices\u00a0:\u00a0<a href=\"mailto:deborah.boijoux@univ-nantes.fr\">deborah.boijoux@univ-nantes.fr<\/a>,\u00a0<a href=\"mailto:alexia.dedieu@univ-amu.fr\">alexia.dedieu@univ-amu.fr<\/a>,\u00a0<a href=\"mailto:anne.morvan@univ-nantes.fr\">anne.morvan@univ-nantes.fr<\/a>.<br \/>\nLes fichiers comprendront une courte proposition (250 mots max) et une petite pr\u00e9sentation bio-bibliographique. Ils seront intitul\u00e9s comme suit\u00a0: NOM_Titre-de-la-communication.<\/p>\n<p>Cette journ\u00e9e est r\u00e9serv\u00e9e aux jeunes chercheurs de la SEMEN-L\u00a0; les participants devront \u00eatre \u00e0 jour de leur cotisation. Toutes les informations sur les adh\u00e9sions sont disponibles sur le site de la SEMEN-L\u00a0:\u00a0<a href=\"http:\/\/www.semen-l.org\/?p=187\">http:\/\/www.semen-l.org\/?p=187<\/a><\/p>\n<p>\u2014<\/p>\n<p><strong>Responsables\u00a0:\u00a0<\/strong>D\u00e9borah Boijoux (Nantes U.), Alexia Dedieu (U. d&rsquo;Aix-Marseille) et Anne Morvan (Nantes U.)<\/p>\n","protected":false},"excerpt":{"rendered":"<p>La Ve journ\u00e9e des jeunes chercheurs de la SEMEN-L se d\u00e9roulera \u00e0 l\u2019Universit\u00e9 de Nantes le vendredi 14 mars 2025. Nous invitons les doctorants et jeunes docteurs travaillant sur le m\u00e9dio-latin et n\u00e9o-latin \u00e0 nous soumettre leur proposition pour une &hellip; <a href=\"https:\/\/www.semen-l.org\/?p=3512\">Continuer la lecture <span class=\"meta-nav\">&rarr;<\/span><\/a><\/p>\n","protected":false},"author":26,"featured_media":600,"comment_status":"open","ping_status":"open","sticky":false,"template":"","format":"standard","meta":{"footnotes":""},"categories":[1712],"tags":[],"class_list":["post-3512","post","type-post","status-publish","format-standard","has-post-thumbnail","hentry","category-journees-jeunes-chercheurs"],"yoast_head":"<!-- This site is optimized with the Yoast SEO plugin v27.5 - https:\/\/yoast.com\/product\/yoast-seo-wordpress\/ -->\n<title>Ve Journ\u00e9e des Jeunes chercheurs de la SEMEN-L<\/title>\n<meta name=\"description\" content=\"La Ve journ\u00e9e des jeunes chercheurs de la SEMEN-L se d\u00e9roulera \u00e0 l\u2019Universit\u00e9 de Nantes le vendredi 14 mars 2025 : n\u00e9o-latin, m\u00e9diolatin.\" \/>\n<meta name=\"robots\" content=\"index, follow, max-snippet:-1, max-image-preview:large, max-video-preview:-1\" \/>\n<link rel=\"canonical\" href=\"https:\/\/www.semen-l.org\/?p=3512\" \/>\n<meta property=\"og:locale\" content=\"fr_FR\" \/>\n<meta property=\"og:type\" content=\"article\" \/>\n<meta property=\"og:title\" content=\"Ve Journ\u00e9e des Jeunes chercheurs de la SEMEN-L\" \/>\n<meta property=\"og:description\" content=\"La Ve journ\u00e9e des jeunes chercheurs de la SEMEN-L se d\u00e9roulera \u00e0 l\u2019Universit\u00e9 de Nantes le vendredi 14 mars 2025 : n\u00e9o-latin, m\u00e9diolatin.\" \/>\n<meta property=\"og:url\" content=\"https:\/\/www.semen-l.org\/?p=3512\" \/>\n<meta property=\"og:site_name\" content=\"Soci\u00e9t\u00e9 d&#039;\u00c9tudes M\u00e9dio Et N\u00e9o-Latines\" \/>\n<meta property=\"article:publisher\" content=\"https:\/\/www.facebook.com\/SEMENL2018\" \/>\n<meta property=\"article:published_time\" content=\"2024-06-10T13:21:50+00:00\" \/>\n<meta property=\"article:modified_time\" content=\"2024-09-21T09:40:15+00:00\" \/>\n<meta property=\"og:image\" content=\"https:\/\/www.semen-l.org\/wp-content\/uploads\/2020\/11\/cropped-logo-semenl.jpg\" \/>\n\t<meta property=\"og:image:width\" content=\"403\" \/>\n\t<meta property=\"og:image:height\" content=\"403\" \/>\n\t<meta property=\"og:image:type\" content=\"image\/jpeg\" \/>\n<meta name=\"author\" content=\"Julien Maudoux\" \/>\n<meta name=\"twitter:card\" content=\"summary_large_image\" \/>\n<meta name=\"twitter:label1\" content=\"\u00c9crit par\" \/>\n\t<meta name=\"twitter:data1\" content=\"Julien Maudoux\" \/>\n\t<meta name=\"twitter:label2\" content=\"Dur\u00e9e de lecture estim\u00e9e\" \/>\n\t<meta name=\"twitter:data2\" content=\"2 minutes\" \/>\n<script type=\"application\/ld+json\" class=\"yoast-schema-graph\">{\"@context\":\"https:\\\/\\\/schema.org\",\"@graph\":[{\"@type\":\"Article\",\"@id\":\"https:\\\/\\\/www.semen-l.org\\\/?p=3512#article\",\"isPartOf\":{\"@id\":\"https:\\\/\\\/www.semen-l.org\\\/?p=3512\"},\"author\":{\"name\":\"Julien Maudoux\",\"@id\":\"http:\\\/\\\/www.semen-l.org\\\/#\\\/schema\\\/person\\\/ef5208815f17666727763c5363a51344\"},\"headline\":\"Ve journ\u00e9e des jeunes chercheurs de la Soci\u00e9t\u00e9 d&rsquo;\u00e9tudes m\u00e9dio- et n\u00e9o-latine SEMEN-L (Nantes)\",\"datePublished\":\"2024-06-10T13:21:50+00:00\",\"dateModified\":\"2024-09-21T09:40:15+00:00\",\"mainEntityOfPage\":{\"@id\":\"https:\\\/\\\/www.semen-l.org\\\/?p=3512\"},\"wordCount\":245,\"commentCount\":0,\"publisher\":{\"@id\":\"http:\\\/\\\/www.semen-l.org\\\/#organization\"},\"image\":{\"@id\":\"https:\\\/\\\/www.semen-l.org\\\/?p=3512#primaryimage\"},\"thumbnailUrl\":\"https:\\\/\\\/www.semen-l.org\\\/wp-content\\\/uploads\\\/2020\\\/11\\\/cropped-logo-semenl.jpg\",\"articleSection\":[\"Journ\u00e9es des jeunes chercheurs\"],\"inLanguage\":\"fr-FR\",\"potentialAction\":[{\"@type\":\"CommentAction\",\"name\":\"Comment\",\"target\":[\"https:\\\/\\\/www.semen-l.org\\\/?p=3512#respond\"]}]},{\"@type\":\"WebPage\",\"@id\":\"https:\\\/\\\/www.semen-l.org\\\/?p=3512\",\"url\":\"https:\\\/\\\/www.semen-l.org\\\/?p=3512\",\"name\":\"Ve Journ\u00e9e des Jeunes chercheurs de la SEMEN-L\",\"isPartOf\":{\"@id\":\"http:\\\/\\\/www.semen-l.org\\\/#website\"},\"primaryImageOfPage\":{\"@id\":\"https:\\\/\\\/www.semen-l.org\\\/?p=3512#primaryimage\"},\"image\":{\"@id\":\"https:\\\/\\\/www.semen-l.org\\\/?p=3512#primaryimage\"},\"thumbnailUrl\":\"https:\\\/\\\/www.semen-l.org\\\/wp-content\\\/uploads\\\/2020\\\/11\\\/cropped-logo-semenl.jpg\",\"datePublished\":\"2024-06-10T13:21:50+00:00\",\"dateModified\":\"2024-09-21T09:40:15+00:00\",\"description\":\"La Ve journ\u00e9e des jeunes chercheurs de la SEMEN-L se d\u00e9roulera \u00e0 l\u2019Universit\u00e9 de Nantes le vendredi 14 mars 2025 : n\u00e9o-latin, m\u00e9diolatin.\",\"breadcrumb\":{\"@id\":\"https:\\\/\\\/www.semen-l.org\\\/?p=3512#breadcrumb\"},\"inLanguage\":\"fr-FR\",\"potentialAction\":[{\"@type\":\"ReadAction\",\"target\":[\"https:\\\/\\\/www.semen-l.org\\\/?p=3512\"]}]},{\"@type\":\"ImageObject\",\"inLanguage\":\"fr-FR\",\"@id\":\"https:\\\/\\\/www.semen-l.org\\\/?p=3512#primaryimage\",\"url\":\"https:\\\/\\\/www.semen-l.org\\\/wp-content\\\/uploads\\\/2020\\\/11\\\/cropped-logo-semenl.jpg\",\"contentUrl\":\"https:\\\/\\\/www.semen-l.org\\\/wp-content\\\/uploads\\\/2020\\\/11\\\/cropped-logo-semenl.jpg\",\"width\":403,\"height\":403},{\"@type\":\"BreadcrumbList\",\"@id\":\"https:\\\/\\\/www.semen-l.org\\\/?p=3512#breadcrumb\",\"itemListElement\":[{\"@type\":\"ListItem\",\"position\":1,\"name\":\"Accueil\",\"item\":\"http:\\\/\\\/www.semen-l.org\\\/\"},{\"@type\":\"ListItem\",\"position\":2,\"name\":\"Ve journ\u00e9e des jeunes chercheurs de la Soci\u00e9t\u00e9 d&rsquo;\u00e9tudes m\u00e9dio- et n\u00e9o-latine SEMEN-L (Nantes)\"}]},{\"@type\":\"WebSite\",\"@id\":\"http:\\\/\\\/www.semen-l.org\\\/#website\",\"url\":\"http:\\\/\\\/www.semen-l.org\\\/\",\"name\":\"Soci\u00e9t\u00e9 d'\u00c9tudes M\u00e9dio Et N\u00e9o-Latines\",\"description\":\"\",\"publisher\":{\"@id\":\"http:\\\/\\\/www.semen-l.org\\\/#organization\"},\"potentialAction\":[{\"@type\":\"SearchAction\",\"target\":{\"@type\":\"EntryPoint\",\"urlTemplate\":\"http:\\\/\\\/www.semen-l.org\\\/?s={search_term_string}\"},\"query-input\":{\"@type\":\"PropertyValueSpecification\",\"valueRequired\":true,\"valueName\":\"search_term_string\"}}],\"inLanguage\":\"fr-FR\"},{\"@type\":\"Organization\",\"@id\":\"http:\\\/\\\/www.semen-l.org\\\/#organization\",\"name\":\"Soci\u00e9t\u00e9 d'\u00e9tudes m\u00e9dio et n\u00e9o-latines\",\"url\":\"http:\\\/\\\/www.semen-l.org\\\/\",\"logo\":{\"@type\":\"ImageObject\",\"inLanguage\":\"fr-FR\",\"@id\":\"http:\\\/\\\/www.semen-l.org\\\/#\\\/schema\\\/logo\\\/image\\\/\",\"url\":\"http:\\\/\\\/www.semen-l.org\\\/wp-content\\\/uploads\\\/2020\\\/11\\\/logo-semenl.jpg\",\"contentUrl\":\"http:\\\/\\\/www.semen-l.org\\\/wp-content\\\/uploads\\\/2020\\\/11\\\/logo-semenl.jpg\",\"width\":408,\"height\":403,\"caption\":\"Soci\u00e9t\u00e9 d'\u00e9tudes m\u00e9dio et n\u00e9o-latines\"},\"image\":{\"@id\":\"http:\\\/\\\/www.semen-l.org\\\/#\\\/schema\\\/logo\\\/image\\\/\"},\"sameAs\":[\"https:\\\/\\\/www.facebook.com\\\/SEMENL2018\",\"https:\\\/\\\/independent.academia.edu\\\/SocitsdtudesmdioetnolatinesSEMENL\"]},{\"@type\":\"Person\",\"@id\":\"http:\\\/\\\/www.semen-l.org\\\/#\\\/schema\\\/person\\\/ef5208815f17666727763c5363a51344\",\"name\":\"Julien Maudoux\",\"image\":{\"@type\":\"ImageObject\",\"inLanguage\":\"fr-FR\",\"@id\":\"https:\\\/\\\/secure.gravatar.com\\\/avatar\\\/caabf4fb6242e2277733cd35a5c2aa083761ea25dae1d1ff3298b54292225292?s=96&d=mm&r=g\",\"url\":\"https:\\\/\\\/secure.gravatar.com\\\/avatar\\\/caabf4fb6242e2277733cd35a5c2aa083761ea25dae1d1ff3298b54292225292?s=96&d=mm&r=g\",\"contentUrl\":\"https:\\\/\\\/secure.gravatar.com\\\/avatar\\\/caabf4fb6242e2277733cd35a5c2aa083761ea25dae1d1ff3298b54292225292?s=96&d=mm&r=g\",\"caption\":\"Julien Maudoux\"},\"description\":\"Webmestre du site de la SEMEN-L\",\"url\":\"https:\\\/\\\/www.semen-l.org\\\/?author=26\"}]}<\/script>\n<!-- \/ Yoast SEO plugin. -->","yoast_head_json":{"title":"Ve Journ\u00e9e des Jeunes chercheurs de la SEMEN-L","description":"La Ve journ\u00e9e des jeunes chercheurs de la SEMEN-L se d\u00e9roulera \u00e0 l\u2019Universit\u00e9 de Nantes le vendredi 14 mars 2025 : n\u00e9o-latin, m\u00e9diolatin.","robots":{"index":"index","follow":"follow","max-snippet":"max-snippet:-1","max-image-preview":"max-image-preview:large","max-video-preview":"max-video-preview:-1"},"canonical":"https:\/\/www.semen-l.org\/?p=3512","og_locale":"fr_FR","og_type":"article","og_title":"Ve Journ\u00e9e des Jeunes chercheurs de la SEMEN-L","og_description":"La Ve journ\u00e9e des jeunes chercheurs de la SEMEN-L se d\u00e9roulera \u00e0 l\u2019Universit\u00e9 de Nantes le vendredi 14 mars 2025 : n\u00e9o-latin, m\u00e9diolatin.","og_url":"https:\/\/www.semen-l.org\/?p=3512","og_site_name":"Soci\u00e9t\u00e9 d&#039;\u00c9tudes M\u00e9dio Et N\u00e9o-Latines","article_publisher":"https:\/\/www.facebook.com\/SEMENL2018","article_published_time":"2024-06-10T13:21:50+00:00","article_modified_time":"2024-09-21T09:40:15+00:00","og_image":[{"width":403,"height":403,"url":"https:\/\/www.semen-l.org\/wp-content\/uploads\/2020\/11\/cropped-logo-semenl.jpg","type":"image\/jpeg"}],"author":"Julien Maudoux","twitter_card":"summary_large_image","twitter_misc":{"\u00c9crit par":"Julien Maudoux","Dur\u00e9e de lecture estim\u00e9e":"2 minutes"},"schema":{"@context":"https:\/\/schema.org","@graph":[{"@type":"Article","@id":"https:\/\/www.semen-l.org\/?p=3512#article","isPartOf":{"@id":"https:\/\/www.semen-l.org\/?p=3512"},"author":{"name":"Julien Maudoux","@id":"http:\/\/www.semen-l.org\/#\/schema\/person\/ef5208815f17666727763c5363a51344"},"headline":"Ve journ\u00e9e des jeunes chercheurs de la Soci\u00e9t\u00e9 d&rsquo;\u00e9tudes m\u00e9dio- et n\u00e9o-latine SEMEN-L (Nantes)","datePublished":"2024-06-10T13:21:50+00:00","dateModified":"2024-09-21T09:40:15+00:00","mainEntityOfPage":{"@id":"https:\/\/www.semen-l.org\/?p=3512"},"wordCount":245,"commentCount":0,"publisher":{"@id":"http:\/\/www.semen-l.org\/#organization"},"image":{"@id":"https:\/\/www.semen-l.org\/?p=3512#primaryimage"},"thumbnailUrl":"https:\/\/www.semen-l.org\/wp-content\/uploads\/2020\/11\/cropped-logo-semenl.jpg","articleSection":["Journ\u00e9es des jeunes chercheurs"],"inLanguage":"fr-FR","potentialAction":[{"@type":"CommentAction","name":"Comment","target":["https:\/\/www.semen-l.org\/?p=3512#respond"]}]},{"@type":"WebPage","@id":"https:\/\/www.semen-l.org\/?p=3512","url":"https:\/\/www.semen-l.org\/?p=3512","name":"Ve Journ\u00e9e des Jeunes chercheurs de la SEMEN-L","isPartOf":{"@id":"http:\/\/www.semen-l.org\/#website"},"primaryImageOfPage":{"@id":"https:\/\/www.semen-l.org\/?p=3512#primaryimage"},"image":{"@id":"https:\/\/www.semen-l.org\/?p=3512#primaryimage"},"thumbnailUrl":"https:\/\/www.semen-l.org\/wp-content\/uploads\/2020\/11\/cropped-logo-semenl.jpg","datePublished":"2024-06-10T13:21:50+00:00","dateModified":"2024-09-21T09:40:15+00:00","description":"La Ve journ\u00e9e des jeunes chercheurs de la SEMEN-L se d\u00e9roulera \u00e0 l\u2019Universit\u00e9 de Nantes le vendredi 14 mars 2025 : n\u00e9o-latin, m\u00e9diolatin.","breadcrumb":{"@id":"https:\/\/www.semen-l.org\/?p=3512#breadcrumb"},"inLanguage":"fr-FR","potentialAction":[{"@type":"ReadAction","target":["https:\/\/www.semen-l.org\/?p=3512"]}]},{"@type":"ImageObject","inLanguage":"fr-FR","@id":"https:\/\/www.semen-l.org\/?p=3512#primaryimage","url":"https:\/\/www.semen-l.org\/wp-content\/uploads\/2020\/11\/cropped-logo-semenl.jpg","contentUrl":"https:\/\/www.semen-l.org\/wp-content\/uploads\/2020\/11\/cropped-logo-semenl.jpg","width":403,"height":403},{"@type":"BreadcrumbList","@id":"https:\/\/www.semen-l.org\/?p=3512#breadcrumb","itemListElement":[{"@type":"ListItem","position":1,"name":"Accueil","item":"http:\/\/www.semen-l.org\/"},{"@type":"ListItem","position":2,"name":"Ve journ\u00e9e des jeunes chercheurs de la Soci\u00e9t\u00e9 d&rsquo;\u00e9tudes m\u00e9dio- et n\u00e9o-latine SEMEN-L (Nantes)"}]},{"@type":"WebSite","@id":"http:\/\/www.semen-l.org\/#website","url":"http:\/\/www.semen-l.org\/","name":"Soci\u00e9t\u00e9 d'\u00c9tudes M\u00e9dio Et N\u00e9o-Latines","description":"","publisher":{"@id":"http:\/\/www.semen-l.org\/#organization"},"potentialAction":[{"@type":"SearchAction","target":{"@type":"EntryPoint","urlTemplate":"http:\/\/www.semen-l.org\/?s={search_term_string}"},"query-input":{"@type":"PropertyValueSpecification","valueRequired":true,"valueName":"search_term_string"}}],"inLanguage":"fr-FR"},{"@type":"Organization","@id":"http:\/\/www.semen-l.org\/#organization","name":"Soci\u00e9t\u00e9 d'\u00e9tudes m\u00e9dio et n\u00e9o-latines","url":"http:\/\/www.semen-l.org\/","logo":{"@type":"ImageObject","inLanguage":"fr-FR","@id":"http:\/\/www.semen-l.org\/#\/schema\/logo\/image\/","url":"http:\/\/www.semen-l.org\/wp-content\/uploads\/2020\/11\/logo-semenl.jpg","contentUrl":"http:\/\/www.semen-l.org\/wp-content\/uploads\/2020\/11\/logo-semenl.jpg","width":408,"height":403,"caption":"Soci\u00e9t\u00e9 d'\u00e9tudes m\u00e9dio et n\u00e9o-latines"},"image":{"@id":"http:\/\/www.semen-l.org\/#\/schema\/logo\/image\/"},"sameAs":["https:\/\/www.facebook.com\/SEMENL2018","https:\/\/independent.academia.edu\/SocitsdtudesmdioetnolatinesSEMENL"]},{"@type":"Person","@id":"http:\/\/www.semen-l.org\/#\/schema\/person\/ef5208815f17666727763c5363a51344","name":"Julien Maudoux","image":{"@type":"ImageObject","inLanguage":"fr-FR","@id":"https:\/\/secure.gravatar.com\/avatar\/caabf4fb6242e2277733cd35a5c2aa083761ea25dae1d1ff3298b54292225292?s=96&d=mm&r=g","url":"https:\/\/secure.gravatar.com\/avatar\/caabf4fb6242e2277733cd35a5c2aa083761ea25dae1d1ff3298b54292225292?s=96&d=mm&r=g","contentUrl":"https:\/\/secure.gravatar.com\/avatar\/caabf4fb6242e2277733cd35a5c2aa083761ea25dae1d1ff3298b54292225292?s=96&d=mm&r=g","caption":"Julien Maudoux"},"description":"Webmestre du site de la SEMEN-L","url":"https:\/\/www.semen-l.org\/?author=26"}]}},"jetpack_featured_media_url":"https:\/\/www.semen-l.org\/wp-content\/uploads\/2020\/11\/cropped-logo-semenl.jpg","_links":{"self":[{"href":"https:\/\/www.semen-l.org\/index.php?rest_route=\/wp\/v2\/posts\/3512","targetHints":{"allow":["GET"]}}],"collection":[{"href":"https:\/\/www.semen-l.org\/index.php?rest_route=\/wp\/v2\/posts"}],"about":[{"href":"https:\/\/www.semen-l.org\/index.php?rest_route=\/wp\/v2\/types\/post"}],"author":[{"embeddable":true,"href":"https:\/\/www.semen-l.org\/index.php?rest_route=\/wp\/v2\/users\/26"}],"replies":[{"embeddable":true,"href":"https:\/\/www.semen-l.org\/index.php?rest_route=%2Fwp%2Fv2%2Fcomments&post=3512"}],"version-history":[{"count":0,"href":"https:\/\/www.semen-l.org\/index.php?rest_route=\/wp\/v2\/posts\/3512\/revisions"}],"wp:featuredmedia":[{"embeddable":true,"href":"https:\/\/www.semen-l.org\/index.php?rest_route=\/wp\/v2\/media\/600"}],"wp:attachment":[{"href":"https:\/\/www.semen-l.org\/index.php?rest_route=%2Fwp%2Fv2%2Fmedia&parent=3512"}],"wp:term":[{"taxonomy":"category","embeddable":true,"href":"https:\/\/www.semen-l.org\/index.php?rest_route=%2Fwp%2Fv2%2Fcategories&post=3512"},{"taxonomy":"post_tag","embeddable":true,"href":"https:\/\/www.semen-l.org\/index.php?rest_route=%2Fwp%2Fv2%2Ftags&post=3512"}],"curies":[{"name":"wp","href":"https:\/\/api.w.org\/{rel}","templated":true}]}}