{"id":3479,"date":"2024-05-20T13:09:36","date_gmt":"2024-05-20T13:09:36","guid":{"rendered":"https:\/\/www.semen-l.org\/?p=3479"},"modified":"2025-01-02T23:27:49","modified_gmt":"2025-01-02T23:27:49","slug":"rire-et-pleurer-dans-la-philosophie-du-moyen-age-et-de-la-renaissance-30-31-mai-2024","status":"publish","type":"post","link":"https:\/\/www.semen-l.org\/?p=3479","title":{"rendered":"Rire et pleurer dans la philosophie du Moyen \u00c2ge et de la Renaissance 30-31 mai 2024"},"content":{"rendered":"<p><img fetchpriority=\"high\" decoding=\"async\" class=\"alignright size-medium wp-image-3481\" src=\"http:\/\/www.semen-l.org\/wp-content\/uploads\/2024\/05\/rirepleureraffiche24-195x300.jpg\" alt=\"\" width=\"195\" height=\"300\" srcset=\"https:\/\/www.semen-l.org\/wp-content\/uploads\/2024\/05\/rirepleureraffiche24-195x300.jpg 195w, https:\/\/www.semen-l.org\/wp-content\/uploads\/2024\/05\/rirepleureraffiche24-667x1024.jpg 667w, https:\/\/www.semen-l.org\/wp-content\/uploads\/2024\/05\/rirepleureraffiche24-130x200.jpg 130w, https:\/\/www.semen-l.org\/wp-content\/uploads\/2024\/05\/rirepleureraffiche24.jpg 731w\" sizes=\"(max-width: 195px) 100vw, 195px\" \/><\/p>\n<p>Rire et pleurer dans la philosophie du Moyen \u00c2ge et de la Renaissance 30-31 mai 2024<\/p>\n<p>Organis\u00e9 par Fosca Mariani Zini et Paola M\u00fcller<\/p>\n<p>Dans le cadre de l\u2019ANR Anthrame CESR, Tours Salle Saint-Martin et en visioconf\u00e9rence<\/p>\n<p>Centre d\u2019\u00e9tudes sup\u00e9rieures de la Renaissance 59, rue N\u00e9ricault-Destouches BP 12050 37020 TOURS Cedex 1 T\u00e9l. 02 47 36 77 61 \/ www.cesr.univ-tours.fr \/ www.cesr.cnrs.fr<\/p>\n<a href=\"https:\/\/www.semen-l.org\/wp-content\/uploads\/2024\/05\/Programme_Rire_Pleurer_WEB.pdf\" class=\"pdfemb-viewer\" style=\"\" data-width=\"max\" data-height=\"max\" data-toolbar=\"both\" data-toolbar-fixed=\"off\">Programme_Rire_Pleurer_WEB<\/a>\n<p>Jeudi 30 mai 9h \u2014 Introduction 9h30 \u2014 Victoria von Fleming | Hochschule f\u00fcr Bildende K\u00fcnste Braunschweig The price of laughter<\/p>\n<p>Pause caf\u00e9 10h30<\/p>\n<p>\u2014 Fosca Mariani Zini | CESR, UMR 7323 Cum fleam ? Du droit de pleurer<\/p>\n<p>11h30 \u2014 Donatella Pagliacci | Universit\u00e0 Cattolica, Milano Le rire dans la pens\u00e9e d\u2019Augustin d\u2019Hippone<\/p>\n<p>D\u00e9jeuner<\/p>\n<p>14h30 \u2014 Laure Solignac | Institut Catholique de Paris Le rire et les larmes dans l\u2019\u0153uvre spirituelle de Bonaventure de Bagnoregio<\/p>\n<p>Pause caf\u00e9<\/p>\n<p>16h \u2014 Paola M\u00fcller | Universit\u00e0 del Sacro Cuore, Milano In his lacrimis delectabar : piangere e ridere in Ildegarda di Bingen<\/p>\n<p>17h \u2014 Iacopo Costa | CNRS, LEM Le ma\u00eetre qui rit et le philologue qui doute. Sur un possible jeu de mot dans les Questions sur la Rh\u00e9torique de Jean de Jandun<\/p>\n<p>Vendredi 31 mai 9h30<\/p>\n<p>\u2014 Christian Trottmann | CESR, Tours La b\u00e9atitude des larmes dans le commentaire de Jacques Fournier (Beno\u00eet XII) sur Matthieu<\/p>\n<p>Pause caf\u00e9 10h30<\/p>\n<p>\u2014 Francesco Brusori | CESR, Tours Du rire de la connaissance au s\u00e9rieux de la vertu : les masques de D\u00e9mocrite et Theogenius dans la r\u00e9flexion philosophique de Leon Battista Alberti<\/p>\n<p>11h30 \u2014 Roberto Melisi | Universit\u00e0 Federico II di Napoli Il riso del cielo e il pianto della terra. Rileggendo Marsilio Ficino<\/p>\n<p>D\u00e9jeuner<\/p>\n<p>14h30 \u2014 Salvatore Carannante | Universit\u00e0 di Trento \u201cPer apparenza di lacrima\u201d. Forme del pianto e metafore acquatiche in Giordano Bruno<\/p>\n<p>15h30 \u2014 Thierry Gontier | Universit\u00e9 de Lyon L\u2019autod\u00e9rision dans la pens\u00e9e de Montaigne<\/p>\n<p>16h30 \u2014 Anne Eusterschulte | Freie Universit\u00e4t, Berlin La mer dans les yeux. Une philosophie naturelle des pleurs dans la pens\u00e9e de la Renaissance<\/p>\n","protected":false},"excerpt":{"rendered":"<p>Rire et pleurer dans la philosophie du Moyen \u00c2ge et de la Renaissance 30-31 mai 2024 Organis\u00e9 par Fosca Mariani Zini et Paola M\u00fcller Dans le cadre de l\u2019ANR Anthrame CESR, Tours Salle Saint-Martin et en visioconf\u00e9rence Centre d\u2019\u00e9tudes sup\u00e9rieures &hellip; <a href=\"https:\/\/www.semen-l.org\/?p=3479\">Continuer la lecture <span class=\"meta-nav\">&rarr;<\/span><\/a><\/p>\n","protected":false},"author":26,"featured_media":3481,"comment_status":"open","ping_status":"open","sticky":false,"template":"","format":"standard","meta":{"footnotes":""},"categories":[4],"tags":[38,189,1087,1701,2121,2122,139,1518,19,413],"class_list":["post-3479","post","type-post","status-publish","format-standard","has-post-thumbnail","hentry","category-colloques","tag-leon-battista-alberti","tag-augustin-dhippone","tag-bonaventure-de-bagnoregio","tag-democrite","tag-fournier-jacques","tag-larme","tag-philosophie","tag-philosophie-naturelle","tag-rire","tag-vertu"],"yoast_head":"<!-- This site is optimized with the Yoast SEO plugin v27.5 - https:\/\/yoast.com\/product\/yoast-seo-wordpress\/ -->\n<title>Rire et pleurer dans la philosophie du Moyen \u00c2ge et de la Renaissance 30-31 mai 2024<\/title>\n<meta name=\"description\" content=\"Colloque Rire et pleurer dans la philosophie du Moyen \u00c2ge et de la Renaissance organis\u00e9 par Fosca Mariani Zini et Paola M\u00fcller\" \/>\n<meta name=\"robots\" content=\"index, follow, max-snippet:-1, max-image-preview:large, max-video-preview:-1\" \/>\n<link rel=\"canonical\" href=\"https:\/\/www.semen-l.org\/?p=3479\" \/>\n<meta property=\"og:locale\" content=\"fr_FR\" \/>\n<meta property=\"og:type\" content=\"article\" \/>\n<meta property=\"og:title\" content=\"Rire et pleurer dans la philosophie du Moyen \u00c2ge et de la Renaissance 30-31 mai 2024\" \/>\n<meta property=\"og:description\" content=\"Colloque Rire et pleurer dans la philosophie du Moyen \u00c2ge et de la Renaissance organis\u00e9 par Fosca Mariani Zini et Paola M\u00fcller\" \/>\n<meta property=\"og:url\" content=\"https:\/\/www.semen-l.org\/?p=3479\" \/>\n<meta property=\"og:site_name\" content=\"Soci\u00e9t\u00e9 d&#039;\u00c9tudes M\u00e9dio Et N\u00e9o-Latines\" \/>\n<meta property=\"article:publisher\" content=\"https:\/\/www.facebook.com\/SEMENL2018\" \/>\n<meta property=\"article:published_time\" content=\"2024-05-20T13:09:36+00:00\" \/>\n<meta property=\"article:modified_time\" content=\"2025-01-02T23:27:49+00:00\" \/>\n<meta property=\"og:image\" content=\"https:\/\/www.semen-l.org\/wp-content\/uploads\/2024\/05\/rirepleureraffiche24.jpg\" \/>\n\t<meta property=\"og:image:width\" content=\"731\" \/>\n\t<meta property=\"og:image:height\" content=\"1122\" \/>\n\t<meta property=\"og:image:type\" content=\"image\/jpeg\" \/>\n<meta name=\"author\" content=\"Julien Maudoux\" \/>\n<meta name=\"twitter:card\" content=\"summary_large_image\" \/>\n<meta name=\"twitter:label1\" content=\"\u00c9crit par\" \/>\n\t<meta name=\"twitter:data1\" content=\"Julien Maudoux\" \/>\n\t<meta name=\"twitter:label2\" content=\"Dur\u00e9e de lecture estim\u00e9e\" \/>\n\t<meta name=\"twitter:data2\" content=\"3 minutes\" \/>\n<script type=\"application\/ld+json\" class=\"yoast-schema-graph\">{\"@context\":\"https:\\\/\\\/schema.org\",\"@graph\":[{\"@type\":\"Article\",\"@id\":\"https:\\\/\\\/www.semen-l.org\\\/?p=3479#article\",\"isPartOf\":{\"@id\":\"https:\\\/\\\/www.semen-l.org\\\/?p=3479\"},\"author\":{\"name\":\"Julien Maudoux\",\"@id\":\"http:\\\/\\\/www.semen-l.org\\\/#\\\/schema\\\/person\\\/ef5208815f17666727763c5363a51344\"},\"headline\":\"Rire et pleurer dans la philosophie du Moyen \u00c2ge et de la Renaissance 30-31 mai 2024\",\"datePublished\":\"2024-05-20T13:09:36+00:00\",\"dateModified\":\"2025-01-02T23:27:49+00:00\",\"mainEntityOfPage\":{\"@id\":\"https:\\\/\\\/www.semen-l.org\\\/?p=3479\"},\"wordCount\":353,\"commentCount\":0,\"publisher\":{\"@id\":\"http:\\\/\\\/www.semen-l.org\\\/#organization\"},\"image\":{\"@id\":\"https:\\\/\\\/www.semen-l.org\\\/?p=3479#primaryimage\"},\"thumbnailUrl\":\"https:\\\/\\\/www.semen-l.org\\\/wp-content\\\/uploads\\\/2024\\\/05\\\/rirepleureraffiche24.jpg\",\"keywords\":[\"Alberti (Leon Battista)\",\"Augustin d'Hippone\",\"Bonaventure de Bagnoregio\",\"D\u00e9mocrite\",\"Fournier (Jacques)\",\"larme\",\"philosophie\",\"philosophie naturelle\",\"rire\",\"vertu\"],\"articleSection\":[\"Colloques\"],\"inLanguage\":\"fr-FR\",\"potentialAction\":[{\"@type\":\"CommentAction\",\"name\":\"Comment\",\"target\":[\"https:\\\/\\\/www.semen-l.org\\\/?p=3479#respond\"]}]},{\"@type\":\"WebPage\",\"@id\":\"https:\\\/\\\/www.semen-l.org\\\/?p=3479\",\"url\":\"https:\\\/\\\/www.semen-l.org\\\/?p=3479\",\"name\":\"Rire et pleurer dans la philosophie du Moyen \u00c2ge et de la Renaissance 30-31 mai 2024\",\"isPartOf\":{\"@id\":\"http:\\\/\\\/www.semen-l.org\\\/#website\"},\"primaryImageOfPage\":{\"@id\":\"https:\\\/\\\/www.semen-l.org\\\/?p=3479#primaryimage\"},\"image\":{\"@id\":\"https:\\\/\\\/www.semen-l.org\\\/?p=3479#primaryimage\"},\"thumbnailUrl\":\"https:\\\/\\\/www.semen-l.org\\\/wp-content\\\/uploads\\\/2024\\\/05\\\/rirepleureraffiche24.jpg\",\"datePublished\":\"2024-05-20T13:09:36+00:00\",\"dateModified\":\"2025-01-02T23:27:49+00:00\",\"description\":\"Colloque Rire et pleurer dans la philosophie du Moyen \u00c2ge et de la Renaissance organis\u00e9 par Fosca Mariani Zini et Paola M\u00fcller\",\"breadcrumb\":{\"@id\":\"https:\\\/\\\/www.semen-l.org\\\/?p=3479#breadcrumb\"},\"inLanguage\":\"fr-FR\",\"potentialAction\":[{\"@type\":\"ReadAction\",\"target\":[\"https:\\\/\\\/www.semen-l.org\\\/?p=3479\"]}]},{\"@type\":\"ImageObject\",\"inLanguage\":\"fr-FR\",\"@id\":\"https:\\\/\\\/www.semen-l.org\\\/?p=3479#primaryimage\",\"url\":\"https:\\\/\\\/www.semen-l.org\\\/wp-content\\\/uploads\\\/2024\\\/05\\\/rirepleureraffiche24.jpg\",\"contentUrl\":\"https:\\\/\\\/www.semen-l.org\\\/wp-content\\\/uploads\\\/2024\\\/05\\\/rirepleureraffiche24.jpg\",\"width\":731,\"height\":1122},{\"@type\":\"BreadcrumbList\",\"@id\":\"https:\\\/\\\/www.semen-l.org\\\/?p=3479#breadcrumb\",\"itemListElement\":[{\"@type\":\"ListItem\",\"position\":1,\"name\":\"Accueil\",\"item\":\"http:\\\/\\\/www.semen-l.org\\\/\"},{\"@type\":\"ListItem\",\"position\":2,\"name\":\"Rire et pleurer dans la philosophie du Moyen \u00c2ge et de la Renaissance 30-31 mai 2024\"}]},{\"@type\":\"WebSite\",\"@id\":\"http:\\\/\\\/www.semen-l.org\\\/#website\",\"url\":\"http:\\\/\\\/www.semen-l.org\\\/\",\"name\":\"Soci\u00e9t\u00e9 d'\u00c9tudes M\u00e9dio Et N\u00e9o-Latines\",\"description\":\"\",\"publisher\":{\"@id\":\"http:\\\/\\\/www.semen-l.org\\\/#organization\"},\"potentialAction\":[{\"@type\":\"SearchAction\",\"target\":{\"@type\":\"EntryPoint\",\"urlTemplate\":\"http:\\\/\\\/www.semen-l.org\\\/?s={search_term_string}\"},\"query-input\":{\"@type\":\"PropertyValueSpecification\",\"valueRequired\":true,\"valueName\":\"search_term_string\"}}],\"inLanguage\":\"fr-FR\"},{\"@type\":\"Organization\",\"@id\":\"http:\\\/\\\/www.semen-l.org\\\/#organization\",\"name\":\"Soci\u00e9t\u00e9 d'\u00e9tudes m\u00e9dio et n\u00e9o-latines\",\"url\":\"http:\\\/\\\/www.semen-l.org\\\/\",\"logo\":{\"@type\":\"ImageObject\",\"inLanguage\":\"fr-FR\",\"@id\":\"http:\\\/\\\/www.semen-l.org\\\/#\\\/schema\\\/logo\\\/image\\\/\",\"url\":\"http:\\\/\\\/www.semen-l.org\\\/wp-content\\\/uploads\\\/2020\\\/11\\\/logo-semenl.jpg\",\"contentUrl\":\"http:\\\/\\\/www.semen-l.org\\\/wp-content\\\/uploads\\\/2020\\\/11\\\/logo-semenl.jpg\",\"width\":408,\"height\":403,\"caption\":\"Soci\u00e9t\u00e9 d'\u00e9tudes m\u00e9dio et n\u00e9o-latines\"},\"image\":{\"@id\":\"http:\\\/\\\/www.semen-l.org\\\/#\\\/schema\\\/logo\\\/image\\\/\"},\"sameAs\":[\"https:\\\/\\\/www.facebook.com\\\/SEMENL2018\",\"https:\\\/\\\/independent.academia.edu\\\/SocitsdtudesmdioetnolatinesSEMENL\"]},{\"@type\":\"Person\",\"@id\":\"http:\\\/\\\/www.semen-l.org\\\/#\\\/schema\\\/person\\\/ef5208815f17666727763c5363a51344\",\"name\":\"Julien Maudoux\",\"image\":{\"@type\":\"ImageObject\",\"inLanguage\":\"fr-FR\",\"@id\":\"https:\\\/\\\/secure.gravatar.com\\\/avatar\\\/caabf4fb6242e2277733cd35a5c2aa083761ea25dae1d1ff3298b54292225292?s=96&d=mm&r=g\",\"url\":\"https:\\\/\\\/secure.gravatar.com\\\/avatar\\\/caabf4fb6242e2277733cd35a5c2aa083761ea25dae1d1ff3298b54292225292?s=96&d=mm&r=g\",\"contentUrl\":\"https:\\\/\\\/secure.gravatar.com\\\/avatar\\\/caabf4fb6242e2277733cd35a5c2aa083761ea25dae1d1ff3298b54292225292?s=96&d=mm&r=g\",\"caption\":\"Julien Maudoux\"},\"description\":\"Webmestre du site de la SEMEN-L\",\"url\":\"https:\\\/\\\/www.semen-l.org\\\/?author=26\"}]}<\/script>\n<!-- \/ Yoast SEO plugin. -->","yoast_head_json":{"title":"Rire et pleurer dans la philosophie du Moyen \u00c2ge et de la Renaissance 30-31 mai 2024","description":"Colloque Rire et pleurer dans la philosophie du Moyen \u00c2ge et de la Renaissance organis\u00e9 par Fosca Mariani Zini et Paola M\u00fcller","robots":{"index":"index","follow":"follow","max-snippet":"max-snippet:-1","max-image-preview":"max-image-preview:large","max-video-preview":"max-video-preview:-1"},"canonical":"https:\/\/www.semen-l.org\/?p=3479","og_locale":"fr_FR","og_type":"article","og_title":"Rire et pleurer dans la philosophie du Moyen \u00c2ge et de la Renaissance 30-31 mai 2024","og_description":"Colloque Rire et pleurer dans la philosophie du Moyen \u00c2ge et de la Renaissance organis\u00e9 par Fosca Mariani Zini et Paola M\u00fcller","og_url":"https:\/\/www.semen-l.org\/?p=3479","og_site_name":"Soci\u00e9t\u00e9 d&#039;\u00c9tudes M\u00e9dio Et N\u00e9o-Latines","article_publisher":"https:\/\/www.facebook.com\/SEMENL2018","article_published_time":"2024-05-20T13:09:36+00:00","article_modified_time":"2025-01-02T23:27:49+00:00","og_image":[{"width":731,"height":1122,"url":"https:\/\/www.semen-l.org\/wp-content\/uploads\/2024\/05\/rirepleureraffiche24.jpg","type":"image\/jpeg"}],"author":"Julien Maudoux","twitter_card":"summary_large_image","twitter_misc":{"\u00c9crit par":"Julien Maudoux","Dur\u00e9e de lecture estim\u00e9e":"3 minutes"},"schema":{"@context":"https:\/\/schema.org","@graph":[{"@type":"Article","@id":"https:\/\/www.semen-l.org\/?p=3479#article","isPartOf":{"@id":"https:\/\/www.semen-l.org\/?p=3479"},"author":{"name":"Julien Maudoux","@id":"http:\/\/www.semen-l.org\/#\/schema\/person\/ef5208815f17666727763c5363a51344"},"headline":"Rire et pleurer dans la philosophie du Moyen \u00c2ge et de la Renaissance 30-31 mai 2024","datePublished":"2024-05-20T13:09:36+00:00","dateModified":"2025-01-02T23:27:49+00:00","mainEntityOfPage":{"@id":"https:\/\/www.semen-l.org\/?p=3479"},"wordCount":353,"commentCount":0,"publisher":{"@id":"http:\/\/www.semen-l.org\/#organization"},"image":{"@id":"https:\/\/www.semen-l.org\/?p=3479#primaryimage"},"thumbnailUrl":"https:\/\/www.semen-l.org\/wp-content\/uploads\/2024\/05\/rirepleureraffiche24.jpg","keywords":["Alberti (Leon Battista)","Augustin d'Hippone","Bonaventure de Bagnoregio","D\u00e9mocrite","Fournier (Jacques)","larme","philosophie","philosophie naturelle","rire","vertu"],"articleSection":["Colloques"],"inLanguage":"fr-FR","potentialAction":[{"@type":"CommentAction","name":"Comment","target":["https:\/\/www.semen-l.org\/?p=3479#respond"]}]},{"@type":"WebPage","@id":"https:\/\/www.semen-l.org\/?p=3479","url":"https:\/\/www.semen-l.org\/?p=3479","name":"Rire et pleurer dans la philosophie du Moyen \u00c2ge et de la Renaissance 30-31 mai 2024","isPartOf":{"@id":"http:\/\/www.semen-l.org\/#website"},"primaryImageOfPage":{"@id":"https:\/\/www.semen-l.org\/?p=3479#primaryimage"},"image":{"@id":"https:\/\/www.semen-l.org\/?p=3479#primaryimage"},"thumbnailUrl":"https:\/\/www.semen-l.org\/wp-content\/uploads\/2024\/05\/rirepleureraffiche24.jpg","datePublished":"2024-05-20T13:09:36+00:00","dateModified":"2025-01-02T23:27:49+00:00","description":"Colloque Rire et pleurer dans la philosophie du Moyen \u00c2ge et de la Renaissance organis\u00e9 par Fosca Mariani Zini et Paola M\u00fcller","breadcrumb":{"@id":"https:\/\/www.semen-l.org\/?p=3479#breadcrumb"},"inLanguage":"fr-FR","potentialAction":[{"@type":"ReadAction","target":["https:\/\/www.semen-l.org\/?p=3479"]}]},{"@type":"ImageObject","inLanguage":"fr-FR","@id":"https:\/\/www.semen-l.org\/?p=3479#primaryimage","url":"https:\/\/www.semen-l.org\/wp-content\/uploads\/2024\/05\/rirepleureraffiche24.jpg","contentUrl":"https:\/\/www.semen-l.org\/wp-content\/uploads\/2024\/05\/rirepleureraffiche24.jpg","width":731,"height":1122},{"@type":"BreadcrumbList","@id":"https:\/\/www.semen-l.org\/?p=3479#breadcrumb","itemListElement":[{"@type":"ListItem","position":1,"name":"Accueil","item":"http:\/\/www.semen-l.org\/"},{"@type":"ListItem","position":2,"name":"Rire et pleurer dans la philosophie du Moyen \u00c2ge et de la Renaissance 30-31 mai 2024"}]},{"@type":"WebSite","@id":"http:\/\/www.semen-l.org\/#website","url":"http:\/\/www.semen-l.org\/","name":"Soci\u00e9t\u00e9 d'\u00c9tudes M\u00e9dio Et N\u00e9o-Latines","description":"","publisher":{"@id":"http:\/\/www.semen-l.org\/#organization"},"potentialAction":[{"@type":"SearchAction","target":{"@type":"EntryPoint","urlTemplate":"http:\/\/www.semen-l.org\/?s={search_term_string}"},"query-input":{"@type":"PropertyValueSpecification","valueRequired":true,"valueName":"search_term_string"}}],"inLanguage":"fr-FR"},{"@type":"Organization","@id":"http:\/\/www.semen-l.org\/#organization","name":"Soci\u00e9t\u00e9 d'\u00e9tudes m\u00e9dio et n\u00e9o-latines","url":"http:\/\/www.semen-l.org\/","logo":{"@type":"ImageObject","inLanguage":"fr-FR","@id":"http:\/\/www.semen-l.org\/#\/schema\/logo\/image\/","url":"http:\/\/www.semen-l.org\/wp-content\/uploads\/2020\/11\/logo-semenl.jpg","contentUrl":"http:\/\/www.semen-l.org\/wp-content\/uploads\/2020\/11\/logo-semenl.jpg","width":408,"height":403,"caption":"Soci\u00e9t\u00e9 d'\u00e9tudes m\u00e9dio et n\u00e9o-latines"},"image":{"@id":"http:\/\/www.semen-l.org\/#\/schema\/logo\/image\/"},"sameAs":["https:\/\/www.facebook.com\/SEMENL2018","https:\/\/independent.academia.edu\/SocitsdtudesmdioetnolatinesSEMENL"]},{"@type":"Person","@id":"http:\/\/www.semen-l.org\/#\/schema\/person\/ef5208815f17666727763c5363a51344","name":"Julien Maudoux","image":{"@type":"ImageObject","inLanguage":"fr-FR","@id":"https:\/\/secure.gravatar.com\/avatar\/caabf4fb6242e2277733cd35a5c2aa083761ea25dae1d1ff3298b54292225292?s=96&d=mm&r=g","url":"https:\/\/secure.gravatar.com\/avatar\/caabf4fb6242e2277733cd35a5c2aa083761ea25dae1d1ff3298b54292225292?s=96&d=mm&r=g","contentUrl":"https:\/\/secure.gravatar.com\/avatar\/caabf4fb6242e2277733cd35a5c2aa083761ea25dae1d1ff3298b54292225292?s=96&d=mm&r=g","caption":"Julien Maudoux"},"description":"Webmestre du site de la SEMEN-L","url":"https:\/\/www.semen-l.org\/?author=26"}]}},"jetpack_featured_media_url":"https:\/\/www.semen-l.org\/wp-content\/uploads\/2024\/05\/rirepleureraffiche24.jpg","_links":{"self":[{"href":"https:\/\/www.semen-l.org\/index.php?rest_route=\/wp\/v2\/posts\/3479","targetHints":{"allow":["GET"]}}],"collection":[{"href":"https:\/\/www.semen-l.org\/index.php?rest_route=\/wp\/v2\/posts"}],"about":[{"href":"https:\/\/www.semen-l.org\/index.php?rest_route=\/wp\/v2\/types\/post"}],"author":[{"embeddable":true,"href":"https:\/\/www.semen-l.org\/index.php?rest_route=\/wp\/v2\/users\/26"}],"replies":[{"embeddable":true,"href":"https:\/\/www.semen-l.org\/index.php?rest_route=%2Fwp%2Fv2%2Fcomments&post=3479"}],"version-history":[{"count":0,"href":"https:\/\/www.semen-l.org\/index.php?rest_route=\/wp\/v2\/posts\/3479\/revisions"}],"wp:featuredmedia":[{"embeddable":true,"href":"https:\/\/www.semen-l.org\/index.php?rest_route=\/wp\/v2\/media\/3481"}],"wp:attachment":[{"href":"https:\/\/www.semen-l.org\/index.php?rest_route=%2Fwp%2Fv2%2Fmedia&parent=3479"}],"wp:term":[{"taxonomy":"category","embeddable":true,"href":"https:\/\/www.semen-l.org\/index.php?rest_route=%2Fwp%2Fv2%2Fcategories&post=3479"},{"taxonomy":"post_tag","embeddable":true,"href":"https:\/\/www.semen-l.org\/index.php?rest_route=%2Fwp%2Fv2%2Ftags&post=3479"}],"curies":[{"name":"wp","href":"https:\/\/api.w.org\/{rel}","templated":true}]}}