{"id":3473,"date":"2024-05-26T12:26:19","date_gmt":"2024-05-26T12:26:19","guid":{"rendered":"https:\/\/www.semen-l.org\/?p=3473"},"modified":"2025-01-02T23:29:39","modified_gmt":"2025-01-02T23:29:39","slug":"aquitaniae-latinae-aquitaines-latines-camenae-n30-mars-2024","status":"publish","type":"post","link":"https:\/\/www.semen-l.org\/?p=3473","title":{"rendered":"Aquitaniae Latinae, Aquitaines latines &#8211; Camenae n\u00b030 \u2013 mars 2024"},"content":{"rendered":"<p><img fetchpriority=\"high\" decoding=\"async\" class=\"alignright size-medium wp-image-3474\" src=\"http:\/\/www.semen-l.org\/wp-content\/uploads\/2024\/05\/aquitaniae-latinae-image-80-300x300.jpg\" alt=\"\" width=\"300\" height=\"300\" srcset=\"https:\/\/www.semen-l.org\/wp-content\/uploads\/2024\/05\/aquitaniae-latinae-image-80-300x300.jpg 300w, https:\/\/www.semen-l.org\/wp-content\/uploads\/2024\/05\/aquitaniae-latinae-image-80-150x150.jpg 150w, https:\/\/www.semen-l.org\/wp-content\/uploads\/2024\/05\/aquitaniae-latinae-image-80-200x200.jpg 200w, https:\/\/www.semen-l.org\/wp-content\/uploads\/2024\/05\/aquitaniae-latinae-image-80-140x140.jpg 140w, https:\/\/www.semen-l.org\/wp-content\/uploads\/2024\/05\/aquitaniae-latinae-image-80.jpg 650w\" sizes=\"(max-width: 300px) 100vw, 300px\" \/>Nous avons le plaisir d&rsquo;annoncer la parution du n\u00b030 de Camenae,<em> Aquitaniae Latinae, Aquitaines latines,\u00a0<\/em>auquel ont particip\u00e9 de nombreux membres de la SEMEN-L. Voici le sommaire de ce num\u00e9ro :<\/p>\n<blockquote class=\"wp-embedded-content\" data-secret=\"Y7hUCq2P1c\"><p><a href=\"https:\/\/www.saprat.fr\/instrumenta\/revues\/revue-en-ligne-camenae\/camenae-n30-mars-2024\/\">Camenae n\u00b030 &#8211; mars 2024<\/a><\/p><\/blockquote>\n<p><iframe class=\"wp-embedded-content\" sandbox=\"allow-scripts\" security=\"restricted\" style=\"position: absolute; visibility: hidden;\" title=\"\u00ab\u00a0Camenae n\u00b030 &#8211; mars 2024\u00a0\u00bb &#8212; Saprat\" src=\"https:\/\/www.saprat.fr\/instrumenta\/revues\/revue-en-ligne-camenae\/camenae-n30-mars-2024\/embed\/#?secret=B5wn137XaP#?secret=Y7hUCq2P1c\" data-secret=\"Y7hUCq2P1c\" width=\"584\" height=\"329\" frameborder=\"0\" marginwidth=\"0\" marginheight=\"0\" scrolling=\"no\"><\/iframe><\/p>\n<p>SOMMAIRE<\/p>\n<p>Anne Bouscharain et\u00a0Violaine Giacomotto-Charra,\u00a0<a href=\"https:\/\/www.saprat.fr\/wp-content\/uploads\/2024\/04\/camenae-30-n-0-introduction-aquitaniae.pdf\">\u00ab Introduction \u00bb<\/a><\/p>\n<p>Nathalie Dauvois et B\u00e9atrice Hautefeuille,\u00a0<a href=\"https:\/\/www.saprat.fr\/wp-content\/uploads\/2024\/04\/camenae-30-n-1-nathalie-dauvois-et-beatrice-hautefeuille.pdf\">\u00ab La vie intellectuelle \u00e0 Bordeaux au d\u00e9but du Coll\u00e8ge de Guyenne d\u2019apr\u00e8s la correspondance de Robert Breton (1536-1542) \u00bb<\/a><\/p>\n<p>Mathieu Ferrand,\u00a0<a href=\"https:\/\/www.saprat.fr\/wp-content\/uploads\/2024\/04\/camenae-30-n-2-matthieu-ferrand-1.pdf\">\u00ab\u00a0<em>Burdegalenses visamus !<\/em>\u00a0Th\u00e9\u00e2tre comique et pratiques de l\u2019\u00e9loquence dans l\u2019\u0153uvre de Robert Breton (c. 1510-c. 1545) \u00bb<\/a><\/p>\n<p>Carine Ferradou,\u00a0<a href=\"https:\/\/www.saprat.fr\/wp-content\/uploads\/2024\/04\/camenae-30-n-3-carine-ferradou.pdf\">\u00ab Garonne, Aquitaine et Cam\u00e8nes dans le recueil de po\u00e8mes latins de George Buchanan publi\u00e9 par Mamert Patisson \u00e0 Paris en 1579 \u00bb<\/a><\/p>\n<p>Hannelore Pierre,\u00a0<a href=\"https:\/\/www.saprat.fr\/wp-content\/uploads\/2024\/04\/camenae-30-n-4-hannelore-pierre.pdf\">\u00ab Bordeaux dans l\u2019\u0153uvre de Maurice de Marcis, avocat, po\u00e8te et antiquaire \u00bb<\/a><\/p>\n<p>Denis Bja\u00ef,\u00a0<a href=\"https:\/\/www.saprat.fr\/wp-content\/uploads\/2024\/04\/camenae-30-n-5-denis-bjai.pdf\">\u00ab La\u00a0<em>Gallia gemens<\/em>\u00a0de Geoffroy de Malvyn : une\u00a0<em>Franciade<\/em>\u00a0n\u00e9o-latine bordelaise ? \u00bb<\/a><\/p>\n<p>Brigitte Gauvin,\u00a0<a href=\"https:\/\/www.saprat.fr\/wp-content\/uploads\/2024\/04\/camenae-30-n-6-brigitte-gauvin-1.pdf\">\u00ab Mers, fleuves et poissons aux pieds de Charles IX : l\u2019<em>Aquitania<\/em>\u00a0d\u2019\u00c9tienne de Cruseau \u00bb<\/a><\/p>\n<p>Haude Morvan,\u00a0<a href=\"https:\/\/www.saprat.fr\/wp-content\/uploads\/2024\/04\/camenae-30-n-7-haude-morvan.pdf\">\u00ab Le\u00a0<em>Memoriale burdegalense ad annales fratrum praedicatorum<\/em>, histoire, antiquarisme et m\u00e9moire dans le couvent des Fr\u00e8res pr\u00eacheurs de Bordeaux \u00e0 la fin du xvii<sup>e<\/sup>\u00a0si\u00e8cle \u00bb<\/a><\/p>\n<p>Thomas Penguilly,\u00a0<a href=\"https:\/\/www.saprat.fr\/wp-content\/uploads\/2024\/04\/camenae-30-n-8-thomas-penguilly.pdf\">\u00ab L\u2019inspiration grecque dans les\u00a0<em>Epigrammata<\/em>\u00a0de Martial Monier (1573) \u00bb<\/a><\/p>\n<p>John Nassichuk,\u00a0<a href=\"https:\/\/www.saprat.fr\/wp-content\/uploads\/2024\/04\/camenae-30-n-9-john-nassichuk.pdf\">\u00ab L\u2019invention po\u00e9tique chez Martial Monier. Enrichissement lexical et accommodation th\u00e9matique dans les\u00a0<em>Elegiae<\/em>\u00a0\u00bb<\/a><\/p>\n<p>Sylvie Laigneau-Fontaine,\u00a0<a href=\"https:\/\/www.saprat.fr\/wp-content\/uploads\/2024\/04\/camenae-30-n-10-sylvie-laigneau.pdf\">\u00ab Un Ovide \u00e9cossais en Aquitaine : Mark Alexander Boyd \u00bb<\/a><\/p>\n<p>Virginie Leroux,\u00a0<a href=\"https:\/\/www.saprat.fr\/wp-content\/uploads\/2024\/04\/camenae-30-n-11-virginie-leroux.pdf\">\u00ab Repr\u00e9sentations de l\u2019Aquitaine dans les\u00a0<em>Poemata<\/em>\u00a0de Jules-C\u00e9sar Scaliger \u00bb<\/a><\/p>\n<p>Nicolas Souhait,\u00a0<a href=\"https:\/\/www.saprat.fr\/wp-content\/uploads\/2024\/04\/camenae-30-n-12-nicolas-souhait.pdf\">\u00ab Jean Dorat et les Aquitains : une fen\u00eatre parisienne sur un humanisme r\u00e9gional ? \u00bb<\/a><\/p>\n<p>Laurence Pradelle,\u00a0<a href=\"https:\/\/www.saprat.fr\/wp-content\/uploads\/2024\/04\/camenae-30-n-13-laurence-pradelle-1-.pdf\">\u00ab Jean Maledent et Joseph Juste Scaliger : deux figures du cercle d\u2019Aquitaine de Sim\u00e9on Du Bois (1536-1581) \u00bb<\/a><\/p>\n","protected":false},"excerpt":{"rendered":"<p>Nous avons le plaisir d&rsquo;annoncer la parution du n\u00b030 de Camenae, Aquitaniae Latinae, Aquitaines latines,\u00a0auquel ont particip\u00e9 de nombreux membres de la SEMEN-L. Voici le sommaire de ce num\u00e9ro : Camenae n\u00b030 &#8211; mars 2024 SOMMAIRE Anne Bouscharain et\u00a0Violaine Giacomotto-Charra,\u00a0\u00ab &hellip; <a href=\"https:\/\/www.semen-l.org\/?p=3473\">Continuer la lecture <span class=\"meta-nav\">&rarr;<\/span><\/a><\/p>\n","protected":false},"author":26,"featured_media":3474,"comment_status":"open","ping_status":"open","sticky":false,"template":"","format":"standard","meta":{"footnotes":""},"categories":[7],"tags":[1513,1721,1729,1733,1713,133,2120,1714,1723,1715,2118,2119,1726,1724,2117,1727,1728,1720,1725,70,1716,464,53],"class_list":["post-3473","post","type-post","status-publish","format-standard","has-post-thumbnail","hentry","category-publications","tag-aquitaine","tag-aquitania-de-cruseau","tag-bordeaux","tag-boyd-mark-alexander","tag-breton-robert","tag-george-buchanan","tag-charles-x","tag-college-de-guyenne","tag-cruseau-etienne-de","tag-dorat-jean","tag-du-bois-simeon","tag-ecosse","tag-epigrammata-monier","tag-gallia-gemens","tag-maledent-jean","tag-malvyn-geoffroy-de","tag-marcis-maurice-de","tag-memoriale-burdegalense-ad-annales-fratrum-praedicatorum","tag-monier-martial","tag-ovide","tag-patisson-mamert","tag-scaliger-joseph-juste","tag-jules-cesar-scaliger"],"yoast_head":"<!-- This site is optimized with the Yoast SEO plugin v27.5 - https:\/\/yoast.com\/product\/yoast-seo-wordpress\/ -->\n<title>Parution d&#039;un num\u00e9ro de Camenae sur les Aquitaines latines<\/title>\n<meta name=\"description\" content=\"Le n\u00b030 de Camenae, intitul\u00e9 Aquitaniae Latinae, Aquitaines latines,\u00a0contient des articles de nombreux membres de la SEMEN-L\" \/>\n<meta name=\"robots\" content=\"index, follow, max-snippet:-1, max-image-preview:large, max-video-preview:-1\" \/>\n<link rel=\"canonical\" href=\"https:\/\/www.semen-l.org\/?p=3473\" \/>\n<meta property=\"og:locale\" content=\"fr_FR\" \/>\n<meta property=\"og:type\" content=\"article\" \/>\n<meta property=\"og:title\" content=\"Parution d&#039;un num\u00e9ro de Camenae sur les Aquitaines latines\" \/>\n<meta property=\"og:description\" content=\"Le n\u00b030 de Camenae, intitul\u00e9 Aquitaniae Latinae, Aquitaines latines,\u00a0contient des articles de nombreux membres de la SEMEN-L\" \/>\n<meta property=\"og:url\" content=\"https:\/\/www.semen-l.org\/?p=3473\" \/>\n<meta property=\"og:site_name\" content=\"Soci\u00e9t\u00e9 d&#039;\u00c9tudes M\u00e9dio Et N\u00e9o-Latines\" \/>\n<meta property=\"article:publisher\" content=\"https:\/\/www.facebook.com\/SEMENL2018\" \/>\n<meta property=\"article:published_time\" content=\"2024-05-26T12:26:19+00:00\" \/>\n<meta property=\"article:modified_time\" content=\"2025-01-02T23:29:39+00:00\" \/>\n<meta property=\"og:image\" content=\"https:\/\/www.semen-l.org\/wp-content\/uploads\/2024\/05\/aquitaniae-latinae-image-80.jpg\" \/>\n\t<meta property=\"og:image:width\" content=\"650\" \/>\n\t<meta property=\"og:image:height\" content=\"650\" \/>\n\t<meta property=\"og:image:type\" content=\"image\/jpeg\" \/>\n<meta name=\"author\" content=\"Julien Maudoux\" \/>\n<meta name=\"twitter:card\" content=\"summary_large_image\" \/>\n<meta name=\"twitter:label1\" content=\"\u00c9crit par\" \/>\n\t<meta name=\"twitter:data1\" content=\"Julien Maudoux\" \/>\n\t<meta name=\"twitter:label2\" content=\"Dur\u00e9e de lecture estim\u00e9e\" \/>\n\t<meta name=\"twitter:data2\" content=\"2 minutes\" \/>\n<script type=\"application\/ld+json\" class=\"yoast-schema-graph\">{\"@context\":\"https:\\\/\\\/schema.org\",\"@graph\":[{\"@type\":\"Article\",\"@id\":\"https:\\\/\\\/www.semen-l.org\\\/?p=3473#article\",\"isPartOf\":{\"@id\":\"https:\\\/\\\/www.semen-l.org\\\/?p=3473\"},\"author\":{\"name\":\"Julien Maudoux\",\"@id\":\"http:\\\/\\\/www.semen-l.org\\\/#\\\/schema\\\/person\\\/ef5208815f17666727763c5363a51344\"},\"headline\":\"Aquitaniae Latinae, Aquitaines latines &#8211; Camenae n\u00b030 \u2013 mars 2024\",\"datePublished\":\"2024-05-26T12:26:19+00:00\",\"dateModified\":\"2025-01-02T23:29:39+00:00\",\"mainEntityOfPage\":{\"@id\":\"https:\\\/\\\/www.semen-l.org\\\/?p=3473\"},\"wordCount\":291,\"commentCount\":0,\"publisher\":{\"@id\":\"http:\\\/\\\/www.semen-l.org\\\/#organization\"},\"image\":{\"@id\":\"https:\\\/\\\/www.semen-l.org\\\/?p=3473#primaryimage\"},\"thumbnailUrl\":\"https:\\\/\\\/www.semen-l.org\\\/wp-content\\\/uploads\\\/2024\\\/05\\\/aquitaniae-latinae-image-80.jpg\",\"keywords\":[\"Aquitaine\",\"Aquitania (de Cruseau)\",\"Bordeaux\",\"Boyd (Mark Alexander)\",\"Breton (Robert)\",\"Buchanan (George)\",\"Charles X\",\"Coll\u00e8ge de Guyenne\",\"Cruseau (\u00c9tienne de)\",\"Dorat (Jean)\",\"Du Bois (Sim\u00e9on)\",\"\u00c9cosse\",\"Epigrammata (Monier)\",\"Gallia gemens\",\"Maledent (Jean)\",\"Malvyn (Geoffroy de)\",\"Marcis (Maurice de)\",\"Memoriale burdegalense ad annales fratrum praedicatorum\",\"Monier (Martial)\",\"Ovide\",\"Patisson (Mamert)\",\"Scaliger (Joseph Juste)\",\"Scaliger (Jules-C\u00e9sar)\"],\"articleSection\":[\"Publications\"],\"inLanguage\":\"fr-FR\",\"potentialAction\":[{\"@type\":\"CommentAction\",\"name\":\"Comment\",\"target\":[\"https:\\\/\\\/www.semen-l.org\\\/?p=3473#respond\"]}]},{\"@type\":\"WebPage\",\"@id\":\"https:\\\/\\\/www.semen-l.org\\\/?p=3473\",\"url\":\"https:\\\/\\\/www.semen-l.org\\\/?p=3473\",\"name\":\"Parution d'un num\u00e9ro de Camenae sur les Aquitaines latines\",\"isPartOf\":{\"@id\":\"http:\\\/\\\/www.semen-l.org\\\/#website\"},\"primaryImageOfPage\":{\"@id\":\"https:\\\/\\\/www.semen-l.org\\\/?p=3473#primaryimage\"},\"image\":{\"@id\":\"https:\\\/\\\/www.semen-l.org\\\/?p=3473#primaryimage\"},\"thumbnailUrl\":\"https:\\\/\\\/www.semen-l.org\\\/wp-content\\\/uploads\\\/2024\\\/05\\\/aquitaniae-latinae-image-80.jpg\",\"datePublished\":\"2024-05-26T12:26:19+00:00\",\"dateModified\":\"2025-01-02T23:29:39+00:00\",\"description\":\"Le n\u00b030 de Camenae, intitul\u00e9 Aquitaniae Latinae, Aquitaines latines,\u00a0contient des articles de nombreux membres de la SEMEN-L\",\"breadcrumb\":{\"@id\":\"https:\\\/\\\/www.semen-l.org\\\/?p=3473#breadcrumb\"},\"inLanguage\":\"fr-FR\",\"potentialAction\":[{\"@type\":\"ReadAction\",\"target\":[\"https:\\\/\\\/www.semen-l.org\\\/?p=3473\"]}]},{\"@type\":\"ImageObject\",\"inLanguage\":\"fr-FR\",\"@id\":\"https:\\\/\\\/www.semen-l.org\\\/?p=3473#primaryimage\",\"url\":\"https:\\\/\\\/www.semen-l.org\\\/wp-content\\\/uploads\\\/2024\\\/05\\\/aquitaniae-latinae-image-80.jpg\",\"contentUrl\":\"https:\\\/\\\/www.semen-l.org\\\/wp-content\\\/uploads\\\/2024\\\/05\\\/aquitaniae-latinae-image-80.jpg\",\"width\":650,\"height\":650},{\"@type\":\"BreadcrumbList\",\"@id\":\"https:\\\/\\\/www.semen-l.org\\\/?p=3473#breadcrumb\",\"itemListElement\":[{\"@type\":\"ListItem\",\"position\":1,\"name\":\"Accueil\",\"item\":\"http:\\\/\\\/www.semen-l.org\\\/\"},{\"@type\":\"ListItem\",\"position\":2,\"name\":\"Aquitaniae Latinae, Aquitaines latines &#8211; Camenae n\u00b030 \u2013 mars 2024\"}]},{\"@type\":\"WebSite\",\"@id\":\"http:\\\/\\\/www.semen-l.org\\\/#website\",\"url\":\"http:\\\/\\\/www.semen-l.org\\\/\",\"name\":\"Soci\u00e9t\u00e9 d'\u00c9tudes M\u00e9dio Et N\u00e9o-Latines\",\"description\":\"\",\"publisher\":{\"@id\":\"http:\\\/\\\/www.semen-l.org\\\/#organization\"},\"potentialAction\":[{\"@type\":\"SearchAction\",\"target\":{\"@type\":\"EntryPoint\",\"urlTemplate\":\"http:\\\/\\\/www.semen-l.org\\\/?s={search_term_string}\"},\"query-input\":{\"@type\":\"PropertyValueSpecification\",\"valueRequired\":true,\"valueName\":\"search_term_string\"}}],\"inLanguage\":\"fr-FR\"},{\"@type\":\"Organization\",\"@id\":\"http:\\\/\\\/www.semen-l.org\\\/#organization\",\"name\":\"Soci\u00e9t\u00e9 d'\u00e9tudes m\u00e9dio et n\u00e9o-latines\",\"url\":\"http:\\\/\\\/www.semen-l.org\\\/\",\"logo\":{\"@type\":\"ImageObject\",\"inLanguage\":\"fr-FR\",\"@id\":\"http:\\\/\\\/www.semen-l.org\\\/#\\\/schema\\\/logo\\\/image\\\/\",\"url\":\"http:\\\/\\\/www.semen-l.org\\\/wp-content\\\/uploads\\\/2020\\\/11\\\/logo-semenl.jpg\",\"contentUrl\":\"http:\\\/\\\/www.semen-l.org\\\/wp-content\\\/uploads\\\/2020\\\/11\\\/logo-semenl.jpg\",\"width\":408,\"height\":403,\"caption\":\"Soci\u00e9t\u00e9 d'\u00e9tudes m\u00e9dio et n\u00e9o-latines\"},\"image\":{\"@id\":\"http:\\\/\\\/www.semen-l.org\\\/#\\\/schema\\\/logo\\\/image\\\/\"},\"sameAs\":[\"https:\\\/\\\/www.facebook.com\\\/SEMENL2018\",\"https:\\\/\\\/independent.academia.edu\\\/SocitsdtudesmdioetnolatinesSEMENL\"]},{\"@type\":\"Person\",\"@id\":\"http:\\\/\\\/www.semen-l.org\\\/#\\\/schema\\\/person\\\/ef5208815f17666727763c5363a51344\",\"name\":\"Julien Maudoux\",\"image\":{\"@type\":\"ImageObject\",\"inLanguage\":\"fr-FR\",\"@id\":\"https:\\\/\\\/secure.gravatar.com\\\/avatar\\\/caabf4fb6242e2277733cd35a5c2aa083761ea25dae1d1ff3298b54292225292?s=96&d=mm&r=g\",\"url\":\"https:\\\/\\\/secure.gravatar.com\\\/avatar\\\/caabf4fb6242e2277733cd35a5c2aa083761ea25dae1d1ff3298b54292225292?s=96&d=mm&r=g\",\"contentUrl\":\"https:\\\/\\\/secure.gravatar.com\\\/avatar\\\/caabf4fb6242e2277733cd35a5c2aa083761ea25dae1d1ff3298b54292225292?s=96&d=mm&r=g\",\"caption\":\"Julien Maudoux\"},\"description\":\"Webmestre du site de la SEMEN-L\",\"url\":\"https:\\\/\\\/www.semen-l.org\\\/?author=26\"}]}<\/script>\n<!-- \/ Yoast SEO plugin. -->","yoast_head_json":{"title":"Parution d'un num\u00e9ro de Camenae sur les Aquitaines latines","description":"Le n\u00b030 de Camenae, intitul\u00e9 Aquitaniae Latinae, Aquitaines latines,\u00a0contient des articles de nombreux membres de la SEMEN-L","robots":{"index":"index","follow":"follow","max-snippet":"max-snippet:-1","max-image-preview":"max-image-preview:large","max-video-preview":"max-video-preview:-1"},"canonical":"https:\/\/www.semen-l.org\/?p=3473","og_locale":"fr_FR","og_type":"article","og_title":"Parution d'un num\u00e9ro de Camenae sur les Aquitaines latines","og_description":"Le n\u00b030 de Camenae, intitul\u00e9 Aquitaniae Latinae, Aquitaines latines,\u00a0contient des articles de nombreux membres de la SEMEN-L","og_url":"https:\/\/www.semen-l.org\/?p=3473","og_site_name":"Soci\u00e9t\u00e9 d&#039;\u00c9tudes M\u00e9dio Et N\u00e9o-Latines","article_publisher":"https:\/\/www.facebook.com\/SEMENL2018","article_published_time":"2024-05-26T12:26:19+00:00","article_modified_time":"2025-01-02T23:29:39+00:00","og_image":[{"width":650,"height":650,"url":"https:\/\/www.semen-l.org\/wp-content\/uploads\/2024\/05\/aquitaniae-latinae-image-80.jpg","type":"image\/jpeg"}],"author":"Julien Maudoux","twitter_card":"summary_large_image","twitter_misc":{"\u00c9crit par":"Julien Maudoux","Dur\u00e9e de lecture estim\u00e9e":"2 minutes"},"schema":{"@context":"https:\/\/schema.org","@graph":[{"@type":"Article","@id":"https:\/\/www.semen-l.org\/?p=3473#article","isPartOf":{"@id":"https:\/\/www.semen-l.org\/?p=3473"},"author":{"name":"Julien Maudoux","@id":"http:\/\/www.semen-l.org\/#\/schema\/person\/ef5208815f17666727763c5363a51344"},"headline":"Aquitaniae Latinae, Aquitaines latines &#8211; Camenae n\u00b030 \u2013 mars 2024","datePublished":"2024-05-26T12:26:19+00:00","dateModified":"2025-01-02T23:29:39+00:00","mainEntityOfPage":{"@id":"https:\/\/www.semen-l.org\/?p=3473"},"wordCount":291,"commentCount":0,"publisher":{"@id":"http:\/\/www.semen-l.org\/#organization"},"image":{"@id":"https:\/\/www.semen-l.org\/?p=3473#primaryimage"},"thumbnailUrl":"https:\/\/www.semen-l.org\/wp-content\/uploads\/2024\/05\/aquitaniae-latinae-image-80.jpg","keywords":["Aquitaine","Aquitania (de Cruseau)","Bordeaux","Boyd (Mark Alexander)","Breton (Robert)","Buchanan (George)","Charles X","Coll\u00e8ge de Guyenne","Cruseau (\u00c9tienne de)","Dorat (Jean)","Du Bois (Sim\u00e9on)","\u00c9cosse","Epigrammata (Monier)","Gallia gemens","Maledent (Jean)","Malvyn (Geoffroy de)","Marcis (Maurice de)","Memoriale burdegalense ad annales fratrum praedicatorum","Monier (Martial)","Ovide","Patisson (Mamert)","Scaliger (Joseph Juste)","Scaliger (Jules-C\u00e9sar)"],"articleSection":["Publications"],"inLanguage":"fr-FR","potentialAction":[{"@type":"CommentAction","name":"Comment","target":["https:\/\/www.semen-l.org\/?p=3473#respond"]}]},{"@type":"WebPage","@id":"https:\/\/www.semen-l.org\/?p=3473","url":"https:\/\/www.semen-l.org\/?p=3473","name":"Parution d'un num\u00e9ro de Camenae sur les Aquitaines latines","isPartOf":{"@id":"http:\/\/www.semen-l.org\/#website"},"primaryImageOfPage":{"@id":"https:\/\/www.semen-l.org\/?p=3473#primaryimage"},"image":{"@id":"https:\/\/www.semen-l.org\/?p=3473#primaryimage"},"thumbnailUrl":"https:\/\/www.semen-l.org\/wp-content\/uploads\/2024\/05\/aquitaniae-latinae-image-80.jpg","datePublished":"2024-05-26T12:26:19+00:00","dateModified":"2025-01-02T23:29:39+00:00","description":"Le n\u00b030 de Camenae, intitul\u00e9 Aquitaniae Latinae, Aquitaines latines,\u00a0contient des articles de nombreux membres de la SEMEN-L","breadcrumb":{"@id":"https:\/\/www.semen-l.org\/?p=3473#breadcrumb"},"inLanguage":"fr-FR","potentialAction":[{"@type":"ReadAction","target":["https:\/\/www.semen-l.org\/?p=3473"]}]},{"@type":"ImageObject","inLanguage":"fr-FR","@id":"https:\/\/www.semen-l.org\/?p=3473#primaryimage","url":"https:\/\/www.semen-l.org\/wp-content\/uploads\/2024\/05\/aquitaniae-latinae-image-80.jpg","contentUrl":"https:\/\/www.semen-l.org\/wp-content\/uploads\/2024\/05\/aquitaniae-latinae-image-80.jpg","width":650,"height":650},{"@type":"BreadcrumbList","@id":"https:\/\/www.semen-l.org\/?p=3473#breadcrumb","itemListElement":[{"@type":"ListItem","position":1,"name":"Accueil","item":"http:\/\/www.semen-l.org\/"},{"@type":"ListItem","position":2,"name":"Aquitaniae Latinae, Aquitaines latines &#8211; Camenae n\u00b030 \u2013 mars 2024"}]},{"@type":"WebSite","@id":"http:\/\/www.semen-l.org\/#website","url":"http:\/\/www.semen-l.org\/","name":"Soci\u00e9t\u00e9 d'\u00c9tudes M\u00e9dio Et N\u00e9o-Latines","description":"","publisher":{"@id":"http:\/\/www.semen-l.org\/#organization"},"potentialAction":[{"@type":"SearchAction","target":{"@type":"EntryPoint","urlTemplate":"http:\/\/www.semen-l.org\/?s={search_term_string}"},"query-input":{"@type":"PropertyValueSpecification","valueRequired":true,"valueName":"search_term_string"}}],"inLanguage":"fr-FR"},{"@type":"Organization","@id":"http:\/\/www.semen-l.org\/#organization","name":"Soci\u00e9t\u00e9 d'\u00e9tudes m\u00e9dio et n\u00e9o-latines","url":"http:\/\/www.semen-l.org\/","logo":{"@type":"ImageObject","inLanguage":"fr-FR","@id":"http:\/\/www.semen-l.org\/#\/schema\/logo\/image\/","url":"http:\/\/www.semen-l.org\/wp-content\/uploads\/2020\/11\/logo-semenl.jpg","contentUrl":"http:\/\/www.semen-l.org\/wp-content\/uploads\/2020\/11\/logo-semenl.jpg","width":408,"height":403,"caption":"Soci\u00e9t\u00e9 d'\u00e9tudes m\u00e9dio et n\u00e9o-latines"},"image":{"@id":"http:\/\/www.semen-l.org\/#\/schema\/logo\/image\/"},"sameAs":["https:\/\/www.facebook.com\/SEMENL2018","https:\/\/independent.academia.edu\/SocitsdtudesmdioetnolatinesSEMENL"]},{"@type":"Person","@id":"http:\/\/www.semen-l.org\/#\/schema\/person\/ef5208815f17666727763c5363a51344","name":"Julien Maudoux","image":{"@type":"ImageObject","inLanguage":"fr-FR","@id":"https:\/\/secure.gravatar.com\/avatar\/caabf4fb6242e2277733cd35a5c2aa083761ea25dae1d1ff3298b54292225292?s=96&d=mm&r=g","url":"https:\/\/secure.gravatar.com\/avatar\/caabf4fb6242e2277733cd35a5c2aa083761ea25dae1d1ff3298b54292225292?s=96&d=mm&r=g","contentUrl":"https:\/\/secure.gravatar.com\/avatar\/caabf4fb6242e2277733cd35a5c2aa083761ea25dae1d1ff3298b54292225292?s=96&d=mm&r=g","caption":"Julien Maudoux"},"description":"Webmestre du site de la SEMEN-L","url":"https:\/\/www.semen-l.org\/?author=26"}]}},"jetpack_featured_media_url":"https:\/\/www.semen-l.org\/wp-content\/uploads\/2024\/05\/aquitaniae-latinae-image-80.jpg","_links":{"self":[{"href":"https:\/\/www.semen-l.org\/index.php?rest_route=\/wp\/v2\/posts\/3473","targetHints":{"allow":["GET"]}}],"collection":[{"href":"https:\/\/www.semen-l.org\/index.php?rest_route=\/wp\/v2\/posts"}],"about":[{"href":"https:\/\/www.semen-l.org\/index.php?rest_route=\/wp\/v2\/types\/post"}],"author":[{"embeddable":true,"href":"https:\/\/www.semen-l.org\/index.php?rest_route=\/wp\/v2\/users\/26"}],"replies":[{"embeddable":true,"href":"https:\/\/www.semen-l.org\/index.php?rest_route=%2Fwp%2Fv2%2Fcomments&post=3473"}],"version-history":[{"count":0,"href":"https:\/\/www.semen-l.org\/index.php?rest_route=\/wp\/v2\/posts\/3473\/revisions"}],"wp:featuredmedia":[{"embeddable":true,"href":"https:\/\/www.semen-l.org\/index.php?rest_route=\/wp\/v2\/media\/3474"}],"wp:attachment":[{"href":"https:\/\/www.semen-l.org\/index.php?rest_route=%2Fwp%2Fv2%2Fmedia&parent=3473"}],"wp:term":[{"taxonomy":"category","embeddable":true,"href":"https:\/\/www.semen-l.org\/index.php?rest_route=%2Fwp%2Fv2%2Fcategories&post=3473"},{"taxonomy":"post_tag","embeddable":true,"href":"https:\/\/www.semen-l.org\/index.php?rest_route=%2Fwp%2Fv2%2Ftags&post=3473"}],"curies":[{"name":"wp","href":"https:\/\/api.w.org\/{rel}","templated":true}]}}