{"id":3432,"date":"2010-09-22T23:30:33","date_gmt":"2010-09-22T23:30:33","guid":{"rendered":"https:\/\/www.semen-l.org\/?p=3432"},"modified":"2024-02-22T23:34:05","modified_gmt":"2024-02-22T23:34:05","slug":"jean-flori-chroniqueurs-et-propagandistes-introduction-critique-aux-sources-de-la-premiere-croisade-geneve-droz-2010","status":"publish","type":"post","link":"https:\/\/www.semen-l.org\/?p=3432","title":{"rendered":"Jean Flori, Chroniqueurs et propagandistes. Introduction critique aux sources de la premi\u00e8re croisade, Gen\u00e8ve, Droz, 2010"},"content":{"rendered":"<p><strong>Jean Flori, <em>Chroniqueurs et propagandistes. Introduction critique aux sources de <\/em><\/strong><strong><em>la<\/em><\/strong> <strong><em>premi\u00e8re<\/em><\/strong> <strong><em>croisade<\/em><\/strong><strong>,<\/strong> <strong>Gen\u00e8ve, Droz, 2010.<img fetchpriority=\"high\" decoding=\"async\" class=\"alignright size-medium wp-image-3433\" src=\"http:\/\/www.semen-l.org\/wp-content\/uploads\/2024\/02\/jeanflorichroniqueurs-couv-194x300.jpg\" alt=\"\" width=\"194\" height=\"300\" srcset=\"https:\/\/www.semen-l.org\/wp-content\/uploads\/2024\/02\/jeanflorichroniqueurs-couv-194x300.jpg 194w, https:\/\/www.semen-l.org\/wp-content\/uploads\/2024\/02\/jeanflorichroniqueurs-couv-129x200.jpg 129w, https:\/\/www.semen-l.org\/wp-content\/uploads\/2024\/02\/jeanflorichroniqueurs-couv.jpg 323w\" sizes=\"(max-width: 194px) 100vw, 194px\" \/><\/strong><\/p>\n<p>La premi\u00e8re croisade (1095-1099) fut sans aucun doute l\u2019un des faits majeurs du Moyen Age. Elle ouvrit une nouvelle \u00e8re dans les relations entre la chr\u00e9tient\u00e9 occidentale et le Proche-Orient musulman et chr\u00e9tien. Aucun \u00e9v\u00e9nement n\u2019a donn\u00e9 lieu a autant de r\u00e9cits, en particulier les chroniques \u00e9tudi\u00e9es ici, qui constituent la source principale de ce que nous savons du d\u00e9roulement de la premi\u00e8re croisade, de ses origines et de ses intentions. Or, ces chroniqueurs n\u2019\u00e9taient pas neutres. Tous furent des t\u00e9moins ou des \u00ab spectateurs engag\u00e9s \u00bb. Ils avaient leurs propres pr\u00e9occupations et leur propre id\u00e9ologie, que r\u00e9v\u00e8lent l\u2019analyse quantitative de leur vocabulaire et l\u2019\u00e9tude qualitative de leurs th\u00e8mes de pr\u00e9dilection. Ce sont dans une large mesure des \u0153uvres de propagande qui interpr\u00e8tent \u00e0 leur mani\u00e8re les faits que chaque chroniqueur choisit de relater. L\u2019\u00e9tude de Jean Flori est le fruit d\u2019un quart de si\u00e8cle de recherche consacr\u00e9 \u00e0 ces sources. Il remet en cause la datation jusqu\u2019ici admise de ces chroniques, leurs relations d\u2019interd\u00e9pendance et la hi\u00e9rarchie de leur fiabilit\u00e9 relative. Cette v\u00e9ritable r\u00e9volution historiographique rend possible et m\u00eame n\u00e9cessaire une nouvelle approche du ph\u00e9nom\u00e8ne de la croisade (notice du site des \u00e9ditions Droz).<\/p>\n<p>Cette recension est extraite du <a href=\"https:\/\/www.semen-l.org\/?p=1765\">Bulletin n\u00b06 de septembre 2010 (p. 13)<\/a>.<\/p>\n","protected":false},"excerpt":{"rendered":"<p>Jean Flori, Chroniqueurs et propagandistes. Introduction critique aux sources de la premi\u00e8re croisade, Gen\u00e8ve, Droz, 2010. La premi\u00e8re croisade (1095-1099) fut sans aucun doute l\u2019un des faits majeurs du Moyen Age. Elle ouvrit une nouvelle \u00e8re dans les relations entre &hellip; <a href=\"https:\/\/www.semen-l.org\/?p=3432\">Continuer la lecture <span class=\"meta-nav\">&rarr;<\/span><\/a><\/p>\n","protected":false},"author":26,"featured_media":3433,"comment_status":"open","ping_status":"open","sticky":false,"template":"","format":"standard","meta":{"footnotes":""},"categories":[1825],"tags":[1449,2112,1187,1842,1189,1530],"class_list":["post-3432","post","type-post","status-publish","format-standard","has-post-thumbnail","hentry","category-recensions","tag-christianisme","tag-croisades","tag-histoire","tag-historiographie","tag-islam","tag-propagande"],"yoast_head":"<!-- This site is optimized with the Yoast SEO plugin v27.5 - https:\/\/yoast.com\/product\/yoast-seo-wordpress\/ -->\n<title>Jean Flori, Chroniqueurs et propagandistes. Recension<\/title>\n<meta name=\"description\" content=\"Jean Flori, Chroniqueurs et propagandistes. Introduction critique aux sources de la premi\u00e8re croisade, Gen\u00e8ve, Droz, 2010. Recension.\" \/>\n<meta name=\"robots\" content=\"index, follow, max-snippet:-1, max-image-preview:large, max-video-preview:-1\" \/>\n<link rel=\"canonical\" href=\"https:\/\/www.semen-l.org\/?p=3432\" \/>\n<meta property=\"og:locale\" content=\"fr_FR\" \/>\n<meta property=\"og:type\" content=\"article\" \/>\n<meta property=\"og:title\" content=\"Jean Flori, Chroniqueurs et propagandistes. Recension\" \/>\n<meta property=\"og:description\" content=\"Jean Flori, Chroniqueurs et propagandistes. Introduction critique aux sources de la premi\u00e8re croisade, Gen\u00e8ve, Droz, 2010. Recension.\" \/>\n<meta property=\"og:url\" content=\"https:\/\/www.semen-l.org\/?p=3432\" \/>\n<meta property=\"og:site_name\" content=\"Soci\u00e9t\u00e9 d&#039;\u00c9tudes M\u00e9dio Et N\u00e9o-Latines\" \/>\n<meta property=\"article:publisher\" content=\"https:\/\/www.facebook.com\/SEMENL2018\" \/>\n<meta property=\"article:published_time\" content=\"2010-09-22T23:30:33+00:00\" \/>\n<meta property=\"article:modified_time\" content=\"2024-02-22T23:34:05+00:00\" \/>\n<meta property=\"og:image\" content=\"https:\/\/www.semen-l.org\/wp-content\/uploads\/2024\/02\/jeanflorichroniqueurs-couv.jpg\" \/>\n\t<meta property=\"og:image:width\" content=\"323\" \/>\n\t<meta property=\"og:image:height\" content=\"500\" \/>\n\t<meta property=\"og:image:type\" content=\"image\/jpeg\" \/>\n<meta name=\"author\" content=\"Julien Maudoux\" \/>\n<meta name=\"twitter:card\" content=\"summary_large_image\" \/>\n<meta name=\"twitter:label1\" content=\"\u00c9crit par\" \/>\n\t<meta name=\"twitter:data1\" content=\"Julien Maudoux\" \/>\n\t<meta name=\"twitter:label2\" content=\"Dur\u00e9e de lecture estim\u00e9e\" \/>\n\t<meta name=\"twitter:data2\" content=\"2 minutes\" \/>\n<script type=\"application\/ld+json\" class=\"yoast-schema-graph\">{\"@context\":\"https:\\\/\\\/schema.org\",\"@graph\":[{\"@type\":\"Article\",\"@id\":\"https:\\\/\\\/www.semen-l.org\\\/?p=3432#article\",\"isPartOf\":{\"@id\":\"https:\\\/\\\/www.semen-l.org\\\/?p=3432\"},\"author\":{\"name\":\"Julien Maudoux\",\"@id\":\"http:\\\/\\\/www.semen-l.org\\\/#\\\/schema\\\/person\\\/ef5208815f17666727763c5363a51344\"},\"headline\":\"Jean Flori, Chroniqueurs et propagandistes. Introduction critique aux sources de la premi\u00e8re croisade, Gen\u00e8ve, Droz, 2010\",\"datePublished\":\"2010-09-22T23:30:33+00:00\",\"dateModified\":\"2024-02-22T23:34:05+00:00\",\"mainEntityOfPage\":{\"@id\":\"https:\\\/\\\/www.semen-l.org\\\/?p=3432\"},\"wordCount\":271,\"commentCount\":0,\"publisher\":{\"@id\":\"http:\\\/\\\/www.semen-l.org\\\/#organization\"},\"image\":{\"@id\":\"https:\\\/\\\/www.semen-l.org\\\/?p=3432#primaryimage\"},\"thumbnailUrl\":\"https:\\\/\\\/www.semen-l.org\\\/wp-content\\\/uploads\\\/2024\\\/02\\\/jeanflorichroniqueurs-couv.jpg\",\"keywords\":[\"christianisme\",\"croisades\",\"histoire\",\"historiographie\",\"islam\",\"propagande\"],\"articleSection\":[\"Recensions\"],\"inLanguage\":\"fr-FR\",\"potentialAction\":[{\"@type\":\"CommentAction\",\"name\":\"Comment\",\"target\":[\"https:\\\/\\\/www.semen-l.org\\\/?p=3432#respond\"]}]},{\"@type\":\"WebPage\",\"@id\":\"https:\\\/\\\/www.semen-l.org\\\/?p=3432\",\"url\":\"https:\\\/\\\/www.semen-l.org\\\/?p=3432\",\"name\":\"Jean Flori, Chroniqueurs et propagandistes. Recension\",\"isPartOf\":{\"@id\":\"http:\\\/\\\/www.semen-l.org\\\/#website\"},\"primaryImageOfPage\":{\"@id\":\"https:\\\/\\\/www.semen-l.org\\\/?p=3432#primaryimage\"},\"image\":{\"@id\":\"https:\\\/\\\/www.semen-l.org\\\/?p=3432#primaryimage\"},\"thumbnailUrl\":\"https:\\\/\\\/www.semen-l.org\\\/wp-content\\\/uploads\\\/2024\\\/02\\\/jeanflorichroniqueurs-couv.jpg\",\"datePublished\":\"2010-09-22T23:30:33+00:00\",\"dateModified\":\"2024-02-22T23:34:05+00:00\",\"description\":\"Jean Flori, Chroniqueurs et propagandistes. Introduction critique aux sources de la premi\u00e8re croisade, Gen\u00e8ve, Droz, 2010. Recension.\",\"breadcrumb\":{\"@id\":\"https:\\\/\\\/www.semen-l.org\\\/?p=3432#breadcrumb\"},\"inLanguage\":\"fr-FR\",\"potentialAction\":[{\"@type\":\"ReadAction\",\"target\":[\"https:\\\/\\\/www.semen-l.org\\\/?p=3432\"]}]},{\"@type\":\"ImageObject\",\"inLanguage\":\"fr-FR\",\"@id\":\"https:\\\/\\\/www.semen-l.org\\\/?p=3432#primaryimage\",\"url\":\"https:\\\/\\\/www.semen-l.org\\\/wp-content\\\/uploads\\\/2024\\\/02\\\/jeanflorichroniqueurs-couv.jpg\",\"contentUrl\":\"https:\\\/\\\/www.semen-l.org\\\/wp-content\\\/uploads\\\/2024\\\/02\\\/jeanflorichroniqueurs-couv.jpg\",\"width\":323,\"height\":500},{\"@type\":\"BreadcrumbList\",\"@id\":\"https:\\\/\\\/www.semen-l.org\\\/?p=3432#breadcrumb\",\"itemListElement\":[{\"@type\":\"ListItem\",\"position\":1,\"name\":\"Accueil\",\"item\":\"http:\\\/\\\/www.semen-l.org\\\/\"},{\"@type\":\"ListItem\",\"position\":2,\"name\":\"Jean Flori, Chroniqueurs et propagandistes. Introduction critique aux sources de la premi\u00e8re croisade, Gen\u00e8ve, Droz, 2010\"}]},{\"@type\":\"WebSite\",\"@id\":\"http:\\\/\\\/www.semen-l.org\\\/#website\",\"url\":\"http:\\\/\\\/www.semen-l.org\\\/\",\"name\":\"Soci\u00e9t\u00e9 d'\u00c9tudes M\u00e9dio Et N\u00e9o-Latines\",\"description\":\"\",\"publisher\":{\"@id\":\"http:\\\/\\\/www.semen-l.org\\\/#organization\"},\"potentialAction\":[{\"@type\":\"SearchAction\",\"target\":{\"@type\":\"EntryPoint\",\"urlTemplate\":\"http:\\\/\\\/www.semen-l.org\\\/?s={search_term_string}\"},\"query-input\":{\"@type\":\"PropertyValueSpecification\",\"valueRequired\":true,\"valueName\":\"search_term_string\"}}],\"inLanguage\":\"fr-FR\"},{\"@type\":\"Organization\",\"@id\":\"http:\\\/\\\/www.semen-l.org\\\/#organization\",\"name\":\"Soci\u00e9t\u00e9 d'\u00e9tudes m\u00e9dio et n\u00e9o-latines\",\"url\":\"http:\\\/\\\/www.semen-l.org\\\/\",\"logo\":{\"@type\":\"ImageObject\",\"inLanguage\":\"fr-FR\",\"@id\":\"http:\\\/\\\/www.semen-l.org\\\/#\\\/schema\\\/logo\\\/image\\\/\",\"url\":\"http:\\\/\\\/www.semen-l.org\\\/wp-content\\\/uploads\\\/2020\\\/11\\\/logo-semenl.jpg\",\"contentUrl\":\"http:\\\/\\\/www.semen-l.org\\\/wp-content\\\/uploads\\\/2020\\\/11\\\/logo-semenl.jpg\",\"width\":408,\"height\":403,\"caption\":\"Soci\u00e9t\u00e9 d'\u00e9tudes m\u00e9dio et n\u00e9o-latines\"},\"image\":{\"@id\":\"http:\\\/\\\/www.semen-l.org\\\/#\\\/schema\\\/logo\\\/image\\\/\"},\"sameAs\":[\"https:\\\/\\\/www.facebook.com\\\/SEMENL2018\",\"https:\\\/\\\/independent.academia.edu\\\/SocitsdtudesmdioetnolatinesSEMENL\"]},{\"@type\":\"Person\",\"@id\":\"http:\\\/\\\/www.semen-l.org\\\/#\\\/schema\\\/person\\\/ef5208815f17666727763c5363a51344\",\"name\":\"Julien Maudoux\",\"image\":{\"@type\":\"ImageObject\",\"inLanguage\":\"fr-FR\",\"@id\":\"https:\\\/\\\/secure.gravatar.com\\\/avatar\\\/caabf4fb6242e2277733cd35a5c2aa083761ea25dae1d1ff3298b54292225292?s=96&d=mm&r=g\",\"url\":\"https:\\\/\\\/secure.gravatar.com\\\/avatar\\\/caabf4fb6242e2277733cd35a5c2aa083761ea25dae1d1ff3298b54292225292?s=96&d=mm&r=g\",\"contentUrl\":\"https:\\\/\\\/secure.gravatar.com\\\/avatar\\\/caabf4fb6242e2277733cd35a5c2aa083761ea25dae1d1ff3298b54292225292?s=96&d=mm&r=g\",\"caption\":\"Julien Maudoux\"},\"description\":\"Webmestre du site de la SEMEN-L\",\"url\":\"https:\\\/\\\/www.semen-l.org\\\/?author=26\"}]}<\/script>\n<!-- \/ Yoast SEO plugin. -->","yoast_head_json":{"title":"Jean Flori, Chroniqueurs et propagandistes. Recension","description":"Jean Flori, Chroniqueurs et propagandistes. Introduction critique aux sources de la premi\u00e8re croisade, Gen\u00e8ve, Droz, 2010. Recension.","robots":{"index":"index","follow":"follow","max-snippet":"max-snippet:-1","max-image-preview":"max-image-preview:large","max-video-preview":"max-video-preview:-1"},"canonical":"https:\/\/www.semen-l.org\/?p=3432","og_locale":"fr_FR","og_type":"article","og_title":"Jean Flori, Chroniqueurs et propagandistes. Recension","og_description":"Jean Flori, Chroniqueurs et propagandistes. Introduction critique aux sources de la premi\u00e8re croisade, Gen\u00e8ve, Droz, 2010. Recension.","og_url":"https:\/\/www.semen-l.org\/?p=3432","og_site_name":"Soci\u00e9t\u00e9 d&#039;\u00c9tudes M\u00e9dio Et N\u00e9o-Latines","article_publisher":"https:\/\/www.facebook.com\/SEMENL2018","article_published_time":"2010-09-22T23:30:33+00:00","article_modified_time":"2024-02-22T23:34:05+00:00","og_image":[{"width":323,"height":500,"url":"https:\/\/www.semen-l.org\/wp-content\/uploads\/2024\/02\/jeanflorichroniqueurs-couv.jpg","type":"image\/jpeg"}],"author":"Julien Maudoux","twitter_card":"summary_large_image","twitter_misc":{"\u00c9crit par":"Julien Maudoux","Dur\u00e9e de lecture estim\u00e9e":"2 minutes"},"schema":{"@context":"https:\/\/schema.org","@graph":[{"@type":"Article","@id":"https:\/\/www.semen-l.org\/?p=3432#article","isPartOf":{"@id":"https:\/\/www.semen-l.org\/?p=3432"},"author":{"name":"Julien Maudoux","@id":"http:\/\/www.semen-l.org\/#\/schema\/person\/ef5208815f17666727763c5363a51344"},"headline":"Jean Flori, Chroniqueurs et propagandistes. Introduction critique aux sources de la premi\u00e8re croisade, Gen\u00e8ve, Droz, 2010","datePublished":"2010-09-22T23:30:33+00:00","dateModified":"2024-02-22T23:34:05+00:00","mainEntityOfPage":{"@id":"https:\/\/www.semen-l.org\/?p=3432"},"wordCount":271,"commentCount":0,"publisher":{"@id":"http:\/\/www.semen-l.org\/#organization"},"image":{"@id":"https:\/\/www.semen-l.org\/?p=3432#primaryimage"},"thumbnailUrl":"https:\/\/www.semen-l.org\/wp-content\/uploads\/2024\/02\/jeanflorichroniqueurs-couv.jpg","keywords":["christianisme","croisades","histoire","historiographie","islam","propagande"],"articleSection":["Recensions"],"inLanguage":"fr-FR","potentialAction":[{"@type":"CommentAction","name":"Comment","target":["https:\/\/www.semen-l.org\/?p=3432#respond"]}]},{"@type":"WebPage","@id":"https:\/\/www.semen-l.org\/?p=3432","url":"https:\/\/www.semen-l.org\/?p=3432","name":"Jean Flori, Chroniqueurs et propagandistes. Recension","isPartOf":{"@id":"http:\/\/www.semen-l.org\/#website"},"primaryImageOfPage":{"@id":"https:\/\/www.semen-l.org\/?p=3432#primaryimage"},"image":{"@id":"https:\/\/www.semen-l.org\/?p=3432#primaryimage"},"thumbnailUrl":"https:\/\/www.semen-l.org\/wp-content\/uploads\/2024\/02\/jeanflorichroniqueurs-couv.jpg","datePublished":"2010-09-22T23:30:33+00:00","dateModified":"2024-02-22T23:34:05+00:00","description":"Jean Flori, Chroniqueurs et propagandistes. Introduction critique aux sources de la premi\u00e8re croisade, Gen\u00e8ve, Droz, 2010. Recension.","breadcrumb":{"@id":"https:\/\/www.semen-l.org\/?p=3432#breadcrumb"},"inLanguage":"fr-FR","potentialAction":[{"@type":"ReadAction","target":["https:\/\/www.semen-l.org\/?p=3432"]}]},{"@type":"ImageObject","inLanguage":"fr-FR","@id":"https:\/\/www.semen-l.org\/?p=3432#primaryimage","url":"https:\/\/www.semen-l.org\/wp-content\/uploads\/2024\/02\/jeanflorichroniqueurs-couv.jpg","contentUrl":"https:\/\/www.semen-l.org\/wp-content\/uploads\/2024\/02\/jeanflorichroniqueurs-couv.jpg","width":323,"height":500},{"@type":"BreadcrumbList","@id":"https:\/\/www.semen-l.org\/?p=3432#breadcrumb","itemListElement":[{"@type":"ListItem","position":1,"name":"Accueil","item":"http:\/\/www.semen-l.org\/"},{"@type":"ListItem","position":2,"name":"Jean Flori, Chroniqueurs et propagandistes. Introduction critique aux sources de la premi\u00e8re croisade, Gen\u00e8ve, Droz, 2010"}]},{"@type":"WebSite","@id":"http:\/\/www.semen-l.org\/#website","url":"http:\/\/www.semen-l.org\/","name":"Soci\u00e9t\u00e9 d'\u00c9tudes M\u00e9dio Et N\u00e9o-Latines","description":"","publisher":{"@id":"http:\/\/www.semen-l.org\/#organization"},"potentialAction":[{"@type":"SearchAction","target":{"@type":"EntryPoint","urlTemplate":"http:\/\/www.semen-l.org\/?s={search_term_string}"},"query-input":{"@type":"PropertyValueSpecification","valueRequired":true,"valueName":"search_term_string"}}],"inLanguage":"fr-FR"},{"@type":"Organization","@id":"http:\/\/www.semen-l.org\/#organization","name":"Soci\u00e9t\u00e9 d'\u00e9tudes m\u00e9dio et n\u00e9o-latines","url":"http:\/\/www.semen-l.org\/","logo":{"@type":"ImageObject","inLanguage":"fr-FR","@id":"http:\/\/www.semen-l.org\/#\/schema\/logo\/image\/","url":"http:\/\/www.semen-l.org\/wp-content\/uploads\/2020\/11\/logo-semenl.jpg","contentUrl":"http:\/\/www.semen-l.org\/wp-content\/uploads\/2020\/11\/logo-semenl.jpg","width":408,"height":403,"caption":"Soci\u00e9t\u00e9 d'\u00e9tudes m\u00e9dio et n\u00e9o-latines"},"image":{"@id":"http:\/\/www.semen-l.org\/#\/schema\/logo\/image\/"},"sameAs":["https:\/\/www.facebook.com\/SEMENL2018","https:\/\/independent.academia.edu\/SocitsdtudesmdioetnolatinesSEMENL"]},{"@type":"Person","@id":"http:\/\/www.semen-l.org\/#\/schema\/person\/ef5208815f17666727763c5363a51344","name":"Julien Maudoux","image":{"@type":"ImageObject","inLanguage":"fr-FR","@id":"https:\/\/secure.gravatar.com\/avatar\/caabf4fb6242e2277733cd35a5c2aa083761ea25dae1d1ff3298b54292225292?s=96&d=mm&r=g","url":"https:\/\/secure.gravatar.com\/avatar\/caabf4fb6242e2277733cd35a5c2aa083761ea25dae1d1ff3298b54292225292?s=96&d=mm&r=g","contentUrl":"https:\/\/secure.gravatar.com\/avatar\/caabf4fb6242e2277733cd35a5c2aa083761ea25dae1d1ff3298b54292225292?s=96&d=mm&r=g","caption":"Julien Maudoux"},"description":"Webmestre du site de la SEMEN-L","url":"https:\/\/www.semen-l.org\/?author=26"}]}},"jetpack_featured_media_url":"https:\/\/www.semen-l.org\/wp-content\/uploads\/2024\/02\/jeanflorichroniqueurs-couv.jpg","_links":{"self":[{"href":"https:\/\/www.semen-l.org\/index.php?rest_route=\/wp\/v2\/posts\/3432","targetHints":{"allow":["GET"]}}],"collection":[{"href":"https:\/\/www.semen-l.org\/index.php?rest_route=\/wp\/v2\/posts"}],"about":[{"href":"https:\/\/www.semen-l.org\/index.php?rest_route=\/wp\/v2\/types\/post"}],"author":[{"embeddable":true,"href":"https:\/\/www.semen-l.org\/index.php?rest_route=\/wp\/v2\/users\/26"}],"replies":[{"embeddable":true,"href":"https:\/\/www.semen-l.org\/index.php?rest_route=%2Fwp%2Fv2%2Fcomments&post=3432"}],"version-history":[{"count":0,"href":"https:\/\/www.semen-l.org\/index.php?rest_route=\/wp\/v2\/posts\/3432\/revisions"}],"wp:featuredmedia":[{"embeddable":true,"href":"https:\/\/www.semen-l.org\/index.php?rest_route=\/wp\/v2\/media\/3433"}],"wp:attachment":[{"href":"https:\/\/www.semen-l.org\/index.php?rest_route=%2Fwp%2Fv2%2Fmedia&parent=3432"}],"wp:term":[{"taxonomy":"category","embeddable":true,"href":"https:\/\/www.semen-l.org\/index.php?rest_route=%2Fwp%2Fv2%2Fcategories&post=3432"},{"taxonomy":"post_tag","embeddable":true,"href":"https:\/\/www.semen-l.org\/index.php?rest_route=%2Fwp%2Fv2%2Ftags&post=3432"}],"curies":[{"name":"wp","href":"https:\/\/api.w.org\/{rel}","templated":true}]}}